{"id":525809,"date":"2024-10-11T11:40:49","date_gmt":"2024-10-11T09:40:49","guid":{"rendered":"https:\/\/dicodusport.fr\/blog\/?p=525809&#038;preview=true&#038;preview_id=525809"},"modified":"2024-10-11T11:56:22","modified_gmt":"2024-10-11T09:56:22","slug":"transferts-cyclisme-cecilie-uttrup-ludwig-signe-chez-canyon-sram","status":"publish","type":"post","link":"https:\/\/dicodusport.fr\/blog\/transferts-cyclisme-cecilie-uttrup-ludwig-signe-chez-canyon-sram\/","title":{"rendered":"Transferts Cyclisme : Cecilie Uttrup Ludwig signe chez Canyon-SRAM"},"content":{"rendered":"<h4 style=\"text-align: justify;\"><em>TRANSFERTS CYCLISME &#8211; Canyon-SRAM a officialis\u00e9 la venue de Cecilie Uttrup Ludwig, en provenance de FDJ-Suez pour deux saisons.<\/em><\/h4>\n<p style=\"text-align: justify;\">Apr\u00e8s cinq saisons au sein de la structure fran\u00e7aise FDJ-Nouvelle Aquitaine puis FDJ-Suez, <strong>Cecilie Uttrup Ludwig<\/strong> (29 ans) change d&rsquo;horizon. Ce jeudi, la Danoise, laur\u00e9ate d&rsquo;\u00e9tape sur le Tour de France 2022, officialisait son d\u00e9part de la formation dirig\u00e9e par <strong>Stephen Delcourt<\/strong>. Sans pr\u00e9ciser sa future \u00e9quipe. Le suspense n&rsquo;aura pas dur\u00e9 plus de 24 heures, car ce vendredi, c&rsquo;est la Canyon-SRAM qui officialise la venue de la coureuse, 8e du Tour d&rsquo;Italie cette saison. Et qui signe un contrat de deux saisons avec sa nouvelle \u00e9quipe.<\/p>\n<p style=\"text-align: justify;\">C&rsquo;est un vrai renfort pour la formation allemande, qui vient de remporter le Tour de France, avec<strong> Katarzyna Niewiadoma<\/strong>. Et le d\u00e9part de <strong>Cecilie Uttrup Ludwig<\/strong> n&rsquo;est pas une surprise, au vu du recrutement de la formation fran\u00e7aise, qui a d\u00e9j\u00e0 officialis\u00e9 <strong><a href=\"https:\/\/dicodusport.fr\/blog\/transferts-cyclisme-la-fdj-suez-frappe-un-gros-coup-en-soffrant-juliette-labous\/\">Juliette Labous<\/a>, \u00c9glantine Rayer <\/strong>ou encore<strong> Ally Wollaston<\/strong>. Et qui pourrait bien s&rsquo;offrir un dernier grand coup avant la tr\u00eave. Le nom de <strong>Demi Vollering<\/strong> \u00e9tant encore insistant, \u00e0 l&rsquo;heure o\u00f9 nous \u00e9crivons ces lignes. Autant dire que l&rsquo;avenir de celle qui a connu deux saisons plus mitig\u00e9es, commen\u00e7ait \u00e0 \u00eatre bouch\u00e9 au sein de la FDJ-Suez. Elle rebondira au sein d&rsquo;une des tr\u00e8s grandes structures du peloton f\u00e9minin mondial. Qui aura pour ambition de d\u00e9fendre sa victoire sur le Tour de France&#8230; Peut-\u00eatre face aux futures ex-co\u00e9quipi\u00e8res de la Danoise.<\/p>\n<blockquote class=\"twitter-tweet\">\n<p dir=\"ltr\" lang=\"en\">Welcome, <a href=\"https:\/\/twitter.com\/CUttrupLudwig?ref_src=twsrc%5Etfw\">@CUttrupLudwig<\/a> \ud83e\udd1d<\/p>\n<p>\u201cI am immensely looking forward to joining CANYON\/\/SRAM Racing for 2025 and onward. I love the team\u2019s aggressive racing style and not being afraid to lose. I am sure I will fit right in with this kind of racing.\u201d<\/p>\n<p>More: <a href=\"https:\/\/t.co\/ddvIjLJyu1\">https:\/\/t.co\/ddvIjLJyu1<\/a> <a href=\"https:\/\/t.co\/61H2xbEHxQ\">pic.twitter.com\/61H2xbEHxQ<\/a><\/p>\n<p>\u2014 CANYON\/\/SRAM Racing &amp; CANYON\/\/SRAM Generation (@WMNcycling) <a href=\"https:\/\/twitter.com\/WMNcycling\/status\/1844664293670658352?ref_src=twsrc%5Etfw\">October 11, 2024<\/a><\/p><\/blockquote>\n<p><script async src=\"https:\/\/platform.twitter.com\/widgets.js\" charset=\"utf-8\"><\/script><\/p>\n","protected":false},"excerpt":{"rendered":"<p>TRANSFERTS CYCLISME &#8211; Canyon-SRAM a officialis\u00e9 la venue de Cecilie Uttrup Ludwig, en provenance de FDJ-Suez pour deux saisons.<\/p>\n","protected":false},"author":83,"featured_media":525816,"comment_status":"open","ping_status":"closed","sticky":false,"template":"","format":"standard","meta":{"_acf_changed":false,"_daextam_enable_autolinks":"1","footnotes":""},"categories":[46994],"tags":[32415,16878,25169,574,8388],"class_list":["post-525809","post","type-post","status-publish","format-standard","has-post-thumbnail","hentry","category-cyclisme-sur-route","tag-actu","tag-breve","tag-cecilie-uttrup-ludwig","tag-cyclisme","tag-transferts-cyclisme"],"acf":[],"yoast_head":"<!-- This site is optimized with the Yoast SEO Premium plugin v26.7 (Yoast SEO v26.7) - https:\/\/yoast.com\/wordpress\/plugins\/seo\/ -->\n<title>Transferts Cyclisme : Cecilie Uttrup Ludwig signe chez Canyon-SRAM<\/title>\n<meta name=\"description\" content=\"TRANSFERTS CYCLISME - Canyon-SRAM a officialis\u00e9 la venue de Cecilie Uttrup Ludwig, en provenance de FDJ-Suez pour deux saisons.\" \/>\n<meta name=\"robots\" content=\"index, follow, max-snippet:-1, max-image-preview:large, max-video-preview:-1\" \/>\n<link rel=\"canonical\" href=\"https:\/\/dicodusport.fr\/blog\/transferts-cyclisme-cecilie-uttrup-ludwig-signe-chez-canyon-sram\/\" \/>\n<meta property=\"og:locale\" content=\"fr_FR\" \/>\n<meta property=\"og:type\" content=\"article\" \/>\n<meta property=\"og:title\" content=\"Transferts Cyclisme : Cecilie Uttrup Ludwig signe chez Canyon-SRAM\" \/>\n<meta property=\"og:description\" content=\"TRANSFERTS CYCLISME - Canyon-SRAM a officialis\u00e9 la venue de Cecilie Uttrup Ludwig, en provenance de FDJ-Suez pour deux saisons.\" \/>\n<meta property=\"og:url\" content=\"https:\/\/dicodusport.fr\/blog\/transferts-cyclisme-cecilie-uttrup-ludwig-signe-chez-canyon-sram\/\" \/>\n<meta property=\"og:site_name\" content=\"Dicodusport\" \/>\n<meta property=\"article:publisher\" content=\"https:\/\/www.facebook.com\/dicodusport\" \/>\n<meta property=\"article:published_time\" content=\"2024-10-11T09:40:49+00:00\" \/>\n<meta property=\"article:modified_time\" content=\"2024-10-11T09:56:22+00:00\" \/>\n<meta property=\"og:image\" content=\"https:\/\/dicodusport.fr\/blog\/wp-content\/uploads\/2024\/10\/Transferts-Cyclisme-Cecilie-Uttrup-Ludwig-signe-chez-Canyon-SRAM.png\" \/>\n\t<meta property=\"og:image:width\" content=\"1200\" \/>\n\t<meta property=\"og:image:height\" content=\"674\" \/>\n\t<meta property=\"og:image:type\" content=\"image\/png\" \/>\n<meta name=\"author\" content=\"Etienne Goursaud\" \/>\n<meta name=\"twitter:card\" content=\"summary_large_image\" \/>\n<meta name=\"twitter:title\" content=\"Transferts Cyclisme : Cecilie Uttrup Ludwig signe chez Canyon-SRAM\" \/>\n<meta name=\"twitter:creator\" content=\"@dicodusport\" \/>\n<meta name=\"twitter:site\" content=\"@dicodusport\" \/>\n<script type=\"application\/ld+json\" class=\"yoast-schema-graph\">{\"@context\":\"https:\/\/schema.org\",\"@graph\":[{\"@type\":\"NewsArticle\",\"@id\":\"https:\/\/dicodusport.fr\/blog\/transferts-cyclisme-cecilie-uttrup-ludwig-signe-chez-canyon-sram\/#article\",\"isPartOf\":{\"@id\":\"https:\/\/dicodusport.fr\/blog\/transferts-cyclisme-cecilie-uttrup-ludwig-signe-chez-canyon-sram\/\"},\"author\":{\"name\":\"Etienne Goursaud\",\"@id\":\"https:\/\/dicodusport.fr\/blog\/#\/schema\/person\/d603dd7da31fb2b46c82b9835a77ec13\"},\"headline\":\"Transferts Cyclisme : Cecilie Uttrup Ludwig signe chez Canyon-SRAM\",\"datePublished\":\"2024-10-11T09:40:49+00:00\",\"dateModified\":\"2024-10-11T09:56:22+00:00\",\"mainEntityOfPage\":{\"@id\":\"https:\/\/dicodusport.fr\/blog\/transferts-cyclisme-cecilie-uttrup-ludwig-signe-chez-canyon-sram\/\"},\"wordCount\":332,\"commentCount\":0,\"publisher\":{\"@id\":\"https:\/\/dicodusport.fr\/blog\/#organization\"},\"image\":{\"@id\":\"https:\/\/dicodusport.fr\/blog\/transferts-cyclisme-cecilie-uttrup-ludwig-signe-chez-canyon-sram\/#primaryimage\"},\"thumbnailUrl\":\"https:\/\/dicodusport.fr\/blog\/wp-content\/uploads\/2024\/10\/Transferts-Cyclisme-Cecilie-Uttrup-Ludwig-signe-chez-Canyon-SRAM.png\",\"keywords\":[\"actu\",\"br\u00e8ve\",\"Cecilie Uttrup Ludwig\",\"Cyclisme\",\"Transferts Cyclisme\"],\"articleSection\":[\"Cyclisme sur route\"],\"inLanguage\":\"fr-FR\",\"potentialAction\":[{\"@type\":\"CommentAction\",\"name\":\"Comment\",\"target\":[\"https:\/\/dicodusport.fr\/blog\/transferts-cyclisme-cecilie-uttrup-ludwig-signe-chez-canyon-sram\/#respond\"]}],\"copyrightYear\":\"2024\",\"copyrightHolder\":{\"@id\":\"https:\/\/dicodusport.fr\/blog\/#organization\"}},{\"@type\":\"WebPage\",\"@id\":\"https:\/\/dicodusport.fr\/blog\/transferts-cyclisme-cecilie-uttrup-ludwig-signe-chez-canyon-sram\/\",\"url\":\"https:\/\/dicodusport.fr\/blog\/transferts-cyclisme-cecilie-uttrup-ludwig-signe-chez-canyon-sram\/\",\"name\":\"Transferts Cyclisme : Cecilie Uttrup Ludwig signe chez Canyon-SRAM\",\"isPartOf\":{\"@id\":\"https:\/\/dicodusport.fr\/blog\/#website\"},\"primaryImageOfPage\":{\"@id\":\"https:\/\/dicodusport.fr\/blog\/transferts-cyclisme-cecilie-uttrup-ludwig-signe-chez-canyon-sram\/#primaryimage\"},\"image\":{\"@id\":\"https:\/\/dicodusport.fr\/blog\/transferts-cyclisme-cecilie-uttrup-ludwig-signe-chez-canyon-sram\/#primaryimage\"},\"thumbnailUrl\":\"https:\/\/dicodusport.fr\/blog\/wp-content\/uploads\/2024\/10\/Transferts-Cyclisme-Cecilie-Uttrup-Ludwig-signe-chez-Canyon-SRAM.png\",\"datePublished\":\"2024-10-11T09:40:49+00:00\",\"dateModified\":\"2024-10-11T09:56:22+00:00\",\"description\":\"TRANSFERTS CYCLISME - Canyon-SRAM a officialis\u00e9 la venue de Cecilie Uttrup Ludwig, en provenance de FDJ-Suez pour deux saisons.\",\"breadcrumb\":{\"@id\":\"https:\/\/dicodusport.fr\/blog\/transferts-cyclisme-cecilie-uttrup-ludwig-signe-chez-canyon-sram\/#breadcrumb\"},\"inLanguage\":\"fr-FR\",\"potentialAction\":[{\"@type\":\"ReadAction\",\"target\":[\"https:\/\/dicodusport.fr\/blog\/transferts-cyclisme-cecilie-uttrup-ludwig-signe-chez-canyon-sram\/\"]}]},{\"@type\":\"ImageObject\",\"inLanguage\":\"fr-FR\",\"@id\":\"https:\/\/dicodusport.fr\/blog\/transferts-cyclisme-cecilie-uttrup-ludwig-signe-chez-canyon-sram\/#primaryimage\",\"url\":\"https:\/\/dicodusport.fr\/blog\/wp-content\/uploads\/2024\/10\/Transferts-Cyclisme-Cecilie-Uttrup-Ludwig-signe-chez-Canyon-SRAM.png\",\"contentUrl\":\"https:\/\/dicodusport.fr\/blog\/wp-content\/uploads\/2024\/10\/Transferts-Cyclisme-Cecilie-Uttrup-Ludwig-signe-chez-Canyon-SRAM.png\",\"width\":1200,\"height\":674,\"caption\":\"Transferts Cyclisme Cecilie Uttrup Ludwig signe chez Canyon-SRAM\"},{\"@type\":\"BreadcrumbList\",\"@id\":\"https:\/\/dicodusport.fr\/blog\/transferts-cyclisme-cecilie-uttrup-ludwig-signe-chez-canyon-sram\/#breadcrumb\",\"itemListElement\":[{\"@type\":\"ListItem\",\"position\":1,\"name\":\"Accueil\",\"item\":\"https:\/\/dicodusport.fr\/blog\/\"},{\"@type\":\"ListItem\",\"position\":2,\"name\":\"Transferts Cyclisme : Cecilie Uttrup Ludwig signe chez Canyon-SRAM\"}]},{\"@type\":\"WebSite\",\"@id\":\"https:\/\/dicodusport.fr\/blog\/#website\",\"url\":\"https:\/\/dicodusport.fr\/blog\/\",\"name\":\"Dicodusport\",\"description\":\"L&#039;encyclop\u00e9die de l&#039;actualit\u00e9 sportive\",\"publisher\":{\"@id\":\"https:\/\/dicodusport.fr\/blog\/#organization\"},\"potentialAction\":[{\"@type\":\"SearchAction\",\"target\":{\"@type\":\"EntryPoint\",\"urlTemplate\":\"https:\/\/dicodusport.fr\/blog\/?s={search_term_string}\"},\"query-input\":{\"@type\":\"PropertyValueSpecification\",\"valueRequired\":true,\"valueName\":\"search_term_string\"}}],\"inLanguage\":\"fr-FR\"},{\"@type\":\"NewsMediaOrganization\",\"@id\":\"https:\/\/dicodusport.fr\/blog\/#organization\",\"name\":\"Dicodusport\",\"url\":\"https:\/\/dicodusport.fr\/blog\/\",\"logo\":{\"@type\":\"ImageObject\",\"inLanguage\":\"fr-FR\",\"@id\":\"https:\/\/dicodusport.fr\/blog\/#\/schema\/logo\/image\/\",\"url\":\"https:\/\/dicodusport.fr\/blog\/wp-content\/uploads\/2020\/06\/cropped-LOGO-DICODUSPORT-2020-SANS-FOND-SANS-TEXTE.png\",\"contentUrl\":\"https:\/\/dicodusport.fr\/blog\/wp-content\/uploads\/2020\/06\/cropped-LOGO-DICODUSPORT-2020-SANS-FOND-SANS-TEXTE.png\",\"width\":512,\"height\":512,\"caption\":\"Dicodusport\"},\"image\":{\"@id\":\"https:\/\/dicodusport.fr\/blog\/#\/schema\/logo\/image\/\"},\"sameAs\":[\"https:\/\/www.facebook.com\/dicodusport\",\"https:\/\/x.com\/dicodusport\",\"https:\/\/www.instagram.com\/dicodusport\/\",\"https:\/\/www.youtube.com\/channel\/UC7V2KZ5sd3htJivAbA4ZG3w\"],\"description\":\"Dicodusport est l'encyclop\u00e9die de l'actualit\u00e9 sportive.\",\"email\":\"bonjour@dicodusport.fr\",\"legalName\":\"DICODUSPORT\",\"foundingDate\":\"2018-01-14\",\"vatID\":\"FR71834470973\",\"taxID\":\"83447097300043\",\"numberOfEmployees\":{\"@type\":\"QuantitativeValue\",\"minValue\":\"1\",\"maxValue\":\"10\"}},{\"@type\":\"Person\",\"@id\":\"https:\/\/dicodusport.fr\/blog\/#\/schema\/person\/d603dd7da31fb2b46c82b9835a77ec13\",\"name\":\"Etienne Goursaud\",\"image\":{\"@type\":\"ImageObject\",\"inLanguage\":\"fr-FR\",\"@id\":\"https:\/\/dicodusport.fr\/blog\/#\/schema\/person\/image\/\",\"url\":\"https:\/\/dicodusport.fr\/blog\/wp-content\/uploads\/2023\/12\/410122264_10231602061736049_5565839791558026645_n-150x150.jpg\",\"contentUrl\":\"https:\/\/dicodusport.fr\/blog\/wp-content\/uploads\/2023\/12\/410122264_10231602061736049_5565839791558026645_n-150x150.jpg\",\"caption\":\"Etienne Goursaud\"},\"description\":\"Journaliste et amoureux de sport. Ancien footballeur reconverti athl\u00e8te quand ses muscles le laissent tranquille. \u00c9lev\u00e9 \u00e0 la sauce des exploits de Thomas Voeckler en 2004, du dernier essai de l\u00e9gende de Eunice Barber \u00e0 la longueur lors des championnats du monde d'athl\u00e9tisme de 2003 mais aussi Zidane, Omeyer et Titou Lamaison.\",\"url\":\"https:\/\/dicodusport.fr\/blog\/author\/etienne-goursaud\/\"}]}<\/script>\n<!-- \/ Yoast SEO Premium plugin. -->","yoast_head_json":{"title":"Transferts Cyclisme : Cecilie Uttrup Ludwig signe chez Canyon-SRAM","description":"TRANSFERTS CYCLISME - Canyon-SRAM a officialis\u00e9 la venue de Cecilie Uttrup Ludwig, en provenance de FDJ-Suez pour deux saisons.","robots":{"index":"index","follow":"follow","max-snippet":"max-snippet:-1","max-image-preview":"max-image-preview:large","max-video-preview":"max-video-preview:-1"},"canonical":"https:\/\/dicodusport.fr\/blog\/transferts-cyclisme-cecilie-uttrup-ludwig-signe-chez-canyon-sram\/","og_locale":"fr_FR","og_type":"article","og_title":"Transferts Cyclisme : Cecilie Uttrup Ludwig signe chez Canyon-SRAM","og_description":"TRANSFERTS CYCLISME - Canyon-SRAM a officialis\u00e9 la venue de Cecilie Uttrup Ludwig, en provenance de FDJ-Suez pour deux saisons.","og_url":"https:\/\/dicodusport.fr\/blog\/transferts-cyclisme-cecilie-uttrup-ludwig-signe-chez-canyon-sram\/","og_site_name":"Dicodusport","article_publisher":"https:\/\/www.facebook.com\/dicodusport","article_published_time":"2024-10-11T09:40:49+00:00","article_modified_time":"2024-10-11T09:56:22+00:00","og_image":[{"width":1200,"height":674,"url":"https:\/\/dicodusport.fr\/blog\/wp-content\/uploads\/2024\/10\/Transferts-Cyclisme-Cecilie-Uttrup-Ludwig-signe-chez-Canyon-SRAM.png","type":"image\/png"}],"author":"Etienne Goursaud","twitter_card":"summary_large_image","twitter_title":"Transferts Cyclisme : Cecilie Uttrup Ludwig signe chez Canyon-SRAM","twitter_creator":"@dicodusport","twitter_site":"@dicodusport","schema":{"@context":"https:\/\/schema.org","@graph":[{"@type":"NewsArticle","@id":"https:\/\/dicodusport.fr\/blog\/transferts-cyclisme-cecilie-uttrup-ludwig-signe-chez-canyon-sram\/#article","isPartOf":{"@id":"https:\/\/dicodusport.fr\/blog\/transferts-cyclisme-cecilie-uttrup-ludwig-signe-chez-canyon-sram\/"},"author":{"name":"Etienne Goursaud","@id":"https:\/\/dicodusport.fr\/blog\/#\/schema\/person\/d603dd7da31fb2b46c82b9835a77ec13"},"headline":"Transferts Cyclisme : Cecilie Uttrup Ludwig signe chez Canyon-SRAM","datePublished":"2024-10-11T09:40:49+00:00","dateModified":"2024-10-11T09:56:22+00:00","mainEntityOfPage":{"@id":"https:\/\/dicodusport.fr\/blog\/transferts-cyclisme-cecilie-uttrup-ludwig-signe-chez-canyon-sram\/"},"wordCount":332,"commentCount":0,"publisher":{"@id":"https:\/\/dicodusport.fr\/blog\/#organization"},"image":{"@id":"https:\/\/dicodusport.fr\/blog\/transferts-cyclisme-cecilie-uttrup-ludwig-signe-chez-canyon-sram\/#primaryimage"},"thumbnailUrl":"https:\/\/dicodusport.fr\/blog\/wp-content\/uploads\/2024\/10\/Transferts-Cyclisme-Cecilie-Uttrup-Ludwig-signe-chez-Canyon-SRAM.png","keywords":["actu","br\u00e8ve","Cecilie Uttrup Ludwig","Cyclisme","Transferts Cyclisme"],"articleSection":["Cyclisme sur route"],"inLanguage":"fr-FR","potentialAction":[{"@type":"CommentAction","name":"Comment","target":["https:\/\/dicodusport.fr\/blog\/transferts-cyclisme-cecilie-uttrup-ludwig-signe-chez-canyon-sram\/#respond"]}],"copyrightYear":"2024","copyrightHolder":{"@id":"https:\/\/dicodusport.fr\/blog\/#organization"}},{"@type":"WebPage","@id":"https:\/\/dicodusport.fr\/blog\/transferts-cyclisme-cecilie-uttrup-ludwig-signe-chez-canyon-sram\/","url":"https:\/\/dicodusport.fr\/blog\/transferts-cyclisme-cecilie-uttrup-ludwig-signe-chez-canyon-sram\/","name":"Transferts Cyclisme : Cecilie Uttrup Ludwig signe chez Canyon-SRAM","isPartOf":{"@id":"https:\/\/dicodusport.fr\/blog\/#website"},"primaryImageOfPage":{"@id":"https:\/\/dicodusport.fr\/blog\/transferts-cyclisme-cecilie-uttrup-ludwig-signe-chez-canyon-sram\/#primaryimage"},"image":{"@id":"https:\/\/dicodusport.fr\/blog\/transferts-cyclisme-cecilie-uttrup-ludwig-signe-chez-canyon-sram\/#primaryimage"},"thumbnailUrl":"https:\/\/dicodusport.fr\/blog\/wp-content\/uploads\/2024\/10\/Transferts-Cyclisme-Cecilie-Uttrup-Ludwig-signe-chez-Canyon-SRAM.png","datePublished":"2024-10-11T09:40:49+00:00","dateModified":"2024-10-11T09:56:22+00:00","description":"TRANSFERTS CYCLISME - Canyon-SRAM a officialis\u00e9 la venue de Cecilie Uttrup Ludwig, en provenance de FDJ-Suez pour deux saisons.","breadcrumb":{"@id":"https:\/\/dicodusport.fr\/blog\/transferts-cyclisme-cecilie-uttrup-ludwig-signe-chez-canyon-sram\/#breadcrumb"},"inLanguage":"fr-FR","potentialAction":[{"@type":"ReadAction","target":["https:\/\/dicodusport.fr\/blog\/transferts-cyclisme-cecilie-uttrup-ludwig-signe-chez-canyon-sram\/"]}]},{"@type":"ImageObject","inLanguage":"fr-FR","@id":"https:\/\/dicodusport.fr\/blog\/transferts-cyclisme-cecilie-uttrup-ludwig-signe-chez-canyon-sram\/#primaryimage","url":"https:\/\/dicodusport.fr\/blog\/wp-content\/uploads\/2024\/10\/Transferts-Cyclisme-Cecilie-Uttrup-Ludwig-signe-chez-Canyon-SRAM.png","contentUrl":"https:\/\/dicodusport.fr\/blog\/wp-content\/uploads\/2024\/10\/Transferts-Cyclisme-Cecilie-Uttrup-Ludwig-signe-chez-Canyon-SRAM.png","width":1200,"height":674,"caption":"Transferts Cyclisme Cecilie Uttrup Ludwig signe chez Canyon-SRAM"},{"@type":"BreadcrumbList","@id":"https:\/\/dicodusport.fr\/blog\/transferts-cyclisme-cecilie-uttrup-ludwig-signe-chez-canyon-sram\/#breadcrumb","itemListElement":[{"@type":"ListItem","position":1,"name":"Accueil","item":"https:\/\/dicodusport.fr\/blog\/"},{"@type":"ListItem","position":2,"name":"Transferts Cyclisme : Cecilie Uttrup Ludwig signe chez Canyon-SRAM"}]},{"@type":"WebSite","@id":"https:\/\/dicodusport.fr\/blog\/#website","url":"https:\/\/dicodusport.fr\/blog\/","name":"Dicodusport","description":"L&#039;encyclop\u00e9die de l&#039;actualit\u00e9 sportive","publisher":{"@id":"https:\/\/dicodusport.fr\/blog\/#organization"},"potentialAction":[{"@type":"SearchAction","target":{"@type":"EntryPoint","urlTemplate":"https:\/\/dicodusport.fr\/blog\/?s={search_term_string}"},"query-input":{"@type":"PropertyValueSpecification","valueRequired":true,"valueName":"search_term_string"}}],"inLanguage":"fr-FR"},{"@type":"NewsMediaOrganization","@id":"https:\/\/dicodusport.fr\/blog\/#organization","name":"Dicodusport","url":"https:\/\/dicodusport.fr\/blog\/","logo":{"@type":"ImageObject","inLanguage":"fr-FR","@id":"https:\/\/dicodusport.fr\/blog\/#\/schema\/logo\/image\/","url":"https:\/\/dicodusport.fr\/blog\/wp-content\/uploads\/2020\/06\/cropped-LOGO-DICODUSPORT-2020-SANS-FOND-SANS-TEXTE.png","contentUrl":"https:\/\/dicodusport.fr\/blog\/wp-content\/uploads\/2020\/06\/cropped-LOGO-DICODUSPORT-2020-SANS-FOND-SANS-TEXTE.png","width":512,"height":512,"caption":"Dicodusport"},"image":{"@id":"https:\/\/dicodusport.fr\/blog\/#\/schema\/logo\/image\/"},"sameAs":["https:\/\/www.facebook.com\/dicodusport","https:\/\/x.com\/dicodusport","https:\/\/www.instagram.com\/dicodusport\/","https:\/\/www.youtube.com\/channel\/UC7V2KZ5sd3htJivAbA4ZG3w"],"description":"Dicodusport est l'encyclop\u00e9die de l'actualit\u00e9 sportive.","email":"bonjour@dicodusport.fr","legalName":"DICODUSPORT","foundingDate":"2018-01-14","vatID":"FR71834470973","taxID":"83447097300043","numberOfEmployees":{"@type":"QuantitativeValue","minValue":"1","maxValue":"10"}},{"@type":"Person","@id":"https:\/\/dicodusport.fr\/blog\/#\/schema\/person\/d603dd7da31fb2b46c82b9835a77ec13","name":"Etienne Goursaud","image":{"@type":"ImageObject","inLanguage":"fr-FR","@id":"https:\/\/dicodusport.fr\/blog\/#\/schema\/person\/image\/","url":"https:\/\/dicodusport.fr\/blog\/wp-content\/uploads\/2023\/12\/410122264_10231602061736049_5565839791558026645_n-150x150.jpg","contentUrl":"https:\/\/dicodusport.fr\/blog\/wp-content\/uploads\/2023\/12\/410122264_10231602061736049_5565839791558026645_n-150x150.jpg","caption":"Etienne Goursaud"},"description":"Journaliste et amoureux de sport. Ancien footballeur reconverti athl\u00e8te quand ses muscles le laissent tranquille. \u00c9lev\u00e9 \u00e0 la sauce des exploits de Thomas Voeckler en 2004, du dernier essai de l\u00e9gende de Eunice Barber \u00e0 la longueur lors des championnats du monde d'athl\u00e9tisme de 2003 mais aussi Zidane, Omeyer et Titou Lamaison.","url":"https:\/\/dicodusport.fr\/blog\/author\/etienne-goursaud\/"}]}},"_links":{"self":[{"href":"https:\/\/dicodusport.fr\/blog\/wp-json\/wp\/v2\/posts\/525809","targetHints":{"allow":["GET"]}}],"collection":[{"href":"https:\/\/dicodusport.fr\/blog\/wp-json\/wp\/v2\/posts"}],"about":[{"href":"https:\/\/dicodusport.fr\/blog\/wp-json\/wp\/v2\/types\/post"}],"author":[{"embeddable":true,"href":"https:\/\/dicodusport.fr\/blog\/wp-json\/wp\/v2\/users\/83"}],"replies":[{"embeddable":true,"href":"https:\/\/dicodusport.fr\/blog\/wp-json\/wp\/v2\/comments?post=525809"}],"version-history":[{"count":4,"href":"https:\/\/dicodusport.fr\/blog\/wp-json\/wp\/v2\/posts\/525809\/revisions"}],"predecessor-version":[{"id":525831,"href":"https:\/\/dicodusport.fr\/blog\/wp-json\/wp\/v2\/posts\/525809\/revisions\/525831"}],"wp:featuredmedia":[{"embeddable":true,"href":"https:\/\/dicodusport.fr\/blog\/wp-json\/wp\/v2\/media\/525816"}],"wp:attachment":[{"href":"https:\/\/dicodusport.fr\/blog\/wp-json\/wp\/v2\/media?parent=525809"}],"wp:term":[{"taxonomy":"category","embeddable":true,"href":"https:\/\/dicodusport.fr\/blog\/wp-json\/wp\/v2\/categories?post=525809"},{"taxonomy":"post_tag","embeddable":true,"href":"https:\/\/dicodusport.fr\/blog\/wp-json\/wp\/v2\/tags?post=525809"}],"curies":[{"name":"wp","href":"https:\/\/api.w.org\/{rel}","templated":true}]}}