{"id":526024,"date":"2024-10-13T14:43:26","date_gmt":"2024-10-13T12:43:26","guid":{"rendered":"https:\/\/dicodusport.fr\/blog\/?p=526024&#038;preview=true&#038;preview_id=526024"},"modified":"2024-10-15T11:02:14","modified_gmt":"2024-10-15T09:02:14","slug":"la-saison-2024-dementielle-de-tadej-pogacar-en-chiffres","status":"publish","type":"post","link":"https:\/\/dicodusport.fr\/blog\/la-saison-2024-dementielle-de-tadej-pogacar-en-chiffres\/","title":{"rendered":"La saison 2024 d\u00e9mentielle de Tadej Pogacar en chiffres"},"content":{"rendered":"<h4 style=\"text-align: justify;\"><em>CYCLISME &#8211; Retour en chiffres sur la saison 2024 de Tadej Pogacar. Peut-\u00eatre la meilleure de l&rsquo;histoire pour un coureur.<\/em><\/h4>\n<ul>\n<li style=\"text-align: justify;\"><strong>\u00c0 ce sujet &#8211; <a href=\"https:\/\/dicodusport.fr\/blog\/les-records-qui-peut-viser-tadej-pogacar-en-2025\/\">Les records que peut viser Tadej Pogacar en 2025<\/a><\/strong><\/li>\n<\/ul>\n<h2 style=\"text-align: justify;\">1<\/h2>\n<p style=\"text-align: justify;\">Comme le nombre de coureurs ayant remport\u00e9 le Tour d&rsquo;Italie, le Tour de France, deux Monuments et les championnats du monde la m\u00eame saison. Le Slov\u00e8ne devient le premier \u00e0 r\u00e9aliser cet exploit. Que m\u00eame le grand<strong> Eddy Merckx<\/strong>, pourtant quintuple vainqueur du Tour et du Giro, n&rsquo;a pas r\u00e9ussi \u00e0 faire. Mais le Belge a d\u00e9j\u00e0 r\u00e9ussi \u00e0 remporter trois Monuments et le Tour de France la m\u00eame ann\u00e9e. Certainement un d\u00e9fi pour <em>Pogi<\/em>.<\/p>\n<blockquote class=\"twitter-tweet\">\n<p dir=\"ltr\" lang=\"en\">Riders who won Giro d&rsquo;Italia, Tour de France, World Championships and two or more monuments in the same season<\/p>\n<p>&#8211; Tadej Pogacar<\/p>\n<p>End of list. <a href=\"https:\/\/t.co\/aofpNNy5Nh\">pic.twitter.com\/aofpNNy5Nh<\/a><\/p>\n<p>\u2014 La Flamme Rouge (@laflammerouge16) <a href=\"https:\/\/twitter.com\/laflammerouge16\/status\/1845113907578294344?ref_src=twsrc%5Etfw\">October 12, 2024<\/a><\/p><\/blockquote>\n<p><script async src=\"https:\/\/platform.twitter.com\/widgets.js\" charset=\"utf-8\"><\/script><\/p>\n<h2 style=\"text-align: justify;\">3<\/h2>\n<p style=\"text-align: justify;\">Comme le nombre de courses par \u00e9tapes sur lesquelles s&rsquo;est align\u00e9 <strong><a href=\"https:\/\/dicodusport.fr\/blog\/tour-de-france-2024-general-et-six-etapes-succes-total-pour-tadej-pogacar\/\">Tadej Pogacar<\/a><\/strong>. Tour de Catalogne, <a href=\"https:\/\/dicodusport.fr\/blog\/tour-ditalie-2024-classement-general-du-giro\/\">Tour d&rsquo;Italie<\/a> et Tour de France. Toutes remport\u00e9es, avec au minimum quatre succ\u00e8s d&rsquo;\u00e9tape (au Tour de Catalogne sur six \u00e9tapes disput\u00e9es, six au Giro et au Tour de France).<\/p>\n<h2 style=\"text-align: justify;\">4<\/h2>\n<p style=\"text-align: justify;\">Comme le nombre de <a href=\"https:\/\/dicodusport.fr\/blog\/classement-tour-de-lombardie-2024\/\">Tour de Lombardie<\/a> cons\u00e9cutifs remport\u00e9s par le Slov\u00e8ne. Qui rejoint Fausto Coppi dans les livres des records sur la course italienne.<\/p>\n<div class=\"vlp-link-container vlp-layout-article\"><a href=\"https:\/\/dicodusport.fr\/blog\/tour-de-lombardie-tadej-pogacar-peut-egaler-fausto-coppi\/\" class=\"vlp-link\" title=\"Sur le Tour de Lombardie, Tadej Pogacar peut \u00e9galer Fausto Coppi\"><\/a><div class=\"vlp-layout-zone-side\"><div class=\"vlp-block-4 vlp-link-image\"><img loading=\"lazy\" decoding=\"async\" style=\"max-width: 792px;\" width=\"792\" height=\"445\" src=\"https:\/\/dicodusport.fr\/blog\/wp-content\/uploads\/2024\/10\/Sur-le-Tour-de-Lombardie-Tadej-Pogacar-peut-egaler-Fausto-Coppi.png\" class=\"attachment-800x445 size-800x445\" alt=\"Sur le Tour de Lombardie, Tadej Pogacar peut \u00e9galer Fausto Coppi\" srcset=\"https:\/\/dicodusport.fr\/blog\/wp-content\/uploads\/2024\/10\/Sur-le-Tour-de-Lombardie-Tadej-Pogacar-peut-egaler-Fausto-Coppi.png 1200w, https:\/\/dicodusport.fr\/blog\/wp-content\/uploads\/2024\/10\/Sur-le-Tour-de-Lombardie-Tadej-Pogacar-peut-egaler-Fausto-Coppi-300x169.png 300w, https:\/\/dicodusport.fr\/blog\/wp-content\/uploads\/2024\/10\/Sur-le-Tour-de-Lombardie-Tadej-Pogacar-peut-egaler-Fausto-Coppi-1024x575.png 1024w, https:\/\/dicodusport.fr\/blog\/wp-content\/uploads\/2024\/10\/Sur-le-Tour-de-Lombardie-Tadej-Pogacar-peut-egaler-Fausto-Coppi-768x431.png 768w\" sizes=\"auto, (max-width: 792px) 100vw, 792px\" \/><\/div><\/div><div class=\"vlp-layout-zone-main\"><div class=\"vlp-block-0 vlp-link-title\">Sur le Tour de Lombardie, Tadej Pogacar peut \u00e9galer Fausto Coppi<\/div><div class=\"vlp-block-1 vlp-link-summary\">Sur le Tour de Lombardie, Tadej Pogacar peut \u00e9galer Fausto Coppi<\/div><div class=\"vlp-block-2 vlp-link-button\">Lire l'article<\/div><div class=\"vlp-block-3 vlp-link-url\">dicodusport.fr<\/div><\/div><\/div>\n<h2 style=\"text-align: justify;\">7<\/h2>\n<p style=\"text-align: justify;\">Comme le nombre de Monuments (Milan-San Remo, Tour des Flandres, Paris-Roubaix, Li\u00e8ge-Bastogne-Li\u00e8gne et Tour de Lombardie) remport\u00e9s par le coureur de la Team UAE-Emirates. Un Tour des Flandres, deux Li\u00e8ge-Bastogne-Li\u00e8ge et quatre Tour de Lombardie.<\/p>\n<h2 class=\"article-subtitle\" style=\"text-align: justify;\">8<\/h2>\n<p style=\"text-align: justify;\"><strong>Tadej Pogacar<\/strong> est devenu le huiti\u00e8me coureur de l\u2019histoire \u00e0 gagner le Tour de Lombardie avec le maillot de champion du monde sur les \u00e9paules, le premier depuis<strong> Paolo Bettini<\/strong> en 2006, peu de temps apr\u00e8s le d\u00e9c\u00e8s de son fr\u00e8re. On retrouve dans la liste<strong> Alfredo Binda, Tom Simpson, Eddy Merckx, Felice Gimondi, Giuseppe Saronni <\/strong>et<strong> Oscar Camenzind<\/strong>.<\/p>\n<h2 style=\"text-align: justify;\">25<\/h2>\n<p style=\"text-align: justify;\">Comme le nombre de succ\u00e8s du Slov\u00e8ne cette saison. C&rsquo;est son record de victoires sur une saison et un record \u00e9gal\u00e9 au 21e si\u00e8cle. Il rejoint <strong>Alessandro Petacchi<\/strong> et ses 25 bouquets lors de la saison 2005.<\/p>\n<h2 style=\"text-align: justify;\">37<\/h2>\n<p style=\"text-align: justify;\">Comme le nombre de jours (sur 40 possibles) de Tadej Pogacar avec un maillot de leader en Grand Tour en 2024. Et cela monte m\u00eame \u00e0 42\/45 si on prend en compte toutes les courses par \u00e9tapes.<\/p>\n<div class=\"vlp-link-container vlp-layout-article\"><a href=\"https:\/\/dicodusport.fr\/blog\/edito-faut-il-croire-en-tadej-pogacar\/\" class=\"vlp-link\" title=\"\u00c9dito : Faut-il croire en Tadej Pogacar ?\"><\/a><div class=\"vlp-layout-zone-side\"><div class=\"vlp-block-4 vlp-link-image\"><img loading=\"lazy\" decoding=\"async\" style=\"max-width: 792px;\" width=\"792\" height=\"445\" src=\"https:\/\/dicodusport.fr\/blog\/wp-content\/uploads\/2024\/10\/Edito-Faut-il-croire-en-Tadej-Pogacar-.png\" class=\"attachment-800x445 size-800x445\" alt=\"\u00c9dito Faut-il croire en Tadej Pogacar\" srcset=\"https:\/\/dicodusport.fr\/blog\/wp-content\/uploads\/2024\/10\/Edito-Faut-il-croire-en-Tadej-Pogacar-.png 1200w, https:\/\/dicodusport.fr\/blog\/wp-content\/uploads\/2024\/10\/Edito-Faut-il-croire-en-Tadej-Pogacar--300x169.png 300w, https:\/\/dicodusport.fr\/blog\/wp-content\/uploads\/2024\/10\/Edito-Faut-il-croire-en-Tadej-Pogacar--1024x575.png 1024w, https:\/\/dicodusport.fr\/blog\/wp-content\/uploads\/2024\/10\/Edito-Faut-il-croire-en-Tadej-Pogacar--768x431.png 768w\" sizes=\"auto, (max-width: 792px) 100vw, 792px\" \/><\/div><\/div><div class=\"vlp-layout-zone-main\"><div class=\"vlp-block-0 vlp-link-title\">\u00c9dito : Faut-il croire en Tadej Pogacar ?<\/div><div class=\"vlp-block-1 vlp-link-summary\">Faut-il croire en Tadej Pogacar ?<\/div><div class=\"vlp-block-2 vlp-link-button\">Lire l'article<\/div><div class=\"vlp-block-3 vlp-link-url\">dicodusport.fr<\/div><\/div><\/div>\n<h2 style=\"text-align: justify;\">57<\/h2>\n<p style=\"text-align: justify;\">Comme le nombre de jours de course du champion du monde 2024. Sur ces 57 jours de courses, 43,8 % de victoire et 54,4 % de podium. Sur plus de la moiti\u00e9 de ses jours de course, il a donc termin\u00e9 dans les trois premiers, dont plus de la moiti\u00e9 sur la plus haute marche du podium. Quand on sait qu&rsquo;il a disput\u00e9 deux Grands Tours, avec des \u00e9tapes de plaine sur celles-ci. Une statistique qui devrait donner mal au cr\u00e2ne \u00e0 ses adversaires.<\/p>\n<h2 style=\"text-align: justify;\">63<\/h2>\n<p style=\"text-align: justify;\">Comme l&rsquo;\u00e9cart moyen (en secondes) entre le Slov\u00e8ne et son dauphin cette saison, lors de ses victoires.<\/p>\n<h2 style=\"text-align: justify;\">81,8<\/h2>\n<p style=\"text-align: justify;\">Comme, en pourcentage, le nombre de victoires de <strong>Tadej Pogacar<\/strong> sur les \u00e9preuves d&rsquo;un jour sur lesquelles il s&rsquo;est align\u00e9. Seuls Milan-San Remo (3e) et le Grand Prix Cycliste de Qu\u00e9bec (7e), lui ont \u00e9chapp\u00e9. Cette statistique ne prend pas en compte les Trois Vall\u00e9es Var\u00e9sines, annul\u00e9e en cours de route, \u00e0 cause des conditions m\u00e9t\u00e9os.<\/p>\n<h2 style=\"text-align: justify;\">88<\/h2>\n<p style=\"text-align: justify;\">Comme le nombre de victoires professionnelles du Slov\u00e8ne depuis le d\u00e9but de sa carri\u00e8re. Le tout en seulement six saisons.<\/p>\n<h2 style=\"text-align: justify;\">95<\/h2>\n<p style=\"text-align: justify;\">Comme, en pourcentage, la part de ses victoires en solitaire sur une course en ligne (les contre-la-montre et les victoires sur les classements g\u00e9n\u00e9raux ne comptent pas). Il a remport\u00e9 18 de ses 20 courses en solitaire cette saison.<\/p>\n<h2 style=\"text-align: justify;\">196<\/h2>\n<p style=\"text-align: justify;\">Comme, en secondes, le plus grand \u00e9cart entre <strong>Tadej Pogacar<\/strong> et son dauphin sur une course. Et c&rsquo;est sur le Tour de Lombardie qu&rsquo;il a creus\u00e9 le plus gros \u00e9cart, repoussant Remco Evenepoel (Soudal-Quick Step) \u00e0 3:16 minutes. Pour l&rsquo;anecdote, le deuxi\u00e8me \u00e9cart le plus grand, est entre lui et<strong> Toms Skujins<\/strong> sur les Strade Bianche&#8230; La premi\u00e8re course de la saison du Slov\u00e8ne. La boucle est boucl\u00e9e.<\/p>\n<div class=\"vlp-link-container vlp-layout-article\"><a href=\"https:\/\/dicodusport.fr\/blog\/tour-de-lombardie-2024-le-show-tadej-pogacar-pour-un-4eme-succes-consecutif\/\" class=\"vlp-link\" title=\"Tour de Lombardie 2024 : Le show Tadej Pogacar pour un 4\u00e8me succ\u00e8s cons\u00e9cutif\"><\/a><div class=\"vlp-layout-zone-side\"><div class=\"vlp-block-4 vlp-link-image\"><img loading=\"lazy\" decoding=\"async\" style=\"max-width: 792px;\" width=\"792\" height=\"445\" src=\"https:\/\/dicodusport.fr\/blog\/wp-content\/uploads\/2024\/10\/Tour-de-Lombardie-2024-Le-show-Tadej-Pogacar-pour-un-4eme-succes-consecutif-2.png\" class=\"attachment-800x445 size-800x445\" alt=\"Tour de Lombardie 2024 Le show Tadej Pogacar pour un 4\u00e8me succ\u00e8s cons\u00e9cutif (2)\" srcset=\"https:\/\/dicodusport.fr\/blog\/wp-content\/uploads\/2024\/10\/Tour-de-Lombardie-2024-Le-show-Tadej-Pogacar-pour-un-4eme-succes-consecutif-2.png 1200w, https:\/\/dicodusport.fr\/blog\/wp-content\/uploads\/2024\/10\/Tour-de-Lombardie-2024-Le-show-Tadej-Pogacar-pour-un-4eme-succes-consecutif-2-300x169.png 300w, https:\/\/dicodusport.fr\/blog\/wp-content\/uploads\/2024\/10\/Tour-de-Lombardie-2024-Le-show-Tadej-Pogacar-pour-un-4eme-succes-consecutif-2-1024x575.png 1024w, https:\/\/dicodusport.fr\/blog\/wp-content\/uploads\/2024\/10\/Tour-de-Lombardie-2024-Le-show-Tadej-Pogacar-pour-un-4eme-succes-consecutif-2-768x431.png 768w\" sizes=\"auto, (max-width: 792px) 100vw, 792px\" \/><\/div><\/div><div class=\"vlp-layout-zone-main\"><div class=\"vlp-block-0 vlp-link-title\">Tour de Lombardie 2024 : Le show Tadej Pogacar pour un 4\u00e8me succ\u00e8s cons\u00e9cutif<\/div><div class=\"vlp-block-1 vlp-link-summary\">Le show Tadej Pogacar pour un 4\u00e8me succ\u00e8s cons\u00e9cutif<\/div><div class=\"vlp-block-2 vlp-link-button\">Lire l'article<\/div><div class=\"vlp-block-3 vlp-link-url\">dicodusport.fr<\/div><\/div><\/div>\n<h2 style=\"text-align: justify;\">12 455<\/h2>\n<p style=\"text-align: justify;\">Comme le nombre de points UCI du coureur de 26 ans en 2024. Pr\u00e8s du double de Remco Evenepoel (6317,57). Et si Tadej Pogacar \u00e9tait une \u00e9quipe, il serait \u00e0 la 9e place devant la Lotto-Dstny et la Groupama-FDJ. Affolant !<\/p>\n<p style=\"text-align: justify;\">\n","protected":false},"excerpt":{"rendered":"<p>La saison 2024 d\u00e9mentielle de Tadej Pogacar en chiffres<\/p>\n","protected":false},"author":83,"featured_media":526051,"comment_status":"open","ping_status":"closed","sticky":false,"template":"","format":"standard","meta":{"_acf_changed":false,"_daextam_enable_autolinks":"1","footnotes":""},"categories":[46994],"tags":[16878,574,24,11674],"class_list":["post-526024","post","type-post","status-publish","format-standard","has-post-thumbnail","hentry","category-cyclisme-sur-route","tag-breve","tag-cyclisme","tag-sport","tag-tadej-pogacar"],"acf":[],"yoast_head":"<!-- This site is optimized with the Yoast SEO Premium plugin v26.7 (Yoast SEO v26.7) - https:\/\/yoast.com\/wordpress\/plugins\/seo\/ -->\n<title>La saison 2024 d\u00e9mentielle de Tadej Pogacar en chiffres<\/title>\n<meta name=\"description\" content=\"CYCLISME - Retour en chiffres sur la saison 2024 de Tadej Pogacar. Peut-\u00eatre la meilleure de l&#039;histoire pour un coureur.\" \/>\n<meta name=\"robots\" content=\"index, follow, max-snippet:-1, max-image-preview:large, max-video-preview:-1\" \/>\n<link rel=\"canonical\" href=\"https:\/\/dicodusport.fr\/blog\/la-saison-2024-dementielle-de-tadej-pogacar-en-chiffres\/\" \/>\n<meta property=\"og:locale\" content=\"fr_FR\" \/>\n<meta property=\"og:type\" content=\"article\" \/>\n<meta property=\"og:title\" content=\"La saison 2024 d\u00e9mentielle de Tadej Pogacar en chiffres\" \/>\n<meta property=\"og:description\" content=\"CYCLISME - Retour en chiffres sur la saison 2024 de Tadej Pogacar. Peut-\u00eatre la meilleure de l&#039;histoire pour un coureur.\" \/>\n<meta property=\"og:url\" content=\"https:\/\/dicodusport.fr\/blog\/la-saison-2024-dementielle-de-tadej-pogacar-en-chiffres\/\" \/>\n<meta property=\"og:site_name\" content=\"Dicodusport\" \/>\n<meta property=\"article:publisher\" content=\"https:\/\/www.facebook.com\/dicodusport\" \/>\n<meta property=\"article:published_time\" content=\"2024-10-13T12:43:26+00:00\" \/>\n<meta property=\"article:modified_time\" content=\"2024-10-15T09:02:14+00:00\" \/>\n<meta property=\"og:image\" content=\"https:\/\/dicodusport.fr\/blog\/wp-content\/uploads\/2024\/10\/Cyclisme-La-saison-2024-de-Tadej-Pogacar-en-chiffres.png\" \/>\n\t<meta property=\"og:image:width\" content=\"1200\" \/>\n\t<meta property=\"og:image:height\" content=\"674\" \/>\n\t<meta property=\"og:image:type\" content=\"image\/png\" \/>\n<meta name=\"author\" content=\"Etienne Goursaud\" \/>\n<meta name=\"twitter:card\" content=\"summary_large_image\" \/>\n<meta name=\"twitter:title\" content=\"La saison 2024 d\u00e9mentielle de Tadej Pogacar en chiffres\" \/>\n<meta name=\"twitter:creator\" content=\"@dicodusport\" \/>\n<meta name=\"twitter:site\" content=\"@dicodusport\" \/>\n<script type=\"application\/ld+json\" class=\"yoast-schema-graph\">{\"@context\":\"https:\/\/schema.org\",\"@graph\":[{\"@type\":\"NewsArticle\",\"@id\":\"https:\/\/dicodusport.fr\/blog\/la-saison-2024-dementielle-de-tadej-pogacar-en-chiffres\/#article\",\"isPartOf\":{\"@id\":\"https:\/\/dicodusport.fr\/blog\/la-saison-2024-dementielle-de-tadej-pogacar-en-chiffres\/\"},\"author\":{\"name\":\"Etienne Goursaud\",\"@id\":\"https:\/\/dicodusport.fr\/blog\/#\/schema\/person\/d603dd7da31fb2b46c82b9835a77ec13\"},\"headline\":\"La saison 2024 d\u00e9mentielle de Tadej Pogacar en chiffres\",\"datePublished\":\"2024-10-13T12:43:26+00:00\",\"dateModified\":\"2024-10-15T09:02:14+00:00\",\"mainEntityOfPage\":{\"@id\":\"https:\/\/dicodusport.fr\/blog\/la-saison-2024-dementielle-de-tadej-pogacar-en-chiffres\/\"},\"wordCount\":970,\"commentCount\":0,\"publisher\":{\"@id\":\"https:\/\/dicodusport.fr\/blog\/#organization\"},\"image\":{\"@id\":\"https:\/\/dicodusport.fr\/blog\/la-saison-2024-dementielle-de-tadej-pogacar-en-chiffres\/#primaryimage\"},\"thumbnailUrl\":\"https:\/\/dicodusport.fr\/blog\/wp-content\/uploads\/2024\/10\/Cyclisme-La-saison-2024-de-Tadej-Pogacar-en-chiffres.png\",\"keywords\":[\"br\u00e8ve\",\"Cyclisme\",\"sport\",\"Tadej Pogacar\"],\"articleSection\":[\"Cyclisme sur route\"],\"inLanguage\":\"fr-FR\",\"potentialAction\":[{\"@type\":\"CommentAction\",\"name\":\"Comment\",\"target\":[\"https:\/\/dicodusport.fr\/blog\/la-saison-2024-dementielle-de-tadej-pogacar-en-chiffres\/#respond\"]}],\"copyrightYear\":\"2024\",\"copyrightHolder\":{\"@id\":\"https:\/\/dicodusport.fr\/blog\/#organization\"}},{\"@type\":\"WebPage\",\"@id\":\"https:\/\/dicodusport.fr\/blog\/la-saison-2024-dementielle-de-tadej-pogacar-en-chiffres\/\",\"url\":\"https:\/\/dicodusport.fr\/blog\/la-saison-2024-dementielle-de-tadej-pogacar-en-chiffres\/\",\"name\":\"La saison 2024 d\u00e9mentielle de Tadej Pogacar en chiffres\",\"isPartOf\":{\"@id\":\"https:\/\/dicodusport.fr\/blog\/#website\"},\"primaryImageOfPage\":{\"@id\":\"https:\/\/dicodusport.fr\/blog\/la-saison-2024-dementielle-de-tadej-pogacar-en-chiffres\/#primaryimage\"},\"image\":{\"@id\":\"https:\/\/dicodusport.fr\/blog\/la-saison-2024-dementielle-de-tadej-pogacar-en-chiffres\/#primaryimage\"},\"thumbnailUrl\":\"https:\/\/dicodusport.fr\/blog\/wp-content\/uploads\/2024\/10\/Cyclisme-La-saison-2024-de-Tadej-Pogacar-en-chiffres.png\",\"datePublished\":\"2024-10-13T12:43:26+00:00\",\"dateModified\":\"2024-10-15T09:02:14+00:00\",\"description\":\"CYCLISME - Retour en chiffres sur la saison 2024 de Tadej Pogacar. Peut-\u00eatre la meilleure de l'histoire pour un coureur.\",\"breadcrumb\":{\"@id\":\"https:\/\/dicodusport.fr\/blog\/la-saison-2024-dementielle-de-tadej-pogacar-en-chiffres\/#breadcrumb\"},\"inLanguage\":\"fr-FR\",\"potentialAction\":[{\"@type\":\"ReadAction\",\"target\":[\"https:\/\/dicodusport.fr\/blog\/la-saison-2024-dementielle-de-tadej-pogacar-en-chiffres\/\"]}]},{\"@type\":\"ImageObject\",\"inLanguage\":\"fr-FR\",\"@id\":\"https:\/\/dicodusport.fr\/blog\/la-saison-2024-dementielle-de-tadej-pogacar-en-chiffres\/#primaryimage\",\"url\":\"https:\/\/dicodusport.fr\/blog\/wp-content\/uploads\/2024\/10\/Cyclisme-La-saison-2024-de-Tadej-Pogacar-en-chiffres.png\",\"contentUrl\":\"https:\/\/dicodusport.fr\/blog\/wp-content\/uploads\/2024\/10\/Cyclisme-La-saison-2024-de-Tadej-Pogacar-en-chiffres.png\",\"width\":1200,\"height\":674,\"caption\":\"Cyclisme - La saison 2024 de Tadej Pogacar en chiffres\"},{\"@type\":\"BreadcrumbList\",\"@id\":\"https:\/\/dicodusport.fr\/blog\/la-saison-2024-dementielle-de-tadej-pogacar-en-chiffres\/#breadcrumb\",\"itemListElement\":[{\"@type\":\"ListItem\",\"position\":1,\"name\":\"Accueil\",\"item\":\"https:\/\/dicodusport.fr\/blog\/\"},{\"@type\":\"ListItem\",\"position\":2,\"name\":\"La saison 2024 d\u00e9mentielle de Tadej Pogacar en chiffres\"}]},{\"@type\":\"WebSite\",\"@id\":\"https:\/\/dicodusport.fr\/blog\/#website\",\"url\":\"https:\/\/dicodusport.fr\/blog\/\",\"name\":\"Dicodusport\",\"description\":\"L&#039;encyclop\u00e9die de l&#039;actualit\u00e9 sportive\",\"publisher\":{\"@id\":\"https:\/\/dicodusport.fr\/blog\/#organization\"},\"potentialAction\":[{\"@type\":\"SearchAction\",\"target\":{\"@type\":\"EntryPoint\",\"urlTemplate\":\"https:\/\/dicodusport.fr\/blog\/?s={search_term_string}\"},\"query-input\":{\"@type\":\"PropertyValueSpecification\",\"valueRequired\":true,\"valueName\":\"search_term_string\"}}],\"inLanguage\":\"fr-FR\"},{\"@type\":\"NewsMediaOrganization\",\"@id\":\"https:\/\/dicodusport.fr\/blog\/#organization\",\"name\":\"Dicodusport\",\"url\":\"https:\/\/dicodusport.fr\/blog\/\",\"logo\":{\"@type\":\"ImageObject\",\"inLanguage\":\"fr-FR\",\"@id\":\"https:\/\/dicodusport.fr\/blog\/#\/schema\/logo\/image\/\",\"url\":\"https:\/\/dicodusport.fr\/blog\/wp-content\/uploads\/2020\/06\/cropped-LOGO-DICODUSPORT-2020-SANS-FOND-SANS-TEXTE.png\",\"contentUrl\":\"https:\/\/dicodusport.fr\/blog\/wp-content\/uploads\/2020\/06\/cropped-LOGO-DICODUSPORT-2020-SANS-FOND-SANS-TEXTE.png\",\"width\":512,\"height\":512,\"caption\":\"Dicodusport\"},\"image\":{\"@id\":\"https:\/\/dicodusport.fr\/blog\/#\/schema\/logo\/image\/\"},\"sameAs\":[\"https:\/\/www.facebook.com\/dicodusport\",\"https:\/\/x.com\/dicodusport\",\"https:\/\/www.instagram.com\/dicodusport\/\",\"https:\/\/www.youtube.com\/channel\/UC7V2KZ5sd3htJivAbA4ZG3w\"],\"description\":\"Dicodusport est l'encyclop\u00e9die de l'actualit\u00e9 sportive.\",\"email\":\"bonjour@dicodusport.fr\",\"legalName\":\"DICODUSPORT\",\"foundingDate\":\"2018-01-14\",\"vatID\":\"FR71834470973\",\"taxID\":\"83447097300043\",\"numberOfEmployees\":{\"@type\":\"QuantitativeValue\",\"minValue\":\"1\",\"maxValue\":\"10\"}},{\"@type\":\"Person\",\"@id\":\"https:\/\/dicodusport.fr\/blog\/#\/schema\/person\/d603dd7da31fb2b46c82b9835a77ec13\",\"name\":\"Etienne Goursaud\",\"image\":{\"@type\":\"ImageObject\",\"inLanguage\":\"fr-FR\",\"@id\":\"https:\/\/dicodusport.fr\/blog\/#\/schema\/person\/image\/\",\"url\":\"https:\/\/dicodusport.fr\/blog\/wp-content\/uploads\/2023\/12\/410122264_10231602061736049_5565839791558026645_n-150x150.jpg\",\"contentUrl\":\"https:\/\/dicodusport.fr\/blog\/wp-content\/uploads\/2023\/12\/410122264_10231602061736049_5565839791558026645_n-150x150.jpg\",\"caption\":\"Etienne Goursaud\"},\"description\":\"Journaliste et amoureux de sport. Ancien footballeur reconverti athl\u00e8te quand ses muscles le laissent tranquille. \u00c9lev\u00e9 \u00e0 la sauce des exploits de Thomas Voeckler en 2004, du dernier essai de l\u00e9gende de Eunice Barber \u00e0 la longueur lors des championnats du monde d'athl\u00e9tisme de 2003 mais aussi Zidane, Omeyer et Titou Lamaison.\",\"url\":\"https:\/\/dicodusport.fr\/blog\/author\/etienne-goursaud\/\"}]}<\/script>\n<!-- \/ Yoast SEO Premium plugin. -->","yoast_head_json":{"title":"La saison 2024 d\u00e9mentielle de Tadej Pogacar en chiffres","description":"CYCLISME - Retour en chiffres sur la saison 2024 de Tadej Pogacar. Peut-\u00eatre la meilleure de l'histoire pour un coureur.","robots":{"index":"index","follow":"follow","max-snippet":"max-snippet:-1","max-image-preview":"max-image-preview:large","max-video-preview":"max-video-preview:-1"},"canonical":"https:\/\/dicodusport.fr\/blog\/la-saison-2024-dementielle-de-tadej-pogacar-en-chiffres\/","og_locale":"fr_FR","og_type":"article","og_title":"La saison 2024 d\u00e9mentielle de Tadej Pogacar en chiffres","og_description":"CYCLISME - Retour en chiffres sur la saison 2024 de Tadej Pogacar. Peut-\u00eatre la meilleure de l'histoire pour un coureur.","og_url":"https:\/\/dicodusport.fr\/blog\/la-saison-2024-dementielle-de-tadej-pogacar-en-chiffres\/","og_site_name":"Dicodusport","article_publisher":"https:\/\/www.facebook.com\/dicodusport","article_published_time":"2024-10-13T12:43:26+00:00","article_modified_time":"2024-10-15T09:02:14+00:00","og_image":[{"width":1200,"height":674,"url":"https:\/\/dicodusport.fr\/blog\/wp-content\/uploads\/2024\/10\/Cyclisme-La-saison-2024-de-Tadej-Pogacar-en-chiffres.png","type":"image\/png"}],"author":"Etienne Goursaud","twitter_card":"summary_large_image","twitter_title":"La saison 2024 d\u00e9mentielle de Tadej Pogacar en chiffres","twitter_creator":"@dicodusport","twitter_site":"@dicodusport","schema":{"@context":"https:\/\/schema.org","@graph":[{"@type":"NewsArticle","@id":"https:\/\/dicodusport.fr\/blog\/la-saison-2024-dementielle-de-tadej-pogacar-en-chiffres\/#article","isPartOf":{"@id":"https:\/\/dicodusport.fr\/blog\/la-saison-2024-dementielle-de-tadej-pogacar-en-chiffres\/"},"author":{"name":"Etienne Goursaud","@id":"https:\/\/dicodusport.fr\/blog\/#\/schema\/person\/d603dd7da31fb2b46c82b9835a77ec13"},"headline":"La saison 2024 d\u00e9mentielle de Tadej Pogacar en chiffres","datePublished":"2024-10-13T12:43:26+00:00","dateModified":"2024-10-15T09:02:14+00:00","mainEntityOfPage":{"@id":"https:\/\/dicodusport.fr\/blog\/la-saison-2024-dementielle-de-tadej-pogacar-en-chiffres\/"},"wordCount":970,"commentCount":0,"publisher":{"@id":"https:\/\/dicodusport.fr\/blog\/#organization"},"image":{"@id":"https:\/\/dicodusport.fr\/blog\/la-saison-2024-dementielle-de-tadej-pogacar-en-chiffres\/#primaryimage"},"thumbnailUrl":"https:\/\/dicodusport.fr\/blog\/wp-content\/uploads\/2024\/10\/Cyclisme-La-saison-2024-de-Tadej-Pogacar-en-chiffres.png","keywords":["br\u00e8ve","Cyclisme","sport","Tadej Pogacar"],"articleSection":["Cyclisme sur route"],"inLanguage":"fr-FR","potentialAction":[{"@type":"CommentAction","name":"Comment","target":["https:\/\/dicodusport.fr\/blog\/la-saison-2024-dementielle-de-tadej-pogacar-en-chiffres\/#respond"]}],"copyrightYear":"2024","copyrightHolder":{"@id":"https:\/\/dicodusport.fr\/blog\/#organization"}},{"@type":"WebPage","@id":"https:\/\/dicodusport.fr\/blog\/la-saison-2024-dementielle-de-tadej-pogacar-en-chiffres\/","url":"https:\/\/dicodusport.fr\/blog\/la-saison-2024-dementielle-de-tadej-pogacar-en-chiffres\/","name":"La saison 2024 d\u00e9mentielle de Tadej Pogacar en chiffres","isPartOf":{"@id":"https:\/\/dicodusport.fr\/blog\/#website"},"primaryImageOfPage":{"@id":"https:\/\/dicodusport.fr\/blog\/la-saison-2024-dementielle-de-tadej-pogacar-en-chiffres\/#primaryimage"},"image":{"@id":"https:\/\/dicodusport.fr\/blog\/la-saison-2024-dementielle-de-tadej-pogacar-en-chiffres\/#primaryimage"},"thumbnailUrl":"https:\/\/dicodusport.fr\/blog\/wp-content\/uploads\/2024\/10\/Cyclisme-La-saison-2024-de-Tadej-Pogacar-en-chiffres.png","datePublished":"2024-10-13T12:43:26+00:00","dateModified":"2024-10-15T09:02:14+00:00","description":"CYCLISME - Retour en chiffres sur la saison 2024 de Tadej Pogacar. Peut-\u00eatre la meilleure de l'histoire pour un coureur.","breadcrumb":{"@id":"https:\/\/dicodusport.fr\/blog\/la-saison-2024-dementielle-de-tadej-pogacar-en-chiffres\/#breadcrumb"},"inLanguage":"fr-FR","potentialAction":[{"@type":"ReadAction","target":["https:\/\/dicodusport.fr\/blog\/la-saison-2024-dementielle-de-tadej-pogacar-en-chiffres\/"]}]},{"@type":"ImageObject","inLanguage":"fr-FR","@id":"https:\/\/dicodusport.fr\/blog\/la-saison-2024-dementielle-de-tadej-pogacar-en-chiffres\/#primaryimage","url":"https:\/\/dicodusport.fr\/blog\/wp-content\/uploads\/2024\/10\/Cyclisme-La-saison-2024-de-Tadej-Pogacar-en-chiffres.png","contentUrl":"https:\/\/dicodusport.fr\/blog\/wp-content\/uploads\/2024\/10\/Cyclisme-La-saison-2024-de-Tadej-Pogacar-en-chiffres.png","width":1200,"height":674,"caption":"Cyclisme - La saison 2024 de Tadej Pogacar en chiffres"},{"@type":"BreadcrumbList","@id":"https:\/\/dicodusport.fr\/blog\/la-saison-2024-dementielle-de-tadej-pogacar-en-chiffres\/#breadcrumb","itemListElement":[{"@type":"ListItem","position":1,"name":"Accueil","item":"https:\/\/dicodusport.fr\/blog\/"},{"@type":"ListItem","position":2,"name":"La saison 2024 d\u00e9mentielle de Tadej Pogacar en chiffres"}]},{"@type":"WebSite","@id":"https:\/\/dicodusport.fr\/blog\/#website","url":"https:\/\/dicodusport.fr\/blog\/","name":"Dicodusport","description":"L&#039;encyclop\u00e9die de l&#039;actualit\u00e9 sportive","publisher":{"@id":"https:\/\/dicodusport.fr\/blog\/#organization"},"potentialAction":[{"@type":"SearchAction","target":{"@type":"EntryPoint","urlTemplate":"https:\/\/dicodusport.fr\/blog\/?s={search_term_string}"},"query-input":{"@type":"PropertyValueSpecification","valueRequired":true,"valueName":"search_term_string"}}],"inLanguage":"fr-FR"},{"@type":"NewsMediaOrganization","@id":"https:\/\/dicodusport.fr\/blog\/#organization","name":"Dicodusport","url":"https:\/\/dicodusport.fr\/blog\/","logo":{"@type":"ImageObject","inLanguage":"fr-FR","@id":"https:\/\/dicodusport.fr\/blog\/#\/schema\/logo\/image\/","url":"https:\/\/dicodusport.fr\/blog\/wp-content\/uploads\/2020\/06\/cropped-LOGO-DICODUSPORT-2020-SANS-FOND-SANS-TEXTE.png","contentUrl":"https:\/\/dicodusport.fr\/blog\/wp-content\/uploads\/2020\/06\/cropped-LOGO-DICODUSPORT-2020-SANS-FOND-SANS-TEXTE.png","width":512,"height":512,"caption":"Dicodusport"},"image":{"@id":"https:\/\/dicodusport.fr\/blog\/#\/schema\/logo\/image\/"},"sameAs":["https:\/\/www.facebook.com\/dicodusport","https:\/\/x.com\/dicodusport","https:\/\/www.instagram.com\/dicodusport\/","https:\/\/www.youtube.com\/channel\/UC7V2KZ5sd3htJivAbA4ZG3w"],"description":"Dicodusport est l'encyclop\u00e9die de l'actualit\u00e9 sportive.","email":"bonjour@dicodusport.fr","legalName":"DICODUSPORT","foundingDate":"2018-01-14","vatID":"FR71834470973","taxID":"83447097300043","numberOfEmployees":{"@type":"QuantitativeValue","minValue":"1","maxValue":"10"}},{"@type":"Person","@id":"https:\/\/dicodusport.fr\/blog\/#\/schema\/person\/d603dd7da31fb2b46c82b9835a77ec13","name":"Etienne Goursaud","image":{"@type":"ImageObject","inLanguage":"fr-FR","@id":"https:\/\/dicodusport.fr\/blog\/#\/schema\/person\/image\/","url":"https:\/\/dicodusport.fr\/blog\/wp-content\/uploads\/2023\/12\/410122264_10231602061736049_5565839791558026645_n-150x150.jpg","contentUrl":"https:\/\/dicodusport.fr\/blog\/wp-content\/uploads\/2023\/12\/410122264_10231602061736049_5565839791558026645_n-150x150.jpg","caption":"Etienne Goursaud"},"description":"Journaliste et amoureux de sport. Ancien footballeur reconverti athl\u00e8te quand ses muscles le laissent tranquille. \u00c9lev\u00e9 \u00e0 la sauce des exploits de Thomas Voeckler en 2004, du dernier essai de l\u00e9gende de Eunice Barber \u00e0 la longueur lors des championnats du monde d'athl\u00e9tisme de 2003 mais aussi Zidane, Omeyer et Titou Lamaison.","url":"https:\/\/dicodusport.fr\/blog\/author\/etienne-goursaud\/"}]}},"_links":{"self":[{"href":"https:\/\/dicodusport.fr\/blog\/wp-json\/wp\/v2\/posts\/526024","targetHints":{"allow":["GET"]}}],"collection":[{"href":"https:\/\/dicodusport.fr\/blog\/wp-json\/wp\/v2\/posts"}],"about":[{"href":"https:\/\/dicodusport.fr\/blog\/wp-json\/wp\/v2\/types\/post"}],"author":[{"embeddable":true,"href":"https:\/\/dicodusport.fr\/blog\/wp-json\/wp\/v2\/users\/83"}],"replies":[{"embeddable":true,"href":"https:\/\/dicodusport.fr\/blog\/wp-json\/wp\/v2\/comments?post=526024"}],"version-history":[{"count":5,"href":"https:\/\/dicodusport.fr\/blog\/wp-json\/wp\/v2\/posts\/526024\/revisions"}],"predecessor-version":[{"id":526566,"href":"https:\/\/dicodusport.fr\/blog\/wp-json\/wp\/v2\/posts\/526024\/revisions\/526566"}],"wp:featuredmedia":[{"embeddable":true,"href":"https:\/\/dicodusport.fr\/blog\/wp-json\/wp\/v2\/media\/526051"}],"wp:attachment":[{"href":"https:\/\/dicodusport.fr\/blog\/wp-json\/wp\/v2\/media?parent=526024"}],"wp:term":[{"taxonomy":"category","embeddable":true,"href":"https:\/\/dicodusport.fr\/blog\/wp-json\/wp\/v2\/categories?post=526024"},{"taxonomy":"post_tag","embeddable":true,"href":"https:\/\/dicodusport.fr\/blog\/wp-json\/wp\/v2\/tags?post=526024"}],"curies":[{"name":"wp","href":"https:\/\/api.w.org\/{rel}","templated":true}]}}