{"id":526210,"date":"2024-10-14T12:59:55","date_gmt":"2024-10-14T10:59:55","guid":{"rendered":"https:\/\/dicodusport.fr\/blog\/?p=526210&#038;preview=true&#038;preview_id=526210"},"modified":"2024-10-15T14:12:17","modified_gmt":"2024-10-15T12:12:17","slug":"magnier-laurance-gregoire-un-an-apres-quel-bilan-pour-nos-espoirs-francais-pour-2024","status":"publish","type":"post","link":"https:\/\/dicodusport.fr\/blog\/magnier-laurance-gregoire-un-an-apres-quel-bilan-pour-nos-espoirs-francais-pour-2024\/","title":{"rendered":"Magnier, Laurance, Gr\u00e9goire : Un an apr\u00e8s, quel bilan pour nos espoirs fran\u00e7ais pour 2024 ?"},"content":{"rendered":"<h4 style=\"text-align: justify;\"><em>CYCLISME &#8211; Il y a un an, <a href=\"https:\/\/dicodusport.fr\/blog\/cyclisme-sur-route-nos-6-revelations-francaises-de-la-saison-2023\/\">nous dressions le bilan des r\u00e9v\u00e9lations fran\u00e7aises en 2023<\/a>. Quel bilan peut-on tirer un an apr\u00e8s ?<\/em><\/h4>\n<ul style=\"text-align: justify;\">\n<li style=\"text-align: justify;\"><strong>\u00c0 lire aussi \u2013\u00a0<a href=\"https:\/\/dicodusport.fr\/blog\/actualites\/cyclisme\/cyclisme-sur-route-2023\/\">L\u2019actualit\u00e9 du cyclisme sur route<\/a><\/strong><\/li>\n<\/ul>\n<h2 style=\"text-align: justify;\">Ils ont gagn\u00e9 en World Tour<\/h2>\n<h3 style=\"text-align: justify;\">Axel Laurance<\/h3>\n<p style=\"text-align: justify;\">Lors de notre bilan en fin de saison derni\u00e8re, <strong>Axel Laurance<\/strong> venait d&rsquo;\u00eatre sacr\u00e9 <a href=\"https:\/\/dicodusport.fr\/blog\/cyclisme-championnats-du-monde-2023-axel-laurance-champion-du-monde-espoirs\/\">champion du monde chez les espoirs<\/a>.<strong> Romain Gr\u00e9goire<\/strong> sortait lui d&rsquo;une saison prometteuse pour ses d\u00e9buts dans l&rsquo;\u00e9lite tandis que <strong>K\u00e9vin Vauquelin<\/strong>, auteur d&rsquo;une belle saison, cherchait encore une victoire r\u00e9f\u00e9rence en World Tour. Tous ont ouvert leur compteur \u00e0 ce niveau en 2024. Dans l&rsquo;ordre, <strong>Axel Laurance<\/strong> a \u00e9t\u00e9 le premier \u00e0 lever les bras, c&rsquo;\u00e9tait sur <a href=\"https:\/\/dicodusport.fr\/blog\/tour-de-catalogne-2024-axel-laurance-decroche-la-5e-etape-au-sprint\/\">le Tour de Catalogne en mars<\/a>. Il s&rsquo;agissait alors de sa deuxi\u00e8me course en WT seulement, apr\u00e8s la Bretagne Classic &#8211; Ouest-France en 2022. Il avait alors termin\u00e9 deuxi\u00e8me \u00e0 la surprise g\u00e9n\u00e9rale alors qu&rsquo;il courait avec l&rsquo;\u00e9quipe aujourd&rsquo;hui disparue B&amp;B Hotels &#8211; KTM. En Catalogne, le Fran\u00e7ais s&rsquo;est impos\u00e9 au sprint devant des coureurs tels que <strong>Marijn van den Berg<\/strong> ou <strong>Bryan Coquard<\/strong>.<\/p>\n<p style=\"text-align: justify;\">Le mois d&rsquo;avant d\u00e9j\u00e0, il s&rsquo;\u00e9tait offert une victoire r\u00e9f\u00e9rence en devan\u00e7ant <strong>Mads Pedersen<\/strong> (13 victoires cette ann\u00e9e) et <strong>K\u00e9vin Vauquelin<\/strong>, au sprint, sur les contreforts de Rousson sur l&rsquo;\u00c9toile de Bess\u00e8ges (course de cat\u00e9gorie 2, le troisi\u00e8me \u00e9chelon). Loin de se contenter d&rsquo;un d\u00e9but de saison prolifique, le Breton s&rsquo;imposait \u00e0 nouveau en mai sur le Tour de Norv\u00e8ge (UCI Pro Series, le deuxi\u00e8me \u00e9chelon, derri\u00e8re le World Tour) en empochant une \u00e9tape et le g\u00e9n\u00e9ral. Sur le Tour de Lombardie, <strong>Axel Laurance<\/strong> achevait le week-end dernier une remarquable premi\u00e8re saison pleine en World Tour. S&rsquo;il n&rsquo;a pas ralli\u00e9 l&rsquo;arriv\u00e9e, il disputait d\u00e9j\u00e0 son troisi\u00e8me monument, quelques semaines avant de rejoindre INEOS Grenadiers pour les deux prochaines saisons.<\/p>\n<div class=\"vlp-link-container vlp-layout-article\"><a href=\"https:\/\/dicodusport.fr\/blog\/transferts-cyclisme-axel-laurance-rejoint-ineos-grenadiers\/\" class=\"vlp-link\" title=\"Transferts Cyclisme : Axel Laurance rejoint INEOS Grenadiers\"><\/a><div class=\"vlp-layout-zone-side\"><div class=\"vlp-block-4 vlp-link-image\"><img loading=\"lazy\" decoding=\"async\" style=\"max-width: 792px;\" width=\"792\" height=\"445\" src=\"https:\/\/dicodusport.fr\/blog\/wp-content\/uploads\/2024\/09\/Transferts-Cyclisme-Axel-Laurance-rejoint-INEOS-Grenadiers.png\" class=\"attachment-800x445 size-800x445\" alt=\"Transferts Cyclisme Axel Laurance rejoint INEOS Grenadiers\" srcset=\"https:\/\/dicodusport.fr\/blog\/wp-content\/uploads\/2024\/09\/Transferts-Cyclisme-Axel-Laurance-rejoint-INEOS-Grenadiers.png 1200w, https:\/\/dicodusport.fr\/blog\/wp-content\/uploads\/2024\/09\/Transferts-Cyclisme-Axel-Laurance-rejoint-INEOS-Grenadiers-300x169.png 300w, https:\/\/dicodusport.fr\/blog\/wp-content\/uploads\/2024\/09\/Transferts-Cyclisme-Axel-Laurance-rejoint-INEOS-Grenadiers-1024x575.png 1024w, https:\/\/dicodusport.fr\/blog\/wp-content\/uploads\/2024\/09\/Transferts-Cyclisme-Axel-Laurance-rejoint-INEOS-Grenadiers-768x431.png 768w\" sizes=\"auto, (max-width: 792px) 100vw, 792px\" \/><\/div><\/div><div class=\"vlp-layout-zone-main\"><div class=\"vlp-block-0 vlp-link-title\">Transferts Cyclisme : Axel Laurance rejoint INEOS Grenadiers<\/div><div class=\"vlp-block-1 vlp-link-summary\">CYCLISME SUR ROUTE - Les bruits de ces derni\u00e8res semaines vont bien se concr\u00e9tiser, et Axel Laurance va rejoindre INEOS Grenadiers la saison prochaine.<\/div><div class=\"vlp-block-2 vlp-link-button\">Lire l'article<\/div><div class=\"vlp-block-3 vlp-link-url\">dicodusport.fr<\/div><\/div><\/div>\n<h3 style=\"text-align: justify;\">Romain Gr\u00e9goire<\/h3>\n<p style=\"text-align: justify;\">Lui avait d\u00e9tonn\u00e9 lors de sa premi\u00e8re saison dans l&rsquo;\u00e9lite en 2023 (5 victoires et une remarquable 8e place aux Strade Bianche). Cette ann\u00e9e, le jeune coureur de la Groupama-FDJ semble avoir pass\u00e9 un nouveau cap. Si cela ne se ressent pas forc\u00e9ment sur le plan comptable &#8211; une victoire seulement -, <strong>Romain Gr\u00e9goire<\/strong> a ouvert son compteur en World Tour en s&rsquo;imposant au sprint sur la <a href=\"https:\/\/dicodusport.fr\/blog\/tour-du-pays-basque-2024-romain-gregoire-remporte-la-5e-etape\/\">5e \u00e9tape du Tour du Pays Basque<\/a>. Plus t\u00f4t, lors de la <a href=\"https:\/\/dicodusport.fr\/blog\/tour-du-pays-basque-2024-premiere-victoire-en-world-tour-pour-paul-lapeira\/\">2e \u00e9tape remport\u00e9e par <strong>Paul Lapeira<\/strong><\/a>, Gr\u00e9goire semblait d\u00e9j\u00e0 en mesure de s&rsquo;imposer : en t\u00eate du peloton, il glissait n\u00e9anmoins \u00e0 quelques hectom\u00e8tres de l&rsquo;arriv\u00e9e.<\/p>\n<p style=\"text-align: justify;\">Depuis, le Fran\u00e7ais n&rsquo;a pas relev\u00e9 les bras. Pourtant, il n&rsquo;est pas pass\u00e9 loin de le faire, sur la Faun-Ard\u00e8che Classic, sur la deuxi\u00e8me \u00e9tape du Crit\u00e9rium du Dauphin\u00e9 o\u00f9, plus r\u00e9cemment, sur la Coppa Agostini, deuxi\u00e8me \u00e0 chaque fois. Il s&rsquo;est \u00e9galement montr\u00e9 \u00e0 son aise sur le Tour de France (quatre fois \u00e9chapp\u00e9) et dans la foul\u00e9e, sur le Tour de Pologne, \u00e9preuve World Tour o\u00f9 il a termin\u00e9 4e du g\u00e9n\u00e9ral. L&rsquo;an prochain, il \u00e9voluera \u00e0 nouveau sous le maillot de la Groupama-FDJ, \u00e9quipe \u00e0 laquelle il est li\u00e9 jusqu&rsquo;en 2027.<\/p>\n<div class=\"vlp-link-container vlp-layout-article\"><a href=\"https:\/\/dicodusport.fr\/blog\/transferts-cyclisme-avenir-scelle-pour-romain-gregoire\/\" class=\"vlp-link\" title=\"Transferts Cyclisme : Avenir scell\u00e9 pour Romain Gr\u00e9goire\"><\/a><div class=\"vlp-layout-zone-side\"><div class=\"vlp-block-4 vlp-link-image\"><img loading=\"lazy\" decoding=\"async\" style=\"max-width: 792px;\" width=\"792\" height=\"445\" src=\"https:\/\/dicodusport.fr\/blog\/wp-content\/uploads\/2024\/07\/Transferts-Cyclisme-Avenir-scelle-pour-Romain-Gregoire.png\" class=\"attachment-800x445 size-800x445\" alt=\"Transferts Cyclisme : Avenir scell\u00e9 pour Romain Gr\u00e9goire\" srcset=\"https:\/\/dicodusport.fr\/blog\/wp-content\/uploads\/2024\/07\/Transferts-Cyclisme-Avenir-scelle-pour-Romain-Gregoire.png 1200w, https:\/\/dicodusport.fr\/blog\/wp-content\/uploads\/2024\/07\/Transferts-Cyclisme-Avenir-scelle-pour-Romain-Gregoire-300x169.png 300w, https:\/\/dicodusport.fr\/blog\/wp-content\/uploads\/2024\/07\/Transferts-Cyclisme-Avenir-scelle-pour-Romain-Gregoire-1024x575.png 1024w, https:\/\/dicodusport.fr\/blog\/wp-content\/uploads\/2024\/07\/Transferts-Cyclisme-Avenir-scelle-pour-Romain-Gregoire-768x431.png 768w\" sizes=\"auto, (max-width: 792px) 100vw, 792px\" \/><\/div><\/div><div class=\"vlp-layout-zone-main\"><div class=\"vlp-block-0 vlp-link-title\">Transferts Cyclisme : Avenir scell\u00e9 pour Romain Gr\u00e9goire<\/div><div class=\"vlp-block-1 vlp-link-summary\">CYCLISME SUR ROUTE - Ce lundi, la Groupama-FDJ a annonc\u00e9 la prolongation pour une dur\u00e9e de trois ans de l'un de ses nouveaux fers de lance, Romain Gr\u00e9goire.\u00a0<\/div><div class=\"vlp-block-2 vlp-link-button\">Lire l'article<\/div><div class=\"vlp-block-3 vlp-link-url\">dicodusport.fr<\/div><\/div><\/div>\n<h3 style=\"text-align: justify;\">K\u00e9vin Vauquelin<\/h3>\n<p style=\"text-align: justify;\">Il y a un an, nous h\u00e9sitions \u00e0 le classer parmi nos r\u00e9v\u00e9lations puisqu&rsquo;il disposait d\u00e9j\u00e0 de r\u00e9f\u00e9rences en 2022. Cette ann\u00e9e, <strong>K\u00e9vin Vauquelin<\/strong> nous a confirm\u00e9 les promesses mises en lui puisque s&rsquo;il ne s&rsquo;est impos\u00e9 qu&rsquo;\u00e0 deux reprises &#8211; soit une de moins qu&rsquo;en 2023 -, le coureur d&rsquo;Ark\u00e9a &#8211; B&amp;B Hotels a offert \u00e0 son \u00e9quipe <a href=\"https:\/\/dicodusport.fr\/blog\/tour-de-france-2024-heroique-kevin-vauquelin-sadjuge-la-2eme-etape\/\">un succ\u00e8s de prestige, le premier pour la formation bretonne, au Tour de France<\/a>. Apr\u00e8s une \u00e9chapp\u00e9e de pr\u00e8s de 200 km, le Fran\u00e7ais a lev\u00e9 les bras au terme d&rsquo;un num\u00e9ro au cours duquel il s&rsquo;est d\u00e9fait un par un de ses compagnons d&rsquo;\u00e9chapp\u00e9e, jusqu&rsquo;\u00e0 faire craquer le grand gabarit de <strong>Jonas Abrahamsen<\/strong> dans les plus forts pourcentages de la c\u00f4te de San Luca sur la deuxi\u00e8me \u00e9tape entre Cesenatico et Bologne.<\/p>\n<p style=\"text-align: justify;\">Quelques mois auparavant, on l&rsquo;avait d\u00e9j\u00e0 vu \u00e0 son avantage sur Tirreno-Adriatico (3e du sprint de la 3e \u00e9tape) mais surtout au sommet du Mur de Huy o\u00f9 il a termin\u00e9 dans la roue de <strong>Stephen Williams<\/strong>, finissant ainsi <a href=\"https:\/\/dicodusport.fr\/blog\/la-fleche-wallonne-2024-stephen-williams-lemporte-devant-kevin-vauquelin\/\">deuxi\u00e8me de la Fl\u00e8che Wallonne<\/a> en devan\u00e7ant notamment <strong>Maxim Van Gils<\/strong> ou <strong>Beno\u00eet Cosnefroy<\/strong>.<\/p>\n<div id=\"attachment_496920\" style=\"width: 750px\" class=\"wp-caption aligncenter\"><a href=\"https:\/\/dicodusport.fr\/blog\/wp-content\/uploads\/2024\/06\/Tour-de-France-2024-Heroique-Kevin-Vauquelin-sadjuge-la-2eme-etape-1.png\"><img loading=\"lazy\" decoding=\"async\" aria-describedby=\"caption-attachment-496920\" class=\"size-large wp-image-496920\" src=\"https:\/\/dicodusport.fr\/blog\/wp-content\/uploads\/2024\/06\/Tour-de-France-2024-Heroique-Kevin-Vauquelin-sadjuge-la-2eme-etape-1-1024x575.png\" alt=\"Tour de France 2024 H\u00e9roique, K\u00e9vin Vauquelin s\u2019adjuge la 2\u00e8me \u00e9tape (1)\" width=\"740\" height=\"416\" srcset=\"https:\/\/dicodusport.fr\/blog\/wp-content\/uploads\/2024\/06\/Tour-de-France-2024-Heroique-Kevin-Vauquelin-sadjuge-la-2eme-etape-1-1024x575.png 1024w, https:\/\/dicodusport.fr\/blog\/wp-content\/uploads\/2024\/06\/Tour-de-France-2024-Heroique-Kevin-Vauquelin-sadjuge-la-2eme-etape-1-300x169.png 300w, https:\/\/dicodusport.fr\/blog\/wp-content\/uploads\/2024\/06\/Tour-de-France-2024-Heroique-Kevin-Vauquelin-sadjuge-la-2eme-etape-1-768x431.png 768w, https:\/\/dicodusport.fr\/blog\/wp-content\/uploads\/2024\/06\/Tour-de-France-2024-Heroique-Kevin-Vauquelin-sadjuge-la-2eme-etape-1.png 1200w\" sizes=\"auto, (max-width: 740px) 100vw, 740px\" \/><\/a><p id=\"caption-attachment-496920\" class=\"wp-caption-text\">Tour de France 2024 &#8211; H\u00e9roique, K\u00e9vin Vauquelin s\u2019adjuge la 2\u00e8me \u00e9tape &#8211; Photo Icon Sport<\/p><\/div>\n<h2 style=\"text-align: justify;\">Le cas Paul Magnier<\/h2>\n<p style=\"text-align: justify;\">Qui aurait pu pr\u00e9dire une telle saison pour <strong>Paul Magnier<\/strong>\u00a0? Il y a un an, il figurait dans la cat\u00e9gorie \u00ab <em>Ils auraient pu \u00eatre cit\u00e9s\u2026<\/em> \u00bb de notre article dans la mesure o\u00f9 on ne le voyait pas s&rsquo;imposer si vite au plus haut niveau. Et pourtant, pour sa premi\u00e8re saison en World Tour avec Soudal Quick-Step, le Fran\u00e7ais, arriv\u00e9 cette ann\u00e9e en provenance de la modeste formation Trinity Racing, a \u00e9bloui. Certes, il n&rsquo;a pas lev\u00e9 les bras en World Tour.<\/p>\n<p style=\"text-align: justify;\">N\u00e9anmoins, \u00e0 tout juste 20 ans, il a lev\u00e9 les bras \u00e0 8 reprises dont trois sur des courses espoirs puisque sa pr\u00e9cocit\u00e9 fait qu&rsquo;on l&rsquo;a tant\u00f4t vu s&rsquo;aligner sur des courses r\u00e9serv\u00e9es aux moins de 23 ans (sur le Tour d&rsquo;Italie espoirs par exemple, 2 victoires d&rsquo;\u00e9tapes) tant\u00f4t sur des courses World Tour, comme sur la Bretagne Classic &#8211; Ouest-France o\u00f9 <a href=\"https:\/\/dicodusport.fr\/blog\/bretagne-classic-2024-marc-hirschi-lemporte-en-solitaire\/\">il a brillamment termin\u00e9 deuxi\u00e8me<\/a> derri\u00e8re un <strong>Marc Hirschi<\/strong> en pleine bourre.<\/p>\n<div class=\"vlp-link-container vlp-layout-article\"><a href=\"https:\/\/dicodusport.fr\/blog\/tour-de-grande-bretagne-2024-la-passe-de-trois-pour-paul-magnier-sur-la-5eme-etape\/\" class=\"vlp-link\" title=\"Tour de Grande-Bretagne 2024 : La passe de trois pour Paul Magnier sur la 5\u00e8me \u00e9tape\"><\/a><div class=\"vlp-layout-zone-side\"><div class=\"vlp-block-4 vlp-link-image\"><img loading=\"lazy\" decoding=\"async\" style=\"max-width: 792px;\" width=\"792\" height=\"445\" src=\"https:\/\/dicodusport.fr\/blog\/wp-content\/uploads\/2024\/09\/Tour-de-Grande-Bretagne-2024-La-passe-de-trois-pour-Paul-Magnier-sur-la-5eme-etape.png\" class=\"attachment-800x445 size-800x445\" alt=\"Tour de Grande-Bretagne 2024 La passe de trois pour Paul Magnier sur la 5\u00e8me \u00e9tape\" srcset=\"https:\/\/dicodusport.fr\/blog\/wp-content\/uploads\/2024\/09\/Tour-de-Grande-Bretagne-2024-La-passe-de-trois-pour-Paul-Magnier-sur-la-5eme-etape.png 1200w, https:\/\/dicodusport.fr\/blog\/wp-content\/uploads\/2024\/09\/Tour-de-Grande-Bretagne-2024-La-passe-de-trois-pour-Paul-Magnier-sur-la-5eme-etape-300x169.png 300w, https:\/\/dicodusport.fr\/blog\/wp-content\/uploads\/2024\/09\/Tour-de-Grande-Bretagne-2024-La-passe-de-trois-pour-Paul-Magnier-sur-la-5eme-etape-1024x575.png 1024w, https:\/\/dicodusport.fr\/blog\/wp-content\/uploads\/2024\/09\/Tour-de-Grande-Bretagne-2024-La-passe-de-trois-pour-Paul-Magnier-sur-la-5eme-etape-768x431.png 768w\" sizes=\"auto, (max-width: 792px) 100vw, 792px\" \/><\/div><\/div><div class=\"vlp-layout-zone-main\"><div class=\"vlp-block-0 vlp-link-title\">Tour de Grande-Bretagne 2024 : La passe de trois pour Paul Magnier sur la 5\u00e8me \u00e9tape<\/div><div class=\"vlp-block-1 vlp-link-summary\">La passe de trois pour Paul Magnier sur la 5\u00e8me \u00e9tape<\/div><div class=\"vlp-block-2 vlp-link-button\">Lire l'article<\/div><div class=\"vlp-block-3 vlp-link-url\">dicodusport.fr<\/div><\/div><\/div>\n<p style=\"text-align: justify;\">Sa saison avait d\u00e9but\u00e9 de la meilleure des mani\u00e8res sur le Trofeo Ses Salines-Felanitx. Pour sa premi\u00e8re course avec la formation belge, <a href=\"https:\/\/dicodusport.fr\/blog\/trofeo-ses-salines-felanitx-2024-le-francais-paul-magnier-simpose\/\">le Fran\u00e7ais s&rsquo;\u00e9tait impos\u00e9<\/a> devant <strong>Alberto Dainese<\/strong> et son jeune co\u00e9quipier <strong>Luke Lamperti<\/strong>, arriv\u00e9 lui aussi de la Trinity Racing. Des d\u00e9buts r\u00eav\u00e9s qui se sont poursuivis puisque deux semaines apr\u00e8s, il levait les bras sur le Tour d&rsquo;Oman. Plus r\u00e9cemment, <strong>Magnier<\/strong> a offert un r\u00e9cital sur le Tour de Grande-Bretagne : trois victoires, quatre podiums, cinq top 10 en autant d&rsquo;\u00e9tapes. Il n&rsquo;avait n\u00e9anmoins pas termin\u00e9 l&rsquo;\u00e9preuve, contraint \u00e0 l&rsquo;abandon apr\u00e8s une chute sur la sixi\u00e8me et derni\u00e8re \u00e9tape, le privant par ailleurs des Championnats d&rsquo;Europe espoirs.<\/p>\n<p style=\"text-align: justify;\">L&rsquo;an prochain, on peut supposer le voir continuer son apprentissage du World Tour : apr\u00e8s avoir disput\u00e9 quatre \u00e9preuves \u00e0 ce niveau cette saison, la logique serait de le voir aligner sur davantage de courses. Il n&rsquo;est pas non plus impossible de le voir align\u00e9 sur un premier Grand Tour, possiblement le Giro ou la Vuelta, course souvent utilis\u00e9e par les \u00e9quipes comme bapt\u00eame de trois semaines pour les jeunes coureurs.<\/p>\n<h2 style=\"text-align: justify;\">Eux aussi ont fait une belle saison<\/h2>\n<h3>Lenny Martinez<\/h3>\n<p style=\"text-align: justify;\">Ne nous m\u00e9prenons pas et ne r\u00e9sumons pas la saison de <strong>Lenny Martinez<\/strong> au Tour de France, sur lequel il a \u00e9t\u00e9 fantomatique. Sa participation ayant \u00e9t\u00e9 d\u00e9cid\u00e9e \u00e0 la derni\u00e8re minute, le jeune Fran\u00e7ais, porteur du maillot rouge l&rsquo;an dernier sur la Vuelta, \u00e9tait alors en fin de cycle et paraissait d\u00e9j\u00e0 \u00e9mouss\u00e9 quelques jours avant sur le Tour de Suisse. Ses seuls faits d&rsquo;armes sur la Grande Boucle sont une \u00e9chapp\u00e9e de 109 km sur la 15e \u00e9tape, et une 11e place sur le chrono final. Depuis, on ne l&rsquo;a presque plus vu en course.<\/p>\n<p style=\"text-align: justify;\">Auparavant pourtant, le jeune grimpeur de 21 ans s&rsquo;\u00e9tait montr\u00e9 \u00e0 son aise puisqu&rsquo;il totalise cette ann\u00e9e cinq victoires dont une sur le Trofeo Laigueglia, une course class\u00e9e UCI Pro Series. Il l&rsquo;avait alors emport\u00e9, devan\u00e7ant des noms tels qu&rsquo;<strong>Andrea\u00a0Vendrame<\/strong> et surtout<strong> Juan Ayuso<\/strong>. Hormis cette course, on l&rsquo;a vu triompher sur la Classic Var, tr\u00e8s t\u00f4t dans la saison, la Classic Grand Besan\u00e7on Doubs, puis le Tour du Doubs deux jours apr\u00e8s, et la Mercan&rsquo;Tour Classic Alpes-Maritimes. En outre, on l&rsquo;a vu \u00e0 son avantage sur les Strade Bianche (8e) ainsi que sur le O Gran Cami\u00f1o &#8211; The Historical Route (2.1) et le Tour de Catalogne (WT) respectivement 2e et 7e du g\u00e9n\u00e9ral et vainqueur sur les deux courses du classement du meilleur jeune.<\/p>\n<div class=\"vlp-link-container vlp-layout-article\"><a href=\"https:\/\/dicodusport.fr\/blog\/mercantour-classic-2024-lenny-martinez-rafle-la-4e-edition-avec-autorite\/\" class=\"vlp-link\" title=\"Mercan&#039;Tour Classic 2024 : Lenny Martinez rafle la 4e \u00e9dition avec autorit\u00e9\"><\/a><div class=\"vlp-layout-zone-side\"><div class=\"vlp-block-4 vlp-link-image\"><img loading=\"lazy\" decoding=\"async\" style=\"max-width: 792px;\" width=\"792\" height=\"445\" src=\"https:\/\/dicodusport.fr\/blog\/wp-content\/uploads\/2024\/05\/MercanTour-Classic-2024-Lenny-Martinez-rafle-la-4e-edition-avec-autorite-2.png\" class=\"attachment-800x445 size-800x445\" alt=\"Mercan&#039;Tour Classic 2024 Lenny Martinez rafle la 4e \u00e9dition avec autorit\u00e9 (2)\" srcset=\"https:\/\/dicodusport.fr\/blog\/wp-content\/uploads\/2024\/05\/MercanTour-Classic-2024-Lenny-Martinez-rafle-la-4e-edition-avec-autorite-2.png 1200w, https:\/\/dicodusport.fr\/blog\/wp-content\/uploads\/2024\/05\/MercanTour-Classic-2024-Lenny-Martinez-rafle-la-4e-edition-avec-autorite-2-300x169.png 300w, https:\/\/dicodusport.fr\/blog\/wp-content\/uploads\/2024\/05\/MercanTour-Classic-2024-Lenny-Martinez-rafle-la-4e-edition-avec-autorite-2-1024x575.png 1024w, https:\/\/dicodusport.fr\/blog\/wp-content\/uploads\/2024\/05\/MercanTour-Classic-2024-Lenny-Martinez-rafle-la-4e-edition-avec-autorite-2-768x431.png 768w\" sizes=\"auto, (max-width: 792px) 100vw, 792px\" \/><\/div><\/div><div class=\"vlp-layout-zone-main\"><div class=\"vlp-block-0 vlp-link-title\">Mercan'Tour Classic 2024 : Lenny Martinez rafle la 4e \u00e9dition avec autorit\u00e9<\/div><div class=\"vlp-block-1 vlp-link-summary\">MERCAN'TOUR CLASSIC 2024 -\u00a0 Lenny Martinez (Groupama-FDJ) a remport\u00e9 ce mercredi la 4e \u00e9dition de la Mercan'Tour Classic \u00e0 Valberg. Malgr\u00e9 une chute dans l'ultime ascension, le jeune coureur tricolore a r\u00e9ussi \u00e0 l\u00e2cher un \u00e0 un tous ses rivaux, dont Cl\u00e9ment Berthet (Decathlon AG2R), 2e.<\/div><div class=\"vlp-block-2 vlp-link-button\">Lire l'article<\/div><div class=\"vlp-block-3 vlp-link-url\">dicodusport.fr<\/div><\/div><\/div>\n<h3 style=\"text-align: justify;\">Mais aussi&#8230;<\/h3>\n<p style=\"text-align: justify;\">Dans l&rsquo;ombre des grands cyclistes fran\u00e7ais, ils ont pourtant fait une belle saison. On \u00e9voquait l&rsquo;an dernier <strong>Cl\u00e9ment Berthet<\/strong>, <strong>Jordan Jegat<\/strong> et <strong>Ewen Costiou<\/strong>. Seul le troisi\u00e8me a lev\u00e9 les bras cette ann\u00e9e (sur la 2e \u00e9tape du R\u00e9gion Pays de la Loire Tour) mais tous sont pass\u00e9s proche \u00e0 un moment ou \u00e0 un autre. <strong>Costiou<\/strong> totalise ainsi un podium sur le g\u00e9n\u00e9ral de cette \u00e9preuve et a d\u00e9couvert les courses de trois semaines en disputant le Giro. <strong>Cl\u00e9ment Berthet<\/strong> a confirm\u00e9 ses talents d\u00e8s que la route s&rsquo;\u00e9l\u00e8ve : 2e sur le Tour du Doubs et de la Mercan&rsquo;Tour Classic Alpes-Maritimes derri\u00e8re <strong>Lenny Martinez<\/strong> \u00e0 chaque fois, le Fran\u00e7ais de 27 ans a \u00e9t\u00e9 un grand artisan de la 2e place finale de <strong>Ben O&rsquo;Connor<\/strong> sur la Vuelta.<\/p>\n<p style=\"text-align: justify;\"><strong>Jordan Jegat<\/strong> est sans doute la plus belle r\u00e9v\u00e9lation parmi les trois puisqu&rsquo;il \u00e9tait s\u00fbrement le plus m\u00e9connu en d\u00e9but de saison. S&rsquo;il n&rsquo;a pas gagn\u00e9, il a cumul\u00e9 six podiums au cours de sa premi\u00e8re saison sous les couleurs de l&rsquo;\u00e9quipe TotalEnergies avec laquelle il est li\u00e9 jusqu&rsquo;en 2026. Arriv\u00e9 \u00e0 l&rsquo;intersaison en provenance de l&rsquo;\u00e9quipe CIC U Nantes Atlantique dans une \u00e9quipe r\u00e9put\u00e9e offensive, il sera sans doute l&rsquo;un des coureurs prot\u00e9g\u00e9s en 2025 et visera un premier bouquet en pro.<\/p>\n<h2 style=\"text-align: justify;\">La confirmation a \u00e9t\u00e9 difficile<\/h2>\n<h3 style=\"text-align: justify;\">Paul Penho\u00ebt<\/h3>\n<p style=\"text-align: justify;\">Deux victoires en 2022, autant en 2023, aucune en 2024. Tel est le bilan de <strong>Paul Penho\u00ebt<\/strong>. Pourtant, le sprinteur de la Groupama-FDJ est pass\u00e9 proche \u00e0 de tr\u00e8s nombreuses reprises. Le Fran\u00e7ais totalise ainsi 12 top 5 dont 7 podiums et cinq deuxi\u00e8mes places cette ann\u00e9e. Une difficult\u00e9 \u00e0 concr\u00e9tiser qui affiche les limites actuelles d&rsquo;un cycliste peu \u00e9pargn\u00e9 par les blessures ces derniers mois (z\u00e9ro podium en WT cette ann\u00e9e). Bless\u00e9 au genou tout le d\u00e9but de saison, il avait fait sa rentr\u00e9e sur le Circuit de Wallonie en mai avant une blessure au poignet subie sur le Tour de Slov\u00e9nie en juin, lui imposant une nouvelle indisponibilit\u00e9 d&rsquo;un mois. Tout l&rsquo;enjeu de la saison 2025 sera pour lui de retrouver le chemin de la victoire et engranger de la confiance pour esp\u00e9rer se faire une place sur les sprints du World Tour.<\/p>\n<h3 style=\"text-align: justify;\">Sandy Dujardin<\/h3>\n<p style=\"text-align: justify;\">On avait laiss\u00e9 un <strong>Sandy Dujardin<\/strong> h\u00e9ro\u00efque sur le Championnat d&rsquo;Europe 2023. Le natif de Mont-Saint-Aignan avait fait preuve de capacit\u00e9s de r\u00e9sistance impressionnantes, jouant un r\u00f4le cl\u00e9 dans <a href=\"https:\/\/dicodusport.fr\/blog\/cyclisme-championnats-deurope-2023-christophe-laporte-champion-deurope\/\">le sacre de <strong>Christophe Laporte<\/strong><\/a>. Malgr\u00e9 une deuxi\u00e8me place sur la Route Ad\u00e9lie de Vitr\u00e9, <strong>Sandy Dujardin<\/strong> n&rsquo;a pas go\u00fbt\u00e9 \u00e0 la victoire et devra attendre avant de d\u00e9crocher un deuxi\u00e8me succ\u00e8s chez les pros apr\u00e8s une \u00e9tape sur le Tour du Rwanda en 2022.<\/p>\n<p style=\"text-align: justify;\">Malgr\u00e9 tout, il est difficile de parler de d\u00e9ception puisque m\u00eame s&rsquo;il n&rsquo;a pas obtenu de victoire r\u00e9f\u00e9rence, il a \u00e0 nouveau fait valoir sa r\u00e9sistance et sa r\u00e9cup\u00e9ration puisqu&rsquo;il totalise jusqu&rsquo;\u00e0 pr\u00e9sent 11 334 km cette ann\u00e9e, soit 2 500 de plus que l&rsquo;an dernier et 67 jours de course (17 de plus qu&rsquo;en 2023 &#8211; loin toutefois des 92 de Patrick Gamper) tout en ayant termin\u00e9 ses courses \u00e0 65 reprises.<\/p>\n<h3 style=\"text-align: justify;\">Alexy Faure-Prost<\/h3>\n<p style=\"text-align: justify;\">Promu dans l&rsquo;\u00e9quipe Intermarch\u00e9-Wanty apr\u00e8s avoir fait ses gammes la saison derni\u00e8re avec Circus &#8211; ReUz &#8211; Technord, l&rsquo;\u00e9quipe de d\u00e9veloppement, <strong>Alexy Faure-Prost<\/strong> a d\u00e9couvert le World Tour pour sa premi\u00e8re saison pleine avec l&rsquo;\u00e9quipe pro. Malgr\u00e9 une dixi\u00e8me place au classement g\u00e9n\u00e9ral du Tour d&rsquo;Oman (UCI Pro Series) en d\u00e9but de saison, le jeune Fran\u00e7ais de 20 ans a connu une ann\u00e9e de rodage en se mettant avant tout au service de son \u00e9quipe. Aussi, le Tricolore a \u00e9t\u00e9 dans le dur physiquement une bonne partie de la saison, en raison d&rsquo;un taux de testost\u00e9rone beaucoup trop bas. Alors qu&rsquo;il disputera le Tour de Guangxi, derni\u00e8re course WT du calendrier, il ne totalise pour l&rsquo;instant pas le moindre top 10 sur une \u00e9tape ou course d&rsquo;un jour. L&rsquo;ann\u00e9e 2025 doit lui permettre de se montrer davantage afin de p\u00e9renniser sa place dans le peloton World Tour.<\/p>\n","protected":false},"excerpt":{"rendered":"<p>Un an apr\u00e8s, quel bilan pour nos espoirs fran\u00e7ais pour 2024 ?<\/p>\n","protected":false},"author":91,"featured_media":526429,"comment_status":"open","ping_status":"closed","sticky":false,"template":"","format":"standard","meta":{"_acf_changed":false,"_daextam_enable_autolinks":"1","footnotes":""},"categories":[46994],"tags":[26996,16878,574,31645,24],"class_list":["post-526210","post","type-post","status-publish","format-standard","has-post-thumbnail","hentry","category-cyclisme-sur-route","tag-axel-laurance","tag-breve","tag-cyclisme","tag-paul-magnier","tag-sport"],"acf":[],"yoast_head":"<!-- This site is optimized with the Yoast SEO Premium plugin v26.7 (Yoast SEO v26.7) - https:\/\/yoast.com\/wordpress\/plugins\/seo\/ -->\n<title>Magnier, Laurance, Gr\u00e9goire : Un an apr\u00e8s, quel bilan pour nos espoirs fran\u00e7ais pour 2024 ?<\/title>\n<meta name=\"description\" content=\"CYCLISME - Il y a un an, nous dressions le bilan des r\u00e9v\u00e9lations fran\u00e7aises en 2023. Quel bilan peut-on tirer un an apr\u00e8s ?\" \/>\n<meta name=\"robots\" content=\"index, follow, max-snippet:-1, max-image-preview:large, max-video-preview:-1\" \/>\n<link rel=\"canonical\" href=\"https:\/\/dicodusport.fr\/blog\/magnier-laurance-gregoire-un-an-apres-quel-bilan-pour-nos-espoirs-francais-pour-2024\/\" \/>\n<meta property=\"og:locale\" content=\"fr_FR\" \/>\n<meta property=\"og:type\" content=\"article\" \/>\n<meta property=\"og:title\" content=\"Magnier, Laurance, Gr\u00e9goire : Un an apr\u00e8s, quel bilan pour nos espoirs fran\u00e7ais pour 2024 ?\" \/>\n<meta property=\"og:description\" content=\"CYCLISME - Il y a un an, nous dressions le bilan des r\u00e9v\u00e9lations fran\u00e7aises en 2023. Quel bilan peut-on tirer un an apr\u00e8s ?\" \/>\n<meta property=\"og:url\" content=\"https:\/\/dicodusport.fr\/blog\/magnier-laurance-gregoire-un-an-apres-quel-bilan-pour-nos-espoirs-francais-pour-2024\/\" \/>\n<meta property=\"og:site_name\" content=\"Dicodusport\" \/>\n<meta property=\"article:publisher\" content=\"https:\/\/www.facebook.com\/dicodusport\" \/>\n<meta property=\"article:published_time\" content=\"2024-10-14T10:59:55+00:00\" \/>\n<meta property=\"article:modified_time\" content=\"2024-10-15T12:12:17+00:00\" \/>\n<meta property=\"og:image\" content=\"https:\/\/dicodusport.fr\/blog\/wp-content\/uploads\/2024\/10\/Magnier-Laurance-Gregoire-Un-an-apres-quel-bilan-pour-nos-espoirs-francais-pour-2024-.png\" \/>\n\t<meta property=\"og:image:width\" content=\"1200\" \/>\n\t<meta property=\"og:image:height\" content=\"674\" \/>\n\t<meta property=\"og:image:type\" content=\"image\/png\" \/>\n<meta name=\"author\" content=\"Victor Clot-Amiot\" \/>\n<meta name=\"twitter:card\" content=\"summary_large_image\" \/>\n<meta name=\"twitter:title\" content=\"Magnier, Laurance, Gr\u00e9goire : Un an apr\u00e8s, quel bilan pour nos espoirs fran\u00e7ais pour 2024 ?\" \/>\n<meta name=\"twitter:creator\" content=\"@https:\/\/x.com\/VictorClotAmiot\" \/>\n<meta name=\"twitter:site\" content=\"@dicodusport\" \/>\n<script type=\"application\/ld+json\" class=\"yoast-schema-graph\">{\"@context\":\"https:\/\/schema.org\",\"@graph\":[{\"@type\":\"NewsArticle\",\"@id\":\"https:\/\/dicodusport.fr\/blog\/magnier-laurance-gregoire-un-an-apres-quel-bilan-pour-nos-espoirs-francais-pour-2024\/#article\",\"isPartOf\":{\"@id\":\"https:\/\/dicodusport.fr\/blog\/magnier-laurance-gregoire-un-an-apres-quel-bilan-pour-nos-espoirs-francais-pour-2024\/\"},\"author\":{\"name\":\"Victor Clot-Amiot\",\"@id\":\"https:\/\/dicodusport.fr\/blog\/#\/schema\/person\/b623199cba9ba90fe84a3d16e9282360\"},\"headline\":\"Magnier, Laurance, Gr\u00e9goire : Un an apr\u00e8s, quel bilan pour nos espoirs fran\u00e7ais pour 2024 ?\",\"datePublished\":\"2024-10-14T10:59:55+00:00\",\"dateModified\":\"2024-10-15T12:12:17+00:00\",\"mainEntityOfPage\":{\"@id\":\"https:\/\/dicodusport.fr\/blog\/magnier-laurance-gregoire-un-an-apres-quel-bilan-pour-nos-espoirs-francais-pour-2024\/\"},\"wordCount\":2520,\"commentCount\":0,\"publisher\":{\"@id\":\"https:\/\/dicodusport.fr\/blog\/#organization\"},\"image\":{\"@id\":\"https:\/\/dicodusport.fr\/blog\/magnier-laurance-gregoire-un-an-apres-quel-bilan-pour-nos-espoirs-francais-pour-2024\/#primaryimage\"},\"thumbnailUrl\":\"https:\/\/dicodusport.fr\/blog\/wp-content\/uploads\/2024\/10\/Magnier-Laurance-Gregoire-Un-an-apres-quel-bilan-pour-nos-espoirs-francais-pour-2024-.png\",\"keywords\":[\"Axel Laurance\",\"br\u00e8ve\",\"Cyclisme\",\"Paul Magnier\",\"sport\"],\"articleSection\":[\"Cyclisme sur route\"],\"inLanguage\":\"fr-FR\",\"potentialAction\":[{\"@type\":\"CommentAction\",\"name\":\"Comment\",\"target\":[\"https:\/\/dicodusport.fr\/blog\/magnier-laurance-gregoire-un-an-apres-quel-bilan-pour-nos-espoirs-francais-pour-2024\/#respond\"]}],\"copyrightYear\":\"2024\",\"copyrightHolder\":{\"@id\":\"https:\/\/dicodusport.fr\/blog\/#organization\"}},{\"@type\":\"WebPage\",\"@id\":\"https:\/\/dicodusport.fr\/blog\/magnier-laurance-gregoire-un-an-apres-quel-bilan-pour-nos-espoirs-francais-pour-2024\/\",\"url\":\"https:\/\/dicodusport.fr\/blog\/magnier-laurance-gregoire-un-an-apres-quel-bilan-pour-nos-espoirs-francais-pour-2024\/\",\"name\":\"Magnier, Laurance, Gr\u00e9goire : Un an apr\u00e8s, quel bilan pour nos espoirs fran\u00e7ais pour 2024 ?\",\"isPartOf\":{\"@id\":\"https:\/\/dicodusport.fr\/blog\/#website\"},\"primaryImageOfPage\":{\"@id\":\"https:\/\/dicodusport.fr\/blog\/magnier-laurance-gregoire-un-an-apres-quel-bilan-pour-nos-espoirs-francais-pour-2024\/#primaryimage\"},\"image\":{\"@id\":\"https:\/\/dicodusport.fr\/blog\/magnier-laurance-gregoire-un-an-apres-quel-bilan-pour-nos-espoirs-francais-pour-2024\/#primaryimage\"},\"thumbnailUrl\":\"https:\/\/dicodusport.fr\/blog\/wp-content\/uploads\/2024\/10\/Magnier-Laurance-Gregoire-Un-an-apres-quel-bilan-pour-nos-espoirs-francais-pour-2024-.png\",\"datePublished\":\"2024-10-14T10:59:55+00:00\",\"dateModified\":\"2024-10-15T12:12:17+00:00\",\"description\":\"CYCLISME - Il y a un an, nous dressions le bilan des r\u00e9v\u00e9lations fran\u00e7aises en 2023. Quel bilan peut-on tirer un an apr\u00e8s ?\",\"breadcrumb\":{\"@id\":\"https:\/\/dicodusport.fr\/blog\/magnier-laurance-gregoire-un-an-apres-quel-bilan-pour-nos-espoirs-francais-pour-2024\/#breadcrumb\"},\"inLanguage\":\"fr-FR\",\"potentialAction\":[{\"@type\":\"ReadAction\",\"target\":[\"https:\/\/dicodusport.fr\/blog\/magnier-laurance-gregoire-un-an-apres-quel-bilan-pour-nos-espoirs-francais-pour-2024\/\"]}]},{\"@type\":\"ImageObject\",\"inLanguage\":\"fr-FR\",\"@id\":\"https:\/\/dicodusport.fr\/blog\/magnier-laurance-gregoire-un-an-apres-quel-bilan-pour-nos-espoirs-francais-pour-2024\/#primaryimage\",\"url\":\"https:\/\/dicodusport.fr\/blog\/wp-content\/uploads\/2024\/10\/Magnier-Laurance-Gregoire-Un-an-apres-quel-bilan-pour-nos-espoirs-francais-pour-2024-.png\",\"contentUrl\":\"https:\/\/dicodusport.fr\/blog\/wp-content\/uploads\/2024\/10\/Magnier-Laurance-Gregoire-Un-an-apres-quel-bilan-pour-nos-espoirs-francais-pour-2024-.png\",\"width\":1200,\"height\":674,\"caption\":\"Magnier, Laurance, Gr\u00e9goire Un an apr\u00e8s, quel bilan pour nos espoirs fran\u00e7ais pour 2024\"},{\"@type\":\"BreadcrumbList\",\"@id\":\"https:\/\/dicodusport.fr\/blog\/magnier-laurance-gregoire-un-an-apres-quel-bilan-pour-nos-espoirs-francais-pour-2024\/#breadcrumb\",\"itemListElement\":[{\"@type\":\"ListItem\",\"position\":1,\"name\":\"Accueil\",\"item\":\"https:\/\/dicodusport.fr\/blog\/\"},{\"@type\":\"ListItem\",\"position\":2,\"name\":\"Magnier, Laurance, Gr\u00e9goire : Un an apr\u00e8s, quel bilan pour nos espoirs fran\u00e7ais pour 2024 ?\"}]},{\"@type\":\"WebSite\",\"@id\":\"https:\/\/dicodusport.fr\/blog\/#website\",\"url\":\"https:\/\/dicodusport.fr\/blog\/\",\"name\":\"Dicodusport\",\"description\":\"L&#039;encyclop\u00e9die de l&#039;actualit\u00e9 sportive\",\"publisher\":{\"@id\":\"https:\/\/dicodusport.fr\/blog\/#organization\"},\"potentialAction\":[{\"@type\":\"SearchAction\",\"target\":{\"@type\":\"EntryPoint\",\"urlTemplate\":\"https:\/\/dicodusport.fr\/blog\/?s={search_term_string}\"},\"query-input\":{\"@type\":\"PropertyValueSpecification\",\"valueRequired\":true,\"valueName\":\"search_term_string\"}}],\"inLanguage\":\"fr-FR\"},{\"@type\":\"NewsMediaOrganization\",\"@id\":\"https:\/\/dicodusport.fr\/blog\/#organization\",\"name\":\"Dicodusport\",\"url\":\"https:\/\/dicodusport.fr\/blog\/\",\"logo\":{\"@type\":\"ImageObject\",\"inLanguage\":\"fr-FR\",\"@id\":\"https:\/\/dicodusport.fr\/blog\/#\/schema\/logo\/image\/\",\"url\":\"https:\/\/dicodusport.fr\/blog\/wp-content\/uploads\/2020\/06\/cropped-LOGO-DICODUSPORT-2020-SANS-FOND-SANS-TEXTE.png\",\"contentUrl\":\"https:\/\/dicodusport.fr\/blog\/wp-content\/uploads\/2020\/06\/cropped-LOGO-DICODUSPORT-2020-SANS-FOND-SANS-TEXTE.png\",\"width\":512,\"height\":512,\"caption\":\"Dicodusport\"},\"image\":{\"@id\":\"https:\/\/dicodusport.fr\/blog\/#\/schema\/logo\/image\/\"},\"sameAs\":[\"https:\/\/www.facebook.com\/dicodusport\",\"https:\/\/x.com\/dicodusport\",\"https:\/\/www.instagram.com\/dicodusport\/\",\"https:\/\/www.youtube.com\/channel\/UC7V2KZ5sd3htJivAbA4ZG3w\"],\"description\":\"Dicodusport est l'encyclop\u00e9die de l'actualit\u00e9 sportive.\",\"email\":\"bonjour@dicodusport.fr\",\"legalName\":\"DICODUSPORT\",\"foundingDate\":\"2018-01-14\",\"vatID\":\"FR71834470973\",\"taxID\":\"83447097300043\",\"numberOfEmployees\":{\"@type\":\"QuantitativeValue\",\"minValue\":\"1\",\"maxValue\":\"10\"}},{\"@type\":\"Person\",\"@id\":\"https:\/\/dicodusport.fr\/blog\/#\/schema\/person\/b623199cba9ba90fe84a3d16e9282360\",\"name\":\"Victor Clot-Amiot\",\"image\":{\"@type\":\"ImageObject\",\"inLanguage\":\"fr-FR\",\"@id\":\"https:\/\/dicodusport.fr\/blog\/#\/schema\/person\/image\/\",\"url\":\"https:\/\/dicodusport.fr\/blog\/wp-content\/uploads\/2023\/09\/IMG_20190826_114722-150x150.jpg\",\"contentUrl\":\"https:\/\/dicodusport.fr\/blog\/wp-content\/uploads\/2023\/09\/IMG_20190826_114722-150x150.jpg\",\"caption\":\"Victor Clot-Amiot\"},\"description\":\"Passionn\u00e9 de sport depuis toujours, un jour \u00e0 l'adolescence mes parents m'ont dit : \\\"quitte \u00e0 passer ton temps \u00e0 regarder du sport, au moins va le voir en vrai\\\" ! Depuis, cette remarque ne m'a plus quitt\u00e9 et je passe une grande partie de mon temps libre \u00e0 assister \u00e0 des comp\u00e9titions de tous sports. Je m\u00eale d'ailleurs mes deux passions, le sport et les voyages afin de faire une pierre deux coups ! Outre l'US Open ou l'Euro 2021 par exemple, j'ai assist\u00e9 cet \u00e9t\u00e9 aux Mondiaux d'athl\u00e9tisme \u00e0 Budapest. Mon plus gros coup dur est et restera les JO 2020-2021 pour lesquels j'avais r\u00e9serv\u00e9 17 \u00e9preuves. La suite, vous la connaissez...\",\"sameAs\":[\"https:\/\/x.com\/https:\/\/x.com\/VictorClotAmiot\"],\"url\":\"https:\/\/dicodusport.fr\/blog\/author\/victor-clot-amiot\/\"}]}<\/script>\n<!-- \/ Yoast SEO Premium plugin. -->","yoast_head_json":{"title":"Magnier, Laurance, Gr\u00e9goire : Un an apr\u00e8s, quel bilan pour nos espoirs fran\u00e7ais pour 2024 ?","description":"CYCLISME - Il y a un an, nous dressions le bilan des r\u00e9v\u00e9lations fran\u00e7aises en 2023. Quel bilan peut-on tirer un an apr\u00e8s ?","robots":{"index":"index","follow":"follow","max-snippet":"max-snippet:-1","max-image-preview":"max-image-preview:large","max-video-preview":"max-video-preview:-1"},"canonical":"https:\/\/dicodusport.fr\/blog\/magnier-laurance-gregoire-un-an-apres-quel-bilan-pour-nos-espoirs-francais-pour-2024\/","og_locale":"fr_FR","og_type":"article","og_title":"Magnier, Laurance, Gr\u00e9goire : Un an apr\u00e8s, quel bilan pour nos espoirs fran\u00e7ais pour 2024 ?","og_description":"CYCLISME - Il y a un an, nous dressions le bilan des r\u00e9v\u00e9lations fran\u00e7aises en 2023. Quel bilan peut-on tirer un an apr\u00e8s ?","og_url":"https:\/\/dicodusport.fr\/blog\/magnier-laurance-gregoire-un-an-apres-quel-bilan-pour-nos-espoirs-francais-pour-2024\/","og_site_name":"Dicodusport","article_publisher":"https:\/\/www.facebook.com\/dicodusport","article_published_time":"2024-10-14T10:59:55+00:00","article_modified_time":"2024-10-15T12:12:17+00:00","og_image":[{"width":1200,"height":674,"url":"https:\/\/dicodusport.fr\/blog\/wp-content\/uploads\/2024\/10\/Magnier-Laurance-Gregoire-Un-an-apres-quel-bilan-pour-nos-espoirs-francais-pour-2024-.png","type":"image\/png"}],"author":"Victor Clot-Amiot","twitter_card":"summary_large_image","twitter_title":"Magnier, Laurance, Gr\u00e9goire : Un an apr\u00e8s, quel bilan pour nos espoirs fran\u00e7ais pour 2024 ?","twitter_creator":"@https:\/\/x.com\/VictorClotAmiot","twitter_site":"@dicodusport","schema":{"@context":"https:\/\/schema.org","@graph":[{"@type":"NewsArticle","@id":"https:\/\/dicodusport.fr\/blog\/magnier-laurance-gregoire-un-an-apres-quel-bilan-pour-nos-espoirs-francais-pour-2024\/#article","isPartOf":{"@id":"https:\/\/dicodusport.fr\/blog\/magnier-laurance-gregoire-un-an-apres-quel-bilan-pour-nos-espoirs-francais-pour-2024\/"},"author":{"name":"Victor Clot-Amiot","@id":"https:\/\/dicodusport.fr\/blog\/#\/schema\/person\/b623199cba9ba90fe84a3d16e9282360"},"headline":"Magnier, Laurance, Gr\u00e9goire : Un an apr\u00e8s, quel bilan pour nos espoirs fran\u00e7ais pour 2024 ?","datePublished":"2024-10-14T10:59:55+00:00","dateModified":"2024-10-15T12:12:17+00:00","mainEntityOfPage":{"@id":"https:\/\/dicodusport.fr\/blog\/magnier-laurance-gregoire-un-an-apres-quel-bilan-pour-nos-espoirs-francais-pour-2024\/"},"wordCount":2520,"commentCount":0,"publisher":{"@id":"https:\/\/dicodusport.fr\/blog\/#organization"},"image":{"@id":"https:\/\/dicodusport.fr\/blog\/magnier-laurance-gregoire-un-an-apres-quel-bilan-pour-nos-espoirs-francais-pour-2024\/#primaryimage"},"thumbnailUrl":"https:\/\/dicodusport.fr\/blog\/wp-content\/uploads\/2024\/10\/Magnier-Laurance-Gregoire-Un-an-apres-quel-bilan-pour-nos-espoirs-francais-pour-2024-.png","keywords":["Axel Laurance","br\u00e8ve","Cyclisme","Paul Magnier","sport"],"articleSection":["Cyclisme sur route"],"inLanguage":"fr-FR","potentialAction":[{"@type":"CommentAction","name":"Comment","target":["https:\/\/dicodusport.fr\/blog\/magnier-laurance-gregoire-un-an-apres-quel-bilan-pour-nos-espoirs-francais-pour-2024\/#respond"]}],"copyrightYear":"2024","copyrightHolder":{"@id":"https:\/\/dicodusport.fr\/blog\/#organization"}},{"@type":"WebPage","@id":"https:\/\/dicodusport.fr\/blog\/magnier-laurance-gregoire-un-an-apres-quel-bilan-pour-nos-espoirs-francais-pour-2024\/","url":"https:\/\/dicodusport.fr\/blog\/magnier-laurance-gregoire-un-an-apres-quel-bilan-pour-nos-espoirs-francais-pour-2024\/","name":"Magnier, Laurance, Gr\u00e9goire : Un an apr\u00e8s, quel bilan pour nos espoirs fran\u00e7ais pour 2024 ?","isPartOf":{"@id":"https:\/\/dicodusport.fr\/blog\/#website"},"primaryImageOfPage":{"@id":"https:\/\/dicodusport.fr\/blog\/magnier-laurance-gregoire-un-an-apres-quel-bilan-pour-nos-espoirs-francais-pour-2024\/#primaryimage"},"image":{"@id":"https:\/\/dicodusport.fr\/blog\/magnier-laurance-gregoire-un-an-apres-quel-bilan-pour-nos-espoirs-francais-pour-2024\/#primaryimage"},"thumbnailUrl":"https:\/\/dicodusport.fr\/blog\/wp-content\/uploads\/2024\/10\/Magnier-Laurance-Gregoire-Un-an-apres-quel-bilan-pour-nos-espoirs-francais-pour-2024-.png","datePublished":"2024-10-14T10:59:55+00:00","dateModified":"2024-10-15T12:12:17+00:00","description":"CYCLISME - Il y a un an, nous dressions le bilan des r\u00e9v\u00e9lations fran\u00e7aises en 2023. Quel bilan peut-on tirer un an apr\u00e8s ?","breadcrumb":{"@id":"https:\/\/dicodusport.fr\/blog\/magnier-laurance-gregoire-un-an-apres-quel-bilan-pour-nos-espoirs-francais-pour-2024\/#breadcrumb"},"inLanguage":"fr-FR","potentialAction":[{"@type":"ReadAction","target":["https:\/\/dicodusport.fr\/blog\/magnier-laurance-gregoire-un-an-apres-quel-bilan-pour-nos-espoirs-francais-pour-2024\/"]}]},{"@type":"ImageObject","inLanguage":"fr-FR","@id":"https:\/\/dicodusport.fr\/blog\/magnier-laurance-gregoire-un-an-apres-quel-bilan-pour-nos-espoirs-francais-pour-2024\/#primaryimage","url":"https:\/\/dicodusport.fr\/blog\/wp-content\/uploads\/2024\/10\/Magnier-Laurance-Gregoire-Un-an-apres-quel-bilan-pour-nos-espoirs-francais-pour-2024-.png","contentUrl":"https:\/\/dicodusport.fr\/blog\/wp-content\/uploads\/2024\/10\/Magnier-Laurance-Gregoire-Un-an-apres-quel-bilan-pour-nos-espoirs-francais-pour-2024-.png","width":1200,"height":674,"caption":"Magnier, Laurance, Gr\u00e9goire Un an apr\u00e8s, quel bilan pour nos espoirs fran\u00e7ais pour 2024"},{"@type":"BreadcrumbList","@id":"https:\/\/dicodusport.fr\/blog\/magnier-laurance-gregoire-un-an-apres-quel-bilan-pour-nos-espoirs-francais-pour-2024\/#breadcrumb","itemListElement":[{"@type":"ListItem","position":1,"name":"Accueil","item":"https:\/\/dicodusport.fr\/blog\/"},{"@type":"ListItem","position":2,"name":"Magnier, Laurance, Gr\u00e9goire : Un an apr\u00e8s, quel bilan pour nos espoirs fran\u00e7ais pour 2024 ?"}]},{"@type":"WebSite","@id":"https:\/\/dicodusport.fr\/blog\/#website","url":"https:\/\/dicodusport.fr\/blog\/","name":"Dicodusport","description":"L&#039;encyclop\u00e9die de l&#039;actualit\u00e9 sportive","publisher":{"@id":"https:\/\/dicodusport.fr\/blog\/#organization"},"potentialAction":[{"@type":"SearchAction","target":{"@type":"EntryPoint","urlTemplate":"https:\/\/dicodusport.fr\/blog\/?s={search_term_string}"},"query-input":{"@type":"PropertyValueSpecification","valueRequired":true,"valueName":"search_term_string"}}],"inLanguage":"fr-FR"},{"@type":"NewsMediaOrganization","@id":"https:\/\/dicodusport.fr\/blog\/#organization","name":"Dicodusport","url":"https:\/\/dicodusport.fr\/blog\/","logo":{"@type":"ImageObject","inLanguage":"fr-FR","@id":"https:\/\/dicodusport.fr\/blog\/#\/schema\/logo\/image\/","url":"https:\/\/dicodusport.fr\/blog\/wp-content\/uploads\/2020\/06\/cropped-LOGO-DICODUSPORT-2020-SANS-FOND-SANS-TEXTE.png","contentUrl":"https:\/\/dicodusport.fr\/blog\/wp-content\/uploads\/2020\/06\/cropped-LOGO-DICODUSPORT-2020-SANS-FOND-SANS-TEXTE.png","width":512,"height":512,"caption":"Dicodusport"},"image":{"@id":"https:\/\/dicodusport.fr\/blog\/#\/schema\/logo\/image\/"},"sameAs":["https:\/\/www.facebook.com\/dicodusport","https:\/\/x.com\/dicodusport","https:\/\/www.instagram.com\/dicodusport\/","https:\/\/www.youtube.com\/channel\/UC7V2KZ5sd3htJivAbA4ZG3w"],"description":"Dicodusport est l'encyclop\u00e9die de l'actualit\u00e9 sportive.","email":"bonjour@dicodusport.fr","legalName":"DICODUSPORT","foundingDate":"2018-01-14","vatID":"FR71834470973","taxID":"83447097300043","numberOfEmployees":{"@type":"QuantitativeValue","minValue":"1","maxValue":"10"}},{"@type":"Person","@id":"https:\/\/dicodusport.fr\/blog\/#\/schema\/person\/b623199cba9ba90fe84a3d16e9282360","name":"Victor Clot-Amiot","image":{"@type":"ImageObject","inLanguage":"fr-FR","@id":"https:\/\/dicodusport.fr\/blog\/#\/schema\/person\/image\/","url":"https:\/\/dicodusport.fr\/blog\/wp-content\/uploads\/2023\/09\/IMG_20190826_114722-150x150.jpg","contentUrl":"https:\/\/dicodusport.fr\/blog\/wp-content\/uploads\/2023\/09\/IMG_20190826_114722-150x150.jpg","caption":"Victor Clot-Amiot"},"description":"Passionn\u00e9 de sport depuis toujours, un jour \u00e0 l'adolescence mes parents m'ont dit : \"quitte \u00e0 passer ton temps \u00e0 regarder du sport, au moins va le voir en vrai\" ! Depuis, cette remarque ne m'a plus quitt\u00e9 et je passe une grande partie de mon temps libre \u00e0 assister \u00e0 des comp\u00e9titions de tous sports. Je m\u00eale d'ailleurs mes deux passions, le sport et les voyages afin de faire une pierre deux coups ! Outre l'US Open ou l'Euro 2021 par exemple, j'ai assist\u00e9 cet \u00e9t\u00e9 aux Mondiaux d'athl\u00e9tisme \u00e0 Budapest. Mon plus gros coup dur est et restera les JO 2020-2021 pour lesquels j'avais r\u00e9serv\u00e9 17 \u00e9preuves. La suite, vous la connaissez...","sameAs":["https:\/\/x.com\/https:\/\/x.com\/VictorClotAmiot"],"url":"https:\/\/dicodusport.fr\/blog\/author\/victor-clot-amiot\/"}]}},"_links":{"self":[{"href":"https:\/\/dicodusport.fr\/blog\/wp-json\/wp\/v2\/posts\/526210","targetHints":{"allow":["GET"]}}],"collection":[{"href":"https:\/\/dicodusport.fr\/blog\/wp-json\/wp\/v2\/posts"}],"about":[{"href":"https:\/\/dicodusport.fr\/blog\/wp-json\/wp\/v2\/types\/post"}],"author":[{"embeddable":true,"href":"https:\/\/dicodusport.fr\/blog\/wp-json\/wp\/v2\/users\/91"}],"replies":[{"embeddable":true,"href":"https:\/\/dicodusport.fr\/blog\/wp-json\/wp\/v2\/comments?post=526210"}],"version-history":[{"count":4,"href":"https:\/\/dicodusport.fr\/blog\/wp-json\/wp\/v2\/posts\/526210\/revisions"}],"predecessor-version":[{"id":526434,"href":"https:\/\/dicodusport.fr\/blog\/wp-json\/wp\/v2\/posts\/526210\/revisions\/526434"}],"wp:featuredmedia":[{"embeddable":true,"href":"https:\/\/dicodusport.fr\/blog\/wp-json\/wp\/v2\/media\/526429"}],"wp:attachment":[{"href":"https:\/\/dicodusport.fr\/blog\/wp-json\/wp\/v2\/media?parent=526210"}],"wp:term":[{"taxonomy":"category","embeddable":true,"href":"https:\/\/dicodusport.fr\/blog\/wp-json\/wp\/v2\/categories?post=526210"},{"taxonomy":"post_tag","embeddable":true,"href":"https:\/\/dicodusport.fr\/blog\/wp-json\/wp\/v2\/tags?post=526210"}],"curies":[{"name":"wp","href":"https:\/\/api.w.org\/{rel}","templated":true}]}}