{"id":526319,"date":"2024-10-13T19:08:30","date_gmt":"2024-10-13T17:08:30","guid":{"rendered":"https:\/\/dicodusport.fr\/blog\/?p=526319&#038;preview=true&#038;preview_id=526319"},"modified":"2024-10-13T19:19:14","modified_gmt":"2024-10-13T17:19:14","slug":"equipe-de-france-feminine-amandine-henry-tire-sa-reverence-avec-les-bleues","status":"publish","type":"post","link":"https:\/\/dicodusport.fr\/blog\/equipe-de-france-feminine-amandine-henry-tire-sa-reverence-avec-les-bleues\/","title":{"rendered":"\u00c9quipe de France F\u00e9minine : Amandine Henry tire sa r\u00e9v\u00e9rence avec les Bleues"},"content":{"rendered":"<p style=\"text-align: justify;\"><strong><em>\u00c9QUIPE DE FRANCE F\u00c9MININE &#8211; Quelques jours seulement apr\u00e8s <a href=\"https:\/\/dicodusport.fr\/blog\/equipe-de-france-antoine-griezmann-annonce-sa-retraite-internationale\/\">le retrait d\u2019Antoine Griezmann chez les Bleus<\/a>, c\u2019est au tour de l\u2019\u00c9quipe de France f\u00e9minine de perdre une cadre embl\u00e9matique. \u00c0 35 ans et avec une centaine de s\u00e9lections au compteur, Amandine Henry a annonc\u00e9 sa retraite internationale ce dimanche.<\/em><\/strong><\/p>\n<p style=\"text-align: justify;\">C\u2019est \u00e0 travers un message post\u00e9 sur les r\u00e9seaux sociaux cet apr\u00e8s-midi qu\u2019<strong>Amandine Henry<\/strong> a choisi de tirer un trait sur une longue et tumultueuse histoire avec l\u2019<strong>\u00c9quipe de France<\/strong>\u00a0: <em>\u00ab C\u2019est avec une immense \u00e9motion que je vous annonce aujourd\u2019hui ma d\u00e9cision de mettre un terme \u00e0 ma carri\u00e8re en \u00c9quipe de France \u00bb<\/em>. Quinze ans apr\u00e8s sa premi\u00e8re s\u00e9lection, la Lilloise quitte les Bleues avec <strong>109 s\u00e9lections et 14 buts<\/strong> \u00e0 son actif.<\/p>\n<blockquote class=\"twitter-tweet\">\n<p dir=\"ltr\" lang=\"fr\">\ud835\udcdc\ud835\udcee\ud835\udcfb\ud835\udcec\ud835\udcf2 \ud83d\udc99\ud83e\udd0d\u2764\ufe0f <a href=\"https:\/\/t.co\/j3KxmxA8Ml\">pic.twitter.com\/j3KxmxA8Ml<\/a><\/p>\n<p>\u2014 AMANDIN\u03a3 H\u03a3NRY (@amandinehenry6) <a href=\"https:\/\/twitter.com\/amandinehenry6\/status\/1845495415589769427?ref_src=twsrc%5Etfw\">October 13, 2024<\/a><\/p><\/blockquote>\n<p><script async src=\"https:\/\/platform.twitter.com\/widgets.js\" charset=\"utf-8\"><\/script><\/p>\n<h2 style=\"text-align: justify;\">Une cadre incontournable dans les ann\u00e9es 2010<\/h2>\n<p style=\"text-align: justify;\">Propuls\u00e9e en premi\u00e8re division f\u00e9minine \u00e0 seulement 15 ans sous les couleurs d&rsquo;<strong>H\u00e9nin-Beaumont<\/strong>, elle avait ensuite \u00e9volu\u00e9 deux ans \u00e0 <strong>Clairefontaine<\/strong>, avant d\u2019entamer un grand chapitre avec l\u2019<strong>Olympique Lyonnais<\/strong>. C\u2019est avec le club phare du football fran\u00e7ais qu\u2019elle s\u2019est \u00e9tablie comme l\u2019une des meilleures joueuses tricolores, au point de conna\u00eetre sa premi\u00e8re s\u00e9lection un soir d\u2019avril 2009, face \u00e0 la Suisse. Si elle dispute l\u2019Euro la m\u00eame ann\u00e9e, elle sera ensuite \u00e9cart\u00e9e par le s\u00e9lectionneur de l\u2019\u00e9poque, <strong>Bruno Bini<\/strong>, entre novembre 2010 et juin 2013.<\/p>\n<p style=\"text-align: justify;\">Cette p\u00e9riode de vaches maigres conduira ensuite \u00e0 sept ann\u00e9es florissantes o\u00f9 elle s\u2019imposera comme une pi\u00e8ce ma\u00eetresse de l\u2019entrejeu tricolore, sous <strong>Philippe Bergeroo<\/strong>. En 2015, Amandine Henry prendra part \u00e0 la <strong>Coupe du monde<\/strong>, o\u00f9 les Bleus se hisseront jusqu\u2019en quarts de finale. Auteure d\u2019un but exceptionnel en phase de poules face au Mexique, elle va rayonner au point d\u2019\u00eatre \u00e9lue deuxi\u00e8me meilleure joueuse du tournoi.<\/p>\n<blockquote class=\"twitter-tweet\">\n<p dir=\"ltr\" lang=\"en\">One of the standout stars of the <a href=\"https:\/\/twitter.com\/hashtag\/FIFAWWC?src=hash&amp;ref_src=twsrc%5Etfw\">#FIFAWWC<\/a> \ud83c\udf1f\ud83c\uddeb\ud83c\uddf7<br \/>\nPart of the first FIFA FIFPro Women&rsquo;s <a href=\"https:\/\/twitter.com\/World11?ref_src=twsrc%5Etfw\">@World11<\/a> \ud83c\udfc6\u2728<br \/>\nWon everything with <a href=\"https:\/\/twitter.com\/OLfeminin?ref_src=twsrc%5Etfw\">@OLfeminin<\/a> \ud83c\udfc6\ud83c\udfc6\ud83c\udfc6<\/p>\n<p>Une ann\u00e9e spectaculaire \ud83d\ude4c<\/p>\n<p>Joyeux anniversaire <a href=\"https:\/\/twitter.com\/amandinehenry6?ref_src=twsrc%5Etfw\">@amandinehenry6<\/a> ! \ud83c\udf82 <a href=\"https:\/\/t.co\/NgqyypkvFu\">pic.twitter.com\/NgqyypkvFu<\/a><\/p>\n<p>\u2014 FIFA Women&rsquo;s World Cup (@FIFAWWC) <a href=\"https:\/\/twitter.com\/FIFAWWC\/status\/1177877859270057984?ref_src=twsrc%5Etfw\">September 28, 2019<\/a><\/p><\/blockquote>\n<p><script async src=\"https:\/\/platform.twitter.com\/widgets.js\" charset=\"utf-8\"><\/script><\/p>\n<h2 style=\"text-align: justify;\">\u00c9cart\u00e9e par Corinne Diacre avant un retour en gr\u00e2ce pour les JO 2024<\/h2>\n<p style=\"text-align: justify;\">Devenue une v\u00e9ritable cadre, elle portera le <strong>brassard de capitaine<\/strong> pour la premi\u00e8re fois en 2015, avant de devenir la num\u00e9ro une lors de la nomination de <strong>Corinne Diacre<\/strong> \u00e0 la t\u00eate des Bleues en 2017. Si cette association fonctionnera durant deux ans, avec notamment un quart de finale de Coupe du monde en 2019, le management de la s\u00e9lectionneuse va finalement cr\u00e9er des cassures irr\u00e9versibles avec plusieurs cadres, dont Henry. Cette derni\u00e8re s\u2019en plaindra publiquement dans les m\u00e9dias fin 2020. R\u00e9sultat, suite \u00e0 un dernier rassemblement dans la foul\u00e9e, elle sera ensuite \u00e9cart\u00e9e dans la dur\u00e9e.<\/p>\n<p style=\"text-align: justify;\">Il faudra attendre l\u2019arriv\u00e9e d&rsquo;<strong>Herv\u00e9 Renard<\/strong> pour qu\u2019elle soit de nouveau convoqu\u00e9e en 2023, pour la Coupe du monde. Mais <a href=\"https:\/\/dicodusport.fr\/blog\/coupe-du-monde-feminine-de-football-2023-amandine-henry-blessee-et-forfait\/\">une blessure l\u2019emp\u00eachera de participer \u00e0 la comp\u00e9tition<\/a>. Malgr\u00e9 ce p\u00e9pin, elle se projettera sur ce qui restera son ultime avec les Bleues\u00a0: les <strong>Jeux Olympiques de Paris 2024<\/strong>. Elle prendra part aux quatre rencontres, mais ne d\u00e9crochera pas la m\u00e9daille tant souhait\u00e9e, les Tricolores \u00e9chouant en quarts de finale.<\/p>\n<p style=\"text-align: justify;\">Son retrait \u00e9tait donc plus ou moins attendu depuis. Il y a un mois, cette derni\u00e8re s\u2019est engag\u00e9e au <strong>Deportivo Toluca<\/strong>, au Mexique, et s\u2019appr\u00eate donc \u00e0 vivre l\u2019un des derniers grands d\u00e9fis de sa carri\u00e8re. \u00c0 35 ans, <strong>Amandine Henry<\/strong> quitte les Bleues en ayant laiss\u00e9 une empreinte ind\u00e9l\u00e9bile dans l\u2019histoire du football tricolore.<\/p>\n","protected":false},"excerpt":{"rendered":"<p>\u00c9QUIPE DE FRANCE F\u00c9MININE &#8211; Quelques jours seulement apr\u00e8s le retrait d\u2019Antoine Griezmann chez les Bleus, c\u2019est au tour de l\u2019\u00c9quipe de France f\u00e9minine de perdre une cadre embl\u00e9matique. \u00c0 35 ans et avec une centaine de s\u00e9lections au compteur, Amandine Henry a annonc\u00e9 sa retraite internationale ce dimanche.<\/p>\n","protected":false},"author":55,"featured_media":526321,"comment_status":"open","ping_status":"closed","sticky":false,"template":"","format":"standard","meta":{"_acf_changed":false,"_daextam_enable_autolinks":"1","footnotes":""},"categories":[2301],"tags":[3683,16878,7104,75],"class_list":["post-526319","post","type-post","status-publish","format-standard","has-post-thumbnail","hentry","category-football","tag-amandine-henry","tag-breve","tag-equipe-de-france-feminine","tag-football"],"acf":[],"yoast_head":"<!-- This site is optimized with the Yoast SEO Premium plugin v26.7 (Yoast SEO v26.7) - https:\/\/yoast.com\/wordpress\/plugins\/seo\/ -->\n<title>\u00c9quipe de France F\u00e9minine : Amandine Henry tire sa r\u00e9v\u00e9rence avec les Bleues<\/title>\n<meta name=\"description\" content=\"\u00c9QUIPE DE FRANCE F\u00c9MININE - Ce dimanche, Amandine Henry a annonc\u00e9 la fin de son immense carri\u00e8re internationale.\" \/>\n<meta name=\"robots\" content=\"index, follow, max-snippet:-1, max-image-preview:large, max-video-preview:-1\" \/>\n<link rel=\"canonical\" href=\"https:\/\/dicodusport.fr\/blog\/equipe-de-france-feminine-amandine-henry-tire-sa-reverence-avec-les-bleues\/\" \/>\n<meta property=\"og:locale\" content=\"fr_FR\" \/>\n<meta property=\"og:type\" content=\"article\" \/>\n<meta property=\"og:title\" content=\"\u00c9quipe de France F\u00e9minine : Amandine Henry tire sa r\u00e9v\u00e9rence avec les Bleues\" \/>\n<meta property=\"og:description\" content=\"\u00c9QUIPE DE FRANCE F\u00c9MININE - Ce dimanche, Amandine Henry a annonc\u00e9 la fin de son immense carri\u00e8re internationale.\" \/>\n<meta property=\"og:url\" content=\"https:\/\/dicodusport.fr\/blog\/equipe-de-france-feminine-amandine-henry-tire-sa-reverence-avec-les-bleues\/\" \/>\n<meta property=\"og:site_name\" content=\"Dicodusport\" \/>\n<meta property=\"article:publisher\" content=\"https:\/\/www.facebook.com\/dicodusport\" \/>\n<meta property=\"article:published_time\" content=\"2024-10-13T17:08:30+00:00\" \/>\n<meta property=\"article:modified_time\" content=\"2024-10-13T17:19:14+00:00\" \/>\n<meta property=\"og:image\" content=\"https:\/\/dicodusport.fr\/blog\/wp-content\/uploads\/2024\/10\/Equipe-de-France-Feminine-Amandine-Henry-tire-sa-reverence-avec-les-Bleues.png\" \/>\n\t<meta property=\"og:image:width\" content=\"1200\" \/>\n\t<meta property=\"og:image:height\" content=\"674\" \/>\n\t<meta property=\"og:image:type\" content=\"image\/png\" \/>\n<meta name=\"author\" content=\"Maxime Cazenave\" \/>\n<meta name=\"twitter:card\" content=\"summary_large_image\" \/>\n<meta name=\"twitter:title\" content=\"\u00c9quipe de France F\u00e9minine : Amandine Henry tire sa r\u00e9v\u00e9rence avec les Bleues\" \/>\n<meta name=\"twitter:creator\" content=\"@https:\/\/twitter.com\/Maxime_Caze\" \/>\n<meta name=\"twitter:site\" content=\"@dicodusport\" \/>\n<script type=\"application\/ld+json\" class=\"yoast-schema-graph\">{\"@context\":\"https:\/\/schema.org\",\"@graph\":[{\"@type\":\"NewsArticle\",\"@id\":\"https:\/\/dicodusport.fr\/blog\/equipe-de-france-feminine-amandine-henry-tire-sa-reverence-avec-les-bleues\/#article\",\"isPartOf\":{\"@id\":\"https:\/\/dicodusport.fr\/blog\/equipe-de-france-feminine-amandine-henry-tire-sa-reverence-avec-les-bleues\/\"},\"author\":{\"name\":\"Maxime Cazenave\",\"@id\":\"https:\/\/dicodusport.fr\/blog\/#\/schema\/person\/37def232098a7a5cbab3974a3690abb0\"},\"headline\":\"\u00c9quipe de France F\u00e9minine : Amandine Henry tire sa r\u00e9v\u00e9rence avec les Bleues\",\"datePublished\":\"2024-10-13T17:08:30+00:00\",\"dateModified\":\"2024-10-13T17:19:14+00:00\",\"mainEntityOfPage\":{\"@id\":\"https:\/\/dicodusport.fr\/blog\/equipe-de-france-feminine-amandine-henry-tire-sa-reverence-avec-les-bleues\/\"},\"wordCount\":643,\"commentCount\":0,\"publisher\":{\"@id\":\"https:\/\/dicodusport.fr\/blog\/#organization\"},\"image\":{\"@id\":\"https:\/\/dicodusport.fr\/blog\/equipe-de-france-feminine-amandine-henry-tire-sa-reverence-avec-les-bleues\/#primaryimage\"},\"thumbnailUrl\":\"https:\/\/dicodusport.fr\/blog\/wp-content\/uploads\/2024\/10\/Equipe-de-France-Feminine-Amandine-Henry-tire-sa-reverence-avec-les-Bleues.png\",\"keywords\":[\"Amandine Henry\",\"br\u00e8ve\",\"Equipe de France f\u00e9minine\",\"Football\"],\"articleSection\":[\"Football\"],\"inLanguage\":\"fr-FR\",\"potentialAction\":[{\"@type\":\"CommentAction\",\"name\":\"Comment\",\"target\":[\"https:\/\/dicodusport.fr\/blog\/equipe-de-france-feminine-amandine-henry-tire-sa-reverence-avec-les-bleues\/#respond\"]}],\"copyrightYear\":\"2024\",\"copyrightHolder\":{\"@id\":\"https:\/\/dicodusport.fr\/blog\/#organization\"}},{\"@type\":\"WebPage\",\"@id\":\"https:\/\/dicodusport.fr\/blog\/equipe-de-france-feminine-amandine-henry-tire-sa-reverence-avec-les-bleues\/\",\"url\":\"https:\/\/dicodusport.fr\/blog\/equipe-de-france-feminine-amandine-henry-tire-sa-reverence-avec-les-bleues\/\",\"name\":\"\u00c9quipe de France F\u00e9minine : Amandine Henry tire sa r\u00e9v\u00e9rence avec les Bleues\",\"isPartOf\":{\"@id\":\"https:\/\/dicodusport.fr\/blog\/#website\"},\"primaryImageOfPage\":{\"@id\":\"https:\/\/dicodusport.fr\/blog\/equipe-de-france-feminine-amandine-henry-tire-sa-reverence-avec-les-bleues\/#primaryimage\"},\"image\":{\"@id\":\"https:\/\/dicodusport.fr\/blog\/equipe-de-france-feminine-amandine-henry-tire-sa-reverence-avec-les-bleues\/#primaryimage\"},\"thumbnailUrl\":\"https:\/\/dicodusport.fr\/blog\/wp-content\/uploads\/2024\/10\/Equipe-de-France-Feminine-Amandine-Henry-tire-sa-reverence-avec-les-Bleues.png\",\"datePublished\":\"2024-10-13T17:08:30+00:00\",\"dateModified\":\"2024-10-13T17:19:14+00:00\",\"description\":\"\u00c9QUIPE DE FRANCE F\u00c9MININE - Ce dimanche, Amandine Henry a annonc\u00e9 la fin de son immense carri\u00e8re internationale.\",\"breadcrumb\":{\"@id\":\"https:\/\/dicodusport.fr\/blog\/equipe-de-france-feminine-amandine-henry-tire-sa-reverence-avec-les-bleues\/#breadcrumb\"},\"inLanguage\":\"fr-FR\",\"potentialAction\":[{\"@type\":\"ReadAction\",\"target\":[\"https:\/\/dicodusport.fr\/blog\/equipe-de-france-feminine-amandine-henry-tire-sa-reverence-avec-les-bleues\/\"]}]},{\"@type\":\"ImageObject\",\"inLanguage\":\"fr-FR\",\"@id\":\"https:\/\/dicodusport.fr\/blog\/equipe-de-france-feminine-amandine-henry-tire-sa-reverence-avec-les-bleues\/#primaryimage\",\"url\":\"https:\/\/dicodusport.fr\/blog\/wp-content\/uploads\/2024\/10\/Equipe-de-France-Feminine-Amandine-Henry-tire-sa-reverence-avec-les-Bleues.png\",\"contentUrl\":\"https:\/\/dicodusport.fr\/blog\/wp-content\/uploads\/2024\/10\/Equipe-de-France-Feminine-Amandine-Henry-tire-sa-reverence-avec-les-Bleues.png\",\"width\":1200,\"height\":674,\"caption\":\"\u00c9quipe de France F\u00e9minine : Amandine Henry tire sa r\u00e9v\u00e9rence avec les Bleues\"},{\"@type\":\"BreadcrumbList\",\"@id\":\"https:\/\/dicodusport.fr\/blog\/equipe-de-france-feminine-amandine-henry-tire-sa-reverence-avec-les-bleues\/#breadcrumb\",\"itemListElement\":[{\"@type\":\"ListItem\",\"position\":1,\"name\":\"Accueil\",\"item\":\"https:\/\/dicodusport.fr\/blog\/\"},{\"@type\":\"ListItem\",\"position\":2,\"name\":\"\u00c9quipe de France F\u00e9minine : Amandine Henry tire sa r\u00e9v\u00e9rence avec les Bleues\"}]},{\"@type\":\"WebSite\",\"@id\":\"https:\/\/dicodusport.fr\/blog\/#website\",\"url\":\"https:\/\/dicodusport.fr\/blog\/\",\"name\":\"Dicodusport\",\"description\":\"L&#039;encyclop\u00e9die de l&#039;actualit\u00e9 sportive\",\"publisher\":{\"@id\":\"https:\/\/dicodusport.fr\/blog\/#organization\"},\"potentialAction\":[{\"@type\":\"SearchAction\",\"target\":{\"@type\":\"EntryPoint\",\"urlTemplate\":\"https:\/\/dicodusport.fr\/blog\/?s={search_term_string}\"},\"query-input\":{\"@type\":\"PropertyValueSpecification\",\"valueRequired\":true,\"valueName\":\"search_term_string\"}}],\"inLanguage\":\"fr-FR\"},{\"@type\":\"NewsMediaOrganization\",\"@id\":\"https:\/\/dicodusport.fr\/blog\/#organization\",\"name\":\"Dicodusport\",\"url\":\"https:\/\/dicodusport.fr\/blog\/\",\"logo\":{\"@type\":\"ImageObject\",\"inLanguage\":\"fr-FR\",\"@id\":\"https:\/\/dicodusport.fr\/blog\/#\/schema\/logo\/image\/\",\"url\":\"https:\/\/dicodusport.fr\/blog\/wp-content\/uploads\/2020\/06\/cropped-LOGO-DICODUSPORT-2020-SANS-FOND-SANS-TEXTE.png\",\"contentUrl\":\"https:\/\/dicodusport.fr\/blog\/wp-content\/uploads\/2020\/06\/cropped-LOGO-DICODUSPORT-2020-SANS-FOND-SANS-TEXTE.png\",\"width\":512,\"height\":512,\"caption\":\"Dicodusport\"},\"image\":{\"@id\":\"https:\/\/dicodusport.fr\/blog\/#\/schema\/logo\/image\/\"},\"sameAs\":[\"https:\/\/www.facebook.com\/dicodusport\",\"https:\/\/x.com\/dicodusport\",\"https:\/\/www.instagram.com\/dicodusport\/\",\"https:\/\/www.youtube.com\/channel\/UC7V2KZ5sd3htJivAbA4ZG3w\"],\"description\":\"Dicodusport est l'encyclop\u00e9die de l'actualit\u00e9 sportive.\",\"email\":\"bonjour@dicodusport.fr\",\"legalName\":\"DICODUSPORT\",\"foundingDate\":\"2018-01-14\",\"vatID\":\"FR71834470973\",\"taxID\":\"83447097300043\",\"numberOfEmployees\":{\"@type\":\"QuantitativeValue\",\"minValue\":\"1\",\"maxValue\":\"10\"}},{\"@type\":\"Person\",\"@id\":\"https:\/\/dicodusport.fr\/blog\/#\/schema\/person\/37def232098a7a5cbab3974a3690abb0\",\"name\":\"Maxime Cazenave\",\"image\":{\"@type\":\"ImageObject\",\"inLanguage\":\"fr-FR\",\"@id\":\"https:\/\/dicodusport.fr\/blog\/#\/schema\/person\/image\/\",\"url\":\"https:\/\/dicodusport.fr\/blog\/wp-content\/uploads\/2021\/05\/Maxime-Cazenave-150x150.jpg\",\"contentUrl\":\"https:\/\/dicodusport.fr\/blog\/wp-content\/uploads\/2021\/05\/Maxime-Cazenave-150x150.jpg\",\"caption\":\"Maxime Cazenave\"},\"description\":\"Journaliste\/R\u00e9dacteur depuis 2012 - Berc\u00e9 par l\u2019amour des Girondins de Bordeaux, les \u00e9checs de Christophe Moreau sur le Tour de France sous l'\u00e8re Lance Armstrong et le fade-away l\u00e9tal de Dirk Nowitzki, ma passion d\u00e9vorante pour le sport a toujours \u00e9t\u00e9 un pan incontournable de ma vie. Transmettre ma passion \u00e0 l\u2019\u00e9crit a \u00e9t\u00e9 une transition naturelle. Suiveur assidu de basket et de hockey sur glace, je garde toujours un peu de place pour suivre le cyclisme, le football et le maximum de performances fran\u00e7aises.\",\"sameAs\":[\"https:\/\/x.com\/https:\/\/twitter.com\/Maxime_Caze\"],\"url\":\"https:\/\/dicodusport.fr\/blog\/author\/maximec\/\"}]}<\/script>\n<!-- \/ Yoast SEO Premium plugin. -->","yoast_head_json":{"title":"\u00c9quipe de France F\u00e9minine : Amandine Henry tire sa r\u00e9v\u00e9rence avec les Bleues","description":"\u00c9QUIPE DE FRANCE F\u00c9MININE - Ce dimanche, Amandine Henry a annonc\u00e9 la fin de son immense carri\u00e8re internationale.","robots":{"index":"index","follow":"follow","max-snippet":"max-snippet:-1","max-image-preview":"max-image-preview:large","max-video-preview":"max-video-preview:-1"},"canonical":"https:\/\/dicodusport.fr\/blog\/equipe-de-france-feminine-amandine-henry-tire-sa-reverence-avec-les-bleues\/","og_locale":"fr_FR","og_type":"article","og_title":"\u00c9quipe de France F\u00e9minine : Amandine Henry tire sa r\u00e9v\u00e9rence avec les Bleues","og_description":"\u00c9QUIPE DE FRANCE F\u00c9MININE - Ce dimanche, Amandine Henry a annonc\u00e9 la fin de son immense carri\u00e8re internationale.","og_url":"https:\/\/dicodusport.fr\/blog\/equipe-de-france-feminine-amandine-henry-tire-sa-reverence-avec-les-bleues\/","og_site_name":"Dicodusport","article_publisher":"https:\/\/www.facebook.com\/dicodusport","article_published_time":"2024-10-13T17:08:30+00:00","article_modified_time":"2024-10-13T17:19:14+00:00","og_image":[{"width":1200,"height":674,"url":"https:\/\/dicodusport.fr\/blog\/wp-content\/uploads\/2024\/10\/Equipe-de-France-Feminine-Amandine-Henry-tire-sa-reverence-avec-les-Bleues.png","type":"image\/png"}],"author":"Maxime Cazenave","twitter_card":"summary_large_image","twitter_title":"\u00c9quipe de France F\u00e9minine : Amandine Henry tire sa r\u00e9v\u00e9rence avec les Bleues","twitter_creator":"@https:\/\/twitter.com\/Maxime_Caze","twitter_site":"@dicodusport","schema":{"@context":"https:\/\/schema.org","@graph":[{"@type":"NewsArticle","@id":"https:\/\/dicodusport.fr\/blog\/equipe-de-france-feminine-amandine-henry-tire-sa-reverence-avec-les-bleues\/#article","isPartOf":{"@id":"https:\/\/dicodusport.fr\/blog\/equipe-de-france-feminine-amandine-henry-tire-sa-reverence-avec-les-bleues\/"},"author":{"name":"Maxime Cazenave","@id":"https:\/\/dicodusport.fr\/blog\/#\/schema\/person\/37def232098a7a5cbab3974a3690abb0"},"headline":"\u00c9quipe de France F\u00e9minine : Amandine Henry tire sa r\u00e9v\u00e9rence avec les Bleues","datePublished":"2024-10-13T17:08:30+00:00","dateModified":"2024-10-13T17:19:14+00:00","mainEntityOfPage":{"@id":"https:\/\/dicodusport.fr\/blog\/equipe-de-france-feminine-amandine-henry-tire-sa-reverence-avec-les-bleues\/"},"wordCount":643,"commentCount":0,"publisher":{"@id":"https:\/\/dicodusport.fr\/blog\/#organization"},"image":{"@id":"https:\/\/dicodusport.fr\/blog\/equipe-de-france-feminine-amandine-henry-tire-sa-reverence-avec-les-bleues\/#primaryimage"},"thumbnailUrl":"https:\/\/dicodusport.fr\/blog\/wp-content\/uploads\/2024\/10\/Equipe-de-France-Feminine-Amandine-Henry-tire-sa-reverence-avec-les-Bleues.png","keywords":["Amandine Henry","br\u00e8ve","Equipe de France f\u00e9minine","Football"],"articleSection":["Football"],"inLanguage":"fr-FR","potentialAction":[{"@type":"CommentAction","name":"Comment","target":["https:\/\/dicodusport.fr\/blog\/equipe-de-france-feminine-amandine-henry-tire-sa-reverence-avec-les-bleues\/#respond"]}],"copyrightYear":"2024","copyrightHolder":{"@id":"https:\/\/dicodusport.fr\/blog\/#organization"}},{"@type":"WebPage","@id":"https:\/\/dicodusport.fr\/blog\/equipe-de-france-feminine-amandine-henry-tire-sa-reverence-avec-les-bleues\/","url":"https:\/\/dicodusport.fr\/blog\/equipe-de-france-feminine-amandine-henry-tire-sa-reverence-avec-les-bleues\/","name":"\u00c9quipe de France F\u00e9minine : Amandine Henry tire sa r\u00e9v\u00e9rence avec les Bleues","isPartOf":{"@id":"https:\/\/dicodusport.fr\/blog\/#website"},"primaryImageOfPage":{"@id":"https:\/\/dicodusport.fr\/blog\/equipe-de-france-feminine-amandine-henry-tire-sa-reverence-avec-les-bleues\/#primaryimage"},"image":{"@id":"https:\/\/dicodusport.fr\/blog\/equipe-de-france-feminine-amandine-henry-tire-sa-reverence-avec-les-bleues\/#primaryimage"},"thumbnailUrl":"https:\/\/dicodusport.fr\/blog\/wp-content\/uploads\/2024\/10\/Equipe-de-France-Feminine-Amandine-Henry-tire-sa-reverence-avec-les-Bleues.png","datePublished":"2024-10-13T17:08:30+00:00","dateModified":"2024-10-13T17:19:14+00:00","description":"\u00c9QUIPE DE FRANCE F\u00c9MININE - Ce dimanche, Amandine Henry a annonc\u00e9 la fin de son immense carri\u00e8re internationale.","breadcrumb":{"@id":"https:\/\/dicodusport.fr\/blog\/equipe-de-france-feminine-amandine-henry-tire-sa-reverence-avec-les-bleues\/#breadcrumb"},"inLanguage":"fr-FR","potentialAction":[{"@type":"ReadAction","target":["https:\/\/dicodusport.fr\/blog\/equipe-de-france-feminine-amandine-henry-tire-sa-reverence-avec-les-bleues\/"]}]},{"@type":"ImageObject","inLanguage":"fr-FR","@id":"https:\/\/dicodusport.fr\/blog\/equipe-de-france-feminine-amandine-henry-tire-sa-reverence-avec-les-bleues\/#primaryimage","url":"https:\/\/dicodusport.fr\/blog\/wp-content\/uploads\/2024\/10\/Equipe-de-France-Feminine-Amandine-Henry-tire-sa-reverence-avec-les-Bleues.png","contentUrl":"https:\/\/dicodusport.fr\/blog\/wp-content\/uploads\/2024\/10\/Equipe-de-France-Feminine-Amandine-Henry-tire-sa-reverence-avec-les-Bleues.png","width":1200,"height":674,"caption":"\u00c9quipe de France F\u00e9minine : Amandine Henry tire sa r\u00e9v\u00e9rence avec les Bleues"},{"@type":"BreadcrumbList","@id":"https:\/\/dicodusport.fr\/blog\/equipe-de-france-feminine-amandine-henry-tire-sa-reverence-avec-les-bleues\/#breadcrumb","itemListElement":[{"@type":"ListItem","position":1,"name":"Accueil","item":"https:\/\/dicodusport.fr\/blog\/"},{"@type":"ListItem","position":2,"name":"\u00c9quipe de France F\u00e9minine : Amandine Henry tire sa r\u00e9v\u00e9rence avec les Bleues"}]},{"@type":"WebSite","@id":"https:\/\/dicodusport.fr\/blog\/#website","url":"https:\/\/dicodusport.fr\/blog\/","name":"Dicodusport","description":"L&#039;encyclop\u00e9die de l&#039;actualit\u00e9 sportive","publisher":{"@id":"https:\/\/dicodusport.fr\/blog\/#organization"},"potentialAction":[{"@type":"SearchAction","target":{"@type":"EntryPoint","urlTemplate":"https:\/\/dicodusport.fr\/blog\/?s={search_term_string}"},"query-input":{"@type":"PropertyValueSpecification","valueRequired":true,"valueName":"search_term_string"}}],"inLanguage":"fr-FR"},{"@type":"NewsMediaOrganization","@id":"https:\/\/dicodusport.fr\/blog\/#organization","name":"Dicodusport","url":"https:\/\/dicodusport.fr\/blog\/","logo":{"@type":"ImageObject","inLanguage":"fr-FR","@id":"https:\/\/dicodusport.fr\/blog\/#\/schema\/logo\/image\/","url":"https:\/\/dicodusport.fr\/blog\/wp-content\/uploads\/2020\/06\/cropped-LOGO-DICODUSPORT-2020-SANS-FOND-SANS-TEXTE.png","contentUrl":"https:\/\/dicodusport.fr\/blog\/wp-content\/uploads\/2020\/06\/cropped-LOGO-DICODUSPORT-2020-SANS-FOND-SANS-TEXTE.png","width":512,"height":512,"caption":"Dicodusport"},"image":{"@id":"https:\/\/dicodusport.fr\/blog\/#\/schema\/logo\/image\/"},"sameAs":["https:\/\/www.facebook.com\/dicodusport","https:\/\/x.com\/dicodusport","https:\/\/www.instagram.com\/dicodusport\/","https:\/\/www.youtube.com\/channel\/UC7V2KZ5sd3htJivAbA4ZG3w"],"description":"Dicodusport est l'encyclop\u00e9die de l'actualit\u00e9 sportive.","email":"bonjour@dicodusport.fr","legalName":"DICODUSPORT","foundingDate":"2018-01-14","vatID":"FR71834470973","taxID":"83447097300043","numberOfEmployees":{"@type":"QuantitativeValue","minValue":"1","maxValue":"10"}},{"@type":"Person","@id":"https:\/\/dicodusport.fr\/blog\/#\/schema\/person\/37def232098a7a5cbab3974a3690abb0","name":"Maxime Cazenave","image":{"@type":"ImageObject","inLanguage":"fr-FR","@id":"https:\/\/dicodusport.fr\/blog\/#\/schema\/person\/image\/","url":"https:\/\/dicodusport.fr\/blog\/wp-content\/uploads\/2021\/05\/Maxime-Cazenave-150x150.jpg","contentUrl":"https:\/\/dicodusport.fr\/blog\/wp-content\/uploads\/2021\/05\/Maxime-Cazenave-150x150.jpg","caption":"Maxime Cazenave"},"description":"Journaliste\/R\u00e9dacteur depuis 2012 - Berc\u00e9 par l\u2019amour des Girondins de Bordeaux, les \u00e9checs de Christophe Moreau sur le Tour de France sous l'\u00e8re Lance Armstrong et le fade-away l\u00e9tal de Dirk Nowitzki, ma passion d\u00e9vorante pour le sport a toujours \u00e9t\u00e9 un pan incontournable de ma vie. Transmettre ma passion \u00e0 l\u2019\u00e9crit a \u00e9t\u00e9 une transition naturelle. Suiveur assidu de basket et de hockey sur glace, je garde toujours un peu de place pour suivre le cyclisme, le football et le maximum de performances fran\u00e7aises.","sameAs":["https:\/\/x.com\/https:\/\/twitter.com\/Maxime_Caze"],"url":"https:\/\/dicodusport.fr\/blog\/author\/maximec\/"}]}},"_links":{"self":[{"href":"https:\/\/dicodusport.fr\/blog\/wp-json\/wp\/v2\/posts\/526319","targetHints":{"allow":["GET"]}}],"collection":[{"href":"https:\/\/dicodusport.fr\/blog\/wp-json\/wp\/v2\/posts"}],"about":[{"href":"https:\/\/dicodusport.fr\/blog\/wp-json\/wp\/v2\/types\/post"}],"author":[{"embeddable":true,"href":"https:\/\/dicodusport.fr\/blog\/wp-json\/wp\/v2\/users\/55"}],"replies":[{"embeddable":true,"href":"https:\/\/dicodusport.fr\/blog\/wp-json\/wp\/v2\/comments?post=526319"}],"version-history":[{"count":4,"href":"https:\/\/dicodusport.fr\/blog\/wp-json\/wp\/v2\/posts\/526319\/revisions"}],"predecessor-version":[{"id":526332,"href":"https:\/\/dicodusport.fr\/blog\/wp-json\/wp\/v2\/posts\/526319\/revisions\/526332"}],"wp:featuredmedia":[{"embeddable":true,"href":"https:\/\/dicodusport.fr\/blog\/wp-json\/wp\/v2\/media\/526321"}],"wp:attachment":[{"href":"https:\/\/dicodusport.fr\/blog\/wp-json\/wp\/v2\/media?parent=526319"}],"wp:term":[{"taxonomy":"category","embeddable":true,"href":"https:\/\/dicodusport.fr\/blog\/wp-json\/wp\/v2\/categories?post=526319"},{"taxonomy":"post_tag","embeddable":true,"href":"https:\/\/dicodusport.fr\/blog\/wp-json\/wp\/v2\/tags?post=526319"}],"curies":[{"name":"wp","href":"https:\/\/api.w.org\/{rel}","templated":true}]}}