{"id":526453,"date":"2024-10-14T16:31:12","date_gmt":"2024-10-14T14:31:12","guid":{"rendered":"https:\/\/dicodusport.fr\/blog\/?p=526453&#038;preview=true&#038;preview_id=526453"},"modified":"2024-10-14T18:27:34","modified_gmt":"2024-10-14T16:27:34","slug":"transferts-brive-leo-carbonneau-va-signer-en-top-14","status":"publish","type":"post","link":"https:\/\/dicodusport.fr\/blog\/transferts-brive-leo-carbonneau-va-signer-en-top-14\/","title":{"rendered":"Transferts Brive : L\u00e9o Carbonneau va signer en Top 14"},"content":{"rendered":"<h4 style=\"text-align: justify;\"><em>TOP 14 2024-2025 &#8211; Selon le Midi Olympique, L\u00e9o Carbonneau (20 ans) va bien quitter Brive pour s&rsquo;engager avec le Racing 92 la saison prochaine.\u00a0<\/em><\/h4>\n<p style=\"text-align: justify;\">Le <strong>Racing<\/strong> <strong>92<\/strong>\u00a0 a appris la mauvaise nouvelle il y a quelques semaines maintenant : <strong>Nolann<\/strong> <strong>Le<\/strong> <strong>Garrec<\/strong> va quitter le club en fin de saison pour rejoindre le <strong>Stade<\/strong> <strong>Rochelais<\/strong>. Les <em>Ciel et Blanc<\/em> vont donc perdre un de leurs meilleurs joueurs en juin prochain, et se sont donc mis en qu\u00eate d&rsquo;un renfort d&rsquo;envergure au poste de demi de m\u00eal\u00e9e.<\/p>\n<ul style=\"text-align: justify;\">\n<li style=\"text-align: justify;\"><strong>\u00c0 ce sujet &#8211; <a href=\"https:\/\/dicodusport.fr\/blog\/transferts-un-club-de-top-14-veut-signer-george-ford\/\" target=\"_blank\" rel=\"noopener\">Transferts : Un club de Top 14 veut signer George Ford<\/a><\/strong><\/li>\n<\/ul>\n<h2 style=\"text-align: justify;\">L\u00e9o Carbonneau va signer au Racing 92<\/h2>\n<p style=\"text-align: justify;\">Dans un premier temps, le <strong>Racing<\/strong> <strong>92<\/strong> s&rsquo;est donc activ\u00e9 sur la piste menant \u00e0 <a href=\"https:\/\/dicodusport.fr\/blog\/transferts-leo-carbonneau-et-santiago-arata-agitent-le-marche-des-demis-de-melee\/\"><strong>Santiago<\/strong> <strong>Arata <\/strong><\/a>(28 ans, Castres). Le demi de m\u00eal\u00e9e uruguayen a annonc\u00e9 son d\u00e9part \u00e0 ses dirigeants il y a quelques semaines et a \u00e9t\u00e9 re\u00e7u par le club francilien. Si un accord a \u00e9t\u00e9 proche entre les deux parties, rien n&rsquo;a jamais \u00e9t\u00e9 finalis\u00e9. Le club de <strong>Jacky<\/strong> <strong>Lorenzetti<\/strong> s&rsquo;est donc tourn\u00e9 vers une autre piste.<\/p>\n<p style=\"text-align: justify;\">Selon nos confr\u00e8res, le <strong>Racing<\/strong> <strong>92<\/strong> est en train de boucler la signature de <strong>L\u00e9o Carbonneau.<\/strong> Le num\u00e9ro 9 international U20 est pourtant sous contrat jusqu&rsquo;en 2026 avec le <strong>CA<\/strong> <strong>Brive,<\/strong> mais le club francilien a trouv\u00e9 un accord financier pour racheter sa derni\u00e8re ann\u00e9e de contrat. Il va donc s&rsquo;engager dans les jours \u00e0 venir avec le club des Hauts-de-Seine et changera de dimension la saison prochaine.<\/p>\n<blockquote class=\"twitter-tweet\">\n<p dir=\"ltr\" lang=\"fr\">\u00ab\u00a0Dupont l&rsquo;\u00e9toile\u00a0\u00bb en Une de Midi Olympique ! \ud83d\uddde\ufe0f<\/p>\n<p>Lire le journal &gt; <a href=\"https:\/\/t.co\/Ch1tO5TGQP\">https:\/\/t.co\/Ch1tO5TGQP<\/a> <a href=\"https:\/\/t.co\/VfOm6nW8sK\">pic.twitter.com\/VfOm6nW8sK<\/a><\/p>\n<p>\u2014 RUGBYRAMA (@RugbyramaFR) <a href=\"https:\/\/twitter.com\/RugbyramaFR\/status\/1845575411415031899?ref_src=twsrc%5Etfw\">October 13, 2024<\/a><\/p><\/blockquote>\n<p style=\"text-align: justify;\"><script async src=\"https:\/\/platform.twitter.com\/widgets.js\" charset=\"utf-8\"><\/script><\/p>\n","protected":false},"excerpt":{"rendered":"<p>TOP 14 2024-2025 &#8211; Selon le Midi Olympique, L\u00e9o Carbonneau va bien quitter Brive pour s&rsquo;engager avec le Racing 92 la saison prochaine.\u00a0<\/p>\n","protected":false},"author":1,"featured_media":526456,"comment_status":"open","ping_status":"closed","sticky":false,"template":"","format":"standard","meta":{"_acf_changed":false,"_daextam_enable_autolinks":"1","footnotes":""},"categories":[9129,47050],"tags":[16878,3131,29105],"class_list":["post-526453","post","type-post","status-publish","format-standard","has-post-thumbnail","hentry","category-rugby-a-xv","category-top-14","tag-breve","tag-racing-92","tag-transferts-rugby"],"acf":[],"yoast_head":"<!-- This site is optimized with the Yoast SEO Premium plugin v26.7 (Yoast SEO v26.7) - https:\/\/yoast.com\/wordpress\/plugins\/seo\/ -->\n<title>Transferts Brive : L\u00e9o Carbonneau va signer en Top 14<\/title>\n<meta name=\"description\" content=\"TOP 14 2024-2025 - Selon le Midi Olympique, L\u00e9o Carbonneau va bien quitter Brive pour s&#039;engager avec le Racing 92 la saison prochaine.\u00a0\" \/>\n<meta name=\"robots\" content=\"index, follow, max-snippet:-1, max-image-preview:large, max-video-preview:-1\" \/>\n<link rel=\"canonical\" href=\"https:\/\/dicodusport.fr\/blog\/transferts-brive-leo-carbonneau-va-signer-en-top-14\/\" \/>\n<meta property=\"og:locale\" content=\"fr_FR\" \/>\n<meta property=\"og:type\" content=\"article\" \/>\n<meta property=\"og:title\" content=\"Transferts Brive : L\u00e9o Carbonneau va signer en Top 14\" \/>\n<meta property=\"og:description\" content=\"TOP 14 2024-2025 - Selon le Midi Olympique, L\u00e9o Carbonneau va bien quitter Brive pour s&#039;engager avec le Racing 92 la saison prochaine.\u00a0\" \/>\n<meta property=\"og:url\" content=\"https:\/\/dicodusport.fr\/blog\/transferts-brive-leo-carbonneau-va-signer-en-top-14\/\" \/>\n<meta property=\"og:site_name\" content=\"Dicodusport\" \/>\n<meta property=\"article:publisher\" content=\"https:\/\/www.facebook.com\/dicodusport\" \/>\n<meta property=\"article:author\" content=\"https:\/\/www.facebook.com\/dicodusport\" \/>\n<meta property=\"article:published_time\" content=\"2024-10-14T14:31:12+00:00\" \/>\n<meta property=\"article:modified_time\" content=\"2024-10-14T16:27:34+00:00\" \/>\n<meta property=\"og:image\" content=\"https:\/\/dicodusport.fr\/blog\/wp-content\/uploads\/2024\/10\/Transferts-Brive-Leo-Carbonneau-va-signer-en-Top-14.png\" \/>\n\t<meta property=\"og:image:width\" content=\"1200\" \/>\n\t<meta property=\"og:image:height\" content=\"674\" \/>\n\t<meta property=\"og:image:type\" content=\"image\/png\" \/>\n<meta name=\"author\" content=\"Nicolas Jacquemard\" \/>\n<meta name=\"twitter:card\" content=\"summary_large_image\" \/>\n<meta name=\"twitter:title\" content=\"Transferts Brive : L\u00e9o Carbonneau va signer en Top 14\" \/>\n<meta name=\"twitter:creator\" content=\"@https:\/\/twitter.com\/Nico_Jacquemard\" \/>\n<meta name=\"twitter:site\" content=\"@dicodusport\" \/>\n<script type=\"application\/ld+json\" class=\"yoast-schema-graph\">{\"@context\":\"https:\/\/schema.org\",\"@graph\":[{\"@type\":\"NewsArticle\",\"@id\":\"https:\/\/dicodusport.fr\/blog\/transferts-brive-leo-carbonneau-va-signer-en-top-14\/#article\",\"isPartOf\":{\"@id\":\"https:\/\/dicodusport.fr\/blog\/transferts-brive-leo-carbonneau-va-signer-en-top-14\/\"},\"author\":{\"name\":\"Nicolas Jacquemard\",\"@id\":\"https:\/\/dicodusport.fr\/blog\/#\/schema\/person\/55dcb50ad410894e431ed812bbb70191\"},\"headline\":\"Transferts Brive : L\u00e9o Carbonneau va signer en Top 14\",\"datePublished\":\"2024-10-14T14:31:12+00:00\",\"dateModified\":\"2024-10-14T16:27:34+00:00\",\"mainEntityOfPage\":{\"@id\":\"https:\/\/dicodusport.fr\/blog\/transferts-brive-leo-carbonneau-va-signer-en-top-14\/\"},\"wordCount\":290,\"commentCount\":0,\"publisher\":{\"@id\":\"https:\/\/dicodusport.fr\/blog\/#organization\"},\"image\":{\"@id\":\"https:\/\/dicodusport.fr\/blog\/transferts-brive-leo-carbonneau-va-signer-en-top-14\/#primaryimage\"},\"thumbnailUrl\":\"https:\/\/dicodusport.fr\/blog\/wp-content\/uploads\/2024\/10\/Transferts-Brive-Leo-Carbonneau-va-signer-en-Top-14.png\",\"keywords\":[\"br\u00e8ve\",\"Racing 92\",\"Transferts rugby\"],\"articleSection\":[\"Rugby \u00e0 XV\",\"Top 14\"],\"inLanguage\":\"fr-FR\",\"potentialAction\":[{\"@type\":\"CommentAction\",\"name\":\"Comment\",\"target\":[\"https:\/\/dicodusport.fr\/blog\/transferts-brive-leo-carbonneau-va-signer-en-top-14\/#respond\"]}],\"copyrightYear\":\"2024\",\"copyrightHolder\":{\"@id\":\"https:\/\/dicodusport.fr\/blog\/#organization\"}},{\"@type\":\"WebPage\",\"@id\":\"https:\/\/dicodusport.fr\/blog\/transferts-brive-leo-carbonneau-va-signer-en-top-14\/\",\"url\":\"https:\/\/dicodusport.fr\/blog\/transferts-brive-leo-carbonneau-va-signer-en-top-14\/\",\"name\":\"Transferts Brive : L\u00e9o Carbonneau va signer en Top 14\",\"isPartOf\":{\"@id\":\"https:\/\/dicodusport.fr\/blog\/#website\"},\"primaryImageOfPage\":{\"@id\":\"https:\/\/dicodusport.fr\/blog\/transferts-brive-leo-carbonneau-va-signer-en-top-14\/#primaryimage\"},\"image\":{\"@id\":\"https:\/\/dicodusport.fr\/blog\/transferts-brive-leo-carbonneau-va-signer-en-top-14\/#primaryimage\"},\"thumbnailUrl\":\"https:\/\/dicodusport.fr\/blog\/wp-content\/uploads\/2024\/10\/Transferts-Brive-Leo-Carbonneau-va-signer-en-Top-14.png\",\"datePublished\":\"2024-10-14T14:31:12+00:00\",\"dateModified\":\"2024-10-14T16:27:34+00:00\",\"description\":\"TOP 14 2024-2025 - Selon le Midi Olympique, L\u00e9o Carbonneau va bien quitter Brive pour s'engager avec le Racing 92 la saison prochaine.\u00a0\",\"breadcrumb\":{\"@id\":\"https:\/\/dicodusport.fr\/blog\/transferts-brive-leo-carbonneau-va-signer-en-top-14\/#breadcrumb\"},\"inLanguage\":\"fr-FR\",\"potentialAction\":[{\"@type\":\"ReadAction\",\"target\":[\"https:\/\/dicodusport.fr\/blog\/transferts-brive-leo-carbonneau-va-signer-en-top-14\/\"]}]},{\"@type\":\"ImageObject\",\"inLanguage\":\"fr-FR\",\"@id\":\"https:\/\/dicodusport.fr\/blog\/transferts-brive-leo-carbonneau-va-signer-en-top-14\/#primaryimage\",\"url\":\"https:\/\/dicodusport.fr\/blog\/wp-content\/uploads\/2024\/10\/Transferts-Brive-Leo-Carbonneau-va-signer-en-Top-14.png\",\"contentUrl\":\"https:\/\/dicodusport.fr\/blog\/wp-content\/uploads\/2024\/10\/Transferts-Brive-Leo-Carbonneau-va-signer-en-Top-14.png\",\"width\":1200,\"height\":674},{\"@type\":\"BreadcrumbList\",\"@id\":\"https:\/\/dicodusport.fr\/blog\/transferts-brive-leo-carbonneau-va-signer-en-top-14\/#breadcrumb\",\"itemListElement\":[{\"@type\":\"ListItem\",\"position\":1,\"name\":\"Accueil\",\"item\":\"https:\/\/dicodusport.fr\/blog\/\"},{\"@type\":\"ListItem\",\"position\":2,\"name\":\"Transferts Brive : L\u00e9o Carbonneau va signer en Top 14\"}]},{\"@type\":\"WebSite\",\"@id\":\"https:\/\/dicodusport.fr\/blog\/#website\",\"url\":\"https:\/\/dicodusport.fr\/blog\/\",\"name\":\"Dicodusport\",\"description\":\"L&#039;encyclop\u00e9die de l&#039;actualit\u00e9 sportive\",\"publisher\":{\"@id\":\"https:\/\/dicodusport.fr\/blog\/#organization\"},\"potentialAction\":[{\"@type\":\"SearchAction\",\"target\":{\"@type\":\"EntryPoint\",\"urlTemplate\":\"https:\/\/dicodusport.fr\/blog\/?s={search_term_string}\"},\"query-input\":{\"@type\":\"PropertyValueSpecification\",\"valueRequired\":true,\"valueName\":\"search_term_string\"}}],\"inLanguage\":\"fr-FR\"},{\"@type\":\"NewsMediaOrganization\",\"@id\":\"https:\/\/dicodusport.fr\/blog\/#organization\",\"name\":\"Dicodusport\",\"url\":\"https:\/\/dicodusport.fr\/blog\/\",\"logo\":{\"@type\":\"ImageObject\",\"inLanguage\":\"fr-FR\",\"@id\":\"https:\/\/dicodusport.fr\/blog\/#\/schema\/logo\/image\/\",\"url\":\"https:\/\/dicodusport.fr\/blog\/wp-content\/uploads\/2020\/06\/cropped-LOGO-DICODUSPORT-2020-SANS-FOND-SANS-TEXTE.png\",\"contentUrl\":\"https:\/\/dicodusport.fr\/blog\/wp-content\/uploads\/2020\/06\/cropped-LOGO-DICODUSPORT-2020-SANS-FOND-SANS-TEXTE.png\",\"width\":512,\"height\":512,\"caption\":\"Dicodusport\"},\"image\":{\"@id\":\"https:\/\/dicodusport.fr\/blog\/#\/schema\/logo\/image\/\"},\"sameAs\":[\"https:\/\/www.facebook.com\/dicodusport\",\"https:\/\/x.com\/dicodusport\",\"https:\/\/www.instagram.com\/dicodusport\/\",\"https:\/\/www.youtube.com\/channel\/UC7V2KZ5sd3htJivAbA4ZG3w\"],\"description\":\"Dicodusport est l'encyclop\u00e9die de l'actualit\u00e9 sportive.\",\"email\":\"bonjour@dicodusport.fr\",\"legalName\":\"DICODUSPORT\",\"foundingDate\":\"2018-01-14\",\"vatID\":\"FR71834470973\",\"taxID\":\"83447097300043\",\"numberOfEmployees\":{\"@type\":\"QuantitativeValue\",\"minValue\":\"1\",\"maxValue\":\"10\"}},{\"@type\":\"Person\",\"@id\":\"https:\/\/dicodusport.fr\/blog\/#\/schema\/person\/55dcb50ad410894e431ed812bbb70191\",\"name\":\"Nicolas Jacquemard\",\"image\":{\"@type\":\"ImageObject\",\"inLanguage\":\"fr-FR\",\"@id\":\"https:\/\/dicodusport.fr\/blog\/#\/schema\/person\/image\/\",\"url\":\"https:\/\/dicodusport.fr\/blog\/wp-content\/uploads\/2021\/05\/Nicolas-Jacquemard-150x150.jpeg\",\"contentUrl\":\"https:\/\/dicodusport.fr\/blog\/wp-content\/uploads\/2021\/05\/Nicolas-Jacquemard-150x150.jpeg\",\"caption\":\"Nicolas Jacquemard\"},\"description\":\"Passionn\u00e9 de sport et entrepreneur depuis mes 18 ans, la cr\u00e9ation de Dicodusport m'a sembl\u00e9 \u00e9vidente pour participer \u00e0 la m\u00e9diatisation d'un plus grand nombre de sports. Le chemin est long mais avec une \u00e9quipe des plus motiv\u00e9es et les Jeux Olympiques de Paris 2024 en point de mire, nous y arriverons ! Journaliste dans le monde du sport depuis plus de 5 ans, je traite aussi bien de football, de rugby, de biathlon que de cyclisme.\",\"sameAs\":[\"https:\/\/www.facebook.com\/dicodusport\",\"https:\/\/x.com\/https:\/\/twitter.com\/Nico_Jacquemard\"],\"url\":\"https:\/\/dicodusport.fr\/blog\/author\/dicodusport\/\"}]}<\/script>\n<!-- \/ Yoast SEO Premium plugin. -->","yoast_head_json":{"title":"Transferts Brive : L\u00e9o Carbonneau va signer en Top 14","description":"TOP 14 2024-2025 - Selon le Midi Olympique, L\u00e9o Carbonneau va bien quitter Brive pour s'engager avec le Racing 92 la saison prochaine.\u00a0","robots":{"index":"index","follow":"follow","max-snippet":"max-snippet:-1","max-image-preview":"max-image-preview:large","max-video-preview":"max-video-preview:-1"},"canonical":"https:\/\/dicodusport.fr\/blog\/transferts-brive-leo-carbonneau-va-signer-en-top-14\/","og_locale":"fr_FR","og_type":"article","og_title":"Transferts Brive : L\u00e9o Carbonneau va signer en Top 14","og_description":"TOP 14 2024-2025 - Selon le Midi Olympique, L\u00e9o Carbonneau va bien quitter Brive pour s'engager avec le Racing 92 la saison prochaine.\u00a0","og_url":"https:\/\/dicodusport.fr\/blog\/transferts-brive-leo-carbonneau-va-signer-en-top-14\/","og_site_name":"Dicodusport","article_publisher":"https:\/\/www.facebook.com\/dicodusport","article_author":"https:\/\/www.facebook.com\/dicodusport","article_published_time":"2024-10-14T14:31:12+00:00","article_modified_time":"2024-10-14T16:27:34+00:00","og_image":[{"width":1200,"height":674,"url":"https:\/\/dicodusport.fr\/blog\/wp-content\/uploads\/2024\/10\/Transferts-Brive-Leo-Carbonneau-va-signer-en-Top-14.png","type":"image\/png"}],"author":"Nicolas Jacquemard","twitter_card":"summary_large_image","twitter_title":"Transferts Brive : L\u00e9o Carbonneau va signer en Top 14","twitter_creator":"@https:\/\/twitter.com\/Nico_Jacquemard","twitter_site":"@dicodusport","schema":{"@context":"https:\/\/schema.org","@graph":[{"@type":"NewsArticle","@id":"https:\/\/dicodusport.fr\/blog\/transferts-brive-leo-carbonneau-va-signer-en-top-14\/#article","isPartOf":{"@id":"https:\/\/dicodusport.fr\/blog\/transferts-brive-leo-carbonneau-va-signer-en-top-14\/"},"author":{"name":"Nicolas Jacquemard","@id":"https:\/\/dicodusport.fr\/blog\/#\/schema\/person\/55dcb50ad410894e431ed812bbb70191"},"headline":"Transferts Brive : L\u00e9o Carbonneau va signer en Top 14","datePublished":"2024-10-14T14:31:12+00:00","dateModified":"2024-10-14T16:27:34+00:00","mainEntityOfPage":{"@id":"https:\/\/dicodusport.fr\/blog\/transferts-brive-leo-carbonneau-va-signer-en-top-14\/"},"wordCount":290,"commentCount":0,"publisher":{"@id":"https:\/\/dicodusport.fr\/blog\/#organization"},"image":{"@id":"https:\/\/dicodusport.fr\/blog\/transferts-brive-leo-carbonneau-va-signer-en-top-14\/#primaryimage"},"thumbnailUrl":"https:\/\/dicodusport.fr\/blog\/wp-content\/uploads\/2024\/10\/Transferts-Brive-Leo-Carbonneau-va-signer-en-Top-14.png","keywords":["br\u00e8ve","Racing 92","Transferts rugby"],"articleSection":["Rugby \u00e0 XV","Top 14"],"inLanguage":"fr-FR","potentialAction":[{"@type":"CommentAction","name":"Comment","target":["https:\/\/dicodusport.fr\/blog\/transferts-brive-leo-carbonneau-va-signer-en-top-14\/#respond"]}],"copyrightYear":"2024","copyrightHolder":{"@id":"https:\/\/dicodusport.fr\/blog\/#organization"}},{"@type":"WebPage","@id":"https:\/\/dicodusport.fr\/blog\/transferts-brive-leo-carbonneau-va-signer-en-top-14\/","url":"https:\/\/dicodusport.fr\/blog\/transferts-brive-leo-carbonneau-va-signer-en-top-14\/","name":"Transferts Brive : L\u00e9o Carbonneau va signer en Top 14","isPartOf":{"@id":"https:\/\/dicodusport.fr\/blog\/#website"},"primaryImageOfPage":{"@id":"https:\/\/dicodusport.fr\/blog\/transferts-brive-leo-carbonneau-va-signer-en-top-14\/#primaryimage"},"image":{"@id":"https:\/\/dicodusport.fr\/blog\/transferts-brive-leo-carbonneau-va-signer-en-top-14\/#primaryimage"},"thumbnailUrl":"https:\/\/dicodusport.fr\/blog\/wp-content\/uploads\/2024\/10\/Transferts-Brive-Leo-Carbonneau-va-signer-en-Top-14.png","datePublished":"2024-10-14T14:31:12+00:00","dateModified":"2024-10-14T16:27:34+00:00","description":"TOP 14 2024-2025 - Selon le Midi Olympique, L\u00e9o Carbonneau va bien quitter Brive pour s'engager avec le Racing 92 la saison prochaine.\u00a0","breadcrumb":{"@id":"https:\/\/dicodusport.fr\/blog\/transferts-brive-leo-carbonneau-va-signer-en-top-14\/#breadcrumb"},"inLanguage":"fr-FR","potentialAction":[{"@type":"ReadAction","target":["https:\/\/dicodusport.fr\/blog\/transferts-brive-leo-carbonneau-va-signer-en-top-14\/"]}]},{"@type":"ImageObject","inLanguage":"fr-FR","@id":"https:\/\/dicodusport.fr\/blog\/transferts-brive-leo-carbonneau-va-signer-en-top-14\/#primaryimage","url":"https:\/\/dicodusport.fr\/blog\/wp-content\/uploads\/2024\/10\/Transferts-Brive-Leo-Carbonneau-va-signer-en-Top-14.png","contentUrl":"https:\/\/dicodusport.fr\/blog\/wp-content\/uploads\/2024\/10\/Transferts-Brive-Leo-Carbonneau-va-signer-en-Top-14.png","width":1200,"height":674},{"@type":"BreadcrumbList","@id":"https:\/\/dicodusport.fr\/blog\/transferts-brive-leo-carbonneau-va-signer-en-top-14\/#breadcrumb","itemListElement":[{"@type":"ListItem","position":1,"name":"Accueil","item":"https:\/\/dicodusport.fr\/blog\/"},{"@type":"ListItem","position":2,"name":"Transferts Brive : L\u00e9o Carbonneau va signer en Top 14"}]},{"@type":"WebSite","@id":"https:\/\/dicodusport.fr\/blog\/#website","url":"https:\/\/dicodusport.fr\/blog\/","name":"Dicodusport","description":"L&#039;encyclop\u00e9die de l&#039;actualit\u00e9 sportive","publisher":{"@id":"https:\/\/dicodusport.fr\/blog\/#organization"},"potentialAction":[{"@type":"SearchAction","target":{"@type":"EntryPoint","urlTemplate":"https:\/\/dicodusport.fr\/blog\/?s={search_term_string}"},"query-input":{"@type":"PropertyValueSpecification","valueRequired":true,"valueName":"search_term_string"}}],"inLanguage":"fr-FR"},{"@type":"NewsMediaOrganization","@id":"https:\/\/dicodusport.fr\/blog\/#organization","name":"Dicodusport","url":"https:\/\/dicodusport.fr\/blog\/","logo":{"@type":"ImageObject","inLanguage":"fr-FR","@id":"https:\/\/dicodusport.fr\/blog\/#\/schema\/logo\/image\/","url":"https:\/\/dicodusport.fr\/blog\/wp-content\/uploads\/2020\/06\/cropped-LOGO-DICODUSPORT-2020-SANS-FOND-SANS-TEXTE.png","contentUrl":"https:\/\/dicodusport.fr\/blog\/wp-content\/uploads\/2020\/06\/cropped-LOGO-DICODUSPORT-2020-SANS-FOND-SANS-TEXTE.png","width":512,"height":512,"caption":"Dicodusport"},"image":{"@id":"https:\/\/dicodusport.fr\/blog\/#\/schema\/logo\/image\/"},"sameAs":["https:\/\/www.facebook.com\/dicodusport","https:\/\/x.com\/dicodusport","https:\/\/www.instagram.com\/dicodusport\/","https:\/\/www.youtube.com\/channel\/UC7V2KZ5sd3htJivAbA4ZG3w"],"description":"Dicodusport est l'encyclop\u00e9die de l'actualit\u00e9 sportive.","email":"bonjour@dicodusport.fr","legalName":"DICODUSPORT","foundingDate":"2018-01-14","vatID":"FR71834470973","taxID":"83447097300043","numberOfEmployees":{"@type":"QuantitativeValue","minValue":"1","maxValue":"10"}},{"@type":"Person","@id":"https:\/\/dicodusport.fr\/blog\/#\/schema\/person\/55dcb50ad410894e431ed812bbb70191","name":"Nicolas Jacquemard","image":{"@type":"ImageObject","inLanguage":"fr-FR","@id":"https:\/\/dicodusport.fr\/blog\/#\/schema\/person\/image\/","url":"https:\/\/dicodusport.fr\/blog\/wp-content\/uploads\/2021\/05\/Nicolas-Jacquemard-150x150.jpeg","contentUrl":"https:\/\/dicodusport.fr\/blog\/wp-content\/uploads\/2021\/05\/Nicolas-Jacquemard-150x150.jpeg","caption":"Nicolas Jacquemard"},"description":"Passionn\u00e9 de sport et entrepreneur depuis mes 18 ans, la cr\u00e9ation de Dicodusport m'a sembl\u00e9 \u00e9vidente pour participer \u00e0 la m\u00e9diatisation d'un plus grand nombre de sports. Le chemin est long mais avec une \u00e9quipe des plus motiv\u00e9es et les Jeux Olympiques de Paris 2024 en point de mire, nous y arriverons ! Journaliste dans le monde du sport depuis plus de 5 ans, je traite aussi bien de football, de rugby, de biathlon que de cyclisme.","sameAs":["https:\/\/www.facebook.com\/dicodusport","https:\/\/x.com\/https:\/\/twitter.com\/Nico_Jacquemard"],"url":"https:\/\/dicodusport.fr\/blog\/author\/dicodusport\/"}]}},"_links":{"self":[{"href":"https:\/\/dicodusport.fr\/blog\/wp-json\/wp\/v2\/posts\/526453","targetHints":{"allow":["GET"]}}],"collection":[{"href":"https:\/\/dicodusport.fr\/blog\/wp-json\/wp\/v2\/posts"}],"about":[{"href":"https:\/\/dicodusport.fr\/blog\/wp-json\/wp\/v2\/types\/post"}],"author":[{"embeddable":true,"href":"https:\/\/dicodusport.fr\/blog\/wp-json\/wp\/v2\/users\/1"}],"replies":[{"embeddable":true,"href":"https:\/\/dicodusport.fr\/blog\/wp-json\/wp\/v2\/comments?post=526453"}],"version-history":[{"count":4,"href":"https:\/\/dicodusport.fr\/blog\/wp-json\/wp\/v2\/posts\/526453\/revisions"}],"predecessor-version":[{"id":526476,"href":"https:\/\/dicodusport.fr\/blog\/wp-json\/wp\/v2\/posts\/526453\/revisions\/526476"}],"wp:featuredmedia":[{"embeddable":true,"href":"https:\/\/dicodusport.fr\/blog\/wp-json\/wp\/v2\/media\/526456"}],"wp:attachment":[{"href":"https:\/\/dicodusport.fr\/blog\/wp-json\/wp\/v2\/media?parent=526453"}],"wp:term":[{"taxonomy":"category","embeddable":true,"href":"https:\/\/dicodusport.fr\/blog\/wp-json\/wp\/v2\/categories?post=526453"},{"taxonomy":"post_tag","embeddable":true,"href":"https:\/\/dicodusport.fr\/blog\/wp-json\/wp\/v2\/tags?post=526453"}],"curies":[{"name":"wp","href":"https:\/\/api.w.org\/{rel}","templated":true}]}}