{"id":526533,"date":"2024-10-15T15:00:14","date_gmt":"2024-10-15T13:00:14","guid":{"rendered":"https:\/\/dicodusport.fr\/blog\/?p=526533&#038;preview=true&#038;preview_id=526533"},"modified":"2024-10-15T14:18:31","modified_gmt":"2024-10-15T12:18:31","slug":"van-gils-magnier-christen-nos-revelations-de-la-saison-2024","status":"publish","type":"post","link":"https:\/\/dicodusport.fr\/blog\/van-gils-magnier-christen-nos-revelations-de-la-saison-2024\/","title":{"rendered":"Van Gils, Magnier, Christen : Nos r\u00e9v\u00e9lations de la saison 2024"},"content":{"rendered":"<h4 style=\"text-align: justify;\"><em>CYCLISME SUR ROUTE &#8211; La saison 2024, marqu\u00e9e par la supr\u00e9matie incontest\u00e9e de Tadej Poga\u010dar, a n\u00e9anmoins permis l&rsquo;\u00e9mergence de nouveaux talents. En voici un floril\u00e8ge.<\/em><\/h4>\n<ul>\n<li style=\"text-align: justify;\"><strong>\u00c0 ce sujet &#8211; <a href=\"https:\/\/dicodusport.fr\/blog\/cyclisme-mercato-2024-2025-tableau-des-transferts\/\">Cyclisme Mercato 2024-2025 \u2013 Tableau des transferts<\/a><\/strong><\/li>\n<\/ul>\n<h2 style=\"text-align: justify;\">Maxim Van Gils (Lotto Dstny)<\/h2>\n<p style=\"text-align: justify;\">Professionnel depuis 2021 dans la structure belge, le Belge a franchi plusieurs paliers cette ann\u00e9e. S&rsquo;il a gagn\u00e9 pour la premi\u00e8re fois en World Tour en s&rsquo;adjugeant l&rsquo;<a href=\"https:\/\/dicodusport.fr\/blog\/classement-eschborn-francfort-2024\/\">Eschborn-Francfort<\/a>, il a surtout impressionn\u00e9 par sa r\u00e9gularit\u00e9 sur les classiques printani\u00e8res. <strong>Van Gils<\/strong> a ainsi termin\u00e9 troisi\u00e8me des Strade Bianche, septi\u00e8me de Milan &#8211; San Remo, troisi\u00e8me de La Fl\u00e8che Wallonne et quatri\u00e8me de Li\u00e8ge-Bastogne-Li\u00e8ge. Pass\u00e9 du 75 au 22\u00e8me rang UCI, il a cependant \u00e9t\u00e9 plus discret en deuxi\u00e8me partie de saison.<\/p>\n<div class=\"vlp-link-container vlp-layout-article\"><a href=\"https:\/\/dicodusport.fr\/blog\/eschborn-francfort-2024-maxim-van-gils-simpose\/\" class=\"vlp-link\" title=\"Eschborn-Francfort 2024 : Maxim Van Gils s&#039;impose\"><\/a><div class=\"vlp-layout-zone-side\"><div class=\"vlp-block-4 vlp-link-image\"><img loading=\"lazy\" decoding=\"async\" style=\"max-width: 792px;\" width=\"792\" height=\"445\" src=\"https:\/\/dicodusport.fr\/blog\/wp-content\/uploads\/2024\/05\/Eschborn-Francfort-2024-Maxim-Van-Gils-simpose-1.png\" class=\"attachment-800x445 size-800x445\" alt=\"Eschborn-Francfort 2024 Maxim Van Gils s&#039;impose (1)\" srcset=\"https:\/\/dicodusport.fr\/blog\/wp-content\/uploads\/2024\/05\/Eschborn-Francfort-2024-Maxim-Van-Gils-simpose-1.png 1200w, https:\/\/dicodusport.fr\/blog\/wp-content\/uploads\/2024\/05\/Eschborn-Francfort-2024-Maxim-Van-Gils-simpose-1-300x169.png 300w, https:\/\/dicodusport.fr\/blog\/wp-content\/uploads\/2024\/05\/Eschborn-Francfort-2024-Maxim-Van-Gils-simpose-1-1024x575.png 1024w, https:\/\/dicodusport.fr\/blog\/wp-content\/uploads\/2024\/05\/Eschborn-Francfort-2024-Maxim-Van-Gils-simpose-1-768x431.png 768w\" sizes=\"auto, (max-width: 792px) 100vw, 792px\" \/><\/div><\/div><div class=\"vlp-layout-zone-main\"><div class=\"vlp-block-0 vlp-link-title\">Eschborn-Francfort 2024 : Maxim Van Gils s'impose<\/div><div class=\"vlp-block-1 vlp-link-summary\">ESCHBORN-FRANCFORT 2024 \u2013 Maxim Van Gils (Lotto Dstny) a gagn\u00e9 au sprint la 61\u00e8me \u00e9dition du Grand Prix de Francfort.<\/div><div class=\"vlp-block-2 vlp-link-button\">Lire l'article<\/div><div class=\"vlp-block-3 vlp-link-url\">dicodusport.fr<\/div><\/div><\/div>\n<h2 style=\"text-align: justify;\">Paul Magnier (Soudal Quick-Step)<\/h2>\n<p style=\"text-align: justify;\">Tr\u00e8s en vue l&rsquo;an pass\u00e9 avec l&rsquo;\u00e9quipe continentale Trinity Racing, le n\u00e9o-pro a d\u00e9marr\u00e9 sa carri\u00e8re professionnelle sur les chapeaux de roue en remportant au sprint sa premi\u00e8re course, le <a href=\"https:\/\/dicodusport.fr\/blog\/classement-trofeo-ses-salines-felanitx-2024\/\">Trofeo Ses Salines-Felanitx<\/a> en Espagne. Il a confirm\u00e9 en f\u00e9vrier en gagnant une \u00e9tape sur le Tour d&rsquo;Oman. Le Fran\u00e7ais a imm\u00e9diatement d\u00e9montr\u00e9 des qualit\u00e9s au sprint lui permettant de scorer rapidement. Ensuite, <strong>Paul Magnier<\/strong> a davantage tourn\u00e9 sur le circuit Espoirs avant de porter son total de victoires \u00e0 cinq en s&rsquo;adjugeant 3 \u00e9tapes du Tour de Grande-Bretagne.<\/p>\n<div class=\"vlp-link-container vlp-layout-article\"><a href=\"https:\/\/dicodusport.fr\/blog\/tour-de-grande-bretagne-2024-la-passe-de-trois-pour-paul-magnier-sur-la-5eme-etape\/\" class=\"vlp-link\" title=\"Tour de Grande-Bretagne 2024 : La passe de trois pour Paul Magnier sur la 5\u00e8me \u00e9tape\"><\/a><div class=\"vlp-layout-zone-side\"><div class=\"vlp-block-4 vlp-link-image\"><img loading=\"lazy\" decoding=\"async\" style=\"max-width: 792px;\" width=\"792\" height=\"445\" src=\"https:\/\/dicodusport.fr\/blog\/wp-content\/uploads\/2024\/09\/Tour-de-Grande-Bretagne-2024-La-passe-de-trois-pour-Paul-Magnier-sur-la-5eme-etape.png\" class=\"attachment-800x445 size-800x445\" alt=\"Tour de Grande-Bretagne 2024 La passe de trois pour Paul Magnier sur la 5\u00e8me \u00e9tape\" srcset=\"https:\/\/dicodusport.fr\/blog\/wp-content\/uploads\/2024\/09\/Tour-de-Grande-Bretagne-2024-La-passe-de-trois-pour-Paul-Magnier-sur-la-5eme-etape.png 1200w, https:\/\/dicodusport.fr\/blog\/wp-content\/uploads\/2024\/09\/Tour-de-Grande-Bretagne-2024-La-passe-de-trois-pour-Paul-Magnier-sur-la-5eme-etape-300x169.png 300w, https:\/\/dicodusport.fr\/blog\/wp-content\/uploads\/2024\/09\/Tour-de-Grande-Bretagne-2024-La-passe-de-trois-pour-Paul-Magnier-sur-la-5eme-etape-1024x575.png 1024w, https:\/\/dicodusport.fr\/blog\/wp-content\/uploads\/2024\/09\/Tour-de-Grande-Bretagne-2024-La-passe-de-trois-pour-Paul-Magnier-sur-la-5eme-etape-768x431.png 768w\" sizes=\"auto, (max-width: 792px) 100vw, 792px\" \/><\/div><\/div><div class=\"vlp-layout-zone-main\"><div class=\"vlp-block-0 vlp-link-title\">Tour de Grande-Bretagne 2024 : La passe de trois pour Paul Magnier sur la 5\u00e8me \u00e9tape<\/div><div class=\"vlp-block-1 vlp-link-summary\">La passe de trois pour Paul Magnier sur la 5\u00e8me \u00e9tape<\/div><div class=\"vlp-block-2 vlp-link-button\">Lire l'article<\/div><div class=\"vlp-block-3 vlp-link-url\">dicodusport.fr<\/div><\/div><\/div>\n<h2 style=\"text-align: justify;\">Jan Christen (UAE Team Emirates)<\/h2>\n<p style=\"text-align: justify;\">On attendait peut-\u00eatre davantage <strong>Antonio Morgado<\/strong> chez UAE, mais c&rsquo;est bel et bien le Suisse qui a crev\u00e9 l&rsquo;\u00e9cran en 2024. Tr\u00e8s prometteur chez les Juniors, et apr\u00e8s avoir mis sa carri\u00e8re en stand-by l&rsquo;an pass\u00e9 chez les Espoirs, il n&rsquo;a pas train\u00e9 \u00e0 faire comprendre qu&rsquo;il faudrait compter sur lui dans les ann\u00e9es \u00e0 venir. Trois victoires pour le jeune Helv\u00e8te dont le Giro dell&rsquo;Appennino et la <a href=\"https:\/\/dicodusport.fr\/blog\/classement-prueba-villafranca-ordiziako-klasika-2024\/\">Prueba Villafranca &#8211; Ordiziako Klasika<\/a>. \u00c0 cela, il faut ajouter une superbe deuxi\u00e8me place sur Milan-Turin en d\u00e9but d&rsquo;ann\u00e9e, \u00e9preuve class\u00e9e 1.Pro.<\/p>\n<blockquote class=\"twitter-tweet\">\n<p dir=\"ltr\" lang=\"ca\">Siuuuuuu! Ordizia Classic\ud83c\udfc6 <a href=\"https:\/\/t.co\/6hiNSKmbQ0\">pic.twitter.com\/6hiNSKmbQ0<\/a><\/p>\n<p>\u2014 Jan Christen (@janchristen04) <a href=\"https:\/\/twitter.com\/janchristen04\/status\/1816744609789145237?ref_src=twsrc%5Etfw\">July 26, 2024<\/a><\/p><\/blockquote>\n<p><script async src=\"https:\/\/platform.twitter.com\/widgets.js\" charset=\"utf-8\"><\/script><\/p>\n<h2 style=\"text-align: justify;\">Paul Lapeira (Decathlon &#8211; AG2R La Mondiale)<\/h2>\n<p style=\"text-align: justify;\">474\u00e8me mondial fin 2023,<strong> Paul Lapeira<\/strong> s&rsquo;est fait un nom et int\u00e8gre en 2024 le top 100 UCI. On retiendra bien entendu son titre de champion de France \u00e0 Saint-Martin de Landelles. Vainqueur de trois classiques de la Coupe de France cycliste (Polynormande, Cholet Agglo Tour et Classic Loire-Atlantique), il termine second du classement g\u00e9n\u00e9ral de celle-ci derri\u00e8re son \u00e9quipier <strong>Beno\u00eet Cosnefroy<\/strong>. En outre, <strong>Lapeira<\/strong> a lev\u00e9 les bras en World Tour avec <a href=\"https:\/\/dicodusport.fr\/blog\/tour-du-pays-basque-2024-premiere-victoire-en-world-tour-pour-paul-lapeira\/\">une \u00e9tape du Tour du Pays Basque<\/a>.<\/p>\n<div class=\"vlp-link-container vlp-layout-article\"><a href=\"https:\/\/dicodusport.fr\/blog\/cyclisme-championnats-de-france-2024-paul-lapeira-couronne-sur-ses-terres\/\" class=\"vlp-link\" title=\"Cyclisme Championnats de France 2024 : Paul Lapeira couronn\u00e9 sur ses terres\"><\/a><div class=\"vlp-layout-zone-side\"><div class=\"vlp-block-4 vlp-link-image\"><img loading=\"lazy\" decoding=\"async\" style=\"max-width: 792px;\" width=\"792\" height=\"445\" src=\"https:\/\/dicodusport.fr\/blog\/wp-content\/uploads\/2024\/06\/Cyclisme-Championnats-de-France-2024-Paul-Lapeira-couronne-sur-ses-terres-1.png\" class=\"attachment-800x445 size-800x445\" alt=\"Cyclisme Championnats de France 2024 Paul Lapeira couronn\u00e9 sur ses terres\" srcset=\"https:\/\/dicodusport.fr\/blog\/wp-content\/uploads\/2024\/06\/Cyclisme-Championnats-de-France-2024-Paul-Lapeira-couronne-sur-ses-terres-1.png 1200w, https:\/\/dicodusport.fr\/blog\/wp-content\/uploads\/2024\/06\/Cyclisme-Championnats-de-France-2024-Paul-Lapeira-couronne-sur-ses-terres-1-300x169.png 300w, https:\/\/dicodusport.fr\/blog\/wp-content\/uploads\/2024\/06\/Cyclisme-Championnats-de-France-2024-Paul-Lapeira-couronne-sur-ses-terres-1-1024x575.png 1024w, https:\/\/dicodusport.fr\/blog\/wp-content\/uploads\/2024\/06\/Cyclisme-Championnats-de-France-2024-Paul-Lapeira-couronne-sur-ses-terres-1-768x431.png 768w\" sizes=\"auto, (max-width: 792px) 100vw, 792px\" \/><\/div><\/div><div class=\"vlp-layout-zone-main\"><div class=\"vlp-block-0 vlp-link-title\">Cyclisme Championnats de France 2024 : Paul Lapeira couronn\u00e9 sur ses terres<\/div><div class=\"vlp-block-1 vlp-link-summary\">CYCLISME CHAMPIONNATS DE FRANCE 2024 - Le Normand Paul Lapeira (Decathlon AG2r La Mondiale s'est impos\u00e9 \u00e0 Saint-Martin-de-Landelles, en Normandie, dimanche. Il a devanc\u00e9 Julien Bernard (Lidl-Trek) et Thomas Gachignard (TotalEnergies). 55 ans apr\u00e8s Raymond Delisle, un Normand a d\u00e9croch\u00e9 le maillot tricolore.\u00a0<\/div><div class=\"vlp-block-2 vlp-link-button\">Lire l'article<\/div><div class=\"vlp-block-3 vlp-link-url\">dicodusport.fr<\/div><\/div><\/div>\n<h2 style=\"text-align: justify;\">Stephen Williams (Israel Premier Tech)<\/h2>\n<p style=\"text-align: justify;\">Longtemps diminu\u00e9 par des soucis r\u00e9currents au genou, le Britannique semble avoir enfin r\u00e9gl\u00e9 ses probl\u00e8mes en 2024. Pour preuve, sa forme \u00e9tincelante d\u00e8s janvier au Tour Down Under o\u00f9 il domine la derni\u00e8re \u00e9tape au Mount Lofty et enl\u00e8ve le Classement G\u00e9n\u00e9ral de l&rsquo;\u00e9preuve australienne. Mieux que cela, il ajoute son nom au palmar\u00e8s de la Fl\u00e8che Wallonne lors d&rsquo;une \u00e9dition particuli\u00e8rement difficile. Enfin, il remporte deux \u00e9tapes et <a href=\"https:\/\/dicodusport.fr\/blog\/tour-de-grande-bretagne-2024-classement-general\/\">le g\u00e9n\u00e9ral du Tour de Grande-Bretagne<\/a>. \u00c0 28 ans, <strong>Williams<\/strong> semble revenir de loin et atteint enfin les sommets.<\/p>\n<blockquote class=\"twitter-tweet\">\n<p dir=\"ltr\" lang=\"fr\">\ud83d\udeb4\u200d\u2642\ufe0f <a href=\"https:\/\/twitter.com\/hashtag\/FlecheWallonne?src=hash&amp;ref_src=twsrc%5Etfw\">#FlecheWallonne<\/a> | \ud83c\udfc1 Arriv\u00e9e<\/p>\n<p>\ud83c\uddec\ud83c\udde7 Stephen Williams remporte la Fl\u00e8che Wallonne \ud83c\udfc6<\/p>\n<p>Le Fran\u00e7ais K\u00e9vin Vauquelin \ud83c\uddeb\ud83c\uddf7 prend la deuxi\u00e8me place ! <a href=\"https:\/\/t.co\/ZrhoKU0wDi\">pic.twitter.com\/ZrhoKU0wDi<\/a><\/p>\n<p>\u2014 francetvsport (@francetvsport) <a href=\"https:\/\/twitter.com\/francetvsport\/status\/1780602179776078018?ref_src=twsrc%5Etfw\">April 17, 2024<\/a><\/p><\/blockquote>\n<p><script async src=\"https:\/\/platform.twitter.com\/widgets.js\" charset=\"utf-8\"><\/script><\/p>\n<h2 style=\"text-align: justify;\">Alex Baudin (Decathlon &#8211; AG1R La Mondiale)<\/h2>\n<p style=\"text-align: justify;\">En proie \u00e0 des probl\u00e8mes avec la patrouille l&rsquo;an pass\u00e9, <strong>Alex Baudin<\/strong> ne s&rsquo;est pas fait priver pour faire taire les mauvaises langues. Outre ses deux premi\u00e8res victoires professionnelles, une \u00e9tape et le g\u00e9n\u00e9ral du Tour du Limousin, le Savoyard a r\u00e9alis\u00e9 un Giro de bonne facture, terminant 21\u00e8me en craquant sur les derni\u00e8res \u00e9tapes de montagne. Il a aussi pris la 10\u00e8me place du Tour du Pays Basque. Second de la Coppa Bernocchi d\u00e9but octobre, il est d\u00e9sormais cit\u00e9 parmi les outsiders pour le <a href=\"https:\/\/dicodusport.fr\/blog\/tour-du-guangxi-2024-classement-general\/\">Tour du Guangxi<\/a> en cours.<\/p>\n<div class=\"vlp-link-container vlp-layout-article\"><a href=\"https:\/\/dicodusport.fr\/blog\/tour-du-limousin-2024-alex-baudin-ouvre-son-compteur-de-victoires-en-patron-sur-la-2e-etape\/\" class=\"vlp-link\" title=\"Tour du Limousin 2024 : Alex Baudin ouvre son compteur de victoires en patron sur la 2e \u00e9tape\"><\/a><div class=\"vlp-layout-zone-side\"><div class=\"vlp-block-4 vlp-link-image\"><img loading=\"lazy\" decoding=\"async\" style=\"max-width: 792px;\" width=\"792\" height=\"445\" src=\"https:\/\/dicodusport.fr\/blog\/wp-content\/uploads\/2024\/08\/Tour-du-Limousin-2024-Alex-Baudin-ouvre-son-compteur-de-victoires-en-patron-sur-la-2e-etape.png\" class=\"attachment-800x445 size-800x445\" alt=\"Tour du Limousin 2024 : Alex Baudin ouvre son compteur de victoires en patron sur la 2e \u00e9tape\" srcset=\"https:\/\/dicodusport.fr\/blog\/wp-content\/uploads\/2024\/08\/Tour-du-Limousin-2024-Alex-Baudin-ouvre-son-compteur-de-victoires-en-patron-sur-la-2e-etape.png 1200w, https:\/\/dicodusport.fr\/blog\/wp-content\/uploads\/2024\/08\/Tour-du-Limousin-2024-Alex-Baudin-ouvre-son-compteur-de-victoires-en-patron-sur-la-2e-etape-300x169.png 300w, https:\/\/dicodusport.fr\/blog\/wp-content\/uploads\/2024\/08\/Tour-du-Limousin-2024-Alex-Baudin-ouvre-son-compteur-de-victoires-en-patron-sur-la-2e-etape-1024x575.png 1024w, https:\/\/dicodusport.fr\/blog\/wp-content\/uploads\/2024\/08\/Tour-du-Limousin-2024-Alex-Baudin-ouvre-son-compteur-de-victoires-en-patron-sur-la-2e-etape-768x431.png 768w\" sizes=\"auto, (max-width: 792px) 100vw, 792px\" \/><\/div><\/div><div class=\"vlp-layout-zone-main\"><div class=\"vlp-block-0 vlp-link-title\">Tour du Limousin 2024 : Alex Baudin ouvre son compteur de victoires en patron sur la 2e \u00e9tape<\/div><div class=\"vlp-block-1 vlp-link-summary\">TOUR DU LIMOUSIN 2024 \u2013 Alex Baudin (Decathlon-AG2R) a remport\u00e9 la 2e \u00e9tape \u00e0 Terrasson-Lavilledieu au terme d'un final anim\u00e9. Le coureur tricolore a plac\u00e9 une attaque tranchante dans la derni\u00e8re difficult\u00e9 avant de filer comme une balle pour rallier la ligne. Il s'offre l\u00e0 sa premi\u00e8re victoire professionnelle, mais \u00e9galement la t\u00eate du classement g\u00e9n\u00e9ral.<\/div><div class=\"vlp-block-2 vlp-link-button\">Lire l'article<\/div><div class=\"vlp-block-3 vlp-link-url\">dicodusport.fr<\/div><\/div><\/div>\n<h2 style=\"text-align: justify;\">Florian Lipowitz (Red Bull &#8211; Bora &#8211; Hansgrohe)<\/h2>\n<p style=\"text-align: justify;\">Vainqueur du Czech Tour en 2023, l&rsquo;Allemand a largement confirm\u00e9 en 2024 les qualit\u00e9s aper\u00e7ues l&rsquo;an pass\u00e9. Septi\u00e8me de la Vuelta en lieutenant de Primoz Roglic, il a impressionn\u00e9 par sa r\u00e9gularit\u00e9 en montagne. On notera bien \u00e9videmment son excellente troisi\u00e8me place sur le Tour de Romandie en avril et sa victoire sur le Sibiu Tour en juillet. Il faudra probablement compter sur <strong>Lipowitz<\/strong> pour les courses \u00e0 \u00e9tapes et les Grands Tours dans les ann\u00e9es \u00e0 venir.<\/p>\n<h2 style=\"text-align: justify;\">\u00c0 lire aussi<\/h2>\n<div class=\"vlp-link-container vlp-layout-article\"><a href=\"https:\/\/dicodusport.fr\/blog\/magnier-laurance-gregoire-un-an-apres-quel-bilan-pour-nos-espoirs-francais-pour-2024\/\" class=\"vlp-link\" title=\"Magnier, Laurance, Gr\u00e9goire : Un an apr\u00e8s, quel bilan pour nos espoirs fran\u00e7ais pour 2024 ?\"><\/a><div class=\"vlp-layout-zone-side\"><div class=\"vlp-block-4 vlp-link-image\"><img loading=\"lazy\" decoding=\"async\" style=\"max-width: 792px;\" width=\"792\" height=\"445\" src=\"https:\/\/dicodusport.fr\/blog\/wp-content\/uploads\/2024\/10\/Magnier-Laurance-Gregoire-Un-an-apres-quel-bilan-pour-nos-espoirs-francais-pour-2024-.png\" class=\"attachment-800x445 size-800x445\" alt=\"Magnier, Laurance, Gr\u00e9goire Un an apr\u00e8s, quel bilan pour nos espoirs fran\u00e7ais pour 2024\" srcset=\"https:\/\/dicodusport.fr\/blog\/wp-content\/uploads\/2024\/10\/Magnier-Laurance-Gregoire-Un-an-apres-quel-bilan-pour-nos-espoirs-francais-pour-2024-.png 1200w, https:\/\/dicodusport.fr\/blog\/wp-content\/uploads\/2024\/10\/Magnier-Laurance-Gregoire-Un-an-apres-quel-bilan-pour-nos-espoirs-francais-pour-2024--300x169.png 300w, https:\/\/dicodusport.fr\/blog\/wp-content\/uploads\/2024\/10\/Magnier-Laurance-Gregoire-Un-an-apres-quel-bilan-pour-nos-espoirs-francais-pour-2024--1024x575.png 1024w, https:\/\/dicodusport.fr\/blog\/wp-content\/uploads\/2024\/10\/Magnier-Laurance-Gregoire-Un-an-apres-quel-bilan-pour-nos-espoirs-francais-pour-2024--768x431.png 768w\" sizes=\"auto, (max-width: 792px) 100vw, 792px\" \/><\/div><\/div><div class=\"vlp-layout-zone-main\"><div class=\"vlp-block-0 vlp-link-title\">Magnier, Laurance, Gr\u00e9goire : Un an apr\u00e8s, quel bilan pour nos espoirs fran\u00e7ais pour 2024 ?<\/div><div class=\"vlp-block-1 vlp-link-summary\">Un an apr\u00e8s, quel bilan pour nos espoirs fran\u00e7ais pour 2024 ?<\/div><div class=\"vlp-block-2 vlp-link-button\">Lire l'article<\/div><div class=\"vlp-block-3 vlp-link-url\">dicodusport.fr<\/div><\/div><\/div>\n","protected":false},"excerpt":{"rendered":"<p>Nos r\u00e9v\u00e9lations de la saison 2024<\/p>\n","protected":false},"author":92,"featured_media":526596,"comment_status":"open","ping_status":"closed","sticky":false,"template":"","format":"standard","meta":{"_acf_changed":false,"_daextam_enable_autolinks":"1","footnotes":""},"categories":[46994],"tags":[32415,25370,16878,38425,31645],"class_list":["post-526533","post","type-post","status-publish","format-standard","has-post-thumbnail","hentry","category-cyclisme-sur-route","tag-actu","tag-alex-baudin","tag-breve","tag-paul-lapeira","tag-paul-magnier"],"acf":[],"yoast_head":"<!-- This site is optimized with the Yoast SEO Premium plugin v26.7 (Yoast SEO v26.7) - https:\/\/yoast.com\/wordpress\/plugins\/seo\/ -->\n<title>Van Gils, Magnier, Christen : Nos r\u00e9v\u00e9lations de la saison 2024<\/title>\n<meta name=\"description\" content=\"CYCLISME SUR ROUTE - La saison 2024, marqu\u00e9e par la domination de Pogacar, a n\u00e9anmoins permis l&#039;\u00e9mergence de nouveaux talents.\" \/>\n<meta name=\"robots\" content=\"index, follow, max-snippet:-1, max-image-preview:large, max-video-preview:-1\" \/>\n<link rel=\"canonical\" href=\"https:\/\/dicodusport.fr\/blog\/van-gils-magnier-christen-nos-revelations-de-la-saison-2024\/\" \/>\n<meta property=\"og:locale\" content=\"fr_FR\" \/>\n<meta property=\"og:type\" content=\"article\" \/>\n<meta property=\"og:title\" content=\"Van Gils, Magnier, Christen : Nos r\u00e9v\u00e9lations de la saison 2024\" \/>\n<meta property=\"og:description\" content=\"CYCLISME SUR ROUTE - La saison 2024, marqu\u00e9e par la domination de Pogacar, a n\u00e9anmoins permis l&#039;\u00e9mergence de nouveaux talents.\" \/>\n<meta property=\"og:url\" content=\"https:\/\/dicodusport.fr\/blog\/van-gils-magnier-christen-nos-revelations-de-la-saison-2024\/\" \/>\n<meta property=\"og:site_name\" content=\"Dicodusport\" \/>\n<meta property=\"article:publisher\" content=\"https:\/\/www.facebook.com\/dicodusport\" \/>\n<meta property=\"article:published_time\" content=\"2024-10-15T13:00:14+00:00\" \/>\n<meta property=\"og:image\" content=\"https:\/\/dicodusport.fr\/blog\/wp-content\/uploads\/2024\/10\/Van-Gils-Magnier-Christen-Nos-revelations-de-la-saison-2024.png\" \/>\n\t<meta property=\"og:image:width\" content=\"1200\" \/>\n\t<meta property=\"og:image:height\" content=\"674\" \/>\n\t<meta property=\"og:image:type\" content=\"image\/png\" \/>\n<meta name=\"author\" content=\"Olivier Dobiezynski\" \/>\n<meta name=\"twitter:card\" content=\"summary_large_image\" \/>\n<meta name=\"twitter:title\" content=\"Van Gils, Magnier, Christen : Nos r\u00e9v\u00e9lations de la saison 2024\" \/>\n<meta name=\"twitter:creator\" content=\"@https:\/\/x.com\/Olivier_Matros\" \/>\n<meta name=\"twitter:site\" content=\"@dicodusport\" \/>\n<script type=\"application\/ld+json\" class=\"yoast-schema-graph\">{\"@context\":\"https:\/\/schema.org\",\"@graph\":[{\"@type\":\"NewsArticle\",\"@id\":\"https:\/\/dicodusport.fr\/blog\/van-gils-magnier-christen-nos-revelations-de-la-saison-2024\/#article\",\"isPartOf\":{\"@id\":\"https:\/\/dicodusport.fr\/blog\/van-gils-magnier-christen-nos-revelations-de-la-saison-2024\/\"},\"author\":{\"name\":\"Olivier Dobiezynski\",\"@id\":\"https:\/\/dicodusport.fr\/blog\/#\/schema\/person\/fe500246414ca17ddf0c0312d7a792cc\"},\"headline\":\"Van Gils, Magnier, Christen : Nos r\u00e9v\u00e9lations de la saison 2024\",\"datePublished\":\"2024-10-15T13:00:14+00:00\",\"mainEntityOfPage\":{\"@id\":\"https:\/\/dicodusport.fr\/blog\/van-gils-magnier-christen-nos-revelations-de-la-saison-2024\/\"},\"wordCount\":1235,\"commentCount\":0,\"publisher\":{\"@id\":\"https:\/\/dicodusport.fr\/blog\/#organization\"},\"image\":{\"@id\":\"https:\/\/dicodusport.fr\/blog\/van-gils-magnier-christen-nos-revelations-de-la-saison-2024\/#primaryimage\"},\"thumbnailUrl\":\"https:\/\/dicodusport.fr\/blog\/wp-content\/uploads\/2024\/10\/Van-Gils-Magnier-Christen-Nos-revelations-de-la-saison-2024.png\",\"keywords\":[\"actu\",\"Alex Baudin\",\"br\u00e8ve\",\"Paul Lapeira\",\"Paul Magnier\"],\"articleSection\":[\"Cyclisme sur route\"],\"inLanguage\":\"fr-FR\",\"potentialAction\":[{\"@type\":\"CommentAction\",\"name\":\"Comment\",\"target\":[\"https:\/\/dicodusport.fr\/blog\/van-gils-magnier-christen-nos-revelations-de-la-saison-2024\/#respond\"]}],\"copyrightYear\":\"2024\",\"copyrightHolder\":{\"@id\":\"https:\/\/dicodusport.fr\/blog\/#organization\"}},{\"@type\":\"WebPage\",\"@id\":\"https:\/\/dicodusport.fr\/blog\/van-gils-magnier-christen-nos-revelations-de-la-saison-2024\/\",\"url\":\"https:\/\/dicodusport.fr\/blog\/van-gils-magnier-christen-nos-revelations-de-la-saison-2024\/\",\"name\":\"Van Gils, Magnier, Christen : Nos r\u00e9v\u00e9lations de la saison 2024\",\"isPartOf\":{\"@id\":\"https:\/\/dicodusport.fr\/blog\/#website\"},\"primaryImageOfPage\":{\"@id\":\"https:\/\/dicodusport.fr\/blog\/van-gils-magnier-christen-nos-revelations-de-la-saison-2024\/#primaryimage\"},\"image\":{\"@id\":\"https:\/\/dicodusport.fr\/blog\/van-gils-magnier-christen-nos-revelations-de-la-saison-2024\/#primaryimage\"},\"thumbnailUrl\":\"https:\/\/dicodusport.fr\/blog\/wp-content\/uploads\/2024\/10\/Van-Gils-Magnier-Christen-Nos-revelations-de-la-saison-2024.png\",\"datePublished\":\"2024-10-15T13:00:14+00:00\",\"description\":\"CYCLISME SUR ROUTE - La saison 2024, marqu\u00e9e par la domination de Pogacar, a n\u00e9anmoins permis l'\u00e9mergence de nouveaux talents.\",\"breadcrumb\":{\"@id\":\"https:\/\/dicodusport.fr\/blog\/van-gils-magnier-christen-nos-revelations-de-la-saison-2024\/#breadcrumb\"},\"inLanguage\":\"fr-FR\",\"potentialAction\":[{\"@type\":\"ReadAction\",\"target\":[\"https:\/\/dicodusport.fr\/blog\/van-gils-magnier-christen-nos-revelations-de-la-saison-2024\/\"]}]},{\"@type\":\"ImageObject\",\"inLanguage\":\"fr-FR\",\"@id\":\"https:\/\/dicodusport.fr\/blog\/van-gils-magnier-christen-nos-revelations-de-la-saison-2024\/#primaryimage\",\"url\":\"https:\/\/dicodusport.fr\/blog\/wp-content\/uploads\/2024\/10\/Van-Gils-Magnier-Christen-Nos-revelations-de-la-saison-2024.png\",\"contentUrl\":\"https:\/\/dicodusport.fr\/blog\/wp-content\/uploads\/2024\/10\/Van-Gils-Magnier-Christen-Nos-revelations-de-la-saison-2024.png\",\"width\":1200,\"height\":674,\"caption\":\"Van Gils, Magnier, Christen Nos r\u00e9v\u00e9lations de la saison 2024\"},{\"@type\":\"BreadcrumbList\",\"@id\":\"https:\/\/dicodusport.fr\/blog\/van-gils-magnier-christen-nos-revelations-de-la-saison-2024\/#breadcrumb\",\"itemListElement\":[{\"@type\":\"ListItem\",\"position\":1,\"name\":\"Accueil\",\"item\":\"https:\/\/dicodusport.fr\/blog\/\"},{\"@type\":\"ListItem\",\"position\":2,\"name\":\"Van Gils, Magnier, Christen : Nos r\u00e9v\u00e9lations de la saison 2024\"}]},{\"@type\":\"WebSite\",\"@id\":\"https:\/\/dicodusport.fr\/blog\/#website\",\"url\":\"https:\/\/dicodusport.fr\/blog\/\",\"name\":\"Dicodusport\",\"description\":\"L&#039;encyclop\u00e9die de l&#039;actualit\u00e9 sportive\",\"publisher\":{\"@id\":\"https:\/\/dicodusport.fr\/blog\/#organization\"},\"potentialAction\":[{\"@type\":\"SearchAction\",\"target\":{\"@type\":\"EntryPoint\",\"urlTemplate\":\"https:\/\/dicodusport.fr\/blog\/?s={search_term_string}\"},\"query-input\":{\"@type\":\"PropertyValueSpecification\",\"valueRequired\":true,\"valueName\":\"search_term_string\"}}],\"inLanguage\":\"fr-FR\"},{\"@type\":\"NewsMediaOrganization\",\"@id\":\"https:\/\/dicodusport.fr\/blog\/#organization\",\"name\":\"Dicodusport\",\"url\":\"https:\/\/dicodusport.fr\/blog\/\",\"logo\":{\"@type\":\"ImageObject\",\"inLanguage\":\"fr-FR\",\"@id\":\"https:\/\/dicodusport.fr\/blog\/#\/schema\/logo\/image\/\",\"url\":\"https:\/\/dicodusport.fr\/blog\/wp-content\/uploads\/2020\/06\/cropped-LOGO-DICODUSPORT-2020-SANS-FOND-SANS-TEXTE.png\",\"contentUrl\":\"https:\/\/dicodusport.fr\/blog\/wp-content\/uploads\/2020\/06\/cropped-LOGO-DICODUSPORT-2020-SANS-FOND-SANS-TEXTE.png\",\"width\":512,\"height\":512,\"caption\":\"Dicodusport\"},\"image\":{\"@id\":\"https:\/\/dicodusport.fr\/blog\/#\/schema\/logo\/image\/\"},\"sameAs\":[\"https:\/\/www.facebook.com\/dicodusport\",\"https:\/\/x.com\/dicodusport\",\"https:\/\/www.instagram.com\/dicodusport\/\",\"https:\/\/www.youtube.com\/channel\/UC7V2KZ5sd3htJivAbA4ZG3w\"],\"description\":\"Dicodusport est l'encyclop\u00e9die de l'actualit\u00e9 sportive.\",\"email\":\"bonjour@dicodusport.fr\",\"legalName\":\"DICODUSPORT\",\"foundingDate\":\"2018-01-14\",\"vatID\":\"FR71834470973\",\"taxID\":\"83447097300043\",\"numberOfEmployees\":{\"@type\":\"QuantitativeValue\",\"minValue\":\"1\",\"maxValue\":\"10\"}},{\"@type\":\"Person\",\"@id\":\"https:\/\/dicodusport.fr\/blog\/#\/schema\/person\/fe500246414ca17ddf0c0312d7a792cc\",\"name\":\"Olivier Dobiezynski\",\"image\":{\"@type\":\"ImageObject\",\"inLanguage\":\"fr-FR\",\"@id\":\"https:\/\/dicodusport.fr\/blog\/#\/schema\/person\/image\/\",\"url\":\"https:\/\/dicodusport.fr\/blog\/wp-content\/uploads\/2024\/09\/5be8fe8d-9962-4f1e-ad06-d6f9dee30e6d-150x150.jpg\",\"contentUrl\":\"https:\/\/dicodusport.fr\/blog\/wp-content\/uploads\/2024\/09\/5be8fe8d-9962-4f1e-ad06-d6f9dee30e6d-150x150.jpg\",\"caption\":\"Olivier Dobiezynski\"},\"description\":\"Depuis le milieu des ann\u00e9es 90, la passion du cyclisme m'anime. Mes h\u00e9ros s'appellent Luc Leblanc, Piotr Ugrumov, Paolo Savoldelli, Peter Sagan et bien \u00e9videmment Romain Bardet. R\u00e9dacteur depuis 2023, je suis ici pour partager cet amour de la Petite Reine. Vous pourrez me lire \u00e9galement sur du trail, du ski de fond et tout autre sujet susceptible d'\u00e9veiller ma curiosit\u00e9 sportive.\",\"sameAs\":[\"https:\/\/x.com\/https:\/\/x.com\/Olivier_Matros\"],\"url\":\"https:\/\/dicodusport.fr\/blog\/author\/olivier-gh\/\"}]}<\/script>\n<!-- \/ Yoast SEO Premium plugin. -->","yoast_head_json":{"title":"Van Gils, Magnier, Christen : Nos r\u00e9v\u00e9lations de la saison 2024","description":"CYCLISME SUR ROUTE - La saison 2024, marqu\u00e9e par la domination de Pogacar, a n\u00e9anmoins permis l'\u00e9mergence de nouveaux talents.","robots":{"index":"index","follow":"follow","max-snippet":"max-snippet:-1","max-image-preview":"max-image-preview:large","max-video-preview":"max-video-preview:-1"},"canonical":"https:\/\/dicodusport.fr\/blog\/van-gils-magnier-christen-nos-revelations-de-la-saison-2024\/","og_locale":"fr_FR","og_type":"article","og_title":"Van Gils, Magnier, Christen : Nos r\u00e9v\u00e9lations de la saison 2024","og_description":"CYCLISME SUR ROUTE - La saison 2024, marqu\u00e9e par la domination de Pogacar, a n\u00e9anmoins permis l'\u00e9mergence de nouveaux talents.","og_url":"https:\/\/dicodusport.fr\/blog\/van-gils-magnier-christen-nos-revelations-de-la-saison-2024\/","og_site_name":"Dicodusport","article_publisher":"https:\/\/www.facebook.com\/dicodusport","article_published_time":"2024-10-15T13:00:14+00:00","og_image":[{"width":1200,"height":674,"url":"https:\/\/dicodusport.fr\/blog\/wp-content\/uploads\/2024\/10\/Van-Gils-Magnier-Christen-Nos-revelations-de-la-saison-2024.png","type":"image\/png"}],"author":"Olivier Dobiezynski","twitter_card":"summary_large_image","twitter_title":"Van Gils, Magnier, Christen : Nos r\u00e9v\u00e9lations de la saison 2024","twitter_creator":"@https:\/\/x.com\/Olivier_Matros","twitter_site":"@dicodusport","schema":{"@context":"https:\/\/schema.org","@graph":[{"@type":"NewsArticle","@id":"https:\/\/dicodusport.fr\/blog\/van-gils-magnier-christen-nos-revelations-de-la-saison-2024\/#article","isPartOf":{"@id":"https:\/\/dicodusport.fr\/blog\/van-gils-magnier-christen-nos-revelations-de-la-saison-2024\/"},"author":{"name":"Olivier Dobiezynski","@id":"https:\/\/dicodusport.fr\/blog\/#\/schema\/person\/fe500246414ca17ddf0c0312d7a792cc"},"headline":"Van Gils, Magnier, Christen : Nos r\u00e9v\u00e9lations de la saison 2024","datePublished":"2024-10-15T13:00:14+00:00","mainEntityOfPage":{"@id":"https:\/\/dicodusport.fr\/blog\/van-gils-magnier-christen-nos-revelations-de-la-saison-2024\/"},"wordCount":1235,"commentCount":0,"publisher":{"@id":"https:\/\/dicodusport.fr\/blog\/#organization"},"image":{"@id":"https:\/\/dicodusport.fr\/blog\/van-gils-magnier-christen-nos-revelations-de-la-saison-2024\/#primaryimage"},"thumbnailUrl":"https:\/\/dicodusport.fr\/blog\/wp-content\/uploads\/2024\/10\/Van-Gils-Magnier-Christen-Nos-revelations-de-la-saison-2024.png","keywords":["actu","Alex Baudin","br\u00e8ve","Paul Lapeira","Paul Magnier"],"articleSection":["Cyclisme sur route"],"inLanguage":"fr-FR","potentialAction":[{"@type":"CommentAction","name":"Comment","target":["https:\/\/dicodusport.fr\/blog\/van-gils-magnier-christen-nos-revelations-de-la-saison-2024\/#respond"]}],"copyrightYear":"2024","copyrightHolder":{"@id":"https:\/\/dicodusport.fr\/blog\/#organization"}},{"@type":"WebPage","@id":"https:\/\/dicodusport.fr\/blog\/van-gils-magnier-christen-nos-revelations-de-la-saison-2024\/","url":"https:\/\/dicodusport.fr\/blog\/van-gils-magnier-christen-nos-revelations-de-la-saison-2024\/","name":"Van Gils, Magnier, Christen : Nos r\u00e9v\u00e9lations de la saison 2024","isPartOf":{"@id":"https:\/\/dicodusport.fr\/blog\/#website"},"primaryImageOfPage":{"@id":"https:\/\/dicodusport.fr\/blog\/van-gils-magnier-christen-nos-revelations-de-la-saison-2024\/#primaryimage"},"image":{"@id":"https:\/\/dicodusport.fr\/blog\/van-gils-magnier-christen-nos-revelations-de-la-saison-2024\/#primaryimage"},"thumbnailUrl":"https:\/\/dicodusport.fr\/blog\/wp-content\/uploads\/2024\/10\/Van-Gils-Magnier-Christen-Nos-revelations-de-la-saison-2024.png","datePublished":"2024-10-15T13:00:14+00:00","description":"CYCLISME SUR ROUTE - La saison 2024, marqu\u00e9e par la domination de Pogacar, a n\u00e9anmoins permis l'\u00e9mergence de nouveaux talents.","breadcrumb":{"@id":"https:\/\/dicodusport.fr\/blog\/van-gils-magnier-christen-nos-revelations-de-la-saison-2024\/#breadcrumb"},"inLanguage":"fr-FR","potentialAction":[{"@type":"ReadAction","target":["https:\/\/dicodusport.fr\/blog\/van-gils-magnier-christen-nos-revelations-de-la-saison-2024\/"]}]},{"@type":"ImageObject","inLanguage":"fr-FR","@id":"https:\/\/dicodusport.fr\/blog\/van-gils-magnier-christen-nos-revelations-de-la-saison-2024\/#primaryimage","url":"https:\/\/dicodusport.fr\/blog\/wp-content\/uploads\/2024\/10\/Van-Gils-Magnier-Christen-Nos-revelations-de-la-saison-2024.png","contentUrl":"https:\/\/dicodusport.fr\/blog\/wp-content\/uploads\/2024\/10\/Van-Gils-Magnier-Christen-Nos-revelations-de-la-saison-2024.png","width":1200,"height":674,"caption":"Van Gils, Magnier, Christen Nos r\u00e9v\u00e9lations de la saison 2024"},{"@type":"BreadcrumbList","@id":"https:\/\/dicodusport.fr\/blog\/van-gils-magnier-christen-nos-revelations-de-la-saison-2024\/#breadcrumb","itemListElement":[{"@type":"ListItem","position":1,"name":"Accueil","item":"https:\/\/dicodusport.fr\/blog\/"},{"@type":"ListItem","position":2,"name":"Van Gils, Magnier, Christen : Nos r\u00e9v\u00e9lations de la saison 2024"}]},{"@type":"WebSite","@id":"https:\/\/dicodusport.fr\/blog\/#website","url":"https:\/\/dicodusport.fr\/blog\/","name":"Dicodusport","description":"L&#039;encyclop\u00e9die de l&#039;actualit\u00e9 sportive","publisher":{"@id":"https:\/\/dicodusport.fr\/blog\/#organization"},"potentialAction":[{"@type":"SearchAction","target":{"@type":"EntryPoint","urlTemplate":"https:\/\/dicodusport.fr\/blog\/?s={search_term_string}"},"query-input":{"@type":"PropertyValueSpecification","valueRequired":true,"valueName":"search_term_string"}}],"inLanguage":"fr-FR"},{"@type":"NewsMediaOrganization","@id":"https:\/\/dicodusport.fr\/blog\/#organization","name":"Dicodusport","url":"https:\/\/dicodusport.fr\/blog\/","logo":{"@type":"ImageObject","inLanguage":"fr-FR","@id":"https:\/\/dicodusport.fr\/blog\/#\/schema\/logo\/image\/","url":"https:\/\/dicodusport.fr\/blog\/wp-content\/uploads\/2020\/06\/cropped-LOGO-DICODUSPORT-2020-SANS-FOND-SANS-TEXTE.png","contentUrl":"https:\/\/dicodusport.fr\/blog\/wp-content\/uploads\/2020\/06\/cropped-LOGO-DICODUSPORT-2020-SANS-FOND-SANS-TEXTE.png","width":512,"height":512,"caption":"Dicodusport"},"image":{"@id":"https:\/\/dicodusport.fr\/blog\/#\/schema\/logo\/image\/"},"sameAs":["https:\/\/www.facebook.com\/dicodusport","https:\/\/x.com\/dicodusport","https:\/\/www.instagram.com\/dicodusport\/","https:\/\/www.youtube.com\/channel\/UC7V2KZ5sd3htJivAbA4ZG3w"],"description":"Dicodusport est l'encyclop\u00e9die de l'actualit\u00e9 sportive.","email":"bonjour@dicodusport.fr","legalName":"DICODUSPORT","foundingDate":"2018-01-14","vatID":"FR71834470973","taxID":"83447097300043","numberOfEmployees":{"@type":"QuantitativeValue","minValue":"1","maxValue":"10"}},{"@type":"Person","@id":"https:\/\/dicodusport.fr\/blog\/#\/schema\/person\/fe500246414ca17ddf0c0312d7a792cc","name":"Olivier Dobiezynski","image":{"@type":"ImageObject","inLanguage":"fr-FR","@id":"https:\/\/dicodusport.fr\/blog\/#\/schema\/person\/image\/","url":"https:\/\/dicodusport.fr\/blog\/wp-content\/uploads\/2024\/09\/5be8fe8d-9962-4f1e-ad06-d6f9dee30e6d-150x150.jpg","contentUrl":"https:\/\/dicodusport.fr\/blog\/wp-content\/uploads\/2024\/09\/5be8fe8d-9962-4f1e-ad06-d6f9dee30e6d-150x150.jpg","caption":"Olivier Dobiezynski"},"description":"Depuis le milieu des ann\u00e9es 90, la passion du cyclisme m'anime. Mes h\u00e9ros s'appellent Luc Leblanc, Piotr Ugrumov, Paolo Savoldelli, Peter Sagan et bien \u00e9videmment Romain Bardet. R\u00e9dacteur depuis 2023, je suis ici pour partager cet amour de la Petite Reine. Vous pourrez me lire \u00e9galement sur du trail, du ski de fond et tout autre sujet susceptible d'\u00e9veiller ma curiosit\u00e9 sportive.","sameAs":["https:\/\/x.com\/https:\/\/x.com\/Olivier_Matros"],"url":"https:\/\/dicodusport.fr\/blog\/author\/olivier-gh\/"}]}},"_links":{"self":[{"href":"https:\/\/dicodusport.fr\/blog\/wp-json\/wp\/v2\/posts\/526533","targetHints":{"allow":["GET"]}}],"collection":[{"href":"https:\/\/dicodusport.fr\/blog\/wp-json\/wp\/v2\/posts"}],"about":[{"href":"https:\/\/dicodusport.fr\/blog\/wp-json\/wp\/v2\/types\/post"}],"author":[{"embeddable":true,"href":"https:\/\/dicodusport.fr\/blog\/wp-json\/wp\/v2\/users\/92"}],"replies":[{"embeddable":true,"href":"https:\/\/dicodusport.fr\/blog\/wp-json\/wp\/v2\/comments?post=526533"}],"version-history":[{"count":5,"href":"https:\/\/dicodusport.fr\/blog\/wp-json\/wp\/v2\/posts\/526533\/revisions"}],"predecessor-version":[{"id":526597,"href":"https:\/\/dicodusport.fr\/blog\/wp-json\/wp\/v2\/posts\/526533\/revisions\/526597"}],"wp:featuredmedia":[{"embeddable":true,"href":"https:\/\/dicodusport.fr\/blog\/wp-json\/wp\/v2\/media\/526596"}],"wp:attachment":[{"href":"https:\/\/dicodusport.fr\/blog\/wp-json\/wp\/v2\/media?parent=526533"}],"wp:term":[{"taxonomy":"category","embeddable":true,"href":"https:\/\/dicodusport.fr\/blog\/wp-json\/wp\/v2\/categories?post=526533"},{"taxonomy":"post_tag","embeddable":true,"href":"https:\/\/dicodusport.fr\/blog\/wp-json\/wp\/v2\/tags?post=526533"}],"curies":[{"name":"wp","href":"https:\/\/api.w.org\/{rel}","templated":true}]}}