{"id":52658,"date":"2019-11-01T08:00:10","date_gmt":"2019-11-01T07:00:10","guid":{"rendered":"http:\/\/dicodusport.fr\/blog\/?p=52658&#038;preview=true&#038;preview_id=52658"},"modified":"2019-11-01T06:32:44","modified_gmt":"2019-11-01T05:32:44","slug":"le-maillot-de-la-trek-segafredo-pour-2020-devoile","status":"publish","type":"post","link":"https:\/\/dicodusport.fr\/blog\/le-maillot-de-la-trek-segafredo-pour-2020-devoile\/","title":{"rendered":"Le maillot de la Trek-Segafredo pour 2020 d\u00e9voil\u00e9"},"content":{"rendered":"<p style=\"text-align: justify;\"><em><strong>\u00c0 l&rsquo;occasion de la premi\u00e8re des deux \u00e9tapes du RouleurClassic, course d&rsquo;exhibition de fin de saison, la <a href=\"https:\/\/racing.trekbikes.com\/trek-segafredo\" target=\"_blank\" rel=\"noopener\">Trek-Segafredo<\/a> a d\u00e9voil\u00e9 ses nouveaux maillots pour 2020.<br \/>\n<\/strong><\/em><\/p>\n<p style=\"text-align: justify;\">C&rsquo;est l&rsquo;Italien <strong>Giulio Ciccone<\/strong>, meilleur grimpeur du <strong>Giro 2019<\/strong>, qui a d\u00e9voil\u00e9 le maillot de l&rsquo;\u00e9quipe masculine. Cette nouvelle tunique reprend ainsi les bases de la version 2019.<\/p>\n<div id=\"attachment_52659\" style=\"width: 560px\" class=\"wp-caption aligncenter\"><a href=\"http:\/\/dicodusport.fr\/blog\/wp-content\/uploads\/2019\/11\/Maillot-hommes-Trek-Segafredo-2020.jpg\"><img loading=\"lazy\" decoding=\"async\" aria-describedby=\"caption-attachment-52659\" class=\" wp-image-52659\" src=\"http:\/\/dicodusport.fr\/blog\/wp-content\/uploads\/2019\/11\/Maillot-hommes-Trek-Segafredo-2020.jpg\" alt=\"Maillot hommes Trek-Segafredo 2020\" width=\"550\" height=\"823\" srcset=\"https:\/\/dicodusport.fr\/blog\/wp-content\/uploads\/2019\/11\/Maillot-hommes-Trek-Segafredo-2020.jpg 802w, https:\/\/dicodusport.fr\/blog\/wp-content\/uploads\/2019\/11\/Maillot-hommes-Trek-Segafredo-2020-201x300.jpg 201w, https:\/\/dicodusport.fr\/blog\/wp-content\/uploads\/2019\/11\/Maillot-hommes-Trek-Segafredo-2020-768x1149.jpg 768w, https:\/\/dicodusport.fr\/blog\/wp-content\/uploads\/2019\/11\/Maillot-hommes-Trek-Segafredo-2020-684x1024.jpg 684w\" sizes=\"auto, (max-width: 550px) 100vw, 550px\" \/><\/a><p id=\"caption-attachment-52659\" class=\"wp-caption-text\">Maillot hommes Trek-Segafredo 2020<\/p><\/div>\n<p style=\"text-align: justify;\">C\u00f4t\u00e9 dames, la Britannique <strong>Lizzie Deignan<\/strong> a port\u00e9 le maillot de l&rsquo;\u00e9quipe f\u00e9minine pour la pr\u00e9sentation : l\u00e0 aussi, le tenue est quasi similaire \u00e0 celle de 2019.<\/p>\n<div id=\"attachment_52661\" style=\"width: 660px\" class=\"wp-caption aligncenter\"><a href=\"http:\/\/dicodusport.fr\/blog\/wp-content\/uploads\/2019\/11\/Maillot-femmes-Trek-Segafredo-2020.jpg\"><img loading=\"lazy\" decoding=\"async\" aria-describedby=\"caption-attachment-52661\" class=\"size-full wp-image-52661\" src=\"http:\/\/dicodusport.fr\/blog\/wp-content\/uploads\/2019\/11\/Maillot-femmes-Trek-Segafredo-2020.jpg\" alt=\"Maillot femmes Trek-Segafredo 2020\" width=\"650\" height=\"845\" srcset=\"https:\/\/dicodusport.fr\/blog\/wp-content\/uploads\/2019\/11\/Maillot-femmes-Trek-Segafredo-2020.jpg 650w, https:\/\/dicodusport.fr\/blog\/wp-content\/uploads\/2019\/11\/Maillot-femmes-Trek-Segafredo-2020-231x300.jpg 231w\" sizes=\"auto, (max-width: 650px) 100vw, 650px\" \/><\/a><p id=\"caption-attachment-52661\" class=\"wp-caption-text\">Maillot femmes Trek-Segafredo 2020<\/p><\/div>\n<p><strong><em>Dicodusport<br \/>\n<a href=\"https:\/\/www.facebook.com\/dicodusport\/\" target=\"_blank\" rel=\"noopener\"><img loading=\"lazy\" decoding=\"async\" class=\"alignnone wp-image-2909\" src=\"http:\/\/dicodusport.fr\/blog\/wp-content\/uploads\/2017\/07\/logo-facebook-150x150.png\" alt=\"\" width=\"40\" height=\"40\" \/><\/a><a href=\"https:\/\/twitter.com\/dicodusport\" target=\"_blank\" rel=\"noopener\"><img loading=\"lazy\" decoding=\"async\" class=\"alignnone wp-image-2908\" src=\"http:\/\/dicodusport.fr\/blog\/wp-content\/uploads\/2017\/07\/logo-twitter-150x150.png\" alt=\"\" width=\"39\" height=\"39\" \/><\/a><\/em><\/strong><\/p>\n","protected":false},"excerpt":{"rendered":"<p>\u00c0 l&rsquo;occasion de la premi\u00e8re des deux \u00e9tapes du RouleurClassic, course d&rsquo;exhibition de fin de saison, la Trek-Segafredo a d\u00e9voil\u00e9 ses nouveaux maillots pour 2020.<\/p>\n","protected":false},"author":4,"featured_media":52660,"comment_status":"open","ping_status":"closed","sticky":false,"template":"","format":"standard","meta":{"_acf_changed":false,"_daextam_enable_autolinks":"","footnotes":""},"categories":[2307],"tags":[9136],"class_list":["post-52658","post","type-post","status-publish","format-standard","has-post-thumbnail","hentry","category-cyclisme","tag-trek-segafredo"],"acf":[],"yoast_head":"<!-- This site is optimized with the Yoast SEO Premium plugin v26.7 (Yoast SEO v26.7) - https:\/\/yoast.com\/wordpress\/plugins\/seo\/ -->\n<title>Le maillot de la Trek-Segafredo pour 2020 d\u00e9voil\u00e9<\/title>\n<meta name=\"description\" content=\"\u00c0 l&#039;occasion de la premi\u00e8re des deux \u00e9tapes du RouleurClassic, course d&#039;exhibition, la Trek-Segafredo a d\u00e9voil\u00e9 ses nouveaux maillots pour 2020.\" \/>\n<meta name=\"robots\" content=\"index, follow, max-snippet:-1, max-image-preview:large, max-video-preview:-1\" \/>\n<link rel=\"canonical\" href=\"https:\/\/dicodusport.fr\/blog\/le-maillot-de-la-trek-segafredo-pour-2020-devoile\/\" \/>\n<meta property=\"og:locale\" content=\"fr_FR\" \/>\n<meta property=\"og:type\" content=\"article\" \/>\n<meta property=\"og:title\" content=\"Les maillots de la Trek-Segafredo pour 2020 d\u00e9voil\u00e9s\" \/>\n<meta property=\"og:description\" content=\"\u00c0 l&#039;occasion de la premi\u00e8re des deux \u00e9tapes du RouleurClassic, course d&#039;exhibition, la Trek-Segafredo a d\u00e9voil\u00e9 ses nouveaux maillots pour 2020.\" \/>\n<meta property=\"og:url\" content=\"https:\/\/dicodusport.fr\/blog\/le-maillot-de-la-trek-segafredo-pour-2020-devoile\/\" \/>\n<meta property=\"og:site_name\" content=\"Dicodusport\" \/>\n<meta property=\"article:publisher\" content=\"https:\/\/www.facebook.com\/dicodusport\" \/>\n<meta property=\"article:author\" content=\"https:\/\/www.facebook.com\/florent.ostermann\" \/>\n<meta property=\"article:published_time\" content=\"2019-11-01T07:00:10+00:00\" \/>\n<meta property=\"og:image\" content=\"https:\/\/dicodusport.fr\/blog\/wp-content\/uploads\/2019\/11\/Le-maillot-de-la-Trek-Segafredo-pour-2020-d\u00e9voil\u00e9.png\" \/>\n\t<meta property=\"og:image:width\" content=\"800\" \/>\n\t<meta property=\"og:image:height\" content=\"445\" \/>\n\t<meta property=\"og:image:type\" content=\"image\/png\" \/>\n<meta name=\"author\" content=\"Flo Ostermann\" \/>\n<meta name=\"twitter:card\" content=\"summary_large_image\" \/>\n<meta name=\"twitter:title\" content=\"Les maillots de la Trek-Segafredo pour 2020 d\u00e9voil\u00e9s\" \/>\n<meta name=\"twitter:creator\" content=\"@https:\/\/twitter.com\/FlOstermann\" \/>\n<meta name=\"twitter:site\" content=\"@dicodusport\" \/>\n<script type=\"application\/ld+json\" class=\"yoast-schema-graph\">{\"@context\":\"https:\/\/schema.org\",\"@graph\":[{\"@type\":\"NewsArticle\",\"@id\":\"https:\/\/dicodusport.fr\/blog\/le-maillot-de-la-trek-segafredo-pour-2020-devoile\/#article\",\"isPartOf\":{\"@id\":\"https:\/\/dicodusport.fr\/blog\/le-maillot-de-la-trek-segafredo-pour-2020-devoile\/\"},\"author\":{\"name\":\"Flo Ostermann\",\"@id\":\"https:\/\/dicodusport.fr\/blog\/#\/schema\/person\/cb02af4c173ce4a653b55e9baf388d4a\"},\"headline\":\"Le maillot de la Trek-Segafredo pour 2020 d\u00e9voil\u00e9\",\"datePublished\":\"2019-11-01T07:00:10+00:00\",\"mainEntityOfPage\":{\"@id\":\"https:\/\/dicodusport.fr\/blog\/le-maillot-de-la-trek-segafredo-pour-2020-devoile\/\"},\"wordCount\":115,\"commentCount\":0,\"publisher\":{\"@id\":\"https:\/\/dicodusport.fr\/blog\/#organization\"},\"image\":{\"@id\":\"https:\/\/dicodusport.fr\/blog\/le-maillot-de-la-trek-segafredo-pour-2020-devoile\/#primaryimage\"},\"thumbnailUrl\":\"https:\/\/dicodusport.fr\/blog\/wp-content\/uploads\/2019\/11\/Le-maillot-de-la-Trek-Segafredo-pour-2020-d\u00e9voil\u00e9.png\",\"keywords\":[\"Trek-Segafredo\"],\"articleSection\":[\"Cyclisme\"],\"inLanguage\":\"fr-FR\",\"potentialAction\":[{\"@type\":\"CommentAction\",\"name\":\"Comment\",\"target\":[\"https:\/\/dicodusport.fr\/blog\/le-maillot-de-la-trek-segafredo-pour-2020-devoile\/#respond\"]}],\"copyrightYear\":\"2019\",\"copyrightHolder\":{\"@id\":\"https:\/\/dicodusport.fr\/blog\/#organization\"}},{\"@type\":\"WebPage\",\"@id\":\"https:\/\/dicodusport.fr\/blog\/le-maillot-de-la-trek-segafredo-pour-2020-devoile\/\",\"url\":\"https:\/\/dicodusport.fr\/blog\/le-maillot-de-la-trek-segafredo-pour-2020-devoile\/\",\"name\":\"Le maillot de la Trek-Segafredo pour 2020 d\u00e9voil\u00e9\",\"isPartOf\":{\"@id\":\"https:\/\/dicodusport.fr\/blog\/#website\"},\"primaryImageOfPage\":{\"@id\":\"https:\/\/dicodusport.fr\/blog\/le-maillot-de-la-trek-segafredo-pour-2020-devoile\/#primaryimage\"},\"image\":{\"@id\":\"https:\/\/dicodusport.fr\/blog\/le-maillot-de-la-trek-segafredo-pour-2020-devoile\/#primaryimage\"},\"thumbnailUrl\":\"https:\/\/dicodusport.fr\/blog\/wp-content\/uploads\/2019\/11\/Le-maillot-de-la-Trek-Segafredo-pour-2020-d\u00e9voil\u00e9.png\",\"datePublished\":\"2019-11-01T07:00:10+00:00\",\"description\":\"\u00c0 l'occasion de la premi\u00e8re des deux \u00e9tapes du RouleurClassic, course d'exhibition, la Trek-Segafredo a d\u00e9voil\u00e9 ses nouveaux maillots pour 2020.\",\"breadcrumb\":{\"@id\":\"https:\/\/dicodusport.fr\/blog\/le-maillot-de-la-trek-segafredo-pour-2020-devoile\/#breadcrumb\"},\"inLanguage\":\"fr-FR\",\"potentialAction\":[{\"@type\":\"ReadAction\",\"target\":[\"https:\/\/dicodusport.fr\/blog\/le-maillot-de-la-trek-segafredo-pour-2020-devoile\/\"]}]},{\"@type\":\"ImageObject\",\"inLanguage\":\"fr-FR\",\"@id\":\"https:\/\/dicodusport.fr\/blog\/le-maillot-de-la-trek-segafredo-pour-2020-devoile\/#primaryimage\",\"url\":\"https:\/\/dicodusport.fr\/blog\/wp-content\/uploads\/2019\/11\/Le-maillot-de-la-Trek-Segafredo-pour-2020-d\u00e9voil\u00e9.png\",\"contentUrl\":\"https:\/\/dicodusport.fr\/blog\/wp-content\/uploads\/2019\/11\/Le-maillot-de-la-Trek-Segafredo-pour-2020-d\u00e9voil\u00e9.png\",\"width\":800,\"height\":445,\"caption\":\"Le maillot de la Trek-Segafredo pour 2020 d\u00e9voil\u00e9\"},{\"@type\":\"BreadcrumbList\",\"@id\":\"https:\/\/dicodusport.fr\/blog\/le-maillot-de-la-trek-segafredo-pour-2020-devoile\/#breadcrumb\",\"itemListElement\":[{\"@type\":\"ListItem\",\"position\":1,\"name\":\"Accueil\",\"item\":\"https:\/\/dicodusport.fr\/blog\/\"},{\"@type\":\"ListItem\",\"position\":2,\"name\":\"Le maillot de la Trek-Segafredo pour 2020 d\u00e9voil\u00e9\"}]},{\"@type\":\"WebSite\",\"@id\":\"https:\/\/dicodusport.fr\/blog\/#website\",\"url\":\"https:\/\/dicodusport.fr\/blog\/\",\"name\":\"Dicodusport\",\"description\":\"L&#039;encyclop\u00e9die de l&#039;actualit\u00e9 sportive\",\"publisher\":{\"@id\":\"https:\/\/dicodusport.fr\/blog\/#organization\"},\"potentialAction\":[{\"@type\":\"SearchAction\",\"target\":{\"@type\":\"EntryPoint\",\"urlTemplate\":\"https:\/\/dicodusport.fr\/blog\/?s={search_term_string}\"},\"query-input\":{\"@type\":\"PropertyValueSpecification\",\"valueRequired\":true,\"valueName\":\"search_term_string\"}}],\"inLanguage\":\"fr-FR\"},{\"@type\":\"NewsMediaOrganization\",\"@id\":\"https:\/\/dicodusport.fr\/blog\/#organization\",\"name\":\"Dicodusport\",\"url\":\"https:\/\/dicodusport.fr\/blog\/\",\"logo\":{\"@type\":\"ImageObject\",\"inLanguage\":\"fr-FR\",\"@id\":\"https:\/\/dicodusport.fr\/blog\/#\/schema\/logo\/image\/\",\"url\":\"https:\/\/dicodusport.fr\/blog\/wp-content\/uploads\/2020\/06\/cropped-LOGO-DICODUSPORT-2020-SANS-FOND-SANS-TEXTE.png\",\"contentUrl\":\"https:\/\/dicodusport.fr\/blog\/wp-content\/uploads\/2020\/06\/cropped-LOGO-DICODUSPORT-2020-SANS-FOND-SANS-TEXTE.png\",\"width\":512,\"height\":512,\"caption\":\"Dicodusport\"},\"image\":{\"@id\":\"https:\/\/dicodusport.fr\/blog\/#\/schema\/logo\/image\/\"},\"sameAs\":[\"https:\/\/www.facebook.com\/dicodusport\",\"https:\/\/x.com\/dicodusport\",\"https:\/\/www.instagram.com\/dicodusport\/\",\"https:\/\/www.youtube.com\/channel\/UC7V2KZ5sd3htJivAbA4ZG3w\"],\"description\":\"Dicodusport est l'encyclop\u00e9die de l'actualit\u00e9 sportive.\",\"email\":\"bonjour@dicodusport.fr\",\"legalName\":\"DICODUSPORT\",\"foundingDate\":\"2018-01-14\",\"vatID\":\"FR71834470973\",\"taxID\":\"83447097300043\",\"numberOfEmployees\":{\"@type\":\"QuantitativeValue\",\"minValue\":\"1\",\"maxValue\":\"10\"}},{\"@type\":\"Person\",\"@id\":\"https:\/\/dicodusport.fr\/blog\/#\/schema\/person\/cb02af4c173ce4a653b55e9baf388d4a\",\"name\":\"Flo Ostermann\",\"image\":{\"@type\":\"ImageObject\",\"inLanguage\":\"fr-FR\",\"@id\":\"https:\/\/dicodusport.fr\/blog\/#\/schema\/person\/image\/\",\"url\":\"https:\/\/dicodusport.fr\/blog\/wp-content\/uploads\/2021\/05\/Flo-Ostermann-150x150.jpg\",\"contentUrl\":\"https:\/\/dicodusport.fr\/blog\/wp-content\/uploads\/2021\/05\/Flo-Ostermann-150x150.jpg\",\"caption\":\"Flo Ostermann\"},\"description\":\"Journaliste\/R\u00e9dacteur depuis septembre 2015 - Mes premiers souvenirs dans le sport ? Les envol\u00e9es du Stade Toulousain et les duels Villeneuve-Schumacher et H\u00e4kkinen-Schumacher \u00e0 la fin des ann\u00e9es 90, la Coupe du monde de football en 1998, l\u2019exploit du XV de France face aux All Blacks en 1999, mais aussi Richard C\u0153ur de Lion qui vole sur les montagnes du Tour de France. Bien parti pour devenir professeur d\u2019EPS, les \u00e9v\u00e9nements de la vie (et la flemme d\u2019animer des s\u00e9ances de 3x500 m\u00e8tres toute ma vie) m\u2019ont conduit \u00e0 revoir mes plans. Me voil\u00e0 depuis fin 2017 sur Dicodusport, m\u00e9dia gr\u00e2ce (et pour) lequel je partage ma passion : le sport dans tous ses \u00e9tats. Le tout accompagn\u00e9 par les fous furieux et folles furieuses cit\u00e9s sur cette page !\",\"sameAs\":[\"https:\/\/www.facebook.com\/florent.ostermann\",\"https:\/\/x.com\/https:\/\/twitter.com\/FlOstermann\",\"admin\"],\"url\":\"https:\/\/dicodusport.fr\/blog\/author\/flo\/\"}]}<\/script>\n<!-- \/ Yoast SEO Premium plugin. -->","yoast_head_json":{"title":"Le maillot de la Trek-Segafredo pour 2020 d\u00e9voil\u00e9","description":"\u00c0 l'occasion de la premi\u00e8re des deux \u00e9tapes du RouleurClassic, course d'exhibition, la Trek-Segafredo a d\u00e9voil\u00e9 ses nouveaux maillots pour 2020.","robots":{"index":"index","follow":"follow","max-snippet":"max-snippet:-1","max-image-preview":"max-image-preview:large","max-video-preview":"max-video-preview:-1"},"canonical":"https:\/\/dicodusport.fr\/blog\/le-maillot-de-la-trek-segafredo-pour-2020-devoile\/","og_locale":"fr_FR","og_type":"article","og_title":"Les maillots de la Trek-Segafredo pour 2020 d\u00e9voil\u00e9s","og_description":"\u00c0 l'occasion de la premi\u00e8re des deux \u00e9tapes du RouleurClassic, course d'exhibition, la Trek-Segafredo a d\u00e9voil\u00e9 ses nouveaux maillots pour 2020.","og_url":"https:\/\/dicodusport.fr\/blog\/le-maillot-de-la-trek-segafredo-pour-2020-devoile\/","og_site_name":"Dicodusport","article_publisher":"https:\/\/www.facebook.com\/dicodusport","article_author":"https:\/\/www.facebook.com\/florent.ostermann","article_published_time":"2019-11-01T07:00:10+00:00","og_image":[{"width":800,"height":445,"url":"https:\/\/dicodusport.fr\/blog\/wp-content\/uploads\/2019\/11\/Le-maillot-de-la-Trek-Segafredo-pour-2020-d\u00e9voil\u00e9.png","type":"image\/png"}],"author":"Flo Ostermann","twitter_card":"summary_large_image","twitter_title":"Les maillots de la Trek-Segafredo pour 2020 d\u00e9voil\u00e9s","twitter_creator":"@https:\/\/twitter.com\/FlOstermann","twitter_site":"@dicodusport","schema":{"@context":"https:\/\/schema.org","@graph":[{"@type":"NewsArticle","@id":"https:\/\/dicodusport.fr\/blog\/le-maillot-de-la-trek-segafredo-pour-2020-devoile\/#article","isPartOf":{"@id":"https:\/\/dicodusport.fr\/blog\/le-maillot-de-la-trek-segafredo-pour-2020-devoile\/"},"author":{"name":"Flo Ostermann","@id":"https:\/\/dicodusport.fr\/blog\/#\/schema\/person\/cb02af4c173ce4a653b55e9baf388d4a"},"headline":"Le maillot de la Trek-Segafredo pour 2020 d\u00e9voil\u00e9","datePublished":"2019-11-01T07:00:10+00:00","mainEntityOfPage":{"@id":"https:\/\/dicodusport.fr\/blog\/le-maillot-de-la-trek-segafredo-pour-2020-devoile\/"},"wordCount":115,"commentCount":0,"publisher":{"@id":"https:\/\/dicodusport.fr\/blog\/#organization"},"image":{"@id":"https:\/\/dicodusport.fr\/blog\/le-maillot-de-la-trek-segafredo-pour-2020-devoile\/#primaryimage"},"thumbnailUrl":"https:\/\/dicodusport.fr\/blog\/wp-content\/uploads\/2019\/11\/Le-maillot-de-la-Trek-Segafredo-pour-2020-d\u00e9voil\u00e9.png","keywords":["Trek-Segafredo"],"articleSection":["Cyclisme"],"inLanguage":"fr-FR","potentialAction":[{"@type":"CommentAction","name":"Comment","target":["https:\/\/dicodusport.fr\/blog\/le-maillot-de-la-trek-segafredo-pour-2020-devoile\/#respond"]}],"copyrightYear":"2019","copyrightHolder":{"@id":"https:\/\/dicodusport.fr\/blog\/#organization"}},{"@type":"WebPage","@id":"https:\/\/dicodusport.fr\/blog\/le-maillot-de-la-trek-segafredo-pour-2020-devoile\/","url":"https:\/\/dicodusport.fr\/blog\/le-maillot-de-la-trek-segafredo-pour-2020-devoile\/","name":"Le maillot de la Trek-Segafredo pour 2020 d\u00e9voil\u00e9","isPartOf":{"@id":"https:\/\/dicodusport.fr\/blog\/#website"},"primaryImageOfPage":{"@id":"https:\/\/dicodusport.fr\/blog\/le-maillot-de-la-trek-segafredo-pour-2020-devoile\/#primaryimage"},"image":{"@id":"https:\/\/dicodusport.fr\/blog\/le-maillot-de-la-trek-segafredo-pour-2020-devoile\/#primaryimage"},"thumbnailUrl":"https:\/\/dicodusport.fr\/blog\/wp-content\/uploads\/2019\/11\/Le-maillot-de-la-Trek-Segafredo-pour-2020-d\u00e9voil\u00e9.png","datePublished":"2019-11-01T07:00:10+00:00","description":"\u00c0 l'occasion de la premi\u00e8re des deux \u00e9tapes du RouleurClassic, course d'exhibition, la Trek-Segafredo a d\u00e9voil\u00e9 ses nouveaux maillots pour 2020.","breadcrumb":{"@id":"https:\/\/dicodusport.fr\/blog\/le-maillot-de-la-trek-segafredo-pour-2020-devoile\/#breadcrumb"},"inLanguage":"fr-FR","potentialAction":[{"@type":"ReadAction","target":["https:\/\/dicodusport.fr\/blog\/le-maillot-de-la-trek-segafredo-pour-2020-devoile\/"]}]},{"@type":"ImageObject","inLanguage":"fr-FR","@id":"https:\/\/dicodusport.fr\/blog\/le-maillot-de-la-trek-segafredo-pour-2020-devoile\/#primaryimage","url":"https:\/\/dicodusport.fr\/blog\/wp-content\/uploads\/2019\/11\/Le-maillot-de-la-Trek-Segafredo-pour-2020-d\u00e9voil\u00e9.png","contentUrl":"https:\/\/dicodusport.fr\/blog\/wp-content\/uploads\/2019\/11\/Le-maillot-de-la-Trek-Segafredo-pour-2020-d\u00e9voil\u00e9.png","width":800,"height":445,"caption":"Le maillot de la Trek-Segafredo pour 2020 d\u00e9voil\u00e9"},{"@type":"BreadcrumbList","@id":"https:\/\/dicodusport.fr\/blog\/le-maillot-de-la-trek-segafredo-pour-2020-devoile\/#breadcrumb","itemListElement":[{"@type":"ListItem","position":1,"name":"Accueil","item":"https:\/\/dicodusport.fr\/blog\/"},{"@type":"ListItem","position":2,"name":"Le maillot de la Trek-Segafredo pour 2020 d\u00e9voil\u00e9"}]},{"@type":"WebSite","@id":"https:\/\/dicodusport.fr\/blog\/#website","url":"https:\/\/dicodusport.fr\/blog\/","name":"Dicodusport","description":"L&#039;encyclop\u00e9die de l&#039;actualit\u00e9 sportive","publisher":{"@id":"https:\/\/dicodusport.fr\/blog\/#organization"},"potentialAction":[{"@type":"SearchAction","target":{"@type":"EntryPoint","urlTemplate":"https:\/\/dicodusport.fr\/blog\/?s={search_term_string}"},"query-input":{"@type":"PropertyValueSpecification","valueRequired":true,"valueName":"search_term_string"}}],"inLanguage":"fr-FR"},{"@type":"NewsMediaOrganization","@id":"https:\/\/dicodusport.fr\/blog\/#organization","name":"Dicodusport","url":"https:\/\/dicodusport.fr\/blog\/","logo":{"@type":"ImageObject","inLanguage":"fr-FR","@id":"https:\/\/dicodusport.fr\/blog\/#\/schema\/logo\/image\/","url":"https:\/\/dicodusport.fr\/blog\/wp-content\/uploads\/2020\/06\/cropped-LOGO-DICODUSPORT-2020-SANS-FOND-SANS-TEXTE.png","contentUrl":"https:\/\/dicodusport.fr\/blog\/wp-content\/uploads\/2020\/06\/cropped-LOGO-DICODUSPORT-2020-SANS-FOND-SANS-TEXTE.png","width":512,"height":512,"caption":"Dicodusport"},"image":{"@id":"https:\/\/dicodusport.fr\/blog\/#\/schema\/logo\/image\/"},"sameAs":["https:\/\/www.facebook.com\/dicodusport","https:\/\/x.com\/dicodusport","https:\/\/www.instagram.com\/dicodusport\/","https:\/\/www.youtube.com\/channel\/UC7V2KZ5sd3htJivAbA4ZG3w"],"description":"Dicodusport est l'encyclop\u00e9die de l'actualit\u00e9 sportive.","email":"bonjour@dicodusport.fr","legalName":"DICODUSPORT","foundingDate":"2018-01-14","vatID":"FR71834470973","taxID":"83447097300043","numberOfEmployees":{"@type":"QuantitativeValue","minValue":"1","maxValue":"10"}},{"@type":"Person","@id":"https:\/\/dicodusport.fr\/blog\/#\/schema\/person\/cb02af4c173ce4a653b55e9baf388d4a","name":"Flo Ostermann","image":{"@type":"ImageObject","inLanguage":"fr-FR","@id":"https:\/\/dicodusport.fr\/blog\/#\/schema\/person\/image\/","url":"https:\/\/dicodusport.fr\/blog\/wp-content\/uploads\/2021\/05\/Flo-Ostermann-150x150.jpg","contentUrl":"https:\/\/dicodusport.fr\/blog\/wp-content\/uploads\/2021\/05\/Flo-Ostermann-150x150.jpg","caption":"Flo Ostermann"},"description":"Journaliste\/R\u00e9dacteur depuis septembre 2015 - Mes premiers souvenirs dans le sport ? Les envol\u00e9es du Stade Toulousain et les duels Villeneuve-Schumacher et H\u00e4kkinen-Schumacher \u00e0 la fin des ann\u00e9es 90, la Coupe du monde de football en 1998, l\u2019exploit du XV de France face aux All Blacks en 1999, mais aussi Richard C\u0153ur de Lion qui vole sur les montagnes du Tour de France. Bien parti pour devenir professeur d\u2019EPS, les \u00e9v\u00e9nements de la vie (et la flemme d\u2019animer des s\u00e9ances de 3x500 m\u00e8tres toute ma vie) m\u2019ont conduit \u00e0 revoir mes plans. Me voil\u00e0 depuis fin 2017 sur Dicodusport, m\u00e9dia gr\u00e2ce (et pour) lequel je partage ma passion : le sport dans tous ses \u00e9tats. Le tout accompagn\u00e9 par les fous furieux et folles furieuses cit\u00e9s sur cette page !","sameAs":["https:\/\/www.facebook.com\/florent.ostermann","https:\/\/x.com\/https:\/\/twitter.com\/FlOstermann","admin"],"url":"https:\/\/dicodusport.fr\/blog\/author\/flo\/"}]}},"_links":{"self":[{"href":"https:\/\/dicodusport.fr\/blog\/wp-json\/wp\/v2\/posts\/52658","targetHints":{"allow":["GET"]}}],"collection":[{"href":"https:\/\/dicodusport.fr\/blog\/wp-json\/wp\/v2\/posts"}],"about":[{"href":"https:\/\/dicodusport.fr\/blog\/wp-json\/wp\/v2\/types\/post"}],"author":[{"embeddable":true,"href":"https:\/\/dicodusport.fr\/blog\/wp-json\/wp\/v2\/users\/4"}],"replies":[{"embeddable":true,"href":"https:\/\/dicodusport.fr\/blog\/wp-json\/wp\/v2\/comments?post=52658"}],"version-history":[{"count":0,"href":"https:\/\/dicodusport.fr\/blog\/wp-json\/wp\/v2\/posts\/52658\/revisions"}],"wp:featuredmedia":[{"embeddable":true,"href":"https:\/\/dicodusport.fr\/blog\/wp-json\/wp\/v2\/media\/52660"}],"wp:attachment":[{"href":"https:\/\/dicodusport.fr\/blog\/wp-json\/wp\/v2\/media?parent=52658"}],"wp:term":[{"taxonomy":"category","embeddable":true,"href":"https:\/\/dicodusport.fr\/blog\/wp-json\/wp\/v2\/categories?post=52658"},{"taxonomy":"post_tag","embeddable":true,"href":"https:\/\/dicodusport.fr\/blog\/wp-json\/wp\/v2\/tags?post=52658"}],"curies":[{"name":"wp","href":"https:\/\/api.w.org\/{rel}","templated":true}]}}