{"id":52690,"date":"2019-11-01T12:56:32","date_gmt":"2019-11-01T11:56:32","guid":{"rendered":"http:\/\/dicodusport.fr\/blog\/?p=52690&#038;preview=true&#038;preview_id=52690"},"modified":"2019-11-01T12:56:32","modified_gmt":"2019-11-01T11:56:32","slug":"moto-gp-fabio-quartararo-moto-usine-2020","status":"publish","type":"post","link":"https:\/\/dicodusport.fr\/blog\/moto-gp-fabio-quartararo-moto-usine-2020\/","title":{"rendered":"Moto GP : Fabio Quartararo aura une moto d&rsquo;usine en 2020"},"content":{"rendered":"<p style=\"text-align: justify;\"><em><strong><a href=\"https:\/\/www.motogp.com\/fr\" target=\"_blank\" rel=\"noopener\">Moto GP<\/a> &#8211; Bonne nouvelle pour Fabio Quartararo ! Le pilote ni\u00e7ois disposera d&rsquo;une moto d&rsquo;usine la saison prochaine, avec son \u00e9curie Yamaha-SRT.<br \/>\n<\/strong><\/em><\/p>\n<p style=\"text-align: justify;\">Le week-end d\u00e9bute tr\u00e8s bien pour <a href=\"https:\/\/fr.motorsport.com\/driver\/fabio-quartararo\/109400\/\" target=\"_blank\" rel=\"noopener\"><strong>Fabio Quartararo<\/strong><\/a>. \u00c9lu <strong><em>Rookie de l&rsquo;ann\u00e9e<\/em><\/strong> en <strong>Moto GP<\/strong>, le pilote fran\u00e7ais et son co\u00e9quipier au sein de l&rsquo;\u00e9curie <strong>Yamaha-SRT<\/strong>, l&rsquo;Italien <strong>Franco Morbidelli<\/strong>, b\u00e9n\u00e9ficieront d&rsquo;une moto d&rsquo;usine l&rsquo;an prochain, la m\u00eame que les pilotes officiels que sont <strong>Valentino Rossi<\/strong> et <strong>Maverick Vinales<\/strong>.<\/p>\n<p style=\"text-align: justify;\">Le patron de <strong>Yamaha<\/strong>, <strong>Lin Jarvis<\/strong>, a justifi\u00e9 ce choix ce vendredi : <em>\u00ab Yamaha s&rsquo;engage \u00e0 fournir le meilleur soutien possible tant \u00e0 l&rsquo;\u00e9quipe qu&rsquo;aux pilotes pour leur permettre de r\u00e9aliser d&rsquo;autres progr\u00e8s en 2020, avec \u00e0 la cl\u00e9 des victoires, en plus des distinctions de meilleur pilote et de meilleure \u00e9quipe ind\u00e9pendants. \u00bb <\/em>Cette saison, et \u00e0 deux courses de la fin de l&rsquo;exercice 2019, l&rsquo;\u00e9curie <strong>Yamaha-SRT<\/strong> a brill\u00e9 et rivalis\u00e9 avec les meilleurs, avec quatre poles et six podiums gr\u00e2ce au Ni\u00e7ois <strong>Fabio Quartararo<\/strong>. De plus, l&rsquo;\u00e9curie malaisienne est actuellement quatri\u00e8me au classement des teams, devant <strong>Suzuki<\/strong>.<\/p>\n<blockquote class=\"twitter-tweet\">\n<p dir=\"ltr\" lang=\"in\">&#x1f4f0; PETRONAS Yamaha SRT to run two A-Spec Yamaha YZR-M1 bikes in 2020<\/p>\n<p>&#x27a1;&#xfe0f; <a href=\"https:\/\/t.co\/CdQgrNfSPK\">https:\/\/t.co\/CdQgrNfSPK<\/a><a href=\"https:\/\/twitter.com\/hashtag\/PETRONASmotorsports?src=hash&amp;ref_src=twsrc%5Etfw\">#PETRONASmotorsports<\/a> | <a href=\"https:\/\/twitter.com\/hashtag\/MotoGP?src=hash&amp;ref_src=twsrc%5Etfw\">#MotoGP<\/a> | <a href=\"https:\/\/twitter.com\/hashtag\/MalaysianGP?src=hash&amp;ref_src=twsrc%5Etfw\">#MalaysianGP<\/a> | <a href=\"https:\/\/twitter.com\/MotoGP?ref_src=twsrc%5Etfw\">@motogp<\/a> | <a href=\"https:\/\/twitter.com\/hashtag\/FQ20?src=hash&amp;ref_src=twsrc%5Etfw\">#FQ20<\/a> | <a href=\"https:\/\/twitter.com\/hashtag\/FM21?src=hash&amp;ref_src=twsrc%5Etfw\">#FM21<\/a> <a href=\"https:\/\/t.co\/0NsqK9eyYl\">pic.twitter.com\/0NsqK9eyYl<\/a><\/p>\n<p>\u2014 PETRONAS SRT (@sepangracing) <a href=\"https:\/\/twitter.com\/sepangracing\/status\/1190157385018396672?ref_src=twsrc%5Etfw\">November 1, 2019<\/a><\/p><\/blockquote>\n<p><script async src=\"https:\/\/platform.twitter.com\/widgets.js\" charset=\"utf-8\"><\/script><\/p>\n<h2 style=\"text-align: justify;\">Un doubl\u00e9 lors des essais libres pour f\u00eater \u00e7a<\/h2>\n<p style=\"text-align: justify;\">Et, comme le hasard fait bien les chose, c&rsquo;est \u00e0 Sepang, en Malaisie, que la <strong>Moto GP<\/strong> a pos\u00e9 ses valises ce week-end. Lors de la premi\u00e8re s\u00e9ance d&rsquo;essais libres, <strong>Fabio Quartararo<\/strong> a r\u00e9alis\u00e9 le meilleur temps, devant son co\u00e9quipier <strong>Franco Morbidelli<\/strong>. Le pilote tricolore de 20 ans a ensuite remis \u00e7a lors de la deuxi\u00e8me s\u00e9ance, avec \u00e0 la cl\u00e9, <strong>un nouveau record du tour qui datait de 2015, en 1&rsquo;58\u00a0\u00bb576<\/strong>. De quoi esp\u00e9rer une nouvelle grande performance d&rsquo;<strong><em>El Diablo<\/em><\/strong> ce week-end.<\/p>\n<p><strong><em>Dicodusport<br \/>\n<a href=\"https:\/\/www.facebook.com\/dicodusport\/\" target=\"_blank\" rel=\"noopener\"><img loading=\"lazy\" decoding=\"async\" class=\"alignnone wp-image-2909\" src=\"http:\/\/dicodusport.fr\/blog\/wp-content\/uploads\/2017\/07\/logo-facebook-150x150.png\" alt=\"\" width=\"40\" height=\"40\" \/><\/a><a href=\"https:\/\/twitter.com\/dicodusport\" target=\"_blank\" rel=\"noopener\"><img loading=\"lazy\" decoding=\"async\" class=\"alignnone wp-image-2908\" src=\"http:\/\/dicodusport.fr\/blog\/wp-content\/uploads\/2017\/07\/logo-twitter-150x150.png\" alt=\"\" width=\"39\" height=\"39\" \/><\/a><\/em><\/strong><\/p>\n","protected":false},"excerpt":{"rendered":"<p>Moto GP &#8211; Bonne nouvelle pour Fabio Quartararo ! Le pilote ni\u00e7ois disposera d&rsquo;une moto d&rsquo;usine la saison prochaine, avec son \u00e9curie Yamaha-SRT.<\/p>\n","protected":false},"author":4,"featured_media":52693,"comment_status":"open","ping_status":"closed","sticky":false,"template":"","format":"standard","meta":{"_acf_changed":false,"_daextam_enable_autolinks":"","footnotes":""},"categories":[8671],"tags":[5205,4736,5208],"class_list":["post-52690","post","type-post","status-publish","format-standard","has-post-thumbnail","hentry","category-moto","tag-fabio-quartararo","tag-moto-gp","tag-quartararo"],"acf":[],"yoast_head":"<!-- This site is optimized with the Yoast SEO Premium plugin v26.7 (Yoast SEO v26.7) - https:\/\/yoast.com\/wordpress\/plugins\/seo\/ -->\n<title>Moto GP : Fabio Quartararo aura une moto d&#039;usine en 2020<\/title>\n<meta name=\"description\" content=\"Moto GP - Bonne nouvelle pour Fabio Quartararo ! Le pilote ni\u00e7ois disposera d&#039;une moto d&#039;usine la saison prochaine, avec son \u00e9curie Yamaha-SRT.\" \/>\n<meta name=\"robots\" content=\"index, follow, max-snippet:-1, max-image-preview:large, max-video-preview:-1\" \/>\n<link rel=\"canonical\" href=\"https:\/\/dicodusport.fr\/blog\/moto-gp-fabio-quartararo-moto-usine-2020\/\" \/>\n<meta property=\"og:locale\" content=\"fr_FR\" \/>\n<meta property=\"og:type\" content=\"article\" \/>\n<meta property=\"og:title\" content=\"Moto GP : Fabio Quartararo aura une moto d&#039;usine en 2020\" \/>\n<meta property=\"og:description\" content=\"Moto GP - Bonne nouvelle pour Fabio Quartararo ! Le pilote ni\u00e7ois disposera d&#039;une moto d&#039;usine la saison prochaine, avec son \u00e9curie Yamaha-SRT.\" \/>\n<meta property=\"og:url\" content=\"https:\/\/dicodusport.fr\/blog\/moto-gp-fabio-quartararo-moto-usine-2020\/\" \/>\n<meta property=\"og:site_name\" content=\"Dicodusport\" \/>\n<meta property=\"article:publisher\" content=\"https:\/\/www.facebook.com\/dicodusport\" \/>\n<meta property=\"article:author\" content=\"https:\/\/www.facebook.com\/florent.ostermann\" \/>\n<meta property=\"article:published_time\" content=\"2019-11-01T11:56:32+00:00\" \/>\n<meta property=\"og:image\" content=\"https:\/\/dicodusport.fr\/blog\/wp-content\/uploads\/2019\/11\/Moto-GP-Fabio-Quartararo-aura-une-moto-dusine-en-2020.png\" \/>\n\t<meta property=\"og:image:width\" content=\"800\" \/>\n\t<meta property=\"og:image:height\" content=\"445\" \/>\n\t<meta property=\"og:image:type\" content=\"image\/png\" \/>\n<meta name=\"author\" content=\"Flo Ostermann\" \/>\n<meta name=\"twitter:card\" content=\"summary_large_image\" \/>\n<meta name=\"twitter:title\" content=\"Moto GP : Fabio Quartararo aura une moto d&#039;usine en 2020\" \/>\n<meta name=\"twitter:creator\" content=\"@https:\/\/twitter.com\/FlOstermann\" \/>\n<meta name=\"twitter:site\" content=\"@dicodusport\" \/>\n<script type=\"application\/ld+json\" class=\"yoast-schema-graph\">{\"@context\":\"https:\/\/schema.org\",\"@graph\":[{\"@type\":\"NewsArticle\",\"@id\":\"https:\/\/dicodusport.fr\/blog\/moto-gp-fabio-quartararo-moto-usine-2020\/#article\",\"isPartOf\":{\"@id\":\"https:\/\/dicodusport.fr\/blog\/moto-gp-fabio-quartararo-moto-usine-2020\/\"},\"author\":{\"name\":\"Flo Ostermann\",\"@id\":\"https:\/\/dicodusport.fr\/blog\/#\/schema\/person\/cb02af4c173ce4a653b55e9baf388d4a\"},\"headline\":\"Moto GP : Fabio Quartararo aura une moto d&rsquo;usine en 2020\",\"datePublished\":\"2019-11-01T11:56:32+00:00\",\"mainEntityOfPage\":{\"@id\":\"https:\/\/dicodusport.fr\/blog\/moto-gp-fabio-quartararo-moto-usine-2020\/\"},\"wordCount\":337,\"commentCount\":0,\"publisher\":{\"@id\":\"https:\/\/dicodusport.fr\/blog\/#organization\"},\"image\":{\"@id\":\"https:\/\/dicodusport.fr\/blog\/moto-gp-fabio-quartararo-moto-usine-2020\/#primaryimage\"},\"thumbnailUrl\":\"https:\/\/dicodusport.fr\/blog\/wp-content\/uploads\/2019\/11\/Moto-GP-Fabio-Quartararo-aura-une-moto-dusine-en-2020.png\",\"keywords\":[\"Fabio Quartararo\",\"Moto GP\",\"Quartararo\"],\"articleSection\":[\"Moto\"],\"inLanguage\":\"fr-FR\",\"potentialAction\":[{\"@type\":\"CommentAction\",\"name\":\"Comment\",\"target\":[\"https:\/\/dicodusport.fr\/blog\/moto-gp-fabio-quartararo-moto-usine-2020\/#respond\"]}],\"copyrightYear\":\"2019\",\"copyrightHolder\":{\"@id\":\"https:\/\/dicodusport.fr\/blog\/#organization\"}},{\"@type\":\"WebPage\",\"@id\":\"https:\/\/dicodusport.fr\/blog\/moto-gp-fabio-quartararo-moto-usine-2020\/\",\"url\":\"https:\/\/dicodusport.fr\/blog\/moto-gp-fabio-quartararo-moto-usine-2020\/\",\"name\":\"Moto GP : Fabio Quartararo aura une moto d'usine en 2020\",\"isPartOf\":{\"@id\":\"https:\/\/dicodusport.fr\/blog\/#website\"},\"primaryImageOfPage\":{\"@id\":\"https:\/\/dicodusport.fr\/blog\/moto-gp-fabio-quartararo-moto-usine-2020\/#primaryimage\"},\"image\":{\"@id\":\"https:\/\/dicodusport.fr\/blog\/moto-gp-fabio-quartararo-moto-usine-2020\/#primaryimage\"},\"thumbnailUrl\":\"https:\/\/dicodusport.fr\/blog\/wp-content\/uploads\/2019\/11\/Moto-GP-Fabio-Quartararo-aura-une-moto-dusine-en-2020.png\",\"datePublished\":\"2019-11-01T11:56:32+00:00\",\"description\":\"Moto GP - Bonne nouvelle pour Fabio Quartararo ! Le pilote ni\u00e7ois disposera d'une moto d'usine la saison prochaine, avec son \u00e9curie Yamaha-SRT.\",\"breadcrumb\":{\"@id\":\"https:\/\/dicodusport.fr\/blog\/moto-gp-fabio-quartararo-moto-usine-2020\/#breadcrumb\"},\"inLanguage\":\"fr-FR\",\"potentialAction\":[{\"@type\":\"ReadAction\",\"target\":[\"https:\/\/dicodusport.fr\/blog\/moto-gp-fabio-quartararo-moto-usine-2020\/\"]}]},{\"@type\":\"ImageObject\",\"inLanguage\":\"fr-FR\",\"@id\":\"https:\/\/dicodusport.fr\/blog\/moto-gp-fabio-quartararo-moto-usine-2020\/#primaryimage\",\"url\":\"https:\/\/dicodusport.fr\/blog\/wp-content\/uploads\/2019\/11\/Moto-GP-Fabio-Quartararo-aura-une-moto-dusine-en-2020.png\",\"contentUrl\":\"https:\/\/dicodusport.fr\/blog\/wp-content\/uploads\/2019\/11\/Moto-GP-Fabio-Quartararo-aura-une-moto-dusine-en-2020.png\",\"width\":800,\"height\":445,\"caption\":\"Moto GP - Fabio Quartararo aura une moto d'usine en 2020\"},{\"@type\":\"BreadcrumbList\",\"@id\":\"https:\/\/dicodusport.fr\/blog\/moto-gp-fabio-quartararo-moto-usine-2020\/#breadcrumb\",\"itemListElement\":[{\"@type\":\"ListItem\",\"position\":1,\"name\":\"Accueil\",\"item\":\"https:\/\/dicodusport.fr\/blog\/\"},{\"@type\":\"ListItem\",\"position\":2,\"name\":\"Moto GP : Fabio Quartararo aura une moto d&rsquo;usine en 2020\"}]},{\"@type\":\"WebSite\",\"@id\":\"https:\/\/dicodusport.fr\/blog\/#website\",\"url\":\"https:\/\/dicodusport.fr\/blog\/\",\"name\":\"Dicodusport\",\"description\":\"L&#039;encyclop\u00e9die de l&#039;actualit\u00e9 sportive\",\"publisher\":{\"@id\":\"https:\/\/dicodusport.fr\/blog\/#organization\"},\"potentialAction\":[{\"@type\":\"SearchAction\",\"target\":{\"@type\":\"EntryPoint\",\"urlTemplate\":\"https:\/\/dicodusport.fr\/blog\/?s={search_term_string}\"},\"query-input\":{\"@type\":\"PropertyValueSpecification\",\"valueRequired\":true,\"valueName\":\"search_term_string\"}}],\"inLanguage\":\"fr-FR\"},{\"@type\":\"NewsMediaOrganization\",\"@id\":\"https:\/\/dicodusport.fr\/blog\/#organization\",\"name\":\"Dicodusport\",\"url\":\"https:\/\/dicodusport.fr\/blog\/\",\"logo\":{\"@type\":\"ImageObject\",\"inLanguage\":\"fr-FR\",\"@id\":\"https:\/\/dicodusport.fr\/blog\/#\/schema\/logo\/image\/\",\"url\":\"https:\/\/dicodusport.fr\/blog\/wp-content\/uploads\/2020\/06\/cropped-LOGO-DICODUSPORT-2020-SANS-FOND-SANS-TEXTE.png\",\"contentUrl\":\"https:\/\/dicodusport.fr\/blog\/wp-content\/uploads\/2020\/06\/cropped-LOGO-DICODUSPORT-2020-SANS-FOND-SANS-TEXTE.png\",\"width\":512,\"height\":512,\"caption\":\"Dicodusport\"},\"image\":{\"@id\":\"https:\/\/dicodusport.fr\/blog\/#\/schema\/logo\/image\/\"},\"sameAs\":[\"https:\/\/www.facebook.com\/dicodusport\",\"https:\/\/x.com\/dicodusport\",\"https:\/\/www.instagram.com\/dicodusport\/\",\"https:\/\/www.youtube.com\/channel\/UC7V2KZ5sd3htJivAbA4ZG3w\"],\"description\":\"Dicodusport est l'encyclop\u00e9die de l'actualit\u00e9 sportive.\",\"email\":\"bonjour@dicodusport.fr\",\"legalName\":\"DICODUSPORT\",\"foundingDate\":\"2018-01-14\",\"vatID\":\"FR71834470973\",\"taxID\":\"83447097300043\",\"numberOfEmployees\":{\"@type\":\"QuantitativeValue\",\"minValue\":\"1\",\"maxValue\":\"10\"}},{\"@type\":\"Person\",\"@id\":\"https:\/\/dicodusport.fr\/blog\/#\/schema\/person\/cb02af4c173ce4a653b55e9baf388d4a\",\"name\":\"Flo Ostermann\",\"image\":{\"@type\":\"ImageObject\",\"inLanguage\":\"fr-FR\",\"@id\":\"https:\/\/dicodusport.fr\/blog\/#\/schema\/person\/image\/\",\"url\":\"https:\/\/dicodusport.fr\/blog\/wp-content\/uploads\/2021\/05\/Flo-Ostermann-150x150.jpg\",\"contentUrl\":\"https:\/\/dicodusport.fr\/blog\/wp-content\/uploads\/2021\/05\/Flo-Ostermann-150x150.jpg\",\"caption\":\"Flo Ostermann\"},\"description\":\"Journaliste\/R\u00e9dacteur depuis septembre 2015 - Mes premiers souvenirs dans le sport ? Les envol\u00e9es du Stade Toulousain et les duels Villeneuve-Schumacher et H\u00e4kkinen-Schumacher \u00e0 la fin des ann\u00e9es 90, la Coupe du monde de football en 1998, l\u2019exploit du XV de France face aux All Blacks en 1999, mais aussi Richard C\u0153ur de Lion qui vole sur les montagnes du Tour de France. Bien parti pour devenir professeur d\u2019EPS, les \u00e9v\u00e9nements de la vie (et la flemme d\u2019animer des s\u00e9ances de 3x500 m\u00e8tres toute ma vie) m\u2019ont conduit \u00e0 revoir mes plans. Me voil\u00e0 depuis fin 2017 sur Dicodusport, m\u00e9dia gr\u00e2ce (et pour) lequel je partage ma passion : le sport dans tous ses \u00e9tats. Le tout accompagn\u00e9 par les fous furieux et folles furieuses cit\u00e9s sur cette page !\",\"sameAs\":[\"https:\/\/www.facebook.com\/florent.ostermann\",\"https:\/\/x.com\/https:\/\/twitter.com\/FlOstermann\",\"admin\"],\"url\":\"https:\/\/dicodusport.fr\/blog\/author\/flo\/\"}]}<\/script>\n<!-- \/ Yoast SEO Premium plugin. -->","yoast_head_json":{"title":"Moto GP : Fabio Quartararo aura une moto d'usine en 2020","description":"Moto GP - Bonne nouvelle pour Fabio Quartararo ! Le pilote ni\u00e7ois disposera d'une moto d'usine la saison prochaine, avec son \u00e9curie Yamaha-SRT.","robots":{"index":"index","follow":"follow","max-snippet":"max-snippet:-1","max-image-preview":"max-image-preview:large","max-video-preview":"max-video-preview:-1"},"canonical":"https:\/\/dicodusport.fr\/blog\/moto-gp-fabio-quartararo-moto-usine-2020\/","og_locale":"fr_FR","og_type":"article","og_title":"Moto GP : Fabio Quartararo aura une moto d'usine en 2020","og_description":"Moto GP - Bonne nouvelle pour Fabio Quartararo ! Le pilote ni\u00e7ois disposera d'une moto d'usine la saison prochaine, avec son \u00e9curie Yamaha-SRT.","og_url":"https:\/\/dicodusport.fr\/blog\/moto-gp-fabio-quartararo-moto-usine-2020\/","og_site_name":"Dicodusport","article_publisher":"https:\/\/www.facebook.com\/dicodusport","article_author":"https:\/\/www.facebook.com\/florent.ostermann","article_published_time":"2019-11-01T11:56:32+00:00","og_image":[{"width":800,"height":445,"url":"https:\/\/dicodusport.fr\/blog\/wp-content\/uploads\/2019\/11\/Moto-GP-Fabio-Quartararo-aura-une-moto-dusine-en-2020.png","type":"image\/png"}],"author":"Flo Ostermann","twitter_card":"summary_large_image","twitter_title":"Moto GP : Fabio Quartararo aura une moto d'usine en 2020","twitter_creator":"@https:\/\/twitter.com\/FlOstermann","twitter_site":"@dicodusport","schema":{"@context":"https:\/\/schema.org","@graph":[{"@type":"NewsArticle","@id":"https:\/\/dicodusport.fr\/blog\/moto-gp-fabio-quartararo-moto-usine-2020\/#article","isPartOf":{"@id":"https:\/\/dicodusport.fr\/blog\/moto-gp-fabio-quartararo-moto-usine-2020\/"},"author":{"name":"Flo Ostermann","@id":"https:\/\/dicodusport.fr\/blog\/#\/schema\/person\/cb02af4c173ce4a653b55e9baf388d4a"},"headline":"Moto GP : Fabio Quartararo aura une moto d&rsquo;usine en 2020","datePublished":"2019-11-01T11:56:32+00:00","mainEntityOfPage":{"@id":"https:\/\/dicodusport.fr\/blog\/moto-gp-fabio-quartararo-moto-usine-2020\/"},"wordCount":337,"commentCount":0,"publisher":{"@id":"https:\/\/dicodusport.fr\/blog\/#organization"},"image":{"@id":"https:\/\/dicodusport.fr\/blog\/moto-gp-fabio-quartararo-moto-usine-2020\/#primaryimage"},"thumbnailUrl":"https:\/\/dicodusport.fr\/blog\/wp-content\/uploads\/2019\/11\/Moto-GP-Fabio-Quartararo-aura-une-moto-dusine-en-2020.png","keywords":["Fabio Quartararo","Moto GP","Quartararo"],"articleSection":["Moto"],"inLanguage":"fr-FR","potentialAction":[{"@type":"CommentAction","name":"Comment","target":["https:\/\/dicodusport.fr\/blog\/moto-gp-fabio-quartararo-moto-usine-2020\/#respond"]}],"copyrightYear":"2019","copyrightHolder":{"@id":"https:\/\/dicodusport.fr\/blog\/#organization"}},{"@type":"WebPage","@id":"https:\/\/dicodusport.fr\/blog\/moto-gp-fabio-quartararo-moto-usine-2020\/","url":"https:\/\/dicodusport.fr\/blog\/moto-gp-fabio-quartararo-moto-usine-2020\/","name":"Moto GP : Fabio Quartararo aura une moto d'usine en 2020","isPartOf":{"@id":"https:\/\/dicodusport.fr\/blog\/#website"},"primaryImageOfPage":{"@id":"https:\/\/dicodusport.fr\/blog\/moto-gp-fabio-quartararo-moto-usine-2020\/#primaryimage"},"image":{"@id":"https:\/\/dicodusport.fr\/blog\/moto-gp-fabio-quartararo-moto-usine-2020\/#primaryimage"},"thumbnailUrl":"https:\/\/dicodusport.fr\/blog\/wp-content\/uploads\/2019\/11\/Moto-GP-Fabio-Quartararo-aura-une-moto-dusine-en-2020.png","datePublished":"2019-11-01T11:56:32+00:00","description":"Moto GP - Bonne nouvelle pour Fabio Quartararo ! Le pilote ni\u00e7ois disposera d'une moto d'usine la saison prochaine, avec son \u00e9curie Yamaha-SRT.","breadcrumb":{"@id":"https:\/\/dicodusport.fr\/blog\/moto-gp-fabio-quartararo-moto-usine-2020\/#breadcrumb"},"inLanguage":"fr-FR","potentialAction":[{"@type":"ReadAction","target":["https:\/\/dicodusport.fr\/blog\/moto-gp-fabio-quartararo-moto-usine-2020\/"]}]},{"@type":"ImageObject","inLanguage":"fr-FR","@id":"https:\/\/dicodusport.fr\/blog\/moto-gp-fabio-quartararo-moto-usine-2020\/#primaryimage","url":"https:\/\/dicodusport.fr\/blog\/wp-content\/uploads\/2019\/11\/Moto-GP-Fabio-Quartararo-aura-une-moto-dusine-en-2020.png","contentUrl":"https:\/\/dicodusport.fr\/blog\/wp-content\/uploads\/2019\/11\/Moto-GP-Fabio-Quartararo-aura-une-moto-dusine-en-2020.png","width":800,"height":445,"caption":"Moto GP - Fabio Quartararo aura une moto d'usine en 2020"},{"@type":"BreadcrumbList","@id":"https:\/\/dicodusport.fr\/blog\/moto-gp-fabio-quartararo-moto-usine-2020\/#breadcrumb","itemListElement":[{"@type":"ListItem","position":1,"name":"Accueil","item":"https:\/\/dicodusport.fr\/blog\/"},{"@type":"ListItem","position":2,"name":"Moto GP : Fabio Quartararo aura une moto d&rsquo;usine en 2020"}]},{"@type":"WebSite","@id":"https:\/\/dicodusport.fr\/blog\/#website","url":"https:\/\/dicodusport.fr\/blog\/","name":"Dicodusport","description":"L&#039;encyclop\u00e9die de l&#039;actualit\u00e9 sportive","publisher":{"@id":"https:\/\/dicodusport.fr\/blog\/#organization"},"potentialAction":[{"@type":"SearchAction","target":{"@type":"EntryPoint","urlTemplate":"https:\/\/dicodusport.fr\/blog\/?s={search_term_string}"},"query-input":{"@type":"PropertyValueSpecification","valueRequired":true,"valueName":"search_term_string"}}],"inLanguage":"fr-FR"},{"@type":"NewsMediaOrganization","@id":"https:\/\/dicodusport.fr\/blog\/#organization","name":"Dicodusport","url":"https:\/\/dicodusport.fr\/blog\/","logo":{"@type":"ImageObject","inLanguage":"fr-FR","@id":"https:\/\/dicodusport.fr\/blog\/#\/schema\/logo\/image\/","url":"https:\/\/dicodusport.fr\/blog\/wp-content\/uploads\/2020\/06\/cropped-LOGO-DICODUSPORT-2020-SANS-FOND-SANS-TEXTE.png","contentUrl":"https:\/\/dicodusport.fr\/blog\/wp-content\/uploads\/2020\/06\/cropped-LOGO-DICODUSPORT-2020-SANS-FOND-SANS-TEXTE.png","width":512,"height":512,"caption":"Dicodusport"},"image":{"@id":"https:\/\/dicodusport.fr\/blog\/#\/schema\/logo\/image\/"},"sameAs":["https:\/\/www.facebook.com\/dicodusport","https:\/\/x.com\/dicodusport","https:\/\/www.instagram.com\/dicodusport\/","https:\/\/www.youtube.com\/channel\/UC7V2KZ5sd3htJivAbA4ZG3w"],"description":"Dicodusport est l'encyclop\u00e9die de l'actualit\u00e9 sportive.","email":"bonjour@dicodusport.fr","legalName":"DICODUSPORT","foundingDate":"2018-01-14","vatID":"FR71834470973","taxID":"83447097300043","numberOfEmployees":{"@type":"QuantitativeValue","minValue":"1","maxValue":"10"}},{"@type":"Person","@id":"https:\/\/dicodusport.fr\/blog\/#\/schema\/person\/cb02af4c173ce4a653b55e9baf388d4a","name":"Flo Ostermann","image":{"@type":"ImageObject","inLanguage":"fr-FR","@id":"https:\/\/dicodusport.fr\/blog\/#\/schema\/person\/image\/","url":"https:\/\/dicodusport.fr\/blog\/wp-content\/uploads\/2021\/05\/Flo-Ostermann-150x150.jpg","contentUrl":"https:\/\/dicodusport.fr\/blog\/wp-content\/uploads\/2021\/05\/Flo-Ostermann-150x150.jpg","caption":"Flo Ostermann"},"description":"Journaliste\/R\u00e9dacteur depuis septembre 2015 - Mes premiers souvenirs dans le sport ? Les envol\u00e9es du Stade Toulousain et les duels Villeneuve-Schumacher et H\u00e4kkinen-Schumacher \u00e0 la fin des ann\u00e9es 90, la Coupe du monde de football en 1998, l\u2019exploit du XV de France face aux All Blacks en 1999, mais aussi Richard C\u0153ur de Lion qui vole sur les montagnes du Tour de France. Bien parti pour devenir professeur d\u2019EPS, les \u00e9v\u00e9nements de la vie (et la flemme d\u2019animer des s\u00e9ances de 3x500 m\u00e8tres toute ma vie) m\u2019ont conduit \u00e0 revoir mes plans. Me voil\u00e0 depuis fin 2017 sur Dicodusport, m\u00e9dia gr\u00e2ce (et pour) lequel je partage ma passion : le sport dans tous ses \u00e9tats. Le tout accompagn\u00e9 par les fous furieux et folles furieuses cit\u00e9s sur cette page !","sameAs":["https:\/\/www.facebook.com\/florent.ostermann","https:\/\/x.com\/https:\/\/twitter.com\/FlOstermann","admin"],"url":"https:\/\/dicodusport.fr\/blog\/author\/flo\/"}]}},"_links":{"self":[{"href":"https:\/\/dicodusport.fr\/blog\/wp-json\/wp\/v2\/posts\/52690","targetHints":{"allow":["GET"]}}],"collection":[{"href":"https:\/\/dicodusport.fr\/blog\/wp-json\/wp\/v2\/posts"}],"about":[{"href":"https:\/\/dicodusport.fr\/blog\/wp-json\/wp\/v2\/types\/post"}],"author":[{"embeddable":true,"href":"https:\/\/dicodusport.fr\/blog\/wp-json\/wp\/v2\/users\/4"}],"replies":[{"embeddable":true,"href":"https:\/\/dicodusport.fr\/blog\/wp-json\/wp\/v2\/comments?post=52690"}],"version-history":[{"count":0,"href":"https:\/\/dicodusport.fr\/blog\/wp-json\/wp\/v2\/posts\/52690\/revisions"}],"wp:featuredmedia":[{"embeddable":true,"href":"https:\/\/dicodusport.fr\/blog\/wp-json\/wp\/v2\/media\/52693"}],"wp:attachment":[{"href":"https:\/\/dicodusport.fr\/blog\/wp-json\/wp\/v2\/media?parent=52690"}],"wp:term":[{"taxonomy":"category","embeddable":true,"href":"https:\/\/dicodusport.fr\/blog\/wp-json\/wp\/v2\/categories?post=52690"},{"taxonomy":"post_tag","embeddable":true,"href":"https:\/\/dicodusport.fr\/blog\/wp-json\/wp\/v2\/tags?post=52690"}],"curies":[{"name":"wp","href":"https:\/\/api.w.org\/{rel}","templated":true}]}}