{"id":527572,"date":"2024-10-19T11:30:24","date_gmt":"2024-10-19T09:30:24","guid":{"rendered":"https:\/\/dicodusport.fr\/blog\/?p=527572&#038;preview=true&#038;preview_id=527572"},"modified":"2024-10-20T12:09:52","modified_gmt":"2024-10-20T10:09:52","slug":"kayak-polo-les-bleuettes-championnes-du-monde-u21-les-garcons-en-bronze","status":"publish","type":"post","link":"https:\/\/dicodusport.fr\/blog\/kayak-polo-les-bleuettes-championnes-du-monde-u21-les-garcons-en-bronze\/","title":{"rendered":"Kayak polo : Les Bleuettes championnes du monde U21, les gar\u00e7ons en bronze !"},"content":{"rendered":"<h4 style=\"text-align: justify;\"><em>CHAMPIONNATS DU MONDE DE KAYAK POLO 2024 &#8211; Grand succ\u00e8s des \u00e9quipes de France U21 aux Mondiaux, avec la m\u00e9daille de bronze des gar\u00e7ons mais surtout le titre pour l&rsquo;\u00e9quipe de France f\u00e9minine !\u00a0<\/em><\/h4>\n<p style=\"text-align: justify;\">Ce matin, l&rsquo;\u00e9quipe de France U21 f\u00e9minine de kayak polo disputait la 4e finale mondiale de son histoire en 8 \u00e9ditions dans cette cat\u00e9gorie d&rsquo;\u00e2ge. Une seule fois, les Bleuettes avaient r\u00e9ussi \u00e0 soulever le troph\u00e9e, en 2010. Toutes les finales avaient eu lieu contre l&rsquo;\u00e9quipe d&rsquo;Allemagne, mais cette fois, c&rsquo;est l&rsquo;Espagne qui se dressait devant les Tricolores.<\/p>\n<h2 style=\"text-align: justify;\">Finale de r\u00eave<\/h2>\n<p style=\"text-align: justify;\">Mais la finale aura \u00e9t\u00e9 domin\u00e9e de la t\u00eate et des \u00e9paules par les Bleuettes. Un doubl\u00e9 d&rsquo;<strong>Ana\u00efs Bonamy<\/strong> leur a permis de mener 2-1 \u00e0 la pause, et <strong>Marie Abellard<\/strong> faisait le break d\u00e8s le retour dans la piscine. \u00c0 six minutes du terme, <strong>Jeanne Coursin<\/strong> portait le coup de gr\u00e2ce, et le dernier but espagnol dans les arr\u00eats de jeu n&rsquo;allait rien y changer. Victoire 4-2 et titre mondial, l&rsquo;\u00e9quipe de France U21 a \u00e9t\u00e9 incroyable dans ces Mondiaux, 9 matchs, 9 victoires, 55 buts marqu\u00e9s, 13 encaiss\u00e9s : championnes du monde !<\/p>\n<p style=\"text-align: justify;\">Et pour fignoler le tableau, les gar\u00e7ons ont eux aussi contribu\u00e9 \u00e0 la f\u00eate. Quelques regrets sur la demi-finale, perdue 4-3 face aux Espagnols. Mais la barre a \u00e9t\u00e9 redress\u00e9e lors du match pour le bronze. <strong>\u00c9meric Rochard, Maxime Legendre, Eliott Reine<\/strong> et <strong>Elage N&rsquo;Diaye<\/strong> ont fait trembler les filets pour une large victoire 4-1 sur les Italiens qui leur offre le bronze, la 6e m\u00e9daille mondiale de l&rsquo;\u00e9quipe de France U21 gar\u00e7ons dans cette comp\u00e9tition. Et la f\u00eate n&rsquo;est pas finie, les Bleus \u00e9tant qualifi\u00e9s pour les demi-finales demain.<\/p>\n<p><iframe loading=\"lazy\" style=\"border: none; overflow: hidden;\" src=\"https:\/\/www.facebook.com\/plugins\/video.php?height=314&amp;href=https%3A%2F%2Fwww.facebook.com%2Fplanetcanoe%2Fvideos%2F902598608599286%2F&amp;show_text=false&amp;width=560&amp;t=0\" width=\"560\" height=\"314\" frameborder=\"0\" scrolling=\"no\" allowfullscreen=\"allowfullscreen\"><\/iframe><\/p>\n<h2 style=\"text-align: justify;\">Les \u00e9quipes de France<\/h2>\n<p style=\"text-align: justify;\">U21 femmes : Marie Abellard, Jeanne Coursin, Ana\u00efs Bonamy (c), Charlotte Richard, Lise Guyomarch, Cl\u00e9mence Jaroszewski, Antigone Merot Hyrien.<\/p>\n<p style=\"text-align: justify;\">U21 hommes : \u00c9meric Richard, Maxime Legendre (c), Elage N&rsquo;Diaye, Constant Aumont, Eliott Reine, Mathis Odot, Niels Ruas, Pierre M\u00fcnster<\/p>\n","protected":false},"excerpt":{"rendered":"<p>CHAMPIONNATS DU MONDE DE KAYAK POLO 2024 &#8211; Grand succ\u00e8s des \u00e9quipes de France U21 aux Mondiaux, avec la m\u00e9daille de bronze des gar\u00e7ons mais surtout le titre pour l&rsquo;\u00e9quipe de France f\u00e9minine !\u00a0<\/p>\n","protected":false},"author":59,"featured_media":527908,"comment_status":"open","ping_status":"closed","sticky":false,"template":"","format":"standard","meta":{"_acf_changed":false,"_daextam_enable_autolinks":"1","footnotes":""},"categories":[10458],"tags":[16878],"class_list":["post-527572","post","type-post","status-publish","format-standard","has-post-thumbnail","hentry","category-canoe-kayak","tag-breve"],"acf":[],"yoast_head":"<!-- This site is optimized with the Yoast SEO Premium plugin v26.7 (Yoast SEO v26.7) - https:\/\/yoast.com\/wordpress\/plugins\/seo\/ -->\n<title>Kayak polo : Les Bleuettes championnes du monde U21, les gar\u00e7ons en bronze !<\/title>\n<meta name=\"description\" content=\"CHAMPIONNATS DU MONDE DE KAYAK POLO 2024 - Grand succ\u00e8s des \u00e9quipes de France U21 aux Mondiaux, avec la m\u00e9daille de bronze des gar\u00e7ons mais surtout le titre pour l&#039;\u00e9quipe de France f\u00e9minine !\u00a0\" \/>\n<meta name=\"robots\" content=\"index, follow, max-snippet:-1, max-image-preview:large, max-video-preview:-1\" \/>\n<link rel=\"canonical\" href=\"https:\/\/dicodusport.fr\/blog\/kayak-polo-les-bleuettes-championnes-du-monde-u21-les-garcons-en-bronze\/\" \/>\n<meta property=\"og:locale\" content=\"fr_FR\" \/>\n<meta property=\"og:type\" content=\"article\" \/>\n<meta property=\"og:title\" content=\"Kayak polo : Les Bleuettes championnes du monde U21, les gar\u00e7ons en bronze !\" \/>\n<meta property=\"og:description\" content=\"CHAMPIONNATS DU MONDE DE KAYAK POLO 2024 - Grand succ\u00e8s des \u00e9quipes de France U21 aux Mondiaux, avec la m\u00e9daille de bronze des gar\u00e7ons mais surtout le titre pour l&#039;\u00e9quipe de France f\u00e9minine !\u00a0\" \/>\n<meta property=\"og:url\" content=\"https:\/\/dicodusport.fr\/blog\/kayak-polo-les-bleuettes-championnes-du-monde-u21-les-garcons-en-bronze\/\" \/>\n<meta property=\"og:site_name\" content=\"Dicodusport\" \/>\n<meta property=\"article:publisher\" content=\"https:\/\/www.facebook.com\/dicodusport\" \/>\n<meta property=\"article:author\" content=\"https:\/\/www.facebook.com\/sebastien.gente\/\" \/>\n<meta property=\"article:published_time\" content=\"2024-10-19T09:30:24+00:00\" \/>\n<meta property=\"article:modified_time\" content=\"2024-10-20T10:09:52+00:00\" \/>\n<meta property=\"og:image\" content=\"https:\/\/dicodusport.fr\/blog\/wp-content\/uploads\/2024\/10\/Kayak-polo-Les-Bleuettes-championnes-du-monde-U21-les-garcons-en-bronze-1-1.png\" \/>\n\t<meta property=\"og:image:width\" content=\"1200\" \/>\n\t<meta property=\"og:image:height\" content=\"674\" \/>\n\t<meta property=\"og:image:type\" content=\"image\/png\" \/>\n<meta name=\"author\" content=\"S\u00e9bastien Gente\" \/>\n<meta name=\"twitter:card\" content=\"summary_large_image\" \/>\n<meta name=\"twitter:title\" content=\"Kayak polo : Les Bleuettes championnes du monde U21, les gar\u00e7ons en bronze !\" \/>\n<meta name=\"twitter:creator\" content=\"@https:\/\/twitter.com\/globulo24\" \/>\n<meta name=\"twitter:site\" content=\"@dicodusport\" \/>\n<script type=\"application\/ld+json\" class=\"yoast-schema-graph\">{\"@context\":\"https:\/\/schema.org\",\"@graph\":[{\"@type\":\"NewsArticle\",\"@id\":\"https:\/\/dicodusport.fr\/blog\/kayak-polo-les-bleuettes-championnes-du-monde-u21-les-garcons-en-bronze\/#article\",\"isPartOf\":{\"@id\":\"https:\/\/dicodusport.fr\/blog\/kayak-polo-les-bleuettes-championnes-du-monde-u21-les-garcons-en-bronze\/\"},\"author\":{\"name\":\"S\u00e9bastien Gente\",\"@id\":\"https:\/\/dicodusport.fr\/blog\/#\/schema\/person\/627966a6cde45dbd8c5e36ac85d783da\"},\"headline\":\"Kayak polo : Les Bleuettes championnes du monde U21, les gar\u00e7ons en bronze !\",\"datePublished\":\"2024-10-19T09:30:24+00:00\",\"dateModified\":\"2024-10-20T10:09:52+00:00\",\"mainEntityOfPage\":{\"@id\":\"https:\/\/dicodusport.fr\/blog\/kayak-polo-les-bleuettes-championnes-du-monde-u21-les-garcons-en-bronze\/\"},\"wordCount\":362,\"commentCount\":1,\"publisher\":{\"@id\":\"https:\/\/dicodusport.fr\/blog\/#organization\"},\"image\":{\"@id\":\"https:\/\/dicodusport.fr\/blog\/kayak-polo-les-bleuettes-championnes-du-monde-u21-les-garcons-en-bronze\/#primaryimage\"},\"thumbnailUrl\":\"https:\/\/dicodusport.fr\/blog\/wp-content\/uploads\/2024\/10\/Kayak-polo-Les-Bleuettes-championnes-du-monde-U21-les-garcons-en-bronze-1-1.png\",\"keywords\":[\"br\u00e8ve\"],\"articleSection\":[\"Cano\u00eb-Kayak\"],\"inLanguage\":\"fr-FR\",\"potentialAction\":[{\"@type\":\"CommentAction\",\"name\":\"Comment\",\"target\":[\"https:\/\/dicodusport.fr\/blog\/kayak-polo-les-bleuettes-championnes-du-monde-u21-les-garcons-en-bronze\/#respond\"]}],\"copyrightYear\":\"2024\",\"copyrightHolder\":{\"@id\":\"https:\/\/dicodusport.fr\/blog\/#organization\"}},{\"@type\":\"WebPage\",\"@id\":\"https:\/\/dicodusport.fr\/blog\/kayak-polo-les-bleuettes-championnes-du-monde-u21-les-garcons-en-bronze\/\",\"url\":\"https:\/\/dicodusport.fr\/blog\/kayak-polo-les-bleuettes-championnes-du-monde-u21-les-garcons-en-bronze\/\",\"name\":\"Kayak polo : Les Bleuettes championnes du monde U21, les gar\u00e7ons en bronze !\",\"isPartOf\":{\"@id\":\"https:\/\/dicodusport.fr\/blog\/#website\"},\"primaryImageOfPage\":{\"@id\":\"https:\/\/dicodusport.fr\/blog\/kayak-polo-les-bleuettes-championnes-du-monde-u21-les-garcons-en-bronze\/#primaryimage\"},\"image\":{\"@id\":\"https:\/\/dicodusport.fr\/blog\/kayak-polo-les-bleuettes-championnes-du-monde-u21-les-garcons-en-bronze\/#primaryimage\"},\"thumbnailUrl\":\"https:\/\/dicodusport.fr\/blog\/wp-content\/uploads\/2024\/10\/Kayak-polo-Les-Bleuettes-championnes-du-monde-U21-les-garcons-en-bronze-1-1.png\",\"datePublished\":\"2024-10-19T09:30:24+00:00\",\"dateModified\":\"2024-10-20T10:09:52+00:00\",\"description\":\"CHAMPIONNATS DU MONDE DE KAYAK POLO 2024 - Grand succ\u00e8s des \u00e9quipes de France U21 aux Mondiaux, avec la m\u00e9daille de bronze des gar\u00e7ons mais surtout le titre pour l'\u00e9quipe de France f\u00e9minine !\u00a0\",\"breadcrumb\":{\"@id\":\"https:\/\/dicodusport.fr\/blog\/kayak-polo-les-bleuettes-championnes-du-monde-u21-les-garcons-en-bronze\/#breadcrumb\"},\"inLanguage\":\"fr-FR\",\"potentialAction\":[{\"@type\":\"ReadAction\",\"target\":[\"https:\/\/dicodusport.fr\/blog\/kayak-polo-les-bleuettes-championnes-du-monde-u21-les-garcons-en-bronze\/\"]}]},{\"@type\":\"ImageObject\",\"inLanguage\":\"fr-FR\",\"@id\":\"https:\/\/dicodusport.fr\/blog\/kayak-polo-les-bleuettes-championnes-du-monde-u21-les-garcons-en-bronze\/#primaryimage\",\"url\":\"https:\/\/dicodusport.fr\/blog\/wp-content\/uploads\/2024\/10\/Kayak-polo-Les-Bleuettes-championnes-du-monde-U21-les-garcons-en-bronze-1-1.png\",\"contentUrl\":\"https:\/\/dicodusport.fr\/blog\/wp-content\/uploads\/2024\/10\/Kayak-polo-Les-Bleuettes-championnes-du-monde-U21-les-garcons-en-bronze-1-1.png\",\"width\":1200,\"height\":674,\"caption\":\"Kayak polo Les Bleuettes championnes du monde U21, les gar\u00e7ons en bronze !\"},{\"@type\":\"BreadcrumbList\",\"@id\":\"https:\/\/dicodusport.fr\/blog\/kayak-polo-les-bleuettes-championnes-du-monde-u21-les-garcons-en-bronze\/#breadcrumb\",\"itemListElement\":[{\"@type\":\"ListItem\",\"position\":1,\"name\":\"Accueil\",\"item\":\"https:\/\/dicodusport.fr\/blog\/\"},{\"@type\":\"ListItem\",\"position\":2,\"name\":\"Kayak polo : Les Bleuettes championnes du monde U21, les gar\u00e7ons en bronze !\"}]},{\"@type\":\"WebSite\",\"@id\":\"https:\/\/dicodusport.fr\/blog\/#website\",\"url\":\"https:\/\/dicodusport.fr\/blog\/\",\"name\":\"Dicodusport\",\"description\":\"L&#039;encyclop\u00e9die de l&#039;actualit\u00e9 sportive\",\"publisher\":{\"@id\":\"https:\/\/dicodusport.fr\/blog\/#organization\"},\"potentialAction\":[{\"@type\":\"SearchAction\",\"target\":{\"@type\":\"EntryPoint\",\"urlTemplate\":\"https:\/\/dicodusport.fr\/blog\/?s={search_term_string}\"},\"query-input\":{\"@type\":\"PropertyValueSpecification\",\"valueRequired\":true,\"valueName\":\"search_term_string\"}}],\"inLanguage\":\"fr-FR\"},{\"@type\":\"NewsMediaOrganization\",\"@id\":\"https:\/\/dicodusport.fr\/blog\/#organization\",\"name\":\"Dicodusport\",\"url\":\"https:\/\/dicodusport.fr\/blog\/\",\"logo\":{\"@type\":\"ImageObject\",\"inLanguage\":\"fr-FR\",\"@id\":\"https:\/\/dicodusport.fr\/blog\/#\/schema\/logo\/image\/\",\"url\":\"https:\/\/dicodusport.fr\/blog\/wp-content\/uploads\/2020\/06\/cropped-LOGO-DICODUSPORT-2020-SANS-FOND-SANS-TEXTE.png\",\"contentUrl\":\"https:\/\/dicodusport.fr\/blog\/wp-content\/uploads\/2020\/06\/cropped-LOGO-DICODUSPORT-2020-SANS-FOND-SANS-TEXTE.png\",\"width\":512,\"height\":512,\"caption\":\"Dicodusport\"},\"image\":{\"@id\":\"https:\/\/dicodusport.fr\/blog\/#\/schema\/logo\/image\/\"},\"sameAs\":[\"https:\/\/www.facebook.com\/dicodusport\",\"https:\/\/x.com\/dicodusport\",\"https:\/\/www.instagram.com\/dicodusport\/\",\"https:\/\/www.youtube.com\/channel\/UC7V2KZ5sd3htJivAbA4ZG3w\"],\"description\":\"Dicodusport est l'encyclop\u00e9die de l'actualit\u00e9 sportive.\",\"email\":\"bonjour@dicodusport.fr\",\"legalName\":\"DICODUSPORT\",\"foundingDate\":\"2018-01-14\",\"vatID\":\"FR71834470973\",\"taxID\":\"83447097300043\",\"numberOfEmployees\":{\"@type\":\"QuantitativeValue\",\"minValue\":\"1\",\"maxValue\":\"10\"}},{\"@type\":\"Person\",\"@id\":\"https:\/\/dicodusport.fr\/blog\/#\/schema\/person\/627966a6cde45dbd8c5e36ac85d783da\",\"name\":\"S\u00e9bastien Gente\",\"image\":{\"@type\":\"ImageObject\",\"inLanguage\":\"fr-FR\",\"@id\":\"https:\/\/dicodusport.fr\/blog\/#\/schema\/person\/image\/\",\"url\":\"https:\/\/dicodusport.fr\/blog\/wp-content\/uploads\/2021\/09\/1510990_10205810251400683_4124423575079401707_n-150x150.jpg\",\"contentUrl\":\"https:\/\/dicodusport.fr\/blog\/wp-content\/uploads\/2021\/09\/1510990_10205810251400683_4124423575079401707_n-150x150.jpg\",\"caption\":\"S\u00e9bastien Gente\"},\"description\":\"John Stockton, Gianni Bugno, Zinedine Zidane, Steffi Graf, Frode Andresen, St\u00e9phane Stoecklin, Davis Kamoga, Primoz Peterka, Werner Schlager et Aur\u00e9lien Rougerie. Point commun entre ces sportifs? Ils m'ont fait r\u00eaver et ont berc\u00e9 mon adolescence. Je suis un fondu de sports et j'essaie de retranscrire ma passion \u00e0 travers mes articles. Originaire du P\u00e9rigord, ma passion pour les Girondins, les Jaunards et les Jazzmen transpire dans mes \u00e9crits. \u00c0 Dicodusport depuis 2021, je d\u00e9niche les sports m\u00e9connus dans lesquels la France brille, et il y en a !\",\"sameAs\":[\"https:\/\/www.facebook.com\/sebastien.gente\/\",\"https:\/\/www.instagram.com\/sebgente\/\",\"https:\/\/www.linkedin.com\/in\/sbastien-gente-a29583169\/\",\"https:\/\/x.com\/https:\/\/twitter.com\/globulo24\",\"SebastienGente\"],\"worksFor\":\"S\u00e9bastien GENTE\",\"url\":\"https:\/\/dicodusport.fr\/blog\/author\/sebastiengente\/\"}]}<\/script>\n<!-- \/ Yoast SEO Premium plugin. -->","yoast_head_json":{"title":"Kayak polo : Les Bleuettes championnes du monde U21, les gar\u00e7ons en bronze !","description":"CHAMPIONNATS DU MONDE DE KAYAK POLO 2024 - Grand succ\u00e8s des \u00e9quipes de France U21 aux Mondiaux, avec la m\u00e9daille de bronze des gar\u00e7ons mais surtout le titre pour l'\u00e9quipe de France f\u00e9minine !\u00a0","robots":{"index":"index","follow":"follow","max-snippet":"max-snippet:-1","max-image-preview":"max-image-preview:large","max-video-preview":"max-video-preview:-1"},"canonical":"https:\/\/dicodusport.fr\/blog\/kayak-polo-les-bleuettes-championnes-du-monde-u21-les-garcons-en-bronze\/","og_locale":"fr_FR","og_type":"article","og_title":"Kayak polo : Les Bleuettes championnes du monde U21, les gar\u00e7ons en bronze !","og_description":"CHAMPIONNATS DU MONDE DE KAYAK POLO 2024 - Grand succ\u00e8s des \u00e9quipes de France U21 aux Mondiaux, avec la m\u00e9daille de bronze des gar\u00e7ons mais surtout le titre pour l'\u00e9quipe de France f\u00e9minine !\u00a0","og_url":"https:\/\/dicodusport.fr\/blog\/kayak-polo-les-bleuettes-championnes-du-monde-u21-les-garcons-en-bronze\/","og_site_name":"Dicodusport","article_publisher":"https:\/\/www.facebook.com\/dicodusport","article_author":"https:\/\/www.facebook.com\/sebastien.gente\/","article_published_time":"2024-10-19T09:30:24+00:00","article_modified_time":"2024-10-20T10:09:52+00:00","og_image":[{"width":1200,"height":674,"url":"https:\/\/dicodusport.fr\/blog\/wp-content\/uploads\/2024\/10\/Kayak-polo-Les-Bleuettes-championnes-du-monde-U21-les-garcons-en-bronze-1-1.png","type":"image\/png"}],"author":"S\u00e9bastien Gente","twitter_card":"summary_large_image","twitter_title":"Kayak polo : Les Bleuettes championnes du monde U21, les gar\u00e7ons en bronze !","twitter_creator":"@https:\/\/twitter.com\/globulo24","twitter_site":"@dicodusport","schema":{"@context":"https:\/\/schema.org","@graph":[{"@type":"NewsArticle","@id":"https:\/\/dicodusport.fr\/blog\/kayak-polo-les-bleuettes-championnes-du-monde-u21-les-garcons-en-bronze\/#article","isPartOf":{"@id":"https:\/\/dicodusport.fr\/blog\/kayak-polo-les-bleuettes-championnes-du-monde-u21-les-garcons-en-bronze\/"},"author":{"name":"S\u00e9bastien Gente","@id":"https:\/\/dicodusport.fr\/blog\/#\/schema\/person\/627966a6cde45dbd8c5e36ac85d783da"},"headline":"Kayak polo : Les Bleuettes championnes du monde U21, les gar\u00e7ons en bronze !","datePublished":"2024-10-19T09:30:24+00:00","dateModified":"2024-10-20T10:09:52+00:00","mainEntityOfPage":{"@id":"https:\/\/dicodusport.fr\/blog\/kayak-polo-les-bleuettes-championnes-du-monde-u21-les-garcons-en-bronze\/"},"wordCount":362,"commentCount":1,"publisher":{"@id":"https:\/\/dicodusport.fr\/blog\/#organization"},"image":{"@id":"https:\/\/dicodusport.fr\/blog\/kayak-polo-les-bleuettes-championnes-du-monde-u21-les-garcons-en-bronze\/#primaryimage"},"thumbnailUrl":"https:\/\/dicodusport.fr\/blog\/wp-content\/uploads\/2024\/10\/Kayak-polo-Les-Bleuettes-championnes-du-monde-U21-les-garcons-en-bronze-1-1.png","keywords":["br\u00e8ve"],"articleSection":["Cano\u00eb-Kayak"],"inLanguage":"fr-FR","potentialAction":[{"@type":"CommentAction","name":"Comment","target":["https:\/\/dicodusport.fr\/blog\/kayak-polo-les-bleuettes-championnes-du-monde-u21-les-garcons-en-bronze\/#respond"]}],"copyrightYear":"2024","copyrightHolder":{"@id":"https:\/\/dicodusport.fr\/blog\/#organization"}},{"@type":"WebPage","@id":"https:\/\/dicodusport.fr\/blog\/kayak-polo-les-bleuettes-championnes-du-monde-u21-les-garcons-en-bronze\/","url":"https:\/\/dicodusport.fr\/blog\/kayak-polo-les-bleuettes-championnes-du-monde-u21-les-garcons-en-bronze\/","name":"Kayak polo : Les Bleuettes championnes du monde U21, les gar\u00e7ons en bronze !","isPartOf":{"@id":"https:\/\/dicodusport.fr\/blog\/#website"},"primaryImageOfPage":{"@id":"https:\/\/dicodusport.fr\/blog\/kayak-polo-les-bleuettes-championnes-du-monde-u21-les-garcons-en-bronze\/#primaryimage"},"image":{"@id":"https:\/\/dicodusport.fr\/blog\/kayak-polo-les-bleuettes-championnes-du-monde-u21-les-garcons-en-bronze\/#primaryimage"},"thumbnailUrl":"https:\/\/dicodusport.fr\/blog\/wp-content\/uploads\/2024\/10\/Kayak-polo-Les-Bleuettes-championnes-du-monde-U21-les-garcons-en-bronze-1-1.png","datePublished":"2024-10-19T09:30:24+00:00","dateModified":"2024-10-20T10:09:52+00:00","description":"CHAMPIONNATS DU MONDE DE KAYAK POLO 2024 - Grand succ\u00e8s des \u00e9quipes de France U21 aux Mondiaux, avec la m\u00e9daille de bronze des gar\u00e7ons mais surtout le titre pour l'\u00e9quipe de France f\u00e9minine !\u00a0","breadcrumb":{"@id":"https:\/\/dicodusport.fr\/blog\/kayak-polo-les-bleuettes-championnes-du-monde-u21-les-garcons-en-bronze\/#breadcrumb"},"inLanguage":"fr-FR","potentialAction":[{"@type":"ReadAction","target":["https:\/\/dicodusport.fr\/blog\/kayak-polo-les-bleuettes-championnes-du-monde-u21-les-garcons-en-bronze\/"]}]},{"@type":"ImageObject","inLanguage":"fr-FR","@id":"https:\/\/dicodusport.fr\/blog\/kayak-polo-les-bleuettes-championnes-du-monde-u21-les-garcons-en-bronze\/#primaryimage","url":"https:\/\/dicodusport.fr\/blog\/wp-content\/uploads\/2024\/10\/Kayak-polo-Les-Bleuettes-championnes-du-monde-U21-les-garcons-en-bronze-1-1.png","contentUrl":"https:\/\/dicodusport.fr\/blog\/wp-content\/uploads\/2024\/10\/Kayak-polo-Les-Bleuettes-championnes-du-monde-U21-les-garcons-en-bronze-1-1.png","width":1200,"height":674,"caption":"Kayak polo Les Bleuettes championnes du monde U21, les gar\u00e7ons en bronze !"},{"@type":"BreadcrumbList","@id":"https:\/\/dicodusport.fr\/blog\/kayak-polo-les-bleuettes-championnes-du-monde-u21-les-garcons-en-bronze\/#breadcrumb","itemListElement":[{"@type":"ListItem","position":1,"name":"Accueil","item":"https:\/\/dicodusport.fr\/blog\/"},{"@type":"ListItem","position":2,"name":"Kayak polo : Les Bleuettes championnes du monde U21, les gar\u00e7ons en bronze !"}]},{"@type":"WebSite","@id":"https:\/\/dicodusport.fr\/blog\/#website","url":"https:\/\/dicodusport.fr\/blog\/","name":"Dicodusport","description":"L&#039;encyclop\u00e9die de l&#039;actualit\u00e9 sportive","publisher":{"@id":"https:\/\/dicodusport.fr\/blog\/#organization"},"potentialAction":[{"@type":"SearchAction","target":{"@type":"EntryPoint","urlTemplate":"https:\/\/dicodusport.fr\/blog\/?s={search_term_string}"},"query-input":{"@type":"PropertyValueSpecification","valueRequired":true,"valueName":"search_term_string"}}],"inLanguage":"fr-FR"},{"@type":"NewsMediaOrganization","@id":"https:\/\/dicodusport.fr\/blog\/#organization","name":"Dicodusport","url":"https:\/\/dicodusport.fr\/blog\/","logo":{"@type":"ImageObject","inLanguage":"fr-FR","@id":"https:\/\/dicodusport.fr\/blog\/#\/schema\/logo\/image\/","url":"https:\/\/dicodusport.fr\/blog\/wp-content\/uploads\/2020\/06\/cropped-LOGO-DICODUSPORT-2020-SANS-FOND-SANS-TEXTE.png","contentUrl":"https:\/\/dicodusport.fr\/blog\/wp-content\/uploads\/2020\/06\/cropped-LOGO-DICODUSPORT-2020-SANS-FOND-SANS-TEXTE.png","width":512,"height":512,"caption":"Dicodusport"},"image":{"@id":"https:\/\/dicodusport.fr\/blog\/#\/schema\/logo\/image\/"},"sameAs":["https:\/\/www.facebook.com\/dicodusport","https:\/\/x.com\/dicodusport","https:\/\/www.instagram.com\/dicodusport\/","https:\/\/www.youtube.com\/channel\/UC7V2KZ5sd3htJivAbA4ZG3w"],"description":"Dicodusport est l'encyclop\u00e9die de l'actualit\u00e9 sportive.","email":"bonjour@dicodusport.fr","legalName":"DICODUSPORT","foundingDate":"2018-01-14","vatID":"FR71834470973","taxID":"83447097300043","numberOfEmployees":{"@type":"QuantitativeValue","minValue":"1","maxValue":"10"}},{"@type":"Person","@id":"https:\/\/dicodusport.fr\/blog\/#\/schema\/person\/627966a6cde45dbd8c5e36ac85d783da","name":"S\u00e9bastien Gente","image":{"@type":"ImageObject","inLanguage":"fr-FR","@id":"https:\/\/dicodusport.fr\/blog\/#\/schema\/person\/image\/","url":"https:\/\/dicodusport.fr\/blog\/wp-content\/uploads\/2021\/09\/1510990_10205810251400683_4124423575079401707_n-150x150.jpg","contentUrl":"https:\/\/dicodusport.fr\/blog\/wp-content\/uploads\/2021\/09\/1510990_10205810251400683_4124423575079401707_n-150x150.jpg","caption":"S\u00e9bastien Gente"},"description":"John Stockton, Gianni Bugno, Zinedine Zidane, Steffi Graf, Frode Andresen, St\u00e9phane Stoecklin, Davis Kamoga, Primoz Peterka, Werner Schlager et Aur\u00e9lien Rougerie. Point commun entre ces sportifs? Ils m'ont fait r\u00eaver et ont berc\u00e9 mon adolescence. Je suis un fondu de sports et j'essaie de retranscrire ma passion \u00e0 travers mes articles. Originaire du P\u00e9rigord, ma passion pour les Girondins, les Jaunards et les Jazzmen transpire dans mes \u00e9crits. \u00c0 Dicodusport depuis 2021, je d\u00e9niche les sports m\u00e9connus dans lesquels la France brille, et il y en a !","sameAs":["https:\/\/www.facebook.com\/sebastien.gente\/","https:\/\/www.instagram.com\/sebgente\/","https:\/\/www.linkedin.com\/in\/sbastien-gente-a29583169\/","https:\/\/x.com\/https:\/\/twitter.com\/globulo24","SebastienGente"],"worksFor":"S\u00e9bastien GENTE","url":"https:\/\/dicodusport.fr\/blog\/author\/sebastiengente\/"}]}},"_links":{"self":[{"href":"https:\/\/dicodusport.fr\/blog\/wp-json\/wp\/v2\/posts\/527572","targetHints":{"allow":["GET"]}}],"collection":[{"href":"https:\/\/dicodusport.fr\/blog\/wp-json\/wp\/v2\/posts"}],"about":[{"href":"https:\/\/dicodusport.fr\/blog\/wp-json\/wp\/v2\/types\/post"}],"author":[{"embeddable":true,"href":"https:\/\/dicodusport.fr\/blog\/wp-json\/wp\/v2\/users\/59"}],"replies":[{"embeddable":true,"href":"https:\/\/dicodusport.fr\/blog\/wp-json\/wp\/v2\/comments?post=527572"}],"version-history":[{"count":3,"href":"https:\/\/dicodusport.fr\/blog\/wp-json\/wp\/v2\/posts\/527572\/revisions"}],"predecessor-version":[{"id":527975,"href":"https:\/\/dicodusport.fr\/blog\/wp-json\/wp\/v2\/posts\/527572\/revisions\/527975"}],"wp:featuredmedia":[{"embeddable":true,"href":"https:\/\/dicodusport.fr\/blog\/wp-json\/wp\/v2\/media\/527908"}],"wp:attachment":[{"href":"https:\/\/dicodusport.fr\/blog\/wp-json\/wp\/v2\/media?parent=527572"}],"wp:term":[{"taxonomy":"category","embeddable":true,"href":"https:\/\/dicodusport.fr\/blog\/wp-json\/wp\/v2\/categories?post=527572"},{"taxonomy":"post_tag","embeddable":true,"href":"https:\/\/dicodusport.fr\/blog\/wp-json\/wp\/v2\/tags?post=527572"}],"curies":[{"name":"wp","href":"https:\/\/api.w.org\/{rel}","templated":true}]}}