{"id":528051,"date":"2024-10-25T12:00:22","date_gmt":"2024-10-25T10:00:22","guid":{"rendered":"https:\/\/dicodusport.fr\/blog\/?p=528051&#038;preview=true&#038;preview_id=528051"},"modified":"2024-10-24T20:58:24","modified_gmt":"2024-10-24T18:58:24","slug":"romain-bardet-une-saison-2024-aboutie-avant-ses-derniers-coups-de-pedale","status":"publish","type":"post","link":"https:\/\/dicodusport.fr\/blog\/romain-bardet-une-saison-2024-aboutie-avant-ses-derniers-coups-de-pedale\/","title":{"rendered":"Romain Bardet, une saison 2024 aboutie avant ses derniers coups de p\u00e9dale"},"content":{"rendered":"<h4 style=\"text-align: justify;\"><em>CYCLISME SUR ROUTE &#8211; \u00c0 l&rsquo;heure des bilans, Dicodusport revient sur la saison de Romain Bardet qui a annonc\u00e9 sa retraite \u00e0 l&rsquo;issue du prochain Crit\u00e9rium du Dauphin\u00e9.<\/em><\/h4>\n<p style=\"text-align: justify;\">Apr\u00e8s la retraite de <strong>Thibaut Pinot<\/strong> l&rsquo;an dernier, on se doutait que viendrait t\u00f4t ou tard le tour de <strong>Romain Bardet<\/strong>. Et effectivement, ce moment interviendra \u00e0 l&rsquo;issue du Crit\u00e9rium du Dauphin\u00e9 2025. <a href=\"https:\/\/dicodusport.fr\/blog\/romain-bardet-prendra-sa-retraite-a-lissue-du-criterium-du-dauphine-2025\/\">C&rsquo;est sa formation, la Team DSM-Firmenich PostNL qui l&rsquo;a officialis\u00e9 au mois de juin<\/a>. On peut supposer que cette d\u00e9cision, sans doute m\u00fbrement r\u00e9fl\u00e9chie, permettra au grimpeur fran\u00e7ais de profiter de ses derniers coups de p\u00e9dale, probablement d\u00e9charg\u00e9 de la pression inh\u00e9rente au statut de leader d&rsquo;une formation World Tour. On peut \u00e9galement imaginer que l&rsquo;esprit plus l\u00e9ger, <strong>Romain Bardet<\/strong> l&rsquo;avait d\u00e9j\u00e0 au moment de lancer sa quatorzi\u00e8me saison au sein du peloton professionnel, au mois de f\u00e9vrier dernier.<\/p>\n<h2 style=\"text-align: justify;\">Un d\u00e9but de saison entre promesses et coup dur<\/h2>\n<p style=\"text-align: justify;\">Depuis sa victoire au <a href=\"https:\/\/dicodusport.fr\/blog\/tour-des-alpes-2022-classement-general\/\">classement g\u00e9n\u00e9ral du Tour des Alpes, en avril 2022<\/a>, le natif de Brioude courait en effet derri\u00e8re la victoire, cumulant les podiums (5) et un nombre incalculable de places d&rsquo;honneur. C&rsquo;est dans cette lign\u00e9e qu&rsquo;avait d\u00e9but\u00e9 sa saison, par une troisi\u00e8me place sur la <a href=\"https:\/\/dicodusport.fr\/blog\/classement-classic-var-2024\/\">Classic Var<\/a>. Un podium au go\u00fbt d&rsquo;inachev\u00e9, consacrant les difficult\u00e9s du Fran\u00e7ais \u00e0 concr\u00e9tiser, mais posant avec le recul les jalons d&rsquo;une saison qui restera pourtant \u00e0 graver dans sa carri\u00e8re.<\/p>\n<p style=\"text-align: justify;\">Apr\u00e8s avoir pos\u00e9 les fondations de sa saison 2024, <strong>Romain Bardet<\/strong> a connu quelques semaines plus compliqu\u00e9es, marqu\u00e9es en outre par une commotion c\u00e9r\u00e9brale subie sur les routes de <a href=\"https:\/\/dicodusport.fr\/blog\/tirreno-adriatico-2024-classement-general\/\">Tirreno-Adriatico<\/a> et l&rsquo;ayant contraint \u00e0 quitter la course, rappelant le spectre des Tours de France 2020 et 2023 arr\u00eat\u00e9s trop t\u00f4t pour les m\u00eames raisons. Un mois plus tard, remis de sa chute, on le voyait \u00e0 nouveau \u00e0 son aise sur les pentes du Tour des Alpes, en prenant la cinqui\u00e8me place du g\u00e9n\u00e9ral. L&rsquo;\u00e9preuve, habituellement connue comme une pr\u00e9paration alternative \u00e0 Li\u00e8ge-Bastogne-Li\u00e8ge pour les coureurs souhaitant faire l&rsquo;impasse sur l&rsquo;Amstel et la Fl\u00e8che Wallonne, a ainsi permis d&rsquo;y voir plus clair sur la condition du tricolore.<\/p>\n<h2 style=\"text-align: justify;\">Podium sur un Monument !<\/h2>\n<p style=\"text-align: justify;\">Une forme croissante mise \u00e0 profit sur le troisi\u00e8me monument de l&rsquo;ann\u00e9e, <a href=\"https:\/\/dicodusport.fr\/blog\/classement-liege-bastogne-liege-2024\/\">Li\u00e8ge-Bastogne-Li\u00e8ge<\/a>. Derri\u00e8re <strong>Tadej Pogacar<\/strong> intouchable, sorti \u00e0 35 km de l&rsquo;arriv\u00e9e, <strong>Romain Bardet<\/strong> figurait dans un groupe de poursuivants parmi lesquels <strong>Ben Healy, Beno\u00eet Cosnefroy<\/strong> et <strong>Romain Gr\u00e9goire<\/strong>. Faisant parler l&rsquo;exp\u00e9rience, il pla\u00e7ait une attaque d\u00e9cisive \u00e0 moins de 14 km du terme. Une deuxi\u00e8me place qui a presque valeur de victoire derri\u00e8re l&rsquo;ovni slov\u00e8ne. Des podiums, le Fran\u00e7ais en a connu bon nombre. Sur des monuments, non. Il s&rsquo;agissait l\u00e0 du premier, du m\u00eame acabit probablement que sa m\u00e9daille d&rsquo;argent aux Championnats du monde en 2018.<\/p>\n<div class=\"vlp-link-container vlp-layout-article\"><a href=\"https:\/\/dicodusport.fr\/blog\/liege-bastogne-liege-2024-le-nouveau-numero-de-tadej-pogacar\/\" class=\"vlp-link\" title=\"Li\u00e8ge-Bastogne-Li\u00e8ge 2024 : Le nouveau num\u00e9ro de Tadej Pogacar\"><\/a><div class=\"vlp-layout-zone-side\"><div class=\"vlp-block-4 vlp-link-image\"><img loading=\"lazy\" decoding=\"async\" style=\"max-width: 792px;\" width=\"792\" height=\"445\" src=\"https:\/\/dicodusport.fr\/blog\/wp-content\/uploads\/2024\/04\/Liege-Bastogne-Liege-2024-Le-nouveau-numero-de-Tadej-Pogacar-1.png\" class=\"attachment-800x445 size-800x445\" alt=\"Li\u00e8ge-Bastogne-Li\u00e8ge 2024 Le nouveau num\u00e9ro de Tadej Pogacar (1)\" srcset=\"https:\/\/dicodusport.fr\/blog\/wp-content\/uploads\/2024\/04\/Liege-Bastogne-Liege-2024-Le-nouveau-numero-de-Tadej-Pogacar-1.png 1200w, https:\/\/dicodusport.fr\/blog\/wp-content\/uploads\/2024\/04\/Liege-Bastogne-Liege-2024-Le-nouveau-numero-de-Tadej-Pogacar-1-300x169.png 300w, https:\/\/dicodusport.fr\/blog\/wp-content\/uploads\/2024\/04\/Liege-Bastogne-Liege-2024-Le-nouveau-numero-de-Tadej-Pogacar-1-1024x575.png 1024w, https:\/\/dicodusport.fr\/blog\/wp-content\/uploads\/2024\/04\/Liege-Bastogne-Liege-2024-Le-nouveau-numero-de-Tadej-Pogacar-1-768x431.png 768w\" sizes=\"auto, (max-width: 792px) 100vw, 792px\" \/><\/div><\/div><div class=\"vlp-layout-zone-main\"><div class=\"vlp-block-0 vlp-link-title\">Li\u00e8ge-Bastogne-Li\u00e8ge 2024 : Le nouveau num\u00e9ro de Tadej Pogacar<\/div><div class=\"vlp-block-1 vlp-link-summary\">LI\u00c8GE-BASTOGNE-LI\u00c8GE 2024 \u2013 Tadej Pogacar (UAE Team Emirates) s'est impos\u00e9 en solitaire sur la 110\u00e8me \u00e9dition Li\u00e8ge-Bastogne-Li\u00e8ge, dimanche.<\/div><div class=\"vlp-block-2 vlp-link-button\">Lire l'article<\/div><div class=\"vlp-block-3 vlp-link-url\">dicodusport.fr<\/div><\/div><\/div>\n<p>&nbsp;<\/p>\n<p style=\"text-align: justify;\">Dans la continuit\u00e9 de cette performance, l&rsquo;Auvergnat prenait le d\u00e9part du Tour d&rsquo;Italie avec un double objectif, celui de r\u00e9aliser un bon classement g\u00e9n\u00e9ral et celui de d\u00e9crocher une victoire d&rsquo;\u00e9tape qui lui permettrait de figurer dans le cercle ferm\u00e9 des coureurs ayant gagn\u00e9 une \u00e9tape dans les trois grands tours. Si le deuxi\u00e8me objectif n&rsquo;\u00e9tait pas atteint, bien qu&rsquo;il soit pass\u00e9 proche, deuxi\u00e8me de la dixi\u00e8me \u00e9tape derri\u00e8re <strong>Valentin Paret-Peintre<\/strong>, le Fran\u00e7ais achevait son Giro \u00e0 la neuvi\u00e8me place du g\u00e9n\u00e9ral \u00e0 des ann\u00e9es lumi\u00e8res de <strong>Pogacar<\/strong> (20 minutes) mais \u00e9galement tr\u00e8s loin du podium et du top 5 &#8211; pr\u00e8s de 10 et 7 minutes respectivement -. Un objectif atteint m\u00eame si les circonstances laissent \u00e0 croire que cette neuvi\u00e8me place ne correspondait pas totalement aux id\u00e9aux du Fran\u00e7ais.<\/p>\n<h2 style=\"text-align: justify;\">La cons\u00e9cration sur le Tour de France<\/h2>\n<p style=\"text-align: justify;\">En ce d\u00e9but d&rsquo;\u00e9t\u00e9, le bilan \u00e9tait ainsi le suivant. <strong>Romain Bardet<\/strong> venait de r\u00e9aliser un bon d\u00e9but de saison au moment o\u00f9 son \u00e9quipe venait d&rsquo;annoncer sa retraite prochaine. Mais il manquait encore un \u00e9l\u00e9ment pour combler le c\u0153ur de tous ses supporteurs. Une victoire. C&rsquo;\u00e9tait sans contestation l&rsquo;objectif prioritaire au d\u00e9part de Florence, pour son onzi\u00e8me Tour de France. L&rsquo;occasion \u00e9tait belle sur une \u00e9preuve qui malgr\u00e9 les deux abandons \u00e9voqu\u00e9s lui a souvent r\u00e9ussi (2e en 2016, 3e en 2017, 6 Top 10, 3 victoires d&rsquo;\u00e9tape, 1 maillot de meilleur grimpeur et 1 fois super-combatif).<\/p>\n<p style=\"text-align: justify;\">De l\u00e0 \u00e0 esp\u00e9rer s&rsquo;imposer d\u00e8s la premi\u00e8re \u00e9tape et endoss\u00e9 le maillot jaune sur le podium \u00e0 Rimini ? Il fallait \u00eatre fou ou presque pour oser se l&rsquo;imaginer. Et pourtant, coureur r\u00e9put\u00e9 offensif, <strong>Romain Bardet<\/strong> s&rsquo;est lanc\u00e9 \u00e0 la poursuite de son propre r\u00eave en attaquant seul \u00e0 50 km du terme. Le peloton pointait alors \u00e0 1:17 de la t\u00eate de course o\u00f9 se trouvait son co\u00e9quipier <strong>Frank van den Broek<\/strong>. Revenu \u00e0 hauteur de son jeune \u00e9quipier puis rapidement \u00e0 l&rsquo;avant de la course, il fallait l\u00e0 encore \u00eatre audacieux pour oser affirmer que les deux hommes r\u00e9sisteraient \u00e0 un peloton mort de faim.<\/p>\n<p style=\"text-align: justify;\">H\u00e9ro\u00efques, les deux hommes offraient alors un final parmi les plus haletants de l&rsquo;ann\u00e9e, r\u00e9sistant au retour d&rsquo;un peloton lanc\u00e9 \u00e0 folle allure. Costaud, sans doute plus que <strong>Bardet, Van den Broek<\/strong> aura du haut de ses 23 ans marqu\u00e9 les esprits et montr\u00e9 toute sa classe en se d\u00e9vouant corps et \u00e2me \u00e0 son leader, en le laissant lever les bras sur la ligne. Victoire d&rsquo;\u00e9tape et maillot jaune. \u00c0 32 ans, <a href=\"https:\/\/dicodusport.fr\/blog\/tour-de-france-2024-1ere-etape-et-maillot-jaune-la-consecration-pour-romain-bardet\/\"><strong>Romain Bardet<\/strong> r\u00e9alisait l\u00e0 le r\u00eave de tout coureur professionnel<\/a>, un r\u00eave qui tant de fois lui avait \u00e9chapp\u00e9 jusqu&rsquo;\u00e0 ce moment.<\/p>\n<p><span class=\"n5TAYLIzpfysHDPjMG9F6vOweEcNSU8CRW7mgutioa\"><iframe loading=\"lazy\" title=\"TOUR DE FRANCE 2024 - Romain Bardet remporte la 1\u00e8re \u00e9tape et endosse le maillot jaune\" width=\"740\" height=\"416\" src=\"https:\/\/www.youtube.com\/embed\/fi7h5H5IqkY?feature=oembed\" frameborder=\"0\" allow=\"accelerometer; autoplay; clipboard-write; encrypted-media; gyroscope; picture-in-picture; web-share\" referrerpolicy=\"strict-origin-when-cross-origin\" allowfullscreen><\/iframe><\/span><\/p>\n<h2 style=\"text-align: justify;\">Qu&rsquo;attendre de ses derni\u00e8res courses ?<\/h2>\n<p style=\"text-align: justify;\">S&rsquo;il le laissait \u00e9chapper d\u00e8s le lendemain et terminait le Tour \u00e0 une anecdotique trenti\u00e8me place, l&rsquo;essentiel \u00e9tait ailleurs. Depuis, malgr\u00e9 une onzi\u00e8me place \u00e0 Montr\u00e9al et une dixi\u00e8me aux Mondiaux, on ne l&rsquo;a plus vu jouer les premiers r\u00f4les. Forfait au Tour de Lombardie, malade, <strong>Bardet<\/strong> achevait ainsi une saison pleine : avec 74 jours de course, il r\u00e9alise une ann\u00e9e dans sa moyenne haute, son record \u00e9tant de 77 jours en 2013.<\/p>\n<p style=\"text-align: justify;\">Que peut-on ainsi esp\u00e9rer en 2025 ? S&rsquo;acharner \u00e0 jouer les classements g\u00e9n\u00e9raux ? Sans doute pas. Rouler lib\u00e9r\u00e9, de mani\u00e8re offensive et viser un dernier bouquet ? Probablement. Rendre la pareille \u00e0 son \u00e9quipe en se mettant au service de ses co\u00e9quipiers ? C&rsquo;est une possibilit\u00e9. Disputer un dernier grand tour avec le Giro ? C&rsquo;est envisageable. S&rsquo;aligner au d\u00e9part d&rsquo;un dernier monument, Li\u00e8ge-Bastogne-Li\u00e8ge en toute logique ? Assur\u00e9ment. Disputer une tourn\u00e9e d&rsquo;adieu sur les courses fran\u00e7aises, Paris-Nice et le Crit\u00e9rium du Dauphin\u00e9 en t\u00eate de liste ? Cela semble une \u00e9vidence. Quoi qu&rsquo;il en soit il faudra profiter de voir <strong>Romain Bardet<\/strong> maillot sur le dos en comp\u00e9tition, car une chose et s\u00fbre, au soir du 15 juin prochain, il ne restera que des souvenirs&#8230; avant une reconversion dans le gravel !<\/p>\n<blockquote class=\"twitter-tweet\">\n<p dir=\"ltr\" lang=\"fr\">C&rsquo;est l&rsquo;image dont je n&rsquo;osais m\u00eame plus r\u00eaver. Romain Bardet, qui a couru presque toute sa carri\u00e8re derri\u00e8re le maillot jaune, le d\u00e9croche sur son dernier Tour de France, quand il en avait finalement fait le deuil. <a href=\"https:\/\/t.co\/HKWaRkU4pu\">pic.twitter.com\/HKWaRkU4pu<\/a><\/p>\n<p>\u2014 Robin Wattraint (@WattRobin) <a href=\"https:\/\/twitter.com\/WattRobin\/status\/1807090570508030238?ref_src=twsrc%5Etfw\">June 29, 2024<\/a><\/p><\/blockquote>\n<p><script async src=\"https:\/\/platform.twitter.com\/widgets.js\" charset=\"utf-8\"><\/script><\/p>\n","protected":false},"excerpt":{"rendered":"<p>Romain Bardet, une saison 2024 aboutie avant ses derniers coups de p\u00e9dale<\/p>\n","protected":false},"author":91,"featured_media":528898,"comment_status":"open","ping_status":"closed","sticky":false,"template":"","format":"standard","meta":{"_acf_changed":false,"_daextam_enable_autolinks":"1","footnotes":""},"categories":[46994],"tags":[16878,574,3646,24],"class_list":["post-528051","post","type-post","status-publish","format-standard","has-post-thumbnail","hentry","category-cyclisme-sur-route","tag-breve","tag-cyclisme","tag-romain-bardet","tag-sport"],"acf":[],"yoast_head":"<!-- This site is optimized with the Yoast SEO Premium plugin v26.7 (Yoast SEO v26.7) - https:\/\/yoast.com\/wordpress\/plugins\/seo\/ -->\n<title>Romain Bardet, une saison 2024 aboutie avant ses derniers coups de p\u00e9dale<\/title>\n<meta name=\"description\" content=\"CYCLISME SUR ROUTE - \u00c0 l&#039;heure des bilans, retour sur la saison de Romain Bardet qui a prendra sa retraite en 2025.\" \/>\n<meta name=\"robots\" content=\"index, follow, max-snippet:-1, max-image-preview:large, max-video-preview:-1\" \/>\n<link rel=\"canonical\" href=\"https:\/\/dicodusport.fr\/blog\/romain-bardet-une-saison-2024-aboutie-avant-ses-derniers-coups-de-pedale\/\" \/>\n<meta property=\"og:locale\" content=\"fr_FR\" \/>\n<meta property=\"og:type\" content=\"article\" \/>\n<meta property=\"og:title\" content=\"Romain Bardet, une saison 2024 aboutie avant ses derniers coups de p\u00e9dale\" \/>\n<meta property=\"og:description\" content=\"CYCLISME SUR ROUTE - \u00c0 l&#039;heure des bilans, retour sur la saison de Romain Bardet qui a prendra sa retraite en 2025.\" \/>\n<meta property=\"og:url\" content=\"https:\/\/dicodusport.fr\/blog\/romain-bardet-une-saison-2024-aboutie-avant-ses-derniers-coups-de-pedale\/\" \/>\n<meta property=\"og:site_name\" content=\"Dicodusport\" \/>\n<meta property=\"article:publisher\" content=\"https:\/\/www.facebook.com\/dicodusport\" \/>\n<meta property=\"article:published_time\" content=\"2024-10-25T10:00:22+00:00\" \/>\n<meta property=\"og:image\" content=\"https:\/\/dicodusport.fr\/blog\/wp-content\/uploads\/2024\/10\/Romain-Bardet-une-saison-2024-aboutie-avant-ses-derniers-coups-de-pedale.png\" \/>\n\t<meta property=\"og:image:width\" content=\"1200\" \/>\n\t<meta property=\"og:image:height\" content=\"674\" \/>\n\t<meta property=\"og:image:type\" content=\"image\/png\" \/>\n<meta name=\"author\" content=\"Victor Clot-Amiot\" \/>\n<meta name=\"twitter:card\" content=\"summary_large_image\" \/>\n<meta name=\"twitter:title\" content=\"Romain Bardet, une saison 2024 aboutie avant ses derniers coups de p\u00e9dale\" \/>\n<meta name=\"twitter:creator\" content=\"@https:\/\/x.com\/VictorClotAmiot\" \/>\n<meta name=\"twitter:site\" content=\"@dicodusport\" \/>\n<script type=\"application\/ld+json\" class=\"yoast-schema-graph\">{\"@context\":\"https:\/\/schema.org\",\"@graph\":[{\"@type\":\"NewsArticle\",\"@id\":\"https:\/\/dicodusport.fr\/blog\/romain-bardet-une-saison-2024-aboutie-avant-ses-derniers-coups-de-pedale\/#article\",\"isPartOf\":{\"@id\":\"https:\/\/dicodusport.fr\/blog\/romain-bardet-une-saison-2024-aboutie-avant-ses-derniers-coups-de-pedale\/\"},\"author\":{\"name\":\"Victor Clot-Amiot\",\"@id\":\"https:\/\/dicodusport.fr\/blog\/#\/schema\/person\/b623199cba9ba90fe84a3d16e9282360\"},\"headline\":\"Romain Bardet, une saison 2024 aboutie avant ses derniers coups de p\u00e9dale\",\"datePublished\":\"2024-10-25T10:00:22+00:00\",\"mainEntityOfPage\":{\"@id\":\"https:\/\/dicodusport.fr\/blog\/romain-bardet-une-saison-2024-aboutie-avant-ses-derniers-coups-de-pedale\/\"},\"wordCount\":1377,\"commentCount\":0,\"publisher\":{\"@id\":\"https:\/\/dicodusport.fr\/blog\/#organization\"},\"image\":{\"@id\":\"https:\/\/dicodusport.fr\/blog\/romain-bardet-une-saison-2024-aboutie-avant-ses-derniers-coups-de-pedale\/#primaryimage\"},\"thumbnailUrl\":\"https:\/\/dicodusport.fr\/blog\/wp-content\/uploads\/2024\/10\/Romain-Bardet-une-saison-2024-aboutie-avant-ses-derniers-coups-de-pedale.png\",\"keywords\":[\"br\u00e8ve\",\"Cyclisme\",\"Romain Bardet\",\"sport\"],\"articleSection\":[\"Cyclisme sur route\"],\"inLanguage\":\"fr-FR\",\"potentialAction\":[{\"@type\":\"CommentAction\",\"name\":\"Comment\",\"target\":[\"https:\/\/dicodusport.fr\/blog\/romain-bardet-une-saison-2024-aboutie-avant-ses-derniers-coups-de-pedale\/#respond\"]}],\"copyrightYear\":\"2024\",\"copyrightHolder\":{\"@id\":\"https:\/\/dicodusport.fr\/blog\/#organization\"}},{\"@type\":\"WebPage\",\"@id\":\"https:\/\/dicodusport.fr\/blog\/romain-bardet-une-saison-2024-aboutie-avant-ses-derniers-coups-de-pedale\/\",\"url\":\"https:\/\/dicodusport.fr\/blog\/romain-bardet-une-saison-2024-aboutie-avant-ses-derniers-coups-de-pedale\/\",\"name\":\"Romain Bardet, une saison 2024 aboutie avant ses derniers coups de p\u00e9dale\",\"isPartOf\":{\"@id\":\"https:\/\/dicodusport.fr\/blog\/#website\"},\"primaryImageOfPage\":{\"@id\":\"https:\/\/dicodusport.fr\/blog\/romain-bardet-une-saison-2024-aboutie-avant-ses-derniers-coups-de-pedale\/#primaryimage\"},\"image\":{\"@id\":\"https:\/\/dicodusport.fr\/blog\/romain-bardet-une-saison-2024-aboutie-avant-ses-derniers-coups-de-pedale\/#primaryimage\"},\"thumbnailUrl\":\"https:\/\/dicodusport.fr\/blog\/wp-content\/uploads\/2024\/10\/Romain-Bardet-une-saison-2024-aboutie-avant-ses-derniers-coups-de-pedale.png\",\"datePublished\":\"2024-10-25T10:00:22+00:00\",\"description\":\"CYCLISME SUR ROUTE - \u00c0 l'heure des bilans, retour sur la saison de Romain Bardet qui a prendra sa retraite en 2025.\",\"breadcrumb\":{\"@id\":\"https:\/\/dicodusport.fr\/blog\/romain-bardet-une-saison-2024-aboutie-avant-ses-derniers-coups-de-pedale\/#breadcrumb\"},\"inLanguage\":\"fr-FR\",\"potentialAction\":[{\"@type\":\"ReadAction\",\"target\":[\"https:\/\/dicodusport.fr\/blog\/romain-bardet-une-saison-2024-aboutie-avant-ses-derniers-coups-de-pedale\/\"]}]},{\"@type\":\"ImageObject\",\"inLanguage\":\"fr-FR\",\"@id\":\"https:\/\/dicodusport.fr\/blog\/romain-bardet-une-saison-2024-aboutie-avant-ses-derniers-coups-de-pedale\/#primaryimage\",\"url\":\"https:\/\/dicodusport.fr\/blog\/wp-content\/uploads\/2024\/10\/Romain-Bardet-une-saison-2024-aboutie-avant-ses-derniers-coups-de-pedale.png\",\"contentUrl\":\"https:\/\/dicodusport.fr\/blog\/wp-content\/uploads\/2024\/10\/Romain-Bardet-une-saison-2024-aboutie-avant-ses-derniers-coups-de-pedale.png\",\"width\":1200,\"height\":674,\"caption\":\"Romain Bardet, une saison 2024 aboutie avant ses derniers coups de p\u00e9dale\"},{\"@type\":\"BreadcrumbList\",\"@id\":\"https:\/\/dicodusport.fr\/blog\/romain-bardet-une-saison-2024-aboutie-avant-ses-derniers-coups-de-pedale\/#breadcrumb\",\"itemListElement\":[{\"@type\":\"ListItem\",\"position\":1,\"name\":\"Accueil\",\"item\":\"https:\/\/dicodusport.fr\/blog\/\"},{\"@type\":\"ListItem\",\"position\":2,\"name\":\"Romain Bardet, une saison 2024 aboutie avant ses derniers coups de p\u00e9dale\"}]},{\"@type\":\"WebSite\",\"@id\":\"https:\/\/dicodusport.fr\/blog\/#website\",\"url\":\"https:\/\/dicodusport.fr\/blog\/\",\"name\":\"Dicodusport\",\"description\":\"L&#039;encyclop\u00e9die de l&#039;actualit\u00e9 sportive\",\"publisher\":{\"@id\":\"https:\/\/dicodusport.fr\/blog\/#organization\"},\"potentialAction\":[{\"@type\":\"SearchAction\",\"target\":{\"@type\":\"EntryPoint\",\"urlTemplate\":\"https:\/\/dicodusport.fr\/blog\/?s={search_term_string}\"},\"query-input\":{\"@type\":\"PropertyValueSpecification\",\"valueRequired\":true,\"valueName\":\"search_term_string\"}}],\"inLanguage\":\"fr-FR\"},{\"@type\":\"NewsMediaOrganization\",\"@id\":\"https:\/\/dicodusport.fr\/blog\/#organization\",\"name\":\"Dicodusport\",\"url\":\"https:\/\/dicodusport.fr\/blog\/\",\"logo\":{\"@type\":\"ImageObject\",\"inLanguage\":\"fr-FR\",\"@id\":\"https:\/\/dicodusport.fr\/blog\/#\/schema\/logo\/image\/\",\"url\":\"https:\/\/dicodusport.fr\/blog\/wp-content\/uploads\/2020\/06\/cropped-LOGO-DICODUSPORT-2020-SANS-FOND-SANS-TEXTE.png\",\"contentUrl\":\"https:\/\/dicodusport.fr\/blog\/wp-content\/uploads\/2020\/06\/cropped-LOGO-DICODUSPORT-2020-SANS-FOND-SANS-TEXTE.png\",\"width\":512,\"height\":512,\"caption\":\"Dicodusport\"},\"image\":{\"@id\":\"https:\/\/dicodusport.fr\/blog\/#\/schema\/logo\/image\/\"},\"sameAs\":[\"https:\/\/www.facebook.com\/dicodusport\",\"https:\/\/x.com\/dicodusport\",\"https:\/\/www.instagram.com\/dicodusport\/\",\"https:\/\/www.youtube.com\/channel\/UC7V2KZ5sd3htJivAbA4ZG3w\"],\"description\":\"Dicodusport est l'encyclop\u00e9die de l'actualit\u00e9 sportive.\",\"email\":\"bonjour@dicodusport.fr\",\"legalName\":\"DICODUSPORT\",\"foundingDate\":\"2018-01-14\",\"vatID\":\"FR71834470973\",\"taxID\":\"83447097300043\",\"numberOfEmployees\":{\"@type\":\"QuantitativeValue\",\"minValue\":\"1\",\"maxValue\":\"10\"}},{\"@type\":\"Person\",\"@id\":\"https:\/\/dicodusport.fr\/blog\/#\/schema\/person\/b623199cba9ba90fe84a3d16e9282360\",\"name\":\"Victor Clot-Amiot\",\"image\":{\"@type\":\"ImageObject\",\"inLanguage\":\"fr-FR\",\"@id\":\"https:\/\/dicodusport.fr\/blog\/#\/schema\/person\/image\/\",\"url\":\"https:\/\/dicodusport.fr\/blog\/wp-content\/uploads\/2023\/09\/IMG_20190826_114722-150x150.jpg\",\"contentUrl\":\"https:\/\/dicodusport.fr\/blog\/wp-content\/uploads\/2023\/09\/IMG_20190826_114722-150x150.jpg\",\"caption\":\"Victor Clot-Amiot\"},\"description\":\"Passionn\u00e9 de sport depuis toujours, un jour \u00e0 l'adolescence mes parents m'ont dit : \\\"quitte \u00e0 passer ton temps \u00e0 regarder du sport, au moins va le voir en vrai\\\" ! Depuis, cette remarque ne m'a plus quitt\u00e9 et je passe une grande partie de mon temps libre \u00e0 assister \u00e0 des comp\u00e9titions de tous sports. Je m\u00eale d'ailleurs mes deux passions, le sport et les voyages afin de faire une pierre deux coups ! Outre l'US Open ou l'Euro 2021 par exemple, j'ai assist\u00e9 cet \u00e9t\u00e9 aux Mondiaux d'athl\u00e9tisme \u00e0 Budapest. Mon plus gros coup dur est et restera les JO 2020-2021 pour lesquels j'avais r\u00e9serv\u00e9 17 \u00e9preuves. La suite, vous la connaissez...\",\"sameAs\":[\"https:\/\/x.com\/https:\/\/x.com\/VictorClotAmiot\"],\"url\":\"https:\/\/dicodusport.fr\/blog\/author\/victor-clot-amiot\/\"}]}<\/script>\n<!-- \/ Yoast SEO Premium plugin. -->","yoast_head_json":{"title":"Romain Bardet, une saison 2024 aboutie avant ses derniers coups de p\u00e9dale","description":"CYCLISME SUR ROUTE - \u00c0 l'heure des bilans, retour sur la saison de Romain Bardet qui a prendra sa retraite en 2025.","robots":{"index":"index","follow":"follow","max-snippet":"max-snippet:-1","max-image-preview":"max-image-preview:large","max-video-preview":"max-video-preview:-1"},"canonical":"https:\/\/dicodusport.fr\/blog\/romain-bardet-une-saison-2024-aboutie-avant-ses-derniers-coups-de-pedale\/","og_locale":"fr_FR","og_type":"article","og_title":"Romain Bardet, une saison 2024 aboutie avant ses derniers coups de p\u00e9dale","og_description":"CYCLISME SUR ROUTE - \u00c0 l'heure des bilans, retour sur la saison de Romain Bardet qui a prendra sa retraite en 2025.","og_url":"https:\/\/dicodusport.fr\/blog\/romain-bardet-une-saison-2024-aboutie-avant-ses-derniers-coups-de-pedale\/","og_site_name":"Dicodusport","article_publisher":"https:\/\/www.facebook.com\/dicodusport","article_published_time":"2024-10-25T10:00:22+00:00","og_image":[{"width":1200,"height":674,"url":"https:\/\/dicodusport.fr\/blog\/wp-content\/uploads\/2024\/10\/Romain-Bardet-une-saison-2024-aboutie-avant-ses-derniers-coups-de-pedale.png","type":"image\/png"}],"author":"Victor Clot-Amiot","twitter_card":"summary_large_image","twitter_title":"Romain Bardet, une saison 2024 aboutie avant ses derniers coups de p\u00e9dale","twitter_creator":"@https:\/\/x.com\/VictorClotAmiot","twitter_site":"@dicodusport","schema":{"@context":"https:\/\/schema.org","@graph":[{"@type":"NewsArticle","@id":"https:\/\/dicodusport.fr\/blog\/romain-bardet-une-saison-2024-aboutie-avant-ses-derniers-coups-de-pedale\/#article","isPartOf":{"@id":"https:\/\/dicodusport.fr\/blog\/romain-bardet-une-saison-2024-aboutie-avant-ses-derniers-coups-de-pedale\/"},"author":{"name":"Victor Clot-Amiot","@id":"https:\/\/dicodusport.fr\/blog\/#\/schema\/person\/b623199cba9ba90fe84a3d16e9282360"},"headline":"Romain Bardet, une saison 2024 aboutie avant ses derniers coups de p\u00e9dale","datePublished":"2024-10-25T10:00:22+00:00","mainEntityOfPage":{"@id":"https:\/\/dicodusport.fr\/blog\/romain-bardet-une-saison-2024-aboutie-avant-ses-derniers-coups-de-pedale\/"},"wordCount":1377,"commentCount":0,"publisher":{"@id":"https:\/\/dicodusport.fr\/blog\/#organization"},"image":{"@id":"https:\/\/dicodusport.fr\/blog\/romain-bardet-une-saison-2024-aboutie-avant-ses-derniers-coups-de-pedale\/#primaryimage"},"thumbnailUrl":"https:\/\/dicodusport.fr\/blog\/wp-content\/uploads\/2024\/10\/Romain-Bardet-une-saison-2024-aboutie-avant-ses-derniers-coups-de-pedale.png","keywords":["br\u00e8ve","Cyclisme","Romain Bardet","sport"],"articleSection":["Cyclisme sur route"],"inLanguage":"fr-FR","potentialAction":[{"@type":"CommentAction","name":"Comment","target":["https:\/\/dicodusport.fr\/blog\/romain-bardet-une-saison-2024-aboutie-avant-ses-derniers-coups-de-pedale\/#respond"]}],"copyrightYear":"2024","copyrightHolder":{"@id":"https:\/\/dicodusport.fr\/blog\/#organization"}},{"@type":"WebPage","@id":"https:\/\/dicodusport.fr\/blog\/romain-bardet-une-saison-2024-aboutie-avant-ses-derniers-coups-de-pedale\/","url":"https:\/\/dicodusport.fr\/blog\/romain-bardet-une-saison-2024-aboutie-avant-ses-derniers-coups-de-pedale\/","name":"Romain Bardet, une saison 2024 aboutie avant ses derniers coups de p\u00e9dale","isPartOf":{"@id":"https:\/\/dicodusport.fr\/blog\/#website"},"primaryImageOfPage":{"@id":"https:\/\/dicodusport.fr\/blog\/romain-bardet-une-saison-2024-aboutie-avant-ses-derniers-coups-de-pedale\/#primaryimage"},"image":{"@id":"https:\/\/dicodusport.fr\/blog\/romain-bardet-une-saison-2024-aboutie-avant-ses-derniers-coups-de-pedale\/#primaryimage"},"thumbnailUrl":"https:\/\/dicodusport.fr\/blog\/wp-content\/uploads\/2024\/10\/Romain-Bardet-une-saison-2024-aboutie-avant-ses-derniers-coups-de-pedale.png","datePublished":"2024-10-25T10:00:22+00:00","description":"CYCLISME SUR ROUTE - \u00c0 l'heure des bilans, retour sur la saison de Romain Bardet qui a prendra sa retraite en 2025.","breadcrumb":{"@id":"https:\/\/dicodusport.fr\/blog\/romain-bardet-une-saison-2024-aboutie-avant-ses-derniers-coups-de-pedale\/#breadcrumb"},"inLanguage":"fr-FR","potentialAction":[{"@type":"ReadAction","target":["https:\/\/dicodusport.fr\/blog\/romain-bardet-une-saison-2024-aboutie-avant-ses-derniers-coups-de-pedale\/"]}]},{"@type":"ImageObject","inLanguage":"fr-FR","@id":"https:\/\/dicodusport.fr\/blog\/romain-bardet-une-saison-2024-aboutie-avant-ses-derniers-coups-de-pedale\/#primaryimage","url":"https:\/\/dicodusport.fr\/blog\/wp-content\/uploads\/2024\/10\/Romain-Bardet-une-saison-2024-aboutie-avant-ses-derniers-coups-de-pedale.png","contentUrl":"https:\/\/dicodusport.fr\/blog\/wp-content\/uploads\/2024\/10\/Romain-Bardet-une-saison-2024-aboutie-avant-ses-derniers-coups-de-pedale.png","width":1200,"height":674,"caption":"Romain Bardet, une saison 2024 aboutie avant ses derniers coups de p\u00e9dale"},{"@type":"BreadcrumbList","@id":"https:\/\/dicodusport.fr\/blog\/romain-bardet-une-saison-2024-aboutie-avant-ses-derniers-coups-de-pedale\/#breadcrumb","itemListElement":[{"@type":"ListItem","position":1,"name":"Accueil","item":"https:\/\/dicodusport.fr\/blog\/"},{"@type":"ListItem","position":2,"name":"Romain Bardet, une saison 2024 aboutie avant ses derniers coups de p\u00e9dale"}]},{"@type":"WebSite","@id":"https:\/\/dicodusport.fr\/blog\/#website","url":"https:\/\/dicodusport.fr\/blog\/","name":"Dicodusport","description":"L&#039;encyclop\u00e9die de l&#039;actualit\u00e9 sportive","publisher":{"@id":"https:\/\/dicodusport.fr\/blog\/#organization"},"potentialAction":[{"@type":"SearchAction","target":{"@type":"EntryPoint","urlTemplate":"https:\/\/dicodusport.fr\/blog\/?s={search_term_string}"},"query-input":{"@type":"PropertyValueSpecification","valueRequired":true,"valueName":"search_term_string"}}],"inLanguage":"fr-FR"},{"@type":"NewsMediaOrganization","@id":"https:\/\/dicodusport.fr\/blog\/#organization","name":"Dicodusport","url":"https:\/\/dicodusport.fr\/blog\/","logo":{"@type":"ImageObject","inLanguage":"fr-FR","@id":"https:\/\/dicodusport.fr\/blog\/#\/schema\/logo\/image\/","url":"https:\/\/dicodusport.fr\/blog\/wp-content\/uploads\/2020\/06\/cropped-LOGO-DICODUSPORT-2020-SANS-FOND-SANS-TEXTE.png","contentUrl":"https:\/\/dicodusport.fr\/blog\/wp-content\/uploads\/2020\/06\/cropped-LOGO-DICODUSPORT-2020-SANS-FOND-SANS-TEXTE.png","width":512,"height":512,"caption":"Dicodusport"},"image":{"@id":"https:\/\/dicodusport.fr\/blog\/#\/schema\/logo\/image\/"},"sameAs":["https:\/\/www.facebook.com\/dicodusport","https:\/\/x.com\/dicodusport","https:\/\/www.instagram.com\/dicodusport\/","https:\/\/www.youtube.com\/channel\/UC7V2KZ5sd3htJivAbA4ZG3w"],"description":"Dicodusport est l'encyclop\u00e9die de l'actualit\u00e9 sportive.","email":"bonjour@dicodusport.fr","legalName":"DICODUSPORT","foundingDate":"2018-01-14","vatID":"FR71834470973","taxID":"83447097300043","numberOfEmployees":{"@type":"QuantitativeValue","minValue":"1","maxValue":"10"}},{"@type":"Person","@id":"https:\/\/dicodusport.fr\/blog\/#\/schema\/person\/b623199cba9ba90fe84a3d16e9282360","name":"Victor Clot-Amiot","image":{"@type":"ImageObject","inLanguage":"fr-FR","@id":"https:\/\/dicodusport.fr\/blog\/#\/schema\/person\/image\/","url":"https:\/\/dicodusport.fr\/blog\/wp-content\/uploads\/2023\/09\/IMG_20190826_114722-150x150.jpg","contentUrl":"https:\/\/dicodusport.fr\/blog\/wp-content\/uploads\/2023\/09\/IMG_20190826_114722-150x150.jpg","caption":"Victor Clot-Amiot"},"description":"Passionn\u00e9 de sport depuis toujours, un jour \u00e0 l'adolescence mes parents m'ont dit : \"quitte \u00e0 passer ton temps \u00e0 regarder du sport, au moins va le voir en vrai\" ! Depuis, cette remarque ne m'a plus quitt\u00e9 et je passe une grande partie de mon temps libre \u00e0 assister \u00e0 des comp\u00e9titions de tous sports. Je m\u00eale d'ailleurs mes deux passions, le sport et les voyages afin de faire une pierre deux coups ! Outre l'US Open ou l'Euro 2021 par exemple, j'ai assist\u00e9 cet \u00e9t\u00e9 aux Mondiaux d'athl\u00e9tisme \u00e0 Budapest. Mon plus gros coup dur est et restera les JO 2020-2021 pour lesquels j'avais r\u00e9serv\u00e9 17 \u00e9preuves. La suite, vous la connaissez...","sameAs":["https:\/\/x.com\/https:\/\/x.com\/VictorClotAmiot"],"url":"https:\/\/dicodusport.fr\/blog\/author\/victor-clot-amiot\/"}]}},"_links":{"self":[{"href":"https:\/\/dicodusport.fr\/blog\/wp-json\/wp\/v2\/posts\/528051","targetHints":{"allow":["GET"]}}],"collection":[{"href":"https:\/\/dicodusport.fr\/blog\/wp-json\/wp\/v2\/posts"}],"about":[{"href":"https:\/\/dicodusport.fr\/blog\/wp-json\/wp\/v2\/types\/post"}],"author":[{"embeddable":true,"href":"https:\/\/dicodusport.fr\/blog\/wp-json\/wp\/v2\/users\/91"}],"replies":[{"embeddable":true,"href":"https:\/\/dicodusport.fr\/blog\/wp-json\/wp\/v2\/comments?post=528051"}],"version-history":[{"count":5,"href":"https:\/\/dicodusport.fr\/blog\/wp-json\/wp\/v2\/posts\/528051\/revisions"}],"predecessor-version":[{"id":528900,"href":"https:\/\/dicodusport.fr\/blog\/wp-json\/wp\/v2\/posts\/528051\/revisions\/528900"}],"wp:featuredmedia":[{"embeddable":true,"href":"https:\/\/dicodusport.fr\/blog\/wp-json\/wp\/v2\/media\/528898"}],"wp:attachment":[{"href":"https:\/\/dicodusport.fr\/blog\/wp-json\/wp\/v2\/media?parent=528051"}],"wp:term":[{"taxonomy":"category","embeddable":true,"href":"https:\/\/dicodusport.fr\/blog\/wp-json\/wp\/v2\/categories?post=528051"},{"taxonomy":"post_tag","embeddable":true,"href":"https:\/\/dicodusport.fr\/blog\/wp-json\/wp\/v2\/tags?post=528051"}],"curies":[{"name":"wp","href":"https:\/\/api.w.org\/{rel}","templated":true}]}}