{"id":528258,"date":"2024-10-21T12:39:50","date_gmt":"2024-10-21T10:39:50","guid":{"rendered":"https:\/\/dicodusport.fr\/blog\/?p=528258&#038;preview=true&#038;preview_id=528258"},"modified":"2024-10-21T14:26:59","modified_gmt":"2024-10-21T12:26:59","slug":"solden-ski-alpin-la-selection-francaise-pour-le-geant-douverture","status":"publish","type":"post","link":"https:\/\/dicodusport.fr\/blog\/solden-ski-alpin-la-selection-francaise-pour-le-geant-douverture\/","title":{"rendered":"S\u00f6lden Ski alpin : La s\u00e9lection fran\u00e7aise pour le g\u00e9ant d&rsquo;ouverture"},"content":{"rendered":"<h4 style=\"text-align: justify;\"><em><a href=\"https:\/\/dicodusport.fr\/blog\/actualites\/sports-dhiver\/ski\/coupe-du-monde-ski-alpin-2024-2025\/\">COUPE DU MONDE SKI ALPIN 2024-2025<\/a> &#8211; La F\u00e9d\u00e9ration a annonc\u00e9 la liste des repr\u00e9sentants tricolores pour le g\u00e9ant d&rsquo;ouverture \u00e0 S\u00f6lden (Autriche) ce week-end.<\/em><\/h4>\n<ul>\n<li style=\"text-align: justify;\"><strong>\u00c0 voir \u00e9galement :\u00a0<a href=\"https:\/\/dicodusport.fr\/blog\/actualites\/sports-dhiver\/ski\/\">Toute l\u2019actualit\u00e9 du ski alpin<\/a><\/strong><\/li>\n<\/ul>\n<h2 style=\"text-align: justify;\">Sarrazin au rendez-vous, Faivre de retour<\/h2>\n<p style=\"text-align: justify;\">Ils seront dix \u00e0 enfiler un dossard ce week-end pour le lancement de la saison de ski alpin 2024-2025 ! Trois femmes et sept hommes. Si un homme manque \u00e0 l&rsquo;appel en la personne d&rsquo;<strong>Alexis Pinturault<\/strong>, pas encore assez pr\u00eat apr\u00e8s sa grave blessure subie en janvier, mais bien pr\u00e9sent sur le glacier pour s&rsquo;entra\u00eener, les autres seront tous l\u00e0. \u00c0 commencer par <strong>Thibaut Favrot<\/strong> et <strong>L\u00e9o Anguenot<\/strong> qui figurent tous deux dans le top 30 \u00e0 la WCSL et par <strong>Cyprien Sarrazin<\/strong>, qui sera au d\u00e9part gr\u00e2ce \u00e0 ses 500 points WCSL qu&rsquo;il a glan\u00e9s dans les autres disciplines.<\/p>\n<p style=\"text-align: justify;\">C\u00f4t\u00e9 messieurs, on retrouvera \u00e9galement <strong>Victor Muffat-Jeandet<\/strong> qui a sembl\u00e9 retrouver des couleurs en toute fin de saison et qui a montr\u00e9 de belles choses sur les slaloms de pr\u00e9-saison en Argentine. <strong>Mathieu Faivre<\/strong> fera quant \u00e0 lui son retour apr\u00e8s avoir \u00e9t\u00e9 \u00e9cart\u00e9 par une blessure toute la fin de saison. Pour les deux hommes, l&rsquo;objectif sera d&rsquo;accrocher le top 30 pour regagner rapidement de meilleurs dossards. Enfin, <strong>Diego Orecchioni<\/strong> et <strong>Flavio Vitale<\/strong> tenteront d&rsquo;accrocher une qualification en seconde manche pour ce qui sera respectivement leur huiti\u00e8me et troisi\u00e8me d\u00e9part en Coupe du monde.<\/p>\n<h2>Trois femmes pour ouvrir le bal<\/h2>\n<p style=\"text-align: justify;\">Chez les femmes, le groupe sera plus restreint puisque seules <strong>Clara Direz, Caitlin McFarlane<\/strong> et <strong>June Brand<\/strong> seront au d\u00e9part. La pr\u00e9sence de la premi\u00e8re est incontournable. Entr\u00e9e \u00e0 trois reprises dans le Top 10 l&rsquo;an dernier, elle a pris les r\u00eanes depuis le d\u00e9part \u00e0 la retraite de <strong>Tessa Worley. Caitlin McFarlane<\/strong>, <a href=\"https:\/\/dicodusport.fr\/blog\/caitlin-mcfarlane-je-suis-capable-de-faire-des-sacrees-manches\/\">qui n&rsquo;\u00e9tait pas certaine d&rsquo;avoir un dossard assur\u00e9<\/a>, lancera quant \u00e0 elle sa deuxi\u00e8me saison de Coupe du monde avec l&rsquo;ambition de \u00ab<em> devenir indiscutable<\/em> \u00bb comme elle nous le disait la semaine derni\u00e8re. Enfin, la surprise r\u00e9side dans la pr\u00e9sence de <strong>June Brand<\/strong> qui \u00e0 19 ans seulement va faire ses premiers pas au plus haut niveau. La native de Neuch\u00e2tel en Suisse se voit ainsi r\u00e9compens\u00e9e notamment de son magnifique podium en Coupe d&rsquo;Europe en toute fin de saison derni\u00e8re.<\/p>\n<h2 style=\"text-align: justify;\">O\u00f9 et quand suivre les g\u00e9ants de S\u00f6lden ?<\/h2>\n<p style=\"text-align: justify;\">La course masculine et la course f\u00e9minine seront \u00e0 suivre ce week-end sur les antennes d&rsquo;<em>Eurosport<\/em> ou sur la plateforme <em>Max<\/em>, \u00e0 l&rsquo;image de toutes les courses de la saison de ski alpin 2024-2025.<\/p>\n<h3 style=\"text-align: justify;\">Samedi 26 octobre :<\/h3>\n<ul style=\"text-align: justify;\">\n<li>10h00 : 1re manche du slalom g\u00e9ant femmes<\/li>\n<li>13h00 : 2e manche du slalom g\u00e9ant hommes<\/li>\n<\/ul>\n<h3 style=\"text-align: justify;\">Dimanche 27 octobre :<\/h3>\n<ul>\n<li style=\"text-align: justify;\">10h00 : 1re manche du slalom g\u00e9ant femmes<\/li>\n<li style=\"text-align: justify;\">13h00 : 2e manche du slalom g\u00e9ant hommes<\/li>\n<\/ul>\n<blockquote class=\"twitter-tweet\">\n<p dir=\"ltr\" lang=\"fr\">\ud835\udc12\ud835\udc28\u0308\ud835\udc25\ud835\udc1d\ud835\udc1e\ud835\udc27 \ud83d\udd1c\ud83c\udde6\ud83c\uddf9<\/p>\n<p>C&rsquo;est reparti \ud83c\udd99<br \/>\nD\u00e9couvrez la s\u00e9lection \ud83c\uddeb\ud83c\uddf7 pour le traditionnel g\u00e9ant d&rsquo;ouverture de la coupe du monde de ski alpin ! \u26f7\ufe0f\u2744\ufe0f<\/p>\n<p>\u231a 26 &amp; 27 octobre<br \/>\n\ud83d\udcfa <a href=\"https:\/\/twitter.com\/Eurosport_FR?ref_src=twsrc%5Etfw\">@Eurosport_FR<\/a><\/p>\n<p>\ud83c\uddeb\ud83c\uddf7\u27a1\ufe0f <a href=\"https:\/\/t.co\/Tuu0mDnosu\">https:\/\/t.co\/Tuu0mDnosu<\/a> <a href=\"https:\/\/t.co\/Qkzu8Ywco9\">pic.twitter.com\/Qkzu8Ywco9<\/a><\/p>\n<p>\u2014 FFS &#8211; F\u00e9d\u00e9ration Fran\u00e7aise de Ski (@FedFranceSki) <a href=\"https:\/\/twitter.com\/FedFranceSki\/status\/1848287039109689630?ref_src=twsrc%5Etfw\">October 21, 2024<\/a><\/p><\/blockquote>\n<p><script async src=\"https:\/\/platform.twitter.com\/widgets.js\" charset=\"utf-8\"><\/script><\/p>\n","protected":false},"excerpt":{"rendered":"<p>La s\u00e9lection fran\u00e7aise pour le g\u00e9ant d&rsquo;ouverture<\/p>\n","protected":false},"author":91,"featured_media":528280,"comment_status":"open","ping_status":"closed","sticky":false,"template":"","format":"standard","meta":{"_acf_changed":false,"_daextam_enable_autolinks":"1","footnotes":""},"categories":[47084],"tags":[16878],"class_list":["post-528258","post","type-post","status-publish","format-standard","has-post-thumbnail","hentry","category-coupe-du-monde-ski-alpin","tag-breve"],"acf":[],"yoast_head":"<!-- This site is optimized with the Yoast SEO Premium plugin v26.7 (Yoast SEO v26.7) - https:\/\/yoast.com\/wordpress\/plugins\/seo\/ -->\n<title>S\u00f6lden Ski alpin : La s\u00e9lection fran\u00e7aise pour le g\u00e9ant d&#039;ouverture<\/title>\n<meta name=\"description\" content=\"COUPE DU MONDE SKI ALPIN 2024-2025 - La F\u00e9d\u00e9ration a annonc\u00e9 la liste des repr\u00e9sentants tricolores pour le g\u00e9ant d&#039;ouverture \u00e0 S\u00f6lden.\" \/>\n<meta name=\"robots\" content=\"index, follow, max-snippet:-1, max-image-preview:large, max-video-preview:-1\" \/>\n<link rel=\"canonical\" href=\"https:\/\/dicodusport.fr\/blog\/solden-ski-alpin-la-selection-francaise-pour-le-geant-douverture\/\" \/>\n<meta property=\"og:locale\" content=\"fr_FR\" \/>\n<meta property=\"og:type\" content=\"article\" \/>\n<meta property=\"og:title\" content=\"S\u00f6lden Ski alpin : La s\u00e9lection fran\u00e7aise pour le g\u00e9ant d&#039;ouverture\" \/>\n<meta property=\"og:description\" content=\"COUPE DU MONDE SKI ALPIN 2024-2025 - La F\u00e9d\u00e9ration a annonc\u00e9 la liste des repr\u00e9sentants tricolores pour le g\u00e9ant d&#039;ouverture \u00e0 S\u00f6lden.\" \/>\n<meta property=\"og:url\" content=\"https:\/\/dicodusport.fr\/blog\/solden-ski-alpin-la-selection-francaise-pour-le-geant-douverture\/\" \/>\n<meta property=\"og:site_name\" content=\"Dicodusport\" \/>\n<meta property=\"article:publisher\" content=\"https:\/\/www.facebook.com\/dicodusport\" \/>\n<meta property=\"article:published_time\" content=\"2024-10-21T10:39:50+00:00\" \/>\n<meta property=\"article:modified_time\" content=\"2024-10-21T12:26:59+00:00\" \/>\n<meta property=\"og:image\" content=\"https:\/\/dicodusport.fr\/blog\/wp-content\/uploads\/2024\/10\/Solden-Ski-alpin-La-selection-francaise-pour-le-geant-douverture.png\" \/>\n\t<meta property=\"og:image:width\" content=\"1200\" \/>\n\t<meta property=\"og:image:height\" content=\"674\" \/>\n\t<meta property=\"og:image:type\" content=\"image\/png\" \/>\n<meta name=\"author\" content=\"Victor Clot-Amiot\" \/>\n<meta name=\"twitter:card\" content=\"summary_large_image\" \/>\n<meta name=\"twitter:title\" content=\"S\u00f6lden Ski alpin : La s\u00e9lection fran\u00e7aise pour le g\u00e9ant d&#039;ouverture\" \/>\n<meta name=\"twitter:creator\" content=\"@https:\/\/x.com\/VictorClotAmiot\" \/>\n<meta name=\"twitter:site\" content=\"@dicodusport\" \/>\n<script type=\"application\/ld+json\" class=\"yoast-schema-graph\">{\"@context\":\"https:\/\/schema.org\",\"@graph\":[{\"@type\":\"NewsArticle\",\"@id\":\"https:\/\/dicodusport.fr\/blog\/solden-ski-alpin-la-selection-francaise-pour-le-geant-douverture\/#article\",\"isPartOf\":{\"@id\":\"https:\/\/dicodusport.fr\/blog\/solden-ski-alpin-la-selection-francaise-pour-le-geant-douverture\/\"},\"author\":{\"name\":\"Victor Clot-Amiot\",\"@id\":\"https:\/\/dicodusport.fr\/blog\/#\/schema\/person\/b623199cba9ba90fe84a3d16e9282360\"},\"headline\":\"S\u00f6lden Ski alpin : La s\u00e9lection fran\u00e7aise pour le g\u00e9ant d&rsquo;ouverture\",\"datePublished\":\"2024-10-21T10:39:50+00:00\",\"dateModified\":\"2024-10-21T12:26:59+00:00\",\"mainEntityOfPage\":{\"@id\":\"https:\/\/dicodusport.fr\/blog\/solden-ski-alpin-la-selection-francaise-pour-le-geant-douverture\/\"},\"wordCount\":546,\"commentCount\":0,\"publisher\":{\"@id\":\"https:\/\/dicodusport.fr\/blog\/#organization\"},\"image\":{\"@id\":\"https:\/\/dicodusport.fr\/blog\/solden-ski-alpin-la-selection-francaise-pour-le-geant-douverture\/#primaryimage\"},\"thumbnailUrl\":\"https:\/\/dicodusport.fr\/blog\/wp-content\/uploads\/2024\/10\/Solden-Ski-alpin-La-selection-francaise-pour-le-geant-douverture.png\",\"keywords\":[\"br\u00e8ve\"],\"articleSection\":[\"Coupe du monde de ski alpin\"],\"inLanguage\":\"fr-FR\",\"potentialAction\":[{\"@type\":\"CommentAction\",\"name\":\"Comment\",\"target\":[\"https:\/\/dicodusport.fr\/blog\/solden-ski-alpin-la-selection-francaise-pour-le-geant-douverture\/#respond\"]}],\"copyrightYear\":\"2024\",\"copyrightHolder\":{\"@id\":\"https:\/\/dicodusport.fr\/blog\/#organization\"}},{\"@type\":\"WebPage\",\"@id\":\"https:\/\/dicodusport.fr\/blog\/solden-ski-alpin-la-selection-francaise-pour-le-geant-douverture\/\",\"url\":\"https:\/\/dicodusport.fr\/blog\/solden-ski-alpin-la-selection-francaise-pour-le-geant-douverture\/\",\"name\":\"S\u00f6lden Ski alpin : La s\u00e9lection fran\u00e7aise pour le g\u00e9ant d'ouverture\",\"isPartOf\":{\"@id\":\"https:\/\/dicodusport.fr\/blog\/#website\"},\"primaryImageOfPage\":{\"@id\":\"https:\/\/dicodusport.fr\/blog\/solden-ski-alpin-la-selection-francaise-pour-le-geant-douverture\/#primaryimage\"},\"image\":{\"@id\":\"https:\/\/dicodusport.fr\/blog\/solden-ski-alpin-la-selection-francaise-pour-le-geant-douverture\/#primaryimage\"},\"thumbnailUrl\":\"https:\/\/dicodusport.fr\/blog\/wp-content\/uploads\/2024\/10\/Solden-Ski-alpin-La-selection-francaise-pour-le-geant-douverture.png\",\"datePublished\":\"2024-10-21T10:39:50+00:00\",\"dateModified\":\"2024-10-21T12:26:59+00:00\",\"description\":\"COUPE DU MONDE SKI ALPIN 2024-2025 - La F\u00e9d\u00e9ration a annonc\u00e9 la liste des repr\u00e9sentants tricolores pour le g\u00e9ant d'ouverture \u00e0 S\u00f6lden.\",\"breadcrumb\":{\"@id\":\"https:\/\/dicodusport.fr\/blog\/solden-ski-alpin-la-selection-francaise-pour-le-geant-douverture\/#breadcrumb\"},\"inLanguage\":\"fr-FR\",\"potentialAction\":[{\"@type\":\"ReadAction\",\"target\":[\"https:\/\/dicodusport.fr\/blog\/solden-ski-alpin-la-selection-francaise-pour-le-geant-douverture\/\"]}]},{\"@type\":\"ImageObject\",\"inLanguage\":\"fr-FR\",\"@id\":\"https:\/\/dicodusport.fr\/blog\/solden-ski-alpin-la-selection-francaise-pour-le-geant-douverture\/#primaryimage\",\"url\":\"https:\/\/dicodusport.fr\/blog\/wp-content\/uploads\/2024\/10\/Solden-Ski-alpin-La-selection-francaise-pour-le-geant-douverture.png\",\"contentUrl\":\"https:\/\/dicodusport.fr\/blog\/wp-content\/uploads\/2024\/10\/Solden-Ski-alpin-La-selection-francaise-pour-le-geant-douverture.png\",\"width\":1200,\"height\":674,\"caption\":\"S\u00f6lden Ski alpin La s\u00e9lection fran\u00e7aise pour le g\u00e9ant d'ouverture\"},{\"@type\":\"BreadcrumbList\",\"@id\":\"https:\/\/dicodusport.fr\/blog\/solden-ski-alpin-la-selection-francaise-pour-le-geant-douverture\/#breadcrumb\",\"itemListElement\":[{\"@type\":\"ListItem\",\"position\":1,\"name\":\"Accueil\",\"item\":\"https:\/\/dicodusport.fr\/blog\/\"},{\"@type\":\"ListItem\",\"position\":2,\"name\":\"S\u00f6lden Ski alpin : La s\u00e9lection fran\u00e7aise pour le g\u00e9ant d&#8217;ouverture\"}]},{\"@type\":\"WebSite\",\"@id\":\"https:\/\/dicodusport.fr\/blog\/#website\",\"url\":\"https:\/\/dicodusport.fr\/blog\/\",\"name\":\"Dicodusport\",\"description\":\"L&#039;encyclop\u00e9die de l&#039;actualit\u00e9 sportive\",\"publisher\":{\"@id\":\"https:\/\/dicodusport.fr\/blog\/#organization\"},\"potentialAction\":[{\"@type\":\"SearchAction\",\"target\":{\"@type\":\"EntryPoint\",\"urlTemplate\":\"https:\/\/dicodusport.fr\/blog\/?s={search_term_string}\"},\"query-input\":{\"@type\":\"PropertyValueSpecification\",\"valueRequired\":true,\"valueName\":\"search_term_string\"}}],\"inLanguage\":\"fr-FR\"},{\"@type\":\"NewsMediaOrganization\",\"@id\":\"https:\/\/dicodusport.fr\/blog\/#organization\",\"name\":\"Dicodusport\",\"url\":\"https:\/\/dicodusport.fr\/blog\/\",\"logo\":{\"@type\":\"ImageObject\",\"inLanguage\":\"fr-FR\",\"@id\":\"https:\/\/dicodusport.fr\/blog\/#\/schema\/logo\/image\/\",\"url\":\"https:\/\/dicodusport.fr\/blog\/wp-content\/uploads\/2020\/06\/cropped-LOGO-DICODUSPORT-2020-SANS-FOND-SANS-TEXTE.png\",\"contentUrl\":\"https:\/\/dicodusport.fr\/blog\/wp-content\/uploads\/2020\/06\/cropped-LOGO-DICODUSPORT-2020-SANS-FOND-SANS-TEXTE.png\",\"width\":512,\"height\":512,\"caption\":\"Dicodusport\"},\"image\":{\"@id\":\"https:\/\/dicodusport.fr\/blog\/#\/schema\/logo\/image\/\"},\"sameAs\":[\"https:\/\/www.facebook.com\/dicodusport\",\"https:\/\/x.com\/dicodusport\",\"https:\/\/www.instagram.com\/dicodusport\/\",\"https:\/\/www.youtube.com\/channel\/UC7V2KZ5sd3htJivAbA4ZG3w\"],\"description\":\"Dicodusport est l'encyclop\u00e9die de l'actualit\u00e9 sportive.\",\"email\":\"bonjour@dicodusport.fr\",\"legalName\":\"DICODUSPORT\",\"foundingDate\":\"2018-01-14\",\"vatID\":\"FR71834470973\",\"taxID\":\"83447097300043\",\"numberOfEmployees\":{\"@type\":\"QuantitativeValue\",\"minValue\":\"1\",\"maxValue\":\"10\"}},{\"@type\":\"Person\",\"@id\":\"https:\/\/dicodusport.fr\/blog\/#\/schema\/person\/b623199cba9ba90fe84a3d16e9282360\",\"name\":\"Victor Clot-Amiot\",\"image\":{\"@type\":\"ImageObject\",\"inLanguage\":\"fr-FR\",\"@id\":\"https:\/\/dicodusport.fr\/blog\/#\/schema\/person\/image\/\",\"url\":\"https:\/\/dicodusport.fr\/blog\/wp-content\/uploads\/2023\/09\/IMG_20190826_114722-150x150.jpg\",\"contentUrl\":\"https:\/\/dicodusport.fr\/blog\/wp-content\/uploads\/2023\/09\/IMG_20190826_114722-150x150.jpg\",\"caption\":\"Victor Clot-Amiot\"},\"description\":\"Passionn\u00e9 de sport depuis toujours, un jour \u00e0 l'adolescence mes parents m'ont dit : \\\"quitte \u00e0 passer ton temps \u00e0 regarder du sport, au moins va le voir en vrai\\\" ! Depuis, cette remarque ne m'a plus quitt\u00e9 et je passe une grande partie de mon temps libre \u00e0 assister \u00e0 des comp\u00e9titions de tous sports. Je m\u00eale d'ailleurs mes deux passions, le sport et les voyages afin de faire une pierre deux coups ! Outre l'US Open ou l'Euro 2021 par exemple, j'ai assist\u00e9 cet \u00e9t\u00e9 aux Mondiaux d'athl\u00e9tisme \u00e0 Budapest. Mon plus gros coup dur est et restera les JO 2020-2021 pour lesquels j'avais r\u00e9serv\u00e9 17 \u00e9preuves. La suite, vous la connaissez...\",\"sameAs\":[\"https:\/\/x.com\/https:\/\/x.com\/VictorClotAmiot\"],\"url\":\"https:\/\/dicodusport.fr\/blog\/author\/victor-clot-amiot\/\"}]}<\/script>\n<!-- \/ Yoast SEO Premium plugin. -->","yoast_head_json":{"title":"S\u00f6lden Ski alpin : La s\u00e9lection fran\u00e7aise pour le g\u00e9ant d'ouverture","description":"COUPE DU MONDE SKI ALPIN 2024-2025 - La F\u00e9d\u00e9ration a annonc\u00e9 la liste des repr\u00e9sentants tricolores pour le g\u00e9ant d'ouverture \u00e0 S\u00f6lden.","robots":{"index":"index","follow":"follow","max-snippet":"max-snippet:-1","max-image-preview":"max-image-preview:large","max-video-preview":"max-video-preview:-1"},"canonical":"https:\/\/dicodusport.fr\/blog\/solden-ski-alpin-la-selection-francaise-pour-le-geant-douverture\/","og_locale":"fr_FR","og_type":"article","og_title":"S\u00f6lden Ski alpin : La s\u00e9lection fran\u00e7aise pour le g\u00e9ant d'ouverture","og_description":"COUPE DU MONDE SKI ALPIN 2024-2025 - La F\u00e9d\u00e9ration a annonc\u00e9 la liste des repr\u00e9sentants tricolores pour le g\u00e9ant d'ouverture \u00e0 S\u00f6lden.","og_url":"https:\/\/dicodusport.fr\/blog\/solden-ski-alpin-la-selection-francaise-pour-le-geant-douverture\/","og_site_name":"Dicodusport","article_publisher":"https:\/\/www.facebook.com\/dicodusport","article_published_time":"2024-10-21T10:39:50+00:00","article_modified_time":"2024-10-21T12:26:59+00:00","og_image":[{"width":1200,"height":674,"url":"https:\/\/dicodusport.fr\/blog\/wp-content\/uploads\/2024\/10\/Solden-Ski-alpin-La-selection-francaise-pour-le-geant-douverture.png","type":"image\/png"}],"author":"Victor Clot-Amiot","twitter_card":"summary_large_image","twitter_title":"S\u00f6lden Ski alpin : La s\u00e9lection fran\u00e7aise pour le g\u00e9ant d'ouverture","twitter_creator":"@https:\/\/x.com\/VictorClotAmiot","twitter_site":"@dicodusport","schema":{"@context":"https:\/\/schema.org","@graph":[{"@type":"NewsArticle","@id":"https:\/\/dicodusport.fr\/blog\/solden-ski-alpin-la-selection-francaise-pour-le-geant-douverture\/#article","isPartOf":{"@id":"https:\/\/dicodusport.fr\/blog\/solden-ski-alpin-la-selection-francaise-pour-le-geant-douverture\/"},"author":{"name":"Victor Clot-Amiot","@id":"https:\/\/dicodusport.fr\/blog\/#\/schema\/person\/b623199cba9ba90fe84a3d16e9282360"},"headline":"S\u00f6lden Ski alpin : La s\u00e9lection fran\u00e7aise pour le g\u00e9ant d&rsquo;ouverture","datePublished":"2024-10-21T10:39:50+00:00","dateModified":"2024-10-21T12:26:59+00:00","mainEntityOfPage":{"@id":"https:\/\/dicodusport.fr\/blog\/solden-ski-alpin-la-selection-francaise-pour-le-geant-douverture\/"},"wordCount":546,"commentCount":0,"publisher":{"@id":"https:\/\/dicodusport.fr\/blog\/#organization"},"image":{"@id":"https:\/\/dicodusport.fr\/blog\/solden-ski-alpin-la-selection-francaise-pour-le-geant-douverture\/#primaryimage"},"thumbnailUrl":"https:\/\/dicodusport.fr\/blog\/wp-content\/uploads\/2024\/10\/Solden-Ski-alpin-La-selection-francaise-pour-le-geant-douverture.png","keywords":["br\u00e8ve"],"articleSection":["Coupe du monde de ski alpin"],"inLanguage":"fr-FR","potentialAction":[{"@type":"CommentAction","name":"Comment","target":["https:\/\/dicodusport.fr\/blog\/solden-ski-alpin-la-selection-francaise-pour-le-geant-douverture\/#respond"]}],"copyrightYear":"2024","copyrightHolder":{"@id":"https:\/\/dicodusport.fr\/blog\/#organization"}},{"@type":"WebPage","@id":"https:\/\/dicodusport.fr\/blog\/solden-ski-alpin-la-selection-francaise-pour-le-geant-douverture\/","url":"https:\/\/dicodusport.fr\/blog\/solden-ski-alpin-la-selection-francaise-pour-le-geant-douverture\/","name":"S\u00f6lden Ski alpin : La s\u00e9lection fran\u00e7aise pour le g\u00e9ant d'ouverture","isPartOf":{"@id":"https:\/\/dicodusport.fr\/blog\/#website"},"primaryImageOfPage":{"@id":"https:\/\/dicodusport.fr\/blog\/solden-ski-alpin-la-selection-francaise-pour-le-geant-douverture\/#primaryimage"},"image":{"@id":"https:\/\/dicodusport.fr\/blog\/solden-ski-alpin-la-selection-francaise-pour-le-geant-douverture\/#primaryimage"},"thumbnailUrl":"https:\/\/dicodusport.fr\/blog\/wp-content\/uploads\/2024\/10\/Solden-Ski-alpin-La-selection-francaise-pour-le-geant-douverture.png","datePublished":"2024-10-21T10:39:50+00:00","dateModified":"2024-10-21T12:26:59+00:00","description":"COUPE DU MONDE SKI ALPIN 2024-2025 - La F\u00e9d\u00e9ration a annonc\u00e9 la liste des repr\u00e9sentants tricolores pour le g\u00e9ant d'ouverture \u00e0 S\u00f6lden.","breadcrumb":{"@id":"https:\/\/dicodusport.fr\/blog\/solden-ski-alpin-la-selection-francaise-pour-le-geant-douverture\/#breadcrumb"},"inLanguage":"fr-FR","potentialAction":[{"@type":"ReadAction","target":["https:\/\/dicodusport.fr\/blog\/solden-ski-alpin-la-selection-francaise-pour-le-geant-douverture\/"]}]},{"@type":"ImageObject","inLanguage":"fr-FR","@id":"https:\/\/dicodusport.fr\/blog\/solden-ski-alpin-la-selection-francaise-pour-le-geant-douverture\/#primaryimage","url":"https:\/\/dicodusport.fr\/blog\/wp-content\/uploads\/2024\/10\/Solden-Ski-alpin-La-selection-francaise-pour-le-geant-douverture.png","contentUrl":"https:\/\/dicodusport.fr\/blog\/wp-content\/uploads\/2024\/10\/Solden-Ski-alpin-La-selection-francaise-pour-le-geant-douverture.png","width":1200,"height":674,"caption":"S\u00f6lden Ski alpin La s\u00e9lection fran\u00e7aise pour le g\u00e9ant d'ouverture"},{"@type":"BreadcrumbList","@id":"https:\/\/dicodusport.fr\/blog\/solden-ski-alpin-la-selection-francaise-pour-le-geant-douverture\/#breadcrumb","itemListElement":[{"@type":"ListItem","position":1,"name":"Accueil","item":"https:\/\/dicodusport.fr\/blog\/"},{"@type":"ListItem","position":2,"name":"S\u00f6lden Ski alpin : La s\u00e9lection fran\u00e7aise pour le g\u00e9ant d&#8217;ouverture"}]},{"@type":"WebSite","@id":"https:\/\/dicodusport.fr\/blog\/#website","url":"https:\/\/dicodusport.fr\/blog\/","name":"Dicodusport","description":"L&#039;encyclop\u00e9die de l&#039;actualit\u00e9 sportive","publisher":{"@id":"https:\/\/dicodusport.fr\/blog\/#organization"},"potentialAction":[{"@type":"SearchAction","target":{"@type":"EntryPoint","urlTemplate":"https:\/\/dicodusport.fr\/blog\/?s={search_term_string}"},"query-input":{"@type":"PropertyValueSpecification","valueRequired":true,"valueName":"search_term_string"}}],"inLanguage":"fr-FR"},{"@type":"NewsMediaOrganization","@id":"https:\/\/dicodusport.fr\/blog\/#organization","name":"Dicodusport","url":"https:\/\/dicodusport.fr\/blog\/","logo":{"@type":"ImageObject","inLanguage":"fr-FR","@id":"https:\/\/dicodusport.fr\/blog\/#\/schema\/logo\/image\/","url":"https:\/\/dicodusport.fr\/blog\/wp-content\/uploads\/2020\/06\/cropped-LOGO-DICODUSPORT-2020-SANS-FOND-SANS-TEXTE.png","contentUrl":"https:\/\/dicodusport.fr\/blog\/wp-content\/uploads\/2020\/06\/cropped-LOGO-DICODUSPORT-2020-SANS-FOND-SANS-TEXTE.png","width":512,"height":512,"caption":"Dicodusport"},"image":{"@id":"https:\/\/dicodusport.fr\/blog\/#\/schema\/logo\/image\/"},"sameAs":["https:\/\/www.facebook.com\/dicodusport","https:\/\/x.com\/dicodusport","https:\/\/www.instagram.com\/dicodusport\/","https:\/\/www.youtube.com\/channel\/UC7V2KZ5sd3htJivAbA4ZG3w"],"description":"Dicodusport est l'encyclop\u00e9die de l'actualit\u00e9 sportive.","email":"bonjour@dicodusport.fr","legalName":"DICODUSPORT","foundingDate":"2018-01-14","vatID":"FR71834470973","taxID":"83447097300043","numberOfEmployees":{"@type":"QuantitativeValue","minValue":"1","maxValue":"10"}},{"@type":"Person","@id":"https:\/\/dicodusport.fr\/blog\/#\/schema\/person\/b623199cba9ba90fe84a3d16e9282360","name":"Victor Clot-Amiot","image":{"@type":"ImageObject","inLanguage":"fr-FR","@id":"https:\/\/dicodusport.fr\/blog\/#\/schema\/person\/image\/","url":"https:\/\/dicodusport.fr\/blog\/wp-content\/uploads\/2023\/09\/IMG_20190826_114722-150x150.jpg","contentUrl":"https:\/\/dicodusport.fr\/blog\/wp-content\/uploads\/2023\/09\/IMG_20190826_114722-150x150.jpg","caption":"Victor Clot-Amiot"},"description":"Passionn\u00e9 de sport depuis toujours, un jour \u00e0 l'adolescence mes parents m'ont dit : \"quitte \u00e0 passer ton temps \u00e0 regarder du sport, au moins va le voir en vrai\" ! Depuis, cette remarque ne m'a plus quitt\u00e9 et je passe une grande partie de mon temps libre \u00e0 assister \u00e0 des comp\u00e9titions de tous sports. Je m\u00eale d'ailleurs mes deux passions, le sport et les voyages afin de faire une pierre deux coups ! Outre l'US Open ou l'Euro 2021 par exemple, j'ai assist\u00e9 cet \u00e9t\u00e9 aux Mondiaux d'athl\u00e9tisme \u00e0 Budapest. Mon plus gros coup dur est et restera les JO 2020-2021 pour lesquels j'avais r\u00e9serv\u00e9 17 \u00e9preuves. La suite, vous la connaissez...","sameAs":["https:\/\/x.com\/https:\/\/x.com\/VictorClotAmiot"],"url":"https:\/\/dicodusport.fr\/blog\/author\/victor-clot-amiot\/"}]}},"_links":{"self":[{"href":"https:\/\/dicodusport.fr\/blog\/wp-json\/wp\/v2\/posts\/528258","targetHints":{"allow":["GET"]}}],"collection":[{"href":"https:\/\/dicodusport.fr\/blog\/wp-json\/wp\/v2\/posts"}],"about":[{"href":"https:\/\/dicodusport.fr\/blog\/wp-json\/wp\/v2\/types\/post"}],"author":[{"embeddable":true,"href":"https:\/\/dicodusport.fr\/blog\/wp-json\/wp\/v2\/users\/91"}],"replies":[{"embeddable":true,"href":"https:\/\/dicodusport.fr\/blog\/wp-json\/wp\/v2\/comments?post=528258"}],"version-history":[{"count":5,"href":"https:\/\/dicodusport.fr\/blog\/wp-json\/wp\/v2\/posts\/528258\/revisions"}],"predecessor-version":[{"id":528324,"href":"https:\/\/dicodusport.fr\/blog\/wp-json\/wp\/v2\/posts\/528258\/revisions\/528324"}],"wp:featuredmedia":[{"embeddable":true,"href":"https:\/\/dicodusport.fr\/blog\/wp-json\/wp\/v2\/media\/528280"}],"wp:attachment":[{"href":"https:\/\/dicodusport.fr\/blog\/wp-json\/wp\/v2\/media?parent=528258"}],"wp:term":[{"taxonomy":"category","embeddable":true,"href":"https:\/\/dicodusport.fr\/blog\/wp-json\/wp\/v2\/categories?post=528258"},{"taxonomy":"post_tag","embeddable":true,"href":"https:\/\/dicodusport.fr\/blog\/wp-json\/wp\/v2\/tags?post=528258"}],"curies":[{"name":"wp","href":"https:\/\/api.w.org\/{rel}","templated":true}]}}