{"id":52845,"date":"2019-11-03T13:10:39","date_gmt":"2019-11-03T12:10:39","guid":{"rendered":"http:\/\/dicodusport.fr\/blog\/?p=52845&#038;preview=true&#038;preview_id=52845"},"modified":"2019-11-05T12:45:22","modified_gmt":"2019-11-05T11:45:22","slug":"romain-ntamack-elu-revelation-world-rugby-annee-2019","status":"publish","type":"post","link":"https:\/\/dicodusport.fr\/blog\/romain-ntamack-elu-revelation-world-rugby-annee-2019\/","title":{"rendered":"Romain Ntamack \u00e9lu r\u00e9v\u00e9lation World Rugby de l&rsquo;ann\u00e9e 2019"},"content":{"rendered":"<p style=\"text-align: justify;\"><b><i>Le XV de France n&rsquo;a pas tout perdu en cette fin d&rsquo;ann\u00e9e, puisqu&rsquo;un de ses jeunes coqs vient d&rsquo;\u00eatre \u00e9lu r\u00e9v\u00e9lation de l&rsquo;ann\u00e9e 2019, en la personne de Romain Ntamack.<br \/>\n<\/i><\/b><\/p>\n<p style=\"text-align: justify;\"><a href=\"https:\/\/www.ffr.fr\/equipe-de-france\/rugby-a-xv\/xv-de-france\/joueurs\/ntamack-romain\" target=\"_blank\" rel=\"noopener\"><strong>Romain Ntamack<\/strong><\/a>, demi d&rsquo;ouverture du centre du <strong>XV de France<\/strong> et du <strong>Stade Toulousain<\/strong> remporte le titre de r\u00e9v\u00e9lation de l&rsquo;ann\u00e9e 2019, apr\u00e8s une <strong>Coupe du monde<\/strong> durant laquelle il a confirm\u00e9 qu&rsquo;il \u00e9tait le futur de cette \u00e9quipe. Il devance l&rsquo;ailier anglais <strong>Joe Cokanasiga<\/strong> et le demi de m\u00eal\u00e9e sud-africain <strong>Herschel Jantjies<\/strong>.<\/p>\n<blockquote class=\"twitter-tweet\">\n<p dir=\"ltr\" lang=\"fr\">&#8211; &lsquo; &#8211;<\/p>\n<p>Quel bonheur <a href=\"https:\/\/twitter.com\/RomainNtamack?ref_src=twsrc%5Etfw\">@RomainNtamack<\/a> ! \u00c0 travers ce prix, c&rsquo;est aussi toute l&rsquo;excellence de la formation fran\u00e7aise qui est honor\u00e9e ! F\u00e9licitations Romain, nous sommes fiers de toi ! <a href=\"https:\/\/twitter.com\/hashtag\/XVdeFrance?src=hash&amp;ref_src=twsrc%5Etfw\">#XVdeFrance<\/a> <a href=\"https:\/\/twitter.com\/hashtag\/NeFaisonsXV?src=hash&amp;ref_src=twsrc%5Etfw\">#NeFaisonsXV<\/a> <a href=\"https:\/\/twitter.com\/hashtag\/WorldRugbyAwards?src=hash&amp;ref_src=twsrc%5Etfw\">#WorldRugbyAwards<\/a> <a href=\"https:\/\/t.co\/VZxyM3yn75\">pic.twitter.com\/VZxyM3yn75<\/a><\/p>\n<p>\u2014 France Rugby (@FranceRugby) <a href=\"https:\/\/twitter.com\/FranceRugby\/status\/1190959622246588422?ref_src=twsrc%5Etfw\">November 3, 2019<\/a><\/p><\/blockquote>\n<p><script async src=\"https:\/\/platform.twitter.com\/widgets.js\" charset=\"utf-8\"><\/script><\/p>\n<p style=\"text-align: justify;\">Le fils d&rsquo;<strong>\u00c9mile Ntamack<\/strong>, 20 ans, a remport\u00e9 le <strong>Bouclier de Brennus en juin dernier avec Toulouse<\/strong>. En 2018, il \u00e9tait devenu <a href=\"https:\/\/dicodusport.fr\/blog\/mondial-u20-les-bleuets-champions-du-monde\/\" target=\"_blank\" rel=\"noopener\">champion du monde avec les U20<\/a>, \u00e0 domicile. Le Stadiste a depuis rejoint le <strong>XV de France<\/strong>, en f\u00e9vrier dernier, \u00e0 l&rsquo;occasion du <strong>Tournoi des VI Nations<\/strong>, avec 12 s\u00e9lections au compteur en cette ann\u00e9e 2019.<\/p>\n<blockquote class=\"twitter-tweet\">\n<p dir=\"ltr\" lang=\"fr\">Une cons\u00e9cration ! Le joueur vedette de <a href=\"https:\/\/twitter.com\/FranceRugby?ref_src=twsrc%5Etfw\">@FranceRugby<\/a> Romain Ntamack est reconnu R\u00e9v\u00e9lation World Rugby de l&rsquo;Ann\u00e9e 2019, en partenariat avec TUDOR <a href=\"https:\/\/twitter.com\/hashtag\/WorldRugbyAwards?src=hash&amp;ref_src=twsrc%5Etfw\">#WorldRugbyAwards<\/a> <a href=\"https:\/\/t.co\/oP1jqrjleA\">pic.twitter.com\/oP1jqrjleA<\/a><\/p>\n<p>\u2014 World Rugby FR (@WorldRugby_FR) <a href=\"https:\/\/twitter.com\/WorldRugby_FR\/status\/1190959473902465024?ref_src=twsrc%5Etfw\">November 3, 2019<\/a><\/p><\/blockquote>\n<p><script async src=\"https:\/\/platform.twitter.com\/widgets.js\" charset=\"utf-8\"><\/script><\/p>\n<p style=\"text-align: justify;\"><strong><em>Dicodusport<br \/>\n<a href=\"https:\/\/www.facebook.com\/dicodusport\/\" target=\"_blank\" rel=\"noopener\"><img loading=\"lazy\" decoding=\"async\" class=\"alignnone wp-image-2909\" src=\"http:\/\/dicodusport.fr\/blog\/wp-content\/uploads\/2017\/07\/logo-facebook-150x150.png\" alt=\"\" width=\"40\" height=\"40\" \/><\/a><a href=\"https:\/\/twitter.com\/dicodusport\" target=\"_blank\" rel=\"noopener\"><img loading=\"lazy\" decoding=\"async\" class=\"alignnone wp-image-2908\" src=\"http:\/\/dicodusport.fr\/blog\/wp-content\/uploads\/2017\/07\/logo-twitter-150x150.png\" alt=\"\" width=\"39\" height=\"39\" \/><\/a><\/em><\/strong><\/p>\n","protected":false},"excerpt":{"rendered":"<p>World Rugby Awards &#8211; Le XV de France n&rsquo;a pas tout perdu, puisqu&rsquo;un de ses jeunes coqs vient d&rsquo;\u00eatre \u00e9lu r\u00e9v\u00e9lation de l&rsquo;ann\u00e9e 2019 : Romain Ntamack.<\/p>\n","protected":false},"author":1,"featured_media":52851,"comment_status":"open","ping_status":"closed","sticky":false,"template":"","format":"standard","meta":{"_acf_changed":false,"_daextam_enable_autolinks":"","footnotes":""},"categories":[2303],"tags":[7277,5193,1638],"class_list":["post-52845","post","type-post","status-publish","format-standard","has-post-thumbnail","hentry","category-rugby","tag-ntamack","tag-romain-ntamack","tag-xv-de-france"],"acf":[],"yoast_head":"<!-- This site is optimized with the Yoast SEO Premium plugin v26.7 (Yoast SEO v26.7) - https:\/\/yoast.com\/wordpress\/plugins\/seo\/ -->\n<title>Romain Ntamack \u00e9lu r\u00e9v\u00e9lation World Rugby de l&#039;ann\u00e9e 2019<\/title>\n<meta name=\"description\" content=\"World Rugby Awards - Le XV de France n&#039;a pas tout perdu, puisqu&#039;un de ses jeunes coqs vient d&#039;\u00eatre \u00e9lu r\u00e9v\u00e9lation de l&#039;ann\u00e9e 2019 : Romain Ntamack.\" \/>\n<meta name=\"robots\" content=\"index, follow, max-snippet:-1, max-image-preview:large, max-video-preview:-1\" \/>\n<link rel=\"canonical\" href=\"https:\/\/dicodusport.fr\/blog\/romain-ntamack-elu-revelation-world-rugby-annee-2019\/\" \/>\n<meta property=\"og:locale\" content=\"fr_FR\" \/>\n<meta property=\"og:type\" content=\"article\" \/>\n<meta property=\"og:title\" content=\"Romain Ntamack \u00e9lu r\u00e9v\u00e9lation World Rugby de l&#039;ann\u00e9e 2019\" \/>\n<meta property=\"og:description\" content=\"World Rugby Awards - Le XV de France n&#039;a pas tout perdu, puisqu&#039;un de ses jeunes coqs vient d&#039;\u00eatre \u00e9lu r\u00e9v\u00e9lation de l&#039;ann\u00e9e 2019 : Romain Ntamack.\" \/>\n<meta property=\"og:url\" content=\"https:\/\/dicodusport.fr\/blog\/romain-ntamack-elu-revelation-world-rugby-annee-2019\/\" \/>\n<meta property=\"og:site_name\" content=\"Dicodusport\" \/>\n<meta property=\"article:publisher\" content=\"https:\/\/www.facebook.com\/dicodusport\" \/>\n<meta property=\"article:author\" content=\"https:\/\/www.facebook.com\/dicodusport\" \/>\n<meta property=\"article:published_time\" content=\"2019-11-03T12:10:39+00:00\" \/>\n<meta property=\"article:modified_time\" content=\"2019-11-05T11:45:22+00:00\" \/>\n<meta property=\"og:image\" content=\"https:\/\/dicodusport.fr\/blog\/wp-content\/uploads\/2019\/11\/Romain-Ntamack-\u00e9lu-r\u00e9v\u00e9lation-World-Rugby-de-lann\u00e9e-2019.png\" \/>\n\t<meta property=\"og:image:width\" content=\"800\" \/>\n\t<meta property=\"og:image:height\" content=\"445\" \/>\n\t<meta property=\"og:image:type\" content=\"image\/png\" \/>\n<meta name=\"author\" content=\"Nicolas Jacquemard\" \/>\n<meta name=\"twitter:card\" content=\"summary_large_image\" \/>\n<meta name=\"twitter:title\" content=\"Romain Ntamack \u00e9lu r\u00e9v\u00e9lation World Rugby de l&#039;ann\u00e9e 2019\" \/>\n<meta name=\"twitter:creator\" content=\"@https:\/\/twitter.com\/Nico_Jacquemard\" \/>\n<meta name=\"twitter:site\" content=\"@dicodusport\" \/>\n<script type=\"application\/ld+json\" class=\"yoast-schema-graph\">{\"@context\":\"https:\/\/schema.org\",\"@graph\":[{\"@type\":\"NewsArticle\",\"@id\":\"https:\/\/dicodusport.fr\/blog\/romain-ntamack-elu-revelation-world-rugby-annee-2019\/#article\",\"isPartOf\":{\"@id\":\"https:\/\/dicodusport.fr\/blog\/romain-ntamack-elu-revelation-world-rugby-annee-2019\/\"},\"author\":{\"name\":\"Nicolas Jacquemard\",\"@id\":\"https:\/\/dicodusport.fr\/blog\/#\/schema\/person\/55dcb50ad410894e431ed812bbb70191\"},\"headline\":\"Romain Ntamack \u00e9lu r\u00e9v\u00e9lation World Rugby de l&rsquo;ann\u00e9e 2019\",\"datePublished\":\"2019-11-03T12:10:39+00:00\",\"dateModified\":\"2019-11-05T11:45:22+00:00\",\"mainEntityOfPage\":{\"@id\":\"https:\/\/dicodusport.fr\/blog\/romain-ntamack-elu-revelation-world-rugby-annee-2019\/\"},\"wordCount\":250,\"commentCount\":0,\"publisher\":{\"@id\":\"https:\/\/dicodusport.fr\/blog\/#organization\"},\"image\":{\"@id\":\"https:\/\/dicodusport.fr\/blog\/romain-ntamack-elu-revelation-world-rugby-annee-2019\/#primaryimage\"},\"thumbnailUrl\":\"https:\/\/dicodusport.fr\/blog\/wp-content\/uploads\/2019\/11\/Romain-Ntamack-\u00e9lu-r\u00e9v\u00e9lation-World-Rugby-de-lann\u00e9e-2019.png\",\"keywords\":[\"Ntamack\",\"Romain Ntamack\",\"XV de France\"],\"articleSection\":[\"Rugby\"],\"inLanguage\":\"fr-FR\",\"potentialAction\":[{\"@type\":\"CommentAction\",\"name\":\"Comment\",\"target\":[\"https:\/\/dicodusport.fr\/blog\/romain-ntamack-elu-revelation-world-rugby-annee-2019\/#respond\"]}],\"copyrightYear\":\"2019\",\"copyrightHolder\":{\"@id\":\"https:\/\/dicodusport.fr\/blog\/#organization\"}},{\"@type\":\"WebPage\",\"@id\":\"https:\/\/dicodusport.fr\/blog\/romain-ntamack-elu-revelation-world-rugby-annee-2019\/\",\"url\":\"https:\/\/dicodusport.fr\/blog\/romain-ntamack-elu-revelation-world-rugby-annee-2019\/\",\"name\":\"Romain Ntamack \u00e9lu r\u00e9v\u00e9lation World Rugby de l'ann\u00e9e 2019\",\"isPartOf\":{\"@id\":\"https:\/\/dicodusport.fr\/blog\/#website\"},\"primaryImageOfPage\":{\"@id\":\"https:\/\/dicodusport.fr\/blog\/romain-ntamack-elu-revelation-world-rugby-annee-2019\/#primaryimage\"},\"image\":{\"@id\":\"https:\/\/dicodusport.fr\/blog\/romain-ntamack-elu-revelation-world-rugby-annee-2019\/#primaryimage\"},\"thumbnailUrl\":\"https:\/\/dicodusport.fr\/blog\/wp-content\/uploads\/2019\/11\/Romain-Ntamack-\u00e9lu-r\u00e9v\u00e9lation-World-Rugby-de-lann\u00e9e-2019.png\",\"datePublished\":\"2019-11-03T12:10:39+00:00\",\"dateModified\":\"2019-11-05T11:45:22+00:00\",\"description\":\"World Rugby Awards - Le XV de France n'a pas tout perdu, puisqu'un de ses jeunes coqs vient d'\u00eatre \u00e9lu r\u00e9v\u00e9lation de l'ann\u00e9e 2019 : Romain Ntamack.\",\"breadcrumb\":{\"@id\":\"https:\/\/dicodusport.fr\/blog\/romain-ntamack-elu-revelation-world-rugby-annee-2019\/#breadcrumb\"},\"inLanguage\":\"fr-FR\",\"potentialAction\":[{\"@type\":\"ReadAction\",\"target\":[\"https:\/\/dicodusport.fr\/blog\/romain-ntamack-elu-revelation-world-rugby-annee-2019\/\"]}]},{\"@type\":\"ImageObject\",\"inLanguage\":\"fr-FR\",\"@id\":\"https:\/\/dicodusport.fr\/blog\/romain-ntamack-elu-revelation-world-rugby-annee-2019\/#primaryimage\",\"url\":\"https:\/\/dicodusport.fr\/blog\/wp-content\/uploads\/2019\/11\/Romain-Ntamack-\u00e9lu-r\u00e9v\u00e9lation-World-Rugby-de-lann\u00e9e-2019.png\",\"contentUrl\":\"https:\/\/dicodusport.fr\/blog\/wp-content\/uploads\/2019\/11\/Romain-Ntamack-\u00e9lu-r\u00e9v\u00e9lation-World-Rugby-de-lann\u00e9e-2019.png\",\"width\":800,\"height\":445,\"caption\":\"Romain Ntamack \u00e9lu r\u00e9v\u00e9lation World Rugby de l'ann\u00e9e 2019\"},{\"@type\":\"BreadcrumbList\",\"@id\":\"https:\/\/dicodusport.fr\/blog\/romain-ntamack-elu-revelation-world-rugby-annee-2019\/#breadcrumb\",\"itemListElement\":[{\"@type\":\"ListItem\",\"position\":1,\"name\":\"Accueil\",\"item\":\"https:\/\/dicodusport.fr\/blog\/\"},{\"@type\":\"ListItem\",\"position\":2,\"name\":\"Romain Ntamack \u00e9lu r\u00e9v\u00e9lation World Rugby de l&rsquo;ann\u00e9e 2019\"}]},{\"@type\":\"WebSite\",\"@id\":\"https:\/\/dicodusport.fr\/blog\/#website\",\"url\":\"https:\/\/dicodusport.fr\/blog\/\",\"name\":\"Dicodusport\",\"description\":\"L&#039;encyclop\u00e9die de l&#039;actualit\u00e9 sportive\",\"publisher\":{\"@id\":\"https:\/\/dicodusport.fr\/blog\/#organization\"},\"potentialAction\":[{\"@type\":\"SearchAction\",\"target\":{\"@type\":\"EntryPoint\",\"urlTemplate\":\"https:\/\/dicodusport.fr\/blog\/?s={search_term_string}\"},\"query-input\":{\"@type\":\"PropertyValueSpecification\",\"valueRequired\":true,\"valueName\":\"search_term_string\"}}],\"inLanguage\":\"fr-FR\"},{\"@type\":\"NewsMediaOrganization\",\"@id\":\"https:\/\/dicodusport.fr\/blog\/#organization\",\"name\":\"Dicodusport\",\"url\":\"https:\/\/dicodusport.fr\/blog\/\",\"logo\":{\"@type\":\"ImageObject\",\"inLanguage\":\"fr-FR\",\"@id\":\"https:\/\/dicodusport.fr\/blog\/#\/schema\/logo\/image\/\",\"url\":\"https:\/\/dicodusport.fr\/blog\/wp-content\/uploads\/2020\/06\/cropped-LOGO-DICODUSPORT-2020-SANS-FOND-SANS-TEXTE.png\",\"contentUrl\":\"https:\/\/dicodusport.fr\/blog\/wp-content\/uploads\/2020\/06\/cropped-LOGO-DICODUSPORT-2020-SANS-FOND-SANS-TEXTE.png\",\"width\":512,\"height\":512,\"caption\":\"Dicodusport\"},\"image\":{\"@id\":\"https:\/\/dicodusport.fr\/blog\/#\/schema\/logo\/image\/\"},\"sameAs\":[\"https:\/\/www.facebook.com\/dicodusport\",\"https:\/\/x.com\/dicodusport\",\"https:\/\/www.instagram.com\/dicodusport\/\",\"https:\/\/www.youtube.com\/channel\/UC7V2KZ5sd3htJivAbA4ZG3w\"],\"description\":\"Dicodusport est l'encyclop\u00e9die de l'actualit\u00e9 sportive.\",\"email\":\"bonjour@dicodusport.fr\",\"legalName\":\"DICODUSPORT\",\"foundingDate\":\"2018-01-14\",\"vatID\":\"FR71834470973\",\"taxID\":\"83447097300043\",\"numberOfEmployees\":{\"@type\":\"QuantitativeValue\",\"minValue\":\"1\",\"maxValue\":\"10\"}},{\"@type\":\"Person\",\"@id\":\"https:\/\/dicodusport.fr\/blog\/#\/schema\/person\/55dcb50ad410894e431ed812bbb70191\",\"name\":\"Nicolas Jacquemard\",\"image\":{\"@type\":\"ImageObject\",\"inLanguage\":\"fr-FR\",\"@id\":\"https:\/\/dicodusport.fr\/blog\/#\/schema\/person\/image\/\",\"url\":\"https:\/\/dicodusport.fr\/blog\/wp-content\/uploads\/2021\/05\/Nicolas-Jacquemard-150x150.jpeg\",\"contentUrl\":\"https:\/\/dicodusport.fr\/blog\/wp-content\/uploads\/2021\/05\/Nicolas-Jacquemard-150x150.jpeg\",\"caption\":\"Nicolas Jacquemard\"},\"description\":\"Passionn\u00e9 de sport et entrepreneur depuis mes 18 ans, la cr\u00e9ation de Dicodusport m'a sembl\u00e9 \u00e9vidente pour participer \u00e0 la m\u00e9diatisation d'un plus grand nombre de sports. Le chemin est long mais avec une \u00e9quipe des plus motiv\u00e9es et les Jeux Olympiques de Paris 2024 en point de mire, nous y arriverons ! Journaliste dans le monde du sport depuis plus de 5 ans, je traite aussi bien de football, de rugby, de biathlon que de cyclisme.\",\"sameAs\":[\"https:\/\/www.facebook.com\/dicodusport\",\"https:\/\/x.com\/https:\/\/twitter.com\/Nico_Jacquemard\"],\"url\":\"https:\/\/dicodusport.fr\/blog\/author\/dicodusport\/\"}]}<\/script>\n<!-- \/ Yoast SEO Premium plugin. -->","yoast_head_json":{"title":"Romain Ntamack \u00e9lu r\u00e9v\u00e9lation World Rugby de l'ann\u00e9e 2019","description":"World Rugby Awards - Le XV de France n'a pas tout perdu, puisqu'un de ses jeunes coqs vient d'\u00eatre \u00e9lu r\u00e9v\u00e9lation de l'ann\u00e9e 2019 : Romain Ntamack.","robots":{"index":"index","follow":"follow","max-snippet":"max-snippet:-1","max-image-preview":"max-image-preview:large","max-video-preview":"max-video-preview:-1"},"canonical":"https:\/\/dicodusport.fr\/blog\/romain-ntamack-elu-revelation-world-rugby-annee-2019\/","og_locale":"fr_FR","og_type":"article","og_title":"Romain Ntamack \u00e9lu r\u00e9v\u00e9lation World Rugby de l'ann\u00e9e 2019","og_description":"World Rugby Awards - Le XV de France n'a pas tout perdu, puisqu'un de ses jeunes coqs vient d'\u00eatre \u00e9lu r\u00e9v\u00e9lation de l'ann\u00e9e 2019 : Romain Ntamack.","og_url":"https:\/\/dicodusport.fr\/blog\/romain-ntamack-elu-revelation-world-rugby-annee-2019\/","og_site_name":"Dicodusport","article_publisher":"https:\/\/www.facebook.com\/dicodusport","article_author":"https:\/\/www.facebook.com\/dicodusport","article_published_time":"2019-11-03T12:10:39+00:00","article_modified_time":"2019-11-05T11:45:22+00:00","og_image":[{"width":800,"height":445,"url":"https:\/\/dicodusport.fr\/blog\/wp-content\/uploads\/2019\/11\/Romain-Ntamack-\u00e9lu-r\u00e9v\u00e9lation-World-Rugby-de-lann\u00e9e-2019.png","type":"image\/png"}],"author":"Nicolas Jacquemard","twitter_card":"summary_large_image","twitter_title":"Romain Ntamack \u00e9lu r\u00e9v\u00e9lation World Rugby de l'ann\u00e9e 2019","twitter_creator":"@https:\/\/twitter.com\/Nico_Jacquemard","twitter_site":"@dicodusport","schema":{"@context":"https:\/\/schema.org","@graph":[{"@type":"NewsArticle","@id":"https:\/\/dicodusport.fr\/blog\/romain-ntamack-elu-revelation-world-rugby-annee-2019\/#article","isPartOf":{"@id":"https:\/\/dicodusport.fr\/blog\/romain-ntamack-elu-revelation-world-rugby-annee-2019\/"},"author":{"name":"Nicolas Jacquemard","@id":"https:\/\/dicodusport.fr\/blog\/#\/schema\/person\/55dcb50ad410894e431ed812bbb70191"},"headline":"Romain Ntamack \u00e9lu r\u00e9v\u00e9lation World Rugby de l&rsquo;ann\u00e9e 2019","datePublished":"2019-11-03T12:10:39+00:00","dateModified":"2019-11-05T11:45:22+00:00","mainEntityOfPage":{"@id":"https:\/\/dicodusport.fr\/blog\/romain-ntamack-elu-revelation-world-rugby-annee-2019\/"},"wordCount":250,"commentCount":0,"publisher":{"@id":"https:\/\/dicodusport.fr\/blog\/#organization"},"image":{"@id":"https:\/\/dicodusport.fr\/blog\/romain-ntamack-elu-revelation-world-rugby-annee-2019\/#primaryimage"},"thumbnailUrl":"https:\/\/dicodusport.fr\/blog\/wp-content\/uploads\/2019\/11\/Romain-Ntamack-\u00e9lu-r\u00e9v\u00e9lation-World-Rugby-de-lann\u00e9e-2019.png","keywords":["Ntamack","Romain Ntamack","XV de France"],"articleSection":["Rugby"],"inLanguage":"fr-FR","potentialAction":[{"@type":"CommentAction","name":"Comment","target":["https:\/\/dicodusport.fr\/blog\/romain-ntamack-elu-revelation-world-rugby-annee-2019\/#respond"]}],"copyrightYear":"2019","copyrightHolder":{"@id":"https:\/\/dicodusport.fr\/blog\/#organization"}},{"@type":"WebPage","@id":"https:\/\/dicodusport.fr\/blog\/romain-ntamack-elu-revelation-world-rugby-annee-2019\/","url":"https:\/\/dicodusport.fr\/blog\/romain-ntamack-elu-revelation-world-rugby-annee-2019\/","name":"Romain Ntamack \u00e9lu r\u00e9v\u00e9lation World Rugby de l'ann\u00e9e 2019","isPartOf":{"@id":"https:\/\/dicodusport.fr\/blog\/#website"},"primaryImageOfPage":{"@id":"https:\/\/dicodusport.fr\/blog\/romain-ntamack-elu-revelation-world-rugby-annee-2019\/#primaryimage"},"image":{"@id":"https:\/\/dicodusport.fr\/blog\/romain-ntamack-elu-revelation-world-rugby-annee-2019\/#primaryimage"},"thumbnailUrl":"https:\/\/dicodusport.fr\/blog\/wp-content\/uploads\/2019\/11\/Romain-Ntamack-\u00e9lu-r\u00e9v\u00e9lation-World-Rugby-de-lann\u00e9e-2019.png","datePublished":"2019-11-03T12:10:39+00:00","dateModified":"2019-11-05T11:45:22+00:00","description":"World Rugby Awards - Le XV de France n'a pas tout perdu, puisqu'un de ses jeunes coqs vient d'\u00eatre \u00e9lu r\u00e9v\u00e9lation de l'ann\u00e9e 2019 : Romain Ntamack.","breadcrumb":{"@id":"https:\/\/dicodusport.fr\/blog\/romain-ntamack-elu-revelation-world-rugby-annee-2019\/#breadcrumb"},"inLanguage":"fr-FR","potentialAction":[{"@type":"ReadAction","target":["https:\/\/dicodusport.fr\/blog\/romain-ntamack-elu-revelation-world-rugby-annee-2019\/"]}]},{"@type":"ImageObject","inLanguage":"fr-FR","@id":"https:\/\/dicodusport.fr\/blog\/romain-ntamack-elu-revelation-world-rugby-annee-2019\/#primaryimage","url":"https:\/\/dicodusport.fr\/blog\/wp-content\/uploads\/2019\/11\/Romain-Ntamack-\u00e9lu-r\u00e9v\u00e9lation-World-Rugby-de-lann\u00e9e-2019.png","contentUrl":"https:\/\/dicodusport.fr\/blog\/wp-content\/uploads\/2019\/11\/Romain-Ntamack-\u00e9lu-r\u00e9v\u00e9lation-World-Rugby-de-lann\u00e9e-2019.png","width":800,"height":445,"caption":"Romain Ntamack \u00e9lu r\u00e9v\u00e9lation World Rugby de l'ann\u00e9e 2019"},{"@type":"BreadcrumbList","@id":"https:\/\/dicodusport.fr\/blog\/romain-ntamack-elu-revelation-world-rugby-annee-2019\/#breadcrumb","itemListElement":[{"@type":"ListItem","position":1,"name":"Accueil","item":"https:\/\/dicodusport.fr\/blog\/"},{"@type":"ListItem","position":2,"name":"Romain Ntamack \u00e9lu r\u00e9v\u00e9lation World Rugby de l&rsquo;ann\u00e9e 2019"}]},{"@type":"WebSite","@id":"https:\/\/dicodusport.fr\/blog\/#website","url":"https:\/\/dicodusport.fr\/blog\/","name":"Dicodusport","description":"L&#039;encyclop\u00e9die de l&#039;actualit\u00e9 sportive","publisher":{"@id":"https:\/\/dicodusport.fr\/blog\/#organization"},"potentialAction":[{"@type":"SearchAction","target":{"@type":"EntryPoint","urlTemplate":"https:\/\/dicodusport.fr\/blog\/?s={search_term_string}"},"query-input":{"@type":"PropertyValueSpecification","valueRequired":true,"valueName":"search_term_string"}}],"inLanguage":"fr-FR"},{"@type":"NewsMediaOrganization","@id":"https:\/\/dicodusport.fr\/blog\/#organization","name":"Dicodusport","url":"https:\/\/dicodusport.fr\/blog\/","logo":{"@type":"ImageObject","inLanguage":"fr-FR","@id":"https:\/\/dicodusport.fr\/blog\/#\/schema\/logo\/image\/","url":"https:\/\/dicodusport.fr\/blog\/wp-content\/uploads\/2020\/06\/cropped-LOGO-DICODUSPORT-2020-SANS-FOND-SANS-TEXTE.png","contentUrl":"https:\/\/dicodusport.fr\/blog\/wp-content\/uploads\/2020\/06\/cropped-LOGO-DICODUSPORT-2020-SANS-FOND-SANS-TEXTE.png","width":512,"height":512,"caption":"Dicodusport"},"image":{"@id":"https:\/\/dicodusport.fr\/blog\/#\/schema\/logo\/image\/"},"sameAs":["https:\/\/www.facebook.com\/dicodusport","https:\/\/x.com\/dicodusport","https:\/\/www.instagram.com\/dicodusport\/","https:\/\/www.youtube.com\/channel\/UC7V2KZ5sd3htJivAbA4ZG3w"],"description":"Dicodusport est l'encyclop\u00e9die de l'actualit\u00e9 sportive.","email":"bonjour@dicodusport.fr","legalName":"DICODUSPORT","foundingDate":"2018-01-14","vatID":"FR71834470973","taxID":"83447097300043","numberOfEmployees":{"@type":"QuantitativeValue","minValue":"1","maxValue":"10"}},{"@type":"Person","@id":"https:\/\/dicodusport.fr\/blog\/#\/schema\/person\/55dcb50ad410894e431ed812bbb70191","name":"Nicolas Jacquemard","image":{"@type":"ImageObject","inLanguage":"fr-FR","@id":"https:\/\/dicodusport.fr\/blog\/#\/schema\/person\/image\/","url":"https:\/\/dicodusport.fr\/blog\/wp-content\/uploads\/2021\/05\/Nicolas-Jacquemard-150x150.jpeg","contentUrl":"https:\/\/dicodusport.fr\/blog\/wp-content\/uploads\/2021\/05\/Nicolas-Jacquemard-150x150.jpeg","caption":"Nicolas Jacquemard"},"description":"Passionn\u00e9 de sport et entrepreneur depuis mes 18 ans, la cr\u00e9ation de Dicodusport m'a sembl\u00e9 \u00e9vidente pour participer \u00e0 la m\u00e9diatisation d'un plus grand nombre de sports. Le chemin est long mais avec une \u00e9quipe des plus motiv\u00e9es et les Jeux Olympiques de Paris 2024 en point de mire, nous y arriverons ! Journaliste dans le monde du sport depuis plus de 5 ans, je traite aussi bien de football, de rugby, de biathlon que de cyclisme.","sameAs":["https:\/\/www.facebook.com\/dicodusport","https:\/\/x.com\/https:\/\/twitter.com\/Nico_Jacquemard"],"url":"https:\/\/dicodusport.fr\/blog\/author\/dicodusport\/"}]}},"_links":{"self":[{"href":"https:\/\/dicodusport.fr\/blog\/wp-json\/wp\/v2\/posts\/52845","targetHints":{"allow":["GET"]}}],"collection":[{"href":"https:\/\/dicodusport.fr\/blog\/wp-json\/wp\/v2\/posts"}],"about":[{"href":"https:\/\/dicodusport.fr\/blog\/wp-json\/wp\/v2\/types\/post"}],"author":[{"embeddable":true,"href":"https:\/\/dicodusport.fr\/blog\/wp-json\/wp\/v2\/users\/1"}],"replies":[{"embeddable":true,"href":"https:\/\/dicodusport.fr\/blog\/wp-json\/wp\/v2\/comments?post=52845"}],"version-history":[{"count":0,"href":"https:\/\/dicodusport.fr\/blog\/wp-json\/wp\/v2\/posts\/52845\/revisions"}],"wp:featuredmedia":[{"embeddable":true,"href":"https:\/\/dicodusport.fr\/blog\/wp-json\/wp\/v2\/media\/52851"}],"wp:attachment":[{"href":"https:\/\/dicodusport.fr\/blog\/wp-json\/wp\/v2\/media?parent=52845"}],"wp:term":[{"taxonomy":"category","embeddable":true,"href":"https:\/\/dicodusport.fr\/blog\/wp-json\/wp\/v2\/categories?post=52845"},{"taxonomy":"post_tag","embeddable":true,"href":"https:\/\/dicodusport.fr\/blog\/wp-json\/wp\/v2\/tags?post=52845"}],"curies":[{"name":"wp","href":"https:\/\/api.w.org\/{rel}","templated":true}]}}