{"id":528650,"date":"2024-10-23T20:48:06","date_gmt":"2024-10-23T18:48:06","guid":{"rendered":"https:\/\/dicodusport.fr\/blog\/?p=528650&#038;preview=true&#038;preview_id=528650"},"modified":"2025-09-16T08:52:08","modified_gmt":"2025-09-16T06:52:08","slug":"ligue-des-champions-j3-brest-resiste-au-bayer-leverkusen","status":"publish","type":"post","link":"https:\/\/dicodusport.fr\/blog\/ligue-des-champions-j3-brest-resiste-au-bayer-leverkusen\/","title":{"rendered":"Ligue des Champions (J3) : Brest r\u00e9siste au Bayer Leverkusen"},"content":{"rendered":"<h4 style=\"font-weight: 400; text-align: justify;\"><strong><em>LIGUE DES CHAMPIONS 2024-2025 &#8211; La magie de la Coupe d\u2019Europe frappe encore \u00e0 Brest. Au terme d\u2019un match de bon niveau, le Stade Brestois accroche le Bayer Leverkusen (1-1) et reste invaincu en Ligue des Champions.<\/em><\/strong><\/h4>\n<ul>\n<li style=\"text-align: justify;\"><strong>\u00c0 ce sujet \u2013 <a href=\"https:\/\/dicodusport.fr\/blog\/video-resume-brest-leverkusen-3eme-journee-de-ligue-des-champions\/\">[Vid\u00e9o] R\u00e9sum\u00e9 Brest \u2013 Leverkusen, 3\u00e8me journ\u00e9e de Ligue des champions<\/a><\/strong><\/li>\n<\/ul>\n<p style=\"text-align: justify;\"><span style=\"font-weight: 400;\">Rares sont ceux qui auraient mis\u00e9 sur une pi\u00e8ce sur un tel parcours du <\/span><b>Stade Brestois<\/b> en C1. Et pourtant, apr\u00e8s trois matchs, <b>Brest<\/b> est toujours invaincu, et n&rsquo;est plus qu&rsquo;\u00e0 3 points de la qualification ! Au stade du Roudourou, les joueurs d\u2019\u00c9ric Roy ont accroch\u00e9 le champion d\u2019Allemagne, le <b>Bayer Leverkusen<\/b> (1-1). Et ce r\u00e9sultat fut logique. Bien que domin\u00e9s en d\u00e9but de match, et sanctionn\u00e9s par un but plein de sang-froid de <b>Florian Wirtz<\/b> (21\u2019), les Brestois n\u2019ont jamais paniqu\u00e9. Agressifs au duel et tr\u00e8s volontaires, les Bretons\u00a0ont logiquement \u00e9galis\u00e9 avant la pause gr\u00e2ce \u00e0 une inspiration g\u00e9niale de <strong>Pierre Lees-Melou<\/strong> (39\u2019).<\/p>\n<ul>\n<li style=\"text-align: justify;\"><strong>\u00c0 ce sujet \u2013\u00a0<a title=\"Classement Ligue des Champions 2024-2025 (PSG, Lille, Monaco et Brest)\" href=\"https:\/\/dicodusport.fr\/blog\/classement-ligue-des-champions-2024-2025-psg-lille-monaco-et-brest\/\" rel=\"\">Classement Ligue des Champions<\/a><\/strong><\/li>\n<\/ul>\n<h2 style=\"font-weight: 400; text-align: justify;\"><strong>La puissance brestoise<\/strong><\/h2>\n<p style=\"text-align: justify;\"><span style=\"font-weight: 400;\">Accroch\u00e9s, les Allemands ont tent\u00e9 le tout pour le tout dans le deuxi\u00e8me acte. D\u00e8s la 60\u2019, <\/span><b>Xabi Alonso<\/b> a fait entrer les habituels titulaires <b>Granit Xhaka<\/b> et <strong>J<\/strong><b>eremie Frimpong<\/b>, ainsi qu\u2019<strong>Amine Adli<\/strong>. Mais ces changements n\u2019ont pas eu l\u2019effet escompt\u00e9. Port\u00e9s par un public chaud bouillant et par un trio <b>Hugo Magnetti<\/b> \u2013 <b>Mahdi Camara<\/b> &#8211; <b>Pierre Lees-Melou<\/b> exceptionnel au milieu de terrain, les Brestois ont tenu le choc face aux assauts allemands. Mieux que \u00e7a, les Bretons ont failli r\u00e9aliser le coup parfait en fin de match. Mais malheureusement, <b>Mama Bald\u00e9<\/b> n\u2019a pas assez crois\u00e9 son tir (87\u2019). Frustr\u00e9, le Bayer a totalement perdu le contr\u00f4le en fin de match, aussi bien sur le banc (carton jaune pour <b>Xabi Alonso<\/b>), que sur le terrain (grosse faute de frustration du capitaine <b>Jonathan Tah<\/b> \u00e0 la 92\u2019).<\/p>\n<p style=\"font-weight: 400; text-align: justify;\">Apr\u00e8s de longs arr\u00eats de jeu, <strong>Brest<\/strong> obtient un point logique et poursuit son parcours fou en Ligue des Champions. Pour leur premi\u00e8re participation, les Brestois ont pris 7 points sur 9 et occupent le haut du tableau de la phase r\u00e9guli\u00e8re. Inesp\u00e9r\u00e9 !<\/p>\n<blockquote class=\"twitter-tweet\">\n<p dir=\"ltr\" lang=\"fr\">\u231a\ufe0f| 90&prime; Coup de sifflet final ici \u00e0 Roudourou ! Apr\u00e8s avoir \u00e9t\u00e9 men\u00e9 par le champion d&rsquo;Allemagne, le Stade Brestois 29 a fait preuve de caract\u00e8re pour accrocher le match nul et reste toujours invaincu apr\u00e8s 3 rencontres de <a href=\"https:\/\/twitter.com\/ChampionsLeague?ref_src=twsrc%5Etfw\">@ChampionsLeague<\/a> \ud83e\udd29<\/p>\n<p>MERCI MESSIEURS \u2764\ufe0f\ud83e\udd0d<a href=\"https:\/\/twitter.com\/hashtag\/SB29B04?src=hash&amp;ref_src=twsrc%5Etfw\">#SB29B04<\/a> 1\ufe0f\u20e3-1\ufe0f\u20e3 <a href=\"https:\/\/t.co\/MIxS4VI8tk\">pic.twitter.com\/MIxS4VI8tk<\/a><\/p>\n<p>\u2014 Stade Brestois 29 (@SB29) <a href=\"https:\/\/twitter.com\/SB29\/status\/1849158935510491464?ref_src=twsrc%5Etfw\">October 23, 2024<\/a><\/p><\/blockquote>\n<p><script async src=\"https:\/\/platform.twitter.com\/widgets.js\" charset=\"utf-8\"><\/script><\/p>\n<h2 style=\"font-weight: 400;\"><strong>L\u2019action du match\u00a0: le bijou de Pierre Lees-Melou<\/strong><\/h2>\n<p style=\"font-weight: 400; text-align: justify;\"><span style=\"font-weight: 400;\">Critiqu\u00e9 ces derni\u00e8res semaines, <\/span><b>Pierre Lees-Melou <\/b>a r\u00e9pondu de fort belle mani\u00e8re sur le terrain. Seul \u00e0 la r\u00e9ception d\u2019un centre de Camara, \u00ab PLM \u00bb d\u00e9clenche une reprise de vol\u00e9e monumentale des 20 m\u00e8tres et \u00e9galise pour son club. Ce but va sans doute faire le tour d\u2019Europe dans les prochains jours. M\u00e9rit\u00e9 pour le joueur, de retour de blessure et d\u00e9j\u00e0 indispensable pour son club.<\/p>\n<blockquote class=\"twitter-tweet\" data-media-max-width=\"840\">\n<p dir=\"ltr\" lang=\"fr\">PIERRE LEES-MELOU RALLUME TOUT LE STADE ET \u00c9GALISE FACE \u00c0 LEVERKUSEN !! \ud83d\udd25<\/p>\n<p>Quelle voll\u00e9e, et quelle c\u00e9l\u00e9bration \ud83e\udd37\u200d\u2642\ufe0f<a href=\"https:\/\/twitter.com\/hashtag\/SB29B04?src=hash&amp;ref_src=twsrc%5Etfw\">#SB29B04<\/a> | <a href=\"https:\/\/twitter.com\/hashtag\/UCL?src=hash&amp;ref_src=twsrc%5Etfw\">#UCL<\/a> <a href=\"https:\/\/t.co\/k9WqAJF1fo\">pic.twitter.com\/k9WqAJF1fo<\/a><\/p>\n<p>\u2014 CANAL+ Foot (@CanalplusFoot) <a href=\"https:\/\/twitter.com\/CanalplusFoot\/status\/1849141325397963100?ref_src=twsrc%5Etfw\">October 23, 2024<\/a><\/p><\/blockquote>\n<p><script async src=\"https:\/\/platform.twitter.com\/widgets.js\" charset=\"utf-8\"><\/script><\/p>\n","protected":false},"excerpt":{"rendered":"<p>Brest r\u00e9siste au Bayer Leverkusen en faisant match nul<\/p>\n","protected":false},"author":39,"featured_media":528670,"comment_status":"open","ping_status":"closed","sticky":false,"template":"","format":"standard","meta":{"_acf_changed":false,"_daextam_enable_autolinks":"1","footnotes":""},"categories":[47250],"tags":[10163,5460,16878,75,419,24,5617],"class_list":["post-528650","post","type-post","status-publish","format-standard","has-post-thumbnail","hentry","category-ligue-des-champions-de-football","tag-bayer-leverkusen","tag-brest","tag-breve","tag-football","tag-ligue-des-champions","tag-sport","tag-stade-brestois"],"acf":[],"yoast_head":"<!-- This site is optimized with the Yoast SEO Premium plugin v26.7 (Yoast SEO v26.7) - https:\/\/yoast.com\/wordpress\/plugins\/seo\/ -->\n<title>Ligue des Champions (J3) : Brest r\u00e9siste au Bayer Leverkusen<\/title>\n<meta name=\"description\" content=\"LIGUE DES CHAMPIONS 2024-2025 - Au terme d\u2019un match de bon niveau, le Stade Brestois accroche le Bayer Leverkusen (1-1).\" \/>\n<meta name=\"robots\" content=\"index, follow, max-snippet:-1, max-image-preview:large, max-video-preview:-1\" \/>\n<link rel=\"canonical\" href=\"https:\/\/dicodusport.fr\/blog\/ligue-des-champions-j3-brest-resiste-au-bayer-leverkusen\/\" \/>\n<meta property=\"og:locale\" content=\"fr_FR\" \/>\n<meta property=\"og:type\" content=\"article\" \/>\n<meta property=\"og:title\" content=\"Ligue des Champions (J3) : Brest r\u00e9siste au Bayer Leverkusen\" \/>\n<meta property=\"og:description\" content=\"LIGUE DES CHAMPIONS 2024-2025 - Au terme d\u2019un match de bon niveau, le Stade Brestois accroche le Bayer Leverkusen (1-1).\" \/>\n<meta property=\"og:url\" content=\"https:\/\/dicodusport.fr\/blog\/ligue-des-champions-j3-brest-resiste-au-bayer-leverkusen\/\" \/>\n<meta property=\"og:site_name\" content=\"Dicodusport\" \/>\n<meta property=\"article:publisher\" content=\"https:\/\/www.facebook.com\/dicodusport\" \/>\n<meta property=\"article:published_time\" content=\"2024-10-23T18:48:06+00:00\" \/>\n<meta property=\"article:modified_time\" content=\"2025-09-16T06:52:08+00:00\" \/>\n<meta property=\"og:image\" content=\"https:\/\/dicodusport.fr\/blog\/wp-content\/uploads\/2024\/10\/Ligue-des-Champions-J3-Brest-resiste-au-Bayer-Leverkusen-en-faisant-match-nul.png\" \/>\n\t<meta property=\"og:image:width\" content=\"1200\" \/>\n\t<meta property=\"og:image:height\" content=\"674\" \/>\n\t<meta property=\"og:image:type\" content=\"image\/png\" \/>\n<meta name=\"author\" content=\"Idriss Ahamada\" \/>\n<meta name=\"twitter:card\" content=\"summary_large_image\" \/>\n<meta name=\"twitter:title\" content=\"Ligue des Champions (J3) : Brest r\u00e9siste au Bayer Leverkusen\" \/>\n<meta name=\"twitter:creator\" content=\"@https:\/\/twitter.com\/idriss_ia7\" \/>\n<meta name=\"twitter:site\" content=\"@dicodusport\" \/>\n<script type=\"application\/ld+json\" class=\"yoast-schema-graph\">{\"@context\":\"https:\/\/schema.org\",\"@graph\":[{\"@type\":\"NewsArticle\",\"@id\":\"https:\/\/dicodusport.fr\/blog\/ligue-des-champions-j3-brest-resiste-au-bayer-leverkusen\/#article\",\"isPartOf\":{\"@id\":\"https:\/\/dicodusport.fr\/blog\/ligue-des-champions-j3-brest-resiste-au-bayer-leverkusen\/\"},\"author\":{\"name\":\"Idriss Ahamada\",\"@id\":\"https:\/\/dicodusport.fr\/blog\/#\/schema\/person\/f3797823174b5e2975b9efe0302f16f4\"},\"headline\":\"Ligue des Champions (J3) : Brest r\u00e9siste au Bayer Leverkusen\",\"datePublished\":\"2024-10-23T18:48:06+00:00\",\"dateModified\":\"2025-09-16T06:52:08+00:00\",\"mainEntityOfPage\":{\"@id\":\"https:\/\/dicodusport.fr\/blog\/ligue-des-champions-j3-brest-resiste-au-bayer-leverkusen\/\"},\"wordCount\":544,\"commentCount\":0,\"publisher\":{\"@id\":\"https:\/\/dicodusport.fr\/blog\/#organization\"},\"image\":{\"@id\":\"https:\/\/dicodusport.fr\/blog\/ligue-des-champions-j3-brest-resiste-au-bayer-leverkusen\/#primaryimage\"},\"thumbnailUrl\":\"https:\/\/dicodusport.fr\/blog\/wp-content\/uploads\/2024\/10\/Ligue-des-Champions-J3-Brest-resiste-au-Bayer-Leverkusen-en-faisant-match-nul.png\",\"keywords\":[\"Bayer Leverkusen\",\"Brest\",\"br\u00e8ve\",\"Football\",\"Ligue des champions\",\"sport\",\"Stade Brestois\"],\"articleSection\":[\"Ligue des Champions de football\"],\"inLanguage\":\"fr-FR\",\"potentialAction\":[{\"@type\":\"CommentAction\",\"name\":\"Comment\",\"target\":[\"https:\/\/dicodusport.fr\/blog\/ligue-des-champions-j3-brest-resiste-au-bayer-leverkusen\/#respond\"]}],\"copyrightYear\":\"2024\",\"copyrightHolder\":{\"@id\":\"https:\/\/dicodusport.fr\/blog\/#organization\"}},{\"@type\":\"WebPage\",\"@id\":\"https:\/\/dicodusport.fr\/blog\/ligue-des-champions-j3-brest-resiste-au-bayer-leverkusen\/\",\"url\":\"https:\/\/dicodusport.fr\/blog\/ligue-des-champions-j3-brest-resiste-au-bayer-leverkusen\/\",\"name\":\"Ligue des Champions (J3) : Brest r\u00e9siste au Bayer Leverkusen\",\"isPartOf\":{\"@id\":\"https:\/\/dicodusport.fr\/blog\/#website\"},\"primaryImageOfPage\":{\"@id\":\"https:\/\/dicodusport.fr\/blog\/ligue-des-champions-j3-brest-resiste-au-bayer-leverkusen\/#primaryimage\"},\"image\":{\"@id\":\"https:\/\/dicodusport.fr\/blog\/ligue-des-champions-j3-brest-resiste-au-bayer-leverkusen\/#primaryimage\"},\"thumbnailUrl\":\"https:\/\/dicodusport.fr\/blog\/wp-content\/uploads\/2024\/10\/Ligue-des-Champions-J3-Brest-resiste-au-Bayer-Leverkusen-en-faisant-match-nul.png\",\"datePublished\":\"2024-10-23T18:48:06+00:00\",\"dateModified\":\"2025-09-16T06:52:08+00:00\",\"description\":\"LIGUE DES CHAMPIONS 2024-2025 - Au terme d\u2019un match de bon niveau, le Stade Brestois accroche le Bayer Leverkusen (1-1).\",\"breadcrumb\":{\"@id\":\"https:\/\/dicodusport.fr\/blog\/ligue-des-champions-j3-brest-resiste-au-bayer-leverkusen\/#breadcrumb\"},\"inLanguage\":\"fr-FR\",\"potentialAction\":[{\"@type\":\"ReadAction\",\"target\":[\"https:\/\/dicodusport.fr\/blog\/ligue-des-champions-j3-brest-resiste-au-bayer-leverkusen\/\"]}]},{\"@type\":\"ImageObject\",\"inLanguage\":\"fr-FR\",\"@id\":\"https:\/\/dicodusport.fr\/blog\/ligue-des-champions-j3-brest-resiste-au-bayer-leverkusen\/#primaryimage\",\"url\":\"https:\/\/dicodusport.fr\/blog\/wp-content\/uploads\/2024\/10\/Ligue-des-Champions-J3-Brest-resiste-au-Bayer-Leverkusen-en-faisant-match-nul.png\",\"contentUrl\":\"https:\/\/dicodusport.fr\/blog\/wp-content\/uploads\/2024\/10\/Ligue-des-Champions-J3-Brest-resiste-au-Bayer-Leverkusen-en-faisant-match-nul.png\",\"width\":1200,\"height\":674,\"caption\":\"Ligue des Champions (J3) Brest r\u00e9siste au Bayer Leverkusen en faisant match nul\"},{\"@type\":\"BreadcrumbList\",\"@id\":\"https:\/\/dicodusport.fr\/blog\/ligue-des-champions-j3-brest-resiste-au-bayer-leverkusen\/#breadcrumb\",\"itemListElement\":[{\"@type\":\"ListItem\",\"position\":1,\"name\":\"Accueil\",\"item\":\"https:\/\/dicodusport.fr\/blog\/\"},{\"@type\":\"ListItem\",\"position\":2,\"name\":\"Ligue des Champions (J3) : Brest r\u00e9siste au Bayer Leverkusen\"}]},{\"@type\":\"WebSite\",\"@id\":\"https:\/\/dicodusport.fr\/blog\/#website\",\"url\":\"https:\/\/dicodusport.fr\/blog\/\",\"name\":\"Dicodusport\",\"description\":\"L&#039;encyclop\u00e9die de l&#039;actualit\u00e9 sportive\",\"publisher\":{\"@id\":\"https:\/\/dicodusport.fr\/blog\/#organization\"},\"potentialAction\":[{\"@type\":\"SearchAction\",\"target\":{\"@type\":\"EntryPoint\",\"urlTemplate\":\"https:\/\/dicodusport.fr\/blog\/?s={search_term_string}\"},\"query-input\":{\"@type\":\"PropertyValueSpecification\",\"valueRequired\":true,\"valueName\":\"search_term_string\"}}],\"inLanguage\":\"fr-FR\"},{\"@type\":\"NewsMediaOrganization\",\"@id\":\"https:\/\/dicodusport.fr\/blog\/#organization\",\"name\":\"Dicodusport\",\"url\":\"https:\/\/dicodusport.fr\/blog\/\",\"logo\":{\"@type\":\"ImageObject\",\"inLanguage\":\"fr-FR\",\"@id\":\"https:\/\/dicodusport.fr\/blog\/#\/schema\/logo\/image\/\",\"url\":\"https:\/\/dicodusport.fr\/blog\/wp-content\/uploads\/2020\/06\/cropped-LOGO-DICODUSPORT-2020-SANS-FOND-SANS-TEXTE.png\",\"contentUrl\":\"https:\/\/dicodusport.fr\/blog\/wp-content\/uploads\/2020\/06\/cropped-LOGO-DICODUSPORT-2020-SANS-FOND-SANS-TEXTE.png\",\"width\":512,\"height\":512,\"caption\":\"Dicodusport\"},\"image\":{\"@id\":\"https:\/\/dicodusport.fr\/blog\/#\/schema\/logo\/image\/\"},\"sameAs\":[\"https:\/\/www.facebook.com\/dicodusport\",\"https:\/\/x.com\/dicodusport\",\"https:\/\/www.instagram.com\/dicodusport\/\",\"https:\/\/www.youtube.com\/channel\/UC7V2KZ5sd3htJivAbA4ZG3w\"],\"description\":\"Dicodusport est l'encyclop\u00e9die de l'actualit\u00e9 sportive.\",\"email\":\"bonjour@dicodusport.fr\",\"legalName\":\"DICODUSPORT\",\"foundingDate\":\"2018-01-14\",\"vatID\":\"FR71834470973\",\"taxID\":\"83447097300043\",\"numberOfEmployees\":{\"@type\":\"QuantitativeValue\",\"minValue\":\"1\",\"maxValue\":\"10\"}},{\"@type\":\"Person\",\"@id\":\"https:\/\/dicodusport.fr\/blog\/#\/schema\/person\/f3797823174b5e2975b9efe0302f16f4\",\"name\":\"Idriss Ahamada\",\"image\":{\"@type\":\"ImageObject\",\"inLanguage\":\"fr-FR\",\"@id\":\"https:\/\/dicodusport.fr\/blog\/#\/schema\/person\/image\/\",\"url\":\"https:\/\/dicodusport.fr\/blog\/wp-content\/uploads\/2021\/04\/Maillot-Idriss-Dicodusport-150x150.png\",\"contentUrl\":\"https:\/\/dicodusport.fr\/blog\/wp-content\/uploads\/2021\/04\/Maillot-Idriss-Dicodusport-150x150.png\",\"caption\":\"Idriss Ahamada\"},\"description\":\"Passionn\u00e9 de sport depuis toujours, c\u2019est tout naturellement qu\u2019apr\u00e8s avoir compris que je n\u2019avais pas le niveau pour jouer \u00e0 Manchester United, et pas la force n\u00e9cessaire pour combattre \u00e0 l\u2019UFC que je me suis tourn\u00e9 vers le journalisme pour raconter les exploits et les histoires de ceux qui en sont capables. Le football, surtout quand il est jou\u00e9 en Angleterre, reste mon premier amour. Mais j\u2019aime aussi veiller la nuit pour vous parler de KO et de victoires unanimes \u00e0 l\u2019UFC ou sur les rings de boxe. Mon c\u00f4t\u00e9 fan de Wayne Rooney m\u2019a \u00e9galement pouss\u00e9 \u00e0 devenir polyvalent et \u00e0 parler aussi de rugby (\u00e0 XIII comme \u00e0 XV) et occasionnellement de cyclisme. C\u2019est donc logiquement que j\u2019ai rejoint Dicodusport, pour pouvoir parler de l\u2019actualit\u00e9, sur tous les terrains.\",\"sameAs\":[\"https:\/\/x.com\/https:\/\/twitter.com\/idriss_ia7\"],\"url\":\"https:\/\/dicodusport.fr\/blog\/author\/idriss\/\"}]}<\/script>\n<!-- \/ Yoast SEO Premium plugin. -->","yoast_head_json":{"title":"Ligue des Champions (J3) : Brest r\u00e9siste au Bayer Leverkusen","description":"LIGUE DES CHAMPIONS 2024-2025 - Au terme d\u2019un match de bon niveau, le Stade Brestois accroche le Bayer Leverkusen (1-1).","robots":{"index":"index","follow":"follow","max-snippet":"max-snippet:-1","max-image-preview":"max-image-preview:large","max-video-preview":"max-video-preview:-1"},"canonical":"https:\/\/dicodusport.fr\/blog\/ligue-des-champions-j3-brest-resiste-au-bayer-leverkusen\/","og_locale":"fr_FR","og_type":"article","og_title":"Ligue des Champions (J3) : Brest r\u00e9siste au Bayer Leverkusen","og_description":"LIGUE DES CHAMPIONS 2024-2025 - Au terme d\u2019un match de bon niveau, le Stade Brestois accroche le Bayer Leverkusen (1-1).","og_url":"https:\/\/dicodusport.fr\/blog\/ligue-des-champions-j3-brest-resiste-au-bayer-leverkusen\/","og_site_name":"Dicodusport","article_publisher":"https:\/\/www.facebook.com\/dicodusport","article_published_time":"2024-10-23T18:48:06+00:00","article_modified_time":"2025-09-16T06:52:08+00:00","og_image":[{"width":1200,"height":674,"url":"https:\/\/dicodusport.fr\/blog\/wp-content\/uploads\/2024\/10\/Ligue-des-Champions-J3-Brest-resiste-au-Bayer-Leverkusen-en-faisant-match-nul.png","type":"image\/png"}],"author":"Idriss Ahamada","twitter_card":"summary_large_image","twitter_title":"Ligue des Champions (J3) : Brest r\u00e9siste au Bayer Leverkusen","twitter_creator":"@https:\/\/twitter.com\/idriss_ia7","twitter_site":"@dicodusport","schema":{"@context":"https:\/\/schema.org","@graph":[{"@type":"NewsArticle","@id":"https:\/\/dicodusport.fr\/blog\/ligue-des-champions-j3-brest-resiste-au-bayer-leverkusen\/#article","isPartOf":{"@id":"https:\/\/dicodusport.fr\/blog\/ligue-des-champions-j3-brest-resiste-au-bayer-leverkusen\/"},"author":{"name":"Idriss Ahamada","@id":"https:\/\/dicodusport.fr\/blog\/#\/schema\/person\/f3797823174b5e2975b9efe0302f16f4"},"headline":"Ligue des Champions (J3) : Brest r\u00e9siste au Bayer Leverkusen","datePublished":"2024-10-23T18:48:06+00:00","dateModified":"2025-09-16T06:52:08+00:00","mainEntityOfPage":{"@id":"https:\/\/dicodusport.fr\/blog\/ligue-des-champions-j3-brest-resiste-au-bayer-leverkusen\/"},"wordCount":544,"commentCount":0,"publisher":{"@id":"https:\/\/dicodusport.fr\/blog\/#organization"},"image":{"@id":"https:\/\/dicodusport.fr\/blog\/ligue-des-champions-j3-brest-resiste-au-bayer-leverkusen\/#primaryimage"},"thumbnailUrl":"https:\/\/dicodusport.fr\/blog\/wp-content\/uploads\/2024\/10\/Ligue-des-Champions-J3-Brest-resiste-au-Bayer-Leverkusen-en-faisant-match-nul.png","keywords":["Bayer Leverkusen","Brest","br\u00e8ve","Football","Ligue des champions","sport","Stade Brestois"],"articleSection":["Ligue des Champions de football"],"inLanguage":"fr-FR","potentialAction":[{"@type":"CommentAction","name":"Comment","target":["https:\/\/dicodusport.fr\/blog\/ligue-des-champions-j3-brest-resiste-au-bayer-leverkusen\/#respond"]}],"copyrightYear":"2024","copyrightHolder":{"@id":"https:\/\/dicodusport.fr\/blog\/#organization"}},{"@type":"WebPage","@id":"https:\/\/dicodusport.fr\/blog\/ligue-des-champions-j3-brest-resiste-au-bayer-leverkusen\/","url":"https:\/\/dicodusport.fr\/blog\/ligue-des-champions-j3-brest-resiste-au-bayer-leverkusen\/","name":"Ligue des Champions (J3) : Brest r\u00e9siste au Bayer Leverkusen","isPartOf":{"@id":"https:\/\/dicodusport.fr\/blog\/#website"},"primaryImageOfPage":{"@id":"https:\/\/dicodusport.fr\/blog\/ligue-des-champions-j3-brest-resiste-au-bayer-leverkusen\/#primaryimage"},"image":{"@id":"https:\/\/dicodusport.fr\/blog\/ligue-des-champions-j3-brest-resiste-au-bayer-leverkusen\/#primaryimage"},"thumbnailUrl":"https:\/\/dicodusport.fr\/blog\/wp-content\/uploads\/2024\/10\/Ligue-des-Champions-J3-Brest-resiste-au-Bayer-Leverkusen-en-faisant-match-nul.png","datePublished":"2024-10-23T18:48:06+00:00","dateModified":"2025-09-16T06:52:08+00:00","description":"LIGUE DES CHAMPIONS 2024-2025 - Au terme d\u2019un match de bon niveau, le Stade Brestois accroche le Bayer Leverkusen (1-1).","breadcrumb":{"@id":"https:\/\/dicodusport.fr\/blog\/ligue-des-champions-j3-brest-resiste-au-bayer-leverkusen\/#breadcrumb"},"inLanguage":"fr-FR","potentialAction":[{"@type":"ReadAction","target":["https:\/\/dicodusport.fr\/blog\/ligue-des-champions-j3-brest-resiste-au-bayer-leverkusen\/"]}]},{"@type":"ImageObject","inLanguage":"fr-FR","@id":"https:\/\/dicodusport.fr\/blog\/ligue-des-champions-j3-brest-resiste-au-bayer-leverkusen\/#primaryimage","url":"https:\/\/dicodusport.fr\/blog\/wp-content\/uploads\/2024\/10\/Ligue-des-Champions-J3-Brest-resiste-au-Bayer-Leverkusen-en-faisant-match-nul.png","contentUrl":"https:\/\/dicodusport.fr\/blog\/wp-content\/uploads\/2024\/10\/Ligue-des-Champions-J3-Brest-resiste-au-Bayer-Leverkusen-en-faisant-match-nul.png","width":1200,"height":674,"caption":"Ligue des Champions (J3) Brest r\u00e9siste au Bayer Leverkusen en faisant match nul"},{"@type":"BreadcrumbList","@id":"https:\/\/dicodusport.fr\/blog\/ligue-des-champions-j3-brest-resiste-au-bayer-leverkusen\/#breadcrumb","itemListElement":[{"@type":"ListItem","position":1,"name":"Accueil","item":"https:\/\/dicodusport.fr\/blog\/"},{"@type":"ListItem","position":2,"name":"Ligue des Champions (J3) : Brest r\u00e9siste au Bayer Leverkusen"}]},{"@type":"WebSite","@id":"https:\/\/dicodusport.fr\/blog\/#website","url":"https:\/\/dicodusport.fr\/blog\/","name":"Dicodusport","description":"L&#039;encyclop\u00e9die de l&#039;actualit\u00e9 sportive","publisher":{"@id":"https:\/\/dicodusport.fr\/blog\/#organization"},"potentialAction":[{"@type":"SearchAction","target":{"@type":"EntryPoint","urlTemplate":"https:\/\/dicodusport.fr\/blog\/?s={search_term_string}"},"query-input":{"@type":"PropertyValueSpecification","valueRequired":true,"valueName":"search_term_string"}}],"inLanguage":"fr-FR"},{"@type":"NewsMediaOrganization","@id":"https:\/\/dicodusport.fr\/blog\/#organization","name":"Dicodusport","url":"https:\/\/dicodusport.fr\/blog\/","logo":{"@type":"ImageObject","inLanguage":"fr-FR","@id":"https:\/\/dicodusport.fr\/blog\/#\/schema\/logo\/image\/","url":"https:\/\/dicodusport.fr\/blog\/wp-content\/uploads\/2020\/06\/cropped-LOGO-DICODUSPORT-2020-SANS-FOND-SANS-TEXTE.png","contentUrl":"https:\/\/dicodusport.fr\/blog\/wp-content\/uploads\/2020\/06\/cropped-LOGO-DICODUSPORT-2020-SANS-FOND-SANS-TEXTE.png","width":512,"height":512,"caption":"Dicodusport"},"image":{"@id":"https:\/\/dicodusport.fr\/blog\/#\/schema\/logo\/image\/"},"sameAs":["https:\/\/www.facebook.com\/dicodusport","https:\/\/x.com\/dicodusport","https:\/\/www.instagram.com\/dicodusport\/","https:\/\/www.youtube.com\/channel\/UC7V2KZ5sd3htJivAbA4ZG3w"],"description":"Dicodusport est l'encyclop\u00e9die de l'actualit\u00e9 sportive.","email":"bonjour@dicodusport.fr","legalName":"DICODUSPORT","foundingDate":"2018-01-14","vatID":"FR71834470973","taxID":"83447097300043","numberOfEmployees":{"@type":"QuantitativeValue","minValue":"1","maxValue":"10"}},{"@type":"Person","@id":"https:\/\/dicodusport.fr\/blog\/#\/schema\/person\/f3797823174b5e2975b9efe0302f16f4","name":"Idriss Ahamada","image":{"@type":"ImageObject","inLanguage":"fr-FR","@id":"https:\/\/dicodusport.fr\/blog\/#\/schema\/person\/image\/","url":"https:\/\/dicodusport.fr\/blog\/wp-content\/uploads\/2021\/04\/Maillot-Idriss-Dicodusport-150x150.png","contentUrl":"https:\/\/dicodusport.fr\/blog\/wp-content\/uploads\/2021\/04\/Maillot-Idriss-Dicodusport-150x150.png","caption":"Idriss Ahamada"},"description":"Passionn\u00e9 de sport depuis toujours, c\u2019est tout naturellement qu\u2019apr\u00e8s avoir compris que je n\u2019avais pas le niveau pour jouer \u00e0 Manchester United, et pas la force n\u00e9cessaire pour combattre \u00e0 l\u2019UFC que je me suis tourn\u00e9 vers le journalisme pour raconter les exploits et les histoires de ceux qui en sont capables. Le football, surtout quand il est jou\u00e9 en Angleterre, reste mon premier amour. Mais j\u2019aime aussi veiller la nuit pour vous parler de KO et de victoires unanimes \u00e0 l\u2019UFC ou sur les rings de boxe. Mon c\u00f4t\u00e9 fan de Wayne Rooney m\u2019a \u00e9galement pouss\u00e9 \u00e0 devenir polyvalent et \u00e0 parler aussi de rugby (\u00e0 XIII comme \u00e0 XV) et occasionnellement de cyclisme. C\u2019est donc logiquement que j\u2019ai rejoint Dicodusport, pour pouvoir parler de l\u2019actualit\u00e9, sur tous les terrains.","sameAs":["https:\/\/x.com\/https:\/\/twitter.com\/idriss_ia7"],"url":"https:\/\/dicodusport.fr\/blog\/author\/idriss\/"}]}},"_links":{"self":[{"href":"https:\/\/dicodusport.fr\/blog\/wp-json\/wp\/v2\/posts\/528650","targetHints":{"allow":["GET"]}}],"collection":[{"href":"https:\/\/dicodusport.fr\/blog\/wp-json\/wp\/v2\/posts"}],"about":[{"href":"https:\/\/dicodusport.fr\/blog\/wp-json\/wp\/v2\/types\/post"}],"author":[{"embeddable":true,"href":"https:\/\/dicodusport.fr\/blog\/wp-json\/wp\/v2\/users\/39"}],"replies":[{"embeddable":true,"href":"https:\/\/dicodusport.fr\/blog\/wp-json\/wp\/v2\/comments?post=528650"}],"version-history":[{"count":5,"href":"https:\/\/dicodusport.fr\/blog\/wp-json\/wp\/v2\/posts\/528650\/revisions"}],"predecessor-version":[{"id":528680,"href":"https:\/\/dicodusport.fr\/blog\/wp-json\/wp\/v2\/posts\/528650\/revisions\/528680"}],"wp:featuredmedia":[{"embeddable":true,"href":"https:\/\/dicodusport.fr\/blog\/wp-json\/wp\/v2\/media\/528670"}],"wp:attachment":[{"href":"https:\/\/dicodusport.fr\/blog\/wp-json\/wp\/v2\/media?parent=528650"}],"wp:term":[{"taxonomy":"category","embeddable":true,"href":"https:\/\/dicodusport.fr\/blog\/wp-json\/wp\/v2\/categories?post=528650"},{"taxonomy":"post_tag","embeddable":true,"href":"https:\/\/dicodusport.fr\/blog\/wp-json\/wp\/v2\/tags?post=528650"}],"curies":[{"name":"wp","href":"https:\/\/api.w.org\/{rel}","templated":true}]}}