{"id":528953,"date":"2024-10-25T08:38:15","date_gmt":"2024-10-25T06:38:15","guid":{"rendered":"https:\/\/dicodusport.fr\/blog\/?p=528953&#038;preview=true&#038;preview_id=528953"},"modified":"2024-10-25T20:16:40","modified_gmt":"2024-10-25T18:16:40","slug":"indice-uefa-la-france-conforte-sa-5e-place-et-peut-rever-grand","status":"publish","type":"post","link":"https:\/\/dicodusport.fr\/blog\/indice-uefa-la-france-conforte-sa-5e-place-et-peut-rever-grand\/","title":{"rendered":"Indice UEFA : La France conforte sa 5e place et peut r\u00eaver grand"},"content":{"rendered":"<p align=\"justify\"><em><strong>FOOTBALL &#8211; La France a confort\u00e9 sa 5e place au classement UEFA des Pays. Et peut r\u00eaver grand d&rsquo;ici \u00e0 la saison prochaine. On vous explique pourquoi.<\/strong><\/em><\/p>\n<ul>\n<li style=\"text-align: justify;\"><strong>\u00c0 ce sujet &#8211; <a href=\"https:\/\/dicodusport.fr\/blog\/indice-uefa-le-coefficient-des-pays\/\">Indice UEFA des pays<\/a><\/strong><\/li>\n<\/ul>\n<h2 style=\"text-align: justify;\">La France 4e sur la saison<\/h2>\n<p style=\"text-align: justify;\">Un temps troisi\u00e8me sur la saison 2024-2025, apr\u00e8s les excellents r\u00e9sultats en Ligue des Champions (match nul pour le Stade Brestois et le PSG et victoire pour l&rsquo;AS Monaco et le LOSC), la <strong>France<\/strong> a finalement recul\u00e9 d&rsquo;un rang, \u00e0 l&rsquo;issue des matchs d&rsquo;Europa League, il faut le dire beaucoup plus maussades. Avec les d\u00e9faites de l&rsquo;OL et de Nice. Et l&rsquo;absence de club engag\u00e9 en Ligue Europa Conf\u00e9rence est aussi un petit probl\u00e8me. Aucun point ne sera marqu\u00e9 dans une comp\u00e9tition dans laquelle le LOSC s&rsquo;\u00e9tait hiss\u00e9 en quarts de finale la saison pass\u00e9e et l&rsquo;OM en demi-finales il y a deux saisons.<\/p>\n<div class=\"vlp-link-container vlp-layout-article\"><a href=\"https:\/\/dicodusport.fr\/blog\/ligue-des-champions-j3-monaco-lamine-letoile-rouge-de-belgrade-et-reste-invaincu\/\" class=\"vlp-link\" title=\"Ligue des Champions (J3) : Monaco lamine l\u2019\u00c9toile Rouge de Belgrade et reste invaincu\"><\/a><div class=\"vlp-layout-zone-side\"><div class=\"vlp-block-4 vlp-link-image\"><img loading=\"lazy\" decoding=\"async\" style=\"max-width: 792px;\" width=\"792\" height=\"445\" src=\"https:\/\/dicodusport.fr\/blog\/wp-content\/uploads\/2024\/10\/Ligue-des-Champions-J3-Monaco-domine-lEtoile-Rouge-de-Belgrade-et-reste-invaincu.png\" class=\"attachment-800x445 size-800x445\" alt=\"Ligue des Champions (J3) Monaco domine l\u2019\u00c9toile Rouge de Belgrade et reste invaincu\" srcset=\"https:\/\/dicodusport.fr\/blog\/wp-content\/uploads\/2024\/10\/Ligue-des-Champions-J3-Monaco-domine-lEtoile-Rouge-de-Belgrade-et-reste-invaincu.png 1200w, https:\/\/dicodusport.fr\/blog\/wp-content\/uploads\/2024\/10\/Ligue-des-Champions-J3-Monaco-domine-lEtoile-Rouge-de-Belgrade-et-reste-invaincu-300x169.png 300w, https:\/\/dicodusport.fr\/blog\/wp-content\/uploads\/2024\/10\/Ligue-des-Champions-J3-Monaco-domine-lEtoile-Rouge-de-Belgrade-et-reste-invaincu-1024x575.png 1024w, https:\/\/dicodusport.fr\/blog\/wp-content\/uploads\/2024\/10\/Ligue-des-Champions-J3-Monaco-domine-lEtoile-Rouge-de-Belgrade-et-reste-invaincu-768x431.png 768w\" sizes=\"auto, (max-width: 792px) 100vw, 792px\" \/><\/div><\/div><div class=\"vlp-layout-zone-main\"><div class=\"vlp-block-0 vlp-link-title\">Ligue des Champions (J3) : Monaco lamine l\u2019\u00c9toile Rouge de Belgrade et reste invaincu<\/div><div class=\"vlp-block-1 vlp-link-summary\">Monaco lamine l\u2019\u00c9toile Rouge de Belgrade et reste invaincu<\/div><div class=\"vlp-block-2 vlp-link-button\">Lire l'article<\/div><div class=\"vlp-block-3 vlp-link-url\">dicodusport.fr<\/div><\/div><\/div>\n<p style=\"text-align: justify;\">N\u00e9anmoins, avec 7.071 points, la <strong>France<\/strong> talonne l&rsquo;<strong>Allemagne<\/strong> (7.250 points) et l&rsquo;Italie (7.500 points). Et se permet m\u00eame le luxe d&rsquo;\u00eatre devant l&rsquo;Espagne (6.714 points). Et les confrontations directes entre Fran\u00e7ais et Espagnols, p\u00e8sent en la faveur de la France. Avec quatre victoires en autant de matchs, <a href=\"https:\/\/dicodusport.fr\/blog\/ligue-des-champions-j3-lille-breaque-l-atletico-madrid-et-enchaine-un-deuxieme-succes\/\">la derni\u00e8re de <strong>Lille<\/strong> contre l&rsquo;<strong>Atl\u00e9tico de Madrid<\/strong> (1-3)<\/a>. Monaco ayant battu le FC Barcelone et ces m\u00eames Lillois le Real Madrid. La France, croqueuse de cadors europ\u00e9ens, qui a tout int\u00e9r\u00eat \u00e0 essayer de tenir la cadence des trois pays cit\u00e9s (lire plus bas).<\/p>\n<ul>\n<li style=\"text-align: justify;\"><strong>\u00c0 ce sujet &#8211; <a href=\"https:\/\/dicodusport.fr\/blog\/actualites\/football\/\">L&rsquo;actualit\u00e9 du football<\/a><\/strong><\/li>\n<\/ul>\n<h2 style=\"text-align: justify;\">La France creuse l&rsquo;\u00e9cart sur les Pays-Bas au cumul des saisons<\/h2>\n<p style=\"text-align: justify;\">Et ce bon d\u00e9but de saison global, quelque peu g\u00e2ch\u00e9 par les prestations ce jeudi soir, permet \u00e0 la<strong> France<\/strong> de creuser l&rsquo;\u00e9cart sur les <strong>Pays-Bas<\/strong>, sur l&rsquo;ensemble des cinq derni\u00e8res saisons. Avec d\u00e9sormais quasiment 5 points d&rsquo;avance (62.236 contre 57.400), la France, encore derri\u00e8re les N\u00e9erlandais la saison pass\u00e9e \u00e0 la m\u00eame \u00e9poque, peut voir venir. Une cinqui\u00e8me place g\u00e9n\u00e9rale pr\u00e9cieuse, car elle offre une quatri\u00e8me place qualificative en Ligue des Champions. Soit le classement du <strong>LOSC<\/strong> l&rsquo;an pass\u00e9 en Ligue 1.<\/p>\n<p style=\"text-align: justify;\">Surtout, si on se projette sur le plus long terme et bien que la campagne 2024-2025 ne soit qu&rsquo;\u00e0 son d\u00e9but, la <strong>France<\/strong> a de bonnes raisons d&rsquo;esp\u00e9rer continuer \u00e0 creuser l&rsquo;\u00e9cart. En d\u00e9but de saison prochaine, la France perdra l&rsquo;exercice 2020-2021 calamiteux, avec 7.916 points. Contre 9.200 pour les Pays-Bas. Pr\u00e8s de 1.3 point qui seront automatiquement glan\u00e9s. Surtout, si on se projette devant, l&rsquo;Allemagne est \u00e0 13 points devant (75.160), l&rsquo;Espagne 15 (77.275).<\/p>\n<p style=\"text-align: justify;\">Sauf que pour eux, ce n&rsquo;est pas la m\u00eame musique sur 2020-2021. L&rsquo;Allemagne perdra 15.214 points et l&rsquo;Espagne 19.500. La France peut revenir \u00e0 3 points de l&rsquo;Espagne et 5 de l&rsquo;Allemagne, si elle parvient \u00e0 maintenir la cadence tout au long de la saison. Chose faite en 2023-2024 (16.083 points pour la France, 15.312 pour l&rsquo;Espagne et 17.928 pour l&rsquo;Allemagne). Il y a de quoi r\u00eaver.<\/p>\n<h2 style=\"text-align: justify;\">Rappel du calcul<\/h2>\n<p style=\"text-align: justify;\">Pour rappel, le calcul se fait comme ceci : deux points pour une victoire, un point pour un nul, un point pour une qualification au tour suivant et z\u00e9ro pour une d\u00e9faite. Une qualification en 8\u1d49 de finale de <strong>Ligue des Champions<\/strong> ou <strong>Ligue Europa<\/strong> apporte quatre points et toute qualification apporte ensuite un point. En <strong>Europa League<\/strong>, ce sont quatre points pour le vainqueur de poule et deux points pour le deuxi\u00e8me. En <strong>Ligue Europa Conf\u00e9rence<\/strong>, ce sont deux points pour le vainqueur de poule et un point pour le deuxi\u00e8me. Chaque tour d\u00e9pass\u00e9 \u00e0 partir des demi-finales apporte un point.<\/p>\n<p>&nbsp;<\/p>\n<p style=\"text-align: justify;\">\n","protected":false},"excerpt":{"rendered":"<p>La France conforte sa 5e place et peut r\u00eaver grand<\/p>\n","protected":false},"author":83,"featured_media":528954,"comment_status":"open","ping_status":"closed","sticky":false,"template":"","format":"standard","meta":{"_acf_changed":false,"_daextam_enable_autolinks":"1","footnotes":""},"categories":[2301],"tags":[32415,16878,34583,75,34599,2779],"class_list":["post-528953","post","type-post","status-publish","format-standard","has-post-thumbnail","hentry","category-football","tag-actu","tag-breve","tag-coefficients-des-pays","tag-football","tag-indice-uefa","tag-uefa"],"acf":[],"yoast_head":"<!-- This site is optimized with the Yoast SEO Premium plugin v26.7 (Yoast SEO v26.7) - https:\/\/yoast.com\/wordpress\/plugins\/seo\/ -->\n<title>Indice UEFA : La France conforte sa 5e place et peut r\u00eaver grand<\/title>\n<meta name=\"description\" content=\"FOOTBALL - La France a confort\u00e9 sa 5e place au classement UEFA des Pays. Et peut r\u00eaver grand d&#039;ici \u00e0 la saison prochaine.\" \/>\n<meta name=\"robots\" content=\"index, follow, max-snippet:-1, max-image-preview:large, max-video-preview:-1\" \/>\n<link rel=\"canonical\" href=\"https:\/\/dicodusport.fr\/blog\/indice-uefa-la-france-conforte-sa-5e-place-et-peut-rever-grand\/\" \/>\n<meta property=\"og:locale\" content=\"fr_FR\" \/>\n<meta property=\"og:type\" content=\"article\" \/>\n<meta property=\"og:title\" content=\"Indice UEFA : La France conforte sa 5e place et peut r\u00eaver grand\" \/>\n<meta property=\"og:description\" content=\"FOOTBALL - La France a confort\u00e9 sa 5e place au classement UEFA des Pays. Et peut r\u00eaver grand d&#039;ici \u00e0 la saison prochaine.\" \/>\n<meta property=\"og:url\" content=\"https:\/\/dicodusport.fr\/blog\/indice-uefa-la-france-conforte-sa-5e-place-et-peut-rever-grand\/\" \/>\n<meta property=\"og:site_name\" content=\"Dicodusport\" \/>\n<meta property=\"article:publisher\" content=\"https:\/\/www.facebook.com\/dicodusport\" \/>\n<meta property=\"article:published_time\" content=\"2024-10-25T06:38:15+00:00\" \/>\n<meta property=\"article:modified_time\" content=\"2024-10-25T18:16:40+00:00\" \/>\n<meta property=\"og:image\" content=\"https:\/\/dicodusport.fr\/blog\/wp-content\/uploads\/2024\/10\/FOOTBALL-La-France-a-conforte-sa-5e-place-au-classement-UEFA-des-Pays.-Et-peut-rever-grand-dici-a-la-saison-prochaine.-On-vous-explique-pourquoi.png\" \/>\n\t<meta property=\"og:image:width\" content=\"1200\" \/>\n\t<meta property=\"og:image:height\" content=\"674\" \/>\n\t<meta property=\"og:image:type\" content=\"image\/png\" \/>\n<meta name=\"author\" content=\"Etienne Goursaud\" \/>\n<meta name=\"twitter:card\" content=\"summary_large_image\" \/>\n<meta name=\"twitter:title\" content=\"Indice UEFA : La France conforte sa 5e place et peut r\u00eaver grand\" \/>\n<meta name=\"twitter:creator\" content=\"@dicodusport\" \/>\n<meta name=\"twitter:site\" content=\"@dicodusport\" \/>\n<script type=\"application\/ld+json\" class=\"yoast-schema-graph\">{\"@context\":\"https:\/\/schema.org\",\"@graph\":[{\"@type\":\"NewsArticle\",\"@id\":\"https:\/\/dicodusport.fr\/blog\/indice-uefa-la-france-conforte-sa-5e-place-et-peut-rever-grand\/#article\",\"isPartOf\":{\"@id\":\"https:\/\/dicodusport.fr\/blog\/indice-uefa-la-france-conforte-sa-5e-place-et-peut-rever-grand\/\"},\"author\":{\"name\":\"Etienne Goursaud\",\"@id\":\"https:\/\/dicodusport.fr\/blog\/#\/schema\/person\/d603dd7da31fb2b46c82b9835a77ec13\"},\"headline\":\"Indice UEFA : La France conforte sa 5e place et peut r\u00eaver grand\",\"datePublished\":\"2024-10-25T06:38:15+00:00\",\"dateModified\":\"2024-10-25T18:16:40+00:00\",\"mainEntityOfPage\":{\"@id\":\"https:\/\/dicodusport.fr\/blog\/indice-uefa-la-france-conforte-sa-5e-place-et-peut-rever-grand\/\"},\"wordCount\":725,\"commentCount\":0,\"publisher\":{\"@id\":\"https:\/\/dicodusport.fr\/blog\/#organization\"},\"image\":{\"@id\":\"https:\/\/dicodusport.fr\/blog\/indice-uefa-la-france-conforte-sa-5e-place-et-peut-rever-grand\/#primaryimage\"},\"thumbnailUrl\":\"https:\/\/dicodusport.fr\/blog\/wp-content\/uploads\/2024\/10\/FOOTBALL-La-France-a-conforte-sa-5e-place-au-classement-UEFA-des-Pays.-Et-peut-rever-grand-dici-a-la-saison-prochaine.-On-vous-explique-pourquoi.png\",\"keywords\":[\"actu\",\"br\u00e8ve\",\"Coefficients des pays\",\"Football\",\"indice uefa\",\"UEFA\"],\"articleSection\":[\"Football\"],\"inLanguage\":\"fr-FR\",\"potentialAction\":[{\"@type\":\"CommentAction\",\"name\":\"Comment\",\"target\":[\"https:\/\/dicodusport.fr\/blog\/indice-uefa-la-france-conforte-sa-5e-place-et-peut-rever-grand\/#respond\"]}],\"copyrightYear\":\"2024\",\"copyrightHolder\":{\"@id\":\"https:\/\/dicodusport.fr\/blog\/#organization\"}},{\"@type\":\"WebPage\",\"@id\":\"https:\/\/dicodusport.fr\/blog\/indice-uefa-la-france-conforte-sa-5e-place-et-peut-rever-grand\/\",\"url\":\"https:\/\/dicodusport.fr\/blog\/indice-uefa-la-france-conforte-sa-5e-place-et-peut-rever-grand\/\",\"name\":\"Indice UEFA : La France conforte sa 5e place et peut r\u00eaver grand\",\"isPartOf\":{\"@id\":\"https:\/\/dicodusport.fr\/blog\/#website\"},\"primaryImageOfPage\":{\"@id\":\"https:\/\/dicodusport.fr\/blog\/indice-uefa-la-france-conforte-sa-5e-place-et-peut-rever-grand\/#primaryimage\"},\"image\":{\"@id\":\"https:\/\/dicodusport.fr\/blog\/indice-uefa-la-france-conforte-sa-5e-place-et-peut-rever-grand\/#primaryimage\"},\"thumbnailUrl\":\"https:\/\/dicodusport.fr\/blog\/wp-content\/uploads\/2024\/10\/FOOTBALL-La-France-a-conforte-sa-5e-place-au-classement-UEFA-des-Pays.-Et-peut-rever-grand-dici-a-la-saison-prochaine.-On-vous-explique-pourquoi.png\",\"datePublished\":\"2024-10-25T06:38:15+00:00\",\"dateModified\":\"2024-10-25T18:16:40+00:00\",\"description\":\"FOOTBALL - La France a confort\u00e9 sa 5e place au classement UEFA des Pays. Et peut r\u00eaver grand d'ici \u00e0 la saison prochaine.\",\"breadcrumb\":{\"@id\":\"https:\/\/dicodusport.fr\/blog\/indice-uefa-la-france-conforte-sa-5e-place-et-peut-rever-grand\/#breadcrumb\"},\"inLanguage\":\"fr-FR\",\"potentialAction\":[{\"@type\":\"ReadAction\",\"target\":[\"https:\/\/dicodusport.fr\/blog\/indice-uefa-la-france-conforte-sa-5e-place-et-peut-rever-grand\/\"]}]},{\"@type\":\"ImageObject\",\"inLanguage\":\"fr-FR\",\"@id\":\"https:\/\/dicodusport.fr\/blog\/indice-uefa-la-france-conforte-sa-5e-place-et-peut-rever-grand\/#primaryimage\",\"url\":\"https:\/\/dicodusport.fr\/blog\/wp-content\/uploads\/2024\/10\/FOOTBALL-La-France-a-conforte-sa-5e-place-au-classement-UEFA-des-Pays.-Et-peut-rever-grand-dici-a-la-saison-prochaine.-On-vous-explique-pourquoi.png\",\"contentUrl\":\"https:\/\/dicodusport.fr\/blog\/wp-content\/uploads\/2024\/10\/FOOTBALL-La-France-a-conforte-sa-5e-place-au-classement-UEFA-des-Pays.-Et-peut-rever-grand-dici-a-la-saison-prochaine.-On-vous-explique-pourquoi.png\",\"width\":1200,\"height\":674,\"caption\":\"FOOTBALL - La France a confort\u00e9 sa 5e place au classement UEFA des Pays. Et peut r\u00eaver grand d'ici \u00e0 la saison prochaine. On vous explique pourquoi.\"},{\"@type\":\"BreadcrumbList\",\"@id\":\"https:\/\/dicodusport.fr\/blog\/indice-uefa-la-france-conforte-sa-5e-place-et-peut-rever-grand\/#breadcrumb\",\"itemListElement\":[{\"@type\":\"ListItem\",\"position\":1,\"name\":\"Accueil\",\"item\":\"https:\/\/dicodusport.fr\/blog\/\"},{\"@type\":\"ListItem\",\"position\":2,\"name\":\"Indice UEFA : La France conforte sa 5e place et peut r\u00eaver grand\"}]},{\"@type\":\"WebSite\",\"@id\":\"https:\/\/dicodusport.fr\/blog\/#website\",\"url\":\"https:\/\/dicodusport.fr\/blog\/\",\"name\":\"Dicodusport\",\"description\":\"L&#039;encyclop\u00e9die de l&#039;actualit\u00e9 sportive\",\"publisher\":{\"@id\":\"https:\/\/dicodusport.fr\/blog\/#organization\"},\"potentialAction\":[{\"@type\":\"SearchAction\",\"target\":{\"@type\":\"EntryPoint\",\"urlTemplate\":\"https:\/\/dicodusport.fr\/blog\/?s={search_term_string}\"},\"query-input\":{\"@type\":\"PropertyValueSpecification\",\"valueRequired\":true,\"valueName\":\"search_term_string\"}}],\"inLanguage\":\"fr-FR\"},{\"@type\":\"NewsMediaOrganization\",\"@id\":\"https:\/\/dicodusport.fr\/blog\/#organization\",\"name\":\"Dicodusport\",\"url\":\"https:\/\/dicodusport.fr\/blog\/\",\"logo\":{\"@type\":\"ImageObject\",\"inLanguage\":\"fr-FR\",\"@id\":\"https:\/\/dicodusport.fr\/blog\/#\/schema\/logo\/image\/\",\"url\":\"https:\/\/dicodusport.fr\/blog\/wp-content\/uploads\/2020\/06\/cropped-LOGO-DICODUSPORT-2020-SANS-FOND-SANS-TEXTE.png\",\"contentUrl\":\"https:\/\/dicodusport.fr\/blog\/wp-content\/uploads\/2020\/06\/cropped-LOGO-DICODUSPORT-2020-SANS-FOND-SANS-TEXTE.png\",\"width\":512,\"height\":512,\"caption\":\"Dicodusport\"},\"image\":{\"@id\":\"https:\/\/dicodusport.fr\/blog\/#\/schema\/logo\/image\/\"},\"sameAs\":[\"https:\/\/www.facebook.com\/dicodusport\",\"https:\/\/x.com\/dicodusport\",\"https:\/\/www.instagram.com\/dicodusport\/\",\"https:\/\/www.youtube.com\/channel\/UC7V2KZ5sd3htJivAbA4ZG3w\"],\"description\":\"Dicodusport est l'encyclop\u00e9die de l'actualit\u00e9 sportive.\",\"email\":\"bonjour@dicodusport.fr\",\"legalName\":\"DICODUSPORT\",\"foundingDate\":\"2018-01-14\",\"vatID\":\"FR71834470973\",\"taxID\":\"83447097300043\",\"numberOfEmployees\":{\"@type\":\"QuantitativeValue\",\"minValue\":\"1\",\"maxValue\":\"10\"}},{\"@type\":\"Person\",\"@id\":\"https:\/\/dicodusport.fr\/blog\/#\/schema\/person\/d603dd7da31fb2b46c82b9835a77ec13\",\"name\":\"Etienne Goursaud\",\"image\":{\"@type\":\"ImageObject\",\"inLanguage\":\"fr-FR\",\"@id\":\"https:\/\/dicodusport.fr\/blog\/#\/schema\/person\/image\/\",\"url\":\"https:\/\/dicodusport.fr\/blog\/wp-content\/uploads\/2023\/12\/410122264_10231602061736049_5565839791558026645_n-150x150.jpg\",\"contentUrl\":\"https:\/\/dicodusport.fr\/blog\/wp-content\/uploads\/2023\/12\/410122264_10231602061736049_5565839791558026645_n-150x150.jpg\",\"caption\":\"Etienne Goursaud\"},\"description\":\"Journaliste et amoureux de sport. Ancien footballeur reconverti athl\u00e8te quand ses muscles le laissent tranquille. \u00c9lev\u00e9 \u00e0 la sauce des exploits de Thomas Voeckler en 2004, du dernier essai de l\u00e9gende de Eunice Barber \u00e0 la longueur lors des championnats du monde d'athl\u00e9tisme de 2003 mais aussi Zidane, Omeyer et Titou Lamaison.\",\"url\":\"https:\/\/dicodusport.fr\/blog\/author\/etienne-goursaud\/\"}]}<\/script>\n<!-- \/ Yoast SEO Premium plugin. -->","yoast_head_json":{"title":"Indice UEFA : La France conforte sa 5e place et peut r\u00eaver grand","description":"FOOTBALL - La France a confort\u00e9 sa 5e place au classement UEFA des Pays. Et peut r\u00eaver grand d'ici \u00e0 la saison prochaine.","robots":{"index":"index","follow":"follow","max-snippet":"max-snippet:-1","max-image-preview":"max-image-preview:large","max-video-preview":"max-video-preview:-1"},"canonical":"https:\/\/dicodusport.fr\/blog\/indice-uefa-la-france-conforte-sa-5e-place-et-peut-rever-grand\/","og_locale":"fr_FR","og_type":"article","og_title":"Indice UEFA : La France conforte sa 5e place et peut r\u00eaver grand","og_description":"FOOTBALL - La France a confort\u00e9 sa 5e place au classement UEFA des Pays. Et peut r\u00eaver grand d'ici \u00e0 la saison prochaine.","og_url":"https:\/\/dicodusport.fr\/blog\/indice-uefa-la-france-conforte-sa-5e-place-et-peut-rever-grand\/","og_site_name":"Dicodusport","article_publisher":"https:\/\/www.facebook.com\/dicodusport","article_published_time":"2024-10-25T06:38:15+00:00","article_modified_time":"2024-10-25T18:16:40+00:00","og_image":[{"width":1200,"height":674,"url":"https:\/\/dicodusport.fr\/blog\/wp-content\/uploads\/2024\/10\/FOOTBALL-La-France-a-conforte-sa-5e-place-au-classement-UEFA-des-Pays.-Et-peut-rever-grand-dici-a-la-saison-prochaine.-On-vous-explique-pourquoi.png","type":"image\/png"}],"author":"Etienne Goursaud","twitter_card":"summary_large_image","twitter_title":"Indice UEFA : La France conforte sa 5e place et peut r\u00eaver grand","twitter_creator":"@dicodusport","twitter_site":"@dicodusport","schema":{"@context":"https:\/\/schema.org","@graph":[{"@type":"NewsArticle","@id":"https:\/\/dicodusport.fr\/blog\/indice-uefa-la-france-conforte-sa-5e-place-et-peut-rever-grand\/#article","isPartOf":{"@id":"https:\/\/dicodusport.fr\/blog\/indice-uefa-la-france-conforte-sa-5e-place-et-peut-rever-grand\/"},"author":{"name":"Etienne Goursaud","@id":"https:\/\/dicodusport.fr\/blog\/#\/schema\/person\/d603dd7da31fb2b46c82b9835a77ec13"},"headline":"Indice UEFA : La France conforte sa 5e place et peut r\u00eaver grand","datePublished":"2024-10-25T06:38:15+00:00","dateModified":"2024-10-25T18:16:40+00:00","mainEntityOfPage":{"@id":"https:\/\/dicodusport.fr\/blog\/indice-uefa-la-france-conforte-sa-5e-place-et-peut-rever-grand\/"},"wordCount":725,"commentCount":0,"publisher":{"@id":"https:\/\/dicodusport.fr\/blog\/#organization"},"image":{"@id":"https:\/\/dicodusport.fr\/blog\/indice-uefa-la-france-conforte-sa-5e-place-et-peut-rever-grand\/#primaryimage"},"thumbnailUrl":"https:\/\/dicodusport.fr\/blog\/wp-content\/uploads\/2024\/10\/FOOTBALL-La-France-a-conforte-sa-5e-place-au-classement-UEFA-des-Pays.-Et-peut-rever-grand-dici-a-la-saison-prochaine.-On-vous-explique-pourquoi.png","keywords":["actu","br\u00e8ve","Coefficients des pays","Football","indice uefa","UEFA"],"articleSection":["Football"],"inLanguage":"fr-FR","potentialAction":[{"@type":"CommentAction","name":"Comment","target":["https:\/\/dicodusport.fr\/blog\/indice-uefa-la-france-conforte-sa-5e-place-et-peut-rever-grand\/#respond"]}],"copyrightYear":"2024","copyrightHolder":{"@id":"https:\/\/dicodusport.fr\/blog\/#organization"}},{"@type":"WebPage","@id":"https:\/\/dicodusport.fr\/blog\/indice-uefa-la-france-conforte-sa-5e-place-et-peut-rever-grand\/","url":"https:\/\/dicodusport.fr\/blog\/indice-uefa-la-france-conforte-sa-5e-place-et-peut-rever-grand\/","name":"Indice UEFA : La France conforte sa 5e place et peut r\u00eaver grand","isPartOf":{"@id":"https:\/\/dicodusport.fr\/blog\/#website"},"primaryImageOfPage":{"@id":"https:\/\/dicodusport.fr\/blog\/indice-uefa-la-france-conforte-sa-5e-place-et-peut-rever-grand\/#primaryimage"},"image":{"@id":"https:\/\/dicodusport.fr\/blog\/indice-uefa-la-france-conforte-sa-5e-place-et-peut-rever-grand\/#primaryimage"},"thumbnailUrl":"https:\/\/dicodusport.fr\/blog\/wp-content\/uploads\/2024\/10\/FOOTBALL-La-France-a-conforte-sa-5e-place-au-classement-UEFA-des-Pays.-Et-peut-rever-grand-dici-a-la-saison-prochaine.-On-vous-explique-pourquoi.png","datePublished":"2024-10-25T06:38:15+00:00","dateModified":"2024-10-25T18:16:40+00:00","description":"FOOTBALL - La France a confort\u00e9 sa 5e place au classement UEFA des Pays. Et peut r\u00eaver grand d'ici \u00e0 la saison prochaine.","breadcrumb":{"@id":"https:\/\/dicodusport.fr\/blog\/indice-uefa-la-france-conforte-sa-5e-place-et-peut-rever-grand\/#breadcrumb"},"inLanguage":"fr-FR","potentialAction":[{"@type":"ReadAction","target":["https:\/\/dicodusport.fr\/blog\/indice-uefa-la-france-conforte-sa-5e-place-et-peut-rever-grand\/"]}]},{"@type":"ImageObject","inLanguage":"fr-FR","@id":"https:\/\/dicodusport.fr\/blog\/indice-uefa-la-france-conforte-sa-5e-place-et-peut-rever-grand\/#primaryimage","url":"https:\/\/dicodusport.fr\/blog\/wp-content\/uploads\/2024\/10\/FOOTBALL-La-France-a-conforte-sa-5e-place-au-classement-UEFA-des-Pays.-Et-peut-rever-grand-dici-a-la-saison-prochaine.-On-vous-explique-pourquoi.png","contentUrl":"https:\/\/dicodusport.fr\/blog\/wp-content\/uploads\/2024\/10\/FOOTBALL-La-France-a-conforte-sa-5e-place-au-classement-UEFA-des-Pays.-Et-peut-rever-grand-dici-a-la-saison-prochaine.-On-vous-explique-pourquoi.png","width":1200,"height":674,"caption":"FOOTBALL - La France a confort\u00e9 sa 5e place au classement UEFA des Pays. Et peut r\u00eaver grand d'ici \u00e0 la saison prochaine. On vous explique pourquoi."},{"@type":"BreadcrumbList","@id":"https:\/\/dicodusport.fr\/blog\/indice-uefa-la-france-conforte-sa-5e-place-et-peut-rever-grand\/#breadcrumb","itemListElement":[{"@type":"ListItem","position":1,"name":"Accueil","item":"https:\/\/dicodusport.fr\/blog\/"},{"@type":"ListItem","position":2,"name":"Indice UEFA : La France conforte sa 5e place et peut r\u00eaver grand"}]},{"@type":"WebSite","@id":"https:\/\/dicodusport.fr\/blog\/#website","url":"https:\/\/dicodusport.fr\/blog\/","name":"Dicodusport","description":"L&#039;encyclop\u00e9die de l&#039;actualit\u00e9 sportive","publisher":{"@id":"https:\/\/dicodusport.fr\/blog\/#organization"},"potentialAction":[{"@type":"SearchAction","target":{"@type":"EntryPoint","urlTemplate":"https:\/\/dicodusport.fr\/blog\/?s={search_term_string}"},"query-input":{"@type":"PropertyValueSpecification","valueRequired":true,"valueName":"search_term_string"}}],"inLanguage":"fr-FR"},{"@type":"NewsMediaOrganization","@id":"https:\/\/dicodusport.fr\/blog\/#organization","name":"Dicodusport","url":"https:\/\/dicodusport.fr\/blog\/","logo":{"@type":"ImageObject","inLanguage":"fr-FR","@id":"https:\/\/dicodusport.fr\/blog\/#\/schema\/logo\/image\/","url":"https:\/\/dicodusport.fr\/blog\/wp-content\/uploads\/2020\/06\/cropped-LOGO-DICODUSPORT-2020-SANS-FOND-SANS-TEXTE.png","contentUrl":"https:\/\/dicodusport.fr\/blog\/wp-content\/uploads\/2020\/06\/cropped-LOGO-DICODUSPORT-2020-SANS-FOND-SANS-TEXTE.png","width":512,"height":512,"caption":"Dicodusport"},"image":{"@id":"https:\/\/dicodusport.fr\/blog\/#\/schema\/logo\/image\/"},"sameAs":["https:\/\/www.facebook.com\/dicodusport","https:\/\/x.com\/dicodusport","https:\/\/www.instagram.com\/dicodusport\/","https:\/\/www.youtube.com\/channel\/UC7V2KZ5sd3htJivAbA4ZG3w"],"description":"Dicodusport est l'encyclop\u00e9die de l'actualit\u00e9 sportive.","email":"bonjour@dicodusport.fr","legalName":"DICODUSPORT","foundingDate":"2018-01-14","vatID":"FR71834470973","taxID":"83447097300043","numberOfEmployees":{"@type":"QuantitativeValue","minValue":"1","maxValue":"10"}},{"@type":"Person","@id":"https:\/\/dicodusport.fr\/blog\/#\/schema\/person\/d603dd7da31fb2b46c82b9835a77ec13","name":"Etienne Goursaud","image":{"@type":"ImageObject","inLanguage":"fr-FR","@id":"https:\/\/dicodusport.fr\/blog\/#\/schema\/person\/image\/","url":"https:\/\/dicodusport.fr\/blog\/wp-content\/uploads\/2023\/12\/410122264_10231602061736049_5565839791558026645_n-150x150.jpg","contentUrl":"https:\/\/dicodusport.fr\/blog\/wp-content\/uploads\/2023\/12\/410122264_10231602061736049_5565839791558026645_n-150x150.jpg","caption":"Etienne Goursaud"},"description":"Journaliste et amoureux de sport. Ancien footballeur reconverti athl\u00e8te quand ses muscles le laissent tranquille. \u00c9lev\u00e9 \u00e0 la sauce des exploits de Thomas Voeckler en 2004, du dernier essai de l\u00e9gende de Eunice Barber \u00e0 la longueur lors des championnats du monde d'athl\u00e9tisme de 2003 mais aussi Zidane, Omeyer et Titou Lamaison.","url":"https:\/\/dicodusport.fr\/blog\/author\/etienne-goursaud\/"}]}},"_links":{"self":[{"href":"https:\/\/dicodusport.fr\/blog\/wp-json\/wp\/v2\/posts\/528953","targetHints":{"allow":["GET"]}}],"collection":[{"href":"https:\/\/dicodusport.fr\/blog\/wp-json\/wp\/v2\/posts"}],"about":[{"href":"https:\/\/dicodusport.fr\/blog\/wp-json\/wp\/v2\/types\/post"}],"author":[{"embeddable":true,"href":"https:\/\/dicodusport.fr\/blog\/wp-json\/wp\/v2\/users\/83"}],"replies":[{"embeddable":true,"href":"https:\/\/dicodusport.fr\/blog\/wp-json\/wp\/v2\/comments?post=528953"}],"version-history":[{"count":5,"href":"https:\/\/dicodusport.fr\/blog\/wp-json\/wp\/v2\/posts\/528953\/revisions"}],"predecessor-version":[{"id":529065,"href":"https:\/\/dicodusport.fr\/blog\/wp-json\/wp\/v2\/posts\/528953\/revisions\/529065"}],"wp:featuredmedia":[{"embeddable":true,"href":"https:\/\/dicodusport.fr\/blog\/wp-json\/wp\/v2\/media\/528954"}],"wp:attachment":[{"href":"https:\/\/dicodusport.fr\/blog\/wp-json\/wp\/v2\/media?parent=528953"}],"wp:term":[{"taxonomy":"category","embeddable":true,"href":"https:\/\/dicodusport.fr\/blog\/wp-json\/wp\/v2\/categories?post=528953"},{"taxonomy":"post_tag","embeddable":true,"href":"https:\/\/dicodusport.fr\/blog\/wp-json\/wp\/v2\/tags?post=528953"}],"curies":[{"name":"wp","href":"https:\/\/api.w.org\/{rel}","templated":true}]}}