{"id":529169,"date":"2024-10-26T13:16:40","date_gmt":"2024-10-26T11:16:40","guid":{"rendered":"https:\/\/dicodusport.fr\/blog\/?p=529169&#038;preview=true&#038;preview_id=529169"},"modified":"2024-10-26T13:16:40","modified_gmt":"2024-10-26T11:16:40","slug":"avant-marcel-hirscher-sportifs-sortis-de-leur-retraite","status":"publish","type":"post","link":"https:\/\/dicodusport.fr\/blog\/avant-marcel-hirscher-sportifs-sortis-de-leur-retraite\/","title":{"rendered":"Avant Marcel Hirscher, ces sportifs sortis de leur retraite avec plus ou moins de r\u00e9ussite"},"content":{"rendered":"<h4 style=\"font-weight: 400; text-align: justify;\"><strong><em>L\u2019un des plus grands skieurs de tous les temps est de retour. Cinq ans apr\u00e8s s\u2019\u00eatre retir\u00e9 des pistes de ski, Marcel Hirscher sort de sa retraite et s\u2019appr\u00eate \u00e0 entamer une saison 2024-2025 qu\u2019il effectuera sous les couleurs n\u00e9erlandaises, terre de naissance de sa m\u00e8re. L\u2019homme aux huit gros globes de cristal se sait particuli\u00e8rement attendu, m\u00eame si les retours des immenses champions n\u2019ont pas toujours \u00e9t\u00e9 couronn\u00e9s de r\u00e9ussite. <\/em><\/strong><\/h4>\n<h2 style=\"font-weight: 400; text-align: justify;\"><strong>Ils ont sign\u00e9 un retour gagnant <\/strong><\/h2>\n<p style=\"font-weight: 400; text-align: justify;\">Impossible de ne pas dresser la liste des retours r\u00e9ussis sans placer le come-back de <strong>Michael Jordan<\/strong> au sommet. Us\u00e9 par le rythme effr\u00e9n\u00e9 de la <a href=\"https:\/\/dicodusport.fr\/blog\/actualites\/basket-ball\/nba\/\"><strong>NBA<\/strong><\/a>, en manque de motivation et tr\u00e8s affect\u00e9 par la mort brutale de son p\u00e8re, <strong>Michael Jordan<\/strong> prenait le monde du basket-ball de court en annon\u00e7ant sa retraite en 1993, d\u00e8s l\u2019\u00e2ge de 30 ans. Avec trois bagues au doigt, le l\u00e9gendaire n\u00b023 des <a href=\"https:\/\/dicodusport.fr\/blog\/preview-nba-2024-2025-une-derniere-chance-pour-les-chicago-bulls\/\"><strong>Chicago Bulls<\/strong><\/a> se retirait des parquets de <strong>NBA<\/strong>, d\u00e9sireux de go\u00fbter \u00e0 la surface cendr\u00e9e d\u2019un terrain de baseball.<\/p>\n<p style=\"font-weight: 400; text-align: justify;\">Son aventure balle en main ne dura le temps que d\u2019une saison. Malgr\u00e9 une centaine de matchs disput\u00e9s en ligue mineure, du c\u00f4t\u00e9 des <strong>Barons de Birmingham<\/strong>, <strong>Michael Jordan<\/strong> comprenait que son niveau n\u2019\u00e9tait pas suffisant pour pr\u00e9tendre \u00e0 une place en ligue majeure. Il rangeait sa batte au placard en mars 1995, puis annon\u00e7ait dans la foul\u00e9e son retour en <strong>NBA<\/strong>, lors d\u2019un communiqu\u00e9 de presse aussi bref que l\u00e9gendaire\u00a0: \u00ab\u00a0<em>I\u2019m back<\/em>\u00a0\u00bb.<\/p>\n<p style=\"font-weight: 400; text-align: justify;\">La suite, tout le monde la conna\u00eet. <strong>Michael Jordan<\/strong> d\u00e9crochait trois nouveaux titres en <strong>NBA<\/strong>, recevait \u00e0 deux reprises le titre de MVP de la saison r\u00e9guli\u00e8re et s\u2019imposait d\u00e9finitivement comme le plus grand basketteur de l\u2019histoire, avant une seconde retraite qui ne sera, elle aussi, gu\u00e8re d\u00e9finitive.<\/p>\n<p style=\"font-weight: 400; text-align: justify;\">Du c\u00f4t\u00e9 de la natation, les bassins ont aussi de belles histoires \u00e0 conter et leurs lignes d\u2019eau, ont maintes fois trembl\u00e9 au fil des puissants mouvements de crawl de <strong>Dara Torres<\/strong>.<\/p>\n<p style=\"font-weight: 400; text-align: justify;\">Avec la d\u00e9l\u00e9gation am\u00e9ricaine, elle glanait trois m\u00e9dailles olympiques cons\u00e9cutives sur le relais 4 x 100 m nage libre, entre 1984 et 1992. \u00c9reint\u00e9e par une carri\u00e8re internationale qu\u2019elle avait d\u00e9but\u00e9e d\u00e8s ses quatorze ans, <strong>Dara Torres<\/strong> se retirait des bassins \u00e0 25 ans, au terme des <strong>Jeux de Barcelone<\/strong>.<\/p>\n<p style=\"font-weight: 400; text-align: justify;\">Sept ans plus tard, celle qui \u00e9tait devenue consultante \u00e0 la t\u00e9l\u00e9vision et avait entam\u00e9 une carri\u00e8re de mannequinat, surprenait son monde en annon\u00e7ant se pr\u00e9parer pour les <strong>Jeux de Sydney<\/strong>. Un pari risqu\u00e9, mais couronn\u00e9 de r\u00e9ussite. \u00c0 33 ans, la puissante nageuse floridienne glanait trois m\u00e9dailles de bronze en individuel, sur 50 m nage libre, 100 m nage libre et papillon, et deux titres en relais, avant de se retirer\u2026 puis repartir pour une derni\u00e8re danse.<\/p>\n<p style=\"font-weight: 400; text-align: justify;\">In\u00e9puisable malgr\u00e9 ses 41 ans et la naissance d\u2019une petite fille, <strong>Dara Torres<\/strong> \u00e9tait de retour dans les bassins pour les <strong>Jeux de P\u00e9kin<\/strong> en 2008. Vingt-quatre ans apr\u00e8s sa premi\u00e8re aventure olympique, l\u2019immense championne qu\u2019elle \u00e9tait s\u2019en allait conqu\u00e9rir ses trois derni\u00e8res m\u00e9dailles estampill\u00e9es des cinq anneaux, toutes en argent.<\/p>\n<p style=\"font-weight: 400; text-align: justify;\">Pendant ce temps, l\u2019eau du bassin olympique de la capitale chinoise entrait en \u00e9bullition lorsque <a href=\"https:\/\/dicodusport.fr\/blog\/video-michael-phelps-survolte-devant-la-victoire-de-leon-marchand-sur-200-m-papillon\/\"><strong>Michael Phelps<\/strong><\/a> glanait son huiti\u00e8me titre en autant d\u2019\u00e9preuves disput\u00e9es. Du jamais-vu dans l\u2019histoire des Jeux. Le plus grand nageur de tous les temps compl\u00e9tait son palmar\u00e8s en d\u00e9crochant quatre nouveaux titres \u00e0 Londres en 2012, avant de se retirer des bassins.<\/p>\n<p style=\"font-weight: 400; text-align: justify;\">Mais comme Dara, l\u2019envie d\u2019y replonger \u00e0 nouveau \u00e9tait irr\u00e9pressible. De retour en 2014, il disputait ses derniers <strong>Jeux Olympiques<\/strong> \u00e0 Rio et s\u2019en allait chercher cinq nouvelles m\u00e9dailles d\u2019or. <strong>Michael Phelps<\/strong> quittait d\u00e9finitivement la sc\u00e8ne sportive au terme de ces Jeux, aur\u00e9ol\u00e9 de 23 titres olympiques. Un record.<\/p>\n<div id=\"attachment_529177\" style=\"width: 1210px\" class=\"wp-caption aligncenter\"><a href=\"https:\/\/dicodusport.fr\/blog\/wp-content\/uploads\/2024\/10\/Michael-Phelps-toujours-plus-haut-aux-JO-de-Rio-2016.png\"><img loading=\"lazy\" decoding=\"async\" aria-describedby=\"caption-attachment-529177\" class=\"wp-image-529177 size-full\" src=\"https:\/\/dicodusport.fr\/blog\/wp-content\/uploads\/2024\/10\/Michael-Phelps-toujours-plus-haut-aux-JO-de-Rio-2016.png\" alt=\"Michael Phelps toujours plus haut aux JO de Rio 2016\" width=\"1200\" height=\"674\" srcset=\"https:\/\/dicodusport.fr\/blog\/wp-content\/uploads\/2024\/10\/Michael-Phelps-toujours-plus-haut-aux-JO-de-Rio-2016.png 1200w, https:\/\/dicodusport.fr\/blog\/wp-content\/uploads\/2024\/10\/Michael-Phelps-toujours-plus-haut-aux-JO-de-Rio-2016-300x169.png 300w, https:\/\/dicodusport.fr\/blog\/wp-content\/uploads\/2024\/10\/Michael-Phelps-toujours-plus-haut-aux-JO-de-Rio-2016-1024x575.png 1024w, https:\/\/dicodusport.fr\/blog\/wp-content\/uploads\/2024\/10\/Michael-Phelps-toujours-plus-haut-aux-JO-de-Rio-2016-768x431.png 768w\" sizes=\"auto, (max-width: 1200px) 100vw, 1200px\" \/><\/a><p id=\"caption-attachment-529177\" class=\"wp-caption-text\">Michael Phelps toujours plus haut aux JO de Rio 2016 &#8211; Photo Icon Sport<\/p><\/div>\n<p style=\"font-weight: 400; text-align: justify;\">Enfin, comment ne pas citer l\u2019univers de la petite balle jaune et \u00e9voquer le retour gagnant et inattendu de <strong>Kim Clijsters<\/strong>, \u00e0 l\u2019<strong>US Open 2009<\/strong>. Laur\u00e9ate d\u2019un titre en Grand Chelem (<strong>US Open 2005<\/strong>), la joueuse belge annon\u00e7ait en 2007 se retirer des terrains de tennis \u00e0 seulement 24 ans. Devenue m\u00e8re d\u2019une petite fille en f\u00e9vrier 2008, <strong>Kim Clijsters<\/strong> ressortait sa raquette du placard en 2009, d\u00e9termin\u00e9e \u00e0 retrouver le plus haut niveau.<\/p>\n<p style=\"font-weight: 400; text-align: justify;\">Trois semaines seulement apr\u00e8s son retour \u00e0 la comp\u00e9tition, une <em>wild-card<\/em> lui permettait de participer \u00e0 l\u2019<strong>US Open<\/strong> malgr\u00e9 son \u00e9viction du <strong>classement WTA<\/strong>, elle qui n\u2019avait disput\u00e9 le moindre tournoi en deux ans. Rayonnante, la joueuse belge s\u2019imposait face \u00e0 <strong>Marion Bartoli<\/strong> au 2<sup>e<\/sup> tour, exp\u00e9diait sa compatriote <strong>Kirsten Flipkens<\/strong> et faisait tomber les deux <strong>s\u0153urs Williams<\/strong> qui occupaient les 2<sup>e<\/sup> et 3<sup>e<\/sup> rangs mondiaux. En finale, deux petits sets lui permettaient de s\u2019imposer face \u00e0 <strong>Caroline Wozniacki<\/strong> et signer un exploit retentissant. <strong>Kim Clijsters<\/strong> devenait la premi\u00e8re joueuse non-class\u00e9e \u00e0 remporter l\u2019<strong>US Open<\/strong>. Celle que l\u2019on surnommait d\u00e9sormais \u00ab\u00a0Super Mum\u00a0\u00bb conservait son titre l\u2019ann\u00e9e suivante, puis glanait un quatri\u00e8me titre du Grand Chelem en 2011, sur le gazon de <strong>Wimbledon<\/strong>.<\/p>\n<h2 style=\"font-weight: 400; text-align: justify;\"><strong>Ils sont revenus, mais n\u2019ont pas brill\u00e9 <\/strong><\/h2>\n<p style=\"font-weight: 400; text-align: justify;\">Une petite semaine apr\u00e8s l\u2019exploit de sa compatriote belge, <strong>Justine Henin<\/strong>, retrait\u00e9e depuis 2008, annon\u00e7ait, elle aussi, son retour \u00e0 la comp\u00e9tition. La Belgique retrouvait ses deux gloires du d\u00e9but des ann\u00e9es 2000, mais la joueuse wallonne ne connut pas le m\u00eame succ\u00e8s que <strong>Kim Clijsters<\/strong>.<\/p>\n<p style=\"font-weight: 400; text-align: justify;\">Et pourtant, on aurait pu y croire. Pour sa premi\u00e8re r\u00e9apparition en Grand Chelem, <strong>Justine Henin<\/strong> acc\u00e9dait \u00e0 la finale de l\u2019<strong>Open d\u2019Australie 2010<\/strong>. Battue par <strong>Serena Williams<\/strong> malgr\u00e9 un match disput\u00e9. Demi-finaliste \u00e0 l\u2019<strong>Open de Miami<\/strong>, puis laur\u00e9ate du <strong>Grand Prix de Stuttgart<\/strong>, elle enchainait les victoires, parfois face \u00e0 des joueuses du Top 10, jusqu\u2019\u00e0 ce qu\u2019une blessure \u00e0 <strong>Wimbledon<\/strong> ne vienne mettre fin \u00e0 ses ambitions. Une rupture partielle du ligament du coude droit dont elle ne se remettra jamais. <strong>Justine Henin<\/strong> mettait un terme pr\u00e9matur\u00e9 \u00e0 sa saison, puis annon\u00e7ait la fin de sa carri\u00e8re en janvier 2011, \u00e0 28 ans.<\/p>\n<p style=\"font-weight: 400; text-align: justify;\">Toujours c\u00f4t\u00e9 tennis, <strong>Martina Hingis<\/strong> et <strong>Bj\u00f6rn Borg<\/strong> ont \u00e9galement tent\u00e9 un retour au plus haut niveau, mais n\u2019ont r\u00e9ussi \u00e0 retrouver la voie du succ\u00e8s. Talent pr\u00e9coce, plus jeune joueuse \u00e0 acc\u00e9der au rang de n\u00b01 mondiale et laur\u00e9ate de cinq tournois du Grand Chelem \u00e0 seulement 18 ans, la Suissesse mettait un terme \u00e0 sa carri\u00e8re en 2003, \u00e0 seulement 22 ans. Trois ans plus tard, <strong>Martina Hingis<\/strong> annon\u00e7ait son retour sur les terrains. Une aventure d\u2019un an et demi, durant lesquels elle ne retrouva jamais son meilleur niveau, avant d\u2019\u00eatre suspendu pour dopage, \u00e0 la suite d\u2019un contr\u00f4le positif \u00e0 la coca\u00efne lors du tournoi de <strong>Wimbledon<\/strong>, en 2007.<\/p>\n<p style=\"font-weight: 400; text-align: justify;\">Le <em>come-back<\/em> de <strong>Bj\u00f6rn Borg<\/strong>, lui, \u00e9tait encore moins glorieux. Sept ans apr\u00e8s sa retraite, l\u2019homme aux onze tournois du Grand Chelem ressortait sa raquette d\u2019antan et voulait rego\u00fbter \u00e0 la comp\u00e9tition, \u00e0 35 ans. Toujours muni de sa raquette en bois qui avait fait ses plus belles ann\u00e9es, le joueur su\u00e9dois \u00e9tait impuissant face \u00e0 la nouvelle g\u00e9n\u00e9ration \u00e9quip\u00e9e de raquettes en acier bien plus modernes. Entre 1991 et 1993, <strong>Bj\u00f6rn Borg<\/strong> disputait douze matchs et les perdait tous, avant de se retirer d\u00e9finitivement du circuit international.<\/p>\n<p style=\"font-weight: 400; text-align: justify;\">Dans les bassins, <strong>Mark Spitz<\/strong>, l\u2019ancien nageur le plus d\u00e9cor\u00e9 des Jeux avant l\u2019av\u00e8nement de <strong>Michael Phelps<\/strong>, avait, lui aussi, voulu prouver qu\u2019il \u00e9tait toujours le meilleur, malgr\u00e9 ses 40 ans pass\u00e9s. En 1992, vingt-ans apr\u00e8s ses derniers exploits et ses sept titres olympiques glan\u00e9s \u00e0 Munich, le nageur am\u00e9ricain annon\u00e7ait reprendre l\u2019entra\u00eenement en vue d\u2019une qualification aux <strong>Jeux de Barcelone<\/strong>. Voyant que la marche \u00e9tait trop haute, il se ravisait quelques mois plus tard.<\/p>\n<p style=\"font-weight: 400; text-align: justify;\"><strong>Laure Manaudou<\/strong>, elle, pers\u00e9v\u00e9rait. Celle qui avait apport\u00e9 le premier titre olympique \u00e0 la natation fran\u00e7aise depuis 1952 replongeait dans les bassins en 2011, deux ans apr\u00e8s avoir mis un terme \u00e0 sa carri\u00e8re. Malgr\u00e9 des r\u00e9sultats prometteurs aux championnats de France, en remportant trois titres sur 50 m, 100 m et 200 m dos, <strong>Laure Manaudou<\/strong> \u00e9tait \u00e9limin\u00e9e d\u00e8s les s\u00e9ries, aux <strong>Jeux de Londres<\/strong> en 2012. Quelques mois plus tard, elle annon\u00e7ait tourner la page et clore d\u00e9finitivement son chapitre de nageuse.<\/p>\n<div id=\"attachment_529179\" style=\"width: 750px\" class=\"wp-caption aligncenter\"><a href=\"https:\/\/dicodusport.fr\/blog\/wp-content\/uploads\/2024\/10\/Laure-Manaudou-en-eaux-troubles-aux-JO-de-Londres-2012.png\"><img loading=\"lazy\" decoding=\"async\" aria-describedby=\"caption-attachment-529179\" class=\"size-large wp-image-529179\" src=\"https:\/\/dicodusport.fr\/blog\/wp-content\/uploads\/2024\/10\/Laure-Manaudou-en-eaux-troubles-aux-JO-de-Londres-2012-1024x575.png\" alt=\"Laure Manaudou en eaux troubles aux JO de Londres 2012\" width=\"740\" height=\"416\" srcset=\"https:\/\/dicodusport.fr\/blog\/wp-content\/uploads\/2024\/10\/Laure-Manaudou-en-eaux-troubles-aux-JO-de-Londres-2012-1024x575.png 1024w, https:\/\/dicodusport.fr\/blog\/wp-content\/uploads\/2024\/10\/Laure-Manaudou-en-eaux-troubles-aux-JO-de-Londres-2012-300x169.png 300w, https:\/\/dicodusport.fr\/blog\/wp-content\/uploads\/2024\/10\/Laure-Manaudou-en-eaux-troubles-aux-JO-de-Londres-2012-768x431.png 768w, https:\/\/dicodusport.fr\/blog\/wp-content\/uploads\/2024\/10\/Laure-Manaudou-en-eaux-troubles-aux-JO-de-Londres-2012.png 1200w\" sizes=\"auto, (max-width: 740px) 100vw, 740px\" \/><\/a><p id=\"caption-attachment-529179\" class=\"wp-caption-text\">Laure Manaudou en eaux troubles aux JO de Londres 2012 &#8211; Photo Icon Sport<\/p><\/div>\n<p style=\"font-weight: 400; text-align: justify;\"><strong>Marcel Hirscher<\/strong>, <a href=\"https:\/\/dicodusport.fr\/blog\/ski-alpin-marcel-hirscher-va-faire-son-retour-avec-une-autre-nation\/\">l\u2019homme qui s\u2019appr\u00eate \u00e0 effectuer son grand retour<\/a> sur les pistes de ski ce week-end, avait d\u00e9croch\u00e9 son premier gros globe de cristal en 2012, l\u2019ann\u00e9e o\u00f9 un illustre champion du monde automobile mettait un terme d\u00e9finitif \u00e0 sa carri\u00e8re. Septuple champion du monde entre 1994 et 2004 et retrait\u00e9 au terme de la saison 2006, <strong>Michael Schumacher<\/strong> s\u2019\u00e9tait finalement offert une derni\u00e8re vir\u00e9e en <strong>F1<\/strong> sous les couleurs de l\u2019\u00e9curie <strong>Mercedes<\/strong> qui effectuait, elle aussi, son retour dans la cat\u00e9gorie reine du sport automobile. Entre 2010 et 2012, le pilote allemand disputa trois saisons sans jamais retrouver le chemin de la victoire. Toujours devanc\u00e9 par son co\u00e9quipier <strong>Nico Rosberg<\/strong> au classement g\u00e9n\u00e9ral et auteur d\u2019un seul podium en cinquante-huit Grands Prix, <strong>Michael Schumacher<\/strong> quittait le monde de la <strong>Formule 1<\/strong> le 25 novembre 2012, du c\u00f4t\u00e9 de S\u00e3o Paulo.<\/p>\n<p style=\"text-align: justify;\">\n","protected":false},"excerpt":{"rendered":"<p>Avant Marcel Hirscher, ces sportifs sortis de leur retraite avec plus ou moins de r\u00e9ussite<\/p>\n","protected":false},"author":107,"featured_media":529190,"comment_status":"open","ping_status":"closed","sticky":false,"template":"","format":"standard","meta":{"_acf_changed":false,"_daextam_enable_autolinks":"1","footnotes":""},"categories":[47084,7],"tags":[32415,16878,12586,3785],"class_list":["post-529169","post","type-post","status-publish","format-standard","has-post-thumbnail","hentry","category-coupe-du-monde-ski-alpin","category-legendes-du-sport","tag-actu","tag-breve","tag-coupe-du-monde-de-ski-alpin","tag-marcel-hirscher"],"acf":[],"yoast_head":"<!-- This site is optimized with the Yoast SEO Premium plugin v26.7 (Yoast SEO v26.7) - https:\/\/yoast.com\/wordpress\/plugins\/seo\/ -->\n<title>Avant Marcel Hirscher, ces sportifs sortis de leur retraite avec plus ou moins de r\u00e9ussite<\/title>\n<meta name=\"description\" content=\"Cinq ans apr\u00e8s s\u2019\u00eatre retir\u00e9 des pistes de ski, Marcel Hirscher sort de sa retraite et lance ce week-end sa saison 2024-2025.\" \/>\n<meta name=\"robots\" content=\"index, follow, max-snippet:-1, max-image-preview:large, max-video-preview:-1\" \/>\n<link rel=\"canonical\" href=\"https:\/\/dicodusport.fr\/blog\/avant-marcel-hirscher-sportifs-sortis-de-leur-retraite\/\" \/>\n<meta property=\"og:locale\" content=\"fr_FR\" \/>\n<meta property=\"og:type\" content=\"article\" \/>\n<meta property=\"og:title\" content=\"Avant Marcel Hirscher, ces sportifs sortis de leur retraite avec plus ou moins de r\u00e9ussite\" \/>\n<meta property=\"og:description\" content=\"Cinq ans apr\u00e8s s\u2019\u00eatre retir\u00e9 des pistes de ski, Marcel Hirscher sort de sa retraite et lance ce week-end sa saison 2024-2025.\" \/>\n<meta property=\"og:url\" content=\"https:\/\/dicodusport.fr\/blog\/avant-marcel-hirscher-sportifs-sortis-de-leur-retraite\/\" \/>\n<meta property=\"og:site_name\" content=\"Dicodusport\" \/>\n<meta property=\"article:publisher\" content=\"https:\/\/www.facebook.com\/dicodusport\" \/>\n<meta property=\"article:published_time\" content=\"2024-10-26T11:16:40+00:00\" \/>\n<meta property=\"og:image\" content=\"https:\/\/dicodusport.fr\/blog\/wp-content\/uploads\/2024\/10\/Avant-Marcel-Hirscher-ces-sportifs-sortis-de-leur-retraite-avec-plus-ou-moins-de-reussite.png\" \/>\n\t<meta property=\"og:image:width\" content=\"1200\" \/>\n\t<meta property=\"og:image:height\" content=\"674\" \/>\n\t<meta property=\"og:image:type\" content=\"image\/png\" \/>\n<meta name=\"author\" content=\"Th\u00e9o Gripon Auer\" \/>\n<meta name=\"twitter:card\" content=\"summary_large_image\" \/>\n<meta name=\"twitter:title\" content=\"Avant Marcel Hirscher, ces sportifs sortis de leur retraite avec plus ou moins de r\u00e9ussite\" \/>\n<meta name=\"twitter:creator\" content=\"@dicodusport\" \/>\n<meta name=\"twitter:site\" content=\"@dicodusport\" \/>\n<script type=\"application\/ld+json\" class=\"yoast-schema-graph\">{\"@context\":\"https:\/\/schema.org\",\"@graph\":[{\"@type\":\"NewsArticle\",\"@id\":\"https:\/\/dicodusport.fr\/blog\/avant-marcel-hirscher-sportifs-sortis-de-leur-retraite\/#article\",\"isPartOf\":{\"@id\":\"https:\/\/dicodusport.fr\/blog\/avant-marcel-hirscher-sportifs-sortis-de-leur-retraite\/\"},\"author\":{\"name\":\"Th\u00e9o Gripon Auer\",\"@id\":\"https:\/\/dicodusport.fr\/blog\/#\/schema\/person\/c0d35c220c4e79773da9e19a595ab67c\"},\"headline\":\"Avant Marcel Hirscher, ces sportifs sortis de leur retraite avec plus ou moins de r\u00e9ussite\",\"datePublished\":\"2024-10-26T11:16:40+00:00\",\"mainEntityOfPage\":{\"@id\":\"https:\/\/dicodusport.fr\/blog\/avant-marcel-hirscher-sportifs-sortis-de-leur-retraite\/\"},\"wordCount\":1633,\"commentCount\":0,\"publisher\":{\"@id\":\"https:\/\/dicodusport.fr\/blog\/#organization\"},\"image\":{\"@id\":\"https:\/\/dicodusport.fr\/blog\/avant-marcel-hirscher-sportifs-sortis-de-leur-retraite\/#primaryimage\"},\"thumbnailUrl\":\"https:\/\/dicodusport.fr\/blog\/wp-content\/uploads\/2024\/10\/Avant-Marcel-Hirscher-ces-sportifs-sortis-de-leur-retraite-avec-plus-ou-moins-de-reussite.png\",\"keywords\":[\"actu\",\"br\u00e8ve\",\"Coupe du monde de ski alpin\",\"Marcel Hirscher\"],\"articleSection\":[\"Coupe du monde de ski alpin\",\"L\u00e9gendes du sport\"],\"inLanguage\":\"fr-FR\",\"potentialAction\":[{\"@type\":\"CommentAction\",\"name\":\"Comment\",\"target\":[\"https:\/\/dicodusport.fr\/blog\/avant-marcel-hirscher-sportifs-sortis-de-leur-retraite\/#respond\"]}],\"copyrightYear\":\"2024\",\"copyrightHolder\":{\"@id\":\"https:\/\/dicodusport.fr\/blog\/#organization\"}},{\"@type\":\"WebPage\",\"@id\":\"https:\/\/dicodusport.fr\/blog\/avant-marcel-hirscher-sportifs-sortis-de-leur-retraite\/\",\"url\":\"https:\/\/dicodusport.fr\/blog\/avant-marcel-hirscher-sportifs-sortis-de-leur-retraite\/\",\"name\":\"Avant Marcel Hirscher, ces sportifs sortis de leur retraite avec plus ou moins de r\u00e9ussite\",\"isPartOf\":{\"@id\":\"https:\/\/dicodusport.fr\/blog\/#website\"},\"primaryImageOfPage\":{\"@id\":\"https:\/\/dicodusport.fr\/blog\/avant-marcel-hirscher-sportifs-sortis-de-leur-retraite\/#primaryimage\"},\"image\":{\"@id\":\"https:\/\/dicodusport.fr\/blog\/avant-marcel-hirscher-sportifs-sortis-de-leur-retraite\/#primaryimage\"},\"thumbnailUrl\":\"https:\/\/dicodusport.fr\/blog\/wp-content\/uploads\/2024\/10\/Avant-Marcel-Hirscher-ces-sportifs-sortis-de-leur-retraite-avec-plus-ou-moins-de-reussite.png\",\"datePublished\":\"2024-10-26T11:16:40+00:00\",\"description\":\"Cinq ans apr\u00e8s s\u2019\u00eatre retir\u00e9 des pistes de ski, Marcel Hirscher sort de sa retraite et lance ce week-end sa saison 2024-2025.\",\"breadcrumb\":{\"@id\":\"https:\/\/dicodusport.fr\/blog\/avant-marcel-hirscher-sportifs-sortis-de-leur-retraite\/#breadcrumb\"},\"inLanguage\":\"fr-FR\",\"potentialAction\":[{\"@type\":\"ReadAction\",\"target\":[\"https:\/\/dicodusport.fr\/blog\/avant-marcel-hirscher-sportifs-sortis-de-leur-retraite\/\"]}]},{\"@type\":\"ImageObject\",\"inLanguage\":\"fr-FR\",\"@id\":\"https:\/\/dicodusport.fr\/blog\/avant-marcel-hirscher-sportifs-sortis-de-leur-retraite\/#primaryimage\",\"url\":\"https:\/\/dicodusport.fr\/blog\/wp-content\/uploads\/2024\/10\/Avant-Marcel-Hirscher-ces-sportifs-sortis-de-leur-retraite-avec-plus-ou-moins-de-reussite.png\",\"contentUrl\":\"https:\/\/dicodusport.fr\/blog\/wp-content\/uploads\/2024\/10\/Avant-Marcel-Hirscher-ces-sportifs-sortis-de-leur-retraite-avec-plus-ou-moins-de-reussite.png\",\"width\":1200,\"height\":674,\"caption\":\"Avant Marcel Hirscher, ces sportifs sortis de leur retraite avec plus ou moins de r\u00e9ussite\"},{\"@type\":\"BreadcrumbList\",\"@id\":\"https:\/\/dicodusport.fr\/blog\/avant-marcel-hirscher-sportifs-sortis-de-leur-retraite\/#breadcrumb\",\"itemListElement\":[{\"@type\":\"ListItem\",\"position\":1,\"name\":\"Accueil\",\"item\":\"https:\/\/dicodusport.fr\/blog\/\"},{\"@type\":\"ListItem\",\"position\":2,\"name\":\"Avant Marcel Hirscher, ces sportifs sortis de leur retraite avec plus ou moins de r\u00e9ussite\"}]},{\"@type\":\"WebSite\",\"@id\":\"https:\/\/dicodusport.fr\/blog\/#website\",\"url\":\"https:\/\/dicodusport.fr\/blog\/\",\"name\":\"Dicodusport\",\"description\":\"L&#039;encyclop\u00e9die de l&#039;actualit\u00e9 sportive\",\"publisher\":{\"@id\":\"https:\/\/dicodusport.fr\/blog\/#organization\"},\"potentialAction\":[{\"@type\":\"SearchAction\",\"target\":{\"@type\":\"EntryPoint\",\"urlTemplate\":\"https:\/\/dicodusport.fr\/blog\/?s={search_term_string}\"},\"query-input\":{\"@type\":\"PropertyValueSpecification\",\"valueRequired\":true,\"valueName\":\"search_term_string\"}}],\"inLanguage\":\"fr-FR\"},{\"@type\":\"NewsMediaOrganization\",\"@id\":\"https:\/\/dicodusport.fr\/blog\/#organization\",\"name\":\"Dicodusport\",\"url\":\"https:\/\/dicodusport.fr\/blog\/\",\"logo\":{\"@type\":\"ImageObject\",\"inLanguage\":\"fr-FR\",\"@id\":\"https:\/\/dicodusport.fr\/blog\/#\/schema\/logo\/image\/\",\"url\":\"https:\/\/dicodusport.fr\/blog\/wp-content\/uploads\/2020\/06\/cropped-LOGO-DICODUSPORT-2020-SANS-FOND-SANS-TEXTE.png\",\"contentUrl\":\"https:\/\/dicodusport.fr\/blog\/wp-content\/uploads\/2020\/06\/cropped-LOGO-DICODUSPORT-2020-SANS-FOND-SANS-TEXTE.png\",\"width\":512,\"height\":512,\"caption\":\"Dicodusport\"},\"image\":{\"@id\":\"https:\/\/dicodusport.fr\/blog\/#\/schema\/logo\/image\/\"},\"sameAs\":[\"https:\/\/www.facebook.com\/dicodusport\",\"https:\/\/x.com\/dicodusport\",\"https:\/\/www.instagram.com\/dicodusport\/\",\"https:\/\/www.youtube.com\/channel\/UC7V2KZ5sd3htJivAbA4ZG3w\"],\"description\":\"Dicodusport est l'encyclop\u00e9die de l'actualit\u00e9 sportive.\",\"email\":\"bonjour@dicodusport.fr\",\"legalName\":\"DICODUSPORT\",\"foundingDate\":\"2018-01-14\",\"vatID\":\"FR71834470973\",\"taxID\":\"83447097300043\",\"numberOfEmployees\":{\"@type\":\"QuantitativeValue\",\"minValue\":\"1\",\"maxValue\":\"10\"}},{\"@type\":\"Person\",\"@id\":\"https:\/\/dicodusport.fr\/blog\/#\/schema\/person\/c0d35c220c4e79773da9e19a595ab67c\",\"name\":\"Th\u00e9o Gripon Auer\",\"image\":{\"@type\":\"ImageObject\",\"inLanguage\":\"fr-FR\",\"@id\":\"https:\/\/dicodusport.fr\/blog\/#\/schema\/person\/image\/\",\"url\":\"https:\/\/dicodusport.fr\/blog\/wp-content\/uploads\/2025\/02\/Maillot-Dicodusport-Theo-150x150.png\",\"contentUrl\":\"https:\/\/dicodusport.fr\/blog\/wp-content\/uploads\/2025\/02\/Maillot-Dicodusport-Theo-150x150.png\",\"caption\":\"Th\u00e9o Gripon Auer\"},\"description\":\"Partag\u00e9 entre la passion du sport et celle de l\u2019\u00e9criture, je f\u00e9d\u00e8re les deux au service de Dicodusport. Un poil frustr\u00e9 de ne pas avoir r\u00e9ussi \u00e0 devenir sportif pro, alors que je ne me suis jamais fait les crois\u00e9s, je partage tout de m\u00eame un point commun avec Tadej Pogacar, Cristiano Ronaldo et John McEnroe : celui de n\u2019avoir jamais \u00e9t\u00e9 champion olympique.\",\"url\":\"https:\/\/dicodusport.fr\/blog\/author\/theo-gripon-auer\/\"}]}<\/script>\n<!-- \/ Yoast SEO Premium plugin. -->","yoast_head_json":{"title":"Avant Marcel Hirscher, ces sportifs sortis de leur retraite avec plus ou moins de r\u00e9ussite","description":"Cinq ans apr\u00e8s s\u2019\u00eatre retir\u00e9 des pistes de ski, Marcel Hirscher sort de sa retraite et lance ce week-end sa saison 2024-2025.","robots":{"index":"index","follow":"follow","max-snippet":"max-snippet:-1","max-image-preview":"max-image-preview:large","max-video-preview":"max-video-preview:-1"},"canonical":"https:\/\/dicodusport.fr\/blog\/avant-marcel-hirscher-sportifs-sortis-de-leur-retraite\/","og_locale":"fr_FR","og_type":"article","og_title":"Avant Marcel Hirscher, ces sportifs sortis de leur retraite avec plus ou moins de r\u00e9ussite","og_description":"Cinq ans apr\u00e8s s\u2019\u00eatre retir\u00e9 des pistes de ski, Marcel Hirscher sort de sa retraite et lance ce week-end sa saison 2024-2025.","og_url":"https:\/\/dicodusport.fr\/blog\/avant-marcel-hirscher-sportifs-sortis-de-leur-retraite\/","og_site_name":"Dicodusport","article_publisher":"https:\/\/www.facebook.com\/dicodusport","article_published_time":"2024-10-26T11:16:40+00:00","og_image":[{"width":1200,"height":674,"url":"https:\/\/dicodusport.fr\/blog\/wp-content\/uploads\/2024\/10\/Avant-Marcel-Hirscher-ces-sportifs-sortis-de-leur-retraite-avec-plus-ou-moins-de-reussite.png","type":"image\/png"}],"author":"Th\u00e9o Gripon Auer","twitter_card":"summary_large_image","twitter_title":"Avant Marcel Hirscher, ces sportifs sortis de leur retraite avec plus ou moins de r\u00e9ussite","twitter_creator":"@dicodusport","twitter_site":"@dicodusport","schema":{"@context":"https:\/\/schema.org","@graph":[{"@type":"NewsArticle","@id":"https:\/\/dicodusport.fr\/blog\/avant-marcel-hirscher-sportifs-sortis-de-leur-retraite\/#article","isPartOf":{"@id":"https:\/\/dicodusport.fr\/blog\/avant-marcel-hirscher-sportifs-sortis-de-leur-retraite\/"},"author":{"name":"Th\u00e9o Gripon Auer","@id":"https:\/\/dicodusport.fr\/blog\/#\/schema\/person\/c0d35c220c4e79773da9e19a595ab67c"},"headline":"Avant Marcel Hirscher, ces sportifs sortis de leur retraite avec plus ou moins de r\u00e9ussite","datePublished":"2024-10-26T11:16:40+00:00","mainEntityOfPage":{"@id":"https:\/\/dicodusport.fr\/blog\/avant-marcel-hirscher-sportifs-sortis-de-leur-retraite\/"},"wordCount":1633,"commentCount":0,"publisher":{"@id":"https:\/\/dicodusport.fr\/blog\/#organization"},"image":{"@id":"https:\/\/dicodusport.fr\/blog\/avant-marcel-hirscher-sportifs-sortis-de-leur-retraite\/#primaryimage"},"thumbnailUrl":"https:\/\/dicodusport.fr\/blog\/wp-content\/uploads\/2024\/10\/Avant-Marcel-Hirscher-ces-sportifs-sortis-de-leur-retraite-avec-plus-ou-moins-de-reussite.png","keywords":["actu","br\u00e8ve","Coupe du monde de ski alpin","Marcel Hirscher"],"articleSection":["Coupe du monde de ski alpin","L\u00e9gendes du sport"],"inLanguage":"fr-FR","potentialAction":[{"@type":"CommentAction","name":"Comment","target":["https:\/\/dicodusport.fr\/blog\/avant-marcel-hirscher-sportifs-sortis-de-leur-retraite\/#respond"]}],"copyrightYear":"2024","copyrightHolder":{"@id":"https:\/\/dicodusport.fr\/blog\/#organization"}},{"@type":"WebPage","@id":"https:\/\/dicodusport.fr\/blog\/avant-marcel-hirscher-sportifs-sortis-de-leur-retraite\/","url":"https:\/\/dicodusport.fr\/blog\/avant-marcel-hirscher-sportifs-sortis-de-leur-retraite\/","name":"Avant Marcel Hirscher, ces sportifs sortis de leur retraite avec plus ou moins de r\u00e9ussite","isPartOf":{"@id":"https:\/\/dicodusport.fr\/blog\/#website"},"primaryImageOfPage":{"@id":"https:\/\/dicodusport.fr\/blog\/avant-marcel-hirscher-sportifs-sortis-de-leur-retraite\/#primaryimage"},"image":{"@id":"https:\/\/dicodusport.fr\/blog\/avant-marcel-hirscher-sportifs-sortis-de-leur-retraite\/#primaryimage"},"thumbnailUrl":"https:\/\/dicodusport.fr\/blog\/wp-content\/uploads\/2024\/10\/Avant-Marcel-Hirscher-ces-sportifs-sortis-de-leur-retraite-avec-plus-ou-moins-de-reussite.png","datePublished":"2024-10-26T11:16:40+00:00","description":"Cinq ans apr\u00e8s s\u2019\u00eatre retir\u00e9 des pistes de ski, Marcel Hirscher sort de sa retraite et lance ce week-end sa saison 2024-2025.","breadcrumb":{"@id":"https:\/\/dicodusport.fr\/blog\/avant-marcel-hirscher-sportifs-sortis-de-leur-retraite\/#breadcrumb"},"inLanguage":"fr-FR","potentialAction":[{"@type":"ReadAction","target":["https:\/\/dicodusport.fr\/blog\/avant-marcel-hirscher-sportifs-sortis-de-leur-retraite\/"]}]},{"@type":"ImageObject","inLanguage":"fr-FR","@id":"https:\/\/dicodusport.fr\/blog\/avant-marcel-hirscher-sportifs-sortis-de-leur-retraite\/#primaryimage","url":"https:\/\/dicodusport.fr\/blog\/wp-content\/uploads\/2024\/10\/Avant-Marcel-Hirscher-ces-sportifs-sortis-de-leur-retraite-avec-plus-ou-moins-de-reussite.png","contentUrl":"https:\/\/dicodusport.fr\/blog\/wp-content\/uploads\/2024\/10\/Avant-Marcel-Hirscher-ces-sportifs-sortis-de-leur-retraite-avec-plus-ou-moins-de-reussite.png","width":1200,"height":674,"caption":"Avant Marcel Hirscher, ces sportifs sortis de leur retraite avec plus ou moins de r\u00e9ussite"},{"@type":"BreadcrumbList","@id":"https:\/\/dicodusport.fr\/blog\/avant-marcel-hirscher-sportifs-sortis-de-leur-retraite\/#breadcrumb","itemListElement":[{"@type":"ListItem","position":1,"name":"Accueil","item":"https:\/\/dicodusport.fr\/blog\/"},{"@type":"ListItem","position":2,"name":"Avant Marcel Hirscher, ces sportifs sortis de leur retraite avec plus ou moins de r\u00e9ussite"}]},{"@type":"WebSite","@id":"https:\/\/dicodusport.fr\/blog\/#website","url":"https:\/\/dicodusport.fr\/blog\/","name":"Dicodusport","description":"L&#039;encyclop\u00e9die de l&#039;actualit\u00e9 sportive","publisher":{"@id":"https:\/\/dicodusport.fr\/blog\/#organization"},"potentialAction":[{"@type":"SearchAction","target":{"@type":"EntryPoint","urlTemplate":"https:\/\/dicodusport.fr\/blog\/?s={search_term_string}"},"query-input":{"@type":"PropertyValueSpecification","valueRequired":true,"valueName":"search_term_string"}}],"inLanguage":"fr-FR"},{"@type":"NewsMediaOrganization","@id":"https:\/\/dicodusport.fr\/blog\/#organization","name":"Dicodusport","url":"https:\/\/dicodusport.fr\/blog\/","logo":{"@type":"ImageObject","inLanguage":"fr-FR","@id":"https:\/\/dicodusport.fr\/blog\/#\/schema\/logo\/image\/","url":"https:\/\/dicodusport.fr\/blog\/wp-content\/uploads\/2020\/06\/cropped-LOGO-DICODUSPORT-2020-SANS-FOND-SANS-TEXTE.png","contentUrl":"https:\/\/dicodusport.fr\/blog\/wp-content\/uploads\/2020\/06\/cropped-LOGO-DICODUSPORT-2020-SANS-FOND-SANS-TEXTE.png","width":512,"height":512,"caption":"Dicodusport"},"image":{"@id":"https:\/\/dicodusport.fr\/blog\/#\/schema\/logo\/image\/"},"sameAs":["https:\/\/www.facebook.com\/dicodusport","https:\/\/x.com\/dicodusport","https:\/\/www.instagram.com\/dicodusport\/","https:\/\/www.youtube.com\/channel\/UC7V2KZ5sd3htJivAbA4ZG3w"],"description":"Dicodusport est l'encyclop\u00e9die de l'actualit\u00e9 sportive.","email":"bonjour@dicodusport.fr","legalName":"DICODUSPORT","foundingDate":"2018-01-14","vatID":"FR71834470973","taxID":"83447097300043","numberOfEmployees":{"@type":"QuantitativeValue","minValue":"1","maxValue":"10"}},{"@type":"Person","@id":"https:\/\/dicodusport.fr\/blog\/#\/schema\/person\/c0d35c220c4e79773da9e19a595ab67c","name":"Th\u00e9o Gripon Auer","image":{"@type":"ImageObject","inLanguage":"fr-FR","@id":"https:\/\/dicodusport.fr\/blog\/#\/schema\/person\/image\/","url":"https:\/\/dicodusport.fr\/blog\/wp-content\/uploads\/2025\/02\/Maillot-Dicodusport-Theo-150x150.png","contentUrl":"https:\/\/dicodusport.fr\/blog\/wp-content\/uploads\/2025\/02\/Maillot-Dicodusport-Theo-150x150.png","caption":"Th\u00e9o Gripon Auer"},"description":"Partag\u00e9 entre la passion du sport et celle de l\u2019\u00e9criture, je f\u00e9d\u00e8re les deux au service de Dicodusport. Un poil frustr\u00e9 de ne pas avoir r\u00e9ussi \u00e0 devenir sportif pro, alors que je ne me suis jamais fait les crois\u00e9s, je partage tout de m\u00eame un point commun avec Tadej Pogacar, Cristiano Ronaldo et John McEnroe : celui de n\u2019avoir jamais \u00e9t\u00e9 champion olympique.","url":"https:\/\/dicodusport.fr\/blog\/author\/theo-gripon-auer\/"}]}},"_links":{"self":[{"href":"https:\/\/dicodusport.fr\/blog\/wp-json\/wp\/v2\/posts\/529169","targetHints":{"allow":["GET"]}}],"collection":[{"href":"https:\/\/dicodusport.fr\/blog\/wp-json\/wp\/v2\/posts"}],"about":[{"href":"https:\/\/dicodusport.fr\/blog\/wp-json\/wp\/v2\/types\/post"}],"author":[{"embeddable":true,"href":"https:\/\/dicodusport.fr\/blog\/wp-json\/wp\/v2\/users\/107"}],"replies":[{"embeddable":true,"href":"https:\/\/dicodusport.fr\/blog\/wp-json\/wp\/v2\/comments?post=529169"}],"version-history":[{"count":5,"href":"https:\/\/dicodusport.fr\/blog\/wp-json\/wp\/v2\/posts\/529169\/revisions"}],"predecessor-version":[{"id":529191,"href":"https:\/\/dicodusport.fr\/blog\/wp-json\/wp\/v2\/posts\/529169\/revisions\/529191"}],"wp:featuredmedia":[{"embeddable":true,"href":"https:\/\/dicodusport.fr\/blog\/wp-json\/wp\/v2\/media\/529190"}],"wp:attachment":[{"href":"https:\/\/dicodusport.fr\/blog\/wp-json\/wp\/v2\/media?parent=529169"}],"wp:term":[{"taxonomy":"category","embeddable":true,"href":"https:\/\/dicodusport.fr\/blog\/wp-json\/wp\/v2\/categories?post=529169"},{"taxonomy":"post_tag","embeddable":true,"href":"https:\/\/dicodusport.fr\/blog\/wp-json\/wp\/v2\/tags?post=529169"}],"curies":[{"name":"wp","href":"https:\/\/api.w.org\/{rel}","templated":true}]}}