{"id":529429,"date":"2024-10-27T14:06:22","date_gmt":"2024-10-27T13:06:22","guid":{"rendered":"https:\/\/dicodusport.fr\/blog\/?p=529429&#038;preview=true&#038;preview_id=529429"},"modified":"2024-10-27T15:38:32","modified_gmt":"2024-10-27T14:38:32","slug":"geant-hommes-de-solden-la-victoire-pour-alexander-steen-olsen-triple-norvegien","status":"publish","type":"post","link":"https:\/\/dicodusport.fr\/blog\/geant-hommes-de-solden-la-victoire-pour-alexander-steen-olsen-triple-norvegien\/","title":{"rendered":"G\u00e9ant hommes de S\u00f6lden : La victoire pour Alexander Steen Olsen, tripl\u00e9 norv\u00e9gien !"},"content":{"rendered":"<h4 style=\"text-align: justify;\"><em>COUPE DU MONDE DE SKI ALPIN 2024\/2025 &#8211; Alexander Steen Olsen a remport\u00e9 le premier g\u00e9ant de la saison en devan\u00e7ant deux de ses compatriotes. Lucas Pinheiro Braathen termine quatri\u00e8me un an et demi apr\u00e8s sa derni\u00e8re course. <\/em><em>Une course qui marquait aussi le retour de Marcel Hirscher cinq ans apr\u00e8s.<\/em><\/h4>\n<ul>\n<li style=\"text-align: justify;\"><strong>\u00c0 ce sujet &#8211; <a href=\"https:\/\/dicodusport.fr\/blog\/ski-alpin-solden-2024-classement-geant-hommes\/\">Ski alpin Solden 2024 \u2013 Classement g\u00e9ant hommes<\/a><\/strong><\/li>\n<\/ul>\n<h2 style=\"text-align: justify;\">Odermatt sorti, Hirscher et Pinheiro Braathen de retour !<\/h2>\n<p style=\"text-align: justify;\">On avait laiss\u00e9 <strong>Marco Odermatt<\/strong> et ses comp\u00e8res \u00e0 Saalbach en mars dernier pour les finales de la Coupe du monde. Sept mois apr\u00e8s, les meilleurs techniciens du plateau \u00e9taient au rendez-vous \u00e0 S\u00f6lden pour lancer la saison 2024-2025. S&rsquo;il en manquait quelques-uns \u00e0 l&rsquo;appel, notamment <strong>Alexis Pinturault<\/strong> ou <strong>Marco Schwarz<\/strong>, un nom attirait tous les regards au d\u00e9part ce matin : celui de <strong>Marcel Hirscher<\/strong> ! Cinq ans apr\u00e8s sa retraite sportive, l&rsquo;Autrichien avait annonc\u00e9 au mois d&rsquo;avril son retour sous les couleurs&#8230; n\u00e9erlandaises ! De l\u00e0 \u00e0 se placer comme un adversaire d&rsquo;envergure pour <strong>Odermatt<\/strong> et les autres d\u00e8s le g\u00e9ant du jour ? C&rsquo;\u00e9tait un peu trop pr\u00e9somptueux m\u00eame s&rsquo;il a montr\u00e9 de tr\u00e8s belles choses.<\/p>\n<p style=\"text-align: justify;\">Apr\u00e8s 2051 jours sans le moindre d\u00e9part en Coupe du monde, l&rsquo;octuple vainqueur du globe de cristal parti dossard 34 pointait 28e \u00e0 la fin de la premi\u00e8re manche. Un petit exploit d\u00e9j\u00e0. Autre revenant, Lucas Braathen, qui appara\u00eet d\u00e9sormais dans les classements sous le nom de <strong>Lucas Pinheiro Braathen<\/strong> en ayant rejoint les rangs du Br\u00e9sil un an apr\u00e8s son d\u00e9part de l&rsquo;\u00e9quipe norv\u00e9gienne et l&rsquo;annonce de sa retraite, a quant \u00e0 lui sign\u00e9 une magnifique premi\u00e8re manche. Il signait le 19e temps malgr\u00e9 son dossard 41 et des conditions de piste difficiles dans le mur.<\/p>\n<p style=\"text-align: justify;\">En revanche, aucun signe de pr\u00e9sence de <strong>Marco Odermatt<\/strong> dans les hauteurs du classement. Le Suisse, dossard n\u00b01 sur les \u00e9paules, n&rsquo;a pas fini sa premi\u00e8re manche, auteur d&rsquo;une faute d&rsquo;int\u00e9rieur apr\u00e8s 40 secondes de course. C&rsquo;est le Norv\u00e9gien <strong>Alexander Steen Olsen<\/strong>, un podium dans la discipline, qui a sign\u00e9 le meilleur chrono devant <strong>Filip Zubcic<\/strong> et <strong>Henrik Kristoffersen<\/strong>.<\/p>\n<blockquote class=\"twitter-tweet\">\n<p dir=\"ltr\" lang=\"en\">\ud835\udde2\ud835\uddd7\ud835\udddc \ud835\uddda\ud835\udde2\ud835\uddd8\ud835\udde6 \ud835\uddd7\ud835\udde2\ud835\uddea\ud835\udde1! \ud83d\ude31<\/p>\n<p>It&rsquo;s a nightmare first run for Marco Odermatt as he crashes out in the season opener. \ud83d\udca5<a href=\"https:\/\/twitter.com\/hashtag\/fisalpine?src=hash&amp;ref_src=twsrc%5Etfw\">#fisalpine<\/a> <a href=\"https:\/\/t.co\/5CeGRV9Poq\">pic.twitter.com\/5CeGRV9Poq<\/a><\/p>\n<p>\u2014 Eurosport (@eurosport) <a href=\"https:\/\/twitter.com\/eurosport\/status\/1850463936434348131?ref_src=twsrc%5Etfw\">October 27, 2024<\/a><\/p><\/blockquote>\n<p><script async src=\"https:\/\/platform.twitter.com\/widgets.js\" charset=\"utf-8\"><\/script><\/p>\n<h2 style=\"text-align: justify;\">Steen Olsen r\u00e9siste \u00e0 la pression, Pinheiro Braathen et Hirscher d\u00e9j\u00e0 au niveau !<\/h2>\n<p style=\"text-align: justify;\">Si on pensait qu&rsquo;il faudrait peut-\u00eatre plusieurs courses pour <strong>Marcel Hirscher<\/strong> et <strong>Lucas Pinheiro Braathen\u00a0<\/strong>afin de reprendre le rythme de la comp\u00e9tition, c&rsquo;\u00e9tait m\u00e9conna\u00eetre leur d\u00e9termination. Le premier a gagn\u00e9 quelques places et se classe 23e. La sensation est venue du Br\u00e9silien qui au profit d&rsquo;une excellente deuxi\u00e8me manche pleine d&rsquo;engagement a r\u00e9alis\u00e9 une folle remont\u00e9e pour se classer 4e, au pied du podium.<\/p>\n<p style=\"text-align: justify;\">Devant, il y avait une possibilit\u00e9 en or pour s&rsquo;imposer et profiter de la sortie d&rsquo;<strong>Odermatt<\/strong>. <strong>Henrik Kristoffersen<\/strong> a d&#8217;embl\u00e9e mis la pression \u00e0 ses adversaires en prenant la t\u00eate avant le passage de <strong>Zubcic<\/strong> et <strong>Steen Olsen<\/strong>. Est-ce la pression qui a conduit le Croate \u00e0 la faute ? Toujours est-il qu&rsquo;il ne signera pas de treizi\u00e8me podium en Coupe du monde, contraint \u00e0 l&rsquo;abandon. Malgr\u00e9 la courte interruption qui a suivi, <strong>Alexander Steen Olsen<\/strong> n&rsquo;a pas failli face \u00e0 une pression qui lui a d\u00e9j\u00e0 \u00e9t\u00e9 fatale par le pass\u00e9 au moment de refermer le portillon. En d\u00e9pit d&rsquo;une erreur qui aurait pu lui co\u00fbter cher dans le mur, le jeune skieur norv\u00e9gien s&rsquo;impose ainsi devant <strong>Henrik Kristoffersen<\/strong> avec 65 centi\u00e8mes de marge. <strong>Atle Lie McGrath<\/strong> vient lui parachever un tripl\u00e9 norv\u00e9gien en prenant la troisi\u00e8me place.<\/p>\n<ul>\n<li style=\"text-align: justify;\"><strong>\u00c0 ce sujet &#8211; <a href=\"https:\/\/dicodusport.fr\/blog\/calendrier-et-resultats-coupe-du-monde-ski-alpin-2024-2025\/\">Calendrier et r\u00e9sultats Coupe du monde Ski alpin 2024-2025<\/a><\/strong><\/li>\n<\/ul>\n<h2>Les Fran\u00e7ais loin du compte<\/h2>\n<p style=\"text-align: justify;\">C\u00f4t\u00e9 tricolore, la meilleure performance est \u00e0 mettre au cr\u00e9dit de <strong>Thibaut Favrot<\/strong>. 10e de la premi\u00e8re manche, le tricolore semble cependant avoir produit un ski dans la retenue et termine 15e. <strong>L\u00e9o Anguenot<\/strong> et <strong>Victor Muffat-Jeandet<\/strong> terminent plus loin, 24e et 26e. <strong>Cyprien Sarrazin<\/strong> a quant \u00e0 lui pris le d\u00e9part en mettant \u00e0 profit son total de points WCSL en descente et super G. Malgr\u00e9 un mur difficile en premi\u00e8re manche, le double vainqueur de Kitzb\u00fchel a valid\u00e9 sa qualification en deuxi\u00e8me manche. Il termine 28e et dernier class\u00e9 \u00e0 l&rsquo;issue de celle-ci. <strong>Flavio Vitale, Diego Orecchioni<\/strong>, tous deux 34e de la premi\u00e8re manche, et <strong>Mathieu Faivre<\/strong> (52e) n&rsquo;ont pour leur part pas disput\u00e9 la deuxi\u00e8me manche.<\/p>\n<blockquote class=\"twitter-tweet\">\n<p dir=\"ltr\" lang=\"fr\">\ud835\udd4c\ud835\udd5f \ud835\udd65\ud835\udd63\ud835\udd5a\ud835\udd61\ud835\udd5d\ud835\udd56\u0301 \ud835\udd5f\ud835\udd60\ud835\udd63\ud835\udd67\ud835\udd56\u0301\ud835\udd58\ud835\udd5a\ud835\udd56\ud835\udd5f \ud835\udd61\ud835\udd60\ud835\udd66\ud835\udd63 \ud835\udd5d\ud835\udd52 \ud835\udd63\ud835\udd56\ud835\udd61\ud835\udd63\ud835\udd5a\ud835\udd64\ud835\udd56 : Alexander Steen Olsen, dernier \u00e0 s&rsquo;\u00e9lancer, remporte le g\u00e9ant de S\u00f6lden devant Henrik Kristoffersen \ud83d\udc4f <a href=\"https:\/\/twitter.com\/hashtag\/ChaletClub?src=hash&amp;ref_src=twsrc%5Etfw\">#ChaletClub<\/a> <a href=\"https:\/\/t.co\/dzJk9oBFi3\">pic.twitter.com\/dzJk9oBFi3<\/a><\/p>\n<p>\u2014 Eurosport France (@Eurosport_FR) <a href=\"https:\/\/twitter.com\/Eurosport_FR\/status\/1850524179746914536?ref_src=twsrc%5Etfw\">October 27, 2024<\/a><\/p><\/blockquote>\n<p><script src=\"https:\/\/platform.twitter.com\/widgets.js\" async=\"\" charset=\"utf-8\"><\/script><\/p>\n<p>&nbsp;<\/p>\n","protected":false},"excerpt":{"rendered":"<p>La victoire pour Alexander Steen Olsen, tripl\u00e9 norv\u00e9gien !<\/p>\n","protected":false},"author":91,"featured_media":529582,"comment_status":"open","ping_status":"closed","sticky":false,"template":"","format":"standard","meta":{"_acf_changed":false,"_daextam_enable_autolinks":"1","footnotes":""},"categories":[47084],"tags":[16878,3785,2233,24],"class_list":["post-529429","post","type-post","status-publish","format-standard","has-post-thumbnail","hentry","category-coupe-du-monde-ski-alpin","tag-breve","tag-marcel-hirscher","tag-ski-alpin","tag-sport"],"acf":[],"yoast_head":"<!-- This site is optimized with the Yoast SEO Premium plugin v26.7 (Yoast SEO v26.7) - https:\/\/yoast.com\/wordpress\/plugins\/seo\/ -->\n<title>G\u00e9ant hommes de S\u00f6lden : La victoire pour Alexander Steen Olsen, tripl\u00e9 norv\u00e9gien !<\/title>\n<meta name=\"description\" content=\"COUPE DU MONDE DE SKI ALPIN 2024\/2025 - Victoire d&#039;Alexander Steen Olsen. Lucas Pinheiro Braathen termine 4e pour son retour.\" \/>\n<meta name=\"robots\" content=\"index, follow, max-snippet:-1, max-image-preview:large, max-video-preview:-1\" \/>\n<link rel=\"canonical\" href=\"https:\/\/dicodusport.fr\/blog\/geant-hommes-de-solden-la-victoire-pour-alexander-steen-olsen-triple-norvegien\/\" \/>\n<meta property=\"og:locale\" content=\"fr_FR\" \/>\n<meta property=\"og:type\" content=\"article\" \/>\n<meta property=\"og:title\" content=\"G\u00e9ant hommes de S\u00f6lden : La victoire pour Alexander Steen Olsen, tripl\u00e9 norv\u00e9gien !\" \/>\n<meta property=\"og:description\" content=\"COUPE DU MONDE DE SKI ALPIN 2024\/2025 - Victoire d&#039;Alexander Steen Olsen. Lucas Pinheiro Braathen termine 4e pour son retour.\" \/>\n<meta property=\"og:url\" content=\"https:\/\/dicodusport.fr\/blog\/geant-hommes-de-solden-la-victoire-pour-alexander-steen-olsen-triple-norvegien\/\" \/>\n<meta property=\"og:site_name\" content=\"Dicodusport\" \/>\n<meta property=\"article:publisher\" content=\"https:\/\/www.facebook.com\/dicodusport\" \/>\n<meta property=\"article:published_time\" content=\"2024-10-27T13:06:22+00:00\" \/>\n<meta property=\"article:modified_time\" content=\"2024-10-27T14:38:32+00:00\" \/>\n<meta property=\"og:image\" content=\"https:\/\/dicodusport.fr\/blog\/wp-content\/uploads\/2024\/10\/Geant-hommes-de-Solden-La-victoire-pour-Alexander-Steen-Olsen-triple-norvegien-1.png\" \/>\n\t<meta property=\"og:image:width\" content=\"1200\" \/>\n\t<meta property=\"og:image:height\" content=\"674\" \/>\n\t<meta property=\"og:image:type\" content=\"image\/png\" \/>\n<meta name=\"author\" content=\"Victor Clot-Amiot\" \/>\n<meta name=\"twitter:card\" content=\"summary_large_image\" \/>\n<meta name=\"twitter:title\" content=\"G\u00e9ant hommes de S\u00f6lden : La victoire pour Alexander Steen Olsen, tripl\u00e9 norv\u00e9gien !\" \/>\n<meta name=\"twitter:creator\" content=\"@https:\/\/x.com\/VictorClotAmiot\" \/>\n<meta name=\"twitter:site\" content=\"@dicodusport\" \/>\n<script type=\"application\/ld+json\" class=\"yoast-schema-graph\">{\"@context\":\"https:\/\/schema.org\",\"@graph\":[{\"@type\":\"NewsArticle\",\"@id\":\"https:\/\/dicodusport.fr\/blog\/geant-hommes-de-solden-la-victoire-pour-alexander-steen-olsen-triple-norvegien\/#article\",\"isPartOf\":{\"@id\":\"https:\/\/dicodusport.fr\/blog\/geant-hommes-de-solden-la-victoire-pour-alexander-steen-olsen-triple-norvegien\/\"},\"author\":{\"name\":\"Victor Clot-Amiot\",\"@id\":\"https:\/\/dicodusport.fr\/blog\/#\/schema\/person\/b623199cba9ba90fe84a3d16e9282360\"},\"headline\":\"G\u00e9ant hommes de S\u00f6lden : La victoire pour Alexander Steen Olsen, tripl\u00e9 norv\u00e9gien !\",\"datePublished\":\"2024-10-27T13:06:22+00:00\",\"dateModified\":\"2024-10-27T14:38:32+00:00\",\"mainEntityOfPage\":{\"@id\":\"https:\/\/dicodusport.fr\/blog\/geant-hommes-de-solden-la-victoire-pour-alexander-steen-olsen-triple-norvegien\/\"},\"wordCount\":834,\"commentCount\":0,\"publisher\":{\"@id\":\"https:\/\/dicodusport.fr\/blog\/#organization\"},\"image\":{\"@id\":\"https:\/\/dicodusport.fr\/blog\/geant-hommes-de-solden-la-victoire-pour-alexander-steen-olsen-triple-norvegien\/#primaryimage\"},\"thumbnailUrl\":\"https:\/\/dicodusport.fr\/blog\/wp-content\/uploads\/2024\/10\/Geant-hommes-de-Solden-La-victoire-pour-Alexander-Steen-Olsen-triple-norvegien-1.png\",\"keywords\":[\"br\u00e8ve\",\"Marcel Hirscher\",\"Ski alpin\",\"sport\"],\"articleSection\":[\"Coupe du monde de ski alpin\"],\"inLanguage\":\"fr-FR\",\"potentialAction\":[{\"@type\":\"CommentAction\",\"name\":\"Comment\",\"target\":[\"https:\/\/dicodusport.fr\/blog\/geant-hommes-de-solden-la-victoire-pour-alexander-steen-olsen-triple-norvegien\/#respond\"]}],\"copyrightYear\":\"2024\",\"copyrightHolder\":{\"@id\":\"https:\/\/dicodusport.fr\/blog\/#organization\"}},{\"@type\":\"WebPage\",\"@id\":\"https:\/\/dicodusport.fr\/blog\/geant-hommes-de-solden-la-victoire-pour-alexander-steen-olsen-triple-norvegien\/\",\"url\":\"https:\/\/dicodusport.fr\/blog\/geant-hommes-de-solden-la-victoire-pour-alexander-steen-olsen-triple-norvegien\/\",\"name\":\"G\u00e9ant hommes de S\u00f6lden : La victoire pour Alexander Steen Olsen, tripl\u00e9 norv\u00e9gien !\",\"isPartOf\":{\"@id\":\"https:\/\/dicodusport.fr\/blog\/#website\"},\"primaryImageOfPage\":{\"@id\":\"https:\/\/dicodusport.fr\/blog\/geant-hommes-de-solden-la-victoire-pour-alexander-steen-olsen-triple-norvegien\/#primaryimage\"},\"image\":{\"@id\":\"https:\/\/dicodusport.fr\/blog\/geant-hommes-de-solden-la-victoire-pour-alexander-steen-olsen-triple-norvegien\/#primaryimage\"},\"thumbnailUrl\":\"https:\/\/dicodusport.fr\/blog\/wp-content\/uploads\/2024\/10\/Geant-hommes-de-Solden-La-victoire-pour-Alexander-Steen-Olsen-triple-norvegien-1.png\",\"datePublished\":\"2024-10-27T13:06:22+00:00\",\"dateModified\":\"2024-10-27T14:38:32+00:00\",\"description\":\"COUPE DU MONDE DE SKI ALPIN 2024\/2025 - Victoire d'Alexander Steen Olsen. Lucas Pinheiro Braathen termine 4e pour son retour.\",\"breadcrumb\":{\"@id\":\"https:\/\/dicodusport.fr\/blog\/geant-hommes-de-solden-la-victoire-pour-alexander-steen-olsen-triple-norvegien\/#breadcrumb\"},\"inLanguage\":\"fr-FR\",\"potentialAction\":[{\"@type\":\"ReadAction\",\"target\":[\"https:\/\/dicodusport.fr\/blog\/geant-hommes-de-solden-la-victoire-pour-alexander-steen-olsen-triple-norvegien\/\"]}]},{\"@type\":\"ImageObject\",\"inLanguage\":\"fr-FR\",\"@id\":\"https:\/\/dicodusport.fr\/blog\/geant-hommes-de-solden-la-victoire-pour-alexander-steen-olsen-triple-norvegien\/#primaryimage\",\"url\":\"https:\/\/dicodusport.fr\/blog\/wp-content\/uploads\/2024\/10\/Geant-hommes-de-Solden-La-victoire-pour-Alexander-Steen-Olsen-triple-norvegien-1.png\",\"contentUrl\":\"https:\/\/dicodusport.fr\/blog\/wp-content\/uploads\/2024\/10\/Geant-hommes-de-Solden-La-victoire-pour-Alexander-Steen-Olsen-triple-norvegien-1.png\",\"width\":1200,\"height\":674,\"caption\":\"G\u00e9ant hommes de S\u00f6lden La victoire pour Alexander Steen Olsen, tripl\u00e9 norv\u00e9gien ! (1)\"},{\"@type\":\"BreadcrumbList\",\"@id\":\"https:\/\/dicodusport.fr\/blog\/geant-hommes-de-solden-la-victoire-pour-alexander-steen-olsen-triple-norvegien\/#breadcrumb\",\"itemListElement\":[{\"@type\":\"ListItem\",\"position\":1,\"name\":\"Accueil\",\"item\":\"https:\/\/dicodusport.fr\/blog\/\"},{\"@type\":\"ListItem\",\"position\":2,\"name\":\"G\u00e9ant hommes de S\u00f6lden : La victoire pour Alexander Steen Olsen, tripl\u00e9 norv\u00e9gien !\"}]},{\"@type\":\"WebSite\",\"@id\":\"https:\/\/dicodusport.fr\/blog\/#website\",\"url\":\"https:\/\/dicodusport.fr\/blog\/\",\"name\":\"Dicodusport\",\"description\":\"L&#039;encyclop\u00e9die de l&#039;actualit\u00e9 sportive\",\"publisher\":{\"@id\":\"https:\/\/dicodusport.fr\/blog\/#organization\"},\"potentialAction\":[{\"@type\":\"SearchAction\",\"target\":{\"@type\":\"EntryPoint\",\"urlTemplate\":\"https:\/\/dicodusport.fr\/blog\/?s={search_term_string}\"},\"query-input\":{\"@type\":\"PropertyValueSpecification\",\"valueRequired\":true,\"valueName\":\"search_term_string\"}}],\"inLanguage\":\"fr-FR\"},{\"@type\":\"NewsMediaOrganization\",\"@id\":\"https:\/\/dicodusport.fr\/blog\/#organization\",\"name\":\"Dicodusport\",\"url\":\"https:\/\/dicodusport.fr\/blog\/\",\"logo\":{\"@type\":\"ImageObject\",\"inLanguage\":\"fr-FR\",\"@id\":\"https:\/\/dicodusport.fr\/blog\/#\/schema\/logo\/image\/\",\"url\":\"https:\/\/dicodusport.fr\/blog\/wp-content\/uploads\/2020\/06\/cropped-LOGO-DICODUSPORT-2020-SANS-FOND-SANS-TEXTE.png\",\"contentUrl\":\"https:\/\/dicodusport.fr\/blog\/wp-content\/uploads\/2020\/06\/cropped-LOGO-DICODUSPORT-2020-SANS-FOND-SANS-TEXTE.png\",\"width\":512,\"height\":512,\"caption\":\"Dicodusport\"},\"image\":{\"@id\":\"https:\/\/dicodusport.fr\/blog\/#\/schema\/logo\/image\/\"},\"sameAs\":[\"https:\/\/www.facebook.com\/dicodusport\",\"https:\/\/x.com\/dicodusport\",\"https:\/\/www.instagram.com\/dicodusport\/\",\"https:\/\/www.youtube.com\/channel\/UC7V2KZ5sd3htJivAbA4ZG3w\"],\"description\":\"Dicodusport est l'encyclop\u00e9die de l'actualit\u00e9 sportive.\",\"email\":\"bonjour@dicodusport.fr\",\"legalName\":\"DICODUSPORT\",\"foundingDate\":\"2018-01-14\",\"vatID\":\"FR71834470973\",\"taxID\":\"83447097300043\",\"numberOfEmployees\":{\"@type\":\"QuantitativeValue\",\"minValue\":\"1\",\"maxValue\":\"10\"}},{\"@type\":\"Person\",\"@id\":\"https:\/\/dicodusport.fr\/blog\/#\/schema\/person\/b623199cba9ba90fe84a3d16e9282360\",\"name\":\"Victor Clot-Amiot\",\"image\":{\"@type\":\"ImageObject\",\"inLanguage\":\"fr-FR\",\"@id\":\"https:\/\/dicodusport.fr\/blog\/#\/schema\/person\/image\/\",\"url\":\"https:\/\/dicodusport.fr\/blog\/wp-content\/uploads\/2023\/09\/IMG_20190826_114722-150x150.jpg\",\"contentUrl\":\"https:\/\/dicodusport.fr\/blog\/wp-content\/uploads\/2023\/09\/IMG_20190826_114722-150x150.jpg\",\"caption\":\"Victor Clot-Amiot\"},\"description\":\"Passionn\u00e9 de sport depuis toujours, un jour \u00e0 l'adolescence mes parents m'ont dit : \\\"quitte \u00e0 passer ton temps \u00e0 regarder du sport, au moins va le voir en vrai\\\" ! Depuis, cette remarque ne m'a plus quitt\u00e9 et je passe une grande partie de mon temps libre \u00e0 assister \u00e0 des comp\u00e9titions de tous sports. Je m\u00eale d'ailleurs mes deux passions, le sport et les voyages afin de faire une pierre deux coups ! Outre l'US Open ou l'Euro 2021 par exemple, j'ai assist\u00e9 cet \u00e9t\u00e9 aux Mondiaux d'athl\u00e9tisme \u00e0 Budapest. Mon plus gros coup dur est et restera les JO 2020-2021 pour lesquels j'avais r\u00e9serv\u00e9 17 \u00e9preuves. La suite, vous la connaissez...\",\"sameAs\":[\"https:\/\/x.com\/https:\/\/x.com\/VictorClotAmiot\"],\"url\":\"https:\/\/dicodusport.fr\/blog\/author\/victor-clot-amiot\/\"}]}<\/script>\n<!-- \/ Yoast SEO Premium plugin. -->","yoast_head_json":{"title":"G\u00e9ant hommes de S\u00f6lden : La victoire pour Alexander Steen Olsen, tripl\u00e9 norv\u00e9gien !","description":"COUPE DU MONDE DE SKI ALPIN 2024\/2025 - Victoire d'Alexander Steen Olsen. Lucas Pinheiro Braathen termine 4e pour son retour.","robots":{"index":"index","follow":"follow","max-snippet":"max-snippet:-1","max-image-preview":"max-image-preview:large","max-video-preview":"max-video-preview:-1"},"canonical":"https:\/\/dicodusport.fr\/blog\/geant-hommes-de-solden-la-victoire-pour-alexander-steen-olsen-triple-norvegien\/","og_locale":"fr_FR","og_type":"article","og_title":"G\u00e9ant hommes de S\u00f6lden : La victoire pour Alexander Steen Olsen, tripl\u00e9 norv\u00e9gien !","og_description":"COUPE DU MONDE DE SKI ALPIN 2024\/2025 - Victoire d'Alexander Steen Olsen. Lucas Pinheiro Braathen termine 4e pour son retour.","og_url":"https:\/\/dicodusport.fr\/blog\/geant-hommes-de-solden-la-victoire-pour-alexander-steen-olsen-triple-norvegien\/","og_site_name":"Dicodusport","article_publisher":"https:\/\/www.facebook.com\/dicodusport","article_published_time":"2024-10-27T13:06:22+00:00","article_modified_time":"2024-10-27T14:38:32+00:00","og_image":[{"width":1200,"height":674,"url":"https:\/\/dicodusport.fr\/blog\/wp-content\/uploads\/2024\/10\/Geant-hommes-de-Solden-La-victoire-pour-Alexander-Steen-Olsen-triple-norvegien-1.png","type":"image\/png"}],"author":"Victor Clot-Amiot","twitter_card":"summary_large_image","twitter_title":"G\u00e9ant hommes de S\u00f6lden : La victoire pour Alexander Steen Olsen, tripl\u00e9 norv\u00e9gien !","twitter_creator":"@https:\/\/x.com\/VictorClotAmiot","twitter_site":"@dicodusport","schema":{"@context":"https:\/\/schema.org","@graph":[{"@type":"NewsArticle","@id":"https:\/\/dicodusport.fr\/blog\/geant-hommes-de-solden-la-victoire-pour-alexander-steen-olsen-triple-norvegien\/#article","isPartOf":{"@id":"https:\/\/dicodusport.fr\/blog\/geant-hommes-de-solden-la-victoire-pour-alexander-steen-olsen-triple-norvegien\/"},"author":{"name":"Victor Clot-Amiot","@id":"https:\/\/dicodusport.fr\/blog\/#\/schema\/person\/b623199cba9ba90fe84a3d16e9282360"},"headline":"G\u00e9ant hommes de S\u00f6lden : La victoire pour Alexander Steen Olsen, tripl\u00e9 norv\u00e9gien !","datePublished":"2024-10-27T13:06:22+00:00","dateModified":"2024-10-27T14:38:32+00:00","mainEntityOfPage":{"@id":"https:\/\/dicodusport.fr\/blog\/geant-hommes-de-solden-la-victoire-pour-alexander-steen-olsen-triple-norvegien\/"},"wordCount":834,"commentCount":0,"publisher":{"@id":"https:\/\/dicodusport.fr\/blog\/#organization"},"image":{"@id":"https:\/\/dicodusport.fr\/blog\/geant-hommes-de-solden-la-victoire-pour-alexander-steen-olsen-triple-norvegien\/#primaryimage"},"thumbnailUrl":"https:\/\/dicodusport.fr\/blog\/wp-content\/uploads\/2024\/10\/Geant-hommes-de-Solden-La-victoire-pour-Alexander-Steen-Olsen-triple-norvegien-1.png","keywords":["br\u00e8ve","Marcel Hirscher","Ski alpin","sport"],"articleSection":["Coupe du monde de ski alpin"],"inLanguage":"fr-FR","potentialAction":[{"@type":"CommentAction","name":"Comment","target":["https:\/\/dicodusport.fr\/blog\/geant-hommes-de-solden-la-victoire-pour-alexander-steen-olsen-triple-norvegien\/#respond"]}],"copyrightYear":"2024","copyrightHolder":{"@id":"https:\/\/dicodusport.fr\/blog\/#organization"}},{"@type":"WebPage","@id":"https:\/\/dicodusport.fr\/blog\/geant-hommes-de-solden-la-victoire-pour-alexander-steen-olsen-triple-norvegien\/","url":"https:\/\/dicodusport.fr\/blog\/geant-hommes-de-solden-la-victoire-pour-alexander-steen-olsen-triple-norvegien\/","name":"G\u00e9ant hommes de S\u00f6lden : La victoire pour Alexander Steen Olsen, tripl\u00e9 norv\u00e9gien !","isPartOf":{"@id":"https:\/\/dicodusport.fr\/blog\/#website"},"primaryImageOfPage":{"@id":"https:\/\/dicodusport.fr\/blog\/geant-hommes-de-solden-la-victoire-pour-alexander-steen-olsen-triple-norvegien\/#primaryimage"},"image":{"@id":"https:\/\/dicodusport.fr\/blog\/geant-hommes-de-solden-la-victoire-pour-alexander-steen-olsen-triple-norvegien\/#primaryimage"},"thumbnailUrl":"https:\/\/dicodusport.fr\/blog\/wp-content\/uploads\/2024\/10\/Geant-hommes-de-Solden-La-victoire-pour-Alexander-Steen-Olsen-triple-norvegien-1.png","datePublished":"2024-10-27T13:06:22+00:00","dateModified":"2024-10-27T14:38:32+00:00","description":"COUPE DU MONDE DE SKI ALPIN 2024\/2025 - Victoire d'Alexander Steen Olsen. Lucas Pinheiro Braathen termine 4e pour son retour.","breadcrumb":{"@id":"https:\/\/dicodusport.fr\/blog\/geant-hommes-de-solden-la-victoire-pour-alexander-steen-olsen-triple-norvegien\/#breadcrumb"},"inLanguage":"fr-FR","potentialAction":[{"@type":"ReadAction","target":["https:\/\/dicodusport.fr\/blog\/geant-hommes-de-solden-la-victoire-pour-alexander-steen-olsen-triple-norvegien\/"]}]},{"@type":"ImageObject","inLanguage":"fr-FR","@id":"https:\/\/dicodusport.fr\/blog\/geant-hommes-de-solden-la-victoire-pour-alexander-steen-olsen-triple-norvegien\/#primaryimage","url":"https:\/\/dicodusport.fr\/blog\/wp-content\/uploads\/2024\/10\/Geant-hommes-de-Solden-La-victoire-pour-Alexander-Steen-Olsen-triple-norvegien-1.png","contentUrl":"https:\/\/dicodusport.fr\/blog\/wp-content\/uploads\/2024\/10\/Geant-hommes-de-Solden-La-victoire-pour-Alexander-Steen-Olsen-triple-norvegien-1.png","width":1200,"height":674,"caption":"G\u00e9ant hommes de S\u00f6lden La victoire pour Alexander Steen Olsen, tripl\u00e9 norv\u00e9gien ! (1)"},{"@type":"BreadcrumbList","@id":"https:\/\/dicodusport.fr\/blog\/geant-hommes-de-solden-la-victoire-pour-alexander-steen-olsen-triple-norvegien\/#breadcrumb","itemListElement":[{"@type":"ListItem","position":1,"name":"Accueil","item":"https:\/\/dicodusport.fr\/blog\/"},{"@type":"ListItem","position":2,"name":"G\u00e9ant hommes de S\u00f6lden : La victoire pour Alexander Steen Olsen, tripl\u00e9 norv\u00e9gien !"}]},{"@type":"WebSite","@id":"https:\/\/dicodusport.fr\/blog\/#website","url":"https:\/\/dicodusport.fr\/blog\/","name":"Dicodusport","description":"L&#039;encyclop\u00e9die de l&#039;actualit\u00e9 sportive","publisher":{"@id":"https:\/\/dicodusport.fr\/blog\/#organization"},"potentialAction":[{"@type":"SearchAction","target":{"@type":"EntryPoint","urlTemplate":"https:\/\/dicodusport.fr\/blog\/?s={search_term_string}"},"query-input":{"@type":"PropertyValueSpecification","valueRequired":true,"valueName":"search_term_string"}}],"inLanguage":"fr-FR"},{"@type":"NewsMediaOrganization","@id":"https:\/\/dicodusport.fr\/blog\/#organization","name":"Dicodusport","url":"https:\/\/dicodusport.fr\/blog\/","logo":{"@type":"ImageObject","inLanguage":"fr-FR","@id":"https:\/\/dicodusport.fr\/blog\/#\/schema\/logo\/image\/","url":"https:\/\/dicodusport.fr\/blog\/wp-content\/uploads\/2020\/06\/cropped-LOGO-DICODUSPORT-2020-SANS-FOND-SANS-TEXTE.png","contentUrl":"https:\/\/dicodusport.fr\/blog\/wp-content\/uploads\/2020\/06\/cropped-LOGO-DICODUSPORT-2020-SANS-FOND-SANS-TEXTE.png","width":512,"height":512,"caption":"Dicodusport"},"image":{"@id":"https:\/\/dicodusport.fr\/blog\/#\/schema\/logo\/image\/"},"sameAs":["https:\/\/www.facebook.com\/dicodusport","https:\/\/x.com\/dicodusport","https:\/\/www.instagram.com\/dicodusport\/","https:\/\/www.youtube.com\/channel\/UC7V2KZ5sd3htJivAbA4ZG3w"],"description":"Dicodusport est l'encyclop\u00e9die de l'actualit\u00e9 sportive.","email":"bonjour@dicodusport.fr","legalName":"DICODUSPORT","foundingDate":"2018-01-14","vatID":"FR71834470973","taxID":"83447097300043","numberOfEmployees":{"@type":"QuantitativeValue","minValue":"1","maxValue":"10"}},{"@type":"Person","@id":"https:\/\/dicodusport.fr\/blog\/#\/schema\/person\/b623199cba9ba90fe84a3d16e9282360","name":"Victor Clot-Amiot","image":{"@type":"ImageObject","inLanguage":"fr-FR","@id":"https:\/\/dicodusport.fr\/blog\/#\/schema\/person\/image\/","url":"https:\/\/dicodusport.fr\/blog\/wp-content\/uploads\/2023\/09\/IMG_20190826_114722-150x150.jpg","contentUrl":"https:\/\/dicodusport.fr\/blog\/wp-content\/uploads\/2023\/09\/IMG_20190826_114722-150x150.jpg","caption":"Victor Clot-Amiot"},"description":"Passionn\u00e9 de sport depuis toujours, un jour \u00e0 l'adolescence mes parents m'ont dit : \"quitte \u00e0 passer ton temps \u00e0 regarder du sport, au moins va le voir en vrai\" ! Depuis, cette remarque ne m'a plus quitt\u00e9 et je passe une grande partie de mon temps libre \u00e0 assister \u00e0 des comp\u00e9titions de tous sports. Je m\u00eale d'ailleurs mes deux passions, le sport et les voyages afin de faire une pierre deux coups ! Outre l'US Open ou l'Euro 2021 par exemple, j'ai assist\u00e9 cet \u00e9t\u00e9 aux Mondiaux d'athl\u00e9tisme \u00e0 Budapest. Mon plus gros coup dur est et restera les JO 2020-2021 pour lesquels j'avais r\u00e9serv\u00e9 17 \u00e9preuves. La suite, vous la connaissez...","sameAs":["https:\/\/x.com\/https:\/\/x.com\/VictorClotAmiot"],"url":"https:\/\/dicodusport.fr\/blog\/author\/victor-clot-amiot\/"}]}},"_links":{"self":[{"href":"https:\/\/dicodusport.fr\/blog\/wp-json\/wp\/v2\/posts\/529429","targetHints":{"allow":["GET"]}}],"collection":[{"href":"https:\/\/dicodusport.fr\/blog\/wp-json\/wp\/v2\/posts"}],"about":[{"href":"https:\/\/dicodusport.fr\/blog\/wp-json\/wp\/v2\/types\/post"}],"author":[{"embeddable":true,"href":"https:\/\/dicodusport.fr\/blog\/wp-json\/wp\/v2\/users\/91"}],"replies":[{"embeddable":true,"href":"https:\/\/dicodusport.fr\/blog\/wp-json\/wp\/v2\/comments?post=529429"}],"version-history":[{"count":5,"href":"https:\/\/dicodusport.fr\/blog\/wp-json\/wp\/v2\/posts\/529429\/revisions"}],"predecessor-version":[{"id":529584,"href":"https:\/\/dicodusport.fr\/blog\/wp-json\/wp\/v2\/posts\/529429\/revisions\/529584"}],"wp:featuredmedia":[{"embeddable":true,"href":"https:\/\/dicodusport.fr\/blog\/wp-json\/wp\/v2\/media\/529582"}],"wp:attachment":[{"href":"https:\/\/dicodusport.fr\/blog\/wp-json\/wp\/v2\/media?parent=529429"}],"wp:term":[{"taxonomy":"category","embeddable":true,"href":"https:\/\/dicodusport.fr\/blog\/wp-json\/wp\/v2\/categories?post=529429"},{"taxonomy":"post_tag","embeddable":true,"href":"https:\/\/dicodusport.fr\/blog\/wp-json\/wp\/v2\/tags?post=529429"}],"curies":[{"name":"wp","href":"https:\/\/api.w.org\/{rel}","templated":true}]}}