{"id":529481,"date":"2024-10-27T10:54:22","date_gmt":"2024-10-27T09:54:22","guid":{"rendered":"https:\/\/dicodusport.fr\/blog\/?p=529481&#038;preview=true&#038;preview_id=529481"},"modified":"2024-10-27T11:22:48","modified_gmt":"2024-10-27T10:22:48","slug":"semi-marathon-a-valence-yomif-kejelcha-soffre-le-record-du-monde-de-la-distance","status":"publish","type":"post","link":"https:\/\/dicodusport.fr\/blog\/semi-marathon-a-valence-yomif-kejelcha-soffre-le-record-du-monde-de-la-distance\/","title":{"rendered":"Semi-marathon \u00e0 Valence : Yomif Kejelcha s&rsquo;offre le record du monde de la distance"},"content":{"rendered":"<h4 style=\"text-align: justify;\"><em>ATHL\u00c9TISME &#8211; Record du monde du semi-marathon pour l&rsquo;\u00c9thiopien Yomif Kejelcha, qui a boucl\u00e9 le semi-marathon de Valence en 57:30.<\/em><\/h4>\n<ul>\n<li style=\"text-align: justify;\"><strong>\u00a0\u00c0 ce sujet &#8211; <a href=\"https:\/\/dicodusport.fr\/blog\/classement-semi-marathon-valence-2024\/\">Classement Semi-Marathon Valence 2024<\/a><\/strong><\/li>\n<\/ul>\n<p style=\"text-align: justify;\">Encore un record du monde qui tombe en athl\u00e9tisme et sur une course sur route. Et c&rsquo;est \u00e0 Valence, sous une inhabituelle pluie dans la cit\u00e9 espagnole, que<strong> Yomif Kejelcha<\/strong> s&rsquo;est offert la meilleure marque de tous les temps sur semi-marathon. Sur un parcours r\u00e9put\u00e9 ultra-roulant et propice aux records, l&rsquo;\u00c9thiopien a fait basculer les secondes en sa faveur. La seconde m\u00eame, car en 57:30, il retranche une petite seconde \u00e0 l&rsquo;ancienne marque d\u00e9tenue par l&rsquo;Ougandais <strong>Jacob Kiplimo<\/strong>.<\/p>\n<p style=\"text-align: justify;\">Le sixi\u00e8me des derniers Jeux Olympiques sur 10 000 m montre qu&rsquo;il est en grande forme en cette ann\u00e9e 2024. Notamment quand il s&rsquo;agit d&rsquo;aller affoler les records. \u00c0 Oslo, au mois de mai dernier, il \u00e9tait devenu le 4e performeur mondial de tous les temps sur 5 000 m, avec sa 2e place d&rsquo;une course folle. Il avait r\u00e9alis\u00e9 un chrono de 12:38.95. Il \u00e9tait \u00e9galement entr\u00e9 dans le top 10 de tous les temps (7e) sur 10 000 m, \u00e0 l&rsquo;occasion des s\u00e9lections \u00e9thiopiennes pour les JO. Avec un chrono de 26:31.01. Ce n&rsquo;est pas une surprise de le voir battre le record du monde du semi-marathon, au vu de son ann\u00e9e et de sa performance sur la distance en 2023. O\u00f9 il avait d\u00e9j\u00e0 boucl\u00e9 la course valencienne en 57:41.<\/p>\n<blockquote class=\"twitter-tweet\">\n<p dir=\"ltr\" lang=\"en\">SO CLOSE \ud83d\ude24<\/p>\n<p>\ud83c\uddea\ud83c\uddf9&rsquo;s Yomif Kejelcha breaks the half marathon world record at the <a href=\"https:\/\/twitter.com\/MedioMaratonVLC?ref_src=twsrc%5Etfw\">@MedioMaratonVLC<\/a> \ud83d\udd25<\/p>\n<p>He clocks 57:30, 1 second faster than the previous mark held by Jacob Kiplimo. <a href=\"https:\/\/t.co\/9IkPwgyIaN\">pic.twitter.com\/9IkPwgyIaN<\/a><\/p>\n<p>\u2014 World Athletics (@WorldAthletics) <a href=\"https:\/\/twitter.com\/WorldAthletics\/status\/1850454733317693752?ref_src=twsrc%5Etfw\">October 27, 2024<\/a><\/p><\/blockquote>\n<p><script async src=\"https:\/\/platform.twitter.com\/widgets.js\" charset=\"utf-8\"><\/script><\/p>\n","protected":false},"excerpt":{"rendered":"<p>ATHL\u00c9TISME &#8211; Record du monde du semi-marathon pour l&rsquo;\u00c9thiopien Yomif Kejelcha, qui a boucl\u00e9 le semi-marathon de Valence en 57:30.<\/p>\n","protected":false},"author":83,"featured_media":529491,"comment_status":"open","ping_status":"closed","sticky":false,"template":"","format":"standard","meta":{"_acf_changed":false,"_daextam_enable_autolinks":"1","footnotes":""},"categories":[2308],"tags":[143,16878,1421,889],"class_list":["post-529481","post","type-post","status-publish","format-standard","has-post-thumbnail","hentry","category-athletisme","tag-athletisme","tag-breve","tag-record-du-monde","tag-semi-marathon"],"acf":[],"yoast_head":"<!-- This site is optimized with the Yoast SEO Premium plugin v26.7 (Yoast SEO v26.7) - https:\/\/yoast.com\/wordpress\/plugins\/seo\/ -->\n<title>Semi-marathon \u00e0 Valence : Yomif Kejelcha s&#039;offre le record du monde de la distance<\/title>\n<meta name=\"description\" content=\"ATHL\u00c9TISME - Record du monde du semi-marathon pour l&#039;\u00c9thiopien Yomif Kejelcha, qui a boucl\u00e9 le semi-marathon de Valence en 57:30.\" \/>\n<meta name=\"robots\" content=\"index, follow, max-snippet:-1, max-image-preview:large, max-video-preview:-1\" \/>\n<link rel=\"canonical\" href=\"https:\/\/dicodusport.fr\/blog\/semi-marathon-a-valence-yomif-kejelcha-soffre-le-record-du-monde-de-la-distance\/\" \/>\n<meta property=\"og:locale\" content=\"fr_FR\" \/>\n<meta property=\"og:type\" content=\"article\" \/>\n<meta property=\"og:title\" content=\"Semi-marathon \u00e0 Valence : Yomif Kejelcha s&#039;offre le record du monde de la distance\" \/>\n<meta property=\"og:description\" content=\"ATHL\u00c9TISME - Record du monde du semi-marathon pour l&#039;\u00c9thiopien Yomif Kejelcha, qui a boucl\u00e9 le semi-marathon de Valence en 57:30.\" \/>\n<meta property=\"og:url\" content=\"https:\/\/dicodusport.fr\/blog\/semi-marathon-a-valence-yomif-kejelcha-soffre-le-record-du-monde-de-la-distance\/\" \/>\n<meta property=\"og:site_name\" content=\"Dicodusport\" \/>\n<meta property=\"article:publisher\" content=\"https:\/\/www.facebook.com\/dicodusport\" \/>\n<meta property=\"article:published_time\" content=\"2024-10-27T09:54:22+00:00\" \/>\n<meta property=\"article:modified_time\" content=\"2024-10-27T10:22:48+00:00\" \/>\n<meta property=\"og:image\" content=\"https:\/\/dicodusport.fr\/blog\/wp-content\/uploads\/2024\/10\/Semi-marathon-a-Valence-Yomif-Kejelcha-soffre-le-record-du-monde-de-la-distance.png\" \/>\n\t<meta property=\"og:image:width\" content=\"1200\" \/>\n\t<meta property=\"og:image:height\" content=\"674\" \/>\n\t<meta property=\"og:image:type\" content=\"image\/png\" \/>\n<meta name=\"author\" content=\"Etienne Goursaud\" \/>\n<meta name=\"twitter:card\" content=\"summary_large_image\" \/>\n<meta name=\"twitter:title\" content=\"Semi-marathon \u00e0 Valence : Yomif Kejelcha s&#039;offre le record du monde de la distance\" \/>\n<meta name=\"twitter:creator\" content=\"@dicodusport\" \/>\n<meta name=\"twitter:site\" content=\"@dicodusport\" \/>\n<script type=\"application\/ld+json\" class=\"yoast-schema-graph\">{\"@context\":\"https:\/\/schema.org\",\"@graph\":[{\"@type\":\"NewsArticle\",\"@id\":\"https:\/\/dicodusport.fr\/blog\/semi-marathon-a-valence-yomif-kejelcha-soffre-le-record-du-monde-de-la-distance\/#article\",\"isPartOf\":{\"@id\":\"https:\/\/dicodusport.fr\/blog\/semi-marathon-a-valence-yomif-kejelcha-soffre-le-record-du-monde-de-la-distance\/\"},\"author\":{\"name\":\"Etienne Goursaud\",\"@id\":\"https:\/\/dicodusport.fr\/blog\/#\/schema\/person\/d603dd7da31fb2b46c82b9835a77ec13\"},\"headline\":\"Semi-marathon \u00e0 Valence : Yomif Kejelcha s&rsquo;offre le record du monde de la distance\",\"datePublished\":\"2024-10-27T09:54:22+00:00\",\"dateModified\":\"2024-10-27T10:22:48+00:00\",\"mainEntityOfPage\":{\"@id\":\"https:\/\/dicodusport.fr\/blog\/semi-marathon-a-valence-yomif-kejelcha-soffre-le-record-du-monde-de-la-distance\/\"},\"wordCount\":289,\"commentCount\":0,\"publisher\":{\"@id\":\"https:\/\/dicodusport.fr\/blog\/#organization\"},\"image\":{\"@id\":\"https:\/\/dicodusport.fr\/blog\/semi-marathon-a-valence-yomif-kejelcha-soffre-le-record-du-monde-de-la-distance\/#primaryimage\"},\"thumbnailUrl\":\"https:\/\/dicodusport.fr\/blog\/wp-content\/uploads\/2024\/10\/Semi-marathon-a-Valence-Yomif-Kejelcha-soffre-le-record-du-monde-de-la-distance.png\",\"keywords\":[\"Athl\u00e9tisme\",\"br\u00e8ve\",\"record du monde\",\"semi marathon\"],\"articleSection\":[\"Athl\u00e9tisme\"],\"inLanguage\":\"fr-FR\",\"potentialAction\":[{\"@type\":\"CommentAction\",\"name\":\"Comment\",\"target\":[\"https:\/\/dicodusport.fr\/blog\/semi-marathon-a-valence-yomif-kejelcha-soffre-le-record-du-monde-de-la-distance\/#respond\"]}],\"copyrightYear\":\"2024\",\"copyrightHolder\":{\"@id\":\"https:\/\/dicodusport.fr\/blog\/#organization\"}},{\"@type\":\"WebPage\",\"@id\":\"https:\/\/dicodusport.fr\/blog\/semi-marathon-a-valence-yomif-kejelcha-soffre-le-record-du-monde-de-la-distance\/\",\"url\":\"https:\/\/dicodusport.fr\/blog\/semi-marathon-a-valence-yomif-kejelcha-soffre-le-record-du-monde-de-la-distance\/\",\"name\":\"Semi-marathon \u00e0 Valence : Yomif Kejelcha s'offre le record du monde de la distance\",\"isPartOf\":{\"@id\":\"https:\/\/dicodusport.fr\/blog\/#website\"},\"primaryImageOfPage\":{\"@id\":\"https:\/\/dicodusport.fr\/blog\/semi-marathon-a-valence-yomif-kejelcha-soffre-le-record-du-monde-de-la-distance\/#primaryimage\"},\"image\":{\"@id\":\"https:\/\/dicodusport.fr\/blog\/semi-marathon-a-valence-yomif-kejelcha-soffre-le-record-du-monde-de-la-distance\/#primaryimage\"},\"thumbnailUrl\":\"https:\/\/dicodusport.fr\/blog\/wp-content\/uploads\/2024\/10\/Semi-marathon-a-Valence-Yomif-Kejelcha-soffre-le-record-du-monde-de-la-distance.png\",\"datePublished\":\"2024-10-27T09:54:22+00:00\",\"dateModified\":\"2024-10-27T10:22:48+00:00\",\"description\":\"ATHL\u00c9TISME - Record du monde du semi-marathon pour l'\u00c9thiopien Yomif Kejelcha, qui a boucl\u00e9 le semi-marathon de Valence en 57:30.\",\"breadcrumb\":{\"@id\":\"https:\/\/dicodusport.fr\/blog\/semi-marathon-a-valence-yomif-kejelcha-soffre-le-record-du-monde-de-la-distance\/#breadcrumb\"},\"inLanguage\":\"fr-FR\",\"potentialAction\":[{\"@type\":\"ReadAction\",\"target\":[\"https:\/\/dicodusport.fr\/blog\/semi-marathon-a-valence-yomif-kejelcha-soffre-le-record-du-monde-de-la-distance\/\"]}]},{\"@type\":\"ImageObject\",\"inLanguage\":\"fr-FR\",\"@id\":\"https:\/\/dicodusport.fr\/blog\/semi-marathon-a-valence-yomif-kejelcha-soffre-le-record-du-monde-de-la-distance\/#primaryimage\",\"url\":\"https:\/\/dicodusport.fr\/blog\/wp-content\/uploads\/2024\/10\/Semi-marathon-a-Valence-Yomif-Kejelcha-soffre-le-record-du-monde-de-la-distance.png\",\"contentUrl\":\"https:\/\/dicodusport.fr\/blog\/wp-content\/uploads\/2024\/10\/Semi-marathon-a-Valence-Yomif-Kejelcha-soffre-le-record-du-monde-de-la-distance.png\",\"width\":1200,\"height\":674,\"caption\":\"Semi-marathon \u00e0 Valence Yomif Kejelcha s'offre le record du monde de la distance\"},{\"@type\":\"BreadcrumbList\",\"@id\":\"https:\/\/dicodusport.fr\/blog\/semi-marathon-a-valence-yomif-kejelcha-soffre-le-record-du-monde-de-la-distance\/#breadcrumb\",\"itemListElement\":[{\"@type\":\"ListItem\",\"position\":1,\"name\":\"Accueil\",\"item\":\"https:\/\/dicodusport.fr\/blog\/\"},{\"@type\":\"ListItem\",\"position\":2,\"name\":\"Semi-marathon \u00e0 Valence : Yomif Kejelcha s&#8217;offre le record du monde de la distance\"}]},{\"@type\":\"WebSite\",\"@id\":\"https:\/\/dicodusport.fr\/blog\/#website\",\"url\":\"https:\/\/dicodusport.fr\/blog\/\",\"name\":\"Dicodusport\",\"description\":\"L&#039;encyclop\u00e9die de l&#039;actualit\u00e9 sportive\",\"publisher\":{\"@id\":\"https:\/\/dicodusport.fr\/blog\/#organization\"},\"potentialAction\":[{\"@type\":\"SearchAction\",\"target\":{\"@type\":\"EntryPoint\",\"urlTemplate\":\"https:\/\/dicodusport.fr\/blog\/?s={search_term_string}\"},\"query-input\":{\"@type\":\"PropertyValueSpecification\",\"valueRequired\":true,\"valueName\":\"search_term_string\"}}],\"inLanguage\":\"fr-FR\"},{\"@type\":\"NewsMediaOrganization\",\"@id\":\"https:\/\/dicodusport.fr\/blog\/#organization\",\"name\":\"Dicodusport\",\"url\":\"https:\/\/dicodusport.fr\/blog\/\",\"logo\":{\"@type\":\"ImageObject\",\"inLanguage\":\"fr-FR\",\"@id\":\"https:\/\/dicodusport.fr\/blog\/#\/schema\/logo\/image\/\",\"url\":\"https:\/\/dicodusport.fr\/blog\/wp-content\/uploads\/2020\/06\/cropped-LOGO-DICODUSPORT-2020-SANS-FOND-SANS-TEXTE.png\",\"contentUrl\":\"https:\/\/dicodusport.fr\/blog\/wp-content\/uploads\/2020\/06\/cropped-LOGO-DICODUSPORT-2020-SANS-FOND-SANS-TEXTE.png\",\"width\":512,\"height\":512,\"caption\":\"Dicodusport\"},\"image\":{\"@id\":\"https:\/\/dicodusport.fr\/blog\/#\/schema\/logo\/image\/\"},\"sameAs\":[\"https:\/\/www.facebook.com\/dicodusport\",\"https:\/\/x.com\/dicodusport\",\"https:\/\/www.instagram.com\/dicodusport\/\",\"https:\/\/www.youtube.com\/channel\/UC7V2KZ5sd3htJivAbA4ZG3w\"],\"description\":\"Dicodusport est l'encyclop\u00e9die de l'actualit\u00e9 sportive.\",\"email\":\"bonjour@dicodusport.fr\",\"legalName\":\"DICODUSPORT\",\"foundingDate\":\"2018-01-14\",\"vatID\":\"FR71834470973\",\"taxID\":\"83447097300043\",\"numberOfEmployees\":{\"@type\":\"QuantitativeValue\",\"minValue\":\"1\",\"maxValue\":\"10\"}},{\"@type\":\"Person\",\"@id\":\"https:\/\/dicodusport.fr\/blog\/#\/schema\/person\/d603dd7da31fb2b46c82b9835a77ec13\",\"name\":\"Etienne Goursaud\",\"image\":{\"@type\":\"ImageObject\",\"inLanguage\":\"fr-FR\",\"@id\":\"https:\/\/dicodusport.fr\/blog\/#\/schema\/person\/image\/\",\"url\":\"https:\/\/dicodusport.fr\/blog\/wp-content\/uploads\/2023\/12\/410122264_10231602061736049_5565839791558026645_n-150x150.jpg\",\"contentUrl\":\"https:\/\/dicodusport.fr\/blog\/wp-content\/uploads\/2023\/12\/410122264_10231602061736049_5565839791558026645_n-150x150.jpg\",\"caption\":\"Etienne Goursaud\"},\"description\":\"Journaliste et amoureux de sport. Ancien footballeur reconverti athl\u00e8te quand ses muscles le laissent tranquille. \u00c9lev\u00e9 \u00e0 la sauce des exploits de Thomas Voeckler en 2004, du dernier essai de l\u00e9gende de Eunice Barber \u00e0 la longueur lors des championnats du monde d'athl\u00e9tisme de 2003 mais aussi Zidane, Omeyer et Titou Lamaison.\",\"url\":\"https:\/\/dicodusport.fr\/blog\/author\/etienne-goursaud\/\"}]}<\/script>\n<!-- \/ Yoast SEO Premium plugin. -->","yoast_head_json":{"title":"Semi-marathon \u00e0 Valence : Yomif Kejelcha s'offre le record du monde de la distance","description":"ATHL\u00c9TISME - Record du monde du semi-marathon pour l'\u00c9thiopien Yomif Kejelcha, qui a boucl\u00e9 le semi-marathon de Valence en 57:30.","robots":{"index":"index","follow":"follow","max-snippet":"max-snippet:-1","max-image-preview":"max-image-preview:large","max-video-preview":"max-video-preview:-1"},"canonical":"https:\/\/dicodusport.fr\/blog\/semi-marathon-a-valence-yomif-kejelcha-soffre-le-record-du-monde-de-la-distance\/","og_locale":"fr_FR","og_type":"article","og_title":"Semi-marathon \u00e0 Valence : Yomif Kejelcha s'offre le record du monde de la distance","og_description":"ATHL\u00c9TISME - Record du monde du semi-marathon pour l'\u00c9thiopien Yomif Kejelcha, qui a boucl\u00e9 le semi-marathon de Valence en 57:30.","og_url":"https:\/\/dicodusport.fr\/blog\/semi-marathon-a-valence-yomif-kejelcha-soffre-le-record-du-monde-de-la-distance\/","og_site_name":"Dicodusport","article_publisher":"https:\/\/www.facebook.com\/dicodusport","article_published_time":"2024-10-27T09:54:22+00:00","article_modified_time":"2024-10-27T10:22:48+00:00","og_image":[{"width":1200,"height":674,"url":"https:\/\/dicodusport.fr\/blog\/wp-content\/uploads\/2024\/10\/Semi-marathon-a-Valence-Yomif-Kejelcha-soffre-le-record-du-monde-de-la-distance.png","type":"image\/png"}],"author":"Etienne Goursaud","twitter_card":"summary_large_image","twitter_title":"Semi-marathon \u00e0 Valence : Yomif Kejelcha s'offre le record du monde de la distance","twitter_creator":"@dicodusport","twitter_site":"@dicodusport","schema":{"@context":"https:\/\/schema.org","@graph":[{"@type":"NewsArticle","@id":"https:\/\/dicodusport.fr\/blog\/semi-marathon-a-valence-yomif-kejelcha-soffre-le-record-du-monde-de-la-distance\/#article","isPartOf":{"@id":"https:\/\/dicodusport.fr\/blog\/semi-marathon-a-valence-yomif-kejelcha-soffre-le-record-du-monde-de-la-distance\/"},"author":{"name":"Etienne Goursaud","@id":"https:\/\/dicodusport.fr\/blog\/#\/schema\/person\/d603dd7da31fb2b46c82b9835a77ec13"},"headline":"Semi-marathon \u00e0 Valence : Yomif Kejelcha s&rsquo;offre le record du monde de la distance","datePublished":"2024-10-27T09:54:22+00:00","dateModified":"2024-10-27T10:22:48+00:00","mainEntityOfPage":{"@id":"https:\/\/dicodusport.fr\/blog\/semi-marathon-a-valence-yomif-kejelcha-soffre-le-record-du-monde-de-la-distance\/"},"wordCount":289,"commentCount":0,"publisher":{"@id":"https:\/\/dicodusport.fr\/blog\/#organization"},"image":{"@id":"https:\/\/dicodusport.fr\/blog\/semi-marathon-a-valence-yomif-kejelcha-soffre-le-record-du-monde-de-la-distance\/#primaryimage"},"thumbnailUrl":"https:\/\/dicodusport.fr\/blog\/wp-content\/uploads\/2024\/10\/Semi-marathon-a-Valence-Yomif-Kejelcha-soffre-le-record-du-monde-de-la-distance.png","keywords":["Athl\u00e9tisme","br\u00e8ve","record du monde","semi marathon"],"articleSection":["Athl\u00e9tisme"],"inLanguage":"fr-FR","potentialAction":[{"@type":"CommentAction","name":"Comment","target":["https:\/\/dicodusport.fr\/blog\/semi-marathon-a-valence-yomif-kejelcha-soffre-le-record-du-monde-de-la-distance\/#respond"]}],"copyrightYear":"2024","copyrightHolder":{"@id":"https:\/\/dicodusport.fr\/blog\/#organization"}},{"@type":"WebPage","@id":"https:\/\/dicodusport.fr\/blog\/semi-marathon-a-valence-yomif-kejelcha-soffre-le-record-du-monde-de-la-distance\/","url":"https:\/\/dicodusport.fr\/blog\/semi-marathon-a-valence-yomif-kejelcha-soffre-le-record-du-monde-de-la-distance\/","name":"Semi-marathon \u00e0 Valence : Yomif Kejelcha s'offre le record du monde de la distance","isPartOf":{"@id":"https:\/\/dicodusport.fr\/blog\/#website"},"primaryImageOfPage":{"@id":"https:\/\/dicodusport.fr\/blog\/semi-marathon-a-valence-yomif-kejelcha-soffre-le-record-du-monde-de-la-distance\/#primaryimage"},"image":{"@id":"https:\/\/dicodusport.fr\/blog\/semi-marathon-a-valence-yomif-kejelcha-soffre-le-record-du-monde-de-la-distance\/#primaryimage"},"thumbnailUrl":"https:\/\/dicodusport.fr\/blog\/wp-content\/uploads\/2024\/10\/Semi-marathon-a-Valence-Yomif-Kejelcha-soffre-le-record-du-monde-de-la-distance.png","datePublished":"2024-10-27T09:54:22+00:00","dateModified":"2024-10-27T10:22:48+00:00","description":"ATHL\u00c9TISME - Record du monde du semi-marathon pour l'\u00c9thiopien Yomif Kejelcha, qui a boucl\u00e9 le semi-marathon de Valence en 57:30.","breadcrumb":{"@id":"https:\/\/dicodusport.fr\/blog\/semi-marathon-a-valence-yomif-kejelcha-soffre-le-record-du-monde-de-la-distance\/#breadcrumb"},"inLanguage":"fr-FR","potentialAction":[{"@type":"ReadAction","target":["https:\/\/dicodusport.fr\/blog\/semi-marathon-a-valence-yomif-kejelcha-soffre-le-record-du-monde-de-la-distance\/"]}]},{"@type":"ImageObject","inLanguage":"fr-FR","@id":"https:\/\/dicodusport.fr\/blog\/semi-marathon-a-valence-yomif-kejelcha-soffre-le-record-du-monde-de-la-distance\/#primaryimage","url":"https:\/\/dicodusport.fr\/blog\/wp-content\/uploads\/2024\/10\/Semi-marathon-a-Valence-Yomif-Kejelcha-soffre-le-record-du-monde-de-la-distance.png","contentUrl":"https:\/\/dicodusport.fr\/blog\/wp-content\/uploads\/2024\/10\/Semi-marathon-a-Valence-Yomif-Kejelcha-soffre-le-record-du-monde-de-la-distance.png","width":1200,"height":674,"caption":"Semi-marathon \u00e0 Valence Yomif Kejelcha s'offre le record du monde de la distance"},{"@type":"BreadcrumbList","@id":"https:\/\/dicodusport.fr\/blog\/semi-marathon-a-valence-yomif-kejelcha-soffre-le-record-du-monde-de-la-distance\/#breadcrumb","itemListElement":[{"@type":"ListItem","position":1,"name":"Accueil","item":"https:\/\/dicodusport.fr\/blog\/"},{"@type":"ListItem","position":2,"name":"Semi-marathon \u00e0 Valence : Yomif Kejelcha s&#8217;offre le record du monde de la distance"}]},{"@type":"WebSite","@id":"https:\/\/dicodusport.fr\/blog\/#website","url":"https:\/\/dicodusport.fr\/blog\/","name":"Dicodusport","description":"L&#039;encyclop\u00e9die de l&#039;actualit\u00e9 sportive","publisher":{"@id":"https:\/\/dicodusport.fr\/blog\/#organization"},"potentialAction":[{"@type":"SearchAction","target":{"@type":"EntryPoint","urlTemplate":"https:\/\/dicodusport.fr\/blog\/?s={search_term_string}"},"query-input":{"@type":"PropertyValueSpecification","valueRequired":true,"valueName":"search_term_string"}}],"inLanguage":"fr-FR"},{"@type":"NewsMediaOrganization","@id":"https:\/\/dicodusport.fr\/blog\/#organization","name":"Dicodusport","url":"https:\/\/dicodusport.fr\/blog\/","logo":{"@type":"ImageObject","inLanguage":"fr-FR","@id":"https:\/\/dicodusport.fr\/blog\/#\/schema\/logo\/image\/","url":"https:\/\/dicodusport.fr\/blog\/wp-content\/uploads\/2020\/06\/cropped-LOGO-DICODUSPORT-2020-SANS-FOND-SANS-TEXTE.png","contentUrl":"https:\/\/dicodusport.fr\/blog\/wp-content\/uploads\/2020\/06\/cropped-LOGO-DICODUSPORT-2020-SANS-FOND-SANS-TEXTE.png","width":512,"height":512,"caption":"Dicodusport"},"image":{"@id":"https:\/\/dicodusport.fr\/blog\/#\/schema\/logo\/image\/"},"sameAs":["https:\/\/www.facebook.com\/dicodusport","https:\/\/x.com\/dicodusport","https:\/\/www.instagram.com\/dicodusport\/","https:\/\/www.youtube.com\/channel\/UC7V2KZ5sd3htJivAbA4ZG3w"],"description":"Dicodusport est l'encyclop\u00e9die de l'actualit\u00e9 sportive.","email":"bonjour@dicodusport.fr","legalName":"DICODUSPORT","foundingDate":"2018-01-14","vatID":"FR71834470973","taxID":"83447097300043","numberOfEmployees":{"@type":"QuantitativeValue","minValue":"1","maxValue":"10"}},{"@type":"Person","@id":"https:\/\/dicodusport.fr\/blog\/#\/schema\/person\/d603dd7da31fb2b46c82b9835a77ec13","name":"Etienne Goursaud","image":{"@type":"ImageObject","inLanguage":"fr-FR","@id":"https:\/\/dicodusport.fr\/blog\/#\/schema\/person\/image\/","url":"https:\/\/dicodusport.fr\/blog\/wp-content\/uploads\/2023\/12\/410122264_10231602061736049_5565839791558026645_n-150x150.jpg","contentUrl":"https:\/\/dicodusport.fr\/blog\/wp-content\/uploads\/2023\/12\/410122264_10231602061736049_5565839791558026645_n-150x150.jpg","caption":"Etienne Goursaud"},"description":"Journaliste et amoureux de sport. Ancien footballeur reconverti athl\u00e8te quand ses muscles le laissent tranquille. \u00c9lev\u00e9 \u00e0 la sauce des exploits de Thomas Voeckler en 2004, du dernier essai de l\u00e9gende de Eunice Barber \u00e0 la longueur lors des championnats du monde d'athl\u00e9tisme de 2003 mais aussi Zidane, Omeyer et Titou Lamaison.","url":"https:\/\/dicodusport.fr\/blog\/author\/etienne-goursaud\/"}]}},"_links":{"self":[{"href":"https:\/\/dicodusport.fr\/blog\/wp-json\/wp\/v2\/posts\/529481","targetHints":{"allow":["GET"]}}],"collection":[{"href":"https:\/\/dicodusport.fr\/blog\/wp-json\/wp\/v2\/posts"}],"about":[{"href":"https:\/\/dicodusport.fr\/blog\/wp-json\/wp\/v2\/types\/post"}],"author":[{"embeddable":true,"href":"https:\/\/dicodusport.fr\/blog\/wp-json\/wp\/v2\/users\/83"}],"replies":[{"embeddable":true,"href":"https:\/\/dicodusport.fr\/blog\/wp-json\/wp\/v2\/comments?post=529481"}],"version-history":[{"count":5,"href":"https:\/\/dicodusport.fr\/blog\/wp-json\/wp\/v2\/posts\/529481\/revisions"}],"predecessor-version":[{"id":529496,"href":"https:\/\/dicodusport.fr\/blog\/wp-json\/wp\/v2\/posts\/529481\/revisions\/529496"}],"wp:featuredmedia":[{"embeddable":true,"href":"https:\/\/dicodusport.fr\/blog\/wp-json\/wp\/v2\/media\/529491"}],"wp:attachment":[{"href":"https:\/\/dicodusport.fr\/blog\/wp-json\/wp\/v2\/media?parent=529481"}],"wp:term":[{"taxonomy":"category","embeddable":true,"href":"https:\/\/dicodusport.fr\/blog\/wp-json\/wp\/v2\/categories?post=529481"},{"taxonomy":"post_tag","embeddable":true,"href":"https:\/\/dicodusport.fr\/blog\/wp-json\/wp\/v2\/tags?post=529481"}],"curies":[{"name":"wp","href":"https:\/\/api.w.org\/{rel}","templated":true}]}}