{"id":529853,"date":"2024-10-29T14:45:08","date_gmt":"2024-10-29T13:45:08","guid":{"rendered":"https:\/\/dicodusport.fr\/blog\/?p=529853&#038;preview=true&#038;preview_id=529853"},"modified":"2024-10-29T17:46:01","modified_gmt":"2024-10-29T16:46:01","slug":"tour-de-france-2025-le-parcours-en-chiffres","status":"publish","type":"post","link":"https:\/\/dicodusport.fr\/blog\/tour-de-france-2025-le-parcours-en-chiffres\/","title":{"rendered":"Tour de France 2025 : Le parcours en chiffres"},"content":{"rendered":"<h4 style=\"text-align: justify;\"><em>TOUR DE FRANCE 2025 &#8211; Le parcours du prochain Tour de France a \u00e9t\u00e9 d\u00e9voil\u00e9. Dicodusport vous propose quelques chiffres pour approfondir l&rsquo;analyse.<\/em><\/h4>\n<ul>\n<li style=\"text-align: justify;\"><strong>\u00c0 voir \u00e9galement : <a href=\"https:\/\/dicodusport.fr\/blog\/tour-de-france-2025-le-parcours-complet-dans-le-detail\/\">Tour de France 2025 : Le parcours complet dans le d\u00e9tail<\/a><\/strong><\/li>\n<\/ul>\n<h2 style=\"text-align: justify;\">100%<\/h2>\n<p style=\"text-align: justify;\">C&rsquo;est le <strong>pourcentage de la distance parcourue dans l&rsquo;Hexagone<\/strong>. Pour la premi\u00e8re fois depuis cinq ans, le Tour sera en effet disput\u00e9 en int\u00e9gralit\u00e9 sur le territoire fran\u00e7ais.<\/p>\n<h2>3 320<\/h2>\n<p style=\"text-align: justify;\">Il s&rsquo;agit du <strong>nombre de kilom\u00e8tres de cette \u00e9dition<\/strong> du Tour de France 2025. C&rsquo;est pr\u00e8s de 180 de moins qu&rsquo;en 2024. Il s&rsquo;agit en outre de la plus petite distance depuis le Tour 2002. Cette ann\u00e9e-l\u00e0, le parcours s&rsquo;\u00e9tendait sur 3 277 km. Le parcours est divis\u00e9 en <strong>7<\/strong> \u00e9tapes de plaine, <strong>6<\/strong> \u00e9tapes accident\u00e9es, <strong>6<\/strong> \u00e9tapes de montagne et deux exercices chronom\u00e9tr\u00e9s.<\/p>\n<ul>\n<li style=\"text-align: justify;\"><strong>\u00c0 ce sujet &#8211; <a href=\"https:\/\/dicodusport.fr\/blog\/actualites\/cyclisme\/\">L&rsquo;actualit\u00e9 du cyclisme<\/a><\/strong><\/li>\n<\/ul>\n<h2>11<\/h2>\n<p style=\"text-align: justify;\">C&rsquo;est le <strong>nombre de r\u00e9gions travers\u00e9es<\/strong>. Ainsi, seules les r\u00e9gions Corse et Grand Est n&rsquo;ont pas \u00e9t\u00e9 mises \u00e0 l&rsquo;honneur cette ann\u00e9e. Par ailleurs, le Tour de France 2025 passera par <strong>34 d\u00e9partements<\/strong>.<\/p>\n<h2 style=\"text-align: justify;\">2<\/h2>\n<p style=\"text-align: justify;\">Comme le <strong>nombre de contre-la-montre<\/strong> au programme donc de cette \u00e9dition. Soit autant que lors du Tour 2024. N\u00e9anmoins, diff\u00e9rence majeure par rapport \u00e0 la derni\u00e8re \u00e9dition : il y aura <strong>44 km de chrono<\/strong> au programme contre 59 en 2024, mais 11 de ceux-ci se feront en c\u00f4te. Le deuxi\u00e8me contre-la-montre m\u00e8nera les coureurs \u00e0 Peyragudes o\u00f9 Romain Bardet s&rsquo;\u00e9tait impos\u00e9 en 2017. 650 m\u00e8tres de d\u00e9nivel\u00e9 positif qui promettent des \u00e9carts \u00e0 l&rsquo;arriv\u00e9e sur l&rsquo;altiport \u00e0 1580 m\u00e8tres d&rsquo;altitude.<\/p>\n<div id=\"attachment_529864\" style=\"width: 2570px\" class=\"wp-caption aligncenter\"><a href=\"https:\/\/dicodusport.fr\/blog\/wp-content\/uploads\/2024\/10\/Profil-de-la-13eme-etape-du-Tour-de-France-2025-scaled.jpg\"><img loading=\"lazy\" decoding=\"async\" aria-describedby=\"caption-attachment-529864\" class=\"size-full wp-image-529864\" src=\"https:\/\/dicodusport.fr\/blog\/wp-content\/uploads\/2024\/10\/Profil-de-la-13eme-etape-du-Tour-de-France-2025-scaled.jpg\" alt=\"Profil de la 13\u00e8me \u00e9tape du Tour de France 2025\" width=\"2560\" height=\"2560\" srcset=\"https:\/\/dicodusport.fr\/blog\/wp-content\/uploads\/2024\/10\/Profil-de-la-13eme-etape-du-Tour-de-France-2025-scaled.jpg 2560w, https:\/\/dicodusport.fr\/blog\/wp-content\/uploads\/2024\/10\/Profil-de-la-13eme-etape-du-Tour-de-France-2025-300x300.jpg 300w, https:\/\/dicodusport.fr\/blog\/wp-content\/uploads\/2024\/10\/Profil-de-la-13eme-etape-du-Tour-de-France-2025-1024x1024.jpg 1024w, https:\/\/dicodusport.fr\/blog\/wp-content\/uploads\/2024\/10\/Profil-de-la-13eme-etape-du-Tour-de-France-2025-150x150.jpg 150w, https:\/\/dicodusport.fr\/blog\/wp-content\/uploads\/2024\/10\/Profil-de-la-13eme-etape-du-Tour-de-France-2025-768x768.jpg 768w, https:\/\/dicodusport.fr\/blog\/wp-content\/uploads\/2024\/10\/Profil-de-la-13eme-etape-du-Tour-de-France-2025-1536x1536.jpg 1536w, https:\/\/dicodusport.fr\/blog\/wp-content\/uploads\/2024\/10\/Profil-de-la-13eme-etape-du-Tour-de-France-2025-2048x2048.jpg 2048w, https:\/\/dicodusport.fr\/blog\/wp-content\/uploads\/2024\/10\/Profil-de-la-13eme-etape-du-Tour-de-France-2025-80x80.jpg 80w\" sizes=\"auto, (max-width: 2560px) 100vw, 2560px\" \/><\/a><p id=\"caption-attachment-529864\" class=\"wp-caption-text\">Profil de la 13\u00e8me \u00e9tape du Tour de France 2025 &#8211; Via ASO<\/p><\/div>\n<h2>26<\/h2>\n<p style=\"text-align: justify;\">C&rsquo;est le <strong>nombre de cols de 2e, 1e et hors-cat\u00e9gorie<\/strong> au programme de cette \u00e9dition 2025. Par ailleurs, <strong>5<\/strong> arriv\u00e9es seront jug\u00e9es au sommet d&rsquo;une ascension.<\/p>\n<h2 style=\"text-align: justify;\">10<\/h2>\n<p style=\"text-align: justify;\">Ce sera la <strong>dixi\u00e8me fois que l&rsquo;arriv\u00e9e d&rsquo;une \u00e9tape du Tour sera jug\u00e9e au sommet du Mont Ventoux<\/strong>. Cela aurait d\u00fb \u00eatre la onzi\u00e8me mais en 2016 le vent en avait d\u00e9cid\u00e9 autrement : l&rsquo;arriv\u00e9e avait \u00e9t\u00e9 jug\u00e9e au Chalet Reynard. Par ailleurs, le g\u00e9ant de Provence fait son retour sur les routes de la Grande Boucle pour la premi\u00e8re fois depuis 2021.<\/p>\n<ul>\n<li style=\"text-align: justify;\"><strong>\u00c0 ce sujet &#8211; <a href=\"https:\/\/dicodusport.fr\/blog\/tour-de-france-2025-etapes-a-ne-pas-manquer\/\">Tour de France 2025 : Les 5 \u00e9tapes \u00e0 ne pas manquer<\/a><\/strong><\/li>\n<\/ul>\n<h2 style=\"text-align: justify;\">76<\/h2>\n<p style=\"text-align: justify;\"><strong>Pour la 76e fois depuis 1930, Pau sera ville-\u00e9tape<\/strong> de ce Tour de France 2025. Comme souvent, le col du Tourmalet sera au programme d&rsquo;une \u00e9tape qui s&rsquo;ach\u00e8vera \u00e0 Luchon-Superbagn\u00e8res. Le mythique col des Pyr\u00e9n\u00e9es sera empr\u00fbnt\u00e9 pour la troisi\u00e8me ann\u00e9e cons\u00e9cutive et la huiti\u00e8me fois en dix ans. Cela fait <strong>36 ans<\/strong> en revanche que le Tour n&rsquo;\u00e9tait plus arriv\u00e9 \u00e0 Luchon-Superbagn\u00e8res. 4950 m\u00e8tres de d\u00e9nivel\u00e9 positif seront au programme. <em>A contrario<\/em>, <strong>8 sites ou villes-\u00e9tapes seront in\u00e9dites<\/strong>.<\/p>\n<h2 style=\"text-align: justify;\">5 500<\/h2>\n<p style=\"text-align: justify;\">C&rsquo;est le <strong>record de d\u00e9nivel\u00e9 positif pour une seule \u00e9tape<\/strong> sur cette \u00e9dition 2025. Il s&rsquo;agira de la dix-huiti\u00e8me \u00e9tape entre Vif et Courchevel. Trois cols hors-cat\u00e9gorie seront au programme : le col du Glandon, celui de la Madeleine et le col de la Loze dont le sommet sera situ\u00e9 \u00e0 2 304m d&rsquo;altitude. L&rsquo;ascension du col de la Loze empruntera par ailleurs un versant in\u00e9dit.<\/p>\n<div id=\"attachment_529859\" style=\"width: 970px\" class=\"wp-caption aligncenter\"><a href=\"https:\/\/dicodusport.fr\/blog\/wp-content\/uploads\/2024\/10\/Profil-de-la-18eme-etape-du-Tour-de-France-2025.jpg\"><img loading=\"lazy\" decoding=\"async\" aria-describedby=\"caption-attachment-529859\" class=\"size-full wp-image-529859\" src=\"https:\/\/dicodusport.fr\/blog\/wp-content\/uploads\/2024\/10\/Profil-de-la-18eme-etape-du-Tour-de-France-2025.jpg\" alt=\"Profil de la 18\u00e8me \u00e9tape du Tour de France 2025\" width=\"960\" height=\"640\" srcset=\"https:\/\/dicodusport.fr\/blog\/wp-content\/uploads\/2024\/10\/Profil-de-la-18eme-etape-du-Tour-de-France-2025.jpg 960w, https:\/\/dicodusport.fr\/blog\/wp-content\/uploads\/2024\/10\/Profil-de-la-18eme-etape-du-Tour-de-France-2025-300x200.jpg 300w, https:\/\/dicodusport.fr\/blog\/wp-content\/uploads\/2024\/10\/Profil-de-la-18eme-etape-du-Tour-de-France-2025-768x512.jpg 768w\" sizes=\"auto, (max-width: 960px) 100vw, 960px\" \/><\/a><p id=\"caption-attachment-529859\" class=\"wp-caption-text\">Profil de la 18\u00e8me \u00e9tape du Tour de France 2025 &#8211; Via ASO<\/p><\/div>\n<h2 style=\"text-align: justify;\">130<\/h2>\n<p style=\"text-align: justify;\">Outre les chronos et l&rsquo;\u00e9tape finale qui m\u00e8nera les coureurs sur les Champs-\u00c9lys\u00e9es, <strong>l&rsquo;\u00e9tape en ligne la plus courte<\/strong>, la dix-neuvi\u00e8me, fera 130 km. Elle s&rsquo;annonce cependant redoutable puisqu&rsquo;il y aura cinq ascensions dont une deuxi\u00e8me arriv\u00e9e cons\u00e9cutive \u00e0 plus de 2000m d&rsquo;altitude, \u00e0 La Plagne. <strong>4 600<\/strong> m\u00e8tres de d\u00e9nivel\u00e9 positif sont au programme.<\/p>\n<h2>212<\/h2>\n<p style=\"text-align: justify;\">Au contraire, <strong>l&rsquo;\u00e9tape la plus longue<\/strong> s&rsquo;\u00e9tend sur 212 km. Il s&rsquo;agit de la deuxi\u00e8me, entre Lauwin-Planque et Boulogne-sur-Mer. En outre, il y aura une deuxi\u00e8me \u00e9tape de plus de 200 km. En l&rsquo;occurrence, la sixi\u00e8me entre Bayeux et Vire-Normandie.<\/p>\n<h2 style=\"text-align: justify;\">51 550<\/h2>\n<p style=\"text-align: justify;\">C&rsquo;est le <strong>nombre de m\u00e8tres de d\u00e9nivel\u00e9 positif total<\/strong> du Tour de France 2025. \u00c0 titre de comparaison, il s&rsquo;agit d&rsquo;un total quasi similaire \u00e0 la derni\u00e8re \u00e9dition (52 230 m) mais pr\u00e8s de 4 000 m de moins qu&rsquo;en 2023 (55 460 m).<\/p>\n<blockquote class=\"twitter-tweet\">\n<p dir=\"ltr\" lang=\"fr\">Voici la carte du Tour de France 2025. <a href=\"https:\/\/twitter.com\/hashtag\/TDF2025?src=hash&amp;ref_src=twsrc%5Etfw\">#TDF2025<\/a><\/p>\n<p>Lille accueillera le Grand D\u00e9part pour cette \u00e9dition 100% fran\u00e7aise. L&rsquo;\u00e9preuve fera son retour \u00e0 Superbagn\u00e8res dans les Pyr\u00e9n\u00e9es apr\u00e8s 36 ans d&rsquo;absence et se rendra aussi en derni\u00e8re semaine au Mont Ventoux ou au col de la Loze. <a href=\"https:\/\/t.co\/NKgZSfWS9u\">pic.twitter.com\/NKgZSfWS9u<\/a><\/p>\n<p>\u2014 Le Gruppetto (@LeGruppetto) <a href=\"https:\/\/twitter.com\/LeGruppetto\/status\/1851223100899090904?ref_src=twsrc%5Etfw\">October 29, 2024<\/a><\/p><\/blockquote>\n<p><script async src=\"https:\/\/platform.twitter.com\/widgets.js\" charset=\"utf-8\"><\/script><\/p>\n","protected":false},"excerpt":{"rendered":"<p>Le parcours en chiffres du Tour de France 2025 en chiffres<\/p>\n","protected":false},"author":91,"featured_media":529872,"comment_status":"open","ping_status":"closed","sticky":false,"template":"","format":"standard","meta":{"_acf_changed":false,"_daextam_enable_autolinks":"1","footnotes":""},"categories":[46995],"tags":[32415,16878,1262],"class_list":["post-529853","post","type-post","status-publish","format-standard","has-post-thumbnail","hentry","category-tour-de-france","tag-actu","tag-breve","tag-tour-de-france"],"acf":[],"yoast_head":"<!-- This site is optimized with the Yoast SEO Premium plugin v26.7 (Yoast SEO v26.7) - https:\/\/yoast.com\/wordpress\/plugins\/seo\/ -->\n<title>Tour de France 2025 : Le parcours en chiffres<\/title>\n<meta name=\"description\" content=\"TOUR DE FRANCE 2025 - Dicodusport vous propose de d\u00e9courvrir le parcours du Tour 2025 \u00e0 travers quelques chiffres cl\u00e9s.\" \/>\n<meta name=\"robots\" content=\"index, follow, max-snippet:-1, max-image-preview:large, max-video-preview:-1\" \/>\n<link rel=\"canonical\" href=\"https:\/\/dicodusport.fr\/blog\/tour-de-france-2025-le-parcours-en-chiffres\/\" \/>\n<meta property=\"og:locale\" content=\"fr_FR\" \/>\n<meta property=\"og:type\" content=\"article\" \/>\n<meta property=\"og:title\" content=\"Tour de France 2025 : Le parcours en chiffres\" \/>\n<meta property=\"og:description\" content=\"TOUR DE FRANCE 2025 - Dicodusport vous propose de d\u00e9courvrir le parcours du Tour 2025 \u00e0 travers quelques chiffres cl\u00e9s.\" \/>\n<meta property=\"og:url\" content=\"https:\/\/dicodusport.fr\/blog\/tour-de-france-2025-le-parcours-en-chiffres\/\" \/>\n<meta property=\"og:site_name\" content=\"Dicodusport\" \/>\n<meta property=\"article:publisher\" content=\"https:\/\/www.facebook.com\/dicodusport\" \/>\n<meta property=\"article:published_time\" content=\"2024-10-29T13:45:08+00:00\" \/>\n<meta property=\"article:modified_time\" content=\"2024-10-29T16:46:01+00:00\" \/>\n<meta property=\"og:image\" content=\"https:\/\/dicodusport.fr\/blog\/wp-content\/uploads\/2024\/10\/Tour-de-France-2025-Le-parcours-en-chiffres.png\" \/>\n\t<meta property=\"og:image:width\" content=\"1200\" \/>\n\t<meta property=\"og:image:height\" content=\"674\" \/>\n\t<meta property=\"og:image:type\" content=\"image\/png\" \/>\n<meta name=\"author\" content=\"Victor Clot-Amiot\" \/>\n<meta name=\"twitter:card\" content=\"summary_large_image\" \/>\n<meta name=\"twitter:title\" content=\"Tour de France 2025 : Le parcours en chiffres\" \/>\n<meta name=\"twitter:creator\" content=\"@https:\/\/x.com\/VictorClotAmiot\" \/>\n<meta name=\"twitter:site\" content=\"@dicodusport\" \/>\n<script type=\"application\/ld+json\" class=\"yoast-schema-graph\">{\"@context\":\"https:\/\/schema.org\",\"@graph\":[{\"@type\":\"NewsArticle\",\"@id\":\"https:\/\/dicodusport.fr\/blog\/tour-de-france-2025-le-parcours-en-chiffres\/#article\",\"isPartOf\":{\"@id\":\"https:\/\/dicodusport.fr\/blog\/tour-de-france-2025-le-parcours-en-chiffres\/\"},\"author\":{\"name\":\"Victor Clot-Amiot\",\"@id\":\"https:\/\/dicodusport.fr\/blog\/#\/schema\/person\/b623199cba9ba90fe84a3d16e9282360\"},\"headline\":\"Tour de France 2025 : Le parcours en chiffres\",\"datePublished\":\"2024-10-29T13:45:08+00:00\",\"dateModified\":\"2024-10-29T16:46:01+00:00\",\"mainEntityOfPage\":{\"@id\":\"https:\/\/dicodusport.fr\/blog\/tour-de-france-2025-le-parcours-en-chiffres\/\"},\"wordCount\":792,\"commentCount\":0,\"publisher\":{\"@id\":\"https:\/\/dicodusport.fr\/blog\/#organization\"},\"image\":{\"@id\":\"https:\/\/dicodusport.fr\/blog\/tour-de-france-2025-le-parcours-en-chiffres\/#primaryimage\"},\"thumbnailUrl\":\"https:\/\/dicodusport.fr\/blog\/wp-content\/uploads\/2024\/10\/Tour-de-France-2025-Le-parcours-en-chiffres.png\",\"keywords\":[\"actu\",\"br\u00e8ve\",\"Tour de France\"],\"articleSection\":[\"Tour de France\"],\"inLanguage\":\"fr-FR\",\"potentialAction\":[{\"@type\":\"CommentAction\",\"name\":\"Comment\",\"target\":[\"https:\/\/dicodusport.fr\/blog\/tour-de-france-2025-le-parcours-en-chiffres\/#respond\"]}],\"copyrightYear\":\"2024\",\"copyrightHolder\":{\"@id\":\"https:\/\/dicodusport.fr\/blog\/#organization\"}},{\"@type\":\"WebPage\",\"@id\":\"https:\/\/dicodusport.fr\/blog\/tour-de-france-2025-le-parcours-en-chiffres\/\",\"url\":\"https:\/\/dicodusport.fr\/blog\/tour-de-france-2025-le-parcours-en-chiffres\/\",\"name\":\"Tour de France 2025 : Le parcours en chiffres\",\"isPartOf\":{\"@id\":\"https:\/\/dicodusport.fr\/blog\/#website\"},\"primaryImageOfPage\":{\"@id\":\"https:\/\/dicodusport.fr\/blog\/tour-de-france-2025-le-parcours-en-chiffres\/#primaryimage\"},\"image\":{\"@id\":\"https:\/\/dicodusport.fr\/blog\/tour-de-france-2025-le-parcours-en-chiffres\/#primaryimage\"},\"thumbnailUrl\":\"https:\/\/dicodusport.fr\/blog\/wp-content\/uploads\/2024\/10\/Tour-de-France-2025-Le-parcours-en-chiffres.png\",\"datePublished\":\"2024-10-29T13:45:08+00:00\",\"dateModified\":\"2024-10-29T16:46:01+00:00\",\"description\":\"TOUR DE FRANCE 2025 - Dicodusport vous propose de d\u00e9courvrir le parcours du Tour 2025 \u00e0 travers quelques chiffres cl\u00e9s.\",\"breadcrumb\":{\"@id\":\"https:\/\/dicodusport.fr\/blog\/tour-de-france-2025-le-parcours-en-chiffres\/#breadcrumb\"},\"inLanguage\":\"fr-FR\",\"potentialAction\":[{\"@type\":\"ReadAction\",\"target\":[\"https:\/\/dicodusport.fr\/blog\/tour-de-france-2025-le-parcours-en-chiffres\/\"]}]},{\"@type\":\"ImageObject\",\"inLanguage\":\"fr-FR\",\"@id\":\"https:\/\/dicodusport.fr\/blog\/tour-de-france-2025-le-parcours-en-chiffres\/#primaryimage\",\"url\":\"https:\/\/dicodusport.fr\/blog\/wp-content\/uploads\/2024\/10\/Tour-de-France-2025-Le-parcours-en-chiffres.png\",\"contentUrl\":\"https:\/\/dicodusport.fr\/blog\/wp-content\/uploads\/2024\/10\/Tour-de-France-2025-Le-parcours-en-chiffres.png\",\"width\":1200,\"height\":674,\"caption\":\"Tour de France 2025 Le parcours en chiffres\"},{\"@type\":\"BreadcrumbList\",\"@id\":\"https:\/\/dicodusport.fr\/blog\/tour-de-france-2025-le-parcours-en-chiffres\/#breadcrumb\",\"itemListElement\":[{\"@type\":\"ListItem\",\"position\":1,\"name\":\"Accueil\",\"item\":\"https:\/\/dicodusport.fr\/blog\/\"},{\"@type\":\"ListItem\",\"position\":2,\"name\":\"Tour de France 2025 : Le parcours en chiffres\"}]},{\"@type\":\"WebSite\",\"@id\":\"https:\/\/dicodusport.fr\/blog\/#website\",\"url\":\"https:\/\/dicodusport.fr\/blog\/\",\"name\":\"Dicodusport\",\"description\":\"L&#039;encyclop\u00e9die de l&#039;actualit\u00e9 sportive\",\"publisher\":{\"@id\":\"https:\/\/dicodusport.fr\/blog\/#organization\"},\"potentialAction\":[{\"@type\":\"SearchAction\",\"target\":{\"@type\":\"EntryPoint\",\"urlTemplate\":\"https:\/\/dicodusport.fr\/blog\/?s={search_term_string}\"},\"query-input\":{\"@type\":\"PropertyValueSpecification\",\"valueRequired\":true,\"valueName\":\"search_term_string\"}}],\"inLanguage\":\"fr-FR\"},{\"@type\":\"NewsMediaOrganization\",\"@id\":\"https:\/\/dicodusport.fr\/blog\/#organization\",\"name\":\"Dicodusport\",\"url\":\"https:\/\/dicodusport.fr\/blog\/\",\"logo\":{\"@type\":\"ImageObject\",\"inLanguage\":\"fr-FR\",\"@id\":\"https:\/\/dicodusport.fr\/blog\/#\/schema\/logo\/image\/\",\"url\":\"https:\/\/dicodusport.fr\/blog\/wp-content\/uploads\/2020\/06\/cropped-LOGO-DICODUSPORT-2020-SANS-FOND-SANS-TEXTE.png\",\"contentUrl\":\"https:\/\/dicodusport.fr\/blog\/wp-content\/uploads\/2020\/06\/cropped-LOGO-DICODUSPORT-2020-SANS-FOND-SANS-TEXTE.png\",\"width\":512,\"height\":512,\"caption\":\"Dicodusport\"},\"image\":{\"@id\":\"https:\/\/dicodusport.fr\/blog\/#\/schema\/logo\/image\/\"},\"sameAs\":[\"https:\/\/www.facebook.com\/dicodusport\",\"https:\/\/x.com\/dicodusport\",\"https:\/\/www.instagram.com\/dicodusport\/\",\"https:\/\/www.youtube.com\/channel\/UC7V2KZ5sd3htJivAbA4ZG3w\"],\"description\":\"Dicodusport est l'encyclop\u00e9die de l'actualit\u00e9 sportive.\",\"email\":\"bonjour@dicodusport.fr\",\"legalName\":\"DICODUSPORT\",\"foundingDate\":\"2018-01-14\",\"vatID\":\"FR71834470973\",\"taxID\":\"83447097300043\",\"numberOfEmployees\":{\"@type\":\"QuantitativeValue\",\"minValue\":\"1\",\"maxValue\":\"10\"}},{\"@type\":\"Person\",\"@id\":\"https:\/\/dicodusport.fr\/blog\/#\/schema\/person\/b623199cba9ba90fe84a3d16e9282360\",\"name\":\"Victor Clot-Amiot\",\"image\":{\"@type\":\"ImageObject\",\"inLanguage\":\"fr-FR\",\"@id\":\"https:\/\/dicodusport.fr\/blog\/#\/schema\/person\/image\/\",\"url\":\"https:\/\/dicodusport.fr\/blog\/wp-content\/uploads\/2023\/09\/IMG_20190826_114722-150x150.jpg\",\"contentUrl\":\"https:\/\/dicodusport.fr\/blog\/wp-content\/uploads\/2023\/09\/IMG_20190826_114722-150x150.jpg\",\"caption\":\"Victor Clot-Amiot\"},\"description\":\"Passionn\u00e9 de sport depuis toujours, un jour \u00e0 l'adolescence mes parents m'ont dit : \\\"quitte \u00e0 passer ton temps \u00e0 regarder du sport, au moins va le voir en vrai\\\" ! Depuis, cette remarque ne m'a plus quitt\u00e9 et je passe une grande partie de mon temps libre \u00e0 assister \u00e0 des comp\u00e9titions de tous sports. Je m\u00eale d'ailleurs mes deux passions, le sport et les voyages afin de faire une pierre deux coups ! Outre l'US Open ou l'Euro 2021 par exemple, j'ai assist\u00e9 cet \u00e9t\u00e9 aux Mondiaux d'athl\u00e9tisme \u00e0 Budapest. Mon plus gros coup dur est et restera les JO 2020-2021 pour lesquels j'avais r\u00e9serv\u00e9 17 \u00e9preuves. La suite, vous la connaissez...\",\"sameAs\":[\"https:\/\/x.com\/https:\/\/x.com\/VictorClotAmiot\"],\"url\":\"https:\/\/dicodusport.fr\/blog\/author\/victor-clot-amiot\/\"}]}<\/script>\n<!-- \/ Yoast SEO Premium plugin. -->","yoast_head_json":{"title":"Tour de France 2025 : Le parcours en chiffres","description":"TOUR DE FRANCE 2025 - Dicodusport vous propose de d\u00e9courvrir le parcours du Tour 2025 \u00e0 travers quelques chiffres cl\u00e9s.","robots":{"index":"index","follow":"follow","max-snippet":"max-snippet:-1","max-image-preview":"max-image-preview:large","max-video-preview":"max-video-preview:-1"},"canonical":"https:\/\/dicodusport.fr\/blog\/tour-de-france-2025-le-parcours-en-chiffres\/","og_locale":"fr_FR","og_type":"article","og_title":"Tour de France 2025 : Le parcours en chiffres","og_description":"TOUR DE FRANCE 2025 - Dicodusport vous propose de d\u00e9courvrir le parcours du Tour 2025 \u00e0 travers quelques chiffres cl\u00e9s.","og_url":"https:\/\/dicodusport.fr\/blog\/tour-de-france-2025-le-parcours-en-chiffres\/","og_site_name":"Dicodusport","article_publisher":"https:\/\/www.facebook.com\/dicodusport","article_published_time":"2024-10-29T13:45:08+00:00","article_modified_time":"2024-10-29T16:46:01+00:00","og_image":[{"width":1200,"height":674,"url":"https:\/\/dicodusport.fr\/blog\/wp-content\/uploads\/2024\/10\/Tour-de-France-2025-Le-parcours-en-chiffres.png","type":"image\/png"}],"author":"Victor Clot-Amiot","twitter_card":"summary_large_image","twitter_title":"Tour de France 2025 : Le parcours en chiffres","twitter_creator":"@https:\/\/x.com\/VictorClotAmiot","twitter_site":"@dicodusport","schema":{"@context":"https:\/\/schema.org","@graph":[{"@type":"NewsArticle","@id":"https:\/\/dicodusport.fr\/blog\/tour-de-france-2025-le-parcours-en-chiffres\/#article","isPartOf":{"@id":"https:\/\/dicodusport.fr\/blog\/tour-de-france-2025-le-parcours-en-chiffres\/"},"author":{"name":"Victor Clot-Amiot","@id":"https:\/\/dicodusport.fr\/blog\/#\/schema\/person\/b623199cba9ba90fe84a3d16e9282360"},"headline":"Tour de France 2025 : Le parcours en chiffres","datePublished":"2024-10-29T13:45:08+00:00","dateModified":"2024-10-29T16:46:01+00:00","mainEntityOfPage":{"@id":"https:\/\/dicodusport.fr\/blog\/tour-de-france-2025-le-parcours-en-chiffres\/"},"wordCount":792,"commentCount":0,"publisher":{"@id":"https:\/\/dicodusport.fr\/blog\/#organization"},"image":{"@id":"https:\/\/dicodusport.fr\/blog\/tour-de-france-2025-le-parcours-en-chiffres\/#primaryimage"},"thumbnailUrl":"https:\/\/dicodusport.fr\/blog\/wp-content\/uploads\/2024\/10\/Tour-de-France-2025-Le-parcours-en-chiffres.png","keywords":["actu","br\u00e8ve","Tour de France"],"articleSection":["Tour de France"],"inLanguage":"fr-FR","potentialAction":[{"@type":"CommentAction","name":"Comment","target":["https:\/\/dicodusport.fr\/blog\/tour-de-france-2025-le-parcours-en-chiffres\/#respond"]}],"copyrightYear":"2024","copyrightHolder":{"@id":"https:\/\/dicodusport.fr\/blog\/#organization"}},{"@type":"WebPage","@id":"https:\/\/dicodusport.fr\/blog\/tour-de-france-2025-le-parcours-en-chiffres\/","url":"https:\/\/dicodusport.fr\/blog\/tour-de-france-2025-le-parcours-en-chiffres\/","name":"Tour de France 2025 : Le parcours en chiffres","isPartOf":{"@id":"https:\/\/dicodusport.fr\/blog\/#website"},"primaryImageOfPage":{"@id":"https:\/\/dicodusport.fr\/blog\/tour-de-france-2025-le-parcours-en-chiffres\/#primaryimage"},"image":{"@id":"https:\/\/dicodusport.fr\/blog\/tour-de-france-2025-le-parcours-en-chiffres\/#primaryimage"},"thumbnailUrl":"https:\/\/dicodusport.fr\/blog\/wp-content\/uploads\/2024\/10\/Tour-de-France-2025-Le-parcours-en-chiffres.png","datePublished":"2024-10-29T13:45:08+00:00","dateModified":"2024-10-29T16:46:01+00:00","description":"TOUR DE FRANCE 2025 - Dicodusport vous propose de d\u00e9courvrir le parcours du Tour 2025 \u00e0 travers quelques chiffres cl\u00e9s.","breadcrumb":{"@id":"https:\/\/dicodusport.fr\/blog\/tour-de-france-2025-le-parcours-en-chiffres\/#breadcrumb"},"inLanguage":"fr-FR","potentialAction":[{"@type":"ReadAction","target":["https:\/\/dicodusport.fr\/blog\/tour-de-france-2025-le-parcours-en-chiffres\/"]}]},{"@type":"ImageObject","inLanguage":"fr-FR","@id":"https:\/\/dicodusport.fr\/blog\/tour-de-france-2025-le-parcours-en-chiffres\/#primaryimage","url":"https:\/\/dicodusport.fr\/blog\/wp-content\/uploads\/2024\/10\/Tour-de-France-2025-Le-parcours-en-chiffres.png","contentUrl":"https:\/\/dicodusport.fr\/blog\/wp-content\/uploads\/2024\/10\/Tour-de-France-2025-Le-parcours-en-chiffres.png","width":1200,"height":674,"caption":"Tour de France 2025 Le parcours en chiffres"},{"@type":"BreadcrumbList","@id":"https:\/\/dicodusport.fr\/blog\/tour-de-france-2025-le-parcours-en-chiffres\/#breadcrumb","itemListElement":[{"@type":"ListItem","position":1,"name":"Accueil","item":"https:\/\/dicodusport.fr\/blog\/"},{"@type":"ListItem","position":2,"name":"Tour de France 2025 : Le parcours en chiffres"}]},{"@type":"WebSite","@id":"https:\/\/dicodusport.fr\/blog\/#website","url":"https:\/\/dicodusport.fr\/blog\/","name":"Dicodusport","description":"L&#039;encyclop\u00e9die de l&#039;actualit\u00e9 sportive","publisher":{"@id":"https:\/\/dicodusport.fr\/blog\/#organization"},"potentialAction":[{"@type":"SearchAction","target":{"@type":"EntryPoint","urlTemplate":"https:\/\/dicodusport.fr\/blog\/?s={search_term_string}"},"query-input":{"@type":"PropertyValueSpecification","valueRequired":true,"valueName":"search_term_string"}}],"inLanguage":"fr-FR"},{"@type":"NewsMediaOrganization","@id":"https:\/\/dicodusport.fr\/blog\/#organization","name":"Dicodusport","url":"https:\/\/dicodusport.fr\/blog\/","logo":{"@type":"ImageObject","inLanguage":"fr-FR","@id":"https:\/\/dicodusport.fr\/blog\/#\/schema\/logo\/image\/","url":"https:\/\/dicodusport.fr\/blog\/wp-content\/uploads\/2020\/06\/cropped-LOGO-DICODUSPORT-2020-SANS-FOND-SANS-TEXTE.png","contentUrl":"https:\/\/dicodusport.fr\/blog\/wp-content\/uploads\/2020\/06\/cropped-LOGO-DICODUSPORT-2020-SANS-FOND-SANS-TEXTE.png","width":512,"height":512,"caption":"Dicodusport"},"image":{"@id":"https:\/\/dicodusport.fr\/blog\/#\/schema\/logo\/image\/"},"sameAs":["https:\/\/www.facebook.com\/dicodusport","https:\/\/x.com\/dicodusport","https:\/\/www.instagram.com\/dicodusport\/","https:\/\/www.youtube.com\/channel\/UC7V2KZ5sd3htJivAbA4ZG3w"],"description":"Dicodusport est l'encyclop\u00e9die de l'actualit\u00e9 sportive.","email":"bonjour@dicodusport.fr","legalName":"DICODUSPORT","foundingDate":"2018-01-14","vatID":"FR71834470973","taxID":"83447097300043","numberOfEmployees":{"@type":"QuantitativeValue","minValue":"1","maxValue":"10"}},{"@type":"Person","@id":"https:\/\/dicodusport.fr\/blog\/#\/schema\/person\/b623199cba9ba90fe84a3d16e9282360","name":"Victor Clot-Amiot","image":{"@type":"ImageObject","inLanguage":"fr-FR","@id":"https:\/\/dicodusport.fr\/blog\/#\/schema\/person\/image\/","url":"https:\/\/dicodusport.fr\/blog\/wp-content\/uploads\/2023\/09\/IMG_20190826_114722-150x150.jpg","contentUrl":"https:\/\/dicodusport.fr\/blog\/wp-content\/uploads\/2023\/09\/IMG_20190826_114722-150x150.jpg","caption":"Victor Clot-Amiot"},"description":"Passionn\u00e9 de sport depuis toujours, un jour \u00e0 l'adolescence mes parents m'ont dit : \"quitte \u00e0 passer ton temps \u00e0 regarder du sport, au moins va le voir en vrai\" ! Depuis, cette remarque ne m'a plus quitt\u00e9 et je passe une grande partie de mon temps libre \u00e0 assister \u00e0 des comp\u00e9titions de tous sports. Je m\u00eale d'ailleurs mes deux passions, le sport et les voyages afin de faire une pierre deux coups ! Outre l'US Open ou l'Euro 2021 par exemple, j'ai assist\u00e9 cet \u00e9t\u00e9 aux Mondiaux d'athl\u00e9tisme \u00e0 Budapest. Mon plus gros coup dur est et restera les JO 2020-2021 pour lesquels j'avais r\u00e9serv\u00e9 17 \u00e9preuves. La suite, vous la connaissez...","sameAs":["https:\/\/x.com\/https:\/\/x.com\/VictorClotAmiot"],"url":"https:\/\/dicodusport.fr\/blog\/author\/victor-clot-amiot\/"}]}},"_links":{"self":[{"href":"https:\/\/dicodusport.fr\/blog\/wp-json\/wp\/v2\/posts\/529853","targetHints":{"allow":["GET"]}}],"collection":[{"href":"https:\/\/dicodusport.fr\/blog\/wp-json\/wp\/v2\/posts"}],"about":[{"href":"https:\/\/dicodusport.fr\/blog\/wp-json\/wp\/v2\/types\/post"}],"author":[{"embeddable":true,"href":"https:\/\/dicodusport.fr\/blog\/wp-json\/wp\/v2\/users\/91"}],"replies":[{"embeddable":true,"href":"https:\/\/dicodusport.fr\/blog\/wp-json\/wp\/v2\/comments?post=529853"}],"version-history":[{"count":5,"href":"https:\/\/dicodusport.fr\/blog\/wp-json\/wp\/v2\/posts\/529853\/revisions"}],"predecessor-version":[{"id":529898,"href":"https:\/\/dicodusport.fr\/blog\/wp-json\/wp\/v2\/posts\/529853\/revisions\/529898"}],"wp:featuredmedia":[{"embeddable":true,"href":"https:\/\/dicodusport.fr\/blog\/wp-json\/wp\/v2\/media\/529872"}],"wp:attachment":[{"href":"https:\/\/dicodusport.fr\/blog\/wp-json\/wp\/v2\/media?parent=529853"}],"wp:term":[{"taxonomy":"category","embeddable":true,"href":"https:\/\/dicodusport.fr\/blog\/wp-json\/wp\/v2\/categories?post=529853"},{"taxonomy":"post_tag","embeddable":true,"href":"https:\/\/dicodusport.fr\/blog\/wp-json\/wp\/v2\/tags?post=529853"}],"curies":[{"name":"wp","href":"https:\/\/api.w.org\/{rel}","templated":true}]}}