{"id":529868,"date":"2025-05-21T11:47:13","date_gmt":"2025-05-21T09:47:13","guid":{"rendered":"https:\/\/dicodusport.fr\/blog\/?p=529868&#038;preview=true&#038;preview_id=529868"},"modified":"2025-05-21T11:47:36","modified_gmt":"2025-05-21T09:47:36","slug":"tour-de-france-2025-etapes-a-ne-pas-manquer","status":"publish","type":"post","link":"https:\/\/dicodusport.fr\/blog\/tour-de-france-2025-etapes-a-ne-pas-manquer\/","title":{"rendered":"Tour de France 2025 : Les 5 \u00e9tapes \u00e0 ne pas manquer"},"content":{"rendered":"<h4 style=\"text-align: justify;\"><em>TOUR DE FRANCE 2025 &#8211; Apr\u00e8s <a href=\"https:\/\/dicodusport.fr\/blog\/tour-de-france-2025-rumeurs-et-certitudes-sur-le-parcours\/\">des semaines de rumeurs et de sp\u00e9culations<\/a>, Christian Prudhomme a mis fin au suspense en d\u00e9voilant le trac\u00e9 du prochain Tour de France, qui s\u2019\u00e9lancera de Lille le samedi 5 juillet prochain. Au programme, trois semaines de course et 3 320 kilom\u00e8tres \u00e0 parcourir, r\u00e9partis en 21 \u00e9tapes. Voici lesquelles sont \u00e0 ne manquer sous aucun pr\u00e9texte.<\/em><\/h4>\n<ul>\n<li style=\"text-align: justify;\"><strong>\u00c0 ce sujet &#8211; <a href=\"https:\/\/dicodusport.fr\/blog\/tour-de-france-2025-le-parcours-en-chiffres\/\">Tour de France 2025 : Le parcours en chiffres<\/a><\/strong><\/li>\n<li style=\"text-align: justify;\"><strong>\u00c0 ce sujet &#8211; <a href=\"https:\/\/dicodusport.fr\/blog\/tour-de-france-2025-le-parcours-complet-dans-le-detail\/\">Tour de France 2025 : Le parcours complet dans le d\u00e9tail<\/a><\/strong><\/li>\n<\/ul>\n<h2 style=\"font-weight: 400; text-align: justify;\"><strong>\u00c9tape 7 : Saint-Malo &#8211; M\u00fbr-de-Bretagne <\/strong><\/h2>\n<p style=\"font-weight: 400; text-align: justify;\">Apr\u00e8s une semaine de course entre le Nord et la Normandie, le peloton du Tour fera un d\u00e9tour par la Bretagne et la plus c\u00e9l\u00e8bre ascension des C\u00f4tes-d&rsquo;Armor.<\/p>\n<p style=\"font-weight: 400; text-align: justify;\">Un d\u00e9part en bord de mer, \u00e0 Saint-Malo, puis une travers\u00e9e de la Bretagne en direction du Sud-ouest, qui m\u00e8nera les coureurs jusqu\u2019au pied de <strong>M\u00fbr-de-Bretagne<\/strong>. Le peloton franchira une premi\u00e8re fois son sommet, puis effectuera un circuit final de 18 kilom\u00e8tres avant de se pr\u00e9senter, une nouvelle fois, au pied de <strong>M\u00fbr-de-Bretagne<\/strong> pour se disputer cette fois-ci la victoire d\u2019\u00e9tape, dans cette c\u00f4te de deux kilom\u00e8tres comprenant des passages au-del\u00e0 des 15 % de moyenne.<\/p>\n<p style=\"font-weight: 400; text-align: justify;\">Un \u00e9ni\u00e8me final taill\u00e9 pour les puncheurs en cette premi\u00e8re semaine du Tour, qui avait souri \u00e0 <strong>Mathieu van der Poel<\/strong> en 2021. Pour sa premi\u00e8re participation au <strong>Tour de France<\/strong>, le coureur n\u00e9erlandais s\u2019\u00e9tait impos\u00e9 au sommet de <strong>M\u00fbr-de-Bretagne<\/strong> et s\u2019emparait, ce jour-l\u00e0, du maillot jaune que n\u2019avait jamais port\u00e9 son illustre grand-p\u00e8re.<\/p>\n<div id=\"attachment_529884\" style=\"width: 1010px\" class=\"wp-caption aligncenter\"><a href=\"https:\/\/dicodusport.fr\/blog\/wp-content\/uploads\/2024\/10\/Profil-du-final-de-la-7eme-etape-du-Tour-de-France-2025.webp\"><img loading=\"lazy\" decoding=\"async\" aria-describedby=\"caption-attachment-529884\" class=\"size-full wp-image-529884\" src=\"https:\/\/dicodusport.fr\/blog\/wp-content\/uploads\/2024\/10\/Profil-du-final-de-la-7eme-etape-du-Tour-de-France-2025.webp\" alt=\"Profil du final de la 7\u00e8me \u00e9tape du Tour de France 2025\" width=\"1000\" height=\"546\" srcset=\"https:\/\/dicodusport.fr\/blog\/wp-content\/uploads\/2024\/10\/Profil-du-final-de-la-7eme-etape-du-Tour-de-France-2025.webp 1000w, https:\/\/dicodusport.fr\/blog\/wp-content\/uploads\/2024\/10\/Profil-du-final-de-la-7eme-etape-du-Tour-de-France-2025-300x164.webp 300w, https:\/\/dicodusport.fr\/blog\/wp-content\/uploads\/2024\/10\/Profil-du-final-de-la-7eme-etape-du-Tour-de-France-2025-768x419.webp 768w\" sizes=\"auto, (max-width: 1000px) 100vw, 1000px\" \/><\/a><p id=\"caption-attachment-529884\" class=\"wp-caption-text\">Profil du final de la 7\u00e8me \u00e9tape du Tour de France 2025 &#8211; Via ASO<\/p><\/div>\n<h2 style=\"font-weight: 400; text-align: justify;\"><strong>\u00c9tape 10\u00a0: Ennezat \u2013 Le Mont Dore<\/strong><\/h2>\n<p style=\"font-weight: 400; text-align: justify;\">Le 14 juillet est un jour de f\u00eate et le spectacle devrait \u00eatre au rendez-vous tout au long des 163 kilom\u00e8tres de cette \u00e9tape, trac\u00e9e int\u00e9gralement dans le Puy-de-D\u00f4me, et comprenant pas moins de sept ascensions r\u00e9pertori\u00e9es.<\/p>\n<p style=\"font-weight: 400; text-align: justify;\">Les premi\u00e8res difficult\u00e9s se dresseront d\u00e8s les premiers kilom\u00e8tres et s\u2019encha\u00eeneront jusqu\u2019\u00e0 l\u2019arriv\u00e9e, sans le moindre r\u00e9pit et sans aucun kilom\u00e8tre de plat. Autour de Clermont-Ferrand et parmi les volcans auvergnats, les coureurs escamoteront, entre autres, le <strong>Col de Gu\u00e9ry<\/strong>, le <strong>Col de la Croix Morand<\/strong> et le <strong>Col de la Croix Saint-Robert<\/strong>, avant une arriv\u00e9e jug\u00e9e au sommet du <strong>Mont-Dore<\/strong>, apr\u00e8s une ultime rampe de 3,3 kilom\u00e8tres \u00e0 8 % de moyenne. 4 400 m\u00e8tres de d\u00e9nivel\u00e9 positif en moyenne montagne, un profil taill\u00e9 pour les baroudeurs et grimpeurs et, au terme de cette \u00e9tape, une victoire que l\u2019on esp\u00e8re tous fran\u00e7aise en ce jour de F\u00eate Nationale.<\/p>\n<div id=\"attachment_529886\" style=\"width: 970px\" class=\"wp-caption aligncenter\"><a href=\"https:\/\/dicodusport.fr\/blog\/wp-content\/uploads\/2024\/10\/Profil-10eme-etape-Tour-de-France-2025.webp\"><img loading=\"lazy\" decoding=\"async\" aria-describedby=\"caption-attachment-529886\" class=\"size-full wp-image-529886\" src=\"https:\/\/dicodusport.fr\/blog\/wp-content\/uploads\/2024\/10\/Profil-10eme-etape-Tour-de-France-2025.webp\" alt=\"Profil 10\u00e8me \u00e9tape Tour de France 2025\" width=\"960\" height=\"640\" srcset=\"https:\/\/dicodusport.fr\/blog\/wp-content\/uploads\/2024\/10\/Profil-10eme-etape-Tour-de-France-2025.webp 960w, https:\/\/dicodusport.fr\/blog\/wp-content\/uploads\/2024\/10\/Profil-10eme-etape-Tour-de-France-2025-300x200.webp 300w, https:\/\/dicodusport.fr\/blog\/wp-content\/uploads\/2024\/10\/Profil-10eme-etape-Tour-de-France-2025-768x512.webp 768w\" sizes=\"auto, (max-width: 960px) 100vw, 960px\" \/><\/a><p id=\"caption-attachment-529886\" class=\"wp-caption-text\">Profil 10\u00e8me \u00e9tape Tour de France 2025 &#8211; Via ASO<\/p><\/div>\n<h2 style=\"font-weight: 400; text-align: justify;\"><strong>\u00c9tape 14 : Pau \u2013 Luchon-Superbagn\u00e8res<\/strong><\/h2>\n<p style=\"font-weight: 400; text-align: justify;\">Apr\u00e8s un contre-la-montre intensif de 11 km la veille, disput\u00e9 en c\u00f4te jusqu\u2019\u00e0 l\u2019<strong>altiport de Peyragudes<\/strong>, les coureurs poursuivront leur \u00e9pop\u00e9e pyr\u00e9n\u00e9enne entre <strong>Pau<\/strong> et <strong>Luchon-Superbagn\u00e8res<\/strong>.<\/p>\n<p style=\"font-weight: 400; text-align: justify;\">La pr\u00e9fecture des Pyr\u00e9n\u00e9es-Atlantiques, qui accueille le <strong>Tour de France<\/strong> pour la 76<sup>e<\/sup> fois de son histoire, sera le point de d\u00e9part d\u2019une \u00e9tape de haute montagne, qui empruntera les plus c\u00e9l\u00e8bres routes du massif pyr\u00e9n\u00e9en. Au programme, un passage au <strong>col du Tourmalet<\/strong>, puis par le <strong>col d\u2019Aspin<\/strong> et de <strong>Peyresourde <\/strong>avant une arriv\u00e9e au sommet jug\u00e9e \u00e0 1 804 m\u00e8tres d\u2019altitude, en haut de <strong>Superbagn\u00e8res<\/strong> et ses 12,4 kilom\u00e8tres \u00e0 7,5 % de moyenne.<\/p>\n<p style=\"font-weight: 400; text-align: justify;\">Une copie conforme de la 13<sup>e<\/sup> \u00e9tape du <strong>Tour de France<\/strong> 1986, qui avait offert un magnifique duel entre <strong>Greg LeMond<\/strong> et <strong>Bernard Hinault<\/strong>.<\/p>\n<div id=\"attachment_529890\" style=\"width: 1930px\" class=\"wp-caption aligncenter\"><a href=\"https:\/\/dicodusport.fr\/blog\/wp-content\/uploads\/2024\/10\/Profil-14eme-etape-Tour-de-France-2025.jpg\"><img loading=\"lazy\" decoding=\"async\" aria-describedby=\"caption-attachment-529890\" class=\"size-full wp-image-529890\" src=\"https:\/\/dicodusport.fr\/blog\/wp-content\/uploads\/2024\/10\/Profil-14eme-etape-Tour-de-France-2025.jpg\" alt=\"Profil 14\u00e8me \u00e9tape Tour de France 2025\" width=\"1920\" height=\"1466\" srcset=\"https:\/\/dicodusport.fr\/blog\/wp-content\/uploads\/2024\/10\/Profil-14eme-etape-Tour-de-France-2025.jpg 1920w, https:\/\/dicodusport.fr\/blog\/wp-content\/uploads\/2024\/10\/Profil-14eme-etape-Tour-de-France-2025-300x229.jpg 300w, https:\/\/dicodusport.fr\/blog\/wp-content\/uploads\/2024\/10\/Profil-14eme-etape-Tour-de-France-2025-1024x782.jpg 1024w, https:\/\/dicodusport.fr\/blog\/wp-content\/uploads\/2024\/10\/Profil-14eme-etape-Tour-de-France-2025-768x586.jpg 768w, https:\/\/dicodusport.fr\/blog\/wp-content\/uploads\/2024\/10\/Profil-14eme-etape-Tour-de-France-2025-1536x1173.jpg 1536w\" sizes=\"auto, (max-width: 1920px) 100vw, 1920px\" \/><\/a><p id=\"caption-attachment-529890\" class=\"wp-caption-text\">Profil 14\u00e8me \u00e9tape Tour de France 2025 &#8211; Via ASO<\/p><\/div>\n<h2 style=\"font-weight: 400; text-align: justify;\"><strong>\u00c9tape 16 : Montpellier &#8211; Mont Ventoux<\/strong><\/h2>\n<p style=\"font-weight: 400; text-align: justify;\">La pr\u00e9fecture de l\u2019H\u00e9rault n\u2019avait plus accueilli la Grande Boucle depuis 2016. Elle sera la ville de d\u00e9part d\u2019une \u00e9tape de 172 kilom\u00e8tres \u00e0 travers le Vaucluse, couronn\u00e9e d\u2019une arriv\u00e9e de l\u00e9gende au sommet du g\u00e9ant de Provence.<\/p>\n<p style=\"font-weight: 400; text-align: justify;\">Apr\u00e8s 150 premiers kilom\u00e8tres relativement plats, la route se cabrera \u00e0 la sortie de <strong>B\u00e9doin<\/strong>, village tr\u00e8s pris\u00e9 des cyclotouristes pour \u00eatre le point de d\u00e9part de la mythique ascension du <strong>Mont Ventoux<\/strong>. Un peu plus de 21 km en c\u00f4te \u00e0 7,5 % de moyenne, et une partie finale offrant des images toujours \u00e9poustouflantes, lorsque la route se d\u00e9couvre et que la for\u00eat laisse place \u00e0 un paysage presque lunaire, balay\u00e9 par des vents capricieux qui ont parfois boulevers\u00e9 les pr\u00e9c\u00e9dentes ascensions du g\u00e9ant de Provence.<\/p>\n<p style=\"font-weight: 400; text-align: justify;\">Huit ans apr\u00e8s, le <strong>Tour de France<\/strong> offrira donc une nouvelle arriv\u00e9e au sommet du <strong>Mont Ventoux<\/strong>, en esp\u00e9rant que celle-ci soit bien jug\u00e9e au niveau de son observatoire tr\u00f4nant tout en haut. En 2016, de forts vents avaient contraint les organisateurs \u00e0 r\u00e9duire l\u2019ascension finale de 6 km en pla\u00e7ant la ligne d\u2019arriv\u00e9e au niveau du <strong>Chalet Reynard<\/strong>. Une d\u00e9convenue qui n\u2019avait pas annihil\u00e9 le spectacle en course, puisque que <strong>Christopher Froome<\/strong> r\u00e9alisait une partie de l\u2019ascension \u00e0 pied, p\u00e9nalis\u00e9 par la casse de son v\u00e9lo lors d\u2019une chute avec une moto suiveuse.<\/p>\n<div id=\"attachment_529892\" style=\"width: 1930px\" class=\"wp-caption aligncenter\"><a href=\"https:\/\/dicodusport.fr\/blog\/wp-content\/uploads\/2024\/10\/Profil-du-Mont-Ventoux.jpg\"><img loading=\"lazy\" decoding=\"async\" aria-describedby=\"caption-attachment-529892\" class=\"size-full wp-image-529892\" src=\"https:\/\/dicodusport.fr\/blog\/wp-content\/uploads\/2024\/10\/Profil-du-Mont-Ventoux.jpg\" alt=\"Profil du Mont Ventoux\" width=\"1920\" height=\"1280\" srcset=\"https:\/\/dicodusport.fr\/blog\/wp-content\/uploads\/2024\/10\/Profil-du-Mont-Ventoux.jpg 1920w, https:\/\/dicodusport.fr\/blog\/wp-content\/uploads\/2024\/10\/Profil-du-Mont-Ventoux-300x200.jpg 300w, https:\/\/dicodusport.fr\/blog\/wp-content\/uploads\/2024\/10\/Profil-du-Mont-Ventoux-1024x683.jpg 1024w, https:\/\/dicodusport.fr\/blog\/wp-content\/uploads\/2024\/10\/Profil-du-Mont-Ventoux-768x512.jpg 768w, https:\/\/dicodusport.fr\/blog\/wp-content\/uploads\/2024\/10\/Profil-du-Mont-Ventoux-1536x1024.jpg 1536w\" sizes=\"auto, (max-width: 1920px) 100vw, 1920px\" \/><\/a><p id=\"caption-attachment-529892\" class=\"wp-caption-text\">Profil du Mont Ventoux &#8211; Via ASO<\/p><\/div>\n<h2 style=\"font-weight: 400; text-align: justify;\"><strong>\u00c9tape 18 : Vif \u2013 Courchevel (Col de la Loze)<\/strong><\/h2>\n<p style=\"font-weight: 400; text-align: justify;\">Un d\u00e9part in\u00e9dit et une arriv\u00e9e qui l\u2019est tout autant. Pour cette \u00e9tape alpestre, les coureurs s\u2019\u00e9lanceront de cette commune situ\u00e9e au sud de Grenoble, avant de prendre la direction du <strong>col du Glandon<\/strong>, premi\u00e8re des trois ascensions <strong>Hors Cat\u00e9gorie<\/strong> au programme du jour.<\/p>\n<p style=\"font-weight: 400; text-align: justify;\">Son sommet franchi, ils basculeront dans la descente avant d\u2019encha\u00eener aussit\u00f4t par le <strong>col de la Madeleine<\/strong>, puis partir en direction de <strong>Courchevel<\/strong> et le <strong>Col de la Loze<\/strong>, grimp\u00e9 pour la premi\u00e8re fois en 2020 qui s\u2019impose d\u00e9j\u00e0 comme un incontournable du <strong>Tour de France<\/strong>.<\/p>\n<p style=\"font-weight: 400; text-align: justify;\">Mais cette fois-ci, les coureurs d\u00e9couvriront son versant est, qui s\u2019annonce tout aussi redoutable que la mont\u00e9e par <strong>M\u00e9ribel<\/strong>. Une pente de 26,2 km \u00e0 6,5 % de moyenne, dont sa principale difficult\u00e9 r\u00e9side \u00e9galement dans sa grande irr\u00e9gularit\u00e9, offrant des passages au-del\u00e0 des 15 % de moyenne.<\/p>\n<p style=\"font-weight: 400; text-align: justify;\">Le spectacle en course est annonc\u00e9, les favoris tenteront, \u00e0 coup s\u00fbr, de creuser des \u00e9carts au classement g\u00e9n\u00e9ral. Eux qui n\u2019auront plus que l\u2019\u00e9tape du lendemain et son arriv\u00e9e \u00e0 <strong>La Plagne<\/strong> pour s\u2019expliquer et figer un classement qui ne devrait plus bouger jusqu\u2019\u00e0 l\u2019arriv\u00e9e sur les <strong>Champs-\u00c9lys\u00e9es<\/strong>.<\/p>\n<div id=\"attachment_529859\" style=\"width: 970px\" class=\"wp-caption aligncenter\"><a href=\"https:\/\/dicodusport.fr\/blog\/wp-content\/uploads\/2024\/10\/Profil-de-la-18eme-etape-du-Tour-de-France-2025.jpg\"><img loading=\"lazy\" decoding=\"async\" aria-describedby=\"caption-attachment-529859\" class=\"size-full wp-image-529859\" src=\"https:\/\/dicodusport.fr\/blog\/wp-content\/uploads\/2024\/10\/Profil-de-la-18eme-etape-du-Tour-de-France-2025.jpg\" alt=\"Profil de la 18\u00e8me \u00e9tape du Tour de France 2025\" width=\"960\" height=\"640\" srcset=\"https:\/\/dicodusport.fr\/blog\/wp-content\/uploads\/2024\/10\/Profil-de-la-18eme-etape-du-Tour-de-France-2025.jpg 960w, https:\/\/dicodusport.fr\/blog\/wp-content\/uploads\/2024\/10\/Profil-de-la-18eme-etape-du-Tour-de-France-2025-300x200.jpg 300w, https:\/\/dicodusport.fr\/blog\/wp-content\/uploads\/2024\/10\/Profil-de-la-18eme-etape-du-Tour-de-France-2025-768x512.jpg 768w\" sizes=\"auto, (max-width: 960px) 100vw, 960px\" \/><\/a><p id=\"caption-attachment-529859\" class=\"wp-caption-text\">Profil de la 18\u00e8me \u00e9tape du Tour de France 2025 &#8211; Via ASO<\/p><\/div>\n<h2 style=\"text-align: justify;\">\u00c0 lire aussi<\/h2>\n<div class=\"vlp-link-container vlp-layout-article\"><a href=\"https:\/\/dicodusport.fr\/blog\/tour-de-france-2025-le-parcours-de-la-derniere-etape-a-paris-devoile\/\" class=\"vlp-link\" title=\"Tour de France 2025 : Le parcours de la derni\u00e8re \u00e9tape \u00e0 Paris d\u00e9voil\u00e9\"><\/a><div class=\"vlp-layout-zone-side\"><div class=\"vlp-block-4 vlp-link-image\"><img loading=\"lazy\" decoding=\"async\" style=\"max-width: 792px;\" width=\"792\" height=\"445\" src=\"https:\/\/dicodusport.fr\/blog\/wp-content\/uploads\/2025\/05\/Tour-de-France-2025-Le-parcours-de-la-derniere-etape-a-Paris-devoile-.png\" class=\"attachment-800x445 size-800x445\" alt=\"Tour de France 2025 Le parcours de la derni\u00e8re \u00e9tape \u00e0 Paris d\u00e9voil\u00e9 !\" srcset=\"https:\/\/dicodusport.fr\/blog\/wp-content\/uploads\/2025\/05\/Tour-de-France-2025-Le-parcours-de-la-derniere-etape-a-Paris-devoile-.png 1200w, https:\/\/dicodusport.fr\/blog\/wp-content\/uploads\/2025\/05\/Tour-de-France-2025-Le-parcours-de-la-derniere-etape-a-Paris-devoile--300x169.png 300w, https:\/\/dicodusport.fr\/blog\/wp-content\/uploads\/2025\/05\/Tour-de-France-2025-Le-parcours-de-la-derniere-etape-a-Paris-devoile--1024x575.png 1024w, https:\/\/dicodusport.fr\/blog\/wp-content\/uploads\/2025\/05\/Tour-de-France-2025-Le-parcours-de-la-derniere-etape-a-Paris-devoile--768x431.png 768w\" sizes=\"auto, (max-width: 792px) 100vw, 792px\" \/><\/div><\/div><div class=\"vlp-layout-zone-main\"><div class=\"vlp-block-0 vlp-link-title\">Tour de France 2025 : Le parcours de la derni\u00e8re \u00e9tape \u00e0 Paris d\u00e9voil\u00e9<\/div><div class=\"vlp-block-1 vlp-link-summary\">TOUR DE FRANCE 2025 - Elle est bien l\u00e0 ! La Butte Montmartre, haut lieu de l\u2019\u00e9preuve de cyclisme sur route lors des Jeux Olympiques de Paris 2024, fait son apparition sur le Tour de France. \u00c9voqu\u00e9e depuis plusieurs semaines, elle sera escalad\u00e9e \u00e0 trois reprises par les coureurs lors de la derni\u00e8re \u00e9tape, a annonc\u00e9 l\u2019organisation ce 21 mai.<\/div><div class=\"vlp-block-2 vlp-link-button\">Lire l'article<\/div><div class=\"vlp-block-3 vlp-link-url\">dicodusport.fr<\/div><\/div><\/div>\n","protected":false},"excerpt":{"rendered":"<p>Les 5 \u00e9tapes \u00e0 ne pas manquer sur le Tour de France 2025<\/p>\n","protected":false},"author":107,"featured_media":529894,"comment_status":"open","ping_status":"closed","sticky":false,"template":"","format":"standard","meta":{"_acf_changed":false,"_daextam_enable_autolinks":"1","footnotes":""},"categories":[46995],"tags":[32415,16878],"class_list":["post-529868","post","type-post","status-publish","format-standard","has-post-thumbnail","hentry","category-tour-de-france","tag-actu","tag-breve"],"acf":[],"yoast_head":"<!-- This site is optimized with the Yoast SEO Premium plugin v26.7 (Yoast SEO v26.7) - https:\/\/yoast.com\/wordpress\/plugins\/seo\/ -->\n<title>Tour de France 2025 : Les 5 \u00e9tapes \u00e0 ne pas manquer<\/title>\n<meta name=\"description\" content=\"Bretagne, Massif Central, Alpes, Pyr\u00e9n\u00e9es : retrouvez les 5 \u00e9tapes \u00e0 ne pas manquer sur le Tour de France 2025.\" \/>\n<meta name=\"robots\" content=\"index, follow, max-snippet:-1, max-image-preview:large, max-video-preview:-1\" \/>\n<link rel=\"canonical\" href=\"https:\/\/dicodusport.fr\/blog\/tour-de-france-2025-etapes-a-ne-pas-manquer\/\" \/>\n<meta property=\"og:locale\" content=\"fr_FR\" \/>\n<meta property=\"og:type\" content=\"article\" \/>\n<meta property=\"og:title\" content=\"Tour de France 2025 : Les 5 \u00e9tapes \u00e0 ne pas manquer\" \/>\n<meta property=\"og:description\" content=\"Bretagne, Massif Central, Alpes, Pyr\u00e9n\u00e9es : retrouvez les 5 \u00e9tapes \u00e0 ne pas manquer sur le Tour de France 2025.\" \/>\n<meta property=\"og:url\" content=\"https:\/\/dicodusport.fr\/blog\/tour-de-france-2025-etapes-a-ne-pas-manquer\/\" \/>\n<meta property=\"og:site_name\" content=\"Dicodusport\" \/>\n<meta property=\"article:publisher\" content=\"https:\/\/www.facebook.com\/dicodusport\" \/>\n<meta property=\"article:published_time\" content=\"2025-05-21T09:47:13+00:00\" \/>\n<meta property=\"article:modified_time\" content=\"2025-05-21T09:47:36+00:00\" \/>\n<meta property=\"og:image\" content=\"https:\/\/dicodusport.fr\/blog\/wp-content\/uploads\/2024\/10\/Tour-de-France-2025-Les-5-etapes-a-ne-pas-manquer.png\" \/>\n\t<meta property=\"og:image:width\" content=\"1200\" \/>\n\t<meta property=\"og:image:height\" content=\"674\" \/>\n\t<meta property=\"og:image:type\" content=\"image\/png\" \/>\n<meta name=\"author\" content=\"Th\u00e9o Gripon Auer\" \/>\n<meta name=\"twitter:card\" content=\"summary_large_image\" \/>\n<meta name=\"twitter:title\" content=\"Tour de France 2025 : Les 5 \u00e9tapes \u00e0 ne pas manquer\" \/>\n<meta name=\"twitter:creator\" content=\"@dicodusport\" \/>\n<meta name=\"twitter:site\" content=\"@dicodusport\" \/>\n<script type=\"application\/ld+json\" class=\"yoast-schema-graph\">{\"@context\":\"https:\/\/schema.org\",\"@graph\":[{\"@type\":\"NewsArticle\",\"@id\":\"https:\/\/dicodusport.fr\/blog\/tour-de-france-2025-etapes-a-ne-pas-manquer\/#article\",\"isPartOf\":{\"@id\":\"https:\/\/dicodusport.fr\/blog\/tour-de-france-2025-etapes-a-ne-pas-manquer\/\"},\"author\":{\"name\":\"Th\u00e9o Gripon Auer\",\"@id\":\"https:\/\/dicodusport.fr\/blog\/#\/schema\/person\/c0d35c220c4e79773da9e19a595ab67c\"},\"headline\":\"Tour de France 2025 : Les 5 \u00e9tapes \u00e0 ne pas manquer\",\"datePublished\":\"2025-05-21T09:47:13+00:00\",\"dateModified\":\"2025-05-21T09:47:36+00:00\",\"mainEntityOfPage\":{\"@id\":\"https:\/\/dicodusport.fr\/blog\/tour-de-france-2025-etapes-a-ne-pas-manquer\/\"},\"wordCount\":1237,\"commentCount\":0,\"publisher\":{\"@id\":\"https:\/\/dicodusport.fr\/blog\/#organization\"},\"image\":{\"@id\":\"https:\/\/dicodusport.fr\/blog\/tour-de-france-2025-etapes-a-ne-pas-manquer\/#primaryimage\"},\"thumbnailUrl\":\"https:\/\/dicodusport.fr\/blog\/wp-content\/uploads\/2024\/10\/Tour-de-France-2025-Les-5-etapes-a-ne-pas-manquer.png\",\"keywords\":[\"actu\",\"br\u00e8ve\"],\"articleSection\":[\"Tour de France\"],\"inLanguage\":\"fr-FR\",\"potentialAction\":[{\"@type\":\"CommentAction\",\"name\":\"Comment\",\"target\":[\"https:\/\/dicodusport.fr\/blog\/tour-de-france-2025-etapes-a-ne-pas-manquer\/#respond\"]}],\"copyrightYear\":\"2025\",\"copyrightHolder\":{\"@id\":\"https:\/\/dicodusport.fr\/blog\/#organization\"}},{\"@type\":\"WebPage\",\"@id\":\"https:\/\/dicodusport.fr\/blog\/tour-de-france-2025-etapes-a-ne-pas-manquer\/\",\"url\":\"https:\/\/dicodusport.fr\/blog\/tour-de-france-2025-etapes-a-ne-pas-manquer\/\",\"name\":\"Tour de France 2025 : Les 5 \u00e9tapes \u00e0 ne pas manquer\",\"isPartOf\":{\"@id\":\"https:\/\/dicodusport.fr\/blog\/#website\"},\"primaryImageOfPage\":{\"@id\":\"https:\/\/dicodusport.fr\/blog\/tour-de-france-2025-etapes-a-ne-pas-manquer\/#primaryimage\"},\"image\":{\"@id\":\"https:\/\/dicodusport.fr\/blog\/tour-de-france-2025-etapes-a-ne-pas-manquer\/#primaryimage\"},\"thumbnailUrl\":\"https:\/\/dicodusport.fr\/blog\/wp-content\/uploads\/2024\/10\/Tour-de-France-2025-Les-5-etapes-a-ne-pas-manquer.png\",\"datePublished\":\"2025-05-21T09:47:13+00:00\",\"dateModified\":\"2025-05-21T09:47:36+00:00\",\"description\":\"Bretagne, Massif Central, Alpes, Pyr\u00e9n\u00e9es : retrouvez les 5 \u00e9tapes \u00e0 ne pas manquer sur le Tour de France 2025.\",\"breadcrumb\":{\"@id\":\"https:\/\/dicodusport.fr\/blog\/tour-de-france-2025-etapes-a-ne-pas-manquer\/#breadcrumb\"},\"inLanguage\":\"fr-FR\",\"potentialAction\":[{\"@type\":\"ReadAction\",\"target\":[\"https:\/\/dicodusport.fr\/blog\/tour-de-france-2025-etapes-a-ne-pas-manquer\/\"]}]},{\"@type\":\"ImageObject\",\"inLanguage\":\"fr-FR\",\"@id\":\"https:\/\/dicodusport.fr\/blog\/tour-de-france-2025-etapes-a-ne-pas-manquer\/#primaryimage\",\"url\":\"https:\/\/dicodusport.fr\/blog\/wp-content\/uploads\/2024\/10\/Tour-de-France-2025-Les-5-etapes-a-ne-pas-manquer.png\",\"contentUrl\":\"https:\/\/dicodusport.fr\/blog\/wp-content\/uploads\/2024\/10\/Tour-de-France-2025-Les-5-etapes-a-ne-pas-manquer.png\",\"width\":1200,\"height\":674,\"caption\":\"Tour de France 2025 Les 5 \u00e9tapes \u00e0 ne pas manquer\"},{\"@type\":\"BreadcrumbList\",\"@id\":\"https:\/\/dicodusport.fr\/blog\/tour-de-france-2025-etapes-a-ne-pas-manquer\/#breadcrumb\",\"itemListElement\":[{\"@type\":\"ListItem\",\"position\":1,\"name\":\"Accueil\",\"item\":\"https:\/\/dicodusport.fr\/blog\/\"},{\"@type\":\"ListItem\",\"position\":2,\"name\":\"Tour de France 2025 : Les 5 \u00e9tapes \u00e0 ne pas manquer\"}]},{\"@type\":\"WebSite\",\"@id\":\"https:\/\/dicodusport.fr\/blog\/#website\",\"url\":\"https:\/\/dicodusport.fr\/blog\/\",\"name\":\"Dicodusport\",\"description\":\"L&#039;encyclop\u00e9die de l&#039;actualit\u00e9 sportive\",\"publisher\":{\"@id\":\"https:\/\/dicodusport.fr\/blog\/#organization\"},\"potentialAction\":[{\"@type\":\"SearchAction\",\"target\":{\"@type\":\"EntryPoint\",\"urlTemplate\":\"https:\/\/dicodusport.fr\/blog\/?s={search_term_string}\"},\"query-input\":{\"@type\":\"PropertyValueSpecification\",\"valueRequired\":true,\"valueName\":\"search_term_string\"}}],\"inLanguage\":\"fr-FR\"},{\"@type\":\"NewsMediaOrganization\",\"@id\":\"https:\/\/dicodusport.fr\/blog\/#organization\",\"name\":\"Dicodusport\",\"url\":\"https:\/\/dicodusport.fr\/blog\/\",\"logo\":{\"@type\":\"ImageObject\",\"inLanguage\":\"fr-FR\",\"@id\":\"https:\/\/dicodusport.fr\/blog\/#\/schema\/logo\/image\/\",\"url\":\"https:\/\/dicodusport.fr\/blog\/wp-content\/uploads\/2020\/06\/cropped-LOGO-DICODUSPORT-2020-SANS-FOND-SANS-TEXTE.png\",\"contentUrl\":\"https:\/\/dicodusport.fr\/blog\/wp-content\/uploads\/2020\/06\/cropped-LOGO-DICODUSPORT-2020-SANS-FOND-SANS-TEXTE.png\",\"width\":512,\"height\":512,\"caption\":\"Dicodusport\"},\"image\":{\"@id\":\"https:\/\/dicodusport.fr\/blog\/#\/schema\/logo\/image\/\"},\"sameAs\":[\"https:\/\/www.facebook.com\/dicodusport\",\"https:\/\/x.com\/dicodusport\",\"https:\/\/www.instagram.com\/dicodusport\/\",\"https:\/\/www.youtube.com\/channel\/UC7V2KZ5sd3htJivAbA4ZG3w\"],\"description\":\"Dicodusport est l'encyclop\u00e9die de l'actualit\u00e9 sportive.\",\"email\":\"bonjour@dicodusport.fr\",\"legalName\":\"DICODUSPORT\",\"foundingDate\":\"2018-01-14\",\"vatID\":\"FR71834470973\",\"taxID\":\"83447097300043\",\"numberOfEmployees\":{\"@type\":\"QuantitativeValue\",\"minValue\":\"1\",\"maxValue\":\"10\"}},{\"@type\":\"Person\",\"@id\":\"https:\/\/dicodusport.fr\/blog\/#\/schema\/person\/c0d35c220c4e79773da9e19a595ab67c\",\"name\":\"Th\u00e9o Gripon Auer\",\"image\":{\"@type\":\"ImageObject\",\"inLanguage\":\"fr-FR\",\"@id\":\"https:\/\/dicodusport.fr\/blog\/#\/schema\/person\/image\/\",\"url\":\"https:\/\/dicodusport.fr\/blog\/wp-content\/uploads\/2025\/02\/Maillot-Dicodusport-Theo-150x150.png\",\"contentUrl\":\"https:\/\/dicodusport.fr\/blog\/wp-content\/uploads\/2025\/02\/Maillot-Dicodusport-Theo-150x150.png\",\"caption\":\"Th\u00e9o Gripon Auer\"},\"description\":\"Partag\u00e9 entre la passion du sport et celle de l\u2019\u00e9criture, je f\u00e9d\u00e8re les deux au service de Dicodusport. Un poil frustr\u00e9 de ne pas avoir r\u00e9ussi \u00e0 devenir sportif pro, alors que je ne me suis jamais fait les crois\u00e9s, je partage tout de m\u00eame un point commun avec Tadej Pogacar, Cristiano Ronaldo et John McEnroe : celui de n\u2019avoir jamais \u00e9t\u00e9 champion olympique.\",\"url\":\"https:\/\/dicodusport.fr\/blog\/author\/theo-gripon-auer\/\"}]}<\/script>\n<!-- \/ Yoast SEO Premium plugin. -->","yoast_head_json":{"title":"Tour de France 2025 : Les 5 \u00e9tapes \u00e0 ne pas manquer","description":"Bretagne, Massif Central, Alpes, Pyr\u00e9n\u00e9es : retrouvez les 5 \u00e9tapes \u00e0 ne pas manquer sur le Tour de France 2025.","robots":{"index":"index","follow":"follow","max-snippet":"max-snippet:-1","max-image-preview":"max-image-preview:large","max-video-preview":"max-video-preview:-1"},"canonical":"https:\/\/dicodusport.fr\/blog\/tour-de-france-2025-etapes-a-ne-pas-manquer\/","og_locale":"fr_FR","og_type":"article","og_title":"Tour de France 2025 : Les 5 \u00e9tapes \u00e0 ne pas manquer","og_description":"Bretagne, Massif Central, Alpes, Pyr\u00e9n\u00e9es : retrouvez les 5 \u00e9tapes \u00e0 ne pas manquer sur le Tour de France 2025.","og_url":"https:\/\/dicodusport.fr\/blog\/tour-de-france-2025-etapes-a-ne-pas-manquer\/","og_site_name":"Dicodusport","article_publisher":"https:\/\/www.facebook.com\/dicodusport","article_published_time":"2025-05-21T09:47:13+00:00","article_modified_time":"2025-05-21T09:47:36+00:00","og_image":[{"width":1200,"height":674,"url":"https:\/\/dicodusport.fr\/blog\/wp-content\/uploads\/2024\/10\/Tour-de-France-2025-Les-5-etapes-a-ne-pas-manquer.png","type":"image\/png"}],"author":"Th\u00e9o Gripon Auer","twitter_card":"summary_large_image","twitter_title":"Tour de France 2025 : Les 5 \u00e9tapes \u00e0 ne pas manquer","twitter_creator":"@dicodusport","twitter_site":"@dicodusport","schema":{"@context":"https:\/\/schema.org","@graph":[{"@type":"NewsArticle","@id":"https:\/\/dicodusport.fr\/blog\/tour-de-france-2025-etapes-a-ne-pas-manquer\/#article","isPartOf":{"@id":"https:\/\/dicodusport.fr\/blog\/tour-de-france-2025-etapes-a-ne-pas-manquer\/"},"author":{"name":"Th\u00e9o Gripon Auer","@id":"https:\/\/dicodusport.fr\/blog\/#\/schema\/person\/c0d35c220c4e79773da9e19a595ab67c"},"headline":"Tour de France 2025 : Les 5 \u00e9tapes \u00e0 ne pas manquer","datePublished":"2025-05-21T09:47:13+00:00","dateModified":"2025-05-21T09:47:36+00:00","mainEntityOfPage":{"@id":"https:\/\/dicodusport.fr\/blog\/tour-de-france-2025-etapes-a-ne-pas-manquer\/"},"wordCount":1237,"commentCount":0,"publisher":{"@id":"https:\/\/dicodusport.fr\/blog\/#organization"},"image":{"@id":"https:\/\/dicodusport.fr\/blog\/tour-de-france-2025-etapes-a-ne-pas-manquer\/#primaryimage"},"thumbnailUrl":"https:\/\/dicodusport.fr\/blog\/wp-content\/uploads\/2024\/10\/Tour-de-France-2025-Les-5-etapes-a-ne-pas-manquer.png","keywords":["actu","br\u00e8ve"],"articleSection":["Tour de France"],"inLanguage":"fr-FR","potentialAction":[{"@type":"CommentAction","name":"Comment","target":["https:\/\/dicodusport.fr\/blog\/tour-de-france-2025-etapes-a-ne-pas-manquer\/#respond"]}],"copyrightYear":"2025","copyrightHolder":{"@id":"https:\/\/dicodusport.fr\/blog\/#organization"}},{"@type":"WebPage","@id":"https:\/\/dicodusport.fr\/blog\/tour-de-france-2025-etapes-a-ne-pas-manquer\/","url":"https:\/\/dicodusport.fr\/blog\/tour-de-france-2025-etapes-a-ne-pas-manquer\/","name":"Tour de France 2025 : Les 5 \u00e9tapes \u00e0 ne pas manquer","isPartOf":{"@id":"https:\/\/dicodusport.fr\/blog\/#website"},"primaryImageOfPage":{"@id":"https:\/\/dicodusport.fr\/blog\/tour-de-france-2025-etapes-a-ne-pas-manquer\/#primaryimage"},"image":{"@id":"https:\/\/dicodusport.fr\/blog\/tour-de-france-2025-etapes-a-ne-pas-manquer\/#primaryimage"},"thumbnailUrl":"https:\/\/dicodusport.fr\/blog\/wp-content\/uploads\/2024\/10\/Tour-de-France-2025-Les-5-etapes-a-ne-pas-manquer.png","datePublished":"2025-05-21T09:47:13+00:00","dateModified":"2025-05-21T09:47:36+00:00","description":"Bretagne, Massif Central, Alpes, Pyr\u00e9n\u00e9es : retrouvez les 5 \u00e9tapes \u00e0 ne pas manquer sur le Tour de France 2025.","breadcrumb":{"@id":"https:\/\/dicodusport.fr\/blog\/tour-de-france-2025-etapes-a-ne-pas-manquer\/#breadcrumb"},"inLanguage":"fr-FR","potentialAction":[{"@type":"ReadAction","target":["https:\/\/dicodusport.fr\/blog\/tour-de-france-2025-etapes-a-ne-pas-manquer\/"]}]},{"@type":"ImageObject","inLanguage":"fr-FR","@id":"https:\/\/dicodusport.fr\/blog\/tour-de-france-2025-etapes-a-ne-pas-manquer\/#primaryimage","url":"https:\/\/dicodusport.fr\/blog\/wp-content\/uploads\/2024\/10\/Tour-de-France-2025-Les-5-etapes-a-ne-pas-manquer.png","contentUrl":"https:\/\/dicodusport.fr\/blog\/wp-content\/uploads\/2024\/10\/Tour-de-France-2025-Les-5-etapes-a-ne-pas-manquer.png","width":1200,"height":674,"caption":"Tour de France 2025 Les 5 \u00e9tapes \u00e0 ne pas manquer"},{"@type":"BreadcrumbList","@id":"https:\/\/dicodusport.fr\/blog\/tour-de-france-2025-etapes-a-ne-pas-manquer\/#breadcrumb","itemListElement":[{"@type":"ListItem","position":1,"name":"Accueil","item":"https:\/\/dicodusport.fr\/blog\/"},{"@type":"ListItem","position":2,"name":"Tour de France 2025 : Les 5 \u00e9tapes \u00e0 ne pas manquer"}]},{"@type":"WebSite","@id":"https:\/\/dicodusport.fr\/blog\/#website","url":"https:\/\/dicodusport.fr\/blog\/","name":"Dicodusport","description":"L&#039;encyclop\u00e9die de l&#039;actualit\u00e9 sportive","publisher":{"@id":"https:\/\/dicodusport.fr\/blog\/#organization"},"potentialAction":[{"@type":"SearchAction","target":{"@type":"EntryPoint","urlTemplate":"https:\/\/dicodusport.fr\/blog\/?s={search_term_string}"},"query-input":{"@type":"PropertyValueSpecification","valueRequired":true,"valueName":"search_term_string"}}],"inLanguage":"fr-FR"},{"@type":"NewsMediaOrganization","@id":"https:\/\/dicodusport.fr\/blog\/#organization","name":"Dicodusport","url":"https:\/\/dicodusport.fr\/blog\/","logo":{"@type":"ImageObject","inLanguage":"fr-FR","@id":"https:\/\/dicodusport.fr\/blog\/#\/schema\/logo\/image\/","url":"https:\/\/dicodusport.fr\/blog\/wp-content\/uploads\/2020\/06\/cropped-LOGO-DICODUSPORT-2020-SANS-FOND-SANS-TEXTE.png","contentUrl":"https:\/\/dicodusport.fr\/blog\/wp-content\/uploads\/2020\/06\/cropped-LOGO-DICODUSPORT-2020-SANS-FOND-SANS-TEXTE.png","width":512,"height":512,"caption":"Dicodusport"},"image":{"@id":"https:\/\/dicodusport.fr\/blog\/#\/schema\/logo\/image\/"},"sameAs":["https:\/\/www.facebook.com\/dicodusport","https:\/\/x.com\/dicodusport","https:\/\/www.instagram.com\/dicodusport\/","https:\/\/www.youtube.com\/channel\/UC7V2KZ5sd3htJivAbA4ZG3w"],"description":"Dicodusport est l'encyclop\u00e9die de l'actualit\u00e9 sportive.","email":"bonjour@dicodusport.fr","legalName":"DICODUSPORT","foundingDate":"2018-01-14","vatID":"FR71834470973","taxID":"83447097300043","numberOfEmployees":{"@type":"QuantitativeValue","minValue":"1","maxValue":"10"}},{"@type":"Person","@id":"https:\/\/dicodusport.fr\/blog\/#\/schema\/person\/c0d35c220c4e79773da9e19a595ab67c","name":"Th\u00e9o Gripon Auer","image":{"@type":"ImageObject","inLanguage":"fr-FR","@id":"https:\/\/dicodusport.fr\/blog\/#\/schema\/person\/image\/","url":"https:\/\/dicodusport.fr\/blog\/wp-content\/uploads\/2025\/02\/Maillot-Dicodusport-Theo-150x150.png","contentUrl":"https:\/\/dicodusport.fr\/blog\/wp-content\/uploads\/2025\/02\/Maillot-Dicodusport-Theo-150x150.png","caption":"Th\u00e9o Gripon Auer"},"description":"Partag\u00e9 entre la passion du sport et celle de l\u2019\u00e9criture, je f\u00e9d\u00e8re les deux au service de Dicodusport. Un poil frustr\u00e9 de ne pas avoir r\u00e9ussi \u00e0 devenir sportif pro, alors que je ne me suis jamais fait les crois\u00e9s, je partage tout de m\u00eame un point commun avec Tadej Pogacar, Cristiano Ronaldo et John McEnroe : celui de n\u2019avoir jamais \u00e9t\u00e9 champion olympique.","url":"https:\/\/dicodusport.fr\/blog\/author\/theo-gripon-auer\/"}]}},"_links":{"self":[{"href":"https:\/\/dicodusport.fr\/blog\/wp-json\/wp\/v2\/posts\/529868","targetHints":{"allow":["GET"]}}],"collection":[{"href":"https:\/\/dicodusport.fr\/blog\/wp-json\/wp\/v2\/posts"}],"about":[{"href":"https:\/\/dicodusport.fr\/blog\/wp-json\/wp\/v2\/types\/post"}],"author":[{"embeddable":true,"href":"https:\/\/dicodusport.fr\/blog\/wp-json\/wp\/v2\/users\/107"}],"replies":[{"embeddable":true,"href":"https:\/\/dicodusport.fr\/blog\/wp-json\/wp\/v2\/comments?post=529868"}],"version-history":[{"count":5,"href":"https:\/\/dicodusport.fr\/blog\/wp-json\/wp\/v2\/posts\/529868\/revisions"}],"predecessor-version":[{"id":580629,"href":"https:\/\/dicodusport.fr\/blog\/wp-json\/wp\/v2\/posts\/529868\/revisions\/580629"}],"wp:featuredmedia":[{"embeddable":true,"href":"https:\/\/dicodusport.fr\/blog\/wp-json\/wp\/v2\/media\/529894"}],"wp:attachment":[{"href":"https:\/\/dicodusport.fr\/blog\/wp-json\/wp\/v2\/media?parent=529868"}],"wp:term":[{"taxonomy":"category","embeddable":true,"href":"https:\/\/dicodusport.fr\/blog\/wp-json\/wp\/v2\/categories?post=529868"},{"taxonomy":"post_tag","embeddable":true,"href":"https:\/\/dicodusport.fr\/blog\/wp-json\/wp\/v2\/tags?post=529868"}],"curies":[{"name":"wp","href":"https:\/\/api.w.org\/{rel}","templated":true}]}}