{"id":529939,"date":"2024-10-29T23:01:03","date_gmt":"2024-10-29T22:01:03","guid":{"rendered":"https:\/\/dicodusport.fr\/blog\/?p=529939&#038;preview=true&#038;preview_id=529939"},"modified":"2024-10-29T23:17:03","modified_gmt":"2024-10-29T22:17:03","slug":"football-fin-de-serie-pour-les-bleues-contre-la-suisse","status":"publish","type":"post","link":"https:\/\/dicodusport.fr\/blog\/football-fin-de-serie-pour-les-bleues-contre-la-suisse\/","title":{"rendered":"Football : Fin de s\u00e9rie pour les Bleues contre la Suisse"},"content":{"rendered":"<h4 style=\"text-align: justify;\"><em>FOOTBALL &#8211; L&rsquo;\u00e9quipe de France restait sur une s\u00e9rie de huit matchs sans d\u00e9faite contre la Suisse. Celle-ci a pris fin ce soir alors que les Bleues ont bien du mal \u00e0 encha\u00eener deux victoires depuis quelques temps. Les absences et le manque de pr\u00e9cision auront cette fois eu raison des Fran\u00e7aises, battues 2-1 par la Nati.<\/em><\/h4>\n<p style=\"text-align: justify;\">Malgr\u00e9 une \u00e9quipe remani\u00e9e par la force des choses et les absences de nombre de joueuses \u00e0 l\u2019instar de <strong>Griedge Mbock<\/strong>, <strong>Sakina Karchaoui<\/strong>, <strong>Selma Bacha<\/strong> ou encore <strong>Marie-Antoinette Katoto<\/strong>, les Bleues avaient fait une belle impression contre la Jama\u00efque. Le rendez-vous contre la Suisse devait permettre \u00e0 la formation de <strong>Laurent Bonadei<\/strong> de perfectionner un peu les automatismes des jeunes Fran\u00e7aises venues garnir l\u2019effectif. Car oui, il y a encore pas mal de travail pour l\u2019\u00e9quipe de France.<\/p>\n<h2 style=\"text-align: justify;\">L\u2019\u00e9quipe de France surprise par la Nati<\/h2>\n<p style=\"text-align: justify;\">Malgr\u00e9 un pressing intense d\u00e9clench\u00e9 d\u00e8s le coup d\u2019envoi par les Bleues, la finition n\u2019\u00e9tait pas une r\u00e9ussite. Un peu de pr\u00e9cipitation et de maladresse dans les transmissions et les occasions se comptaient sur les doigts d\u2019une main. Et encore, l\u2019\u00e9quipe de France s\u2019en sortait bien sur une faute de <strong>Cindy Caputo<\/strong> probablement dans la surface mais annonc\u00e9e \u00e0 l\u2019ext\u00e9rieure par l\u2019arbitre de la rencontre (5\u2032). Mais sur un corner suisse un quart d\u2019heure plus tard, <strong>Silvia Gasperotti<\/strong> ne r\u00e9fl\u00e9chissait pas pour indiquer le point de penalty, signalant une main de <strong>Kelly Gago<\/strong>. Si la d\u00e9cision paraissait encore un peu litigieuse, Bachmann laissait sur place <strong>Constance Picaud<\/strong> et permettait \u00e0 la Nati de prendre les commandes.<\/p>\n<p style=\"text-align: justify;\">Malchanceuse sur l\u2019ouverture du score suisse, <strong>Kelly Gago<\/strong> allait se rattraper la demi-heure de jeu pass\u00e9e. Trouv\u00e9e en profondeur par <strong>Kenza Dali<\/strong>, <strong>Julie Dufour<\/strong> centrait en direction de <strong>Caputo<\/strong>. Si la St\u00e9phanoise manquait sa reprise, sa frappe arrivait dans les pieds de l\u2019attaquante du FC Nantes qui reprenait instantan\u00e9ment, 1-1. La mi-temps en approche, la fatigue se faisait de plus en plus pr\u00e9sente dans les jambes suisses mais les Bleues ne parvenaient pas \u00e0 en profiter. On s\u2019attendait \u00e0 voir un peu de changements dans la formation tricolore au retour des vestiaires alors que le score restait nul \u00e0 cet instant.<\/p>\n<blockquote class=\"twitter-tweet\">\n<p dir=\"ltr\" lang=\"fr\">C&rsquo;est la pause \u23f8\ufe0f<br \/>\nD\u2019abord men\u00e9es nos Bleues ont su \u00e9galiser, il reste 45min pour aller chercher la victoire \ud83d\udc4a<\/p>\n<p>\ud83c\udde8\ud83c\udded1-1\ud83c\uddeb\ud83c\uddf7 | <a href=\"https:\/\/twitter.com\/hashtag\/SUIFRA?src=hash&amp;ref_src=twsrc%5Etfw\">#SUIFRA<\/a> | <a href=\"https:\/\/twitter.com\/hashtag\/FiersdetreBleues?src=hash&amp;ref_src=twsrc%5Etfw\">#FiersdetreBleues<\/a> <a href=\"https:\/\/t.co\/ym7A5ZUl4l\">pic.twitter.com\/ym7A5ZUl4l<\/a><\/p>\n<p>\u2014 Equipe de France F\u00e9minine (@equipedefranceF) <a href=\"https:\/\/twitter.com\/equipedefranceF\/status\/1851365895484162486?ref_src=twsrc%5Etfw\">October 29, 2024<\/a><\/p><\/blockquote>\n<p><script async src=\"https:\/\/platform.twitter.com\/widgets.js\" charset=\"utf-8\"><\/script><\/p>\n<h2 style=\"text-align: justify;\">Fin de s\u00e9rie pour les Bleues<\/h2>\n<p style=\"text-align: justify;\">Et effectivement, il y avait pas mal de rotations effectu\u00e9es. Pas d\u2019<strong>Eug\u00e9nie Le Sommer<\/strong>, touch\u00e9e musculairement contre la Jama\u00efque, mais pas moins de quatre entrantes dont <strong>Kadidiatou Diani<\/strong> et <strong>Grace Geyoro<\/strong>. \u00c7a vivifiait davantage le jeu tricolore et les Bleues reprenaient des couleurs. Mais sur un contre express, les Suissesses surprenaient leurs adversaires. Lanc\u00e9e par Vallotto, <strong>Naomi Luyet<\/strong> crochetait avant d\u2019envoyer la gonfle sous la transversale de Picaud. Une magnifique inspiration de la jeune joueuse de 18 ans qui donnait encore l\u2019avantage \u00e0 la Suisse.<\/p>\n<blockquote class=\"twitter-tweet\">\n<p dir=\"ltr\" lang=\"fr\">MAIS C\u2019EST QUOI CE BUT !! \ud83e\udd2f<\/p>\n<p>Quelle frappe enroul\u00e9e de la jeune Naomi Luyet (18 ans) face aux Bleues. \u2728\ud83c\udde8\ud83c\udded<\/p>\n<p>Magnifique. \ud83d\udc4f\ud83c\udffb<a href=\"https:\/\/t.co\/mzJBX6poBf\">pic.twitter.com\/mzJBX6poBf<\/a><\/p>\n<p>\u2014 Premi\u00e8re Ligue Reporter (@clem_reporter) <a href=\"https:\/\/twitter.com\/clem_reporter\/status\/1851375634939007097?ref_src=twsrc%5Etfw\">October 29, 2024<\/a><\/p><\/blockquote>\n<p><script async src=\"https:\/\/platform.twitter.com\/widgets.js\" charset=\"utf-8\"><\/script><\/p>\n<p style=\"text-align: justify;\">Repartant \u00e0 l\u2019abordage, l\u2019\u00e9quipe de France avait bien les opportunit\u00e9s pour recoller. Mais Herzog \u00e9tait vigilante sur le centre de Le Guilly (63\u2032) et Diani \u00e9tait trop courte pour reprendre celui de <strong>Julie Dufour<\/strong> (64\u2032). Pas loin du K.O sur une tentative de Lehmann, contr\u00e9e et sauv\u00e9e sur la ligne par leur gardienne, les Bleues poursuivaient leurs efforts. Mais \u00e0 l\u2019image du coup de t\u00eate de <strong>Vicki Becho<\/strong> \u00e0 vingt minutes du terme, l\u2019impr\u00e9cision r\u00e9gnait.<\/p>\n<p style=\"text-align: justify;\">C\u2019est un nouveau coup d\u2019arr\u00eat pour l\u2019\u00e9quipe de France qui n\u2019arrive pas \u00e0 encha\u00eener deux victoires depuis mai 2024 et s\u2019incline pour la premi\u00e8re fois contre la Nati depuis\u20262002. Pass\u00e9e <a href=\"https:\/\/dicodusport.fr\/blog\/football-les-bleues-dominent-la-jamaique-pour-la-premiere-de-laurent-bonadei\/\">l&rsquo;euphorie de la premi\u00e8re victoire sous l&rsquo;\u00e8re Bonadei<\/a>, les Bleues auront une nouvelle occasion de se jauger dans quelques semaines contre les championnes du monde espagnoles. Encore un rang au-dessus.<\/p>\n<blockquote class=\"twitter-tweet\">\n<p dir=\"ltr\" lang=\"fr\">C&rsquo;est termin\u00e9 \ud83d\udd1a<\/p>\n<p>Nos Bleues s\u2019inclinent en Suisse.<\/p>\n<p>\ud83c\udde8\ud83c\udded2-1\ud83c\uddeb\ud83c\uddf7 | <a href=\"https:\/\/twitter.com\/hashtag\/SUIFRA?src=hash&amp;ref_src=twsrc%5Etfw\">#SUIFRA<\/a> | <a href=\"https:\/\/twitter.com\/hashtag\/FiersdetreBleues?src=hash&amp;ref_src=twsrc%5Etfw\">#FiersdetreBleues<\/a> <a href=\"https:\/\/t.co\/0KK1tq5qVx\">pic.twitter.com\/0KK1tq5qVx<\/a><\/p>\n<p>\u2014 Equipe de France F\u00e9minine (@equipedefranceF) <a href=\"https:\/\/twitter.com\/equipedefranceF\/status\/1851382725493526934?ref_src=twsrc%5Etfw\">October 29, 2024<\/a><\/p><\/blockquote>\n<p><script async src=\"https:\/\/platform.twitter.com\/widgets.js\" charset=\"utf-8\"><\/script><\/p>\n","protected":false},"excerpt":{"rendered":"<p>FOOTBALL &#8211; Fin de s\u00e9rie pour l&rsquo;\u00e9quipe de France contre la Suisse. Les Bleues se sont inclin\u00e9es 2-1 en amical contre la Nati.<\/p>\n","protected":false},"author":18,"featured_media":529951,"comment_status":"open","ping_status":"closed","sticky":false,"template":"","format":"standard","meta":{"_acf_changed":false,"_daextam_enable_autolinks":"1","footnotes":""},"categories":[2301],"tags":[16878,7104,75,24],"class_list":["post-529939","post","type-post","status-publish","format-standard","has-post-thumbnail","hentry","category-football","tag-breve","tag-equipe-de-france-feminine","tag-football","tag-sport"],"acf":[],"yoast_head":"<!-- This site is optimized with the Yoast SEO Premium plugin v26.7 (Yoast SEO v26.7) - https:\/\/yoast.com\/wordpress\/plugins\/seo\/ -->\n<title>Football : Fin de s\u00e9rie pour les Bleues contre la Suisse<\/title>\n<meta name=\"description\" content=\"FOOTBALL - Fin de s\u00e9rie pour l&#039;\u00e9quipe de France contre la Suisse. Les Bleues se sont inclin\u00e9es 2-1 en amical contre la Nati.\" \/>\n<meta name=\"robots\" content=\"index, follow, max-snippet:-1, max-image-preview:large, max-video-preview:-1\" \/>\n<link rel=\"canonical\" href=\"https:\/\/dicodusport.fr\/blog\/football-fin-de-serie-pour-les-bleues-contre-la-suisse\/\" \/>\n<meta property=\"og:locale\" content=\"fr_FR\" \/>\n<meta property=\"og:type\" content=\"article\" \/>\n<meta property=\"og:title\" content=\"Football : Fin de s\u00e9rie pour les Bleues contre la Suisse\" \/>\n<meta property=\"og:description\" content=\"FOOTBALL - Fin de s\u00e9rie pour l&#039;\u00e9quipe de France contre la Suisse. Les Bleues se sont inclin\u00e9es 2-1 en amical contre la Nati.\" \/>\n<meta property=\"og:url\" content=\"https:\/\/dicodusport.fr\/blog\/football-fin-de-serie-pour-les-bleues-contre-la-suisse\/\" \/>\n<meta property=\"og:site_name\" content=\"Dicodusport\" \/>\n<meta property=\"article:publisher\" content=\"https:\/\/www.facebook.com\/dicodusport\" \/>\n<meta property=\"article:author\" content=\"https:\/\/www.facebook.com\/soocube\" \/>\n<meta property=\"article:published_time\" content=\"2024-10-29T22:01:03+00:00\" \/>\n<meta property=\"article:modified_time\" content=\"2024-10-29T22:17:03+00:00\" \/>\n<meta property=\"og:image\" content=\"https:\/\/dicodusport.fr\/blog\/wp-content\/uploads\/2024\/10\/Football-Fin-de-serie-pour-les-Bleues-contre-la-Suisse.png\" \/>\n\t<meta property=\"og:image:width\" content=\"1200\" \/>\n\t<meta property=\"og:image:height\" content=\"674\" \/>\n\t<meta property=\"og:image:type\" content=\"image\/png\" \/>\n<meta name=\"author\" content=\"Sophie Clapier\" \/>\n<meta name=\"twitter:card\" content=\"summary_large_image\" \/>\n<meta name=\"twitter:title\" content=\"Football : Fin de s\u00e9rie pour les Bleues contre la Suisse\" \/>\n<meta name=\"twitter:creator\" content=\"@https:\/\/twitter.com\/soocube\" \/>\n<meta name=\"twitter:site\" content=\"@dicodusport\" \/>\n<script type=\"application\/ld+json\" class=\"yoast-schema-graph\">{\"@context\":\"https:\/\/schema.org\",\"@graph\":[{\"@type\":\"NewsArticle\",\"@id\":\"https:\/\/dicodusport.fr\/blog\/football-fin-de-serie-pour-les-bleues-contre-la-suisse\/#article\",\"isPartOf\":{\"@id\":\"https:\/\/dicodusport.fr\/blog\/football-fin-de-serie-pour-les-bleues-contre-la-suisse\/\"},\"author\":{\"name\":\"Sophie Clapier\",\"@id\":\"https:\/\/dicodusport.fr\/blog\/#\/schema\/person\/416c975648aca9da8839bdfe333a21c9\"},\"headline\":\"Football : Fin de s\u00e9rie pour les Bleues contre la Suisse\",\"datePublished\":\"2024-10-29T22:01:03+00:00\",\"dateModified\":\"2024-10-29T22:17:03+00:00\",\"mainEntityOfPage\":{\"@id\":\"https:\/\/dicodusport.fr\/blog\/football-fin-de-serie-pour-les-bleues-contre-la-suisse\/\"},\"wordCount\":743,\"commentCount\":0,\"publisher\":{\"@id\":\"https:\/\/dicodusport.fr\/blog\/#organization\"},\"image\":{\"@id\":\"https:\/\/dicodusport.fr\/blog\/football-fin-de-serie-pour-les-bleues-contre-la-suisse\/#primaryimage\"},\"thumbnailUrl\":\"https:\/\/dicodusport.fr\/blog\/wp-content\/uploads\/2024\/10\/Football-Fin-de-serie-pour-les-Bleues-contre-la-Suisse.png\",\"keywords\":[\"br\u00e8ve\",\"Equipe de France f\u00e9minine\",\"Football\",\"sport\"],\"articleSection\":[\"Football\"],\"inLanguage\":\"fr-FR\",\"potentialAction\":[{\"@type\":\"CommentAction\",\"name\":\"Comment\",\"target\":[\"https:\/\/dicodusport.fr\/blog\/football-fin-de-serie-pour-les-bleues-contre-la-suisse\/#respond\"]}],\"copyrightYear\":\"2024\",\"copyrightHolder\":{\"@id\":\"https:\/\/dicodusport.fr\/blog\/#organization\"}},{\"@type\":\"WebPage\",\"@id\":\"https:\/\/dicodusport.fr\/blog\/football-fin-de-serie-pour-les-bleues-contre-la-suisse\/\",\"url\":\"https:\/\/dicodusport.fr\/blog\/football-fin-de-serie-pour-les-bleues-contre-la-suisse\/\",\"name\":\"Football : Fin de s\u00e9rie pour les Bleues contre la Suisse\",\"isPartOf\":{\"@id\":\"https:\/\/dicodusport.fr\/blog\/#website\"},\"primaryImageOfPage\":{\"@id\":\"https:\/\/dicodusport.fr\/blog\/football-fin-de-serie-pour-les-bleues-contre-la-suisse\/#primaryimage\"},\"image\":{\"@id\":\"https:\/\/dicodusport.fr\/blog\/football-fin-de-serie-pour-les-bleues-contre-la-suisse\/#primaryimage\"},\"thumbnailUrl\":\"https:\/\/dicodusport.fr\/blog\/wp-content\/uploads\/2024\/10\/Football-Fin-de-serie-pour-les-Bleues-contre-la-Suisse.png\",\"datePublished\":\"2024-10-29T22:01:03+00:00\",\"dateModified\":\"2024-10-29T22:17:03+00:00\",\"description\":\"FOOTBALL - Fin de s\u00e9rie pour l'\u00e9quipe de France contre la Suisse. Les Bleues se sont inclin\u00e9es 2-1 en amical contre la Nati.\",\"breadcrumb\":{\"@id\":\"https:\/\/dicodusport.fr\/blog\/football-fin-de-serie-pour-les-bleues-contre-la-suisse\/#breadcrumb\"},\"inLanguage\":\"fr-FR\",\"potentialAction\":[{\"@type\":\"ReadAction\",\"target\":[\"https:\/\/dicodusport.fr\/blog\/football-fin-de-serie-pour-les-bleues-contre-la-suisse\/\"]}]},{\"@type\":\"ImageObject\",\"inLanguage\":\"fr-FR\",\"@id\":\"https:\/\/dicodusport.fr\/blog\/football-fin-de-serie-pour-les-bleues-contre-la-suisse\/#primaryimage\",\"url\":\"https:\/\/dicodusport.fr\/blog\/wp-content\/uploads\/2024\/10\/Football-Fin-de-serie-pour-les-Bleues-contre-la-Suisse.png\",\"contentUrl\":\"https:\/\/dicodusport.fr\/blog\/wp-content\/uploads\/2024\/10\/Football-Fin-de-serie-pour-les-Bleues-contre-la-Suisse.png\",\"width\":1200,\"height\":674,\"caption\":\"Football Fin de s\u00e9rie pour les Bleues contre la Suisse\"},{\"@type\":\"BreadcrumbList\",\"@id\":\"https:\/\/dicodusport.fr\/blog\/football-fin-de-serie-pour-les-bleues-contre-la-suisse\/#breadcrumb\",\"itemListElement\":[{\"@type\":\"ListItem\",\"position\":1,\"name\":\"Accueil\",\"item\":\"https:\/\/dicodusport.fr\/blog\/\"},{\"@type\":\"ListItem\",\"position\":2,\"name\":\"Football : Fin de s\u00e9rie pour les Bleues contre la Suisse\"}]},{\"@type\":\"WebSite\",\"@id\":\"https:\/\/dicodusport.fr\/blog\/#website\",\"url\":\"https:\/\/dicodusport.fr\/blog\/\",\"name\":\"Dicodusport\",\"description\":\"L&#039;encyclop\u00e9die de l&#039;actualit\u00e9 sportive\",\"publisher\":{\"@id\":\"https:\/\/dicodusport.fr\/blog\/#organization\"},\"potentialAction\":[{\"@type\":\"SearchAction\",\"target\":{\"@type\":\"EntryPoint\",\"urlTemplate\":\"https:\/\/dicodusport.fr\/blog\/?s={search_term_string}\"},\"query-input\":{\"@type\":\"PropertyValueSpecification\",\"valueRequired\":true,\"valueName\":\"search_term_string\"}}],\"inLanguage\":\"fr-FR\"},{\"@type\":\"NewsMediaOrganization\",\"@id\":\"https:\/\/dicodusport.fr\/blog\/#organization\",\"name\":\"Dicodusport\",\"url\":\"https:\/\/dicodusport.fr\/blog\/\",\"logo\":{\"@type\":\"ImageObject\",\"inLanguage\":\"fr-FR\",\"@id\":\"https:\/\/dicodusport.fr\/blog\/#\/schema\/logo\/image\/\",\"url\":\"https:\/\/dicodusport.fr\/blog\/wp-content\/uploads\/2020\/06\/cropped-LOGO-DICODUSPORT-2020-SANS-FOND-SANS-TEXTE.png\",\"contentUrl\":\"https:\/\/dicodusport.fr\/blog\/wp-content\/uploads\/2020\/06\/cropped-LOGO-DICODUSPORT-2020-SANS-FOND-SANS-TEXTE.png\",\"width\":512,\"height\":512,\"caption\":\"Dicodusport\"},\"image\":{\"@id\":\"https:\/\/dicodusport.fr\/blog\/#\/schema\/logo\/image\/\"},\"sameAs\":[\"https:\/\/www.facebook.com\/dicodusport\",\"https:\/\/x.com\/dicodusport\",\"https:\/\/www.instagram.com\/dicodusport\/\",\"https:\/\/www.youtube.com\/channel\/UC7V2KZ5sd3htJivAbA4ZG3w\"],\"description\":\"Dicodusport est l'encyclop\u00e9die de l'actualit\u00e9 sportive.\",\"email\":\"bonjour@dicodusport.fr\",\"legalName\":\"DICODUSPORT\",\"foundingDate\":\"2018-01-14\",\"vatID\":\"FR71834470973\",\"taxID\":\"83447097300043\",\"numberOfEmployees\":{\"@type\":\"QuantitativeValue\",\"minValue\":\"1\",\"maxValue\":\"10\"}},{\"@type\":\"Person\",\"@id\":\"https:\/\/dicodusport.fr\/blog\/#\/schema\/person\/416c975648aca9da8839bdfe333a21c9\",\"name\":\"Sophie Clapier\",\"image\":{\"@type\":\"ImageObject\",\"inLanguage\":\"fr-FR\",\"@id\":\"https:\/\/dicodusport.fr\/blog\/#\/schema\/person\/image\/\",\"url\":\"https:\/\/dicodusport.fr\/blog\/wp-content\/uploads\/2021\/05\/Sophie-Clapier-150x150.jpg\",\"contentUrl\":\"https:\/\/dicodusport.fr\/blog\/wp-content\/uploads\/2021\/05\/Sophie-Clapier-150x150.jpg\",\"caption\":\"Sophie Clapier\"},\"description\":\"Journaliste\/r\u00e9dactrice depuis janvier 2016 - Passionn\u00e9e de sport depuis toujours, j\u2019en ai pratiqu\u00e9 quelques-uns. Judo, football, handball ou encore tennis, je n\u2019ai jamais pu me mettre d\u2019accord sur un en particulier. Mais \u00e7a, c\u2019\u00e9tait avant de d\u00e9couvrir le basket, devenu mon sport de pr\u00e9dilection. Les actions NBA, le All-Star Week-end, la fureur des Game 7 pendant les playoffs ou mieux, lors des Finals, this is why we play. Team Spurs T.P, je m\u2019accroche encore \u00e0 Gregg Popovich (don\u2019t leave !). Team chef Curry, je souhaite qu\u2019il finisse aux Warriors (staaaay !). Non, il n\u2019y a pas qu\u2019eux, des petits nouveaux -et des petites nouvelles \u00e9videmment- arrivent chaque jour dans toutes les disciplines et cr\u00e9ent de nouveaux exploits. Alors pour les grands \u00e9v\u00e9nements et comp\u00e9titions internationales, vive les pulsations 240\/minutes et le d\u00e9fibrillateur pas loin, et allez les Bleu(e)s ! C\u2019est s\u00fbr, j\u2019aurai plus vu ma vie sur un terrain de sport, mais \u00e0 d\u00e9faut d\u2019en faire en haut niveau, je le partage avec vous.\",\"sameAs\":[\"https:\/\/www.facebook.com\/soocube\",\"https:\/\/x.com\/https:\/\/twitter.com\/soocube\",\"admin\"],\"url\":\"https:\/\/dicodusport.fr\/blog\/author\/sophie\/\"}]}<\/script>\n<!-- \/ Yoast SEO Premium plugin. -->","yoast_head_json":{"title":"Football : Fin de s\u00e9rie pour les Bleues contre la Suisse","description":"FOOTBALL - Fin de s\u00e9rie pour l'\u00e9quipe de France contre la Suisse. Les Bleues se sont inclin\u00e9es 2-1 en amical contre la Nati.","robots":{"index":"index","follow":"follow","max-snippet":"max-snippet:-1","max-image-preview":"max-image-preview:large","max-video-preview":"max-video-preview:-1"},"canonical":"https:\/\/dicodusport.fr\/blog\/football-fin-de-serie-pour-les-bleues-contre-la-suisse\/","og_locale":"fr_FR","og_type":"article","og_title":"Football : Fin de s\u00e9rie pour les Bleues contre la Suisse","og_description":"FOOTBALL - Fin de s\u00e9rie pour l'\u00e9quipe de France contre la Suisse. Les Bleues se sont inclin\u00e9es 2-1 en amical contre la Nati.","og_url":"https:\/\/dicodusport.fr\/blog\/football-fin-de-serie-pour-les-bleues-contre-la-suisse\/","og_site_name":"Dicodusport","article_publisher":"https:\/\/www.facebook.com\/dicodusport","article_author":"https:\/\/www.facebook.com\/soocube","article_published_time":"2024-10-29T22:01:03+00:00","article_modified_time":"2024-10-29T22:17:03+00:00","og_image":[{"width":1200,"height":674,"url":"https:\/\/dicodusport.fr\/blog\/wp-content\/uploads\/2024\/10\/Football-Fin-de-serie-pour-les-Bleues-contre-la-Suisse.png","type":"image\/png"}],"author":"Sophie Clapier","twitter_card":"summary_large_image","twitter_title":"Football : Fin de s\u00e9rie pour les Bleues contre la Suisse","twitter_creator":"@https:\/\/twitter.com\/soocube","twitter_site":"@dicodusport","schema":{"@context":"https:\/\/schema.org","@graph":[{"@type":"NewsArticle","@id":"https:\/\/dicodusport.fr\/blog\/football-fin-de-serie-pour-les-bleues-contre-la-suisse\/#article","isPartOf":{"@id":"https:\/\/dicodusport.fr\/blog\/football-fin-de-serie-pour-les-bleues-contre-la-suisse\/"},"author":{"name":"Sophie Clapier","@id":"https:\/\/dicodusport.fr\/blog\/#\/schema\/person\/416c975648aca9da8839bdfe333a21c9"},"headline":"Football : Fin de s\u00e9rie pour les Bleues contre la Suisse","datePublished":"2024-10-29T22:01:03+00:00","dateModified":"2024-10-29T22:17:03+00:00","mainEntityOfPage":{"@id":"https:\/\/dicodusport.fr\/blog\/football-fin-de-serie-pour-les-bleues-contre-la-suisse\/"},"wordCount":743,"commentCount":0,"publisher":{"@id":"https:\/\/dicodusport.fr\/blog\/#organization"},"image":{"@id":"https:\/\/dicodusport.fr\/blog\/football-fin-de-serie-pour-les-bleues-contre-la-suisse\/#primaryimage"},"thumbnailUrl":"https:\/\/dicodusport.fr\/blog\/wp-content\/uploads\/2024\/10\/Football-Fin-de-serie-pour-les-Bleues-contre-la-Suisse.png","keywords":["br\u00e8ve","Equipe de France f\u00e9minine","Football","sport"],"articleSection":["Football"],"inLanguage":"fr-FR","potentialAction":[{"@type":"CommentAction","name":"Comment","target":["https:\/\/dicodusport.fr\/blog\/football-fin-de-serie-pour-les-bleues-contre-la-suisse\/#respond"]}],"copyrightYear":"2024","copyrightHolder":{"@id":"https:\/\/dicodusport.fr\/blog\/#organization"}},{"@type":"WebPage","@id":"https:\/\/dicodusport.fr\/blog\/football-fin-de-serie-pour-les-bleues-contre-la-suisse\/","url":"https:\/\/dicodusport.fr\/blog\/football-fin-de-serie-pour-les-bleues-contre-la-suisse\/","name":"Football : Fin de s\u00e9rie pour les Bleues contre la Suisse","isPartOf":{"@id":"https:\/\/dicodusport.fr\/blog\/#website"},"primaryImageOfPage":{"@id":"https:\/\/dicodusport.fr\/blog\/football-fin-de-serie-pour-les-bleues-contre-la-suisse\/#primaryimage"},"image":{"@id":"https:\/\/dicodusport.fr\/blog\/football-fin-de-serie-pour-les-bleues-contre-la-suisse\/#primaryimage"},"thumbnailUrl":"https:\/\/dicodusport.fr\/blog\/wp-content\/uploads\/2024\/10\/Football-Fin-de-serie-pour-les-Bleues-contre-la-Suisse.png","datePublished":"2024-10-29T22:01:03+00:00","dateModified":"2024-10-29T22:17:03+00:00","description":"FOOTBALL - Fin de s\u00e9rie pour l'\u00e9quipe de France contre la Suisse. Les Bleues se sont inclin\u00e9es 2-1 en amical contre la Nati.","breadcrumb":{"@id":"https:\/\/dicodusport.fr\/blog\/football-fin-de-serie-pour-les-bleues-contre-la-suisse\/#breadcrumb"},"inLanguage":"fr-FR","potentialAction":[{"@type":"ReadAction","target":["https:\/\/dicodusport.fr\/blog\/football-fin-de-serie-pour-les-bleues-contre-la-suisse\/"]}]},{"@type":"ImageObject","inLanguage":"fr-FR","@id":"https:\/\/dicodusport.fr\/blog\/football-fin-de-serie-pour-les-bleues-contre-la-suisse\/#primaryimage","url":"https:\/\/dicodusport.fr\/blog\/wp-content\/uploads\/2024\/10\/Football-Fin-de-serie-pour-les-Bleues-contre-la-Suisse.png","contentUrl":"https:\/\/dicodusport.fr\/blog\/wp-content\/uploads\/2024\/10\/Football-Fin-de-serie-pour-les-Bleues-contre-la-Suisse.png","width":1200,"height":674,"caption":"Football Fin de s\u00e9rie pour les Bleues contre la Suisse"},{"@type":"BreadcrumbList","@id":"https:\/\/dicodusport.fr\/blog\/football-fin-de-serie-pour-les-bleues-contre-la-suisse\/#breadcrumb","itemListElement":[{"@type":"ListItem","position":1,"name":"Accueil","item":"https:\/\/dicodusport.fr\/blog\/"},{"@type":"ListItem","position":2,"name":"Football : Fin de s\u00e9rie pour les Bleues contre la Suisse"}]},{"@type":"WebSite","@id":"https:\/\/dicodusport.fr\/blog\/#website","url":"https:\/\/dicodusport.fr\/blog\/","name":"Dicodusport","description":"L&#039;encyclop\u00e9die de l&#039;actualit\u00e9 sportive","publisher":{"@id":"https:\/\/dicodusport.fr\/blog\/#organization"},"potentialAction":[{"@type":"SearchAction","target":{"@type":"EntryPoint","urlTemplate":"https:\/\/dicodusport.fr\/blog\/?s={search_term_string}"},"query-input":{"@type":"PropertyValueSpecification","valueRequired":true,"valueName":"search_term_string"}}],"inLanguage":"fr-FR"},{"@type":"NewsMediaOrganization","@id":"https:\/\/dicodusport.fr\/blog\/#organization","name":"Dicodusport","url":"https:\/\/dicodusport.fr\/blog\/","logo":{"@type":"ImageObject","inLanguage":"fr-FR","@id":"https:\/\/dicodusport.fr\/blog\/#\/schema\/logo\/image\/","url":"https:\/\/dicodusport.fr\/blog\/wp-content\/uploads\/2020\/06\/cropped-LOGO-DICODUSPORT-2020-SANS-FOND-SANS-TEXTE.png","contentUrl":"https:\/\/dicodusport.fr\/blog\/wp-content\/uploads\/2020\/06\/cropped-LOGO-DICODUSPORT-2020-SANS-FOND-SANS-TEXTE.png","width":512,"height":512,"caption":"Dicodusport"},"image":{"@id":"https:\/\/dicodusport.fr\/blog\/#\/schema\/logo\/image\/"},"sameAs":["https:\/\/www.facebook.com\/dicodusport","https:\/\/x.com\/dicodusport","https:\/\/www.instagram.com\/dicodusport\/","https:\/\/www.youtube.com\/channel\/UC7V2KZ5sd3htJivAbA4ZG3w"],"description":"Dicodusport est l'encyclop\u00e9die de l'actualit\u00e9 sportive.","email":"bonjour@dicodusport.fr","legalName":"DICODUSPORT","foundingDate":"2018-01-14","vatID":"FR71834470973","taxID":"83447097300043","numberOfEmployees":{"@type":"QuantitativeValue","minValue":"1","maxValue":"10"}},{"@type":"Person","@id":"https:\/\/dicodusport.fr\/blog\/#\/schema\/person\/416c975648aca9da8839bdfe333a21c9","name":"Sophie Clapier","image":{"@type":"ImageObject","inLanguage":"fr-FR","@id":"https:\/\/dicodusport.fr\/blog\/#\/schema\/person\/image\/","url":"https:\/\/dicodusport.fr\/blog\/wp-content\/uploads\/2021\/05\/Sophie-Clapier-150x150.jpg","contentUrl":"https:\/\/dicodusport.fr\/blog\/wp-content\/uploads\/2021\/05\/Sophie-Clapier-150x150.jpg","caption":"Sophie Clapier"},"description":"Journaliste\/r\u00e9dactrice depuis janvier 2016 - Passionn\u00e9e de sport depuis toujours, j\u2019en ai pratiqu\u00e9 quelques-uns. Judo, football, handball ou encore tennis, je n\u2019ai jamais pu me mettre d\u2019accord sur un en particulier. Mais \u00e7a, c\u2019\u00e9tait avant de d\u00e9couvrir le basket, devenu mon sport de pr\u00e9dilection. Les actions NBA, le All-Star Week-end, la fureur des Game 7 pendant les playoffs ou mieux, lors des Finals, this is why we play. Team Spurs T.P, je m\u2019accroche encore \u00e0 Gregg Popovich (don\u2019t leave !). Team chef Curry, je souhaite qu\u2019il finisse aux Warriors (staaaay !). Non, il n\u2019y a pas qu\u2019eux, des petits nouveaux -et des petites nouvelles \u00e9videmment- arrivent chaque jour dans toutes les disciplines et cr\u00e9ent de nouveaux exploits. Alors pour les grands \u00e9v\u00e9nements et comp\u00e9titions internationales, vive les pulsations 240\/minutes et le d\u00e9fibrillateur pas loin, et allez les Bleu(e)s ! C\u2019est s\u00fbr, j\u2019aurai plus vu ma vie sur un terrain de sport, mais \u00e0 d\u00e9faut d\u2019en faire en haut niveau, je le partage avec vous.","sameAs":["https:\/\/www.facebook.com\/soocube","https:\/\/x.com\/https:\/\/twitter.com\/soocube","admin"],"url":"https:\/\/dicodusport.fr\/blog\/author\/sophie\/"}]}},"_links":{"self":[{"href":"https:\/\/dicodusport.fr\/blog\/wp-json\/wp\/v2\/posts\/529939","targetHints":{"allow":["GET"]}}],"collection":[{"href":"https:\/\/dicodusport.fr\/blog\/wp-json\/wp\/v2\/posts"}],"about":[{"href":"https:\/\/dicodusport.fr\/blog\/wp-json\/wp\/v2\/types\/post"}],"author":[{"embeddable":true,"href":"https:\/\/dicodusport.fr\/blog\/wp-json\/wp\/v2\/users\/18"}],"replies":[{"embeddable":true,"href":"https:\/\/dicodusport.fr\/blog\/wp-json\/wp\/v2\/comments?post=529939"}],"version-history":[{"count":5,"href":"https:\/\/dicodusport.fr\/blog\/wp-json\/wp\/v2\/posts\/529939\/revisions"}],"predecessor-version":[{"id":529956,"href":"https:\/\/dicodusport.fr\/blog\/wp-json\/wp\/v2\/posts\/529939\/revisions\/529956"}],"wp:featuredmedia":[{"embeddable":true,"href":"https:\/\/dicodusport.fr\/blog\/wp-json\/wp\/v2\/media\/529951"}],"wp:attachment":[{"href":"https:\/\/dicodusport.fr\/blog\/wp-json\/wp\/v2\/media?parent=529939"}],"wp:term":[{"taxonomy":"category","embeddable":true,"href":"https:\/\/dicodusport.fr\/blog\/wp-json\/wp\/v2\/categories?post=529939"},{"taxonomy":"post_tag","embeddable":true,"href":"https:\/\/dicodusport.fr\/blog\/wp-json\/wp\/v2\/tags?post=529939"}],"curies":[{"name":"wp","href":"https:\/\/api.w.org\/{rel}","templated":true}]}}