{"id":530632,"date":"2024-11-02T18:24:35","date_gmt":"2024-11-02T17:24:35","guid":{"rendered":"https:\/\/dicodusport.fr\/blog\/?p=530632&#038;preview=true&#038;preview_id=530632"},"modified":"2024-11-02T18:25:21","modified_gmt":"2024-11-02T17:25:21","slug":"patinage-artistique-adam-siao-him-fa-rafle-le-grand-prix-de-france-pour-la-troisieme-fois-de-rang","status":"publish","type":"post","link":"https:\/\/dicodusport.fr\/blog\/patinage-artistique-adam-siao-him-fa-rafle-le-grand-prix-de-france-pour-la-troisieme-fois-de-rang\/","title":{"rendered":"Patinage artistique : Adam Siao Him Fa rafle le Grand Prix de France pour la troisi\u00e8me fois de rang"},"content":{"rendered":"<p style=\"text-align: justify;\" align=\"justify\"><em><strong>PATINAGE ARTISTIQUE \u2013 Et de trois pour Adam Siao Him Fa ! Mal engag\u00e9 apr\u00e8s un programme court m\u00e9diocre la veille, le patineur tricolore a rectifi\u00e9 le tir lors du programme libre pour conserver son titre au Grand Prix de France.<\/strong><\/em><\/p>\n<p align=\"justify\">D\u00e9cid\u00e9ment, <strong>Adam Siao Him Fa<\/strong> se sent comme chez lui \u00e0 l&rsquo;<strong>IceParc d&rsquo;Angers<\/strong>. D\u00e9j\u00e0 vainqueur en 2022 et 2023, le patineur tricolore a r\u00e9cidiv\u00e9 lors du <strong>Grand Prix de France<\/strong> se d\u00e9roulant ce weekend. Comme bien souvent, ce dernier a r\u00e9alis\u00e9 une remont\u00e9e folle pour mettre la main sur l&rsquo;or.<\/p>\n<h2 align=\"justify\">Adam Siao Him Fa, sp\u00e9cialiste des remont\u00e9es folles<\/h2>\n<p align=\"justify\">En effet, samedi, le programme court avait \u00e9t\u00e9 extr\u00eamement compliqu\u00e9. Le Fran\u00e7ais a chut\u00e9 \u00e0 deux reprises, ce qui l&rsquo;a conduit \u00e0 une d\u00e9cevante 8e place. Cependant, ce n&rsquo;est pas la premi\u00e8re fois qu&rsquo;il se retrouvait dans une situation d\u00e9licate. Lors des mondiaux canadiens de mars dernier, il \u00e9tait parvenu \u00e0 arracher <a href=\"https:\/\/dicodusport.fr\/blog\/mondiaux-patinage-artistique-adam-siao-him-fa-en-bronze\/\">sa premi\u00e8re m\u00e9daille de bronze mondiale<\/a> en passant de la 19e \u00e0 la 3e place !<\/p>\n<p align=\"justify\">Cette fois, il n&rsquo;a pas eu besoin de gratter autant de places, mais son programme libre a encore \u00e9t\u00e9 d\u00e9terminant. Sur une composition de l&rsquo;inimitable Hans Zimmer, dans le cadre du film Dune,<strong> Adam Siao Him Fa<\/strong> a fait \u00e9talage de son talent, encha\u00eenant les figures avec propret\u00e9, pour convaincre les juges. Tout en envoyant son traditionnel <em>backflip<\/em>, toujours aussi impressionnant. Sa magnifique performance lui a permis de finalement l&#8217;emporter au total avec une bonne marge d&rsquo;avance sur son dauphin, <strong>Koshiro Shimada<\/strong> (246.58 contre 233.84). <strong>Andrew Torgashev<\/strong> compl\u00e8te le podium tandis que les autres fran\u00e7ais, <strong>Luc Economides <\/strong>et <strong>Fran\u00e7ois Pitot<\/strong>, terminent respectivement 10e et 12e.<\/p>\n<p align=\"justify\">En ce qui concerne le plateau femmes, l&rsquo;Am\u00e9ricaine <strong>Amber Glenn<\/strong> s&rsquo;est empar\u00e9e de la victoire. Les trois fran\u00e7aises engag\u00e9es (Lorine Schild, L\u00e9a Serna et Cl\u00e9mence Mayindu) n&rsquo;ont pas \u00e9t\u00e9 en mesure de peser sur l&rsquo;\u00e9preuve.<\/p>\n<blockquote class=\"twitter-tweet\">\n<p dir=\"ltr\" lang=\"en\">\u26f8\ufe0f <a href=\"https:\/\/twitter.com\/hashtag\/FigureSkating?src=hash&amp;ref_src=twsrc%5Etfw\">#FigureSkating<\/a> | \ud83c\udde8\ud83c\uddf5 La classique d&rsquo;Adam Siao Him Fa : le backflip \u2705<\/p>\n<p>\ud83d\udcfa Le direct : <a href=\"https:\/\/t.co\/IyotM3Fewj\">https:\/\/t.co\/IyotM3Fewj<\/a> <a href=\"https:\/\/t.co\/p8Fjemjhaa\">pic.twitter.com\/p8Fjemjhaa<\/a><\/p>\n<p>\u2014 francetvsport (@francetvsport) <a href=\"https:\/\/twitter.com\/francetvsport\/status\/1852743410106646627?ref_src=twsrc%5Etfw\">November 2, 2024<\/a><\/p><\/blockquote>\n<p><script async src=\"https:\/\/platform.twitter.com\/widgets.js\" charset=\"utf-8\"><\/script><\/p>\n","protected":false},"excerpt":{"rendered":"<p>PATINAGE ARTISTIQUE \u2013 Et de trois pour Adam Siao Him Fa ! Mal engag\u00e9 apr\u00e8s un programme court m\u00e9diocre la veille, le patineur tricolore a rectifi\u00e9 le tir lors du programme libre pour conserver son titre au Grand Prix de France.<\/p>\n","protected":false},"author":55,"featured_media":530646,"comment_status":"open","ping_status":"closed","sticky":false,"template":"","format":"standard","meta":{"_acf_changed":false,"_daextam_enable_autolinks":"1","footnotes":""},"categories":[9141],"tags":[27759,16878,4899,22823,2289],"class_list":["post-530632","post","type-post","status-publish","format-standard","has-post-thumbnail","hentry","category-patinage-artistique","tag-adam-siao-him-fa","tag-breve","tag-grand-prix-de-france","tag-iceparc","tag-patinage-artistique"],"acf":[],"yoast_head":"<!-- This site is optimized with the Yoast SEO Premium plugin v26.7 (Yoast SEO v26.7) - https:\/\/yoast.com\/wordpress\/plugins\/seo\/ -->\n<title>Patinage artistique : Adam Siao Him Fa rafle le Grand Prix de France pour la troisi\u00e8me fois de rang<\/title>\n<meta name=\"description\" content=\"PATINAGE ARTISTIQUE - Adam Siao Him Fa s&#039;est adjug\u00e9 le Grand Prix de France pour la troisi\u00e8me fois successivement, ce dimanche.\" \/>\n<meta name=\"robots\" content=\"index, follow, max-snippet:-1, max-image-preview:large, max-video-preview:-1\" \/>\n<link rel=\"canonical\" href=\"https:\/\/dicodusport.fr\/blog\/patinage-artistique-adam-siao-him-fa-rafle-le-grand-prix-de-france-pour-la-troisieme-fois-de-rang\/\" \/>\n<meta property=\"og:locale\" content=\"fr_FR\" \/>\n<meta property=\"og:type\" content=\"article\" \/>\n<meta property=\"og:title\" content=\"Patinage artistique : Adam Siao Him Fa rafle le Grand Prix de France pour la troisi\u00e8me fois de rang\" \/>\n<meta property=\"og:description\" content=\"PATINAGE ARTISTIQUE - Adam Siao Him Fa s&#039;est adjug\u00e9 le Grand Prix de France pour la troisi\u00e8me fois successivement, ce dimanche.\" \/>\n<meta property=\"og:url\" content=\"https:\/\/dicodusport.fr\/blog\/patinage-artistique-adam-siao-him-fa-rafle-le-grand-prix-de-france-pour-la-troisieme-fois-de-rang\/\" \/>\n<meta property=\"og:site_name\" content=\"Dicodusport\" \/>\n<meta property=\"article:publisher\" content=\"https:\/\/www.facebook.com\/dicodusport\" \/>\n<meta property=\"article:published_time\" content=\"2024-11-02T17:24:35+00:00\" \/>\n<meta property=\"article:modified_time\" content=\"2024-11-02T17:25:21+00:00\" \/>\n<meta property=\"og:image\" content=\"https:\/\/dicodusport.fr\/blog\/wp-content\/uploads\/2024\/11\/Patinage-artistique-Adam-Siao-Him-rafle-le-Grand-Prix-de-France-pour-la-troisieme-fois-de-rang.png\" \/>\n\t<meta property=\"og:image:width\" content=\"1200\" \/>\n\t<meta property=\"og:image:height\" content=\"674\" \/>\n\t<meta property=\"og:image:type\" content=\"image\/png\" \/>\n<meta name=\"author\" content=\"Maxime Cazenave\" \/>\n<meta name=\"twitter:card\" content=\"summary_large_image\" \/>\n<meta name=\"twitter:title\" content=\"Patinage artistique : Adam Siao Him Fa rafle le Grand Prix de France pour la troisi\u00e8me fois de rang\" \/>\n<meta name=\"twitter:creator\" content=\"@https:\/\/twitter.com\/Maxime_Caze\" \/>\n<meta name=\"twitter:site\" content=\"@dicodusport\" \/>\n<script type=\"application\/ld+json\" class=\"yoast-schema-graph\">{\"@context\":\"https:\/\/schema.org\",\"@graph\":[{\"@type\":\"NewsArticle\",\"@id\":\"https:\/\/dicodusport.fr\/blog\/patinage-artistique-adam-siao-him-fa-rafle-le-grand-prix-de-france-pour-la-troisieme-fois-de-rang\/#article\",\"isPartOf\":{\"@id\":\"https:\/\/dicodusport.fr\/blog\/patinage-artistique-adam-siao-him-fa-rafle-le-grand-prix-de-france-pour-la-troisieme-fois-de-rang\/\"},\"author\":{\"name\":\"Maxime Cazenave\",\"@id\":\"https:\/\/dicodusport.fr\/blog\/#\/schema\/person\/37def232098a7a5cbab3974a3690abb0\"},\"headline\":\"Patinage artistique : Adam Siao Him Fa rafle le Grand Prix de France pour la troisi\u00e8me fois de rang\",\"datePublished\":\"2024-11-02T17:24:35+00:00\",\"dateModified\":\"2024-11-02T17:25:21+00:00\",\"mainEntityOfPage\":{\"@id\":\"https:\/\/dicodusport.fr\/blog\/patinage-artistique-adam-siao-him-fa-rafle-le-grand-prix-de-france-pour-la-troisieme-fois-de-rang\/\"},\"wordCount\":382,\"commentCount\":0,\"publisher\":{\"@id\":\"https:\/\/dicodusport.fr\/blog\/#organization\"},\"image\":{\"@id\":\"https:\/\/dicodusport.fr\/blog\/patinage-artistique-adam-siao-him-fa-rafle-le-grand-prix-de-france-pour-la-troisieme-fois-de-rang\/#primaryimage\"},\"thumbnailUrl\":\"https:\/\/dicodusport.fr\/blog\/wp-content\/uploads\/2024\/11\/Patinage-artistique-Adam-Siao-Him-rafle-le-Grand-Prix-de-France-pour-la-troisieme-fois-de-rang.png\",\"keywords\":[\"Adam Siao Him Fa\",\"br\u00e8ve\",\"Grand Prix de France\",\"IceParc\",\"Patinage artistique\"],\"articleSection\":[\"Patinage artistique\"],\"inLanguage\":\"fr-FR\",\"potentialAction\":[{\"@type\":\"CommentAction\",\"name\":\"Comment\",\"target\":[\"https:\/\/dicodusport.fr\/blog\/patinage-artistique-adam-siao-him-fa-rafle-le-grand-prix-de-france-pour-la-troisieme-fois-de-rang\/#respond\"]}],\"copyrightYear\":\"2024\",\"copyrightHolder\":{\"@id\":\"https:\/\/dicodusport.fr\/blog\/#organization\"}},{\"@type\":\"WebPage\",\"@id\":\"https:\/\/dicodusport.fr\/blog\/patinage-artistique-adam-siao-him-fa-rafle-le-grand-prix-de-france-pour-la-troisieme-fois-de-rang\/\",\"url\":\"https:\/\/dicodusport.fr\/blog\/patinage-artistique-adam-siao-him-fa-rafle-le-grand-prix-de-france-pour-la-troisieme-fois-de-rang\/\",\"name\":\"Patinage artistique : Adam Siao Him Fa rafle le Grand Prix de France pour la troisi\u00e8me fois de rang\",\"isPartOf\":{\"@id\":\"https:\/\/dicodusport.fr\/blog\/#website\"},\"primaryImageOfPage\":{\"@id\":\"https:\/\/dicodusport.fr\/blog\/patinage-artistique-adam-siao-him-fa-rafle-le-grand-prix-de-france-pour-la-troisieme-fois-de-rang\/#primaryimage\"},\"image\":{\"@id\":\"https:\/\/dicodusport.fr\/blog\/patinage-artistique-adam-siao-him-fa-rafle-le-grand-prix-de-france-pour-la-troisieme-fois-de-rang\/#primaryimage\"},\"thumbnailUrl\":\"https:\/\/dicodusport.fr\/blog\/wp-content\/uploads\/2024\/11\/Patinage-artistique-Adam-Siao-Him-rafle-le-Grand-Prix-de-France-pour-la-troisieme-fois-de-rang.png\",\"datePublished\":\"2024-11-02T17:24:35+00:00\",\"dateModified\":\"2024-11-02T17:25:21+00:00\",\"description\":\"PATINAGE ARTISTIQUE - Adam Siao Him Fa s'est adjug\u00e9 le Grand Prix de France pour la troisi\u00e8me fois successivement, ce dimanche.\",\"breadcrumb\":{\"@id\":\"https:\/\/dicodusport.fr\/blog\/patinage-artistique-adam-siao-him-fa-rafle-le-grand-prix-de-france-pour-la-troisieme-fois-de-rang\/#breadcrumb\"},\"inLanguage\":\"fr-FR\",\"potentialAction\":[{\"@type\":\"ReadAction\",\"target\":[\"https:\/\/dicodusport.fr\/blog\/patinage-artistique-adam-siao-him-fa-rafle-le-grand-prix-de-france-pour-la-troisieme-fois-de-rang\/\"]}]},{\"@type\":\"ImageObject\",\"inLanguage\":\"fr-FR\",\"@id\":\"https:\/\/dicodusport.fr\/blog\/patinage-artistique-adam-siao-him-fa-rafle-le-grand-prix-de-france-pour-la-troisieme-fois-de-rang\/#primaryimage\",\"url\":\"https:\/\/dicodusport.fr\/blog\/wp-content\/uploads\/2024\/11\/Patinage-artistique-Adam-Siao-Him-rafle-le-Grand-Prix-de-France-pour-la-troisieme-fois-de-rang.png\",\"contentUrl\":\"https:\/\/dicodusport.fr\/blog\/wp-content\/uploads\/2024\/11\/Patinage-artistique-Adam-Siao-Him-rafle-le-Grand-Prix-de-France-pour-la-troisieme-fois-de-rang.png\",\"width\":1200,\"height\":674,\"caption\":\"Patinage artistique : Adam Siao Him rafle le Grand Prix de France pour la troisi\u00e8me fois de rang\"},{\"@type\":\"BreadcrumbList\",\"@id\":\"https:\/\/dicodusport.fr\/blog\/patinage-artistique-adam-siao-him-fa-rafle-le-grand-prix-de-france-pour-la-troisieme-fois-de-rang\/#breadcrumb\",\"itemListElement\":[{\"@type\":\"ListItem\",\"position\":1,\"name\":\"Accueil\",\"item\":\"https:\/\/dicodusport.fr\/blog\/\"},{\"@type\":\"ListItem\",\"position\":2,\"name\":\"Patinage artistique : Adam Siao Him Fa rafle le Grand Prix de France pour la troisi\u00e8me fois de rang\"}]},{\"@type\":\"WebSite\",\"@id\":\"https:\/\/dicodusport.fr\/blog\/#website\",\"url\":\"https:\/\/dicodusport.fr\/blog\/\",\"name\":\"Dicodusport\",\"description\":\"L&#039;encyclop\u00e9die de l&#039;actualit\u00e9 sportive\",\"publisher\":{\"@id\":\"https:\/\/dicodusport.fr\/blog\/#organization\"},\"potentialAction\":[{\"@type\":\"SearchAction\",\"target\":{\"@type\":\"EntryPoint\",\"urlTemplate\":\"https:\/\/dicodusport.fr\/blog\/?s={search_term_string}\"},\"query-input\":{\"@type\":\"PropertyValueSpecification\",\"valueRequired\":true,\"valueName\":\"search_term_string\"}}],\"inLanguage\":\"fr-FR\"},{\"@type\":\"NewsMediaOrganization\",\"@id\":\"https:\/\/dicodusport.fr\/blog\/#organization\",\"name\":\"Dicodusport\",\"url\":\"https:\/\/dicodusport.fr\/blog\/\",\"logo\":{\"@type\":\"ImageObject\",\"inLanguage\":\"fr-FR\",\"@id\":\"https:\/\/dicodusport.fr\/blog\/#\/schema\/logo\/image\/\",\"url\":\"https:\/\/dicodusport.fr\/blog\/wp-content\/uploads\/2020\/06\/cropped-LOGO-DICODUSPORT-2020-SANS-FOND-SANS-TEXTE.png\",\"contentUrl\":\"https:\/\/dicodusport.fr\/blog\/wp-content\/uploads\/2020\/06\/cropped-LOGO-DICODUSPORT-2020-SANS-FOND-SANS-TEXTE.png\",\"width\":512,\"height\":512,\"caption\":\"Dicodusport\"},\"image\":{\"@id\":\"https:\/\/dicodusport.fr\/blog\/#\/schema\/logo\/image\/\"},\"sameAs\":[\"https:\/\/www.facebook.com\/dicodusport\",\"https:\/\/x.com\/dicodusport\",\"https:\/\/www.instagram.com\/dicodusport\/\",\"https:\/\/www.youtube.com\/channel\/UC7V2KZ5sd3htJivAbA4ZG3w\"],\"description\":\"Dicodusport est l'encyclop\u00e9die de l'actualit\u00e9 sportive.\",\"email\":\"bonjour@dicodusport.fr\",\"legalName\":\"DICODUSPORT\",\"foundingDate\":\"2018-01-14\",\"vatID\":\"FR71834470973\",\"taxID\":\"83447097300043\",\"numberOfEmployees\":{\"@type\":\"QuantitativeValue\",\"minValue\":\"1\",\"maxValue\":\"10\"}},{\"@type\":\"Person\",\"@id\":\"https:\/\/dicodusport.fr\/blog\/#\/schema\/person\/37def232098a7a5cbab3974a3690abb0\",\"name\":\"Maxime Cazenave\",\"image\":{\"@type\":\"ImageObject\",\"inLanguage\":\"fr-FR\",\"@id\":\"https:\/\/dicodusport.fr\/blog\/#\/schema\/person\/image\/\",\"url\":\"https:\/\/dicodusport.fr\/blog\/wp-content\/uploads\/2021\/05\/Maxime-Cazenave-150x150.jpg\",\"contentUrl\":\"https:\/\/dicodusport.fr\/blog\/wp-content\/uploads\/2021\/05\/Maxime-Cazenave-150x150.jpg\",\"caption\":\"Maxime Cazenave\"},\"description\":\"Journaliste\/R\u00e9dacteur depuis 2012 - Berc\u00e9 par l\u2019amour des Girondins de Bordeaux, les \u00e9checs de Christophe Moreau sur le Tour de France sous l'\u00e8re Lance Armstrong et le fade-away l\u00e9tal de Dirk Nowitzki, ma passion d\u00e9vorante pour le sport a toujours \u00e9t\u00e9 un pan incontournable de ma vie. Transmettre ma passion \u00e0 l\u2019\u00e9crit a \u00e9t\u00e9 une transition naturelle. Suiveur assidu de basket et de hockey sur glace, je garde toujours un peu de place pour suivre le cyclisme, le football et le maximum de performances fran\u00e7aises.\",\"sameAs\":[\"https:\/\/x.com\/https:\/\/twitter.com\/Maxime_Caze\"],\"url\":\"https:\/\/dicodusport.fr\/blog\/author\/maximec\/\"}]}<\/script>\n<!-- \/ Yoast SEO Premium plugin. -->","yoast_head_json":{"title":"Patinage artistique : Adam Siao Him Fa rafle le Grand Prix de France pour la troisi\u00e8me fois de rang","description":"PATINAGE ARTISTIQUE - Adam Siao Him Fa s'est adjug\u00e9 le Grand Prix de France pour la troisi\u00e8me fois successivement, ce dimanche.","robots":{"index":"index","follow":"follow","max-snippet":"max-snippet:-1","max-image-preview":"max-image-preview:large","max-video-preview":"max-video-preview:-1"},"canonical":"https:\/\/dicodusport.fr\/blog\/patinage-artistique-adam-siao-him-fa-rafle-le-grand-prix-de-france-pour-la-troisieme-fois-de-rang\/","og_locale":"fr_FR","og_type":"article","og_title":"Patinage artistique : Adam Siao Him Fa rafle le Grand Prix de France pour la troisi\u00e8me fois de rang","og_description":"PATINAGE ARTISTIQUE - Adam Siao Him Fa s'est adjug\u00e9 le Grand Prix de France pour la troisi\u00e8me fois successivement, ce dimanche.","og_url":"https:\/\/dicodusport.fr\/blog\/patinage-artistique-adam-siao-him-fa-rafle-le-grand-prix-de-france-pour-la-troisieme-fois-de-rang\/","og_site_name":"Dicodusport","article_publisher":"https:\/\/www.facebook.com\/dicodusport","article_published_time":"2024-11-02T17:24:35+00:00","article_modified_time":"2024-11-02T17:25:21+00:00","og_image":[{"width":1200,"height":674,"url":"https:\/\/dicodusport.fr\/blog\/wp-content\/uploads\/2024\/11\/Patinage-artistique-Adam-Siao-Him-rafle-le-Grand-Prix-de-France-pour-la-troisieme-fois-de-rang.png","type":"image\/png"}],"author":"Maxime Cazenave","twitter_card":"summary_large_image","twitter_title":"Patinage artistique : Adam Siao Him Fa rafle le Grand Prix de France pour la troisi\u00e8me fois de rang","twitter_creator":"@https:\/\/twitter.com\/Maxime_Caze","twitter_site":"@dicodusport","schema":{"@context":"https:\/\/schema.org","@graph":[{"@type":"NewsArticle","@id":"https:\/\/dicodusport.fr\/blog\/patinage-artistique-adam-siao-him-fa-rafle-le-grand-prix-de-france-pour-la-troisieme-fois-de-rang\/#article","isPartOf":{"@id":"https:\/\/dicodusport.fr\/blog\/patinage-artistique-adam-siao-him-fa-rafle-le-grand-prix-de-france-pour-la-troisieme-fois-de-rang\/"},"author":{"name":"Maxime Cazenave","@id":"https:\/\/dicodusport.fr\/blog\/#\/schema\/person\/37def232098a7a5cbab3974a3690abb0"},"headline":"Patinage artistique : Adam Siao Him Fa rafle le Grand Prix de France pour la troisi\u00e8me fois de rang","datePublished":"2024-11-02T17:24:35+00:00","dateModified":"2024-11-02T17:25:21+00:00","mainEntityOfPage":{"@id":"https:\/\/dicodusport.fr\/blog\/patinage-artistique-adam-siao-him-fa-rafle-le-grand-prix-de-france-pour-la-troisieme-fois-de-rang\/"},"wordCount":382,"commentCount":0,"publisher":{"@id":"https:\/\/dicodusport.fr\/blog\/#organization"},"image":{"@id":"https:\/\/dicodusport.fr\/blog\/patinage-artistique-adam-siao-him-fa-rafle-le-grand-prix-de-france-pour-la-troisieme-fois-de-rang\/#primaryimage"},"thumbnailUrl":"https:\/\/dicodusport.fr\/blog\/wp-content\/uploads\/2024\/11\/Patinage-artistique-Adam-Siao-Him-rafle-le-Grand-Prix-de-France-pour-la-troisieme-fois-de-rang.png","keywords":["Adam Siao Him Fa","br\u00e8ve","Grand Prix de France","IceParc","Patinage artistique"],"articleSection":["Patinage artistique"],"inLanguage":"fr-FR","potentialAction":[{"@type":"CommentAction","name":"Comment","target":["https:\/\/dicodusport.fr\/blog\/patinage-artistique-adam-siao-him-fa-rafle-le-grand-prix-de-france-pour-la-troisieme-fois-de-rang\/#respond"]}],"copyrightYear":"2024","copyrightHolder":{"@id":"https:\/\/dicodusport.fr\/blog\/#organization"}},{"@type":"WebPage","@id":"https:\/\/dicodusport.fr\/blog\/patinage-artistique-adam-siao-him-fa-rafle-le-grand-prix-de-france-pour-la-troisieme-fois-de-rang\/","url":"https:\/\/dicodusport.fr\/blog\/patinage-artistique-adam-siao-him-fa-rafle-le-grand-prix-de-france-pour-la-troisieme-fois-de-rang\/","name":"Patinage artistique : Adam Siao Him Fa rafle le Grand Prix de France pour la troisi\u00e8me fois de rang","isPartOf":{"@id":"https:\/\/dicodusport.fr\/blog\/#website"},"primaryImageOfPage":{"@id":"https:\/\/dicodusport.fr\/blog\/patinage-artistique-adam-siao-him-fa-rafle-le-grand-prix-de-france-pour-la-troisieme-fois-de-rang\/#primaryimage"},"image":{"@id":"https:\/\/dicodusport.fr\/blog\/patinage-artistique-adam-siao-him-fa-rafle-le-grand-prix-de-france-pour-la-troisieme-fois-de-rang\/#primaryimage"},"thumbnailUrl":"https:\/\/dicodusport.fr\/blog\/wp-content\/uploads\/2024\/11\/Patinage-artistique-Adam-Siao-Him-rafle-le-Grand-Prix-de-France-pour-la-troisieme-fois-de-rang.png","datePublished":"2024-11-02T17:24:35+00:00","dateModified":"2024-11-02T17:25:21+00:00","description":"PATINAGE ARTISTIQUE - Adam Siao Him Fa s'est adjug\u00e9 le Grand Prix de France pour la troisi\u00e8me fois successivement, ce dimanche.","breadcrumb":{"@id":"https:\/\/dicodusport.fr\/blog\/patinage-artistique-adam-siao-him-fa-rafle-le-grand-prix-de-france-pour-la-troisieme-fois-de-rang\/#breadcrumb"},"inLanguage":"fr-FR","potentialAction":[{"@type":"ReadAction","target":["https:\/\/dicodusport.fr\/blog\/patinage-artistique-adam-siao-him-fa-rafle-le-grand-prix-de-france-pour-la-troisieme-fois-de-rang\/"]}]},{"@type":"ImageObject","inLanguage":"fr-FR","@id":"https:\/\/dicodusport.fr\/blog\/patinage-artistique-adam-siao-him-fa-rafle-le-grand-prix-de-france-pour-la-troisieme-fois-de-rang\/#primaryimage","url":"https:\/\/dicodusport.fr\/blog\/wp-content\/uploads\/2024\/11\/Patinage-artistique-Adam-Siao-Him-rafle-le-Grand-Prix-de-France-pour-la-troisieme-fois-de-rang.png","contentUrl":"https:\/\/dicodusport.fr\/blog\/wp-content\/uploads\/2024\/11\/Patinage-artistique-Adam-Siao-Him-rafle-le-Grand-Prix-de-France-pour-la-troisieme-fois-de-rang.png","width":1200,"height":674,"caption":"Patinage artistique : Adam Siao Him rafle le Grand Prix de France pour la troisi\u00e8me fois de rang"},{"@type":"BreadcrumbList","@id":"https:\/\/dicodusport.fr\/blog\/patinage-artistique-adam-siao-him-fa-rafle-le-grand-prix-de-france-pour-la-troisieme-fois-de-rang\/#breadcrumb","itemListElement":[{"@type":"ListItem","position":1,"name":"Accueil","item":"https:\/\/dicodusport.fr\/blog\/"},{"@type":"ListItem","position":2,"name":"Patinage artistique : Adam Siao Him Fa rafle le Grand Prix de France pour la troisi\u00e8me fois de rang"}]},{"@type":"WebSite","@id":"https:\/\/dicodusport.fr\/blog\/#website","url":"https:\/\/dicodusport.fr\/blog\/","name":"Dicodusport","description":"L&#039;encyclop\u00e9die de l&#039;actualit\u00e9 sportive","publisher":{"@id":"https:\/\/dicodusport.fr\/blog\/#organization"},"potentialAction":[{"@type":"SearchAction","target":{"@type":"EntryPoint","urlTemplate":"https:\/\/dicodusport.fr\/blog\/?s={search_term_string}"},"query-input":{"@type":"PropertyValueSpecification","valueRequired":true,"valueName":"search_term_string"}}],"inLanguage":"fr-FR"},{"@type":"NewsMediaOrganization","@id":"https:\/\/dicodusport.fr\/blog\/#organization","name":"Dicodusport","url":"https:\/\/dicodusport.fr\/blog\/","logo":{"@type":"ImageObject","inLanguage":"fr-FR","@id":"https:\/\/dicodusport.fr\/blog\/#\/schema\/logo\/image\/","url":"https:\/\/dicodusport.fr\/blog\/wp-content\/uploads\/2020\/06\/cropped-LOGO-DICODUSPORT-2020-SANS-FOND-SANS-TEXTE.png","contentUrl":"https:\/\/dicodusport.fr\/blog\/wp-content\/uploads\/2020\/06\/cropped-LOGO-DICODUSPORT-2020-SANS-FOND-SANS-TEXTE.png","width":512,"height":512,"caption":"Dicodusport"},"image":{"@id":"https:\/\/dicodusport.fr\/blog\/#\/schema\/logo\/image\/"},"sameAs":["https:\/\/www.facebook.com\/dicodusport","https:\/\/x.com\/dicodusport","https:\/\/www.instagram.com\/dicodusport\/","https:\/\/www.youtube.com\/channel\/UC7V2KZ5sd3htJivAbA4ZG3w"],"description":"Dicodusport est l'encyclop\u00e9die de l'actualit\u00e9 sportive.","email":"bonjour@dicodusport.fr","legalName":"DICODUSPORT","foundingDate":"2018-01-14","vatID":"FR71834470973","taxID":"83447097300043","numberOfEmployees":{"@type":"QuantitativeValue","minValue":"1","maxValue":"10"}},{"@type":"Person","@id":"https:\/\/dicodusport.fr\/blog\/#\/schema\/person\/37def232098a7a5cbab3974a3690abb0","name":"Maxime Cazenave","image":{"@type":"ImageObject","inLanguage":"fr-FR","@id":"https:\/\/dicodusport.fr\/blog\/#\/schema\/person\/image\/","url":"https:\/\/dicodusport.fr\/blog\/wp-content\/uploads\/2021\/05\/Maxime-Cazenave-150x150.jpg","contentUrl":"https:\/\/dicodusport.fr\/blog\/wp-content\/uploads\/2021\/05\/Maxime-Cazenave-150x150.jpg","caption":"Maxime Cazenave"},"description":"Journaliste\/R\u00e9dacteur depuis 2012 - Berc\u00e9 par l\u2019amour des Girondins de Bordeaux, les \u00e9checs de Christophe Moreau sur le Tour de France sous l'\u00e8re Lance Armstrong et le fade-away l\u00e9tal de Dirk Nowitzki, ma passion d\u00e9vorante pour le sport a toujours \u00e9t\u00e9 un pan incontournable de ma vie. Transmettre ma passion \u00e0 l\u2019\u00e9crit a \u00e9t\u00e9 une transition naturelle. Suiveur assidu de basket et de hockey sur glace, je garde toujours un peu de place pour suivre le cyclisme, le football et le maximum de performances fran\u00e7aises.","sameAs":["https:\/\/x.com\/https:\/\/twitter.com\/Maxime_Caze"],"url":"https:\/\/dicodusport.fr\/blog\/author\/maximec\/"}]}},"_links":{"self":[{"href":"https:\/\/dicodusport.fr\/blog\/wp-json\/wp\/v2\/posts\/530632","targetHints":{"allow":["GET"]}}],"collection":[{"href":"https:\/\/dicodusport.fr\/blog\/wp-json\/wp\/v2\/posts"}],"about":[{"href":"https:\/\/dicodusport.fr\/blog\/wp-json\/wp\/v2\/types\/post"}],"author":[{"embeddable":true,"href":"https:\/\/dicodusport.fr\/blog\/wp-json\/wp\/v2\/users\/55"}],"replies":[{"embeddable":true,"href":"https:\/\/dicodusport.fr\/blog\/wp-json\/wp\/v2\/comments?post=530632"}],"version-history":[{"count":3,"href":"https:\/\/dicodusport.fr\/blog\/wp-json\/wp\/v2\/posts\/530632\/revisions"}],"predecessor-version":[{"id":530651,"href":"https:\/\/dicodusport.fr\/blog\/wp-json\/wp\/v2\/posts\/530632\/revisions\/530651"}],"wp:featuredmedia":[{"embeddable":true,"href":"https:\/\/dicodusport.fr\/blog\/wp-json\/wp\/v2\/media\/530646"}],"wp:attachment":[{"href":"https:\/\/dicodusport.fr\/blog\/wp-json\/wp\/v2\/media?parent=530632"}],"wp:term":[{"taxonomy":"category","embeddable":true,"href":"https:\/\/dicodusport.fr\/blog\/wp-json\/wp\/v2\/categories?post=530632"},{"taxonomy":"post_tag","embeddable":true,"href":"https:\/\/dicodusport.fr\/blog\/wp-json\/wp\/v2\/tags?post=530632"}],"curies":[{"name":"wp","href":"https:\/\/api.w.org\/{rel}","templated":true}]}}