{"id":53075,"date":"2019-11-08T14:09:45","date_gmt":"2019-11-08T13:09:45","guid":{"rendered":"http:\/\/dicodusport.fr\/blog\/?p=53075&#038;preview=true&#038;preview_id=53075"},"modified":"2019-11-08T14:09:45","modified_gmt":"2019-11-08T13:09:45","slug":"fed-cup-mladenovic-et-garcia-au-defi-de-la-numero-1-mondiale","status":"publish","type":"post","link":"https:\/\/dicodusport.fr\/blog\/fed-cup-mladenovic-et-garcia-au-defi-de-la-numero-1-mondiale\/","title":{"rendered":"Fed Cup : Mladenovic et Garcia au d\u00e9fi de la num\u00e9ro 1 mondiale"},"content":{"rendered":"<p style=\"text-align: justify;\"><b><i>Tennis &#8211; La finale de la <a href=\"https:\/\/www.fedcup.com\/\" target=\"_blank\" rel=\"noopener\">Fed Cup<\/a> entre l&rsquo;Australie et la France se d\u00e9roule ce week-end, et le tirage au sort des matchs a eu lieu.<\/i><\/b><\/p>\n<p style=\"text-align: justify;\">Sans grande surprise, <strong>Caroline Garcia<\/strong> et <strong>Kristina Mladenovic<\/strong> sont align\u00e9es pour les premiers simples, respectivement contrela num\u00e9ro 1 mondiale <strong>Ashleigh Barty<\/strong> et <strong>Ajla Tomljanovic<\/strong>. <strong>Samantha Stosur<\/strong> sera elle aligne en double cot\u00e9 australien, avec <strong>Barty<\/strong>, face \u00e0 la paire <strong>Garcia\/Mladenovic<\/strong>, qui a la confiance du s\u00e9lectionneur.<\/p>\n<blockquote class=\"twitter-tweet\" data-lang=\"fr\">\n<p dir=\"ltr\" lang=\"fr\">&#x1f3a4;Les Bleues au micro de la FFT !<br \/>\nToutes les r\u00e9actions de l&rsquo;Equipe de France apr\u00e8s le tirage au sort : <a href=\"https:\/\/twitter.com\/hashtag\/TousEnsemBleu?src=hash&amp;ref_src=twsrc%5Etfw\">#TousEnsemBleu<\/a> <a href=\"https:\/\/t.co\/p0hPfXuvRu\">pic.twitter.com\/p0hPfXuvRu<\/a><\/p>\n<p>\u2014 FFT (@FFTennis) <a href=\"https:\/\/twitter.com\/FFTennis\/status\/1192708079466487810?ref_src=twsrc%5Etfw\">8 novembre 2019<\/a><\/p><\/blockquote>\n<p><script async src=\"https:\/\/platform.twitter.com\/widgets.js\" charset=\"utf-8\"><\/script><\/p>\n<p style=\"text-align: justify;\"><strong><em>Dicodusport<br \/>\n<a href=\"https:\/\/www.facebook.com\/dicodusport\/\" target=\"_blank\" rel=\"noopener\"><img loading=\"lazy\" decoding=\"async\" class=\"alignnone wp-image-2909\" src=\"http:\/\/dicodusport.fr\/blog\/wp-content\/uploads\/2017\/07\/logo-facebook-150x150.png\" alt=\"\" width=\"40\" height=\"40\" \/><\/a><a href=\"https:\/\/twitter.com\/dicodusport\" target=\"_blank\" rel=\"noopener\"><img loading=\"lazy\" decoding=\"async\" class=\"alignnone wp-image-2908\" src=\"http:\/\/dicodusport.fr\/blog\/wp-content\/uploads\/2017\/07\/logo-twitter-150x150.png\" alt=\"\" width=\"39\" height=\"39\" \/><\/a><\/em><\/strong><\/p>\n","protected":false},"excerpt":{"rendered":"<p>Tennis &#8211; La finale de la Fed Cup entre l&rsquo;Australie et la France se d\u00e9roule ce week-end, et le tirage au sort des matchs a eu lieu.<\/p>\n","protected":false},"author":1,"featured_media":53081,"comment_status":"open","ping_status":"closed","sticky":false,"template":"","format":"standard","meta":{"_acf_changed":false,"_daextam_enable_autolinks":"","footnotes":""},"categories":[2302],"tags":[3565,1618,3377],"class_list":["post-53075","post","type-post","status-publish","format-standard","has-post-thumbnail","hentry","category-tennis","tag-fed-cup","tag-garcia","tag-mladenovic"],"acf":[],"yoast_head":"<!-- This site is optimized with the Yoast SEO Premium plugin v26.7 (Yoast SEO v26.7) - https:\/\/yoast.com\/wordpress\/plugins\/seo\/ -->\n<title>Fed Cup : Mladenovic et Garcia au d\u00e9fi de la num\u00e9ro 1 mondiale<\/title>\n<meta name=\"description\" content=\"Tennis - La finale de la Fed Cup entre l&#039;Australie et la France se d\u00e9roule ce week-end, et le tirage au sort des matchs a eu lieu.\" \/>\n<meta name=\"robots\" content=\"index, follow, max-snippet:-1, max-image-preview:large, max-video-preview:-1\" \/>\n<link rel=\"canonical\" href=\"https:\/\/dicodusport.fr\/blog\/fed-cup-mladenovic-et-garcia-au-defi-de-la-numero-1-mondiale\/\" \/>\n<meta property=\"og:locale\" content=\"fr_FR\" \/>\n<meta property=\"og:type\" content=\"article\" \/>\n<meta property=\"og:title\" content=\"Fed Cup : Mladenovic et Garcia au d\u00e9fi de la num\u00e9ro 1 mondiale\" \/>\n<meta property=\"og:description\" content=\"Tennis - La finale de la Fed Cup entre l&#039;Australie et la France se d\u00e9roule ce week-end, et le tirage au sort des matchs a eu lieu.\" \/>\n<meta property=\"og:url\" content=\"https:\/\/dicodusport.fr\/blog\/fed-cup-mladenovic-et-garcia-au-defi-de-la-numero-1-mondiale\/\" \/>\n<meta property=\"og:site_name\" content=\"Dicodusport\" \/>\n<meta property=\"article:publisher\" content=\"https:\/\/www.facebook.com\/dicodusport\" \/>\n<meta property=\"article:author\" content=\"https:\/\/www.facebook.com\/dicodusport\" \/>\n<meta property=\"article:published_time\" content=\"2019-11-08T13:09:45+00:00\" \/>\n<meta property=\"og:image\" content=\"https:\/\/dicodusport.fr\/blog\/wp-content\/uploads\/2019\/11\/Fed-Cup-Mladenovic-et-Garcia-au-d\u00e9fi-de-la-num\u00e9ro-1-mondiale.png\" \/>\n\t<meta property=\"og:image:width\" content=\"800\" \/>\n\t<meta property=\"og:image:height\" content=\"445\" \/>\n\t<meta property=\"og:image:type\" content=\"image\/png\" \/>\n<meta name=\"author\" content=\"Nicolas Jacquemard\" \/>\n<meta name=\"twitter:card\" content=\"summary_large_image\" \/>\n<meta name=\"twitter:title\" content=\"Fed Cup : Mladenovic et Garcia au d\u00e9fi de la num\u00e9ro 1 mondiale\" \/>\n<meta name=\"twitter:creator\" content=\"@https:\/\/twitter.com\/Nico_Jacquemard\" \/>\n<meta name=\"twitter:site\" content=\"@dicodusport\" \/>\n<script type=\"application\/ld+json\" class=\"yoast-schema-graph\">{\"@context\":\"https:\/\/schema.org\",\"@graph\":[{\"@type\":\"NewsArticle\",\"@id\":\"https:\/\/dicodusport.fr\/blog\/fed-cup-mladenovic-et-garcia-au-defi-de-la-numero-1-mondiale\/#article\",\"isPartOf\":{\"@id\":\"https:\/\/dicodusport.fr\/blog\/fed-cup-mladenovic-et-garcia-au-defi-de-la-numero-1-mondiale\/\"},\"author\":{\"name\":\"Nicolas Jacquemard\",\"@id\":\"https:\/\/dicodusport.fr\/blog\/#\/schema\/person\/55dcb50ad410894e431ed812bbb70191\"},\"headline\":\"Fed Cup : Mladenovic et Garcia au d\u00e9fi de la num\u00e9ro 1 mondiale\",\"datePublished\":\"2019-11-08T13:09:45+00:00\",\"mainEntityOfPage\":{\"@id\":\"https:\/\/dicodusport.fr\/blog\/fed-cup-mladenovic-et-garcia-au-defi-de-la-numero-1-mondiale\/\"},\"wordCount\":125,\"commentCount\":0,\"publisher\":{\"@id\":\"https:\/\/dicodusport.fr\/blog\/#organization\"},\"image\":{\"@id\":\"https:\/\/dicodusport.fr\/blog\/fed-cup-mladenovic-et-garcia-au-defi-de-la-numero-1-mondiale\/#primaryimage\"},\"thumbnailUrl\":\"https:\/\/dicodusport.fr\/blog\/wp-content\/uploads\/2019\/11\/Fed-Cup-Mladenovic-et-Garcia-au-d\u00e9fi-de-la-num\u00e9ro-1-mondiale.png\",\"keywords\":[\"Fed Cup\",\"Garcia\",\"Mladenovic\"],\"articleSection\":[\"Tennis\"],\"inLanguage\":\"fr-FR\",\"potentialAction\":[{\"@type\":\"CommentAction\",\"name\":\"Comment\",\"target\":[\"https:\/\/dicodusport.fr\/blog\/fed-cup-mladenovic-et-garcia-au-defi-de-la-numero-1-mondiale\/#respond\"]}],\"copyrightYear\":\"2019\",\"copyrightHolder\":{\"@id\":\"https:\/\/dicodusport.fr\/blog\/#organization\"}},{\"@type\":\"WebPage\",\"@id\":\"https:\/\/dicodusport.fr\/blog\/fed-cup-mladenovic-et-garcia-au-defi-de-la-numero-1-mondiale\/\",\"url\":\"https:\/\/dicodusport.fr\/blog\/fed-cup-mladenovic-et-garcia-au-defi-de-la-numero-1-mondiale\/\",\"name\":\"Fed Cup : Mladenovic et Garcia au d\u00e9fi de la num\u00e9ro 1 mondiale\",\"isPartOf\":{\"@id\":\"https:\/\/dicodusport.fr\/blog\/#website\"},\"primaryImageOfPage\":{\"@id\":\"https:\/\/dicodusport.fr\/blog\/fed-cup-mladenovic-et-garcia-au-defi-de-la-numero-1-mondiale\/#primaryimage\"},\"image\":{\"@id\":\"https:\/\/dicodusport.fr\/blog\/fed-cup-mladenovic-et-garcia-au-defi-de-la-numero-1-mondiale\/#primaryimage\"},\"thumbnailUrl\":\"https:\/\/dicodusport.fr\/blog\/wp-content\/uploads\/2019\/11\/Fed-Cup-Mladenovic-et-Garcia-au-d\u00e9fi-de-la-num\u00e9ro-1-mondiale.png\",\"datePublished\":\"2019-11-08T13:09:45+00:00\",\"description\":\"Tennis - La finale de la Fed Cup entre l'Australie et la France se d\u00e9roule ce week-end, et le tirage au sort des matchs a eu lieu.\",\"breadcrumb\":{\"@id\":\"https:\/\/dicodusport.fr\/blog\/fed-cup-mladenovic-et-garcia-au-defi-de-la-numero-1-mondiale\/#breadcrumb\"},\"inLanguage\":\"fr-FR\",\"potentialAction\":[{\"@type\":\"ReadAction\",\"target\":[\"https:\/\/dicodusport.fr\/blog\/fed-cup-mladenovic-et-garcia-au-defi-de-la-numero-1-mondiale\/\"]}]},{\"@type\":\"ImageObject\",\"inLanguage\":\"fr-FR\",\"@id\":\"https:\/\/dicodusport.fr\/blog\/fed-cup-mladenovic-et-garcia-au-defi-de-la-numero-1-mondiale\/#primaryimage\",\"url\":\"https:\/\/dicodusport.fr\/blog\/wp-content\/uploads\/2019\/11\/Fed-Cup-Mladenovic-et-Garcia-au-d\u00e9fi-de-la-num\u00e9ro-1-mondiale.png\",\"contentUrl\":\"https:\/\/dicodusport.fr\/blog\/wp-content\/uploads\/2019\/11\/Fed-Cup-Mladenovic-et-Garcia-au-d\u00e9fi-de-la-num\u00e9ro-1-mondiale.png\",\"width\":800,\"height\":445,\"caption\":\"Fed Cup - Mladenovic et Garcia au d\u00e9fi de la num\u00e9ro 1 mondiale\"},{\"@type\":\"BreadcrumbList\",\"@id\":\"https:\/\/dicodusport.fr\/blog\/fed-cup-mladenovic-et-garcia-au-defi-de-la-numero-1-mondiale\/#breadcrumb\",\"itemListElement\":[{\"@type\":\"ListItem\",\"position\":1,\"name\":\"Accueil\",\"item\":\"https:\/\/dicodusport.fr\/blog\/\"},{\"@type\":\"ListItem\",\"position\":2,\"name\":\"Fed Cup : Mladenovic et Garcia au d\u00e9fi de la num\u00e9ro 1 mondiale\"}]},{\"@type\":\"WebSite\",\"@id\":\"https:\/\/dicodusport.fr\/blog\/#website\",\"url\":\"https:\/\/dicodusport.fr\/blog\/\",\"name\":\"Dicodusport\",\"description\":\"L&#039;encyclop\u00e9die de l&#039;actualit\u00e9 sportive\",\"publisher\":{\"@id\":\"https:\/\/dicodusport.fr\/blog\/#organization\"},\"potentialAction\":[{\"@type\":\"SearchAction\",\"target\":{\"@type\":\"EntryPoint\",\"urlTemplate\":\"https:\/\/dicodusport.fr\/blog\/?s={search_term_string}\"},\"query-input\":{\"@type\":\"PropertyValueSpecification\",\"valueRequired\":true,\"valueName\":\"search_term_string\"}}],\"inLanguage\":\"fr-FR\"},{\"@type\":\"NewsMediaOrganization\",\"@id\":\"https:\/\/dicodusport.fr\/blog\/#organization\",\"name\":\"Dicodusport\",\"url\":\"https:\/\/dicodusport.fr\/blog\/\",\"logo\":{\"@type\":\"ImageObject\",\"inLanguage\":\"fr-FR\",\"@id\":\"https:\/\/dicodusport.fr\/blog\/#\/schema\/logo\/image\/\",\"url\":\"https:\/\/dicodusport.fr\/blog\/wp-content\/uploads\/2020\/06\/cropped-LOGO-DICODUSPORT-2020-SANS-FOND-SANS-TEXTE.png\",\"contentUrl\":\"https:\/\/dicodusport.fr\/blog\/wp-content\/uploads\/2020\/06\/cropped-LOGO-DICODUSPORT-2020-SANS-FOND-SANS-TEXTE.png\",\"width\":512,\"height\":512,\"caption\":\"Dicodusport\"},\"image\":{\"@id\":\"https:\/\/dicodusport.fr\/blog\/#\/schema\/logo\/image\/\"},\"sameAs\":[\"https:\/\/www.facebook.com\/dicodusport\",\"https:\/\/x.com\/dicodusport\",\"https:\/\/www.instagram.com\/dicodusport\/\",\"https:\/\/www.youtube.com\/channel\/UC7V2KZ5sd3htJivAbA4ZG3w\"],\"description\":\"Dicodusport est l'encyclop\u00e9die de l'actualit\u00e9 sportive.\",\"email\":\"bonjour@dicodusport.fr\",\"legalName\":\"DICODUSPORT\",\"foundingDate\":\"2018-01-14\",\"vatID\":\"FR71834470973\",\"taxID\":\"83447097300043\",\"numberOfEmployees\":{\"@type\":\"QuantitativeValue\",\"minValue\":\"1\",\"maxValue\":\"10\"}},{\"@type\":\"Person\",\"@id\":\"https:\/\/dicodusport.fr\/blog\/#\/schema\/person\/55dcb50ad410894e431ed812bbb70191\",\"name\":\"Nicolas Jacquemard\",\"image\":{\"@type\":\"ImageObject\",\"inLanguage\":\"fr-FR\",\"@id\":\"https:\/\/dicodusport.fr\/blog\/#\/schema\/person\/image\/\",\"url\":\"https:\/\/dicodusport.fr\/blog\/wp-content\/uploads\/2021\/05\/Nicolas-Jacquemard-150x150.jpeg\",\"contentUrl\":\"https:\/\/dicodusport.fr\/blog\/wp-content\/uploads\/2021\/05\/Nicolas-Jacquemard-150x150.jpeg\",\"caption\":\"Nicolas Jacquemard\"},\"description\":\"Passionn\u00e9 de sport et entrepreneur depuis mes 18 ans, la cr\u00e9ation de Dicodusport m'a sembl\u00e9 \u00e9vidente pour participer \u00e0 la m\u00e9diatisation d'un plus grand nombre de sports. Le chemin est long mais avec une \u00e9quipe des plus motiv\u00e9es et les Jeux Olympiques de Paris 2024 en point de mire, nous y arriverons ! Journaliste dans le monde du sport depuis plus de 5 ans, je traite aussi bien de football, de rugby, de biathlon que de cyclisme.\",\"sameAs\":[\"https:\/\/www.facebook.com\/dicodusport\",\"https:\/\/x.com\/https:\/\/twitter.com\/Nico_Jacquemard\"],\"url\":\"https:\/\/dicodusport.fr\/blog\/author\/dicodusport\/\"}]}<\/script>\n<!-- \/ Yoast SEO Premium plugin. -->","yoast_head_json":{"title":"Fed Cup : Mladenovic et Garcia au d\u00e9fi de la num\u00e9ro 1 mondiale","description":"Tennis - La finale de la Fed Cup entre l'Australie et la France se d\u00e9roule ce week-end, et le tirage au sort des matchs a eu lieu.","robots":{"index":"index","follow":"follow","max-snippet":"max-snippet:-1","max-image-preview":"max-image-preview:large","max-video-preview":"max-video-preview:-1"},"canonical":"https:\/\/dicodusport.fr\/blog\/fed-cup-mladenovic-et-garcia-au-defi-de-la-numero-1-mondiale\/","og_locale":"fr_FR","og_type":"article","og_title":"Fed Cup : Mladenovic et Garcia au d\u00e9fi de la num\u00e9ro 1 mondiale","og_description":"Tennis - La finale de la Fed Cup entre l'Australie et la France se d\u00e9roule ce week-end, et le tirage au sort des matchs a eu lieu.","og_url":"https:\/\/dicodusport.fr\/blog\/fed-cup-mladenovic-et-garcia-au-defi-de-la-numero-1-mondiale\/","og_site_name":"Dicodusport","article_publisher":"https:\/\/www.facebook.com\/dicodusport","article_author":"https:\/\/www.facebook.com\/dicodusport","article_published_time":"2019-11-08T13:09:45+00:00","og_image":[{"width":800,"height":445,"url":"https:\/\/dicodusport.fr\/blog\/wp-content\/uploads\/2019\/11\/Fed-Cup-Mladenovic-et-Garcia-au-d\u00e9fi-de-la-num\u00e9ro-1-mondiale.png","type":"image\/png"}],"author":"Nicolas Jacquemard","twitter_card":"summary_large_image","twitter_title":"Fed Cup : Mladenovic et Garcia au d\u00e9fi de la num\u00e9ro 1 mondiale","twitter_creator":"@https:\/\/twitter.com\/Nico_Jacquemard","twitter_site":"@dicodusport","schema":{"@context":"https:\/\/schema.org","@graph":[{"@type":"NewsArticle","@id":"https:\/\/dicodusport.fr\/blog\/fed-cup-mladenovic-et-garcia-au-defi-de-la-numero-1-mondiale\/#article","isPartOf":{"@id":"https:\/\/dicodusport.fr\/blog\/fed-cup-mladenovic-et-garcia-au-defi-de-la-numero-1-mondiale\/"},"author":{"name":"Nicolas Jacquemard","@id":"https:\/\/dicodusport.fr\/blog\/#\/schema\/person\/55dcb50ad410894e431ed812bbb70191"},"headline":"Fed Cup : Mladenovic et Garcia au d\u00e9fi de la num\u00e9ro 1 mondiale","datePublished":"2019-11-08T13:09:45+00:00","mainEntityOfPage":{"@id":"https:\/\/dicodusport.fr\/blog\/fed-cup-mladenovic-et-garcia-au-defi-de-la-numero-1-mondiale\/"},"wordCount":125,"commentCount":0,"publisher":{"@id":"https:\/\/dicodusport.fr\/blog\/#organization"},"image":{"@id":"https:\/\/dicodusport.fr\/blog\/fed-cup-mladenovic-et-garcia-au-defi-de-la-numero-1-mondiale\/#primaryimage"},"thumbnailUrl":"https:\/\/dicodusport.fr\/blog\/wp-content\/uploads\/2019\/11\/Fed-Cup-Mladenovic-et-Garcia-au-d\u00e9fi-de-la-num\u00e9ro-1-mondiale.png","keywords":["Fed Cup","Garcia","Mladenovic"],"articleSection":["Tennis"],"inLanguage":"fr-FR","potentialAction":[{"@type":"CommentAction","name":"Comment","target":["https:\/\/dicodusport.fr\/blog\/fed-cup-mladenovic-et-garcia-au-defi-de-la-numero-1-mondiale\/#respond"]}],"copyrightYear":"2019","copyrightHolder":{"@id":"https:\/\/dicodusport.fr\/blog\/#organization"}},{"@type":"WebPage","@id":"https:\/\/dicodusport.fr\/blog\/fed-cup-mladenovic-et-garcia-au-defi-de-la-numero-1-mondiale\/","url":"https:\/\/dicodusport.fr\/blog\/fed-cup-mladenovic-et-garcia-au-defi-de-la-numero-1-mondiale\/","name":"Fed Cup : Mladenovic et Garcia au d\u00e9fi de la num\u00e9ro 1 mondiale","isPartOf":{"@id":"https:\/\/dicodusport.fr\/blog\/#website"},"primaryImageOfPage":{"@id":"https:\/\/dicodusport.fr\/blog\/fed-cup-mladenovic-et-garcia-au-defi-de-la-numero-1-mondiale\/#primaryimage"},"image":{"@id":"https:\/\/dicodusport.fr\/blog\/fed-cup-mladenovic-et-garcia-au-defi-de-la-numero-1-mondiale\/#primaryimage"},"thumbnailUrl":"https:\/\/dicodusport.fr\/blog\/wp-content\/uploads\/2019\/11\/Fed-Cup-Mladenovic-et-Garcia-au-d\u00e9fi-de-la-num\u00e9ro-1-mondiale.png","datePublished":"2019-11-08T13:09:45+00:00","description":"Tennis - La finale de la Fed Cup entre l'Australie et la France se d\u00e9roule ce week-end, et le tirage au sort des matchs a eu lieu.","breadcrumb":{"@id":"https:\/\/dicodusport.fr\/blog\/fed-cup-mladenovic-et-garcia-au-defi-de-la-numero-1-mondiale\/#breadcrumb"},"inLanguage":"fr-FR","potentialAction":[{"@type":"ReadAction","target":["https:\/\/dicodusport.fr\/blog\/fed-cup-mladenovic-et-garcia-au-defi-de-la-numero-1-mondiale\/"]}]},{"@type":"ImageObject","inLanguage":"fr-FR","@id":"https:\/\/dicodusport.fr\/blog\/fed-cup-mladenovic-et-garcia-au-defi-de-la-numero-1-mondiale\/#primaryimage","url":"https:\/\/dicodusport.fr\/blog\/wp-content\/uploads\/2019\/11\/Fed-Cup-Mladenovic-et-Garcia-au-d\u00e9fi-de-la-num\u00e9ro-1-mondiale.png","contentUrl":"https:\/\/dicodusport.fr\/blog\/wp-content\/uploads\/2019\/11\/Fed-Cup-Mladenovic-et-Garcia-au-d\u00e9fi-de-la-num\u00e9ro-1-mondiale.png","width":800,"height":445,"caption":"Fed Cup - Mladenovic et Garcia au d\u00e9fi de la num\u00e9ro 1 mondiale"},{"@type":"BreadcrumbList","@id":"https:\/\/dicodusport.fr\/blog\/fed-cup-mladenovic-et-garcia-au-defi-de-la-numero-1-mondiale\/#breadcrumb","itemListElement":[{"@type":"ListItem","position":1,"name":"Accueil","item":"https:\/\/dicodusport.fr\/blog\/"},{"@type":"ListItem","position":2,"name":"Fed Cup : Mladenovic et Garcia au d\u00e9fi de la num\u00e9ro 1 mondiale"}]},{"@type":"WebSite","@id":"https:\/\/dicodusport.fr\/blog\/#website","url":"https:\/\/dicodusport.fr\/blog\/","name":"Dicodusport","description":"L&#039;encyclop\u00e9die de l&#039;actualit\u00e9 sportive","publisher":{"@id":"https:\/\/dicodusport.fr\/blog\/#organization"},"potentialAction":[{"@type":"SearchAction","target":{"@type":"EntryPoint","urlTemplate":"https:\/\/dicodusport.fr\/blog\/?s={search_term_string}"},"query-input":{"@type":"PropertyValueSpecification","valueRequired":true,"valueName":"search_term_string"}}],"inLanguage":"fr-FR"},{"@type":"NewsMediaOrganization","@id":"https:\/\/dicodusport.fr\/blog\/#organization","name":"Dicodusport","url":"https:\/\/dicodusport.fr\/blog\/","logo":{"@type":"ImageObject","inLanguage":"fr-FR","@id":"https:\/\/dicodusport.fr\/blog\/#\/schema\/logo\/image\/","url":"https:\/\/dicodusport.fr\/blog\/wp-content\/uploads\/2020\/06\/cropped-LOGO-DICODUSPORT-2020-SANS-FOND-SANS-TEXTE.png","contentUrl":"https:\/\/dicodusport.fr\/blog\/wp-content\/uploads\/2020\/06\/cropped-LOGO-DICODUSPORT-2020-SANS-FOND-SANS-TEXTE.png","width":512,"height":512,"caption":"Dicodusport"},"image":{"@id":"https:\/\/dicodusport.fr\/blog\/#\/schema\/logo\/image\/"},"sameAs":["https:\/\/www.facebook.com\/dicodusport","https:\/\/x.com\/dicodusport","https:\/\/www.instagram.com\/dicodusport\/","https:\/\/www.youtube.com\/channel\/UC7V2KZ5sd3htJivAbA4ZG3w"],"description":"Dicodusport est l'encyclop\u00e9die de l'actualit\u00e9 sportive.","email":"bonjour@dicodusport.fr","legalName":"DICODUSPORT","foundingDate":"2018-01-14","vatID":"FR71834470973","taxID":"83447097300043","numberOfEmployees":{"@type":"QuantitativeValue","minValue":"1","maxValue":"10"}},{"@type":"Person","@id":"https:\/\/dicodusport.fr\/blog\/#\/schema\/person\/55dcb50ad410894e431ed812bbb70191","name":"Nicolas Jacquemard","image":{"@type":"ImageObject","inLanguage":"fr-FR","@id":"https:\/\/dicodusport.fr\/blog\/#\/schema\/person\/image\/","url":"https:\/\/dicodusport.fr\/blog\/wp-content\/uploads\/2021\/05\/Nicolas-Jacquemard-150x150.jpeg","contentUrl":"https:\/\/dicodusport.fr\/blog\/wp-content\/uploads\/2021\/05\/Nicolas-Jacquemard-150x150.jpeg","caption":"Nicolas Jacquemard"},"description":"Passionn\u00e9 de sport et entrepreneur depuis mes 18 ans, la cr\u00e9ation de Dicodusport m'a sembl\u00e9 \u00e9vidente pour participer \u00e0 la m\u00e9diatisation d'un plus grand nombre de sports. Le chemin est long mais avec une \u00e9quipe des plus motiv\u00e9es et les Jeux Olympiques de Paris 2024 en point de mire, nous y arriverons ! Journaliste dans le monde du sport depuis plus de 5 ans, je traite aussi bien de football, de rugby, de biathlon que de cyclisme.","sameAs":["https:\/\/www.facebook.com\/dicodusport","https:\/\/x.com\/https:\/\/twitter.com\/Nico_Jacquemard"],"url":"https:\/\/dicodusport.fr\/blog\/author\/dicodusport\/"}]}},"_links":{"self":[{"href":"https:\/\/dicodusport.fr\/blog\/wp-json\/wp\/v2\/posts\/53075","targetHints":{"allow":["GET"]}}],"collection":[{"href":"https:\/\/dicodusport.fr\/blog\/wp-json\/wp\/v2\/posts"}],"about":[{"href":"https:\/\/dicodusport.fr\/blog\/wp-json\/wp\/v2\/types\/post"}],"author":[{"embeddable":true,"href":"https:\/\/dicodusport.fr\/blog\/wp-json\/wp\/v2\/users\/1"}],"replies":[{"embeddable":true,"href":"https:\/\/dicodusport.fr\/blog\/wp-json\/wp\/v2\/comments?post=53075"}],"version-history":[{"count":0,"href":"https:\/\/dicodusport.fr\/blog\/wp-json\/wp\/v2\/posts\/53075\/revisions"}],"wp:featuredmedia":[{"embeddable":true,"href":"https:\/\/dicodusport.fr\/blog\/wp-json\/wp\/v2\/media\/53081"}],"wp:attachment":[{"href":"https:\/\/dicodusport.fr\/blog\/wp-json\/wp\/v2\/media?parent=53075"}],"wp:term":[{"taxonomy":"category","embeddable":true,"href":"https:\/\/dicodusport.fr\/blog\/wp-json\/wp\/v2\/categories?post=53075"},{"taxonomy":"post_tag","embeddable":true,"href":"https:\/\/dicodusport.fr\/blog\/wp-json\/wp\/v2\/tags?post=53075"}],"curies":[{"name":"wp","href":"https:\/\/api.w.org\/{rel}","templated":true}]}}