{"id":53087,"date":"2019-11-08T16:48:58","date_gmt":"2019-11-08T15:48:58","guid":{"rendered":"http:\/\/dicodusport.fr\/blog\/?p=53087"},"modified":"2019-11-08T16:48:58","modified_gmt":"2019-11-08T15:48:58","slug":"olympico-annonce-bouillant-tout-autant-indecis","status":"publish","type":"post","link":"https:\/\/dicodusport.fr\/blog\/olympico-annonce-bouillant-tout-autant-indecis\/","title":{"rendered":"L\u2019Olympico s\u2019annonce bouillant et tout autant ind\u00e9cis"},"content":{"rendered":"<p style=\"text-align: justify;\"><em><strong>Dimanche soir \u00e0 21h, la Ligue 1 Conforama s\u2019appr\u00eate \u00e0 \u00eatre bouscul\u00e9e \u00e0 l\u2019Orange V\u00e9lodrome avec la r\u00e9ception de l\u2019Olympique Lyonnais par l\u2019Olympique de Marseille. Certainement aujourd\u2019hui la rivalit\u00e9 la plus consistante dans le championnat de France.<\/strong><\/em><\/p>\n<h2 style=\"text-align: justify;\">Attention, les Lyonnais aiment le V\u00e9lodrome<\/h2>\n<p style=\"text-align: justify;\">Dans cette <strong>Ligue 1 Conforama<\/strong> tr\u00e8s serr\u00e9e, l\u2019<a href=\"https:\/\/www.om.fr\/fr\" target=\"_blank\" rel=\"noopener\"><strong>OM<\/strong><\/a> (4<sup>\u00e8me<\/sup>avec 19 points) accueille le 10<sup>\u00e8me<\/sup>du championnat, l\u2019<a href=\"https:\/\/www.ol.fr\/fr-fr\/\" target=\"_blank\" rel=\"noopener\"><strong>OL<\/strong><\/a> (16 points). Un match important pour les deux \u00e9quipes dans l\u2019optique de l\u2019Europe mais aussi pour distancer son rival ou au contraire s\u2019en rapprocher. Ces derniers temps, les lyonnais aiment se d\u00e9placer dans le bouillant <strong>V\u00e9lodrome<\/strong>\u00a0: rappelez-vous la saison pass\u00e9e, les hommes de <strong>Rudi Garcia<\/strong>, actuel coach de <strong>Lyon<\/strong> et ancien de <strong>Marseille,<\/strong>\u00a0s\u2019\u00e9taient inclin\u00e9s 0-3 dans une ambiance aust\u00e8re \u00e0 Marseille.<\/p>\n<p style=\"text-align: justify;\">Sur les 5 derni\u00e8res rencontres, l\u2019<strong>OM<\/strong> ne s\u2019est impos\u00e9 qu\u2019une seule fois dans son antre contre 2 nuls et 2 d\u00e9faites. Si <strong>Lyon<\/strong> n\u2019est pas dans la forme de sa vie, les deux derni\u00e8res victoires avec une attaque performante face \u00e0 Toulouse et au Benfica sont un vrai danger pour la d\u00e9fense olympienne. Attention tout de m\u00eame \u00e0 l\u2019<strong>absence probable de Depay<\/strong>, annonc\u00e9 forfait, qui porte litt\u00e9ralement l\u2019OL depuis la mise en place de <strong>Rudi Garcia<\/strong> en tant que coach des Gones.<\/p>\n<div id=\"attachment_53089\" style=\"width: 890px\" class=\"wp-caption aligncenter\"><img loading=\"lazy\" decoding=\"async\" aria-describedby=\"caption-attachment-53089\" class=\"size-full wp-image-53089\" src=\"http:\/\/dicodusport.fr\/blog\/wp-content\/uploads\/2019\/11\/OL.jpg\" alt=\"\" width=\"880\" height=\"586\" srcset=\"https:\/\/dicodusport.fr\/blog\/wp-content\/uploads\/2019\/11\/OL.jpg 880w, https:\/\/dicodusport.fr\/blog\/wp-content\/uploads\/2019\/11\/OL-300x200.jpg 300w, https:\/\/dicodusport.fr\/blog\/wp-content\/uploads\/2019\/11\/OL-768x511.jpg 768w\" sizes=\"auto, (max-width: 880px) 100vw, 880px\" \/><p id=\"caption-attachment-53089\" class=\"wp-caption-text\">L&rsquo;OL s&rsquo;\u00e9tait impos\u00e9 tranquillement 0-3 la saison pass\u00e9e au V\u00e9lodrome &#8211; AFP<\/p><\/div>\n<h2 style=\"text-align: justify;\">AVB a apport\u00e9 un nouveau souffle<\/h2>\n<p style=\"text-align: justify;\">L\u2019<strong>Orange V\u00e9lodrome<\/strong> et tout Marseille le savent\u00a0: pas le droit \u00e0 l\u2019erreur dimanche soir. Dans un stade comble (plus de 64000 spectateurs attendus), l\u2019<strong>OM<\/strong> se sait attendu. Avec des performances en dents de scie et la <strong>d\u00e9faite au Parc des Princes<\/strong>, il y a un sentiment de r\u00e9volte dans les rangs marseillais, que ce soit en tribunes ou au sein de l\u2019effectif.<\/p>\n<p style=\"text-align: justify;\">La <strong>victoire face \u00e0 Lille<\/strong> samedi dernier \u00e0 soulag\u00e9 tout le monde avant l\u2019<strong>Olympico<\/strong>. Il y aura donc une ambiance \u00e9lectrique \u00e0 Marseille dimanche pour la r\u00e9ception de son nouveau rival en Ligue 1. De plus, le retour de <strong>Rudi Garcia<\/strong>, qui a quitt\u00e9 l\u2019<strong>OM<\/strong> sur de mauvais rapports il y a peu va valoir le d\u00e9tour. Ce vendredi apr\u00e8s-midi, <strong>Dimitri Payet<\/strong>, ancien capitaine sous Garcia, a allum\u00e9 la m\u00e8che\u00a0:<\/p>\n<blockquote>\n<p style=\"text-align: justify;\"><em>\u00c7a fait bizarre de le voir dans le camp d\u2019en face.\u00a0Il y a quelques mois, quand on recevait Lyon, il avait eu une causerie sur les joueurs lyonnais, les supporters lyonnais, le pr\u00e9sident lyonnais\u2026 \u00e7a fait bizarre qu\u2019il postule pour ce club trois mois apr\u00e8s, a-t-il lanc\u00e9. Ce qu\u2019il avait dit ? Je n\u2019irai pas dans le d\u00e9tail, mais on va dire que je n\u2019aimerais pas qu\u2019il parle de nous comme \u00e7a.<br \/>\n<\/em><\/p>\n<\/blockquote>\n<blockquote class=\"twitter-tweet\" data-lang=\"fr\">\n<p dir=\"ltr\" lang=\"fr\">Dimitri Payet : \u00ab\u00a0La diff\u00e9rence la plus flagrante entre Andr\u00e9 Villas-Boas et <a href=\"https:\/\/twitter.com\/RudiGarcia?ref_src=twsrc%5Etfw\">@RudiGarcia<\/a>, c&rsquo;est qu&rsquo;aujourd&rsquo;hui, on a un coach qui parle avec son coeur, qui dit les choses et qui parle \u00ab\u00a0fran\u00e7ais\u00a0\u00bb, qui n&rsquo;essaie pas de faire de la langue de bois sur les sujets sensibles.\u00a0\u00bb<a href=\"https:\/\/twitter.com\/hashtag\/TeamOM?src=hash&amp;ref_src=twsrc%5Etfw\">#TeamOM<\/a><\/p>\n<p>\u2014 #TeamOM Officiel (@TeamOM_Officiel) <a href=\"https:\/\/twitter.com\/TeamOM_Officiel\/status\/1192796076690067463?ref_src=twsrc%5Etfw\">8 novembre 2019<\/a><\/p><\/blockquote>\n<p><script async src=\"https:\/\/platform.twitter.com\/widgets.js\" charset=\"utf-8\"><\/script><\/p>\n<p style=\"text-align: justify;\">Le match est d\u00e9j\u00e0 lanc\u00e9. Rudi Garcia n\u2019a pas souhait\u00e9 r\u00e9pondre aux propos du r\u00e9unionnais. Vite, dimanche soir pour le duel des Olympiques le plus c\u00e9l\u00e8bre de la <strong>Ligue 1 Conforama<\/strong>.<\/p>\n<p><em><strong>Romain Delanis<br \/>\n<\/strong><\/em><em><strong><a href=\"https:\/\/twitter.com\/RDelanis\" target=\"_blank\" rel=\"noopener noreferrer\"><img loading=\"lazy\" decoding=\"async\" class=\"alignnone wp-image-2908\" src=\"http:\/\/dicodusport.fr\/blog\/wp-content\/uploads\/2017\/07\/logo-twitter-150x150.png\" alt=\"\" width=\"39\" height=\"39\" \/><\/a><\/strong><\/em><\/p>\n","protected":false},"excerpt":{"rendered":"<p>Dimanche soir \u00e0 21h, la Ligue 1 Conforama s\u2019appr\u00eate \u00e0 \u00eatre bouscul\u00e9e \u00e0 l\u2019Orange V\u00e9lodrome avec la r\u00e9ception de l\u2019Olympique Lyonnais par l\u2019Olympique de Marseille. Certainement aujourd\u2019hui la rivalit\u00e9 la plus consistante dans le championnat de France.<\/p>\n","protected":false},"author":14,"featured_media":53094,"comment_status":"open","ping_status":"closed","sticky":false,"template":"","format":"standard","meta":{"_acf_changed":false,"_daextam_enable_autolinks":"","footnotes":""},"categories":[2301],"tags":[4542,75,4883,1145,1889,1954],"class_list":["post-53087","post","type-post","status-publish","format-standard","has-post-thumbnail","hentry","category-football","tag-dimitri-payet","tag-football","tag-ligue-1-conforama","tag-ol","tag-om","tag-rudi-garcia"],"acf":[],"yoast_head":"<!-- This site is optimized with the Yoast SEO Premium plugin v26.7 (Yoast SEO v26.7) - https:\/\/yoast.com\/wordpress\/plugins\/seo\/ -->\n<title>L\u2019Olympico s\u2019annonce bouillant et tout autant ind\u00e9cis<\/title>\n<meta name=\"description\" content=\"Dimanche soir \u00e0 21h, la Ligue 1 Conforama s\u2019appr\u00eate \u00e0 \u00eatre bouscul\u00e9e \u00e0 l\u2019Orange V\u00e9lodrome lors de l&#039;Olympico, avec la r\u00e9ception de l&#039;OL par l&#039;OM.\" \/>\n<meta name=\"robots\" content=\"index, follow, max-snippet:-1, max-image-preview:large, max-video-preview:-1\" \/>\n<link rel=\"canonical\" href=\"https:\/\/dicodusport.fr\/blog\/olympico-annonce-bouillant-tout-autant-indecis\/\" \/>\n<meta property=\"og:locale\" content=\"fr_FR\" \/>\n<meta property=\"og:type\" content=\"article\" \/>\n<meta property=\"og:title\" content=\"L\u2019Olympico s\u2019annonce bouillant et tout autant ind\u00e9cis\" \/>\n<meta property=\"og:description\" content=\"Dimanche soir \u00e0 21h, la Ligue 1 Conforama s\u2019appr\u00eate \u00e0 \u00eatre bouscul\u00e9e \u00e0 l\u2019Orange V\u00e9lodrome lors de l&#039;Olympico, avec la r\u00e9ception de l&#039;OL par l&#039;OM.\" \/>\n<meta property=\"og:url\" content=\"https:\/\/dicodusport.fr\/blog\/olympico-annonce-bouillant-tout-autant-indecis\/\" \/>\n<meta property=\"og:site_name\" content=\"Dicodusport\" \/>\n<meta property=\"article:publisher\" content=\"https:\/\/www.facebook.com\/dicodusport\" \/>\n<meta property=\"article:published_time\" content=\"2019-11-08T15:48:58+00:00\" \/>\n<meta property=\"og:image\" content=\"https:\/\/dicodusport.fr\/blog\/wp-content\/uploads\/2019\/11\/L\u2019Olympico-s\u2019annonce-bouillant-et-tout-autant-ind\u00e9cis.png\" \/>\n\t<meta property=\"og:image:width\" content=\"800\" \/>\n\t<meta property=\"og:image:height\" content=\"445\" \/>\n\t<meta property=\"og:image:type\" content=\"image\/png\" \/>\n<meta name=\"author\" content=\"Romain Delanis\" \/>\n<meta name=\"twitter:card\" content=\"summary_large_image\" \/>\n<meta name=\"twitter:title\" content=\"L\u2019Olympico s\u2019annonce bouillant et tout autant ind\u00e9cis\" \/>\n<meta name=\"twitter:creator\" content=\"@https:\/\/twitter.com\/RDelanis\" \/>\n<meta name=\"twitter:site\" content=\"@dicodusport\" \/>\n<script type=\"application\/ld+json\" class=\"yoast-schema-graph\">{\"@context\":\"https:\/\/schema.org\",\"@graph\":[{\"@type\":\"NewsArticle\",\"@id\":\"https:\/\/dicodusport.fr\/blog\/olympico-annonce-bouillant-tout-autant-indecis\/#article\",\"isPartOf\":{\"@id\":\"https:\/\/dicodusport.fr\/blog\/olympico-annonce-bouillant-tout-autant-indecis\/\"},\"author\":{\"name\":\"Romain Delanis\",\"@id\":\"https:\/\/dicodusport.fr\/blog\/#\/schema\/person\/8c78730a59f8a1e617f7a19026ebc14a\"},\"headline\":\"L\u2019Olympico s\u2019annonce bouillant et tout autant ind\u00e9cis\",\"datePublished\":\"2019-11-08T15:48:58+00:00\",\"mainEntityOfPage\":{\"@id\":\"https:\/\/dicodusport.fr\/blog\/olympico-annonce-bouillant-tout-autant-indecis\/\"},\"wordCount\":579,\"commentCount\":0,\"publisher\":{\"@id\":\"https:\/\/dicodusport.fr\/blog\/#organization\"},\"image\":{\"@id\":\"https:\/\/dicodusport.fr\/blog\/olympico-annonce-bouillant-tout-autant-indecis\/#primaryimage\"},\"thumbnailUrl\":\"https:\/\/dicodusport.fr\/blog\/wp-content\/uploads\/2019\/11\/L\u2019Olympico-s\u2019annonce-bouillant-et-tout-autant-ind\u00e9cis.png\",\"keywords\":[\"Dimitri Payet\",\"Football\",\"Ligue 1 Conforama\",\"OL\",\"OM\",\"Rudi Garcia\"],\"articleSection\":[\"Football\"],\"inLanguage\":\"fr-FR\",\"potentialAction\":[{\"@type\":\"CommentAction\",\"name\":\"Comment\",\"target\":[\"https:\/\/dicodusport.fr\/blog\/olympico-annonce-bouillant-tout-autant-indecis\/#respond\"]}],\"copyrightYear\":\"2019\",\"copyrightHolder\":{\"@id\":\"https:\/\/dicodusport.fr\/blog\/#organization\"}},{\"@type\":\"WebPage\",\"@id\":\"https:\/\/dicodusport.fr\/blog\/olympico-annonce-bouillant-tout-autant-indecis\/\",\"url\":\"https:\/\/dicodusport.fr\/blog\/olympico-annonce-bouillant-tout-autant-indecis\/\",\"name\":\"L\u2019Olympico s\u2019annonce bouillant et tout autant ind\u00e9cis\",\"isPartOf\":{\"@id\":\"https:\/\/dicodusport.fr\/blog\/#website\"},\"primaryImageOfPage\":{\"@id\":\"https:\/\/dicodusport.fr\/blog\/olympico-annonce-bouillant-tout-autant-indecis\/#primaryimage\"},\"image\":{\"@id\":\"https:\/\/dicodusport.fr\/blog\/olympico-annonce-bouillant-tout-autant-indecis\/#primaryimage\"},\"thumbnailUrl\":\"https:\/\/dicodusport.fr\/blog\/wp-content\/uploads\/2019\/11\/L\u2019Olympico-s\u2019annonce-bouillant-et-tout-autant-ind\u00e9cis.png\",\"datePublished\":\"2019-11-08T15:48:58+00:00\",\"description\":\"Dimanche soir \u00e0 21h, la Ligue 1 Conforama s\u2019appr\u00eate \u00e0 \u00eatre bouscul\u00e9e \u00e0 l\u2019Orange V\u00e9lodrome lors de l'Olympico, avec la r\u00e9ception de l'OL par l'OM.\",\"breadcrumb\":{\"@id\":\"https:\/\/dicodusport.fr\/blog\/olympico-annonce-bouillant-tout-autant-indecis\/#breadcrumb\"},\"inLanguage\":\"fr-FR\",\"potentialAction\":[{\"@type\":\"ReadAction\",\"target\":[\"https:\/\/dicodusport.fr\/blog\/olympico-annonce-bouillant-tout-autant-indecis\/\"]}]},{\"@type\":\"ImageObject\",\"inLanguage\":\"fr-FR\",\"@id\":\"https:\/\/dicodusport.fr\/blog\/olympico-annonce-bouillant-tout-autant-indecis\/#primaryimage\",\"url\":\"https:\/\/dicodusport.fr\/blog\/wp-content\/uploads\/2019\/11\/L\u2019Olympico-s\u2019annonce-bouillant-et-tout-autant-ind\u00e9cis.png\",\"contentUrl\":\"https:\/\/dicodusport.fr\/blog\/wp-content\/uploads\/2019\/11\/L\u2019Olympico-s\u2019annonce-bouillant-et-tout-autant-ind\u00e9cis.png\",\"width\":800,\"height\":445,\"caption\":\"L\u2019Olympico s\u2019annonce bouillant et tout autant ind\u00e9cis\"},{\"@type\":\"BreadcrumbList\",\"@id\":\"https:\/\/dicodusport.fr\/blog\/olympico-annonce-bouillant-tout-autant-indecis\/#breadcrumb\",\"itemListElement\":[{\"@type\":\"ListItem\",\"position\":1,\"name\":\"Accueil\",\"item\":\"https:\/\/dicodusport.fr\/blog\/\"},{\"@type\":\"ListItem\",\"position\":2,\"name\":\"L\u2019Olympico s\u2019annonce bouillant et tout autant ind\u00e9cis\"}]},{\"@type\":\"WebSite\",\"@id\":\"https:\/\/dicodusport.fr\/blog\/#website\",\"url\":\"https:\/\/dicodusport.fr\/blog\/\",\"name\":\"Dicodusport\",\"description\":\"L&#039;encyclop\u00e9die de l&#039;actualit\u00e9 sportive\",\"publisher\":{\"@id\":\"https:\/\/dicodusport.fr\/blog\/#organization\"},\"potentialAction\":[{\"@type\":\"SearchAction\",\"target\":{\"@type\":\"EntryPoint\",\"urlTemplate\":\"https:\/\/dicodusport.fr\/blog\/?s={search_term_string}\"},\"query-input\":{\"@type\":\"PropertyValueSpecification\",\"valueRequired\":true,\"valueName\":\"search_term_string\"}}],\"inLanguage\":\"fr-FR\"},{\"@type\":\"NewsMediaOrganization\",\"@id\":\"https:\/\/dicodusport.fr\/blog\/#organization\",\"name\":\"Dicodusport\",\"url\":\"https:\/\/dicodusport.fr\/blog\/\",\"logo\":{\"@type\":\"ImageObject\",\"inLanguage\":\"fr-FR\",\"@id\":\"https:\/\/dicodusport.fr\/blog\/#\/schema\/logo\/image\/\",\"url\":\"https:\/\/dicodusport.fr\/blog\/wp-content\/uploads\/2020\/06\/cropped-LOGO-DICODUSPORT-2020-SANS-FOND-SANS-TEXTE.png\",\"contentUrl\":\"https:\/\/dicodusport.fr\/blog\/wp-content\/uploads\/2020\/06\/cropped-LOGO-DICODUSPORT-2020-SANS-FOND-SANS-TEXTE.png\",\"width\":512,\"height\":512,\"caption\":\"Dicodusport\"},\"image\":{\"@id\":\"https:\/\/dicodusport.fr\/blog\/#\/schema\/logo\/image\/\"},\"sameAs\":[\"https:\/\/www.facebook.com\/dicodusport\",\"https:\/\/x.com\/dicodusport\",\"https:\/\/www.instagram.com\/dicodusport\/\",\"https:\/\/www.youtube.com\/channel\/UC7V2KZ5sd3htJivAbA4ZG3w\"],\"description\":\"Dicodusport est l'encyclop\u00e9die de l'actualit\u00e9 sportive.\",\"email\":\"bonjour@dicodusport.fr\",\"legalName\":\"DICODUSPORT\",\"foundingDate\":\"2018-01-14\",\"vatID\":\"FR71834470973\",\"taxID\":\"83447097300043\",\"numberOfEmployees\":{\"@type\":\"QuantitativeValue\",\"minValue\":\"1\",\"maxValue\":\"10\"}},{\"@type\":\"Person\",\"@id\":\"https:\/\/dicodusport.fr\/blog\/#\/schema\/person\/8c78730a59f8a1e617f7a19026ebc14a\",\"name\":\"Romain Delanis\",\"image\":{\"@type\":\"ImageObject\",\"inLanguage\":\"fr-FR\",\"@id\":\"https:\/\/dicodusport.fr\/blog\/#\/schema\/person\/image\/\",\"url\":\"https:\/\/dicodusport.fr\/blog\/wp-content\/uploads\/2021\/05\/Romain-Delanis-150x150.jpg\",\"contentUrl\":\"https:\/\/dicodusport.fr\/blog\/wp-content\/uploads\/2021\/05\/Romain-Delanis-150x150.jpg\",\"caption\":\"Romain Delanis\"},\"description\":\"Journaliste\/R\u00e9dacteur depuis novembre 2015 - Capable de passer un samedi apr\u00e8s-midi devant la Ligue 2 puis le biathlon sans oublier la finale de l\u2019ATP Rotterdam, j\u2019aime aussi mettre mon r\u00e9veil pour me faire un Pistons\/Bulls qui rappelle de bons souvenirs. Tout cela, j\u2019ai choisi il y a maintenant quelques temps de vous le raconter avec Dicodusport, pour vous faire vivre ma passion parfois inconsid\u00e9r\u00e9e pour le sport en g\u00e9n\u00e9ral (mais surtout le foot faut se l\u2019avouer).\",\"sameAs\":[\"https:\/\/x.com\/https:\/\/twitter.com\/RDelanis\"],\"url\":\"https:\/\/dicodusport.fr\/blog\/author\/romain\/\"}]}<\/script>\n<!-- \/ Yoast SEO Premium plugin. -->","yoast_head_json":{"title":"L\u2019Olympico s\u2019annonce bouillant et tout autant ind\u00e9cis","description":"Dimanche soir \u00e0 21h, la Ligue 1 Conforama s\u2019appr\u00eate \u00e0 \u00eatre bouscul\u00e9e \u00e0 l\u2019Orange V\u00e9lodrome lors de l'Olympico, avec la r\u00e9ception de l'OL par l'OM.","robots":{"index":"index","follow":"follow","max-snippet":"max-snippet:-1","max-image-preview":"max-image-preview:large","max-video-preview":"max-video-preview:-1"},"canonical":"https:\/\/dicodusport.fr\/blog\/olympico-annonce-bouillant-tout-autant-indecis\/","og_locale":"fr_FR","og_type":"article","og_title":"L\u2019Olympico s\u2019annonce bouillant et tout autant ind\u00e9cis","og_description":"Dimanche soir \u00e0 21h, la Ligue 1 Conforama s\u2019appr\u00eate \u00e0 \u00eatre bouscul\u00e9e \u00e0 l\u2019Orange V\u00e9lodrome lors de l'Olympico, avec la r\u00e9ception de l'OL par l'OM.","og_url":"https:\/\/dicodusport.fr\/blog\/olympico-annonce-bouillant-tout-autant-indecis\/","og_site_name":"Dicodusport","article_publisher":"https:\/\/www.facebook.com\/dicodusport","article_published_time":"2019-11-08T15:48:58+00:00","og_image":[{"width":800,"height":445,"url":"https:\/\/dicodusport.fr\/blog\/wp-content\/uploads\/2019\/11\/L\u2019Olympico-s\u2019annonce-bouillant-et-tout-autant-ind\u00e9cis.png","type":"image\/png"}],"author":"Romain Delanis","twitter_card":"summary_large_image","twitter_title":"L\u2019Olympico s\u2019annonce bouillant et tout autant ind\u00e9cis","twitter_creator":"@https:\/\/twitter.com\/RDelanis","twitter_site":"@dicodusport","schema":{"@context":"https:\/\/schema.org","@graph":[{"@type":"NewsArticle","@id":"https:\/\/dicodusport.fr\/blog\/olympico-annonce-bouillant-tout-autant-indecis\/#article","isPartOf":{"@id":"https:\/\/dicodusport.fr\/blog\/olympico-annonce-bouillant-tout-autant-indecis\/"},"author":{"name":"Romain Delanis","@id":"https:\/\/dicodusport.fr\/blog\/#\/schema\/person\/8c78730a59f8a1e617f7a19026ebc14a"},"headline":"L\u2019Olympico s\u2019annonce bouillant et tout autant ind\u00e9cis","datePublished":"2019-11-08T15:48:58+00:00","mainEntityOfPage":{"@id":"https:\/\/dicodusport.fr\/blog\/olympico-annonce-bouillant-tout-autant-indecis\/"},"wordCount":579,"commentCount":0,"publisher":{"@id":"https:\/\/dicodusport.fr\/blog\/#organization"},"image":{"@id":"https:\/\/dicodusport.fr\/blog\/olympico-annonce-bouillant-tout-autant-indecis\/#primaryimage"},"thumbnailUrl":"https:\/\/dicodusport.fr\/blog\/wp-content\/uploads\/2019\/11\/L\u2019Olympico-s\u2019annonce-bouillant-et-tout-autant-ind\u00e9cis.png","keywords":["Dimitri Payet","Football","Ligue 1 Conforama","OL","OM","Rudi Garcia"],"articleSection":["Football"],"inLanguage":"fr-FR","potentialAction":[{"@type":"CommentAction","name":"Comment","target":["https:\/\/dicodusport.fr\/blog\/olympico-annonce-bouillant-tout-autant-indecis\/#respond"]}],"copyrightYear":"2019","copyrightHolder":{"@id":"https:\/\/dicodusport.fr\/blog\/#organization"}},{"@type":"WebPage","@id":"https:\/\/dicodusport.fr\/blog\/olympico-annonce-bouillant-tout-autant-indecis\/","url":"https:\/\/dicodusport.fr\/blog\/olympico-annonce-bouillant-tout-autant-indecis\/","name":"L\u2019Olympico s\u2019annonce bouillant et tout autant ind\u00e9cis","isPartOf":{"@id":"https:\/\/dicodusport.fr\/blog\/#website"},"primaryImageOfPage":{"@id":"https:\/\/dicodusport.fr\/blog\/olympico-annonce-bouillant-tout-autant-indecis\/#primaryimage"},"image":{"@id":"https:\/\/dicodusport.fr\/blog\/olympico-annonce-bouillant-tout-autant-indecis\/#primaryimage"},"thumbnailUrl":"https:\/\/dicodusport.fr\/blog\/wp-content\/uploads\/2019\/11\/L\u2019Olympico-s\u2019annonce-bouillant-et-tout-autant-ind\u00e9cis.png","datePublished":"2019-11-08T15:48:58+00:00","description":"Dimanche soir \u00e0 21h, la Ligue 1 Conforama s\u2019appr\u00eate \u00e0 \u00eatre bouscul\u00e9e \u00e0 l\u2019Orange V\u00e9lodrome lors de l'Olympico, avec la r\u00e9ception de l'OL par l'OM.","breadcrumb":{"@id":"https:\/\/dicodusport.fr\/blog\/olympico-annonce-bouillant-tout-autant-indecis\/#breadcrumb"},"inLanguage":"fr-FR","potentialAction":[{"@type":"ReadAction","target":["https:\/\/dicodusport.fr\/blog\/olympico-annonce-bouillant-tout-autant-indecis\/"]}]},{"@type":"ImageObject","inLanguage":"fr-FR","@id":"https:\/\/dicodusport.fr\/blog\/olympico-annonce-bouillant-tout-autant-indecis\/#primaryimage","url":"https:\/\/dicodusport.fr\/blog\/wp-content\/uploads\/2019\/11\/L\u2019Olympico-s\u2019annonce-bouillant-et-tout-autant-ind\u00e9cis.png","contentUrl":"https:\/\/dicodusport.fr\/blog\/wp-content\/uploads\/2019\/11\/L\u2019Olympico-s\u2019annonce-bouillant-et-tout-autant-ind\u00e9cis.png","width":800,"height":445,"caption":"L\u2019Olympico s\u2019annonce bouillant et tout autant ind\u00e9cis"},{"@type":"BreadcrumbList","@id":"https:\/\/dicodusport.fr\/blog\/olympico-annonce-bouillant-tout-autant-indecis\/#breadcrumb","itemListElement":[{"@type":"ListItem","position":1,"name":"Accueil","item":"https:\/\/dicodusport.fr\/blog\/"},{"@type":"ListItem","position":2,"name":"L\u2019Olympico s\u2019annonce bouillant et tout autant ind\u00e9cis"}]},{"@type":"WebSite","@id":"https:\/\/dicodusport.fr\/blog\/#website","url":"https:\/\/dicodusport.fr\/blog\/","name":"Dicodusport","description":"L&#039;encyclop\u00e9die de l&#039;actualit\u00e9 sportive","publisher":{"@id":"https:\/\/dicodusport.fr\/blog\/#organization"},"potentialAction":[{"@type":"SearchAction","target":{"@type":"EntryPoint","urlTemplate":"https:\/\/dicodusport.fr\/blog\/?s={search_term_string}"},"query-input":{"@type":"PropertyValueSpecification","valueRequired":true,"valueName":"search_term_string"}}],"inLanguage":"fr-FR"},{"@type":"NewsMediaOrganization","@id":"https:\/\/dicodusport.fr\/blog\/#organization","name":"Dicodusport","url":"https:\/\/dicodusport.fr\/blog\/","logo":{"@type":"ImageObject","inLanguage":"fr-FR","@id":"https:\/\/dicodusport.fr\/blog\/#\/schema\/logo\/image\/","url":"https:\/\/dicodusport.fr\/blog\/wp-content\/uploads\/2020\/06\/cropped-LOGO-DICODUSPORT-2020-SANS-FOND-SANS-TEXTE.png","contentUrl":"https:\/\/dicodusport.fr\/blog\/wp-content\/uploads\/2020\/06\/cropped-LOGO-DICODUSPORT-2020-SANS-FOND-SANS-TEXTE.png","width":512,"height":512,"caption":"Dicodusport"},"image":{"@id":"https:\/\/dicodusport.fr\/blog\/#\/schema\/logo\/image\/"},"sameAs":["https:\/\/www.facebook.com\/dicodusport","https:\/\/x.com\/dicodusport","https:\/\/www.instagram.com\/dicodusport\/","https:\/\/www.youtube.com\/channel\/UC7V2KZ5sd3htJivAbA4ZG3w"],"description":"Dicodusport est l'encyclop\u00e9die de l'actualit\u00e9 sportive.","email":"bonjour@dicodusport.fr","legalName":"DICODUSPORT","foundingDate":"2018-01-14","vatID":"FR71834470973","taxID":"83447097300043","numberOfEmployees":{"@type":"QuantitativeValue","minValue":"1","maxValue":"10"}},{"@type":"Person","@id":"https:\/\/dicodusport.fr\/blog\/#\/schema\/person\/8c78730a59f8a1e617f7a19026ebc14a","name":"Romain Delanis","image":{"@type":"ImageObject","inLanguage":"fr-FR","@id":"https:\/\/dicodusport.fr\/blog\/#\/schema\/person\/image\/","url":"https:\/\/dicodusport.fr\/blog\/wp-content\/uploads\/2021\/05\/Romain-Delanis-150x150.jpg","contentUrl":"https:\/\/dicodusport.fr\/blog\/wp-content\/uploads\/2021\/05\/Romain-Delanis-150x150.jpg","caption":"Romain Delanis"},"description":"Journaliste\/R\u00e9dacteur depuis novembre 2015 - Capable de passer un samedi apr\u00e8s-midi devant la Ligue 2 puis le biathlon sans oublier la finale de l\u2019ATP Rotterdam, j\u2019aime aussi mettre mon r\u00e9veil pour me faire un Pistons\/Bulls qui rappelle de bons souvenirs. Tout cela, j\u2019ai choisi il y a maintenant quelques temps de vous le raconter avec Dicodusport, pour vous faire vivre ma passion parfois inconsid\u00e9r\u00e9e pour le sport en g\u00e9n\u00e9ral (mais surtout le foot faut se l\u2019avouer).","sameAs":["https:\/\/x.com\/https:\/\/twitter.com\/RDelanis"],"url":"https:\/\/dicodusport.fr\/blog\/author\/romain\/"}]}},"_links":{"self":[{"href":"https:\/\/dicodusport.fr\/blog\/wp-json\/wp\/v2\/posts\/53087","targetHints":{"allow":["GET"]}}],"collection":[{"href":"https:\/\/dicodusport.fr\/blog\/wp-json\/wp\/v2\/posts"}],"about":[{"href":"https:\/\/dicodusport.fr\/blog\/wp-json\/wp\/v2\/types\/post"}],"author":[{"embeddable":true,"href":"https:\/\/dicodusport.fr\/blog\/wp-json\/wp\/v2\/users\/14"}],"replies":[{"embeddable":true,"href":"https:\/\/dicodusport.fr\/blog\/wp-json\/wp\/v2\/comments?post=53087"}],"version-history":[{"count":0,"href":"https:\/\/dicodusport.fr\/blog\/wp-json\/wp\/v2\/posts\/53087\/revisions"}],"wp:featuredmedia":[{"embeddable":true,"href":"https:\/\/dicodusport.fr\/blog\/wp-json\/wp\/v2\/media\/53094"}],"wp:attachment":[{"href":"https:\/\/dicodusport.fr\/blog\/wp-json\/wp\/v2\/media?parent=53087"}],"wp:term":[{"taxonomy":"category","embeddable":true,"href":"https:\/\/dicodusport.fr\/blog\/wp-json\/wp\/v2\/categories?post=53087"},{"taxonomy":"post_tag","embeddable":true,"href":"https:\/\/dicodusport.fr\/blog\/wp-json\/wp\/v2\/tags?post=53087"}],"curies":[{"name":"wp","href":"https:\/\/api.w.org\/{rel}","templated":true}]}}