{"id":531553,"date":"2024-11-09T23:30:20","date_gmt":"2024-11-09T22:30:20","guid":{"rendered":"https:\/\/dicodusport.fr\/blog\/?p=531553&#038;preview=true&#038;preview_id=531553"},"modified":"2024-11-10T02:00:22","modified_gmt":"2024-11-10T01:00:22","slug":"xv-de-france-les-notes-des-bleus-face-au-japon","status":"publish","type":"post","link":"https:\/\/dicodusport.fr\/blog\/xv-de-france-les-notes-des-bleus-face-au-japon\/","title":{"rendered":"XV de France : Les notes des Bleus face au Japon"},"content":{"rendered":"<h4 style=\"text-align: justify;\"><em>RUGBY TOURN\u00c9E D&rsquo;AUTOMNE &#8211; D\u00e9couvrez les notes du XV de France apr\u00e8s <a href=\"https:\/\/dicodusport.fr\/blog\/rugby-tournee-dautomne-les-bleus-simposent-avec-autorite-face-au-japon\/\">la victoire face au Japon<\/a> (52-12), ce samedi soir.<\/em><\/h4>\n<ul>\n<li style=\"text-align: justify;\"><strong>\u00c0 ce sujet &#8211; <a href=\"https:\/\/dicodusport.fr\/blog\/actualites\/rugby\/rugby-a-xv\/xv-de-france\/\">L&rsquo;actualit\u00e9 du XV de France<\/a><\/strong><\/li>\n<\/ul>\n<h2 style=\"text-align: justify;\">Les avants<\/h2>\n<p style=\"text-align: justify;\"><strong>Jean-Baptiste Gros &#8211; 7<\/strong><\/p>\n<p style=\"text-align: justify;\"><strong>Le + <\/strong>: a \u00e9t\u00e9 pr\u00e9cieux au soutien, et s&rsquo;est parfaitement propos\u00e9 dans la ligne pour y aller de son essai (42e). Tr\u00e8s actif au plaquage.<\/p>\n<p style=\"text-align: justify;\"><strong>Le &#8211; <\/strong>: peu en vue en m\u00eal\u00e9e.<\/p>\n<p style=\"text-align: justify;\"><strong>En bref<\/strong> : sobre mais efficace.<\/p>\n<p style=\"text-align: justify;\"><strong>Peato Mauvaka &#8211; 8 <\/strong><\/p>\n<p style=\"text-align: justify;\"><strong>Le + <\/strong>: infatigable au plaquage, il a us\u00e9 de la na\u00efvet\u00e9 d\u00e9fensive des Japonais pour y aller de son essai. Toujours une grosse activit\u00e9, m\u00eame quand il a gliss\u00e9 en flanker,<\/p>\n<p style=\"text-align: justify;\"><strong>Le &#8211; <\/strong>: pas tr\u00e8s rassurant sur ses lancers<\/p>\n<p style=\"text-align: justify;\"><strong>En bref<\/strong> : toujours un fer de lance du paquet d&rsquo;avants. Le vrai talonneur n\u00b01 ?<\/p>\n<p style=\"text-align: justify;\"><strong>Tevita Tatafu &#8211; 6<\/strong><\/p>\n<p style=\"text-align: justify;\"><strong>Le + <\/strong>: s&rsquo;est propos\u00e9 pour faire avancer dans le jeu courant. Solide en m\u00eal\u00e9e.<\/p>\n<p style=\"text-align: justify;\"><strong>Le &#8211; <\/strong>: son plaquage manqu\u00e9 ouvre la porte pour le premier essai japonais.<\/p>\n<p style=\"text-align: justify;\"><strong>En bref<\/strong> : a \u00e9t\u00e9 dans le coup pour la premi\u00e8re, \u00e0 revoir contre une opposition de plus haut calibre, notamment en m\u00eal\u00e9e.<\/p>\n<ul>\n<li style=\"text-align: justify;\"><strong>\u00c0 ce sujet &#8211; <a href=\"https:\/\/dicodusport.fr\/blog\/calendrier-resultats-et-scores-rugby-tournee-dautomne-2024\/\">Calendrier, r\u00e9sultats et scores Rugby Tourn\u00e9e d\u2019automne 2024<\/a><\/strong><\/li>\n<\/ul>\n<p style=\"text-align: justify;\"><strong>Thibaud Flament (sorti \u00e0 la 33e, remplac\u00e9 par Paul Boudehent, note : 7)<\/strong><\/p>\n<p style=\"text-align: justify;\"><strong>Le + <\/strong>: le Rochelais s&rsquo;est tout de suite mis au diapason au plaquage. Mais surtout, il a inscrit deux essais en force pour conclure deux \u00e9normes s\u00e9quences offensives.<\/p>\n<p style=\"text-align: justify;\"><strong>Le &#8211; <\/strong>: un plaquage manqu\u00e9 qui aurait pu co\u00fbter un essai.<\/p>\n<p style=\"text-align: justify;\"><strong>En bref<\/strong> : Au bon endroit, au bon moment, un rempla\u00e7ant fiable.<\/p>\n<p style=\"text-align: justify;\"><strong>Emmanuel Meafou &#8211; 8<\/strong><\/p>\n<p style=\"text-align: justify;\"><strong>Le + <\/strong>: Un grattage qui d\u00e9bouche sur le troisi\u00e8me essai des Bleus. Une pr\u00e9sence constante dans les rucks pour d\u00e9sorganiser les intentions japonaises.<\/p>\n<p style=\"text-align: justify;\"><strong>Le &#8211; <\/strong>: on cherche quelque chose de n\u00e9gatif sur sa prestation.<\/p>\n<p style=\"text-align: justify;\"><strong>En bref<\/strong> : sa puissance a comme souvent fait du d\u00e9g\u00e2t, notamment dans les rucks. Incontournable.<\/p>\n<p style=\"text-align: justify;\"><strong>Fran\u00e7ois Cros &#8211; 5<\/strong><\/p>\n<p style=\"text-align: justify;\"><strong>Le + <\/strong>: actif au plaquage comme \u00e0 son habitude<\/p>\n<p style=\"text-align: justify;\"><strong>Le &#8211; <\/strong>: pas en vue dans le jeu courant<\/p>\n<p style=\"text-align: justify;\"><strong>En bref<\/strong> : difficile pour lui de briller dans ce genre de match, sera sans doute plus en vue contre les Blacks. Remplac\u00e9 \u00e0 la pause par <strong>Micka\u00ebl Guillard<\/strong>, qui s&rsquo;est notamment signal\u00e9 par un gros plaquage.<\/p>\n<p style=\"text-align: justify;\"><strong>Alexandre Roumat &#8211; 6<\/strong><\/p>\n<p style=\"text-align: justify;\"><strong>Le + <\/strong>: un essai pour lequel il a fait admirer son sens du placement. Impeccable en touche.<\/p>\n<p style=\"text-align: justify;\"><strong>Le &#8211; <\/strong>: co\u00fbte une p\u00e9nalit\u00e9 pour un hors-jeu largement \u00e9vitable. Moins en vue quand il est pass\u00e9 2e ligne.<\/p>\n<p style=\"text-align: justify;\"><strong>En bref<\/strong> : a rempli son contrat, et demeure une option viable \u00e0 son poste.<\/p>\n<p style=\"text-align: justify;\"><strong>Gr\u00e9gory Alldritt &#8211; 7<\/strong><\/p>\n<p style=\"text-align: justify;\"><strong>Le + <\/strong>: m\u00e9tronome dans son r\u00f4le de 8, fait souvent avancer les siens. Encore et toujours un plaqueur infatigable.<\/p>\n<p style=\"text-align: justify;\"><strong>Le &#8211; <\/strong>: Une p\u00e9nalit\u00e9 conc\u00e9d\u00e9e dans un ruck, moins actif qu&rsquo;\u00e0 l&rsquo;accoutum\u00e9e au grattage.<\/p>\n<p style=\"text-align: justify;\"><strong>En bref<\/strong> : On a toujours l&rsquo;impression qu&rsquo;il n&rsquo;est pas \u00e0 son maximum, mais il reste indiscutable.<\/p>\n<p style=\"text-align: center;\"><a href=\"http:\/\/dicodusport.fr\/blog\/xv-de-france-les-notes-des-bleus-face-au-japon\/2\/#charniereettroisquarts\" class=\"su-button su-button-style-flat\" style=\"color:#FFFFFF;background-color:#0057ae;border-color:#00468c;border-radius:4px\" target=\"_self\"><span style=\"color:#FFFFFF;padding:0px 26px;font-size:20px;line-height:40px;border-color:#4d8ac7;border-radius:4px;text-shadow:none\"> Les notes de la charni\u00e8re et des trois-quarts<\/span><\/a>\n<p style=\"text-align: justify;\"><!--nextpage--><\/p>\n<h4 style=\"text-align: justify;\"><a id=\"charniereettroisquarts\"><\/a><strong><em>RUGBY TOURN\u00c9E D&rsquo;AUTOMNE &#8211; D\u00e9couvrez les notes du XV de France apr\u00e8s <a href=\"https:\/\/dicodusport.fr\/blog\/rugby-tournee-dautomne-les-bleus-simposent-avec-autorite-face-au-japon\/\">la victoire face au Japon<\/a> (52-12), ce samedi soir.<\/em><\/strong><\/h4>\n<h2 style=\"text-align: justify;\">La charni\u00e8re<\/h2>\n<p style=\"text-align: justify;\"><strong>Antoine Dupont (cap) &#8211; 8<\/strong><\/p>\n<p style=\"text-align: justify;\"><strong>Le + <\/strong>: une volont\u00e9 de chaque instant de dynamiser. Fixe la d\u00e9fense d\u00e8s qu&rsquo;il porte la balle rien que par son nom. Un \u00ab\u00a0une deux\u00a0\u00bb affolant de simplicit\u00e9 qui offre l&rsquo;essai \u00e0 <strong>Mauvaka<\/strong> (34e). Et une ma\u00eetrise constante. Au-dessus.<\/p>\n<p style=\"text-align: justify;\"><strong>Le &#8211; <\/strong>: Un coup de pied contr\u00e9 qui aurait pu co\u00fbter un essai en moins d&rsquo;une minute. Et un surnombre oubli\u00e9 par gourmandise, heureusement sans cons\u00e9quence.<\/p>\n<p style=\"text-align: justify;\"><strong>En bref<\/strong> : pas besoin d&rsquo;en rajouter, il reste le meilleur joueur fran\u00e7ais<\/p>\n<p style=\"text-align: justify;\"><strong>Thomas Ramos &#8211; 7<\/strong><\/p>\n<p style=\"text-align: justify;\"><strong>Le + <\/strong>: une passe au pied parfaite pour l&rsquo;essai de <strong>Gailleton. <\/strong>Malgr\u00e9 tout plus en vue quand il est repass\u00e9 \u00e0 l&rsquo;arri\u00e8re, avec un grattage parfait sur un ballon chaud.<\/p>\n<p style=\"text-align: justify;\"><strong>Le &#8211; <\/strong>: maladroit sur ses tentatives au pied.<\/p>\n<p style=\"text-align: justify;\"><strong>En bref<\/strong> : animation sans fioritures, une valeur s\u00fbre.<\/p>\n<h2 style=\"text-align: justify;\">Les arri\u00e8res<\/h2>\n<p style=\"text-align: justify;\"><strong>Louis Bielle-Biarrey &#8211; 8<\/strong><\/p>\n<p style=\"text-align: justify;\"><strong>Le + <\/strong>: un premier essai o\u00f9 il a fait admirer sa vitesse et sa malice. Puis un deuxi\u00e8me dont il est \u00e0 l&rsquo;origine et \u00e0 la conclusion. Constamment en mouvement, toujours pr\u00eat \u00e0 une intervention dans la ligne, souvent premier au soutien.<\/p>\n<p style=\"text-align: justify;\"><strong>Le &#8211; <\/strong>: peut-\u00eatre parfois mal plac\u00e9 en d\u00e9fense sur jeu au pied, mais c&rsquo;est pour chercher la petite b\u00eate.<\/p>\n<p style=\"text-align: justify;\"><strong>En bref<\/strong> : indiscutable sur son aile, d&rsquo;un froid r\u00e9alisme : match parfait pour une des nouvelles stars du rugby fran\u00e7ais.<\/p>\n<p style=\"text-align: justify;\"><strong>Yoram Moefana &#8211; 6<\/strong><\/p>\n<p style=\"text-align: justify;\"><strong>Le + <\/strong>: s&rsquo;est parfois propos\u00e9 \u00e0 bon escient en attaque. Solide sur les appuis en d\u00e9fense.<\/p>\n<p style=\"text-align: justify;\"><strong>Le &#8211; <\/strong>: S&rsquo;est \u00e9teint au fur et \u00e0 mesure du match.<\/p>\n<p style=\"text-align: justify;\"><strong>En bref<\/strong> : peut-\u00eatre une belle occasion rat\u00e9e de s&rsquo;imposer pour de bon au centre.<\/p>\n<p style=\"text-align: justify;\"><strong>\u00c9milien Gailleton &#8211; 6<\/strong><\/p>\n<p style=\"text-align: justify;\"><strong>Le + <\/strong>: un essai o\u00f9 il s&rsquo;est parfaitement rendu disponible sur une aile. Actif en d\u00e9fense avec un ballon chaud gratt\u00e9 (25e).<\/p>\n<p style=\"text-align: justify;\"><strong>Le &#8211; <\/strong>: a disparu apr\u00e8s la pause jusqu&rsquo;\u00e0 son remplacement par Ga\u00ebl Fickou.<\/p>\n<p style=\"text-align: justify;\"><strong>En bref<\/strong> : n&rsquo;a pas totalement saisi sa chance, pas certain de le revoir titulaire face aux Blacks.<\/p>\n<p style=\"text-align: justify;\"><b>Th\u00e9o Attissogbe <strong>&#8211; 6<\/strong><\/b><\/p>\n<p style=\"text-align: justify;\"><strong>Le + <\/strong>: une volont\u00e9 \u00e9vidente d&rsquo;amener quelque chose, et il est mont\u00e9 en r\u00e9gime, se montrant plus tranchant en deuxi\u00e8me p\u00e9riode.<\/p>\n<p style=\"text-align: justify;\"><strong>Le &#8211; <\/strong>: a eu du mal \u00e0 se mettre en \u00e9vidence, le jeu ne penchant pas de son c\u00f4t\u00e9.<\/p>\n<p style=\"text-align: justify;\"><strong>En bref<\/strong> : premi\u00e8re mitig\u00e9e pour le Palois, \u00e0 att\u00e9nuer par le fait qu&rsquo;il a appris sa titularisation peu avant le match.<\/p>\n<p style=\"text-align: justify;\"><strong>L\u00e9o Barr\u00e9 &#8211; 6<\/strong><\/p>\n<p style=\"text-align: justify;\"><strong>Le + <\/strong>: toujours bien plac\u00e9 en d\u00e9fense<\/p>\n<p style=\"text-align: justify;\"><strong>Le &#8211; <\/strong>: impr\u00e9cis dans son jeu au pied, un mauvais choix en attaque<\/p>\n<p style=\"text-align: justify;\"><strong>En bref<\/strong> : n&rsquo;a pas pris de r\u00e9els risques, mais on ne lui en demandait pas plus.<\/p>\n<h3 style=\"text-align: justify;\">La note de Fabien Galthi\u00e9 <strong>&#8211; 6<\/strong><\/h3>\n<p style=\"text-align: justify;\"><strong>Le + <\/strong>: l&rsquo;\u00e9quipe compos\u00e9e a parfaitement tourn\u00e9 et fait le travail.<\/p>\n<p style=\"text-align: justify;\"><strong>Le &#8211; <\/strong>: trop de changements dans un faible laps de temps, avec pour cons\u00e9quence un temps faible logique.<\/p>\n<p style=\"text-align: justify;\"><strong>En bref<\/strong> : pas grand-chose \u00e0 signaler, le match contre les Blacks sera plus l&rsquo;occasion de se pencher sur le s\u00e9lectionneur.<\/p>\n<p style=\"text-align: center;\"><a href=\"http:\/\/dicodusport.fr\/blog\/xv-de-france-les-notes-des-bleus-face-au-japon\/\" class=\"su-button su-button-style-flat\" style=\"color:#FFFFFF;background-color:#0057ae;border-color:#00468c;border-radius:4px\" target=\"_self\"><span style=\"color:#FFFFFF;padding:0px 26px;font-size:20px;line-height:40px;border-color:#4d8ac7;border-radius:4px;text-shadow:none\"> Revenir aux avants<\/span><\/a>\n","protected":false},"excerpt":{"rendered":"<p>RUGBY TOURN\u00c9E D&rsquo;AUTOMNE &#8211; D\u00e9couvrez les notes du XV de France apr\u00e8s la victoire face au Japon (52-12), ce samedi soir.<\/p>\n","protected":false},"author":59,"featured_media":531997,"comment_status":"open","ping_status":"closed","sticky":false,"template":"","format":"standard","meta":{"_acf_changed":false,"_daextam_enable_autolinks":"1","footnotes":""},"categories":[9129,19951],"tags":[16878,5905,6649,24,1638],"class_list":["post-531553","post","type-post","status-publish","format-standard","has-post-thumbnail","hentry","category-rugby-a-xv","category-xv-de-france","tag-breve","tag-notes-bleus","tag-notes-xv-de-france","tag-sport","tag-xv-de-france"],"acf":[],"yoast_head":"<!-- This site is optimized with the Yoast SEO Premium plugin v26.7 (Yoast SEO v26.7) - https:\/\/yoast.com\/wordpress\/plugins\/seo\/ -->\n<title>XV de France : Les notes des Bleus face au Japon<\/title>\n<meta name=\"description\" content=\"RUGBY TOURN\u00c9E D&#039;AUTOMNE - D\u00e9couvrez les notes du XV de France apr\u00e8s la victoire face au Japon (52-12), ce samedi soir.\" \/>\n<meta name=\"robots\" content=\"index, follow, max-snippet:-1, max-image-preview:large, max-video-preview:-1\" \/>\n<link rel=\"canonical\" href=\"https:\/\/dicodusport.fr\/blog\/xv-de-france-les-notes-des-bleus-face-au-japon\/\" \/>\n<link rel=\"next\" href=\"https:\/\/dicodusport.fr\/blog\/xv-de-france-les-notes-des-bleus-face-au-japon\/2\/\" \/>\n<meta property=\"og:locale\" content=\"fr_FR\" \/>\n<meta property=\"og:type\" content=\"article\" \/>\n<meta property=\"og:title\" content=\"XV de France : Les notes des Bleus face au Japon\" \/>\n<meta property=\"og:description\" content=\"RUGBY TOURN\u00c9E D&#039;AUTOMNE - D\u00e9couvrez les notes du XV de France apr\u00e8s la victoire face au Japon (52-12), ce samedi soir.\" \/>\n<meta property=\"og:url\" content=\"https:\/\/dicodusport.fr\/blog\/xv-de-france-les-notes-des-bleus-face-au-japon\/\" \/>\n<meta property=\"og:site_name\" content=\"Dicodusport\" \/>\n<meta property=\"article:publisher\" content=\"https:\/\/www.facebook.com\/dicodusport\" \/>\n<meta property=\"article:author\" content=\"https:\/\/www.facebook.com\/sebastien.gente\/\" \/>\n<meta property=\"article:published_time\" content=\"2024-11-09T22:30:20+00:00\" \/>\n<meta property=\"article:modified_time\" content=\"2024-11-10T01:00:22+00:00\" \/>\n<meta property=\"og:image\" content=\"https:\/\/dicodusport.fr\/blog\/wp-content\/uploads\/2024\/11\/XV-de-France-Les-notes-des-Bleus-face-au-Japon.png\" \/>\n\t<meta property=\"og:image:width\" content=\"1200\" \/>\n\t<meta property=\"og:image:height\" content=\"674\" \/>\n\t<meta property=\"og:image:type\" content=\"image\/png\" \/>\n<meta name=\"author\" content=\"S\u00e9bastien Gente\" \/>\n<meta name=\"twitter:card\" content=\"summary_large_image\" \/>\n<meta name=\"twitter:title\" content=\"XV de France : Les notes des Bleus face au Japon\" \/>\n<meta name=\"twitter:creator\" content=\"@https:\/\/twitter.com\/globulo24\" \/>\n<meta name=\"twitter:site\" content=\"@dicodusport\" \/>\n<script type=\"application\/ld+json\" class=\"yoast-schema-graph\">{\"@context\":\"https:\/\/schema.org\",\"@graph\":[{\"@type\":\"NewsArticle\",\"@id\":\"https:\/\/dicodusport.fr\/blog\/xv-de-france-les-notes-des-bleus-face-au-japon\/#article\",\"isPartOf\":{\"@id\":\"https:\/\/dicodusport.fr\/blog\/xv-de-france-les-notes-des-bleus-face-au-japon\/\"},\"author\":{\"name\":\"S\u00e9bastien Gente\",\"@id\":\"https:\/\/dicodusport.fr\/blog\/#\/schema\/person\/627966a6cde45dbd8c5e36ac85d783da\"},\"headline\":\"XV de France : Les notes des Bleus face au Japon\",\"datePublished\":\"2024-11-09T22:30:20+00:00\",\"dateModified\":\"2024-11-10T01:00:22+00:00\",\"mainEntityOfPage\":{\"@id\":\"https:\/\/dicodusport.fr\/blog\/xv-de-france-les-notes-des-bleus-face-au-japon\/\"},\"wordCount\":1093,\"commentCount\":1,\"publisher\":{\"@id\":\"https:\/\/dicodusport.fr\/blog\/#organization\"},\"image\":{\"@id\":\"https:\/\/dicodusport.fr\/blog\/xv-de-france-les-notes-des-bleus-face-au-japon\/#primaryimage\"},\"thumbnailUrl\":\"https:\/\/dicodusport.fr\/blog\/wp-content\/uploads\/2024\/11\/XV-de-France-Les-notes-des-Bleus-face-au-Japon.png\",\"keywords\":[\"br\u00e8ve\",\"Notes Bleus\",\"Notes XV de France\",\"sport\",\"XV de France\"],\"articleSection\":[\"Rugby \u00e0 XV\",\"XV de France\"],\"inLanguage\":\"fr-FR\",\"potentialAction\":[{\"@type\":\"CommentAction\",\"name\":\"Comment\",\"target\":[\"https:\/\/dicodusport.fr\/blog\/xv-de-france-les-notes-des-bleus-face-au-japon\/#respond\"]}],\"copyrightYear\":\"2024\",\"copyrightHolder\":{\"@id\":\"https:\/\/dicodusport.fr\/blog\/#organization\"}},{\"@type\":\"WebPage\",\"@id\":\"https:\/\/dicodusport.fr\/blog\/xv-de-france-les-notes-des-bleus-face-au-japon\/\",\"url\":\"https:\/\/dicodusport.fr\/blog\/xv-de-france-les-notes-des-bleus-face-au-japon\/\",\"name\":\"XV de France : Les notes des Bleus face au Japon\",\"isPartOf\":{\"@id\":\"https:\/\/dicodusport.fr\/blog\/#website\"},\"primaryImageOfPage\":{\"@id\":\"https:\/\/dicodusport.fr\/blog\/xv-de-france-les-notes-des-bleus-face-au-japon\/#primaryimage\"},\"image\":{\"@id\":\"https:\/\/dicodusport.fr\/blog\/xv-de-france-les-notes-des-bleus-face-au-japon\/#primaryimage\"},\"thumbnailUrl\":\"https:\/\/dicodusport.fr\/blog\/wp-content\/uploads\/2024\/11\/XV-de-France-Les-notes-des-Bleus-face-au-Japon.png\",\"datePublished\":\"2024-11-09T22:30:20+00:00\",\"dateModified\":\"2024-11-10T01:00:22+00:00\",\"description\":\"RUGBY TOURN\u00c9E D'AUTOMNE - D\u00e9couvrez les notes du XV de France apr\u00e8s la victoire face au Japon (52-12), ce samedi soir.\",\"inLanguage\":\"fr-FR\",\"potentialAction\":[{\"@type\":\"ReadAction\",\"target\":[\"https:\/\/dicodusport.fr\/blog\/xv-de-france-les-notes-des-bleus-face-au-japon\/\"]}]},{\"@type\":\"ImageObject\",\"inLanguage\":\"fr-FR\",\"@id\":\"https:\/\/dicodusport.fr\/blog\/xv-de-france-les-notes-des-bleus-face-au-japon\/#primaryimage\",\"url\":\"https:\/\/dicodusport.fr\/blog\/wp-content\/uploads\/2024\/11\/XV-de-France-Les-notes-des-Bleus-face-au-Japon.png\",\"contentUrl\":\"https:\/\/dicodusport.fr\/blog\/wp-content\/uploads\/2024\/11\/XV-de-France-Les-notes-des-Bleus-face-au-Japon.png\",\"width\":1200,\"height\":674,\"caption\":\"XV de France Les notes des Bleus face au Japon\"},{\"@type\":\"WebSite\",\"@id\":\"https:\/\/dicodusport.fr\/blog\/#website\",\"url\":\"https:\/\/dicodusport.fr\/blog\/\",\"name\":\"Dicodusport\",\"description\":\"L&#039;encyclop\u00e9die de l&#039;actualit\u00e9 sportive\",\"publisher\":{\"@id\":\"https:\/\/dicodusport.fr\/blog\/#organization\"},\"potentialAction\":[{\"@type\":\"SearchAction\",\"target\":{\"@type\":\"EntryPoint\",\"urlTemplate\":\"https:\/\/dicodusport.fr\/blog\/?s={search_term_string}\"},\"query-input\":{\"@type\":\"PropertyValueSpecification\",\"valueRequired\":true,\"valueName\":\"search_term_string\"}}],\"inLanguage\":\"fr-FR\"},{\"@type\":\"NewsMediaOrganization\",\"@id\":\"https:\/\/dicodusport.fr\/blog\/#organization\",\"name\":\"Dicodusport\",\"url\":\"https:\/\/dicodusport.fr\/blog\/\",\"logo\":{\"@type\":\"ImageObject\",\"inLanguage\":\"fr-FR\",\"@id\":\"https:\/\/dicodusport.fr\/blog\/#\/schema\/logo\/image\/\",\"url\":\"https:\/\/dicodusport.fr\/blog\/wp-content\/uploads\/2020\/06\/cropped-LOGO-DICODUSPORT-2020-SANS-FOND-SANS-TEXTE.png\",\"contentUrl\":\"https:\/\/dicodusport.fr\/blog\/wp-content\/uploads\/2020\/06\/cropped-LOGO-DICODUSPORT-2020-SANS-FOND-SANS-TEXTE.png\",\"width\":512,\"height\":512,\"caption\":\"Dicodusport\"},\"image\":{\"@id\":\"https:\/\/dicodusport.fr\/blog\/#\/schema\/logo\/image\/\"},\"sameAs\":[\"https:\/\/www.facebook.com\/dicodusport\",\"https:\/\/x.com\/dicodusport\",\"https:\/\/www.instagram.com\/dicodusport\/\",\"https:\/\/www.youtube.com\/channel\/UC7V2KZ5sd3htJivAbA4ZG3w\"],\"description\":\"Dicodusport est l'encyclop\u00e9die de l'actualit\u00e9 sportive.\",\"email\":\"bonjour@dicodusport.fr\",\"legalName\":\"DICODUSPORT\",\"foundingDate\":\"2018-01-14\",\"vatID\":\"FR71834470973\",\"taxID\":\"83447097300043\",\"numberOfEmployees\":{\"@type\":\"QuantitativeValue\",\"minValue\":\"1\",\"maxValue\":\"10\"}},{\"@type\":\"Person\",\"@id\":\"https:\/\/dicodusport.fr\/blog\/#\/schema\/person\/627966a6cde45dbd8c5e36ac85d783da\",\"name\":\"S\u00e9bastien Gente\",\"image\":{\"@type\":\"ImageObject\",\"inLanguage\":\"fr-FR\",\"@id\":\"https:\/\/dicodusport.fr\/blog\/#\/schema\/person\/image\/\",\"url\":\"https:\/\/dicodusport.fr\/blog\/wp-content\/uploads\/2021\/09\/1510990_10205810251400683_4124423575079401707_n-150x150.jpg\",\"contentUrl\":\"https:\/\/dicodusport.fr\/blog\/wp-content\/uploads\/2021\/09\/1510990_10205810251400683_4124423575079401707_n-150x150.jpg\",\"caption\":\"S\u00e9bastien Gente\"},\"description\":\"John Stockton, Gianni Bugno, Zinedine Zidane, Steffi Graf, Frode Andresen, St\u00e9phane Stoecklin, Davis Kamoga, Primoz Peterka, Werner Schlager et Aur\u00e9lien Rougerie. Point commun entre ces sportifs? Ils m'ont fait r\u00eaver et ont berc\u00e9 mon adolescence. Je suis un fondu de sports et j'essaie de retranscrire ma passion \u00e0 travers mes articles. Originaire du P\u00e9rigord, ma passion pour les Girondins, les Jaunards et les Jazzmen transpire dans mes \u00e9crits. \u00c0 Dicodusport depuis 2021, je d\u00e9niche les sports m\u00e9connus dans lesquels la France brille, et il y en a !\",\"sameAs\":[\"https:\/\/www.facebook.com\/sebastien.gente\/\",\"https:\/\/www.instagram.com\/sebgente\/\",\"https:\/\/www.linkedin.com\/in\/sbastien-gente-a29583169\/\",\"https:\/\/x.com\/https:\/\/twitter.com\/globulo24\",\"SebastienGente\"],\"worksFor\":\"S\u00e9bastien GENTE\",\"url\":\"https:\/\/dicodusport.fr\/blog\/author\/sebastiengente\/\"}]}<\/script>\n<!-- \/ Yoast SEO Premium plugin. -->","yoast_head_json":{"title":"XV de France : Les notes des Bleus face au Japon","description":"RUGBY TOURN\u00c9E D'AUTOMNE - D\u00e9couvrez les notes du XV de France apr\u00e8s la victoire face au Japon (52-12), ce samedi soir.","robots":{"index":"index","follow":"follow","max-snippet":"max-snippet:-1","max-image-preview":"max-image-preview:large","max-video-preview":"max-video-preview:-1"},"canonical":"https:\/\/dicodusport.fr\/blog\/xv-de-france-les-notes-des-bleus-face-au-japon\/","next":"https:\/\/dicodusport.fr\/blog\/xv-de-france-les-notes-des-bleus-face-au-japon\/2\/","og_locale":"fr_FR","og_type":"article","og_title":"XV de France : Les notes des Bleus face au Japon","og_description":"RUGBY TOURN\u00c9E D'AUTOMNE - D\u00e9couvrez les notes du XV de France apr\u00e8s la victoire face au Japon (52-12), ce samedi soir.","og_url":"https:\/\/dicodusport.fr\/blog\/xv-de-france-les-notes-des-bleus-face-au-japon\/","og_site_name":"Dicodusport","article_publisher":"https:\/\/www.facebook.com\/dicodusport","article_author":"https:\/\/www.facebook.com\/sebastien.gente\/","article_published_time":"2024-11-09T22:30:20+00:00","article_modified_time":"2024-11-10T01:00:22+00:00","og_image":[{"width":1200,"height":674,"url":"https:\/\/dicodusport.fr\/blog\/wp-content\/uploads\/2024\/11\/XV-de-France-Les-notes-des-Bleus-face-au-Japon.png","type":"image\/png"}],"author":"S\u00e9bastien Gente","twitter_card":"summary_large_image","twitter_title":"XV de France : Les notes des Bleus face au Japon","twitter_creator":"@https:\/\/twitter.com\/globulo24","twitter_site":"@dicodusport","schema":{"@context":"https:\/\/schema.org","@graph":[{"@type":"NewsArticle","@id":"https:\/\/dicodusport.fr\/blog\/xv-de-france-les-notes-des-bleus-face-au-japon\/#article","isPartOf":{"@id":"https:\/\/dicodusport.fr\/blog\/xv-de-france-les-notes-des-bleus-face-au-japon\/"},"author":{"name":"S\u00e9bastien Gente","@id":"https:\/\/dicodusport.fr\/blog\/#\/schema\/person\/627966a6cde45dbd8c5e36ac85d783da"},"headline":"XV de France : Les notes des Bleus face au Japon","datePublished":"2024-11-09T22:30:20+00:00","dateModified":"2024-11-10T01:00:22+00:00","mainEntityOfPage":{"@id":"https:\/\/dicodusport.fr\/blog\/xv-de-france-les-notes-des-bleus-face-au-japon\/"},"wordCount":1093,"commentCount":1,"publisher":{"@id":"https:\/\/dicodusport.fr\/blog\/#organization"},"image":{"@id":"https:\/\/dicodusport.fr\/blog\/xv-de-france-les-notes-des-bleus-face-au-japon\/#primaryimage"},"thumbnailUrl":"https:\/\/dicodusport.fr\/blog\/wp-content\/uploads\/2024\/11\/XV-de-France-Les-notes-des-Bleus-face-au-Japon.png","keywords":["br\u00e8ve","Notes Bleus","Notes XV de France","sport","XV de France"],"articleSection":["Rugby \u00e0 XV","XV de France"],"inLanguage":"fr-FR","potentialAction":[{"@type":"CommentAction","name":"Comment","target":["https:\/\/dicodusport.fr\/blog\/xv-de-france-les-notes-des-bleus-face-au-japon\/#respond"]}],"copyrightYear":"2024","copyrightHolder":{"@id":"https:\/\/dicodusport.fr\/blog\/#organization"}},{"@type":"WebPage","@id":"https:\/\/dicodusport.fr\/blog\/xv-de-france-les-notes-des-bleus-face-au-japon\/","url":"https:\/\/dicodusport.fr\/blog\/xv-de-france-les-notes-des-bleus-face-au-japon\/","name":"XV de France : Les notes des Bleus face au Japon","isPartOf":{"@id":"https:\/\/dicodusport.fr\/blog\/#website"},"primaryImageOfPage":{"@id":"https:\/\/dicodusport.fr\/blog\/xv-de-france-les-notes-des-bleus-face-au-japon\/#primaryimage"},"image":{"@id":"https:\/\/dicodusport.fr\/blog\/xv-de-france-les-notes-des-bleus-face-au-japon\/#primaryimage"},"thumbnailUrl":"https:\/\/dicodusport.fr\/blog\/wp-content\/uploads\/2024\/11\/XV-de-France-Les-notes-des-Bleus-face-au-Japon.png","datePublished":"2024-11-09T22:30:20+00:00","dateModified":"2024-11-10T01:00:22+00:00","description":"RUGBY TOURN\u00c9E D'AUTOMNE - D\u00e9couvrez les notes du XV de France apr\u00e8s la victoire face au Japon (52-12), ce samedi soir.","inLanguage":"fr-FR","potentialAction":[{"@type":"ReadAction","target":["https:\/\/dicodusport.fr\/blog\/xv-de-france-les-notes-des-bleus-face-au-japon\/"]}]},{"@type":"ImageObject","inLanguage":"fr-FR","@id":"https:\/\/dicodusport.fr\/blog\/xv-de-france-les-notes-des-bleus-face-au-japon\/#primaryimage","url":"https:\/\/dicodusport.fr\/blog\/wp-content\/uploads\/2024\/11\/XV-de-France-Les-notes-des-Bleus-face-au-Japon.png","contentUrl":"https:\/\/dicodusport.fr\/blog\/wp-content\/uploads\/2024\/11\/XV-de-France-Les-notes-des-Bleus-face-au-Japon.png","width":1200,"height":674,"caption":"XV de France Les notes des Bleus face au Japon"},{"@type":"WebSite","@id":"https:\/\/dicodusport.fr\/blog\/#website","url":"https:\/\/dicodusport.fr\/blog\/","name":"Dicodusport","description":"L&#039;encyclop\u00e9die de l&#039;actualit\u00e9 sportive","publisher":{"@id":"https:\/\/dicodusport.fr\/blog\/#organization"},"potentialAction":[{"@type":"SearchAction","target":{"@type":"EntryPoint","urlTemplate":"https:\/\/dicodusport.fr\/blog\/?s={search_term_string}"},"query-input":{"@type":"PropertyValueSpecification","valueRequired":true,"valueName":"search_term_string"}}],"inLanguage":"fr-FR"},{"@type":"NewsMediaOrganization","@id":"https:\/\/dicodusport.fr\/blog\/#organization","name":"Dicodusport","url":"https:\/\/dicodusport.fr\/blog\/","logo":{"@type":"ImageObject","inLanguage":"fr-FR","@id":"https:\/\/dicodusport.fr\/blog\/#\/schema\/logo\/image\/","url":"https:\/\/dicodusport.fr\/blog\/wp-content\/uploads\/2020\/06\/cropped-LOGO-DICODUSPORT-2020-SANS-FOND-SANS-TEXTE.png","contentUrl":"https:\/\/dicodusport.fr\/blog\/wp-content\/uploads\/2020\/06\/cropped-LOGO-DICODUSPORT-2020-SANS-FOND-SANS-TEXTE.png","width":512,"height":512,"caption":"Dicodusport"},"image":{"@id":"https:\/\/dicodusport.fr\/blog\/#\/schema\/logo\/image\/"},"sameAs":["https:\/\/www.facebook.com\/dicodusport","https:\/\/x.com\/dicodusport","https:\/\/www.instagram.com\/dicodusport\/","https:\/\/www.youtube.com\/channel\/UC7V2KZ5sd3htJivAbA4ZG3w"],"description":"Dicodusport est l'encyclop\u00e9die de l'actualit\u00e9 sportive.","email":"bonjour@dicodusport.fr","legalName":"DICODUSPORT","foundingDate":"2018-01-14","vatID":"FR71834470973","taxID":"83447097300043","numberOfEmployees":{"@type":"QuantitativeValue","minValue":"1","maxValue":"10"}},{"@type":"Person","@id":"https:\/\/dicodusport.fr\/blog\/#\/schema\/person\/627966a6cde45dbd8c5e36ac85d783da","name":"S\u00e9bastien Gente","image":{"@type":"ImageObject","inLanguage":"fr-FR","@id":"https:\/\/dicodusport.fr\/blog\/#\/schema\/person\/image\/","url":"https:\/\/dicodusport.fr\/blog\/wp-content\/uploads\/2021\/09\/1510990_10205810251400683_4124423575079401707_n-150x150.jpg","contentUrl":"https:\/\/dicodusport.fr\/blog\/wp-content\/uploads\/2021\/09\/1510990_10205810251400683_4124423575079401707_n-150x150.jpg","caption":"S\u00e9bastien Gente"},"description":"John Stockton, Gianni Bugno, Zinedine Zidane, Steffi Graf, Frode Andresen, St\u00e9phane Stoecklin, Davis Kamoga, Primoz Peterka, Werner Schlager et Aur\u00e9lien Rougerie. Point commun entre ces sportifs? Ils m'ont fait r\u00eaver et ont berc\u00e9 mon adolescence. Je suis un fondu de sports et j'essaie de retranscrire ma passion \u00e0 travers mes articles. Originaire du P\u00e9rigord, ma passion pour les Girondins, les Jaunards et les Jazzmen transpire dans mes \u00e9crits. \u00c0 Dicodusport depuis 2021, je d\u00e9niche les sports m\u00e9connus dans lesquels la France brille, et il y en a !","sameAs":["https:\/\/www.facebook.com\/sebastien.gente\/","https:\/\/www.instagram.com\/sebgente\/","https:\/\/www.linkedin.com\/in\/sbastien-gente-a29583169\/","https:\/\/x.com\/https:\/\/twitter.com\/globulo24","SebastienGente"],"worksFor":"S\u00e9bastien GENTE","url":"https:\/\/dicodusport.fr\/blog\/author\/sebastiengente\/"}]}},"_links":{"self":[{"href":"https:\/\/dicodusport.fr\/blog\/wp-json\/wp\/v2\/posts\/531553","targetHints":{"allow":["GET"]}}],"collection":[{"href":"https:\/\/dicodusport.fr\/blog\/wp-json\/wp\/v2\/posts"}],"about":[{"href":"https:\/\/dicodusport.fr\/blog\/wp-json\/wp\/v2\/types\/post"}],"author":[{"embeddable":true,"href":"https:\/\/dicodusport.fr\/blog\/wp-json\/wp\/v2\/users\/59"}],"replies":[{"embeddable":true,"href":"https:\/\/dicodusport.fr\/blog\/wp-json\/wp\/v2\/comments?post=531553"}],"version-history":[{"count":5,"href":"https:\/\/dicodusport.fr\/blog\/wp-json\/wp\/v2\/posts\/531553\/revisions"}],"predecessor-version":[{"id":532004,"href":"https:\/\/dicodusport.fr\/blog\/wp-json\/wp\/v2\/posts\/531553\/revisions\/532004"}],"wp:featuredmedia":[{"embeddable":true,"href":"https:\/\/dicodusport.fr\/blog\/wp-json\/wp\/v2\/media\/531997"}],"wp:attachment":[{"href":"https:\/\/dicodusport.fr\/blog\/wp-json\/wp\/v2\/media?parent=531553"}],"wp:term":[{"taxonomy":"category","embeddable":true,"href":"https:\/\/dicodusport.fr\/blog\/wp-json\/wp\/v2\/categories?post=531553"},{"taxonomy":"post_tag","embeddable":true,"href":"https:\/\/dicodusport.fr\/blog\/wp-json\/wp\/v2\/tags?post=531553"}],"curies":[{"name":"wp","href":"https:\/\/api.w.org\/{rel}","templated":true}]}}