{"id":53168,"date":"2019-11-10T10:47:19","date_gmt":"2019-11-10T09:47:19","guid":{"rendered":"http:\/\/dicodusport.fr\/blog\/?p=53168&#038;preview=true&#038;preview_id=53168"},"modified":"2019-12-26T14:19:49","modified_gmt":"2019-12-26T13:19:49","slug":"france-remporte-troisieme-fed-cup","status":"publish","type":"post","link":"https:\/\/dicodusport.fr\/blog\/france-remporte-troisieme-fed-cup\/","title":{"rendered":"La France remporte une troisi\u00e8me Fed Cup !"},"content":{"rendered":"<p style=\"text-align: justify;\"><em><strong><a href=\"https:\/\/www.fedcup.com\/\" target=\"_blank\" rel=\"noopener\">Fed Cup<\/a> &#8211;\u00a0Elles l&rsquo;ont fait ! L&rsquo;\u00e9quipe de France a remport\u00e9 ce dimanche une troisi\u00e8me Fed Cup, au bout d&rsquo;un double d\u00e9cisif ma\u00eetris\u00e9 par la paire Mladenovic-Garcia, face au duo Barty-Stosur. Les Bleues l&rsquo;ont emport\u00e9 en deux manches (6-4, 6-3). <\/strong><\/em><\/p>\n<p style=\"text-align: justify;\">Colossal exploit des Bleues ! 16 ans apr\u00e8s le dernier titre de l&rsquo;<strong>\u00e9quipe de France en Fed Cup<\/strong>, les Bleues de <strong>Julien Benneteau<\/strong> ont remport\u00e9 la comp\u00e9tition, terme du double d\u00e9cisif remport\u00e9 par la paire <strong>Kristina Mladenovic &#8211; Caroline Garcia (6-4, 6-3)<\/strong>. <strong>Mladenovic<\/strong>, qui a port\u00e9 les Fran\u00e7aises ce week-end avec <a href=\"https:\/\/dicodusport.fr\/blog\/fed-cup-kristina-mladenovic-cree-exploit-face-ashleigh-barty\/\" target=\"_blank\" rel=\"noopener\">une victoire \u00e9blouissante face \u00e0 <strong>Ashleigh Barty<\/strong><\/a>, termine son ann\u00e9e en beaut\u00e9, apr\u00e8s son titre en double au <strong>Masters<\/strong> avec <strong>Timea Babos<\/strong>.<\/p>\n<h2 style=\"text-align: justify;\">Une g\u00e9n\u00e9ration r\u00e9compens\u00e9e<\/h2>\n<p style=\"text-align: justify;\">Dix-huit ans apr\u00e8s l&rsquo;<strong>\u00e9quipe de France masculine<\/strong> et son sacre en terres australiennes en <strong>Coupe Davis<\/strong>, la France du tennis remet le couvert. <strong>Les Bleues remportent ainsi une troisi\u00e8me fois cette Fed Cup, apr\u00e8s les titres en 1997 et 2003<\/strong>. Surtout, la g\u00e9n\u00e9ration <strong>Garcia-Mladenovic-Cornet<\/strong> vient conjurer le sort, apr\u00e8s la d\u00e9faite en 2016 lors du double d\u00e9cisif en finale, face aux Tch\u00e8ques.<\/p>\n<blockquote class=\"twitter-tweet\">\n<p dir=\"ltr\" lang=\"en\">SCENES! &#x1f3c6;<\/p>\n<p>France lift the 2019 Fed Cup trophy, their first title since 2003! &#x1f44f; <a href=\"https:\/\/twitter.com\/hashtag\/FedCupFinal?src=hash&amp;ref_src=twsrc%5Etfw\">#FedCupFinal<\/a> <a href=\"https:\/\/twitter.com\/hashtag\/TousEnsemBleu?src=hash&amp;ref_src=twsrc%5Etfw\">#TousEnsemBleu<\/a> <a href=\"https:\/\/t.co\/Kzdx8WAHbI\">pic.twitter.com\/Kzdx8WAHbI<\/a><\/p>\n<p>\u2014 Fed Cup (@FedCup) <a href=\"https:\/\/twitter.com\/FedCup\/status\/1193474574010195969?ref_src=twsrc%5Etfw\">November 10, 2019<\/a><\/p><\/blockquote>\n<p><script async src=\"https:\/\/platform.twitter.com\/widgets.js\" charset=\"utf-8\"><\/script><\/p>\n<p><strong><em>Dicodusport<br \/>\n<a href=\"https:\/\/www.facebook.com\/dicodusport\/\" target=\"_blank\" rel=\"noopener\"><img loading=\"lazy\" decoding=\"async\" class=\"alignnone wp-image-2909\" src=\"http:\/\/dicodusport.fr\/blog\/wp-content\/uploads\/2017\/07\/logo-facebook-150x150.png\" alt=\"\" width=\"40\" height=\"40\" \/><\/a><a href=\"https:\/\/twitter.com\/dicodusport\" target=\"_blank\" rel=\"noopener\"><img loading=\"lazy\" decoding=\"async\" class=\"alignnone wp-image-2908\" src=\"http:\/\/dicodusport.fr\/blog\/wp-content\/uploads\/2017\/07\/logo-twitter-150x150.png\" alt=\"\" width=\"39\" height=\"39\" \/><\/a><\/em><\/strong><\/p>\n","protected":false},"excerpt":{"rendered":"<p>Fed Cup &#8211; Elles l&rsquo;ont fait ! L&rsquo;\u00e9quipe de France a remport\u00e9 ce dimanche une troisi\u00e8me Fed Cup, au bout d&rsquo;un double ma\u00eetris\u00e9 par la paire Mladenovic-Garcia. <\/p>\n","protected":false},"author":4,"featured_media":53181,"comment_status":"open","ping_status":"closed","sticky":false,"template":"","format":"standard","meta":{"_acf_changed":false,"_daextam_enable_autolinks":"","footnotes":""},"categories":[2302],"tags":[2000,3565,3144,24],"class_list":["post-53168","post","type-post","status-publish","format-standard","has-post-thumbnail","hentry","category-tennis","tag-caroline-garcia","tag-fed-cup","tag-kristina-mladenovic","tag-sport"],"acf":[],"yoast_head":"<!-- This site is optimized with the Yoast SEO Premium plugin v26.7 (Yoast SEO v26.7) - https:\/\/yoast.com\/wordpress\/plugins\/seo\/ -->\n<title>La France remporte une troisi\u00e8me Fed Cup !<\/title>\n<meta name=\"description\" content=\"Fed Cup - Elles l&#039;ont fait ! L&#039;\u00e9quipe de France a remport\u00e9 ce dimanche une troisi\u00e8me Fed Cup, au bout d&#039;un double ma\u00eetris\u00e9 par la paire Mladenovic-Garcia.\" \/>\n<meta name=\"robots\" content=\"index, follow, max-snippet:-1, max-image-preview:large, max-video-preview:-1\" \/>\n<link rel=\"canonical\" href=\"https:\/\/dicodusport.fr\/blog\/france-remporte-troisieme-fed-cup\/\" \/>\n<meta property=\"og:locale\" content=\"fr_FR\" \/>\n<meta property=\"og:type\" content=\"article\" \/>\n<meta property=\"og:title\" content=\"Kristina Mladenovic et Caroline Garcia apportent une troisi\u00e8me Fed Cup \u00e0 la France\" \/>\n<meta property=\"og:description\" content=\"Fed Cup - Elles l&#039;ont fait ! L&#039;\u00e9quipe de France a remport\u00e9 ce dimanche une troisi\u00e8me Fed Cup, au bout d&#039;un double ma\u00eetris\u00e9 par la paire Mladenovic-Garcia.\" \/>\n<meta property=\"og:url\" content=\"https:\/\/dicodusport.fr\/blog\/france-remporte-troisieme-fed-cup\/\" \/>\n<meta property=\"og:site_name\" content=\"Dicodusport\" \/>\n<meta property=\"article:publisher\" content=\"https:\/\/www.facebook.com\/dicodusport\" \/>\n<meta property=\"article:author\" content=\"https:\/\/www.facebook.com\/florent.ostermann\" \/>\n<meta property=\"article:published_time\" content=\"2019-11-10T09:47:19+00:00\" \/>\n<meta property=\"article:modified_time\" content=\"2019-12-26T13:19:49+00:00\" \/>\n<meta property=\"og:image\" content=\"https:\/\/dicodusport.fr\/blog\/wp-content\/uploads\/2019\/11\/Tennis-La-France-remporte-une-troisi\u00e8me-Fed-Cup.png\" \/>\n\t<meta property=\"og:image:width\" content=\"800\" \/>\n\t<meta property=\"og:image:height\" content=\"445\" \/>\n\t<meta property=\"og:image:type\" content=\"image\/png\" \/>\n<meta name=\"author\" content=\"Flo Ostermann\" \/>\n<meta name=\"twitter:card\" content=\"summary_large_image\" \/>\n<meta name=\"twitter:title\" content=\"Kristina Mladenovic et Caroline Garcia apportent une troisi\u00e8me Fed Cup \u00e0 la France\" \/>\n<meta name=\"twitter:image\" content=\"https:\/\/dicodusport.fr\/blog\/wp-content\/uploads\/2019\/11\/Tennis-La-France-remporte-une-troisi\u00e8me-Fed-Cup.png\" \/>\n<meta name=\"twitter:creator\" content=\"@https:\/\/twitter.com\/FlOstermann\" \/>\n<meta name=\"twitter:site\" content=\"@dicodusport\" \/>\n<script type=\"application\/ld+json\" class=\"yoast-schema-graph\">{\"@context\":\"https:\/\/schema.org\",\"@graph\":[{\"@type\":\"NewsArticle\",\"@id\":\"https:\/\/dicodusport.fr\/blog\/france-remporte-troisieme-fed-cup\/#article\",\"isPartOf\":{\"@id\":\"https:\/\/dicodusport.fr\/blog\/france-remporte-troisieme-fed-cup\/\"},\"author\":{\"name\":\"Flo Ostermann\",\"@id\":\"https:\/\/dicodusport.fr\/blog\/#\/schema\/person\/cb02af4c173ce4a653b55e9baf388d4a\"},\"headline\":\"La France remporte une troisi\u00e8me Fed Cup !\",\"datePublished\":\"2019-11-10T09:47:19+00:00\",\"dateModified\":\"2019-12-26T13:19:49+00:00\",\"mainEntityOfPage\":{\"@id\":\"https:\/\/dicodusport.fr\/blog\/france-remporte-troisieme-fed-cup\/\"},\"wordCount\":237,\"commentCount\":0,\"publisher\":{\"@id\":\"https:\/\/dicodusport.fr\/blog\/#organization\"},\"image\":{\"@id\":\"https:\/\/dicodusport.fr\/blog\/france-remporte-troisieme-fed-cup\/#primaryimage\"},\"thumbnailUrl\":\"https:\/\/dicodusport.fr\/blog\/wp-content\/uploads\/2019\/11\/Tennis-La-France-remporte-une-troisi\u00e8me-Fed-Cup.png\",\"keywords\":[\"Caroline Garcia\",\"Fed Cup\",\"Kristina Mladenovic\",\"sport\"],\"articleSection\":[\"Tennis\"],\"inLanguage\":\"fr-FR\",\"potentialAction\":[{\"@type\":\"CommentAction\",\"name\":\"Comment\",\"target\":[\"https:\/\/dicodusport.fr\/blog\/france-remporte-troisieme-fed-cup\/#respond\"]}],\"copyrightYear\":\"2019\",\"copyrightHolder\":{\"@id\":\"https:\/\/dicodusport.fr\/blog\/#organization\"}},{\"@type\":\"WebPage\",\"@id\":\"https:\/\/dicodusport.fr\/blog\/france-remporte-troisieme-fed-cup\/\",\"url\":\"https:\/\/dicodusport.fr\/blog\/france-remporte-troisieme-fed-cup\/\",\"name\":\"La France remporte une troisi\u00e8me Fed Cup !\",\"isPartOf\":{\"@id\":\"https:\/\/dicodusport.fr\/blog\/#website\"},\"primaryImageOfPage\":{\"@id\":\"https:\/\/dicodusport.fr\/blog\/france-remporte-troisieme-fed-cup\/#primaryimage\"},\"image\":{\"@id\":\"https:\/\/dicodusport.fr\/blog\/france-remporte-troisieme-fed-cup\/#primaryimage\"},\"thumbnailUrl\":\"https:\/\/dicodusport.fr\/blog\/wp-content\/uploads\/2019\/11\/Tennis-La-France-remporte-une-troisi\u00e8me-Fed-Cup.png\",\"datePublished\":\"2019-11-10T09:47:19+00:00\",\"dateModified\":\"2019-12-26T13:19:49+00:00\",\"description\":\"Fed Cup - Elles l'ont fait ! L'\u00e9quipe de France a remport\u00e9 ce dimanche une troisi\u00e8me Fed Cup, au bout d'un double ma\u00eetris\u00e9 par la paire Mladenovic-Garcia.\",\"breadcrumb\":{\"@id\":\"https:\/\/dicodusport.fr\/blog\/france-remporte-troisieme-fed-cup\/#breadcrumb\"},\"inLanguage\":\"fr-FR\",\"potentialAction\":[{\"@type\":\"ReadAction\",\"target\":[\"https:\/\/dicodusport.fr\/blog\/france-remporte-troisieme-fed-cup\/\"]}]},{\"@type\":\"ImageObject\",\"inLanguage\":\"fr-FR\",\"@id\":\"https:\/\/dicodusport.fr\/blog\/france-remporte-troisieme-fed-cup\/#primaryimage\",\"url\":\"https:\/\/dicodusport.fr\/blog\/wp-content\/uploads\/2019\/11\/Tennis-La-France-remporte-une-troisi\u00e8me-Fed-Cup.png\",\"contentUrl\":\"https:\/\/dicodusport.fr\/blog\/wp-content\/uploads\/2019\/11\/Tennis-La-France-remporte-une-troisi\u00e8me-Fed-Cup.png\",\"width\":800,\"height\":445,\"caption\":\"Tennis - La France remporte une troisi\u00e8me Fed Cup\"},{\"@type\":\"BreadcrumbList\",\"@id\":\"https:\/\/dicodusport.fr\/blog\/france-remporte-troisieme-fed-cup\/#breadcrumb\",\"itemListElement\":[{\"@type\":\"ListItem\",\"position\":1,\"name\":\"Accueil\",\"item\":\"https:\/\/dicodusport.fr\/blog\/\"},{\"@type\":\"ListItem\",\"position\":2,\"name\":\"La France remporte une troisi\u00e8me Fed Cup !\"}]},{\"@type\":\"WebSite\",\"@id\":\"https:\/\/dicodusport.fr\/blog\/#website\",\"url\":\"https:\/\/dicodusport.fr\/blog\/\",\"name\":\"Dicodusport\",\"description\":\"L&#039;encyclop\u00e9die de l&#039;actualit\u00e9 sportive\",\"publisher\":{\"@id\":\"https:\/\/dicodusport.fr\/blog\/#organization\"},\"potentialAction\":[{\"@type\":\"SearchAction\",\"target\":{\"@type\":\"EntryPoint\",\"urlTemplate\":\"https:\/\/dicodusport.fr\/blog\/?s={search_term_string}\"},\"query-input\":{\"@type\":\"PropertyValueSpecification\",\"valueRequired\":true,\"valueName\":\"search_term_string\"}}],\"inLanguage\":\"fr-FR\"},{\"@type\":\"NewsMediaOrganization\",\"@id\":\"https:\/\/dicodusport.fr\/blog\/#organization\",\"name\":\"Dicodusport\",\"url\":\"https:\/\/dicodusport.fr\/blog\/\",\"logo\":{\"@type\":\"ImageObject\",\"inLanguage\":\"fr-FR\",\"@id\":\"https:\/\/dicodusport.fr\/blog\/#\/schema\/logo\/image\/\",\"url\":\"https:\/\/dicodusport.fr\/blog\/wp-content\/uploads\/2020\/06\/cropped-LOGO-DICODUSPORT-2020-SANS-FOND-SANS-TEXTE.png\",\"contentUrl\":\"https:\/\/dicodusport.fr\/blog\/wp-content\/uploads\/2020\/06\/cropped-LOGO-DICODUSPORT-2020-SANS-FOND-SANS-TEXTE.png\",\"width\":512,\"height\":512,\"caption\":\"Dicodusport\"},\"image\":{\"@id\":\"https:\/\/dicodusport.fr\/blog\/#\/schema\/logo\/image\/\"},\"sameAs\":[\"https:\/\/www.facebook.com\/dicodusport\",\"https:\/\/x.com\/dicodusport\",\"https:\/\/www.instagram.com\/dicodusport\/\",\"https:\/\/www.youtube.com\/channel\/UC7V2KZ5sd3htJivAbA4ZG3w\"],\"description\":\"Dicodusport est l'encyclop\u00e9die de l'actualit\u00e9 sportive.\",\"email\":\"bonjour@dicodusport.fr\",\"legalName\":\"DICODUSPORT\",\"foundingDate\":\"2018-01-14\",\"vatID\":\"FR71834470973\",\"taxID\":\"83447097300043\",\"numberOfEmployees\":{\"@type\":\"QuantitativeValue\",\"minValue\":\"1\",\"maxValue\":\"10\"}},{\"@type\":\"Person\",\"@id\":\"https:\/\/dicodusport.fr\/blog\/#\/schema\/person\/cb02af4c173ce4a653b55e9baf388d4a\",\"name\":\"Flo Ostermann\",\"image\":{\"@type\":\"ImageObject\",\"inLanguage\":\"fr-FR\",\"@id\":\"https:\/\/dicodusport.fr\/blog\/#\/schema\/person\/image\/\",\"url\":\"https:\/\/dicodusport.fr\/blog\/wp-content\/uploads\/2021\/05\/Flo-Ostermann-150x150.jpg\",\"contentUrl\":\"https:\/\/dicodusport.fr\/blog\/wp-content\/uploads\/2021\/05\/Flo-Ostermann-150x150.jpg\",\"caption\":\"Flo Ostermann\"},\"description\":\"Journaliste\/R\u00e9dacteur depuis septembre 2015 - Mes premiers souvenirs dans le sport ? Les envol\u00e9es du Stade Toulousain et les duels Villeneuve-Schumacher et H\u00e4kkinen-Schumacher \u00e0 la fin des ann\u00e9es 90, la Coupe du monde de football en 1998, l\u2019exploit du XV de France face aux All Blacks en 1999, mais aussi Richard C\u0153ur de Lion qui vole sur les montagnes du Tour de France. Bien parti pour devenir professeur d\u2019EPS, les \u00e9v\u00e9nements de la vie (et la flemme d\u2019animer des s\u00e9ances de 3x500 m\u00e8tres toute ma vie) m\u2019ont conduit \u00e0 revoir mes plans. Me voil\u00e0 depuis fin 2017 sur Dicodusport, m\u00e9dia gr\u00e2ce (et pour) lequel je partage ma passion : le sport dans tous ses \u00e9tats. Le tout accompagn\u00e9 par les fous furieux et folles furieuses cit\u00e9s sur cette page !\",\"sameAs\":[\"https:\/\/www.facebook.com\/florent.ostermann\",\"https:\/\/x.com\/https:\/\/twitter.com\/FlOstermann\",\"admin\"],\"url\":\"https:\/\/dicodusport.fr\/blog\/author\/flo\/\"}]}<\/script>\n<!-- \/ Yoast SEO Premium plugin. -->","yoast_head_json":{"title":"La France remporte une troisi\u00e8me Fed Cup !","description":"Fed Cup - Elles l'ont fait ! L'\u00e9quipe de France a remport\u00e9 ce dimanche une troisi\u00e8me Fed Cup, au bout d'un double ma\u00eetris\u00e9 par la paire Mladenovic-Garcia.","robots":{"index":"index","follow":"follow","max-snippet":"max-snippet:-1","max-image-preview":"max-image-preview:large","max-video-preview":"max-video-preview:-1"},"canonical":"https:\/\/dicodusport.fr\/blog\/france-remporte-troisieme-fed-cup\/","og_locale":"fr_FR","og_type":"article","og_title":"Kristina Mladenovic et Caroline Garcia apportent une troisi\u00e8me Fed Cup \u00e0 la France","og_description":"Fed Cup - Elles l'ont fait ! L'\u00e9quipe de France a remport\u00e9 ce dimanche une troisi\u00e8me Fed Cup, au bout d'un double ma\u00eetris\u00e9 par la paire Mladenovic-Garcia.","og_url":"https:\/\/dicodusport.fr\/blog\/france-remporte-troisieme-fed-cup\/","og_site_name":"Dicodusport","article_publisher":"https:\/\/www.facebook.com\/dicodusport","article_author":"https:\/\/www.facebook.com\/florent.ostermann","article_published_time":"2019-11-10T09:47:19+00:00","article_modified_time":"2019-12-26T13:19:49+00:00","og_image":[{"width":800,"height":445,"url":"https:\/\/dicodusport.fr\/blog\/wp-content\/uploads\/2019\/11\/Tennis-La-France-remporte-une-troisi\u00e8me-Fed-Cup.png","type":"image\/png"}],"author":"Flo Ostermann","twitter_card":"summary_large_image","twitter_title":"Kristina Mladenovic et Caroline Garcia apportent une troisi\u00e8me Fed Cup \u00e0 la France","twitter_image":"https:\/\/dicodusport.fr\/blog\/wp-content\/uploads\/2019\/11\/Tennis-La-France-remporte-une-troisi\u00e8me-Fed-Cup.png","twitter_creator":"@https:\/\/twitter.com\/FlOstermann","twitter_site":"@dicodusport","schema":{"@context":"https:\/\/schema.org","@graph":[{"@type":"NewsArticle","@id":"https:\/\/dicodusport.fr\/blog\/france-remporte-troisieme-fed-cup\/#article","isPartOf":{"@id":"https:\/\/dicodusport.fr\/blog\/france-remporte-troisieme-fed-cup\/"},"author":{"name":"Flo Ostermann","@id":"https:\/\/dicodusport.fr\/blog\/#\/schema\/person\/cb02af4c173ce4a653b55e9baf388d4a"},"headline":"La France remporte une troisi\u00e8me Fed Cup !","datePublished":"2019-11-10T09:47:19+00:00","dateModified":"2019-12-26T13:19:49+00:00","mainEntityOfPage":{"@id":"https:\/\/dicodusport.fr\/blog\/france-remporte-troisieme-fed-cup\/"},"wordCount":237,"commentCount":0,"publisher":{"@id":"https:\/\/dicodusport.fr\/blog\/#organization"},"image":{"@id":"https:\/\/dicodusport.fr\/blog\/france-remporte-troisieme-fed-cup\/#primaryimage"},"thumbnailUrl":"https:\/\/dicodusport.fr\/blog\/wp-content\/uploads\/2019\/11\/Tennis-La-France-remporte-une-troisi\u00e8me-Fed-Cup.png","keywords":["Caroline Garcia","Fed Cup","Kristina Mladenovic","sport"],"articleSection":["Tennis"],"inLanguage":"fr-FR","potentialAction":[{"@type":"CommentAction","name":"Comment","target":["https:\/\/dicodusport.fr\/blog\/france-remporte-troisieme-fed-cup\/#respond"]}],"copyrightYear":"2019","copyrightHolder":{"@id":"https:\/\/dicodusport.fr\/blog\/#organization"}},{"@type":"WebPage","@id":"https:\/\/dicodusport.fr\/blog\/france-remporte-troisieme-fed-cup\/","url":"https:\/\/dicodusport.fr\/blog\/france-remporte-troisieme-fed-cup\/","name":"La France remporte une troisi\u00e8me Fed Cup !","isPartOf":{"@id":"https:\/\/dicodusport.fr\/blog\/#website"},"primaryImageOfPage":{"@id":"https:\/\/dicodusport.fr\/blog\/france-remporte-troisieme-fed-cup\/#primaryimage"},"image":{"@id":"https:\/\/dicodusport.fr\/blog\/france-remporte-troisieme-fed-cup\/#primaryimage"},"thumbnailUrl":"https:\/\/dicodusport.fr\/blog\/wp-content\/uploads\/2019\/11\/Tennis-La-France-remporte-une-troisi\u00e8me-Fed-Cup.png","datePublished":"2019-11-10T09:47:19+00:00","dateModified":"2019-12-26T13:19:49+00:00","description":"Fed Cup - Elles l'ont fait ! L'\u00e9quipe de France a remport\u00e9 ce dimanche une troisi\u00e8me Fed Cup, au bout d'un double ma\u00eetris\u00e9 par la paire Mladenovic-Garcia.","breadcrumb":{"@id":"https:\/\/dicodusport.fr\/blog\/france-remporte-troisieme-fed-cup\/#breadcrumb"},"inLanguage":"fr-FR","potentialAction":[{"@type":"ReadAction","target":["https:\/\/dicodusport.fr\/blog\/france-remporte-troisieme-fed-cup\/"]}]},{"@type":"ImageObject","inLanguage":"fr-FR","@id":"https:\/\/dicodusport.fr\/blog\/france-remporte-troisieme-fed-cup\/#primaryimage","url":"https:\/\/dicodusport.fr\/blog\/wp-content\/uploads\/2019\/11\/Tennis-La-France-remporte-une-troisi\u00e8me-Fed-Cup.png","contentUrl":"https:\/\/dicodusport.fr\/blog\/wp-content\/uploads\/2019\/11\/Tennis-La-France-remporte-une-troisi\u00e8me-Fed-Cup.png","width":800,"height":445,"caption":"Tennis - La France remporte une troisi\u00e8me Fed Cup"},{"@type":"BreadcrumbList","@id":"https:\/\/dicodusport.fr\/blog\/france-remporte-troisieme-fed-cup\/#breadcrumb","itemListElement":[{"@type":"ListItem","position":1,"name":"Accueil","item":"https:\/\/dicodusport.fr\/blog\/"},{"@type":"ListItem","position":2,"name":"La France remporte une troisi\u00e8me Fed Cup !"}]},{"@type":"WebSite","@id":"https:\/\/dicodusport.fr\/blog\/#website","url":"https:\/\/dicodusport.fr\/blog\/","name":"Dicodusport","description":"L&#039;encyclop\u00e9die de l&#039;actualit\u00e9 sportive","publisher":{"@id":"https:\/\/dicodusport.fr\/blog\/#organization"},"potentialAction":[{"@type":"SearchAction","target":{"@type":"EntryPoint","urlTemplate":"https:\/\/dicodusport.fr\/blog\/?s={search_term_string}"},"query-input":{"@type":"PropertyValueSpecification","valueRequired":true,"valueName":"search_term_string"}}],"inLanguage":"fr-FR"},{"@type":"NewsMediaOrganization","@id":"https:\/\/dicodusport.fr\/blog\/#organization","name":"Dicodusport","url":"https:\/\/dicodusport.fr\/blog\/","logo":{"@type":"ImageObject","inLanguage":"fr-FR","@id":"https:\/\/dicodusport.fr\/blog\/#\/schema\/logo\/image\/","url":"https:\/\/dicodusport.fr\/blog\/wp-content\/uploads\/2020\/06\/cropped-LOGO-DICODUSPORT-2020-SANS-FOND-SANS-TEXTE.png","contentUrl":"https:\/\/dicodusport.fr\/blog\/wp-content\/uploads\/2020\/06\/cropped-LOGO-DICODUSPORT-2020-SANS-FOND-SANS-TEXTE.png","width":512,"height":512,"caption":"Dicodusport"},"image":{"@id":"https:\/\/dicodusport.fr\/blog\/#\/schema\/logo\/image\/"},"sameAs":["https:\/\/www.facebook.com\/dicodusport","https:\/\/x.com\/dicodusport","https:\/\/www.instagram.com\/dicodusport\/","https:\/\/www.youtube.com\/channel\/UC7V2KZ5sd3htJivAbA4ZG3w"],"description":"Dicodusport est l'encyclop\u00e9die de l'actualit\u00e9 sportive.","email":"bonjour@dicodusport.fr","legalName":"DICODUSPORT","foundingDate":"2018-01-14","vatID":"FR71834470973","taxID":"83447097300043","numberOfEmployees":{"@type":"QuantitativeValue","minValue":"1","maxValue":"10"}},{"@type":"Person","@id":"https:\/\/dicodusport.fr\/blog\/#\/schema\/person\/cb02af4c173ce4a653b55e9baf388d4a","name":"Flo Ostermann","image":{"@type":"ImageObject","inLanguage":"fr-FR","@id":"https:\/\/dicodusport.fr\/blog\/#\/schema\/person\/image\/","url":"https:\/\/dicodusport.fr\/blog\/wp-content\/uploads\/2021\/05\/Flo-Ostermann-150x150.jpg","contentUrl":"https:\/\/dicodusport.fr\/blog\/wp-content\/uploads\/2021\/05\/Flo-Ostermann-150x150.jpg","caption":"Flo Ostermann"},"description":"Journaliste\/R\u00e9dacteur depuis septembre 2015 - Mes premiers souvenirs dans le sport ? Les envol\u00e9es du Stade Toulousain et les duels Villeneuve-Schumacher et H\u00e4kkinen-Schumacher \u00e0 la fin des ann\u00e9es 90, la Coupe du monde de football en 1998, l\u2019exploit du XV de France face aux All Blacks en 1999, mais aussi Richard C\u0153ur de Lion qui vole sur les montagnes du Tour de France. Bien parti pour devenir professeur d\u2019EPS, les \u00e9v\u00e9nements de la vie (et la flemme d\u2019animer des s\u00e9ances de 3x500 m\u00e8tres toute ma vie) m\u2019ont conduit \u00e0 revoir mes plans. Me voil\u00e0 depuis fin 2017 sur Dicodusport, m\u00e9dia gr\u00e2ce (et pour) lequel je partage ma passion : le sport dans tous ses \u00e9tats. Le tout accompagn\u00e9 par les fous furieux et folles furieuses cit\u00e9s sur cette page !","sameAs":["https:\/\/www.facebook.com\/florent.ostermann","https:\/\/x.com\/https:\/\/twitter.com\/FlOstermann","admin"],"url":"https:\/\/dicodusport.fr\/blog\/author\/flo\/"}]}},"_links":{"self":[{"href":"https:\/\/dicodusport.fr\/blog\/wp-json\/wp\/v2\/posts\/53168","targetHints":{"allow":["GET"]}}],"collection":[{"href":"https:\/\/dicodusport.fr\/blog\/wp-json\/wp\/v2\/posts"}],"about":[{"href":"https:\/\/dicodusport.fr\/blog\/wp-json\/wp\/v2\/types\/post"}],"author":[{"embeddable":true,"href":"https:\/\/dicodusport.fr\/blog\/wp-json\/wp\/v2\/users\/4"}],"replies":[{"embeddable":true,"href":"https:\/\/dicodusport.fr\/blog\/wp-json\/wp\/v2\/comments?post=53168"}],"version-history":[{"count":0,"href":"https:\/\/dicodusport.fr\/blog\/wp-json\/wp\/v2\/posts\/53168\/revisions"}],"wp:featuredmedia":[{"embeddable":true,"href":"https:\/\/dicodusport.fr\/blog\/wp-json\/wp\/v2\/media\/53181"}],"wp:attachment":[{"href":"https:\/\/dicodusport.fr\/blog\/wp-json\/wp\/v2\/media?parent=53168"}],"wp:term":[{"taxonomy":"category","embeddable":true,"href":"https:\/\/dicodusport.fr\/blog\/wp-json\/wp\/v2\/categories?post=53168"},{"taxonomy":"post_tag","embeddable":true,"href":"https:\/\/dicodusport.fr\/blog\/wp-json\/wp\/v2\/tags?post=53168"}],"curies":[{"name":"wp","href":"https:\/\/api.w.org\/{rel}","templated":true}]}}