{"id":531788,"date":"2024-12-20T10:00:35","date_gmt":"2024-12-20T09:00:35","guid":{"rendered":"https:\/\/dicodusport.fr\/blog\/?p=531788&#038;preview=true&#038;preview_id=531788"},"modified":"2025-01-03T06:11:54","modified_gmt":"2025-01-03T05:11:54","slug":"athletisme-5-athletes-francais-qui-pourraient-se-reveler-en-2025","status":"publish","type":"post","link":"https:\/\/dicodusport.fr\/blog\/athletisme-5-athletes-francais-qui-pourraient-se-reveler-en-2025\/","title":{"rendered":"Athl\u00e9tisme : 5 athl\u00e8tes fran\u00e7ais qui pourraient se r\u00e9v\u00e9ler en 2025"},"content":{"rendered":"<h4 style=\"text-align: justify;\"><em>ATHL\u00c9TISME &#8211; Focus sur cinq athl\u00e8tes fran\u00e7ais qui pourraient se r\u00e9v\u00e9ler au plus haut niveau lors de l&rsquo;ann\u00e9e 2025.<\/em><\/h4>\n<h2 style=\"text-align: justify;\">Ana Delahaie (marche)<\/h2>\n<p style=\"text-align: justify;\">Si la marche f\u00e9minine fran\u00e7aise a su parfaitement d\u00e9coller ces derni\u00e8res ann\u00e9es, avec trois repr\u00e9sentantes qualifi\u00e9es lors des derniers Jeux Olympiques (<strong>Cl\u00e9mence Beretta, Camille Moutard<\/strong> et <strong>Pauline Stey<\/strong>), le meilleur est peut-\u00eatre encore devant les Tricolores de la marche. Avec une densification qui se fait \u00e0 vitesse grand V. On a \u00e9videmment en t\u00eate la jeune <strong><a href=\"https:\/\/dicodusport.fr\/blog\/chloe-le-roch-marche-jai-eu-des-moments-compliques-avant-les-mondiaux-u20\/\">Chlo\u00e9 Le Roch<\/a><\/strong>. Mais dans l&rsquo;ombre des trois olympiennes, <strong>Ana Delahaie<\/strong> a toutes les armes pour devenir une pr\u00e9tendante aux plus hautes s\u00e9lections internationales. La m\u00e9daill\u00e9e de bronze europ\u00e9enne chez les juniors, en 2023, a parfaitement r\u00e9ussi sa transition, pour sa premi\u00e8re ann\u00e9e espoir. Et donc chez les \u00ab\u00a0grandes\u00a0\u00bb.<\/p>\n<p style=\"text-align: justify;\">Avec m\u00eame un titre de championne de France \u00c9lite \u00e0 Angers, sur 10 000 m piste. Certes, elle a \u00ab\u00a0profit\u00e9\u00a0\u00bb de l&rsquo;absence des trois qui sont all\u00e9es \u00e0 Paris. On met ce mot entre de gros guillemets. Car \u00e0 Angers, en solitaire, la Bordelaise (et Bergeracoise) a pulv\u00e9ris\u00e9 son record, pour le porter \u00e0 45:41.15. Cela la place 10e aux bilans de tous les temps (route et piste confondues). Les records de <strong>Cl\u00e9mence Beretta<\/strong> (43:35.32),<strong> Pauline Stey<\/strong> (44:42) et <strong>Camille Moutard<\/strong> (44:47) sont encore loin. Mais ses progr\u00e8s sont tr\u00e8s int\u00e9ressants, \u00e0 20 ans. Et sa premi\u00e8re exp\u00e9rience sur 20 km marche, la distance olympique (et mondiale) est assez prometteuse. Avec un record en 1h36:18. \u00c0 surveiller de tr\u00e8s pr\u00e8s en 2025.<\/p>\n<h2 style=\"text-align: justify;\">Jordan Guehaseim (disque)<\/h2>\n<p style=\"text-align: justify;\">S&rsquo;il est rest\u00e9 dans l&rsquo;ombre de <strong>Tom Reux<\/strong> et de son ami <strong>Lolassonn Djouhan<\/strong>, qui sont tous deux all\u00e9s aux Jeux Olympiques, la saison 2024 de <strong>Jordan Guehaseim<\/strong> est tr\u00e8s int\u00e9ressante \u00e0 observer. Non seulement il a battu son record au disque, pour le porter \u00e0 63.96 m, mais il a surtout trouv\u00e9 de la r\u00e9gularit\u00e9 au-del\u00e0 de 60 m\u00e8tres. Marque qu&rsquo;il n&rsquo;avait franchie qu&rsquo;\u00e0 une seule reprise avant cette ann\u00e9e. Ni plus ni moins que six concours \u00e0 plus de 61 m\u00e8tres. Dont cinq \u00e0 plus de 62 m\u00e8tres. Nul doute, m\u00eame si les portes des s\u00e9lections internationales ne se sont pas ouvertes \u00e0 lui, il est entr\u00e9 dans la cour des grands.<\/p>\n<p style=\"text-align: justify;\">Il a annonc\u00e9, au d\u00e9but de l&rsquo;automne, avoir chang\u00e9 d&rsquo;entra\u00eeneur pour poursuivre sa progression. \u00c2g\u00e9 de 27 ans, le lanceur sait que la barri\u00e8re des 62 m\u00e8tres n&rsquo;est plus un probl\u00e8me pour lui. Surtout, on se rappellera qu&rsquo;il a connu une blessure au mollet d\u00e9but juin, au pire moment possible pour lui. S&rsquo;il a pu revenir apr\u00e8s et lancer deux fois \u00e0 plus de 62 m\u00e8tres, impossible de savoir dans quelle mesure sa petite d\u00e9chirure a impact\u00e9 ses concours. Et priv\u00e9, pourquoi pas, d&rsquo;un jet \u00e0 64 m\u00e8tres ou plus. Ce n&rsquo;est que du conditionnel. Mais on aura sans doute des \u00e9l\u00e9ments solides de r\u00e9ponse en 2025.<\/p>\n<h2 style=\"text-align: justify;\">Louise Boulent (perche)<\/h2>\n<p style=\"text-align: justify;\">La seule athl\u00e8te junior cette saison de la liste. Certes, ses Mondiaux \u00e0 Lima, ne se sont pas pass\u00e9s comme pr\u00e9vu. Candidate \u00e0 la m\u00e9daille, la jeune fran\u00e7aise est pass\u00e9e \u00e0 c\u00f4t\u00e9. Une exp\u00e9rience pour la suite de sa carri\u00e8re. Qui ne peut, \u00e0 elle seule, jeter le discr\u00e9dit sur une ann\u00e9e 2024 exceptionnelle. Qui l&rsquo;a vu passer de 3.95 m \u00e0 4.35 m. Soit la troisi\u00e8me performance fran\u00e7aise juniors de tous les temps. Une progression et un changement de dimension.<\/p>\n<p style=\"text-align: justify;\">Qui est porteur d&rsquo;espoir d\u00e8s cette ann\u00e9e 2025, o\u00f9 elle va passer espoirs. Dans une discipline, qui s&rsquo;est \u00e9norm\u00e9ment densifi\u00e9ew en France ces derni\u00e8res ann\u00e9es, elle n&rsquo;aura pas le costume de celle qui sera scrut\u00e9e sous tous les angles. Ce qui peut lui permettre de poursuivre sa progression de fa\u00e7on plus sereine. Et pourquoi pas casser la baraque d\u00e8s cette ann\u00e9e. On a vu des surprises \u00e9merger par le pass\u00e9 et des jeunes athl\u00e8tes bouleverser la hi\u00e9rarchie plus t\u00f4t que pr\u00e9vu.<\/p>\n<blockquote class=\"twitter-tweet\">\n<p dir=\"ltr\" lang=\"fr\">\ud83d\udca5 Nouveau record des championnats !<\/p>\n<p>\ud83e\udd47 Louise Boulent (Entente Athl\u00e9 Mondeville H\u00e9rouville) d\u00e9croche le titre de championne de France U20 du saut \u00e0 la perche avec 4,26 m !<\/p>\n<p>\ud83d\udcbb Suivez les <a href=\"https:\/\/twitter.com\/hashtag\/CFAthl%C3%A9?src=hash&amp;ref_src=twsrc%5Etfw\">#CFAthl\u00e9<\/a> en DIRECT sur <a href=\"https:\/\/t.co\/63xdTVLhtA\">https:\/\/t.co\/63xdTVLhtA<\/a>. <a href=\"https:\/\/t.co\/1Ztoy11VSo\">pic.twitter.com\/1Ztoy11VSo<\/a><\/p>\n<p>\u2014 FFAthl\u00e9tisme (@FFAthletisme) <a href=\"https:\/\/twitter.com\/FFAthletisme\/status\/1814997595246268652?ref_src=twsrc%5Etfw\">July 21, 2024<\/a><\/p><\/blockquote>\n<p><script async src=\"https:\/\/platform.twitter.com\/widgets.js\" charset=\"utf-8\"><\/script><\/p>\n<h2 style=\"text-align: justify;\">Tristan Despres (perche)<\/h2>\n<p style=\"text-align: justify;\">Ce n&rsquo;est pas le perchiste le plus connu, dans une discipline o\u00f9 la France brille depuis des ann\u00e9es. Mais ses temps de passage, \u00e0 seulement 21 ans, sont plus que bons. L&rsquo;Angevin a d\u00e9coll\u00e9 cette saison \u00e0 5.62 m. Une performance r\u00e9alis\u00e9e en ext\u00e9rieur du c\u00f4t\u00e9 de Bordeaux. Si la suite de sa saison a \u00e9t\u00e9 plus compliqu\u00e9e, son d\u00e9but de mois de juin \u00e9tait tr\u00e8s prometteur, avec un autre concours \u00e0 5.60 m et un troisi\u00e8me \u00e0 5.50 m. Une r\u00e9gularit\u00e9 d\u00e9j\u00e0 observ\u00e9e en salle, avec trois concours au-del\u00e0 de 5.50 m. Son record n&rsquo;\u00e9tait qu&rsquo;\u00e0 5.35 en 2023. Si la fin de saison n&rsquo;a pas \u00e9t\u00e9 aussi satisfaisante que pr\u00e9vu et l&rsquo;a sans doute emp\u00each\u00e9 de tenter plus de barres \u00e0 5.70 m, ce sont des barres qu&rsquo;il devrait commencer \u00e0 apprivoiser, ou du moins tenter, d\u00e8s cet hiver.<\/p>\n<p style=\"text-align: justify;\">Et si les minima pour les Mondiaux en salle de Nankin sont \u00e0 5.85 m, ceux pour les championnats d&rsquo;Europe en salle devraient \u00eatre plus abordables. Ceux pour les Europe de Rome \u00e9taient \u00e0 5.75 m. On le sait, dans la perche en France, r\u00e9aliser ces minima n&rsquo;est pas une assurance tous risques quant \u00e0 une \u00e9ventuelle participation. En revanche, elle vous assure un statut d&rsquo;athl\u00e8te qui a une envergure d&rsquo;un international s\u00e9nior. Ce qui n&rsquo;est d\u00e9j\u00e0 pas rien.<\/p>\n<h2 style=\"text-align: justify;\">Clara Liberman (800 m)<\/h2>\n<p style=\"text-align: justify;\">Elle nous excusera \u00e0 la lecture de ces lignes, mais \u00e0 24 ans,<strong> Clara Liberman<\/strong> n&rsquo;est plus tout \u00e0 fait une jeune athl\u00e8te. En revanche, la sp\u00e9cialiste du double tour de piste est en progression constante ces derni\u00e8res ann\u00e9es. Au point d&rsquo;avoir r\u00e9alis\u00e9 2:00.16, le 4 juillet dernier, du c\u00f4t\u00e9 du meeting de Sotteville-les-Rouen. Mine de rien, \u00e0 seulement seize centi\u00e8mes des minima pour un championnat d&rsquo;Europe certes disput\u00e9s un mois avant sa performance. Mais qui prouve l&rsquo;envergure de son chrono. Vice-championne de France \u00c9lite du 800 m en 2023, elle \u00e9tait pass\u00e9e de 2:07.66 \u00e0 2:01.14 cette ann\u00e9e-l\u00e0. En gagnant une seconde sur son record, elle continue de grimper les \u00e9chelons.<\/p>\n<p style=\"text-align: justify;\">Et le 800 m fran\u00e7ais n&rsquo;a pas \u00e9t\u00e9 avare de belles aventures cette ann\u00e9e. Que ce soit <strong>Ana\u00efs Bourgoin ou Corentin Le Clezio<\/strong>, aucun n&rsquo;\u00e9tait pr\u00e9destin\u00e9, en d\u00e9but d&rsquo;ann\u00e9e, \u00e0 participer aux Jeux Olympiques. Car d&rsquo;autres \u00e9taient en avance. Pourtant, ils ont finalement \u00e9t\u00e9 dans le bon wagon, chacun pulv\u00e9risant son record. La tr\u00e8s r\u00e9guli\u00e8re <strong>Clara Liberman<\/strong> (trois chronos sous les 2:01 en 2024), est une candidate bien cr\u00e9dible \u00e0 la belle histoire.<\/p>\n<p style=\"text-align: justify;\">\n","protected":false},"excerpt":{"rendered":"<p>5 athl\u00e8tes fran\u00e7ais qui pourraient se r\u00e9v\u00e9ler en 2025<\/p>\n","protected":false},"author":83,"featured_media":532269,"comment_status":"open","ping_status":"closed","sticky":false,"template":"","format":"standard","meta":{"_acf_changed":false,"_daextam_enable_autolinks":"1","footnotes":""},"categories":[2308],"tags":[32415,143,10976,16878],"class_list":["post-531788","post","type-post","status-publish","format-standard","has-post-thumbnail","hentry","category-athletisme","tag-actu","tag-athletisme","tag-athletisme-francais","tag-breve"],"acf":[],"yoast_head":"<!-- This site is optimized with the Yoast SEO Premium plugin v26.7 (Yoast SEO v26.7) - https:\/\/yoast.com\/wordpress\/plugins\/seo\/ -->\n<title>Athl\u00e9tisme : 5 athl\u00e8tes fran\u00e7ais qui pourraient se r\u00e9v\u00e9ler en 2025<\/title>\n<meta name=\"description\" content=\"ATHL\u00c9TISME - Focus sur cinq athl\u00e8tes fran\u00e7ais qui pourraient se r\u00e9v\u00e9ler au plus haut-niveau lors de l&#039;ann\u00e9e 2025.\" \/>\n<meta name=\"robots\" content=\"index, follow, max-snippet:-1, max-image-preview:large, max-video-preview:-1\" \/>\n<link rel=\"canonical\" href=\"https:\/\/dicodusport.fr\/blog\/athletisme-5-athletes-francais-qui-pourraient-se-reveler-en-2025\/\" \/>\n<meta property=\"og:locale\" content=\"fr_FR\" \/>\n<meta property=\"og:type\" content=\"article\" \/>\n<meta property=\"og:title\" content=\"Athl\u00e9tisme : 5 athl\u00e8tes fran\u00e7ais qui pourraient se r\u00e9v\u00e9ler en 2025\" \/>\n<meta property=\"og:description\" content=\"ATHL\u00c9TISME - Focus sur cinq athl\u00e8tes fran\u00e7ais qui pourraient se r\u00e9v\u00e9ler au plus haut-niveau lors de l&#039;ann\u00e9e 2025.\" \/>\n<meta property=\"og:url\" content=\"https:\/\/dicodusport.fr\/blog\/athletisme-5-athletes-francais-qui-pourraient-se-reveler-en-2025\/\" \/>\n<meta property=\"og:site_name\" content=\"Dicodusport\" \/>\n<meta property=\"article:publisher\" content=\"https:\/\/www.facebook.com\/dicodusport\" \/>\n<meta property=\"article:published_time\" content=\"2024-12-20T09:00:35+00:00\" \/>\n<meta property=\"article:modified_time\" content=\"2025-01-03T05:11:54+00:00\" \/>\n<meta property=\"og:image\" content=\"https:\/\/dicodusport.fr\/blog\/wp-content\/uploads\/2024\/11\/Athletisme-Cinq-Francais-qui-peuvent-se-reveler-en-2025.png\" \/>\n\t<meta property=\"og:image:width\" content=\"1200\" \/>\n\t<meta property=\"og:image:height\" content=\"674\" \/>\n\t<meta property=\"og:image:type\" content=\"image\/png\" \/>\n<meta name=\"author\" content=\"Etienne Goursaud\" \/>\n<meta name=\"twitter:card\" content=\"summary_large_image\" \/>\n<meta name=\"twitter:title\" content=\"Athl\u00e9tisme : 5 athl\u00e8tes fran\u00e7ais qui pourraient se r\u00e9v\u00e9ler en 2025\" \/>\n<meta name=\"twitter:creator\" content=\"@dicodusport\" \/>\n<meta name=\"twitter:site\" content=\"@dicodusport\" \/>\n<script type=\"application\/ld+json\" class=\"yoast-schema-graph\">{\"@context\":\"https:\/\/schema.org\",\"@graph\":[{\"@type\":\"NewsArticle\",\"@id\":\"https:\/\/dicodusport.fr\/blog\/athletisme-5-athletes-francais-qui-pourraient-se-reveler-en-2025\/#article\",\"isPartOf\":{\"@id\":\"https:\/\/dicodusport.fr\/blog\/athletisme-5-athletes-francais-qui-pourraient-se-reveler-en-2025\/\"},\"author\":{\"name\":\"Etienne Goursaud\",\"@id\":\"https:\/\/dicodusport.fr\/blog\/#\/schema\/person\/d603dd7da31fb2b46c82b9835a77ec13\"},\"headline\":\"Athl\u00e9tisme : 5 athl\u00e8tes fran\u00e7ais qui pourraient se r\u00e9v\u00e9ler en 2025\",\"datePublished\":\"2024-12-20T09:00:35+00:00\",\"dateModified\":\"2025-01-03T05:11:54+00:00\",\"mainEntityOfPage\":{\"@id\":\"https:\/\/dicodusport.fr\/blog\/athletisme-5-athletes-francais-qui-pourraient-se-reveler-en-2025\/\"},\"wordCount\":1189,\"commentCount\":0,\"publisher\":{\"@id\":\"https:\/\/dicodusport.fr\/blog\/#organization\"},\"image\":{\"@id\":\"https:\/\/dicodusport.fr\/blog\/athletisme-5-athletes-francais-qui-pourraient-se-reveler-en-2025\/#primaryimage\"},\"thumbnailUrl\":\"https:\/\/dicodusport.fr\/blog\/wp-content\/uploads\/2024\/11\/Athletisme-Cinq-Francais-qui-peuvent-se-reveler-en-2025.png\",\"keywords\":[\"actu\",\"Athl\u00e9tisme\",\"Athl\u00e9tisme fran\u00e7ais\",\"br\u00e8ve\"],\"articleSection\":[\"Athl\u00e9tisme\"],\"inLanguage\":\"fr-FR\",\"potentialAction\":[{\"@type\":\"CommentAction\",\"name\":\"Comment\",\"target\":[\"https:\/\/dicodusport.fr\/blog\/athletisme-5-athletes-francais-qui-pourraient-se-reveler-en-2025\/#respond\"]}],\"copyrightYear\":\"2024\",\"copyrightHolder\":{\"@id\":\"https:\/\/dicodusport.fr\/blog\/#organization\"}},{\"@type\":\"WebPage\",\"@id\":\"https:\/\/dicodusport.fr\/blog\/athletisme-5-athletes-francais-qui-pourraient-se-reveler-en-2025\/\",\"url\":\"https:\/\/dicodusport.fr\/blog\/athletisme-5-athletes-francais-qui-pourraient-se-reveler-en-2025\/\",\"name\":\"Athl\u00e9tisme : 5 athl\u00e8tes fran\u00e7ais qui pourraient se r\u00e9v\u00e9ler en 2025\",\"isPartOf\":{\"@id\":\"https:\/\/dicodusport.fr\/blog\/#website\"},\"primaryImageOfPage\":{\"@id\":\"https:\/\/dicodusport.fr\/blog\/athletisme-5-athletes-francais-qui-pourraient-se-reveler-en-2025\/#primaryimage\"},\"image\":{\"@id\":\"https:\/\/dicodusport.fr\/blog\/athletisme-5-athletes-francais-qui-pourraient-se-reveler-en-2025\/#primaryimage\"},\"thumbnailUrl\":\"https:\/\/dicodusport.fr\/blog\/wp-content\/uploads\/2024\/11\/Athletisme-Cinq-Francais-qui-peuvent-se-reveler-en-2025.png\",\"datePublished\":\"2024-12-20T09:00:35+00:00\",\"dateModified\":\"2025-01-03T05:11:54+00:00\",\"description\":\"ATHL\u00c9TISME - Focus sur cinq athl\u00e8tes fran\u00e7ais qui pourraient se r\u00e9v\u00e9ler au plus haut-niveau lors de l'ann\u00e9e 2025.\",\"breadcrumb\":{\"@id\":\"https:\/\/dicodusport.fr\/blog\/athletisme-5-athletes-francais-qui-pourraient-se-reveler-en-2025\/#breadcrumb\"},\"inLanguage\":\"fr-FR\",\"potentialAction\":[{\"@type\":\"ReadAction\",\"target\":[\"https:\/\/dicodusport.fr\/blog\/athletisme-5-athletes-francais-qui-pourraient-se-reveler-en-2025\/\"]}]},{\"@type\":\"ImageObject\",\"inLanguage\":\"fr-FR\",\"@id\":\"https:\/\/dicodusport.fr\/blog\/athletisme-5-athletes-francais-qui-pourraient-se-reveler-en-2025\/#primaryimage\",\"url\":\"https:\/\/dicodusport.fr\/blog\/wp-content\/uploads\/2024\/11\/Athletisme-Cinq-Francais-qui-peuvent-se-reveler-en-2025.png\",\"contentUrl\":\"https:\/\/dicodusport.fr\/blog\/wp-content\/uploads\/2024\/11\/Athletisme-Cinq-Francais-qui-peuvent-se-reveler-en-2025.png\",\"width\":1200,\"height\":674,\"caption\":\"Athl\u00e9tisme - Cinq Fran\u00e7ais qui peuvent se r\u00e9v\u00e9ler en 2025\"},{\"@type\":\"BreadcrumbList\",\"@id\":\"https:\/\/dicodusport.fr\/blog\/athletisme-5-athletes-francais-qui-pourraient-se-reveler-en-2025\/#breadcrumb\",\"itemListElement\":[{\"@type\":\"ListItem\",\"position\":1,\"name\":\"Accueil\",\"item\":\"https:\/\/dicodusport.fr\/blog\/\"},{\"@type\":\"ListItem\",\"position\":2,\"name\":\"Athl\u00e9tisme : 5 athl\u00e8tes fran\u00e7ais qui pourraient se r\u00e9v\u00e9ler en 2025\"}]},{\"@type\":\"WebSite\",\"@id\":\"https:\/\/dicodusport.fr\/blog\/#website\",\"url\":\"https:\/\/dicodusport.fr\/blog\/\",\"name\":\"Dicodusport\",\"description\":\"L&#039;encyclop\u00e9die de l&#039;actualit\u00e9 sportive\",\"publisher\":{\"@id\":\"https:\/\/dicodusport.fr\/blog\/#organization\"},\"potentialAction\":[{\"@type\":\"SearchAction\",\"target\":{\"@type\":\"EntryPoint\",\"urlTemplate\":\"https:\/\/dicodusport.fr\/blog\/?s={search_term_string}\"},\"query-input\":{\"@type\":\"PropertyValueSpecification\",\"valueRequired\":true,\"valueName\":\"search_term_string\"}}],\"inLanguage\":\"fr-FR\"},{\"@type\":\"NewsMediaOrganization\",\"@id\":\"https:\/\/dicodusport.fr\/blog\/#organization\",\"name\":\"Dicodusport\",\"url\":\"https:\/\/dicodusport.fr\/blog\/\",\"logo\":{\"@type\":\"ImageObject\",\"inLanguage\":\"fr-FR\",\"@id\":\"https:\/\/dicodusport.fr\/blog\/#\/schema\/logo\/image\/\",\"url\":\"https:\/\/dicodusport.fr\/blog\/wp-content\/uploads\/2020\/06\/cropped-LOGO-DICODUSPORT-2020-SANS-FOND-SANS-TEXTE.png\",\"contentUrl\":\"https:\/\/dicodusport.fr\/blog\/wp-content\/uploads\/2020\/06\/cropped-LOGO-DICODUSPORT-2020-SANS-FOND-SANS-TEXTE.png\",\"width\":512,\"height\":512,\"caption\":\"Dicodusport\"},\"image\":{\"@id\":\"https:\/\/dicodusport.fr\/blog\/#\/schema\/logo\/image\/\"},\"sameAs\":[\"https:\/\/www.facebook.com\/dicodusport\",\"https:\/\/x.com\/dicodusport\",\"https:\/\/www.instagram.com\/dicodusport\/\",\"https:\/\/www.youtube.com\/channel\/UC7V2KZ5sd3htJivAbA4ZG3w\"],\"description\":\"Dicodusport est l'encyclop\u00e9die de l'actualit\u00e9 sportive.\",\"email\":\"bonjour@dicodusport.fr\",\"legalName\":\"DICODUSPORT\",\"foundingDate\":\"2018-01-14\",\"vatID\":\"FR71834470973\",\"taxID\":\"83447097300043\",\"numberOfEmployees\":{\"@type\":\"QuantitativeValue\",\"minValue\":\"1\",\"maxValue\":\"10\"}},{\"@type\":\"Person\",\"@id\":\"https:\/\/dicodusport.fr\/blog\/#\/schema\/person\/d603dd7da31fb2b46c82b9835a77ec13\",\"name\":\"Etienne Goursaud\",\"image\":{\"@type\":\"ImageObject\",\"inLanguage\":\"fr-FR\",\"@id\":\"https:\/\/dicodusport.fr\/blog\/#\/schema\/person\/image\/\",\"url\":\"https:\/\/dicodusport.fr\/blog\/wp-content\/uploads\/2023\/12\/410122264_10231602061736049_5565839791558026645_n-150x150.jpg\",\"contentUrl\":\"https:\/\/dicodusport.fr\/blog\/wp-content\/uploads\/2023\/12\/410122264_10231602061736049_5565839791558026645_n-150x150.jpg\",\"caption\":\"Etienne Goursaud\"},\"description\":\"Journaliste et amoureux de sport. Ancien footballeur reconverti athl\u00e8te quand ses muscles le laissent tranquille. \u00c9lev\u00e9 \u00e0 la sauce des exploits de Thomas Voeckler en 2004, du dernier essai de l\u00e9gende de Eunice Barber \u00e0 la longueur lors des championnats du monde d'athl\u00e9tisme de 2003 mais aussi Zidane, Omeyer et Titou Lamaison.\",\"url\":\"https:\/\/dicodusport.fr\/blog\/author\/etienne-goursaud\/\"}]}<\/script>\n<!-- \/ Yoast SEO Premium plugin. -->","yoast_head_json":{"title":"Athl\u00e9tisme : 5 athl\u00e8tes fran\u00e7ais qui pourraient se r\u00e9v\u00e9ler en 2025","description":"ATHL\u00c9TISME - Focus sur cinq athl\u00e8tes fran\u00e7ais qui pourraient se r\u00e9v\u00e9ler au plus haut-niveau lors de l'ann\u00e9e 2025.","robots":{"index":"index","follow":"follow","max-snippet":"max-snippet:-1","max-image-preview":"max-image-preview:large","max-video-preview":"max-video-preview:-1"},"canonical":"https:\/\/dicodusport.fr\/blog\/athletisme-5-athletes-francais-qui-pourraient-se-reveler-en-2025\/","og_locale":"fr_FR","og_type":"article","og_title":"Athl\u00e9tisme : 5 athl\u00e8tes fran\u00e7ais qui pourraient se r\u00e9v\u00e9ler en 2025","og_description":"ATHL\u00c9TISME - Focus sur cinq athl\u00e8tes fran\u00e7ais qui pourraient se r\u00e9v\u00e9ler au plus haut-niveau lors de l'ann\u00e9e 2025.","og_url":"https:\/\/dicodusport.fr\/blog\/athletisme-5-athletes-francais-qui-pourraient-se-reveler-en-2025\/","og_site_name":"Dicodusport","article_publisher":"https:\/\/www.facebook.com\/dicodusport","article_published_time":"2024-12-20T09:00:35+00:00","article_modified_time":"2025-01-03T05:11:54+00:00","og_image":[{"width":1200,"height":674,"url":"https:\/\/dicodusport.fr\/blog\/wp-content\/uploads\/2024\/11\/Athletisme-Cinq-Francais-qui-peuvent-se-reveler-en-2025.png","type":"image\/png"}],"author":"Etienne Goursaud","twitter_card":"summary_large_image","twitter_title":"Athl\u00e9tisme : 5 athl\u00e8tes fran\u00e7ais qui pourraient se r\u00e9v\u00e9ler en 2025","twitter_creator":"@dicodusport","twitter_site":"@dicodusport","schema":{"@context":"https:\/\/schema.org","@graph":[{"@type":"NewsArticle","@id":"https:\/\/dicodusport.fr\/blog\/athletisme-5-athletes-francais-qui-pourraient-se-reveler-en-2025\/#article","isPartOf":{"@id":"https:\/\/dicodusport.fr\/blog\/athletisme-5-athletes-francais-qui-pourraient-se-reveler-en-2025\/"},"author":{"name":"Etienne Goursaud","@id":"https:\/\/dicodusport.fr\/blog\/#\/schema\/person\/d603dd7da31fb2b46c82b9835a77ec13"},"headline":"Athl\u00e9tisme : 5 athl\u00e8tes fran\u00e7ais qui pourraient se r\u00e9v\u00e9ler en 2025","datePublished":"2024-12-20T09:00:35+00:00","dateModified":"2025-01-03T05:11:54+00:00","mainEntityOfPage":{"@id":"https:\/\/dicodusport.fr\/blog\/athletisme-5-athletes-francais-qui-pourraient-se-reveler-en-2025\/"},"wordCount":1189,"commentCount":0,"publisher":{"@id":"https:\/\/dicodusport.fr\/blog\/#organization"},"image":{"@id":"https:\/\/dicodusport.fr\/blog\/athletisme-5-athletes-francais-qui-pourraient-se-reveler-en-2025\/#primaryimage"},"thumbnailUrl":"https:\/\/dicodusport.fr\/blog\/wp-content\/uploads\/2024\/11\/Athletisme-Cinq-Francais-qui-peuvent-se-reveler-en-2025.png","keywords":["actu","Athl\u00e9tisme","Athl\u00e9tisme fran\u00e7ais","br\u00e8ve"],"articleSection":["Athl\u00e9tisme"],"inLanguage":"fr-FR","potentialAction":[{"@type":"CommentAction","name":"Comment","target":["https:\/\/dicodusport.fr\/blog\/athletisme-5-athletes-francais-qui-pourraient-se-reveler-en-2025\/#respond"]}],"copyrightYear":"2024","copyrightHolder":{"@id":"https:\/\/dicodusport.fr\/blog\/#organization"}},{"@type":"WebPage","@id":"https:\/\/dicodusport.fr\/blog\/athletisme-5-athletes-francais-qui-pourraient-se-reveler-en-2025\/","url":"https:\/\/dicodusport.fr\/blog\/athletisme-5-athletes-francais-qui-pourraient-se-reveler-en-2025\/","name":"Athl\u00e9tisme : 5 athl\u00e8tes fran\u00e7ais qui pourraient se r\u00e9v\u00e9ler en 2025","isPartOf":{"@id":"https:\/\/dicodusport.fr\/blog\/#website"},"primaryImageOfPage":{"@id":"https:\/\/dicodusport.fr\/blog\/athletisme-5-athletes-francais-qui-pourraient-se-reveler-en-2025\/#primaryimage"},"image":{"@id":"https:\/\/dicodusport.fr\/blog\/athletisme-5-athletes-francais-qui-pourraient-se-reveler-en-2025\/#primaryimage"},"thumbnailUrl":"https:\/\/dicodusport.fr\/blog\/wp-content\/uploads\/2024\/11\/Athletisme-Cinq-Francais-qui-peuvent-se-reveler-en-2025.png","datePublished":"2024-12-20T09:00:35+00:00","dateModified":"2025-01-03T05:11:54+00:00","description":"ATHL\u00c9TISME - Focus sur cinq athl\u00e8tes fran\u00e7ais qui pourraient se r\u00e9v\u00e9ler au plus haut-niveau lors de l'ann\u00e9e 2025.","breadcrumb":{"@id":"https:\/\/dicodusport.fr\/blog\/athletisme-5-athletes-francais-qui-pourraient-se-reveler-en-2025\/#breadcrumb"},"inLanguage":"fr-FR","potentialAction":[{"@type":"ReadAction","target":["https:\/\/dicodusport.fr\/blog\/athletisme-5-athletes-francais-qui-pourraient-se-reveler-en-2025\/"]}]},{"@type":"ImageObject","inLanguage":"fr-FR","@id":"https:\/\/dicodusport.fr\/blog\/athletisme-5-athletes-francais-qui-pourraient-se-reveler-en-2025\/#primaryimage","url":"https:\/\/dicodusport.fr\/blog\/wp-content\/uploads\/2024\/11\/Athletisme-Cinq-Francais-qui-peuvent-se-reveler-en-2025.png","contentUrl":"https:\/\/dicodusport.fr\/blog\/wp-content\/uploads\/2024\/11\/Athletisme-Cinq-Francais-qui-peuvent-se-reveler-en-2025.png","width":1200,"height":674,"caption":"Athl\u00e9tisme - Cinq Fran\u00e7ais qui peuvent se r\u00e9v\u00e9ler en 2025"},{"@type":"BreadcrumbList","@id":"https:\/\/dicodusport.fr\/blog\/athletisme-5-athletes-francais-qui-pourraient-se-reveler-en-2025\/#breadcrumb","itemListElement":[{"@type":"ListItem","position":1,"name":"Accueil","item":"https:\/\/dicodusport.fr\/blog\/"},{"@type":"ListItem","position":2,"name":"Athl\u00e9tisme : 5 athl\u00e8tes fran\u00e7ais qui pourraient se r\u00e9v\u00e9ler en 2025"}]},{"@type":"WebSite","@id":"https:\/\/dicodusport.fr\/blog\/#website","url":"https:\/\/dicodusport.fr\/blog\/","name":"Dicodusport","description":"L&#039;encyclop\u00e9die de l&#039;actualit\u00e9 sportive","publisher":{"@id":"https:\/\/dicodusport.fr\/blog\/#organization"},"potentialAction":[{"@type":"SearchAction","target":{"@type":"EntryPoint","urlTemplate":"https:\/\/dicodusport.fr\/blog\/?s={search_term_string}"},"query-input":{"@type":"PropertyValueSpecification","valueRequired":true,"valueName":"search_term_string"}}],"inLanguage":"fr-FR"},{"@type":"NewsMediaOrganization","@id":"https:\/\/dicodusport.fr\/blog\/#organization","name":"Dicodusport","url":"https:\/\/dicodusport.fr\/blog\/","logo":{"@type":"ImageObject","inLanguage":"fr-FR","@id":"https:\/\/dicodusport.fr\/blog\/#\/schema\/logo\/image\/","url":"https:\/\/dicodusport.fr\/blog\/wp-content\/uploads\/2020\/06\/cropped-LOGO-DICODUSPORT-2020-SANS-FOND-SANS-TEXTE.png","contentUrl":"https:\/\/dicodusport.fr\/blog\/wp-content\/uploads\/2020\/06\/cropped-LOGO-DICODUSPORT-2020-SANS-FOND-SANS-TEXTE.png","width":512,"height":512,"caption":"Dicodusport"},"image":{"@id":"https:\/\/dicodusport.fr\/blog\/#\/schema\/logo\/image\/"},"sameAs":["https:\/\/www.facebook.com\/dicodusport","https:\/\/x.com\/dicodusport","https:\/\/www.instagram.com\/dicodusport\/","https:\/\/www.youtube.com\/channel\/UC7V2KZ5sd3htJivAbA4ZG3w"],"description":"Dicodusport est l'encyclop\u00e9die de l'actualit\u00e9 sportive.","email":"bonjour@dicodusport.fr","legalName":"DICODUSPORT","foundingDate":"2018-01-14","vatID":"FR71834470973","taxID":"83447097300043","numberOfEmployees":{"@type":"QuantitativeValue","minValue":"1","maxValue":"10"}},{"@type":"Person","@id":"https:\/\/dicodusport.fr\/blog\/#\/schema\/person\/d603dd7da31fb2b46c82b9835a77ec13","name":"Etienne Goursaud","image":{"@type":"ImageObject","inLanguage":"fr-FR","@id":"https:\/\/dicodusport.fr\/blog\/#\/schema\/person\/image\/","url":"https:\/\/dicodusport.fr\/blog\/wp-content\/uploads\/2023\/12\/410122264_10231602061736049_5565839791558026645_n-150x150.jpg","contentUrl":"https:\/\/dicodusport.fr\/blog\/wp-content\/uploads\/2023\/12\/410122264_10231602061736049_5565839791558026645_n-150x150.jpg","caption":"Etienne Goursaud"},"description":"Journaliste et amoureux de sport. Ancien footballeur reconverti athl\u00e8te quand ses muscles le laissent tranquille. \u00c9lev\u00e9 \u00e0 la sauce des exploits de Thomas Voeckler en 2004, du dernier essai de l\u00e9gende de Eunice Barber \u00e0 la longueur lors des championnats du monde d'athl\u00e9tisme de 2003 mais aussi Zidane, Omeyer et Titou Lamaison.","url":"https:\/\/dicodusport.fr\/blog\/author\/etienne-goursaud\/"}]}},"_links":{"self":[{"href":"https:\/\/dicodusport.fr\/blog\/wp-json\/wp\/v2\/posts\/531788","targetHints":{"allow":["GET"]}}],"collection":[{"href":"https:\/\/dicodusport.fr\/blog\/wp-json\/wp\/v2\/posts"}],"about":[{"href":"https:\/\/dicodusport.fr\/blog\/wp-json\/wp\/v2\/types\/post"}],"author":[{"embeddable":true,"href":"https:\/\/dicodusport.fr\/blog\/wp-json\/wp\/v2\/users\/83"}],"replies":[{"embeddable":true,"href":"https:\/\/dicodusport.fr\/blog\/wp-json\/wp\/v2\/comments?post=531788"}],"version-history":[{"count":5,"href":"https:\/\/dicodusport.fr\/blog\/wp-json\/wp\/v2\/posts\/531788\/revisions"}],"predecessor-version":[{"id":543466,"href":"https:\/\/dicodusport.fr\/blog\/wp-json\/wp\/v2\/posts\/531788\/revisions\/543466"}],"wp:featuredmedia":[{"embeddable":true,"href":"https:\/\/dicodusport.fr\/blog\/wp-json\/wp\/v2\/media\/532269"}],"wp:attachment":[{"href":"https:\/\/dicodusport.fr\/blog\/wp-json\/wp\/v2\/media?parent=531788"}],"wp:term":[{"taxonomy":"category","embeddable":true,"href":"https:\/\/dicodusport.fr\/blog\/wp-json\/wp\/v2\/categories?post=531788"},{"taxonomy":"post_tag","embeddable":true,"href":"https:\/\/dicodusport.fr\/blog\/wp-json\/wp\/v2\/tags?post=531788"}],"curies":[{"name":"wp","href":"https:\/\/api.w.org\/{rel}","templated":true}]}}