{"id":532314,"date":"2024-11-12T09:22:42","date_gmt":"2024-11-12T08:22:42","guid":{"rendered":"https:\/\/dicodusport.fr\/blog\/?p=532314&#038;preview=true&#038;preview_id=532314"},"modified":"2024-11-12T09:51:39","modified_gmt":"2024-11-12T08:51:39","slug":"xv-de-france-2-nouveaux-forfaits-face-aux-all-blacks-romain-buros-titulaire","status":"publish","type":"post","link":"https:\/\/dicodusport.fr\/blog\/xv-de-france-2-nouveaux-forfaits-face-aux-all-blacks-romain-buros-titulaire\/","title":{"rendered":"XV de France : 2 nouveaux forfaits face aux All Blacks, Romain Buros titulaire ?"},"content":{"rendered":"<h4 style=\"text-align: justify;\"><em>XV DE FRANCE &#8211; Selon <a href=\"https:\/\/www.lequipe.fr\/Rugby\/Actualites\/Francois-cros-forfait-avec-le-xv-de-france-face-aux-all-blacks\/1519769\" target=\"_blank\" rel=\"noopener\">L&rsquo;\u00c9quipe<\/a>, Damian Penaud et Fran\u00e7ois Cros sont forfaits face \u00e0 la Nouvelle-Z\u00e9lande alors que Romain Buros devrait d\u00e9buter \u00e0 l&rsquo;arri\u00e8re.<\/em><\/h4>\n<ul>\n<li style=\"text-align: justify;\"><strong>\u00c0 ce sujet &#8211;\u00a0<a href=\"https:\/\/dicodusport.fr\/blog\/calendrier-resultats-et-scores-rugby-tournee-dautomne-2024\/\">Calendrier et r\u00e9sultats de la tourn\u00e9e d&rsquo;automne 2024<\/a><\/strong><\/li>\n<\/ul>\n<p style=\"text-align: justify;\">Les mauvaises nouvelles s&rsquo;encha\u00eenent pour le <strong>XV de France<\/strong> \u00e0 l&rsquo;approche du choc face aux <strong>All<\/strong> <strong>Blacks<\/strong>. Lundi soir, on apprenait le forfait de <strong>Fran\u00e7ois<\/strong> <strong>Cros<\/strong> \u00e0 cause d&rsquo;une commotion face au Japon. Sorti \u00e0 la mi-temps du match, le troisi\u00e8me ligne du <strong>Stade<\/strong> <strong>Toulousain<\/strong> ne pourra pas tenir sa place. Le Rochelais <strong>Paul<\/strong> <strong>Boudehent<\/strong>, tr\u00e8s bon samedi, devrait d\u00e9buter.<\/p>\n<div class=\"vlp-link-container vlp-layout-article\"><a href=\"https:\/\/dicodusport.fr\/blog\/xv-de-france-inquietude-pour-thibaud-flament-et-theo-attissogbe\/\" class=\"vlp-link\" title=\"XV de France : Inqui\u00e9tude pour Thibaud Flament et Th\u00e9o Attissogbe\"><\/a><div class=\"vlp-layout-zone-side\"><div class=\"vlp-block-4 vlp-link-image\"><img loading=\"lazy\" decoding=\"async\" style=\"max-width: 792px;\" width=\"792\" height=\"445\" src=\"https:\/\/dicodusport.fr\/blog\/wp-content\/uploads\/2024\/11\/XV-de-France-Inquietude-pour-Thibaud-Flament-et-Theo-Attissogbe.png\" class=\"attachment-800x445 size-800x445\" alt=\"XV de France Inqui\u00e9tude pour Thibaud Flament et Th\u00e9o Attissogbe\" srcset=\"https:\/\/dicodusport.fr\/blog\/wp-content\/uploads\/2024\/11\/XV-de-France-Inquietude-pour-Thibaud-Flament-et-Theo-Attissogbe.png 1200w, https:\/\/dicodusport.fr\/blog\/wp-content\/uploads\/2024\/11\/XV-de-France-Inquietude-pour-Thibaud-Flament-et-Theo-Attissogbe-300x169.png 300w, https:\/\/dicodusport.fr\/blog\/wp-content\/uploads\/2024\/11\/XV-de-France-Inquietude-pour-Thibaud-Flament-et-Theo-Attissogbe-1024x575.png 1024w, https:\/\/dicodusport.fr\/blog\/wp-content\/uploads\/2024\/11\/XV-de-France-Inquietude-pour-Thibaud-Flament-et-Theo-Attissogbe-768x431.png 768w\" sizes=\"auto, (max-width: 792px) 100vw, 792px\" \/><\/div><\/div><div class=\"vlp-layout-zone-main\"><div class=\"vlp-block-0 vlp-link-title\">XV de France : Inqui\u00e9tude pour Thibaud Flament et Th\u00e9o Attissogbe<\/div><div class=\"vlp-block-1 vlp-link-summary\">XV DE FRANCE - Thibaud Flament et Th\u00e9o Attissogbe sont sortis sur blessure, lors du match contre le Japon (52-12). Et pour le jeune ailier, le genou serait touch\u00e9 et le reste de sa tourn\u00e9e pourrait \u00eatre compromis.<\/div><div class=\"vlp-block-2 vlp-link-button\">Lire l'article<\/div><div class=\"vlp-block-3 vlp-link-url\">dicodusport.fr<\/div><\/div><\/div>\n<h2 style=\"text-align: justify;\">Penaud out<\/h2>\n<p style=\"text-align: justify;\">Forfait de derni\u00e8re minute face au Japon, <strong>Damian<\/strong> <strong>Penaud<\/strong> ne devrait pas pouvoir \u00eatre align\u00e9 face \u00e0 la <strong>Nouvelle-Z\u00e9lande<\/strong> ce samedi. C&rsquo;est un vrai coup dur pour Fabien <strong>Galthi\u00e9<\/strong> qui a d\u00e9j\u00e0 perdu <strong>Th\u00e9o<\/strong> <strong>Attissogbe<\/strong> sur blessure. Sauf retournement de situation, <strong>Gabin<\/strong> <strong>Villi\u00e8re<\/strong> devrait faire son retour sur l&rsquo;aile samedi soir apr\u00e8s plusieurs mois d&rsquo;absence.<\/p>\n<ul style=\"text-align: justify;\">\n<li><strong>\u00c0 ce sujet &#8211;<a href=\"https:\/\/dicodusport.fr\/blog\/xv-de-france-les-notes-des-bleus-face-au-japon\/\"> Les notes des Bleus contre le Japon<\/a><\/strong><\/li>\n<\/ul>\n<p style=\"text-align: justify;\">Enfin, <strong>L\u00e9o<\/strong> <strong>Barr\u00e9<\/strong> (Stade Fran\u00e7ais) n&rsquo;aurait pas compl\u00e8tement convaincu le s\u00e9lectionneur face au <strong>Japon<\/strong>. Alors que <strong>Thomas<\/strong> <strong>Ramos<\/strong> devrait de nouveau d\u00e9buter au poste de num\u00e9ro 10, <strong>Fabien Galthi\u00e9<\/strong> devrait offrir sa premi\u00e8re cape \u00e0 <strong>Romain<\/strong> <strong>Buros<\/strong> \u00e0 l&rsquo;arri\u00e8re. Souvent appel\u00e9 dans le groupe France, il n&rsquo;a jusque-l\u00e0 jamais eu sa chance.<\/p>\n","protected":false},"excerpt":{"rendered":"<p>XV DE FRANCE &#8211; Selon L&rsquo;\u00c9quipe, Damian Penaud et Fran\u00e7ois Cros sont forfait face \u00e0 la Nouvelle-Z\u00e9lande alors que Romain Buros devrait d\u00e9buter \u00e0 l&rsquo;arri\u00e8re.<\/p>\n","protected":false},"author":1,"featured_media":532315,"comment_status":"open","ping_status":"closed","sticky":false,"template":"","format":"standard","meta":{"_acf_changed":false,"_daextam_enable_autolinks":"1","footnotes":""},"categories":[9129],"tags":[32415,20115,16878,7689,1570,8757,13,1638],"class_list":["post-532314","post","type-post","status-publish","format-standard","has-post-thumbnail","hentry","category-rugby-a-xv","tag-actu","tag-autumn-nations-series","tag-breve","tag-damian-penaud","tag-france-japon","tag-penaud","tag-rugby","tag-xv-de-france"],"acf":[],"yoast_head":"<!-- This site is optimized with the Yoast SEO Premium plugin v26.7 (Yoast SEO v26.7) - https:\/\/yoast.com\/wordpress\/plugins\/seo\/ -->\n<title>XV de France : 2 nouveaux forfaits face aux All Blacks, Romain Buros titulaire ?<\/title>\n<meta name=\"description\" content=\"XV DE FRANCE - Selon L&#039;\u00c9quipe, Damian Penaud et Fran\u00e7ois Cros sont forfait face \u00e0 la Nouvelle-Z\u00e9lande alors que Romain Buros devrait d\u00e9buter \u00e0 l&#039;arri\u00e8re.\" \/>\n<meta name=\"robots\" content=\"index, follow, max-snippet:-1, max-image-preview:large, max-video-preview:-1\" \/>\n<link rel=\"canonical\" href=\"https:\/\/dicodusport.fr\/blog\/xv-de-france-2-nouveaux-forfaits-face-aux-all-blacks-romain-buros-titulaire\/\" \/>\n<meta property=\"og:locale\" content=\"fr_FR\" \/>\n<meta property=\"og:type\" content=\"article\" \/>\n<meta property=\"og:title\" content=\"XV de France : 2 nouveaux forfaits face aux All Blacks, Romain Buros titulaire ?\" \/>\n<meta property=\"og:description\" content=\"XV DE FRANCE - Selon L&#039;\u00c9quipe, Damian Penaud et Fran\u00e7ois Cros sont forfait face \u00e0 la Nouvelle-Z\u00e9lande alors que Romain Buros devrait d\u00e9buter \u00e0 l&#039;arri\u00e8re.\" \/>\n<meta property=\"og:url\" content=\"https:\/\/dicodusport.fr\/blog\/xv-de-france-2-nouveaux-forfaits-face-aux-all-blacks-romain-buros-titulaire\/\" \/>\n<meta property=\"og:site_name\" content=\"Dicodusport\" \/>\n<meta property=\"article:publisher\" content=\"https:\/\/www.facebook.com\/dicodusport\" \/>\n<meta property=\"article:author\" content=\"https:\/\/www.facebook.com\/dicodusport\" \/>\n<meta property=\"article:published_time\" content=\"2024-11-12T08:22:42+00:00\" \/>\n<meta property=\"article:modified_time\" content=\"2024-11-12T08:51:39+00:00\" \/>\n<meta property=\"og:image\" content=\"https:\/\/dicodusport.fr\/blog\/wp-content\/uploads\/2024\/11\/XV-de-France-2-nouveaux-forfaits-face-aux-All-Blacks-Romain-Buros-titulaire-.png\" \/>\n\t<meta property=\"og:image:width\" content=\"1200\" \/>\n\t<meta property=\"og:image:height\" content=\"674\" \/>\n\t<meta property=\"og:image:type\" content=\"image\/png\" \/>\n<meta name=\"author\" content=\"Nicolas Jacquemard\" \/>\n<meta name=\"twitter:card\" content=\"summary_large_image\" \/>\n<meta name=\"twitter:title\" content=\"XV de France : 2 nouveaux forfaits face aux All Blacks, Romain Buros titulaire ?\" \/>\n<meta name=\"twitter:creator\" content=\"@https:\/\/twitter.com\/Nico_Jacquemard\" \/>\n<meta name=\"twitter:site\" content=\"@dicodusport\" \/>\n<script type=\"application\/ld+json\" class=\"yoast-schema-graph\">{\"@context\":\"https:\/\/schema.org\",\"@graph\":[{\"@type\":\"NewsArticle\",\"@id\":\"https:\/\/dicodusport.fr\/blog\/xv-de-france-2-nouveaux-forfaits-face-aux-all-blacks-romain-buros-titulaire\/#article\",\"isPartOf\":{\"@id\":\"https:\/\/dicodusport.fr\/blog\/xv-de-france-2-nouveaux-forfaits-face-aux-all-blacks-romain-buros-titulaire\/\"},\"author\":{\"name\":\"Nicolas Jacquemard\",\"@id\":\"https:\/\/dicodusport.fr\/blog\/#\/schema\/person\/55dcb50ad410894e431ed812bbb70191\"},\"headline\":\"XV de France : 2 nouveaux forfaits face aux All Blacks, Romain Buros titulaire ?\",\"datePublished\":\"2024-11-12T08:22:42+00:00\",\"dateModified\":\"2024-11-12T08:51:39+00:00\",\"mainEntityOfPage\":{\"@id\":\"https:\/\/dicodusport.fr\/blog\/xv-de-france-2-nouveaux-forfaits-face-aux-all-blacks-romain-buros-titulaire\/\"},\"wordCount\":335,\"commentCount\":1,\"publisher\":{\"@id\":\"https:\/\/dicodusport.fr\/blog\/#organization\"},\"image\":{\"@id\":\"https:\/\/dicodusport.fr\/blog\/xv-de-france-2-nouveaux-forfaits-face-aux-all-blacks-romain-buros-titulaire\/#primaryimage\"},\"thumbnailUrl\":\"https:\/\/dicodusport.fr\/blog\/wp-content\/uploads\/2024\/11\/XV-de-France-2-nouveaux-forfaits-face-aux-All-Blacks-Romain-Buros-titulaire-.png\",\"keywords\":[\"actu\",\"Autumn Nations Series\",\"br\u00e8ve\",\"Damian Penaud\",\"france japon\",\"Penaud\",\"Rugby\",\"XV de France\"],\"articleSection\":[\"Rugby \u00e0 XV\"],\"inLanguage\":\"fr-FR\",\"potentialAction\":[{\"@type\":\"CommentAction\",\"name\":\"Comment\",\"target\":[\"https:\/\/dicodusport.fr\/blog\/xv-de-france-2-nouveaux-forfaits-face-aux-all-blacks-romain-buros-titulaire\/#respond\"]}],\"copyrightYear\":\"2024\",\"copyrightHolder\":{\"@id\":\"https:\/\/dicodusport.fr\/blog\/#organization\"}},{\"@type\":\"WebPage\",\"@id\":\"https:\/\/dicodusport.fr\/blog\/xv-de-france-2-nouveaux-forfaits-face-aux-all-blacks-romain-buros-titulaire\/\",\"url\":\"https:\/\/dicodusport.fr\/blog\/xv-de-france-2-nouveaux-forfaits-face-aux-all-blacks-romain-buros-titulaire\/\",\"name\":\"XV de France : 2 nouveaux forfaits face aux All Blacks, Romain Buros titulaire ?\",\"isPartOf\":{\"@id\":\"https:\/\/dicodusport.fr\/blog\/#website\"},\"primaryImageOfPage\":{\"@id\":\"https:\/\/dicodusport.fr\/blog\/xv-de-france-2-nouveaux-forfaits-face-aux-all-blacks-romain-buros-titulaire\/#primaryimage\"},\"image\":{\"@id\":\"https:\/\/dicodusport.fr\/blog\/xv-de-france-2-nouveaux-forfaits-face-aux-all-blacks-romain-buros-titulaire\/#primaryimage\"},\"thumbnailUrl\":\"https:\/\/dicodusport.fr\/blog\/wp-content\/uploads\/2024\/11\/XV-de-France-2-nouveaux-forfaits-face-aux-All-Blacks-Romain-Buros-titulaire-.png\",\"datePublished\":\"2024-11-12T08:22:42+00:00\",\"dateModified\":\"2024-11-12T08:51:39+00:00\",\"description\":\"XV DE FRANCE - Selon L'\u00c9quipe, Damian Penaud et Fran\u00e7ois Cros sont forfait face \u00e0 la Nouvelle-Z\u00e9lande alors que Romain Buros devrait d\u00e9buter \u00e0 l'arri\u00e8re.\",\"breadcrumb\":{\"@id\":\"https:\/\/dicodusport.fr\/blog\/xv-de-france-2-nouveaux-forfaits-face-aux-all-blacks-romain-buros-titulaire\/#breadcrumb\"},\"inLanguage\":\"fr-FR\",\"potentialAction\":[{\"@type\":\"ReadAction\",\"target\":[\"https:\/\/dicodusport.fr\/blog\/xv-de-france-2-nouveaux-forfaits-face-aux-all-blacks-romain-buros-titulaire\/\"]}]},{\"@type\":\"ImageObject\",\"inLanguage\":\"fr-FR\",\"@id\":\"https:\/\/dicodusport.fr\/blog\/xv-de-france-2-nouveaux-forfaits-face-aux-all-blacks-romain-buros-titulaire\/#primaryimage\",\"url\":\"https:\/\/dicodusport.fr\/blog\/wp-content\/uploads\/2024\/11\/XV-de-France-2-nouveaux-forfaits-face-aux-All-Blacks-Romain-Buros-titulaire-.png\",\"contentUrl\":\"https:\/\/dicodusport.fr\/blog\/wp-content\/uploads\/2024\/11\/XV-de-France-2-nouveaux-forfaits-face-aux-All-Blacks-Romain-Buros-titulaire-.png\",\"width\":1200,\"height\":674},{\"@type\":\"BreadcrumbList\",\"@id\":\"https:\/\/dicodusport.fr\/blog\/xv-de-france-2-nouveaux-forfaits-face-aux-all-blacks-romain-buros-titulaire\/#breadcrumb\",\"itemListElement\":[{\"@type\":\"ListItem\",\"position\":1,\"name\":\"Accueil\",\"item\":\"https:\/\/dicodusport.fr\/blog\/\"},{\"@type\":\"ListItem\",\"position\":2,\"name\":\"XV de France : 2 nouveaux forfaits face aux All Blacks, Romain Buros titulaire ?\"}]},{\"@type\":\"WebSite\",\"@id\":\"https:\/\/dicodusport.fr\/blog\/#website\",\"url\":\"https:\/\/dicodusport.fr\/blog\/\",\"name\":\"Dicodusport\",\"description\":\"L&#039;encyclop\u00e9die de l&#039;actualit\u00e9 sportive\",\"publisher\":{\"@id\":\"https:\/\/dicodusport.fr\/blog\/#organization\"},\"potentialAction\":[{\"@type\":\"SearchAction\",\"target\":{\"@type\":\"EntryPoint\",\"urlTemplate\":\"https:\/\/dicodusport.fr\/blog\/?s={search_term_string}\"},\"query-input\":{\"@type\":\"PropertyValueSpecification\",\"valueRequired\":true,\"valueName\":\"search_term_string\"}}],\"inLanguage\":\"fr-FR\"},{\"@type\":\"NewsMediaOrganization\",\"@id\":\"https:\/\/dicodusport.fr\/blog\/#organization\",\"name\":\"Dicodusport\",\"url\":\"https:\/\/dicodusport.fr\/blog\/\",\"logo\":{\"@type\":\"ImageObject\",\"inLanguage\":\"fr-FR\",\"@id\":\"https:\/\/dicodusport.fr\/blog\/#\/schema\/logo\/image\/\",\"url\":\"https:\/\/dicodusport.fr\/blog\/wp-content\/uploads\/2020\/06\/cropped-LOGO-DICODUSPORT-2020-SANS-FOND-SANS-TEXTE.png\",\"contentUrl\":\"https:\/\/dicodusport.fr\/blog\/wp-content\/uploads\/2020\/06\/cropped-LOGO-DICODUSPORT-2020-SANS-FOND-SANS-TEXTE.png\",\"width\":512,\"height\":512,\"caption\":\"Dicodusport\"},\"image\":{\"@id\":\"https:\/\/dicodusport.fr\/blog\/#\/schema\/logo\/image\/\"},\"sameAs\":[\"https:\/\/www.facebook.com\/dicodusport\",\"https:\/\/x.com\/dicodusport\",\"https:\/\/www.instagram.com\/dicodusport\/\",\"https:\/\/www.youtube.com\/channel\/UC7V2KZ5sd3htJivAbA4ZG3w\"],\"description\":\"Dicodusport est l'encyclop\u00e9die de l'actualit\u00e9 sportive.\",\"email\":\"bonjour@dicodusport.fr\",\"legalName\":\"DICODUSPORT\",\"foundingDate\":\"2018-01-14\",\"vatID\":\"FR71834470973\",\"taxID\":\"83447097300043\",\"numberOfEmployees\":{\"@type\":\"QuantitativeValue\",\"minValue\":\"1\",\"maxValue\":\"10\"}},{\"@type\":\"Person\",\"@id\":\"https:\/\/dicodusport.fr\/blog\/#\/schema\/person\/55dcb50ad410894e431ed812bbb70191\",\"name\":\"Nicolas Jacquemard\",\"image\":{\"@type\":\"ImageObject\",\"inLanguage\":\"fr-FR\",\"@id\":\"https:\/\/dicodusport.fr\/blog\/#\/schema\/person\/image\/\",\"url\":\"https:\/\/dicodusport.fr\/blog\/wp-content\/uploads\/2021\/05\/Nicolas-Jacquemard-150x150.jpeg\",\"contentUrl\":\"https:\/\/dicodusport.fr\/blog\/wp-content\/uploads\/2021\/05\/Nicolas-Jacquemard-150x150.jpeg\",\"caption\":\"Nicolas Jacquemard\"},\"description\":\"Passionn\u00e9 de sport et entrepreneur depuis mes 18 ans, la cr\u00e9ation de Dicodusport m'a sembl\u00e9 \u00e9vidente pour participer \u00e0 la m\u00e9diatisation d'un plus grand nombre de sports. Le chemin est long mais avec une \u00e9quipe des plus motiv\u00e9es et les Jeux Olympiques de Paris 2024 en point de mire, nous y arriverons ! Journaliste dans le monde du sport depuis plus de 5 ans, je traite aussi bien de football, de rugby, de biathlon que de cyclisme.\",\"sameAs\":[\"https:\/\/www.facebook.com\/dicodusport\",\"https:\/\/x.com\/https:\/\/twitter.com\/Nico_Jacquemard\"],\"url\":\"https:\/\/dicodusport.fr\/blog\/author\/dicodusport\/\"}]}<\/script>\n<!-- \/ Yoast SEO Premium plugin. -->","yoast_head_json":{"title":"XV de France : 2 nouveaux forfaits face aux All Blacks, Romain Buros titulaire ?","description":"XV DE FRANCE - Selon L'\u00c9quipe, Damian Penaud et Fran\u00e7ois Cros sont forfait face \u00e0 la Nouvelle-Z\u00e9lande alors que Romain Buros devrait d\u00e9buter \u00e0 l'arri\u00e8re.","robots":{"index":"index","follow":"follow","max-snippet":"max-snippet:-1","max-image-preview":"max-image-preview:large","max-video-preview":"max-video-preview:-1"},"canonical":"https:\/\/dicodusport.fr\/blog\/xv-de-france-2-nouveaux-forfaits-face-aux-all-blacks-romain-buros-titulaire\/","og_locale":"fr_FR","og_type":"article","og_title":"XV de France : 2 nouveaux forfaits face aux All Blacks, Romain Buros titulaire ?","og_description":"XV DE FRANCE - Selon L'\u00c9quipe, Damian Penaud et Fran\u00e7ois Cros sont forfait face \u00e0 la Nouvelle-Z\u00e9lande alors que Romain Buros devrait d\u00e9buter \u00e0 l'arri\u00e8re.","og_url":"https:\/\/dicodusport.fr\/blog\/xv-de-france-2-nouveaux-forfaits-face-aux-all-blacks-romain-buros-titulaire\/","og_site_name":"Dicodusport","article_publisher":"https:\/\/www.facebook.com\/dicodusport","article_author":"https:\/\/www.facebook.com\/dicodusport","article_published_time":"2024-11-12T08:22:42+00:00","article_modified_time":"2024-11-12T08:51:39+00:00","og_image":[{"width":1200,"height":674,"url":"https:\/\/dicodusport.fr\/blog\/wp-content\/uploads\/2024\/11\/XV-de-France-2-nouveaux-forfaits-face-aux-All-Blacks-Romain-Buros-titulaire-.png","type":"image\/png"}],"author":"Nicolas Jacquemard","twitter_card":"summary_large_image","twitter_title":"XV de France : 2 nouveaux forfaits face aux All Blacks, Romain Buros titulaire ?","twitter_creator":"@https:\/\/twitter.com\/Nico_Jacquemard","twitter_site":"@dicodusport","schema":{"@context":"https:\/\/schema.org","@graph":[{"@type":"NewsArticle","@id":"https:\/\/dicodusport.fr\/blog\/xv-de-france-2-nouveaux-forfaits-face-aux-all-blacks-romain-buros-titulaire\/#article","isPartOf":{"@id":"https:\/\/dicodusport.fr\/blog\/xv-de-france-2-nouveaux-forfaits-face-aux-all-blacks-romain-buros-titulaire\/"},"author":{"name":"Nicolas Jacquemard","@id":"https:\/\/dicodusport.fr\/blog\/#\/schema\/person\/55dcb50ad410894e431ed812bbb70191"},"headline":"XV de France : 2 nouveaux forfaits face aux All Blacks, Romain Buros titulaire ?","datePublished":"2024-11-12T08:22:42+00:00","dateModified":"2024-11-12T08:51:39+00:00","mainEntityOfPage":{"@id":"https:\/\/dicodusport.fr\/blog\/xv-de-france-2-nouveaux-forfaits-face-aux-all-blacks-romain-buros-titulaire\/"},"wordCount":335,"commentCount":1,"publisher":{"@id":"https:\/\/dicodusport.fr\/blog\/#organization"},"image":{"@id":"https:\/\/dicodusport.fr\/blog\/xv-de-france-2-nouveaux-forfaits-face-aux-all-blacks-romain-buros-titulaire\/#primaryimage"},"thumbnailUrl":"https:\/\/dicodusport.fr\/blog\/wp-content\/uploads\/2024\/11\/XV-de-France-2-nouveaux-forfaits-face-aux-All-Blacks-Romain-Buros-titulaire-.png","keywords":["actu","Autumn Nations Series","br\u00e8ve","Damian Penaud","france japon","Penaud","Rugby","XV de France"],"articleSection":["Rugby \u00e0 XV"],"inLanguage":"fr-FR","potentialAction":[{"@type":"CommentAction","name":"Comment","target":["https:\/\/dicodusport.fr\/blog\/xv-de-france-2-nouveaux-forfaits-face-aux-all-blacks-romain-buros-titulaire\/#respond"]}],"copyrightYear":"2024","copyrightHolder":{"@id":"https:\/\/dicodusport.fr\/blog\/#organization"}},{"@type":"WebPage","@id":"https:\/\/dicodusport.fr\/blog\/xv-de-france-2-nouveaux-forfaits-face-aux-all-blacks-romain-buros-titulaire\/","url":"https:\/\/dicodusport.fr\/blog\/xv-de-france-2-nouveaux-forfaits-face-aux-all-blacks-romain-buros-titulaire\/","name":"XV de France : 2 nouveaux forfaits face aux All Blacks, Romain Buros titulaire ?","isPartOf":{"@id":"https:\/\/dicodusport.fr\/blog\/#website"},"primaryImageOfPage":{"@id":"https:\/\/dicodusport.fr\/blog\/xv-de-france-2-nouveaux-forfaits-face-aux-all-blacks-romain-buros-titulaire\/#primaryimage"},"image":{"@id":"https:\/\/dicodusport.fr\/blog\/xv-de-france-2-nouveaux-forfaits-face-aux-all-blacks-romain-buros-titulaire\/#primaryimage"},"thumbnailUrl":"https:\/\/dicodusport.fr\/blog\/wp-content\/uploads\/2024\/11\/XV-de-France-2-nouveaux-forfaits-face-aux-All-Blacks-Romain-Buros-titulaire-.png","datePublished":"2024-11-12T08:22:42+00:00","dateModified":"2024-11-12T08:51:39+00:00","description":"XV DE FRANCE - Selon L'\u00c9quipe, Damian Penaud et Fran\u00e7ois Cros sont forfait face \u00e0 la Nouvelle-Z\u00e9lande alors que Romain Buros devrait d\u00e9buter \u00e0 l'arri\u00e8re.","breadcrumb":{"@id":"https:\/\/dicodusport.fr\/blog\/xv-de-france-2-nouveaux-forfaits-face-aux-all-blacks-romain-buros-titulaire\/#breadcrumb"},"inLanguage":"fr-FR","potentialAction":[{"@type":"ReadAction","target":["https:\/\/dicodusport.fr\/blog\/xv-de-france-2-nouveaux-forfaits-face-aux-all-blacks-romain-buros-titulaire\/"]}]},{"@type":"ImageObject","inLanguage":"fr-FR","@id":"https:\/\/dicodusport.fr\/blog\/xv-de-france-2-nouveaux-forfaits-face-aux-all-blacks-romain-buros-titulaire\/#primaryimage","url":"https:\/\/dicodusport.fr\/blog\/wp-content\/uploads\/2024\/11\/XV-de-France-2-nouveaux-forfaits-face-aux-All-Blacks-Romain-Buros-titulaire-.png","contentUrl":"https:\/\/dicodusport.fr\/blog\/wp-content\/uploads\/2024\/11\/XV-de-France-2-nouveaux-forfaits-face-aux-All-Blacks-Romain-Buros-titulaire-.png","width":1200,"height":674},{"@type":"BreadcrumbList","@id":"https:\/\/dicodusport.fr\/blog\/xv-de-france-2-nouveaux-forfaits-face-aux-all-blacks-romain-buros-titulaire\/#breadcrumb","itemListElement":[{"@type":"ListItem","position":1,"name":"Accueil","item":"https:\/\/dicodusport.fr\/blog\/"},{"@type":"ListItem","position":2,"name":"XV de France : 2 nouveaux forfaits face aux All Blacks, Romain Buros titulaire ?"}]},{"@type":"WebSite","@id":"https:\/\/dicodusport.fr\/blog\/#website","url":"https:\/\/dicodusport.fr\/blog\/","name":"Dicodusport","description":"L&#039;encyclop\u00e9die de l&#039;actualit\u00e9 sportive","publisher":{"@id":"https:\/\/dicodusport.fr\/blog\/#organization"},"potentialAction":[{"@type":"SearchAction","target":{"@type":"EntryPoint","urlTemplate":"https:\/\/dicodusport.fr\/blog\/?s={search_term_string}"},"query-input":{"@type":"PropertyValueSpecification","valueRequired":true,"valueName":"search_term_string"}}],"inLanguage":"fr-FR"},{"@type":"NewsMediaOrganization","@id":"https:\/\/dicodusport.fr\/blog\/#organization","name":"Dicodusport","url":"https:\/\/dicodusport.fr\/blog\/","logo":{"@type":"ImageObject","inLanguage":"fr-FR","@id":"https:\/\/dicodusport.fr\/blog\/#\/schema\/logo\/image\/","url":"https:\/\/dicodusport.fr\/blog\/wp-content\/uploads\/2020\/06\/cropped-LOGO-DICODUSPORT-2020-SANS-FOND-SANS-TEXTE.png","contentUrl":"https:\/\/dicodusport.fr\/blog\/wp-content\/uploads\/2020\/06\/cropped-LOGO-DICODUSPORT-2020-SANS-FOND-SANS-TEXTE.png","width":512,"height":512,"caption":"Dicodusport"},"image":{"@id":"https:\/\/dicodusport.fr\/blog\/#\/schema\/logo\/image\/"},"sameAs":["https:\/\/www.facebook.com\/dicodusport","https:\/\/x.com\/dicodusport","https:\/\/www.instagram.com\/dicodusport\/","https:\/\/www.youtube.com\/channel\/UC7V2KZ5sd3htJivAbA4ZG3w"],"description":"Dicodusport est l'encyclop\u00e9die de l'actualit\u00e9 sportive.","email":"bonjour@dicodusport.fr","legalName":"DICODUSPORT","foundingDate":"2018-01-14","vatID":"FR71834470973","taxID":"83447097300043","numberOfEmployees":{"@type":"QuantitativeValue","minValue":"1","maxValue":"10"}},{"@type":"Person","@id":"https:\/\/dicodusport.fr\/blog\/#\/schema\/person\/55dcb50ad410894e431ed812bbb70191","name":"Nicolas Jacquemard","image":{"@type":"ImageObject","inLanguage":"fr-FR","@id":"https:\/\/dicodusport.fr\/blog\/#\/schema\/person\/image\/","url":"https:\/\/dicodusport.fr\/blog\/wp-content\/uploads\/2021\/05\/Nicolas-Jacquemard-150x150.jpeg","contentUrl":"https:\/\/dicodusport.fr\/blog\/wp-content\/uploads\/2021\/05\/Nicolas-Jacquemard-150x150.jpeg","caption":"Nicolas Jacquemard"},"description":"Passionn\u00e9 de sport et entrepreneur depuis mes 18 ans, la cr\u00e9ation de Dicodusport m'a sembl\u00e9 \u00e9vidente pour participer \u00e0 la m\u00e9diatisation d'un plus grand nombre de sports. Le chemin est long mais avec une \u00e9quipe des plus motiv\u00e9es et les Jeux Olympiques de Paris 2024 en point de mire, nous y arriverons ! Journaliste dans le monde du sport depuis plus de 5 ans, je traite aussi bien de football, de rugby, de biathlon que de cyclisme.","sameAs":["https:\/\/www.facebook.com\/dicodusport","https:\/\/x.com\/https:\/\/twitter.com\/Nico_Jacquemard"],"url":"https:\/\/dicodusport.fr\/blog\/author\/dicodusport\/"}]}},"_links":{"self":[{"href":"https:\/\/dicodusport.fr\/blog\/wp-json\/wp\/v2\/posts\/532314","targetHints":{"allow":["GET"]}}],"collection":[{"href":"https:\/\/dicodusport.fr\/blog\/wp-json\/wp\/v2\/posts"}],"about":[{"href":"https:\/\/dicodusport.fr\/blog\/wp-json\/wp\/v2\/types\/post"}],"author":[{"embeddable":true,"href":"https:\/\/dicodusport.fr\/blog\/wp-json\/wp\/v2\/users\/1"}],"replies":[{"embeddable":true,"href":"https:\/\/dicodusport.fr\/blog\/wp-json\/wp\/v2\/comments?post=532314"}],"version-history":[{"count":4,"href":"https:\/\/dicodusport.fr\/blog\/wp-json\/wp\/v2\/posts\/532314\/revisions"}],"predecessor-version":[{"id":532323,"href":"https:\/\/dicodusport.fr\/blog\/wp-json\/wp\/v2\/posts\/532314\/revisions\/532323"}],"wp:featuredmedia":[{"embeddable":true,"href":"https:\/\/dicodusport.fr\/blog\/wp-json\/wp\/v2\/media\/532315"}],"wp:attachment":[{"href":"https:\/\/dicodusport.fr\/blog\/wp-json\/wp\/v2\/media?parent=532314"}],"wp:term":[{"taxonomy":"category","embeddable":true,"href":"https:\/\/dicodusport.fr\/blog\/wp-json\/wp\/v2\/categories?post=532314"},{"taxonomy":"post_tag","embeddable":true,"href":"https:\/\/dicodusport.fr\/blog\/wp-json\/wp\/v2\/tags?post=532314"}],"curies":[{"name":"wp","href":"https:\/\/api.w.org\/{rel}","templated":true}]}}