{"id":532326,"date":"2024-11-12T11:39:58","date_gmt":"2024-11-12T10:39:58","guid":{"rendered":"https:\/\/dicodusport.fr\/blog\/?p=532326&#038;preview=true&#038;preview_id=532326"},"modified":"2024-11-12T11:39:58","modified_gmt":"2024-11-12T10:39:58","slug":"levi-ski-alpin-la-selection-francaise-pour-les-premiers-slaloms","status":"publish","type":"post","link":"https:\/\/dicodusport.fr\/blog\/levi-ski-alpin-la-selection-francaise-pour-les-premiers-slaloms\/","title":{"rendered":"Levi Ski alpin : La s\u00e9lection fran\u00e7aise pour les premiers slaloms"},"content":{"rendered":"<h4 style=\"text-align: justify;\"><em>COUPE DU MONDE DE SKI ALPIN 2024-2025 <\/em><em>&#8211; La F\u00e9d\u00e9ration Fran\u00e7aise de Ski a annonc\u00e9 la liste des repr\u00e9sentants et repr\u00e9sentantes tricolores qui disputeront les premiers slaloms du c\u00f4t\u00e9 de Levi (Finlande).\u00a0<\/em><\/h4>\n<ul>\n<li style=\"text-align: justify;\"><strong>\u00c0 ce sujet &#8211; <a href=\"https:\/\/dicodusport.fr\/blog\/calendrier-et-resultats-coupe-du-monde-ski-alpin-2024-2025\/\">Calendrier et r\u00e9sultats Coupe du monde Ski alpin 2024-2025<\/a><\/strong><\/li>\n<\/ul>\n<h2 style=\"text-align: justify;\">Place au slalom<\/h2>\n<p style=\"text-align: justify;\">Apr\u00e8s les g\u00e9ants d&rsquo;ouverture du c\u00f4t\u00e9 de <strong>S\u00f6lden<\/strong> (Autriche), les skieurs tricolores se rendent cette fois en Finlande, \u00e0 <strong>Levi<\/strong>, pour le slalom. Si les temp\u00e9ratures ont \u00e9t\u00e9 \u00e9lev\u00e9es ces derniers jours, l&rsquo;\u00e9tat de la neige a tout de m\u00eame \u00e9tait jug\u00e9 suffisant.<\/p>\n<p style=\"text-align: justify;\">Pour repr\u00e9senter la France,\u00a0 6 femmes ont \u00e9t\u00e9 s\u00e9lectionn\u00e9es, dont des visages moins connus du grand public. Nous retrouverons <strong>Clarisse Br\u00e8che<\/strong>, <strong>Marion Chevrier<\/strong>, <strong>Marie Lamure<\/strong>, <strong>Laurine Lugon-Moulin<\/strong>, <strong>Caitlin McFarlane<\/strong> et <a href=\"https:\/\/dicodusport.fr\/blog\/chiara-pogneaux-je-suis-prete-physiquement-je-me-sens-bien\/\"><strong>Chiara Pogneaux<\/strong><\/a>.<\/p>\n<div class=\"vlp-link-container vlp-layout-article\"><a href=\"https:\/\/dicodusport.fr\/blog\/caitlin-mcfarlane-je-suis-capable-de-faire-des-sacrees-manches\/\" class=\"vlp-link\" title=\"Caitlin McFarlane : \u00ab Je suis capable de faire des sacr\u00e9es manches ! \u00bb\"><\/a><div class=\"vlp-layout-zone-side\"><div class=\"vlp-block-4 vlp-link-image\"><img loading=\"lazy\" decoding=\"async\" style=\"max-width: 792px;\" width=\"792\" height=\"445\" src=\"https:\/\/dicodusport.fr\/blog\/wp-content\/uploads\/2024\/10\/Caitlin-McFarlane-Je-suis-capable-de-faire-des-sacrees-manches-.png\" class=\"attachment-800x445 size-800x445\" alt=\"Caitlin McFarlane \u00ab Je suis capable de faire des sacr\u00e9es manches ! \u00bb\" srcset=\"https:\/\/dicodusport.fr\/blog\/wp-content\/uploads\/2024\/10\/Caitlin-McFarlane-Je-suis-capable-de-faire-des-sacrees-manches-.png 1200w, https:\/\/dicodusport.fr\/blog\/wp-content\/uploads\/2024\/10\/Caitlin-McFarlane-Je-suis-capable-de-faire-des-sacrees-manches--300x169.png 300w, https:\/\/dicodusport.fr\/blog\/wp-content\/uploads\/2024\/10\/Caitlin-McFarlane-Je-suis-capable-de-faire-des-sacrees-manches--1024x575.png 1024w, https:\/\/dicodusport.fr\/blog\/wp-content\/uploads\/2024\/10\/Caitlin-McFarlane-Je-suis-capable-de-faire-des-sacrees-manches--768x431.png 768w\" sizes=\"auto, (max-width: 792px) 100vw, 792px\" \/><\/div><\/div><div class=\"vlp-layout-zone-main\"><div class=\"vlp-block-0 vlp-link-title\">Caitlin McFarlane : \u00ab Je suis capable de faire des sacr\u00e9es manches ! \u00bb<\/div><div class=\"vlp-block-1 vlp-link-summary\">\u00ab Je suis capable de faire des sacr\u00e9es manches ! \u00bb<\/div><div class=\"vlp-block-2 vlp-link-button\">Lire l'article<\/div><div class=\"vlp-block-3 vlp-link-url\">dicodusport.fr<\/div><\/div><\/div>\n<p style=\"text-align: justify;\">C\u00f4t\u00e9 masculin, le champion olympique en titre de la discipline, <strong>Cl\u00e9ment No\u00ebl<\/strong> fait son retour. Pour l&rsquo;accompagner, l&rsquo;inusable <strong>Victor Muffat-Jeandet<\/strong>, <strong>Steven Amiez<\/strong> puis les petits jeunes avec <strong>L\u00e9o Anguenot<\/strong>, <strong>Hugo Desgrippes<\/strong>, et <strong>Paco Rassat<\/strong>. Un skieur suppl\u00e9mentaire pourrait \u00eatre ajout\u00e9 puisque les Bleus poss\u00e8dent encore une place.<\/p>\n<blockquote class=\"twitter-tweet\">\n<p dir=\"ltr\" lang=\"fr\">\ud835\udc73\ud835\udc86\u0301\ud835\udc97\ud835\udc8a \ud83d\udd1c\ud83c\uddeb\ud83c\uddee<br \/>\nLa s\u00e9lection fran\u00e7aise pour la deuxi\u00e8me \u00e9tape de coupe du monde de ski alpin en Finlande ! \ud83c\udd99<\/p>\n<p>\ud83c\uddeb\ud83c\uddf7\u27a1\ufe0f <a href=\"https:\/\/t.co\/OSCI2RIu8G\">https:\/\/t.co\/OSCI2RIu8G<\/a> <a href=\"https:\/\/t.co\/MvRA8EXPG9\">pic.twitter.com\/MvRA8EXPG9<\/a><\/p>\n<p>\u2014 FFS &#8211; F\u00e9d\u00e9ration Fran\u00e7aise de Ski (@FedFranceSki) <a href=\"https:\/\/twitter.com\/FedFranceSki\/status\/1856259570978505106?ref_src=twsrc%5Etfw\">November 12, 2024<\/a><\/p><\/blockquote>\n<p><script async src=\"https:\/\/platform.twitter.com\/widgets.js\" charset=\"utf-8\"><\/script><\/p>\n","protected":false},"excerpt":{"rendered":"<p>La s\u00e9lection fran\u00e7aise pour les premiers slaloms<\/p>\n","protected":false},"author":89,"featured_media":532339,"comment_status":"open","ping_status":"closed","sticky":false,"template":"","format":"standard","meta":{"_acf_changed":false,"_daextam_enable_autolinks":"1","footnotes":""},"categories":[47084],"tags":[32415,16878,3912,2233,3007,3784],"class_list":["post-532326","post","type-post","status-publish","format-standard","has-post-thumbnail","hentry","category-coupe-du-monde-ski-alpin","tag-actu","tag-breve","tag-clement-noel","tag-ski-alpin","tag-slalom","tag-victor-muffat-jeandet"],"acf":[],"yoast_head":"<!-- This site is optimized with the Yoast SEO Premium plugin v26.7 (Yoast SEO v26.7) - https:\/\/yoast.com\/wordpress\/plugins\/seo\/ -->\n<title>Levi Ski alpin : La s\u00e9lection fran\u00e7aise pour les premiers slaloms<\/title>\n<meta name=\"description\" content=\"La F\u00e9d\u00e9ration Fran\u00e7aise a annonc\u00e9 la liste des repr\u00e9sentants tricolores qui disputeront les premiers slaloms du c\u00f4t\u00e9 de Levi (Finlande).\u00a0\" \/>\n<meta name=\"robots\" content=\"index, follow, max-snippet:-1, max-image-preview:large, max-video-preview:-1\" \/>\n<link rel=\"canonical\" href=\"https:\/\/dicodusport.fr\/blog\/levi-ski-alpin-la-selection-francaise-pour-les-premiers-slaloms\/\" \/>\n<meta property=\"og:locale\" content=\"fr_FR\" \/>\n<meta property=\"og:type\" content=\"article\" \/>\n<meta property=\"og:title\" content=\"Levi Ski alpin : La s\u00e9lection fran\u00e7aise pour les premiers slaloms\" \/>\n<meta property=\"og:description\" content=\"La F\u00e9d\u00e9ration Fran\u00e7aise a annonc\u00e9 la liste des repr\u00e9sentants tricolores qui disputeront les premiers slaloms du c\u00f4t\u00e9 de Levi (Finlande).\u00a0\" \/>\n<meta property=\"og:url\" content=\"https:\/\/dicodusport.fr\/blog\/levi-ski-alpin-la-selection-francaise-pour-les-premiers-slaloms\/\" \/>\n<meta property=\"og:site_name\" content=\"Dicodusport\" \/>\n<meta property=\"article:publisher\" content=\"https:\/\/www.facebook.com\/dicodusport\" \/>\n<meta property=\"article:published_time\" content=\"2024-11-12T10:39:58+00:00\" \/>\n<meta property=\"og:image\" content=\"https:\/\/dicodusport.fr\/blog\/wp-content\/uploads\/2024\/11\/Levi-Ski-alpin-La-selection-francaise-pour-les-premiers-slaloms.png\" \/>\n\t<meta property=\"og:image:width\" content=\"1200\" \/>\n\t<meta property=\"og:image:height\" content=\"674\" \/>\n\t<meta property=\"og:image:type\" content=\"image\/png\" \/>\n<meta name=\"author\" content=\"Louka Lesueur\" \/>\n<meta name=\"twitter:card\" content=\"summary_large_image\" \/>\n<meta name=\"twitter:title\" content=\"Levi Ski alpin : La s\u00e9lection fran\u00e7aise pour les premiers slaloms\" \/>\n<meta name=\"twitter:creator\" content=\"@https:\/\/twitter.com\/LNewsSF\" \/>\n<meta name=\"twitter:site\" content=\"@dicodusport\" \/>\n<script type=\"application\/ld+json\" class=\"yoast-schema-graph\">{\"@context\":\"https:\/\/schema.org\",\"@graph\":[{\"@type\":\"NewsArticle\",\"@id\":\"https:\/\/dicodusport.fr\/blog\/levi-ski-alpin-la-selection-francaise-pour-les-premiers-slaloms\/#article\",\"isPartOf\":{\"@id\":\"https:\/\/dicodusport.fr\/blog\/levi-ski-alpin-la-selection-francaise-pour-les-premiers-slaloms\/\"},\"author\":{\"name\":\"Louka Lesueur\",\"@id\":\"https:\/\/dicodusport.fr\/blog\/#\/schema\/person\/54b6cdccebdfcd5a1036c594aecffc2a\"},\"headline\":\"Levi Ski alpin : La s\u00e9lection fran\u00e7aise pour les premiers slaloms\",\"datePublished\":\"2024-11-12T10:39:58+00:00\",\"mainEntityOfPage\":{\"@id\":\"https:\/\/dicodusport.fr\/blog\/levi-ski-alpin-la-selection-francaise-pour-les-premiers-slaloms\/\"},\"wordCount\":300,\"commentCount\":0,\"publisher\":{\"@id\":\"https:\/\/dicodusport.fr\/blog\/#organization\"},\"image\":{\"@id\":\"https:\/\/dicodusport.fr\/blog\/levi-ski-alpin-la-selection-francaise-pour-les-premiers-slaloms\/#primaryimage\"},\"thumbnailUrl\":\"https:\/\/dicodusport.fr\/blog\/wp-content\/uploads\/2024\/11\/Levi-Ski-alpin-La-selection-francaise-pour-les-premiers-slaloms.png\",\"keywords\":[\"actu\",\"br\u00e8ve\",\"Cl\u00e9ment No\u00ebl\",\"Ski alpin\",\"slalom\",\"Victor Muffat-Jeandet\"],\"articleSection\":[\"Coupe du monde de ski alpin\"],\"inLanguage\":\"fr-FR\",\"potentialAction\":[{\"@type\":\"CommentAction\",\"name\":\"Comment\",\"target\":[\"https:\/\/dicodusport.fr\/blog\/levi-ski-alpin-la-selection-francaise-pour-les-premiers-slaloms\/#respond\"]}],\"copyrightYear\":\"2024\",\"copyrightHolder\":{\"@id\":\"https:\/\/dicodusport.fr\/blog\/#organization\"}},{\"@type\":\"WebPage\",\"@id\":\"https:\/\/dicodusport.fr\/blog\/levi-ski-alpin-la-selection-francaise-pour-les-premiers-slaloms\/\",\"url\":\"https:\/\/dicodusport.fr\/blog\/levi-ski-alpin-la-selection-francaise-pour-les-premiers-slaloms\/\",\"name\":\"Levi Ski alpin : La s\u00e9lection fran\u00e7aise pour les premiers slaloms\",\"isPartOf\":{\"@id\":\"https:\/\/dicodusport.fr\/blog\/#website\"},\"primaryImageOfPage\":{\"@id\":\"https:\/\/dicodusport.fr\/blog\/levi-ski-alpin-la-selection-francaise-pour-les-premiers-slaloms\/#primaryimage\"},\"image\":{\"@id\":\"https:\/\/dicodusport.fr\/blog\/levi-ski-alpin-la-selection-francaise-pour-les-premiers-slaloms\/#primaryimage\"},\"thumbnailUrl\":\"https:\/\/dicodusport.fr\/blog\/wp-content\/uploads\/2024\/11\/Levi-Ski-alpin-La-selection-francaise-pour-les-premiers-slaloms.png\",\"datePublished\":\"2024-11-12T10:39:58+00:00\",\"description\":\"La F\u00e9d\u00e9ration Fran\u00e7aise a annonc\u00e9 la liste des repr\u00e9sentants tricolores qui disputeront les premiers slaloms du c\u00f4t\u00e9 de Levi (Finlande).\u00a0\",\"breadcrumb\":{\"@id\":\"https:\/\/dicodusport.fr\/blog\/levi-ski-alpin-la-selection-francaise-pour-les-premiers-slaloms\/#breadcrumb\"},\"inLanguage\":\"fr-FR\",\"potentialAction\":[{\"@type\":\"ReadAction\",\"target\":[\"https:\/\/dicodusport.fr\/blog\/levi-ski-alpin-la-selection-francaise-pour-les-premiers-slaloms\/\"]}]},{\"@type\":\"ImageObject\",\"inLanguage\":\"fr-FR\",\"@id\":\"https:\/\/dicodusport.fr\/blog\/levi-ski-alpin-la-selection-francaise-pour-les-premiers-slaloms\/#primaryimage\",\"url\":\"https:\/\/dicodusport.fr\/blog\/wp-content\/uploads\/2024\/11\/Levi-Ski-alpin-La-selection-francaise-pour-les-premiers-slaloms.png\",\"contentUrl\":\"https:\/\/dicodusport.fr\/blog\/wp-content\/uploads\/2024\/11\/Levi-Ski-alpin-La-selection-francaise-pour-les-premiers-slaloms.png\",\"width\":1200,\"height\":674,\"caption\":\"Levi Ski alpin La s\u00e9lection fran\u00e7aise pour les premiers slaloms\"},{\"@type\":\"BreadcrumbList\",\"@id\":\"https:\/\/dicodusport.fr\/blog\/levi-ski-alpin-la-selection-francaise-pour-les-premiers-slaloms\/#breadcrumb\",\"itemListElement\":[{\"@type\":\"ListItem\",\"position\":1,\"name\":\"Accueil\",\"item\":\"https:\/\/dicodusport.fr\/blog\/\"},{\"@type\":\"ListItem\",\"position\":2,\"name\":\"Levi Ski alpin : La s\u00e9lection fran\u00e7aise pour les premiers slaloms\"}]},{\"@type\":\"WebSite\",\"@id\":\"https:\/\/dicodusport.fr\/blog\/#website\",\"url\":\"https:\/\/dicodusport.fr\/blog\/\",\"name\":\"Dicodusport\",\"description\":\"L&#039;encyclop\u00e9die de l&#039;actualit\u00e9 sportive\",\"publisher\":{\"@id\":\"https:\/\/dicodusport.fr\/blog\/#organization\"},\"potentialAction\":[{\"@type\":\"SearchAction\",\"target\":{\"@type\":\"EntryPoint\",\"urlTemplate\":\"https:\/\/dicodusport.fr\/blog\/?s={search_term_string}\"},\"query-input\":{\"@type\":\"PropertyValueSpecification\",\"valueRequired\":true,\"valueName\":\"search_term_string\"}}],\"inLanguage\":\"fr-FR\"},{\"@type\":\"NewsMediaOrganization\",\"@id\":\"https:\/\/dicodusport.fr\/blog\/#organization\",\"name\":\"Dicodusport\",\"url\":\"https:\/\/dicodusport.fr\/blog\/\",\"logo\":{\"@type\":\"ImageObject\",\"inLanguage\":\"fr-FR\",\"@id\":\"https:\/\/dicodusport.fr\/blog\/#\/schema\/logo\/image\/\",\"url\":\"https:\/\/dicodusport.fr\/blog\/wp-content\/uploads\/2020\/06\/cropped-LOGO-DICODUSPORT-2020-SANS-FOND-SANS-TEXTE.png\",\"contentUrl\":\"https:\/\/dicodusport.fr\/blog\/wp-content\/uploads\/2020\/06\/cropped-LOGO-DICODUSPORT-2020-SANS-FOND-SANS-TEXTE.png\",\"width\":512,\"height\":512,\"caption\":\"Dicodusport\"},\"image\":{\"@id\":\"https:\/\/dicodusport.fr\/blog\/#\/schema\/logo\/image\/\"},\"sameAs\":[\"https:\/\/www.facebook.com\/dicodusport\",\"https:\/\/x.com\/dicodusport\",\"https:\/\/www.instagram.com\/dicodusport\/\",\"https:\/\/www.youtube.com\/channel\/UC7V2KZ5sd3htJivAbA4ZG3w\"],\"description\":\"Dicodusport est l'encyclop\u00e9die de l'actualit\u00e9 sportive.\",\"email\":\"bonjour@dicodusport.fr\",\"legalName\":\"DICODUSPORT\",\"foundingDate\":\"2018-01-14\",\"vatID\":\"FR71834470973\",\"taxID\":\"83447097300043\",\"numberOfEmployees\":{\"@type\":\"QuantitativeValue\",\"minValue\":\"1\",\"maxValue\":\"10\"}},{\"@type\":\"Person\",\"@id\":\"https:\/\/dicodusport.fr\/blog\/#\/schema\/person\/54b6cdccebdfcd5a1036c594aecffc2a\",\"name\":\"Louka Lesueur\",\"image\":{\"@type\":\"ImageObject\",\"inLanguage\":\"fr-FR\",\"@id\":\"https:\/\/dicodusport.fr\/blog\/#\/schema\/person\/image\/\",\"url\":\"https:\/\/dicodusport.fr\/blog\/wp-content\/uploads\/2023\/09\/IMG_2783-150x150.jpeg\",\"contentUrl\":\"https:\/\/dicodusport.fr\/blog\/wp-content\/uploads\/2023\/09\/IMG_2783-150x150.jpeg\",\"caption\":\"Louka Lesueur\"},\"description\":\"Passionn\u00e9 depuis tout petit par les exploits de Bolt, Fourcade, Riner, Lavillenie, Wilkinson, Hirscher. Les \u00e9motions provoqu\u00e9es par le sport ont berc\u00e9 mon enfance et continuent de le faire aujourd'hui. C'est ainsi qu'il m'est arriv\u00e9 de pleurer devant la d\u00e9faite des Bleus face aux Blacks en 2011, ou encore devant le titre olympique de Florent Manaudou \u00e0 Londres. Bien loin de ce milieu professionnel, j'ai os\u00e9 tenter ma chance pour rejoindre l'\u00e9quipe de r\u00e9daction de Dicodusport, et depuis septembre 2023, je tente de retransmettre au mieux les exploits des athl\u00e8tes, tous sports confondus. Grand chauvin, c'est bel et bien sur les sportifs tricolores que je pr\u00e9f\u00e8re \u00e9crire.\",\"sameAs\":[\"https:\/\/x.com\/https:\/\/twitter.com\/LNewsSF\"],\"gender\":\"Homme\",\"worksFor\":\"Louka LESUEUR\",\"url\":\"https:\/\/dicodusport.fr\/blog\/author\/louka-lesueur\/\"}]}<\/script>\n<!-- \/ Yoast SEO Premium plugin. -->","yoast_head_json":{"title":"Levi Ski alpin : La s\u00e9lection fran\u00e7aise pour les premiers slaloms","description":"La F\u00e9d\u00e9ration Fran\u00e7aise a annonc\u00e9 la liste des repr\u00e9sentants tricolores qui disputeront les premiers slaloms du c\u00f4t\u00e9 de Levi (Finlande).\u00a0","robots":{"index":"index","follow":"follow","max-snippet":"max-snippet:-1","max-image-preview":"max-image-preview:large","max-video-preview":"max-video-preview:-1"},"canonical":"https:\/\/dicodusport.fr\/blog\/levi-ski-alpin-la-selection-francaise-pour-les-premiers-slaloms\/","og_locale":"fr_FR","og_type":"article","og_title":"Levi Ski alpin : La s\u00e9lection fran\u00e7aise pour les premiers slaloms","og_description":"La F\u00e9d\u00e9ration Fran\u00e7aise a annonc\u00e9 la liste des repr\u00e9sentants tricolores qui disputeront les premiers slaloms du c\u00f4t\u00e9 de Levi (Finlande).\u00a0","og_url":"https:\/\/dicodusport.fr\/blog\/levi-ski-alpin-la-selection-francaise-pour-les-premiers-slaloms\/","og_site_name":"Dicodusport","article_publisher":"https:\/\/www.facebook.com\/dicodusport","article_published_time":"2024-11-12T10:39:58+00:00","og_image":[{"width":1200,"height":674,"url":"https:\/\/dicodusport.fr\/blog\/wp-content\/uploads\/2024\/11\/Levi-Ski-alpin-La-selection-francaise-pour-les-premiers-slaloms.png","type":"image\/png"}],"author":"Louka Lesueur","twitter_card":"summary_large_image","twitter_title":"Levi Ski alpin : La s\u00e9lection fran\u00e7aise pour les premiers slaloms","twitter_creator":"@https:\/\/twitter.com\/LNewsSF","twitter_site":"@dicodusport","schema":{"@context":"https:\/\/schema.org","@graph":[{"@type":"NewsArticle","@id":"https:\/\/dicodusport.fr\/blog\/levi-ski-alpin-la-selection-francaise-pour-les-premiers-slaloms\/#article","isPartOf":{"@id":"https:\/\/dicodusport.fr\/blog\/levi-ski-alpin-la-selection-francaise-pour-les-premiers-slaloms\/"},"author":{"name":"Louka Lesueur","@id":"https:\/\/dicodusport.fr\/blog\/#\/schema\/person\/54b6cdccebdfcd5a1036c594aecffc2a"},"headline":"Levi Ski alpin : La s\u00e9lection fran\u00e7aise pour les premiers slaloms","datePublished":"2024-11-12T10:39:58+00:00","mainEntityOfPage":{"@id":"https:\/\/dicodusport.fr\/blog\/levi-ski-alpin-la-selection-francaise-pour-les-premiers-slaloms\/"},"wordCount":300,"commentCount":0,"publisher":{"@id":"https:\/\/dicodusport.fr\/blog\/#organization"},"image":{"@id":"https:\/\/dicodusport.fr\/blog\/levi-ski-alpin-la-selection-francaise-pour-les-premiers-slaloms\/#primaryimage"},"thumbnailUrl":"https:\/\/dicodusport.fr\/blog\/wp-content\/uploads\/2024\/11\/Levi-Ski-alpin-La-selection-francaise-pour-les-premiers-slaloms.png","keywords":["actu","br\u00e8ve","Cl\u00e9ment No\u00ebl","Ski alpin","slalom","Victor Muffat-Jeandet"],"articleSection":["Coupe du monde de ski alpin"],"inLanguage":"fr-FR","potentialAction":[{"@type":"CommentAction","name":"Comment","target":["https:\/\/dicodusport.fr\/blog\/levi-ski-alpin-la-selection-francaise-pour-les-premiers-slaloms\/#respond"]}],"copyrightYear":"2024","copyrightHolder":{"@id":"https:\/\/dicodusport.fr\/blog\/#organization"}},{"@type":"WebPage","@id":"https:\/\/dicodusport.fr\/blog\/levi-ski-alpin-la-selection-francaise-pour-les-premiers-slaloms\/","url":"https:\/\/dicodusport.fr\/blog\/levi-ski-alpin-la-selection-francaise-pour-les-premiers-slaloms\/","name":"Levi Ski alpin : La s\u00e9lection fran\u00e7aise pour les premiers slaloms","isPartOf":{"@id":"https:\/\/dicodusport.fr\/blog\/#website"},"primaryImageOfPage":{"@id":"https:\/\/dicodusport.fr\/blog\/levi-ski-alpin-la-selection-francaise-pour-les-premiers-slaloms\/#primaryimage"},"image":{"@id":"https:\/\/dicodusport.fr\/blog\/levi-ski-alpin-la-selection-francaise-pour-les-premiers-slaloms\/#primaryimage"},"thumbnailUrl":"https:\/\/dicodusport.fr\/blog\/wp-content\/uploads\/2024\/11\/Levi-Ski-alpin-La-selection-francaise-pour-les-premiers-slaloms.png","datePublished":"2024-11-12T10:39:58+00:00","description":"La F\u00e9d\u00e9ration Fran\u00e7aise a annonc\u00e9 la liste des repr\u00e9sentants tricolores qui disputeront les premiers slaloms du c\u00f4t\u00e9 de Levi (Finlande).\u00a0","breadcrumb":{"@id":"https:\/\/dicodusport.fr\/blog\/levi-ski-alpin-la-selection-francaise-pour-les-premiers-slaloms\/#breadcrumb"},"inLanguage":"fr-FR","potentialAction":[{"@type":"ReadAction","target":["https:\/\/dicodusport.fr\/blog\/levi-ski-alpin-la-selection-francaise-pour-les-premiers-slaloms\/"]}]},{"@type":"ImageObject","inLanguage":"fr-FR","@id":"https:\/\/dicodusport.fr\/blog\/levi-ski-alpin-la-selection-francaise-pour-les-premiers-slaloms\/#primaryimage","url":"https:\/\/dicodusport.fr\/blog\/wp-content\/uploads\/2024\/11\/Levi-Ski-alpin-La-selection-francaise-pour-les-premiers-slaloms.png","contentUrl":"https:\/\/dicodusport.fr\/blog\/wp-content\/uploads\/2024\/11\/Levi-Ski-alpin-La-selection-francaise-pour-les-premiers-slaloms.png","width":1200,"height":674,"caption":"Levi Ski alpin La s\u00e9lection fran\u00e7aise pour les premiers slaloms"},{"@type":"BreadcrumbList","@id":"https:\/\/dicodusport.fr\/blog\/levi-ski-alpin-la-selection-francaise-pour-les-premiers-slaloms\/#breadcrumb","itemListElement":[{"@type":"ListItem","position":1,"name":"Accueil","item":"https:\/\/dicodusport.fr\/blog\/"},{"@type":"ListItem","position":2,"name":"Levi Ski alpin : La s\u00e9lection fran\u00e7aise pour les premiers slaloms"}]},{"@type":"WebSite","@id":"https:\/\/dicodusport.fr\/blog\/#website","url":"https:\/\/dicodusport.fr\/blog\/","name":"Dicodusport","description":"L&#039;encyclop\u00e9die de l&#039;actualit\u00e9 sportive","publisher":{"@id":"https:\/\/dicodusport.fr\/blog\/#organization"},"potentialAction":[{"@type":"SearchAction","target":{"@type":"EntryPoint","urlTemplate":"https:\/\/dicodusport.fr\/blog\/?s={search_term_string}"},"query-input":{"@type":"PropertyValueSpecification","valueRequired":true,"valueName":"search_term_string"}}],"inLanguage":"fr-FR"},{"@type":"NewsMediaOrganization","@id":"https:\/\/dicodusport.fr\/blog\/#organization","name":"Dicodusport","url":"https:\/\/dicodusport.fr\/blog\/","logo":{"@type":"ImageObject","inLanguage":"fr-FR","@id":"https:\/\/dicodusport.fr\/blog\/#\/schema\/logo\/image\/","url":"https:\/\/dicodusport.fr\/blog\/wp-content\/uploads\/2020\/06\/cropped-LOGO-DICODUSPORT-2020-SANS-FOND-SANS-TEXTE.png","contentUrl":"https:\/\/dicodusport.fr\/blog\/wp-content\/uploads\/2020\/06\/cropped-LOGO-DICODUSPORT-2020-SANS-FOND-SANS-TEXTE.png","width":512,"height":512,"caption":"Dicodusport"},"image":{"@id":"https:\/\/dicodusport.fr\/blog\/#\/schema\/logo\/image\/"},"sameAs":["https:\/\/www.facebook.com\/dicodusport","https:\/\/x.com\/dicodusport","https:\/\/www.instagram.com\/dicodusport\/","https:\/\/www.youtube.com\/channel\/UC7V2KZ5sd3htJivAbA4ZG3w"],"description":"Dicodusport est l'encyclop\u00e9die de l'actualit\u00e9 sportive.","email":"bonjour@dicodusport.fr","legalName":"DICODUSPORT","foundingDate":"2018-01-14","vatID":"FR71834470973","taxID":"83447097300043","numberOfEmployees":{"@type":"QuantitativeValue","minValue":"1","maxValue":"10"}},{"@type":"Person","@id":"https:\/\/dicodusport.fr\/blog\/#\/schema\/person\/54b6cdccebdfcd5a1036c594aecffc2a","name":"Louka Lesueur","image":{"@type":"ImageObject","inLanguage":"fr-FR","@id":"https:\/\/dicodusport.fr\/blog\/#\/schema\/person\/image\/","url":"https:\/\/dicodusport.fr\/blog\/wp-content\/uploads\/2023\/09\/IMG_2783-150x150.jpeg","contentUrl":"https:\/\/dicodusport.fr\/blog\/wp-content\/uploads\/2023\/09\/IMG_2783-150x150.jpeg","caption":"Louka Lesueur"},"description":"Passionn\u00e9 depuis tout petit par les exploits de Bolt, Fourcade, Riner, Lavillenie, Wilkinson, Hirscher. Les \u00e9motions provoqu\u00e9es par le sport ont berc\u00e9 mon enfance et continuent de le faire aujourd'hui. C'est ainsi qu'il m'est arriv\u00e9 de pleurer devant la d\u00e9faite des Bleus face aux Blacks en 2011, ou encore devant le titre olympique de Florent Manaudou \u00e0 Londres. Bien loin de ce milieu professionnel, j'ai os\u00e9 tenter ma chance pour rejoindre l'\u00e9quipe de r\u00e9daction de Dicodusport, et depuis septembre 2023, je tente de retransmettre au mieux les exploits des athl\u00e8tes, tous sports confondus. Grand chauvin, c'est bel et bien sur les sportifs tricolores que je pr\u00e9f\u00e8re \u00e9crire.","sameAs":["https:\/\/x.com\/https:\/\/twitter.com\/LNewsSF"],"gender":"Homme","worksFor":"Louka LESUEUR","url":"https:\/\/dicodusport.fr\/blog\/author\/louka-lesueur\/"}]}},"_links":{"self":[{"href":"https:\/\/dicodusport.fr\/blog\/wp-json\/wp\/v2\/posts\/532326","targetHints":{"allow":["GET"]}}],"collection":[{"href":"https:\/\/dicodusport.fr\/blog\/wp-json\/wp\/v2\/posts"}],"about":[{"href":"https:\/\/dicodusport.fr\/blog\/wp-json\/wp\/v2\/types\/post"}],"author":[{"embeddable":true,"href":"https:\/\/dicodusport.fr\/blog\/wp-json\/wp\/v2\/users\/89"}],"replies":[{"embeddable":true,"href":"https:\/\/dicodusport.fr\/blog\/wp-json\/wp\/v2\/comments?post=532326"}],"version-history":[{"count":4,"href":"https:\/\/dicodusport.fr\/blog\/wp-json\/wp\/v2\/posts\/532326\/revisions"}],"predecessor-version":[{"id":532341,"href":"https:\/\/dicodusport.fr\/blog\/wp-json\/wp\/v2\/posts\/532326\/revisions\/532341"}],"wp:featuredmedia":[{"embeddable":true,"href":"https:\/\/dicodusport.fr\/blog\/wp-json\/wp\/v2\/media\/532339"}],"wp:attachment":[{"href":"https:\/\/dicodusport.fr\/blog\/wp-json\/wp\/v2\/media?parent=532326"}],"wp:term":[{"taxonomy":"category","embeddable":true,"href":"https:\/\/dicodusport.fr\/blog\/wp-json\/wp\/v2\/categories?post=532326"},{"taxonomy":"post_tag","embeddable":true,"href":"https:\/\/dicodusport.fr\/blog\/wp-json\/wp\/v2\/tags?post=532326"}],"curies":[{"name":"wp","href":"https:\/\/api.w.org\/{rel}","templated":true}]}}