{"id":532358,"date":"2024-11-12T15:37:06","date_gmt":"2024-11-12T14:37:06","guid":{"rendered":"https:\/\/dicodusport.fr\/blog\/?p=532358&#038;preview=true&#038;preview_id=532358"},"modified":"2024-11-12T16:51:19","modified_gmt":"2024-11-12T15:51:19","slug":"cyclisme-sur-route-quelle-equipe-francaise-a-realise-le-meilleur-mercato","status":"publish","type":"post","link":"https:\/\/dicodusport.fr\/blog\/cyclisme-sur-route-quelle-equipe-francaise-a-realise-le-meilleur-mercato\/","title":{"rendered":"Cyclisme sur route : Quelle \u00e9quipe fran\u00e7aise a r\u00e9alis\u00e9 le meilleur mercato ?"},"content":{"rendered":"<h4 style=\"text-align: justify;\"><em>CYCLISME SUR ROUTE 2025 &#8211; On fait le point et on compare le mercato des \u00e9quipes fran\u00e7aises. Entre inqui\u00e9tudes et espoirs, qui a fait le meilleur mercato ?<\/em><\/h4>\n<ul>\n<li><strong>\u00c0 ce sujet &#8211; <a href=\"https:\/\/dicodusport.fr\/blog\/cyclisme-mercato-2024-2025-tableau-des-transferts\/\">Cyclisme Mercato 2024-2025 &#8211; Tableau des transferts<\/a><\/strong><\/li>\n<\/ul>\n<h2>Un premier constat : Pas de quoi sauter en l&rsquo;air<\/h2>\n<p style=\"text-align: justify;\">Avant de se demander qui a fait un bon ou un mauvais mercato parmi les \u00e9quipes fran\u00e7aises, force est de constater qu&rsquo;aucune n&rsquo;a r\u00e9ussi un mercato emballant. Dans un cyclisme de plus en plus \u00e0 deux vitesses, y compris \u00e0 l&rsquo;\u00e9chelon <em>World Tour<\/em>, avec des superstructures aux budgets colossaux. On pense \u00e0 la Red Bull-Bora-Hansgrohe, UAE Emirates ou m\u00eame la Visma Lease a Bike, ainsi qu&rsquo;INEOS Grenadiers. Avec une vraie accaparation de tous les talents, jeunes ou moins jeunes. Rien que chez UAE, <strong>Pablo Torres<\/strong>, vainqueur du Tour de l&rsquo;Avenir 2024, a sign\u00e9. Tout comme <strong>Jhonatan Narv\u00e1ez<\/strong>, talent confirm\u00e9. Tandis que chez Red Bull-Bora-Hangrohe, on peut \u00e9voquer<strong> Giulio Pellizzari<\/strong> ou\u2026 <strong>Laurence Pithie.<\/strong><\/p>\n<p style=\"text-align: justify;\">Le N\u00e9o-Z\u00e9landais arrive en provenance de la Groupama-FDJ. Et c&rsquo;est bien tout le probl\u00e8me. L&rsquo;exode de grands talents est l\u00e9gion et commune \u00e0 toutes les formations fran\u00e7aises. Du c\u00f4t\u00e9 de celle de <strong>Marc Madiot,<\/strong> on peut citer <a href=\"https:\/\/dicodusport.fr\/blog\/transferts-lenny-martinez-sengage-sur-le-long-terme-avec-la-bahrain-victorious\/\">le d\u00e9part de <strong>Lenny Martinez <\/strong>chez Bahrain Victorious<\/a>. En bref, peut-\u00eatre, avec <strong>Romain Gr\u00e9goire<\/strong>, les deux plus grands talents form\u00e9s directement par la structure (pass\u00e9s par la Continentale). Mais Decathlon AG2R La Mondiale n&rsquo;est pas en reste. <a href=\"https:\/\/dicodusport.fr\/blog\/transferts-cyclisme-ben-oconnor-va-quitter-decathlon-ag2r-la-mondiale-en-fin-de-saison\/\">Les Savoyards perdent <strong>Ben O&rsquo;Connor<\/strong><\/a>, leur meilleur coureur et 6e au classement UCI, qui migre vers la Jayco-AlUla. Mais aussi la r\u00e9v\u00e9lation du Giro 2024, <strong>Valentin Paret-Peintre<\/strong>, qui s&rsquo;envole vers la Soudal-Quick Step, o\u00f9 d&rsquo;autres Fran\u00e7ais ont progress\u00e9 avant lui.<\/p>\n<p style=\"text-align: justify;\">Ark\u00e9a-B&amp;B H\u00f4tels perd <strong>Matis Louvel<\/strong>, qui part vers Israel-Premier Tech. Alors qu&rsquo;<strong>Axel Zingle<\/strong>, pensionnaire de Cofidis, va suivre les traces de <strong>Christophe Laporte,<\/strong> pour s&rsquo;envoler chez les N\u00e9erlandais de Visma-Lease a Bike. Point commun dans tous ces transferts ? Tous, sauf <strong>Ben O&rsquo;Connor<\/strong>, rejoignent une \u00e9quipe dans le Top 7 des plus gros budgets.<\/p>\n<h2 style=\"text-align: justify;\">Le recrutement des formations World Tour fran\u00e7aises en d\u00e9tail<\/h2>\n<h3 style=\"text-align: justify;\">Decathlon AG2R La Mondiale &#8211; La promotion interne et quelques paris<\/h3>\n<p style=\"text-align: justify;\">Meilleure formation fran\u00e7aise en 2024, les d\u00e9parts risquent de peser lourd pour Decathlon AG2R La Mondiale. On peut noter \u00e9norm\u00e9ment de promotions internes. On pense forc\u00e9ment \u00e0 <strong><a href=\"https:\/\/dicodusport.fr\/blog\/paul-seixas-du-talent-et-des-promesses\/\">Paul Seixas<\/a><\/strong>, un des prodiges fran\u00e7ais, qui va passer directement des U19 au World Tour, sans passer par la case de la r\u00e9cente continentale. Ils sont au total cinq \u00e0 conna\u00eetre une \u00ab\u00a0promotion interne\u00a0\u00bb. Mais on peut tout de m\u00eame noter un tr\u00e8s grand coup. <a href=\"https:\/\/dicodusport.fr\/blog\/transferts-cyclisme-johannes-staune-mittet-vers-une-equipe-francaise\/\">En r\u00e9ussissant \u00e0 d\u00e9baucher <strong>Johannes Staune-Mittet<\/strong><\/a>, deuxi\u00e8me du Tour de l&rsquo;Avenir 2022, derri\u00e8re <strong>Cian Uijtdebroeks<\/strong>. Le Norv\u00e9gien avait sign\u00e9 un contrat au long cours avec la Visma-Lease a Bike.<\/p>\n<p style=\"text-align: justify;\">Mais sa premi\u00e8re ann\u00e9e n&rsquo;a pas forc\u00e9ment \u00e9t\u00e9 exceptionnelle. Un super coup sur le papier, mais qui peut susciter des interrogations. Pourquoi la Visma-Lease a Bike, prompte \u00e0 attirer des talents, a laiss\u00e9 filer un coureur de ce calibre ? Les Savoyards confirment aussi leur capacit\u00e9 \u00e0 faire venir des \u00e9trangers. Le tr\u00e8s bon rouleur <strong>Stefan Bissegger<\/strong> et <strong>Tord Gudmestad<\/strong> porteront les couleurs de la structure savoyarde en 2025. Le Suisse est en difficult\u00e9 depuis deux saisons dans son exercice pr\u00e9f\u00e9r\u00e9, le chrono. Le Norv\u00e9gien n&rsquo;a pas le potentiel d&rsquo;un <strong>Oliver Naesen<\/strong> et est davantage un pari.<\/p>\n<div class=\"vlp-link-container vlp-layout-article\"><a href=\"https:\/\/dicodusport.fr\/blog\/uae-tour-2024-ben-oconnor-remporte-letape-reine\/\" class=\"vlp-link\" title=\"UAE Tour 2024 : Ben O&#039;Connor remporte l&#039;\u00e9tape-reine\"><\/a><div class=\"vlp-layout-zone-side\"><div class=\"vlp-block-4 vlp-link-image\"><img loading=\"lazy\" decoding=\"async\" style=\"max-width: 792px;\" width=\"792\" height=\"445\" src=\"https:\/\/dicodusport.fr\/blog\/wp-content\/uploads\/2024\/02\/UAE-Tour-2024-Ben-OConnor-remporte-letape-reine.png\" class=\"attachment-800x445 size-800x445\" alt=\"UAE Tour 2024 - Classement 7\u00e8me \u00e9tape\" srcset=\"https:\/\/dicodusport.fr\/blog\/wp-content\/uploads\/2024\/02\/UAE-Tour-2024-Ben-OConnor-remporte-letape-reine.png 1200w, https:\/\/dicodusport.fr\/blog\/wp-content\/uploads\/2024\/02\/UAE-Tour-2024-Ben-OConnor-remporte-letape-reine-300x169.png 300w, https:\/\/dicodusport.fr\/blog\/wp-content\/uploads\/2024\/02\/UAE-Tour-2024-Ben-OConnor-remporte-letape-reine-1024x575.png 1024w, https:\/\/dicodusport.fr\/blog\/wp-content\/uploads\/2024\/02\/UAE-Tour-2024-Ben-OConnor-remporte-letape-reine-768x431.png 768w\" sizes=\"auto, (max-width: 792px) 100vw, 792px\" \/><\/div><\/div><div class=\"vlp-layout-zone-main\"><div class=\"vlp-block-0 vlp-link-title\">UAE Tour 2024 : Ben O'Connor remporte l'\u00e9tape-reine<\/div><div class=\"vlp-block-1 vlp-link-summary\">UAE TOUR 2024 - Ben O'Connor (Decathlon AG2R La Mondiale) a remport\u00e9 l'\u00e9tape-reine de l'UAE Tour au sommet de l'ascension Jebel Jais.<\/div><div class=\"vlp-block-2 vlp-link-button\">Lire l'article<\/div><div class=\"vlp-block-3 vlp-link-url\">dicodusport.fr<\/div><\/div><\/div>\n<h3 style=\"text-align: justify;\">Cofidis &#8211; Un recrutement cosmopolite<\/h3>\n<p style=\"text-align: justify;\">Le recrutement de Cofidis est dans sa tradition. Tr\u00e8s ax\u00e9 \u00e9tranger. Avec des recrues qui peuvent \u00eatre int\u00e9ressantes. <a href=\"https:\/\/dicodusport.fr\/blog\/transferts-cyclisme-alex-aranburu-vers-cofidis\/\"><strong>Alex Aranburu<\/strong><\/a>,<strong> Dylan Teuns<\/strong>,<strong> Simon Carr<\/strong> ou encore <strong>Sergio Samitier<\/strong> sont tous des excellents coureurs sur le papier. Mais tous ont connu une ou deux saisons tr\u00e8s compliqu\u00e9es. On a d\u00e9j\u00e0 vu Cofidis r\u00e9ussir \u00e0 relancer des coureurs. On pense \u00e0 <strong>Ion Izagirre.<\/strong> Mais on a d\u00e9j\u00e0 vu l&rsquo;inverse aussi.<\/p>\n<p style=\"text-align: justify;\">L&rsquo;avenir nous dira si ces paris seront des r\u00e9ussites. En difficult\u00e9 en 2024, Cofidis a mis la main \u00e0 la poche pour ces coureurs. Mais en cas d&rsquo;\u00e9chec, la situation peut encore se compliquer. D&rsquo;autant qu&rsquo;avec la perte d&rsquo;<strong>Axel Zingle<\/strong>, mais aussi celle de <strong>Guillaume Martin<\/strong> (vers Groupama-FDJ), ce sont deux coureurs r\u00e9guliers qui s&rsquo;en vont. Capables d&rsquo;assurer des gros points tout au long de la saison et de se montrer en World Tour.<\/p>\n<h3 style=\"text-align: justify;\">Groupama-FDJ &#8211; Un centre de formation pill\u00e9<\/h3>\n<p style=\"text-align: justify;\">Le projet Groupama-FDJ avait de l&rsquo;allure. En football, on appellerait cela un centre de formation. Une continentale pour faire grandir ses coureurs. Et cela marche. En 2024, <strong>Laurence Pithie<\/strong>, <strong>Lenny Martinez<\/strong> ou encore <strong>Romain Gr\u00e9goire<\/strong> ont \u00e9t\u00e9 tr\u00e8s en vue. Y compris au niveau World Tour. En 2025, il ne restera plus que le dernier cit\u00e9. Et \u00e0 ces d\u00e9parts de coureurs \u00ab\u00a0made in FDJ\u00a0\u00bb, s&rsquo;ajoutent ceux de <strong>Reuben Thompson<\/strong> et <strong>Samuel Watson<\/strong>. Une vraie h\u00e9catombe et qui soul\u00e8ve une question sur ce mod\u00e8le de formation, cens\u00e9 contrer celui financier des plus gros budgets du peloton. Finalement capables de d\u00e9baucher les coureurs, quand ceux-ci atteignent le stade de la confirmation.<\/p>\n<p style=\"text-align: justify;\">Tout n&rsquo;est pas \u00e0 jeter. <strong>Romain Gr\u00e9goire<\/strong> va poursuivre sa progression chez la formation de <strong>Marc Madiot<\/strong>, tout comme <strong>Paul Penho\u00ebt<\/strong>, sprinteur polyvalent et prometteur. Et avec la venue de <strong>Guillaume Martin<\/strong>, c&rsquo;est un des meilleurs fran\u00e7ais en courses \u00e0 \u00e9tapes qui d\u00e9barque. En outre, <a href=\"https:\/\/dicodusport.fr\/blog\/transferts-cyclisme-remi-cavagna-vers-une-equipe-francaise\/\">la venue de <\/a><strong><a href=\"https:\/\/dicodusport.fr\/blog\/transferts-cyclisme-remi-cavagna-vers-une-equipe-francaise\/\">R\u00e9mi Cavagna<\/a>\u00a0<\/strong>montre que cette \u00e9quipe est capable d&rsquo;attirer les meilleurs fran\u00e7ais. Et cela reste rassurant. M\u00eame si la saign\u00e9e aura \u00e9t\u00e9 rude durant l&rsquo;intersaison.<\/p>\n<h3 style=\"text-align: justify;\">Ark\u00e9a-B&amp;B H\u00f4tels &#8211; Recrutement 100 % interne<\/h3>\n<p style=\"text-align: justify;\">On l&rsquo;a d\u00e9j\u00e0 \u00e9crit (lire ci-dessous), mais l&rsquo;avenir est parsem\u00e9 de gros nuages pour Ark\u00e9a-B&amp;B H\u00f4tels. Et le recrutement semble aller dans ce sens. Un recrutement 100 % \u00ab\u00a0interne\u00a0\u00bb. Aucun coureur de l&rsquo;ext\u00e9rieur. Cela peut marcher. Mais, est-ce que l&rsquo;un d&rsquo;entre eux poss\u00e8de le potentiel d&rsquo;un <strong>Mathis Le Berre<\/strong> (conserv\u00e9), <strong>Ewen Costiou<\/strong> (conserv\u00e9) ou encore <strong>Matis Louvel<\/strong> (qui s&rsquo;envole vers Israel-Premier Tech) ? C&rsquo;est la question. Mais avec un exode de talents (<strong>Vincenzo Albanese<\/strong>,<strong> Cl\u00e9ment Champoussin<\/strong>,<strong> Louis Barr\u00e9)<\/strong>, ils vont devoir performer rapidement, dans une optique d&rsquo;une lutte critique pour le maintien en World Tour. Autant dire que la pression sera tr\u00e8s forte. Comme sur celles des leaders comme<strong> K\u00e9vin Vauquelin<\/strong> ou <strong>Ewen Costiou<\/strong>, qui vont avoir encore plus de responsabilit\u00e9s en 2025.<\/p>\n<div class=\"vlp-link-container vlp-layout-article\"><a href=\"https:\/\/dicodusport.fr\/blog\/arkea-bb-hotels-champoussin-et-albanese-sen-vont-avenir-incertain-pour-la-structure-bretonne\/\" class=\"vlp-link\" title=\"Ark\u00e9a-B&amp;B Hotels : Champoussin et Albanese s&#039;en vont, avenir incertain pour la structure bretonne\"><\/a><div class=\"vlp-layout-zone-side\"><div class=\"vlp-block-4 vlp-link-image\"><img loading=\"lazy\" decoding=\"async\" style=\"max-width: 792px;\" width=\"792\" height=\"445\" src=\"https:\/\/dicodusport.fr\/blog\/wp-content\/uploads\/2024\/10\/Arkea-BB-Hotels-Champoussin-et-Albanese-sen-vont-avenir-incertain-pour-la-structure-bretonne.png\" class=\"attachment-800x445 size-800x445\" alt=\"Ark\u00e9a-B&amp;B Hotels Champoussin et Albanese s&#039;en vont, avenir incertain pour la structure bretonne\" srcset=\"https:\/\/dicodusport.fr\/blog\/wp-content\/uploads\/2024\/10\/Arkea-BB-Hotels-Champoussin-et-Albanese-sen-vont-avenir-incertain-pour-la-structure-bretonne.png 1200w, https:\/\/dicodusport.fr\/blog\/wp-content\/uploads\/2024\/10\/Arkea-BB-Hotels-Champoussin-et-Albanese-sen-vont-avenir-incertain-pour-la-structure-bretonne-300x169.png 300w, https:\/\/dicodusport.fr\/blog\/wp-content\/uploads\/2024\/10\/Arkea-BB-Hotels-Champoussin-et-Albanese-sen-vont-avenir-incertain-pour-la-structure-bretonne-1024x575.png 1024w, https:\/\/dicodusport.fr\/blog\/wp-content\/uploads\/2024\/10\/Arkea-BB-Hotels-Champoussin-et-Albanese-sen-vont-avenir-incertain-pour-la-structure-bretonne-768x431.png 768w\" sizes=\"auto, (max-width: 792px) 100vw, 792px\" \/><\/div><\/div><div class=\"vlp-layout-zone-main\"><div class=\"vlp-block-0 vlp-link-title\">Ark\u00e9a-B&amp;B Hotels : Champoussin et Albanese s'en vont, avenir incertain pour la structure bretonne<\/div><div class=\"vlp-block-1 vlp-link-summary\">Champoussin et Albanese s'en vont, avenir incertain pour la structure bretonne<\/div><div class=\"vlp-block-2 vlp-link-button\">Lire l'article<\/div><div class=\"vlp-block-3 vlp-link-url\">dicodusport.fr<\/div><\/div><\/div>\n","protected":false},"excerpt":{"rendered":"<p>Quelle \u00e9quipe fran\u00e7aise a r\u00e9alis\u00e9 le meilleur mercato ?<\/p>\n","protected":false},"author":83,"featured_media":532370,"comment_status":"open","ping_status":"closed","sticky":false,"template":"","format":"standard","meta":{"_acf_changed":false,"_daextam_enable_autolinks":"1","footnotes":""},"categories":[46994],"tags":[32415,33606,16878,1186,574,3118,36132,3279],"class_list":["post-532358","post","type-post","status-publish","format-standard","has-post-thumbnail","hentry","category-cyclisme-sur-route","tag-actu","tag-arkea-bb-hotels","tag-breve","tag-cofidis","tag-cyclisme","tag-cyclisme-francais","tag-decathlon-ag2r-la-mondiale","tag-groupama-fdj"],"acf":[],"yoast_head":"<!-- This site is optimized with the Yoast SEO Premium plugin v26.7 (Yoast SEO v26.7) - https:\/\/yoast.com\/wordpress\/plugins\/seo\/ -->\n<title>Cyclisme sur route : Quelle \u00e9quipe fran\u00e7aise a r\u00e9alis\u00e9 le meilleur mercato ?<\/title>\n<meta name=\"description\" content=\"CYCLISME - On fait le point et on compare le mercato des \u00e9quipes fran\u00e7aises. Entre inqui\u00e9tudes et espoirs, qui a fait le meilleur mercato ?\" \/>\n<meta name=\"robots\" content=\"index, follow, max-snippet:-1, max-image-preview:large, max-video-preview:-1\" \/>\n<link rel=\"canonical\" href=\"https:\/\/dicodusport.fr\/blog\/cyclisme-sur-route-quelle-equipe-francaise-a-realise-le-meilleur-mercato\/\" \/>\n<meta property=\"og:locale\" content=\"fr_FR\" \/>\n<meta property=\"og:type\" content=\"article\" \/>\n<meta property=\"og:title\" content=\"Cyclisme sur route : Quelle \u00e9quipe fran\u00e7aise a r\u00e9alis\u00e9 le meilleur mercato ?\" \/>\n<meta property=\"og:description\" content=\"CYCLISME - On fait le point et on compare le mercato des \u00e9quipes fran\u00e7aises. Entre inqui\u00e9tudes et espoirs, qui a fait le meilleur mercato ?\" \/>\n<meta property=\"og:url\" content=\"https:\/\/dicodusport.fr\/blog\/cyclisme-sur-route-quelle-equipe-francaise-a-realise-le-meilleur-mercato\/\" \/>\n<meta property=\"og:site_name\" content=\"Dicodusport\" \/>\n<meta property=\"article:publisher\" content=\"https:\/\/www.facebook.com\/dicodusport\" \/>\n<meta property=\"article:published_time\" content=\"2024-11-12T14:37:06+00:00\" \/>\n<meta property=\"article:modified_time\" content=\"2024-11-12T15:51:19+00:00\" \/>\n<meta property=\"og:image\" content=\"https:\/\/dicodusport.fr\/blog\/wp-content\/uploads\/2024\/11\/Cyclisme-sur-route-Quelle-equipe-francaise-a-realise-le-meilleur-mercato-.png\" \/>\n\t<meta property=\"og:image:width\" content=\"1200\" \/>\n\t<meta property=\"og:image:height\" content=\"674\" \/>\n\t<meta property=\"og:image:type\" content=\"image\/png\" \/>\n<meta name=\"author\" content=\"Etienne Goursaud\" \/>\n<meta name=\"twitter:card\" content=\"summary_large_image\" \/>\n<meta name=\"twitter:title\" content=\"Cyclisme sur route : Quelle \u00e9quipe fran\u00e7aise a r\u00e9alis\u00e9 le meilleur mercato ?\" \/>\n<meta name=\"twitter:creator\" content=\"@dicodusport\" \/>\n<meta name=\"twitter:site\" content=\"@dicodusport\" \/>\n<script type=\"application\/ld+json\" class=\"yoast-schema-graph\">{\"@context\":\"https:\/\/schema.org\",\"@graph\":[{\"@type\":\"NewsArticle\",\"@id\":\"https:\/\/dicodusport.fr\/blog\/cyclisme-sur-route-quelle-equipe-francaise-a-realise-le-meilleur-mercato\/#article\",\"isPartOf\":{\"@id\":\"https:\/\/dicodusport.fr\/blog\/cyclisme-sur-route-quelle-equipe-francaise-a-realise-le-meilleur-mercato\/\"},\"author\":{\"name\":\"Etienne Goursaud\",\"@id\":\"https:\/\/dicodusport.fr\/blog\/#\/schema\/person\/d603dd7da31fb2b46c82b9835a77ec13\"},\"headline\":\"Cyclisme sur route : Quelle \u00e9quipe fran\u00e7aise a r\u00e9alis\u00e9 le meilleur mercato ?\",\"datePublished\":\"2024-11-12T14:37:06+00:00\",\"dateModified\":\"2024-11-12T15:51:19+00:00\",\"mainEntityOfPage\":{\"@id\":\"https:\/\/dicodusport.fr\/blog\/cyclisme-sur-route-quelle-equipe-francaise-a-realise-le-meilleur-mercato\/\"},\"wordCount\":1288,\"commentCount\":0,\"publisher\":{\"@id\":\"https:\/\/dicodusport.fr\/blog\/#organization\"},\"image\":{\"@id\":\"https:\/\/dicodusport.fr\/blog\/cyclisme-sur-route-quelle-equipe-francaise-a-realise-le-meilleur-mercato\/#primaryimage\"},\"thumbnailUrl\":\"https:\/\/dicodusport.fr\/blog\/wp-content\/uploads\/2024\/11\/Cyclisme-sur-route-Quelle-equipe-francaise-a-realise-le-meilleur-mercato-.png\",\"keywords\":[\"actu\",\"Ark\u00e9a-B&amp;B Hotels\",\"br\u00e8ve\",\"cofidis\",\"Cyclisme\",\"cyclisme fran\u00e7ais\",\"Decathlon AG2R La mondiale\",\"Groupama FDJ\"],\"articleSection\":[\"Cyclisme sur route\"],\"inLanguage\":\"fr-FR\",\"potentialAction\":[{\"@type\":\"CommentAction\",\"name\":\"Comment\",\"target\":[\"https:\/\/dicodusport.fr\/blog\/cyclisme-sur-route-quelle-equipe-francaise-a-realise-le-meilleur-mercato\/#respond\"]}],\"copyrightYear\":\"2024\",\"copyrightHolder\":{\"@id\":\"https:\/\/dicodusport.fr\/blog\/#organization\"}},{\"@type\":\"WebPage\",\"@id\":\"https:\/\/dicodusport.fr\/blog\/cyclisme-sur-route-quelle-equipe-francaise-a-realise-le-meilleur-mercato\/\",\"url\":\"https:\/\/dicodusport.fr\/blog\/cyclisme-sur-route-quelle-equipe-francaise-a-realise-le-meilleur-mercato\/\",\"name\":\"Cyclisme sur route : Quelle \u00e9quipe fran\u00e7aise a r\u00e9alis\u00e9 le meilleur mercato ?\",\"isPartOf\":{\"@id\":\"https:\/\/dicodusport.fr\/blog\/#website\"},\"primaryImageOfPage\":{\"@id\":\"https:\/\/dicodusport.fr\/blog\/cyclisme-sur-route-quelle-equipe-francaise-a-realise-le-meilleur-mercato\/#primaryimage\"},\"image\":{\"@id\":\"https:\/\/dicodusport.fr\/blog\/cyclisme-sur-route-quelle-equipe-francaise-a-realise-le-meilleur-mercato\/#primaryimage\"},\"thumbnailUrl\":\"https:\/\/dicodusport.fr\/blog\/wp-content\/uploads\/2024\/11\/Cyclisme-sur-route-Quelle-equipe-francaise-a-realise-le-meilleur-mercato-.png\",\"datePublished\":\"2024-11-12T14:37:06+00:00\",\"dateModified\":\"2024-11-12T15:51:19+00:00\",\"description\":\"CYCLISME - On fait le point et on compare le mercato des \u00e9quipes fran\u00e7aises. Entre inqui\u00e9tudes et espoirs, qui a fait le meilleur mercato ?\",\"breadcrumb\":{\"@id\":\"https:\/\/dicodusport.fr\/blog\/cyclisme-sur-route-quelle-equipe-francaise-a-realise-le-meilleur-mercato\/#breadcrumb\"},\"inLanguage\":\"fr-FR\",\"potentialAction\":[{\"@type\":\"ReadAction\",\"target\":[\"https:\/\/dicodusport.fr\/blog\/cyclisme-sur-route-quelle-equipe-francaise-a-realise-le-meilleur-mercato\/\"]}]},{\"@type\":\"ImageObject\",\"inLanguage\":\"fr-FR\",\"@id\":\"https:\/\/dicodusport.fr\/blog\/cyclisme-sur-route-quelle-equipe-francaise-a-realise-le-meilleur-mercato\/#primaryimage\",\"url\":\"https:\/\/dicodusport.fr\/blog\/wp-content\/uploads\/2024\/11\/Cyclisme-sur-route-Quelle-equipe-francaise-a-realise-le-meilleur-mercato-.png\",\"contentUrl\":\"https:\/\/dicodusport.fr\/blog\/wp-content\/uploads\/2024\/11\/Cyclisme-sur-route-Quelle-equipe-francaise-a-realise-le-meilleur-mercato-.png\",\"width\":1200,\"height\":674,\"caption\":\"Cyclisme sur route Quelle \u00e9quipe fran\u00e7aise a r\u00e9alis\u00e9 le meilleur mercato\"},{\"@type\":\"BreadcrumbList\",\"@id\":\"https:\/\/dicodusport.fr\/blog\/cyclisme-sur-route-quelle-equipe-francaise-a-realise-le-meilleur-mercato\/#breadcrumb\",\"itemListElement\":[{\"@type\":\"ListItem\",\"position\":1,\"name\":\"Accueil\",\"item\":\"https:\/\/dicodusport.fr\/blog\/\"},{\"@type\":\"ListItem\",\"position\":2,\"name\":\"Cyclisme sur route : Quelle \u00e9quipe fran\u00e7aise a r\u00e9alis\u00e9 le meilleur mercato ?\"}]},{\"@type\":\"WebSite\",\"@id\":\"https:\/\/dicodusport.fr\/blog\/#website\",\"url\":\"https:\/\/dicodusport.fr\/blog\/\",\"name\":\"Dicodusport\",\"description\":\"L&#039;encyclop\u00e9die de l&#039;actualit\u00e9 sportive\",\"publisher\":{\"@id\":\"https:\/\/dicodusport.fr\/blog\/#organization\"},\"potentialAction\":[{\"@type\":\"SearchAction\",\"target\":{\"@type\":\"EntryPoint\",\"urlTemplate\":\"https:\/\/dicodusport.fr\/blog\/?s={search_term_string}\"},\"query-input\":{\"@type\":\"PropertyValueSpecification\",\"valueRequired\":true,\"valueName\":\"search_term_string\"}}],\"inLanguage\":\"fr-FR\"},{\"@type\":\"NewsMediaOrganization\",\"@id\":\"https:\/\/dicodusport.fr\/blog\/#organization\",\"name\":\"Dicodusport\",\"url\":\"https:\/\/dicodusport.fr\/blog\/\",\"logo\":{\"@type\":\"ImageObject\",\"inLanguage\":\"fr-FR\",\"@id\":\"https:\/\/dicodusport.fr\/blog\/#\/schema\/logo\/image\/\",\"url\":\"https:\/\/dicodusport.fr\/blog\/wp-content\/uploads\/2020\/06\/cropped-LOGO-DICODUSPORT-2020-SANS-FOND-SANS-TEXTE.png\",\"contentUrl\":\"https:\/\/dicodusport.fr\/blog\/wp-content\/uploads\/2020\/06\/cropped-LOGO-DICODUSPORT-2020-SANS-FOND-SANS-TEXTE.png\",\"width\":512,\"height\":512,\"caption\":\"Dicodusport\"},\"image\":{\"@id\":\"https:\/\/dicodusport.fr\/blog\/#\/schema\/logo\/image\/\"},\"sameAs\":[\"https:\/\/www.facebook.com\/dicodusport\",\"https:\/\/x.com\/dicodusport\",\"https:\/\/www.instagram.com\/dicodusport\/\",\"https:\/\/www.youtube.com\/channel\/UC7V2KZ5sd3htJivAbA4ZG3w\"],\"description\":\"Dicodusport est l'encyclop\u00e9die de l'actualit\u00e9 sportive.\",\"email\":\"bonjour@dicodusport.fr\",\"legalName\":\"DICODUSPORT\",\"foundingDate\":\"2018-01-14\",\"vatID\":\"FR71834470973\",\"taxID\":\"83447097300043\",\"numberOfEmployees\":{\"@type\":\"QuantitativeValue\",\"minValue\":\"1\",\"maxValue\":\"10\"}},{\"@type\":\"Person\",\"@id\":\"https:\/\/dicodusport.fr\/blog\/#\/schema\/person\/d603dd7da31fb2b46c82b9835a77ec13\",\"name\":\"Etienne Goursaud\",\"image\":{\"@type\":\"ImageObject\",\"inLanguage\":\"fr-FR\",\"@id\":\"https:\/\/dicodusport.fr\/blog\/#\/schema\/person\/image\/\",\"url\":\"https:\/\/dicodusport.fr\/blog\/wp-content\/uploads\/2023\/12\/410122264_10231602061736049_5565839791558026645_n-150x150.jpg\",\"contentUrl\":\"https:\/\/dicodusport.fr\/blog\/wp-content\/uploads\/2023\/12\/410122264_10231602061736049_5565839791558026645_n-150x150.jpg\",\"caption\":\"Etienne Goursaud\"},\"description\":\"Journaliste et amoureux de sport. Ancien footballeur reconverti athl\u00e8te quand ses muscles le laissent tranquille. \u00c9lev\u00e9 \u00e0 la sauce des exploits de Thomas Voeckler en 2004, du dernier essai de l\u00e9gende de Eunice Barber \u00e0 la longueur lors des championnats du monde d'athl\u00e9tisme de 2003 mais aussi Zidane, Omeyer et Titou Lamaison.\",\"url\":\"https:\/\/dicodusport.fr\/blog\/author\/etienne-goursaud\/\"}]}<\/script>\n<!-- \/ Yoast SEO Premium plugin. -->","yoast_head_json":{"title":"Cyclisme sur route : Quelle \u00e9quipe fran\u00e7aise a r\u00e9alis\u00e9 le meilleur mercato ?","description":"CYCLISME - On fait le point et on compare le mercato des \u00e9quipes fran\u00e7aises. Entre inqui\u00e9tudes et espoirs, qui a fait le meilleur mercato ?","robots":{"index":"index","follow":"follow","max-snippet":"max-snippet:-1","max-image-preview":"max-image-preview:large","max-video-preview":"max-video-preview:-1"},"canonical":"https:\/\/dicodusport.fr\/blog\/cyclisme-sur-route-quelle-equipe-francaise-a-realise-le-meilleur-mercato\/","og_locale":"fr_FR","og_type":"article","og_title":"Cyclisme sur route : Quelle \u00e9quipe fran\u00e7aise a r\u00e9alis\u00e9 le meilleur mercato ?","og_description":"CYCLISME - On fait le point et on compare le mercato des \u00e9quipes fran\u00e7aises. Entre inqui\u00e9tudes et espoirs, qui a fait le meilleur mercato ?","og_url":"https:\/\/dicodusport.fr\/blog\/cyclisme-sur-route-quelle-equipe-francaise-a-realise-le-meilleur-mercato\/","og_site_name":"Dicodusport","article_publisher":"https:\/\/www.facebook.com\/dicodusport","article_published_time":"2024-11-12T14:37:06+00:00","article_modified_time":"2024-11-12T15:51:19+00:00","og_image":[{"width":1200,"height":674,"url":"https:\/\/dicodusport.fr\/blog\/wp-content\/uploads\/2024\/11\/Cyclisme-sur-route-Quelle-equipe-francaise-a-realise-le-meilleur-mercato-.png","type":"image\/png"}],"author":"Etienne Goursaud","twitter_card":"summary_large_image","twitter_title":"Cyclisme sur route : Quelle \u00e9quipe fran\u00e7aise a r\u00e9alis\u00e9 le meilleur mercato ?","twitter_creator":"@dicodusport","twitter_site":"@dicodusport","schema":{"@context":"https:\/\/schema.org","@graph":[{"@type":"NewsArticle","@id":"https:\/\/dicodusport.fr\/blog\/cyclisme-sur-route-quelle-equipe-francaise-a-realise-le-meilleur-mercato\/#article","isPartOf":{"@id":"https:\/\/dicodusport.fr\/blog\/cyclisme-sur-route-quelle-equipe-francaise-a-realise-le-meilleur-mercato\/"},"author":{"name":"Etienne Goursaud","@id":"https:\/\/dicodusport.fr\/blog\/#\/schema\/person\/d603dd7da31fb2b46c82b9835a77ec13"},"headline":"Cyclisme sur route : Quelle \u00e9quipe fran\u00e7aise a r\u00e9alis\u00e9 le meilleur mercato ?","datePublished":"2024-11-12T14:37:06+00:00","dateModified":"2024-11-12T15:51:19+00:00","mainEntityOfPage":{"@id":"https:\/\/dicodusport.fr\/blog\/cyclisme-sur-route-quelle-equipe-francaise-a-realise-le-meilleur-mercato\/"},"wordCount":1288,"commentCount":0,"publisher":{"@id":"https:\/\/dicodusport.fr\/blog\/#organization"},"image":{"@id":"https:\/\/dicodusport.fr\/blog\/cyclisme-sur-route-quelle-equipe-francaise-a-realise-le-meilleur-mercato\/#primaryimage"},"thumbnailUrl":"https:\/\/dicodusport.fr\/blog\/wp-content\/uploads\/2024\/11\/Cyclisme-sur-route-Quelle-equipe-francaise-a-realise-le-meilleur-mercato-.png","keywords":["actu","Ark\u00e9a-B&amp;B Hotels","br\u00e8ve","cofidis","Cyclisme","cyclisme fran\u00e7ais","Decathlon AG2R La mondiale","Groupama FDJ"],"articleSection":["Cyclisme sur route"],"inLanguage":"fr-FR","potentialAction":[{"@type":"CommentAction","name":"Comment","target":["https:\/\/dicodusport.fr\/blog\/cyclisme-sur-route-quelle-equipe-francaise-a-realise-le-meilleur-mercato\/#respond"]}],"copyrightYear":"2024","copyrightHolder":{"@id":"https:\/\/dicodusport.fr\/blog\/#organization"}},{"@type":"WebPage","@id":"https:\/\/dicodusport.fr\/blog\/cyclisme-sur-route-quelle-equipe-francaise-a-realise-le-meilleur-mercato\/","url":"https:\/\/dicodusport.fr\/blog\/cyclisme-sur-route-quelle-equipe-francaise-a-realise-le-meilleur-mercato\/","name":"Cyclisme sur route : Quelle \u00e9quipe fran\u00e7aise a r\u00e9alis\u00e9 le meilleur mercato ?","isPartOf":{"@id":"https:\/\/dicodusport.fr\/blog\/#website"},"primaryImageOfPage":{"@id":"https:\/\/dicodusport.fr\/blog\/cyclisme-sur-route-quelle-equipe-francaise-a-realise-le-meilleur-mercato\/#primaryimage"},"image":{"@id":"https:\/\/dicodusport.fr\/blog\/cyclisme-sur-route-quelle-equipe-francaise-a-realise-le-meilleur-mercato\/#primaryimage"},"thumbnailUrl":"https:\/\/dicodusport.fr\/blog\/wp-content\/uploads\/2024\/11\/Cyclisme-sur-route-Quelle-equipe-francaise-a-realise-le-meilleur-mercato-.png","datePublished":"2024-11-12T14:37:06+00:00","dateModified":"2024-11-12T15:51:19+00:00","description":"CYCLISME - On fait le point et on compare le mercato des \u00e9quipes fran\u00e7aises. Entre inqui\u00e9tudes et espoirs, qui a fait le meilleur mercato ?","breadcrumb":{"@id":"https:\/\/dicodusport.fr\/blog\/cyclisme-sur-route-quelle-equipe-francaise-a-realise-le-meilleur-mercato\/#breadcrumb"},"inLanguage":"fr-FR","potentialAction":[{"@type":"ReadAction","target":["https:\/\/dicodusport.fr\/blog\/cyclisme-sur-route-quelle-equipe-francaise-a-realise-le-meilleur-mercato\/"]}]},{"@type":"ImageObject","inLanguage":"fr-FR","@id":"https:\/\/dicodusport.fr\/blog\/cyclisme-sur-route-quelle-equipe-francaise-a-realise-le-meilleur-mercato\/#primaryimage","url":"https:\/\/dicodusport.fr\/blog\/wp-content\/uploads\/2024\/11\/Cyclisme-sur-route-Quelle-equipe-francaise-a-realise-le-meilleur-mercato-.png","contentUrl":"https:\/\/dicodusport.fr\/blog\/wp-content\/uploads\/2024\/11\/Cyclisme-sur-route-Quelle-equipe-francaise-a-realise-le-meilleur-mercato-.png","width":1200,"height":674,"caption":"Cyclisme sur route Quelle \u00e9quipe fran\u00e7aise a r\u00e9alis\u00e9 le meilleur mercato"},{"@type":"BreadcrumbList","@id":"https:\/\/dicodusport.fr\/blog\/cyclisme-sur-route-quelle-equipe-francaise-a-realise-le-meilleur-mercato\/#breadcrumb","itemListElement":[{"@type":"ListItem","position":1,"name":"Accueil","item":"https:\/\/dicodusport.fr\/blog\/"},{"@type":"ListItem","position":2,"name":"Cyclisme sur route : Quelle \u00e9quipe fran\u00e7aise a r\u00e9alis\u00e9 le meilleur mercato ?"}]},{"@type":"WebSite","@id":"https:\/\/dicodusport.fr\/blog\/#website","url":"https:\/\/dicodusport.fr\/blog\/","name":"Dicodusport","description":"L&#039;encyclop\u00e9die de l&#039;actualit\u00e9 sportive","publisher":{"@id":"https:\/\/dicodusport.fr\/blog\/#organization"},"potentialAction":[{"@type":"SearchAction","target":{"@type":"EntryPoint","urlTemplate":"https:\/\/dicodusport.fr\/blog\/?s={search_term_string}"},"query-input":{"@type":"PropertyValueSpecification","valueRequired":true,"valueName":"search_term_string"}}],"inLanguage":"fr-FR"},{"@type":"NewsMediaOrganization","@id":"https:\/\/dicodusport.fr\/blog\/#organization","name":"Dicodusport","url":"https:\/\/dicodusport.fr\/blog\/","logo":{"@type":"ImageObject","inLanguage":"fr-FR","@id":"https:\/\/dicodusport.fr\/blog\/#\/schema\/logo\/image\/","url":"https:\/\/dicodusport.fr\/blog\/wp-content\/uploads\/2020\/06\/cropped-LOGO-DICODUSPORT-2020-SANS-FOND-SANS-TEXTE.png","contentUrl":"https:\/\/dicodusport.fr\/blog\/wp-content\/uploads\/2020\/06\/cropped-LOGO-DICODUSPORT-2020-SANS-FOND-SANS-TEXTE.png","width":512,"height":512,"caption":"Dicodusport"},"image":{"@id":"https:\/\/dicodusport.fr\/blog\/#\/schema\/logo\/image\/"},"sameAs":["https:\/\/www.facebook.com\/dicodusport","https:\/\/x.com\/dicodusport","https:\/\/www.instagram.com\/dicodusport\/","https:\/\/www.youtube.com\/channel\/UC7V2KZ5sd3htJivAbA4ZG3w"],"description":"Dicodusport est l'encyclop\u00e9die de l'actualit\u00e9 sportive.","email":"bonjour@dicodusport.fr","legalName":"DICODUSPORT","foundingDate":"2018-01-14","vatID":"FR71834470973","taxID":"83447097300043","numberOfEmployees":{"@type":"QuantitativeValue","minValue":"1","maxValue":"10"}},{"@type":"Person","@id":"https:\/\/dicodusport.fr\/blog\/#\/schema\/person\/d603dd7da31fb2b46c82b9835a77ec13","name":"Etienne Goursaud","image":{"@type":"ImageObject","inLanguage":"fr-FR","@id":"https:\/\/dicodusport.fr\/blog\/#\/schema\/person\/image\/","url":"https:\/\/dicodusport.fr\/blog\/wp-content\/uploads\/2023\/12\/410122264_10231602061736049_5565839791558026645_n-150x150.jpg","contentUrl":"https:\/\/dicodusport.fr\/blog\/wp-content\/uploads\/2023\/12\/410122264_10231602061736049_5565839791558026645_n-150x150.jpg","caption":"Etienne Goursaud"},"description":"Journaliste et amoureux de sport. Ancien footballeur reconverti athl\u00e8te quand ses muscles le laissent tranquille. \u00c9lev\u00e9 \u00e0 la sauce des exploits de Thomas Voeckler en 2004, du dernier essai de l\u00e9gende de Eunice Barber \u00e0 la longueur lors des championnats du monde d'athl\u00e9tisme de 2003 mais aussi Zidane, Omeyer et Titou Lamaison.","url":"https:\/\/dicodusport.fr\/blog\/author\/etienne-goursaud\/"}]}},"_links":{"self":[{"href":"https:\/\/dicodusport.fr\/blog\/wp-json\/wp\/v2\/posts\/532358","targetHints":{"allow":["GET"]}}],"collection":[{"href":"https:\/\/dicodusport.fr\/blog\/wp-json\/wp\/v2\/posts"}],"about":[{"href":"https:\/\/dicodusport.fr\/blog\/wp-json\/wp\/v2\/types\/post"}],"author":[{"embeddable":true,"href":"https:\/\/dicodusport.fr\/blog\/wp-json\/wp\/v2\/users\/83"}],"replies":[{"embeddable":true,"href":"https:\/\/dicodusport.fr\/blog\/wp-json\/wp\/v2\/comments?post=532358"}],"version-history":[{"count":5,"href":"https:\/\/dicodusport.fr\/blog\/wp-json\/wp\/v2\/posts\/532358\/revisions"}],"predecessor-version":[{"id":532379,"href":"https:\/\/dicodusport.fr\/blog\/wp-json\/wp\/v2\/posts\/532358\/revisions\/532379"}],"wp:featuredmedia":[{"embeddable":true,"href":"https:\/\/dicodusport.fr\/blog\/wp-json\/wp\/v2\/media\/532370"}],"wp:attachment":[{"href":"https:\/\/dicodusport.fr\/blog\/wp-json\/wp\/v2\/media?parent=532358"}],"wp:term":[{"taxonomy":"category","embeddable":true,"href":"https:\/\/dicodusport.fr\/blog\/wp-json\/wp\/v2\/categories?post=532358"},{"taxonomy":"post_tag","embeddable":true,"href":"https:\/\/dicodusport.fr\/blog\/wp-json\/wp\/v2\/tags?post=532358"}],"curies":[{"name":"wp","href":"https:\/\/api.w.org\/{rel}","templated":true}]}}