{"id":532382,"date":"2024-11-12T17:19:11","date_gmt":"2024-11-12T16:19:11","guid":{"rendered":"https:\/\/dicodusport.fr\/blog\/?p=532382&#038;preview=true&#038;preview_id=532382"},"modified":"2024-11-12T23:07:21","modified_gmt":"2024-11-12T22:07:21","slug":"xv-de-france-la-composition-probable-pour-defier-la-nouvelle-zelande","status":"publish","type":"post","link":"https:\/\/dicodusport.fr\/blog\/xv-de-france-la-composition-probable-pour-defier-la-nouvelle-zelande\/","title":{"rendered":"XV de France : La composition probable pour d\u00e9fier la Nouvelle-Z\u00e9lande"},"content":{"rendered":"<p style=\"text-align: justify;\"><strong><em>XV DE FRANCE &#8211; Selon <a href=\"https:\/\/www.rugbyrama.fr\/2024\/11\/12\/xv-de-france-la-composition-probable-des-bleus-pour-affronter-la-nouvelle-zelande-antoine-dupont-menage-dentrainement-romain-buros-a-larriere-12318781.php\">Rugbyrama<\/a>, le XV de France va proc\u00e9der \u00e0 quelques changements d&rsquo;envergure pour affronter les All Blacks samedi.<\/em><\/strong><\/p>\n<ul style=\"text-align: justify;\">\n<li style=\"text-align: justify;\"><strong>\u00c0 ce sujet &#8211; <a href=\"https:\/\/dicodusport.fr\/blog\/actualites\/rugby\/rugby-a-xv\/xv-de-france\/\">L&rsquo;actualit\u00e9 du XV de France<\/a><\/strong><\/li>\n<\/ul>\n<p style=\"text-align: justify;\">Il y a eu un peu de casse lors de la rentr\u00e9e du XV de France samedi contre le Japon. Forfait de derni\u00e8re minute, <strong>Damian Penaud<\/strong> n&rsquo;est visiblement pas remis, et va devoir passer son tour, tout comme celui qui l&rsquo;avait suppl\u00e9\u00e9 samedi, <strong>Th\u00e9o Attissogbe<\/strong>, touch\u00e9 au genou. Deux ailiers en moins, c&rsquo;est donc sans grande surprise que <strong>Gabin Villi\u00e8re<\/strong> devrait \u00eatre le penchant de <strong>Louis Bielle-Biarrey<\/strong> contre la Nouvelle-Z\u00e9lande.<\/p>\n<div class=\"vlp-link-container vlp-layout-article\"><a href=\"https:\/\/dicodusport.fr\/blog\/xv-de-france-2-nouveaux-forfaits-face-aux-all-blacks-romain-buros-titulaire\/\" class=\"vlp-link\" title=\"XV de France : 2 nouveaux forfaits face aux All Blacks, Romain Buros titulaire ?\"><\/a><div class=\"vlp-layout-zone-side\"><div class=\"vlp-block-4 vlp-link-image\"><img loading=\"lazy\" decoding=\"async\" style=\"max-width: 792px;\" width=\"792\" height=\"445\" src=\"https:\/\/dicodusport.fr\/blog\/wp-content\/uploads\/2024\/11\/XV-de-France-2-nouveaux-forfaits-face-aux-All-Blacks-Romain-Buros-titulaire-.png\" class=\"attachment-800x445 size-800x445\" alt=\"\" srcset=\"https:\/\/dicodusport.fr\/blog\/wp-content\/uploads\/2024\/11\/XV-de-France-2-nouveaux-forfaits-face-aux-All-Blacks-Romain-Buros-titulaire-.png 1200w, https:\/\/dicodusport.fr\/blog\/wp-content\/uploads\/2024\/11\/XV-de-France-2-nouveaux-forfaits-face-aux-All-Blacks-Romain-Buros-titulaire--300x169.png 300w, https:\/\/dicodusport.fr\/blog\/wp-content\/uploads\/2024\/11\/XV-de-France-2-nouveaux-forfaits-face-aux-All-Blacks-Romain-Buros-titulaire--1024x575.png 1024w, https:\/\/dicodusport.fr\/blog\/wp-content\/uploads\/2024\/11\/XV-de-France-2-nouveaux-forfaits-face-aux-All-Blacks-Romain-Buros-titulaire--768x431.png 768w\" sizes=\"auto, (max-width: 792px) 100vw, 792px\" \/><\/div><\/div><div class=\"vlp-layout-zone-main\"><div class=\"vlp-block-0 vlp-link-title\">XV de France : 2 nouveaux forfaits face aux All Blacks, Romain Buros titulaire ?<\/div><div class=\"vlp-block-1 vlp-link-summary\">XV DE FRANCE - Selon L'\u00c9quipe, Damian Penaud et Fran\u00e7ois Cros sont forfait face \u00e0 la Nouvelle-Z\u00e9lande alors que Romain Buros devrait d\u00e9buter \u00e0 l'arri\u00e8re.<\/div><div class=\"vlp-block-2 vlp-link-button\">Lire l'article<\/div><div class=\"vlp-block-3 vlp-link-url\">dicodusport.fr<\/div><\/div><\/div>\n<p style=\"text-align: justify;\">L&rsquo;autre forfait annonc\u00e9 par la FFR est celui de <strong>Fran\u00e7ois Cros<\/strong>. Convaincant lors de son entr\u00e9e en jeu avec notamment deux essais,<strong> Paul Boudehent<\/strong> est tout indiqu\u00e9 pour remplacer le Toulousain, alors qu&rsquo;<strong>Alexandre Roumat<\/strong> devrait conserver sa place de titulaire. Absent face aux Japonais,<strong> Uini Atonio<\/strong> d\u00e9clare de nouveau forfait, ce qui fait que <strong>Tevita Tatafu<\/strong> devrait conserver sa place \u00e0 droite de la m\u00eal\u00e9e. Sorti par pr\u00e9caution samedi, <strong>Thibaud Flament<\/strong> est toujours incertain et pourrait \u00eatre suppl\u00e9\u00e9 par <strong>Charles Ollivon<\/strong> dans la cage, ce qui semble la seule v\u00e9ritable incertitude du XV de d\u00e9part.<\/p>\n<ul style=\"text-align: justify;\">\n<li style=\"text-align: justify;\"><strong>\u00c0 ce sujet &#8211; <a href=\"https:\/\/dicodusport.fr\/blog\/calendrier-resultats-et-scores-rugby-tournee-dautomne-2024\/\">Calendrier, r\u00e9sultats et scores Rugby Tourn\u00e9e d\u2019automne 2024<\/a><\/strong><\/li>\n<\/ul>\n<p style=\"text-align: justify;\">Pr\u00e9serv\u00e9 lors des entra\u00eenements du jour, <strong>Antoine Dupont<\/strong> est toutefois pr\u00e9vu titulaire et capitaine avec <strong>Thomas Ramos<\/strong> toujours \u00e0 l&rsquo;ouverture. C&rsquo;est donc plus que probable que comme murmur\u00e9 hier, <strong>Romain Buros<\/strong> d\u00e9bute \u00e0 l&rsquo;arri\u00e8re, ce qui serait sa premi\u00e8re cape. <strong>Ga\u00ebl Fickou<\/strong> devrait faire, comme annonc\u00e9, son retour au centre, ce qui ferait donc possiblement 5 ou 6 changements par rapport au XV de d\u00e9part contre les Japonais.<\/p>\n<h2 style=\"text-align: justify;\">La composition probable du XV de France pour d\u00e9fier la Nouvelle-Z\u00e9lande<\/h2>\n<p style=\"text-align: justify;\"><strong>La composition probable\u00a0:<\/strong> 15. Buros; 14. Villi\u00e8re, 13. Fickou, 12. Moefana, 11. Bielle-Biarrey ; 10. Ramos, 9. Dupont ; 7. Roumat, 8. Alldritt, 6. Boudehent; 5. Meafou, 4. Flament ou Ollivon ; 3. Tatafu, 2. Mauvaka, 1. Gros.<\/p>\n<p style=\"text-align: justify;\"><strong>Rempla\u00e7ants\u00a0:<\/strong> 16. Marchand, 17. Wardi, 18. Colombe, 19. R. Taofifenua, 20. Guillard, 21. Ollivon ou Woki, 22. Le Garrec, 23. Barr\u00e9 ou Jalibert ou Gailleton.<\/p>\n<h2 style=\"text-align: justify;\">\u00c0 ce sujet<\/h2>\n<div class=\"vlp-link-container vlp-layout-article\"><a href=\"https:\/\/dicodusport.fr\/blog\/xv-de-france-les-enjeux-de-la-tournee-dautomne\/\" class=\"vlp-link\" title=\"XV de France : Les enjeux de la tourn\u00e9e d&#039;automne\"><\/a><div class=\"vlp-layout-zone-side\"><div class=\"vlp-block-4 vlp-link-image\"><img loading=\"lazy\" decoding=\"async\" style=\"max-width: 792px;\" width=\"792\" height=\"445\" src=\"https:\/\/dicodusport.fr\/blog\/wp-content\/uploads\/2024\/10\/XV-de-France-Les-enjeux-de-la-tournee-dautomne-1.png\" class=\"attachment-800x445 size-800x445\" alt=\"XV de France Les enjeux de la tourn\u00e9e d&#039;automne\" srcset=\"https:\/\/dicodusport.fr\/blog\/wp-content\/uploads\/2024\/10\/XV-de-France-Les-enjeux-de-la-tournee-dautomne-1.png 1200w, https:\/\/dicodusport.fr\/blog\/wp-content\/uploads\/2024\/10\/XV-de-France-Les-enjeux-de-la-tournee-dautomne-1-300x169.png 300w, https:\/\/dicodusport.fr\/blog\/wp-content\/uploads\/2024\/10\/XV-de-France-Les-enjeux-de-la-tournee-dautomne-1-1024x575.png 1024w, https:\/\/dicodusport.fr\/blog\/wp-content\/uploads\/2024\/10\/XV-de-France-Les-enjeux-de-la-tournee-dautomne-1-768x431.png 768w\" sizes=\"auto, (max-width: 792px) 100vw, 792px\" \/><\/div><\/div><div class=\"vlp-layout-zone-main\"><div class=\"vlp-block-0 vlp-link-title\">XV de France : Les enjeux de la tourn\u00e9e d'automne<\/div><div class=\"vlp-block-1 vlp-link-summary\">Les enjeux de la tourn\u00e9e d'automne<\/div><div class=\"vlp-block-2 vlp-link-button\">Lire l'article<\/div><div class=\"vlp-block-3 vlp-link-url\">dicodusport.fr<\/div><\/div><\/div>\n","protected":false},"excerpt":{"rendered":"<p>XV DE FRANCE &#8211; Selon Rugbyrama, le XV de France va proc\u00e9der \u00e0 quelques changements d&rsquo;envergure pour affronter les All Blacks samedi.<\/p>\n","protected":false},"author":59,"featured_media":532384,"comment_status":"open","ping_status":"closed","sticky":false,"template":"","format":"standard","meta":{"_acf_changed":false,"_daextam_enable_autolinks":"1","footnotes":""},"categories":[9129,19951],"tags":[32415,20115,16878,30,12,1638],"class_list":["post-532382","post","type-post","status-publish","format-standard","has-post-thumbnail","hentry","category-rugby-a-xv","category-xv-de-france","tag-actu","tag-autumn-nations-series","tag-breve","tag-france","tag-nouvelle-zelande","tag-xv-de-france"],"acf":[],"yoast_head":"<!-- This site is optimized with the Yoast SEO Premium plugin v26.7 (Yoast SEO v26.7) - https:\/\/yoast.com\/wordpress\/plugins\/seo\/ -->\n<title>XV de France : La composition probable pour d\u00e9fier la Nouvelle-Z\u00e9lande<\/title>\n<meta name=\"description\" content=\"XV DE FRANCE - Selon Rugbyrama, le XV de France va proc\u00e9der \u00e0 quelques changements d&#039;envergure pour affronter les All Blacks samedi.\" \/>\n<meta name=\"robots\" content=\"index, follow, max-snippet:-1, max-image-preview:large, max-video-preview:-1\" \/>\n<link rel=\"canonical\" href=\"https:\/\/dicodusport.fr\/blog\/xv-de-france-la-composition-probable-pour-defier-la-nouvelle-zelande\/\" \/>\n<meta property=\"og:locale\" content=\"fr_FR\" \/>\n<meta property=\"og:type\" content=\"article\" \/>\n<meta property=\"og:title\" content=\"XV de France : La composition probable pour d\u00e9fier la Nouvelle-Z\u00e9lande\" \/>\n<meta property=\"og:description\" content=\"XV DE FRANCE - Selon Rugbyrama, le XV de France va proc\u00e9der \u00e0 quelques changements d&#039;envergure pour affronter les All Blacks samedi.\" \/>\n<meta property=\"og:url\" content=\"https:\/\/dicodusport.fr\/blog\/xv-de-france-la-composition-probable-pour-defier-la-nouvelle-zelande\/\" \/>\n<meta property=\"og:site_name\" content=\"Dicodusport\" \/>\n<meta property=\"article:publisher\" content=\"https:\/\/www.facebook.com\/dicodusport\" \/>\n<meta property=\"article:author\" content=\"https:\/\/www.facebook.com\/sebastien.gente\/\" \/>\n<meta property=\"article:published_time\" content=\"2024-11-12T16:19:11+00:00\" \/>\n<meta property=\"article:modified_time\" content=\"2024-11-12T22:07:21+00:00\" \/>\n<meta property=\"og:image\" content=\"https:\/\/dicodusport.fr\/blog\/wp-content\/uploads\/2024\/11\/XV-de-France-La-composition-probable-pour-defier-la-Nouvelle-Zelande.png\" \/>\n\t<meta property=\"og:image:width\" content=\"1200\" \/>\n\t<meta property=\"og:image:height\" content=\"674\" \/>\n\t<meta property=\"og:image:type\" content=\"image\/png\" \/>\n<meta name=\"author\" content=\"S\u00e9bastien Gente\" \/>\n<meta name=\"twitter:card\" content=\"summary_large_image\" \/>\n<meta name=\"twitter:title\" content=\"XV de France : La composition probable pour d\u00e9fier la Nouvelle-Z\u00e9lande\" \/>\n<meta name=\"twitter:creator\" content=\"@https:\/\/twitter.com\/globulo24\" \/>\n<meta name=\"twitter:site\" content=\"@dicodusport\" \/>\n<script type=\"application\/ld+json\" class=\"yoast-schema-graph\">{\"@context\":\"https:\/\/schema.org\",\"@graph\":[{\"@type\":\"NewsArticle\",\"@id\":\"https:\/\/dicodusport.fr\/blog\/xv-de-france-la-composition-probable-pour-defier-la-nouvelle-zelande\/#article\",\"isPartOf\":{\"@id\":\"https:\/\/dicodusport.fr\/blog\/xv-de-france-la-composition-probable-pour-defier-la-nouvelle-zelande\/\"},\"author\":{\"name\":\"S\u00e9bastien Gente\",\"@id\":\"https:\/\/dicodusport.fr\/blog\/#\/schema\/person\/627966a6cde45dbd8c5e36ac85d783da\"},\"headline\":\"XV de France : La composition probable pour d\u00e9fier la Nouvelle-Z\u00e9lande\",\"datePublished\":\"2024-11-12T16:19:11+00:00\",\"dateModified\":\"2024-11-12T22:07:21+00:00\",\"mainEntityOfPage\":{\"@id\":\"https:\/\/dicodusport.fr\/blog\/xv-de-france-la-composition-probable-pour-defier-la-nouvelle-zelande\/\"},\"wordCount\":503,\"commentCount\":0,\"publisher\":{\"@id\":\"https:\/\/dicodusport.fr\/blog\/#organization\"},\"image\":{\"@id\":\"https:\/\/dicodusport.fr\/blog\/xv-de-france-la-composition-probable-pour-defier-la-nouvelle-zelande\/#primaryimage\"},\"thumbnailUrl\":\"https:\/\/dicodusport.fr\/blog\/wp-content\/uploads\/2024\/11\/XV-de-France-La-composition-probable-pour-defier-la-Nouvelle-Zelande.png\",\"keywords\":[\"actu\",\"Autumn Nations Series\",\"br\u00e8ve\",\"France\",\"Nouvelle-Z\u00e9lande\",\"XV de France\"],\"articleSection\":[\"Rugby \u00e0 XV\",\"XV de France\"],\"inLanguage\":\"fr-FR\",\"potentialAction\":[{\"@type\":\"CommentAction\",\"name\":\"Comment\",\"target\":[\"https:\/\/dicodusport.fr\/blog\/xv-de-france-la-composition-probable-pour-defier-la-nouvelle-zelande\/#respond\"]}],\"copyrightYear\":\"2024\",\"copyrightHolder\":{\"@id\":\"https:\/\/dicodusport.fr\/blog\/#organization\"}},{\"@type\":\"WebPage\",\"@id\":\"https:\/\/dicodusport.fr\/blog\/xv-de-france-la-composition-probable-pour-defier-la-nouvelle-zelande\/\",\"url\":\"https:\/\/dicodusport.fr\/blog\/xv-de-france-la-composition-probable-pour-defier-la-nouvelle-zelande\/\",\"name\":\"XV de France : La composition probable pour d\u00e9fier la Nouvelle-Z\u00e9lande\",\"isPartOf\":{\"@id\":\"https:\/\/dicodusport.fr\/blog\/#website\"},\"primaryImageOfPage\":{\"@id\":\"https:\/\/dicodusport.fr\/blog\/xv-de-france-la-composition-probable-pour-defier-la-nouvelle-zelande\/#primaryimage\"},\"image\":{\"@id\":\"https:\/\/dicodusport.fr\/blog\/xv-de-france-la-composition-probable-pour-defier-la-nouvelle-zelande\/#primaryimage\"},\"thumbnailUrl\":\"https:\/\/dicodusport.fr\/blog\/wp-content\/uploads\/2024\/11\/XV-de-France-La-composition-probable-pour-defier-la-Nouvelle-Zelande.png\",\"datePublished\":\"2024-11-12T16:19:11+00:00\",\"dateModified\":\"2024-11-12T22:07:21+00:00\",\"description\":\"XV DE FRANCE - Selon Rugbyrama, le XV de France va proc\u00e9der \u00e0 quelques changements d'envergure pour affronter les All Blacks samedi.\",\"breadcrumb\":{\"@id\":\"https:\/\/dicodusport.fr\/blog\/xv-de-france-la-composition-probable-pour-defier-la-nouvelle-zelande\/#breadcrumb\"},\"inLanguage\":\"fr-FR\",\"potentialAction\":[{\"@type\":\"ReadAction\",\"target\":[\"https:\/\/dicodusport.fr\/blog\/xv-de-france-la-composition-probable-pour-defier-la-nouvelle-zelande\/\"]}]},{\"@type\":\"ImageObject\",\"inLanguage\":\"fr-FR\",\"@id\":\"https:\/\/dicodusport.fr\/blog\/xv-de-france-la-composition-probable-pour-defier-la-nouvelle-zelande\/#primaryimage\",\"url\":\"https:\/\/dicodusport.fr\/blog\/wp-content\/uploads\/2024\/11\/XV-de-France-La-composition-probable-pour-defier-la-Nouvelle-Zelande.png\",\"contentUrl\":\"https:\/\/dicodusport.fr\/blog\/wp-content\/uploads\/2024\/11\/XV-de-France-La-composition-probable-pour-defier-la-Nouvelle-Zelande.png\",\"width\":1200,\"height\":674,\"caption\":\"XV de France La composition probable pour d\u00e9fier la Nouvelle-Z\u00e9lande\"},{\"@type\":\"BreadcrumbList\",\"@id\":\"https:\/\/dicodusport.fr\/blog\/xv-de-france-la-composition-probable-pour-defier-la-nouvelle-zelande\/#breadcrumb\",\"itemListElement\":[{\"@type\":\"ListItem\",\"position\":1,\"name\":\"Accueil\",\"item\":\"https:\/\/dicodusport.fr\/blog\/\"},{\"@type\":\"ListItem\",\"position\":2,\"name\":\"XV de France : La composition probable pour d\u00e9fier la Nouvelle-Z\u00e9lande\"}]},{\"@type\":\"WebSite\",\"@id\":\"https:\/\/dicodusport.fr\/blog\/#website\",\"url\":\"https:\/\/dicodusport.fr\/blog\/\",\"name\":\"Dicodusport\",\"description\":\"L&#039;encyclop\u00e9die de l&#039;actualit\u00e9 sportive\",\"publisher\":{\"@id\":\"https:\/\/dicodusport.fr\/blog\/#organization\"},\"potentialAction\":[{\"@type\":\"SearchAction\",\"target\":{\"@type\":\"EntryPoint\",\"urlTemplate\":\"https:\/\/dicodusport.fr\/blog\/?s={search_term_string}\"},\"query-input\":{\"@type\":\"PropertyValueSpecification\",\"valueRequired\":true,\"valueName\":\"search_term_string\"}}],\"inLanguage\":\"fr-FR\"},{\"@type\":\"NewsMediaOrganization\",\"@id\":\"https:\/\/dicodusport.fr\/blog\/#organization\",\"name\":\"Dicodusport\",\"url\":\"https:\/\/dicodusport.fr\/blog\/\",\"logo\":{\"@type\":\"ImageObject\",\"inLanguage\":\"fr-FR\",\"@id\":\"https:\/\/dicodusport.fr\/blog\/#\/schema\/logo\/image\/\",\"url\":\"https:\/\/dicodusport.fr\/blog\/wp-content\/uploads\/2020\/06\/cropped-LOGO-DICODUSPORT-2020-SANS-FOND-SANS-TEXTE.png\",\"contentUrl\":\"https:\/\/dicodusport.fr\/blog\/wp-content\/uploads\/2020\/06\/cropped-LOGO-DICODUSPORT-2020-SANS-FOND-SANS-TEXTE.png\",\"width\":512,\"height\":512,\"caption\":\"Dicodusport\"},\"image\":{\"@id\":\"https:\/\/dicodusport.fr\/blog\/#\/schema\/logo\/image\/\"},\"sameAs\":[\"https:\/\/www.facebook.com\/dicodusport\",\"https:\/\/x.com\/dicodusport\",\"https:\/\/www.instagram.com\/dicodusport\/\",\"https:\/\/www.youtube.com\/channel\/UC7V2KZ5sd3htJivAbA4ZG3w\"],\"description\":\"Dicodusport est l'encyclop\u00e9die de l'actualit\u00e9 sportive.\",\"email\":\"bonjour@dicodusport.fr\",\"legalName\":\"DICODUSPORT\",\"foundingDate\":\"2018-01-14\",\"vatID\":\"FR71834470973\",\"taxID\":\"83447097300043\",\"numberOfEmployees\":{\"@type\":\"QuantitativeValue\",\"minValue\":\"1\",\"maxValue\":\"10\"}},{\"@type\":\"Person\",\"@id\":\"https:\/\/dicodusport.fr\/blog\/#\/schema\/person\/627966a6cde45dbd8c5e36ac85d783da\",\"name\":\"S\u00e9bastien Gente\",\"image\":{\"@type\":\"ImageObject\",\"inLanguage\":\"fr-FR\",\"@id\":\"https:\/\/dicodusport.fr\/blog\/#\/schema\/person\/image\/\",\"url\":\"https:\/\/dicodusport.fr\/blog\/wp-content\/uploads\/2021\/09\/1510990_10205810251400683_4124423575079401707_n-150x150.jpg\",\"contentUrl\":\"https:\/\/dicodusport.fr\/blog\/wp-content\/uploads\/2021\/09\/1510990_10205810251400683_4124423575079401707_n-150x150.jpg\",\"caption\":\"S\u00e9bastien Gente\"},\"description\":\"John Stockton, Gianni Bugno, Zinedine Zidane, Steffi Graf, Frode Andresen, St\u00e9phane Stoecklin, Davis Kamoga, Primoz Peterka, Werner Schlager et Aur\u00e9lien Rougerie. Point commun entre ces sportifs? Ils m'ont fait r\u00eaver et ont berc\u00e9 mon adolescence. Je suis un fondu de sports et j'essaie de retranscrire ma passion \u00e0 travers mes articles. Originaire du P\u00e9rigord, ma passion pour les Girondins, les Jaunards et les Jazzmen transpire dans mes \u00e9crits. \u00c0 Dicodusport depuis 2021, je d\u00e9niche les sports m\u00e9connus dans lesquels la France brille, et il y en a !\",\"sameAs\":[\"https:\/\/www.facebook.com\/sebastien.gente\/\",\"https:\/\/www.instagram.com\/sebgente\/\",\"https:\/\/www.linkedin.com\/in\/sbastien-gente-a29583169\/\",\"https:\/\/x.com\/https:\/\/twitter.com\/globulo24\",\"SebastienGente\"],\"worksFor\":\"S\u00e9bastien GENTE\",\"url\":\"https:\/\/dicodusport.fr\/blog\/author\/sebastiengente\/\"}]}<\/script>\n<!-- \/ Yoast SEO Premium plugin. -->","yoast_head_json":{"title":"XV de France : La composition probable pour d\u00e9fier la Nouvelle-Z\u00e9lande","description":"XV DE FRANCE - Selon Rugbyrama, le XV de France va proc\u00e9der \u00e0 quelques changements d'envergure pour affronter les All Blacks samedi.","robots":{"index":"index","follow":"follow","max-snippet":"max-snippet:-1","max-image-preview":"max-image-preview:large","max-video-preview":"max-video-preview:-1"},"canonical":"https:\/\/dicodusport.fr\/blog\/xv-de-france-la-composition-probable-pour-defier-la-nouvelle-zelande\/","og_locale":"fr_FR","og_type":"article","og_title":"XV de France : La composition probable pour d\u00e9fier la Nouvelle-Z\u00e9lande","og_description":"XV DE FRANCE - Selon Rugbyrama, le XV de France va proc\u00e9der \u00e0 quelques changements d'envergure pour affronter les All Blacks samedi.","og_url":"https:\/\/dicodusport.fr\/blog\/xv-de-france-la-composition-probable-pour-defier-la-nouvelle-zelande\/","og_site_name":"Dicodusport","article_publisher":"https:\/\/www.facebook.com\/dicodusport","article_author":"https:\/\/www.facebook.com\/sebastien.gente\/","article_published_time":"2024-11-12T16:19:11+00:00","article_modified_time":"2024-11-12T22:07:21+00:00","og_image":[{"width":1200,"height":674,"url":"https:\/\/dicodusport.fr\/blog\/wp-content\/uploads\/2024\/11\/XV-de-France-La-composition-probable-pour-defier-la-Nouvelle-Zelande.png","type":"image\/png"}],"author":"S\u00e9bastien Gente","twitter_card":"summary_large_image","twitter_title":"XV de France : La composition probable pour d\u00e9fier la Nouvelle-Z\u00e9lande","twitter_creator":"@https:\/\/twitter.com\/globulo24","twitter_site":"@dicodusport","schema":{"@context":"https:\/\/schema.org","@graph":[{"@type":"NewsArticle","@id":"https:\/\/dicodusport.fr\/blog\/xv-de-france-la-composition-probable-pour-defier-la-nouvelle-zelande\/#article","isPartOf":{"@id":"https:\/\/dicodusport.fr\/blog\/xv-de-france-la-composition-probable-pour-defier-la-nouvelle-zelande\/"},"author":{"name":"S\u00e9bastien Gente","@id":"https:\/\/dicodusport.fr\/blog\/#\/schema\/person\/627966a6cde45dbd8c5e36ac85d783da"},"headline":"XV de France : La composition probable pour d\u00e9fier la Nouvelle-Z\u00e9lande","datePublished":"2024-11-12T16:19:11+00:00","dateModified":"2024-11-12T22:07:21+00:00","mainEntityOfPage":{"@id":"https:\/\/dicodusport.fr\/blog\/xv-de-france-la-composition-probable-pour-defier-la-nouvelle-zelande\/"},"wordCount":503,"commentCount":0,"publisher":{"@id":"https:\/\/dicodusport.fr\/blog\/#organization"},"image":{"@id":"https:\/\/dicodusport.fr\/blog\/xv-de-france-la-composition-probable-pour-defier-la-nouvelle-zelande\/#primaryimage"},"thumbnailUrl":"https:\/\/dicodusport.fr\/blog\/wp-content\/uploads\/2024\/11\/XV-de-France-La-composition-probable-pour-defier-la-Nouvelle-Zelande.png","keywords":["actu","Autumn Nations Series","br\u00e8ve","France","Nouvelle-Z\u00e9lande","XV de France"],"articleSection":["Rugby \u00e0 XV","XV de France"],"inLanguage":"fr-FR","potentialAction":[{"@type":"CommentAction","name":"Comment","target":["https:\/\/dicodusport.fr\/blog\/xv-de-france-la-composition-probable-pour-defier-la-nouvelle-zelande\/#respond"]}],"copyrightYear":"2024","copyrightHolder":{"@id":"https:\/\/dicodusport.fr\/blog\/#organization"}},{"@type":"WebPage","@id":"https:\/\/dicodusport.fr\/blog\/xv-de-france-la-composition-probable-pour-defier-la-nouvelle-zelande\/","url":"https:\/\/dicodusport.fr\/blog\/xv-de-france-la-composition-probable-pour-defier-la-nouvelle-zelande\/","name":"XV de France : La composition probable pour d\u00e9fier la Nouvelle-Z\u00e9lande","isPartOf":{"@id":"https:\/\/dicodusport.fr\/blog\/#website"},"primaryImageOfPage":{"@id":"https:\/\/dicodusport.fr\/blog\/xv-de-france-la-composition-probable-pour-defier-la-nouvelle-zelande\/#primaryimage"},"image":{"@id":"https:\/\/dicodusport.fr\/blog\/xv-de-france-la-composition-probable-pour-defier-la-nouvelle-zelande\/#primaryimage"},"thumbnailUrl":"https:\/\/dicodusport.fr\/blog\/wp-content\/uploads\/2024\/11\/XV-de-France-La-composition-probable-pour-defier-la-Nouvelle-Zelande.png","datePublished":"2024-11-12T16:19:11+00:00","dateModified":"2024-11-12T22:07:21+00:00","description":"XV DE FRANCE - Selon Rugbyrama, le XV de France va proc\u00e9der \u00e0 quelques changements d'envergure pour affronter les All Blacks samedi.","breadcrumb":{"@id":"https:\/\/dicodusport.fr\/blog\/xv-de-france-la-composition-probable-pour-defier-la-nouvelle-zelande\/#breadcrumb"},"inLanguage":"fr-FR","potentialAction":[{"@type":"ReadAction","target":["https:\/\/dicodusport.fr\/blog\/xv-de-france-la-composition-probable-pour-defier-la-nouvelle-zelande\/"]}]},{"@type":"ImageObject","inLanguage":"fr-FR","@id":"https:\/\/dicodusport.fr\/blog\/xv-de-france-la-composition-probable-pour-defier-la-nouvelle-zelande\/#primaryimage","url":"https:\/\/dicodusport.fr\/blog\/wp-content\/uploads\/2024\/11\/XV-de-France-La-composition-probable-pour-defier-la-Nouvelle-Zelande.png","contentUrl":"https:\/\/dicodusport.fr\/blog\/wp-content\/uploads\/2024\/11\/XV-de-France-La-composition-probable-pour-defier-la-Nouvelle-Zelande.png","width":1200,"height":674,"caption":"XV de France La composition probable pour d\u00e9fier la Nouvelle-Z\u00e9lande"},{"@type":"BreadcrumbList","@id":"https:\/\/dicodusport.fr\/blog\/xv-de-france-la-composition-probable-pour-defier-la-nouvelle-zelande\/#breadcrumb","itemListElement":[{"@type":"ListItem","position":1,"name":"Accueil","item":"https:\/\/dicodusport.fr\/blog\/"},{"@type":"ListItem","position":2,"name":"XV de France : La composition probable pour d\u00e9fier la Nouvelle-Z\u00e9lande"}]},{"@type":"WebSite","@id":"https:\/\/dicodusport.fr\/blog\/#website","url":"https:\/\/dicodusport.fr\/blog\/","name":"Dicodusport","description":"L&#039;encyclop\u00e9die de l&#039;actualit\u00e9 sportive","publisher":{"@id":"https:\/\/dicodusport.fr\/blog\/#organization"},"potentialAction":[{"@type":"SearchAction","target":{"@type":"EntryPoint","urlTemplate":"https:\/\/dicodusport.fr\/blog\/?s={search_term_string}"},"query-input":{"@type":"PropertyValueSpecification","valueRequired":true,"valueName":"search_term_string"}}],"inLanguage":"fr-FR"},{"@type":"NewsMediaOrganization","@id":"https:\/\/dicodusport.fr\/blog\/#organization","name":"Dicodusport","url":"https:\/\/dicodusport.fr\/blog\/","logo":{"@type":"ImageObject","inLanguage":"fr-FR","@id":"https:\/\/dicodusport.fr\/blog\/#\/schema\/logo\/image\/","url":"https:\/\/dicodusport.fr\/blog\/wp-content\/uploads\/2020\/06\/cropped-LOGO-DICODUSPORT-2020-SANS-FOND-SANS-TEXTE.png","contentUrl":"https:\/\/dicodusport.fr\/blog\/wp-content\/uploads\/2020\/06\/cropped-LOGO-DICODUSPORT-2020-SANS-FOND-SANS-TEXTE.png","width":512,"height":512,"caption":"Dicodusport"},"image":{"@id":"https:\/\/dicodusport.fr\/blog\/#\/schema\/logo\/image\/"},"sameAs":["https:\/\/www.facebook.com\/dicodusport","https:\/\/x.com\/dicodusport","https:\/\/www.instagram.com\/dicodusport\/","https:\/\/www.youtube.com\/channel\/UC7V2KZ5sd3htJivAbA4ZG3w"],"description":"Dicodusport est l'encyclop\u00e9die de l'actualit\u00e9 sportive.","email":"bonjour@dicodusport.fr","legalName":"DICODUSPORT","foundingDate":"2018-01-14","vatID":"FR71834470973","taxID":"83447097300043","numberOfEmployees":{"@type":"QuantitativeValue","minValue":"1","maxValue":"10"}},{"@type":"Person","@id":"https:\/\/dicodusport.fr\/blog\/#\/schema\/person\/627966a6cde45dbd8c5e36ac85d783da","name":"S\u00e9bastien Gente","image":{"@type":"ImageObject","inLanguage":"fr-FR","@id":"https:\/\/dicodusport.fr\/blog\/#\/schema\/person\/image\/","url":"https:\/\/dicodusport.fr\/blog\/wp-content\/uploads\/2021\/09\/1510990_10205810251400683_4124423575079401707_n-150x150.jpg","contentUrl":"https:\/\/dicodusport.fr\/blog\/wp-content\/uploads\/2021\/09\/1510990_10205810251400683_4124423575079401707_n-150x150.jpg","caption":"S\u00e9bastien Gente"},"description":"John Stockton, Gianni Bugno, Zinedine Zidane, Steffi Graf, Frode Andresen, St\u00e9phane Stoecklin, Davis Kamoga, Primoz Peterka, Werner Schlager et Aur\u00e9lien Rougerie. Point commun entre ces sportifs? Ils m'ont fait r\u00eaver et ont berc\u00e9 mon adolescence. Je suis un fondu de sports et j'essaie de retranscrire ma passion \u00e0 travers mes articles. Originaire du P\u00e9rigord, ma passion pour les Girondins, les Jaunards et les Jazzmen transpire dans mes \u00e9crits. \u00c0 Dicodusport depuis 2021, je d\u00e9niche les sports m\u00e9connus dans lesquels la France brille, et il y en a !","sameAs":["https:\/\/www.facebook.com\/sebastien.gente\/","https:\/\/www.instagram.com\/sebgente\/","https:\/\/www.linkedin.com\/in\/sbastien-gente-a29583169\/","https:\/\/x.com\/https:\/\/twitter.com\/globulo24","SebastienGente"],"worksFor":"S\u00e9bastien GENTE","url":"https:\/\/dicodusport.fr\/blog\/author\/sebastiengente\/"}]}},"_links":{"self":[{"href":"https:\/\/dicodusport.fr\/blog\/wp-json\/wp\/v2\/posts\/532382","targetHints":{"allow":["GET"]}}],"collection":[{"href":"https:\/\/dicodusport.fr\/blog\/wp-json\/wp\/v2\/posts"}],"about":[{"href":"https:\/\/dicodusport.fr\/blog\/wp-json\/wp\/v2\/types\/post"}],"author":[{"embeddable":true,"href":"https:\/\/dicodusport.fr\/blog\/wp-json\/wp\/v2\/users\/59"}],"replies":[{"embeddable":true,"href":"https:\/\/dicodusport.fr\/blog\/wp-json\/wp\/v2\/comments?post=532382"}],"version-history":[{"count":4,"href":"https:\/\/dicodusport.fr\/blog\/wp-json\/wp\/v2\/posts\/532382\/revisions"}],"predecessor-version":[{"id":532443,"href":"https:\/\/dicodusport.fr\/blog\/wp-json\/wp\/v2\/posts\/532382\/revisions\/532443"}],"wp:featuredmedia":[{"embeddable":true,"href":"https:\/\/dicodusport.fr\/blog\/wp-json\/wp\/v2\/media\/532384"}],"wp:attachment":[{"href":"https:\/\/dicodusport.fr\/blog\/wp-json\/wp\/v2\/media?parent=532382"}],"wp:term":[{"taxonomy":"category","embeddable":true,"href":"https:\/\/dicodusport.fr\/blog\/wp-json\/wp\/v2\/categories?post=532382"},{"taxonomy":"post_tag","embeddable":true,"href":"https:\/\/dicodusport.fr\/blog\/wp-json\/wp\/v2\/tags?post=532382"}],"curies":[{"name":"wp","href":"https:\/\/api.w.org\/{rel}","templated":true}]}}