{"id":532716,"date":"2024-11-14T19:03:34","date_gmt":"2024-11-14T18:03:34","guid":{"rendered":"https:\/\/dicodusport.fr\/blog\/?p=532716&#038;preview=true&#038;preview_id=532716"},"modified":"2024-11-14T19:03:34","modified_gmt":"2024-11-14T18:03:34","slug":"transferts-rugby-gonzalo-garcia-herschel-jantjies-vincent-rattez-les-infos-du-jeudi-14-novembre","status":"publish","type":"post","link":"https:\/\/dicodusport.fr\/blog\/transferts-rugby-gonzalo-garcia-herschel-jantjies-vincent-rattez-les-infos-du-jeudi-14-novembre\/","title":{"rendered":"Transferts Rugby : Gonzalo Garcia, Herschel Jantjies, Vincent Rattez, les infos du jeudi 14 novembre"},"content":{"rendered":"<h4 style=\"text-align: justify;\" align=\"justify\"><em>TRANSFERTS RUGBY &#8211; Gonzalo Garcia (demi de m\u00eal\u00e9e, Zebre) dans le viseur d&rsquo;un club de Top 14, Herschel Jantjies (demi de m\u00eal\u00e9e, Sharks) aussi, avenir scell\u00e9 pour Vincent Rattez (LOU) : les infos du jeudi 14 novembre 2024.<\/em><\/h4>\n<h2 style=\"text-align: justify;\">UBB : Gonzalo Garcia (Zebre) dans le viseur<\/h2>\n<p style=\"text-align: justify;\">L<strong>&lsquo;UBB<\/strong> va-t-elle enfin trouver son bonheur au poste de demi de m\u00eal\u00e9e ? <strong>Yann Lesgourgues<\/strong> (33 ans) sur le d\u00e9part, <strong>Paul Abadie<\/strong> (30 ans) incertain quant \u00e0 son avenir, le club girondin prospecte pour engager la double de <strong>Maxime Lucu<\/strong>. Apr\u00e8s avoir abandonn\u00e9 la piste <strong>L\u00e9o Coly<\/strong> (MHR), <strong>Bordeaux-B\u00e8gles<\/strong> a deux nouvelles cibles dans le viseur.<\/p>\n<p style=\"text-align: justify;\">Selon le <a href=\"https:\/\/www.rugbyrama.fr\/2024\/11\/14\/transferts-top-14-le-bok-herschel-jantjies-courtise-le-puma-gonzalo-garcia-plait-a-lunion-bordeaux-begles-12322936.php\"><em>Midi Olympique<\/em><\/a>, l&rsquo;international argentin <strong>Gonzalo Garcia<\/strong> (25 ans, Zebre de Parme) est en contacts avanc\u00e9s avec le club bordelo-b\u00e9glais. Bien que sous contrat avec Parme jusqu&rsquo;en juin 2026, le Puma aux 11 s\u00e9lections avec la s\u00e9lection argentine, pourrait \u00eatre lib\u00e9r\u00e9 de sa derni\u00e8re ann\u00e9e de bail. Les discussions ont bien avanc\u00e9 ces derniers jours. En cas d&rsquo;\u00e9chec, le Sud-Africain <strong>Jaden<\/strong>\u00a0<strong>Hendrikse\u00a0<\/strong>(24 ans, Natal Sharks) est aussi surveill\u00e9 par le board girondin.<\/p>\n<p style=\"text-align: justify;\"><em><strong>L&rsquo;avis de Dicodusport<\/strong> <strong>:<\/strong> Si l&rsquo;affaire venait \u00e0 \u00eatre conclue, ce serait un joli coup pour les Girondins, tant Gonzalo Garcia a montr\u00e9 des jolies qualit\u00e9s ces derni\u00e8res ann\u00e9es, que ce soit avec l&rsquo;Argentine ou \u00e0 Parme.<\/em><\/p>\n<ul style=\"text-align: justify;\">\n<li style=\"text-align: justify;\"><strong>\u00c0 ce sujet &#8211; <a href=\"https:\/\/dicodusport.fr\/blog\/transferts-linternational-argentin-gonzalo-garcia-pourrait-signer-en-top-14\/\">Transferts : L\u2019international argentin Gonzalo Garcia pourrait signer en Top 14<\/a><br \/>\n<\/strong><\/li>\n<\/ul>\n<h2 style=\"text-align: justify;\">Bayonne : Herschel Jantjies (Stormers) courtis\u00e9<\/h2>\n<p style=\"text-align: justify;\">Et de deux qui font trois ! Apr\u00e8s le <strong>Montpellier H\u00e9rault Rugby<\/strong>, deux autres clubs de Top 14 sont sur le coup pour recruter le demi de m\u00eal\u00e9e sud-africain <strong>Herschel Jantjies<\/strong> (28 ans). Le joueur des <strong>Stormers<\/strong>, 25 s\u00e9lections avec les Springboks, n&rsquo;est plus le premier choix au poste de num\u00e9ro 9 au sein de la franchise du Cap, engag\u00e9e en URC. Devanc\u00e9 par <strong>Paul de Wet<\/strong> (28 ans), <strong>Jantjies<\/strong> ne serait pas contre un nouveau d\u00e9fi, dans un club \u00e9tranger.<\/p>\n<p style=\"text-align: justify;\">Ainsi, selon le <em>Midi Olympique<\/em>, le <strong>Stade Fran\u00e7ais<\/strong> et l&rsquo;<strong>Aviron Bayonnais<\/strong> sont \u00e0 l&rsquo;aff\u00fbt pour s&rsquo;attacher les services de l&rsquo;international sud-africain. Le club basque serait m\u00eame favori pour l&rsquo;accueillir. Bayonne compte actuellement deux demis de m\u00eal\u00e9e en fin de contrat en juin prochain : <strong>Guillaume<\/strong>\u00a0<strong>Rouet<\/strong>\u00a0et\u00a0<strong>Maxime<\/strong>\u00a0<strong>Machenaud<\/strong>. D\u00e9nouement attendu prochainement.<\/p>\n<p style=\"text-align: justify;\"><em><strong>L&rsquo;avis de Dicodusport <\/strong><strong>: <\/strong>Attractif, le club bayonnais pourrait r\u00e9aliser un nouveau coup de ma\u00eetre sur le march\u00e9 des transferts. S&rsquo;il a parfois pein\u00e9 \u00e0 confirmer, Jantjies reste un demi de m\u00eal\u00e9e de haut niveau, capable de peser sur les d\u00e9fenses adverses.<\/em><\/p>\n<ul>\n<li style=\"text-align: justify;\"><strong>\u00c0 ce sujet &#8211;\u00a0<a href=\"https:\/\/dicodusport.fr\/blog\/transferts-apres-le-mhr-2-autres-club-de-top-14-veulent-signer-herschel-jantjies\/\">Transferts : Apr\u00e8s le MHR, 2 autres clubs de Top 14 veulent signer Herschel Jantjies<\/a><\/strong><\/li>\n<\/ul>\n<h2 style=\"text-align: justify;\">LOU : Vincent Rattez rempile<\/h2>\n<p style=\"text-align: justify;\"><strong>Vincent Rattez<\/strong> prolonge au <strong>LOU<\/strong> ! \u00c0 32 ans, l&rsquo;ailier international, aux huit s\u00e9lections avec le <strong>XV de France<\/strong>, va poursuivre l&rsquo;aventure dans le Rh\u00f4ne. Le club lyonnais l&rsquo;a officialis\u00e9 ce jeudi, sur ses r\u00e9seaux sociaux. L&rsquo;ancien joueur du Stade Rochelais (2016-2020) et de Montpellier (2020-2023) a sign\u00e9 un nouveau contrat de trois saisons.<\/p>\n<p style=\"text-align: justify;\">Depuis son arriv\u00e9e \u00e0 Gerland \u00e0 l&rsquo;\u00e9t\u00e9 dernier, <strong>Rattez<\/strong> a disput\u00e9 23 rencontres sous le maillot rhodanien, pour quatre essais inscrits. Cette saison, il a pris part cinq matchs, pour trois titularisations.<\/p>\n<p style=\"text-align: justify;\"><em><strong>L&rsquo;avis de Dicodusport<\/strong> <strong>:<\/strong> Choix logique pour Vincent Rattez. S&rsquo;il joue un peu moins en ce d\u00e9but de saison, l&rsquo;ancien Rochelais reste un joueur fiable \u00e0 l&rsquo;aile.<\/em><\/p>\n<h2 style=\"text-align: justify;\">\u00c0 ce sujet<\/h2>\n<div class=\"vlp-link-container vlp-layout-article\"><a href=\"https:\/\/dicodusport.fr\/blog\/audiences-tv-le-top-14-surclasse-la-ligue-1\/\" class=\"vlp-link\" title=\"Audiences TV : Le Top 14 surclasse la Ligue 1\"><\/a><div class=\"vlp-layout-zone-side\"><div class=\"vlp-block-4 vlp-link-image\"><img loading=\"lazy\" decoding=\"async\" style=\"max-width: 792px;\" width=\"792\" height=\"445\" src=\"https:\/\/dicodusport.fr\/blog\/wp-content\/uploads\/2024\/11\/Audiences-TV-Le-Top-14-surclasse-la-Ligue-1-1.png\" class=\"attachment-800x445 size-800x445\" alt=\"Audiences TV Le Top 14 surclasse la Ligue 1\" srcset=\"https:\/\/dicodusport.fr\/blog\/wp-content\/uploads\/2024\/11\/Audiences-TV-Le-Top-14-surclasse-la-Ligue-1-1.png 1200w, https:\/\/dicodusport.fr\/blog\/wp-content\/uploads\/2024\/11\/Audiences-TV-Le-Top-14-surclasse-la-Ligue-1-1-300x169.png 300w, https:\/\/dicodusport.fr\/blog\/wp-content\/uploads\/2024\/11\/Audiences-TV-Le-Top-14-surclasse-la-Ligue-1-1-1024x575.png 1024w, https:\/\/dicodusport.fr\/blog\/wp-content\/uploads\/2024\/11\/Audiences-TV-Le-Top-14-surclasse-la-Ligue-1-1-768x431.png 768w\" sizes=\"auto, (max-width: 792px) 100vw, 792px\" \/><\/div><\/div><div class=\"vlp-layout-zone-main\"><div class=\"vlp-block-0 vlp-link-title\">Audiences TV : Le Top 14 surclasse la Ligue 1<\/div><div class=\"vlp-block-1 vlp-link-summary\">Le Top 14 surclasse la Ligue 1<\/div><div class=\"vlp-block-2 vlp-link-button\">Lire l'article<\/div><div class=\"vlp-block-3 vlp-link-url\">dicodusport.fr<\/div><\/div><\/div>\n","protected":false},"excerpt":{"rendered":"<p>Gonzalo Garcia, Herschel Jantjies, Vincent Rattez, les infos du jeudi 14 novembre<\/p>\n","protected":false},"author":4,"featured_media":529730,"comment_status":"open","ping_status":"closed","sticky":false,"template":"","format":"standard","meta":{"_acf_changed":false,"_daextam_enable_autolinks":"1","footnotes":""},"categories":[9129,47050],"tags":[32415,16878,28226,13,110,29105],"class_list":["post-532716","post","type-post","status-publish","format-standard","has-post-thumbnail","hentry","category-rugby-a-xv","category-top-14","tag-actu","tag-breve","tag-mercato-rugby","tag-rugby","tag-rugby-a-xv","tag-transferts-rugby"],"acf":[],"yoast_head":"<!-- This site is optimized with the Yoast SEO Premium plugin v26.7 (Yoast SEO v26.7) - https:\/\/yoast.com\/wordpress\/plugins\/seo\/ -->\n<title>Transferts Rugby : Gonzalo Garcia, Herschel Jantjies, Vincent Rattez, les infos du jeudi 14 novembre<\/title>\n<meta name=\"description\" content=\"TRANSFERTS RUGBY - Gonzalo Garcia (demi de m\u00eal\u00e9e, Zebre) dans le viseur d&#039;un club de Top 14, Herschel Jantjies (demi de m\u00eal\u00e9e, Sharks) aussi, avenir scell\u00e9 pour Vincent Rattez (LOU) : les infos du jeudi 14 novembre 2024.\" \/>\n<meta name=\"robots\" content=\"index, follow, max-snippet:-1, max-image-preview:large, max-video-preview:-1\" \/>\n<link rel=\"canonical\" href=\"https:\/\/dicodusport.fr\/blog\/transferts-rugby-gonzalo-garcia-herschel-jantjies-vincent-rattez-les-infos-du-jeudi-14-novembre\/\" \/>\n<meta property=\"og:locale\" content=\"fr_FR\" \/>\n<meta property=\"og:type\" content=\"article\" \/>\n<meta property=\"og:title\" content=\"Transferts Rugby : Gonzalo Garcia, Herschel Jantjies, Vincent Rattez, les infos du jeudi 14 novembre\" \/>\n<meta property=\"og:description\" content=\"TRANSFERTS RUGBY - Gonzalo Garcia (demi de m\u00eal\u00e9e, Zebre) dans le viseur d&#039;un club de Top 14, Herschel Jantjies (demi de m\u00eal\u00e9e, Sharks) aussi, avenir scell\u00e9 pour Vincent Rattez (LOU) : les infos du jeudi 14 novembre 2024.\" \/>\n<meta property=\"og:url\" content=\"https:\/\/dicodusport.fr\/blog\/transferts-rugby-gonzalo-garcia-herschel-jantjies-vincent-rattez-les-infos-du-jeudi-14-novembre\/\" \/>\n<meta property=\"og:site_name\" content=\"Dicodusport\" \/>\n<meta property=\"article:publisher\" content=\"https:\/\/www.facebook.com\/dicodusport\" \/>\n<meta property=\"article:author\" content=\"https:\/\/www.facebook.com\/florent.ostermann\" \/>\n<meta property=\"article:published_time\" content=\"2024-11-14T18:03:34+00:00\" \/>\n<meta property=\"og:image\" content=\"https:\/\/dicodusport.fr\/blog\/wp-content\/uploads\/2024\/10\/Transferts-Le-Sud-Africain-Herschel-Jantjies-pourrait-signer-en-Top-14.png\" \/>\n\t<meta property=\"og:image:width\" content=\"1200\" \/>\n\t<meta property=\"og:image:height\" content=\"674\" \/>\n\t<meta property=\"og:image:type\" content=\"image\/png\" \/>\n<meta name=\"author\" content=\"Flo Ostermann\" \/>\n<meta name=\"twitter:card\" content=\"summary_large_image\" \/>\n<meta name=\"twitter:title\" content=\"Transferts Rugby : Gonzalo Garcia, Herschel Jantjies, Vincent Rattez, les infos du jeudi 14 novembre\" \/>\n<meta name=\"twitter:creator\" content=\"@https:\/\/twitter.com\/FlOstermann\" \/>\n<meta name=\"twitter:site\" content=\"@dicodusport\" \/>\n<script type=\"application\/ld+json\" class=\"yoast-schema-graph\">{\"@context\":\"https:\/\/schema.org\",\"@graph\":[{\"@type\":\"NewsArticle\",\"@id\":\"https:\/\/dicodusport.fr\/blog\/transferts-rugby-gonzalo-garcia-herschel-jantjies-vincent-rattez-les-infos-du-jeudi-14-novembre\/#article\",\"isPartOf\":{\"@id\":\"https:\/\/dicodusport.fr\/blog\/transferts-rugby-gonzalo-garcia-herschel-jantjies-vincent-rattez-les-infos-du-jeudi-14-novembre\/\"},\"author\":{\"name\":\"Flo Ostermann\",\"@id\":\"https:\/\/dicodusport.fr\/blog\/#\/schema\/person\/cb02af4c173ce4a653b55e9baf388d4a\"},\"headline\":\"Transferts Rugby : Gonzalo Garcia, Herschel Jantjies, Vincent Rattez, les infos du jeudi 14 novembre\",\"datePublished\":\"2024-11-14T18:03:34+00:00\",\"mainEntityOfPage\":{\"@id\":\"https:\/\/dicodusport.fr\/blog\/transferts-rugby-gonzalo-garcia-herschel-jantjies-vincent-rattez-les-infos-du-jeudi-14-novembre\/\"},\"wordCount\":649,\"commentCount\":0,\"publisher\":{\"@id\":\"https:\/\/dicodusport.fr\/blog\/#organization\"},\"image\":{\"@id\":\"https:\/\/dicodusport.fr\/blog\/transferts-rugby-gonzalo-garcia-herschel-jantjies-vincent-rattez-les-infos-du-jeudi-14-novembre\/#primaryimage\"},\"thumbnailUrl\":\"https:\/\/dicodusport.fr\/blog\/wp-content\/uploads\/2024\/10\/Transferts-Le-Sud-Africain-Herschel-Jantjies-pourrait-signer-en-Top-14.png\",\"keywords\":[\"actu\",\"br\u00e8ve\",\"Mercato Rugby\",\"Rugby\",\"Rugby \u00e0 XV\",\"Transferts rugby\"],\"articleSection\":[\"Rugby \u00e0 XV\",\"Top 14\"],\"inLanguage\":\"fr-FR\",\"potentialAction\":[{\"@type\":\"CommentAction\",\"name\":\"Comment\",\"target\":[\"https:\/\/dicodusport.fr\/blog\/transferts-rugby-gonzalo-garcia-herschel-jantjies-vincent-rattez-les-infos-du-jeudi-14-novembre\/#respond\"]}],\"copyrightYear\":\"2024\",\"copyrightHolder\":{\"@id\":\"https:\/\/dicodusport.fr\/blog\/#organization\"}},{\"@type\":\"WebPage\",\"@id\":\"https:\/\/dicodusport.fr\/blog\/transferts-rugby-gonzalo-garcia-herschel-jantjies-vincent-rattez-les-infos-du-jeudi-14-novembre\/\",\"url\":\"https:\/\/dicodusport.fr\/blog\/transferts-rugby-gonzalo-garcia-herschel-jantjies-vincent-rattez-les-infos-du-jeudi-14-novembre\/\",\"name\":\"Transferts Rugby : Gonzalo Garcia, Herschel Jantjies, Vincent Rattez, les infos du jeudi 14 novembre\",\"isPartOf\":{\"@id\":\"https:\/\/dicodusport.fr\/blog\/#website\"},\"primaryImageOfPage\":{\"@id\":\"https:\/\/dicodusport.fr\/blog\/transferts-rugby-gonzalo-garcia-herschel-jantjies-vincent-rattez-les-infos-du-jeudi-14-novembre\/#primaryimage\"},\"image\":{\"@id\":\"https:\/\/dicodusport.fr\/blog\/transferts-rugby-gonzalo-garcia-herschel-jantjies-vincent-rattez-les-infos-du-jeudi-14-novembre\/#primaryimage\"},\"thumbnailUrl\":\"https:\/\/dicodusport.fr\/blog\/wp-content\/uploads\/2024\/10\/Transferts-Le-Sud-Africain-Herschel-Jantjies-pourrait-signer-en-Top-14.png\",\"datePublished\":\"2024-11-14T18:03:34+00:00\",\"description\":\"TRANSFERTS RUGBY - Gonzalo Garcia (demi de m\u00eal\u00e9e, Zebre) dans le viseur d'un club de Top 14, Herschel Jantjies (demi de m\u00eal\u00e9e, Sharks) aussi, avenir scell\u00e9 pour Vincent Rattez (LOU) : les infos du jeudi 14 novembre 2024.\",\"breadcrumb\":{\"@id\":\"https:\/\/dicodusport.fr\/blog\/transferts-rugby-gonzalo-garcia-herschel-jantjies-vincent-rattez-les-infos-du-jeudi-14-novembre\/#breadcrumb\"},\"inLanguage\":\"fr-FR\",\"potentialAction\":[{\"@type\":\"ReadAction\",\"target\":[\"https:\/\/dicodusport.fr\/blog\/transferts-rugby-gonzalo-garcia-herschel-jantjies-vincent-rattez-les-infos-du-jeudi-14-novembre\/\"]}]},{\"@type\":\"ImageObject\",\"inLanguage\":\"fr-FR\",\"@id\":\"https:\/\/dicodusport.fr\/blog\/transferts-rugby-gonzalo-garcia-herschel-jantjies-vincent-rattez-les-infos-du-jeudi-14-novembre\/#primaryimage\",\"url\":\"https:\/\/dicodusport.fr\/blog\/wp-content\/uploads\/2024\/10\/Transferts-Le-Sud-Africain-Herschel-Jantjies-pourrait-signer-en-Top-14.png\",\"contentUrl\":\"https:\/\/dicodusport.fr\/blog\/wp-content\/uploads\/2024\/10\/Transferts-Le-Sud-Africain-Herschel-Jantjies-pourrait-signer-en-Top-14.png\",\"width\":1200,\"height\":674,\"caption\":\"Transferts Rugby : Gonzalo Garcia, Herschel Jantjies, Vincent Rattez, les infos du jeudi 14 novembre\"},{\"@type\":\"BreadcrumbList\",\"@id\":\"https:\/\/dicodusport.fr\/blog\/transferts-rugby-gonzalo-garcia-herschel-jantjies-vincent-rattez-les-infos-du-jeudi-14-novembre\/#breadcrumb\",\"itemListElement\":[{\"@type\":\"ListItem\",\"position\":1,\"name\":\"Accueil\",\"item\":\"https:\/\/dicodusport.fr\/blog\/\"},{\"@type\":\"ListItem\",\"position\":2,\"name\":\"Transferts Rugby : Gonzalo Garcia, Herschel Jantjies, Vincent Rattez, les infos du jeudi 14 novembre\"}]},{\"@type\":\"WebSite\",\"@id\":\"https:\/\/dicodusport.fr\/blog\/#website\",\"url\":\"https:\/\/dicodusport.fr\/blog\/\",\"name\":\"Dicodusport\",\"description\":\"L&#039;encyclop\u00e9die de l&#039;actualit\u00e9 sportive\",\"publisher\":{\"@id\":\"https:\/\/dicodusport.fr\/blog\/#organization\"},\"potentialAction\":[{\"@type\":\"SearchAction\",\"target\":{\"@type\":\"EntryPoint\",\"urlTemplate\":\"https:\/\/dicodusport.fr\/blog\/?s={search_term_string}\"},\"query-input\":{\"@type\":\"PropertyValueSpecification\",\"valueRequired\":true,\"valueName\":\"search_term_string\"}}],\"inLanguage\":\"fr-FR\"},{\"@type\":\"NewsMediaOrganization\",\"@id\":\"https:\/\/dicodusport.fr\/blog\/#organization\",\"name\":\"Dicodusport\",\"url\":\"https:\/\/dicodusport.fr\/blog\/\",\"logo\":{\"@type\":\"ImageObject\",\"inLanguage\":\"fr-FR\",\"@id\":\"https:\/\/dicodusport.fr\/blog\/#\/schema\/logo\/image\/\",\"url\":\"https:\/\/dicodusport.fr\/blog\/wp-content\/uploads\/2020\/06\/cropped-LOGO-DICODUSPORT-2020-SANS-FOND-SANS-TEXTE.png\",\"contentUrl\":\"https:\/\/dicodusport.fr\/blog\/wp-content\/uploads\/2020\/06\/cropped-LOGO-DICODUSPORT-2020-SANS-FOND-SANS-TEXTE.png\",\"width\":512,\"height\":512,\"caption\":\"Dicodusport\"},\"image\":{\"@id\":\"https:\/\/dicodusport.fr\/blog\/#\/schema\/logo\/image\/\"},\"sameAs\":[\"https:\/\/www.facebook.com\/dicodusport\",\"https:\/\/x.com\/dicodusport\",\"https:\/\/www.instagram.com\/dicodusport\/\",\"https:\/\/www.youtube.com\/channel\/UC7V2KZ5sd3htJivAbA4ZG3w\"],\"description\":\"Dicodusport est l'encyclop\u00e9die de l'actualit\u00e9 sportive.\",\"email\":\"bonjour@dicodusport.fr\",\"legalName\":\"DICODUSPORT\",\"foundingDate\":\"2018-01-14\",\"vatID\":\"FR71834470973\",\"taxID\":\"83447097300043\",\"numberOfEmployees\":{\"@type\":\"QuantitativeValue\",\"minValue\":\"1\",\"maxValue\":\"10\"}},{\"@type\":\"Person\",\"@id\":\"https:\/\/dicodusport.fr\/blog\/#\/schema\/person\/cb02af4c173ce4a653b55e9baf388d4a\",\"name\":\"Flo Ostermann\",\"image\":{\"@type\":\"ImageObject\",\"inLanguage\":\"fr-FR\",\"@id\":\"https:\/\/dicodusport.fr\/blog\/#\/schema\/person\/image\/\",\"url\":\"https:\/\/dicodusport.fr\/blog\/wp-content\/uploads\/2021\/05\/Flo-Ostermann-150x150.jpg\",\"contentUrl\":\"https:\/\/dicodusport.fr\/blog\/wp-content\/uploads\/2021\/05\/Flo-Ostermann-150x150.jpg\",\"caption\":\"Flo Ostermann\"},\"description\":\"Journaliste\/R\u00e9dacteur depuis septembre 2015 - Mes premiers souvenirs dans le sport ? Les envol\u00e9es du Stade Toulousain et les duels Villeneuve-Schumacher et H\u00e4kkinen-Schumacher \u00e0 la fin des ann\u00e9es 90, la Coupe du monde de football en 1998, l\u2019exploit du XV de France face aux All Blacks en 1999, mais aussi Richard C\u0153ur de Lion qui vole sur les montagnes du Tour de France. Bien parti pour devenir professeur d\u2019EPS, les \u00e9v\u00e9nements de la vie (et la flemme d\u2019animer des s\u00e9ances de 3x500 m\u00e8tres toute ma vie) m\u2019ont conduit \u00e0 revoir mes plans. Me voil\u00e0 depuis fin 2017 sur Dicodusport, m\u00e9dia gr\u00e2ce (et pour) lequel je partage ma passion : le sport dans tous ses \u00e9tats. Le tout accompagn\u00e9 par les fous furieux et folles furieuses cit\u00e9s sur cette page !\",\"sameAs\":[\"https:\/\/www.facebook.com\/florent.ostermann\",\"https:\/\/x.com\/https:\/\/twitter.com\/FlOstermann\",\"admin\"],\"url\":\"https:\/\/dicodusport.fr\/blog\/author\/flo\/\"}]}<\/script>\n<!-- \/ Yoast SEO Premium plugin. -->","yoast_head_json":{"title":"Transferts Rugby : Gonzalo Garcia, Herschel Jantjies, Vincent Rattez, les infos du jeudi 14 novembre","description":"TRANSFERTS RUGBY - Gonzalo Garcia (demi de m\u00eal\u00e9e, Zebre) dans le viseur d'un club de Top 14, Herschel Jantjies (demi de m\u00eal\u00e9e, Sharks) aussi, avenir scell\u00e9 pour Vincent Rattez (LOU) : les infos du jeudi 14 novembre 2024.","robots":{"index":"index","follow":"follow","max-snippet":"max-snippet:-1","max-image-preview":"max-image-preview:large","max-video-preview":"max-video-preview:-1"},"canonical":"https:\/\/dicodusport.fr\/blog\/transferts-rugby-gonzalo-garcia-herschel-jantjies-vincent-rattez-les-infos-du-jeudi-14-novembre\/","og_locale":"fr_FR","og_type":"article","og_title":"Transferts Rugby : Gonzalo Garcia, Herschel Jantjies, Vincent Rattez, les infos du jeudi 14 novembre","og_description":"TRANSFERTS RUGBY - Gonzalo Garcia (demi de m\u00eal\u00e9e, Zebre) dans le viseur d'un club de Top 14, Herschel Jantjies (demi de m\u00eal\u00e9e, Sharks) aussi, avenir scell\u00e9 pour Vincent Rattez (LOU) : les infos du jeudi 14 novembre 2024.","og_url":"https:\/\/dicodusport.fr\/blog\/transferts-rugby-gonzalo-garcia-herschel-jantjies-vincent-rattez-les-infos-du-jeudi-14-novembre\/","og_site_name":"Dicodusport","article_publisher":"https:\/\/www.facebook.com\/dicodusport","article_author":"https:\/\/www.facebook.com\/florent.ostermann","article_published_time":"2024-11-14T18:03:34+00:00","og_image":[{"width":1200,"height":674,"url":"https:\/\/dicodusport.fr\/blog\/wp-content\/uploads\/2024\/10\/Transferts-Le-Sud-Africain-Herschel-Jantjies-pourrait-signer-en-Top-14.png","type":"image\/png"}],"author":"Flo Ostermann","twitter_card":"summary_large_image","twitter_title":"Transferts Rugby : Gonzalo Garcia, Herschel Jantjies, Vincent Rattez, les infos du jeudi 14 novembre","twitter_creator":"@https:\/\/twitter.com\/FlOstermann","twitter_site":"@dicodusport","schema":{"@context":"https:\/\/schema.org","@graph":[{"@type":"NewsArticle","@id":"https:\/\/dicodusport.fr\/blog\/transferts-rugby-gonzalo-garcia-herschel-jantjies-vincent-rattez-les-infos-du-jeudi-14-novembre\/#article","isPartOf":{"@id":"https:\/\/dicodusport.fr\/blog\/transferts-rugby-gonzalo-garcia-herschel-jantjies-vincent-rattez-les-infos-du-jeudi-14-novembre\/"},"author":{"name":"Flo Ostermann","@id":"https:\/\/dicodusport.fr\/blog\/#\/schema\/person\/cb02af4c173ce4a653b55e9baf388d4a"},"headline":"Transferts Rugby : Gonzalo Garcia, Herschel Jantjies, Vincent Rattez, les infos du jeudi 14 novembre","datePublished":"2024-11-14T18:03:34+00:00","mainEntityOfPage":{"@id":"https:\/\/dicodusport.fr\/blog\/transferts-rugby-gonzalo-garcia-herschel-jantjies-vincent-rattez-les-infos-du-jeudi-14-novembre\/"},"wordCount":649,"commentCount":0,"publisher":{"@id":"https:\/\/dicodusport.fr\/blog\/#organization"},"image":{"@id":"https:\/\/dicodusport.fr\/blog\/transferts-rugby-gonzalo-garcia-herschel-jantjies-vincent-rattez-les-infos-du-jeudi-14-novembre\/#primaryimage"},"thumbnailUrl":"https:\/\/dicodusport.fr\/blog\/wp-content\/uploads\/2024\/10\/Transferts-Le-Sud-Africain-Herschel-Jantjies-pourrait-signer-en-Top-14.png","keywords":["actu","br\u00e8ve","Mercato Rugby","Rugby","Rugby \u00e0 XV","Transferts rugby"],"articleSection":["Rugby \u00e0 XV","Top 14"],"inLanguage":"fr-FR","potentialAction":[{"@type":"CommentAction","name":"Comment","target":["https:\/\/dicodusport.fr\/blog\/transferts-rugby-gonzalo-garcia-herschel-jantjies-vincent-rattez-les-infos-du-jeudi-14-novembre\/#respond"]}],"copyrightYear":"2024","copyrightHolder":{"@id":"https:\/\/dicodusport.fr\/blog\/#organization"}},{"@type":"WebPage","@id":"https:\/\/dicodusport.fr\/blog\/transferts-rugby-gonzalo-garcia-herschel-jantjies-vincent-rattez-les-infos-du-jeudi-14-novembre\/","url":"https:\/\/dicodusport.fr\/blog\/transferts-rugby-gonzalo-garcia-herschel-jantjies-vincent-rattez-les-infos-du-jeudi-14-novembre\/","name":"Transferts Rugby : Gonzalo Garcia, Herschel Jantjies, Vincent Rattez, les infos du jeudi 14 novembre","isPartOf":{"@id":"https:\/\/dicodusport.fr\/blog\/#website"},"primaryImageOfPage":{"@id":"https:\/\/dicodusport.fr\/blog\/transferts-rugby-gonzalo-garcia-herschel-jantjies-vincent-rattez-les-infos-du-jeudi-14-novembre\/#primaryimage"},"image":{"@id":"https:\/\/dicodusport.fr\/blog\/transferts-rugby-gonzalo-garcia-herschel-jantjies-vincent-rattez-les-infos-du-jeudi-14-novembre\/#primaryimage"},"thumbnailUrl":"https:\/\/dicodusport.fr\/blog\/wp-content\/uploads\/2024\/10\/Transferts-Le-Sud-Africain-Herschel-Jantjies-pourrait-signer-en-Top-14.png","datePublished":"2024-11-14T18:03:34+00:00","description":"TRANSFERTS RUGBY - Gonzalo Garcia (demi de m\u00eal\u00e9e, Zebre) dans le viseur d'un club de Top 14, Herschel Jantjies (demi de m\u00eal\u00e9e, Sharks) aussi, avenir scell\u00e9 pour Vincent Rattez (LOU) : les infos du jeudi 14 novembre 2024.","breadcrumb":{"@id":"https:\/\/dicodusport.fr\/blog\/transferts-rugby-gonzalo-garcia-herschel-jantjies-vincent-rattez-les-infos-du-jeudi-14-novembre\/#breadcrumb"},"inLanguage":"fr-FR","potentialAction":[{"@type":"ReadAction","target":["https:\/\/dicodusport.fr\/blog\/transferts-rugby-gonzalo-garcia-herschel-jantjies-vincent-rattez-les-infos-du-jeudi-14-novembre\/"]}]},{"@type":"ImageObject","inLanguage":"fr-FR","@id":"https:\/\/dicodusport.fr\/blog\/transferts-rugby-gonzalo-garcia-herschel-jantjies-vincent-rattez-les-infos-du-jeudi-14-novembre\/#primaryimage","url":"https:\/\/dicodusport.fr\/blog\/wp-content\/uploads\/2024\/10\/Transferts-Le-Sud-Africain-Herschel-Jantjies-pourrait-signer-en-Top-14.png","contentUrl":"https:\/\/dicodusport.fr\/blog\/wp-content\/uploads\/2024\/10\/Transferts-Le-Sud-Africain-Herschel-Jantjies-pourrait-signer-en-Top-14.png","width":1200,"height":674,"caption":"Transferts Rugby : Gonzalo Garcia, Herschel Jantjies, Vincent Rattez, les infos du jeudi 14 novembre"},{"@type":"BreadcrumbList","@id":"https:\/\/dicodusport.fr\/blog\/transferts-rugby-gonzalo-garcia-herschel-jantjies-vincent-rattez-les-infos-du-jeudi-14-novembre\/#breadcrumb","itemListElement":[{"@type":"ListItem","position":1,"name":"Accueil","item":"https:\/\/dicodusport.fr\/blog\/"},{"@type":"ListItem","position":2,"name":"Transferts Rugby : Gonzalo Garcia, Herschel Jantjies, Vincent Rattez, les infos du jeudi 14 novembre"}]},{"@type":"WebSite","@id":"https:\/\/dicodusport.fr\/blog\/#website","url":"https:\/\/dicodusport.fr\/blog\/","name":"Dicodusport","description":"L&#039;encyclop\u00e9die de l&#039;actualit\u00e9 sportive","publisher":{"@id":"https:\/\/dicodusport.fr\/blog\/#organization"},"potentialAction":[{"@type":"SearchAction","target":{"@type":"EntryPoint","urlTemplate":"https:\/\/dicodusport.fr\/blog\/?s={search_term_string}"},"query-input":{"@type":"PropertyValueSpecification","valueRequired":true,"valueName":"search_term_string"}}],"inLanguage":"fr-FR"},{"@type":"NewsMediaOrganization","@id":"https:\/\/dicodusport.fr\/blog\/#organization","name":"Dicodusport","url":"https:\/\/dicodusport.fr\/blog\/","logo":{"@type":"ImageObject","inLanguage":"fr-FR","@id":"https:\/\/dicodusport.fr\/blog\/#\/schema\/logo\/image\/","url":"https:\/\/dicodusport.fr\/blog\/wp-content\/uploads\/2020\/06\/cropped-LOGO-DICODUSPORT-2020-SANS-FOND-SANS-TEXTE.png","contentUrl":"https:\/\/dicodusport.fr\/blog\/wp-content\/uploads\/2020\/06\/cropped-LOGO-DICODUSPORT-2020-SANS-FOND-SANS-TEXTE.png","width":512,"height":512,"caption":"Dicodusport"},"image":{"@id":"https:\/\/dicodusport.fr\/blog\/#\/schema\/logo\/image\/"},"sameAs":["https:\/\/www.facebook.com\/dicodusport","https:\/\/x.com\/dicodusport","https:\/\/www.instagram.com\/dicodusport\/","https:\/\/www.youtube.com\/channel\/UC7V2KZ5sd3htJivAbA4ZG3w"],"description":"Dicodusport est l'encyclop\u00e9die de l'actualit\u00e9 sportive.","email":"bonjour@dicodusport.fr","legalName":"DICODUSPORT","foundingDate":"2018-01-14","vatID":"FR71834470973","taxID":"83447097300043","numberOfEmployees":{"@type":"QuantitativeValue","minValue":"1","maxValue":"10"}},{"@type":"Person","@id":"https:\/\/dicodusport.fr\/blog\/#\/schema\/person\/cb02af4c173ce4a653b55e9baf388d4a","name":"Flo Ostermann","image":{"@type":"ImageObject","inLanguage":"fr-FR","@id":"https:\/\/dicodusport.fr\/blog\/#\/schema\/person\/image\/","url":"https:\/\/dicodusport.fr\/blog\/wp-content\/uploads\/2021\/05\/Flo-Ostermann-150x150.jpg","contentUrl":"https:\/\/dicodusport.fr\/blog\/wp-content\/uploads\/2021\/05\/Flo-Ostermann-150x150.jpg","caption":"Flo Ostermann"},"description":"Journaliste\/R\u00e9dacteur depuis septembre 2015 - Mes premiers souvenirs dans le sport ? Les envol\u00e9es du Stade Toulousain et les duels Villeneuve-Schumacher et H\u00e4kkinen-Schumacher \u00e0 la fin des ann\u00e9es 90, la Coupe du monde de football en 1998, l\u2019exploit du XV de France face aux All Blacks en 1999, mais aussi Richard C\u0153ur de Lion qui vole sur les montagnes du Tour de France. Bien parti pour devenir professeur d\u2019EPS, les \u00e9v\u00e9nements de la vie (et la flemme d\u2019animer des s\u00e9ances de 3x500 m\u00e8tres toute ma vie) m\u2019ont conduit \u00e0 revoir mes plans. Me voil\u00e0 depuis fin 2017 sur Dicodusport, m\u00e9dia gr\u00e2ce (et pour) lequel je partage ma passion : le sport dans tous ses \u00e9tats. Le tout accompagn\u00e9 par les fous furieux et folles furieuses cit\u00e9s sur cette page !","sameAs":["https:\/\/www.facebook.com\/florent.ostermann","https:\/\/x.com\/https:\/\/twitter.com\/FlOstermann","admin"],"url":"https:\/\/dicodusport.fr\/blog\/author\/flo\/"}]}},"_links":{"self":[{"href":"https:\/\/dicodusport.fr\/blog\/wp-json\/wp\/v2\/posts\/532716","targetHints":{"allow":["GET"]}}],"collection":[{"href":"https:\/\/dicodusport.fr\/blog\/wp-json\/wp\/v2\/posts"}],"about":[{"href":"https:\/\/dicodusport.fr\/blog\/wp-json\/wp\/v2\/types\/post"}],"author":[{"embeddable":true,"href":"https:\/\/dicodusport.fr\/blog\/wp-json\/wp\/v2\/users\/4"}],"replies":[{"embeddable":true,"href":"https:\/\/dicodusport.fr\/blog\/wp-json\/wp\/v2\/comments?post=532716"}],"version-history":[{"count":4,"href":"https:\/\/dicodusport.fr\/blog\/wp-json\/wp\/v2\/posts\/532716\/revisions"}],"predecessor-version":[{"id":532735,"href":"https:\/\/dicodusport.fr\/blog\/wp-json\/wp\/v2\/posts\/532716\/revisions\/532735"}],"wp:featuredmedia":[{"embeddable":true,"href":"https:\/\/dicodusport.fr\/blog\/wp-json\/wp\/v2\/media\/529730"}],"wp:attachment":[{"href":"https:\/\/dicodusport.fr\/blog\/wp-json\/wp\/v2\/media?parent=532716"}],"wp:term":[{"taxonomy":"category","embeddable":true,"href":"https:\/\/dicodusport.fr\/blog\/wp-json\/wp\/v2\/categories?post=532716"},{"taxonomy":"post_tag","embeddable":true,"href":"https:\/\/dicodusport.fr\/blog\/wp-json\/wp\/v2\/tags?post=532716"}],"curies":[{"name":"wp","href":"https:\/\/api.w.org\/{rel}","templated":true}]}}