{"id":533905,"date":"2024-11-21T15:00:12","date_gmt":"2024-11-21T14:00:12","guid":{"rendered":"https:\/\/dicodusport.fr\/blog\/?p=533905&#038;preview=true&#038;preview_id=533905"},"modified":"2024-11-21T14:37:48","modified_gmt":"2024-11-21T13:37:48","slug":"ski-freestyle-tess-ledeux-la-tete-tournee-vers-les-jeux-olympiques","status":"publish","type":"post","link":"https:\/\/dicodusport.fr\/blog\/ski-freestyle-tess-ledeux-la-tete-tournee-vers-les-jeux-olympiques\/","title":{"rendered":"Ski freestyle\u00a0: Tess Ledeux, la t\u00eate tourn\u00e9e vers les Jeux Olympiques"},"content":{"rendered":"<p style=\"text-align: justify;\"><em><strong><a href=\"https:\/\/dicodusport.fr\/blog\/?s=ski+freestyle\">SKI FREESTYLE<\/a> &#8211; Habitu\u00e9e \u00e0 briller en ski freestyle, Tess Ledeux s\u2019appr\u00eate \u00e0 lancer sa Coupe du monde de slopestyle ce week-end, pr\u00e8s d\u2019un mois apr\u00e8s sa 5e place lors de la premi\u00e8re manche en big air. Avec les JO 2026 d\u00e9j\u00e0 ancr\u00e9s en t\u00eate, la Fran\u00e7aise vise des objectifs bien cibl\u00e9s cet hiver.<\/strong><\/em><\/p>\n<p style=\"text-align: justify;\">On peut avoir seulement 22 ans et faire figure de v\u00e9t\u00e9ran sur le circuit. Dans un <strong>ski freestyle<\/strong> o\u00f9 les jeunes pousses peuvent percer tr\u00e8s t\u00f4t, <strong>Tess Ledeux<\/strong> vient d&rsquo;entamer sa neuvi\u00e8me campagne hivernale. Celle qui a obtenu sa premi\u00e8re victoire en Coupe du monde \u00e0 seulement 15 ans sera naturellement l\u2019une des Fran\u00e7aises \u00e0 m\u00eame de briller tout au long de la saison.<\/p>\n<h2>Un hiver sans nouveaut\u00e9, le g\u00e9n\u00e9ral de la Coupe du monde occult\u00e9<\/h2>\n<p style=\"text-align: justify;\">D\u00e9j\u00e0 couronn\u00e9e en slopestyle en 2021, en big air en 2022 et 2023, et surtout au g\u00e9n\u00e9ral de la <strong>Coupe du monde<\/strong> en 2021, elle avait \u00e9chou\u00e9 en 2e position de ces diff\u00e9rents classements l\u2019hiver dernier, derri\u00e8re la Suissesse <strong>Mathilde Gremaud<\/strong>. Si les <strong>Jeux Olympiques 2026<\/strong> ne sont pas au programme avant plus d\u2019un an, l\u2019\u00e9v\u00e8nement va impacter sa saison. Avec pr\u00e8s de dix ans de haut niveau \u00e0 son actif malgr\u00e9 son jeune \u00e2ge, Ledeux a d\u00e9j\u00e0 souffert de multiples blessures plus ou moins graves, et jouera plus la s\u00e9curit\u00e9.<\/p>\n<p style=\"text-align: justify;\">Cela s\u2019est traduit par des d\u00e9cisions importantes pour la saison \u00e0 venir, notamment en ce qui concerne les <strong>figures<\/strong>. Tess Ledeux a pour habitude de repousser les limites. Il suffit de se rem\u00e9morer son incroyable double cork 1620 effectu\u00e9 lors des X Games 2022. Une premi\u00e8re pour une femme en comp\u00e9tition. Mais il ne faudra pas s\u2019attendre \u00e0 la voir innover dans les prochains mois, comme elle l\u2019a confi\u00e9 dans les colonnes de <em><a href=\"https:\/\/www.lequipe.fr\/Ski-freestyle\/Actualites\/Tess-ledeux-debute-sa-saison-pre-olympique-en-suisse-et-veut-s-ecouter-mentalement-et-physiquement\/1514117\">L\u2019\u00c9quipe<\/a>\u00a0<\/em>: <em>\u00ab Il n&rsquo;y aura pas de nouveaut\u00e9 cette ann\u00e9e. On les garde pour l&rsquo;ann\u00e9e olympique. J&rsquo;ai vraiment envie de m&rsquo;\u00e9couter mentalement et physiquement, de prendre comp\u00e9tition apr\u00e8s comp\u00e9tition et d&rsquo;essayer de faire une saison la plus sereine possible\u00a0\u00bb.<\/em><\/p>\n<blockquote class=\"twitter-tweet\">\n<p dir=\"ltr\" lang=\"fr\">Tess Ledeux, premi\u00e8re femme \u00e0 poser un double cork 1620 en comp\u00e9tition ! \u00e9norme ! <a href=\"https:\/\/twitter.com\/XGames?ref_src=twsrc%5Etfw\">@XGames<\/a> <a href=\"https:\/\/twitter.com\/hashtag\/bigair?src=hash&amp;ref_src=twsrc%5Etfw\">#bigair<\/a> \ud83e\udd47 <a href=\"https:\/\/t.co\/3F9LzVYGoS\">pic.twitter.com\/3F9LzVYGoS<\/a><\/p>\n<p>\u2014 Claire VocquierFicot (@c_vocquierficot) <a href=\"https:\/\/twitter.com\/c_vocquierficot\/status\/1484638006980104192?ref_src=twsrc%5Etfw\">January 21, 2022<\/a><\/p><\/blockquote>\n<p><script async src=\"https:\/\/platform.twitter.com\/widgets.js\" charset=\"utf-8\"><\/script><\/p>\n<p style=\"text-align: justify;\">Dans la lign\u00e9e de ce choix, les objectifs seront \u00e9galement cibl\u00e9s. Le <strong>classement g\u00e9n\u00e9ral de la Coupe du monde ne sera donc pas une priorit\u00e9<\/strong> : <em>\u00ab\u00a0Je n\u2019ai pas envie de me griller en ann\u00e9e pr\u00e9-olympique<\/em>, pr\u00e9cise <strong>Tess Ledeux<\/strong> \u00e0 <em><a href=\"https:\/\/www.ledauphine.com\/skichrono\/2024\/10\/14\/etre-certaine-que-je-suis-prete-mentalement-et-physiquement-comment-tess-ledeux-prepare-deja-milan-cortina-2026\">Ski Chrono<\/a>. Le g\u00e9n\u00e9ral est un plus, mais \u00e7a ne doit pas \u00eatre un objectif\u00a0\u00bb<\/em>. Lors de la premi\u00e8re \u00e9preuve en big air, disput\u00e9e \u00e0 Chur en octobre, la Fran\u00e7aise a d\u2019ailleurs obtenu une anecdotique 5e place. Elle a m\u00eame chut\u00e9 \u00e0 une reprise tout en ayant des difficult\u00e9s constantes \u00e0 la r\u00e9ception. Une reprise en douceur donc, pour pr\u00e9parer au mieux les deux \u00e9ch\u00e9ances principales de l\u2019hiver.<\/p>\n<h2 style=\"text-align: justify;\">Les X Games et les championnats du monde dans le viseur de Tess Ledeux<\/h2>\n<p style=\"text-align: justify;\">Fin janvier, elle aura l\u2019occasion de renforcer sa domination sur les <strong>X Games<\/strong>. Double vainqueure en <a href=\"https:\/\/dicodusport.fr\/blog\/ski-freestyle-tess-ledeux-fait-le-double-aux-x-games-en-remportant-le-slopestyle\/\">slopestyle<\/a> et en <a href=\"https:\/\/dicodusport.fr\/blog\/ski-freestyle-cinquieme-sacre-aux-x-games-pour-tess-ledeux\/\">Big Air<\/a> l\u2019ann\u00e9e derni\u00e8re, elle a atteint la barre des dix m\u00e9dailles d\u00e9croch\u00e9es dans l\u2019\u00e9preuve. Un record, qu\u2019elle d\u00e9tient conjointement avec l\u2019Estonienne<strong> Kelly Sildaru<\/strong>. Il lui suffit donc d\u2019en obtenir une de plus \u00e0 <strong>Aspen<\/strong>, du 23 au 25 janvier prochain, pour \u00e9crire une nouvelle page d\u2019histoire.<\/p>\n<blockquote class=\"twitter-tweet\">\n<p dir=\"ltr\" lang=\"fr\">La finale qu\u2019il ne fallait pas manquer cette nuit \ud83d\udc40<\/p>\n<p>Tess Ledeux remporte le big air aux X Games \ud83d\udc51<a href=\"https:\/\/t.co\/JZjyDLNjYy\">pic.twitter.com\/JZjyDLNjYy<\/a><\/p>\n<p>\u2014 Equipe France (@EquipeFRA) <a href=\"https:\/\/twitter.com\/EquipeFRA\/status\/1751517033911710138?ref_src=twsrc%5Etfw\">January 28, 2024<\/a><\/p><\/blockquote>\n<p><script async src=\"https:\/\/platform.twitter.com\/widgets.js\" charset=\"utf-8\"><\/script><\/p>\n<p style=\"text-align: justify;\">Par ailleurs, les <strong>championnats du monde d\u2019Engandin<\/strong>, en Suisse, seront le bouquet final de la saison, fin mars. Triple championne du monde sur ses quatre participations, elle d\u00e9tient le titre en big air, et sera la favorite \u00e0 sa propre succession. Malgr\u00e9 tout, nul doute que la Fran\u00e7aise se m\u00ealera \u00e0 la lutte pour aller chercher le maximum de victoires. Les pr\u00e9cautions prises n\u2019emp\u00eacheront pas l\u2019esprit de comp\u00e9tition de reprendre le dessus au moment de jouer la gagne. <strong>Une championne reste une championne<\/strong>.<\/p>\n","protected":false},"excerpt":{"rendered":"<p>Tess Ledeux, la t\u00eate tourn\u00e9e vers les Jeux Olympiques<\/p>\n","protected":false},"author":55,"featured_media":533906,"comment_status":"open","ping_status":"closed","sticky":false,"template":"","format":"standard","meta":{"_acf_changed":false,"_daextam_enable_autolinks":"1","footnotes":""},"categories":[9217],"tags":[7184,16878,2687,3836,24,7183,3126],"class_list":["post-533905","post","type-post","status-publish","format-standard","has-post-thumbnail","hentry","category-ski","tag-big-air","tag-breve","tag-ski-freestyle","tag-slopestyle","tag-sport","tag-tess-ledeux","tag-x-games"],"acf":[],"yoast_head":"<!-- This site is optimized with the Yoast SEO Premium plugin v26.7 (Yoast SEO v26.7) - https:\/\/yoast.com\/wordpress\/plugins\/seo\/ -->\n<title>Ski freestyle\u00a0: Tess Ledeux, la t\u00eate tourn\u00e9e vers les Jeux Olympiques<\/title>\n<meta name=\"description\" content=\"COUPE DU MONDE DE SKI FREESTYLE - Tess Ledeux a des objectifs bien cibl\u00e9s cette saison, avec les JO 2026 d\u00e9j\u00e0 dans un coin de la t\u00eate.\" \/>\n<meta name=\"robots\" content=\"index, follow, max-snippet:-1, max-image-preview:large, max-video-preview:-1\" \/>\n<link rel=\"canonical\" href=\"https:\/\/dicodusport.fr\/blog\/ski-freestyle-tess-ledeux-la-tete-tournee-vers-les-jeux-olympiques\/\" \/>\n<meta property=\"og:locale\" content=\"fr_FR\" \/>\n<meta property=\"og:type\" content=\"article\" \/>\n<meta property=\"og:title\" content=\"Ski freestyle\u00a0: Tess Ledeux, la t\u00eate tourn\u00e9e vers les Jeux Olympiques\" \/>\n<meta property=\"og:description\" content=\"COUPE DU MONDE DE SKI FREESTYLE - Tess Ledeux a des objectifs bien cibl\u00e9s cette saison, avec les JO 2026 d\u00e9j\u00e0 dans un coin de la t\u00eate.\" \/>\n<meta property=\"og:url\" content=\"https:\/\/dicodusport.fr\/blog\/ski-freestyle-tess-ledeux-la-tete-tournee-vers-les-jeux-olympiques\/\" \/>\n<meta property=\"og:site_name\" content=\"Dicodusport\" \/>\n<meta property=\"article:publisher\" content=\"https:\/\/www.facebook.com\/dicodusport\" \/>\n<meta property=\"article:published_time\" content=\"2024-11-21T14:00:12+00:00\" \/>\n<meta property=\"og:image\" content=\"https:\/\/dicodusport.fr\/blog\/wp-content\/uploads\/2024\/11\/Ski-freestyle-Tess-Ledeux-la-tete-tournee-vers-les-Jeux-Olympiques.png\" \/>\n\t<meta property=\"og:image:width\" content=\"1200\" \/>\n\t<meta property=\"og:image:height\" content=\"674\" \/>\n\t<meta property=\"og:image:type\" content=\"image\/png\" \/>\n<meta name=\"author\" content=\"Maxime Cazenave\" \/>\n<meta name=\"twitter:card\" content=\"summary_large_image\" \/>\n<meta name=\"twitter:title\" content=\"Ski freestyle\u00a0: Tess Ledeux, la t\u00eate tourn\u00e9e vers les Jeux Olympiques\" \/>\n<meta name=\"twitter:creator\" content=\"@https:\/\/twitter.com\/Maxime_Caze\" \/>\n<meta name=\"twitter:site\" content=\"@dicodusport\" \/>\n<script type=\"application\/ld+json\" class=\"yoast-schema-graph\">{\"@context\":\"https:\/\/schema.org\",\"@graph\":[{\"@type\":\"NewsArticle\",\"@id\":\"https:\/\/dicodusport.fr\/blog\/ski-freestyle-tess-ledeux-la-tete-tournee-vers-les-jeux-olympiques\/#article\",\"isPartOf\":{\"@id\":\"https:\/\/dicodusport.fr\/blog\/ski-freestyle-tess-ledeux-la-tete-tournee-vers-les-jeux-olympiques\/\"},\"author\":{\"name\":\"Maxime Cazenave\",\"@id\":\"https:\/\/dicodusport.fr\/blog\/#\/schema\/person\/37def232098a7a5cbab3974a3690abb0\"},\"headline\":\"Ski freestyle\u00a0: Tess Ledeux, la t\u00eate tourn\u00e9e vers les Jeux Olympiques\",\"datePublished\":\"2024-11-21T14:00:12+00:00\",\"mainEntityOfPage\":{\"@id\":\"https:\/\/dicodusport.fr\/blog\/ski-freestyle-tess-ledeux-la-tete-tournee-vers-les-jeux-olympiques\/\"},\"wordCount\":738,\"commentCount\":0,\"publisher\":{\"@id\":\"https:\/\/dicodusport.fr\/blog\/#organization\"},\"image\":{\"@id\":\"https:\/\/dicodusport.fr\/blog\/ski-freestyle-tess-ledeux-la-tete-tournee-vers-les-jeux-olympiques\/#primaryimage\"},\"thumbnailUrl\":\"https:\/\/dicodusport.fr\/blog\/wp-content\/uploads\/2024\/11\/Ski-freestyle-Tess-Ledeux-la-tete-tournee-vers-les-Jeux-Olympiques.png\",\"keywords\":[\"Big Air\",\"br\u00e8ve\",\"ski freestyle\",\"Slopestyle\",\"sport\",\"Tess Ledeux\",\"X-Games\"],\"articleSection\":[\"Ski\"],\"inLanguage\":\"fr-FR\",\"potentialAction\":[{\"@type\":\"CommentAction\",\"name\":\"Comment\",\"target\":[\"https:\/\/dicodusport.fr\/blog\/ski-freestyle-tess-ledeux-la-tete-tournee-vers-les-jeux-olympiques\/#respond\"]}],\"copyrightYear\":\"2024\",\"copyrightHolder\":{\"@id\":\"https:\/\/dicodusport.fr\/blog\/#organization\"}},{\"@type\":\"WebPage\",\"@id\":\"https:\/\/dicodusport.fr\/blog\/ski-freestyle-tess-ledeux-la-tete-tournee-vers-les-jeux-olympiques\/\",\"url\":\"https:\/\/dicodusport.fr\/blog\/ski-freestyle-tess-ledeux-la-tete-tournee-vers-les-jeux-olympiques\/\",\"name\":\"Ski freestyle\u00a0: Tess Ledeux, la t\u00eate tourn\u00e9e vers les Jeux Olympiques\",\"isPartOf\":{\"@id\":\"https:\/\/dicodusport.fr\/blog\/#website\"},\"primaryImageOfPage\":{\"@id\":\"https:\/\/dicodusport.fr\/blog\/ski-freestyle-tess-ledeux-la-tete-tournee-vers-les-jeux-olympiques\/#primaryimage\"},\"image\":{\"@id\":\"https:\/\/dicodusport.fr\/blog\/ski-freestyle-tess-ledeux-la-tete-tournee-vers-les-jeux-olympiques\/#primaryimage\"},\"thumbnailUrl\":\"https:\/\/dicodusport.fr\/blog\/wp-content\/uploads\/2024\/11\/Ski-freestyle-Tess-Ledeux-la-tete-tournee-vers-les-Jeux-Olympiques.png\",\"datePublished\":\"2024-11-21T14:00:12+00:00\",\"description\":\"COUPE DU MONDE DE SKI FREESTYLE - Tess Ledeux a des objectifs bien cibl\u00e9s cette saison, avec les JO 2026 d\u00e9j\u00e0 dans un coin de la t\u00eate.\",\"breadcrumb\":{\"@id\":\"https:\/\/dicodusport.fr\/blog\/ski-freestyle-tess-ledeux-la-tete-tournee-vers-les-jeux-olympiques\/#breadcrumb\"},\"inLanguage\":\"fr-FR\",\"potentialAction\":[{\"@type\":\"ReadAction\",\"target\":[\"https:\/\/dicodusport.fr\/blog\/ski-freestyle-tess-ledeux-la-tete-tournee-vers-les-jeux-olympiques\/\"]}]},{\"@type\":\"ImageObject\",\"inLanguage\":\"fr-FR\",\"@id\":\"https:\/\/dicodusport.fr\/blog\/ski-freestyle-tess-ledeux-la-tete-tournee-vers-les-jeux-olympiques\/#primaryimage\",\"url\":\"https:\/\/dicodusport.fr\/blog\/wp-content\/uploads\/2024\/11\/Ski-freestyle-Tess-Ledeux-la-tete-tournee-vers-les-Jeux-Olympiques.png\",\"contentUrl\":\"https:\/\/dicodusport.fr\/blog\/wp-content\/uploads\/2024\/11\/Ski-freestyle-Tess-Ledeux-la-tete-tournee-vers-les-Jeux-Olympiques.png\",\"width\":1200,\"height\":674,\"caption\":\"Ski freestyle\u00a0: Tess Ledeux, la t\u00eate tourn\u00e9e vers les Jeux Olympiques\"},{\"@type\":\"BreadcrumbList\",\"@id\":\"https:\/\/dicodusport.fr\/blog\/ski-freestyle-tess-ledeux-la-tete-tournee-vers-les-jeux-olympiques\/#breadcrumb\",\"itemListElement\":[{\"@type\":\"ListItem\",\"position\":1,\"name\":\"Accueil\",\"item\":\"https:\/\/dicodusport.fr\/blog\/\"},{\"@type\":\"ListItem\",\"position\":2,\"name\":\"Ski freestyle\u00a0: Tess Ledeux, la t\u00eate tourn\u00e9e vers les Jeux Olympiques\"}]},{\"@type\":\"WebSite\",\"@id\":\"https:\/\/dicodusport.fr\/blog\/#website\",\"url\":\"https:\/\/dicodusport.fr\/blog\/\",\"name\":\"Dicodusport\",\"description\":\"L&#039;encyclop\u00e9die de l&#039;actualit\u00e9 sportive\",\"publisher\":{\"@id\":\"https:\/\/dicodusport.fr\/blog\/#organization\"},\"potentialAction\":[{\"@type\":\"SearchAction\",\"target\":{\"@type\":\"EntryPoint\",\"urlTemplate\":\"https:\/\/dicodusport.fr\/blog\/?s={search_term_string}\"},\"query-input\":{\"@type\":\"PropertyValueSpecification\",\"valueRequired\":true,\"valueName\":\"search_term_string\"}}],\"inLanguage\":\"fr-FR\"},{\"@type\":\"NewsMediaOrganization\",\"@id\":\"https:\/\/dicodusport.fr\/blog\/#organization\",\"name\":\"Dicodusport\",\"url\":\"https:\/\/dicodusport.fr\/blog\/\",\"logo\":{\"@type\":\"ImageObject\",\"inLanguage\":\"fr-FR\",\"@id\":\"https:\/\/dicodusport.fr\/blog\/#\/schema\/logo\/image\/\",\"url\":\"https:\/\/dicodusport.fr\/blog\/wp-content\/uploads\/2020\/06\/cropped-LOGO-DICODUSPORT-2020-SANS-FOND-SANS-TEXTE.png\",\"contentUrl\":\"https:\/\/dicodusport.fr\/blog\/wp-content\/uploads\/2020\/06\/cropped-LOGO-DICODUSPORT-2020-SANS-FOND-SANS-TEXTE.png\",\"width\":512,\"height\":512,\"caption\":\"Dicodusport\"},\"image\":{\"@id\":\"https:\/\/dicodusport.fr\/blog\/#\/schema\/logo\/image\/\"},\"sameAs\":[\"https:\/\/www.facebook.com\/dicodusport\",\"https:\/\/x.com\/dicodusport\",\"https:\/\/www.instagram.com\/dicodusport\/\",\"https:\/\/www.youtube.com\/channel\/UC7V2KZ5sd3htJivAbA4ZG3w\"],\"description\":\"Dicodusport est l'encyclop\u00e9die de l'actualit\u00e9 sportive.\",\"email\":\"bonjour@dicodusport.fr\",\"legalName\":\"DICODUSPORT\",\"foundingDate\":\"2018-01-14\",\"vatID\":\"FR71834470973\",\"taxID\":\"83447097300043\",\"numberOfEmployees\":{\"@type\":\"QuantitativeValue\",\"minValue\":\"1\",\"maxValue\":\"10\"}},{\"@type\":\"Person\",\"@id\":\"https:\/\/dicodusport.fr\/blog\/#\/schema\/person\/37def232098a7a5cbab3974a3690abb0\",\"name\":\"Maxime Cazenave\",\"image\":{\"@type\":\"ImageObject\",\"inLanguage\":\"fr-FR\",\"@id\":\"https:\/\/dicodusport.fr\/blog\/#\/schema\/person\/image\/\",\"url\":\"https:\/\/dicodusport.fr\/blog\/wp-content\/uploads\/2021\/05\/Maxime-Cazenave-150x150.jpg\",\"contentUrl\":\"https:\/\/dicodusport.fr\/blog\/wp-content\/uploads\/2021\/05\/Maxime-Cazenave-150x150.jpg\",\"caption\":\"Maxime Cazenave\"},\"description\":\"Journaliste\/R\u00e9dacteur depuis 2012 - Berc\u00e9 par l\u2019amour des Girondins de Bordeaux, les \u00e9checs de Christophe Moreau sur le Tour de France sous l'\u00e8re Lance Armstrong et le fade-away l\u00e9tal de Dirk Nowitzki, ma passion d\u00e9vorante pour le sport a toujours \u00e9t\u00e9 un pan incontournable de ma vie. Transmettre ma passion \u00e0 l\u2019\u00e9crit a \u00e9t\u00e9 une transition naturelle. Suiveur assidu de basket et de hockey sur glace, je garde toujours un peu de place pour suivre le cyclisme, le football et le maximum de performances fran\u00e7aises.\",\"sameAs\":[\"https:\/\/x.com\/https:\/\/twitter.com\/Maxime_Caze\"],\"url\":\"https:\/\/dicodusport.fr\/blog\/author\/maximec\/\"}]}<\/script>\n<!-- \/ Yoast SEO Premium plugin. -->","yoast_head_json":{"title":"Ski freestyle\u00a0: Tess Ledeux, la t\u00eate tourn\u00e9e vers les Jeux Olympiques","description":"COUPE DU MONDE DE SKI FREESTYLE - Tess Ledeux a des objectifs bien cibl\u00e9s cette saison, avec les JO 2026 d\u00e9j\u00e0 dans un coin de la t\u00eate.","robots":{"index":"index","follow":"follow","max-snippet":"max-snippet:-1","max-image-preview":"max-image-preview:large","max-video-preview":"max-video-preview:-1"},"canonical":"https:\/\/dicodusport.fr\/blog\/ski-freestyle-tess-ledeux-la-tete-tournee-vers-les-jeux-olympiques\/","og_locale":"fr_FR","og_type":"article","og_title":"Ski freestyle\u00a0: Tess Ledeux, la t\u00eate tourn\u00e9e vers les Jeux Olympiques","og_description":"COUPE DU MONDE DE SKI FREESTYLE - Tess Ledeux a des objectifs bien cibl\u00e9s cette saison, avec les JO 2026 d\u00e9j\u00e0 dans un coin de la t\u00eate.","og_url":"https:\/\/dicodusport.fr\/blog\/ski-freestyle-tess-ledeux-la-tete-tournee-vers-les-jeux-olympiques\/","og_site_name":"Dicodusport","article_publisher":"https:\/\/www.facebook.com\/dicodusport","article_published_time":"2024-11-21T14:00:12+00:00","og_image":[{"width":1200,"height":674,"url":"https:\/\/dicodusport.fr\/blog\/wp-content\/uploads\/2024\/11\/Ski-freestyle-Tess-Ledeux-la-tete-tournee-vers-les-Jeux-Olympiques.png","type":"image\/png"}],"author":"Maxime Cazenave","twitter_card":"summary_large_image","twitter_title":"Ski freestyle\u00a0: Tess Ledeux, la t\u00eate tourn\u00e9e vers les Jeux Olympiques","twitter_creator":"@https:\/\/twitter.com\/Maxime_Caze","twitter_site":"@dicodusport","schema":{"@context":"https:\/\/schema.org","@graph":[{"@type":"NewsArticle","@id":"https:\/\/dicodusport.fr\/blog\/ski-freestyle-tess-ledeux-la-tete-tournee-vers-les-jeux-olympiques\/#article","isPartOf":{"@id":"https:\/\/dicodusport.fr\/blog\/ski-freestyle-tess-ledeux-la-tete-tournee-vers-les-jeux-olympiques\/"},"author":{"name":"Maxime Cazenave","@id":"https:\/\/dicodusport.fr\/blog\/#\/schema\/person\/37def232098a7a5cbab3974a3690abb0"},"headline":"Ski freestyle\u00a0: Tess Ledeux, la t\u00eate tourn\u00e9e vers les Jeux Olympiques","datePublished":"2024-11-21T14:00:12+00:00","mainEntityOfPage":{"@id":"https:\/\/dicodusport.fr\/blog\/ski-freestyle-tess-ledeux-la-tete-tournee-vers-les-jeux-olympiques\/"},"wordCount":738,"commentCount":0,"publisher":{"@id":"https:\/\/dicodusport.fr\/blog\/#organization"},"image":{"@id":"https:\/\/dicodusport.fr\/blog\/ski-freestyle-tess-ledeux-la-tete-tournee-vers-les-jeux-olympiques\/#primaryimage"},"thumbnailUrl":"https:\/\/dicodusport.fr\/blog\/wp-content\/uploads\/2024\/11\/Ski-freestyle-Tess-Ledeux-la-tete-tournee-vers-les-Jeux-Olympiques.png","keywords":["Big Air","br\u00e8ve","ski freestyle","Slopestyle","sport","Tess Ledeux","X-Games"],"articleSection":["Ski"],"inLanguage":"fr-FR","potentialAction":[{"@type":"CommentAction","name":"Comment","target":["https:\/\/dicodusport.fr\/blog\/ski-freestyle-tess-ledeux-la-tete-tournee-vers-les-jeux-olympiques\/#respond"]}],"copyrightYear":"2024","copyrightHolder":{"@id":"https:\/\/dicodusport.fr\/blog\/#organization"}},{"@type":"WebPage","@id":"https:\/\/dicodusport.fr\/blog\/ski-freestyle-tess-ledeux-la-tete-tournee-vers-les-jeux-olympiques\/","url":"https:\/\/dicodusport.fr\/blog\/ski-freestyle-tess-ledeux-la-tete-tournee-vers-les-jeux-olympiques\/","name":"Ski freestyle\u00a0: Tess Ledeux, la t\u00eate tourn\u00e9e vers les Jeux Olympiques","isPartOf":{"@id":"https:\/\/dicodusport.fr\/blog\/#website"},"primaryImageOfPage":{"@id":"https:\/\/dicodusport.fr\/blog\/ski-freestyle-tess-ledeux-la-tete-tournee-vers-les-jeux-olympiques\/#primaryimage"},"image":{"@id":"https:\/\/dicodusport.fr\/blog\/ski-freestyle-tess-ledeux-la-tete-tournee-vers-les-jeux-olympiques\/#primaryimage"},"thumbnailUrl":"https:\/\/dicodusport.fr\/blog\/wp-content\/uploads\/2024\/11\/Ski-freestyle-Tess-Ledeux-la-tete-tournee-vers-les-Jeux-Olympiques.png","datePublished":"2024-11-21T14:00:12+00:00","description":"COUPE DU MONDE DE SKI FREESTYLE - Tess Ledeux a des objectifs bien cibl\u00e9s cette saison, avec les JO 2026 d\u00e9j\u00e0 dans un coin de la t\u00eate.","breadcrumb":{"@id":"https:\/\/dicodusport.fr\/blog\/ski-freestyle-tess-ledeux-la-tete-tournee-vers-les-jeux-olympiques\/#breadcrumb"},"inLanguage":"fr-FR","potentialAction":[{"@type":"ReadAction","target":["https:\/\/dicodusport.fr\/blog\/ski-freestyle-tess-ledeux-la-tete-tournee-vers-les-jeux-olympiques\/"]}]},{"@type":"ImageObject","inLanguage":"fr-FR","@id":"https:\/\/dicodusport.fr\/blog\/ski-freestyle-tess-ledeux-la-tete-tournee-vers-les-jeux-olympiques\/#primaryimage","url":"https:\/\/dicodusport.fr\/blog\/wp-content\/uploads\/2024\/11\/Ski-freestyle-Tess-Ledeux-la-tete-tournee-vers-les-Jeux-Olympiques.png","contentUrl":"https:\/\/dicodusport.fr\/blog\/wp-content\/uploads\/2024\/11\/Ski-freestyle-Tess-Ledeux-la-tete-tournee-vers-les-Jeux-Olympiques.png","width":1200,"height":674,"caption":"Ski freestyle\u00a0: Tess Ledeux, la t\u00eate tourn\u00e9e vers les Jeux Olympiques"},{"@type":"BreadcrumbList","@id":"https:\/\/dicodusport.fr\/blog\/ski-freestyle-tess-ledeux-la-tete-tournee-vers-les-jeux-olympiques\/#breadcrumb","itemListElement":[{"@type":"ListItem","position":1,"name":"Accueil","item":"https:\/\/dicodusport.fr\/blog\/"},{"@type":"ListItem","position":2,"name":"Ski freestyle\u00a0: Tess Ledeux, la t\u00eate tourn\u00e9e vers les Jeux Olympiques"}]},{"@type":"WebSite","@id":"https:\/\/dicodusport.fr\/blog\/#website","url":"https:\/\/dicodusport.fr\/blog\/","name":"Dicodusport","description":"L&#039;encyclop\u00e9die de l&#039;actualit\u00e9 sportive","publisher":{"@id":"https:\/\/dicodusport.fr\/blog\/#organization"},"potentialAction":[{"@type":"SearchAction","target":{"@type":"EntryPoint","urlTemplate":"https:\/\/dicodusport.fr\/blog\/?s={search_term_string}"},"query-input":{"@type":"PropertyValueSpecification","valueRequired":true,"valueName":"search_term_string"}}],"inLanguage":"fr-FR"},{"@type":"NewsMediaOrganization","@id":"https:\/\/dicodusport.fr\/blog\/#organization","name":"Dicodusport","url":"https:\/\/dicodusport.fr\/blog\/","logo":{"@type":"ImageObject","inLanguage":"fr-FR","@id":"https:\/\/dicodusport.fr\/blog\/#\/schema\/logo\/image\/","url":"https:\/\/dicodusport.fr\/blog\/wp-content\/uploads\/2020\/06\/cropped-LOGO-DICODUSPORT-2020-SANS-FOND-SANS-TEXTE.png","contentUrl":"https:\/\/dicodusport.fr\/blog\/wp-content\/uploads\/2020\/06\/cropped-LOGO-DICODUSPORT-2020-SANS-FOND-SANS-TEXTE.png","width":512,"height":512,"caption":"Dicodusport"},"image":{"@id":"https:\/\/dicodusport.fr\/blog\/#\/schema\/logo\/image\/"},"sameAs":["https:\/\/www.facebook.com\/dicodusport","https:\/\/x.com\/dicodusport","https:\/\/www.instagram.com\/dicodusport\/","https:\/\/www.youtube.com\/channel\/UC7V2KZ5sd3htJivAbA4ZG3w"],"description":"Dicodusport est l'encyclop\u00e9die de l'actualit\u00e9 sportive.","email":"bonjour@dicodusport.fr","legalName":"DICODUSPORT","foundingDate":"2018-01-14","vatID":"FR71834470973","taxID":"83447097300043","numberOfEmployees":{"@type":"QuantitativeValue","minValue":"1","maxValue":"10"}},{"@type":"Person","@id":"https:\/\/dicodusport.fr\/blog\/#\/schema\/person\/37def232098a7a5cbab3974a3690abb0","name":"Maxime Cazenave","image":{"@type":"ImageObject","inLanguage":"fr-FR","@id":"https:\/\/dicodusport.fr\/blog\/#\/schema\/person\/image\/","url":"https:\/\/dicodusport.fr\/blog\/wp-content\/uploads\/2021\/05\/Maxime-Cazenave-150x150.jpg","contentUrl":"https:\/\/dicodusport.fr\/blog\/wp-content\/uploads\/2021\/05\/Maxime-Cazenave-150x150.jpg","caption":"Maxime Cazenave"},"description":"Journaliste\/R\u00e9dacteur depuis 2012 - Berc\u00e9 par l\u2019amour des Girondins de Bordeaux, les \u00e9checs de Christophe Moreau sur le Tour de France sous l'\u00e8re Lance Armstrong et le fade-away l\u00e9tal de Dirk Nowitzki, ma passion d\u00e9vorante pour le sport a toujours \u00e9t\u00e9 un pan incontournable de ma vie. Transmettre ma passion \u00e0 l\u2019\u00e9crit a \u00e9t\u00e9 une transition naturelle. Suiveur assidu de basket et de hockey sur glace, je garde toujours un peu de place pour suivre le cyclisme, le football et le maximum de performances fran\u00e7aises.","sameAs":["https:\/\/x.com\/https:\/\/twitter.com\/Maxime_Caze"],"url":"https:\/\/dicodusport.fr\/blog\/author\/maximec\/"}]}},"_links":{"self":[{"href":"https:\/\/dicodusport.fr\/blog\/wp-json\/wp\/v2\/posts\/533905","targetHints":{"allow":["GET"]}}],"collection":[{"href":"https:\/\/dicodusport.fr\/blog\/wp-json\/wp\/v2\/posts"}],"about":[{"href":"https:\/\/dicodusport.fr\/blog\/wp-json\/wp\/v2\/types\/post"}],"author":[{"embeddable":true,"href":"https:\/\/dicodusport.fr\/blog\/wp-json\/wp\/v2\/users\/55"}],"replies":[{"embeddable":true,"href":"https:\/\/dicodusport.fr\/blog\/wp-json\/wp\/v2\/comments?post=533905"}],"version-history":[{"count":5,"href":"https:\/\/dicodusport.fr\/blog\/wp-json\/wp\/v2\/posts\/533905\/revisions"}],"predecessor-version":[{"id":534262,"href":"https:\/\/dicodusport.fr\/blog\/wp-json\/wp\/v2\/posts\/533905\/revisions\/534262"}],"wp:featuredmedia":[{"embeddable":true,"href":"https:\/\/dicodusport.fr\/blog\/wp-json\/wp\/v2\/media\/533906"}],"wp:attachment":[{"href":"https:\/\/dicodusport.fr\/blog\/wp-json\/wp\/v2\/media?parent=533905"}],"wp:term":[{"taxonomy":"category","embeddable":true,"href":"https:\/\/dicodusport.fr\/blog\/wp-json\/wp\/v2\/categories?post=533905"},{"taxonomy":"post_tag","embeddable":true,"href":"https:\/\/dicodusport.fr\/blog\/wp-json\/wp\/v2\/tags?post=533905"}],"curies":[{"name":"wp","href":"https:\/\/api.w.org\/{rel}","templated":true}]}}