{"id":534621,"date":"2024-11-23T13:01:40","date_gmt":"2024-11-23T12:01:40","guid":{"rendered":"https:\/\/dicodusport.fr\/blog\/?p=534621&#038;preview=true&#038;preview_id=534621"},"modified":"2024-11-23T13:47:59","modified_gmt":"2024-11-23T12:47:59","slug":"transferts-herschel-jantjies-afrique-du-sud-va-signer-en-top-14","status":"publish","type":"post","link":"https:\/\/dicodusport.fr\/blog\/transferts-herschel-jantjies-afrique-du-sud-va-signer-en-top-14\/","title":{"rendered":"Transferts : Herschel Jantjies (Afrique du Sud) va signer en Top 14"},"content":{"rendered":"<h4 style=\"text-align: justify;\"><em>TRANSFERTS RUGBY &#8211; Selon le <a href=\"https:\/\/www.rugbyrama.fr\/2024\/11\/23\/transfertstop-14-herschel-jantjies-a-donne-son-accord-a-bayonne-12342440.php\">Midi Olympique<\/a>, le demi de m\u00eal\u00e9e sud-africain, Herschel Jantjies (28 ans, Stormers), va s&rsquo;engager avec l&rsquo;Aviron Bayonnais.<\/em><\/h4>\n<p style=\"text-align: justify;\">Cela bouge encore \u00e0 <strong>Bayonne<\/strong>, au poste de demi de m\u00eal\u00e9e cette fois. Si <strong>Baptiste Germain<\/strong> (24 ans) sera toujours contrat la saison prochaine, ce n&rsquo;est pas le cas de <strong>Maxime Machenaud<\/strong> (35 ans) et <strong>Guillaume Rouet<\/strong> (36 ans), en fin de bail en juin prochain. En parall\u00e8le, le club basque \u00e9tait \u00e0 la recherche d&rsquo;un joueur d&rsquo;envergure internationale en num\u00e9ro 9, avec de l&rsquo;exp\u00e9rience \u00e0 revendre. L&rsquo;<a href=\"https:\/\/dicodusport.fr\/blog\/transferts-aviron-bayonnais-2025-arrivees-departs-et-prolongations\/\"><strong>Aviron Bayonnais<\/strong><\/a> a, semble-t-il, trouv\u00e9 son bonheur.<\/p>\n<ul>\n<li style=\"text-align: justify;\"><strong>\u00c0 ce sujet &#8211; <a href=\"https:\/\/dicodusport.fr\/blog\/transferts-rugby-teddy-thomas-jack-goodhue-clement-verge-les-infos-du-vendredi-22-novembre\/\">Transferts Rugby : Teddy Thomas, Jack Goodhue, Cl\u00e9ment Verg\u00e9, les infos du vendredi 22 novembre<\/a><\/strong><\/li>\n<\/ul>\n<h2>Herschel Jantjies vers Bayonne<\/h2>\n<p style=\"text-align: justify;\">Selon le <em>Midi Olympique<\/em>, le Sud-Africain <strong>Herschel Jantjies<\/strong> (28 ans) a donn\u00e9 son accord \u00e0 l&rsquo;<strong>Aviron Bayonnais<\/strong>. Le demi de m\u00eal\u00e9e des <strong>Stormers <\/strong>depuis 2019, 25 s\u00e9lections au compteur avec les <em>Springboks<\/em>, a \u00e9chang\u00e9 par visioconf\u00e9rence avec les Bleu et Blanc ces derniers jours. Les choses se sont ensuite acc\u00e9l\u00e9r\u00e9es, d\u00e9bouchant sur un accord entre les deux parties.<\/p>\n<p style=\"text-align: justify;\">Pour l&rsquo;<strong>Aviron Bayonnais<\/strong>, c&rsquo;est une sacr\u00e9e prise. Jamais avare d&rsquo;initiatives offensives, <strong>Jantjies<\/strong>, demi de m\u00eal\u00e9e de poche (1,67 m, 77 kg), poss\u00e8de une grande exp\u00e9rience du haut niveau et des matchs \u00e0 enjeu(x). La saison derni\u00e8re, le natif de Stellenbosch a disput\u00e9 21 matchs sous le maillot des <strong>Stormers<\/strong>, pour quatre essais inscrits. Depuis le d\u00e9but de l&rsquo;exercice en cours, il n&rsquo;a pris part qu&rsquo;\u00e0 deux rencontres d&rsquo;URC, en tant que rempla\u00e7ant.<\/p>\n<h2 style=\"text-align: justify;\">\u00c0 ce sujet<\/h2>\n<div class=\"vlp-link-container vlp-layout-article\"><a href=\"https:\/\/dicodusport.fr\/blog\/transferts-sama-malolo-devrait-signer-en-top-14\/\" class=\"vlp-link\" title=\"Transferts : Sama Malolo devrait signer en Top 14\"><\/a><div class=\"vlp-layout-zone-side\"><div class=\"vlp-block-4 vlp-link-image\"><img loading=\"lazy\" decoding=\"async\" style=\"max-width: 792px;\" width=\"792\" height=\"445\" src=\"https:\/\/dicodusport.fr\/blog\/wp-content\/uploads\/2024\/11\/Transferts-Sama-Malolo-devrait-signer-en-Top-14.png\" class=\"attachment-800x445 size-800x445\" alt=\"\" srcset=\"https:\/\/dicodusport.fr\/blog\/wp-content\/uploads\/2024\/11\/Transferts-Sama-Malolo-devrait-signer-en-Top-14.png 1200w, https:\/\/dicodusport.fr\/blog\/wp-content\/uploads\/2024\/11\/Transferts-Sama-Malolo-devrait-signer-en-Top-14-300x169.png 300w, https:\/\/dicodusport.fr\/blog\/wp-content\/uploads\/2024\/11\/Transferts-Sama-Malolo-devrait-signer-en-Top-14-1024x575.png 1024w, https:\/\/dicodusport.fr\/blog\/wp-content\/uploads\/2024\/11\/Transferts-Sama-Malolo-devrait-signer-en-Top-14-768x431.png 768w\" sizes=\"auto, (max-width: 792px) 100vw, 792px\" \/><\/div><\/div><div class=\"vlp-layout-zone-main\"><div class=\"vlp-block-0 vlp-link-title\">Transferts : Sama Malolo devrait signer en Top 14<\/div><div class=\"vlp-block-1 vlp-link-summary\">TRANSFERTS RUGBY - Selon Rugby Prime, Sama Malolo (26 ans, Samoa) serait proche de s'engager avec l'USAP pour la saison prochaine.\u00a0<\/div><div class=\"vlp-block-2 vlp-link-button\">Lire l'article<\/div><div class=\"vlp-block-3 vlp-link-url\">dicodusport.fr<\/div><\/div><\/div>\n","protected":false},"excerpt":{"rendered":"<p>Herschel Jantjies (Afrique du Sud) va signer en Top 14<\/p>\n","protected":false},"author":4,"featured_media":534629,"comment_status":"open","ping_status":"closed","sticky":false,"template":"","format":"standard","meta":{"_acf_changed":false,"_daextam_enable_autolinks":"1","footnotes":""},"categories":[9129,47050],"tags":[8158,16878,29105],"class_list":["post-534621","post","type-post","status-publish","format-standard","has-post-thumbnail","hentry","category-rugby-a-xv","category-top-14","tag-aviron-bayonnais","tag-breve","tag-transferts-rugby"],"acf":[],"yoast_head":"<!-- This site is optimized with the Yoast SEO Premium plugin v26.7 (Yoast SEO v26.7) - https:\/\/yoast.com\/wordpress\/plugins\/seo\/ -->\n<title>Transferts : Herschel Jantjies (Afrique du Sud) va signer en Top 14<\/title>\n<meta name=\"description\" content=\"TRANSFERTS RUGBY - Selon le Midi Olympique, le demi de m\u00eal\u00e9e sud-africain, Herschel Jantjies (28 ans, Stormers), va s&#039;engager avec l&#039;Aviron Bayonnais.\" \/>\n<meta name=\"robots\" content=\"index, follow, max-snippet:-1, max-image-preview:large, max-video-preview:-1\" \/>\n<link rel=\"canonical\" href=\"https:\/\/dicodusport.fr\/blog\/transferts-herschel-jantjies-afrique-du-sud-va-signer-en-top-14\/\" \/>\n<meta property=\"og:locale\" content=\"fr_FR\" \/>\n<meta property=\"og:type\" content=\"article\" \/>\n<meta property=\"og:title\" content=\"Transferts : Herschel Jantjies (Afrique du Sud) va signer en Top 14\" \/>\n<meta property=\"og:description\" content=\"TRANSFERTS RUGBY - Selon le Midi Olympique, le demi de m\u00eal\u00e9e sud-africain, Herschel Jantjies (28 ans, Stormers), va s&#039;engager avec l&#039;Aviron Bayonnais.\" \/>\n<meta property=\"og:url\" content=\"https:\/\/dicodusport.fr\/blog\/transferts-herschel-jantjies-afrique-du-sud-va-signer-en-top-14\/\" \/>\n<meta property=\"og:site_name\" content=\"Dicodusport\" \/>\n<meta property=\"article:publisher\" content=\"https:\/\/www.facebook.com\/dicodusport\" \/>\n<meta property=\"article:author\" content=\"https:\/\/www.facebook.com\/florent.ostermann\" \/>\n<meta property=\"article:published_time\" content=\"2024-11-23T12:01:40+00:00\" \/>\n<meta property=\"article:modified_time\" content=\"2024-11-23T12:47:59+00:00\" \/>\n<meta property=\"og:image\" content=\"https:\/\/dicodusport.fr\/blog\/wp-content\/uploads\/2024\/11\/Transferts-Herschel-Jantjies-Afrique-du-Sud-va-signer-en-Top-14.png\" \/>\n\t<meta property=\"og:image:width\" content=\"1200\" \/>\n\t<meta property=\"og:image:height\" content=\"674\" \/>\n\t<meta property=\"og:image:type\" content=\"image\/png\" \/>\n<meta name=\"author\" content=\"Flo Ostermann\" \/>\n<meta name=\"twitter:card\" content=\"summary_large_image\" \/>\n<meta name=\"twitter:title\" content=\"Transferts : Herschel Jantjies (Afrique du Sud) va signer en Top 14\" \/>\n<meta name=\"twitter:creator\" content=\"@https:\/\/twitter.com\/FlOstermann\" \/>\n<meta name=\"twitter:site\" content=\"@dicodusport\" \/>\n<script type=\"application\/ld+json\" class=\"yoast-schema-graph\">{\"@context\":\"https:\/\/schema.org\",\"@graph\":[{\"@type\":\"NewsArticle\",\"@id\":\"https:\/\/dicodusport.fr\/blog\/transferts-herschel-jantjies-afrique-du-sud-va-signer-en-top-14\/#article\",\"isPartOf\":{\"@id\":\"https:\/\/dicodusport.fr\/blog\/transferts-herschel-jantjies-afrique-du-sud-va-signer-en-top-14\/\"},\"author\":{\"name\":\"Flo Ostermann\",\"@id\":\"https:\/\/dicodusport.fr\/blog\/#\/schema\/person\/cb02af4c173ce4a653b55e9baf388d4a\"},\"headline\":\"Transferts : Herschel Jantjies (Afrique du Sud) va signer en Top 14\",\"datePublished\":\"2024-11-23T12:01:40+00:00\",\"dateModified\":\"2024-11-23T12:47:59+00:00\",\"mainEntityOfPage\":{\"@id\":\"https:\/\/dicodusport.fr\/blog\/transferts-herschel-jantjies-afrique-du-sud-va-signer-en-top-14\/\"},\"wordCount\":356,\"commentCount\":0,\"publisher\":{\"@id\":\"https:\/\/dicodusport.fr\/blog\/#organization\"},\"image\":{\"@id\":\"https:\/\/dicodusport.fr\/blog\/transferts-herschel-jantjies-afrique-du-sud-va-signer-en-top-14\/#primaryimage\"},\"thumbnailUrl\":\"https:\/\/dicodusport.fr\/blog\/wp-content\/uploads\/2024\/11\/Transferts-Herschel-Jantjies-Afrique-du-Sud-va-signer-en-Top-14.png\",\"keywords\":[\"Aviron Bayonnais\",\"br\u00e8ve\",\"Transferts rugby\"],\"articleSection\":[\"Rugby \u00e0 XV\",\"Top 14\"],\"inLanguage\":\"fr-FR\",\"potentialAction\":[{\"@type\":\"CommentAction\",\"name\":\"Comment\",\"target\":[\"https:\/\/dicodusport.fr\/blog\/transferts-herschel-jantjies-afrique-du-sud-va-signer-en-top-14\/#respond\"]}],\"copyrightYear\":\"2024\",\"copyrightHolder\":{\"@id\":\"https:\/\/dicodusport.fr\/blog\/#organization\"}},{\"@type\":\"WebPage\",\"@id\":\"https:\/\/dicodusport.fr\/blog\/transferts-herschel-jantjies-afrique-du-sud-va-signer-en-top-14\/\",\"url\":\"https:\/\/dicodusport.fr\/blog\/transferts-herschel-jantjies-afrique-du-sud-va-signer-en-top-14\/\",\"name\":\"Transferts : Herschel Jantjies (Afrique du Sud) va signer en Top 14\",\"isPartOf\":{\"@id\":\"https:\/\/dicodusport.fr\/blog\/#website\"},\"primaryImageOfPage\":{\"@id\":\"https:\/\/dicodusport.fr\/blog\/transferts-herschel-jantjies-afrique-du-sud-va-signer-en-top-14\/#primaryimage\"},\"image\":{\"@id\":\"https:\/\/dicodusport.fr\/blog\/transferts-herschel-jantjies-afrique-du-sud-va-signer-en-top-14\/#primaryimage\"},\"thumbnailUrl\":\"https:\/\/dicodusport.fr\/blog\/wp-content\/uploads\/2024\/11\/Transferts-Herschel-Jantjies-Afrique-du-Sud-va-signer-en-Top-14.png\",\"datePublished\":\"2024-11-23T12:01:40+00:00\",\"dateModified\":\"2024-11-23T12:47:59+00:00\",\"description\":\"TRANSFERTS RUGBY - Selon le Midi Olympique, le demi de m\u00eal\u00e9e sud-africain, Herschel Jantjies (28 ans, Stormers), va s'engager avec l'Aviron Bayonnais.\",\"breadcrumb\":{\"@id\":\"https:\/\/dicodusport.fr\/blog\/transferts-herschel-jantjies-afrique-du-sud-va-signer-en-top-14\/#breadcrumb\"},\"inLanguage\":\"fr-FR\",\"potentialAction\":[{\"@type\":\"ReadAction\",\"target\":[\"https:\/\/dicodusport.fr\/blog\/transferts-herschel-jantjies-afrique-du-sud-va-signer-en-top-14\/\"]}]},{\"@type\":\"ImageObject\",\"inLanguage\":\"fr-FR\",\"@id\":\"https:\/\/dicodusport.fr\/blog\/transferts-herschel-jantjies-afrique-du-sud-va-signer-en-top-14\/#primaryimage\",\"url\":\"https:\/\/dicodusport.fr\/blog\/wp-content\/uploads\/2024\/11\/Transferts-Herschel-Jantjies-Afrique-du-Sud-va-signer-en-Top-14.png\",\"contentUrl\":\"https:\/\/dicodusport.fr\/blog\/wp-content\/uploads\/2024\/11\/Transferts-Herschel-Jantjies-Afrique-du-Sud-va-signer-en-Top-14.png\",\"width\":1200,\"height\":674,\"caption\":\"Transferts Herschel Jantjies (Afrique du Sud) va signer en Top 14\"},{\"@type\":\"BreadcrumbList\",\"@id\":\"https:\/\/dicodusport.fr\/blog\/transferts-herschel-jantjies-afrique-du-sud-va-signer-en-top-14\/#breadcrumb\",\"itemListElement\":[{\"@type\":\"ListItem\",\"position\":1,\"name\":\"Accueil\",\"item\":\"https:\/\/dicodusport.fr\/blog\/\"},{\"@type\":\"ListItem\",\"position\":2,\"name\":\"Transferts : Herschel Jantjies (Afrique du Sud) va signer en Top 14\"}]},{\"@type\":\"WebSite\",\"@id\":\"https:\/\/dicodusport.fr\/blog\/#website\",\"url\":\"https:\/\/dicodusport.fr\/blog\/\",\"name\":\"Dicodusport\",\"description\":\"L&#039;encyclop\u00e9die de l&#039;actualit\u00e9 sportive\",\"publisher\":{\"@id\":\"https:\/\/dicodusport.fr\/blog\/#organization\"},\"potentialAction\":[{\"@type\":\"SearchAction\",\"target\":{\"@type\":\"EntryPoint\",\"urlTemplate\":\"https:\/\/dicodusport.fr\/blog\/?s={search_term_string}\"},\"query-input\":{\"@type\":\"PropertyValueSpecification\",\"valueRequired\":true,\"valueName\":\"search_term_string\"}}],\"inLanguage\":\"fr-FR\"},{\"@type\":\"NewsMediaOrganization\",\"@id\":\"https:\/\/dicodusport.fr\/blog\/#organization\",\"name\":\"Dicodusport\",\"url\":\"https:\/\/dicodusport.fr\/blog\/\",\"logo\":{\"@type\":\"ImageObject\",\"inLanguage\":\"fr-FR\",\"@id\":\"https:\/\/dicodusport.fr\/blog\/#\/schema\/logo\/image\/\",\"url\":\"https:\/\/dicodusport.fr\/blog\/wp-content\/uploads\/2020\/06\/cropped-LOGO-DICODUSPORT-2020-SANS-FOND-SANS-TEXTE.png\",\"contentUrl\":\"https:\/\/dicodusport.fr\/blog\/wp-content\/uploads\/2020\/06\/cropped-LOGO-DICODUSPORT-2020-SANS-FOND-SANS-TEXTE.png\",\"width\":512,\"height\":512,\"caption\":\"Dicodusport\"},\"image\":{\"@id\":\"https:\/\/dicodusport.fr\/blog\/#\/schema\/logo\/image\/\"},\"sameAs\":[\"https:\/\/www.facebook.com\/dicodusport\",\"https:\/\/x.com\/dicodusport\",\"https:\/\/www.instagram.com\/dicodusport\/\",\"https:\/\/www.youtube.com\/channel\/UC7V2KZ5sd3htJivAbA4ZG3w\"],\"description\":\"Dicodusport est l'encyclop\u00e9die de l'actualit\u00e9 sportive.\",\"email\":\"bonjour@dicodusport.fr\",\"legalName\":\"DICODUSPORT\",\"foundingDate\":\"2018-01-14\",\"vatID\":\"FR71834470973\",\"taxID\":\"83447097300043\",\"numberOfEmployees\":{\"@type\":\"QuantitativeValue\",\"minValue\":\"1\",\"maxValue\":\"10\"}},{\"@type\":\"Person\",\"@id\":\"https:\/\/dicodusport.fr\/blog\/#\/schema\/person\/cb02af4c173ce4a653b55e9baf388d4a\",\"name\":\"Flo Ostermann\",\"image\":{\"@type\":\"ImageObject\",\"inLanguage\":\"fr-FR\",\"@id\":\"https:\/\/dicodusport.fr\/blog\/#\/schema\/person\/image\/\",\"url\":\"https:\/\/dicodusport.fr\/blog\/wp-content\/uploads\/2021\/05\/Flo-Ostermann-150x150.jpg\",\"contentUrl\":\"https:\/\/dicodusport.fr\/blog\/wp-content\/uploads\/2021\/05\/Flo-Ostermann-150x150.jpg\",\"caption\":\"Flo Ostermann\"},\"description\":\"Journaliste\/R\u00e9dacteur depuis septembre 2015 - Mes premiers souvenirs dans le sport ? Les envol\u00e9es du Stade Toulousain et les duels Villeneuve-Schumacher et H\u00e4kkinen-Schumacher \u00e0 la fin des ann\u00e9es 90, la Coupe du monde de football en 1998, l\u2019exploit du XV de France face aux All Blacks en 1999, mais aussi Richard C\u0153ur de Lion qui vole sur les montagnes du Tour de France. Bien parti pour devenir professeur d\u2019EPS, les \u00e9v\u00e9nements de la vie (et la flemme d\u2019animer des s\u00e9ances de 3x500 m\u00e8tres toute ma vie) m\u2019ont conduit \u00e0 revoir mes plans. Me voil\u00e0 depuis fin 2017 sur Dicodusport, m\u00e9dia gr\u00e2ce (et pour) lequel je partage ma passion : le sport dans tous ses \u00e9tats. Le tout accompagn\u00e9 par les fous furieux et folles furieuses cit\u00e9s sur cette page !\",\"sameAs\":[\"https:\/\/www.facebook.com\/florent.ostermann\",\"https:\/\/x.com\/https:\/\/twitter.com\/FlOstermann\",\"admin\"],\"url\":\"https:\/\/dicodusport.fr\/blog\/author\/flo\/\"}]}<\/script>\n<!-- \/ Yoast SEO Premium plugin. -->","yoast_head_json":{"title":"Transferts : Herschel Jantjies (Afrique du Sud) va signer en Top 14","description":"TRANSFERTS RUGBY - Selon le Midi Olympique, le demi de m\u00eal\u00e9e sud-africain, Herschel Jantjies (28 ans, Stormers), va s'engager avec l'Aviron Bayonnais.","robots":{"index":"index","follow":"follow","max-snippet":"max-snippet:-1","max-image-preview":"max-image-preview:large","max-video-preview":"max-video-preview:-1"},"canonical":"https:\/\/dicodusport.fr\/blog\/transferts-herschel-jantjies-afrique-du-sud-va-signer-en-top-14\/","og_locale":"fr_FR","og_type":"article","og_title":"Transferts : Herschel Jantjies (Afrique du Sud) va signer en Top 14","og_description":"TRANSFERTS RUGBY - Selon le Midi Olympique, le demi de m\u00eal\u00e9e sud-africain, Herschel Jantjies (28 ans, Stormers), va s'engager avec l'Aviron Bayonnais.","og_url":"https:\/\/dicodusport.fr\/blog\/transferts-herschel-jantjies-afrique-du-sud-va-signer-en-top-14\/","og_site_name":"Dicodusport","article_publisher":"https:\/\/www.facebook.com\/dicodusport","article_author":"https:\/\/www.facebook.com\/florent.ostermann","article_published_time":"2024-11-23T12:01:40+00:00","article_modified_time":"2024-11-23T12:47:59+00:00","og_image":[{"width":1200,"height":674,"url":"https:\/\/dicodusport.fr\/blog\/wp-content\/uploads\/2024\/11\/Transferts-Herschel-Jantjies-Afrique-du-Sud-va-signer-en-Top-14.png","type":"image\/png"}],"author":"Flo Ostermann","twitter_card":"summary_large_image","twitter_title":"Transferts : Herschel Jantjies (Afrique du Sud) va signer en Top 14","twitter_creator":"@https:\/\/twitter.com\/FlOstermann","twitter_site":"@dicodusport","schema":{"@context":"https:\/\/schema.org","@graph":[{"@type":"NewsArticle","@id":"https:\/\/dicodusport.fr\/blog\/transferts-herschel-jantjies-afrique-du-sud-va-signer-en-top-14\/#article","isPartOf":{"@id":"https:\/\/dicodusport.fr\/blog\/transferts-herschel-jantjies-afrique-du-sud-va-signer-en-top-14\/"},"author":{"name":"Flo Ostermann","@id":"https:\/\/dicodusport.fr\/blog\/#\/schema\/person\/cb02af4c173ce4a653b55e9baf388d4a"},"headline":"Transferts : Herschel Jantjies (Afrique du Sud) va signer en Top 14","datePublished":"2024-11-23T12:01:40+00:00","dateModified":"2024-11-23T12:47:59+00:00","mainEntityOfPage":{"@id":"https:\/\/dicodusport.fr\/blog\/transferts-herschel-jantjies-afrique-du-sud-va-signer-en-top-14\/"},"wordCount":356,"commentCount":0,"publisher":{"@id":"https:\/\/dicodusport.fr\/blog\/#organization"},"image":{"@id":"https:\/\/dicodusport.fr\/blog\/transferts-herschel-jantjies-afrique-du-sud-va-signer-en-top-14\/#primaryimage"},"thumbnailUrl":"https:\/\/dicodusport.fr\/blog\/wp-content\/uploads\/2024\/11\/Transferts-Herschel-Jantjies-Afrique-du-Sud-va-signer-en-Top-14.png","keywords":["Aviron Bayonnais","br\u00e8ve","Transferts rugby"],"articleSection":["Rugby \u00e0 XV","Top 14"],"inLanguage":"fr-FR","potentialAction":[{"@type":"CommentAction","name":"Comment","target":["https:\/\/dicodusport.fr\/blog\/transferts-herschel-jantjies-afrique-du-sud-va-signer-en-top-14\/#respond"]}],"copyrightYear":"2024","copyrightHolder":{"@id":"https:\/\/dicodusport.fr\/blog\/#organization"}},{"@type":"WebPage","@id":"https:\/\/dicodusport.fr\/blog\/transferts-herschel-jantjies-afrique-du-sud-va-signer-en-top-14\/","url":"https:\/\/dicodusport.fr\/blog\/transferts-herschel-jantjies-afrique-du-sud-va-signer-en-top-14\/","name":"Transferts : Herschel Jantjies (Afrique du Sud) va signer en Top 14","isPartOf":{"@id":"https:\/\/dicodusport.fr\/blog\/#website"},"primaryImageOfPage":{"@id":"https:\/\/dicodusport.fr\/blog\/transferts-herschel-jantjies-afrique-du-sud-va-signer-en-top-14\/#primaryimage"},"image":{"@id":"https:\/\/dicodusport.fr\/blog\/transferts-herschel-jantjies-afrique-du-sud-va-signer-en-top-14\/#primaryimage"},"thumbnailUrl":"https:\/\/dicodusport.fr\/blog\/wp-content\/uploads\/2024\/11\/Transferts-Herschel-Jantjies-Afrique-du-Sud-va-signer-en-Top-14.png","datePublished":"2024-11-23T12:01:40+00:00","dateModified":"2024-11-23T12:47:59+00:00","description":"TRANSFERTS RUGBY - Selon le Midi Olympique, le demi de m\u00eal\u00e9e sud-africain, Herschel Jantjies (28 ans, Stormers), va s'engager avec l'Aviron Bayonnais.","breadcrumb":{"@id":"https:\/\/dicodusport.fr\/blog\/transferts-herschel-jantjies-afrique-du-sud-va-signer-en-top-14\/#breadcrumb"},"inLanguage":"fr-FR","potentialAction":[{"@type":"ReadAction","target":["https:\/\/dicodusport.fr\/blog\/transferts-herschel-jantjies-afrique-du-sud-va-signer-en-top-14\/"]}]},{"@type":"ImageObject","inLanguage":"fr-FR","@id":"https:\/\/dicodusport.fr\/blog\/transferts-herschel-jantjies-afrique-du-sud-va-signer-en-top-14\/#primaryimage","url":"https:\/\/dicodusport.fr\/blog\/wp-content\/uploads\/2024\/11\/Transferts-Herschel-Jantjies-Afrique-du-Sud-va-signer-en-Top-14.png","contentUrl":"https:\/\/dicodusport.fr\/blog\/wp-content\/uploads\/2024\/11\/Transferts-Herschel-Jantjies-Afrique-du-Sud-va-signer-en-Top-14.png","width":1200,"height":674,"caption":"Transferts Herschel Jantjies (Afrique du Sud) va signer en Top 14"},{"@type":"BreadcrumbList","@id":"https:\/\/dicodusport.fr\/blog\/transferts-herschel-jantjies-afrique-du-sud-va-signer-en-top-14\/#breadcrumb","itemListElement":[{"@type":"ListItem","position":1,"name":"Accueil","item":"https:\/\/dicodusport.fr\/blog\/"},{"@type":"ListItem","position":2,"name":"Transferts : Herschel Jantjies (Afrique du Sud) va signer en Top 14"}]},{"@type":"WebSite","@id":"https:\/\/dicodusport.fr\/blog\/#website","url":"https:\/\/dicodusport.fr\/blog\/","name":"Dicodusport","description":"L&#039;encyclop\u00e9die de l&#039;actualit\u00e9 sportive","publisher":{"@id":"https:\/\/dicodusport.fr\/blog\/#organization"},"potentialAction":[{"@type":"SearchAction","target":{"@type":"EntryPoint","urlTemplate":"https:\/\/dicodusport.fr\/blog\/?s={search_term_string}"},"query-input":{"@type":"PropertyValueSpecification","valueRequired":true,"valueName":"search_term_string"}}],"inLanguage":"fr-FR"},{"@type":"NewsMediaOrganization","@id":"https:\/\/dicodusport.fr\/blog\/#organization","name":"Dicodusport","url":"https:\/\/dicodusport.fr\/blog\/","logo":{"@type":"ImageObject","inLanguage":"fr-FR","@id":"https:\/\/dicodusport.fr\/blog\/#\/schema\/logo\/image\/","url":"https:\/\/dicodusport.fr\/blog\/wp-content\/uploads\/2020\/06\/cropped-LOGO-DICODUSPORT-2020-SANS-FOND-SANS-TEXTE.png","contentUrl":"https:\/\/dicodusport.fr\/blog\/wp-content\/uploads\/2020\/06\/cropped-LOGO-DICODUSPORT-2020-SANS-FOND-SANS-TEXTE.png","width":512,"height":512,"caption":"Dicodusport"},"image":{"@id":"https:\/\/dicodusport.fr\/blog\/#\/schema\/logo\/image\/"},"sameAs":["https:\/\/www.facebook.com\/dicodusport","https:\/\/x.com\/dicodusport","https:\/\/www.instagram.com\/dicodusport\/","https:\/\/www.youtube.com\/channel\/UC7V2KZ5sd3htJivAbA4ZG3w"],"description":"Dicodusport est l'encyclop\u00e9die de l'actualit\u00e9 sportive.","email":"bonjour@dicodusport.fr","legalName":"DICODUSPORT","foundingDate":"2018-01-14","vatID":"FR71834470973","taxID":"83447097300043","numberOfEmployees":{"@type":"QuantitativeValue","minValue":"1","maxValue":"10"}},{"@type":"Person","@id":"https:\/\/dicodusport.fr\/blog\/#\/schema\/person\/cb02af4c173ce4a653b55e9baf388d4a","name":"Flo Ostermann","image":{"@type":"ImageObject","inLanguage":"fr-FR","@id":"https:\/\/dicodusport.fr\/blog\/#\/schema\/person\/image\/","url":"https:\/\/dicodusport.fr\/blog\/wp-content\/uploads\/2021\/05\/Flo-Ostermann-150x150.jpg","contentUrl":"https:\/\/dicodusport.fr\/blog\/wp-content\/uploads\/2021\/05\/Flo-Ostermann-150x150.jpg","caption":"Flo Ostermann"},"description":"Journaliste\/R\u00e9dacteur depuis septembre 2015 - Mes premiers souvenirs dans le sport ? Les envol\u00e9es du Stade Toulousain et les duels Villeneuve-Schumacher et H\u00e4kkinen-Schumacher \u00e0 la fin des ann\u00e9es 90, la Coupe du monde de football en 1998, l\u2019exploit du XV de France face aux All Blacks en 1999, mais aussi Richard C\u0153ur de Lion qui vole sur les montagnes du Tour de France. Bien parti pour devenir professeur d\u2019EPS, les \u00e9v\u00e9nements de la vie (et la flemme d\u2019animer des s\u00e9ances de 3x500 m\u00e8tres toute ma vie) m\u2019ont conduit \u00e0 revoir mes plans. Me voil\u00e0 depuis fin 2017 sur Dicodusport, m\u00e9dia gr\u00e2ce (et pour) lequel je partage ma passion : le sport dans tous ses \u00e9tats. Le tout accompagn\u00e9 par les fous furieux et folles furieuses cit\u00e9s sur cette page !","sameAs":["https:\/\/www.facebook.com\/florent.ostermann","https:\/\/x.com\/https:\/\/twitter.com\/FlOstermann","admin"],"url":"https:\/\/dicodusport.fr\/blog\/author\/flo\/"}]}},"_links":{"self":[{"href":"https:\/\/dicodusport.fr\/blog\/wp-json\/wp\/v2\/posts\/534621","targetHints":{"allow":["GET"]}}],"collection":[{"href":"https:\/\/dicodusport.fr\/blog\/wp-json\/wp\/v2\/posts"}],"about":[{"href":"https:\/\/dicodusport.fr\/blog\/wp-json\/wp\/v2\/types\/post"}],"author":[{"embeddable":true,"href":"https:\/\/dicodusport.fr\/blog\/wp-json\/wp\/v2\/users\/4"}],"replies":[{"embeddable":true,"href":"https:\/\/dicodusport.fr\/blog\/wp-json\/wp\/v2\/comments?post=534621"}],"version-history":[{"count":5,"href":"https:\/\/dicodusport.fr\/blog\/wp-json\/wp\/v2\/posts\/534621\/revisions"}],"predecessor-version":[{"id":534644,"href":"https:\/\/dicodusport.fr\/blog\/wp-json\/wp\/v2\/posts\/534621\/revisions\/534644"}],"wp:featuredmedia":[{"embeddable":true,"href":"https:\/\/dicodusport.fr\/blog\/wp-json\/wp\/v2\/media\/534629"}],"wp:attachment":[{"href":"https:\/\/dicodusport.fr\/blog\/wp-json\/wp\/v2\/media?parent=534621"}],"wp:term":[{"taxonomy":"category","embeddable":true,"href":"https:\/\/dicodusport.fr\/blog\/wp-json\/wp\/v2\/categories?post=534621"},{"taxonomy":"post_tag","embeddable":true,"href":"https:\/\/dicodusport.fr\/blog\/wp-json\/wp\/v2\/tags?post=534621"}],"curies":[{"name":"wp","href":"https:\/\/api.w.org\/{rel}","templated":true}]}}