{"id":534975,"date":"2025-01-26T16:21:08","date_gmt":"2025-01-26T15:21:08","guid":{"rendered":"https:\/\/dicodusport.fr\/blog\/?p=534975&#038;preview=true&#038;preview_id=534975"},"modified":"2025-01-26T16:21:07","modified_gmt":"2025-01-26T15:21:07","slug":"classement-general-hommes-coupe-du-monde-de-cyclo-cross-2024-2025","status":"publish","type":"post","link":"https:\/\/dicodusport.fr\/blog\/classement-general-hommes-coupe-du-monde-de-cyclo-cross-2024-2025\/","title":{"rendered":"Classement g\u00e9n\u00e9ral hommes Coupe du monde de cyclo-cross 2024-2025"},"content":{"rendered":"<h4 style=\"text-align: justify;\"><i>Retrouvez le classement g\u00e9n\u00e9ral femmes (top 10) de la Coupe du monde de cyclo-cross 2024-2025.\u00a0<\/i><\/h4>\n<ul>\n<li><strong>\u00c0 ce sujet &#8211; <a href=\"https:\/\/dicodusport.fr\/blog\/calendrier-et-resultats-coupe-du-monde-cyclo-cross-2024-2025\/\">Calendrier et r\u00e9sultats Coupe du monde Cyclo-cross 2024-2025<\/a><\/strong><\/li>\n<\/ul>\n<p style=\"text-align: justify;\">Laur\u00e9at du <a href=\"https:\/\/dicodusport.fr\/blog\/coupe-du-monde-cyclocross-classement-general-hommes\/\">classement g\u00e9n\u00e9ral de la Coupe du monde de cyclo-cross 2023-2024<\/a>, <strong>Eli Iserbyt<\/strong> (Pauwels Sauzen-Bingoal) sera le favori \u00e0 sa propre succession sur l&rsquo;exercice 2024-2025. En l&rsquo;absence de <strong>Mathieu van der Poel<\/strong> et <strong>Wout Van Aert<\/strong> sur une grande partie des \u00e9preuves, <strong>Joris Nieuwenhuis<\/strong> (Baloise Trek Lions), <strong>Laurens Sweeck<\/strong> (Crelan-Corendon) et <strong>Thibau Nys<\/strong> (Baloise Trek Lions) seront \u00e0 suivre.<\/p>\n<h2 style=\"text-align: justify;\">Coupe du monde de cyclo-cross 2024-2025 &#8211; Classement g\u00e9n\u00e9ral hommes<\/h2>\n<p style=\"text-align: justify;\"><strong><span style=\"font-size: 14px;\"><em>Classement g\u00e9n\u00e9ral mis \u00e0 jour \u00e0 l&rsquo;issue de la manche \u00e0 Hoogerheide (11\/11).<\/em><\/span><\/strong><\/p>\n<div class=\"su-table su-table-alternate\">\n<table style=\"width: 800px;border-collapse: collapse\" border=\"1\">\n<tbody>\n<tr style=\"height: 24px\">\n<td style=\"border-color: #ebebeb;height: 24px;text-align: center;width: 80px;vertical-align: middle\">\ud83c\udfc6<\/td>\n<td style=\"border-color: #ebebeb;height: 24px;text-align: center;width: 500px;vertical-align: middle\"><span style=\"font-size: 0.9em\"><strong>CYCLISTES<\/strong><\/span><\/td>\n<td style=\"border-color: #ebebeb;height: 24px;text-align: center;width: 220px;vertical-align: middle\"><span style=\"font-size: 0.9em\"><strong>POINTS<br \/>\n<\/strong><\/span><\/td>\n<\/tr>\n<tr>\n<td style=\"border-color: #ebebeb;text-align: center;width: 80px;vertical-align: middle\"><strong><span class=\"su-label su-label-type-warning\">1.<\/span><\/strong><\/td>\n<td style=\"border-color: #ebebeb;text-align: center;width: 500px;vertical-align: middle\"><span style=\"font-size: 0.9em\"><strong>\ud83c\udde7\ud83c\uddea MICHAEL VANTHOURENHOUT<br \/>\n<\/strong><span style=\"font-size: 0.8em\">PAUWELS SAUZEN-BINGOAL<\/span><\/span><\/td>\n<td style=\"border-color: #ebebeb;text-align: center;width: 220px;vertical-align: middle\"><span style=\"font-size: 0.9em\"><strong>281<\/strong><\/span><\/td>\n<\/tr>\n<tr>\n<td style=\"border-color: #ebebeb;text-align: center;width: 80px;vertical-align: middle\"><span style=\"font-size: 0.9em\">2.<\/span><\/td>\n<td style=\"border-color: #ebebeb;text-align: center;width: 500px;vertical-align: middle\"><span style=\"font-size: 0.9em\"><strong>\ud83c\udde7\ud83c\uddea TOON AERTS<br \/>\n<\/strong><span style=\"font-size: 0.8em\">DESCHACHT &#8211; HENS &#8211; FSP<\/span><\/span><\/td>\n<td style=\"border-color: #ebebeb;text-align: center;width: 220px;vertical-align: middle\"><span style=\"font-size: 0.9em\"><strong>241<\/strong><\/span><\/td>\n<\/tr>\n<tr>\n<td style=\"border-color: #ebebeb;text-align: center;width: 80px;vertical-align: middle\"><span style=\"font-size: 0.9em\">3.<\/span><\/td>\n<td style=\"border-color: #ebebeb;text-align: center;width: 500px;vertical-align: middle\"><span style=\"font-size: 0.9em\"><strong>\ud83c\udde7\ud83c\uddea JORAN WYSEURE<br \/>\n<\/strong><span style=\"font-size: 0.8em\">CRELAN &#8211; CORENDON<\/span><\/span><\/td>\n<td style=\"border-color: #ebebeb;text-align: center;width: 220px;vertical-align: middle\"><span style=\"font-size: 14.4px\"><b>205<\/b><\/span><\/td>\n<\/tr>\n<tr style=\"height: 24px\">\n<td style=\"border-color: #ebebeb;height: 24px;text-align: center;width: 80px;vertical-align: middle\"><span style=\"font-size: 0.9em\">4.<\/span><\/td>\n<td style=\"border-color: #ebebeb;text-align: center;width: 500px;vertical-align: middle\"><span style=\"font-size: 0.9em\"><strong>\ud83c\uddf3\ud83c\uddf1 MATHIEU VAN DER POEL<br \/>\n<\/strong><span style=\"font-size: 0.8em\">ALPECIN &#8211; DECEUNINCK<\/span><\/span><\/td>\n<td style=\"border-color: #ebebeb;text-align: center;width: 220px;vertical-align: middle\"><span style=\"font-size: 0.9em\"><strong>200<\/strong><\/span><\/td>\n<\/tr>\n<tr>\n<td style=\"border-color: #ebebeb;text-align: center;width: 80px;vertical-align: middle\"><span style=\"font-size: 0.9em\">5.<\/span><\/td>\n<td style=\"border-color: #ebebeb;text-align: center;width: 500px;vertical-align: middle\"><span style=\"font-size: 0.9em\"><strong>\ud83c\udde7\ud83c\uddea ELI ISERBYT<br \/>\n<\/strong><span style=\"font-size: 0.8em\">PAUWELS SAUZEN-BINGOAL<\/span><\/span><\/td>\n<td style=\"border-color: #ebebeb;text-align: center;width: 220px;vertical-align: middle\"><span style=\"font-size: 0.9em\"><strong>197<\/strong><\/span><\/td>\n<\/tr>\n<tr>\n<td style=\"border-color: #ebebeb;text-align: center;width: 80px;vertical-align: middle\"><span style=\"font-size: 0.9em\">6<\/span><span style=\"font-size: 0.9em\">.<\/span><\/td>\n<td style=\"border-color: #ebebeb;text-align: center;width: 500px;vertical-align: middle\"><span style=\"font-size: 0.9em\"><strong>\ud83c\uddf3\ud83c\uddf1 LARS VAN DER HAAR<br \/>\n<\/strong><span style=\"font-size: 0.8em\">BALOISE TREK LIONS<\/span><\/span><\/td>\n<td style=\"border-color: #ebebeb;text-align: center;width: 220px;vertical-align: middle\"><span style=\"font-size: 0.9em\"><strong>191<\/strong><\/span><\/td>\n<\/tr>\n<tr>\n<td style=\"border-color: #ebebeb;text-align: center;width: 80px;vertical-align: middle\"><span style=\"font-size: 0.9em\">7.<\/span><\/td>\n<td style=\"border-color: #ebebeb;height: 24px;text-align: center;width: 500px;vertical-align: middle\"><span style=\"font-size: 0.9em\"><strong>\ud83c\udde7\ud83c\uddea EMIEL VERSTRYNGE<br \/>\n<\/strong><span style=\"font-size: 0.8em\">CRELAN &#8211; CORENDON<\/span><\/span><\/td>\n<td style=\"border-color: #ebebeb;text-align: center;width: 220px;vertical-align: middle\"><span style=\"font-size: 0.9em\"><strong>169<\/strong><\/span><\/td>\n<\/tr>\n<tr style=\"height: 24px\">\n<td style=\"border-color: #ebebeb;height: 24px;text-align: center;width: 80px;vertical-align: middle\"><span style=\"font-size: 0.9em\">8.<\/span><\/td>\n<td style=\"border-color: #ebebeb;text-align: center;width: 500px;vertical-align: middle\"><span style=\"font-size: 0.9em\"><strong>\ud83c\uddea\ud83c\uddf8 FELIPE ORTS LLORET<br \/>\n<\/strong><span style=\"font-size: 0.8em\">RIDLEY RACING TEAM<\/span><\/span><\/td>\n<td style=\"border-color: #ebebeb;text-align: center;width: 220px;vertical-align: middle\"><span style=\"font-size: 0.9em\"><strong>167<\/strong><\/span><\/td>\n<\/tr>\n<tr>\n<td style=\"border-color: #ebebeb;text-align: center;width: 80px;vertical-align: middle\"><span style=\"font-size: 0.9em\">9.<\/span><\/td>\n<td style=\"border-color: #ebebeb;height: 24px;text-align: center;width: 500px;vertical-align: middle\"><span style=\"font-size: 0.9em\"><strong>\ud83c\uddf3\ud83c\uddf1 PIM RONHAAR<br \/>\n<\/strong><span style=\"font-size: 0.8em\">BALOISE TREK LIONS<\/span><\/span><\/td>\n<td style=\"border-color: #ebebeb;text-align: center;width: 220px;vertical-align: middle\"><span style=\"font-size: 0.9em\"><strong>161<\/strong><\/span><\/td>\n<\/tr>\n<tr>\n<td style=\"border-color: #ebebeb;text-align: center;width: 80px;vertical-align: middle\"><span style=\"font-size: 0.9em\">10.<\/span><\/td>\n<td style=\"border-color: #ebebeb;height: 24px;text-align: center;width: 500px;vertical-align: middle\"><span style=\"font-size: 0.9em\"><strong>\ud83c\udde7\ud83c\uddea THIBAU NYS<br \/>\n<\/strong><span style=\"font-size: 0.8em\">BALOISE GLOWI LIONS<\/span><\/span><\/td>\n<td style=\"border-color: #ebebeb;text-align: center;width: 220px;vertical-align: middle\"><span style=\"font-size: 0.9em\"><strong>152<\/strong><\/span><\/td>\n<\/tr>\n<\/tbody>\n<\/table>\n<\/div>\n<ul>\n<li><a href=\"https:\/\/cyclocross24.com\/fr\/standings\/uci-world-cup\/\"><strong>Le classement g\u00e9n\u00e9ral complet<\/strong><\/a><strong><br \/>\n<\/strong><\/li>\n<\/ul>\n","protected":false},"excerpt":{"rendered":"<p>Retrouvez le classement g\u00e9n\u00e9ral hommes (top 10) de la Coupe du monde de cyclo-cross 2024-2025.\u00a0<\/p>\n","protected":false},"author":4,"featured_media":534984,"comment_status":"open","ping_status":"closed","sticky":false,"template":"","format":"standard","meta":{"_acf_changed":false,"_daextam_enable_autolinks":"1","footnotes":""},"categories":[9611],"tags":[16878],"class_list":["post-534975","post","type-post","status-publish","format-standard","has-post-thumbnail","hentry","category-cyclo-cross","tag-breve"],"acf":[],"yoast_head":"<!-- This site is optimized with the Yoast SEO Premium plugin v26.7 (Yoast SEO v26.7) - https:\/\/yoast.com\/wordpress\/plugins\/seo\/ -->\n<title>Classement g\u00e9n\u00e9ral hommes Coupe du monde de cyclo-cross 2024-2025<\/title>\n<meta name=\"description\" content=\"Retrouvez le classement g\u00e9n\u00e9ral hommes (top 10) de la Coupe du monde de cyclo-cross 2024-2025.\u00a0\" \/>\n<meta name=\"robots\" content=\"index, follow, max-snippet:-1, max-image-preview:large, max-video-preview:-1\" \/>\n<link rel=\"canonical\" href=\"https:\/\/dicodusport.fr\/blog\/classement-general-hommes-coupe-du-monde-de-cyclo-cross-2024-2025\/\" \/>\n<meta property=\"og:locale\" content=\"fr_FR\" \/>\n<meta property=\"og:type\" content=\"article\" \/>\n<meta property=\"og:title\" content=\"Classement g\u00e9n\u00e9ral hommes Coupe du monde de cyclo-cross 2024-2025\" \/>\n<meta property=\"og:description\" content=\"Retrouvez le classement g\u00e9n\u00e9ral hommes (top 10) de la Coupe du monde de cyclo-cross 2024-2025.\u00a0\" \/>\n<meta property=\"og:url\" content=\"https:\/\/dicodusport.fr\/blog\/classement-general-hommes-coupe-du-monde-de-cyclo-cross-2024-2025\/\" \/>\n<meta property=\"og:site_name\" content=\"Dicodusport\" \/>\n<meta property=\"article:publisher\" content=\"https:\/\/www.facebook.com\/dicodusport\" \/>\n<meta property=\"article:author\" content=\"https:\/\/www.facebook.com\/florent.ostermann\" \/>\n<meta property=\"article:published_time\" content=\"2025-01-26T15:21:08+00:00\" \/>\n<meta property=\"og:image\" content=\"https:\/\/dicodusport.fr\/blog\/wp-content\/uploads\/2024\/11\/Classement-general-hommes-Coupe-du-monde-de-cyclo-cross-2024-2025.png\" \/>\n\t<meta property=\"og:image:width\" content=\"1200\" \/>\n\t<meta property=\"og:image:height\" content=\"674\" \/>\n\t<meta property=\"og:image:type\" content=\"image\/png\" \/>\n<meta name=\"author\" content=\"Flo Ostermann\" \/>\n<meta name=\"twitter:card\" content=\"summary_large_image\" \/>\n<meta name=\"twitter:title\" content=\"Classement g\u00e9n\u00e9ral hommes Coupe du monde de cyclo-cross 2024-2025\" \/>\n<meta name=\"twitter:creator\" content=\"@https:\/\/twitter.com\/FlOstermann\" \/>\n<meta name=\"twitter:site\" content=\"@dicodusport\" \/>\n<script type=\"application\/ld+json\" class=\"yoast-schema-graph\">{\"@context\":\"https:\/\/schema.org\",\"@graph\":[{\"@type\":\"NewsArticle\",\"@id\":\"https:\/\/dicodusport.fr\/blog\/classement-general-hommes-coupe-du-monde-de-cyclo-cross-2024-2025\/#article\",\"isPartOf\":{\"@id\":\"https:\/\/dicodusport.fr\/blog\/classement-general-hommes-coupe-du-monde-de-cyclo-cross-2024-2025\/\"},\"author\":{\"name\":\"Flo Ostermann\",\"@id\":\"https:\/\/dicodusport.fr\/blog\/#\/schema\/person\/cb02af4c173ce4a653b55e9baf388d4a\"},\"headline\":\"Classement g\u00e9n\u00e9ral hommes Coupe du monde de cyclo-cross 2024-2025\",\"datePublished\":\"2025-01-26T15:21:08+00:00\",\"mainEntityOfPage\":{\"@id\":\"https:\/\/dicodusport.fr\/blog\/classement-general-hommes-coupe-du-monde-de-cyclo-cross-2024-2025\/\"},\"wordCount\":199,\"commentCount\":0,\"publisher\":{\"@id\":\"https:\/\/dicodusport.fr\/blog\/#organization\"},\"image\":{\"@id\":\"https:\/\/dicodusport.fr\/blog\/classement-general-hommes-coupe-du-monde-de-cyclo-cross-2024-2025\/#primaryimage\"},\"thumbnailUrl\":\"https:\/\/dicodusport.fr\/blog\/wp-content\/uploads\/2024\/11\/Classement-general-hommes-Coupe-du-monde-de-cyclo-cross-2024-2025.png\",\"keywords\":[\"br\u00e8ve\"],\"articleSection\":[\"Cyclo-cross\"],\"inLanguage\":\"fr-FR\",\"potentialAction\":[{\"@type\":\"CommentAction\",\"name\":\"Comment\",\"target\":[\"https:\/\/dicodusport.fr\/blog\/classement-general-hommes-coupe-du-monde-de-cyclo-cross-2024-2025\/#respond\"]}],\"copyrightYear\":\"2025\",\"copyrightHolder\":{\"@id\":\"https:\/\/dicodusport.fr\/blog\/#organization\"}},{\"@type\":\"WebPage\",\"@id\":\"https:\/\/dicodusport.fr\/blog\/classement-general-hommes-coupe-du-monde-de-cyclo-cross-2024-2025\/\",\"url\":\"https:\/\/dicodusport.fr\/blog\/classement-general-hommes-coupe-du-monde-de-cyclo-cross-2024-2025\/\",\"name\":\"Classement g\u00e9n\u00e9ral hommes Coupe du monde de cyclo-cross 2024-2025\",\"isPartOf\":{\"@id\":\"https:\/\/dicodusport.fr\/blog\/#website\"},\"primaryImageOfPage\":{\"@id\":\"https:\/\/dicodusport.fr\/blog\/classement-general-hommes-coupe-du-monde-de-cyclo-cross-2024-2025\/#primaryimage\"},\"image\":{\"@id\":\"https:\/\/dicodusport.fr\/blog\/classement-general-hommes-coupe-du-monde-de-cyclo-cross-2024-2025\/#primaryimage\"},\"thumbnailUrl\":\"https:\/\/dicodusport.fr\/blog\/wp-content\/uploads\/2024\/11\/Classement-general-hommes-Coupe-du-monde-de-cyclo-cross-2024-2025.png\",\"datePublished\":\"2025-01-26T15:21:08+00:00\",\"description\":\"Retrouvez le classement g\u00e9n\u00e9ral hommes (top 10) de la Coupe du monde de cyclo-cross 2024-2025.\u00a0\",\"breadcrumb\":{\"@id\":\"https:\/\/dicodusport.fr\/blog\/classement-general-hommes-coupe-du-monde-de-cyclo-cross-2024-2025\/#breadcrumb\"},\"inLanguage\":\"fr-FR\",\"potentialAction\":[{\"@type\":\"ReadAction\",\"target\":[\"https:\/\/dicodusport.fr\/blog\/classement-general-hommes-coupe-du-monde-de-cyclo-cross-2024-2025\/\"]}]},{\"@type\":\"ImageObject\",\"inLanguage\":\"fr-FR\",\"@id\":\"https:\/\/dicodusport.fr\/blog\/classement-general-hommes-coupe-du-monde-de-cyclo-cross-2024-2025\/#primaryimage\",\"url\":\"https:\/\/dicodusport.fr\/blog\/wp-content\/uploads\/2024\/11\/Classement-general-hommes-Coupe-du-monde-de-cyclo-cross-2024-2025.png\",\"contentUrl\":\"https:\/\/dicodusport.fr\/blog\/wp-content\/uploads\/2024\/11\/Classement-general-hommes-Coupe-du-monde-de-cyclo-cross-2024-2025.png\",\"width\":1200,\"height\":674,\"caption\":\"Classement g\u00e9n\u00e9ral hommes Coupe du monde de cyclo-cross 2024-2025\"},{\"@type\":\"BreadcrumbList\",\"@id\":\"https:\/\/dicodusport.fr\/blog\/classement-general-hommes-coupe-du-monde-de-cyclo-cross-2024-2025\/#breadcrumb\",\"itemListElement\":[{\"@type\":\"ListItem\",\"position\":1,\"name\":\"Accueil\",\"item\":\"https:\/\/dicodusport.fr\/blog\/\"},{\"@type\":\"ListItem\",\"position\":2,\"name\":\"Classement g\u00e9n\u00e9ral hommes Coupe du monde de cyclo-cross 2024-2025\"}]},{\"@type\":\"WebSite\",\"@id\":\"https:\/\/dicodusport.fr\/blog\/#website\",\"url\":\"https:\/\/dicodusport.fr\/blog\/\",\"name\":\"Dicodusport\",\"description\":\"L&#039;encyclop\u00e9die de l&#039;actualit\u00e9 sportive\",\"publisher\":{\"@id\":\"https:\/\/dicodusport.fr\/blog\/#organization\"},\"potentialAction\":[{\"@type\":\"SearchAction\",\"target\":{\"@type\":\"EntryPoint\",\"urlTemplate\":\"https:\/\/dicodusport.fr\/blog\/?s={search_term_string}\"},\"query-input\":{\"@type\":\"PropertyValueSpecification\",\"valueRequired\":true,\"valueName\":\"search_term_string\"}}],\"inLanguage\":\"fr-FR\"},{\"@type\":\"NewsMediaOrganization\",\"@id\":\"https:\/\/dicodusport.fr\/blog\/#organization\",\"name\":\"Dicodusport\",\"url\":\"https:\/\/dicodusport.fr\/blog\/\",\"logo\":{\"@type\":\"ImageObject\",\"inLanguage\":\"fr-FR\",\"@id\":\"https:\/\/dicodusport.fr\/blog\/#\/schema\/logo\/image\/\",\"url\":\"https:\/\/dicodusport.fr\/blog\/wp-content\/uploads\/2020\/06\/cropped-LOGO-DICODUSPORT-2020-SANS-FOND-SANS-TEXTE.png\",\"contentUrl\":\"https:\/\/dicodusport.fr\/blog\/wp-content\/uploads\/2020\/06\/cropped-LOGO-DICODUSPORT-2020-SANS-FOND-SANS-TEXTE.png\",\"width\":512,\"height\":512,\"caption\":\"Dicodusport\"},\"image\":{\"@id\":\"https:\/\/dicodusport.fr\/blog\/#\/schema\/logo\/image\/\"},\"sameAs\":[\"https:\/\/www.facebook.com\/dicodusport\",\"https:\/\/x.com\/dicodusport\",\"https:\/\/www.instagram.com\/dicodusport\/\",\"https:\/\/www.youtube.com\/channel\/UC7V2KZ5sd3htJivAbA4ZG3w\"],\"description\":\"Dicodusport est l'encyclop\u00e9die de l'actualit\u00e9 sportive.\",\"email\":\"bonjour@dicodusport.fr\",\"legalName\":\"DICODUSPORT\",\"foundingDate\":\"2018-01-14\",\"vatID\":\"FR71834470973\",\"taxID\":\"83447097300043\",\"numberOfEmployees\":{\"@type\":\"QuantitativeValue\",\"minValue\":\"1\",\"maxValue\":\"10\"}},{\"@type\":\"Person\",\"@id\":\"https:\/\/dicodusport.fr\/blog\/#\/schema\/person\/cb02af4c173ce4a653b55e9baf388d4a\",\"name\":\"Flo Ostermann\",\"image\":{\"@type\":\"ImageObject\",\"inLanguage\":\"fr-FR\",\"@id\":\"https:\/\/dicodusport.fr\/blog\/#\/schema\/person\/image\/\",\"url\":\"https:\/\/dicodusport.fr\/blog\/wp-content\/uploads\/2021\/05\/Flo-Ostermann-150x150.jpg\",\"contentUrl\":\"https:\/\/dicodusport.fr\/blog\/wp-content\/uploads\/2021\/05\/Flo-Ostermann-150x150.jpg\",\"caption\":\"Flo Ostermann\"},\"description\":\"Journaliste\/R\u00e9dacteur depuis septembre 2015 - Mes premiers souvenirs dans le sport ? Les envol\u00e9es du Stade Toulousain et les duels Villeneuve-Schumacher et H\u00e4kkinen-Schumacher \u00e0 la fin des ann\u00e9es 90, la Coupe du monde de football en 1998, l\u2019exploit du XV de France face aux All Blacks en 1999, mais aussi Richard C\u0153ur de Lion qui vole sur les montagnes du Tour de France. Bien parti pour devenir professeur d\u2019EPS, les \u00e9v\u00e9nements de la vie (et la flemme d\u2019animer des s\u00e9ances de 3x500 m\u00e8tres toute ma vie) m\u2019ont conduit \u00e0 revoir mes plans. Me voil\u00e0 depuis fin 2017 sur Dicodusport, m\u00e9dia gr\u00e2ce (et pour) lequel je partage ma passion : le sport dans tous ses \u00e9tats. Le tout accompagn\u00e9 par les fous furieux et folles furieuses cit\u00e9s sur cette page !\",\"sameAs\":[\"https:\/\/www.facebook.com\/florent.ostermann\",\"https:\/\/x.com\/https:\/\/twitter.com\/FlOstermann\",\"admin\"],\"url\":\"https:\/\/dicodusport.fr\/blog\/author\/flo\/\"}]}<\/script>\n<!-- \/ Yoast SEO Premium plugin. -->","yoast_head_json":{"title":"Classement g\u00e9n\u00e9ral hommes Coupe du monde de cyclo-cross 2024-2025","description":"Retrouvez le classement g\u00e9n\u00e9ral hommes (top 10) de la Coupe du monde de cyclo-cross 2024-2025.\u00a0","robots":{"index":"index","follow":"follow","max-snippet":"max-snippet:-1","max-image-preview":"max-image-preview:large","max-video-preview":"max-video-preview:-1"},"canonical":"https:\/\/dicodusport.fr\/blog\/classement-general-hommes-coupe-du-monde-de-cyclo-cross-2024-2025\/","og_locale":"fr_FR","og_type":"article","og_title":"Classement g\u00e9n\u00e9ral hommes Coupe du monde de cyclo-cross 2024-2025","og_description":"Retrouvez le classement g\u00e9n\u00e9ral hommes (top 10) de la Coupe du monde de cyclo-cross 2024-2025.\u00a0","og_url":"https:\/\/dicodusport.fr\/blog\/classement-general-hommes-coupe-du-monde-de-cyclo-cross-2024-2025\/","og_site_name":"Dicodusport","article_publisher":"https:\/\/www.facebook.com\/dicodusport","article_author":"https:\/\/www.facebook.com\/florent.ostermann","article_published_time":"2025-01-26T15:21:08+00:00","og_image":[{"width":1200,"height":674,"url":"https:\/\/dicodusport.fr\/blog\/wp-content\/uploads\/2024\/11\/Classement-general-hommes-Coupe-du-monde-de-cyclo-cross-2024-2025.png","type":"image\/png"}],"author":"Flo Ostermann","twitter_card":"summary_large_image","twitter_title":"Classement g\u00e9n\u00e9ral hommes Coupe du monde de cyclo-cross 2024-2025","twitter_creator":"@https:\/\/twitter.com\/FlOstermann","twitter_site":"@dicodusport","schema":{"@context":"https:\/\/schema.org","@graph":[{"@type":"NewsArticle","@id":"https:\/\/dicodusport.fr\/blog\/classement-general-hommes-coupe-du-monde-de-cyclo-cross-2024-2025\/#article","isPartOf":{"@id":"https:\/\/dicodusport.fr\/blog\/classement-general-hommes-coupe-du-monde-de-cyclo-cross-2024-2025\/"},"author":{"name":"Flo Ostermann","@id":"https:\/\/dicodusport.fr\/blog\/#\/schema\/person\/cb02af4c173ce4a653b55e9baf388d4a"},"headline":"Classement g\u00e9n\u00e9ral hommes Coupe du monde de cyclo-cross 2024-2025","datePublished":"2025-01-26T15:21:08+00:00","mainEntityOfPage":{"@id":"https:\/\/dicodusport.fr\/blog\/classement-general-hommes-coupe-du-monde-de-cyclo-cross-2024-2025\/"},"wordCount":199,"commentCount":0,"publisher":{"@id":"https:\/\/dicodusport.fr\/blog\/#organization"},"image":{"@id":"https:\/\/dicodusport.fr\/blog\/classement-general-hommes-coupe-du-monde-de-cyclo-cross-2024-2025\/#primaryimage"},"thumbnailUrl":"https:\/\/dicodusport.fr\/blog\/wp-content\/uploads\/2024\/11\/Classement-general-hommes-Coupe-du-monde-de-cyclo-cross-2024-2025.png","keywords":["br\u00e8ve"],"articleSection":["Cyclo-cross"],"inLanguage":"fr-FR","potentialAction":[{"@type":"CommentAction","name":"Comment","target":["https:\/\/dicodusport.fr\/blog\/classement-general-hommes-coupe-du-monde-de-cyclo-cross-2024-2025\/#respond"]}],"copyrightYear":"2025","copyrightHolder":{"@id":"https:\/\/dicodusport.fr\/blog\/#organization"}},{"@type":"WebPage","@id":"https:\/\/dicodusport.fr\/blog\/classement-general-hommes-coupe-du-monde-de-cyclo-cross-2024-2025\/","url":"https:\/\/dicodusport.fr\/blog\/classement-general-hommes-coupe-du-monde-de-cyclo-cross-2024-2025\/","name":"Classement g\u00e9n\u00e9ral hommes Coupe du monde de cyclo-cross 2024-2025","isPartOf":{"@id":"https:\/\/dicodusport.fr\/blog\/#website"},"primaryImageOfPage":{"@id":"https:\/\/dicodusport.fr\/blog\/classement-general-hommes-coupe-du-monde-de-cyclo-cross-2024-2025\/#primaryimage"},"image":{"@id":"https:\/\/dicodusport.fr\/blog\/classement-general-hommes-coupe-du-monde-de-cyclo-cross-2024-2025\/#primaryimage"},"thumbnailUrl":"https:\/\/dicodusport.fr\/blog\/wp-content\/uploads\/2024\/11\/Classement-general-hommes-Coupe-du-monde-de-cyclo-cross-2024-2025.png","datePublished":"2025-01-26T15:21:08+00:00","description":"Retrouvez le classement g\u00e9n\u00e9ral hommes (top 10) de la Coupe du monde de cyclo-cross 2024-2025.\u00a0","breadcrumb":{"@id":"https:\/\/dicodusport.fr\/blog\/classement-general-hommes-coupe-du-monde-de-cyclo-cross-2024-2025\/#breadcrumb"},"inLanguage":"fr-FR","potentialAction":[{"@type":"ReadAction","target":["https:\/\/dicodusport.fr\/blog\/classement-general-hommes-coupe-du-monde-de-cyclo-cross-2024-2025\/"]}]},{"@type":"ImageObject","inLanguage":"fr-FR","@id":"https:\/\/dicodusport.fr\/blog\/classement-general-hommes-coupe-du-monde-de-cyclo-cross-2024-2025\/#primaryimage","url":"https:\/\/dicodusport.fr\/blog\/wp-content\/uploads\/2024\/11\/Classement-general-hommes-Coupe-du-monde-de-cyclo-cross-2024-2025.png","contentUrl":"https:\/\/dicodusport.fr\/blog\/wp-content\/uploads\/2024\/11\/Classement-general-hommes-Coupe-du-monde-de-cyclo-cross-2024-2025.png","width":1200,"height":674,"caption":"Classement g\u00e9n\u00e9ral hommes Coupe du monde de cyclo-cross 2024-2025"},{"@type":"BreadcrumbList","@id":"https:\/\/dicodusport.fr\/blog\/classement-general-hommes-coupe-du-monde-de-cyclo-cross-2024-2025\/#breadcrumb","itemListElement":[{"@type":"ListItem","position":1,"name":"Accueil","item":"https:\/\/dicodusport.fr\/blog\/"},{"@type":"ListItem","position":2,"name":"Classement g\u00e9n\u00e9ral hommes Coupe du monde de cyclo-cross 2024-2025"}]},{"@type":"WebSite","@id":"https:\/\/dicodusport.fr\/blog\/#website","url":"https:\/\/dicodusport.fr\/blog\/","name":"Dicodusport","description":"L&#039;encyclop\u00e9die de l&#039;actualit\u00e9 sportive","publisher":{"@id":"https:\/\/dicodusport.fr\/blog\/#organization"},"potentialAction":[{"@type":"SearchAction","target":{"@type":"EntryPoint","urlTemplate":"https:\/\/dicodusport.fr\/blog\/?s={search_term_string}"},"query-input":{"@type":"PropertyValueSpecification","valueRequired":true,"valueName":"search_term_string"}}],"inLanguage":"fr-FR"},{"@type":"NewsMediaOrganization","@id":"https:\/\/dicodusport.fr\/blog\/#organization","name":"Dicodusport","url":"https:\/\/dicodusport.fr\/blog\/","logo":{"@type":"ImageObject","inLanguage":"fr-FR","@id":"https:\/\/dicodusport.fr\/blog\/#\/schema\/logo\/image\/","url":"https:\/\/dicodusport.fr\/blog\/wp-content\/uploads\/2020\/06\/cropped-LOGO-DICODUSPORT-2020-SANS-FOND-SANS-TEXTE.png","contentUrl":"https:\/\/dicodusport.fr\/blog\/wp-content\/uploads\/2020\/06\/cropped-LOGO-DICODUSPORT-2020-SANS-FOND-SANS-TEXTE.png","width":512,"height":512,"caption":"Dicodusport"},"image":{"@id":"https:\/\/dicodusport.fr\/blog\/#\/schema\/logo\/image\/"},"sameAs":["https:\/\/www.facebook.com\/dicodusport","https:\/\/x.com\/dicodusport","https:\/\/www.instagram.com\/dicodusport\/","https:\/\/www.youtube.com\/channel\/UC7V2KZ5sd3htJivAbA4ZG3w"],"description":"Dicodusport est l'encyclop\u00e9die de l'actualit\u00e9 sportive.","email":"bonjour@dicodusport.fr","legalName":"DICODUSPORT","foundingDate":"2018-01-14","vatID":"FR71834470973","taxID":"83447097300043","numberOfEmployees":{"@type":"QuantitativeValue","minValue":"1","maxValue":"10"}},{"@type":"Person","@id":"https:\/\/dicodusport.fr\/blog\/#\/schema\/person\/cb02af4c173ce4a653b55e9baf388d4a","name":"Flo Ostermann","image":{"@type":"ImageObject","inLanguage":"fr-FR","@id":"https:\/\/dicodusport.fr\/blog\/#\/schema\/person\/image\/","url":"https:\/\/dicodusport.fr\/blog\/wp-content\/uploads\/2021\/05\/Flo-Ostermann-150x150.jpg","contentUrl":"https:\/\/dicodusport.fr\/blog\/wp-content\/uploads\/2021\/05\/Flo-Ostermann-150x150.jpg","caption":"Flo Ostermann"},"description":"Journaliste\/R\u00e9dacteur depuis septembre 2015 - Mes premiers souvenirs dans le sport ? Les envol\u00e9es du Stade Toulousain et les duels Villeneuve-Schumacher et H\u00e4kkinen-Schumacher \u00e0 la fin des ann\u00e9es 90, la Coupe du monde de football en 1998, l\u2019exploit du XV de France face aux All Blacks en 1999, mais aussi Richard C\u0153ur de Lion qui vole sur les montagnes du Tour de France. Bien parti pour devenir professeur d\u2019EPS, les \u00e9v\u00e9nements de la vie (et la flemme d\u2019animer des s\u00e9ances de 3x500 m\u00e8tres toute ma vie) m\u2019ont conduit \u00e0 revoir mes plans. Me voil\u00e0 depuis fin 2017 sur Dicodusport, m\u00e9dia gr\u00e2ce (et pour) lequel je partage ma passion : le sport dans tous ses \u00e9tats. Le tout accompagn\u00e9 par les fous furieux et folles furieuses cit\u00e9s sur cette page !","sameAs":["https:\/\/www.facebook.com\/florent.ostermann","https:\/\/x.com\/https:\/\/twitter.com\/FlOstermann","admin"],"url":"https:\/\/dicodusport.fr\/blog\/author\/flo\/"}]}},"_links":{"self":[{"href":"https:\/\/dicodusport.fr\/blog\/wp-json\/wp\/v2\/posts\/534975","targetHints":{"allow":["GET"]}}],"collection":[{"href":"https:\/\/dicodusport.fr\/blog\/wp-json\/wp\/v2\/posts"}],"about":[{"href":"https:\/\/dicodusport.fr\/blog\/wp-json\/wp\/v2\/types\/post"}],"author":[{"embeddable":true,"href":"https:\/\/dicodusport.fr\/blog\/wp-json\/wp\/v2\/users\/4"}],"replies":[{"embeddable":true,"href":"https:\/\/dicodusport.fr\/blog\/wp-json\/wp\/v2\/comments?post=534975"}],"version-history":[{"count":5,"href":"https:\/\/dicodusport.fr\/blog\/wp-json\/wp\/v2\/posts\/534975\/revisions"}],"predecessor-version":[{"id":550283,"href":"https:\/\/dicodusport.fr\/blog\/wp-json\/wp\/v2\/posts\/534975\/revisions\/550283"}],"wp:featuredmedia":[{"embeddable":true,"href":"https:\/\/dicodusport.fr\/blog\/wp-json\/wp\/v2\/media\/534984"}],"wp:attachment":[{"href":"https:\/\/dicodusport.fr\/blog\/wp-json\/wp\/v2\/media?parent=534975"}],"wp:term":[{"taxonomy":"category","embeddable":true,"href":"https:\/\/dicodusport.fr\/blog\/wp-json\/wp\/v2\/categories?post=534975"},{"taxonomy":"post_tag","embeddable":true,"href":"https:\/\/dicodusport.fr\/blog\/wp-json\/wp\/v2\/tags?post=534975"}],"curies":[{"name":"wp","href":"https:\/\/api.w.org\/{rel}","templated":true}]}}