{"id":53499,"date":"2019-11-17T14:45:00","date_gmt":"2019-11-17T13:45:00","guid":{"rendered":"http:\/\/dicodusport.fr\/blog\/?p=53499&#038;preview=true&#038;preview_id=53499"},"modified":"2019-11-17T16:17:47","modified_gmt":"2019-11-17T15:17:47","slug":"moto-gp-marc-marquez-s-impose-valence-fabio-quartararo-deuxieme","status":"publish","type":"post","link":"https:\/\/dicodusport.fr\/blog\/moto-gp-marc-marquez-s-impose-valence-fabio-quartararo-deuxieme\/","title":{"rendered":"Moto GP : Marc Marquez s&rsquo;impose \u00e0 Valence, Fabio Quartararo deuxi\u00e8me"},"content":{"rendered":"<p style=\"text-align: justify;\"><em><strong><a href=\"https:\/\/fr.motorsport.com\/motogp\/\" target=\"_blank\" rel=\"noopener\">Moto GP<\/a> &#8211; Une nouvelle fois injouable, l&rsquo;Espagnol Marc Marquez a remport\u00e9 le Grand Prix de Valence, en cl\u00f4ture de la saison. Fabio Quartararo prend la deuxi\u00e8me place. L&rsquo;Australien Jack Miller compl\u00e8te le podium.<br \/>\n<\/strong><\/em><\/p>\n<p>On a pris l&rsquo;habitude de ce sc\u00e9nario. La pole position pour <strong>Fabio Quartararo<\/strong> (Petronas Yamaha), un Grand Prix r\u00e9ussi de la part du Fran\u00e7ais et \u00e0 la fin, une victoire de l&rsquo;ind\u00e9boulonnable <strong>Marc Marquez<\/strong> (Honda). Bis repetita ce dimanche \u00e0 Valence donc, en cl\u00f4ture de la saison 2019.<\/p>\n<p style=\"text-align: justify;\"><strong>Quartararo<\/strong>, auteur d&rsquo;un bon d\u00e9part, r\u00e9sistait durant huit tours, avant de voir le sextuple champion du monde de <strong>Moto GP<\/strong> le d\u00e9border. Ce dernier, qui n&rsquo;a cette fois pas attendu le dernier tour pour prendre le lead, d\u00e9croche ainsi sa 12\u00e8me victoire en 2019, en 19 courses. De son c\u00f4t\u00e9, le Ni\u00e7ois monte sur le podium pour la 7\u00e8me fois cette saison, et ce pour sa premi\u00e8re ann\u00e9e dans la cat\u00e9gorie reine. Chapeau.<\/p>\n<blockquote class=\"twitter-tweet\">\n<p dir=\"ltr\" lang=\"fr\"><a href=\"https:\/\/twitter.com\/hashtag\/ValenciaGP?src=hash&amp;ref_src=twsrc%5Etfw\">#ValenciaGP<\/a> &#x1f1ea;&#x1f1f8; <a href=\"https:\/\/twitter.com\/hashtag\/MotoGP?src=hash&amp;ref_src=twsrc%5Etfw\">#MotoGP<\/a><\/p>\n<p>La 12e victoire de la saison pour <a href=\"https:\/\/twitter.com\/marcmarquez93?ref_src=twsrc%5Etfw\">@marcmarquez93<\/a> ! Quelle saison de l&rsquo;Espagnol ! &#x1f44f;<a href=\"https:\/\/twitter.com\/FabioQ20?ref_src=twsrc%5Etfw\">@FabioQ20<\/a> 2e r\u00e9alise son 7e podium pour sa 1re saison en cat\u00e9gorie reine <a href=\"https:\/\/t.co\/GlefcpeHbo\">pic.twitter.com\/GlefcpeHbo<\/a><\/p>\n<p>\u2014 CANAL+ MotoGP&#x2122; (@CanalplusMotoGP) <a href=\"https:\/\/twitter.com\/CanalplusMotoGP\/status\/1196061452198711298?ref_src=twsrc%5Etfw\">November 17, 2019<\/a><\/p><\/blockquote>\n<p><script async src=\"https:\/\/platform.twitter.com\/widgets.js\" charset=\"utf-8\"><\/script><\/p>\n<p><strong><em>Dicodusport<br \/>\n<a href=\"https:\/\/www.facebook.com\/dicodusport\/\" target=\"_blank\" rel=\"noopener\"><img loading=\"lazy\" decoding=\"async\" class=\"alignnone wp-image-2909\" src=\"http:\/\/dicodusport.fr\/blog\/wp-content\/uploads\/2017\/07\/logo-facebook-150x150.png\" alt=\"\" width=\"40\" height=\"40\" \/><\/a><a href=\"https:\/\/twitter.com\/dicodusport\" target=\"_blank\" rel=\"noopener\"><img loading=\"lazy\" decoding=\"async\" class=\"alignnone wp-image-2908\" src=\"http:\/\/dicodusport.fr\/blog\/wp-content\/uploads\/2017\/07\/logo-twitter-150x150.png\" alt=\"\" width=\"39\" height=\"39\" \/><\/a><\/em><\/strong><\/p>\n","protected":false},"excerpt":{"rendered":"<p>Moto GP &#8211; Une nouvelle fois injouable, l&rsquo;Espagnol Marc Marquez a remport\u00e9 le Grand Prix de Valence, en cl\u00f4ture de la saison. Fabio Quartararo prend la deuxi\u00e8me place.<\/p>\n","protected":false},"author":4,"featured_media":53502,"comment_status":"open","ping_status":"closed","sticky":false,"template":"","format":"standard","meta":{"_acf_changed":false,"_daextam_enable_autolinks":"","footnotes":""},"categories":[8671],"tags":[9225,843,4736],"class_list":["post-53499","post","type-post","status-publish","format-standard","has-post-thumbnail","hentry","category-moto","tag-grand-prix-de-valence","tag-moto","tag-moto-gp"],"acf":[],"yoast_head":"<!-- This site is optimized with the Yoast SEO Premium plugin v26.7 (Yoast SEO v26.7) - https:\/\/yoast.com\/wordpress\/plugins\/seo\/ -->\n<title>Moto GP : Marc Marquez s&#039;impose \u00e0 Valence, Fabio Quartararo deuxi\u00e8me<\/title>\n<meta name=\"description\" content=\"Moto GP - Une nouvelle fois injouable, l&#039;Espagnol Marc Marquez a remport\u00e9 le Grand Prix de Valence, en cl\u00f4ture de la saison. Fabio Quartararo est deuxi\u00e8me.\" \/>\n<meta name=\"robots\" content=\"index, follow, max-snippet:-1, max-image-preview:large, max-video-preview:-1\" \/>\n<link rel=\"canonical\" href=\"https:\/\/dicodusport.fr\/blog\/moto-gp-marc-marquez-s-impose-valence-fabio-quartararo-deuxieme\/\" \/>\n<meta property=\"og:locale\" content=\"fr_FR\" \/>\n<meta property=\"og:type\" content=\"article\" \/>\n<meta property=\"og:title\" content=\"Moto GP : Marc Marquez s&#039;impose \u00e0 Valence, Fabio Quartararo deuxi\u00e8me\" \/>\n<meta property=\"og:description\" content=\"Moto GP - Une nouvelle fois injouable, l&#039;Espagnol Marc Marquez a remport\u00e9 le Grand Prix de Valence, en cl\u00f4ture de la saison. Fabio Quartararo est deuxi\u00e8me.\" \/>\n<meta property=\"og:url\" content=\"https:\/\/dicodusport.fr\/blog\/moto-gp-marc-marquez-s-impose-valence-fabio-quartararo-deuxieme\/\" \/>\n<meta property=\"og:site_name\" content=\"Dicodusport\" \/>\n<meta property=\"article:publisher\" content=\"https:\/\/www.facebook.com\/dicodusport\" \/>\n<meta property=\"article:author\" content=\"https:\/\/www.facebook.com\/florent.ostermann\" \/>\n<meta property=\"article:published_time\" content=\"2019-11-17T13:45:00+00:00\" \/>\n<meta property=\"article:modified_time\" content=\"2019-11-17T15:17:47+00:00\" \/>\n<meta property=\"og:image\" content=\"https:\/\/dicodusport.fr\/blog\/wp-content\/uploads\/2019\/11\/Moto-GP-Marc-Marquez-simpose-\u00e0-Valence.png\" \/>\n\t<meta property=\"og:image:width\" content=\"800\" \/>\n\t<meta property=\"og:image:height\" content=\"445\" \/>\n\t<meta property=\"og:image:type\" content=\"image\/png\" \/>\n<meta name=\"author\" content=\"Flo Ostermann\" \/>\n<meta name=\"twitter:card\" content=\"summary_large_image\" \/>\n<meta name=\"twitter:title\" content=\"Moto GP : Marc Marquez s&#039;impose \u00e0 Valence, Fabio Quartararo deuxi\u00e8me\" \/>\n<meta name=\"twitter:creator\" content=\"@https:\/\/twitter.com\/FlOstermann\" \/>\n<meta name=\"twitter:site\" content=\"@dicodusport\" \/>\n<script type=\"application\/ld+json\" class=\"yoast-schema-graph\">{\"@context\":\"https:\/\/schema.org\",\"@graph\":[{\"@type\":\"NewsArticle\",\"@id\":\"https:\/\/dicodusport.fr\/blog\/moto-gp-marc-marquez-s-impose-valence-fabio-quartararo-deuxieme\/#article\",\"isPartOf\":{\"@id\":\"https:\/\/dicodusport.fr\/blog\/moto-gp-marc-marquez-s-impose-valence-fabio-quartararo-deuxieme\/\"},\"author\":{\"name\":\"Flo Ostermann\",\"@id\":\"https:\/\/dicodusport.fr\/blog\/#\/schema\/person\/cb02af4c173ce4a653b55e9baf388d4a\"},\"headline\":\"Moto GP : Marc Marquez s&rsquo;impose \u00e0 Valence, Fabio Quartararo deuxi\u00e8me\",\"datePublished\":\"2019-11-17T13:45:00+00:00\",\"dateModified\":\"2019-11-17T15:17:47+00:00\",\"mainEntityOfPage\":{\"@id\":\"https:\/\/dicodusport.fr\/blog\/moto-gp-marc-marquez-s-impose-valence-fabio-quartararo-deuxieme\/\"},\"wordCount\":233,\"commentCount\":0,\"publisher\":{\"@id\":\"https:\/\/dicodusport.fr\/blog\/#organization\"},\"image\":{\"@id\":\"https:\/\/dicodusport.fr\/blog\/moto-gp-marc-marquez-s-impose-valence-fabio-quartararo-deuxieme\/#primaryimage\"},\"thumbnailUrl\":\"https:\/\/dicodusport.fr\/blog\/wp-content\/uploads\/2019\/11\/Moto-GP-Marc-Marquez-simpose-\u00e0-Valence.png\",\"keywords\":[\"Grand Prix de Valence\",\"moto\",\"Moto GP\"],\"articleSection\":[\"Moto\"],\"inLanguage\":\"fr-FR\",\"potentialAction\":[{\"@type\":\"CommentAction\",\"name\":\"Comment\",\"target\":[\"https:\/\/dicodusport.fr\/blog\/moto-gp-marc-marquez-s-impose-valence-fabio-quartararo-deuxieme\/#respond\"]}],\"copyrightYear\":\"2019\",\"copyrightHolder\":{\"@id\":\"https:\/\/dicodusport.fr\/blog\/#organization\"}},{\"@type\":\"WebPage\",\"@id\":\"https:\/\/dicodusport.fr\/blog\/moto-gp-marc-marquez-s-impose-valence-fabio-quartararo-deuxieme\/\",\"url\":\"https:\/\/dicodusport.fr\/blog\/moto-gp-marc-marquez-s-impose-valence-fabio-quartararo-deuxieme\/\",\"name\":\"Moto GP : Marc Marquez s'impose \u00e0 Valence, Fabio Quartararo deuxi\u00e8me\",\"isPartOf\":{\"@id\":\"https:\/\/dicodusport.fr\/blog\/#website\"},\"primaryImageOfPage\":{\"@id\":\"https:\/\/dicodusport.fr\/blog\/moto-gp-marc-marquez-s-impose-valence-fabio-quartararo-deuxieme\/#primaryimage\"},\"image\":{\"@id\":\"https:\/\/dicodusport.fr\/blog\/moto-gp-marc-marquez-s-impose-valence-fabio-quartararo-deuxieme\/#primaryimage\"},\"thumbnailUrl\":\"https:\/\/dicodusport.fr\/blog\/wp-content\/uploads\/2019\/11\/Moto-GP-Marc-Marquez-simpose-\u00e0-Valence.png\",\"datePublished\":\"2019-11-17T13:45:00+00:00\",\"dateModified\":\"2019-11-17T15:17:47+00:00\",\"description\":\"Moto GP - Une nouvelle fois injouable, l'Espagnol Marc Marquez a remport\u00e9 le Grand Prix de Valence, en cl\u00f4ture de la saison. Fabio Quartararo est deuxi\u00e8me.\",\"breadcrumb\":{\"@id\":\"https:\/\/dicodusport.fr\/blog\/moto-gp-marc-marquez-s-impose-valence-fabio-quartararo-deuxieme\/#breadcrumb\"},\"inLanguage\":\"fr-FR\",\"potentialAction\":[{\"@type\":\"ReadAction\",\"target\":[\"https:\/\/dicodusport.fr\/blog\/moto-gp-marc-marquez-s-impose-valence-fabio-quartararo-deuxieme\/\"]}]},{\"@type\":\"ImageObject\",\"inLanguage\":\"fr-FR\",\"@id\":\"https:\/\/dicodusport.fr\/blog\/moto-gp-marc-marquez-s-impose-valence-fabio-quartararo-deuxieme\/#primaryimage\",\"url\":\"https:\/\/dicodusport.fr\/blog\/wp-content\/uploads\/2019\/11\/Moto-GP-Marc-Marquez-simpose-\u00e0-Valence.png\",\"contentUrl\":\"https:\/\/dicodusport.fr\/blog\/wp-content\/uploads\/2019\/11\/Moto-GP-Marc-Marquez-simpose-\u00e0-Valence.png\",\"width\":800,\"height\":445,\"caption\":\"Moto GP - Marc Marquez s'impose \u00e0 Valence\"},{\"@type\":\"BreadcrumbList\",\"@id\":\"https:\/\/dicodusport.fr\/blog\/moto-gp-marc-marquez-s-impose-valence-fabio-quartararo-deuxieme\/#breadcrumb\",\"itemListElement\":[{\"@type\":\"ListItem\",\"position\":1,\"name\":\"Accueil\",\"item\":\"https:\/\/dicodusport.fr\/blog\/\"},{\"@type\":\"ListItem\",\"position\":2,\"name\":\"Moto GP : Marc Marquez s&rsquo;impose \u00e0 Valence, Fabio Quartararo deuxi\u00e8me\"}]},{\"@type\":\"WebSite\",\"@id\":\"https:\/\/dicodusport.fr\/blog\/#website\",\"url\":\"https:\/\/dicodusport.fr\/blog\/\",\"name\":\"Dicodusport\",\"description\":\"L&#039;encyclop\u00e9die de l&#039;actualit\u00e9 sportive\",\"publisher\":{\"@id\":\"https:\/\/dicodusport.fr\/blog\/#organization\"},\"potentialAction\":[{\"@type\":\"SearchAction\",\"target\":{\"@type\":\"EntryPoint\",\"urlTemplate\":\"https:\/\/dicodusport.fr\/blog\/?s={search_term_string}\"},\"query-input\":{\"@type\":\"PropertyValueSpecification\",\"valueRequired\":true,\"valueName\":\"search_term_string\"}}],\"inLanguage\":\"fr-FR\"},{\"@type\":\"NewsMediaOrganization\",\"@id\":\"https:\/\/dicodusport.fr\/blog\/#organization\",\"name\":\"Dicodusport\",\"url\":\"https:\/\/dicodusport.fr\/blog\/\",\"logo\":{\"@type\":\"ImageObject\",\"inLanguage\":\"fr-FR\",\"@id\":\"https:\/\/dicodusport.fr\/blog\/#\/schema\/logo\/image\/\",\"url\":\"https:\/\/dicodusport.fr\/blog\/wp-content\/uploads\/2020\/06\/cropped-LOGO-DICODUSPORT-2020-SANS-FOND-SANS-TEXTE.png\",\"contentUrl\":\"https:\/\/dicodusport.fr\/blog\/wp-content\/uploads\/2020\/06\/cropped-LOGO-DICODUSPORT-2020-SANS-FOND-SANS-TEXTE.png\",\"width\":512,\"height\":512,\"caption\":\"Dicodusport\"},\"image\":{\"@id\":\"https:\/\/dicodusport.fr\/blog\/#\/schema\/logo\/image\/\"},\"sameAs\":[\"https:\/\/www.facebook.com\/dicodusport\",\"https:\/\/x.com\/dicodusport\",\"https:\/\/www.instagram.com\/dicodusport\/\",\"https:\/\/www.youtube.com\/channel\/UC7V2KZ5sd3htJivAbA4ZG3w\"],\"description\":\"Dicodusport est l'encyclop\u00e9die de l'actualit\u00e9 sportive.\",\"email\":\"bonjour@dicodusport.fr\",\"legalName\":\"DICODUSPORT\",\"foundingDate\":\"2018-01-14\",\"vatID\":\"FR71834470973\",\"taxID\":\"83447097300043\",\"numberOfEmployees\":{\"@type\":\"QuantitativeValue\",\"minValue\":\"1\",\"maxValue\":\"10\"}},{\"@type\":\"Person\",\"@id\":\"https:\/\/dicodusport.fr\/blog\/#\/schema\/person\/cb02af4c173ce4a653b55e9baf388d4a\",\"name\":\"Flo Ostermann\",\"image\":{\"@type\":\"ImageObject\",\"inLanguage\":\"fr-FR\",\"@id\":\"https:\/\/dicodusport.fr\/blog\/#\/schema\/person\/image\/\",\"url\":\"https:\/\/dicodusport.fr\/blog\/wp-content\/uploads\/2021\/05\/Flo-Ostermann-150x150.jpg\",\"contentUrl\":\"https:\/\/dicodusport.fr\/blog\/wp-content\/uploads\/2021\/05\/Flo-Ostermann-150x150.jpg\",\"caption\":\"Flo Ostermann\"},\"description\":\"Journaliste\/R\u00e9dacteur depuis septembre 2015 - Mes premiers souvenirs dans le sport ? Les envol\u00e9es du Stade Toulousain et les duels Villeneuve-Schumacher et H\u00e4kkinen-Schumacher \u00e0 la fin des ann\u00e9es 90, la Coupe du monde de football en 1998, l\u2019exploit du XV de France face aux All Blacks en 1999, mais aussi Richard C\u0153ur de Lion qui vole sur les montagnes du Tour de France. Bien parti pour devenir professeur d\u2019EPS, les \u00e9v\u00e9nements de la vie (et la flemme d\u2019animer des s\u00e9ances de 3x500 m\u00e8tres toute ma vie) m\u2019ont conduit \u00e0 revoir mes plans. Me voil\u00e0 depuis fin 2017 sur Dicodusport, m\u00e9dia gr\u00e2ce (et pour) lequel je partage ma passion : le sport dans tous ses \u00e9tats. Le tout accompagn\u00e9 par les fous furieux et folles furieuses cit\u00e9s sur cette page !\",\"sameAs\":[\"https:\/\/www.facebook.com\/florent.ostermann\",\"https:\/\/x.com\/https:\/\/twitter.com\/FlOstermann\",\"admin\"],\"url\":\"https:\/\/dicodusport.fr\/blog\/author\/flo\/\"}]}<\/script>\n<!-- \/ Yoast SEO Premium plugin. -->","yoast_head_json":{"title":"Moto GP : Marc Marquez s'impose \u00e0 Valence, Fabio Quartararo deuxi\u00e8me","description":"Moto GP - Une nouvelle fois injouable, l'Espagnol Marc Marquez a remport\u00e9 le Grand Prix de Valence, en cl\u00f4ture de la saison. Fabio Quartararo est deuxi\u00e8me.","robots":{"index":"index","follow":"follow","max-snippet":"max-snippet:-1","max-image-preview":"max-image-preview:large","max-video-preview":"max-video-preview:-1"},"canonical":"https:\/\/dicodusport.fr\/blog\/moto-gp-marc-marquez-s-impose-valence-fabio-quartararo-deuxieme\/","og_locale":"fr_FR","og_type":"article","og_title":"Moto GP : Marc Marquez s'impose \u00e0 Valence, Fabio Quartararo deuxi\u00e8me","og_description":"Moto GP - Une nouvelle fois injouable, l'Espagnol Marc Marquez a remport\u00e9 le Grand Prix de Valence, en cl\u00f4ture de la saison. Fabio Quartararo est deuxi\u00e8me.","og_url":"https:\/\/dicodusport.fr\/blog\/moto-gp-marc-marquez-s-impose-valence-fabio-quartararo-deuxieme\/","og_site_name":"Dicodusport","article_publisher":"https:\/\/www.facebook.com\/dicodusport","article_author":"https:\/\/www.facebook.com\/florent.ostermann","article_published_time":"2019-11-17T13:45:00+00:00","article_modified_time":"2019-11-17T15:17:47+00:00","og_image":[{"width":800,"height":445,"url":"https:\/\/dicodusport.fr\/blog\/wp-content\/uploads\/2019\/11\/Moto-GP-Marc-Marquez-simpose-\u00e0-Valence.png","type":"image\/png"}],"author":"Flo Ostermann","twitter_card":"summary_large_image","twitter_title":"Moto GP : Marc Marquez s'impose \u00e0 Valence, Fabio Quartararo deuxi\u00e8me","twitter_creator":"@https:\/\/twitter.com\/FlOstermann","twitter_site":"@dicodusport","schema":{"@context":"https:\/\/schema.org","@graph":[{"@type":"NewsArticle","@id":"https:\/\/dicodusport.fr\/blog\/moto-gp-marc-marquez-s-impose-valence-fabio-quartararo-deuxieme\/#article","isPartOf":{"@id":"https:\/\/dicodusport.fr\/blog\/moto-gp-marc-marquez-s-impose-valence-fabio-quartararo-deuxieme\/"},"author":{"name":"Flo Ostermann","@id":"https:\/\/dicodusport.fr\/blog\/#\/schema\/person\/cb02af4c173ce4a653b55e9baf388d4a"},"headline":"Moto GP : Marc Marquez s&rsquo;impose \u00e0 Valence, Fabio Quartararo deuxi\u00e8me","datePublished":"2019-11-17T13:45:00+00:00","dateModified":"2019-11-17T15:17:47+00:00","mainEntityOfPage":{"@id":"https:\/\/dicodusport.fr\/blog\/moto-gp-marc-marquez-s-impose-valence-fabio-quartararo-deuxieme\/"},"wordCount":233,"commentCount":0,"publisher":{"@id":"https:\/\/dicodusport.fr\/blog\/#organization"},"image":{"@id":"https:\/\/dicodusport.fr\/blog\/moto-gp-marc-marquez-s-impose-valence-fabio-quartararo-deuxieme\/#primaryimage"},"thumbnailUrl":"https:\/\/dicodusport.fr\/blog\/wp-content\/uploads\/2019\/11\/Moto-GP-Marc-Marquez-simpose-\u00e0-Valence.png","keywords":["Grand Prix de Valence","moto","Moto GP"],"articleSection":["Moto"],"inLanguage":"fr-FR","potentialAction":[{"@type":"CommentAction","name":"Comment","target":["https:\/\/dicodusport.fr\/blog\/moto-gp-marc-marquez-s-impose-valence-fabio-quartararo-deuxieme\/#respond"]}],"copyrightYear":"2019","copyrightHolder":{"@id":"https:\/\/dicodusport.fr\/blog\/#organization"}},{"@type":"WebPage","@id":"https:\/\/dicodusport.fr\/blog\/moto-gp-marc-marquez-s-impose-valence-fabio-quartararo-deuxieme\/","url":"https:\/\/dicodusport.fr\/blog\/moto-gp-marc-marquez-s-impose-valence-fabio-quartararo-deuxieme\/","name":"Moto GP : Marc Marquez s'impose \u00e0 Valence, Fabio Quartararo deuxi\u00e8me","isPartOf":{"@id":"https:\/\/dicodusport.fr\/blog\/#website"},"primaryImageOfPage":{"@id":"https:\/\/dicodusport.fr\/blog\/moto-gp-marc-marquez-s-impose-valence-fabio-quartararo-deuxieme\/#primaryimage"},"image":{"@id":"https:\/\/dicodusport.fr\/blog\/moto-gp-marc-marquez-s-impose-valence-fabio-quartararo-deuxieme\/#primaryimage"},"thumbnailUrl":"https:\/\/dicodusport.fr\/blog\/wp-content\/uploads\/2019\/11\/Moto-GP-Marc-Marquez-simpose-\u00e0-Valence.png","datePublished":"2019-11-17T13:45:00+00:00","dateModified":"2019-11-17T15:17:47+00:00","description":"Moto GP - Une nouvelle fois injouable, l'Espagnol Marc Marquez a remport\u00e9 le Grand Prix de Valence, en cl\u00f4ture de la saison. Fabio Quartararo est deuxi\u00e8me.","breadcrumb":{"@id":"https:\/\/dicodusport.fr\/blog\/moto-gp-marc-marquez-s-impose-valence-fabio-quartararo-deuxieme\/#breadcrumb"},"inLanguage":"fr-FR","potentialAction":[{"@type":"ReadAction","target":["https:\/\/dicodusport.fr\/blog\/moto-gp-marc-marquez-s-impose-valence-fabio-quartararo-deuxieme\/"]}]},{"@type":"ImageObject","inLanguage":"fr-FR","@id":"https:\/\/dicodusport.fr\/blog\/moto-gp-marc-marquez-s-impose-valence-fabio-quartararo-deuxieme\/#primaryimage","url":"https:\/\/dicodusport.fr\/blog\/wp-content\/uploads\/2019\/11\/Moto-GP-Marc-Marquez-simpose-\u00e0-Valence.png","contentUrl":"https:\/\/dicodusport.fr\/blog\/wp-content\/uploads\/2019\/11\/Moto-GP-Marc-Marquez-simpose-\u00e0-Valence.png","width":800,"height":445,"caption":"Moto GP - Marc Marquez s'impose \u00e0 Valence"},{"@type":"BreadcrumbList","@id":"https:\/\/dicodusport.fr\/blog\/moto-gp-marc-marquez-s-impose-valence-fabio-quartararo-deuxieme\/#breadcrumb","itemListElement":[{"@type":"ListItem","position":1,"name":"Accueil","item":"https:\/\/dicodusport.fr\/blog\/"},{"@type":"ListItem","position":2,"name":"Moto GP : Marc Marquez s&rsquo;impose \u00e0 Valence, Fabio Quartararo deuxi\u00e8me"}]},{"@type":"WebSite","@id":"https:\/\/dicodusport.fr\/blog\/#website","url":"https:\/\/dicodusport.fr\/blog\/","name":"Dicodusport","description":"L&#039;encyclop\u00e9die de l&#039;actualit\u00e9 sportive","publisher":{"@id":"https:\/\/dicodusport.fr\/blog\/#organization"},"potentialAction":[{"@type":"SearchAction","target":{"@type":"EntryPoint","urlTemplate":"https:\/\/dicodusport.fr\/blog\/?s={search_term_string}"},"query-input":{"@type":"PropertyValueSpecification","valueRequired":true,"valueName":"search_term_string"}}],"inLanguage":"fr-FR"},{"@type":"NewsMediaOrganization","@id":"https:\/\/dicodusport.fr\/blog\/#organization","name":"Dicodusport","url":"https:\/\/dicodusport.fr\/blog\/","logo":{"@type":"ImageObject","inLanguage":"fr-FR","@id":"https:\/\/dicodusport.fr\/blog\/#\/schema\/logo\/image\/","url":"https:\/\/dicodusport.fr\/blog\/wp-content\/uploads\/2020\/06\/cropped-LOGO-DICODUSPORT-2020-SANS-FOND-SANS-TEXTE.png","contentUrl":"https:\/\/dicodusport.fr\/blog\/wp-content\/uploads\/2020\/06\/cropped-LOGO-DICODUSPORT-2020-SANS-FOND-SANS-TEXTE.png","width":512,"height":512,"caption":"Dicodusport"},"image":{"@id":"https:\/\/dicodusport.fr\/blog\/#\/schema\/logo\/image\/"},"sameAs":["https:\/\/www.facebook.com\/dicodusport","https:\/\/x.com\/dicodusport","https:\/\/www.instagram.com\/dicodusport\/","https:\/\/www.youtube.com\/channel\/UC7V2KZ5sd3htJivAbA4ZG3w"],"description":"Dicodusport est l'encyclop\u00e9die de l'actualit\u00e9 sportive.","email":"bonjour@dicodusport.fr","legalName":"DICODUSPORT","foundingDate":"2018-01-14","vatID":"FR71834470973","taxID":"83447097300043","numberOfEmployees":{"@type":"QuantitativeValue","minValue":"1","maxValue":"10"}},{"@type":"Person","@id":"https:\/\/dicodusport.fr\/blog\/#\/schema\/person\/cb02af4c173ce4a653b55e9baf388d4a","name":"Flo Ostermann","image":{"@type":"ImageObject","inLanguage":"fr-FR","@id":"https:\/\/dicodusport.fr\/blog\/#\/schema\/person\/image\/","url":"https:\/\/dicodusport.fr\/blog\/wp-content\/uploads\/2021\/05\/Flo-Ostermann-150x150.jpg","contentUrl":"https:\/\/dicodusport.fr\/blog\/wp-content\/uploads\/2021\/05\/Flo-Ostermann-150x150.jpg","caption":"Flo Ostermann"},"description":"Journaliste\/R\u00e9dacteur depuis septembre 2015 - Mes premiers souvenirs dans le sport ? Les envol\u00e9es du Stade Toulousain et les duels Villeneuve-Schumacher et H\u00e4kkinen-Schumacher \u00e0 la fin des ann\u00e9es 90, la Coupe du monde de football en 1998, l\u2019exploit du XV de France face aux All Blacks en 1999, mais aussi Richard C\u0153ur de Lion qui vole sur les montagnes du Tour de France. Bien parti pour devenir professeur d\u2019EPS, les \u00e9v\u00e9nements de la vie (et la flemme d\u2019animer des s\u00e9ances de 3x500 m\u00e8tres toute ma vie) m\u2019ont conduit \u00e0 revoir mes plans. Me voil\u00e0 depuis fin 2017 sur Dicodusport, m\u00e9dia gr\u00e2ce (et pour) lequel je partage ma passion : le sport dans tous ses \u00e9tats. Le tout accompagn\u00e9 par les fous furieux et folles furieuses cit\u00e9s sur cette page !","sameAs":["https:\/\/www.facebook.com\/florent.ostermann","https:\/\/x.com\/https:\/\/twitter.com\/FlOstermann","admin"],"url":"https:\/\/dicodusport.fr\/blog\/author\/flo\/"}]}},"_links":{"self":[{"href":"https:\/\/dicodusport.fr\/blog\/wp-json\/wp\/v2\/posts\/53499","targetHints":{"allow":["GET"]}}],"collection":[{"href":"https:\/\/dicodusport.fr\/blog\/wp-json\/wp\/v2\/posts"}],"about":[{"href":"https:\/\/dicodusport.fr\/blog\/wp-json\/wp\/v2\/types\/post"}],"author":[{"embeddable":true,"href":"https:\/\/dicodusport.fr\/blog\/wp-json\/wp\/v2\/users\/4"}],"replies":[{"embeddable":true,"href":"https:\/\/dicodusport.fr\/blog\/wp-json\/wp\/v2\/comments?post=53499"}],"version-history":[{"count":0,"href":"https:\/\/dicodusport.fr\/blog\/wp-json\/wp\/v2\/posts\/53499\/revisions"}],"wp:featuredmedia":[{"embeddable":true,"href":"https:\/\/dicodusport.fr\/blog\/wp-json\/wp\/v2\/media\/53502"}],"wp:attachment":[{"href":"https:\/\/dicodusport.fr\/blog\/wp-json\/wp\/v2\/media?parent=53499"}],"wp:term":[{"taxonomy":"category","embeddable":true,"href":"https:\/\/dicodusport.fr\/blog\/wp-json\/wp\/v2\/categories?post=53499"},{"taxonomy":"post_tag","embeddable":true,"href":"https:\/\/dicodusport.fr\/blog\/wp-json\/wp\/v2\/tags?post=53499"}],"curies":[{"name":"wp","href":"https:\/\/api.w.org\/{rel}","templated":true}]}}