{"id":53500,"date":"2019-11-17T14:58:52","date_gmt":"2019-11-17T13:58:52","guid":{"rendered":"http:\/\/dicodusport.fr\/blog\/?p=53500&#038;preview=true&#038;preview_id=53500"},"modified":"2019-11-17T15:09:16","modified_gmt":"2019-11-17T14:09:16","slug":"biathlon-mass-start-sjusjoen-martin-fourcade-patronpatron-antonin-guigonnat-2eme","status":"publish","type":"post","link":"https:\/\/dicodusport.fr\/blog\/biathlon-mass-start-sjusjoen-martin-fourcade-patronpatron-antonin-guigonnat-2eme\/","title":{"rendered":"Biathlon \u2013 Mass start Sjusjoen : Martin Fourcade s&rsquo;impose en patron, Antonin Guigonnat 2\u00e8me"},"content":{"rendered":"<p style=\"text-align: justify;\"><em><b>Au lendemain de la victoire\u00a0de Johannes Kuehn sur le sprint, les meilleurs\u00a0biathl\u00e8tes \u00e9taient au d\u00e9part de la mass start des s\u00e9lections norv\u00e9giennes de Sjusjoen.<br \/>\n<\/b><\/em><\/p>\n<p style=\"text-align: justify;\"><span class=\"st\"><a href=\"https:\/\/dicodusport.fr\/blog\/biathlon-sprint-sjusjoen-martin-fourcade-troisieme-johannes-kuehn-vainqueur\/\" target=\"_blank\" rel=\"noopener\">Troisi\u00e8me sur le sprint ce samedi<\/a>, le quintuple champion olympique <a href=\"https:\/\/www.biathlonworld.com\/athletes\/martin-fourcade\/id\/btfra11409198801\/\" target=\"_blank\" rel=\"noopener\"><strong>Martin Fourcade<\/strong><\/a> a <\/span><span class=\"st\">commis une erreur lors de son premier tir couch\u00e9 avant de se reprendre et de faire 14\/15 sur les trois derniers tirs, pour ne laisser aucune chance \u00e0 ses adversaires. De son c\u00f4t\u00e9, <strong>Antonin Guigonnat,<\/strong> deuxi\u00e8me \u00e0 la sortie du dernier tir gr\u00e2ce \u00e0 un 19\/20, a r\u00e9sist\u00e9 au jeune norv\u00e9gien <strong>Endre Stromshein<\/strong>, troisi\u00e8me, qui a lui r\u00e9alis\u00e9 un joli 18\/20 au tir aujourd&rsquo;hui.<\/span><\/p>\n<blockquote class=\"twitter-tweet\">\n<p dir=\"ltr\" lang=\"fr\">&#x1f60d;&#x1f1eb;&#x1f1f7; Le doubl\u00e9 fran\u00e7ais dans cette mass start de pr\u00e9-saison !<\/p>\n<p>Martin Fourcade s&rsquo;impose devant Antonin Guigonnat &#x1f44f;<a href=\"https:\/\/twitter.com\/hashtag\/lequipeBIATHLON?src=hash&amp;ref_src=twsrc%5Etfw\">#lequipeBIATHLON<\/a> <a href=\"https:\/\/t.co\/uzdhFrNbxp\">pic.twitter.com\/uzdhFrNbxp<\/a><\/p>\n<p>\u2014 la chaine L&rsquo;\u00c9quipe (@lachainelequipe) <a href=\"https:\/\/twitter.com\/lachainelequipe\/status\/1196064252844531712?ref_src=twsrc%5Etfw\">November 17, 2019<\/a><\/p><\/blockquote>\n<p><script async src=\"https:\/\/platform.twitter.com\/widgets.js\" charset=\"utf-8\"><\/script><\/p>\n<h2 style=\"text-align: justify;\">Johannes Boe mitig\u00e9, la craquante de Simon Desthieux<\/h2>\n<p style=\"text-align: justify;\"><span class=\"st\"><strong>Johannes Boe <\/strong>n&rsquo;\u00e9tait pas dans un bon jour derri\u00e8re la carabine, avec 3 fautes sur les deux tirs couch\u00e9s, qui ont mis fin \u00e0 ses espoirs de victoire. Gr\u00e2ce \u00e0 un 9\/10 sur le debout le vainqueur du gros globe la saison pass\u00e9e prend quand m\u00eame la 6\u00e8me place, avec le meilleur temps sur les skis.<\/span><\/p>\n<p style=\"text-align: justify;\"><span class=\"st\">Fortunes diverses pour le reste du clan tricolore. <strong>Quentin Fillon Maillet<\/strong>, trois fautes aujourd&rsquo;hui, et <strong>Fabien Claude<\/strong>, quatre erreurs, terminent respectivement 12\u00e8me et 13\u00e8me. Auteur d&rsquo;un 16\/20, <strong>Emilien Jacquelin<\/strong> est 19\u00e8me. Des regrets pour <strong>Simon Desthieux<\/strong>, avec six fautes dont quatre sur le dernier debout, pour une 22\u00e8me place sur la ligne.<\/span><\/p>\n<p><strong><em>Dicodusport<br \/>\n<a href=\"https:\/\/www.facebook.com\/dicodusport\/\" target=\"_blank\" rel=\"noopener\"><img loading=\"lazy\" decoding=\"async\" class=\"alignnone wp-image-2909\" src=\"http:\/\/dicodusport.fr\/blog\/wp-content\/uploads\/2017\/07\/logo-facebook-150x150.png\" alt=\"\" width=\"40\" height=\"40\" \/><\/a><a href=\"https:\/\/twitter.com\/dicodusport\" target=\"_blank\" rel=\"noopener\"><img loading=\"lazy\" decoding=\"async\" class=\"alignnone wp-image-2908\" src=\"http:\/\/dicodusport.fr\/blog\/wp-content\/uploads\/2017\/07\/logo-twitter-150x150.png\" alt=\"\" width=\"39\" height=\"39\" \/><\/a><\/em><\/strong><\/p>\n","protected":false},"excerpt":{"rendered":"<p>Martin Fourcade a remport\u00e9 ce dimanche la mass start des s\u00e9lections norv\u00e9giennes de Sjusjoen. Antonin Guigonnat est deuxi\u00e8me.<\/p>\n","protected":false},"author":1,"featured_media":53506,"comment_status":"open","ping_status":"closed","sticky":false,"template":"","format":"standard","meta":{"_acf_changed":false,"_daextam_enable_autolinks":"","footnotes":""},"categories":[2426],"tags":[2427,2963,2198,9201],"class_list":["post-53500","post","type-post","status-publish","format-standard","has-post-thumbnail","hentry","category-biathlon","tag-biathlon","tag-boe","tag-fourcade","tag-sjusjoen"],"acf":[],"yoast_head":"<!-- This site is optimized with the Yoast SEO Premium plugin v26.7 (Yoast SEO v26.7) - https:\/\/yoast.com\/wordpress\/plugins\/seo\/ -->\n<title>Biathlon \u2013 Mass start Sjusjoen : Martin Fourcade s&#039;impose en patron, Antonin Guigonnat 2\u00e8me<\/title>\n<meta name=\"description\" content=\"Martin Fourcade a remport\u00e9 ce dimanche la mass start des s\u00e9lections norv\u00e9giennes de Sjusjoen. Antonin Guigonnat est deuxi\u00e8me.\" \/>\n<meta name=\"robots\" content=\"index, follow, max-snippet:-1, max-image-preview:large, max-video-preview:-1\" \/>\n<link rel=\"canonical\" href=\"https:\/\/dicodusport.fr\/blog\/biathlon-mass-start-sjusjoen-martin-fourcade-patronpatron-antonin-guigonnat-2eme\/\" \/>\n<meta property=\"og:locale\" content=\"fr_FR\" \/>\n<meta property=\"og:type\" content=\"article\" \/>\n<meta property=\"og:title\" content=\"Biathlon \u2013 Mass start Sjusjoen : Martin Fourcade s&#039;impose en patron\" \/>\n<meta property=\"og:description\" content=\"Martin Fourcade a remport\u00e9 ce dimanche la mass start des s\u00e9lections norv\u00e9giennes de Sjusjoen. Antonin Guigonnat est deuxi\u00e8me.\" \/>\n<meta property=\"og:url\" content=\"https:\/\/dicodusport.fr\/blog\/biathlon-mass-start-sjusjoen-martin-fourcade-patronpatron-antonin-guigonnat-2eme\/\" \/>\n<meta property=\"og:site_name\" content=\"Dicodusport\" \/>\n<meta property=\"article:publisher\" content=\"https:\/\/www.facebook.com\/dicodusport\" \/>\n<meta property=\"article:author\" content=\"https:\/\/www.facebook.com\/dicodusport\" \/>\n<meta property=\"article:published_time\" content=\"2019-11-17T13:58:52+00:00\" \/>\n<meta property=\"article:modified_time\" content=\"2019-11-17T14:09:16+00:00\" \/>\n<meta property=\"og:image\" content=\"https:\/\/dicodusport.fr\/blog\/wp-content\/uploads\/2019\/11\/Martin-Fourcade-remporte-la-mass-start-\u00e0-Sjusjoen.png\" \/>\n\t<meta property=\"og:image:width\" content=\"800\" \/>\n\t<meta property=\"og:image:height\" content=\"445\" \/>\n\t<meta property=\"og:image:type\" content=\"image\/png\" \/>\n<meta name=\"author\" content=\"Nicolas Jacquemard\" \/>\n<meta name=\"twitter:card\" content=\"summary_large_image\" \/>\n<meta name=\"twitter:title\" content=\"Biathlon \u2013 Mass start Sjusjoen : Martin Fourcade s&#039;impose en patron\" \/>\n<meta name=\"twitter:creator\" content=\"@https:\/\/twitter.com\/Nico_Jacquemard\" \/>\n<meta name=\"twitter:site\" content=\"@dicodusport\" \/>\n<script type=\"application\/ld+json\" class=\"yoast-schema-graph\">{\"@context\":\"https:\/\/schema.org\",\"@graph\":[{\"@type\":\"NewsArticle\",\"@id\":\"https:\/\/dicodusport.fr\/blog\/biathlon-mass-start-sjusjoen-martin-fourcade-patronpatron-antonin-guigonnat-2eme\/#article\",\"isPartOf\":{\"@id\":\"https:\/\/dicodusport.fr\/blog\/biathlon-mass-start-sjusjoen-martin-fourcade-patronpatron-antonin-guigonnat-2eme\/\"},\"author\":{\"name\":\"Nicolas Jacquemard\",\"@id\":\"https:\/\/dicodusport.fr\/blog\/#\/schema\/person\/55dcb50ad410894e431ed812bbb70191\"},\"headline\":\"Biathlon \u2013 Mass start Sjusjoen : Martin Fourcade s&rsquo;impose en patron, Antonin Guigonnat 2\u00e8me\",\"datePublished\":\"2019-11-17T13:58:52+00:00\",\"dateModified\":\"2019-11-17T14:09:16+00:00\",\"mainEntityOfPage\":{\"@id\":\"https:\/\/dicodusport.fr\/blog\/biathlon-mass-start-sjusjoen-martin-fourcade-patronpatron-antonin-guigonnat-2eme\/\"},\"wordCount\":284,\"commentCount\":0,\"publisher\":{\"@id\":\"https:\/\/dicodusport.fr\/blog\/#organization\"},\"image\":{\"@id\":\"https:\/\/dicodusport.fr\/blog\/biathlon-mass-start-sjusjoen-martin-fourcade-patronpatron-antonin-guigonnat-2eme\/#primaryimage\"},\"thumbnailUrl\":\"https:\/\/dicodusport.fr\/blog\/wp-content\/uploads\/2019\/11\/Martin-Fourcade-remporte-la-mass-start-\u00e0-Sjusjoen.png\",\"keywords\":[\"Biathlon\",\"Boe\",\"Fourcade\",\"Sjusjoen\"],\"articleSection\":[\"Biathlon\"],\"inLanguage\":\"fr-FR\",\"potentialAction\":[{\"@type\":\"CommentAction\",\"name\":\"Comment\",\"target\":[\"https:\/\/dicodusport.fr\/blog\/biathlon-mass-start-sjusjoen-martin-fourcade-patronpatron-antonin-guigonnat-2eme\/#respond\"]}],\"copyrightYear\":\"2019\",\"copyrightHolder\":{\"@id\":\"https:\/\/dicodusport.fr\/blog\/#organization\"}},{\"@type\":\"WebPage\",\"@id\":\"https:\/\/dicodusport.fr\/blog\/biathlon-mass-start-sjusjoen-martin-fourcade-patronpatron-antonin-guigonnat-2eme\/\",\"url\":\"https:\/\/dicodusport.fr\/blog\/biathlon-mass-start-sjusjoen-martin-fourcade-patronpatron-antonin-guigonnat-2eme\/\",\"name\":\"Biathlon \u2013 Mass start Sjusjoen : Martin Fourcade s'impose en patron, Antonin Guigonnat 2\u00e8me\",\"isPartOf\":{\"@id\":\"https:\/\/dicodusport.fr\/blog\/#website\"},\"primaryImageOfPage\":{\"@id\":\"https:\/\/dicodusport.fr\/blog\/biathlon-mass-start-sjusjoen-martin-fourcade-patronpatron-antonin-guigonnat-2eme\/#primaryimage\"},\"image\":{\"@id\":\"https:\/\/dicodusport.fr\/blog\/biathlon-mass-start-sjusjoen-martin-fourcade-patronpatron-antonin-guigonnat-2eme\/#primaryimage\"},\"thumbnailUrl\":\"https:\/\/dicodusport.fr\/blog\/wp-content\/uploads\/2019\/11\/Martin-Fourcade-remporte-la-mass-start-\u00e0-Sjusjoen.png\",\"datePublished\":\"2019-11-17T13:58:52+00:00\",\"dateModified\":\"2019-11-17T14:09:16+00:00\",\"description\":\"Martin Fourcade a remport\u00e9 ce dimanche la mass start des s\u00e9lections norv\u00e9giennes de Sjusjoen. Antonin Guigonnat est deuxi\u00e8me.\",\"breadcrumb\":{\"@id\":\"https:\/\/dicodusport.fr\/blog\/biathlon-mass-start-sjusjoen-martin-fourcade-patronpatron-antonin-guigonnat-2eme\/#breadcrumb\"},\"inLanguage\":\"fr-FR\",\"potentialAction\":[{\"@type\":\"ReadAction\",\"target\":[\"https:\/\/dicodusport.fr\/blog\/biathlon-mass-start-sjusjoen-martin-fourcade-patronpatron-antonin-guigonnat-2eme\/\"]}]},{\"@type\":\"ImageObject\",\"inLanguage\":\"fr-FR\",\"@id\":\"https:\/\/dicodusport.fr\/blog\/biathlon-mass-start-sjusjoen-martin-fourcade-patronpatron-antonin-guigonnat-2eme\/#primaryimage\",\"url\":\"https:\/\/dicodusport.fr\/blog\/wp-content\/uploads\/2019\/11\/Martin-Fourcade-remporte-la-mass-start-\u00e0-Sjusjoen.png\",\"contentUrl\":\"https:\/\/dicodusport.fr\/blog\/wp-content\/uploads\/2019\/11\/Martin-Fourcade-remporte-la-mass-start-\u00e0-Sjusjoen.png\",\"width\":800,\"height\":445,\"caption\":\"Martin Fourcade remporte la mass start \u00e0 Sjusjoen\"},{\"@type\":\"BreadcrumbList\",\"@id\":\"https:\/\/dicodusport.fr\/blog\/biathlon-mass-start-sjusjoen-martin-fourcade-patronpatron-antonin-guigonnat-2eme\/#breadcrumb\",\"itemListElement\":[{\"@type\":\"ListItem\",\"position\":1,\"name\":\"Accueil\",\"item\":\"https:\/\/dicodusport.fr\/blog\/\"},{\"@type\":\"ListItem\",\"position\":2,\"name\":\"Biathlon \u2013 Mass start Sjusjoen : Martin Fourcade s&rsquo;impose en patron, Antonin Guigonnat 2\u00e8me\"}]},{\"@type\":\"WebSite\",\"@id\":\"https:\/\/dicodusport.fr\/blog\/#website\",\"url\":\"https:\/\/dicodusport.fr\/blog\/\",\"name\":\"Dicodusport\",\"description\":\"L&#039;encyclop\u00e9die de l&#039;actualit\u00e9 sportive\",\"publisher\":{\"@id\":\"https:\/\/dicodusport.fr\/blog\/#organization\"},\"potentialAction\":[{\"@type\":\"SearchAction\",\"target\":{\"@type\":\"EntryPoint\",\"urlTemplate\":\"https:\/\/dicodusport.fr\/blog\/?s={search_term_string}\"},\"query-input\":{\"@type\":\"PropertyValueSpecification\",\"valueRequired\":true,\"valueName\":\"search_term_string\"}}],\"inLanguage\":\"fr-FR\"},{\"@type\":\"NewsMediaOrganization\",\"@id\":\"https:\/\/dicodusport.fr\/blog\/#organization\",\"name\":\"Dicodusport\",\"url\":\"https:\/\/dicodusport.fr\/blog\/\",\"logo\":{\"@type\":\"ImageObject\",\"inLanguage\":\"fr-FR\",\"@id\":\"https:\/\/dicodusport.fr\/blog\/#\/schema\/logo\/image\/\",\"url\":\"https:\/\/dicodusport.fr\/blog\/wp-content\/uploads\/2020\/06\/cropped-LOGO-DICODUSPORT-2020-SANS-FOND-SANS-TEXTE.png\",\"contentUrl\":\"https:\/\/dicodusport.fr\/blog\/wp-content\/uploads\/2020\/06\/cropped-LOGO-DICODUSPORT-2020-SANS-FOND-SANS-TEXTE.png\",\"width\":512,\"height\":512,\"caption\":\"Dicodusport\"},\"image\":{\"@id\":\"https:\/\/dicodusport.fr\/blog\/#\/schema\/logo\/image\/\"},\"sameAs\":[\"https:\/\/www.facebook.com\/dicodusport\",\"https:\/\/x.com\/dicodusport\",\"https:\/\/www.instagram.com\/dicodusport\/\",\"https:\/\/www.youtube.com\/channel\/UC7V2KZ5sd3htJivAbA4ZG3w\"],\"description\":\"Dicodusport est l'encyclop\u00e9die de l'actualit\u00e9 sportive.\",\"email\":\"bonjour@dicodusport.fr\",\"legalName\":\"DICODUSPORT\",\"foundingDate\":\"2018-01-14\",\"vatID\":\"FR71834470973\",\"taxID\":\"83447097300043\",\"numberOfEmployees\":{\"@type\":\"QuantitativeValue\",\"minValue\":\"1\",\"maxValue\":\"10\"}},{\"@type\":\"Person\",\"@id\":\"https:\/\/dicodusport.fr\/blog\/#\/schema\/person\/55dcb50ad410894e431ed812bbb70191\",\"name\":\"Nicolas Jacquemard\",\"image\":{\"@type\":\"ImageObject\",\"inLanguage\":\"fr-FR\",\"@id\":\"https:\/\/dicodusport.fr\/blog\/#\/schema\/person\/image\/\",\"url\":\"https:\/\/dicodusport.fr\/blog\/wp-content\/uploads\/2021\/05\/Nicolas-Jacquemard-150x150.jpeg\",\"contentUrl\":\"https:\/\/dicodusport.fr\/blog\/wp-content\/uploads\/2021\/05\/Nicolas-Jacquemard-150x150.jpeg\",\"caption\":\"Nicolas Jacquemard\"},\"description\":\"Passionn\u00e9 de sport et entrepreneur depuis mes 18 ans, la cr\u00e9ation de Dicodusport m'a sembl\u00e9 \u00e9vidente pour participer \u00e0 la m\u00e9diatisation d'un plus grand nombre de sports. Le chemin est long mais avec une \u00e9quipe des plus motiv\u00e9es et les Jeux Olympiques de Paris 2024 en point de mire, nous y arriverons ! Journaliste dans le monde du sport depuis plus de 5 ans, je traite aussi bien de football, de rugby, de biathlon que de cyclisme.\",\"sameAs\":[\"https:\/\/www.facebook.com\/dicodusport\",\"https:\/\/x.com\/https:\/\/twitter.com\/Nico_Jacquemard\"],\"url\":\"https:\/\/dicodusport.fr\/blog\/author\/dicodusport\/\"}]}<\/script>\n<!-- \/ Yoast SEO Premium plugin. -->","yoast_head_json":{"title":"Biathlon \u2013 Mass start Sjusjoen : Martin Fourcade s'impose en patron, Antonin Guigonnat 2\u00e8me","description":"Martin Fourcade a remport\u00e9 ce dimanche la mass start des s\u00e9lections norv\u00e9giennes de Sjusjoen. Antonin Guigonnat est deuxi\u00e8me.","robots":{"index":"index","follow":"follow","max-snippet":"max-snippet:-1","max-image-preview":"max-image-preview:large","max-video-preview":"max-video-preview:-1"},"canonical":"https:\/\/dicodusport.fr\/blog\/biathlon-mass-start-sjusjoen-martin-fourcade-patronpatron-antonin-guigonnat-2eme\/","og_locale":"fr_FR","og_type":"article","og_title":"Biathlon \u2013 Mass start Sjusjoen : Martin Fourcade s'impose en patron","og_description":"Martin Fourcade a remport\u00e9 ce dimanche la mass start des s\u00e9lections norv\u00e9giennes de Sjusjoen. Antonin Guigonnat est deuxi\u00e8me.","og_url":"https:\/\/dicodusport.fr\/blog\/biathlon-mass-start-sjusjoen-martin-fourcade-patronpatron-antonin-guigonnat-2eme\/","og_site_name":"Dicodusport","article_publisher":"https:\/\/www.facebook.com\/dicodusport","article_author":"https:\/\/www.facebook.com\/dicodusport","article_published_time":"2019-11-17T13:58:52+00:00","article_modified_time":"2019-11-17T14:09:16+00:00","og_image":[{"width":800,"height":445,"url":"https:\/\/dicodusport.fr\/blog\/wp-content\/uploads\/2019\/11\/Martin-Fourcade-remporte-la-mass-start-\u00e0-Sjusjoen.png","type":"image\/png"}],"author":"Nicolas Jacquemard","twitter_card":"summary_large_image","twitter_title":"Biathlon \u2013 Mass start Sjusjoen : Martin Fourcade s'impose en patron","twitter_creator":"@https:\/\/twitter.com\/Nico_Jacquemard","twitter_site":"@dicodusport","schema":{"@context":"https:\/\/schema.org","@graph":[{"@type":"NewsArticle","@id":"https:\/\/dicodusport.fr\/blog\/biathlon-mass-start-sjusjoen-martin-fourcade-patronpatron-antonin-guigonnat-2eme\/#article","isPartOf":{"@id":"https:\/\/dicodusport.fr\/blog\/biathlon-mass-start-sjusjoen-martin-fourcade-patronpatron-antonin-guigonnat-2eme\/"},"author":{"name":"Nicolas Jacquemard","@id":"https:\/\/dicodusport.fr\/blog\/#\/schema\/person\/55dcb50ad410894e431ed812bbb70191"},"headline":"Biathlon \u2013 Mass start Sjusjoen : Martin Fourcade s&rsquo;impose en patron, Antonin Guigonnat 2\u00e8me","datePublished":"2019-11-17T13:58:52+00:00","dateModified":"2019-11-17T14:09:16+00:00","mainEntityOfPage":{"@id":"https:\/\/dicodusport.fr\/blog\/biathlon-mass-start-sjusjoen-martin-fourcade-patronpatron-antonin-guigonnat-2eme\/"},"wordCount":284,"commentCount":0,"publisher":{"@id":"https:\/\/dicodusport.fr\/blog\/#organization"},"image":{"@id":"https:\/\/dicodusport.fr\/blog\/biathlon-mass-start-sjusjoen-martin-fourcade-patronpatron-antonin-guigonnat-2eme\/#primaryimage"},"thumbnailUrl":"https:\/\/dicodusport.fr\/blog\/wp-content\/uploads\/2019\/11\/Martin-Fourcade-remporte-la-mass-start-\u00e0-Sjusjoen.png","keywords":["Biathlon","Boe","Fourcade","Sjusjoen"],"articleSection":["Biathlon"],"inLanguage":"fr-FR","potentialAction":[{"@type":"CommentAction","name":"Comment","target":["https:\/\/dicodusport.fr\/blog\/biathlon-mass-start-sjusjoen-martin-fourcade-patronpatron-antonin-guigonnat-2eme\/#respond"]}],"copyrightYear":"2019","copyrightHolder":{"@id":"https:\/\/dicodusport.fr\/blog\/#organization"}},{"@type":"WebPage","@id":"https:\/\/dicodusport.fr\/blog\/biathlon-mass-start-sjusjoen-martin-fourcade-patronpatron-antonin-guigonnat-2eme\/","url":"https:\/\/dicodusport.fr\/blog\/biathlon-mass-start-sjusjoen-martin-fourcade-patronpatron-antonin-guigonnat-2eme\/","name":"Biathlon \u2013 Mass start Sjusjoen : Martin Fourcade s'impose en patron, Antonin Guigonnat 2\u00e8me","isPartOf":{"@id":"https:\/\/dicodusport.fr\/blog\/#website"},"primaryImageOfPage":{"@id":"https:\/\/dicodusport.fr\/blog\/biathlon-mass-start-sjusjoen-martin-fourcade-patronpatron-antonin-guigonnat-2eme\/#primaryimage"},"image":{"@id":"https:\/\/dicodusport.fr\/blog\/biathlon-mass-start-sjusjoen-martin-fourcade-patronpatron-antonin-guigonnat-2eme\/#primaryimage"},"thumbnailUrl":"https:\/\/dicodusport.fr\/blog\/wp-content\/uploads\/2019\/11\/Martin-Fourcade-remporte-la-mass-start-\u00e0-Sjusjoen.png","datePublished":"2019-11-17T13:58:52+00:00","dateModified":"2019-11-17T14:09:16+00:00","description":"Martin Fourcade a remport\u00e9 ce dimanche la mass start des s\u00e9lections norv\u00e9giennes de Sjusjoen. Antonin Guigonnat est deuxi\u00e8me.","breadcrumb":{"@id":"https:\/\/dicodusport.fr\/blog\/biathlon-mass-start-sjusjoen-martin-fourcade-patronpatron-antonin-guigonnat-2eme\/#breadcrumb"},"inLanguage":"fr-FR","potentialAction":[{"@type":"ReadAction","target":["https:\/\/dicodusport.fr\/blog\/biathlon-mass-start-sjusjoen-martin-fourcade-patronpatron-antonin-guigonnat-2eme\/"]}]},{"@type":"ImageObject","inLanguage":"fr-FR","@id":"https:\/\/dicodusport.fr\/blog\/biathlon-mass-start-sjusjoen-martin-fourcade-patronpatron-antonin-guigonnat-2eme\/#primaryimage","url":"https:\/\/dicodusport.fr\/blog\/wp-content\/uploads\/2019\/11\/Martin-Fourcade-remporte-la-mass-start-\u00e0-Sjusjoen.png","contentUrl":"https:\/\/dicodusport.fr\/blog\/wp-content\/uploads\/2019\/11\/Martin-Fourcade-remporte-la-mass-start-\u00e0-Sjusjoen.png","width":800,"height":445,"caption":"Martin Fourcade remporte la mass start \u00e0 Sjusjoen"},{"@type":"BreadcrumbList","@id":"https:\/\/dicodusport.fr\/blog\/biathlon-mass-start-sjusjoen-martin-fourcade-patronpatron-antonin-guigonnat-2eme\/#breadcrumb","itemListElement":[{"@type":"ListItem","position":1,"name":"Accueil","item":"https:\/\/dicodusport.fr\/blog\/"},{"@type":"ListItem","position":2,"name":"Biathlon \u2013 Mass start Sjusjoen : Martin Fourcade s&rsquo;impose en patron, Antonin Guigonnat 2\u00e8me"}]},{"@type":"WebSite","@id":"https:\/\/dicodusport.fr\/blog\/#website","url":"https:\/\/dicodusport.fr\/blog\/","name":"Dicodusport","description":"L&#039;encyclop\u00e9die de l&#039;actualit\u00e9 sportive","publisher":{"@id":"https:\/\/dicodusport.fr\/blog\/#organization"},"potentialAction":[{"@type":"SearchAction","target":{"@type":"EntryPoint","urlTemplate":"https:\/\/dicodusport.fr\/blog\/?s={search_term_string}"},"query-input":{"@type":"PropertyValueSpecification","valueRequired":true,"valueName":"search_term_string"}}],"inLanguage":"fr-FR"},{"@type":"NewsMediaOrganization","@id":"https:\/\/dicodusport.fr\/blog\/#organization","name":"Dicodusport","url":"https:\/\/dicodusport.fr\/blog\/","logo":{"@type":"ImageObject","inLanguage":"fr-FR","@id":"https:\/\/dicodusport.fr\/blog\/#\/schema\/logo\/image\/","url":"https:\/\/dicodusport.fr\/blog\/wp-content\/uploads\/2020\/06\/cropped-LOGO-DICODUSPORT-2020-SANS-FOND-SANS-TEXTE.png","contentUrl":"https:\/\/dicodusport.fr\/blog\/wp-content\/uploads\/2020\/06\/cropped-LOGO-DICODUSPORT-2020-SANS-FOND-SANS-TEXTE.png","width":512,"height":512,"caption":"Dicodusport"},"image":{"@id":"https:\/\/dicodusport.fr\/blog\/#\/schema\/logo\/image\/"},"sameAs":["https:\/\/www.facebook.com\/dicodusport","https:\/\/x.com\/dicodusport","https:\/\/www.instagram.com\/dicodusport\/","https:\/\/www.youtube.com\/channel\/UC7V2KZ5sd3htJivAbA4ZG3w"],"description":"Dicodusport est l'encyclop\u00e9die de l'actualit\u00e9 sportive.","email":"bonjour@dicodusport.fr","legalName":"DICODUSPORT","foundingDate":"2018-01-14","vatID":"FR71834470973","taxID":"83447097300043","numberOfEmployees":{"@type":"QuantitativeValue","minValue":"1","maxValue":"10"}},{"@type":"Person","@id":"https:\/\/dicodusport.fr\/blog\/#\/schema\/person\/55dcb50ad410894e431ed812bbb70191","name":"Nicolas Jacquemard","image":{"@type":"ImageObject","inLanguage":"fr-FR","@id":"https:\/\/dicodusport.fr\/blog\/#\/schema\/person\/image\/","url":"https:\/\/dicodusport.fr\/blog\/wp-content\/uploads\/2021\/05\/Nicolas-Jacquemard-150x150.jpeg","contentUrl":"https:\/\/dicodusport.fr\/blog\/wp-content\/uploads\/2021\/05\/Nicolas-Jacquemard-150x150.jpeg","caption":"Nicolas Jacquemard"},"description":"Passionn\u00e9 de sport et entrepreneur depuis mes 18 ans, la cr\u00e9ation de Dicodusport m'a sembl\u00e9 \u00e9vidente pour participer \u00e0 la m\u00e9diatisation d'un plus grand nombre de sports. Le chemin est long mais avec une \u00e9quipe des plus motiv\u00e9es et les Jeux Olympiques de Paris 2024 en point de mire, nous y arriverons ! Journaliste dans le monde du sport depuis plus de 5 ans, je traite aussi bien de football, de rugby, de biathlon que de cyclisme.","sameAs":["https:\/\/www.facebook.com\/dicodusport","https:\/\/x.com\/https:\/\/twitter.com\/Nico_Jacquemard"],"url":"https:\/\/dicodusport.fr\/blog\/author\/dicodusport\/"}]}},"_links":{"self":[{"href":"https:\/\/dicodusport.fr\/blog\/wp-json\/wp\/v2\/posts\/53500","targetHints":{"allow":["GET"]}}],"collection":[{"href":"https:\/\/dicodusport.fr\/blog\/wp-json\/wp\/v2\/posts"}],"about":[{"href":"https:\/\/dicodusport.fr\/blog\/wp-json\/wp\/v2\/types\/post"}],"author":[{"embeddable":true,"href":"https:\/\/dicodusport.fr\/blog\/wp-json\/wp\/v2\/users\/1"}],"replies":[{"embeddable":true,"href":"https:\/\/dicodusport.fr\/blog\/wp-json\/wp\/v2\/comments?post=53500"}],"version-history":[{"count":0,"href":"https:\/\/dicodusport.fr\/blog\/wp-json\/wp\/v2\/posts\/53500\/revisions"}],"wp:featuredmedia":[{"embeddable":true,"href":"https:\/\/dicodusport.fr\/blog\/wp-json\/wp\/v2\/media\/53506"}],"wp:attachment":[{"href":"https:\/\/dicodusport.fr\/blog\/wp-json\/wp\/v2\/media?parent=53500"}],"wp:term":[{"taxonomy":"category","embeddable":true,"href":"https:\/\/dicodusport.fr\/blog\/wp-json\/wp\/v2\/categories?post=53500"},{"taxonomy":"post_tag","embeddable":true,"href":"https:\/\/dicodusport.fr\/blog\/wp-json\/wp\/v2\/tags?post=53500"}],"curies":[{"name":"wp","href":"https:\/\/api.w.org\/{rel}","templated":true}]}}