{"id":535204,"date":"2024-11-25T09:26:45","date_gmt":"2024-11-25T08:26:45","guid":{"rendered":"https:\/\/dicodusport.fr\/blog\/?p=535204&#038;preview=true&#038;preview_id=535204"},"modified":"2024-11-25T09:32:32","modified_gmt":"2024-11-25T08:32:32","slug":"droits-tv-la-chaine-lequipe-diffusera-le-circuit-mondial-de-rugby-a-7","status":"publish","type":"post","link":"https:\/\/dicodusport.fr\/blog\/droits-tv-la-chaine-lequipe-diffusera-le-circuit-mondial-de-rugby-a-7\/","title":{"rendered":"Droits TV : La cha\u00eene L&rsquo;\u00c9quipe diffusera le circuit mondial de rugby \u00e0 7"},"content":{"rendered":"<h4 style=\"text-align: justify;\"><em>DROITS TV &#8211; La cha\u00eene L&rsquo;\u00c9quipe diffusera, \u00e0 partir du 30 novembre, l&rsquo;int\u00e9gralit\u00e9 du circuit mondial de rugby \u00e0 7, \u00e0 travers la cha\u00eene TV, mais aussi sa plateforme L&rsquo;\u00c9quipe Live.\u00a0<\/em><\/h4>\n<p style=\"text-align: justify;\">Les <a href=\"https:\/\/dicodusport.fr\/blog\/rugby-a-7-jo-2024-les-bleus-champions-olympiques\/\">champions olympiques<\/a> seront \u00e0 retrouver d\u00e8s le 30 novembre sur L&rsquo;\u00c9quipe. En effet, la cha\u00eene a acquis les droits de diffusion des <strong>Seven Nations Series<\/strong>, le circuit mondial de rugby \u00e0 7. La cha\u00eene diffusera les rencontres phares de chaque \u00e9tape des \u00e9quipes de France masculine et f\u00e9minine. <a href=\"https:\/\/dicodusport.fr\/blog\/rugby-a-7-jo-2024-les-bleues-dominent-la-chine-et-terminent-5emes\/\">Les femmes avaient conclu les Jeux de Paris \u00e0 la 5e place<\/a>. L&rsquo;\u00c9quipe Live (sur le site ou l&rsquo;application) proposera l&rsquo;int\u00e9gralit\u00e9 des matchs en direct. <strong>Antoine Dupont<\/strong>, sacr\u00e9 hier <a href=\"https:\/\/dicodusport.fr\/blog\/world-rugby-awards-2024-antoine-dupont-elu-meilleur-joueur-a-7-le-palmares-complet\/\">meilleur joueur du monde \u00e0 7<\/a>, ne sera toutefois pas de la partie sur le circuit mondial.<\/p>\n<blockquote class=\"twitter-tweet\">\n<p dir=\"ltr\" lang=\"fr\">\ud83d\udca5 \u00ab\u00a0J&rsquo;ai eu raison de suivre mon intuition, au d\u00e9but personne n&rsquo;y croyait\u00a0\u00bb<\/p>\n<p>Sacr\u00e9 meilleur joueur du monde de rugby \u00e0 7, Antoine Dupont revient fi\u00e8rement sur son pari de l&rsquo;ann\u00e9e 2024 \ud83e\udd29 <a href=\"https:\/\/t.co\/psUNYE9wll\">pic.twitter.com\/psUNYE9wll<\/a><\/p>\n<p>\u2014 CANAL+ Rugby (@CanalplusRugby) <a href=\"https:\/\/twitter.com\/CanalplusRugby\/status\/1860814739338678553?ref_src=twsrc%5Etfw\">November 24, 2024<\/a><\/p><\/blockquote>\n<p><script async src=\"https:\/\/platform.twitter.com\/widgets.js\" charset=\"utf-8\"><\/script><\/p>\n<p style=\"text-align: justify;\">La premi\u00e8re diffusion est pr\u00e9vue le 30 novembre \u00e0 9h15 sur <em>La cha\u00eene L&rsquo;\u00c9quipe<\/em> et \u00e0 5h55 sur L&rsquo;Equipe live pour les premiers matchs du circuit mondial, \u00e0 Duba\u00ef. <strong>Beno\u00eet Cosset<\/strong> et <strong>Jonathan Laugel<\/strong>, tout fra\u00eechement retrait\u00e9, seront les commentateurs. <em>\u00ab L&rsquo;\u00c9quipe renforce consid\u00e9rablement son portefeuille de droits avec ces \u00e9quipes de France \u00bb<\/em>, a r\u00e9agi <strong>Marc Las<\/strong>, le directeur de la r\u00e9daction de la cha\u00eene.<\/p>\n","protected":false},"excerpt":{"rendered":"<p>La cha\u00eene L&rsquo;\u00c9quipe diffusera le circuit mondial de rugby \u00e0 7<\/p>\n","protected":false},"author":88,"featured_media":535208,"comment_status":"open","ping_status":"closed","sticky":false,"template":"","format":"standard","meta":{"_acf_changed":false,"_daextam_enable_autolinks":"1","footnotes":""},"categories":[9130],"tags":[16878,9635,26489,6599,2115],"class_list":["post-535204","post","type-post","status-publish","format-standard","has-post-thumbnail","hentry","category-rugby-a-7","tag-breve","tag-droits-tv","tag-equipe-de-france-de-rugby-a-7","tag-france-7","tag-rugby-a-7"],"acf":[],"yoast_head":"<!-- This site is optimized with the Yoast SEO Premium plugin v26.7 (Yoast SEO v26.7) - https:\/\/yoast.com\/wordpress\/plugins\/seo\/ -->\n<title>Droits TV : La cha\u00eene L&#039;\u00c9quipe diffusera le circuit mondial de rugby \u00e0 7<\/title>\n<meta name=\"description\" content=\"DROITS TV - La cha\u00eene L&#039;Equipe diffusera, \u00e0 partir du 30 novembre, l&#039;int\u00e9gralit\u00e9 du circuit mondial de rugby \u00e0 7, \u00a0\u00e0 travers la cha\u00eene mais aussi L&#039;Equipe Live.\u00a0\" \/>\n<meta name=\"robots\" content=\"index, follow, max-snippet:-1, max-image-preview:large, max-video-preview:-1\" \/>\n<link rel=\"canonical\" href=\"https:\/\/dicodusport.fr\/blog\/droits-tv-la-chaine-lequipe-diffusera-le-circuit-mondial-de-rugby-a-7\/\" \/>\n<meta property=\"og:locale\" content=\"fr_FR\" \/>\n<meta property=\"og:type\" content=\"article\" \/>\n<meta property=\"og:title\" content=\"Droits TV : La cha\u00eene L&#039;\u00c9quipe diffusera le circuit mondial de rugby \u00e0 7\" \/>\n<meta property=\"og:description\" content=\"DROITS TV - La cha\u00eene L&#039;Equipe diffusera, \u00e0 partir du 30 novembre, l&#039;int\u00e9gralit\u00e9 du circuit mondial de rugby \u00e0 7, \u00a0\u00e0 travers la cha\u00eene mais aussi L&#039;Equipe Live.\u00a0\" \/>\n<meta property=\"og:url\" content=\"https:\/\/dicodusport.fr\/blog\/droits-tv-la-chaine-lequipe-diffusera-le-circuit-mondial-de-rugby-a-7\/\" \/>\n<meta property=\"og:site_name\" content=\"Dicodusport\" \/>\n<meta property=\"article:publisher\" content=\"https:\/\/www.facebook.com\/dicodusport\" \/>\n<meta property=\"article:published_time\" content=\"2024-11-25T08:26:45+00:00\" \/>\n<meta property=\"article:modified_time\" content=\"2024-11-25T08:32:32+00:00\" \/>\n<meta property=\"og:image\" content=\"https:\/\/dicodusport.fr\/blog\/wp-content\/uploads\/2024\/11\/Droits-TV-La-chaine-LEquipe-diffusera-le-circuit-mondial-de-rugby-a-7.png\" \/>\n\t<meta property=\"og:image:width\" content=\"1200\" \/>\n\t<meta property=\"og:image:height\" content=\"674\" \/>\n\t<meta property=\"og:image:type\" content=\"image\/png\" \/>\n<meta name=\"author\" content=\"Paul Lalevee\" \/>\n<meta name=\"twitter:card\" content=\"summary_large_image\" \/>\n<meta name=\"twitter:title\" content=\"Droits TV : La cha\u00eene L&#039;\u00c9quipe diffusera le circuit mondial de rugby \u00e0 7\" \/>\n<meta name=\"twitter:creator\" content=\"@dicodusport\" \/>\n<meta name=\"twitter:site\" content=\"@dicodusport\" \/>\n<script type=\"application\/ld+json\" class=\"yoast-schema-graph\">{\"@context\":\"https:\/\/schema.org\",\"@graph\":[{\"@type\":\"NewsArticle\",\"@id\":\"https:\/\/dicodusport.fr\/blog\/droits-tv-la-chaine-lequipe-diffusera-le-circuit-mondial-de-rugby-a-7\/#article\",\"isPartOf\":{\"@id\":\"https:\/\/dicodusport.fr\/blog\/droits-tv-la-chaine-lequipe-diffusera-le-circuit-mondial-de-rugby-a-7\/\"},\"author\":{\"name\":\"Paul Lalevee\",\"@id\":\"https:\/\/dicodusport.fr\/blog\/#\/schema\/person\/1eaa63dfac40b5e5c47f03a71920c1cd\"},\"headline\":\"Droits TV : La cha\u00eene L&rsquo;\u00c9quipe diffusera le circuit mondial de rugby \u00e0 7\",\"datePublished\":\"2024-11-25T08:26:45+00:00\",\"dateModified\":\"2024-11-25T08:32:32+00:00\",\"mainEntityOfPage\":{\"@id\":\"https:\/\/dicodusport.fr\/blog\/droits-tv-la-chaine-lequipe-diffusera-le-circuit-mondial-de-rugby-a-7\/\"},\"wordCount\":257,\"commentCount\":0,\"publisher\":{\"@id\":\"https:\/\/dicodusport.fr\/blog\/#organization\"},\"image\":{\"@id\":\"https:\/\/dicodusport.fr\/blog\/droits-tv-la-chaine-lequipe-diffusera-le-circuit-mondial-de-rugby-a-7\/#primaryimage\"},\"thumbnailUrl\":\"https:\/\/dicodusport.fr\/blog\/wp-content\/uploads\/2024\/11\/Droits-TV-La-chaine-LEquipe-diffusera-le-circuit-mondial-de-rugby-a-7.png\",\"keywords\":[\"br\u00e8ve\",\"Droits TV\",\"\u00c9quipe de France de rugby \u00e0 7\",\"France 7\",\"rugby \u00e0 7\"],\"articleSection\":[\"Rugby \u00e0 7\"],\"inLanguage\":\"fr-FR\",\"potentialAction\":[{\"@type\":\"CommentAction\",\"name\":\"Comment\",\"target\":[\"https:\/\/dicodusport.fr\/blog\/droits-tv-la-chaine-lequipe-diffusera-le-circuit-mondial-de-rugby-a-7\/#respond\"]}],\"copyrightYear\":\"2024\",\"copyrightHolder\":{\"@id\":\"https:\/\/dicodusport.fr\/blog\/#organization\"}},{\"@type\":\"WebPage\",\"@id\":\"https:\/\/dicodusport.fr\/blog\/droits-tv-la-chaine-lequipe-diffusera-le-circuit-mondial-de-rugby-a-7\/\",\"url\":\"https:\/\/dicodusport.fr\/blog\/droits-tv-la-chaine-lequipe-diffusera-le-circuit-mondial-de-rugby-a-7\/\",\"name\":\"Droits TV : La cha\u00eene L'\u00c9quipe diffusera le circuit mondial de rugby \u00e0 7\",\"isPartOf\":{\"@id\":\"https:\/\/dicodusport.fr\/blog\/#website\"},\"primaryImageOfPage\":{\"@id\":\"https:\/\/dicodusport.fr\/blog\/droits-tv-la-chaine-lequipe-diffusera-le-circuit-mondial-de-rugby-a-7\/#primaryimage\"},\"image\":{\"@id\":\"https:\/\/dicodusport.fr\/blog\/droits-tv-la-chaine-lequipe-diffusera-le-circuit-mondial-de-rugby-a-7\/#primaryimage\"},\"thumbnailUrl\":\"https:\/\/dicodusport.fr\/blog\/wp-content\/uploads\/2024\/11\/Droits-TV-La-chaine-LEquipe-diffusera-le-circuit-mondial-de-rugby-a-7.png\",\"datePublished\":\"2024-11-25T08:26:45+00:00\",\"dateModified\":\"2024-11-25T08:32:32+00:00\",\"description\":\"DROITS TV - La cha\u00eene L'Equipe diffusera, \u00e0 partir du 30 novembre, l'int\u00e9gralit\u00e9 du circuit mondial de rugby \u00e0 7, \u00a0\u00e0 travers la cha\u00eene mais aussi L'Equipe Live.\u00a0\",\"breadcrumb\":{\"@id\":\"https:\/\/dicodusport.fr\/blog\/droits-tv-la-chaine-lequipe-diffusera-le-circuit-mondial-de-rugby-a-7\/#breadcrumb\"},\"inLanguage\":\"fr-FR\",\"potentialAction\":[{\"@type\":\"ReadAction\",\"target\":[\"https:\/\/dicodusport.fr\/blog\/droits-tv-la-chaine-lequipe-diffusera-le-circuit-mondial-de-rugby-a-7\/\"]}]},{\"@type\":\"ImageObject\",\"inLanguage\":\"fr-FR\",\"@id\":\"https:\/\/dicodusport.fr\/blog\/droits-tv-la-chaine-lequipe-diffusera-le-circuit-mondial-de-rugby-a-7\/#primaryimage\",\"url\":\"https:\/\/dicodusport.fr\/blog\/wp-content\/uploads\/2024\/11\/Droits-TV-La-chaine-LEquipe-diffusera-le-circuit-mondial-de-rugby-a-7.png\",\"contentUrl\":\"https:\/\/dicodusport.fr\/blog\/wp-content\/uploads\/2024\/11\/Droits-TV-La-chaine-LEquipe-diffusera-le-circuit-mondial-de-rugby-a-7.png\",\"width\":1200,\"height\":674,\"caption\":\"Droits TV La cha\u00eene L'\u00c9quipe diffusera le circuit mondial de rugby \u00e0 7\"},{\"@type\":\"BreadcrumbList\",\"@id\":\"https:\/\/dicodusport.fr\/blog\/droits-tv-la-chaine-lequipe-diffusera-le-circuit-mondial-de-rugby-a-7\/#breadcrumb\",\"itemListElement\":[{\"@type\":\"ListItem\",\"position\":1,\"name\":\"Accueil\",\"item\":\"https:\/\/dicodusport.fr\/blog\/\"},{\"@type\":\"ListItem\",\"position\":2,\"name\":\"Droits TV : La cha\u00eene L&#8217;\u00c9quipe diffusera le circuit mondial de rugby \u00e0 7\"}]},{\"@type\":\"WebSite\",\"@id\":\"https:\/\/dicodusport.fr\/blog\/#website\",\"url\":\"https:\/\/dicodusport.fr\/blog\/\",\"name\":\"Dicodusport\",\"description\":\"L&#039;encyclop\u00e9die de l&#039;actualit\u00e9 sportive\",\"publisher\":{\"@id\":\"https:\/\/dicodusport.fr\/blog\/#organization\"},\"potentialAction\":[{\"@type\":\"SearchAction\",\"target\":{\"@type\":\"EntryPoint\",\"urlTemplate\":\"https:\/\/dicodusport.fr\/blog\/?s={search_term_string}\"},\"query-input\":{\"@type\":\"PropertyValueSpecification\",\"valueRequired\":true,\"valueName\":\"search_term_string\"}}],\"inLanguage\":\"fr-FR\"},{\"@type\":\"NewsMediaOrganization\",\"@id\":\"https:\/\/dicodusport.fr\/blog\/#organization\",\"name\":\"Dicodusport\",\"url\":\"https:\/\/dicodusport.fr\/blog\/\",\"logo\":{\"@type\":\"ImageObject\",\"inLanguage\":\"fr-FR\",\"@id\":\"https:\/\/dicodusport.fr\/blog\/#\/schema\/logo\/image\/\",\"url\":\"https:\/\/dicodusport.fr\/blog\/wp-content\/uploads\/2020\/06\/cropped-LOGO-DICODUSPORT-2020-SANS-FOND-SANS-TEXTE.png\",\"contentUrl\":\"https:\/\/dicodusport.fr\/blog\/wp-content\/uploads\/2020\/06\/cropped-LOGO-DICODUSPORT-2020-SANS-FOND-SANS-TEXTE.png\",\"width\":512,\"height\":512,\"caption\":\"Dicodusport\"},\"image\":{\"@id\":\"https:\/\/dicodusport.fr\/blog\/#\/schema\/logo\/image\/\"},\"sameAs\":[\"https:\/\/www.facebook.com\/dicodusport\",\"https:\/\/x.com\/dicodusport\",\"https:\/\/www.instagram.com\/dicodusport\/\",\"https:\/\/www.youtube.com\/channel\/UC7V2KZ5sd3htJivAbA4ZG3w\"],\"description\":\"Dicodusport est l'encyclop\u00e9die de l'actualit\u00e9 sportive.\",\"email\":\"bonjour@dicodusport.fr\",\"legalName\":\"DICODUSPORT\",\"foundingDate\":\"2018-01-14\",\"vatID\":\"FR71834470973\",\"taxID\":\"83447097300043\",\"numberOfEmployees\":{\"@type\":\"QuantitativeValue\",\"minValue\":\"1\",\"maxValue\":\"10\"}},{\"@type\":\"Person\",\"@id\":\"https:\/\/dicodusport.fr\/blog\/#\/schema\/person\/1eaa63dfac40b5e5c47f03a71920c1cd\",\"name\":\"Paul Lalevee\",\"image\":{\"@type\":\"ImageObject\",\"inLanguage\":\"fr-FR\",\"@id\":\"https:\/\/dicodusport.fr\/blog\/#\/schema\/person\/image\/\",\"url\":\"https:\/\/dicodusport.fr\/blog\/wp-content\/uploads\/2023\/10\/291154246_1690604071293245_3118259335115946499_n-150x150.jpg\",\"contentUrl\":\"https:\/\/dicodusport.fr\/blog\/wp-content\/uploads\/2023\/10\/291154246_1690604071293245_3118259335115946499_n-150x150.jpg\",\"caption\":\"Paul Lalevee\"},\"description\":\"La bulle Disney pendant le Covid, le Tour 2019, la Coupe du monde 2018. Ces trois \u00e9v\u00e9nements majeurs sont ancr\u00e9s dans ma t\u00eate de fan de sport, n\u00e9gativement ou positivement. Passionn\u00e9 de sport depuis l'enfance, j'ai d\u00e9cid\u00e9 de mettre ma passion de l'\u00e9criture au service de cette premi\u00e8re passion.\",\"url\":\"https:\/\/dicodusport.fr\/blog\/author\/paul-lalevee\/\"}]}<\/script>\n<!-- \/ Yoast SEO Premium plugin. -->","yoast_head_json":{"title":"Droits TV : La cha\u00eene L'\u00c9quipe diffusera le circuit mondial de rugby \u00e0 7","description":"DROITS TV - La cha\u00eene L'Equipe diffusera, \u00e0 partir du 30 novembre, l'int\u00e9gralit\u00e9 du circuit mondial de rugby \u00e0 7, \u00a0\u00e0 travers la cha\u00eene mais aussi L'Equipe Live.\u00a0","robots":{"index":"index","follow":"follow","max-snippet":"max-snippet:-1","max-image-preview":"max-image-preview:large","max-video-preview":"max-video-preview:-1"},"canonical":"https:\/\/dicodusport.fr\/blog\/droits-tv-la-chaine-lequipe-diffusera-le-circuit-mondial-de-rugby-a-7\/","og_locale":"fr_FR","og_type":"article","og_title":"Droits TV : La cha\u00eene L'\u00c9quipe diffusera le circuit mondial de rugby \u00e0 7","og_description":"DROITS TV - La cha\u00eene L'Equipe diffusera, \u00e0 partir du 30 novembre, l'int\u00e9gralit\u00e9 du circuit mondial de rugby \u00e0 7, \u00a0\u00e0 travers la cha\u00eene mais aussi L'Equipe Live.\u00a0","og_url":"https:\/\/dicodusport.fr\/blog\/droits-tv-la-chaine-lequipe-diffusera-le-circuit-mondial-de-rugby-a-7\/","og_site_name":"Dicodusport","article_publisher":"https:\/\/www.facebook.com\/dicodusport","article_published_time":"2024-11-25T08:26:45+00:00","article_modified_time":"2024-11-25T08:32:32+00:00","og_image":[{"width":1200,"height":674,"url":"https:\/\/dicodusport.fr\/blog\/wp-content\/uploads\/2024\/11\/Droits-TV-La-chaine-LEquipe-diffusera-le-circuit-mondial-de-rugby-a-7.png","type":"image\/png"}],"author":"Paul Lalevee","twitter_card":"summary_large_image","twitter_title":"Droits TV : La cha\u00eene L'\u00c9quipe diffusera le circuit mondial de rugby \u00e0 7","twitter_creator":"@dicodusport","twitter_site":"@dicodusport","schema":{"@context":"https:\/\/schema.org","@graph":[{"@type":"NewsArticle","@id":"https:\/\/dicodusport.fr\/blog\/droits-tv-la-chaine-lequipe-diffusera-le-circuit-mondial-de-rugby-a-7\/#article","isPartOf":{"@id":"https:\/\/dicodusport.fr\/blog\/droits-tv-la-chaine-lequipe-diffusera-le-circuit-mondial-de-rugby-a-7\/"},"author":{"name":"Paul Lalevee","@id":"https:\/\/dicodusport.fr\/blog\/#\/schema\/person\/1eaa63dfac40b5e5c47f03a71920c1cd"},"headline":"Droits TV : La cha\u00eene L&rsquo;\u00c9quipe diffusera le circuit mondial de rugby \u00e0 7","datePublished":"2024-11-25T08:26:45+00:00","dateModified":"2024-11-25T08:32:32+00:00","mainEntityOfPage":{"@id":"https:\/\/dicodusport.fr\/blog\/droits-tv-la-chaine-lequipe-diffusera-le-circuit-mondial-de-rugby-a-7\/"},"wordCount":257,"commentCount":0,"publisher":{"@id":"https:\/\/dicodusport.fr\/blog\/#organization"},"image":{"@id":"https:\/\/dicodusport.fr\/blog\/droits-tv-la-chaine-lequipe-diffusera-le-circuit-mondial-de-rugby-a-7\/#primaryimage"},"thumbnailUrl":"https:\/\/dicodusport.fr\/blog\/wp-content\/uploads\/2024\/11\/Droits-TV-La-chaine-LEquipe-diffusera-le-circuit-mondial-de-rugby-a-7.png","keywords":["br\u00e8ve","Droits TV","\u00c9quipe de France de rugby \u00e0 7","France 7","rugby \u00e0 7"],"articleSection":["Rugby \u00e0 7"],"inLanguage":"fr-FR","potentialAction":[{"@type":"CommentAction","name":"Comment","target":["https:\/\/dicodusport.fr\/blog\/droits-tv-la-chaine-lequipe-diffusera-le-circuit-mondial-de-rugby-a-7\/#respond"]}],"copyrightYear":"2024","copyrightHolder":{"@id":"https:\/\/dicodusport.fr\/blog\/#organization"}},{"@type":"WebPage","@id":"https:\/\/dicodusport.fr\/blog\/droits-tv-la-chaine-lequipe-diffusera-le-circuit-mondial-de-rugby-a-7\/","url":"https:\/\/dicodusport.fr\/blog\/droits-tv-la-chaine-lequipe-diffusera-le-circuit-mondial-de-rugby-a-7\/","name":"Droits TV : La cha\u00eene L'\u00c9quipe diffusera le circuit mondial de rugby \u00e0 7","isPartOf":{"@id":"https:\/\/dicodusport.fr\/blog\/#website"},"primaryImageOfPage":{"@id":"https:\/\/dicodusport.fr\/blog\/droits-tv-la-chaine-lequipe-diffusera-le-circuit-mondial-de-rugby-a-7\/#primaryimage"},"image":{"@id":"https:\/\/dicodusport.fr\/blog\/droits-tv-la-chaine-lequipe-diffusera-le-circuit-mondial-de-rugby-a-7\/#primaryimage"},"thumbnailUrl":"https:\/\/dicodusport.fr\/blog\/wp-content\/uploads\/2024\/11\/Droits-TV-La-chaine-LEquipe-diffusera-le-circuit-mondial-de-rugby-a-7.png","datePublished":"2024-11-25T08:26:45+00:00","dateModified":"2024-11-25T08:32:32+00:00","description":"DROITS TV - La cha\u00eene L'Equipe diffusera, \u00e0 partir du 30 novembre, l'int\u00e9gralit\u00e9 du circuit mondial de rugby \u00e0 7, \u00a0\u00e0 travers la cha\u00eene mais aussi L'Equipe Live.\u00a0","breadcrumb":{"@id":"https:\/\/dicodusport.fr\/blog\/droits-tv-la-chaine-lequipe-diffusera-le-circuit-mondial-de-rugby-a-7\/#breadcrumb"},"inLanguage":"fr-FR","potentialAction":[{"@type":"ReadAction","target":["https:\/\/dicodusport.fr\/blog\/droits-tv-la-chaine-lequipe-diffusera-le-circuit-mondial-de-rugby-a-7\/"]}]},{"@type":"ImageObject","inLanguage":"fr-FR","@id":"https:\/\/dicodusport.fr\/blog\/droits-tv-la-chaine-lequipe-diffusera-le-circuit-mondial-de-rugby-a-7\/#primaryimage","url":"https:\/\/dicodusport.fr\/blog\/wp-content\/uploads\/2024\/11\/Droits-TV-La-chaine-LEquipe-diffusera-le-circuit-mondial-de-rugby-a-7.png","contentUrl":"https:\/\/dicodusport.fr\/blog\/wp-content\/uploads\/2024\/11\/Droits-TV-La-chaine-LEquipe-diffusera-le-circuit-mondial-de-rugby-a-7.png","width":1200,"height":674,"caption":"Droits TV La cha\u00eene L'\u00c9quipe diffusera le circuit mondial de rugby \u00e0 7"},{"@type":"BreadcrumbList","@id":"https:\/\/dicodusport.fr\/blog\/droits-tv-la-chaine-lequipe-diffusera-le-circuit-mondial-de-rugby-a-7\/#breadcrumb","itemListElement":[{"@type":"ListItem","position":1,"name":"Accueil","item":"https:\/\/dicodusport.fr\/blog\/"},{"@type":"ListItem","position":2,"name":"Droits TV : La cha\u00eene L&#8217;\u00c9quipe diffusera le circuit mondial de rugby \u00e0 7"}]},{"@type":"WebSite","@id":"https:\/\/dicodusport.fr\/blog\/#website","url":"https:\/\/dicodusport.fr\/blog\/","name":"Dicodusport","description":"L&#039;encyclop\u00e9die de l&#039;actualit\u00e9 sportive","publisher":{"@id":"https:\/\/dicodusport.fr\/blog\/#organization"},"potentialAction":[{"@type":"SearchAction","target":{"@type":"EntryPoint","urlTemplate":"https:\/\/dicodusport.fr\/blog\/?s={search_term_string}"},"query-input":{"@type":"PropertyValueSpecification","valueRequired":true,"valueName":"search_term_string"}}],"inLanguage":"fr-FR"},{"@type":"NewsMediaOrganization","@id":"https:\/\/dicodusport.fr\/blog\/#organization","name":"Dicodusport","url":"https:\/\/dicodusport.fr\/blog\/","logo":{"@type":"ImageObject","inLanguage":"fr-FR","@id":"https:\/\/dicodusport.fr\/blog\/#\/schema\/logo\/image\/","url":"https:\/\/dicodusport.fr\/blog\/wp-content\/uploads\/2020\/06\/cropped-LOGO-DICODUSPORT-2020-SANS-FOND-SANS-TEXTE.png","contentUrl":"https:\/\/dicodusport.fr\/blog\/wp-content\/uploads\/2020\/06\/cropped-LOGO-DICODUSPORT-2020-SANS-FOND-SANS-TEXTE.png","width":512,"height":512,"caption":"Dicodusport"},"image":{"@id":"https:\/\/dicodusport.fr\/blog\/#\/schema\/logo\/image\/"},"sameAs":["https:\/\/www.facebook.com\/dicodusport","https:\/\/x.com\/dicodusport","https:\/\/www.instagram.com\/dicodusport\/","https:\/\/www.youtube.com\/channel\/UC7V2KZ5sd3htJivAbA4ZG3w"],"description":"Dicodusport est l'encyclop\u00e9die de l'actualit\u00e9 sportive.","email":"bonjour@dicodusport.fr","legalName":"DICODUSPORT","foundingDate":"2018-01-14","vatID":"FR71834470973","taxID":"83447097300043","numberOfEmployees":{"@type":"QuantitativeValue","minValue":"1","maxValue":"10"}},{"@type":"Person","@id":"https:\/\/dicodusport.fr\/blog\/#\/schema\/person\/1eaa63dfac40b5e5c47f03a71920c1cd","name":"Paul Lalevee","image":{"@type":"ImageObject","inLanguage":"fr-FR","@id":"https:\/\/dicodusport.fr\/blog\/#\/schema\/person\/image\/","url":"https:\/\/dicodusport.fr\/blog\/wp-content\/uploads\/2023\/10\/291154246_1690604071293245_3118259335115946499_n-150x150.jpg","contentUrl":"https:\/\/dicodusport.fr\/blog\/wp-content\/uploads\/2023\/10\/291154246_1690604071293245_3118259335115946499_n-150x150.jpg","caption":"Paul Lalevee"},"description":"La bulle Disney pendant le Covid, le Tour 2019, la Coupe du monde 2018. Ces trois \u00e9v\u00e9nements majeurs sont ancr\u00e9s dans ma t\u00eate de fan de sport, n\u00e9gativement ou positivement. Passionn\u00e9 de sport depuis l'enfance, j'ai d\u00e9cid\u00e9 de mettre ma passion de l'\u00e9criture au service de cette premi\u00e8re passion.","url":"https:\/\/dicodusport.fr\/blog\/author\/paul-lalevee\/"}]}},"_links":{"self":[{"href":"https:\/\/dicodusport.fr\/blog\/wp-json\/wp\/v2\/posts\/535204","targetHints":{"allow":["GET"]}}],"collection":[{"href":"https:\/\/dicodusport.fr\/blog\/wp-json\/wp\/v2\/posts"}],"about":[{"href":"https:\/\/dicodusport.fr\/blog\/wp-json\/wp\/v2\/types\/post"}],"author":[{"embeddable":true,"href":"https:\/\/dicodusport.fr\/blog\/wp-json\/wp\/v2\/users\/88"}],"replies":[{"embeddable":true,"href":"https:\/\/dicodusport.fr\/blog\/wp-json\/wp\/v2\/comments?post=535204"}],"version-history":[{"count":5,"href":"https:\/\/dicodusport.fr\/blog\/wp-json\/wp\/v2\/posts\/535204\/revisions"}],"predecessor-version":[{"id":535212,"href":"https:\/\/dicodusport.fr\/blog\/wp-json\/wp\/v2\/posts\/535204\/revisions\/535212"}],"wp:featuredmedia":[{"embeddable":true,"href":"https:\/\/dicodusport.fr\/blog\/wp-json\/wp\/v2\/media\/535208"}],"wp:attachment":[{"href":"https:\/\/dicodusport.fr\/blog\/wp-json\/wp\/v2\/media?parent=535204"}],"wp:term":[{"taxonomy":"category","embeddable":true,"href":"https:\/\/dicodusport.fr\/blog\/wp-json\/wp\/v2\/categories?post=535204"},{"taxonomy":"post_tag","embeddable":true,"href":"https:\/\/dicodusport.fr\/blog\/wp-json\/wp\/v2\/tags?post=535204"}],"curies":[{"name":"wp","href":"https:\/\/api.w.org\/{rel}","templated":true}]}}