{"id":535393,"date":"2024-11-28T10:00:34","date_gmt":"2024-11-28T09:00:34","guid":{"rendered":"https:\/\/dicodusport.fr\/blog\/?p=535393&#038;preview=true&#038;preview_id=535393"},"modified":"2024-11-29T07:03:21","modified_gmt":"2024-11-29T06:03:21","slug":"ski-de-fond-lequipe-de-france-vise-les-mondiaux-de-trondheim","status":"publish","type":"post","link":"https:\/\/dicodusport.fr\/blog\/ski-de-fond-lequipe-de-france-vise-les-mondiaux-de-trondheim\/","title":{"rendered":"Ski de fond : L&rsquo;\u00e9quipe de France vise les Mondiaux de Trondheim"},"content":{"rendered":"<h4 style=\"text-align: justify;\"><em>SKI DE FOND &#8211; La d\u00e9l\u00e9gation fran\u00e7aise, Lucas Chanavat en t\u00eate, a d\u00e9cid\u00e9 cette saison de cibler les Championnats du monde qui auront lieu \u00e0 Trondheim (Norv\u00e8ge) du 26 f\u00e9vrier au 9 mars.<\/em><\/h4>\n<p style=\"text-align: justify;\"><strong>Lucas Chanavat<\/strong> n&rsquo;a pas de temps \u00e0 perdre. En effet, le Haut Savoyard sait ce qu&rsquo;il veut et ce qui lui manque, <a href=\"https:\/\/dicodusport.fr\/blog\/ski-de-fond-lucas-chanavat-victorieux-sur-le-sprint-de-davos\/\">lui qui a d\u00e9j\u00e0 remport\u00e9 deux \u00e9preuves de Coupe du monde<\/a> et surtout deux \u00e9tapes du Tour de Ski l&rsquo;an pass\u00e9. Cette fois-ci, il change son fusil d&rsquo;\u00e9paule. Objectif : les Championnats du monde sur lesquels il n&rsquo;a encore jamais ramen\u00e9 la moindre m\u00e9daille. Pour le meilleur sprinteur fran\u00e7ais, toute la pr\u00e9paration, avec passage au Teide cet hiver, a \u00e9t\u00e9 ax\u00e9e dans le but d&rsquo;arriver en forme \u00e0 Trondheim fin f\u00e9vrier. Ambitieux, il visera ni plus ni moins que l&rsquo;or en style libre. Ce ne sera \u00e9videmment pas une mince affaire, puisque les Norv\u00e9giens \u00e9volueront \u00e0 domicile, notamment les terreurs locales <strong>Johannes Klaebo<\/strong>, <strong>Erik Valnes<\/strong> et <strong>Harald Amundsen<\/strong>, tenant du titre de la Coupe du monde.<\/p>\n<blockquote class=\"twitter-tweet\">\n<p dir=\"ltr\" lang=\"fr\">\ud83c\uddeb\ud83c\uddf7 Ski de fond \/ \u00ab\u00a0Mon objectif est d&rsquo;\u00eatre champion du monde\u00a0\u00bb : Lucas Chanavat nous d\u00e9voile ses ambitions \u00e0 quelques jours du d\u00e9but de saison.<a href=\"https:\/\/t.co\/958WyIMjy0\">https:\/\/t.co\/958WyIMjy0<\/a><\/p>\n<p>\u2014 Ski Chrono (@Ski_Chrono) <a href=\"https:\/\/twitter.com\/Ski_Chrono\/status\/1860992217915248718?ref_src=twsrc%5Etfw\">November 25, 2024<\/a><\/p><\/blockquote>\n<p><script async src=\"https:\/\/platform.twitter.com\/widgets.js\" charset=\"utf-8\"><\/script><\/p>\n<h2 style=\"text-align: justify;\">Des Bleus ambitieux<\/h2>\n<p style=\"text-align: justify;\"><strong>Chanavat<\/strong>, troisi\u00e8me de la Coupe du monde en sprint l&rsquo;an pass\u00e9, se montre r\u00e9gulier ann\u00e9e apr\u00e8s ann\u00e9e et il cherche donc logiquement la cons\u00e9cration cette ann\u00e9e \u00e0 Trondheim. Derri\u00e8re lui, c&rsquo;est toute la d\u00e9l\u00e9gation fran\u00e7aise qui tourne sa saison vers les Mondiaux. Ainsi, <strong>Jules Chappaz<\/strong>, <a href=\"https:\/\/dicodusport.fr\/blog\/mondiaux-de-ski-de-fond-jules-chappaz-en-bronze-sur-le-sprint-johannes-klaebo-sacre\/\">en bronze l&rsquo;an pass\u00e9 sur le sprint classique<\/a>, annonce la couleur en visant une nouvelle breloque mondiale. Les d\u00e9clarations de <strong>Richard Jouve<\/strong>, toujours en sprint et vainqueur du Globe de Cristal de la sp\u00e9cialit\u00e9 en 2022, et de <strong>Delphine Claudel<\/strong> et <strong>Jules Lapierre<\/strong> sur les formats plus longs, vont aussi en ce sens. Il faudra donc certainement attendre avant de voir une mont\u00e9e en puissance des fondeurs tricolores cet hiver.<\/p>\n","protected":false},"excerpt":{"rendered":"<p>L&rsquo;\u00e9quipe de France vise les Mondiaux de Trondheim<\/p>\n","protected":false},"author":92,"featured_media":535745,"comment_status":"open","ping_status":"closed","sticky":false,"template":"","format":"standard","meta":{"_acf_changed":false,"_daextam_enable_autolinks":"1","footnotes":""},"categories":[9217],"tags":[32415,16878,29914,3779,3895,3260],"class_list":["post-535393","post","type-post","status-publish","format-standard","has-post-thumbnail","hentry","category-ski","tag-actu","tag-breve","tag-jules-chappaz","tag-lucas-chanavat","tag-richard-jouve","tag-tour-de-ski"],"acf":[],"yoast_head":"<!-- This site is optimized with the Yoast SEO Premium plugin v26.7 (Yoast SEO v26.7) - https:\/\/yoast.com\/wordpress\/plugins\/seo\/ -->\n<title>Ski de fond : L&#039;\u00e9quipe de France vise les Mondiaux de Trondheim<\/title>\n<meta name=\"description\" content=\"La d\u00e9l\u00e9gation fran\u00e7aise, Lucas Chanavat en t\u00eate, cible cette saison les Championnats du Monde de Trondheim (Norv\u00e8ge) du 26 f\u00e9vrier au 9 mars.\" \/>\n<meta name=\"robots\" content=\"index, follow, max-snippet:-1, max-image-preview:large, max-video-preview:-1\" \/>\n<link rel=\"canonical\" href=\"https:\/\/dicodusport.fr\/blog\/ski-de-fond-lequipe-de-france-vise-les-mondiaux-de-trondheim\/\" \/>\n<meta property=\"og:locale\" content=\"fr_FR\" \/>\n<meta property=\"og:type\" content=\"article\" \/>\n<meta property=\"og:title\" content=\"Ski de fond : L&#039;\u00e9quipe de France vise les Mondiaux de Trondheim\" \/>\n<meta property=\"og:description\" content=\"La d\u00e9l\u00e9gation fran\u00e7aise, Lucas Chanavat en t\u00eate, cible cette saison les Championnats du Monde de Trondheim (Norv\u00e8ge) du 26 f\u00e9vrier au 9 mars.\" \/>\n<meta property=\"og:url\" content=\"https:\/\/dicodusport.fr\/blog\/ski-de-fond-lequipe-de-france-vise-les-mondiaux-de-trondheim\/\" \/>\n<meta property=\"og:site_name\" content=\"Dicodusport\" \/>\n<meta property=\"article:publisher\" content=\"https:\/\/www.facebook.com\/dicodusport\" \/>\n<meta property=\"article:published_time\" content=\"2024-11-28T09:00:34+00:00\" \/>\n<meta property=\"article:modified_time\" content=\"2024-11-29T06:03:21+00:00\" \/>\n<meta property=\"og:image\" content=\"https:\/\/dicodusport.fr\/blog\/wp-content\/uploads\/2024\/11\/Ski-de-fond-Lequipe-de-France-vise-les-Mondiaux-de-Trondheim.png\" \/>\n\t<meta property=\"og:image:width\" content=\"1200\" \/>\n\t<meta property=\"og:image:height\" content=\"674\" \/>\n\t<meta property=\"og:image:type\" content=\"image\/png\" \/>\n<meta name=\"author\" content=\"Olivier Dobiezynski\" \/>\n<meta name=\"twitter:card\" content=\"summary_large_image\" \/>\n<meta name=\"twitter:title\" content=\"Ski de fond : L&#039;\u00e9quipe de France vise les Mondiaux de Trondheim\" \/>\n<meta name=\"twitter:creator\" content=\"@https:\/\/x.com\/Olivier_Matros\" \/>\n<meta name=\"twitter:site\" content=\"@dicodusport\" \/>\n<script type=\"application\/ld+json\" class=\"yoast-schema-graph\">{\"@context\":\"https:\/\/schema.org\",\"@graph\":[{\"@type\":\"NewsArticle\",\"@id\":\"https:\/\/dicodusport.fr\/blog\/ski-de-fond-lequipe-de-france-vise-les-mondiaux-de-trondheim\/#article\",\"isPartOf\":{\"@id\":\"https:\/\/dicodusport.fr\/blog\/ski-de-fond-lequipe-de-france-vise-les-mondiaux-de-trondheim\/\"},\"author\":{\"name\":\"Olivier Dobiezynski\",\"@id\":\"https:\/\/dicodusport.fr\/blog\/#\/schema\/person\/fe500246414ca17ddf0c0312d7a792cc\"},\"headline\":\"Ski de fond : L&rsquo;\u00e9quipe de France vise les Mondiaux de Trondheim\",\"datePublished\":\"2024-11-28T09:00:34+00:00\",\"dateModified\":\"2024-11-29T06:03:21+00:00\",\"mainEntityOfPage\":{\"@id\":\"https:\/\/dicodusport.fr\/blog\/ski-de-fond-lequipe-de-france-vise-les-mondiaux-de-trondheim\/\"},\"wordCount\":364,\"commentCount\":0,\"publisher\":{\"@id\":\"https:\/\/dicodusport.fr\/blog\/#organization\"},\"image\":{\"@id\":\"https:\/\/dicodusport.fr\/blog\/ski-de-fond-lequipe-de-france-vise-les-mondiaux-de-trondheim\/#primaryimage\"},\"thumbnailUrl\":\"https:\/\/dicodusport.fr\/blog\/wp-content\/uploads\/2024\/11\/Ski-de-fond-Lequipe-de-France-vise-les-Mondiaux-de-Trondheim.png\",\"keywords\":[\"actu\",\"br\u00e8ve\",\"Jules Chappaz\",\"Lucas Chanavat\",\"Richard Jouve\",\"tour de ski\"],\"articleSection\":[\"Ski\"],\"inLanguage\":\"fr-FR\",\"potentialAction\":[{\"@type\":\"CommentAction\",\"name\":\"Comment\",\"target\":[\"https:\/\/dicodusport.fr\/blog\/ski-de-fond-lequipe-de-france-vise-les-mondiaux-de-trondheim\/#respond\"]}],\"copyrightYear\":\"2024\",\"copyrightHolder\":{\"@id\":\"https:\/\/dicodusport.fr\/blog\/#organization\"}},{\"@type\":\"WebPage\",\"@id\":\"https:\/\/dicodusport.fr\/blog\/ski-de-fond-lequipe-de-france-vise-les-mondiaux-de-trondheim\/\",\"url\":\"https:\/\/dicodusport.fr\/blog\/ski-de-fond-lequipe-de-france-vise-les-mondiaux-de-trondheim\/\",\"name\":\"Ski de fond : L'\u00e9quipe de France vise les Mondiaux de Trondheim\",\"isPartOf\":{\"@id\":\"https:\/\/dicodusport.fr\/blog\/#website\"},\"primaryImageOfPage\":{\"@id\":\"https:\/\/dicodusport.fr\/blog\/ski-de-fond-lequipe-de-france-vise-les-mondiaux-de-trondheim\/#primaryimage\"},\"image\":{\"@id\":\"https:\/\/dicodusport.fr\/blog\/ski-de-fond-lequipe-de-france-vise-les-mondiaux-de-trondheim\/#primaryimage\"},\"thumbnailUrl\":\"https:\/\/dicodusport.fr\/blog\/wp-content\/uploads\/2024\/11\/Ski-de-fond-Lequipe-de-France-vise-les-Mondiaux-de-Trondheim.png\",\"datePublished\":\"2024-11-28T09:00:34+00:00\",\"dateModified\":\"2024-11-29T06:03:21+00:00\",\"description\":\"La d\u00e9l\u00e9gation fran\u00e7aise, Lucas Chanavat en t\u00eate, cible cette saison les Championnats du Monde de Trondheim (Norv\u00e8ge) du 26 f\u00e9vrier au 9 mars.\",\"breadcrumb\":{\"@id\":\"https:\/\/dicodusport.fr\/blog\/ski-de-fond-lequipe-de-france-vise-les-mondiaux-de-trondheim\/#breadcrumb\"},\"inLanguage\":\"fr-FR\",\"potentialAction\":[{\"@type\":\"ReadAction\",\"target\":[\"https:\/\/dicodusport.fr\/blog\/ski-de-fond-lequipe-de-france-vise-les-mondiaux-de-trondheim\/\"]}]},{\"@type\":\"ImageObject\",\"inLanguage\":\"fr-FR\",\"@id\":\"https:\/\/dicodusport.fr\/blog\/ski-de-fond-lequipe-de-france-vise-les-mondiaux-de-trondheim\/#primaryimage\",\"url\":\"https:\/\/dicodusport.fr\/blog\/wp-content\/uploads\/2024\/11\/Ski-de-fond-Lequipe-de-France-vise-les-Mondiaux-de-Trondheim.png\",\"contentUrl\":\"https:\/\/dicodusport.fr\/blog\/wp-content\/uploads\/2024\/11\/Ski-de-fond-Lequipe-de-France-vise-les-Mondiaux-de-Trondheim.png\",\"width\":1200,\"height\":674,\"caption\":\"Ski de fond L'\u00e9quipe de France vise les Mondiaux de Trondheim\"},{\"@type\":\"BreadcrumbList\",\"@id\":\"https:\/\/dicodusport.fr\/blog\/ski-de-fond-lequipe-de-france-vise-les-mondiaux-de-trondheim\/#breadcrumb\",\"itemListElement\":[{\"@type\":\"ListItem\",\"position\":1,\"name\":\"Accueil\",\"item\":\"https:\/\/dicodusport.fr\/blog\/\"},{\"@type\":\"ListItem\",\"position\":2,\"name\":\"Ski de fond : L&rsquo;\u00e9quipe de France vise les Mondiaux de Trondheim\"}]},{\"@type\":\"WebSite\",\"@id\":\"https:\/\/dicodusport.fr\/blog\/#website\",\"url\":\"https:\/\/dicodusport.fr\/blog\/\",\"name\":\"Dicodusport\",\"description\":\"L&#039;encyclop\u00e9die de l&#039;actualit\u00e9 sportive\",\"publisher\":{\"@id\":\"https:\/\/dicodusport.fr\/blog\/#organization\"},\"potentialAction\":[{\"@type\":\"SearchAction\",\"target\":{\"@type\":\"EntryPoint\",\"urlTemplate\":\"https:\/\/dicodusport.fr\/blog\/?s={search_term_string}\"},\"query-input\":{\"@type\":\"PropertyValueSpecification\",\"valueRequired\":true,\"valueName\":\"search_term_string\"}}],\"inLanguage\":\"fr-FR\"},{\"@type\":\"NewsMediaOrganization\",\"@id\":\"https:\/\/dicodusport.fr\/blog\/#organization\",\"name\":\"Dicodusport\",\"url\":\"https:\/\/dicodusport.fr\/blog\/\",\"logo\":{\"@type\":\"ImageObject\",\"inLanguage\":\"fr-FR\",\"@id\":\"https:\/\/dicodusport.fr\/blog\/#\/schema\/logo\/image\/\",\"url\":\"https:\/\/dicodusport.fr\/blog\/wp-content\/uploads\/2020\/06\/cropped-LOGO-DICODUSPORT-2020-SANS-FOND-SANS-TEXTE.png\",\"contentUrl\":\"https:\/\/dicodusport.fr\/blog\/wp-content\/uploads\/2020\/06\/cropped-LOGO-DICODUSPORT-2020-SANS-FOND-SANS-TEXTE.png\",\"width\":512,\"height\":512,\"caption\":\"Dicodusport\"},\"image\":{\"@id\":\"https:\/\/dicodusport.fr\/blog\/#\/schema\/logo\/image\/\"},\"sameAs\":[\"https:\/\/www.facebook.com\/dicodusport\",\"https:\/\/x.com\/dicodusport\",\"https:\/\/www.instagram.com\/dicodusport\/\",\"https:\/\/www.youtube.com\/channel\/UC7V2KZ5sd3htJivAbA4ZG3w\"],\"description\":\"Dicodusport est l'encyclop\u00e9die de l'actualit\u00e9 sportive.\",\"email\":\"bonjour@dicodusport.fr\",\"legalName\":\"DICODUSPORT\",\"foundingDate\":\"2018-01-14\",\"vatID\":\"FR71834470973\",\"taxID\":\"83447097300043\",\"numberOfEmployees\":{\"@type\":\"QuantitativeValue\",\"minValue\":\"1\",\"maxValue\":\"10\"}},{\"@type\":\"Person\",\"@id\":\"https:\/\/dicodusport.fr\/blog\/#\/schema\/person\/fe500246414ca17ddf0c0312d7a792cc\",\"name\":\"Olivier Dobiezynski\",\"image\":{\"@type\":\"ImageObject\",\"inLanguage\":\"fr-FR\",\"@id\":\"https:\/\/dicodusport.fr\/blog\/#\/schema\/person\/image\/\",\"url\":\"https:\/\/dicodusport.fr\/blog\/wp-content\/uploads\/2024\/09\/5be8fe8d-9962-4f1e-ad06-d6f9dee30e6d-150x150.jpg\",\"contentUrl\":\"https:\/\/dicodusport.fr\/blog\/wp-content\/uploads\/2024\/09\/5be8fe8d-9962-4f1e-ad06-d6f9dee30e6d-150x150.jpg\",\"caption\":\"Olivier Dobiezynski\"},\"description\":\"Depuis le milieu des ann\u00e9es 90, la passion du cyclisme m'anime. Mes h\u00e9ros s'appellent Luc Leblanc, Piotr Ugrumov, Paolo Savoldelli, Peter Sagan et bien \u00e9videmment Romain Bardet. R\u00e9dacteur depuis 2023, je suis ici pour partager cet amour de la Petite Reine. Vous pourrez me lire \u00e9galement sur du trail, du ski de fond et tout autre sujet susceptible d'\u00e9veiller ma curiosit\u00e9 sportive.\",\"sameAs\":[\"https:\/\/x.com\/https:\/\/x.com\/Olivier_Matros\"],\"url\":\"https:\/\/dicodusport.fr\/blog\/author\/olivier-gh\/\"}]}<\/script>\n<!-- \/ Yoast SEO Premium plugin. -->","yoast_head_json":{"title":"Ski de fond : L'\u00e9quipe de France vise les Mondiaux de Trondheim","description":"La d\u00e9l\u00e9gation fran\u00e7aise, Lucas Chanavat en t\u00eate, cible cette saison les Championnats du Monde de Trondheim (Norv\u00e8ge) du 26 f\u00e9vrier au 9 mars.","robots":{"index":"index","follow":"follow","max-snippet":"max-snippet:-1","max-image-preview":"max-image-preview:large","max-video-preview":"max-video-preview:-1"},"canonical":"https:\/\/dicodusport.fr\/blog\/ski-de-fond-lequipe-de-france-vise-les-mondiaux-de-trondheim\/","og_locale":"fr_FR","og_type":"article","og_title":"Ski de fond : L'\u00e9quipe de France vise les Mondiaux de Trondheim","og_description":"La d\u00e9l\u00e9gation fran\u00e7aise, Lucas Chanavat en t\u00eate, cible cette saison les Championnats du Monde de Trondheim (Norv\u00e8ge) du 26 f\u00e9vrier au 9 mars.","og_url":"https:\/\/dicodusport.fr\/blog\/ski-de-fond-lequipe-de-france-vise-les-mondiaux-de-trondheim\/","og_site_name":"Dicodusport","article_publisher":"https:\/\/www.facebook.com\/dicodusport","article_published_time":"2024-11-28T09:00:34+00:00","article_modified_time":"2024-11-29T06:03:21+00:00","og_image":[{"width":1200,"height":674,"url":"https:\/\/dicodusport.fr\/blog\/wp-content\/uploads\/2024\/11\/Ski-de-fond-Lequipe-de-France-vise-les-Mondiaux-de-Trondheim.png","type":"image\/png"}],"author":"Olivier Dobiezynski","twitter_card":"summary_large_image","twitter_title":"Ski de fond : L'\u00e9quipe de France vise les Mondiaux de Trondheim","twitter_creator":"@https:\/\/x.com\/Olivier_Matros","twitter_site":"@dicodusport","schema":{"@context":"https:\/\/schema.org","@graph":[{"@type":"NewsArticle","@id":"https:\/\/dicodusport.fr\/blog\/ski-de-fond-lequipe-de-france-vise-les-mondiaux-de-trondheim\/#article","isPartOf":{"@id":"https:\/\/dicodusport.fr\/blog\/ski-de-fond-lequipe-de-france-vise-les-mondiaux-de-trondheim\/"},"author":{"name":"Olivier Dobiezynski","@id":"https:\/\/dicodusport.fr\/blog\/#\/schema\/person\/fe500246414ca17ddf0c0312d7a792cc"},"headline":"Ski de fond : L&rsquo;\u00e9quipe de France vise les Mondiaux de Trondheim","datePublished":"2024-11-28T09:00:34+00:00","dateModified":"2024-11-29T06:03:21+00:00","mainEntityOfPage":{"@id":"https:\/\/dicodusport.fr\/blog\/ski-de-fond-lequipe-de-france-vise-les-mondiaux-de-trondheim\/"},"wordCount":364,"commentCount":0,"publisher":{"@id":"https:\/\/dicodusport.fr\/blog\/#organization"},"image":{"@id":"https:\/\/dicodusport.fr\/blog\/ski-de-fond-lequipe-de-france-vise-les-mondiaux-de-trondheim\/#primaryimage"},"thumbnailUrl":"https:\/\/dicodusport.fr\/blog\/wp-content\/uploads\/2024\/11\/Ski-de-fond-Lequipe-de-France-vise-les-Mondiaux-de-Trondheim.png","keywords":["actu","br\u00e8ve","Jules Chappaz","Lucas Chanavat","Richard Jouve","tour de ski"],"articleSection":["Ski"],"inLanguage":"fr-FR","potentialAction":[{"@type":"CommentAction","name":"Comment","target":["https:\/\/dicodusport.fr\/blog\/ski-de-fond-lequipe-de-france-vise-les-mondiaux-de-trondheim\/#respond"]}],"copyrightYear":"2024","copyrightHolder":{"@id":"https:\/\/dicodusport.fr\/blog\/#organization"}},{"@type":"WebPage","@id":"https:\/\/dicodusport.fr\/blog\/ski-de-fond-lequipe-de-france-vise-les-mondiaux-de-trondheim\/","url":"https:\/\/dicodusport.fr\/blog\/ski-de-fond-lequipe-de-france-vise-les-mondiaux-de-trondheim\/","name":"Ski de fond : L'\u00e9quipe de France vise les Mondiaux de Trondheim","isPartOf":{"@id":"https:\/\/dicodusport.fr\/blog\/#website"},"primaryImageOfPage":{"@id":"https:\/\/dicodusport.fr\/blog\/ski-de-fond-lequipe-de-france-vise-les-mondiaux-de-trondheim\/#primaryimage"},"image":{"@id":"https:\/\/dicodusport.fr\/blog\/ski-de-fond-lequipe-de-france-vise-les-mondiaux-de-trondheim\/#primaryimage"},"thumbnailUrl":"https:\/\/dicodusport.fr\/blog\/wp-content\/uploads\/2024\/11\/Ski-de-fond-Lequipe-de-France-vise-les-Mondiaux-de-Trondheim.png","datePublished":"2024-11-28T09:00:34+00:00","dateModified":"2024-11-29T06:03:21+00:00","description":"La d\u00e9l\u00e9gation fran\u00e7aise, Lucas Chanavat en t\u00eate, cible cette saison les Championnats du Monde de Trondheim (Norv\u00e8ge) du 26 f\u00e9vrier au 9 mars.","breadcrumb":{"@id":"https:\/\/dicodusport.fr\/blog\/ski-de-fond-lequipe-de-france-vise-les-mondiaux-de-trondheim\/#breadcrumb"},"inLanguage":"fr-FR","potentialAction":[{"@type":"ReadAction","target":["https:\/\/dicodusport.fr\/blog\/ski-de-fond-lequipe-de-france-vise-les-mondiaux-de-trondheim\/"]}]},{"@type":"ImageObject","inLanguage":"fr-FR","@id":"https:\/\/dicodusport.fr\/blog\/ski-de-fond-lequipe-de-france-vise-les-mondiaux-de-trondheim\/#primaryimage","url":"https:\/\/dicodusport.fr\/blog\/wp-content\/uploads\/2024\/11\/Ski-de-fond-Lequipe-de-France-vise-les-Mondiaux-de-Trondheim.png","contentUrl":"https:\/\/dicodusport.fr\/blog\/wp-content\/uploads\/2024\/11\/Ski-de-fond-Lequipe-de-France-vise-les-Mondiaux-de-Trondheim.png","width":1200,"height":674,"caption":"Ski de fond L'\u00e9quipe de France vise les Mondiaux de Trondheim"},{"@type":"BreadcrumbList","@id":"https:\/\/dicodusport.fr\/blog\/ski-de-fond-lequipe-de-france-vise-les-mondiaux-de-trondheim\/#breadcrumb","itemListElement":[{"@type":"ListItem","position":1,"name":"Accueil","item":"https:\/\/dicodusport.fr\/blog\/"},{"@type":"ListItem","position":2,"name":"Ski de fond : L&rsquo;\u00e9quipe de France vise les Mondiaux de Trondheim"}]},{"@type":"WebSite","@id":"https:\/\/dicodusport.fr\/blog\/#website","url":"https:\/\/dicodusport.fr\/blog\/","name":"Dicodusport","description":"L&#039;encyclop\u00e9die de l&#039;actualit\u00e9 sportive","publisher":{"@id":"https:\/\/dicodusport.fr\/blog\/#organization"},"potentialAction":[{"@type":"SearchAction","target":{"@type":"EntryPoint","urlTemplate":"https:\/\/dicodusport.fr\/blog\/?s={search_term_string}"},"query-input":{"@type":"PropertyValueSpecification","valueRequired":true,"valueName":"search_term_string"}}],"inLanguage":"fr-FR"},{"@type":"NewsMediaOrganization","@id":"https:\/\/dicodusport.fr\/blog\/#organization","name":"Dicodusport","url":"https:\/\/dicodusport.fr\/blog\/","logo":{"@type":"ImageObject","inLanguage":"fr-FR","@id":"https:\/\/dicodusport.fr\/blog\/#\/schema\/logo\/image\/","url":"https:\/\/dicodusport.fr\/blog\/wp-content\/uploads\/2020\/06\/cropped-LOGO-DICODUSPORT-2020-SANS-FOND-SANS-TEXTE.png","contentUrl":"https:\/\/dicodusport.fr\/blog\/wp-content\/uploads\/2020\/06\/cropped-LOGO-DICODUSPORT-2020-SANS-FOND-SANS-TEXTE.png","width":512,"height":512,"caption":"Dicodusport"},"image":{"@id":"https:\/\/dicodusport.fr\/blog\/#\/schema\/logo\/image\/"},"sameAs":["https:\/\/www.facebook.com\/dicodusport","https:\/\/x.com\/dicodusport","https:\/\/www.instagram.com\/dicodusport\/","https:\/\/www.youtube.com\/channel\/UC7V2KZ5sd3htJivAbA4ZG3w"],"description":"Dicodusport est l'encyclop\u00e9die de l'actualit\u00e9 sportive.","email":"bonjour@dicodusport.fr","legalName":"DICODUSPORT","foundingDate":"2018-01-14","vatID":"FR71834470973","taxID":"83447097300043","numberOfEmployees":{"@type":"QuantitativeValue","minValue":"1","maxValue":"10"}},{"@type":"Person","@id":"https:\/\/dicodusport.fr\/blog\/#\/schema\/person\/fe500246414ca17ddf0c0312d7a792cc","name":"Olivier Dobiezynski","image":{"@type":"ImageObject","inLanguage":"fr-FR","@id":"https:\/\/dicodusport.fr\/blog\/#\/schema\/person\/image\/","url":"https:\/\/dicodusport.fr\/blog\/wp-content\/uploads\/2024\/09\/5be8fe8d-9962-4f1e-ad06-d6f9dee30e6d-150x150.jpg","contentUrl":"https:\/\/dicodusport.fr\/blog\/wp-content\/uploads\/2024\/09\/5be8fe8d-9962-4f1e-ad06-d6f9dee30e6d-150x150.jpg","caption":"Olivier Dobiezynski"},"description":"Depuis le milieu des ann\u00e9es 90, la passion du cyclisme m'anime. Mes h\u00e9ros s'appellent Luc Leblanc, Piotr Ugrumov, Paolo Savoldelli, Peter Sagan et bien \u00e9videmment Romain Bardet. R\u00e9dacteur depuis 2023, je suis ici pour partager cet amour de la Petite Reine. Vous pourrez me lire \u00e9galement sur du trail, du ski de fond et tout autre sujet susceptible d'\u00e9veiller ma curiosit\u00e9 sportive.","sameAs":["https:\/\/x.com\/https:\/\/x.com\/Olivier_Matros"],"url":"https:\/\/dicodusport.fr\/blog\/author\/olivier-gh\/"}]}},"_links":{"self":[{"href":"https:\/\/dicodusport.fr\/blog\/wp-json\/wp\/v2\/posts\/535393","targetHints":{"allow":["GET"]}}],"collection":[{"href":"https:\/\/dicodusport.fr\/blog\/wp-json\/wp\/v2\/posts"}],"about":[{"href":"https:\/\/dicodusport.fr\/blog\/wp-json\/wp\/v2\/types\/post"}],"author":[{"embeddable":true,"href":"https:\/\/dicodusport.fr\/blog\/wp-json\/wp\/v2\/users\/92"}],"replies":[{"embeddable":true,"href":"https:\/\/dicodusport.fr\/blog\/wp-json\/wp\/v2\/comments?post=535393"}],"version-history":[{"count":5,"href":"https:\/\/dicodusport.fr\/blog\/wp-json\/wp\/v2\/posts\/535393\/revisions"}],"predecessor-version":[{"id":536003,"href":"https:\/\/dicodusport.fr\/blog\/wp-json\/wp\/v2\/posts\/535393\/revisions\/536003"}],"wp:featuredmedia":[{"embeddable":true,"href":"https:\/\/dicodusport.fr\/blog\/wp-json\/wp\/v2\/media\/535745"}],"wp:attachment":[{"href":"https:\/\/dicodusport.fr\/blog\/wp-json\/wp\/v2\/media?parent=535393"}],"wp:term":[{"taxonomy":"category","embeddable":true,"href":"https:\/\/dicodusport.fr\/blog\/wp-json\/wp\/v2\/categories?post=535393"},{"taxonomy":"post_tag","embeddable":true,"href":"https:\/\/dicodusport.fr\/blog\/wp-json\/wp\/v2\/tags?post=535393"}],"curies":[{"name":"wp","href":"https:\/\/api.w.org\/{rel}","templated":true}]}}