{"id":535770,"date":"2024-11-28T11:41:48","date_gmt":"2024-11-28T10:41:48","guid":{"rendered":"https:\/\/dicodusport.fr\/blog\/?p=535770&#038;preview=true&#038;preview_id=535770"},"modified":"2024-11-28T11:42:29","modified_gmt":"2024-11-28T10:42:29","slug":"transferts-cyclisme-maxim-van-gils-vers-red-bull-bora-hansgrohe","status":"publish","type":"post","link":"https:\/\/dicodusport.fr\/blog\/transferts-cyclisme-maxim-van-gils-vers-red-bull-bora-hansgrohe\/","title":{"rendered":"Transferts Cyclisme : Maxim Van Gils vers Red Bull-Bora-Hansgrohe"},"content":{"rendered":"<h4 style=\"text-align: justify;\"><em>TRANSFERTS CYCLISME &#8211; Maxim Van Gils a fait son choix. Apr\u00e8s son d\u00e9part fracassant de Lotto-Dstny, le puncheur belge va rejoindre la Red Bull-Bora-Hansgrohe, selon le <i><b>Het Laatste Nieuws.\u00a0<\/b><\/i><\/em><\/h4>\n<ul>\n<li style=\"text-align: justify;\"><strong>\u00c0 ce sujet &#8211; <a href=\"https:\/\/dicodusport.fr\/blog\/cyclisme-mercato-2024-2025-tableau-des-transferts\/\">Cyclisme Mercato 2024-2025 \u2013 Tableau des transferts<\/a><\/strong><\/li>\n<\/ul>\n<p style=\"text-align: justify;\">La semaine derni\u00e8re, <strong>Maxim Van Gils<\/strong> avait exprim\u00e9 sa volont\u00e9 de rompre son contrat avec <strong>Lotto-Dstny<\/strong>. Alors qu&rsquo;il aurait d\u00fb porter encore deux ans les couleurs de la formation belge, le puncheur de 25 ans va finalement rejoindre la <strong>Red Bull-Bora-Hansgrohe<\/strong>, selon les derni\u00e8res informations du <em><a href=\"https:\/\/www.hln.be\/wielrennen\/maxim-van-gils-op-zucht-van-red-bull-bora-hansgrohe-maar-nog-kaper-op-de-kust~a55b0c16\/?referrer=https%3A%2F%2Fwww.google.com%2F\">Het Laatste Nieuws<\/a><\/em>. Un temps annonc\u00e9 chez Astana, <strong>Van Gils<\/strong> a finalement trouv\u00e9 un accord \u00e0 l\u2019amiable avec son ancienne \u00e9quipe, suite \u00e0 des discussions avec l\u2019UCI. Le transfert a \u00e9t\u00e9 officiellement valid\u00e9.<\/p>\n<p style=\"text-align: justify;\">Ce dernier permet \u00e9galement \u00e0 Lotto-Dstny de recevoir un d\u00e9dommagement financier (600 000 euros par saison, 1,2 million d&rsquo;euros au total). De quoi compenser le d\u00e9part de l&rsquo;une des <a href=\"https:\/\/dicodusport.fr\/blog\/van-gils-magnier-christen-nos-revelations-de-la-saison-2024\/\">principales p\u00e9pites belges<\/a> du peloton mondial, mais aussi du co-sponsor, Dstny. Troisi\u00e8me des Strade Bianche, troisi\u00e8me sur la Fl\u00e8che Wallonne, <strong>Maxim Van Gils<\/strong> rejoint donc l&rsquo;une des plus ambitieuses \u00e9quipes du peloton.<\/p>\n<blockquote class=\"twitter-tweet\">\n<p dir=\"ltr\" lang=\"fr\"><a href=\"https:\/\/twitter.com\/hashtag\/Transfert?src=hash&amp;ref_src=twsrc%5Etfw\">#Transfert<\/a> &#8211; <a href=\"https:\/\/twitter.com\/RBH_ProCycling?ref_src=twsrc%5Etfw\">@RBH_ProCycling<\/a> l&#8217;emporte sur <a href=\"https:\/\/twitter.com\/AstanaQazTeam?ref_src=twsrc%5Etfw\">@AstanaQazTeam<\/a> dans le match pour recruter Maxim Van Gils qui quitte <a href=\"https:\/\/twitter.com\/lotto_dstny?ref_src=twsrc%5Etfw\">@lotto_dstny<\/a>, selon HLN.<\/p>\n<p>Grosse perte sportive pour la ProTeam belge qui devrait donc empocher 1,2 million pour le rachat du contrat (600 000 euros par an).\u2026<\/p>\n<p>\u2014 James Odvart (@OdvartJames) <a href=\"https:\/\/twitter.com\/OdvartJames\/status\/1862077784874459517?ref_src=twsrc%5Etfw\">November 28, 2024<\/a><\/p><\/blockquote>\n<p><script async src=\"https:\/\/platform.twitter.com\/widgets.js\" charset=\"utf-8\"><\/script><\/p>\n<p style=\"text-align: justify;\">\n","protected":false},"excerpt":{"rendered":"<p>Maxim Van Gils vers Red Bull-Bora-Hansgrohe<\/p>\n","protected":false},"author":88,"featured_media":535778,"comment_status":"open","ping_status":"closed","sticky":false,"template":"","format":"standard","meta":{"_acf_changed":false,"_daextam_enable_autolinks":"1","footnotes":""},"categories":[46994],"tags":[32415,6891,16878],"class_list":["post-535770","post","type-post","status-publish","format-standard","has-post-thumbnail","hentry","category-cyclisme-sur-route","tag-actu","tag-astana","tag-breve"],"acf":[],"yoast_head":"<!-- This site is optimized with the Yoast SEO Premium plugin v26.7 (Yoast SEO v26.7) - https:\/\/yoast.com\/wordpress\/plugins\/seo\/ -->\n<title>Transferts Cyclisme : Maxim Van Gils vers Red Bull-Bora-Hansgrohe<\/title>\n<meta name=\"description\" content=\"TRANSFERTS CYCLISME - Maxim Van Gils a fait son choix. Apr\u00e8s son d\u00e9part fracassant de Lotto-Dstny, le Belge va rejoindre la Red Bull-Bora-Hansgrohe.\" \/>\n<meta name=\"robots\" content=\"index, follow, max-snippet:-1, max-image-preview:large, max-video-preview:-1\" \/>\n<link rel=\"canonical\" href=\"https:\/\/dicodusport.fr\/blog\/transferts-cyclisme-maxim-van-gils-vers-red-bull-bora-hansgrohe\/\" \/>\n<meta property=\"og:locale\" content=\"fr_FR\" \/>\n<meta property=\"og:type\" content=\"article\" \/>\n<meta property=\"og:title\" content=\"Transferts Cyclisme : Maxim Van Gils vers Red Bull-Bora-Hansgrohe\" \/>\n<meta property=\"og:description\" content=\"TRANSFERTS CYCLISME - Maxim Van Gils a fait son choix. Apr\u00e8s son d\u00e9part fracassant de Lotto-Dstny, le Belge va rejoindre la Red Bull-Bora-Hansgrohe.\" \/>\n<meta property=\"og:url\" content=\"https:\/\/dicodusport.fr\/blog\/transferts-cyclisme-maxim-van-gils-vers-red-bull-bora-hansgrohe\/\" \/>\n<meta property=\"og:site_name\" content=\"Dicodusport\" \/>\n<meta property=\"article:publisher\" content=\"https:\/\/www.facebook.com\/dicodusport\" \/>\n<meta property=\"article:published_time\" content=\"2024-11-28T10:41:48+00:00\" \/>\n<meta property=\"article:modified_time\" content=\"2024-11-28T10:42:29+00:00\" \/>\n<meta property=\"og:image\" content=\"https:\/\/dicodusport.fr\/blog\/wp-content\/uploads\/2024\/11\/Transferts-Cyclisme-Maxim-Van-Gils-vers-Red-Bull-Bora-Hansgrohe.png\" \/>\n\t<meta property=\"og:image:width\" content=\"1200\" \/>\n\t<meta property=\"og:image:height\" content=\"674\" \/>\n\t<meta property=\"og:image:type\" content=\"image\/png\" \/>\n<meta name=\"author\" content=\"Paul Lalevee\" \/>\n<meta name=\"twitter:card\" content=\"summary_large_image\" \/>\n<meta name=\"twitter:title\" content=\"Transferts Cyclisme : Maxim Van Gils vers Red Bull-Bora-Hansgrohe\" \/>\n<meta name=\"twitter:creator\" content=\"@dicodusport\" \/>\n<meta name=\"twitter:site\" content=\"@dicodusport\" \/>\n<script type=\"application\/ld+json\" class=\"yoast-schema-graph\">{\"@context\":\"https:\/\/schema.org\",\"@graph\":[{\"@type\":\"NewsArticle\",\"@id\":\"https:\/\/dicodusport.fr\/blog\/transferts-cyclisme-maxim-van-gils-vers-red-bull-bora-hansgrohe\/#article\",\"isPartOf\":{\"@id\":\"https:\/\/dicodusport.fr\/blog\/transferts-cyclisme-maxim-van-gils-vers-red-bull-bora-hansgrohe\/\"},\"author\":{\"name\":\"Paul Lalevee\",\"@id\":\"https:\/\/dicodusport.fr\/blog\/#\/schema\/person\/1eaa63dfac40b5e5c47f03a71920c1cd\"},\"headline\":\"Transferts Cyclisme : Maxim Van Gils vers Red Bull-Bora-Hansgrohe\",\"datePublished\":\"2024-11-28T10:41:48+00:00\",\"dateModified\":\"2024-11-28T10:42:29+00:00\",\"mainEntityOfPage\":{\"@id\":\"https:\/\/dicodusport.fr\/blog\/transferts-cyclisme-maxim-van-gils-vers-red-bull-bora-hansgrohe\/\"},\"wordCount\":241,\"commentCount\":0,\"publisher\":{\"@id\":\"https:\/\/dicodusport.fr\/blog\/#organization\"},\"image\":{\"@id\":\"https:\/\/dicodusport.fr\/blog\/transferts-cyclisme-maxim-van-gils-vers-red-bull-bora-hansgrohe\/#primaryimage\"},\"thumbnailUrl\":\"https:\/\/dicodusport.fr\/blog\/wp-content\/uploads\/2024\/11\/Transferts-Cyclisme-Maxim-Van-Gils-vers-Red-Bull-Bora-Hansgrohe.png\",\"keywords\":[\"actu\",\"Astana\",\"br\u00e8ve\"],\"articleSection\":[\"Cyclisme sur route\"],\"inLanguage\":\"fr-FR\",\"potentialAction\":[{\"@type\":\"CommentAction\",\"name\":\"Comment\",\"target\":[\"https:\/\/dicodusport.fr\/blog\/transferts-cyclisme-maxim-van-gils-vers-red-bull-bora-hansgrohe\/#respond\"]}],\"copyrightYear\":\"2024\",\"copyrightHolder\":{\"@id\":\"https:\/\/dicodusport.fr\/blog\/#organization\"}},{\"@type\":\"WebPage\",\"@id\":\"https:\/\/dicodusport.fr\/blog\/transferts-cyclisme-maxim-van-gils-vers-red-bull-bora-hansgrohe\/\",\"url\":\"https:\/\/dicodusport.fr\/blog\/transferts-cyclisme-maxim-van-gils-vers-red-bull-bora-hansgrohe\/\",\"name\":\"Transferts Cyclisme : Maxim Van Gils vers Red Bull-Bora-Hansgrohe\",\"isPartOf\":{\"@id\":\"https:\/\/dicodusport.fr\/blog\/#website\"},\"primaryImageOfPage\":{\"@id\":\"https:\/\/dicodusport.fr\/blog\/transferts-cyclisme-maxim-van-gils-vers-red-bull-bora-hansgrohe\/#primaryimage\"},\"image\":{\"@id\":\"https:\/\/dicodusport.fr\/blog\/transferts-cyclisme-maxim-van-gils-vers-red-bull-bora-hansgrohe\/#primaryimage\"},\"thumbnailUrl\":\"https:\/\/dicodusport.fr\/blog\/wp-content\/uploads\/2024\/11\/Transferts-Cyclisme-Maxim-Van-Gils-vers-Red-Bull-Bora-Hansgrohe.png\",\"datePublished\":\"2024-11-28T10:41:48+00:00\",\"dateModified\":\"2024-11-28T10:42:29+00:00\",\"description\":\"TRANSFERTS CYCLISME - Maxim Van Gils a fait son choix. Apr\u00e8s son d\u00e9part fracassant de Lotto-Dstny, le Belge va rejoindre la Red Bull-Bora-Hansgrohe.\",\"breadcrumb\":{\"@id\":\"https:\/\/dicodusport.fr\/blog\/transferts-cyclisme-maxim-van-gils-vers-red-bull-bora-hansgrohe\/#breadcrumb\"},\"inLanguage\":\"fr-FR\",\"potentialAction\":[{\"@type\":\"ReadAction\",\"target\":[\"https:\/\/dicodusport.fr\/blog\/transferts-cyclisme-maxim-van-gils-vers-red-bull-bora-hansgrohe\/\"]}]},{\"@type\":\"ImageObject\",\"inLanguage\":\"fr-FR\",\"@id\":\"https:\/\/dicodusport.fr\/blog\/transferts-cyclisme-maxim-van-gils-vers-red-bull-bora-hansgrohe\/#primaryimage\",\"url\":\"https:\/\/dicodusport.fr\/blog\/wp-content\/uploads\/2024\/11\/Transferts-Cyclisme-Maxim-Van-Gils-vers-Red-Bull-Bora-Hansgrohe.png\",\"contentUrl\":\"https:\/\/dicodusport.fr\/blog\/wp-content\/uploads\/2024\/11\/Transferts-Cyclisme-Maxim-Van-Gils-vers-Red-Bull-Bora-Hansgrohe.png\",\"width\":1200,\"height\":674,\"caption\":\"Transferts Cyclisme Maxim Van Gils vers Red Bull-Bora-Hansgrohe\"},{\"@type\":\"BreadcrumbList\",\"@id\":\"https:\/\/dicodusport.fr\/blog\/transferts-cyclisme-maxim-van-gils-vers-red-bull-bora-hansgrohe\/#breadcrumb\",\"itemListElement\":[{\"@type\":\"ListItem\",\"position\":1,\"name\":\"Accueil\",\"item\":\"https:\/\/dicodusport.fr\/blog\/\"},{\"@type\":\"ListItem\",\"position\":2,\"name\":\"Transferts Cyclisme : Maxim Van Gils vers Red Bull-Bora-Hansgrohe\"}]},{\"@type\":\"WebSite\",\"@id\":\"https:\/\/dicodusport.fr\/blog\/#website\",\"url\":\"https:\/\/dicodusport.fr\/blog\/\",\"name\":\"Dicodusport\",\"description\":\"L&#039;encyclop\u00e9die de l&#039;actualit\u00e9 sportive\",\"publisher\":{\"@id\":\"https:\/\/dicodusport.fr\/blog\/#organization\"},\"potentialAction\":[{\"@type\":\"SearchAction\",\"target\":{\"@type\":\"EntryPoint\",\"urlTemplate\":\"https:\/\/dicodusport.fr\/blog\/?s={search_term_string}\"},\"query-input\":{\"@type\":\"PropertyValueSpecification\",\"valueRequired\":true,\"valueName\":\"search_term_string\"}}],\"inLanguage\":\"fr-FR\"},{\"@type\":\"NewsMediaOrganization\",\"@id\":\"https:\/\/dicodusport.fr\/blog\/#organization\",\"name\":\"Dicodusport\",\"url\":\"https:\/\/dicodusport.fr\/blog\/\",\"logo\":{\"@type\":\"ImageObject\",\"inLanguage\":\"fr-FR\",\"@id\":\"https:\/\/dicodusport.fr\/blog\/#\/schema\/logo\/image\/\",\"url\":\"https:\/\/dicodusport.fr\/blog\/wp-content\/uploads\/2020\/06\/cropped-LOGO-DICODUSPORT-2020-SANS-FOND-SANS-TEXTE.png\",\"contentUrl\":\"https:\/\/dicodusport.fr\/blog\/wp-content\/uploads\/2020\/06\/cropped-LOGO-DICODUSPORT-2020-SANS-FOND-SANS-TEXTE.png\",\"width\":512,\"height\":512,\"caption\":\"Dicodusport\"},\"image\":{\"@id\":\"https:\/\/dicodusport.fr\/blog\/#\/schema\/logo\/image\/\"},\"sameAs\":[\"https:\/\/www.facebook.com\/dicodusport\",\"https:\/\/x.com\/dicodusport\",\"https:\/\/www.instagram.com\/dicodusport\/\",\"https:\/\/www.youtube.com\/channel\/UC7V2KZ5sd3htJivAbA4ZG3w\"],\"description\":\"Dicodusport est l'encyclop\u00e9die de l'actualit\u00e9 sportive.\",\"email\":\"bonjour@dicodusport.fr\",\"legalName\":\"DICODUSPORT\",\"foundingDate\":\"2018-01-14\",\"vatID\":\"FR71834470973\",\"taxID\":\"83447097300043\",\"numberOfEmployees\":{\"@type\":\"QuantitativeValue\",\"minValue\":\"1\",\"maxValue\":\"10\"}},{\"@type\":\"Person\",\"@id\":\"https:\/\/dicodusport.fr\/blog\/#\/schema\/person\/1eaa63dfac40b5e5c47f03a71920c1cd\",\"name\":\"Paul Lalevee\",\"image\":{\"@type\":\"ImageObject\",\"inLanguage\":\"fr-FR\",\"@id\":\"https:\/\/dicodusport.fr\/blog\/#\/schema\/person\/image\/\",\"url\":\"https:\/\/dicodusport.fr\/blog\/wp-content\/uploads\/2023\/10\/291154246_1690604071293245_3118259335115946499_n-150x150.jpg\",\"contentUrl\":\"https:\/\/dicodusport.fr\/blog\/wp-content\/uploads\/2023\/10\/291154246_1690604071293245_3118259335115946499_n-150x150.jpg\",\"caption\":\"Paul Lalevee\"},\"description\":\"La bulle Disney pendant le Covid, le Tour 2019, la Coupe du monde 2018. Ces trois \u00e9v\u00e9nements majeurs sont ancr\u00e9s dans ma t\u00eate de fan de sport, n\u00e9gativement ou positivement. Passionn\u00e9 de sport depuis l'enfance, j'ai d\u00e9cid\u00e9 de mettre ma passion de l'\u00e9criture au service de cette premi\u00e8re passion.\",\"url\":\"https:\/\/dicodusport.fr\/blog\/author\/paul-lalevee\/\"}]}<\/script>\n<!-- \/ Yoast SEO Premium plugin. -->","yoast_head_json":{"title":"Transferts Cyclisme : Maxim Van Gils vers Red Bull-Bora-Hansgrohe","description":"TRANSFERTS CYCLISME - Maxim Van Gils a fait son choix. Apr\u00e8s son d\u00e9part fracassant de Lotto-Dstny, le Belge va rejoindre la Red Bull-Bora-Hansgrohe.","robots":{"index":"index","follow":"follow","max-snippet":"max-snippet:-1","max-image-preview":"max-image-preview:large","max-video-preview":"max-video-preview:-1"},"canonical":"https:\/\/dicodusport.fr\/blog\/transferts-cyclisme-maxim-van-gils-vers-red-bull-bora-hansgrohe\/","og_locale":"fr_FR","og_type":"article","og_title":"Transferts Cyclisme : Maxim Van Gils vers Red Bull-Bora-Hansgrohe","og_description":"TRANSFERTS CYCLISME - Maxim Van Gils a fait son choix. Apr\u00e8s son d\u00e9part fracassant de Lotto-Dstny, le Belge va rejoindre la Red Bull-Bora-Hansgrohe.","og_url":"https:\/\/dicodusport.fr\/blog\/transferts-cyclisme-maxim-van-gils-vers-red-bull-bora-hansgrohe\/","og_site_name":"Dicodusport","article_publisher":"https:\/\/www.facebook.com\/dicodusport","article_published_time":"2024-11-28T10:41:48+00:00","article_modified_time":"2024-11-28T10:42:29+00:00","og_image":[{"width":1200,"height":674,"url":"https:\/\/dicodusport.fr\/blog\/wp-content\/uploads\/2024\/11\/Transferts-Cyclisme-Maxim-Van-Gils-vers-Red-Bull-Bora-Hansgrohe.png","type":"image\/png"}],"author":"Paul Lalevee","twitter_card":"summary_large_image","twitter_title":"Transferts Cyclisme : Maxim Van Gils vers Red Bull-Bora-Hansgrohe","twitter_creator":"@dicodusport","twitter_site":"@dicodusport","schema":{"@context":"https:\/\/schema.org","@graph":[{"@type":"NewsArticle","@id":"https:\/\/dicodusport.fr\/blog\/transferts-cyclisme-maxim-van-gils-vers-red-bull-bora-hansgrohe\/#article","isPartOf":{"@id":"https:\/\/dicodusport.fr\/blog\/transferts-cyclisme-maxim-van-gils-vers-red-bull-bora-hansgrohe\/"},"author":{"name":"Paul Lalevee","@id":"https:\/\/dicodusport.fr\/blog\/#\/schema\/person\/1eaa63dfac40b5e5c47f03a71920c1cd"},"headline":"Transferts Cyclisme : Maxim Van Gils vers Red Bull-Bora-Hansgrohe","datePublished":"2024-11-28T10:41:48+00:00","dateModified":"2024-11-28T10:42:29+00:00","mainEntityOfPage":{"@id":"https:\/\/dicodusport.fr\/blog\/transferts-cyclisme-maxim-van-gils-vers-red-bull-bora-hansgrohe\/"},"wordCount":241,"commentCount":0,"publisher":{"@id":"https:\/\/dicodusport.fr\/blog\/#organization"},"image":{"@id":"https:\/\/dicodusport.fr\/blog\/transferts-cyclisme-maxim-van-gils-vers-red-bull-bora-hansgrohe\/#primaryimage"},"thumbnailUrl":"https:\/\/dicodusport.fr\/blog\/wp-content\/uploads\/2024\/11\/Transferts-Cyclisme-Maxim-Van-Gils-vers-Red-Bull-Bora-Hansgrohe.png","keywords":["actu","Astana","br\u00e8ve"],"articleSection":["Cyclisme sur route"],"inLanguage":"fr-FR","potentialAction":[{"@type":"CommentAction","name":"Comment","target":["https:\/\/dicodusport.fr\/blog\/transferts-cyclisme-maxim-van-gils-vers-red-bull-bora-hansgrohe\/#respond"]}],"copyrightYear":"2024","copyrightHolder":{"@id":"https:\/\/dicodusport.fr\/blog\/#organization"}},{"@type":"WebPage","@id":"https:\/\/dicodusport.fr\/blog\/transferts-cyclisme-maxim-van-gils-vers-red-bull-bora-hansgrohe\/","url":"https:\/\/dicodusport.fr\/blog\/transferts-cyclisme-maxim-van-gils-vers-red-bull-bora-hansgrohe\/","name":"Transferts Cyclisme : Maxim Van Gils vers Red Bull-Bora-Hansgrohe","isPartOf":{"@id":"https:\/\/dicodusport.fr\/blog\/#website"},"primaryImageOfPage":{"@id":"https:\/\/dicodusport.fr\/blog\/transferts-cyclisme-maxim-van-gils-vers-red-bull-bora-hansgrohe\/#primaryimage"},"image":{"@id":"https:\/\/dicodusport.fr\/blog\/transferts-cyclisme-maxim-van-gils-vers-red-bull-bora-hansgrohe\/#primaryimage"},"thumbnailUrl":"https:\/\/dicodusport.fr\/blog\/wp-content\/uploads\/2024\/11\/Transferts-Cyclisme-Maxim-Van-Gils-vers-Red-Bull-Bora-Hansgrohe.png","datePublished":"2024-11-28T10:41:48+00:00","dateModified":"2024-11-28T10:42:29+00:00","description":"TRANSFERTS CYCLISME - Maxim Van Gils a fait son choix. Apr\u00e8s son d\u00e9part fracassant de Lotto-Dstny, le Belge va rejoindre la Red Bull-Bora-Hansgrohe.","breadcrumb":{"@id":"https:\/\/dicodusport.fr\/blog\/transferts-cyclisme-maxim-van-gils-vers-red-bull-bora-hansgrohe\/#breadcrumb"},"inLanguage":"fr-FR","potentialAction":[{"@type":"ReadAction","target":["https:\/\/dicodusport.fr\/blog\/transferts-cyclisme-maxim-van-gils-vers-red-bull-bora-hansgrohe\/"]}]},{"@type":"ImageObject","inLanguage":"fr-FR","@id":"https:\/\/dicodusport.fr\/blog\/transferts-cyclisme-maxim-van-gils-vers-red-bull-bora-hansgrohe\/#primaryimage","url":"https:\/\/dicodusport.fr\/blog\/wp-content\/uploads\/2024\/11\/Transferts-Cyclisme-Maxim-Van-Gils-vers-Red-Bull-Bora-Hansgrohe.png","contentUrl":"https:\/\/dicodusport.fr\/blog\/wp-content\/uploads\/2024\/11\/Transferts-Cyclisme-Maxim-Van-Gils-vers-Red-Bull-Bora-Hansgrohe.png","width":1200,"height":674,"caption":"Transferts Cyclisme Maxim Van Gils vers Red Bull-Bora-Hansgrohe"},{"@type":"BreadcrumbList","@id":"https:\/\/dicodusport.fr\/blog\/transferts-cyclisme-maxim-van-gils-vers-red-bull-bora-hansgrohe\/#breadcrumb","itemListElement":[{"@type":"ListItem","position":1,"name":"Accueil","item":"https:\/\/dicodusport.fr\/blog\/"},{"@type":"ListItem","position":2,"name":"Transferts Cyclisme : Maxim Van Gils vers Red Bull-Bora-Hansgrohe"}]},{"@type":"WebSite","@id":"https:\/\/dicodusport.fr\/blog\/#website","url":"https:\/\/dicodusport.fr\/blog\/","name":"Dicodusport","description":"L&#039;encyclop\u00e9die de l&#039;actualit\u00e9 sportive","publisher":{"@id":"https:\/\/dicodusport.fr\/blog\/#organization"},"potentialAction":[{"@type":"SearchAction","target":{"@type":"EntryPoint","urlTemplate":"https:\/\/dicodusport.fr\/blog\/?s={search_term_string}"},"query-input":{"@type":"PropertyValueSpecification","valueRequired":true,"valueName":"search_term_string"}}],"inLanguage":"fr-FR"},{"@type":"NewsMediaOrganization","@id":"https:\/\/dicodusport.fr\/blog\/#organization","name":"Dicodusport","url":"https:\/\/dicodusport.fr\/blog\/","logo":{"@type":"ImageObject","inLanguage":"fr-FR","@id":"https:\/\/dicodusport.fr\/blog\/#\/schema\/logo\/image\/","url":"https:\/\/dicodusport.fr\/blog\/wp-content\/uploads\/2020\/06\/cropped-LOGO-DICODUSPORT-2020-SANS-FOND-SANS-TEXTE.png","contentUrl":"https:\/\/dicodusport.fr\/blog\/wp-content\/uploads\/2020\/06\/cropped-LOGO-DICODUSPORT-2020-SANS-FOND-SANS-TEXTE.png","width":512,"height":512,"caption":"Dicodusport"},"image":{"@id":"https:\/\/dicodusport.fr\/blog\/#\/schema\/logo\/image\/"},"sameAs":["https:\/\/www.facebook.com\/dicodusport","https:\/\/x.com\/dicodusport","https:\/\/www.instagram.com\/dicodusport\/","https:\/\/www.youtube.com\/channel\/UC7V2KZ5sd3htJivAbA4ZG3w"],"description":"Dicodusport est l'encyclop\u00e9die de l'actualit\u00e9 sportive.","email":"bonjour@dicodusport.fr","legalName":"DICODUSPORT","foundingDate":"2018-01-14","vatID":"FR71834470973","taxID":"83447097300043","numberOfEmployees":{"@type":"QuantitativeValue","minValue":"1","maxValue":"10"}},{"@type":"Person","@id":"https:\/\/dicodusport.fr\/blog\/#\/schema\/person\/1eaa63dfac40b5e5c47f03a71920c1cd","name":"Paul Lalevee","image":{"@type":"ImageObject","inLanguage":"fr-FR","@id":"https:\/\/dicodusport.fr\/blog\/#\/schema\/person\/image\/","url":"https:\/\/dicodusport.fr\/blog\/wp-content\/uploads\/2023\/10\/291154246_1690604071293245_3118259335115946499_n-150x150.jpg","contentUrl":"https:\/\/dicodusport.fr\/blog\/wp-content\/uploads\/2023\/10\/291154246_1690604071293245_3118259335115946499_n-150x150.jpg","caption":"Paul Lalevee"},"description":"La bulle Disney pendant le Covid, le Tour 2019, la Coupe du monde 2018. Ces trois \u00e9v\u00e9nements majeurs sont ancr\u00e9s dans ma t\u00eate de fan de sport, n\u00e9gativement ou positivement. Passionn\u00e9 de sport depuis l'enfance, j'ai d\u00e9cid\u00e9 de mettre ma passion de l'\u00e9criture au service de cette premi\u00e8re passion.","url":"https:\/\/dicodusport.fr\/blog\/author\/paul-lalevee\/"}]}},"_links":{"self":[{"href":"https:\/\/dicodusport.fr\/blog\/wp-json\/wp\/v2\/posts\/535770","targetHints":{"allow":["GET"]}}],"collection":[{"href":"https:\/\/dicodusport.fr\/blog\/wp-json\/wp\/v2\/posts"}],"about":[{"href":"https:\/\/dicodusport.fr\/blog\/wp-json\/wp\/v2\/types\/post"}],"author":[{"embeddable":true,"href":"https:\/\/dicodusport.fr\/blog\/wp-json\/wp\/v2\/users\/88"}],"replies":[{"embeddable":true,"href":"https:\/\/dicodusport.fr\/blog\/wp-json\/wp\/v2\/comments?post=535770"}],"version-history":[{"count":4,"href":"https:\/\/dicodusport.fr\/blog\/wp-json\/wp\/v2\/posts\/535770\/revisions"}],"predecessor-version":[{"id":535780,"href":"https:\/\/dicodusport.fr\/blog\/wp-json\/wp\/v2\/posts\/535770\/revisions\/535780"}],"wp:featuredmedia":[{"embeddable":true,"href":"https:\/\/dicodusport.fr\/blog\/wp-json\/wp\/v2\/media\/535778"}],"wp:attachment":[{"href":"https:\/\/dicodusport.fr\/blog\/wp-json\/wp\/v2\/media?parent=535770"}],"wp:term":[{"taxonomy":"category","embeddable":true,"href":"https:\/\/dicodusport.fr\/blog\/wp-json\/wp\/v2\/categories?post=535770"},{"taxonomy":"post_tag","embeddable":true,"href":"https:\/\/dicodusport.fr\/blog\/wp-json\/wp\/v2\/tags?post=535770"}],"curies":[{"name":"wp","href":"https:\/\/api.w.org\/{rel}","templated":true}]}}