{"id":535786,"date":"2024-11-28T12:20:43","date_gmt":"2024-11-28T11:20:43","guid":{"rendered":"https:\/\/dicodusport.fr\/blog\/?p=535786&#038;preview=true&#038;preview_id=535786"},"modified":"2024-11-28T12:20:43","modified_gmt":"2024-11-28T11:20:43","slug":"vendee-globe-2024-le-point-ce-jeudi-28-novembre-a-12h","status":"publish","type":"post","link":"https:\/\/dicodusport.fr\/blog\/vendee-globe-2024-le-point-ce-jeudi-28-novembre-a-12h\/","title":{"rendered":"Vend\u00e9e Globe 2024 : Le point ce jeudi 28 novembre \u00e0 12h"},"content":{"rendered":"<h4 style=\"text-align: justify;\"><em><strong>VEND\u00c9E GLOBE 2024 &#8211; Charlie Dalin (MACIF Sant\u00e9 Pr\u00e9voyance) continue de dominer les d\u00e9bats en t\u00eate du Vend\u00e9e Globe, mais voit S\u00e9bastien Simon (Groupe Dubreuil) revenir sur ses talons.<\/strong><\/em><\/h4>\n<ul style=\"text-align: justify;\">\n<li style=\"text-align: justify;\"><strong>\u00c0 ce sujet \u2013\u00a0<\/strong><strong><a href=\"https:\/\/dicodusport.fr\/blog\/engages-vendee-globe-2024-les-40-skippers-au-depart\/\" rel=\"\">Les 40 skippers au d\u00e9part<\/a><\/strong><\/li>\n<\/ul>\n<p style=\"text-align: justify;\"><strong>Charlie Dalin<\/strong> (MACIF Sant\u00e9 Pr\u00e9voyance) est sous pression. Le Havrais m\u00e8ne toujours la danse sur la route du Vend\u00e9e Globe, alors que le Cap de Bonne-Esp\u00e9rance se profile. Mais derri\u00e8re lui, <strong>S\u00e9bastien Simon<\/strong> (Groupe Dubreuil) est revenu \u00e0 moins de 20 miles nautiques. Troisi\u00e8me, <strong>Thomas Ruyant<\/strong> (Vulnerable) pointe \u00e0 moins de 27 miles nautiques du leader.<\/p>\n<ul>\n<li style=\"text-align: justify;\"><strong style=\"text-align: justify;\">\u00c0 ce sujet &#8211; <a title=\"Vend\u00e9e Globe 2024 : Les principaux favoris et outsiders\" href=\"https:\/\/dicodusport.fr\/blog\/vendee-globe-2024-les-principaux-favoris-et-outsiders\/\" target=\"_blank\" rel=\"noopener\">Vend\u00e9e Globe 2024 : Les principaux favoris et outsiders<\/a><\/strong><\/li>\n<\/ul>\n<p style=\"text-align: justify;\">Quatri\u00e8me, <strong>Yoann Richomme<\/strong> (Paprec Ark\u00e9a) est repouss\u00e9 \u00e0 50 miles nautiques de <strong>Charlie Dalin<\/strong>, mais grappille lui aussi sur le leader de la flotte. Dixi\u00e8me, <strong>Samantha Davies<\/strong> (Initiatives C\u0153ur) reste la premi\u00e8re skippeuse du classement, \u00e0 plus de 600 miles nautiques des bateaux de t\u00eate.<\/p>\n<h2 style=\"text-align: justify;\">Vend\u00e9e Globe 2024 &#8211; Le classement en direct<\/h2>\n<div class=\"vlp-link-container vlp-layout-article\"><a href=\"https:\/\/dicodusport.fr\/blog\/classement-du-vendee-globe-2024-en-direct\/\" class=\"vlp-link\" title=\"Classement Vend\u00e9e Globe 2024 en direct\"><\/a><div class=\"vlp-layout-zone-side\"><div class=\"vlp-block-4 vlp-link-image\"><img loading=\"lazy\" decoding=\"async\" style=\"max-width: 792px;\" width=\"792\" height=\"445\" src=\"https:\/\/dicodusport.fr\/blog\/wp-content\/uploads\/2024\/11\/Classement-du-Vendee-Globe-2024-en-direct.png\" class=\"attachment-800x445 size-800x445\" alt=\"Classement du Vend\u00e9e Globe 2024 en direct\" srcset=\"https:\/\/dicodusport.fr\/blog\/wp-content\/uploads\/2024\/11\/Classement-du-Vendee-Globe-2024-en-direct.png 1200w, https:\/\/dicodusport.fr\/blog\/wp-content\/uploads\/2024\/11\/Classement-du-Vendee-Globe-2024-en-direct-300x169.png 300w, https:\/\/dicodusport.fr\/blog\/wp-content\/uploads\/2024\/11\/Classement-du-Vendee-Globe-2024-en-direct-1024x575.png 1024w, https:\/\/dicodusport.fr\/blog\/wp-content\/uploads\/2024\/11\/Classement-du-Vendee-Globe-2024-en-direct-768x431.png 768w\" sizes=\"auto, (max-width: 792px) 100vw, 792px\" \/><\/div><\/div><div class=\"vlp-layout-zone-main\"><div class=\"vlp-block-0 vlp-link-title\">Classement Vend\u00e9e Globe 2024 en direct<\/div><div class=\"vlp-block-1 vlp-link-summary\">VEND\u00c9E GLOBE 2024 - Retrouvez le classement en direct du Vend\u00e9e Globe 2024, 10\u00e8me \u00e9dition du tour du monde en solitaire, sans escale.\u00a0<\/div><div class=\"vlp-block-2 vlp-link-button\">Lire l'article<\/div><div class=\"vlp-block-3 vlp-link-url\">dicodusport.fr<\/div><\/div><\/div>\n","protected":false},"excerpt":{"rendered":"<p>Le point ce jeudi 28 novembre \u00e0 12h<\/p>\n","protected":false},"author":4,"featured_media":535540,"comment_status":"open","ping_status":"closed","sticky":false,"template":"","format":"standard","meta":{"_acf_changed":false,"_daextam_enable_autolinks":"1","footnotes":""},"categories":[9184],"tags":[32415,16878,3094,526],"class_list":["post-535786","post","type-post","status-publish","format-standard","has-post-thumbnail","hentry","category-voile","tag-actu","tag-breve","tag-vendee-globe","tag-voile"],"acf":[],"yoast_head":"<!-- This site is optimized with the Yoast SEO Premium plugin v26.7 (Yoast SEO v26.7) - https:\/\/yoast.com\/wordpress\/plugins\/seo\/ -->\n<title>Vend\u00e9e Globe 2024 : Le point ce jeudi 28 novembre \u00e0 12h<\/title>\n<meta name=\"description\" content=\"VEND\u00c9E GLOBE 2024 - Charlie Dalin (MACIF Sant\u00e9 Pr\u00e9voyance) continue de dominer les d\u00e9bats en t\u00eate du Vend\u00e9e Globe ce jeudi midi.\" \/>\n<meta name=\"robots\" content=\"index, follow, max-snippet:-1, max-image-preview:large, max-video-preview:-1\" \/>\n<link rel=\"canonical\" href=\"https:\/\/dicodusport.fr\/blog\/vendee-globe-2024-le-point-ce-jeudi-28-novembre-a-12h\/\" \/>\n<meta property=\"og:locale\" content=\"fr_FR\" \/>\n<meta property=\"og:type\" content=\"article\" \/>\n<meta property=\"og:title\" content=\"Vend\u00e9e Globe 2024 : Le point ce jeudi 28 novembre \u00e0 12h\" \/>\n<meta property=\"og:description\" content=\"VEND\u00c9E GLOBE 2024 - Charlie Dalin (MACIF Sant\u00e9 Pr\u00e9voyance) continue de dominer les d\u00e9bats en t\u00eate du Vend\u00e9e Globe ce jeudi midi.\" \/>\n<meta property=\"og:url\" content=\"https:\/\/dicodusport.fr\/blog\/vendee-globe-2024-le-point-ce-jeudi-28-novembre-a-12h\/\" \/>\n<meta property=\"og:site_name\" content=\"Dicodusport\" \/>\n<meta property=\"article:publisher\" content=\"https:\/\/www.facebook.com\/dicodusport\" \/>\n<meta property=\"article:author\" content=\"https:\/\/www.facebook.com\/florent.ostermann\" \/>\n<meta property=\"article:published_time\" content=\"2024-11-28T11:20:43+00:00\" \/>\n<meta property=\"og:image\" content=\"https:\/\/dicodusport.fr\/blog\/wp-content\/uploads\/2024\/11\/Vendee-Globe-2024-Le-point-ce-mercredi-27-novembre-a-12h.png\" \/>\n\t<meta property=\"og:image:width\" content=\"1200\" \/>\n\t<meta property=\"og:image:height\" content=\"674\" \/>\n\t<meta property=\"og:image:type\" content=\"image\/png\" \/>\n<meta name=\"author\" content=\"Flo Ostermann\" \/>\n<meta name=\"twitter:card\" content=\"summary_large_image\" \/>\n<meta name=\"twitter:title\" content=\"Vend\u00e9e Globe 2024 : Le point ce jeudi 28 novembre \u00e0 12h\" \/>\n<meta name=\"twitter:creator\" content=\"@https:\/\/twitter.com\/FlOstermann\" \/>\n<meta name=\"twitter:site\" content=\"@dicodusport\" \/>\n<script type=\"application\/ld+json\" class=\"yoast-schema-graph\">{\"@context\":\"https:\/\/schema.org\",\"@graph\":[{\"@type\":\"NewsArticle\",\"@id\":\"https:\/\/dicodusport.fr\/blog\/vendee-globe-2024-le-point-ce-jeudi-28-novembre-a-12h\/#article\",\"isPartOf\":{\"@id\":\"https:\/\/dicodusport.fr\/blog\/vendee-globe-2024-le-point-ce-jeudi-28-novembre-a-12h\/\"},\"author\":{\"name\":\"Flo Ostermann\",\"@id\":\"https:\/\/dicodusport.fr\/blog\/#\/schema\/person\/cb02af4c173ce4a653b55e9baf388d4a\"},\"headline\":\"Vend\u00e9e Globe 2024 : Le point ce jeudi 28 novembre \u00e0 12h\",\"datePublished\":\"2024-11-28T11:20:43+00:00\",\"mainEntityOfPage\":{\"@id\":\"https:\/\/dicodusport.fr\/blog\/vendee-globe-2024-le-point-ce-jeudi-28-novembre-a-12h\/\"},\"wordCount\":244,\"commentCount\":0,\"publisher\":{\"@id\":\"https:\/\/dicodusport.fr\/blog\/#organization\"},\"image\":{\"@id\":\"https:\/\/dicodusport.fr\/blog\/vendee-globe-2024-le-point-ce-jeudi-28-novembre-a-12h\/#primaryimage\"},\"thumbnailUrl\":\"https:\/\/dicodusport.fr\/blog\/wp-content\/uploads\/2024\/11\/Vendee-Globe-2024-Le-point-ce-mercredi-27-novembre-a-12h.png\",\"keywords\":[\"actu\",\"br\u00e8ve\",\"Vend\u00e9e Globe\",\"Voile\"],\"articleSection\":[\"Voile\"],\"inLanguage\":\"fr-FR\",\"potentialAction\":[{\"@type\":\"CommentAction\",\"name\":\"Comment\",\"target\":[\"https:\/\/dicodusport.fr\/blog\/vendee-globe-2024-le-point-ce-jeudi-28-novembre-a-12h\/#respond\"]}],\"copyrightYear\":\"2024\",\"copyrightHolder\":{\"@id\":\"https:\/\/dicodusport.fr\/blog\/#organization\"}},{\"@type\":\"WebPage\",\"@id\":\"https:\/\/dicodusport.fr\/blog\/vendee-globe-2024-le-point-ce-jeudi-28-novembre-a-12h\/\",\"url\":\"https:\/\/dicodusport.fr\/blog\/vendee-globe-2024-le-point-ce-jeudi-28-novembre-a-12h\/\",\"name\":\"Vend\u00e9e Globe 2024 : Le point ce jeudi 28 novembre \u00e0 12h\",\"isPartOf\":{\"@id\":\"https:\/\/dicodusport.fr\/blog\/#website\"},\"primaryImageOfPage\":{\"@id\":\"https:\/\/dicodusport.fr\/blog\/vendee-globe-2024-le-point-ce-jeudi-28-novembre-a-12h\/#primaryimage\"},\"image\":{\"@id\":\"https:\/\/dicodusport.fr\/blog\/vendee-globe-2024-le-point-ce-jeudi-28-novembre-a-12h\/#primaryimage\"},\"thumbnailUrl\":\"https:\/\/dicodusport.fr\/blog\/wp-content\/uploads\/2024\/11\/Vendee-Globe-2024-Le-point-ce-mercredi-27-novembre-a-12h.png\",\"datePublished\":\"2024-11-28T11:20:43+00:00\",\"description\":\"VEND\u00c9E GLOBE 2024 - Charlie Dalin (MACIF Sant\u00e9 Pr\u00e9voyance) continue de dominer les d\u00e9bats en t\u00eate du Vend\u00e9e Globe ce jeudi midi.\",\"breadcrumb\":{\"@id\":\"https:\/\/dicodusport.fr\/blog\/vendee-globe-2024-le-point-ce-jeudi-28-novembre-a-12h\/#breadcrumb\"},\"inLanguage\":\"fr-FR\",\"potentialAction\":[{\"@type\":\"ReadAction\",\"target\":[\"https:\/\/dicodusport.fr\/blog\/vendee-globe-2024-le-point-ce-jeudi-28-novembre-a-12h\/\"]}]},{\"@type\":\"ImageObject\",\"inLanguage\":\"fr-FR\",\"@id\":\"https:\/\/dicodusport.fr\/blog\/vendee-globe-2024-le-point-ce-jeudi-28-novembre-a-12h\/#primaryimage\",\"url\":\"https:\/\/dicodusport.fr\/blog\/wp-content\/uploads\/2024\/11\/Vendee-Globe-2024-Le-point-ce-mercredi-27-novembre-a-12h.png\",\"contentUrl\":\"https:\/\/dicodusport.fr\/blog\/wp-content\/uploads\/2024\/11\/Vendee-Globe-2024-Le-point-ce-mercredi-27-novembre-a-12h.png\",\"width\":1200,\"height\":674,\"caption\":\"Vend\u00e9e Globe 2024 Le point ce mercredi 27 novembre \u00e0 12h\"},{\"@type\":\"BreadcrumbList\",\"@id\":\"https:\/\/dicodusport.fr\/blog\/vendee-globe-2024-le-point-ce-jeudi-28-novembre-a-12h\/#breadcrumb\",\"itemListElement\":[{\"@type\":\"ListItem\",\"position\":1,\"name\":\"Accueil\",\"item\":\"https:\/\/dicodusport.fr\/blog\/\"},{\"@type\":\"ListItem\",\"position\":2,\"name\":\"Vend\u00e9e Globe 2024 : Le point ce jeudi 28 novembre \u00e0 12h\"}]},{\"@type\":\"WebSite\",\"@id\":\"https:\/\/dicodusport.fr\/blog\/#website\",\"url\":\"https:\/\/dicodusport.fr\/blog\/\",\"name\":\"Dicodusport\",\"description\":\"L&#039;encyclop\u00e9die de l&#039;actualit\u00e9 sportive\",\"publisher\":{\"@id\":\"https:\/\/dicodusport.fr\/blog\/#organization\"},\"potentialAction\":[{\"@type\":\"SearchAction\",\"target\":{\"@type\":\"EntryPoint\",\"urlTemplate\":\"https:\/\/dicodusport.fr\/blog\/?s={search_term_string}\"},\"query-input\":{\"@type\":\"PropertyValueSpecification\",\"valueRequired\":true,\"valueName\":\"search_term_string\"}}],\"inLanguage\":\"fr-FR\"},{\"@type\":\"NewsMediaOrganization\",\"@id\":\"https:\/\/dicodusport.fr\/blog\/#organization\",\"name\":\"Dicodusport\",\"url\":\"https:\/\/dicodusport.fr\/blog\/\",\"logo\":{\"@type\":\"ImageObject\",\"inLanguage\":\"fr-FR\",\"@id\":\"https:\/\/dicodusport.fr\/blog\/#\/schema\/logo\/image\/\",\"url\":\"https:\/\/dicodusport.fr\/blog\/wp-content\/uploads\/2020\/06\/cropped-LOGO-DICODUSPORT-2020-SANS-FOND-SANS-TEXTE.png\",\"contentUrl\":\"https:\/\/dicodusport.fr\/blog\/wp-content\/uploads\/2020\/06\/cropped-LOGO-DICODUSPORT-2020-SANS-FOND-SANS-TEXTE.png\",\"width\":512,\"height\":512,\"caption\":\"Dicodusport\"},\"image\":{\"@id\":\"https:\/\/dicodusport.fr\/blog\/#\/schema\/logo\/image\/\"},\"sameAs\":[\"https:\/\/www.facebook.com\/dicodusport\",\"https:\/\/x.com\/dicodusport\",\"https:\/\/www.instagram.com\/dicodusport\/\",\"https:\/\/www.youtube.com\/channel\/UC7V2KZ5sd3htJivAbA4ZG3w\"],\"description\":\"Dicodusport est l'encyclop\u00e9die de l'actualit\u00e9 sportive.\",\"email\":\"bonjour@dicodusport.fr\",\"legalName\":\"DICODUSPORT\",\"foundingDate\":\"2018-01-14\",\"vatID\":\"FR71834470973\",\"taxID\":\"83447097300043\",\"numberOfEmployees\":{\"@type\":\"QuantitativeValue\",\"minValue\":\"1\",\"maxValue\":\"10\"}},{\"@type\":\"Person\",\"@id\":\"https:\/\/dicodusport.fr\/blog\/#\/schema\/person\/cb02af4c173ce4a653b55e9baf388d4a\",\"name\":\"Flo Ostermann\",\"image\":{\"@type\":\"ImageObject\",\"inLanguage\":\"fr-FR\",\"@id\":\"https:\/\/dicodusport.fr\/blog\/#\/schema\/person\/image\/\",\"url\":\"https:\/\/dicodusport.fr\/blog\/wp-content\/uploads\/2021\/05\/Flo-Ostermann-150x150.jpg\",\"contentUrl\":\"https:\/\/dicodusport.fr\/blog\/wp-content\/uploads\/2021\/05\/Flo-Ostermann-150x150.jpg\",\"caption\":\"Flo Ostermann\"},\"description\":\"Journaliste\/R\u00e9dacteur depuis septembre 2015 - Mes premiers souvenirs dans le sport ? Les envol\u00e9es du Stade Toulousain et les duels Villeneuve-Schumacher et H\u00e4kkinen-Schumacher \u00e0 la fin des ann\u00e9es 90, la Coupe du monde de football en 1998, l\u2019exploit du XV de France face aux All Blacks en 1999, mais aussi Richard C\u0153ur de Lion qui vole sur les montagnes du Tour de France. Bien parti pour devenir professeur d\u2019EPS, les \u00e9v\u00e9nements de la vie (et la flemme d\u2019animer des s\u00e9ances de 3x500 m\u00e8tres toute ma vie) m\u2019ont conduit \u00e0 revoir mes plans. Me voil\u00e0 depuis fin 2017 sur Dicodusport, m\u00e9dia gr\u00e2ce (et pour) lequel je partage ma passion : le sport dans tous ses \u00e9tats. Le tout accompagn\u00e9 par les fous furieux et folles furieuses cit\u00e9s sur cette page !\",\"sameAs\":[\"https:\/\/www.facebook.com\/florent.ostermann\",\"https:\/\/x.com\/https:\/\/twitter.com\/FlOstermann\",\"admin\"],\"url\":\"https:\/\/dicodusport.fr\/blog\/author\/flo\/\"}]}<\/script>\n<!-- \/ Yoast SEO Premium plugin. -->","yoast_head_json":{"title":"Vend\u00e9e Globe 2024 : Le point ce jeudi 28 novembre \u00e0 12h","description":"VEND\u00c9E GLOBE 2024 - Charlie Dalin (MACIF Sant\u00e9 Pr\u00e9voyance) continue de dominer les d\u00e9bats en t\u00eate du Vend\u00e9e Globe ce jeudi midi.","robots":{"index":"index","follow":"follow","max-snippet":"max-snippet:-1","max-image-preview":"max-image-preview:large","max-video-preview":"max-video-preview:-1"},"canonical":"https:\/\/dicodusport.fr\/blog\/vendee-globe-2024-le-point-ce-jeudi-28-novembre-a-12h\/","og_locale":"fr_FR","og_type":"article","og_title":"Vend\u00e9e Globe 2024 : Le point ce jeudi 28 novembre \u00e0 12h","og_description":"VEND\u00c9E GLOBE 2024 - Charlie Dalin (MACIF Sant\u00e9 Pr\u00e9voyance) continue de dominer les d\u00e9bats en t\u00eate du Vend\u00e9e Globe ce jeudi midi.","og_url":"https:\/\/dicodusport.fr\/blog\/vendee-globe-2024-le-point-ce-jeudi-28-novembre-a-12h\/","og_site_name":"Dicodusport","article_publisher":"https:\/\/www.facebook.com\/dicodusport","article_author":"https:\/\/www.facebook.com\/florent.ostermann","article_published_time":"2024-11-28T11:20:43+00:00","og_image":[{"width":1200,"height":674,"url":"https:\/\/dicodusport.fr\/blog\/wp-content\/uploads\/2024\/11\/Vendee-Globe-2024-Le-point-ce-mercredi-27-novembre-a-12h.png","type":"image\/png"}],"author":"Flo Ostermann","twitter_card":"summary_large_image","twitter_title":"Vend\u00e9e Globe 2024 : Le point ce jeudi 28 novembre \u00e0 12h","twitter_creator":"@https:\/\/twitter.com\/FlOstermann","twitter_site":"@dicodusport","schema":{"@context":"https:\/\/schema.org","@graph":[{"@type":"NewsArticle","@id":"https:\/\/dicodusport.fr\/blog\/vendee-globe-2024-le-point-ce-jeudi-28-novembre-a-12h\/#article","isPartOf":{"@id":"https:\/\/dicodusport.fr\/blog\/vendee-globe-2024-le-point-ce-jeudi-28-novembre-a-12h\/"},"author":{"name":"Flo Ostermann","@id":"https:\/\/dicodusport.fr\/blog\/#\/schema\/person\/cb02af4c173ce4a653b55e9baf388d4a"},"headline":"Vend\u00e9e Globe 2024 : Le point ce jeudi 28 novembre \u00e0 12h","datePublished":"2024-11-28T11:20:43+00:00","mainEntityOfPage":{"@id":"https:\/\/dicodusport.fr\/blog\/vendee-globe-2024-le-point-ce-jeudi-28-novembre-a-12h\/"},"wordCount":244,"commentCount":0,"publisher":{"@id":"https:\/\/dicodusport.fr\/blog\/#organization"},"image":{"@id":"https:\/\/dicodusport.fr\/blog\/vendee-globe-2024-le-point-ce-jeudi-28-novembre-a-12h\/#primaryimage"},"thumbnailUrl":"https:\/\/dicodusport.fr\/blog\/wp-content\/uploads\/2024\/11\/Vendee-Globe-2024-Le-point-ce-mercredi-27-novembre-a-12h.png","keywords":["actu","br\u00e8ve","Vend\u00e9e Globe","Voile"],"articleSection":["Voile"],"inLanguage":"fr-FR","potentialAction":[{"@type":"CommentAction","name":"Comment","target":["https:\/\/dicodusport.fr\/blog\/vendee-globe-2024-le-point-ce-jeudi-28-novembre-a-12h\/#respond"]}],"copyrightYear":"2024","copyrightHolder":{"@id":"https:\/\/dicodusport.fr\/blog\/#organization"}},{"@type":"WebPage","@id":"https:\/\/dicodusport.fr\/blog\/vendee-globe-2024-le-point-ce-jeudi-28-novembre-a-12h\/","url":"https:\/\/dicodusport.fr\/blog\/vendee-globe-2024-le-point-ce-jeudi-28-novembre-a-12h\/","name":"Vend\u00e9e Globe 2024 : Le point ce jeudi 28 novembre \u00e0 12h","isPartOf":{"@id":"https:\/\/dicodusport.fr\/blog\/#website"},"primaryImageOfPage":{"@id":"https:\/\/dicodusport.fr\/blog\/vendee-globe-2024-le-point-ce-jeudi-28-novembre-a-12h\/#primaryimage"},"image":{"@id":"https:\/\/dicodusport.fr\/blog\/vendee-globe-2024-le-point-ce-jeudi-28-novembre-a-12h\/#primaryimage"},"thumbnailUrl":"https:\/\/dicodusport.fr\/blog\/wp-content\/uploads\/2024\/11\/Vendee-Globe-2024-Le-point-ce-mercredi-27-novembre-a-12h.png","datePublished":"2024-11-28T11:20:43+00:00","description":"VEND\u00c9E GLOBE 2024 - Charlie Dalin (MACIF Sant\u00e9 Pr\u00e9voyance) continue de dominer les d\u00e9bats en t\u00eate du Vend\u00e9e Globe ce jeudi midi.","breadcrumb":{"@id":"https:\/\/dicodusport.fr\/blog\/vendee-globe-2024-le-point-ce-jeudi-28-novembre-a-12h\/#breadcrumb"},"inLanguage":"fr-FR","potentialAction":[{"@type":"ReadAction","target":["https:\/\/dicodusport.fr\/blog\/vendee-globe-2024-le-point-ce-jeudi-28-novembre-a-12h\/"]}]},{"@type":"ImageObject","inLanguage":"fr-FR","@id":"https:\/\/dicodusport.fr\/blog\/vendee-globe-2024-le-point-ce-jeudi-28-novembre-a-12h\/#primaryimage","url":"https:\/\/dicodusport.fr\/blog\/wp-content\/uploads\/2024\/11\/Vendee-Globe-2024-Le-point-ce-mercredi-27-novembre-a-12h.png","contentUrl":"https:\/\/dicodusport.fr\/blog\/wp-content\/uploads\/2024\/11\/Vendee-Globe-2024-Le-point-ce-mercredi-27-novembre-a-12h.png","width":1200,"height":674,"caption":"Vend\u00e9e Globe 2024 Le point ce mercredi 27 novembre \u00e0 12h"},{"@type":"BreadcrumbList","@id":"https:\/\/dicodusport.fr\/blog\/vendee-globe-2024-le-point-ce-jeudi-28-novembre-a-12h\/#breadcrumb","itemListElement":[{"@type":"ListItem","position":1,"name":"Accueil","item":"https:\/\/dicodusport.fr\/blog\/"},{"@type":"ListItem","position":2,"name":"Vend\u00e9e Globe 2024 : Le point ce jeudi 28 novembre \u00e0 12h"}]},{"@type":"WebSite","@id":"https:\/\/dicodusport.fr\/blog\/#website","url":"https:\/\/dicodusport.fr\/blog\/","name":"Dicodusport","description":"L&#039;encyclop\u00e9die de l&#039;actualit\u00e9 sportive","publisher":{"@id":"https:\/\/dicodusport.fr\/blog\/#organization"},"potentialAction":[{"@type":"SearchAction","target":{"@type":"EntryPoint","urlTemplate":"https:\/\/dicodusport.fr\/blog\/?s={search_term_string}"},"query-input":{"@type":"PropertyValueSpecification","valueRequired":true,"valueName":"search_term_string"}}],"inLanguage":"fr-FR"},{"@type":"NewsMediaOrganization","@id":"https:\/\/dicodusport.fr\/blog\/#organization","name":"Dicodusport","url":"https:\/\/dicodusport.fr\/blog\/","logo":{"@type":"ImageObject","inLanguage":"fr-FR","@id":"https:\/\/dicodusport.fr\/blog\/#\/schema\/logo\/image\/","url":"https:\/\/dicodusport.fr\/blog\/wp-content\/uploads\/2020\/06\/cropped-LOGO-DICODUSPORT-2020-SANS-FOND-SANS-TEXTE.png","contentUrl":"https:\/\/dicodusport.fr\/blog\/wp-content\/uploads\/2020\/06\/cropped-LOGO-DICODUSPORT-2020-SANS-FOND-SANS-TEXTE.png","width":512,"height":512,"caption":"Dicodusport"},"image":{"@id":"https:\/\/dicodusport.fr\/blog\/#\/schema\/logo\/image\/"},"sameAs":["https:\/\/www.facebook.com\/dicodusport","https:\/\/x.com\/dicodusport","https:\/\/www.instagram.com\/dicodusport\/","https:\/\/www.youtube.com\/channel\/UC7V2KZ5sd3htJivAbA4ZG3w"],"description":"Dicodusport est l'encyclop\u00e9die de l'actualit\u00e9 sportive.","email":"bonjour@dicodusport.fr","legalName":"DICODUSPORT","foundingDate":"2018-01-14","vatID":"FR71834470973","taxID":"83447097300043","numberOfEmployees":{"@type":"QuantitativeValue","minValue":"1","maxValue":"10"}},{"@type":"Person","@id":"https:\/\/dicodusport.fr\/blog\/#\/schema\/person\/cb02af4c173ce4a653b55e9baf388d4a","name":"Flo Ostermann","image":{"@type":"ImageObject","inLanguage":"fr-FR","@id":"https:\/\/dicodusport.fr\/blog\/#\/schema\/person\/image\/","url":"https:\/\/dicodusport.fr\/blog\/wp-content\/uploads\/2021\/05\/Flo-Ostermann-150x150.jpg","contentUrl":"https:\/\/dicodusport.fr\/blog\/wp-content\/uploads\/2021\/05\/Flo-Ostermann-150x150.jpg","caption":"Flo Ostermann"},"description":"Journaliste\/R\u00e9dacteur depuis septembre 2015 - Mes premiers souvenirs dans le sport ? Les envol\u00e9es du Stade Toulousain et les duels Villeneuve-Schumacher et H\u00e4kkinen-Schumacher \u00e0 la fin des ann\u00e9es 90, la Coupe du monde de football en 1998, l\u2019exploit du XV de France face aux All Blacks en 1999, mais aussi Richard C\u0153ur de Lion qui vole sur les montagnes du Tour de France. Bien parti pour devenir professeur d\u2019EPS, les \u00e9v\u00e9nements de la vie (et la flemme d\u2019animer des s\u00e9ances de 3x500 m\u00e8tres toute ma vie) m\u2019ont conduit \u00e0 revoir mes plans. Me voil\u00e0 depuis fin 2017 sur Dicodusport, m\u00e9dia gr\u00e2ce (et pour) lequel je partage ma passion : le sport dans tous ses \u00e9tats. Le tout accompagn\u00e9 par les fous furieux et folles furieuses cit\u00e9s sur cette page !","sameAs":["https:\/\/www.facebook.com\/florent.ostermann","https:\/\/x.com\/https:\/\/twitter.com\/FlOstermann","admin"],"url":"https:\/\/dicodusport.fr\/blog\/author\/flo\/"}]}},"_links":{"self":[{"href":"https:\/\/dicodusport.fr\/blog\/wp-json\/wp\/v2\/posts\/535786","targetHints":{"allow":["GET"]}}],"collection":[{"href":"https:\/\/dicodusport.fr\/blog\/wp-json\/wp\/v2\/posts"}],"about":[{"href":"https:\/\/dicodusport.fr\/blog\/wp-json\/wp\/v2\/types\/post"}],"author":[{"embeddable":true,"href":"https:\/\/dicodusport.fr\/blog\/wp-json\/wp\/v2\/users\/4"}],"replies":[{"embeddable":true,"href":"https:\/\/dicodusport.fr\/blog\/wp-json\/wp\/v2\/comments?post=535786"}],"version-history":[{"count":2,"href":"https:\/\/dicodusport.fr\/blog\/wp-json\/wp\/v2\/posts\/535786\/revisions"}],"predecessor-version":[{"id":535788,"href":"https:\/\/dicodusport.fr\/blog\/wp-json\/wp\/v2\/posts\/535786\/revisions\/535788"}],"wp:featuredmedia":[{"embeddable":true,"href":"https:\/\/dicodusport.fr\/blog\/wp-json\/wp\/v2\/media\/535540"}],"wp:attachment":[{"href":"https:\/\/dicodusport.fr\/blog\/wp-json\/wp\/v2\/media?parent=535786"}],"wp:term":[{"taxonomy":"category","embeddable":true,"href":"https:\/\/dicodusport.fr\/blog\/wp-json\/wp\/v2\/categories?post=535786"},{"taxonomy":"post_tag","embeddable":true,"href":"https:\/\/dicodusport.fr\/blog\/wp-json\/wp\/v2\/tags?post=535786"}],"curies":[{"name":"wp","href":"https:\/\/api.w.org\/{rel}","templated":true}]}}