{"id":536057,"date":"2024-11-30T09:00:42","date_gmt":"2024-11-30T08:00:42","guid":{"rendered":"https:\/\/dicodusport.fr\/blog\/?p=536057&#038;preview=true&#038;preview_id=536057"},"modified":"2024-11-29T18:54:06","modified_gmt":"2024-11-29T17:54:06","slug":"tennis-pourquoi-le-cas-iga-swiatek-derange-le-monde-du-tennis","status":"publish","type":"post","link":"https:\/\/dicodusport.fr\/blog\/tennis-pourquoi-le-cas-iga-swiatek-derange-le-monde-du-tennis\/","title":{"rendered":"Tennis : Pourquoi le cas Iga Swiatek d\u00e9range le monde du tennis ?"},"content":{"rendered":"<h4 style=\"text-align: justify;\"><em>TENNIS &#8211; Le monde du tennis est en plein malaise apr\u00e8s l&rsquo;annonce du contr\u00f4le positif d&rsquo;Iga Swiatek ce jeudi. Qui fait suite \u00e0 d&rsquo;autres tourments en tennis, notamment ceux de Jannik Sinner, plus t\u00f4t dans la saison.<\/em><\/h4>\n<h2>Une suspension courte et pas purg\u00e9e \u00e0 son terme<\/h2>\n<p style=\"text-align: justify;\">Un mois de suspension, pour un contr\u00f4le positif \u00e0 la trim\u00e9tazidine le 12 aout dernier. C&rsquo;est ce dont a \u00e9cop\u00e9<strong> Iga Swiatek<\/strong> en fin de saison. Une courte suspension, car il a \u00e9t\u00e9 reconnu que ce contr\u00f4le positif a \u00e9t\u00e9 provoqu\u00e9 par un m\u00e9dicament en vente libre, certes r\u00e9glement\u00e9 (la m\u00e9latonine). Une hormone qui favorise l&rsquo;endormissement et qui peut \u00eatre prise en compl\u00e9ment alimentaire. Et dans le cas de la Polonaise, c&rsquo;est le cas de la contamination qui est invoqu\u00e9.<\/p>\n<div class=\"vlp-link-container vlp-layout-article\"><a href=\"https:\/\/dicodusport.fr\/blog\/iga-swiatek-controlee-positive-a-la-trimetazidine-et-suspendue-un-mois\/\" class=\"vlp-link\" title=\"Iga Swiatek contr\u00f4l\u00e9e positive \u00e0 la trim\u00e9tazidine et suspendue un mois\"><\/a><div class=\"vlp-layout-zone-side\"><div class=\"vlp-block-4 vlp-link-image\"><img loading=\"lazy\" decoding=\"async\" style=\"max-width: 792px;\" width=\"792\" height=\"445\" src=\"https:\/\/dicodusport.fr\/blog\/wp-content\/uploads\/2024\/11\/Iga-Swiatek-testee-positive-a-la-trimetazidine-et-suspendue-un-mois.png\" class=\"attachment-800x445 size-800x445\" alt=\"Iga Swiatek test\u00e9e positive \u00e0 la trim\u00e9tazidine et suspendue un mois\" srcset=\"https:\/\/dicodusport.fr\/blog\/wp-content\/uploads\/2024\/11\/Iga-Swiatek-testee-positive-a-la-trimetazidine-et-suspendue-un-mois.png 1200w, https:\/\/dicodusport.fr\/blog\/wp-content\/uploads\/2024\/11\/Iga-Swiatek-testee-positive-a-la-trimetazidine-et-suspendue-un-mois-300x169.png 300w, https:\/\/dicodusport.fr\/blog\/wp-content\/uploads\/2024\/11\/Iga-Swiatek-testee-positive-a-la-trimetazidine-et-suspendue-un-mois-1024x575.png 1024w, https:\/\/dicodusport.fr\/blog\/wp-content\/uploads\/2024\/11\/Iga-Swiatek-testee-positive-a-la-trimetazidine-et-suspendue-un-mois-768x431.png 768w\" sizes=\"auto, (max-width: 792px) 100vw, 792px\" \/><\/div><\/div><div class=\"vlp-layout-zone-main\"><div class=\"vlp-block-0 vlp-link-title\">Iga Swiatek contr\u00f4l\u00e9e positive \u00e0 la trim\u00e9tazidine et suspendue un mois<\/div><div class=\"vlp-block-1 vlp-link-summary\">TENNIS - L'ancienne n\u00b01 mondiale, Iga Swiatek, a \u00e9t\u00e9 contr\u00f4l\u00e9e positive \u00e0 la trim\u00e9tazidine, et \u00e9cope d'un mois de suspension.<\/div><div class=\"vlp-block-2 vlp-link-button\">Lire l'article<\/div><div class=\"vlp-block-3 vlp-link-url\">dicodusport.fr<\/div><\/div><\/div>\n<p style=\"text-align: justify;\">Et la suspension n&rsquo;a pas \u00e9t\u00e9 men\u00e9e \u00e0 son terme. La quadruple laur\u00e9ate de Roland-Garros a finalement \u00e9t\u00e9 suspendue du 22 septembre au 4 octobre et a perdu son <em>prize money<\/em> du WTA 1000 de Cincinnati, o\u00f9 elle s&rsquo;est hiss\u00e9e en demi-finale. Une contamination qui rappelle \u00e9videmment celle de <strong>Jannik Sinner,<\/strong> plus t\u00f4t dans la saison. Le num\u00e9ro 1 mondial italien, test\u00e9 positif \u00e0 un anabolisant et pour qui l&rsquo;AMA requiert un \u00e0 deux ans de suspension. L&rsquo;Italien a \u00e9galement plaid\u00e9 la contamination. Pour l&rsquo;heure, il a pu continuer \u00e0 disputer sa saison. Et a notamment remport\u00e9 les ATP Finals \u00e0 l&rsquo;issue de ce qui est la meilleure ann\u00e9e de sa carri\u00e8re, \u00e0 23 ans.<\/p>\n<p style=\"text-align: justify;\">Mais ce n&rsquo;est pas le cas de tout le monde. <strong>Simona Halep<\/strong>, multiple vainqueur en Grand Chelem et ancienne num\u00e9ro 1 mondiale, test\u00e9e positive au Roxadustat lors de l&rsquo;US Open 2022. Elle avait \u00e9galement plaid\u00e9 la contamination. Et elle avait \u00e9cop\u00e9 d&rsquo;une tr\u00e8s lourde suspension de quatre ans, avant que celle-ci ne soit r\u00e9duite finalement \u00e0 neuf mois, par le Tribunal Arbitral du Sport (le TAS). Mais elle a \u00e9t\u00e9 absente des courts de tennis pendant pr\u00e8s d&rsquo;un an et demi. Lourd, compar\u00e9 \u00e0 la Polonaise et \u00e0 l&rsquo;Italien.<\/p>\n<h2>Le malaise exprim\u00e9 par certains joueurs<\/h2>\n<p style=\"text-align: justify;\">Cette diff\u00e9rence de traitement agace, y compris sur le circuit ATP et WTA. Et en premier lieu <strong>Simona Halep<\/strong>. \u00ab\u00a0<em>Je suis assise et j\u2019essaie de comprendre. Mais c\u2019est vraiment impossible pour moi de comprendre quelque chose comme \u00e7a. Pourquoi y a-t-il une si grande diff\u00e9rence de traitement et de jugement ? Je ne trouve pas et je ne pense pas qu\u2019il puisse y avoir de r\u00e9ponse logique. Cela ne peut \u00eatre que de la mauvaise volont\u00e9 de l\u2019IITA, l\u2019organisation qui a absolument tout fait pour me d\u00e9truire malgr\u00e9 les preuves<\/em>\u00ab\u00a0, a d\u00e9clar\u00e9 l&rsquo;ancienne num\u00e9ro 1 mondial sur ses r\u00e9seaux sociaux. Une r\u00e9action qui peut l\u00e9gitimement se comprendre.<\/p>\n<p style=\"text-align: justify;\">Un sentiment partag\u00e9 par le Canadien <strong>Denis Shapovalov<\/strong>.<em> \u00ab\u00a0Simona Halep et d&rsquo;autres joueurs ont eu des suspensions tr\u00e8s longues pour des choses similaires\u00a0\u00bb<\/em>, a d\u00e9clar\u00e9 l&rsquo;ancien joueur membre du Top 10. Comme \u00e0 son habitude, <strong>Nick Kyrgios<\/strong> a \u00e9t\u00e9 encore plus offensif : \u00ab\u00a0<em>L&rsquo;excuse que nous pouvons tous invoquer est que nous ne savions pas. Nous ne savions tout simplement pas. Les professionnels du sport de haut niveau peuvent d\u00e9sormais juste dire \u00ab nous ne savions pas<\/em>\u00ab\u00a0, avec un \u00e9moji applaudissement en fin de son post sur X.<\/p>\n<p style=\"text-align: justify;\">M\u00eame \u00e0 haut niveau, le cas de la Polonaise semble soulever une question. Dans un sport encore peu \u00e0 l&rsquo;aise avec les questions de dopage, ce sont d\u00e9sormais deux de ses plus grands champions qui vont devoir faire face aux doutes, aux suspicions \u00e0 chaque grande victoire, \u00e0 chaque grand troph\u00e9e. D&rsquo;autant plus avec cette impression de deux vitesses selon les cas et les personnes.<\/p>\n<blockquote class=\"instagram-media\" style=\"background: #FFF; border: 0; border-radius: 3px; box-shadow: 0 0 1px 0 rgba(0,0,0,0.5),0 1px 10px 0 rgba(0,0,0,0.15); margin: 1px; max-width: 540px; min-width: 326px; padding: 0; width: calc(100% - 2px);\" data-instgrm-captioned=\"\" data-instgrm-permalink=\"https:\/\/www.instagram.com\/p\/DC7_Lo_tvxN\/?utm_source=ig_embed&amp;utm_campaign=loading\" data-instgrm-version=\"14\">\n<div style=\"padding: 16px;\">\n<p>&nbsp;<\/p>\n<div style=\"display: flex; flex-direction: row; align-items: center;\">\n<div style=\"background-color: #f4f4f4; border-radius: 50%; flex-grow: 0; height: 40px; margin-right: 14px; width: 40px;\"><\/div>\n<div style=\"display: flex; flex-direction: column; flex-grow: 1; justify-content: center;\">\n<div style=\"background-color: #f4f4f4; border-radius: 4px; flex-grow: 0; height: 14px; margin-bottom: 6px; width: 100px;\"><\/div>\n<div style=\"background-color: #f4f4f4; border-radius: 4px; flex-grow: 0; height: 14px; width: 60px;\"><\/div>\n<\/div>\n<\/div>\n<div style=\"padding: 19% 0;\"><\/div>\n<div style=\"display: block; height: 50px; margin: 0 auto 12px; width: 50px;\"><\/div>\n<div style=\"padding-top: 8px;\">\n<div style=\"color: #3897f0; font-family: Arial,sans-serif; font-size: 14px; font-style: normal; font-weight: 550; line-height: 18px;\">Voir cette publication sur Instagram<\/div>\n<\/div>\n<div style=\"padding: 12.5% 0;\"><\/div>\n<div style=\"display: flex; flex-direction: row; margin-bottom: 14px; align-items: center;\">\n<div>\n<div style=\"background-color: #f4f4f4; border-radius: 50%; height: 12.5px; width: 12.5px; transform: translateX(0px) translateY(7px);\"><\/div>\n<div style=\"background-color: #f4f4f4; height: 12.5px; transform: rotate(-45deg) translateX(3px) translateY(1px); width: 12.5px; flex-grow: 0; margin-right: 14px; margin-left: 2px;\"><\/div>\n<div style=\"background-color: #f4f4f4; border-radius: 50%; height: 12.5px; width: 12.5px; transform: translateX(9px) translateY(-18px);\"><\/div>\n<\/div>\n<div style=\"margin-left: 8px;\">\n<div style=\"background-color: #f4f4f4; border-radius: 50%; flex-grow: 0; height: 20px; width: 20px;\"><\/div>\n<div style=\"width: 0; height: 0; border-top: 2px solid transparent; border-left: 6px solid #f4f4f4; border-bottom: 2px solid transparent; transform: translateX(16px) translateY(-4px) rotate(30deg);\"><\/div>\n<\/div>\n<div style=\"margin-left: auto;\">\n<div style=\"width: 0px; border-top: 8px solid #F4F4F4; border-right: 8px solid transparent; transform: translateY(16px);\"><\/div>\n<div style=\"background-color: #f4f4f4; flex-grow: 0; height: 12px; width: 16px; transform: translateY(-4px);\"><\/div>\n<div style=\"width: 0; height: 0; border-top: 8px solid #F4F4F4; border-left: 8px solid transparent; transform: translateY(-4px) translateX(8px);\"><\/div>\n<\/div>\n<\/div>\n<div style=\"display: flex; flex-direction: column; flex-grow: 1; justify-content: center; margin-bottom: 24px;\">\n<div style=\"background-color: #f4f4f4; border-radius: 4px; flex-grow: 0; height: 14px; margin-bottom: 6px; width: 224px;\"><\/div>\n<div style=\"background-color: #f4f4f4; border-radius: 4px; flex-grow: 0; height: 14px; width: 144px;\"><\/div>\n<\/div>\n<p>&nbsp;<\/p>\n<p style=\"color: #c9c8cd; font-family: Arial,sans-serif; font-size: 14px; line-height: 17px; margin-bottom: 0; margin-top: 8px; overflow: hidden; padding: 8px 0 7px; text-align: center; text-overflow: ellipsis; white-space: nowrap;\"><a style=\"color: #c9c8cd; font-family: Arial,sans-serif; font-size: 14px; font-style: normal; font-weight: normal; line-height: 17px; text-decoration: none;\" href=\"https:\/\/www.instagram.com\/p\/DC7_Lo_tvxN\/?utm_source=ig_embed&amp;utm_campaign=loading\" target=\"_blank\" rel=\"noopener\">Une publication partag\u00e9e par Simona Halep (@simonahalep)<\/a><\/p>\n<\/div>\n<\/blockquote>\n<p><script async src=\"\/\/www.instagram.com\/embed.js\"><\/script><\/p>\n","protected":false},"excerpt":{"rendered":"<p>TENNIS &#8211; Le monde du tennis est en plein malaise apr\u00e8s l&rsquo;annonce du contr\u00f4le positif d&rsquo;Iga Swiatek ce jeudi. Qui fait suite \u00e0 d&rsquo;autres tourments en tennis, notamment ceux de Jannik Sinner, plus t\u00f4t dans la saison.<\/p>\n","protected":false},"author":83,"featured_media":536124,"comment_status":"open","ping_status":"closed","sticky":false,"template":"","format":"standard","meta":{"_acf_changed":false,"_daextam_enable_autolinks":"1","footnotes":""},"categories":[2302],"tags":[16878,2886,8022,3539,136],"class_list":["post-536057","post","type-post","status-publish","format-standard","has-post-thumbnail","hentry","category-tennis","tag-breve","tag-dopage","tag-iga-swiatek","tag-simona-halep","tag-tennis"],"acf":[],"yoast_head":"<!-- This site is optimized with the Yoast SEO Premium plugin v26.7 (Yoast SEO v26.7) - https:\/\/yoast.com\/wordpress\/plugins\/seo\/ -->\n<title>Tennis : Pourquoi le cas Iga Swiatek d\u00e9range le monde du tennis ?<\/title>\n<meta name=\"description\" content=\"TENNIS - Le monde du tennis est en plein malaise apr\u00e8s l&#039;annonce du contr\u00f4le positif d&#039;Iga Swiatek ce jeudi.\" \/>\n<meta name=\"robots\" content=\"index, follow, max-snippet:-1, max-image-preview:large, max-video-preview:-1\" \/>\n<link rel=\"canonical\" href=\"https:\/\/dicodusport.fr\/blog\/tennis-pourquoi-le-cas-iga-swiatek-derange-le-monde-du-tennis\/\" \/>\n<meta property=\"og:locale\" content=\"fr_FR\" \/>\n<meta property=\"og:type\" content=\"article\" \/>\n<meta property=\"og:title\" content=\"Tennis : Pourquoi le cas Iga Swiatek d\u00e9range le monde du tennis ?\" \/>\n<meta property=\"og:description\" content=\"TENNIS - Le monde du tennis est en plein malaise apr\u00e8s l&#039;annonce du contr\u00f4le positif d&#039;Iga Swiatek ce jeudi.\" \/>\n<meta property=\"og:url\" content=\"https:\/\/dicodusport.fr\/blog\/tennis-pourquoi-le-cas-iga-swiatek-derange-le-monde-du-tennis\/\" \/>\n<meta property=\"og:site_name\" content=\"Dicodusport\" \/>\n<meta property=\"article:publisher\" content=\"https:\/\/www.facebook.com\/dicodusport\" \/>\n<meta property=\"article:published_time\" content=\"2024-11-30T08:00:42+00:00\" \/>\n<meta property=\"og:image\" content=\"https:\/\/dicodusport.fr\/blog\/wp-content\/uploads\/2024\/11\/Tennis-Pourquoi-le-cas-Iga-Swiatek-derange-le-monde-du-tennis.png\" \/>\n\t<meta property=\"og:image:width\" content=\"1200\" \/>\n\t<meta property=\"og:image:height\" content=\"674\" \/>\n\t<meta property=\"og:image:type\" content=\"image\/png\" \/>\n<meta name=\"author\" content=\"Etienne Goursaud\" \/>\n<meta name=\"twitter:card\" content=\"summary_large_image\" \/>\n<meta name=\"twitter:title\" content=\"Tennis : Pourquoi le cas Iga Swiatek d\u00e9range le monde du tennis ?\" \/>\n<meta name=\"twitter:creator\" content=\"@dicodusport\" \/>\n<meta name=\"twitter:site\" content=\"@dicodusport\" \/>\n<script type=\"application\/ld+json\" class=\"yoast-schema-graph\">{\"@context\":\"https:\/\/schema.org\",\"@graph\":[{\"@type\":\"NewsArticle\",\"@id\":\"https:\/\/dicodusport.fr\/blog\/tennis-pourquoi-le-cas-iga-swiatek-derange-le-monde-du-tennis\/#article\",\"isPartOf\":{\"@id\":\"https:\/\/dicodusport.fr\/blog\/tennis-pourquoi-le-cas-iga-swiatek-derange-le-monde-du-tennis\/\"},\"author\":{\"name\":\"Etienne Goursaud\",\"@id\":\"https:\/\/dicodusport.fr\/blog\/#\/schema\/person\/d603dd7da31fb2b46c82b9835a77ec13\"},\"headline\":\"Tennis : Pourquoi le cas Iga Swiatek d\u00e9range le monde du tennis ?\",\"datePublished\":\"2024-11-30T08:00:42+00:00\",\"mainEntityOfPage\":{\"@id\":\"https:\/\/dicodusport.fr\/blog\/tennis-pourquoi-le-cas-iga-swiatek-derange-le-monde-du-tennis\/\"},\"wordCount\":750,\"commentCount\":0,\"publisher\":{\"@id\":\"https:\/\/dicodusport.fr\/blog\/#organization\"},\"image\":{\"@id\":\"https:\/\/dicodusport.fr\/blog\/tennis-pourquoi-le-cas-iga-swiatek-derange-le-monde-du-tennis\/#primaryimage\"},\"thumbnailUrl\":\"https:\/\/dicodusport.fr\/blog\/wp-content\/uploads\/2024\/11\/Tennis-Pourquoi-le-cas-Iga-Swiatek-derange-le-monde-du-tennis.png\",\"keywords\":[\"br\u00e8ve\",\"dopage\",\"Iga Swiatek\",\"Simona Halep\",\"Tennis\"],\"articleSection\":[\"Tennis\"],\"inLanguage\":\"fr-FR\",\"potentialAction\":[{\"@type\":\"CommentAction\",\"name\":\"Comment\",\"target\":[\"https:\/\/dicodusport.fr\/blog\/tennis-pourquoi-le-cas-iga-swiatek-derange-le-monde-du-tennis\/#respond\"]}],\"copyrightYear\":\"2024\",\"copyrightHolder\":{\"@id\":\"https:\/\/dicodusport.fr\/blog\/#organization\"}},{\"@type\":\"WebPage\",\"@id\":\"https:\/\/dicodusport.fr\/blog\/tennis-pourquoi-le-cas-iga-swiatek-derange-le-monde-du-tennis\/\",\"url\":\"https:\/\/dicodusport.fr\/blog\/tennis-pourquoi-le-cas-iga-swiatek-derange-le-monde-du-tennis\/\",\"name\":\"Tennis : Pourquoi le cas Iga Swiatek d\u00e9range le monde du tennis ?\",\"isPartOf\":{\"@id\":\"https:\/\/dicodusport.fr\/blog\/#website\"},\"primaryImageOfPage\":{\"@id\":\"https:\/\/dicodusport.fr\/blog\/tennis-pourquoi-le-cas-iga-swiatek-derange-le-monde-du-tennis\/#primaryimage\"},\"image\":{\"@id\":\"https:\/\/dicodusport.fr\/blog\/tennis-pourquoi-le-cas-iga-swiatek-derange-le-monde-du-tennis\/#primaryimage\"},\"thumbnailUrl\":\"https:\/\/dicodusport.fr\/blog\/wp-content\/uploads\/2024\/11\/Tennis-Pourquoi-le-cas-Iga-Swiatek-derange-le-monde-du-tennis.png\",\"datePublished\":\"2024-11-30T08:00:42+00:00\",\"description\":\"TENNIS - Le monde du tennis est en plein malaise apr\u00e8s l'annonce du contr\u00f4le positif d'Iga Swiatek ce jeudi.\",\"breadcrumb\":{\"@id\":\"https:\/\/dicodusport.fr\/blog\/tennis-pourquoi-le-cas-iga-swiatek-derange-le-monde-du-tennis\/#breadcrumb\"},\"inLanguage\":\"fr-FR\",\"potentialAction\":[{\"@type\":\"ReadAction\",\"target\":[\"https:\/\/dicodusport.fr\/blog\/tennis-pourquoi-le-cas-iga-swiatek-derange-le-monde-du-tennis\/\"]}]},{\"@type\":\"ImageObject\",\"inLanguage\":\"fr-FR\",\"@id\":\"https:\/\/dicodusport.fr\/blog\/tennis-pourquoi-le-cas-iga-swiatek-derange-le-monde-du-tennis\/#primaryimage\",\"url\":\"https:\/\/dicodusport.fr\/blog\/wp-content\/uploads\/2024\/11\/Tennis-Pourquoi-le-cas-Iga-Swiatek-derange-le-monde-du-tennis.png\",\"contentUrl\":\"https:\/\/dicodusport.fr\/blog\/wp-content\/uploads\/2024\/11\/Tennis-Pourquoi-le-cas-Iga-Swiatek-derange-le-monde-du-tennis.png\",\"width\":1200,\"height\":674,\"caption\":\"Tennis Pourquoi le cas Iga Swiatek d\u00e9range le monde du tennis\"},{\"@type\":\"BreadcrumbList\",\"@id\":\"https:\/\/dicodusport.fr\/blog\/tennis-pourquoi-le-cas-iga-swiatek-derange-le-monde-du-tennis\/#breadcrumb\",\"itemListElement\":[{\"@type\":\"ListItem\",\"position\":1,\"name\":\"Accueil\",\"item\":\"https:\/\/dicodusport.fr\/blog\/\"},{\"@type\":\"ListItem\",\"position\":2,\"name\":\"Tennis : Pourquoi le cas Iga Swiatek d\u00e9range le monde du tennis ?\"}]},{\"@type\":\"WebSite\",\"@id\":\"https:\/\/dicodusport.fr\/blog\/#website\",\"url\":\"https:\/\/dicodusport.fr\/blog\/\",\"name\":\"Dicodusport\",\"description\":\"L&#039;encyclop\u00e9die de l&#039;actualit\u00e9 sportive\",\"publisher\":{\"@id\":\"https:\/\/dicodusport.fr\/blog\/#organization\"},\"potentialAction\":[{\"@type\":\"SearchAction\",\"target\":{\"@type\":\"EntryPoint\",\"urlTemplate\":\"https:\/\/dicodusport.fr\/blog\/?s={search_term_string}\"},\"query-input\":{\"@type\":\"PropertyValueSpecification\",\"valueRequired\":true,\"valueName\":\"search_term_string\"}}],\"inLanguage\":\"fr-FR\"},{\"@type\":\"NewsMediaOrganization\",\"@id\":\"https:\/\/dicodusport.fr\/blog\/#organization\",\"name\":\"Dicodusport\",\"url\":\"https:\/\/dicodusport.fr\/blog\/\",\"logo\":{\"@type\":\"ImageObject\",\"inLanguage\":\"fr-FR\",\"@id\":\"https:\/\/dicodusport.fr\/blog\/#\/schema\/logo\/image\/\",\"url\":\"https:\/\/dicodusport.fr\/blog\/wp-content\/uploads\/2020\/06\/cropped-LOGO-DICODUSPORT-2020-SANS-FOND-SANS-TEXTE.png\",\"contentUrl\":\"https:\/\/dicodusport.fr\/blog\/wp-content\/uploads\/2020\/06\/cropped-LOGO-DICODUSPORT-2020-SANS-FOND-SANS-TEXTE.png\",\"width\":512,\"height\":512,\"caption\":\"Dicodusport\"},\"image\":{\"@id\":\"https:\/\/dicodusport.fr\/blog\/#\/schema\/logo\/image\/\"},\"sameAs\":[\"https:\/\/www.facebook.com\/dicodusport\",\"https:\/\/x.com\/dicodusport\",\"https:\/\/www.instagram.com\/dicodusport\/\",\"https:\/\/www.youtube.com\/channel\/UC7V2KZ5sd3htJivAbA4ZG3w\"],\"description\":\"Dicodusport est l'encyclop\u00e9die de l'actualit\u00e9 sportive.\",\"email\":\"bonjour@dicodusport.fr\",\"legalName\":\"DICODUSPORT\",\"foundingDate\":\"2018-01-14\",\"vatID\":\"FR71834470973\",\"taxID\":\"83447097300043\",\"numberOfEmployees\":{\"@type\":\"QuantitativeValue\",\"minValue\":\"1\",\"maxValue\":\"10\"}},{\"@type\":\"Person\",\"@id\":\"https:\/\/dicodusport.fr\/blog\/#\/schema\/person\/d603dd7da31fb2b46c82b9835a77ec13\",\"name\":\"Etienne Goursaud\",\"image\":{\"@type\":\"ImageObject\",\"inLanguage\":\"fr-FR\",\"@id\":\"https:\/\/dicodusport.fr\/blog\/#\/schema\/person\/image\/\",\"url\":\"https:\/\/dicodusport.fr\/blog\/wp-content\/uploads\/2023\/12\/410122264_10231602061736049_5565839791558026645_n-150x150.jpg\",\"contentUrl\":\"https:\/\/dicodusport.fr\/blog\/wp-content\/uploads\/2023\/12\/410122264_10231602061736049_5565839791558026645_n-150x150.jpg\",\"caption\":\"Etienne Goursaud\"},\"description\":\"Journaliste et amoureux de sport. Ancien footballeur reconverti athl\u00e8te quand ses muscles le laissent tranquille. \u00c9lev\u00e9 \u00e0 la sauce des exploits de Thomas Voeckler en 2004, du dernier essai de l\u00e9gende de Eunice Barber \u00e0 la longueur lors des championnats du monde d'athl\u00e9tisme de 2003 mais aussi Zidane, Omeyer et Titou Lamaison.\",\"url\":\"https:\/\/dicodusport.fr\/blog\/author\/etienne-goursaud\/\"}]}<\/script>\n<!-- \/ Yoast SEO Premium plugin. -->","yoast_head_json":{"title":"Tennis : Pourquoi le cas Iga Swiatek d\u00e9range le monde du tennis ?","description":"TENNIS - Le monde du tennis est en plein malaise apr\u00e8s l'annonce du contr\u00f4le positif d'Iga Swiatek ce jeudi.","robots":{"index":"index","follow":"follow","max-snippet":"max-snippet:-1","max-image-preview":"max-image-preview:large","max-video-preview":"max-video-preview:-1"},"canonical":"https:\/\/dicodusport.fr\/blog\/tennis-pourquoi-le-cas-iga-swiatek-derange-le-monde-du-tennis\/","og_locale":"fr_FR","og_type":"article","og_title":"Tennis : Pourquoi le cas Iga Swiatek d\u00e9range le monde du tennis ?","og_description":"TENNIS - Le monde du tennis est en plein malaise apr\u00e8s l'annonce du contr\u00f4le positif d'Iga Swiatek ce jeudi.","og_url":"https:\/\/dicodusport.fr\/blog\/tennis-pourquoi-le-cas-iga-swiatek-derange-le-monde-du-tennis\/","og_site_name":"Dicodusport","article_publisher":"https:\/\/www.facebook.com\/dicodusport","article_published_time":"2024-11-30T08:00:42+00:00","og_image":[{"width":1200,"height":674,"url":"https:\/\/dicodusport.fr\/blog\/wp-content\/uploads\/2024\/11\/Tennis-Pourquoi-le-cas-Iga-Swiatek-derange-le-monde-du-tennis.png","type":"image\/png"}],"author":"Etienne Goursaud","twitter_card":"summary_large_image","twitter_title":"Tennis : Pourquoi le cas Iga Swiatek d\u00e9range le monde du tennis ?","twitter_creator":"@dicodusport","twitter_site":"@dicodusport","schema":{"@context":"https:\/\/schema.org","@graph":[{"@type":"NewsArticle","@id":"https:\/\/dicodusport.fr\/blog\/tennis-pourquoi-le-cas-iga-swiatek-derange-le-monde-du-tennis\/#article","isPartOf":{"@id":"https:\/\/dicodusport.fr\/blog\/tennis-pourquoi-le-cas-iga-swiatek-derange-le-monde-du-tennis\/"},"author":{"name":"Etienne Goursaud","@id":"https:\/\/dicodusport.fr\/blog\/#\/schema\/person\/d603dd7da31fb2b46c82b9835a77ec13"},"headline":"Tennis : Pourquoi le cas Iga Swiatek d\u00e9range le monde du tennis ?","datePublished":"2024-11-30T08:00:42+00:00","mainEntityOfPage":{"@id":"https:\/\/dicodusport.fr\/blog\/tennis-pourquoi-le-cas-iga-swiatek-derange-le-monde-du-tennis\/"},"wordCount":750,"commentCount":0,"publisher":{"@id":"https:\/\/dicodusport.fr\/blog\/#organization"},"image":{"@id":"https:\/\/dicodusport.fr\/blog\/tennis-pourquoi-le-cas-iga-swiatek-derange-le-monde-du-tennis\/#primaryimage"},"thumbnailUrl":"https:\/\/dicodusport.fr\/blog\/wp-content\/uploads\/2024\/11\/Tennis-Pourquoi-le-cas-Iga-Swiatek-derange-le-monde-du-tennis.png","keywords":["br\u00e8ve","dopage","Iga Swiatek","Simona Halep","Tennis"],"articleSection":["Tennis"],"inLanguage":"fr-FR","potentialAction":[{"@type":"CommentAction","name":"Comment","target":["https:\/\/dicodusport.fr\/blog\/tennis-pourquoi-le-cas-iga-swiatek-derange-le-monde-du-tennis\/#respond"]}],"copyrightYear":"2024","copyrightHolder":{"@id":"https:\/\/dicodusport.fr\/blog\/#organization"}},{"@type":"WebPage","@id":"https:\/\/dicodusport.fr\/blog\/tennis-pourquoi-le-cas-iga-swiatek-derange-le-monde-du-tennis\/","url":"https:\/\/dicodusport.fr\/blog\/tennis-pourquoi-le-cas-iga-swiatek-derange-le-monde-du-tennis\/","name":"Tennis : Pourquoi le cas Iga Swiatek d\u00e9range le monde du tennis ?","isPartOf":{"@id":"https:\/\/dicodusport.fr\/blog\/#website"},"primaryImageOfPage":{"@id":"https:\/\/dicodusport.fr\/blog\/tennis-pourquoi-le-cas-iga-swiatek-derange-le-monde-du-tennis\/#primaryimage"},"image":{"@id":"https:\/\/dicodusport.fr\/blog\/tennis-pourquoi-le-cas-iga-swiatek-derange-le-monde-du-tennis\/#primaryimage"},"thumbnailUrl":"https:\/\/dicodusport.fr\/blog\/wp-content\/uploads\/2024\/11\/Tennis-Pourquoi-le-cas-Iga-Swiatek-derange-le-monde-du-tennis.png","datePublished":"2024-11-30T08:00:42+00:00","description":"TENNIS - Le monde du tennis est en plein malaise apr\u00e8s l'annonce du contr\u00f4le positif d'Iga Swiatek ce jeudi.","breadcrumb":{"@id":"https:\/\/dicodusport.fr\/blog\/tennis-pourquoi-le-cas-iga-swiatek-derange-le-monde-du-tennis\/#breadcrumb"},"inLanguage":"fr-FR","potentialAction":[{"@type":"ReadAction","target":["https:\/\/dicodusport.fr\/blog\/tennis-pourquoi-le-cas-iga-swiatek-derange-le-monde-du-tennis\/"]}]},{"@type":"ImageObject","inLanguage":"fr-FR","@id":"https:\/\/dicodusport.fr\/blog\/tennis-pourquoi-le-cas-iga-swiatek-derange-le-monde-du-tennis\/#primaryimage","url":"https:\/\/dicodusport.fr\/blog\/wp-content\/uploads\/2024\/11\/Tennis-Pourquoi-le-cas-Iga-Swiatek-derange-le-monde-du-tennis.png","contentUrl":"https:\/\/dicodusport.fr\/blog\/wp-content\/uploads\/2024\/11\/Tennis-Pourquoi-le-cas-Iga-Swiatek-derange-le-monde-du-tennis.png","width":1200,"height":674,"caption":"Tennis Pourquoi le cas Iga Swiatek d\u00e9range le monde du tennis"},{"@type":"BreadcrumbList","@id":"https:\/\/dicodusport.fr\/blog\/tennis-pourquoi-le-cas-iga-swiatek-derange-le-monde-du-tennis\/#breadcrumb","itemListElement":[{"@type":"ListItem","position":1,"name":"Accueil","item":"https:\/\/dicodusport.fr\/blog\/"},{"@type":"ListItem","position":2,"name":"Tennis : Pourquoi le cas Iga Swiatek d\u00e9range le monde du tennis ?"}]},{"@type":"WebSite","@id":"https:\/\/dicodusport.fr\/blog\/#website","url":"https:\/\/dicodusport.fr\/blog\/","name":"Dicodusport","description":"L&#039;encyclop\u00e9die de l&#039;actualit\u00e9 sportive","publisher":{"@id":"https:\/\/dicodusport.fr\/blog\/#organization"},"potentialAction":[{"@type":"SearchAction","target":{"@type":"EntryPoint","urlTemplate":"https:\/\/dicodusport.fr\/blog\/?s={search_term_string}"},"query-input":{"@type":"PropertyValueSpecification","valueRequired":true,"valueName":"search_term_string"}}],"inLanguage":"fr-FR"},{"@type":"NewsMediaOrganization","@id":"https:\/\/dicodusport.fr\/blog\/#organization","name":"Dicodusport","url":"https:\/\/dicodusport.fr\/blog\/","logo":{"@type":"ImageObject","inLanguage":"fr-FR","@id":"https:\/\/dicodusport.fr\/blog\/#\/schema\/logo\/image\/","url":"https:\/\/dicodusport.fr\/blog\/wp-content\/uploads\/2020\/06\/cropped-LOGO-DICODUSPORT-2020-SANS-FOND-SANS-TEXTE.png","contentUrl":"https:\/\/dicodusport.fr\/blog\/wp-content\/uploads\/2020\/06\/cropped-LOGO-DICODUSPORT-2020-SANS-FOND-SANS-TEXTE.png","width":512,"height":512,"caption":"Dicodusport"},"image":{"@id":"https:\/\/dicodusport.fr\/blog\/#\/schema\/logo\/image\/"},"sameAs":["https:\/\/www.facebook.com\/dicodusport","https:\/\/x.com\/dicodusport","https:\/\/www.instagram.com\/dicodusport\/","https:\/\/www.youtube.com\/channel\/UC7V2KZ5sd3htJivAbA4ZG3w"],"description":"Dicodusport est l'encyclop\u00e9die de l'actualit\u00e9 sportive.","email":"bonjour@dicodusport.fr","legalName":"DICODUSPORT","foundingDate":"2018-01-14","vatID":"FR71834470973","taxID":"83447097300043","numberOfEmployees":{"@type":"QuantitativeValue","minValue":"1","maxValue":"10"}},{"@type":"Person","@id":"https:\/\/dicodusport.fr\/blog\/#\/schema\/person\/d603dd7da31fb2b46c82b9835a77ec13","name":"Etienne Goursaud","image":{"@type":"ImageObject","inLanguage":"fr-FR","@id":"https:\/\/dicodusport.fr\/blog\/#\/schema\/person\/image\/","url":"https:\/\/dicodusport.fr\/blog\/wp-content\/uploads\/2023\/12\/410122264_10231602061736049_5565839791558026645_n-150x150.jpg","contentUrl":"https:\/\/dicodusport.fr\/blog\/wp-content\/uploads\/2023\/12\/410122264_10231602061736049_5565839791558026645_n-150x150.jpg","caption":"Etienne Goursaud"},"description":"Journaliste et amoureux de sport. Ancien footballeur reconverti athl\u00e8te quand ses muscles le laissent tranquille. \u00c9lev\u00e9 \u00e0 la sauce des exploits de Thomas Voeckler en 2004, du dernier essai de l\u00e9gende de Eunice Barber \u00e0 la longueur lors des championnats du monde d'athl\u00e9tisme de 2003 mais aussi Zidane, Omeyer et Titou Lamaison.","url":"https:\/\/dicodusport.fr\/blog\/author\/etienne-goursaud\/"}]}},"_links":{"self":[{"href":"https:\/\/dicodusport.fr\/blog\/wp-json\/wp\/v2\/posts\/536057","targetHints":{"allow":["GET"]}}],"collection":[{"href":"https:\/\/dicodusport.fr\/blog\/wp-json\/wp\/v2\/posts"}],"about":[{"href":"https:\/\/dicodusport.fr\/blog\/wp-json\/wp\/v2\/types\/post"}],"author":[{"embeddable":true,"href":"https:\/\/dicodusport.fr\/blog\/wp-json\/wp\/v2\/users\/83"}],"replies":[{"embeddable":true,"href":"https:\/\/dicodusport.fr\/blog\/wp-json\/wp\/v2\/comments?post=536057"}],"version-history":[{"count":3,"href":"https:\/\/dicodusport.fr\/blog\/wp-json\/wp\/v2\/posts\/536057\/revisions"}],"predecessor-version":[{"id":536125,"href":"https:\/\/dicodusport.fr\/blog\/wp-json\/wp\/v2\/posts\/536057\/revisions\/536125"}],"wp:featuredmedia":[{"embeddable":true,"href":"https:\/\/dicodusport.fr\/blog\/wp-json\/wp\/v2\/media\/536124"}],"wp:attachment":[{"href":"https:\/\/dicodusport.fr\/blog\/wp-json\/wp\/v2\/media?parent=536057"}],"wp:term":[{"taxonomy":"category","embeddable":true,"href":"https:\/\/dicodusport.fr\/blog\/wp-json\/wp\/v2\/categories?post=536057"},{"taxonomy":"post_tag","embeddable":true,"href":"https:\/\/dicodusport.fr\/blog\/wp-json\/wp\/v2\/tags?post=536057"}],"curies":[{"name":"wp","href":"https:\/\/api.w.org\/{rel}","templated":true}]}}