{"id":53654,"date":"2019-11-20T19:37:51","date_gmt":"2019-11-20T18:37:51","guid":{"rendered":"http:\/\/dicodusport.fr\/blog\/?p=53654&#038;preview=true&#038;preview_id=53654"},"modified":"2019-11-20T19:37:51","modified_gmt":"2019-11-20T18:37:51","slug":"moto-gp-2020-johann-zarco-pilote-ducati-avintia","status":"publish","type":"post","link":"https:\/\/dicodusport.fr\/blog\/moto-gp-2020-johann-zarco-pilote-ducati-avintia\/","title":{"rendered":"Moto GP 2020 : Johann Zarco devrait piloter une Ducati chez Avintia"},"content":{"rendered":"<p style=\"text-align: justify;\"><em><strong>Selon GP Inside, le pilote fran\u00e7ais Johann Zarco devrait trouver un guidon en Moto GP en 2020, en pilotant une Ducati pour l&rsquo;\u00e9curie Avintia.<br \/>\n<\/strong><\/em><\/p>\n<p style=\"text-align: justify;\">D&rsquo;apr\u00e8s les informations du site <a href=\"https:\/\/www.gp-inside.com\/2020-zarco-sera-pilote-ducati-chez-avintia\/\" target=\"_blank\" rel=\"noopener\"><strong><em>GP Inside<\/em><\/strong><\/a>, le natif de Cannes, <a href=\"https:\/\/fr.motorsport.com\/driver\/johann-zarco\/96107\/\" target=\"_blank\" rel=\"noopener\"><strong>Johann Zarco<\/strong><\/a>, devrait bel et bien piloter en <strong>Moto GP<\/strong> en 2020. <strong>Pilote Yamaha entre 2017 et 2018, chez KTM jusqu&rsquo;au mois de septembre dernier, le pilote fran\u00e7ais avait termin\u00e9 la saison chez Honda, en roulant sur les trois derniers Grands Prix de l&rsquo;ann\u00e9e<\/strong>.<\/p>\n<p style=\"text-align: justify;\">Malgr\u00e9 la retraite de <strong>Jorge Lorenzo<\/strong>, le deuxi\u00e8me guidon chez <strong>Repsol Honda<\/strong>, \u00e9curie du sextuple champion du monde <strong>Marc Marquez<\/strong>, est revenu au fr\u00e8re de ce dernier, <strong>Alex Marquez<\/strong>. En discussion avec <strong>Ducati<\/strong> pour rejoindre l&rsquo;\u00e9curie <strong>Avintia<\/strong>, le pilote de 29 ans aurait accept\u00e9 de relever ce d\u00e9fi. L&rsquo;officialisation pourrait intervenir dans les prochains jours.<\/p>\n<p><strong><em>Dicodusport<br \/>\n<a href=\"https:\/\/www.facebook.com\/dicodusport\/\" target=\"_blank\" rel=\"noopener\"><img loading=\"lazy\" decoding=\"async\" class=\"alignnone wp-image-2909\" src=\"http:\/\/dicodusport.fr\/blog\/wp-content\/uploads\/2017\/07\/logo-facebook-150x150.png\" alt=\"\" width=\"40\" height=\"40\" \/><\/a><a href=\"https:\/\/twitter.com\/dicodusport\" target=\"_blank\" rel=\"noopener\"><img loading=\"lazy\" decoding=\"async\" class=\"alignnone wp-image-2908\" src=\"http:\/\/dicodusport.fr\/blog\/wp-content\/uploads\/2017\/07\/logo-twitter-150x150.png\" alt=\"\" width=\"39\" height=\"39\" \/><\/a><\/em><\/strong><\/p>\n","protected":false},"excerpt":{"rendered":"<p>Selon GP Inside, le pilote fran\u00e7ais Johann Zarco devrait trouver un guidon en Moto GP en 2020, en pilotant une Ducati pour l&rsquo;\u00e9curie Avintia.<\/p>\n","protected":false},"author":4,"featured_media":53655,"comment_status":"open","ping_status":"closed","sticky":false,"template":"","format":"standard","meta":{"_acf_changed":false,"_daextam_enable_autolinks":"","footnotes":""},"categories":[8671],"tags":[4734,4736],"class_list":["post-53654","post","type-post","status-publish","format-standard","has-post-thumbnail","hentry","category-moto","tag-johann-zarco","tag-moto-gp"],"acf":[],"yoast_head":"<!-- This site is optimized with the Yoast SEO Premium plugin v26.7 (Yoast SEO v26.7) - https:\/\/yoast.com\/wordpress\/plugins\/seo\/ -->\n<title>Moto GP 2020 : Johann Zarco devrait piloter une Ducati chez Avintia<\/title>\n<meta name=\"description\" content=\"Selon GP Inside, le pilote fran\u00e7ais Johann Zarco devrait trouver un guidon en Moto GP en 2020, en pilotant une Ducati pour l&#039;\u00e9curie Avintia.\" \/>\n<meta name=\"robots\" content=\"index, follow, max-snippet:-1, max-image-preview:large, max-video-preview:-1\" \/>\n<link rel=\"canonical\" href=\"https:\/\/dicodusport.fr\/blog\/moto-gp-2020-johann-zarco-pilote-ducati-avintia\/\" \/>\n<meta property=\"og:locale\" content=\"fr_FR\" \/>\n<meta property=\"og:type\" content=\"article\" \/>\n<meta property=\"og:title\" content=\"Moto GP 2020 : Johann Zarco devrait piloter une Ducati chez Avintia\" \/>\n<meta property=\"og:description\" content=\"Selon GP Inside, le pilote fran\u00e7ais Johann Zarco devrait trouver un guidon en Moto GP en 2020, en pilotant une Ducati pour l&#039;\u00e9curie Avintia.\" \/>\n<meta property=\"og:url\" content=\"https:\/\/dicodusport.fr\/blog\/moto-gp-2020-johann-zarco-pilote-ducati-avintia\/\" \/>\n<meta property=\"og:site_name\" content=\"Dicodusport\" \/>\n<meta property=\"article:publisher\" content=\"https:\/\/www.facebook.com\/dicodusport\" \/>\n<meta property=\"article:author\" content=\"https:\/\/www.facebook.com\/florent.ostermann\" \/>\n<meta property=\"article:published_time\" content=\"2019-11-20T18:37:51+00:00\" \/>\n<meta property=\"og:image\" content=\"https:\/\/dicodusport.fr\/blog\/wp-content\/uploads\/2019\/11\/Moto-GP-2020-Johann-Zarco-devrait-piloter-une-Ducati-chez-Avintia.png\" \/>\n\t<meta property=\"og:image:width\" content=\"800\" \/>\n\t<meta property=\"og:image:height\" content=\"445\" \/>\n\t<meta property=\"og:image:type\" content=\"image\/png\" \/>\n<meta name=\"author\" content=\"Flo Ostermann\" \/>\n<meta name=\"twitter:card\" content=\"summary_large_image\" \/>\n<meta name=\"twitter:title\" content=\"Moto GP 2020 : Johann Zarco devrait piloter une Ducati chez Avintia\" \/>\n<meta name=\"twitter:creator\" content=\"@https:\/\/twitter.com\/FlOstermann\" \/>\n<meta name=\"twitter:site\" content=\"@dicodusport\" \/>\n<script type=\"application\/ld+json\" class=\"yoast-schema-graph\">{\"@context\":\"https:\/\/schema.org\",\"@graph\":[{\"@type\":\"NewsArticle\",\"@id\":\"https:\/\/dicodusport.fr\/blog\/moto-gp-2020-johann-zarco-pilote-ducati-avintia\/#article\",\"isPartOf\":{\"@id\":\"https:\/\/dicodusport.fr\/blog\/moto-gp-2020-johann-zarco-pilote-ducati-avintia\/\"},\"author\":{\"name\":\"Flo Ostermann\",\"@id\":\"https:\/\/dicodusport.fr\/blog\/#\/schema\/person\/cb02af4c173ce4a653b55e9baf388d4a\"},\"headline\":\"Moto GP 2020 : Johann Zarco devrait piloter une Ducati chez Avintia\",\"datePublished\":\"2019-11-20T18:37:51+00:00\",\"mainEntityOfPage\":{\"@id\":\"https:\/\/dicodusport.fr\/blog\/moto-gp-2020-johann-zarco-pilote-ducati-avintia\/\"},\"wordCount\":153,\"commentCount\":1,\"publisher\":{\"@id\":\"https:\/\/dicodusport.fr\/blog\/#organization\"},\"image\":{\"@id\":\"https:\/\/dicodusport.fr\/blog\/moto-gp-2020-johann-zarco-pilote-ducati-avintia\/#primaryimage\"},\"thumbnailUrl\":\"https:\/\/dicodusport.fr\/blog\/wp-content\/uploads\/2019\/11\/Moto-GP-2020-Johann-Zarco-devrait-piloter-une-Ducati-chez-Avintia.png\",\"keywords\":[\"Johann Zarco\",\"Moto GP\"],\"articleSection\":[\"Moto\"],\"inLanguage\":\"fr-FR\",\"potentialAction\":[{\"@type\":\"CommentAction\",\"name\":\"Comment\",\"target\":[\"https:\/\/dicodusport.fr\/blog\/moto-gp-2020-johann-zarco-pilote-ducati-avintia\/#respond\"]}],\"copyrightYear\":\"2019\",\"copyrightHolder\":{\"@id\":\"https:\/\/dicodusport.fr\/blog\/#organization\"}},{\"@type\":\"WebPage\",\"@id\":\"https:\/\/dicodusport.fr\/blog\/moto-gp-2020-johann-zarco-pilote-ducati-avintia\/\",\"url\":\"https:\/\/dicodusport.fr\/blog\/moto-gp-2020-johann-zarco-pilote-ducati-avintia\/\",\"name\":\"Moto GP 2020 : Johann Zarco devrait piloter une Ducati chez Avintia\",\"isPartOf\":{\"@id\":\"https:\/\/dicodusport.fr\/blog\/#website\"},\"primaryImageOfPage\":{\"@id\":\"https:\/\/dicodusport.fr\/blog\/moto-gp-2020-johann-zarco-pilote-ducati-avintia\/#primaryimage\"},\"image\":{\"@id\":\"https:\/\/dicodusport.fr\/blog\/moto-gp-2020-johann-zarco-pilote-ducati-avintia\/#primaryimage\"},\"thumbnailUrl\":\"https:\/\/dicodusport.fr\/blog\/wp-content\/uploads\/2019\/11\/Moto-GP-2020-Johann-Zarco-devrait-piloter-une-Ducati-chez-Avintia.png\",\"datePublished\":\"2019-11-20T18:37:51+00:00\",\"description\":\"Selon GP Inside, le pilote fran\u00e7ais Johann Zarco devrait trouver un guidon en Moto GP en 2020, en pilotant une Ducati pour l'\u00e9curie Avintia.\",\"breadcrumb\":{\"@id\":\"https:\/\/dicodusport.fr\/blog\/moto-gp-2020-johann-zarco-pilote-ducati-avintia\/#breadcrumb\"},\"inLanguage\":\"fr-FR\",\"potentialAction\":[{\"@type\":\"ReadAction\",\"target\":[\"https:\/\/dicodusport.fr\/blog\/moto-gp-2020-johann-zarco-pilote-ducati-avintia\/\"]}]},{\"@type\":\"ImageObject\",\"inLanguage\":\"fr-FR\",\"@id\":\"https:\/\/dicodusport.fr\/blog\/moto-gp-2020-johann-zarco-pilote-ducati-avintia\/#primaryimage\",\"url\":\"https:\/\/dicodusport.fr\/blog\/wp-content\/uploads\/2019\/11\/Moto-GP-2020-Johann-Zarco-devrait-piloter-une-Ducati-chez-Avintia.png\",\"contentUrl\":\"https:\/\/dicodusport.fr\/blog\/wp-content\/uploads\/2019\/11\/Moto-GP-2020-Johann-Zarco-devrait-piloter-une-Ducati-chez-Avintia.png\",\"width\":800,\"height\":445,\"caption\":\"Moto GP 2020 - Johann Zarco devrait piloter une Ducati chez Avintia\"},{\"@type\":\"BreadcrumbList\",\"@id\":\"https:\/\/dicodusport.fr\/blog\/moto-gp-2020-johann-zarco-pilote-ducati-avintia\/#breadcrumb\",\"itemListElement\":[{\"@type\":\"ListItem\",\"position\":1,\"name\":\"Accueil\",\"item\":\"https:\/\/dicodusport.fr\/blog\/\"},{\"@type\":\"ListItem\",\"position\":2,\"name\":\"Moto GP 2020 : Johann Zarco devrait piloter une Ducati chez Avintia\"}]},{\"@type\":\"WebSite\",\"@id\":\"https:\/\/dicodusport.fr\/blog\/#website\",\"url\":\"https:\/\/dicodusport.fr\/blog\/\",\"name\":\"Dicodusport\",\"description\":\"L&#039;encyclop\u00e9die de l&#039;actualit\u00e9 sportive\",\"publisher\":{\"@id\":\"https:\/\/dicodusport.fr\/blog\/#organization\"},\"potentialAction\":[{\"@type\":\"SearchAction\",\"target\":{\"@type\":\"EntryPoint\",\"urlTemplate\":\"https:\/\/dicodusport.fr\/blog\/?s={search_term_string}\"},\"query-input\":{\"@type\":\"PropertyValueSpecification\",\"valueRequired\":true,\"valueName\":\"search_term_string\"}}],\"inLanguage\":\"fr-FR\"},{\"@type\":\"NewsMediaOrganization\",\"@id\":\"https:\/\/dicodusport.fr\/blog\/#organization\",\"name\":\"Dicodusport\",\"url\":\"https:\/\/dicodusport.fr\/blog\/\",\"logo\":{\"@type\":\"ImageObject\",\"inLanguage\":\"fr-FR\",\"@id\":\"https:\/\/dicodusport.fr\/blog\/#\/schema\/logo\/image\/\",\"url\":\"https:\/\/dicodusport.fr\/blog\/wp-content\/uploads\/2020\/06\/cropped-LOGO-DICODUSPORT-2020-SANS-FOND-SANS-TEXTE.png\",\"contentUrl\":\"https:\/\/dicodusport.fr\/blog\/wp-content\/uploads\/2020\/06\/cropped-LOGO-DICODUSPORT-2020-SANS-FOND-SANS-TEXTE.png\",\"width\":512,\"height\":512,\"caption\":\"Dicodusport\"},\"image\":{\"@id\":\"https:\/\/dicodusport.fr\/blog\/#\/schema\/logo\/image\/\"},\"sameAs\":[\"https:\/\/www.facebook.com\/dicodusport\",\"https:\/\/x.com\/dicodusport\",\"https:\/\/www.instagram.com\/dicodusport\/\",\"https:\/\/www.youtube.com\/channel\/UC7V2KZ5sd3htJivAbA4ZG3w\"],\"description\":\"Dicodusport est l'encyclop\u00e9die de l'actualit\u00e9 sportive.\",\"email\":\"bonjour@dicodusport.fr\",\"legalName\":\"DICODUSPORT\",\"foundingDate\":\"2018-01-14\",\"vatID\":\"FR71834470973\",\"taxID\":\"83447097300043\",\"numberOfEmployees\":{\"@type\":\"QuantitativeValue\",\"minValue\":\"1\",\"maxValue\":\"10\"}},{\"@type\":\"Person\",\"@id\":\"https:\/\/dicodusport.fr\/blog\/#\/schema\/person\/cb02af4c173ce4a653b55e9baf388d4a\",\"name\":\"Flo Ostermann\",\"image\":{\"@type\":\"ImageObject\",\"inLanguage\":\"fr-FR\",\"@id\":\"https:\/\/dicodusport.fr\/blog\/#\/schema\/person\/image\/\",\"url\":\"https:\/\/dicodusport.fr\/blog\/wp-content\/uploads\/2021\/05\/Flo-Ostermann-150x150.jpg\",\"contentUrl\":\"https:\/\/dicodusport.fr\/blog\/wp-content\/uploads\/2021\/05\/Flo-Ostermann-150x150.jpg\",\"caption\":\"Flo Ostermann\"},\"description\":\"Journaliste\/R\u00e9dacteur depuis septembre 2015 - Mes premiers souvenirs dans le sport ? Les envol\u00e9es du Stade Toulousain et les duels Villeneuve-Schumacher et H\u00e4kkinen-Schumacher \u00e0 la fin des ann\u00e9es 90, la Coupe du monde de football en 1998, l\u2019exploit du XV de France face aux All Blacks en 1999, mais aussi Richard C\u0153ur de Lion qui vole sur les montagnes du Tour de France. Bien parti pour devenir professeur d\u2019EPS, les \u00e9v\u00e9nements de la vie (et la flemme d\u2019animer des s\u00e9ances de 3x500 m\u00e8tres toute ma vie) m\u2019ont conduit \u00e0 revoir mes plans. Me voil\u00e0 depuis fin 2017 sur Dicodusport, m\u00e9dia gr\u00e2ce (et pour) lequel je partage ma passion : le sport dans tous ses \u00e9tats. Le tout accompagn\u00e9 par les fous furieux et folles furieuses cit\u00e9s sur cette page !\",\"sameAs\":[\"https:\/\/www.facebook.com\/florent.ostermann\",\"https:\/\/x.com\/https:\/\/twitter.com\/FlOstermann\",\"admin\"],\"url\":\"https:\/\/dicodusport.fr\/blog\/author\/flo\/\"}]}<\/script>\n<!-- \/ Yoast SEO Premium plugin. -->","yoast_head_json":{"title":"Moto GP 2020 : Johann Zarco devrait piloter une Ducati chez Avintia","description":"Selon GP Inside, le pilote fran\u00e7ais Johann Zarco devrait trouver un guidon en Moto GP en 2020, en pilotant une Ducati pour l'\u00e9curie Avintia.","robots":{"index":"index","follow":"follow","max-snippet":"max-snippet:-1","max-image-preview":"max-image-preview:large","max-video-preview":"max-video-preview:-1"},"canonical":"https:\/\/dicodusport.fr\/blog\/moto-gp-2020-johann-zarco-pilote-ducati-avintia\/","og_locale":"fr_FR","og_type":"article","og_title":"Moto GP 2020 : Johann Zarco devrait piloter une Ducati chez Avintia","og_description":"Selon GP Inside, le pilote fran\u00e7ais Johann Zarco devrait trouver un guidon en Moto GP en 2020, en pilotant une Ducati pour l'\u00e9curie Avintia.","og_url":"https:\/\/dicodusport.fr\/blog\/moto-gp-2020-johann-zarco-pilote-ducati-avintia\/","og_site_name":"Dicodusport","article_publisher":"https:\/\/www.facebook.com\/dicodusport","article_author":"https:\/\/www.facebook.com\/florent.ostermann","article_published_time":"2019-11-20T18:37:51+00:00","og_image":[{"width":800,"height":445,"url":"https:\/\/dicodusport.fr\/blog\/wp-content\/uploads\/2019\/11\/Moto-GP-2020-Johann-Zarco-devrait-piloter-une-Ducati-chez-Avintia.png","type":"image\/png"}],"author":"Flo Ostermann","twitter_card":"summary_large_image","twitter_title":"Moto GP 2020 : Johann Zarco devrait piloter une Ducati chez Avintia","twitter_creator":"@https:\/\/twitter.com\/FlOstermann","twitter_site":"@dicodusport","schema":{"@context":"https:\/\/schema.org","@graph":[{"@type":"NewsArticle","@id":"https:\/\/dicodusport.fr\/blog\/moto-gp-2020-johann-zarco-pilote-ducati-avintia\/#article","isPartOf":{"@id":"https:\/\/dicodusport.fr\/blog\/moto-gp-2020-johann-zarco-pilote-ducati-avintia\/"},"author":{"name":"Flo Ostermann","@id":"https:\/\/dicodusport.fr\/blog\/#\/schema\/person\/cb02af4c173ce4a653b55e9baf388d4a"},"headline":"Moto GP 2020 : Johann Zarco devrait piloter une Ducati chez Avintia","datePublished":"2019-11-20T18:37:51+00:00","mainEntityOfPage":{"@id":"https:\/\/dicodusport.fr\/blog\/moto-gp-2020-johann-zarco-pilote-ducati-avintia\/"},"wordCount":153,"commentCount":1,"publisher":{"@id":"https:\/\/dicodusport.fr\/blog\/#organization"},"image":{"@id":"https:\/\/dicodusport.fr\/blog\/moto-gp-2020-johann-zarco-pilote-ducati-avintia\/#primaryimage"},"thumbnailUrl":"https:\/\/dicodusport.fr\/blog\/wp-content\/uploads\/2019\/11\/Moto-GP-2020-Johann-Zarco-devrait-piloter-une-Ducati-chez-Avintia.png","keywords":["Johann Zarco","Moto GP"],"articleSection":["Moto"],"inLanguage":"fr-FR","potentialAction":[{"@type":"CommentAction","name":"Comment","target":["https:\/\/dicodusport.fr\/blog\/moto-gp-2020-johann-zarco-pilote-ducati-avintia\/#respond"]}],"copyrightYear":"2019","copyrightHolder":{"@id":"https:\/\/dicodusport.fr\/blog\/#organization"}},{"@type":"WebPage","@id":"https:\/\/dicodusport.fr\/blog\/moto-gp-2020-johann-zarco-pilote-ducati-avintia\/","url":"https:\/\/dicodusport.fr\/blog\/moto-gp-2020-johann-zarco-pilote-ducati-avintia\/","name":"Moto GP 2020 : Johann Zarco devrait piloter une Ducati chez Avintia","isPartOf":{"@id":"https:\/\/dicodusport.fr\/blog\/#website"},"primaryImageOfPage":{"@id":"https:\/\/dicodusport.fr\/blog\/moto-gp-2020-johann-zarco-pilote-ducati-avintia\/#primaryimage"},"image":{"@id":"https:\/\/dicodusport.fr\/blog\/moto-gp-2020-johann-zarco-pilote-ducati-avintia\/#primaryimage"},"thumbnailUrl":"https:\/\/dicodusport.fr\/blog\/wp-content\/uploads\/2019\/11\/Moto-GP-2020-Johann-Zarco-devrait-piloter-une-Ducati-chez-Avintia.png","datePublished":"2019-11-20T18:37:51+00:00","description":"Selon GP Inside, le pilote fran\u00e7ais Johann Zarco devrait trouver un guidon en Moto GP en 2020, en pilotant une Ducati pour l'\u00e9curie Avintia.","breadcrumb":{"@id":"https:\/\/dicodusport.fr\/blog\/moto-gp-2020-johann-zarco-pilote-ducati-avintia\/#breadcrumb"},"inLanguage":"fr-FR","potentialAction":[{"@type":"ReadAction","target":["https:\/\/dicodusport.fr\/blog\/moto-gp-2020-johann-zarco-pilote-ducati-avintia\/"]}]},{"@type":"ImageObject","inLanguage":"fr-FR","@id":"https:\/\/dicodusport.fr\/blog\/moto-gp-2020-johann-zarco-pilote-ducati-avintia\/#primaryimage","url":"https:\/\/dicodusport.fr\/blog\/wp-content\/uploads\/2019\/11\/Moto-GP-2020-Johann-Zarco-devrait-piloter-une-Ducati-chez-Avintia.png","contentUrl":"https:\/\/dicodusport.fr\/blog\/wp-content\/uploads\/2019\/11\/Moto-GP-2020-Johann-Zarco-devrait-piloter-une-Ducati-chez-Avintia.png","width":800,"height":445,"caption":"Moto GP 2020 - Johann Zarco devrait piloter une Ducati chez Avintia"},{"@type":"BreadcrumbList","@id":"https:\/\/dicodusport.fr\/blog\/moto-gp-2020-johann-zarco-pilote-ducati-avintia\/#breadcrumb","itemListElement":[{"@type":"ListItem","position":1,"name":"Accueil","item":"https:\/\/dicodusport.fr\/blog\/"},{"@type":"ListItem","position":2,"name":"Moto GP 2020 : Johann Zarco devrait piloter une Ducati chez Avintia"}]},{"@type":"WebSite","@id":"https:\/\/dicodusport.fr\/blog\/#website","url":"https:\/\/dicodusport.fr\/blog\/","name":"Dicodusport","description":"L&#039;encyclop\u00e9die de l&#039;actualit\u00e9 sportive","publisher":{"@id":"https:\/\/dicodusport.fr\/blog\/#organization"},"potentialAction":[{"@type":"SearchAction","target":{"@type":"EntryPoint","urlTemplate":"https:\/\/dicodusport.fr\/blog\/?s={search_term_string}"},"query-input":{"@type":"PropertyValueSpecification","valueRequired":true,"valueName":"search_term_string"}}],"inLanguage":"fr-FR"},{"@type":"NewsMediaOrganization","@id":"https:\/\/dicodusport.fr\/blog\/#organization","name":"Dicodusport","url":"https:\/\/dicodusport.fr\/blog\/","logo":{"@type":"ImageObject","inLanguage":"fr-FR","@id":"https:\/\/dicodusport.fr\/blog\/#\/schema\/logo\/image\/","url":"https:\/\/dicodusport.fr\/blog\/wp-content\/uploads\/2020\/06\/cropped-LOGO-DICODUSPORT-2020-SANS-FOND-SANS-TEXTE.png","contentUrl":"https:\/\/dicodusport.fr\/blog\/wp-content\/uploads\/2020\/06\/cropped-LOGO-DICODUSPORT-2020-SANS-FOND-SANS-TEXTE.png","width":512,"height":512,"caption":"Dicodusport"},"image":{"@id":"https:\/\/dicodusport.fr\/blog\/#\/schema\/logo\/image\/"},"sameAs":["https:\/\/www.facebook.com\/dicodusport","https:\/\/x.com\/dicodusport","https:\/\/www.instagram.com\/dicodusport\/","https:\/\/www.youtube.com\/channel\/UC7V2KZ5sd3htJivAbA4ZG3w"],"description":"Dicodusport est l'encyclop\u00e9die de l'actualit\u00e9 sportive.","email":"bonjour@dicodusport.fr","legalName":"DICODUSPORT","foundingDate":"2018-01-14","vatID":"FR71834470973","taxID":"83447097300043","numberOfEmployees":{"@type":"QuantitativeValue","minValue":"1","maxValue":"10"}},{"@type":"Person","@id":"https:\/\/dicodusport.fr\/blog\/#\/schema\/person\/cb02af4c173ce4a653b55e9baf388d4a","name":"Flo Ostermann","image":{"@type":"ImageObject","inLanguage":"fr-FR","@id":"https:\/\/dicodusport.fr\/blog\/#\/schema\/person\/image\/","url":"https:\/\/dicodusport.fr\/blog\/wp-content\/uploads\/2021\/05\/Flo-Ostermann-150x150.jpg","contentUrl":"https:\/\/dicodusport.fr\/blog\/wp-content\/uploads\/2021\/05\/Flo-Ostermann-150x150.jpg","caption":"Flo Ostermann"},"description":"Journaliste\/R\u00e9dacteur depuis septembre 2015 - Mes premiers souvenirs dans le sport ? Les envol\u00e9es du Stade Toulousain et les duels Villeneuve-Schumacher et H\u00e4kkinen-Schumacher \u00e0 la fin des ann\u00e9es 90, la Coupe du monde de football en 1998, l\u2019exploit du XV de France face aux All Blacks en 1999, mais aussi Richard C\u0153ur de Lion qui vole sur les montagnes du Tour de France. Bien parti pour devenir professeur d\u2019EPS, les \u00e9v\u00e9nements de la vie (et la flemme d\u2019animer des s\u00e9ances de 3x500 m\u00e8tres toute ma vie) m\u2019ont conduit \u00e0 revoir mes plans. Me voil\u00e0 depuis fin 2017 sur Dicodusport, m\u00e9dia gr\u00e2ce (et pour) lequel je partage ma passion : le sport dans tous ses \u00e9tats. Le tout accompagn\u00e9 par les fous furieux et folles furieuses cit\u00e9s sur cette page !","sameAs":["https:\/\/www.facebook.com\/florent.ostermann","https:\/\/x.com\/https:\/\/twitter.com\/FlOstermann","admin"],"url":"https:\/\/dicodusport.fr\/blog\/author\/flo\/"}]}},"_links":{"self":[{"href":"https:\/\/dicodusport.fr\/blog\/wp-json\/wp\/v2\/posts\/53654","targetHints":{"allow":["GET"]}}],"collection":[{"href":"https:\/\/dicodusport.fr\/blog\/wp-json\/wp\/v2\/posts"}],"about":[{"href":"https:\/\/dicodusport.fr\/blog\/wp-json\/wp\/v2\/types\/post"}],"author":[{"embeddable":true,"href":"https:\/\/dicodusport.fr\/blog\/wp-json\/wp\/v2\/users\/4"}],"replies":[{"embeddable":true,"href":"https:\/\/dicodusport.fr\/blog\/wp-json\/wp\/v2\/comments?post=53654"}],"version-history":[{"count":0,"href":"https:\/\/dicodusport.fr\/blog\/wp-json\/wp\/v2\/posts\/53654\/revisions"}],"wp:featuredmedia":[{"embeddable":true,"href":"https:\/\/dicodusport.fr\/blog\/wp-json\/wp\/v2\/media\/53655"}],"wp:attachment":[{"href":"https:\/\/dicodusport.fr\/blog\/wp-json\/wp\/v2\/media?parent=53654"}],"wp:term":[{"taxonomy":"category","embeddable":true,"href":"https:\/\/dicodusport.fr\/blog\/wp-json\/wp\/v2\/categories?post=53654"},{"taxonomy":"post_tag","embeddable":true,"href":"https:\/\/dicodusport.fr\/blog\/wp-json\/wp\/v2\/tags?post=53654"}],"curies":[{"name":"wp","href":"https:\/\/api.w.org\/{rel}","templated":true}]}}