{"id":53699,"date":"2019-11-22T10:40:59","date_gmt":"2019-11-22T09:40:59","guid":{"rendered":"http:\/\/dicodusport.fr\/blog\/?p=53699"},"modified":"2019-11-22T12:34:36","modified_gmt":"2019-11-22T11:34:36","slug":"mais-ou-en-est-laurent-blanc","status":"publish","type":"post","link":"https:\/\/dicodusport.fr\/blog\/mais-ou-en-est-laurent-blanc\/","title":{"rendered":"Mais o\u00f9 en est Laurent Blanc\u00a0?"},"content":{"rendered":"<p style=\"text-align: justify;\"><em><strong>Apr\u00e8s une fin difficile en 2016 au Paris Saint-Germain, l\u2019ancien entra\u00eeneur de Bordeaux et s\u00e9lectionneur des Bleus n\u2019a toujours pas retrouv\u00e9 de poste. Quatre saisons apr\u00e8s, \u00ab\u00a0Lolo\u00a0\u00bb Blanc voit les offres passer sans succ\u00e8s.<\/strong><\/em><\/p>\n<h2 style=\"text-align: justify;\">Impossible sans Gasset ?<\/h2>\n<p style=\"text-align: justify;\">Tout le monde se pose la question depuis plusieurs saisons maintenant. D\u00e8s qu\u2019un poste d\u2019entra\u00eeneur, dans un club important se lib\u00e8re en Europe (voire une s\u00e9lection, comme il y a peu avec le Maroc, qu\u2019il aurait refus\u00e9), le nom de <strong>Laurent Blanc<\/strong> vient dans les t\u00eates de chaque amateur de ballon rond. Logique, tant son passage au <strong>PSG<\/strong> durant 3 saisons a marqu\u00e9 les esprits\u00a0: troph\u00e9es, jeu de possession, management, duo avec Gasset\u2026 Pas mal de points positifs qui aujourd\u2019hui provoquent l\u2019\u00e9tonnement de ne pas voir le C\u00e9venol exercer son m\u00e9tier.<\/p>\n<p style=\"text-align: justify;\">Il y a peu, <strong>Laurent Blanc<\/strong> aurait d\u00fb devenir le nouveau coach de l\u2019<strong>Olympique Lyonnais<\/strong>, pour remplacer <strong>Sylvinho<\/strong>, paroles de <strong>Jean-Michel Aulas<\/strong>\u00a0:\u00a0<em>\u00ab<\/em> <em>Pour moi, c&rsquo;\u00e9tait Laurent Blanc quand je l&rsquo;ai appel\u00e9. J&rsquo;avais pass\u00e9 une partie de la Coupe du monde en Russie pas tr\u00e8s loin de lui. Il me fait toujours bonne impression. On a pris la d\u00e9cision en notre \u00e2me et conscience, qui nous paraissait la plus adapt\u00e9e. Cela ne veut pas dire que Laurent n&rsquo;aurait pas r\u00e9ussi ou fait beaucoup mieux.\u00a0\u00bb <\/em><\/p>\n<p style=\"text-align: justify;\"><strong>Rudi Garcia<\/strong> a finalement convaincu davantage que <strong>Laurent Blanc<\/strong>. Alors que manque-t-il \u00e0 l\u2019ancien d\u00e9fenseur central de l\u2019<strong>\u00c9quipe de France<\/strong> pour retrouver un banc\u00a0? Les rumeurs parlent d\u2019exigences salariales \u00e9lev\u00e9es, d\u2019obligation de travailler avec <strong>Jean-Louis Gasset<\/strong>, son fid\u00e8le adjoint. L\u2019int\u00e9ress\u00e9 d\u00e9ment.<\/p>\n<p style=\"text-align: justify;\">Pourtant, les r\u00e9cits de ses anciens joueurs, des agents qui ont c\u00f4toy\u00e9 de pr\u00e8s ou de loin<strong> Laurent Blanc<\/strong> sont sans appel\u00a0: <strong>Jean-Louis Gasset<\/strong> apportait \u00e9norm\u00e9ment au \u00ab\u00a0manager\u00a0\u00bb Laurent Blanc. S\u00e9ances, prises de paroles, proximit\u00e9 avec les joueurs, pr\u00e9paration tactique\u2026 Malheureusement, apr\u00e8s son passage \u00e0 <strong>Saint-Etienne<\/strong> r\u00e9cemment en tant que num\u00e9ro 1, Gasset ne se voyait certainement pas redevenir num\u00e9ro 2, para\u00eet-il.<\/p>\n<p><span class=\"Lj1J\"><\/p>\n<blockquote class=\"twitter-tweet\" data-width=\"550\" data-dnt=\"true\">\n<p lang=\"fr\" dir=\"ltr\">Cette image d\u2019entra\u00eeneur fain\u00e9ant n\u2019est-elle pas un peu trop grossi\u00e8re et syst\u00e9matique lorsqu\u2019on \u00e9voque Laurent <a href=\"https:\/\/twitter.com\/hashtag\/Blanc?src=hash&amp;ref_src=twsrc%5Etfw\">#Blanc<\/a> ? Il a eu des r\u00e9sultats et m\u00e9rite selon moi de retrouver un banc. <a href=\"https:\/\/twitter.com\/hashtag\/Lyon?src=hash&amp;ref_src=twsrc%5Etfw\">#Lyon<\/a> <a href=\"https:\/\/twitter.com\/hashtag\/Garcia?src=hash&amp;ref_src=twsrc%5Etfw\">#Garcia<\/a><\/p>\n<p>&mdash; Lo\u00efc Briley (@loicbriley) <a href=\"https:\/\/twitter.com\/loicbriley\/status\/1183791840409083907?ref_src=twsrc%5Etfw\">October 14, 2019<\/a><\/p><\/blockquote>\n<p><script async src=\"https:\/\/platform.twitter.com\/widgets.js\" charset=\"utf-8\"><\/script><\/span><\/p>\n<p style=\"text-align: justify;\">La saison derni\u00e8re, <strong>Laurent Blanc<\/strong> avouait \u00e0 France Football son mauvais choix de vouloir couper avec le m\u00e9tier d\u2019entra\u00eeneur apr\u00e8s son d\u00e9part du <strong>PSG<\/strong>\u00a0:\u201c\u00a0<em>Je me dis que j\u2019aurais d\u00fb replonger tout de suite. J\u2019avais des offres de beaux clubs \u201c. <\/em>Dans le monde du football, les cotes \u00e9voluent tr\u00e8s rapidement visiblement. Depuis quelques ann\u00e9es, beaucoup de contacts, mais rien n&rsquo;aboutit pour <strong>Laurent Blanc<\/strong>.<\/p>\n<p style=\"text-align: justify;\">Quel avenir pour le natif d\u2019Al\u00e8s\u00a0? Forc\u00e9ment, son nom sera toujours li\u00e9 aux clubs europ\u00e9ens de standing qui cherchent un entraineur, jeu de m\u00e9dias et d\u2019agents. L\u2019apr\u00e8s <strong>Solskjaer<\/strong>, avec le lien que Blanc a tiss\u00e9 \u00e0 <strong>Manchester United<\/strong> pendant sa carri\u00e8re, semble \u00eatre une id\u00e9e \u00e0 approfondir. Mais sa p\u00e9riode d\u2019inactivit\u00e9, voulue ou non, ne joue pas en sa faveur.<\/p>\n<p><em><strong>Romain Delanis<br \/>\n<\/strong><\/em><em><strong><a href=\"https:\/\/twitter.com\/RDelanis\" target=\"_blank\" rel=\"noopener noreferrer\"><img loading=\"lazy\" decoding=\"async\" class=\"alignnone wp-image-2908\" src=\"http:\/\/dicodusport.fr\/blog\/wp-content\/uploads\/2017\/07\/logo-twitter-150x150.png\" alt=\"\" width=\"39\" height=\"39\" \/><\/a><\/strong><\/em><\/p>\n","protected":false},"excerpt":{"rendered":"<p>Apr\u00e8s une fin difficile en 2016 au Paris Saint-Germain, Laurent Blanc n\u2019a toujours pas retrouv\u00e9 de poste d&rsquo;entra\u00eeneur en Europe.<\/p>\n","protected":false},"author":14,"featured_media":53705,"comment_status":"open","ping_status":"closed","sticky":false,"template":"","format":"standard","meta":{"_acf_changed":false,"_daextam_enable_autolinks":"","footnotes":""},"categories":[2301],"tags":[75,6707,4155,910],"class_list":["post-53699","post","type-post","status-publish","format-standard","has-post-thumbnail","hentry","category-football","tag-football","tag-laurent-blanc","tag-manchester-united","tag-psg"],"acf":[],"yoast_head":"<!-- This site is optimized with the Yoast SEO Premium plugin v26.7 (Yoast SEO v26.7) - https:\/\/yoast.com\/wordpress\/plugins\/seo\/ -->\n<title>Mais o\u00f9 en est Laurent Blanc\u00a0?<\/title>\n<meta name=\"description\" content=\"Apr\u00e8s une fin difficile en 2016 au Paris Saint-Germain, Laurent Blanc n\u2019a toujours pas retrouv\u00e9 de poste d&#039;entra\u00eeneur en Europe.\" \/>\n<meta name=\"robots\" content=\"index, follow, max-snippet:-1, max-image-preview:large, max-video-preview:-1\" \/>\n<link rel=\"canonical\" href=\"https:\/\/dicodusport.fr\/blog\/mais-ou-en-est-laurent-blanc\/\" \/>\n<meta property=\"og:locale\" content=\"fr_FR\" \/>\n<meta property=\"og:type\" content=\"article\" \/>\n<meta property=\"og:title\" content=\"Mais o\u00f9 en est Laurent Blanc ?\" \/>\n<meta property=\"og:description\" content=\"Apr\u00e8s une fin difficile en 2016 au Paris Saint-Germain, Laurent Blanc n\u2019a toujours pas retrouv\u00e9 de poste d&#039;entra\u00eeneur en Europe.\" \/>\n<meta property=\"og:url\" content=\"https:\/\/dicodusport.fr\/blog\/mais-ou-en-est-laurent-blanc\/\" \/>\n<meta property=\"og:site_name\" content=\"Dicodusport\" \/>\n<meta property=\"article:publisher\" content=\"https:\/\/www.facebook.com\/dicodusport\" \/>\n<meta property=\"article:published_time\" content=\"2019-11-22T09:40:59+00:00\" \/>\n<meta property=\"article:modified_time\" content=\"2019-11-22T11:34:36+00:00\" \/>\n<meta property=\"og:image\" content=\"https:\/\/dicodusport.fr\/blog\/wp-content\/uploads\/2019\/11\/Mais-o\u00f9-en-est-Laurent-Blanc.png\" \/>\n\t<meta property=\"og:image:width\" content=\"800\" \/>\n\t<meta property=\"og:image:height\" content=\"445\" \/>\n\t<meta property=\"og:image:type\" content=\"image\/png\" \/>\n<meta name=\"author\" content=\"Romain Delanis\" \/>\n<meta name=\"twitter:card\" content=\"summary_large_image\" \/>\n<meta name=\"twitter:title\" content=\"Mais o\u00f9 en est Laurent Blanc ?\" \/>\n<meta name=\"twitter:creator\" content=\"@https:\/\/twitter.com\/RDelanis\" \/>\n<meta name=\"twitter:site\" content=\"@dicodusport\" \/>\n<script type=\"application\/ld+json\" class=\"yoast-schema-graph\">{\"@context\":\"https:\/\/schema.org\",\"@graph\":[{\"@type\":\"NewsArticle\",\"@id\":\"https:\/\/dicodusport.fr\/blog\/mais-ou-en-est-laurent-blanc\/#article\",\"isPartOf\":{\"@id\":\"https:\/\/dicodusport.fr\/blog\/mais-ou-en-est-laurent-blanc\/\"},\"author\":{\"name\":\"Romain Delanis\",\"@id\":\"https:\/\/dicodusport.fr\/blog\/#\/schema\/person\/8c78730a59f8a1e617f7a19026ebc14a\"},\"headline\":\"Mais o\u00f9 en est Laurent Blanc\u00a0?\",\"datePublished\":\"2019-11-22T09:40:59+00:00\",\"dateModified\":\"2019-11-22T11:34:36+00:00\",\"mainEntityOfPage\":{\"@id\":\"https:\/\/dicodusport.fr\/blog\/mais-ou-en-est-laurent-blanc\/\"},\"wordCount\":538,\"commentCount\":0,\"publisher\":{\"@id\":\"https:\/\/dicodusport.fr\/blog\/#organization\"},\"image\":{\"@id\":\"https:\/\/dicodusport.fr\/blog\/mais-ou-en-est-laurent-blanc\/#primaryimage\"},\"thumbnailUrl\":\"https:\/\/dicodusport.fr\/blog\/wp-content\/uploads\/2019\/11\/Mais-o\u00f9-en-est-Laurent-Blanc.png\",\"keywords\":[\"Football\",\"Laurent Blanc\",\"Manchester United\",\"PSG\"],\"articleSection\":[\"Football\"],\"inLanguage\":\"fr-FR\",\"potentialAction\":[{\"@type\":\"CommentAction\",\"name\":\"Comment\",\"target\":[\"https:\/\/dicodusport.fr\/blog\/mais-ou-en-est-laurent-blanc\/#respond\"]}],\"copyrightYear\":\"2019\",\"copyrightHolder\":{\"@id\":\"https:\/\/dicodusport.fr\/blog\/#organization\"}},{\"@type\":\"WebPage\",\"@id\":\"https:\/\/dicodusport.fr\/blog\/mais-ou-en-est-laurent-blanc\/\",\"url\":\"https:\/\/dicodusport.fr\/blog\/mais-ou-en-est-laurent-blanc\/\",\"name\":\"Mais o\u00f9 en est Laurent Blanc\u00a0?\",\"isPartOf\":{\"@id\":\"https:\/\/dicodusport.fr\/blog\/#website\"},\"primaryImageOfPage\":{\"@id\":\"https:\/\/dicodusport.fr\/blog\/mais-ou-en-est-laurent-blanc\/#primaryimage\"},\"image\":{\"@id\":\"https:\/\/dicodusport.fr\/blog\/mais-ou-en-est-laurent-blanc\/#primaryimage\"},\"thumbnailUrl\":\"https:\/\/dicodusport.fr\/blog\/wp-content\/uploads\/2019\/11\/Mais-o\u00f9-en-est-Laurent-Blanc.png\",\"datePublished\":\"2019-11-22T09:40:59+00:00\",\"dateModified\":\"2019-11-22T11:34:36+00:00\",\"description\":\"Apr\u00e8s une fin difficile en 2016 au Paris Saint-Germain, Laurent Blanc n\u2019a toujours pas retrouv\u00e9 de poste d'entra\u00eeneur en Europe.\",\"breadcrumb\":{\"@id\":\"https:\/\/dicodusport.fr\/blog\/mais-ou-en-est-laurent-blanc\/#breadcrumb\"},\"inLanguage\":\"fr-FR\",\"potentialAction\":[{\"@type\":\"ReadAction\",\"target\":[\"https:\/\/dicodusport.fr\/blog\/mais-ou-en-est-laurent-blanc\/\"]}]},{\"@type\":\"ImageObject\",\"inLanguage\":\"fr-FR\",\"@id\":\"https:\/\/dicodusport.fr\/blog\/mais-ou-en-est-laurent-blanc\/#primaryimage\",\"url\":\"https:\/\/dicodusport.fr\/blog\/wp-content\/uploads\/2019\/11\/Mais-o\u00f9-en-est-Laurent-Blanc.png\",\"contentUrl\":\"https:\/\/dicodusport.fr\/blog\/wp-content\/uploads\/2019\/11\/Mais-o\u00f9-en-est-Laurent-Blanc.png\",\"width\":800,\"height\":445,\"caption\":\"Mais o\u00f9 en est Laurent Blanc ?\"},{\"@type\":\"BreadcrumbList\",\"@id\":\"https:\/\/dicodusport.fr\/blog\/mais-ou-en-est-laurent-blanc\/#breadcrumb\",\"itemListElement\":[{\"@type\":\"ListItem\",\"position\":1,\"name\":\"Accueil\",\"item\":\"https:\/\/dicodusport.fr\/blog\/\"},{\"@type\":\"ListItem\",\"position\":2,\"name\":\"Mais o\u00f9 en est Laurent Blanc\u00a0?\"}]},{\"@type\":\"WebSite\",\"@id\":\"https:\/\/dicodusport.fr\/blog\/#website\",\"url\":\"https:\/\/dicodusport.fr\/blog\/\",\"name\":\"Dicodusport\",\"description\":\"L&#039;encyclop\u00e9die de l&#039;actualit\u00e9 sportive\",\"publisher\":{\"@id\":\"https:\/\/dicodusport.fr\/blog\/#organization\"},\"potentialAction\":[{\"@type\":\"SearchAction\",\"target\":{\"@type\":\"EntryPoint\",\"urlTemplate\":\"https:\/\/dicodusport.fr\/blog\/?s={search_term_string}\"},\"query-input\":{\"@type\":\"PropertyValueSpecification\",\"valueRequired\":true,\"valueName\":\"search_term_string\"}}],\"inLanguage\":\"fr-FR\"},{\"@type\":\"NewsMediaOrganization\",\"@id\":\"https:\/\/dicodusport.fr\/blog\/#organization\",\"name\":\"Dicodusport\",\"url\":\"https:\/\/dicodusport.fr\/blog\/\",\"logo\":{\"@type\":\"ImageObject\",\"inLanguage\":\"fr-FR\",\"@id\":\"https:\/\/dicodusport.fr\/blog\/#\/schema\/logo\/image\/\",\"url\":\"https:\/\/dicodusport.fr\/blog\/wp-content\/uploads\/2020\/06\/cropped-LOGO-DICODUSPORT-2020-SANS-FOND-SANS-TEXTE.png\",\"contentUrl\":\"https:\/\/dicodusport.fr\/blog\/wp-content\/uploads\/2020\/06\/cropped-LOGO-DICODUSPORT-2020-SANS-FOND-SANS-TEXTE.png\",\"width\":512,\"height\":512,\"caption\":\"Dicodusport\"},\"image\":{\"@id\":\"https:\/\/dicodusport.fr\/blog\/#\/schema\/logo\/image\/\"},\"sameAs\":[\"https:\/\/www.facebook.com\/dicodusport\",\"https:\/\/x.com\/dicodusport\",\"https:\/\/www.instagram.com\/dicodusport\/\",\"https:\/\/www.youtube.com\/channel\/UC7V2KZ5sd3htJivAbA4ZG3w\"],\"description\":\"Dicodusport est l'encyclop\u00e9die de l'actualit\u00e9 sportive.\",\"email\":\"bonjour@dicodusport.fr\",\"legalName\":\"DICODUSPORT\",\"foundingDate\":\"2018-01-14\",\"vatID\":\"FR71834470973\",\"taxID\":\"83447097300043\",\"numberOfEmployees\":{\"@type\":\"QuantitativeValue\",\"minValue\":\"1\",\"maxValue\":\"10\"}},{\"@type\":\"Person\",\"@id\":\"https:\/\/dicodusport.fr\/blog\/#\/schema\/person\/8c78730a59f8a1e617f7a19026ebc14a\",\"name\":\"Romain Delanis\",\"image\":{\"@type\":\"ImageObject\",\"inLanguage\":\"fr-FR\",\"@id\":\"https:\/\/dicodusport.fr\/blog\/#\/schema\/person\/image\/\",\"url\":\"https:\/\/dicodusport.fr\/blog\/wp-content\/uploads\/2021\/05\/Romain-Delanis-150x150.jpg\",\"contentUrl\":\"https:\/\/dicodusport.fr\/blog\/wp-content\/uploads\/2021\/05\/Romain-Delanis-150x150.jpg\",\"caption\":\"Romain Delanis\"},\"description\":\"Journaliste\/R\u00e9dacteur depuis novembre 2015 - Capable de passer un samedi apr\u00e8s-midi devant la Ligue 2 puis le biathlon sans oublier la finale de l\u2019ATP Rotterdam, j\u2019aime aussi mettre mon r\u00e9veil pour me faire un Pistons\/Bulls qui rappelle de bons souvenirs. Tout cela, j\u2019ai choisi il y a maintenant quelques temps de vous le raconter avec Dicodusport, pour vous faire vivre ma passion parfois inconsid\u00e9r\u00e9e pour le sport en g\u00e9n\u00e9ral (mais surtout le foot faut se l\u2019avouer).\",\"sameAs\":[\"https:\/\/x.com\/https:\/\/twitter.com\/RDelanis\"],\"url\":\"https:\/\/dicodusport.fr\/blog\/author\/romain\/\"}]}<\/script>\n<!-- \/ Yoast SEO Premium plugin. -->","yoast_head_json":{"title":"Mais o\u00f9 en est Laurent Blanc\u00a0?","description":"Apr\u00e8s une fin difficile en 2016 au Paris Saint-Germain, Laurent Blanc n\u2019a toujours pas retrouv\u00e9 de poste d'entra\u00eeneur en Europe.","robots":{"index":"index","follow":"follow","max-snippet":"max-snippet:-1","max-image-preview":"max-image-preview:large","max-video-preview":"max-video-preview:-1"},"canonical":"https:\/\/dicodusport.fr\/blog\/mais-ou-en-est-laurent-blanc\/","og_locale":"fr_FR","og_type":"article","og_title":"Mais o\u00f9 en est Laurent Blanc ?","og_description":"Apr\u00e8s une fin difficile en 2016 au Paris Saint-Germain, Laurent Blanc n\u2019a toujours pas retrouv\u00e9 de poste d'entra\u00eeneur en Europe.","og_url":"https:\/\/dicodusport.fr\/blog\/mais-ou-en-est-laurent-blanc\/","og_site_name":"Dicodusport","article_publisher":"https:\/\/www.facebook.com\/dicodusport","article_published_time":"2019-11-22T09:40:59+00:00","article_modified_time":"2019-11-22T11:34:36+00:00","og_image":[{"width":800,"height":445,"url":"https:\/\/dicodusport.fr\/blog\/wp-content\/uploads\/2019\/11\/Mais-o\u00f9-en-est-Laurent-Blanc.png","type":"image\/png"}],"author":"Romain Delanis","twitter_card":"summary_large_image","twitter_title":"Mais o\u00f9 en est Laurent Blanc ?","twitter_creator":"@https:\/\/twitter.com\/RDelanis","twitter_site":"@dicodusport","schema":{"@context":"https:\/\/schema.org","@graph":[{"@type":"NewsArticle","@id":"https:\/\/dicodusport.fr\/blog\/mais-ou-en-est-laurent-blanc\/#article","isPartOf":{"@id":"https:\/\/dicodusport.fr\/blog\/mais-ou-en-est-laurent-blanc\/"},"author":{"name":"Romain Delanis","@id":"https:\/\/dicodusport.fr\/blog\/#\/schema\/person\/8c78730a59f8a1e617f7a19026ebc14a"},"headline":"Mais o\u00f9 en est Laurent Blanc\u00a0?","datePublished":"2019-11-22T09:40:59+00:00","dateModified":"2019-11-22T11:34:36+00:00","mainEntityOfPage":{"@id":"https:\/\/dicodusport.fr\/blog\/mais-ou-en-est-laurent-blanc\/"},"wordCount":538,"commentCount":0,"publisher":{"@id":"https:\/\/dicodusport.fr\/blog\/#organization"},"image":{"@id":"https:\/\/dicodusport.fr\/blog\/mais-ou-en-est-laurent-blanc\/#primaryimage"},"thumbnailUrl":"https:\/\/dicodusport.fr\/blog\/wp-content\/uploads\/2019\/11\/Mais-o\u00f9-en-est-Laurent-Blanc.png","keywords":["Football","Laurent Blanc","Manchester United","PSG"],"articleSection":["Football"],"inLanguage":"fr-FR","potentialAction":[{"@type":"CommentAction","name":"Comment","target":["https:\/\/dicodusport.fr\/blog\/mais-ou-en-est-laurent-blanc\/#respond"]}],"copyrightYear":"2019","copyrightHolder":{"@id":"https:\/\/dicodusport.fr\/blog\/#organization"}},{"@type":"WebPage","@id":"https:\/\/dicodusport.fr\/blog\/mais-ou-en-est-laurent-blanc\/","url":"https:\/\/dicodusport.fr\/blog\/mais-ou-en-est-laurent-blanc\/","name":"Mais o\u00f9 en est Laurent Blanc\u00a0?","isPartOf":{"@id":"https:\/\/dicodusport.fr\/blog\/#website"},"primaryImageOfPage":{"@id":"https:\/\/dicodusport.fr\/blog\/mais-ou-en-est-laurent-blanc\/#primaryimage"},"image":{"@id":"https:\/\/dicodusport.fr\/blog\/mais-ou-en-est-laurent-blanc\/#primaryimage"},"thumbnailUrl":"https:\/\/dicodusport.fr\/blog\/wp-content\/uploads\/2019\/11\/Mais-o\u00f9-en-est-Laurent-Blanc.png","datePublished":"2019-11-22T09:40:59+00:00","dateModified":"2019-11-22T11:34:36+00:00","description":"Apr\u00e8s une fin difficile en 2016 au Paris Saint-Germain, Laurent Blanc n\u2019a toujours pas retrouv\u00e9 de poste d'entra\u00eeneur en Europe.","breadcrumb":{"@id":"https:\/\/dicodusport.fr\/blog\/mais-ou-en-est-laurent-blanc\/#breadcrumb"},"inLanguage":"fr-FR","potentialAction":[{"@type":"ReadAction","target":["https:\/\/dicodusport.fr\/blog\/mais-ou-en-est-laurent-blanc\/"]}]},{"@type":"ImageObject","inLanguage":"fr-FR","@id":"https:\/\/dicodusport.fr\/blog\/mais-ou-en-est-laurent-blanc\/#primaryimage","url":"https:\/\/dicodusport.fr\/blog\/wp-content\/uploads\/2019\/11\/Mais-o\u00f9-en-est-Laurent-Blanc.png","contentUrl":"https:\/\/dicodusport.fr\/blog\/wp-content\/uploads\/2019\/11\/Mais-o\u00f9-en-est-Laurent-Blanc.png","width":800,"height":445,"caption":"Mais o\u00f9 en est Laurent Blanc ?"},{"@type":"BreadcrumbList","@id":"https:\/\/dicodusport.fr\/blog\/mais-ou-en-est-laurent-blanc\/#breadcrumb","itemListElement":[{"@type":"ListItem","position":1,"name":"Accueil","item":"https:\/\/dicodusport.fr\/blog\/"},{"@type":"ListItem","position":2,"name":"Mais o\u00f9 en est Laurent Blanc\u00a0?"}]},{"@type":"WebSite","@id":"https:\/\/dicodusport.fr\/blog\/#website","url":"https:\/\/dicodusport.fr\/blog\/","name":"Dicodusport","description":"L&#039;encyclop\u00e9die de l&#039;actualit\u00e9 sportive","publisher":{"@id":"https:\/\/dicodusport.fr\/blog\/#organization"},"potentialAction":[{"@type":"SearchAction","target":{"@type":"EntryPoint","urlTemplate":"https:\/\/dicodusport.fr\/blog\/?s={search_term_string}"},"query-input":{"@type":"PropertyValueSpecification","valueRequired":true,"valueName":"search_term_string"}}],"inLanguage":"fr-FR"},{"@type":"NewsMediaOrganization","@id":"https:\/\/dicodusport.fr\/blog\/#organization","name":"Dicodusport","url":"https:\/\/dicodusport.fr\/blog\/","logo":{"@type":"ImageObject","inLanguage":"fr-FR","@id":"https:\/\/dicodusport.fr\/blog\/#\/schema\/logo\/image\/","url":"https:\/\/dicodusport.fr\/blog\/wp-content\/uploads\/2020\/06\/cropped-LOGO-DICODUSPORT-2020-SANS-FOND-SANS-TEXTE.png","contentUrl":"https:\/\/dicodusport.fr\/blog\/wp-content\/uploads\/2020\/06\/cropped-LOGO-DICODUSPORT-2020-SANS-FOND-SANS-TEXTE.png","width":512,"height":512,"caption":"Dicodusport"},"image":{"@id":"https:\/\/dicodusport.fr\/blog\/#\/schema\/logo\/image\/"},"sameAs":["https:\/\/www.facebook.com\/dicodusport","https:\/\/x.com\/dicodusport","https:\/\/www.instagram.com\/dicodusport\/","https:\/\/www.youtube.com\/channel\/UC7V2KZ5sd3htJivAbA4ZG3w"],"description":"Dicodusport est l'encyclop\u00e9die de l'actualit\u00e9 sportive.","email":"bonjour@dicodusport.fr","legalName":"DICODUSPORT","foundingDate":"2018-01-14","vatID":"FR71834470973","taxID":"83447097300043","numberOfEmployees":{"@type":"QuantitativeValue","minValue":"1","maxValue":"10"}},{"@type":"Person","@id":"https:\/\/dicodusport.fr\/blog\/#\/schema\/person\/8c78730a59f8a1e617f7a19026ebc14a","name":"Romain Delanis","image":{"@type":"ImageObject","inLanguage":"fr-FR","@id":"https:\/\/dicodusport.fr\/blog\/#\/schema\/person\/image\/","url":"https:\/\/dicodusport.fr\/blog\/wp-content\/uploads\/2021\/05\/Romain-Delanis-150x150.jpg","contentUrl":"https:\/\/dicodusport.fr\/blog\/wp-content\/uploads\/2021\/05\/Romain-Delanis-150x150.jpg","caption":"Romain Delanis"},"description":"Journaliste\/R\u00e9dacteur depuis novembre 2015 - Capable de passer un samedi apr\u00e8s-midi devant la Ligue 2 puis le biathlon sans oublier la finale de l\u2019ATP Rotterdam, j\u2019aime aussi mettre mon r\u00e9veil pour me faire un Pistons\/Bulls qui rappelle de bons souvenirs. Tout cela, j\u2019ai choisi il y a maintenant quelques temps de vous le raconter avec Dicodusport, pour vous faire vivre ma passion parfois inconsid\u00e9r\u00e9e pour le sport en g\u00e9n\u00e9ral (mais surtout le foot faut se l\u2019avouer).","sameAs":["https:\/\/x.com\/https:\/\/twitter.com\/RDelanis"],"url":"https:\/\/dicodusport.fr\/blog\/author\/romain\/"}]}},"_links":{"self":[{"href":"https:\/\/dicodusport.fr\/blog\/wp-json\/wp\/v2\/posts\/53699","targetHints":{"allow":["GET"]}}],"collection":[{"href":"https:\/\/dicodusport.fr\/blog\/wp-json\/wp\/v2\/posts"}],"about":[{"href":"https:\/\/dicodusport.fr\/blog\/wp-json\/wp\/v2\/types\/post"}],"author":[{"embeddable":true,"href":"https:\/\/dicodusport.fr\/blog\/wp-json\/wp\/v2\/users\/14"}],"replies":[{"embeddable":true,"href":"https:\/\/dicodusport.fr\/blog\/wp-json\/wp\/v2\/comments?post=53699"}],"version-history":[{"count":0,"href":"https:\/\/dicodusport.fr\/blog\/wp-json\/wp\/v2\/posts\/53699\/revisions"}],"wp:featuredmedia":[{"embeddable":true,"href":"https:\/\/dicodusport.fr\/blog\/wp-json\/wp\/v2\/media\/53705"}],"wp:attachment":[{"href":"https:\/\/dicodusport.fr\/blog\/wp-json\/wp\/v2\/media?parent=53699"}],"wp:term":[{"taxonomy":"category","embeddable":true,"href":"https:\/\/dicodusport.fr\/blog\/wp-json\/wp\/v2\/categories?post=53699"},{"taxonomy":"post_tag","embeddable":true,"href":"https:\/\/dicodusport.fr\/blog\/wp-json\/wp\/v2\/tags?post=53699"}],"curies":[{"name":"wp","href":"https:\/\/api.w.org\/{rel}","templated":true}]}}