{"id":53717,"date":"2019-11-22T15:48:59","date_gmt":"2019-11-22T14:48:59","guid":{"rendered":"http:\/\/dicodusport.fr\/blog\/?p=53717&#038;preview=true&#038;preview_id=53717"},"modified":"2019-11-25T07:53:56","modified_gmt":"2019-11-25T06:53:56","slug":"grand-slam-osaka-amandine-buchard-decroche-or","status":"publish","type":"post","link":"https:\/\/dicodusport.fr\/blog\/grand-slam-osaka-amandine-buchard-decroche-or\/","title":{"rendered":"Grand Slam d&rsquo;Osaka : Amandine Buchard d\u00e9croche l&rsquo;or"},"content":{"rendered":"<p style=\"text-align: justify;\"><em><strong>Judo &#8211; Cinqui\u00e8me des Mondiaux \u00e0 Tokyo, Amandine Buchard s&rsquo;est impos\u00e9e \u00e0 Osaka en &#8211; de 52kg, lors du Grand Slam nippon. Cerise sur le g\u00e2teau, elle a domin\u00e9 la double championne du monde en titre en finale, la locale Uta Abe.<br \/>\n<\/strong><\/em><\/p>\n<p style=\"text-align: justify;\">La num\u00e9ro 1 \u00e0 la ranking-list n&rsquo;a pas fait dans la dentelle \u00e0 Osaka. Ce vendredi, <a href=\"https:\/\/www.les-sports.info\/amandine-buchard-judo-spf267811.html\" target=\"_blank\" rel=\"noopener\"><strong>Amandine Buchard<\/strong><\/a> a remport\u00e9 le <strong>Grand Slam<\/strong> japonais dans la cat\u00e9gorie des\u00a0moins de 52 kg. Impressionnante tout au long du tournoi, elle a dispos\u00e9 en finale de la locale de l&rsquo;\u00e9tape, <strong>Uta Abe<\/strong>, double championne du monde en titre. Troisi\u00e8me l&rsquo;an dernier lors de ce m\u00eame <strong>Grand Slam<\/strong>, <strong>Amandine Buchard<\/strong> n&rsquo;avait jamais battu la Nipponne en quatre combats.<\/p>\n<p style=\"text-align: justify;\">C&rsquo;est d\u00e9sormais chose faite, puisque la Fran\u00e7aise a surpris <strong>Abe<\/strong> avec un waza-ari, durant le Golden Score, alors m\u00eame qu&rsquo;elle avait re\u00e7u deux p\u00e9nalit\u00e9s durant la rencontre. \u00c0 24 ans, la native de Noisy-le-Sec d\u00e9croche sa troisi\u00e8me victoire en 2019, la deuxi\u00e8me en <strong>Grand Slam<\/strong>, apr\u00e8s celle glan\u00e9e \u00e0 Bakou.<\/p>\n<blockquote class=\"twitter-tweet\" data-lang=\"fr\">\n<p dir=\"ltr\" lang=\"fr\"><a href=\"https:\/\/twitter.com\/hashtag\/JudoOsaka?src=hash&amp;ref_src=twsrc%5Etfw\">#JudoOsaka<\/a><br \/>\nQuelle finale les amis &#x1f4af; Quel soulagement de d\u00e9crocher cette m\u00e9daille d&rsquo;or &#x1f947; au Grand Slam d&rsquo;Osaka face une grande championne Uta Abe devant son public &#x1f64c;&#x1f64c;<a href=\"https:\/\/twitter.com\/hashtag\/StepbyStep?src=hash&amp;ref_src=twsrc%5Etfw\">#StepbyStep<\/a><a href=\"https:\/\/twitter.com\/ffjudo_officiel?ref_src=twsrc%5Etfw\">@ffjudo_officiel<\/a> <a href=\"https:\/\/twitter.com\/MizunoFrance?ref_src=twsrc%5Etfw\">@MizunoFrance<\/a> <a href=\"https:\/\/twitter.com\/valdemarne_94?ref_src=twsrc%5Etfw\">@valdemarne_94<\/a> <a href=\"https:\/\/twitter.com\/Judo?ref_src=twsrc%5Etfw\">@Judo<\/a> <a href=\"https:\/\/twitter.com\/lespritdujudo?ref_src=twsrc%5Etfw\">@lespritdujudo<\/a> <a href=\"https:\/\/twitter.com\/RMCsport?ref_src=twsrc%5Etfw\">@RMCsport<\/a> <a href=\"https:\/\/twitter.com\/FranceOlympique?ref_src=twsrc%5Etfw\">@FranceOlympique<\/a> <a href=\"https:\/\/t.co\/FkRHqxbAx3\">pic.twitter.com\/FkRHqxbAx3<\/a><\/p>\n<p>\u2014 Amandine Buchard (@BubucheOfficiel) <a href=\"https:\/\/twitter.com\/BubucheOfficiel\/status\/1197828116867096576?ref_src=twsrc%5Etfw\">22 novembre 2019<\/a><\/p><\/blockquote>\n<p><script async src=\"https:\/\/platform.twitter.com\/widgets.js\" charset=\"utf-8\"><\/script><\/p>\n<p><strong><em>Dicodusport<br \/>\n<a href=\"https:\/\/www.facebook.com\/dicodusport\/\" target=\"_blank\" rel=\"noopener\"><img loading=\"lazy\" decoding=\"async\" class=\"alignnone wp-image-2909\" src=\"http:\/\/dicodusport.fr\/blog\/wp-content\/uploads\/2017\/07\/logo-facebook-150x150.png\" alt=\"\" width=\"40\" height=\"40\" \/><\/a><a href=\"https:\/\/twitter.com\/dicodusport\" target=\"_blank\" rel=\"noopener\"><img loading=\"lazy\" decoding=\"async\" class=\"alignnone wp-image-2908\" src=\"http:\/\/dicodusport.fr\/blog\/wp-content\/uploads\/2017\/07\/logo-twitter-150x150.png\" alt=\"\" width=\"39\" height=\"39\" \/><\/a><\/em><\/strong><\/p>\n","protected":false},"excerpt":{"rendered":"<p>Judo &#8211; Cinqui\u00e8me des Mondiaux \u00e0 Tokyo, Amandine Buchard s&rsquo;est impos\u00e9e \u00e0 Osaka en &#8211; de 52kg, lors du Grand Slam nippon. Cerise sur le g\u00e2teau, elle a domin\u00e9 la double championne du monde en titre en finale, la locale Uta Abe.<\/p>\n","protected":false},"author":4,"featured_media":53718,"comment_status":"open","ping_status":"closed","sticky":false,"template":"","format":"standard","meta":{"_acf_changed":false,"_daextam_enable_autolinks":"","footnotes":""},"categories":[8651],"tags":[6032,68,24],"class_list":["post-53717","post","type-post","status-publish","format-standard","has-post-thumbnail","hentry","category-judo","tag-amandine-buchard","tag-judo","tag-sport"],"acf":[],"yoast_head":"<!-- This site is optimized with the Yoast SEO Premium plugin v26.7 (Yoast SEO v26.7) - https:\/\/yoast.com\/wordpress\/plugins\/seo\/ -->\n<title>Grand Slam d&#039;Osaka : Amandine Buchard d\u00e9croche l&#039;or<\/title>\n<meta name=\"description\" content=\"Judo - Cinqui\u00e8me des Mondiaux \u00e0 Tokyo, Amandine Buchard s&#039;est impos\u00e9e ce vendredi \u00e0 Osaka en - de 52kg, lors du Grand Slam nippon.\" \/>\n<meta name=\"robots\" content=\"index, follow, max-snippet:-1, max-image-preview:large, max-video-preview:-1\" \/>\n<link rel=\"canonical\" href=\"https:\/\/dicodusport.fr\/blog\/grand-slam-osaka-amandine-buchard-decroche-or\/\" \/>\n<meta property=\"og:locale\" content=\"fr_FR\" \/>\n<meta property=\"og:type\" content=\"article\" \/>\n<meta property=\"og:title\" content=\"Grand Slam d&#039;Osaka : Amandine Buchard d\u00e9croche l&#039;or\" \/>\n<meta property=\"og:description\" content=\"Judo - Cinqui\u00e8me des Mondiaux \u00e0 Tokyo, Amandine Buchard s&#039;est impos\u00e9e ce vendredi \u00e0 Osaka en - de 52kg, lors du Grand Slam nippon.\" \/>\n<meta property=\"og:url\" content=\"https:\/\/dicodusport.fr\/blog\/grand-slam-osaka-amandine-buchard-decroche-or\/\" \/>\n<meta property=\"og:site_name\" content=\"Dicodusport\" \/>\n<meta property=\"article:publisher\" content=\"https:\/\/www.facebook.com\/dicodusport\" \/>\n<meta property=\"article:author\" content=\"https:\/\/www.facebook.com\/florent.ostermann\" \/>\n<meta property=\"article:published_time\" content=\"2019-11-22T14:48:59+00:00\" \/>\n<meta property=\"article:modified_time\" content=\"2019-11-25T06:53:56+00:00\" \/>\n<meta property=\"og:image\" content=\"https:\/\/dicodusport.fr\/blog\/wp-content\/uploads\/2019\/11\/Grand-Slam-dOsaka-Amandine-Buchard-d\u00e9croche-lor.png\" \/>\n\t<meta property=\"og:image:width\" content=\"800\" \/>\n\t<meta property=\"og:image:height\" content=\"445\" \/>\n\t<meta property=\"og:image:type\" content=\"image\/png\" \/>\n<meta name=\"author\" content=\"Flo Ostermann\" \/>\n<meta name=\"twitter:card\" content=\"summary_large_image\" \/>\n<meta name=\"twitter:title\" content=\"Grand Slam d&#039;Osaka : Amandine Buchard d\u00e9croche l&#039;or\" \/>\n<meta name=\"twitter:creator\" content=\"@https:\/\/twitter.com\/FlOstermann\" \/>\n<meta name=\"twitter:site\" content=\"@dicodusport\" \/>\n<script type=\"application\/ld+json\" class=\"yoast-schema-graph\">{\"@context\":\"https:\/\/schema.org\",\"@graph\":[{\"@type\":\"NewsArticle\",\"@id\":\"https:\/\/dicodusport.fr\/blog\/grand-slam-osaka-amandine-buchard-decroche-or\/#article\",\"isPartOf\":{\"@id\":\"https:\/\/dicodusport.fr\/blog\/grand-slam-osaka-amandine-buchard-decroche-or\/\"},\"author\":{\"name\":\"Flo Ostermann\",\"@id\":\"https:\/\/dicodusport.fr\/blog\/#\/schema\/person\/cb02af4c173ce4a653b55e9baf388d4a\"},\"headline\":\"Grand Slam d&rsquo;Osaka : Amandine Buchard d\u00e9croche l&rsquo;or\",\"datePublished\":\"2019-11-22T14:48:59+00:00\",\"dateModified\":\"2019-11-25T06:53:56+00:00\",\"mainEntityOfPage\":{\"@id\":\"https:\/\/dicodusport.fr\/blog\/grand-slam-osaka-amandine-buchard-decroche-or\/\"},\"wordCount\":250,\"commentCount\":0,\"publisher\":{\"@id\":\"https:\/\/dicodusport.fr\/blog\/#organization\"},\"image\":{\"@id\":\"https:\/\/dicodusport.fr\/blog\/grand-slam-osaka-amandine-buchard-decroche-or\/#primaryimage\"},\"thumbnailUrl\":\"https:\/\/dicodusport.fr\/blog\/wp-content\/uploads\/2019\/11\/Grand-Slam-dOsaka-Amandine-Buchard-d\u00e9croche-lor.png\",\"keywords\":[\"Amandine Buchard\",\"Judo\",\"sport\"],\"articleSection\":[\"Judo\"],\"inLanguage\":\"fr-FR\",\"potentialAction\":[{\"@type\":\"CommentAction\",\"name\":\"Comment\",\"target\":[\"https:\/\/dicodusport.fr\/blog\/grand-slam-osaka-amandine-buchard-decroche-or\/#respond\"]}],\"copyrightYear\":\"2019\",\"copyrightHolder\":{\"@id\":\"https:\/\/dicodusport.fr\/blog\/#organization\"}},{\"@type\":\"WebPage\",\"@id\":\"https:\/\/dicodusport.fr\/blog\/grand-slam-osaka-amandine-buchard-decroche-or\/\",\"url\":\"https:\/\/dicodusport.fr\/blog\/grand-slam-osaka-amandine-buchard-decroche-or\/\",\"name\":\"Grand Slam d'Osaka : Amandine Buchard d\u00e9croche l'or\",\"isPartOf\":{\"@id\":\"https:\/\/dicodusport.fr\/blog\/#website\"},\"primaryImageOfPage\":{\"@id\":\"https:\/\/dicodusport.fr\/blog\/grand-slam-osaka-amandine-buchard-decroche-or\/#primaryimage\"},\"image\":{\"@id\":\"https:\/\/dicodusport.fr\/blog\/grand-slam-osaka-amandine-buchard-decroche-or\/#primaryimage\"},\"thumbnailUrl\":\"https:\/\/dicodusport.fr\/blog\/wp-content\/uploads\/2019\/11\/Grand-Slam-dOsaka-Amandine-Buchard-d\u00e9croche-lor.png\",\"datePublished\":\"2019-11-22T14:48:59+00:00\",\"dateModified\":\"2019-11-25T06:53:56+00:00\",\"description\":\"Judo - Cinqui\u00e8me des Mondiaux \u00e0 Tokyo, Amandine Buchard s'est impos\u00e9e ce vendredi \u00e0 Osaka en - de 52kg, lors du Grand Slam nippon.\",\"breadcrumb\":{\"@id\":\"https:\/\/dicodusport.fr\/blog\/grand-slam-osaka-amandine-buchard-decroche-or\/#breadcrumb\"},\"inLanguage\":\"fr-FR\",\"potentialAction\":[{\"@type\":\"ReadAction\",\"target\":[\"https:\/\/dicodusport.fr\/blog\/grand-slam-osaka-amandine-buchard-decroche-or\/\"]}]},{\"@type\":\"ImageObject\",\"inLanguage\":\"fr-FR\",\"@id\":\"https:\/\/dicodusport.fr\/blog\/grand-slam-osaka-amandine-buchard-decroche-or\/#primaryimage\",\"url\":\"https:\/\/dicodusport.fr\/blog\/wp-content\/uploads\/2019\/11\/Grand-Slam-dOsaka-Amandine-Buchard-d\u00e9croche-lor.png\",\"contentUrl\":\"https:\/\/dicodusport.fr\/blog\/wp-content\/uploads\/2019\/11\/Grand-Slam-dOsaka-Amandine-Buchard-d\u00e9croche-lor.png\",\"width\":800,\"height\":445,\"caption\":\"Grand Slam d'Osaka - Amandine Buchard d\u00e9croche l'or\"},{\"@type\":\"BreadcrumbList\",\"@id\":\"https:\/\/dicodusport.fr\/blog\/grand-slam-osaka-amandine-buchard-decroche-or\/#breadcrumb\",\"itemListElement\":[{\"@type\":\"ListItem\",\"position\":1,\"name\":\"Accueil\",\"item\":\"https:\/\/dicodusport.fr\/blog\/\"},{\"@type\":\"ListItem\",\"position\":2,\"name\":\"Grand Slam d&rsquo;Osaka : Amandine Buchard d\u00e9croche l&rsquo;or\"}]},{\"@type\":\"WebSite\",\"@id\":\"https:\/\/dicodusport.fr\/blog\/#website\",\"url\":\"https:\/\/dicodusport.fr\/blog\/\",\"name\":\"Dicodusport\",\"description\":\"L&#039;encyclop\u00e9die de l&#039;actualit\u00e9 sportive\",\"publisher\":{\"@id\":\"https:\/\/dicodusport.fr\/blog\/#organization\"},\"potentialAction\":[{\"@type\":\"SearchAction\",\"target\":{\"@type\":\"EntryPoint\",\"urlTemplate\":\"https:\/\/dicodusport.fr\/blog\/?s={search_term_string}\"},\"query-input\":{\"@type\":\"PropertyValueSpecification\",\"valueRequired\":true,\"valueName\":\"search_term_string\"}}],\"inLanguage\":\"fr-FR\"},{\"@type\":\"NewsMediaOrganization\",\"@id\":\"https:\/\/dicodusport.fr\/blog\/#organization\",\"name\":\"Dicodusport\",\"url\":\"https:\/\/dicodusport.fr\/blog\/\",\"logo\":{\"@type\":\"ImageObject\",\"inLanguage\":\"fr-FR\",\"@id\":\"https:\/\/dicodusport.fr\/blog\/#\/schema\/logo\/image\/\",\"url\":\"https:\/\/dicodusport.fr\/blog\/wp-content\/uploads\/2020\/06\/cropped-LOGO-DICODUSPORT-2020-SANS-FOND-SANS-TEXTE.png\",\"contentUrl\":\"https:\/\/dicodusport.fr\/blog\/wp-content\/uploads\/2020\/06\/cropped-LOGO-DICODUSPORT-2020-SANS-FOND-SANS-TEXTE.png\",\"width\":512,\"height\":512,\"caption\":\"Dicodusport\"},\"image\":{\"@id\":\"https:\/\/dicodusport.fr\/blog\/#\/schema\/logo\/image\/\"},\"sameAs\":[\"https:\/\/www.facebook.com\/dicodusport\",\"https:\/\/x.com\/dicodusport\",\"https:\/\/www.instagram.com\/dicodusport\/\",\"https:\/\/www.youtube.com\/channel\/UC7V2KZ5sd3htJivAbA4ZG3w\"],\"description\":\"Dicodusport est l'encyclop\u00e9die de l'actualit\u00e9 sportive.\",\"email\":\"bonjour@dicodusport.fr\",\"legalName\":\"DICODUSPORT\",\"foundingDate\":\"2018-01-14\",\"vatID\":\"FR71834470973\",\"taxID\":\"83447097300043\",\"numberOfEmployees\":{\"@type\":\"QuantitativeValue\",\"minValue\":\"1\",\"maxValue\":\"10\"}},{\"@type\":\"Person\",\"@id\":\"https:\/\/dicodusport.fr\/blog\/#\/schema\/person\/cb02af4c173ce4a653b55e9baf388d4a\",\"name\":\"Flo Ostermann\",\"image\":{\"@type\":\"ImageObject\",\"inLanguage\":\"fr-FR\",\"@id\":\"https:\/\/dicodusport.fr\/blog\/#\/schema\/person\/image\/\",\"url\":\"https:\/\/dicodusport.fr\/blog\/wp-content\/uploads\/2021\/05\/Flo-Ostermann-150x150.jpg\",\"contentUrl\":\"https:\/\/dicodusport.fr\/blog\/wp-content\/uploads\/2021\/05\/Flo-Ostermann-150x150.jpg\",\"caption\":\"Flo Ostermann\"},\"description\":\"Journaliste\/R\u00e9dacteur depuis septembre 2015 - Mes premiers souvenirs dans le sport ? Les envol\u00e9es du Stade Toulousain et les duels Villeneuve-Schumacher et H\u00e4kkinen-Schumacher \u00e0 la fin des ann\u00e9es 90, la Coupe du monde de football en 1998, l\u2019exploit du XV de France face aux All Blacks en 1999, mais aussi Richard C\u0153ur de Lion qui vole sur les montagnes du Tour de France. Bien parti pour devenir professeur d\u2019EPS, les \u00e9v\u00e9nements de la vie (et la flemme d\u2019animer des s\u00e9ances de 3x500 m\u00e8tres toute ma vie) m\u2019ont conduit \u00e0 revoir mes plans. Me voil\u00e0 depuis fin 2017 sur Dicodusport, m\u00e9dia gr\u00e2ce (et pour) lequel je partage ma passion : le sport dans tous ses \u00e9tats. Le tout accompagn\u00e9 par les fous furieux et folles furieuses cit\u00e9s sur cette page !\",\"sameAs\":[\"https:\/\/www.facebook.com\/florent.ostermann\",\"https:\/\/x.com\/https:\/\/twitter.com\/FlOstermann\",\"admin\"],\"url\":\"https:\/\/dicodusport.fr\/blog\/author\/flo\/\"}]}<\/script>\n<!-- \/ Yoast SEO Premium plugin. -->","yoast_head_json":{"title":"Grand Slam d'Osaka : Amandine Buchard d\u00e9croche l'or","description":"Judo - Cinqui\u00e8me des Mondiaux \u00e0 Tokyo, Amandine Buchard s'est impos\u00e9e ce vendredi \u00e0 Osaka en - de 52kg, lors du Grand Slam nippon.","robots":{"index":"index","follow":"follow","max-snippet":"max-snippet:-1","max-image-preview":"max-image-preview:large","max-video-preview":"max-video-preview:-1"},"canonical":"https:\/\/dicodusport.fr\/blog\/grand-slam-osaka-amandine-buchard-decroche-or\/","og_locale":"fr_FR","og_type":"article","og_title":"Grand Slam d'Osaka : Amandine Buchard d\u00e9croche l'or","og_description":"Judo - Cinqui\u00e8me des Mondiaux \u00e0 Tokyo, Amandine Buchard s'est impos\u00e9e ce vendredi \u00e0 Osaka en - de 52kg, lors du Grand Slam nippon.","og_url":"https:\/\/dicodusport.fr\/blog\/grand-slam-osaka-amandine-buchard-decroche-or\/","og_site_name":"Dicodusport","article_publisher":"https:\/\/www.facebook.com\/dicodusport","article_author":"https:\/\/www.facebook.com\/florent.ostermann","article_published_time":"2019-11-22T14:48:59+00:00","article_modified_time":"2019-11-25T06:53:56+00:00","og_image":[{"width":800,"height":445,"url":"https:\/\/dicodusport.fr\/blog\/wp-content\/uploads\/2019\/11\/Grand-Slam-dOsaka-Amandine-Buchard-d\u00e9croche-lor.png","type":"image\/png"}],"author":"Flo Ostermann","twitter_card":"summary_large_image","twitter_title":"Grand Slam d'Osaka : Amandine Buchard d\u00e9croche l'or","twitter_creator":"@https:\/\/twitter.com\/FlOstermann","twitter_site":"@dicodusport","schema":{"@context":"https:\/\/schema.org","@graph":[{"@type":"NewsArticle","@id":"https:\/\/dicodusport.fr\/blog\/grand-slam-osaka-amandine-buchard-decroche-or\/#article","isPartOf":{"@id":"https:\/\/dicodusport.fr\/blog\/grand-slam-osaka-amandine-buchard-decroche-or\/"},"author":{"name":"Flo Ostermann","@id":"https:\/\/dicodusport.fr\/blog\/#\/schema\/person\/cb02af4c173ce4a653b55e9baf388d4a"},"headline":"Grand Slam d&rsquo;Osaka : Amandine Buchard d\u00e9croche l&rsquo;or","datePublished":"2019-11-22T14:48:59+00:00","dateModified":"2019-11-25T06:53:56+00:00","mainEntityOfPage":{"@id":"https:\/\/dicodusport.fr\/blog\/grand-slam-osaka-amandine-buchard-decroche-or\/"},"wordCount":250,"commentCount":0,"publisher":{"@id":"https:\/\/dicodusport.fr\/blog\/#organization"},"image":{"@id":"https:\/\/dicodusport.fr\/blog\/grand-slam-osaka-amandine-buchard-decroche-or\/#primaryimage"},"thumbnailUrl":"https:\/\/dicodusport.fr\/blog\/wp-content\/uploads\/2019\/11\/Grand-Slam-dOsaka-Amandine-Buchard-d\u00e9croche-lor.png","keywords":["Amandine Buchard","Judo","sport"],"articleSection":["Judo"],"inLanguage":"fr-FR","potentialAction":[{"@type":"CommentAction","name":"Comment","target":["https:\/\/dicodusport.fr\/blog\/grand-slam-osaka-amandine-buchard-decroche-or\/#respond"]}],"copyrightYear":"2019","copyrightHolder":{"@id":"https:\/\/dicodusport.fr\/blog\/#organization"}},{"@type":"WebPage","@id":"https:\/\/dicodusport.fr\/blog\/grand-slam-osaka-amandine-buchard-decroche-or\/","url":"https:\/\/dicodusport.fr\/blog\/grand-slam-osaka-amandine-buchard-decroche-or\/","name":"Grand Slam d'Osaka : Amandine Buchard d\u00e9croche l'or","isPartOf":{"@id":"https:\/\/dicodusport.fr\/blog\/#website"},"primaryImageOfPage":{"@id":"https:\/\/dicodusport.fr\/blog\/grand-slam-osaka-amandine-buchard-decroche-or\/#primaryimage"},"image":{"@id":"https:\/\/dicodusport.fr\/blog\/grand-slam-osaka-amandine-buchard-decroche-or\/#primaryimage"},"thumbnailUrl":"https:\/\/dicodusport.fr\/blog\/wp-content\/uploads\/2019\/11\/Grand-Slam-dOsaka-Amandine-Buchard-d\u00e9croche-lor.png","datePublished":"2019-11-22T14:48:59+00:00","dateModified":"2019-11-25T06:53:56+00:00","description":"Judo - Cinqui\u00e8me des Mondiaux \u00e0 Tokyo, Amandine Buchard s'est impos\u00e9e ce vendredi \u00e0 Osaka en - de 52kg, lors du Grand Slam nippon.","breadcrumb":{"@id":"https:\/\/dicodusport.fr\/blog\/grand-slam-osaka-amandine-buchard-decroche-or\/#breadcrumb"},"inLanguage":"fr-FR","potentialAction":[{"@type":"ReadAction","target":["https:\/\/dicodusport.fr\/blog\/grand-slam-osaka-amandine-buchard-decroche-or\/"]}]},{"@type":"ImageObject","inLanguage":"fr-FR","@id":"https:\/\/dicodusport.fr\/blog\/grand-slam-osaka-amandine-buchard-decroche-or\/#primaryimage","url":"https:\/\/dicodusport.fr\/blog\/wp-content\/uploads\/2019\/11\/Grand-Slam-dOsaka-Amandine-Buchard-d\u00e9croche-lor.png","contentUrl":"https:\/\/dicodusport.fr\/blog\/wp-content\/uploads\/2019\/11\/Grand-Slam-dOsaka-Amandine-Buchard-d\u00e9croche-lor.png","width":800,"height":445,"caption":"Grand Slam d'Osaka - Amandine Buchard d\u00e9croche l'or"},{"@type":"BreadcrumbList","@id":"https:\/\/dicodusport.fr\/blog\/grand-slam-osaka-amandine-buchard-decroche-or\/#breadcrumb","itemListElement":[{"@type":"ListItem","position":1,"name":"Accueil","item":"https:\/\/dicodusport.fr\/blog\/"},{"@type":"ListItem","position":2,"name":"Grand Slam d&rsquo;Osaka : Amandine Buchard d\u00e9croche l&rsquo;or"}]},{"@type":"WebSite","@id":"https:\/\/dicodusport.fr\/blog\/#website","url":"https:\/\/dicodusport.fr\/blog\/","name":"Dicodusport","description":"L&#039;encyclop\u00e9die de l&#039;actualit\u00e9 sportive","publisher":{"@id":"https:\/\/dicodusport.fr\/blog\/#organization"},"potentialAction":[{"@type":"SearchAction","target":{"@type":"EntryPoint","urlTemplate":"https:\/\/dicodusport.fr\/blog\/?s={search_term_string}"},"query-input":{"@type":"PropertyValueSpecification","valueRequired":true,"valueName":"search_term_string"}}],"inLanguage":"fr-FR"},{"@type":"NewsMediaOrganization","@id":"https:\/\/dicodusport.fr\/blog\/#organization","name":"Dicodusport","url":"https:\/\/dicodusport.fr\/blog\/","logo":{"@type":"ImageObject","inLanguage":"fr-FR","@id":"https:\/\/dicodusport.fr\/blog\/#\/schema\/logo\/image\/","url":"https:\/\/dicodusport.fr\/blog\/wp-content\/uploads\/2020\/06\/cropped-LOGO-DICODUSPORT-2020-SANS-FOND-SANS-TEXTE.png","contentUrl":"https:\/\/dicodusport.fr\/blog\/wp-content\/uploads\/2020\/06\/cropped-LOGO-DICODUSPORT-2020-SANS-FOND-SANS-TEXTE.png","width":512,"height":512,"caption":"Dicodusport"},"image":{"@id":"https:\/\/dicodusport.fr\/blog\/#\/schema\/logo\/image\/"},"sameAs":["https:\/\/www.facebook.com\/dicodusport","https:\/\/x.com\/dicodusport","https:\/\/www.instagram.com\/dicodusport\/","https:\/\/www.youtube.com\/channel\/UC7V2KZ5sd3htJivAbA4ZG3w"],"description":"Dicodusport est l'encyclop\u00e9die de l'actualit\u00e9 sportive.","email":"bonjour@dicodusport.fr","legalName":"DICODUSPORT","foundingDate":"2018-01-14","vatID":"FR71834470973","taxID":"83447097300043","numberOfEmployees":{"@type":"QuantitativeValue","minValue":"1","maxValue":"10"}},{"@type":"Person","@id":"https:\/\/dicodusport.fr\/blog\/#\/schema\/person\/cb02af4c173ce4a653b55e9baf388d4a","name":"Flo Ostermann","image":{"@type":"ImageObject","inLanguage":"fr-FR","@id":"https:\/\/dicodusport.fr\/blog\/#\/schema\/person\/image\/","url":"https:\/\/dicodusport.fr\/blog\/wp-content\/uploads\/2021\/05\/Flo-Ostermann-150x150.jpg","contentUrl":"https:\/\/dicodusport.fr\/blog\/wp-content\/uploads\/2021\/05\/Flo-Ostermann-150x150.jpg","caption":"Flo Ostermann"},"description":"Journaliste\/R\u00e9dacteur depuis septembre 2015 - Mes premiers souvenirs dans le sport ? Les envol\u00e9es du Stade Toulousain et les duels Villeneuve-Schumacher et H\u00e4kkinen-Schumacher \u00e0 la fin des ann\u00e9es 90, la Coupe du monde de football en 1998, l\u2019exploit du XV de France face aux All Blacks en 1999, mais aussi Richard C\u0153ur de Lion qui vole sur les montagnes du Tour de France. Bien parti pour devenir professeur d\u2019EPS, les \u00e9v\u00e9nements de la vie (et la flemme d\u2019animer des s\u00e9ances de 3x500 m\u00e8tres toute ma vie) m\u2019ont conduit \u00e0 revoir mes plans. Me voil\u00e0 depuis fin 2017 sur Dicodusport, m\u00e9dia gr\u00e2ce (et pour) lequel je partage ma passion : le sport dans tous ses \u00e9tats. Le tout accompagn\u00e9 par les fous furieux et folles furieuses cit\u00e9s sur cette page !","sameAs":["https:\/\/www.facebook.com\/florent.ostermann","https:\/\/x.com\/https:\/\/twitter.com\/FlOstermann","admin"],"url":"https:\/\/dicodusport.fr\/blog\/author\/flo\/"}]}},"_links":{"self":[{"href":"https:\/\/dicodusport.fr\/blog\/wp-json\/wp\/v2\/posts\/53717","targetHints":{"allow":["GET"]}}],"collection":[{"href":"https:\/\/dicodusport.fr\/blog\/wp-json\/wp\/v2\/posts"}],"about":[{"href":"https:\/\/dicodusport.fr\/blog\/wp-json\/wp\/v2\/types\/post"}],"author":[{"embeddable":true,"href":"https:\/\/dicodusport.fr\/blog\/wp-json\/wp\/v2\/users\/4"}],"replies":[{"embeddable":true,"href":"https:\/\/dicodusport.fr\/blog\/wp-json\/wp\/v2\/comments?post=53717"}],"version-history":[{"count":0,"href":"https:\/\/dicodusport.fr\/blog\/wp-json\/wp\/v2\/posts\/53717\/revisions"}],"wp:featuredmedia":[{"embeddable":true,"href":"https:\/\/dicodusport.fr\/blog\/wp-json\/wp\/v2\/media\/53718"}],"wp:attachment":[{"href":"https:\/\/dicodusport.fr\/blog\/wp-json\/wp\/v2\/media?parent=53717"}],"wp:term":[{"taxonomy":"category","embeddable":true,"href":"https:\/\/dicodusport.fr\/blog\/wp-json\/wp\/v2\/categories?post=53717"},{"taxonomy":"post_tag","embeddable":true,"href":"https:\/\/dicodusport.fr\/blog\/wp-json\/wp\/v2\/tags?post=53717"}],"curies":[{"name":"wp","href":"https:\/\/api.w.org\/{rel}","templated":true}]}}