{"id":537240,"date":"2024-12-04T11:22:33","date_gmt":"2024-12-04T10:22:33","guid":{"rendered":"https:\/\/dicodusport.fr\/blog\/?p=537240&#038;preview=true&#038;preview_id=537240"},"modified":"2025-07-09T18:39:14","modified_gmt":"2025-07-09T16:39:14","slug":"ibu-cup-geilo-camille-bened-rafle-la-victoire-sur-lindividuel-fany-bertrand-egalement-sur-le-podium","status":"publish","type":"post","link":"https:\/\/dicodusport.fr\/blog\/ibu-cup-geilo-camille-bened-rafle-la-victoire-sur-lindividuel-fany-bertrand-egalement-sur-le-podium\/","title":{"rendered":"IBU Cup Geilo : Camille Bened rafle la victoire sur l&rsquo;individuel, Fany Bertrand \u00e9galement sur le podium !"},"content":{"rendered":"<h4 style=\"text-align: justify;\"><em>IBU CUP 2024\/2025 &#8211; Camille Bened a d\u00e9croch\u00e9 sa premi\u00e8re victoire de la saison en remportant l&rsquo;individuel de Geilo ce mercredi. La Tricolore est accompagn\u00e9e sur le podium par Fany Bertrand, qui a su capitaliser sur un sans-faute au tir pour accrocher la 3e place, derri\u00e8re Marit Oeygard. Afin de compl\u00e9ter ce magnifique tableau, la n\u00e9ophyte Voldiya Galmace-Paulin a accroch\u00e9 son premier Top 5 !<\/em><\/h4>\n<p style=\"text-align: justify;\">Quelques jours seulement apr\u00e8s la razzia tricolore effectu\u00e9e du c\u00f4t\u00e9 d&rsquo;Idre Fj\u00e4ll, en Su\u00e8de, l&rsquo;<strong>IBU Cup<\/strong> reprenait d\u00e9j\u00e0 ses droits ce mercredi. Les biathl\u00e8tes ont effectu\u00e9 un p\u00e9riple \u00e0 l&rsquo;est pour rejoindre la Norv\u00e8ge, et la station de <strong>Geilo<\/strong>, pour la deuxi\u00e8me manche de la saison. Les femmes ont lanc\u00e9 les hostilit\u00e9s dans la matin\u00e9e avec l&rsquo;individuel, o\u00f9 Tricolores ont brill\u00e9.<\/p>\n<h2 style=\"text-align: justify;\">Camille Bened survole les d\u00e9bats, Bertrand et Galmace-Paulin impressionnent<\/h2>\n<p style=\"text-align: justify;\">Alors qu&rsquo;elle restait d\u00e9j\u00e0 sur <a href=\"https:\/\/dicodusport.fr\/blog\/ibu-cup-idre-fjall-paula-botet-et-camille-bened-sur-le-podium-du-deuxieme-sprint\/\">deux podiums ce week-end<\/a>, <strong>Camille Bened<\/strong> a fait encore mieux. Gr\u00e2ce \u00e0 un sans-faute au tir, accompagn\u00e9 d&rsquo;un excellent rythme sur les skis, la Tricolore a mis d&rsquo;accord tout le monde, dossard 26 sur le dos. Pendant que ses principales rivales, dont <strong>Ida Lien,<\/strong> auteure d&rsquo;un inhabituel 15\/20, ont baiss\u00e9 pavillon, la Fran\u00e7aise a survol\u00e9 les d\u00e9bats. Seule une Norv\u00e9gienne inattendue est parvenue \u00e0 la concurrencer. Dossard 66, <strong>Marit Oeygard<\/strong> n&rsquo;\u00e9tait pas la plus attendue, mais elle va exploser les temps de ski, tout en r\u00e9alisant un sans-faute lors de ses trois premiers passages sur le tir, o\u00f9 elle dispose alors de 13 secondes d&rsquo;avance sur la Fran\u00e7aise.<\/p>\n<p style=\"text-align: justify;\">Derri\u00e8re Bened, deux autres fran\u00e7aises se sont illustr\u00e9es positivement, mais pas forc\u00e9ment celles qui \u00e9taient attendues. Pendant que <strong>Paula Botet <\/strong>et <strong>Chlo\u00e9 Chevalier<\/strong> sont pass\u00e9es au travers (respectivement 15\/20 et 17\/20 au tir), <strong>Fany Bertrand<\/strong> a \u00e9galement r\u00e9alis\u00e9 un sans-faute. Si elle a eu plus de difficult\u00e9s sur les skis, elle est parvenue \u00e0 s&rsquo;arracher pour surpasser <strong>Siri Skar<\/strong> d&rsquo;une petite seconde, et s&rsquo;offrir une magnifique 3e place.<\/p>\n<p style=\"text-align: justify;\">Mention honorable \u00e9galement \u00e0 la n\u00e9ophyte <strong>Voldiya Galmace-Paulin<\/strong>. Apr\u00e8s une d\u00e9couverte aboutie du circuit \u00e0 Idre Fj\u00e4ll (20e, 23e puis 15e), la Fran\u00e7aise de 19 ans a explos\u00e9 sur la piste norv\u00e9gienne. Malgr\u00e9 deux erreurs au tir, cette derni\u00e8re a vol\u00e9 sur les skis pour aller accrocher une \u00e9tincelante 5e place ! Prometteur pour la suite.<\/p>\n<blockquote class=\"twitter-tweet\">\n<p dir=\"ltr\" lang=\"fr\">\ud83c\uddeb\ud83c\uddf7\ud83e\udd47 Camille Bened remporte l\u2019individuel de Geilo\ud83c\uddf3\ud83c\uddf4 avec un sublime 20\/20.<\/p>\n<p>C\u2019est son troisi\u00e8me podium en 4 course. Une machine \ud83d\udd25<a href=\"https:\/\/twitter.com\/hashtag\/IBUcup?src=hash&amp;ref_src=twsrc%5Etfw\">#IBUcup<\/a> <a href=\"https:\/\/twitter.com\/hashtag\/Biathlon?src=hash&amp;ref_src=twsrc%5Etfw\">#Biathlon<\/a> <a href=\"https:\/\/t.co\/VK3h56ipx0\">pic.twitter.com\/VK3h56ipx0<\/a><\/p>\n<p>\u2014 Biathlon_FRA\ud83c\udfbf (@Biathlon_FRA) <a href=\"https:\/\/twitter.com\/Biathlon_FRA\/status\/1864251877967134880?ref_src=twsrc%5Etfw\">December 4, 2024<\/a><\/p><\/blockquote>\n<p><script async src=\"https:\/\/platform.twitter.com\/widgets.js\" charset=\"utf-8\"><\/script><\/p>\n","protected":false},"excerpt":{"rendered":"<p>IBU CUP 2024\/2025 &#8211; Camille Bened a d\u00e9croch\u00e9 sa premi\u00e8re victoire de la saison en remportant l&rsquo;individuel de Geilo ce mercredi. La Tricolore est accompagn\u00e9e sur le podium par Fany Bertrand, qui a su capitaliser sur un sans-faute au tir pour accrocher la 3e place, derri\u00e8re Marit Oeygard. Afin de compl\u00e9ter ce magnifique tableau, la n\u00e9ophyte Voldiya Galmace Paulin a accroch\u00e9 son premier Top 5 !<\/p>\n","protected":false},"author":55,"featured_media":537316,"comment_status":"open","ping_status":"closed","sticky":false,"template":"","format":"standard","meta":{"_acf_changed":false,"_daextam_enable_autolinks":"1","footnotes":""},"categories":[2426],"tags":[2427,16878,14826,2867,2696,43245],"class_list":["post-537240","post","type-post","status-publish","format-standard","has-post-thumbnail","hentry","category-biathlon","tag-biathlon","tag-breve","tag-camille-bened","tag-chloe-chevalier","tag-ibu-cup","tag-voldiya-galmace-paulin"],"acf":[],"yoast_head":"<!-- This site is optimized with the Yoast SEO Premium plugin v26.7 (Yoast SEO v26.7) - https:\/\/yoast.com\/wordpress\/plugins\/seo\/ -->\n<title>IBU Cup Geilo : Camille Bened rafle la victoire sur l&#039;individuel, Fany Bertrand \u00e9galement sur le podium !<\/title>\n<meta name=\"description\" content=\"IBU CUP 2024\/2025 - Camille Bened a d\u00e9croch\u00e9 son premier succ\u00e8s de la saison en remportant l&#039;individuel de Geilo.\" \/>\n<meta name=\"robots\" content=\"index, follow, max-snippet:-1, max-image-preview:large, max-video-preview:-1\" \/>\n<link rel=\"canonical\" href=\"https:\/\/dicodusport.fr\/blog\/ibu-cup-geilo-camille-bened-rafle-la-victoire-sur-lindividuel-fany-bertrand-egalement-sur-le-podium\/\" \/>\n<meta property=\"og:locale\" content=\"fr_FR\" \/>\n<meta property=\"og:type\" content=\"article\" \/>\n<meta property=\"og:title\" content=\"IBU Cup Geilo : Camille Bened rafle la victoire sur l&#039;individuel, Fany Bertrand \u00e9galement sur le podium !\" \/>\n<meta property=\"og:description\" content=\"IBU CUP 2024\/2025 - Camille Bened a d\u00e9croch\u00e9 son premier succ\u00e8s de la saison en remportant l&#039;individuel de Geilo.\" \/>\n<meta property=\"og:url\" content=\"https:\/\/dicodusport.fr\/blog\/ibu-cup-geilo-camille-bened-rafle-la-victoire-sur-lindividuel-fany-bertrand-egalement-sur-le-podium\/\" \/>\n<meta property=\"og:site_name\" content=\"Dicodusport\" \/>\n<meta property=\"article:publisher\" content=\"https:\/\/www.facebook.com\/dicodusport\" \/>\n<meta property=\"article:published_time\" content=\"2024-12-04T10:22:33+00:00\" \/>\n<meta property=\"article:modified_time\" content=\"2025-07-09T16:39:14+00:00\" \/>\n<meta property=\"og:image\" content=\"https:\/\/dicodusport.fr\/blog\/wp-content\/uploads\/2024\/12\/IBU-Cup-Geilo-Camille-Bened-rafle-la-victoire-sur-lindividuel-Fany-Bertrand-egalement-sur-le-podium-1-1.png\" \/>\n\t<meta property=\"og:image:width\" content=\"1200\" \/>\n\t<meta property=\"og:image:height\" content=\"674\" \/>\n\t<meta property=\"og:image:type\" content=\"image\/png\" \/>\n<meta name=\"author\" content=\"Maxime Cazenave\" \/>\n<meta name=\"twitter:card\" content=\"summary_large_image\" \/>\n<meta name=\"twitter:title\" content=\"IBU Cup Geilo : Camille Bened rafle la victoire sur l&#039;individuel, Fany Bertrand \u00e9galement sur le podium !\" \/>\n<meta name=\"twitter:creator\" content=\"@https:\/\/twitter.com\/Maxime_Caze\" \/>\n<meta name=\"twitter:site\" content=\"@dicodusport\" \/>\n<script type=\"application\/ld+json\" class=\"yoast-schema-graph\">{\"@context\":\"https:\/\/schema.org\",\"@graph\":[{\"@type\":\"NewsArticle\",\"@id\":\"https:\/\/dicodusport.fr\/blog\/ibu-cup-geilo-camille-bened-rafle-la-victoire-sur-lindividuel-fany-bertrand-egalement-sur-le-podium\/#article\",\"isPartOf\":{\"@id\":\"https:\/\/dicodusport.fr\/blog\/ibu-cup-geilo-camille-bened-rafle-la-victoire-sur-lindividuel-fany-bertrand-egalement-sur-le-podium\/\"},\"author\":{\"name\":\"Maxime Cazenave\",\"@id\":\"https:\/\/dicodusport.fr\/blog\/#\/schema\/person\/37def232098a7a5cbab3974a3690abb0\"},\"headline\":\"IBU Cup Geilo : Camille Bened rafle la victoire sur l&rsquo;individuel, Fany Bertrand \u00e9galement sur le podium !\",\"datePublished\":\"2024-12-04T10:22:33+00:00\",\"dateModified\":\"2025-07-09T16:39:14+00:00\",\"mainEntityOfPage\":{\"@id\":\"https:\/\/dicodusport.fr\/blog\/ibu-cup-geilo-camille-bened-rafle-la-victoire-sur-lindividuel-fany-bertrand-egalement-sur-le-podium\/\"},\"wordCount\":459,\"commentCount\":1,\"publisher\":{\"@id\":\"https:\/\/dicodusport.fr\/blog\/#organization\"},\"image\":{\"@id\":\"https:\/\/dicodusport.fr\/blog\/ibu-cup-geilo-camille-bened-rafle-la-victoire-sur-lindividuel-fany-bertrand-egalement-sur-le-podium\/#primaryimage\"},\"thumbnailUrl\":\"https:\/\/dicodusport.fr\/blog\/wp-content\/uploads\/2024\/12\/IBU-Cup-Geilo-Camille-Bened-rafle-la-victoire-sur-lindividuel-Fany-Bertrand-egalement-sur-le-podium-1-1.png\",\"keywords\":[\"Biathlon\",\"br\u00e8ve\",\"Camille Bened\",\"Chlo\u00e9 Chevalier\",\"IBU Cup\",\"Voldiya Galmace Paulin\"],\"articleSection\":[\"Biathlon\"],\"inLanguage\":\"fr-FR\",\"potentialAction\":[{\"@type\":\"CommentAction\",\"name\":\"Comment\",\"target\":[\"https:\/\/dicodusport.fr\/blog\/ibu-cup-geilo-camille-bened-rafle-la-victoire-sur-lindividuel-fany-bertrand-egalement-sur-le-podium\/#respond\"]}],\"copyrightYear\":\"2024\",\"copyrightHolder\":{\"@id\":\"https:\/\/dicodusport.fr\/blog\/#organization\"}},{\"@type\":\"WebPage\",\"@id\":\"https:\/\/dicodusport.fr\/blog\/ibu-cup-geilo-camille-bened-rafle-la-victoire-sur-lindividuel-fany-bertrand-egalement-sur-le-podium\/\",\"url\":\"https:\/\/dicodusport.fr\/blog\/ibu-cup-geilo-camille-bened-rafle-la-victoire-sur-lindividuel-fany-bertrand-egalement-sur-le-podium\/\",\"name\":\"IBU Cup Geilo : Camille Bened rafle la victoire sur l'individuel, Fany Bertrand \u00e9galement sur le podium !\",\"isPartOf\":{\"@id\":\"https:\/\/dicodusport.fr\/blog\/#website\"},\"primaryImageOfPage\":{\"@id\":\"https:\/\/dicodusport.fr\/blog\/ibu-cup-geilo-camille-bened-rafle-la-victoire-sur-lindividuel-fany-bertrand-egalement-sur-le-podium\/#primaryimage\"},\"image\":{\"@id\":\"https:\/\/dicodusport.fr\/blog\/ibu-cup-geilo-camille-bened-rafle-la-victoire-sur-lindividuel-fany-bertrand-egalement-sur-le-podium\/#primaryimage\"},\"thumbnailUrl\":\"https:\/\/dicodusport.fr\/blog\/wp-content\/uploads\/2024\/12\/IBU-Cup-Geilo-Camille-Bened-rafle-la-victoire-sur-lindividuel-Fany-Bertrand-egalement-sur-le-podium-1-1.png\",\"datePublished\":\"2024-12-04T10:22:33+00:00\",\"dateModified\":\"2025-07-09T16:39:14+00:00\",\"description\":\"IBU CUP 2024\/2025 - Camille Bened a d\u00e9croch\u00e9 son premier succ\u00e8s de la saison en remportant l'individuel de Geilo.\",\"breadcrumb\":{\"@id\":\"https:\/\/dicodusport.fr\/blog\/ibu-cup-geilo-camille-bened-rafle-la-victoire-sur-lindividuel-fany-bertrand-egalement-sur-le-podium\/#breadcrumb\"},\"inLanguage\":\"fr-FR\",\"potentialAction\":[{\"@type\":\"ReadAction\",\"target\":[\"https:\/\/dicodusport.fr\/blog\/ibu-cup-geilo-camille-bened-rafle-la-victoire-sur-lindividuel-fany-bertrand-egalement-sur-le-podium\/\"]}]},{\"@type\":\"ImageObject\",\"inLanguage\":\"fr-FR\",\"@id\":\"https:\/\/dicodusport.fr\/blog\/ibu-cup-geilo-camille-bened-rafle-la-victoire-sur-lindividuel-fany-bertrand-egalement-sur-le-podium\/#primaryimage\",\"url\":\"https:\/\/dicodusport.fr\/blog\/wp-content\/uploads\/2024\/12\/IBU-Cup-Geilo-Camille-Bened-rafle-la-victoire-sur-lindividuel-Fany-Bertrand-egalement-sur-le-podium-1-1.png\",\"contentUrl\":\"https:\/\/dicodusport.fr\/blog\/wp-content\/uploads\/2024\/12\/IBU-Cup-Geilo-Camille-Bened-rafle-la-victoire-sur-lindividuel-Fany-Bertrand-egalement-sur-le-podium-1-1.png\",\"width\":1200,\"height\":674,\"caption\":\"IBU Cup Geilo Camille Bened rafle la victoire sur l'individuel, Fany Bertrand \u00e9galement sur le podium !\"},{\"@type\":\"BreadcrumbList\",\"@id\":\"https:\/\/dicodusport.fr\/blog\/ibu-cup-geilo-camille-bened-rafle-la-victoire-sur-lindividuel-fany-bertrand-egalement-sur-le-podium\/#breadcrumb\",\"itemListElement\":[{\"@type\":\"ListItem\",\"position\":1,\"name\":\"Accueil\",\"item\":\"https:\/\/dicodusport.fr\/blog\/\"},{\"@type\":\"ListItem\",\"position\":2,\"name\":\"IBU Cup Geilo : Camille Bened rafle la victoire sur l&rsquo;individuel, Fany Bertrand \u00e9galement sur le podium !\"}]},{\"@type\":\"WebSite\",\"@id\":\"https:\/\/dicodusport.fr\/blog\/#website\",\"url\":\"https:\/\/dicodusport.fr\/blog\/\",\"name\":\"Dicodusport\",\"description\":\"L&#039;encyclop\u00e9die de l&#039;actualit\u00e9 sportive\",\"publisher\":{\"@id\":\"https:\/\/dicodusport.fr\/blog\/#organization\"},\"potentialAction\":[{\"@type\":\"SearchAction\",\"target\":{\"@type\":\"EntryPoint\",\"urlTemplate\":\"https:\/\/dicodusport.fr\/blog\/?s={search_term_string}\"},\"query-input\":{\"@type\":\"PropertyValueSpecification\",\"valueRequired\":true,\"valueName\":\"search_term_string\"}}],\"inLanguage\":\"fr-FR\"},{\"@type\":\"NewsMediaOrganization\",\"@id\":\"https:\/\/dicodusport.fr\/blog\/#organization\",\"name\":\"Dicodusport\",\"url\":\"https:\/\/dicodusport.fr\/blog\/\",\"logo\":{\"@type\":\"ImageObject\",\"inLanguage\":\"fr-FR\",\"@id\":\"https:\/\/dicodusport.fr\/blog\/#\/schema\/logo\/image\/\",\"url\":\"https:\/\/dicodusport.fr\/blog\/wp-content\/uploads\/2020\/06\/cropped-LOGO-DICODUSPORT-2020-SANS-FOND-SANS-TEXTE.png\",\"contentUrl\":\"https:\/\/dicodusport.fr\/blog\/wp-content\/uploads\/2020\/06\/cropped-LOGO-DICODUSPORT-2020-SANS-FOND-SANS-TEXTE.png\",\"width\":512,\"height\":512,\"caption\":\"Dicodusport\"},\"image\":{\"@id\":\"https:\/\/dicodusport.fr\/blog\/#\/schema\/logo\/image\/\"},\"sameAs\":[\"https:\/\/www.facebook.com\/dicodusport\",\"https:\/\/x.com\/dicodusport\",\"https:\/\/www.instagram.com\/dicodusport\/\",\"https:\/\/www.youtube.com\/channel\/UC7V2KZ5sd3htJivAbA4ZG3w\"],\"description\":\"Dicodusport est l'encyclop\u00e9die de l'actualit\u00e9 sportive.\",\"email\":\"bonjour@dicodusport.fr\",\"legalName\":\"DICODUSPORT\",\"foundingDate\":\"2018-01-14\",\"vatID\":\"FR71834470973\",\"taxID\":\"83447097300043\",\"numberOfEmployees\":{\"@type\":\"QuantitativeValue\",\"minValue\":\"1\",\"maxValue\":\"10\"}},{\"@type\":\"Person\",\"@id\":\"https:\/\/dicodusport.fr\/blog\/#\/schema\/person\/37def232098a7a5cbab3974a3690abb0\",\"name\":\"Maxime Cazenave\",\"image\":{\"@type\":\"ImageObject\",\"inLanguage\":\"fr-FR\",\"@id\":\"https:\/\/dicodusport.fr\/blog\/#\/schema\/person\/image\/\",\"url\":\"https:\/\/dicodusport.fr\/blog\/wp-content\/uploads\/2021\/05\/Maxime-Cazenave-150x150.jpg\",\"contentUrl\":\"https:\/\/dicodusport.fr\/blog\/wp-content\/uploads\/2021\/05\/Maxime-Cazenave-150x150.jpg\",\"caption\":\"Maxime Cazenave\"},\"description\":\"Journaliste\/R\u00e9dacteur depuis 2012 - Berc\u00e9 par l\u2019amour des Girondins de Bordeaux, les \u00e9checs de Christophe Moreau sur le Tour de France sous l'\u00e8re Lance Armstrong et le fade-away l\u00e9tal de Dirk Nowitzki, ma passion d\u00e9vorante pour le sport a toujours \u00e9t\u00e9 un pan incontournable de ma vie. Transmettre ma passion \u00e0 l\u2019\u00e9crit a \u00e9t\u00e9 une transition naturelle. Suiveur assidu de basket et de hockey sur glace, je garde toujours un peu de place pour suivre le cyclisme, le football et le maximum de performances fran\u00e7aises.\",\"sameAs\":[\"https:\/\/x.com\/https:\/\/twitter.com\/Maxime_Caze\"],\"url\":\"https:\/\/dicodusport.fr\/blog\/author\/maximec\/\"}]}<\/script>\n<!-- \/ Yoast SEO Premium plugin. -->","yoast_head_json":{"title":"IBU Cup Geilo : Camille Bened rafle la victoire sur l'individuel, Fany Bertrand \u00e9galement sur le podium !","description":"IBU CUP 2024\/2025 - Camille Bened a d\u00e9croch\u00e9 son premier succ\u00e8s de la saison en remportant l'individuel de Geilo.","robots":{"index":"index","follow":"follow","max-snippet":"max-snippet:-1","max-image-preview":"max-image-preview:large","max-video-preview":"max-video-preview:-1"},"canonical":"https:\/\/dicodusport.fr\/blog\/ibu-cup-geilo-camille-bened-rafle-la-victoire-sur-lindividuel-fany-bertrand-egalement-sur-le-podium\/","og_locale":"fr_FR","og_type":"article","og_title":"IBU Cup Geilo : Camille Bened rafle la victoire sur l'individuel, Fany Bertrand \u00e9galement sur le podium !","og_description":"IBU CUP 2024\/2025 - Camille Bened a d\u00e9croch\u00e9 son premier succ\u00e8s de la saison en remportant l'individuel de Geilo.","og_url":"https:\/\/dicodusport.fr\/blog\/ibu-cup-geilo-camille-bened-rafle-la-victoire-sur-lindividuel-fany-bertrand-egalement-sur-le-podium\/","og_site_name":"Dicodusport","article_publisher":"https:\/\/www.facebook.com\/dicodusport","article_published_time":"2024-12-04T10:22:33+00:00","article_modified_time":"2025-07-09T16:39:14+00:00","og_image":[{"width":1200,"height":674,"url":"https:\/\/dicodusport.fr\/blog\/wp-content\/uploads\/2024\/12\/IBU-Cup-Geilo-Camille-Bened-rafle-la-victoire-sur-lindividuel-Fany-Bertrand-egalement-sur-le-podium-1-1.png","type":"image\/png"}],"author":"Maxime Cazenave","twitter_card":"summary_large_image","twitter_title":"IBU Cup Geilo : Camille Bened rafle la victoire sur l'individuel, Fany Bertrand \u00e9galement sur le podium !","twitter_creator":"@https:\/\/twitter.com\/Maxime_Caze","twitter_site":"@dicodusport","schema":{"@context":"https:\/\/schema.org","@graph":[{"@type":"NewsArticle","@id":"https:\/\/dicodusport.fr\/blog\/ibu-cup-geilo-camille-bened-rafle-la-victoire-sur-lindividuel-fany-bertrand-egalement-sur-le-podium\/#article","isPartOf":{"@id":"https:\/\/dicodusport.fr\/blog\/ibu-cup-geilo-camille-bened-rafle-la-victoire-sur-lindividuel-fany-bertrand-egalement-sur-le-podium\/"},"author":{"name":"Maxime Cazenave","@id":"https:\/\/dicodusport.fr\/blog\/#\/schema\/person\/37def232098a7a5cbab3974a3690abb0"},"headline":"IBU Cup Geilo : Camille Bened rafle la victoire sur l&rsquo;individuel, Fany Bertrand \u00e9galement sur le podium !","datePublished":"2024-12-04T10:22:33+00:00","dateModified":"2025-07-09T16:39:14+00:00","mainEntityOfPage":{"@id":"https:\/\/dicodusport.fr\/blog\/ibu-cup-geilo-camille-bened-rafle-la-victoire-sur-lindividuel-fany-bertrand-egalement-sur-le-podium\/"},"wordCount":459,"commentCount":1,"publisher":{"@id":"https:\/\/dicodusport.fr\/blog\/#organization"},"image":{"@id":"https:\/\/dicodusport.fr\/blog\/ibu-cup-geilo-camille-bened-rafle-la-victoire-sur-lindividuel-fany-bertrand-egalement-sur-le-podium\/#primaryimage"},"thumbnailUrl":"https:\/\/dicodusport.fr\/blog\/wp-content\/uploads\/2024\/12\/IBU-Cup-Geilo-Camille-Bened-rafle-la-victoire-sur-lindividuel-Fany-Bertrand-egalement-sur-le-podium-1-1.png","keywords":["Biathlon","br\u00e8ve","Camille Bened","Chlo\u00e9 Chevalier","IBU Cup","Voldiya Galmace Paulin"],"articleSection":["Biathlon"],"inLanguage":"fr-FR","potentialAction":[{"@type":"CommentAction","name":"Comment","target":["https:\/\/dicodusport.fr\/blog\/ibu-cup-geilo-camille-bened-rafle-la-victoire-sur-lindividuel-fany-bertrand-egalement-sur-le-podium\/#respond"]}],"copyrightYear":"2024","copyrightHolder":{"@id":"https:\/\/dicodusport.fr\/blog\/#organization"}},{"@type":"WebPage","@id":"https:\/\/dicodusport.fr\/blog\/ibu-cup-geilo-camille-bened-rafle-la-victoire-sur-lindividuel-fany-bertrand-egalement-sur-le-podium\/","url":"https:\/\/dicodusport.fr\/blog\/ibu-cup-geilo-camille-bened-rafle-la-victoire-sur-lindividuel-fany-bertrand-egalement-sur-le-podium\/","name":"IBU Cup Geilo : Camille Bened rafle la victoire sur l'individuel, Fany Bertrand \u00e9galement sur le podium !","isPartOf":{"@id":"https:\/\/dicodusport.fr\/blog\/#website"},"primaryImageOfPage":{"@id":"https:\/\/dicodusport.fr\/blog\/ibu-cup-geilo-camille-bened-rafle-la-victoire-sur-lindividuel-fany-bertrand-egalement-sur-le-podium\/#primaryimage"},"image":{"@id":"https:\/\/dicodusport.fr\/blog\/ibu-cup-geilo-camille-bened-rafle-la-victoire-sur-lindividuel-fany-bertrand-egalement-sur-le-podium\/#primaryimage"},"thumbnailUrl":"https:\/\/dicodusport.fr\/blog\/wp-content\/uploads\/2024\/12\/IBU-Cup-Geilo-Camille-Bened-rafle-la-victoire-sur-lindividuel-Fany-Bertrand-egalement-sur-le-podium-1-1.png","datePublished":"2024-12-04T10:22:33+00:00","dateModified":"2025-07-09T16:39:14+00:00","description":"IBU CUP 2024\/2025 - Camille Bened a d\u00e9croch\u00e9 son premier succ\u00e8s de la saison en remportant l'individuel de Geilo.","breadcrumb":{"@id":"https:\/\/dicodusport.fr\/blog\/ibu-cup-geilo-camille-bened-rafle-la-victoire-sur-lindividuel-fany-bertrand-egalement-sur-le-podium\/#breadcrumb"},"inLanguage":"fr-FR","potentialAction":[{"@type":"ReadAction","target":["https:\/\/dicodusport.fr\/blog\/ibu-cup-geilo-camille-bened-rafle-la-victoire-sur-lindividuel-fany-bertrand-egalement-sur-le-podium\/"]}]},{"@type":"ImageObject","inLanguage":"fr-FR","@id":"https:\/\/dicodusport.fr\/blog\/ibu-cup-geilo-camille-bened-rafle-la-victoire-sur-lindividuel-fany-bertrand-egalement-sur-le-podium\/#primaryimage","url":"https:\/\/dicodusport.fr\/blog\/wp-content\/uploads\/2024\/12\/IBU-Cup-Geilo-Camille-Bened-rafle-la-victoire-sur-lindividuel-Fany-Bertrand-egalement-sur-le-podium-1-1.png","contentUrl":"https:\/\/dicodusport.fr\/blog\/wp-content\/uploads\/2024\/12\/IBU-Cup-Geilo-Camille-Bened-rafle-la-victoire-sur-lindividuel-Fany-Bertrand-egalement-sur-le-podium-1-1.png","width":1200,"height":674,"caption":"IBU Cup Geilo Camille Bened rafle la victoire sur l'individuel, Fany Bertrand \u00e9galement sur le podium !"},{"@type":"BreadcrumbList","@id":"https:\/\/dicodusport.fr\/blog\/ibu-cup-geilo-camille-bened-rafle-la-victoire-sur-lindividuel-fany-bertrand-egalement-sur-le-podium\/#breadcrumb","itemListElement":[{"@type":"ListItem","position":1,"name":"Accueil","item":"https:\/\/dicodusport.fr\/blog\/"},{"@type":"ListItem","position":2,"name":"IBU Cup Geilo : Camille Bened rafle la victoire sur l&rsquo;individuel, Fany Bertrand \u00e9galement sur le podium !"}]},{"@type":"WebSite","@id":"https:\/\/dicodusport.fr\/blog\/#website","url":"https:\/\/dicodusport.fr\/blog\/","name":"Dicodusport","description":"L&#039;encyclop\u00e9die de l&#039;actualit\u00e9 sportive","publisher":{"@id":"https:\/\/dicodusport.fr\/blog\/#organization"},"potentialAction":[{"@type":"SearchAction","target":{"@type":"EntryPoint","urlTemplate":"https:\/\/dicodusport.fr\/blog\/?s={search_term_string}"},"query-input":{"@type":"PropertyValueSpecification","valueRequired":true,"valueName":"search_term_string"}}],"inLanguage":"fr-FR"},{"@type":"NewsMediaOrganization","@id":"https:\/\/dicodusport.fr\/blog\/#organization","name":"Dicodusport","url":"https:\/\/dicodusport.fr\/blog\/","logo":{"@type":"ImageObject","inLanguage":"fr-FR","@id":"https:\/\/dicodusport.fr\/blog\/#\/schema\/logo\/image\/","url":"https:\/\/dicodusport.fr\/blog\/wp-content\/uploads\/2020\/06\/cropped-LOGO-DICODUSPORT-2020-SANS-FOND-SANS-TEXTE.png","contentUrl":"https:\/\/dicodusport.fr\/blog\/wp-content\/uploads\/2020\/06\/cropped-LOGO-DICODUSPORT-2020-SANS-FOND-SANS-TEXTE.png","width":512,"height":512,"caption":"Dicodusport"},"image":{"@id":"https:\/\/dicodusport.fr\/blog\/#\/schema\/logo\/image\/"},"sameAs":["https:\/\/www.facebook.com\/dicodusport","https:\/\/x.com\/dicodusport","https:\/\/www.instagram.com\/dicodusport\/","https:\/\/www.youtube.com\/channel\/UC7V2KZ5sd3htJivAbA4ZG3w"],"description":"Dicodusport est l'encyclop\u00e9die de l'actualit\u00e9 sportive.","email":"bonjour@dicodusport.fr","legalName":"DICODUSPORT","foundingDate":"2018-01-14","vatID":"FR71834470973","taxID":"83447097300043","numberOfEmployees":{"@type":"QuantitativeValue","minValue":"1","maxValue":"10"}},{"@type":"Person","@id":"https:\/\/dicodusport.fr\/blog\/#\/schema\/person\/37def232098a7a5cbab3974a3690abb0","name":"Maxime Cazenave","image":{"@type":"ImageObject","inLanguage":"fr-FR","@id":"https:\/\/dicodusport.fr\/blog\/#\/schema\/person\/image\/","url":"https:\/\/dicodusport.fr\/blog\/wp-content\/uploads\/2021\/05\/Maxime-Cazenave-150x150.jpg","contentUrl":"https:\/\/dicodusport.fr\/blog\/wp-content\/uploads\/2021\/05\/Maxime-Cazenave-150x150.jpg","caption":"Maxime Cazenave"},"description":"Journaliste\/R\u00e9dacteur depuis 2012 - Berc\u00e9 par l\u2019amour des Girondins de Bordeaux, les \u00e9checs de Christophe Moreau sur le Tour de France sous l'\u00e8re Lance Armstrong et le fade-away l\u00e9tal de Dirk Nowitzki, ma passion d\u00e9vorante pour le sport a toujours \u00e9t\u00e9 un pan incontournable de ma vie. Transmettre ma passion \u00e0 l\u2019\u00e9crit a \u00e9t\u00e9 une transition naturelle. Suiveur assidu de basket et de hockey sur glace, je garde toujours un peu de place pour suivre le cyclisme, le football et le maximum de performances fran\u00e7aises.","sameAs":["https:\/\/x.com\/https:\/\/twitter.com\/Maxime_Caze"],"url":"https:\/\/dicodusport.fr\/blog\/author\/maximec\/"}]}},"_links":{"self":[{"href":"https:\/\/dicodusport.fr\/blog\/wp-json\/wp\/v2\/posts\/537240","targetHints":{"allow":["GET"]}}],"collection":[{"href":"https:\/\/dicodusport.fr\/blog\/wp-json\/wp\/v2\/posts"}],"about":[{"href":"https:\/\/dicodusport.fr\/blog\/wp-json\/wp\/v2\/types\/post"}],"author":[{"embeddable":true,"href":"https:\/\/dicodusport.fr\/blog\/wp-json\/wp\/v2\/users\/55"}],"replies":[{"embeddable":true,"href":"https:\/\/dicodusport.fr\/blog\/wp-json\/wp\/v2\/comments?post=537240"}],"version-history":[{"count":5,"href":"https:\/\/dicodusport.fr\/blog\/wp-json\/wp\/v2\/posts\/537240\/revisions"}],"predecessor-version":[{"id":537285,"href":"https:\/\/dicodusport.fr\/blog\/wp-json\/wp\/v2\/posts\/537240\/revisions\/537285"}],"wp:featuredmedia":[{"embeddable":true,"href":"https:\/\/dicodusport.fr\/blog\/wp-json\/wp\/v2\/media\/537316"}],"wp:attachment":[{"href":"https:\/\/dicodusport.fr\/blog\/wp-json\/wp\/v2\/media?parent=537240"}],"wp:term":[{"taxonomy":"category","embeddable":true,"href":"https:\/\/dicodusport.fr\/blog\/wp-json\/wp\/v2\/categories?post=537240"},{"taxonomy":"post_tag","embeddable":true,"href":"https:\/\/dicodusport.fr\/blog\/wp-json\/wp\/v2\/tags?post=537240"}],"curies":[{"name":"wp","href":"https:\/\/api.w.org\/{rel}","templated":true}]}}