{"id":537477,"date":"2024-12-05T14:05:08","date_gmt":"2024-12-05T13:05:08","guid":{"rendered":"https:\/\/dicodusport.fr\/blog\/?p=537477&#038;preview=true&#038;preview_id=537477"},"modified":"2024-12-05T14:05:08","modified_gmt":"2024-12-05T13:05:08","slug":"marche-athletique-world-athletics-va-modifier-les-distances-en-2026","status":"publish","type":"post","link":"https:\/\/dicodusport.fr\/blog\/marche-athletique-world-athletics-va-modifier-les-distances-en-2026\/","title":{"rendered":"Marche athl\u00e9tique : World Athletics va modifier les distances en 2026"},"content":{"rendered":"<h4 style=\"text-align: justify;\"><em>ATHL\u00c9TISME &#8211; World Athletics a annonc\u00e9 ce jeudi, le remplacement, en 2026, des 20 et 35 km marche. Pour instaurer un semi et un marathon marche \u00e0 la place.<\/em><\/h4>\n<ul>\n<li style=\"text-align: justify;\"><strong>\u00c0 ce sujet &#8211; <a href=\"https:\/\/dicodusport.fr\/blog\/actualites\/athletisme\/\">L&rsquo;actualit\u00e9 de l&rsquo;athl\u00e9tisme<\/a><\/strong><\/li>\n<\/ul>\n<p style=\"text-align: justify;\">Encore du chamboulement \u00e0 venir pour le monde de la <strong>marche athl\u00e9tique<\/strong>. <em>World Athletics<\/em> a d\u00e9cid\u00e9 de modifier une nouvelle fois les distances, lors des grands rendez-vous internationaux. Pour s&rsquo;aligner sur les distances officielles de course. Ainsi, le 20 kilom\u00e8tres va devenir un semi-marathon et le 35 kilom\u00e8tres va devenir un marathon. La distance du marathon avait d\u00e9j\u00e0 fait son apparition, lors des derniers <a href=\"https:\/\/dicodusport.fr\/blog\/jo-paris-2024\/\">JO de Paris 2024<\/a>, sous forme d&rsquo;un relais avec deux marcheurs. Une distance qui semble avoir s\u00e9duit les instances internationales. Qui a ent\u00e9rin\u00e9 la d\u00e9cision, ce mercredi, \u00e0 Monaco.<\/p>\n<p style=\"text-align: justify;\">Ce changement s&rsquo;appliquera en 2026 et ne concernera pas <a href=\"https:\/\/dicodusport.fr\/blog\/athletisme-les-minima-pour-les-championnats-du-monde-2025-de-tokyo\/\">les prochains championnats du monde 2025, pr\u00e9vus \u00e0 Tokyo<\/a>. Le marathon a d\u00e9j\u00e0 \u00e9t\u00e9 pratiqu\u00e9 officieusement par certains marcheurs. <strong>Yohann Diniz<\/strong>, recordman du monde du 50 km marche, s&rsquo;y est d\u00e9j\u00e0 essay\u00e9. Comme <strong>Aur\u00e9lien Quinion<\/strong>, lors du Marathon de Paris 2024 (3h06:32). Ce dernier, r\u00e9put\u00e9 pour son endurance dans la marche, pourrait bien \u00eatre un des grands gagnants de ce changement, avec une distance de nouveau rallong\u00e9e lors des \u00e9preuves internationales. Apr\u00e8s avoir \u00e9t\u00e9 raccourcie de 15 kilom\u00e8tres. Cela impliquera \u00e9galement des nouveaux records du monde, continentaux et nationaux. Les statisticiens auront du travail et les comparaisons avec les anciennes distances, seront l\u00e9gion. Notamment le 20 km, distance historique, qui passera \u00e0 la trappe.<\/p>\n<p style=\"text-align: justify;\">Changement aussi du c\u00f4t\u00e9 des U20. Avec un passage du 10 000 m au 5 000 m, lors des \u00e9preuves internationales. Qui s&rsquo;appliquera aux prochains mondiaux juniors U20.<\/p>\n<blockquote class=\"twitter-tweet\">\n<p dir=\"ltr\" lang=\"fr\">\ud83e\udd1d \ud835\uddd6\ud835\uddfc\ud835\ude02\ud835\uddff\ud835\uddf2\ud835\ude02\ud835\uddff\ud835\ude00 \ud835\uddf2\ud835\ude01 \ud835\uddfa\ud835\uddee\ud835\uddff\ud835\uddf0\ud835\uddf5\ud835\uddf2\ud835\ude02\ud835\uddff\ud835\ude00, \ud835\uddfa\ud835\uddf2\u0302\ud835\uddfa\ud835\uddf2 \ud835\uddf3\ud835\uddee\ud835\uddfa\ud835\uddf6\ud835\uddf9\ud835\uddf9\ud835\uddf2 !<\/p>\n<p>D\u00e8s 2026, les \u00e9preuves de marche athl\u00e9tique du 20 km et du 35 km seront respectivement remplac\u00e9es par des semi-marathons et des marathons \ud83c\udd95\ufe0f<a href=\"https:\/\/t.co\/77io33uqYl\">https:\/\/t.co\/77io33uqYl<\/a><\/p>\n<p>\u2014 STADION (@stadion_actu) <a href=\"https:\/\/twitter.com\/stadion_actu\/status\/1864641291344126139?ref_src=twsrc%5Etfw\">December 5, 2024<\/a><\/p><\/blockquote>\n<p><script async src=\"https:\/\/platform.twitter.com\/widgets.js\" charset=\"utf-8\"><\/script><\/p>\n","protected":false},"excerpt":{"rendered":"<p>World Athletics va modifier les distances en 2026<\/p>\n","protected":false},"author":83,"featured_media":537478,"comment_status":"open","ping_status":"closed","sticky":false,"template":"","format":"standard","meta":{"_acf_changed":false,"_daextam_enable_autolinks":"1","footnotes":""},"categories":[2308],"tags":[32415,143,16878,1013,31429,889],"class_list":["post-537477","post","type-post","status-publish","format-standard","has-post-thumbnail","hentry","category-athletisme","tag-actu","tag-athletisme","tag-breve","tag-marathon","tag-marche-athletique","tag-semi-marathon"],"acf":[],"yoast_head":"<!-- This site is optimized with the Yoast SEO Premium plugin v26.7 (Yoast SEO v26.7) - https:\/\/yoast.com\/wordpress\/plugins\/seo\/ -->\n<title>Marche athl\u00e9tique : World Athletics va modifier les distances en 2026<\/title>\n<meta name=\"description\" content=\"ATHL\u00c9TISME - World Athletics a annonc\u00e9 ce jeudi, le remplacement, en 2026, des 20 et 35 km marche. Pour instaurer un semi et un marathon marche \u00e0 la place.\" \/>\n<meta name=\"robots\" content=\"index, follow, max-snippet:-1, max-image-preview:large, max-video-preview:-1\" \/>\n<link rel=\"canonical\" href=\"https:\/\/dicodusport.fr\/blog\/marche-athletique-world-athletics-va-modifier-les-distances-en-2026\/\" \/>\n<meta property=\"og:locale\" content=\"fr_FR\" \/>\n<meta property=\"og:type\" content=\"article\" \/>\n<meta property=\"og:title\" content=\"Marche athl\u00e9tique : World Athletics va modifier les distances en 2026\" \/>\n<meta property=\"og:description\" content=\"ATHL\u00c9TISME - World Athletics a annonc\u00e9 ce jeudi, le remplacement, en 2026, des 20 et 35 km marche. Pour instaurer un semi et un marathon marche \u00e0 la place.\" \/>\n<meta property=\"og:url\" content=\"https:\/\/dicodusport.fr\/blog\/marche-athletique-world-athletics-va-modifier-les-distances-en-2026\/\" \/>\n<meta property=\"og:site_name\" content=\"Dicodusport\" \/>\n<meta property=\"article:publisher\" content=\"https:\/\/www.facebook.com\/dicodusport\" \/>\n<meta property=\"article:published_time\" content=\"2024-12-05T13:05:08+00:00\" \/>\n<meta property=\"og:image\" content=\"https:\/\/dicodusport.fr\/blog\/wp-content\/uploads\/2024\/12\/Athletisme-World-Athletics-modifie-les-distances-de-la-marche.png\" \/>\n\t<meta property=\"og:image:width\" content=\"1200\" \/>\n\t<meta property=\"og:image:height\" content=\"674\" \/>\n\t<meta property=\"og:image:type\" content=\"image\/png\" \/>\n<meta name=\"author\" content=\"Etienne Goursaud\" \/>\n<meta name=\"twitter:card\" content=\"summary_large_image\" \/>\n<meta name=\"twitter:title\" content=\"Marche athl\u00e9tique : World Athletics va modifier les distances en 2026\" \/>\n<meta name=\"twitter:creator\" content=\"@dicodusport\" \/>\n<meta name=\"twitter:site\" content=\"@dicodusport\" \/>\n<script type=\"application\/ld+json\" class=\"yoast-schema-graph\">{\"@context\":\"https:\/\/schema.org\",\"@graph\":[{\"@type\":\"NewsArticle\",\"@id\":\"https:\/\/dicodusport.fr\/blog\/marche-athletique-world-athletics-va-modifier-les-distances-en-2026\/#article\",\"isPartOf\":{\"@id\":\"https:\/\/dicodusport.fr\/blog\/marche-athletique-world-athletics-va-modifier-les-distances-en-2026\/\"},\"author\":{\"name\":\"Etienne Goursaud\",\"@id\":\"https:\/\/dicodusport.fr\/blog\/#\/schema\/person\/d603dd7da31fb2b46c82b9835a77ec13\"},\"headline\":\"Marche athl\u00e9tique : World Athletics va modifier les distances en 2026\",\"datePublished\":\"2024-12-05T13:05:08+00:00\",\"mainEntityOfPage\":{\"@id\":\"https:\/\/dicodusport.fr\/blog\/marche-athletique-world-athletics-va-modifier-les-distances-en-2026\/\"},\"wordCount\":327,\"commentCount\":0,\"publisher\":{\"@id\":\"https:\/\/dicodusport.fr\/blog\/#organization\"},\"image\":{\"@id\":\"https:\/\/dicodusport.fr\/blog\/marche-athletique-world-athletics-va-modifier-les-distances-en-2026\/#primaryimage\"},\"thumbnailUrl\":\"https:\/\/dicodusport.fr\/blog\/wp-content\/uploads\/2024\/12\/Athletisme-World-Athletics-modifie-les-distances-de-la-marche.png\",\"keywords\":[\"actu\",\"Athl\u00e9tisme\",\"br\u00e8ve\",\"marathon\",\"marche athl\u00e9tique\",\"semi marathon\"],\"articleSection\":[\"Athl\u00e9tisme\"],\"inLanguage\":\"fr-FR\",\"potentialAction\":[{\"@type\":\"CommentAction\",\"name\":\"Comment\",\"target\":[\"https:\/\/dicodusport.fr\/blog\/marche-athletique-world-athletics-va-modifier-les-distances-en-2026\/#respond\"]}],\"copyrightYear\":\"2024\",\"copyrightHolder\":{\"@id\":\"https:\/\/dicodusport.fr\/blog\/#organization\"}},{\"@type\":\"WebPage\",\"@id\":\"https:\/\/dicodusport.fr\/blog\/marche-athletique-world-athletics-va-modifier-les-distances-en-2026\/\",\"url\":\"https:\/\/dicodusport.fr\/blog\/marche-athletique-world-athletics-va-modifier-les-distances-en-2026\/\",\"name\":\"Marche athl\u00e9tique : World Athletics va modifier les distances en 2026\",\"isPartOf\":{\"@id\":\"https:\/\/dicodusport.fr\/blog\/#website\"},\"primaryImageOfPage\":{\"@id\":\"https:\/\/dicodusport.fr\/blog\/marche-athletique-world-athletics-va-modifier-les-distances-en-2026\/#primaryimage\"},\"image\":{\"@id\":\"https:\/\/dicodusport.fr\/blog\/marche-athletique-world-athletics-va-modifier-les-distances-en-2026\/#primaryimage\"},\"thumbnailUrl\":\"https:\/\/dicodusport.fr\/blog\/wp-content\/uploads\/2024\/12\/Athletisme-World-Athletics-modifie-les-distances-de-la-marche.png\",\"datePublished\":\"2024-12-05T13:05:08+00:00\",\"description\":\"ATHL\u00c9TISME - World Athletics a annonc\u00e9 ce jeudi, le remplacement, en 2026, des 20 et 35 km marche. Pour instaurer un semi et un marathon marche \u00e0 la place.\",\"breadcrumb\":{\"@id\":\"https:\/\/dicodusport.fr\/blog\/marche-athletique-world-athletics-va-modifier-les-distances-en-2026\/#breadcrumb\"},\"inLanguage\":\"fr-FR\",\"potentialAction\":[{\"@type\":\"ReadAction\",\"target\":[\"https:\/\/dicodusport.fr\/blog\/marche-athletique-world-athletics-va-modifier-les-distances-en-2026\/\"]}]},{\"@type\":\"ImageObject\",\"inLanguage\":\"fr-FR\",\"@id\":\"https:\/\/dicodusport.fr\/blog\/marche-athletique-world-athletics-va-modifier-les-distances-en-2026\/#primaryimage\",\"url\":\"https:\/\/dicodusport.fr\/blog\/wp-content\/uploads\/2024\/12\/Athletisme-World-Athletics-modifie-les-distances-de-la-marche.png\",\"contentUrl\":\"https:\/\/dicodusport.fr\/blog\/wp-content\/uploads\/2024\/12\/Athletisme-World-Athletics-modifie-les-distances-de-la-marche.png\",\"width\":1200,\"height\":674,\"caption\":\"Athl\u00e9tisme - World Athletics modifie les distances de la marche\"},{\"@type\":\"BreadcrumbList\",\"@id\":\"https:\/\/dicodusport.fr\/blog\/marche-athletique-world-athletics-va-modifier-les-distances-en-2026\/#breadcrumb\",\"itemListElement\":[{\"@type\":\"ListItem\",\"position\":1,\"name\":\"Accueil\",\"item\":\"https:\/\/dicodusport.fr\/blog\/\"},{\"@type\":\"ListItem\",\"position\":2,\"name\":\"Marche athl\u00e9tique : World Athletics va modifier les distances en 2026\"}]},{\"@type\":\"WebSite\",\"@id\":\"https:\/\/dicodusport.fr\/blog\/#website\",\"url\":\"https:\/\/dicodusport.fr\/blog\/\",\"name\":\"Dicodusport\",\"description\":\"L&#039;encyclop\u00e9die de l&#039;actualit\u00e9 sportive\",\"publisher\":{\"@id\":\"https:\/\/dicodusport.fr\/blog\/#organization\"},\"potentialAction\":[{\"@type\":\"SearchAction\",\"target\":{\"@type\":\"EntryPoint\",\"urlTemplate\":\"https:\/\/dicodusport.fr\/blog\/?s={search_term_string}\"},\"query-input\":{\"@type\":\"PropertyValueSpecification\",\"valueRequired\":true,\"valueName\":\"search_term_string\"}}],\"inLanguage\":\"fr-FR\"},{\"@type\":\"NewsMediaOrganization\",\"@id\":\"https:\/\/dicodusport.fr\/blog\/#organization\",\"name\":\"Dicodusport\",\"url\":\"https:\/\/dicodusport.fr\/blog\/\",\"logo\":{\"@type\":\"ImageObject\",\"inLanguage\":\"fr-FR\",\"@id\":\"https:\/\/dicodusport.fr\/blog\/#\/schema\/logo\/image\/\",\"url\":\"https:\/\/dicodusport.fr\/blog\/wp-content\/uploads\/2020\/06\/cropped-LOGO-DICODUSPORT-2020-SANS-FOND-SANS-TEXTE.png\",\"contentUrl\":\"https:\/\/dicodusport.fr\/blog\/wp-content\/uploads\/2020\/06\/cropped-LOGO-DICODUSPORT-2020-SANS-FOND-SANS-TEXTE.png\",\"width\":512,\"height\":512,\"caption\":\"Dicodusport\"},\"image\":{\"@id\":\"https:\/\/dicodusport.fr\/blog\/#\/schema\/logo\/image\/\"},\"sameAs\":[\"https:\/\/www.facebook.com\/dicodusport\",\"https:\/\/x.com\/dicodusport\",\"https:\/\/www.instagram.com\/dicodusport\/\",\"https:\/\/www.youtube.com\/channel\/UC7V2KZ5sd3htJivAbA4ZG3w\"],\"description\":\"Dicodusport est l'encyclop\u00e9die de l'actualit\u00e9 sportive.\",\"email\":\"bonjour@dicodusport.fr\",\"legalName\":\"DICODUSPORT\",\"foundingDate\":\"2018-01-14\",\"vatID\":\"FR71834470973\",\"taxID\":\"83447097300043\",\"numberOfEmployees\":{\"@type\":\"QuantitativeValue\",\"minValue\":\"1\",\"maxValue\":\"10\"}},{\"@type\":\"Person\",\"@id\":\"https:\/\/dicodusport.fr\/blog\/#\/schema\/person\/d603dd7da31fb2b46c82b9835a77ec13\",\"name\":\"Etienne Goursaud\",\"image\":{\"@type\":\"ImageObject\",\"inLanguage\":\"fr-FR\",\"@id\":\"https:\/\/dicodusport.fr\/blog\/#\/schema\/person\/image\/\",\"url\":\"https:\/\/dicodusport.fr\/blog\/wp-content\/uploads\/2023\/12\/410122264_10231602061736049_5565839791558026645_n-150x150.jpg\",\"contentUrl\":\"https:\/\/dicodusport.fr\/blog\/wp-content\/uploads\/2023\/12\/410122264_10231602061736049_5565839791558026645_n-150x150.jpg\",\"caption\":\"Etienne Goursaud\"},\"description\":\"Journaliste et amoureux de sport. Ancien footballeur reconverti athl\u00e8te quand ses muscles le laissent tranquille. \u00c9lev\u00e9 \u00e0 la sauce des exploits de Thomas Voeckler en 2004, du dernier essai de l\u00e9gende de Eunice Barber \u00e0 la longueur lors des championnats du monde d'athl\u00e9tisme de 2003 mais aussi Zidane, Omeyer et Titou Lamaison.\",\"url\":\"https:\/\/dicodusport.fr\/blog\/author\/etienne-goursaud\/\"}]}<\/script>\n<!-- \/ Yoast SEO Premium plugin. -->","yoast_head_json":{"title":"Marche athl\u00e9tique : World Athletics va modifier les distances en 2026","description":"ATHL\u00c9TISME - World Athletics a annonc\u00e9 ce jeudi, le remplacement, en 2026, des 20 et 35 km marche. Pour instaurer un semi et un marathon marche \u00e0 la place.","robots":{"index":"index","follow":"follow","max-snippet":"max-snippet:-1","max-image-preview":"max-image-preview:large","max-video-preview":"max-video-preview:-1"},"canonical":"https:\/\/dicodusport.fr\/blog\/marche-athletique-world-athletics-va-modifier-les-distances-en-2026\/","og_locale":"fr_FR","og_type":"article","og_title":"Marche athl\u00e9tique : World Athletics va modifier les distances en 2026","og_description":"ATHL\u00c9TISME - World Athletics a annonc\u00e9 ce jeudi, le remplacement, en 2026, des 20 et 35 km marche. Pour instaurer un semi et un marathon marche \u00e0 la place.","og_url":"https:\/\/dicodusport.fr\/blog\/marche-athletique-world-athletics-va-modifier-les-distances-en-2026\/","og_site_name":"Dicodusport","article_publisher":"https:\/\/www.facebook.com\/dicodusport","article_published_time":"2024-12-05T13:05:08+00:00","og_image":[{"width":1200,"height":674,"url":"https:\/\/dicodusport.fr\/blog\/wp-content\/uploads\/2024\/12\/Athletisme-World-Athletics-modifie-les-distances-de-la-marche.png","type":"image\/png"}],"author":"Etienne Goursaud","twitter_card":"summary_large_image","twitter_title":"Marche athl\u00e9tique : World Athletics va modifier les distances en 2026","twitter_creator":"@dicodusport","twitter_site":"@dicodusport","schema":{"@context":"https:\/\/schema.org","@graph":[{"@type":"NewsArticle","@id":"https:\/\/dicodusport.fr\/blog\/marche-athletique-world-athletics-va-modifier-les-distances-en-2026\/#article","isPartOf":{"@id":"https:\/\/dicodusport.fr\/blog\/marche-athletique-world-athletics-va-modifier-les-distances-en-2026\/"},"author":{"name":"Etienne Goursaud","@id":"https:\/\/dicodusport.fr\/blog\/#\/schema\/person\/d603dd7da31fb2b46c82b9835a77ec13"},"headline":"Marche athl\u00e9tique : World Athletics va modifier les distances en 2026","datePublished":"2024-12-05T13:05:08+00:00","mainEntityOfPage":{"@id":"https:\/\/dicodusport.fr\/blog\/marche-athletique-world-athletics-va-modifier-les-distances-en-2026\/"},"wordCount":327,"commentCount":0,"publisher":{"@id":"https:\/\/dicodusport.fr\/blog\/#organization"},"image":{"@id":"https:\/\/dicodusport.fr\/blog\/marche-athletique-world-athletics-va-modifier-les-distances-en-2026\/#primaryimage"},"thumbnailUrl":"https:\/\/dicodusport.fr\/blog\/wp-content\/uploads\/2024\/12\/Athletisme-World-Athletics-modifie-les-distances-de-la-marche.png","keywords":["actu","Athl\u00e9tisme","br\u00e8ve","marathon","marche athl\u00e9tique","semi marathon"],"articleSection":["Athl\u00e9tisme"],"inLanguage":"fr-FR","potentialAction":[{"@type":"CommentAction","name":"Comment","target":["https:\/\/dicodusport.fr\/blog\/marche-athletique-world-athletics-va-modifier-les-distances-en-2026\/#respond"]}],"copyrightYear":"2024","copyrightHolder":{"@id":"https:\/\/dicodusport.fr\/blog\/#organization"}},{"@type":"WebPage","@id":"https:\/\/dicodusport.fr\/blog\/marche-athletique-world-athletics-va-modifier-les-distances-en-2026\/","url":"https:\/\/dicodusport.fr\/blog\/marche-athletique-world-athletics-va-modifier-les-distances-en-2026\/","name":"Marche athl\u00e9tique : World Athletics va modifier les distances en 2026","isPartOf":{"@id":"https:\/\/dicodusport.fr\/blog\/#website"},"primaryImageOfPage":{"@id":"https:\/\/dicodusport.fr\/blog\/marche-athletique-world-athletics-va-modifier-les-distances-en-2026\/#primaryimage"},"image":{"@id":"https:\/\/dicodusport.fr\/blog\/marche-athletique-world-athletics-va-modifier-les-distances-en-2026\/#primaryimage"},"thumbnailUrl":"https:\/\/dicodusport.fr\/blog\/wp-content\/uploads\/2024\/12\/Athletisme-World-Athletics-modifie-les-distances-de-la-marche.png","datePublished":"2024-12-05T13:05:08+00:00","description":"ATHL\u00c9TISME - World Athletics a annonc\u00e9 ce jeudi, le remplacement, en 2026, des 20 et 35 km marche. Pour instaurer un semi et un marathon marche \u00e0 la place.","breadcrumb":{"@id":"https:\/\/dicodusport.fr\/blog\/marche-athletique-world-athletics-va-modifier-les-distances-en-2026\/#breadcrumb"},"inLanguage":"fr-FR","potentialAction":[{"@type":"ReadAction","target":["https:\/\/dicodusport.fr\/blog\/marche-athletique-world-athletics-va-modifier-les-distances-en-2026\/"]}]},{"@type":"ImageObject","inLanguage":"fr-FR","@id":"https:\/\/dicodusport.fr\/blog\/marche-athletique-world-athletics-va-modifier-les-distances-en-2026\/#primaryimage","url":"https:\/\/dicodusport.fr\/blog\/wp-content\/uploads\/2024\/12\/Athletisme-World-Athletics-modifie-les-distances-de-la-marche.png","contentUrl":"https:\/\/dicodusport.fr\/blog\/wp-content\/uploads\/2024\/12\/Athletisme-World-Athletics-modifie-les-distances-de-la-marche.png","width":1200,"height":674,"caption":"Athl\u00e9tisme - World Athletics modifie les distances de la marche"},{"@type":"BreadcrumbList","@id":"https:\/\/dicodusport.fr\/blog\/marche-athletique-world-athletics-va-modifier-les-distances-en-2026\/#breadcrumb","itemListElement":[{"@type":"ListItem","position":1,"name":"Accueil","item":"https:\/\/dicodusport.fr\/blog\/"},{"@type":"ListItem","position":2,"name":"Marche athl\u00e9tique : World Athletics va modifier les distances en 2026"}]},{"@type":"WebSite","@id":"https:\/\/dicodusport.fr\/blog\/#website","url":"https:\/\/dicodusport.fr\/blog\/","name":"Dicodusport","description":"L&#039;encyclop\u00e9die de l&#039;actualit\u00e9 sportive","publisher":{"@id":"https:\/\/dicodusport.fr\/blog\/#organization"},"potentialAction":[{"@type":"SearchAction","target":{"@type":"EntryPoint","urlTemplate":"https:\/\/dicodusport.fr\/blog\/?s={search_term_string}"},"query-input":{"@type":"PropertyValueSpecification","valueRequired":true,"valueName":"search_term_string"}}],"inLanguage":"fr-FR"},{"@type":"NewsMediaOrganization","@id":"https:\/\/dicodusport.fr\/blog\/#organization","name":"Dicodusport","url":"https:\/\/dicodusport.fr\/blog\/","logo":{"@type":"ImageObject","inLanguage":"fr-FR","@id":"https:\/\/dicodusport.fr\/blog\/#\/schema\/logo\/image\/","url":"https:\/\/dicodusport.fr\/blog\/wp-content\/uploads\/2020\/06\/cropped-LOGO-DICODUSPORT-2020-SANS-FOND-SANS-TEXTE.png","contentUrl":"https:\/\/dicodusport.fr\/blog\/wp-content\/uploads\/2020\/06\/cropped-LOGO-DICODUSPORT-2020-SANS-FOND-SANS-TEXTE.png","width":512,"height":512,"caption":"Dicodusport"},"image":{"@id":"https:\/\/dicodusport.fr\/blog\/#\/schema\/logo\/image\/"},"sameAs":["https:\/\/www.facebook.com\/dicodusport","https:\/\/x.com\/dicodusport","https:\/\/www.instagram.com\/dicodusport\/","https:\/\/www.youtube.com\/channel\/UC7V2KZ5sd3htJivAbA4ZG3w"],"description":"Dicodusport est l'encyclop\u00e9die de l'actualit\u00e9 sportive.","email":"bonjour@dicodusport.fr","legalName":"DICODUSPORT","foundingDate":"2018-01-14","vatID":"FR71834470973","taxID":"83447097300043","numberOfEmployees":{"@type":"QuantitativeValue","minValue":"1","maxValue":"10"}},{"@type":"Person","@id":"https:\/\/dicodusport.fr\/blog\/#\/schema\/person\/d603dd7da31fb2b46c82b9835a77ec13","name":"Etienne Goursaud","image":{"@type":"ImageObject","inLanguage":"fr-FR","@id":"https:\/\/dicodusport.fr\/blog\/#\/schema\/person\/image\/","url":"https:\/\/dicodusport.fr\/blog\/wp-content\/uploads\/2023\/12\/410122264_10231602061736049_5565839791558026645_n-150x150.jpg","contentUrl":"https:\/\/dicodusport.fr\/blog\/wp-content\/uploads\/2023\/12\/410122264_10231602061736049_5565839791558026645_n-150x150.jpg","caption":"Etienne Goursaud"},"description":"Journaliste et amoureux de sport. Ancien footballeur reconverti athl\u00e8te quand ses muscles le laissent tranquille. \u00c9lev\u00e9 \u00e0 la sauce des exploits de Thomas Voeckler en 2004, du dernier essai de l\u00e9gende de Eunice Barber \u00e0 la longueur lors des championnats du monde d'athl\u00e9tisme de 2003 mais aussi Zidane, Omeyer et Titou Lamaison.","url":"https:\/\/dicodusport.fr\/blog\/author\/etienne-goursaud\/"}]}},"_links":{"self":[{"href":"https:\/\/dicodusport.fr\/blog\/wp-json\/wp\/v2\/posts\/537477","targetHints":{"allow":["GET"]}}],"collection":[{"href":"https:\/\/dicodusport.fr\/blog\/wp-json\/wp\/v2\/posts"}],"about":[{"href":"https:\/\/dicodusport.fr\/blog\/wp-json\/wp\/v2\/types\/post"}],"author":[{"embeddable":true,"href":"https:\/\/dicodusport.fr\/blog\/wp-json\/wp\/v2\/users\/83"}],"replies":[{"embeddable":true,"href":"https:\/\/dicodusport.fr\/blog\/wp-json\/wp\/v2\/comments?post=537477"}],"version-history":[{"count":3,"href":"https:\/\/dicodusport.fr\/blog\/wp-json\/wp\/v2\/posts\/537477\/revisions"}],"predecessor-version":[{"id":537483,"href":"https:\/\/dicodusport.fr\/blog\/wp-json\/wp\/v2\/posts\/537477\/revisions\/537483"}],"wp:featuredmedia":[{"embeddable":true,"href":"https:\/\/dicodusport.fr\/blog\/wp-json\/wp\/v2\/media\/537478"}],"wp:attachment":[{"href":"https:\/\/dicodusport.fr\/blog\/wp-json\/wp\/v2\/media?parent=537477"}],"wp:term":[{"taxonomy":"category","embeddable":true,"href":"https:\/\/dicodusport.fr\/blog\/wp-json\/wp\/v2\/categories?post=537477"},{"taxonomy":"post_tag","embeddable":true,"href":"https:\/\/dicodusport.fr\/blog\/wp-json\/wp\/v2\/tags?post=537477"}],"curies":[{"name":"wp","href":"https:\/\/api.w.org\/{rel}","templated":true}]}}