{"id":537739,"date":"2024-12-06T19:31:17","date_gmt":"2024-12-06T18:31:17","guid":{"rendered":"https:\/\/dicodusport.fr\/blog\/?p=537739&#038;preview=true&#038;preview_id=537739"},"modified":"2024-12-06T19:31:17","modified_gmt":"2024-12-06T18:31:17","slug":"transferts-rugby-alexandre-fischer-joris-jurand-john-cooney-les-infos-du-vendredi-6-decembre","status":"publish","type":"post","link":"https:\/\/dicodusport.fr\/blog\/transferts-rugby-alexandre-fischer-joris-jurand-john-cooney-les-infos-du-vendredi-6-decembre\/","title":{"rendered":"Transferts Rugby : Alexandre Fischer, Joris Jurand, John Cooney, les infos du vendredi 6 d\u00e9cembre"},"content":{"rendered":"<h4 style=\"text-align: justify;\" align=\"justify\"><em>TRANSFERTS RUGBY &#8211; Avenir scell\u00e9 pour Alexandre Fischer et Joris Jurand (Clermont), John Cooney (Ulster) signe en Pro D2 : les infos transferts de ce vendredi 6 d\u00e9cembre 2024.<\/em><\/h4>\n<h2 style=\"text-align: justify;\">ASM Clermont : Alexandre Fischer va rempiler<\/h2>\n<p style=\"text-align: justify;\">Le N\u00e9o-Z\u00e9landais<span class=\"LEwnzc Sqrs4e\">\u00a0<\/span><strong>Pita-Gus Sowakula<\/strong> (30 ans) prolong\u00e9, <strong>Romain Briatte<\/strong> (32 ans, Stade Fran\u00e7ais) qui devrait finalement prolonger chez les <em>Soldats Roses<\/em>, la troisi\u00e8me ligne clermontoise est en chantier. Mais le club auvergnat va enregistrer une excellente nouvelle du c\u00f4t\u00e9 de ses flankeurs. En effet, selon le <em>Midi Olympique<\/em>, <strong>Alexandre Fischer<\/strong> (26 ans) va prolonger au Michelin.<\/p>\n<p style=\"text-align: justify;\">Courtis\u00e9 par une <strong>UBB<\/strong> insistante, celui qui a fait ses classes \u00e0 Issoire avant d&rsquo;achever sa formation et de faire ses premiers pas professionnels avec l&rsquo;<strong>ASM Clermont<\/strong>, a d\u00e9cid\u00e9 de rester loyal aux <em>Jaunards<\/em>. Les blessures \u00e0 r\u00e9p\u00e9tition ces deux derni\u00e8res ann\u00e9es auraient pu refroidir le board clermontois, mais le retour en forme d&rsquo;<strong>Alexandre Fischer<\/strong> ces derni\u00e8res semaines a chang\u00e9 la donne. Le troisi\u00e8me ligne a d\u00e9but\u00e9 cinq des six derniers matchs de l&rsquo;<strong>ASM<\/strong>\u00a0en championnat et compte d\u00e9j\u00e0 neuf feuilles de match depuis le d\u00e9but de saison.<\/p>\n<p style=\"text-align: justify;\"><em><strong>L&rsquo;avis de Dicodusport<\/strong> <strong>:<\/strong> Le choix de la fid\u00e9lit\u00e9 pour Alexandre Fischer. En pleine possession de ses moyens et \u00e9pargn\u00e9 par les blessures, Fischer est l&rsquo;un des meilleurs flankeurs du championnat. Et \u00e7a, Christophe Urios l&rsquo;a bien compris, coupant l&rsquo;herbe sous le pied \u00e0 l&rsquo;UBB, tr\u00e8s int\u00e9ress\u00e9e par le natif de Chaumont (Haute-Marne).<\/em><\/p>\n<ul style=\"text-align: justify;\">\n<li style=\"text-align: justify;\"><strong>\u00c0 ce sujet &#8211; <a href=\"https:\/\/dicodusport.fr\/blog\/transferts-asm-clermont-courtise-par-lubb-alexandre-fischer-a-tranche-pour-son-avenir\/\">Transferts ASM Clermont : Courtis\u00e9 par l\u2019UBB, Alexandre Fischer a tranch\u00e9 pour son avenir<\/a><br \/>\n<\/strong><\/li>\n<\/ul>\n<h2 style=\"text-align: justify;\">ASM Clermont bis : Joris Jurand prolonge aussi<\/h2>\n<p style=\"text-align: justify;\">Victime d&rsquo;une grave blessure contre Castres samedi dernier, une rupture du tendon d&rsquo;Achille du pied droit, <strong>Joris Jurand<\/strong> (29 ans) ne jouera plus de la saison. Un gros coup dur, forc\u00e9ment, pour l&rsquo;<strong>ASM Clermont<\/strong>. L&rsquo;ailier\/arri\u00e8re, arriv\u00e9 au club en 2023, avait d\u00e9marr\u00e9 sept rencontres depuis le d\u00e9but de saison, pour deux essais inscrits. Le trois-quarts pass\u00e9 par le <strong>MHR<\/strong> est un maillon essentiel du dispositif de <strong>Christophe Urios<\/strong>.<\/p>\n<p style=\"text-align: justify;\">En fin de contrat en juin prochain, <strong>Joris Jurand<\/strong> \u00e9tait convoit\u00e9 par plusieurs \u00e9curies de Top 14. La province irlandaise du <strong>Leinster<\/strong> s&rsquo;\u00e9tait \u00e9galement int\u00e9ress\u00e9e \u00e0 son profil. Finalement, <strong>Jurand<\/strong> ne bougera pas \u00e0 l&rsquo;\u00e9t\u00e9 prochain. Selon <a href=\"https:\/\/www.lequipe.fr\/Rugby\/Actualites\/Joris-jurand-clermont-va-prolonger\/1524840\"><em>L&rsquo;\u00c9quipe<\/em><\/a>, il va prolonger son contrat pour deux saisons suppl\u00e9mentaires, avec une troisi\u00e8me en option. Une bonne nouvelle en plus donc, pour les supporters clermontois.<\/p>\n<p style=\"text-align: justify;\"><em><strong>L&rsquo;avis de Dicodusport<\/strong> <strong>: <\/strong>L\u00e0 aussi, malgr\u00e9 des sollicitations int\u00e9ressantes, Joris Jurand a fait le choix de s&rsquo;inscire dans la dur\u00e9e dans le projet clermontois. Un signal fort envoy\u00e9 \u00e0 Christophe Urios, qui appr\u00e9cie fortement le profil de l&rsquo;ancien Briviste.<\/em><\/p>\n<h2 style=\"text-align: justify;\">CA Brive : John Cooney (Ulster) s&rsquo;engage<\/h2>\n<p style=\"text-align: justify;\">Le <strong>CA Brive<\/strong> a trouv\u00e9 son demi de m\u00eal\u00e9e d&rsquo;exp\u00e9rience en vue de la saison prochaine. <em>L&rsquo;\u00c9quipe<\/em> confirme en effet l&rsquo;arriv\u00e9e de l&rsquo;international irlandais <strong>John Cooney<\/strong> (34 ans), en provenance de l&rsquo;<strong>Ulster<\/strong>. Ce dernier, \u00e9galement courtis\u00e9 par l&rsquo;<strong>Union Bordeaux-B\u00e8gles<\/strong>, a sign\u00e9 un bail de deux saisons en Corr\u00e8ze. Il remplacera num\u00e9riquement <strong>L\u00e9o Carbonneau<\/strong> (20 ans), en partance pour le Racing 92.<\/p>\n<p style=\"text-align: justify;\"><strong>Cooney<\/strong>, ce sont 11 s\u00e9lections avec le <em>XV du Tr\u00e8fle<\/em>. En fin de contrat chez les <em>Ulstermen<\/em>, le num\u00e9ro 9 irlandais est aussi par le <strong>Leinster<\/strong> au cours de sa carri\u00e8re. Barr\u00e9 en s\u00e9lection, il va donc d\u00e9couvrir un nouveau championnat. \u00c0 noter que le CAB reste toujours en contact avec <strong>Maxime Machenaud<\/strong> (35 ans, Bayonne).<\/p>\n<p style=\"text-align: justify;\"><em><strong>L&rsquo;avis de Dicodusport<\/strong> <strong>:<\/strong> Brive qui grille la politesse \u00e0 l&rsquo;UBB sur le march\u00e9 des mutations, \u00e7a n&rsquo;arrive pas tous les jours. Une excellente pioche en tout cas pour les Corr\u00e9ziens, John Cooney \u00e9tant un demi de m\u00eal\u00e9e d&rsquo;exp\u00e9rience \u00e0 haut niveau.<\/em><\/p>\n<ul style=\"text-align: justify;\">\n<li style=\"text-align: justify;\"><strong>\u00c0 ce sujet &#8211;\u00a0<a href=\"https:\/\/dicodusport.fr\/blog\/transferts-lirlandais-john-cooney-signe-en-pro-d2\/\">Transferts : L\u2019Irlandais John Cooney signe en Pro D2<\/a><\/strong><\/li>\n<\/ul>\n","protected":false},"excerpt":{"rendered":"<p>Alexandre Fischer, Joris Jurand, John Cooney, les infos du vendredi 6 d\u00e9cembre<\/p>\n","protected":false},"author":4,"featured_media":537762,"comment_status":"open","ping_status":"closed","sticky":false,"template":"","format":"standard","meta":{"_acf_changed":false,"_daextam_enable_autolinks":"1","footnotes":""},"categories":[9129,47050],"tags":[32415,16878,28226,13,110,29105],"class_list":["post-537739","post","type-post","status-publish","format-standard","has-post-thumbnail","hentry","category-rugby-a-xv","category-top-14","tag-actu","tag-breve","tag-mercato-rugby","tag-rugby","tag-rugby-a-xv","tag-transferts-rugby"],"acf":[],"yoast_head":"<!-- This site is optimized with the Yoast SEO Premium plugin v26.7 (Yoast SEO v26.7) - https:\/\/yoast.com\/wordpress\/plugins\/seo\/ -->\n<title>Transferts Rugby : Alexandre Fischer, Joris Jurand, John Cooney, les infos du vendredi 6 d\u00e9cembre<\/title>\n<meta name=\"description\" content=\"TRANSFERTS RUGBY - Avenir scell\u00e9 pour Alexandre Fischer et Joris Jurand (Clermont), John Cooney (Ulster) signe en Pro D2 : les infos transferts de ce vendredi 6 d\u00e9cembre 2024.\" \/>\n<meta name=\"robots\" content=\"index, follow, max-snippet:-1, max-image-preview:large, max-video-preview:-1\" \/>\n<link rel=\"canonical\" href=\"https:\/\/dicodusport.fr\/blog\/transferts-rugby-alexandre-fischer-joris-jurand-john-cooney-les-infos-du-vendredi-6-decembre\/\" \/>\n<meta property=\"og:locale\" content=\"fr_FR\" \/>\n<meta property=\"og:type\" content=\"article\" \/>\n<meta property=\"og:title\" content=\"Transferts Rugby : Alexandre Fischer, Joris Jurand, John Cooney, les infos du vendredi 6 d\u00e9cembre\" \/>\n<meta property=\"og:description\" content=\"TRANSFERTS RUGBY - Avenir scell\u00e9 pour Alexandre Fischer et Joris Jurand (Clermont), John Cooney (Ulster) signe en Pro D2 : les infos transferts de ce vendredi 6 d\u00e9cembre 2024.\" \/>\n<meta property=\"og:url\" content=\"https:\/\/dicodusport.fr\/blog\/transferts-rugby-alexandre-fischer-joris-jurand-john-cooney-les-infos-du-vendredi-6-decembre\/\" \/>\n<meta property=\"og:site_name\" content=\"Dicodusport\" \/>\n<meta property=\"article:publisher\" content=\"https:\/\/www.facebook.com\/dicodusport\" \/>\n<meta property=\"article:author\" content=\"https:\/\/www.facebook.com\/florent.ostermann\" \/>\n<meta property=\"article:published_time\" content=\"2024-12-06T18:31:17+00:00\" \/>\n<meta property=\"og:image\" content=\"https:\/\/dicodusport.fr\/blog\/wp-content\/uploads\/2024\/12\/Transferts-Rugby-Alexandre-Fischer-Joris-Jurand-John-Cooney-les-infos-du-vendredi-6-decembre.png\" \/>\n\t<meta property=\"og:image:width\" content=\"1200\" \/>\n\t<meta property=\"og:image:height\" content=\"674\" \/>\n\t<meta property=\"og:image:type\" content=\"image\/png\" \/>\n<meta name=\"author\" content=\"Flo Ostermann\" \/>\n<meta name=\"twitter:card\" content=\"summary_large_image\" \/>\n<meta name=\"twitter:title\" content=\"Transferts Rugby : Alexandre Fischer, Joris Jurand, John Cooney, les infos du vendredi 6 d\u00e9cembre\" \/>\n<meta name=\"twitter:creator\" content=\"@https:\/\/twitter.com\/FlOstermann\" \/>\n<meta name=\"twitter:site\" content=\"@dicodusport\" \/>\n<script type=\"application\/ld+json\" class=\"yoast-schema-graph\">{\"@context\":\"https:\/\/schema.org\",\"@graph\":[{\"@type\":\"NewsArticle\",\"@id\":\"https:\/\/dicodusport.fr\/blog\/transferts-rugby-alexandre-fischer-joris-jurand-john-cooney-les-infos-du-vendredi-6-decembre\/#article\",\"isPartOf\":{\"@id\":\"https:\/\/dicodusport.fr\/blog\/transferts-rugby-alexandre-fischer-joris-jurand-john-cooney-les-infos-du-vendredi-6-decembre\/\"},\"author\":{\"name\":\"Flo Ostermann\",\"@id\":\"https:\/\/dicodusport.fr\/blog\/#\/schema\/person\/cb02af4c173ce4a653b55e9baf388d4a\"},\"headline\":\"Transferts Rugby : Alexandre Fischer, Joris Jurand, John Cooney, les infos du vendredi 6 d\u00e9cembre\",\"datePublished\":\"2024-12-06T18:31:17+00:00\",\"mainEntityOfPage\":{\"@id\":\"https:\/\/dicodusport.fr\/blog\/transferts-rugby-alexandre-fischer-joris-jurand-john-cooney-les-infos-du-vendredi-6-decembre\/\"},\"wordCount\":670,\"commentCount\":0,\"publisher\":{\"@id\":\"https:\/\/dicodusport.fr\/blog\/#organization\"},\"image\":{\"@id\":\"https:\/\/dicodusport.fr\/blog\/transferts-rugby-alexandre-fischer-joris-jurand-john-cooney-les-infos-du-vendredi-6-decembre\/#primaryimage\"},\"thumbnailUrl\":\"https:\/\/dicodusport.fr\/blog\/wp-content\/uploads\/2024\/12\/Transferts-Rugby-Alexandre-Fischer-Joris-Jurand-John-Cooney-les-infos-du-vendredi-6-decembre.png\",\"keywords\":[\"actu\",\"br\u00e8ve\",\"Mercato Rugby\",\"Rugby\",\"Rugby \u00e0 XV\",\"Transferts rugby\"],\"articleSection\":[\"Rugby \u00e0 XV\",\"Top 14\"],\"inLanguage\":\"fr-FR\",\"potentialAction\":[{\"@type\":\"CommentAction\",\"name\":\"Comment\",\"target\":[\"https:\/\/dicodusport.fr\/blog\/transferts-rugby-alexandre-fischer-joris-jurand-john-cooney-les-infos-du-vendredi-6-decembre\/#respond\"]}],\"copyrightYear\":\"2024\",\"copyrightHolder\":{\"@id\":\"https:\/\/dicodusport.fr\/blog\/#organization\"}},{\"@type\":\"WebPage\",\"@id\":\"https:\/\/dicodusport.fr\/blog\/transferts-rugby-alexandre-fischer-joris-jurand-john-cooney-les-infos-du-vendredi-6-decembre\/\",\"url\":\"https:\/\/dicodusport.fr\/blog\/transferts-rugby-alexandre-fischer-joris-jurand-john-cooney-les-infos-du-vendredi-6-decembre\/\",\"name\":\"Transferts Rugby : Alexandre Fischer, Joris Jurand, John Cooney, les infos du vendredi 6 d\u00e9cembre\",\"isPartOf\":{\"@id\":\"https:\/\/dicodusport.fr\/blog\/#website\"},\"primaryImageOfPage\":{\"@id\":\"https:\/\/dicodusport.fr\/blog\/transferts-rugby-alexandre-fischer-joris-jurand-john-cooney-les-infos-du-vendredi-6-decembre\/#primaryimage\"},\"image\":{\"@id\":\"https:\/\/dicodusport.fr\/blog\/transferts-rugby-alexandre-fischer-joris-jurand-john-cooney-les-infos-du-vendredi-6-decembre\/#primaryimage\"},\"thumbnailUrl\":\"https:\/\/dicodusport.fr\/blog\/wp-content\/uploads\/2024\/12\/Transferts-Rugby-Alexandre-Fischer-Joris-Jurand-John-Cooney-les-infos-du-vendredi-6-decembre.png\",\"datePublished\":\"2024-12-06T18:31:17+00:00\",\"description\":\"TRANSFERTS RUGBY - Avenir scell\u00e9 pour Alexandre Fischer et Joris Jurand (Clermont), John Cooney (Ulster) signe en Pro D2 : les infos transferts de ce vendredi 6 d\u00e9cembre 2024.\",\"breadcrumb\":{\"@id\":\"https:\/\/dicodusport.fr\/blog\/transferts-rugby-alexandre-fischer-joris-jurand-john-cooney-les-infos-du-vendredi-6-decembre\/#breadcrumb\"},\"inLanguage\":\"fr-FR\",\"potentialAction\":[{\"@type\":\"ReadAction\",\"target\":[\"https:\/\/dicodusport.fr\/blog\/transferts-rugby-alexandre-fischer-joris-jurand-john-cooney-les-infos-du-vendredi-6-decembre\/\"]}]},{\"@type\":\"ImageObject\",\"inLanguage\":\"fr-FR\",\"@id\":\"https:\/\/dicodusport.fr\/blog\/transferts-rugby-alexandre-fischer-joris-jurand-john-cooney-les-infos-du-vendredi-6-decembre\/#primaryimage\",\"url\":\"https:\/\/dicodusport.fr\/blog\/wp-content\/uploads\/2024\/12\/Transferts-Rugby-Alexandre-Fischer-Joris-Jurand-John-Cooney-les-infos-du-vendredi-6-decembre.png\",\"contentUrl\":\"https:\/\/dicodusport.fr\/blog\/wp-content\/uploads\/2024\/12\/Transferts-Rugby-Alexandre-Fischer-Joris-Jurand-John-Cooney-les-infos-du-vendredi-6-decembre.png\",\"width\":1200,\"height\":674,\"caption\":\"Transferts Rugby Alexandre Fischer, Joris Jurand, John Cooney, les infos du vendredi 6 d\u00e9cembre\"},{\"@type\":\"BreadcrumbList\",\"@id\":\"https:\/\/dicodusport.fr\/blog\/transferts-rugby-alexandre-fischer-joris-jurand-john-cooney-les-infos-du-vendredi-6-decembre\/#breadcrumb\",\"itemListElement\":[{\"@type\":\"ListItem\",\"position\":1,\"name\":\"Accueil\",\"item\":\"https:\/\/dicodusport.fr\/blog\/\"},{\"@type\":\"ListItem\",\"position\":2,\"name\":\"Transferts Rugby : Alexandre Fischer, Joris Jurand, John Cooney, les infos du vendredi 6 d\u00e9cembre\"}]},{\"@type\":\"WebSite\",\"@id\":\"https:\/\/dicodusport.fr\/blog\/#website\",\"url\":\"https:\/\/dicodusport.fr\/blog\/\",\"name\":\"Dicodusport\",\"description\":\"L&#039;encyclop\u00e9die de l&#039;actualit\u00e9 sportive\",\"publisher\":{\"@id\":\"https:\/\/dicodusport.fr\/blog\/#organization\"},\"potentialAction\":[{\"@type\":\"SearchAction\",\"target\":{\"@type\":\"EntryPoint\",\"urlTemplate\":\"https:\/\/dicodusport.fr\/blog\/?s={search_term_string}\"},\"query-input\":{\"@type\":\"PropertyValueSpecification\",\"valueRequired\":true,\"valueName\":\"search_term_string\"}}],\"inLanguage\":\"fr-FR\"},{\"@type\":\"NewsMediaOrganization\",\"@id\":\"https:\/\/dicodusport.fr\/blog\/#organization\",\"name\":\"Dicodusport\",\"url\":\"https:\/\/dicodusport.fr\/blog\/\",\"logo\":{\"@type\":\"ImageObject\",\"inLanguage\":\"fr-FR\",\"@id\":\"https:\/\/dicodusport.fr\/blog\/#\/schema\/logo\/image\/\",\"url\":\"https:\/\/dicodusport.fr\/blog\/wp-content\/uploads\/2020\/06\/cropped-LOGO-DICODUSPORT-2020-SANS-FOND-SANS-TEXTE.png\",\"contentUrl\":\"https:\/\/dicodusport.fr\/blog\/wp-content\/uploads\/2020\/06\/cropped-LOGO-DICODUSPORT-2020-SANS-FOND-SANS-TEXTE.png\",\"width\":512,\"height\":512,\"caption\":\"Dicodusport\"},\"image\":{\"@id\":\"https:\/\/dicodusport.fr\/blog\/#\/schema\/logo\/image\/\"},\"sameAs\":[\"https:\/\/www.facebook.com\/dicodusport\",\"https:\/\/x.com\/dicodusport\",\"https:\/\/www.instagram.com\/dicodusport\/\",\"https:\/\/www.youtube.com\/channel\/UC7V2KZ5sd3htJivAbA4ZG3w\"],\"description\":\"Dicodusport est l'encyclop\u00e9die de l'actualit\u00e9 sportive.\",\"email\":\"bonjour@dicodusport.fr\",\"legalName\":\"DICODUSPORT\",\"foundingDate\":\"2018-01-14\",\"vatID\":\"FR71834470973\",\"taxID\":\"83447097300043\",\"numberOfEmployees\":{\"@type\":\"QuantitativeValue\",\"minValue\":\"1\",\"maxValue\":\"10\"}},{\"@type\":\"Person\",\"@id\":\"https:\/\/dicodusport.fr\/blog\/#\/schema\/person\/cb02af4c173ce4a653b55e9baf388d4a\",\"name\":\"Flo Ostermann\",\"image\":{\"@type\":\"ImageObject\",\"inLanguage\":\"fr-FR\",\"@id\":\"https:\/\/dicodusport.fr\/blog\/#\/schema\/person\/image\/\",\"url\":\"https:\/\/dicodusport.fr\/blog\/wp-content\/uploads\/2021\/05\/Flo-Ostermann-150x150.jpg\",\"contentUrl\":\"https:\/\/dicodusport.fr\/blog\/wp-content\/uploads\/2021\/05\/Flo-Ostermann-150x150.jpg\",\"caption\":\"Flo Ostermann\"},\"description\":\"Journaliste\/R\u00e9dacteur depuis septembre 2015 - Mes premiers souvenirs dans le sport ? Les envol\u00e9es du Stade Toulousain et les duels Villeneuve-Schumacher et H\u00e4kkinen-Schumacher \u00e0 la fin des ann\u00e9es 90, la Coupe du monde de football en 1998, l\u2019exploit du XV de France face aux All Blacks en 1999, mais aussi Richard C\u0153ur de Lion qui vole sur les montagnes du Tour de France. Bien parti pour devenir professeur d\u2019EPS, les \u00e9v\u00e9nements de la vie (et la flemme d\u2019animer des s\u00e9ances de 3x500 m\u00e8tres toute ma vie) m\u2019ont conduit \u00e0 revoir mes plans. Me voil\u00e0 depuis fin 2017 sur Dicodusport, m\u00e9dia gr\u00e2ce (et pour) lequel je partage ma passion : le sport dans tous ses \u00e9tats. Le tout accompagn\u00e9 par les fous furieux et folles furieuses cit\u00e9s sur cette page !\",\"sameAs\":[\"https:\/\/www.facebook.com\/florent.ostermann\",\"https:\/\/x.com\/https:\/\/twitter.com\/FlOstermann\",\"admin\"],\"url\":\"https:\/\/dicodusport.fr\/blog\/author\/flo\/\"}]}<\/script>\n<!-- \/ Yoast SEO Premium plugin. -->","yoast_head_json":{"title":"Transferts Rugby : Alexandre Fischer, Joris Jurand, John Cooney, les infos du vendredi 6 d\u00e9cembre","description":"TRANSFERTS RUGBY - Avenir scell\u00e9 pour Alexandre Fischer et Joris Jurand (Clermont), John Cooney (Ulster) signe en Pro D2 : les infos transferts de ce vendredi 6 d\u00e9cembre 2024.","robots":{"index":"index","follow":"follow","max-snippet":"max-snippet:-1","max-image-preview":"max-image-preview:large","max-video-preview":"max-video-preview:-1"},"canonical":"https:\/\/dicodusport.fr\/blog\/transferts-rugby-alexandre-fischer-joris-jurand-john-cooney-les-infos-du-vendredi-6-decembre\/","og_locale":"fr_FR","og_type":"article","og_title":"Transferts Rugby : Alexandre Fischer, Joris Jurand, John Cooney, les infos du vendredi 6 d\u00e9cembre","og_description":"TRANSFERTS RUGBY - Avenir scell\u00e9 pour Alexandre Fischer et Joris Jurand (Clermont), John Cooney (Ulster) signe en Pro D2 : les infos transferts de ce vendredi 6 d\u00e9cembre 2024.","og_url":"https:\/\/dicodusport.fr\/blog\/transferts-rugby-alexandre-fischer-joris-jurand-john-cooney-les-infos-du-vendredi-6-decembre\/","og_site_name":"Dicodusport","article_publisher":"https:\/\/www.facebook.com\/dicodusport","article_author":"https:\/\/www.facebook.com\/florent.ostermann","article_published_time":"2024-12-06T18:31:17+00:00","og_image":[{"width":1200,"height":674,"url":"https:\/\/dicodusport.fr\/blog\/wp-content\/uploads\/2024\/12\/Transferts-Rugby-Alexandre-Fischer-Joris-Jurand-John-Cooney-les-infos-du-vendredi-6-decembre.png","type":"image\/png"}],"author":"Flo Ostermann","twitter_card":"summary_large_image","twitter_title":"Transferts Rugby : Alexandre Fischer, Joris Jurand, John Cooney, les infos du vendredi 6 d\u00e9cembre","twitter_creator":"@https:\/\/twitter.com\/FlOstermann","twitter_site":"@dicodusport","schema":{"@context":"https:\/\/schema.org","@graph":[{"@type":"NewsArticle","@id":"https:\/\/dicodusport.fr\/blog\/transferts-rugby-alexandre-fischer-joris-jurand-john-cooney-les-infos-du-vendredi-6-decembre\/#article","isPartOf":{"@id":"https:\/\/dicodusport.fr\/blog\/transferts-rugby-alexandre-fischer-joris-jurand-john-cooney-les-infos-du-vendredi-6-decembre\/"},"author":{"name":"Flo Ostermann","@id":"https:\/\/dicodusport.fr\/blog\/#\/schema\/person\/cb02af4c173ce4a653b55e9baf388d4a"},"headline":"Transferts Rugby : Alexandre Fischer, Joris Jurand, John Cooney, les infos du vendredi 6 d\u00e9cembre","datePublished":"2024-12-06T18:31:17+00:00","mainEntityOfPage":{"@id":"https:\/\/dicodusport.fr\/blog\/transferts-rugby-alexandre-fischer-joris-jurand-john-cooney-les-infos-du-vendredi-6-decembre\/"},"wordCount":670,"commentCount":0,"publisher":{"@id":"https:\/\/dicodusport.fr\/blog\/#organization"},"image":{"@id":"https:\/\/dicodusport.fr\/blog\/transferts-rugby-alexandre-fischer-joris-jurand-john-cooney-les-infos-du-vendredi-6-decembre\/#primaryimage"},"thumbnailUrl":"https:\/\/dicodusport.fr\/blog\/wp-content\/uploads\/2024\/12\/Transferts-Rugby-Alexandre-Fischer-Joris-Jurand-John-Cooney-les-infos-du-vendredi-6-decembre.png","keywords":["actu","br\u00e8ve","Mercato Rugby","Rugby","Rugby \u00e0 XV","Transferts rugby"],"articleSection":["Rugby \u00e0 XV","Top 14"],"inLanguage":"fr-FR","potentialAction":[{"@type":"CommentAction","name":"Comment","target":["https:\/\/dicodusport.fr\/blog\/transferts-rugby-alexandre-fischer-joris-jurand-john-cooney-les-infos-du-vendredi-6-decembre\/#respond"]}],"copyrightYear":"2024","copyrightHolder":{"@id":"https:\/\/dicodusport.fr\/blog\/#organization"}},{"@type":"WebPage","@id":"https:\/\/dicodusport.fr\/blog\/transferts-rugby-alexandre-fischer-joris-jurand-john-cooney-les-infos-du-vendredi-6-decembre\/","url":"https:\/\/dicodusport.fr\/blog\/transferts-rugby-alexandre-fischer-joris-jurand-john-cooney-les-infos-du-vendredi-6-decembre\/","name":"Transferts Rugby : Alexandre Fischer, Joris Jurand, John Cooney, les infos du vendredi 6 d\u00e9cembre","isPartOf":{"@id":"https:\/\/dicodusport.fr\/blog\/#website"},"primaryImageOfPage":{"@id":"https:\/\/dicodusport.fr\/blog\/transferts-rugby-alexandre-fischer-joris-jurand-john-cooney-les-infos-du-vendredi-6-decembre\/#primaryimage"},"image":{"@id":"https:\/\/dicodusport.fr\/blog\/transferts-rugby-alexandre-fischer-joris-jurand-john-cooney-les-infos-du-vendredi-6-decembre\/#primaryimage"},"thumbnailUrl":"https:\/\/dicodusport.fr\/blog\/wp-content\/uploads\/2024\/12\/Transferts-Rugby-Alexandre-Fischer-Joris-Jurand-John-Cooney-les-infos-du-vendredi-6-decembre.png","datePublished":"2024-12-06T18:31:17+00:00","description":"TRANSFERTS RUGBY - Avenir scell\u00e9 pour Alexandre Fischer et Joris Jurand (Clermont), John Cooney (Ulster) signe en Pro D2 : les infos transferts de ce vendredi 6 d\u00e9cembre 2024.","breadcrumb":{"@id":"https:\/\/dicodusport.fr\/blog\/transferts-rugby-alexandre-fischer-joris-jurand-john-cooney-les-infos-du-vendredi-6-decembre\/#breadcrumb"},"inLanguage":"fr-FR","potentialAction":[{"@type":"ReadAction","target":["https:\/\/dicodusport.fr\/blog\/transferts-rugby-alexandre-fischer-joris-jurand-john-cooney-les-infos-du-vendredi-6-decembre\/"]}]},{"@type":"ImageObject","inLanguage":"fr-FR","@id":"https:\/\/dicodusport.fr\/blog\/transferts-rugby-alexandre-fischer-joris-jurand-john-cooney-les-infos-du-vendredi-6-decembre\/#primaryimage","url":"https:\/\/dicodusport.fr\/blog\/wp-content\/uploads\/2024\/12\/Transferts-Rugby-Alexandre-Fischer-Joris-Jurand-John-Cooney-les-infos-du-vendredi-6-decembre.png","contentUrl":"https:\/\/dicodusport.fr\/blog\/wp-content\/uploads\/2024\/12\/Transferts-Rugby-Alexandre-Fischer-Joris-Jurand-John-Cooney-les-infos-du-vendredi-6-decembre.png","width":1200,"height":674,"caption":"Transferts Rugby Alexandre Fischer, Joris Jurand, John Cooney, les infos du vendredi 6 d\u00e9cembre"},{"@type":"BreadcrumbList","@id":"https:\/\/dicodusport.fr\/blog\/transferts-rugby-alexandre-fischer-joris-jurand-john-cooney-les-infos-du-vendredi-6-decembre\/#breadcrumb","itemListElement":[{"@type":"ListItem","position":1,"name":"Accueil","item":"https:\/\/dicodusport.fr\/blog\/"},{"@type":"ListItem","position":2,"name":"Transferts Rugby : Alexandre Fischer, Joris Jurand, John Cooney, les infos du vendredi 6 d\u00e9cembre"}]},{"@type":"WebSite","@id":"https:\/\/dicodusport.fr\/blog\/#website","url":"https:\/\/dicodusport.fr\/blog\/","name":"Dicodusport","description":"L&#039;encyclop\u00e9die de l&#039;actualit\u00e9 sportive","publisher":{"@id":"https:\/\/dicodusport.fr\/blog\/#organization"},"potentialAction":[{"@type":"SearchAction","target":{"@type":"EntryPoint","urlTemplate":"https:\/\/dicodusport.fr\/blog\/?s={search_term_string}"},"query-input":{"@type":"PropertyValueSpecification","valueRequired":true,"valueName":"search_term_string"}}],"inLanguage":"fr-FR"},{"@type":"NewsMediaOrganization","@id":"https:\/\/dicodusport.fr\/blog\/#organization","name":"Dicodusport","url":"https:\/\/dicodusport.fr\/blog\/","logo":{"@type":"ImageObject","inLanguage":"fr-FR","@id":"https:\/\/dicodusport.fr\/blog\/#\/schema\/logo\/image\/","url":"https:\/\/dicodusport.fr\/blog\/wp-content\/uploads\/2020\/06\/cropped-LOGO-DICODUSPORT-2020-SANS-FOND-SANS-TEXTE.png","contentUrl":"https:\/\/dicodusport.fr\/blog\/wp-content\/uploads\/2020\/06\/cropped-LOGO-DICODUSPORT-2020-SANS-FOND-SANS-TEXTE.png","width":512,"height":512,"caption":"Dicodusport"},"image":{"@id":"https:\/\/dicodusport.fr\/blog\/#\/schema\/logo\/image\/"},"sameAs":["https:\/\/www.facebook.com\/dicodusport","https:\/\/x.com\/dicodusport","https:\/\/www.instagram.com\/dicodusport\/","https:\/\/www.youtube.com\/channel\/UC7V2KZ5sd3htJivAbA4ZG3w"],"description":"Dicodusport est l'encyclop\u00e9die de l'actualit\u00e9 sportive.","email":"bonjour@dicodusport.fr","legalName":"DICODUSPORT","foundingDate":"2018-01-14","vatID":"FR71834470973","taxID":"83447097300043","numberOfEmployees":{"@type":"QuantitativeValue","minValue":"1","maxValue":"10"}},{"@type":"Person","@id":"https:\/\/dicodusport.fr\/blog\/#\/schema\/person\/cb02af4c173ce4a653b55e9baf388d4a","name":"Flo Ostermann","image":{"@type":"ImageObject","inLanguage":"fr-FR","@id":"https:\/\/dicodusport.fr\/blog\/#\/schema\/person\/image\/","url":"https:\/\/dicodusport.fr\/blog\/wp-content\/uploads\/2021\/05\/Flo-Ostermann-150x150.jpg","contentUrl":"https:\/\/dicodusport.fr\/blog\/wp-content\/uploads\/2021\/05\/Flo-Ostermann-150x150.jpg","caption":"Flo Ostermann"},"description":"Journaliste\/R\u00e9dacteur depuis septembre 2015 - Mes premiers souvenirs dans le sport ? Les envol\u00e9es du Stade Toulousain et les duels Villeneuve-Schumacher et H\u00e4kkinen-Schumacher \u00e0 la fin des ann\u00e9es 90, la Coupe du monde de football en 1998, l\u2019exploit du XV de France face aux All Blacks en 1999, mais aussi Richard C\u0153ur de Lion qui vole sur les montagnes du Tour de France. Bien parti pour devenir professeur d\u2019EPS, les \u00e9v\u00e9nements de la vie (et la flemme d\u2019animer des s\u00e9ances de 3x500 m\u00e8tres toute ma vie) m\u2019ont conduit \u00e0 revoir mes plans. Me voil\u00e0 depuis fin 2017 sur Dicodusport, m\u00e9dia gr\u00e2ce (et pour) lequel je partage ma passion : le sport dans tous ses \u00e9tats. Le tout accompagn\u00e9 par les fous furieux et folles furieuses cit\u00e9s sur cette page !","sameAs":["https:\/\/www.facebook.com\/florent.ostermann","https:\/\/x.com\/https:\/\/twitter.com\/FlOstermann","admin"],"url":"https:\/\/dicodusport.fr\/blog\/author\/flo\/"}]}},"_links":{"self":[{"href":"https:\/\/dicodusport.fr\/blog\/wp-json\/wp\/v2\/posts\/537739","targetHints":{"allow":["GET"]}}],"collection":[{"href":"https:\/\/dicodusport.fr\/blog\/wp-json\/wp\/v2\/posts"}],"about":[{"href":"https:\/\/dicodusport.fr\/blog\/wp-json\/wp\/v2\/types\/post"}],"author":[{"embeddable":true,"href":"https:\/\/dicodusport.fr\/blog\/wp-json\/wp\/v2\/users\/4"}],"replies":[{"embeddable":true,"href":"https:\/\/dicodusport.fr\/blog\/wp-json\/wp\/v2\/comments?post=537739"}],"version-history":[{"count":4,"href":"https:\/\/dicodusport.fr\/blog\/wp-json\/wp\/v2\/posts\/537739\/revisions"}],"predecessor-version":[{"id":537782,"href":"https:\/\/dicodusport.fr\/blog\/wp-json\/wp\/v2\/posts\/537739\/revisions\/537782"}],"wp:featuredmedia":[{"embeddable":true,"href":"https:\/\/dicodusport.fr\/blog\/wp-json\/wp\/v2\/media\/537762"}],"wp:attachment":[{"href":"https:\/\/dicodusport.fr\/blog\/wp-json\/wp\/v2\/media?parent=537739"}],"wp:term":[{"taxonomy":"category","embeddable":true,"href":"https:\/\/dicodusport.fr\/blog\/wp-json\/wp\/v2\/categories?post=537739"},{"taxonomy":"post_tag","embeddable":true,"href":"https:\/\/dicodusport.fr\/blog\/wp-json\/wp\/v2\/tags?post=537739"}],"curies":[{"name":"wp","href":"https:\/\/api.w.org\/{rel}","templated":true}]}}