{"id":537970,"date":"2024-12-12T11:43:01","date_gmt":"2024-12-12T10:43:01","guid":{"rendered":"https:\/\/dicodusport.fr\/blog\/?p=537970&#038;preview=true&#038;preview_id=537970"},"modified":"2024-12-12T11:43:01","modified_gmt":"2024-12-12T10:43:01","slug":"lea-curinier-fdj-suez-jespere-pouvoir-etre-inspirante-pour-de-jeunes-filles","status":"publish","type":"post","link":"https:\/\/dicodusport.fr\/blog\/lea-curinier-fdj-suez-jespere-pouvoir-etre-inspirante-pour-de-jeunes-filles\/","title":{"rendered":"L\u00e9a Curinier (FDJ-Suez) : \u00ab J&rsquo;esp\u00e8re pouvoir \u00eatre inspirante pour de jeunes filles \u00bb"},"content":{"rendered":"<h4 style=\"text-align: justify;\"><em>CYCLISME &#8211; Entretien avec L\u00e9a Curinier, la jeune coureuse de 23 ans, qui \u00e9volue dans la formation fran\u00e7aise FDJ-Suez. Elle revient sur son ann\u00e9e 2024, marqu\u00e9e par des progr\u00e8s dans tous les aspects et un r\u00f4le de co\u00e9quipi\u00e8re au sein de son \u00e9quipe. Elle \u00e9voque \u00e9galement ses objectifs pour la saison 2025 et son envie de remporter sa premi\u00e8re course professionnelle. L\u00e9a Curinier aborde aussi sa vision du cyclisme et de son d\u00e9veloppement chez les femmes. Ainsi que son passage \u00e0 l&rsquo;\u00e9tranger, au sein de la formation DSM, qui lui a beaucoup apport\u00e9.\u00a0<\/em><\/h4>\n<ul>\n<li style=\"text-align: justify;\"><strong>\u00c0 ce sujet \u2013\u00a0<a href=\"https:\/\/dicodusport.fr\/blog\/actualites\/cyclisme\/cyclisme-sur-route-2025\/\">L\u2019actualit\u00e9 du cyclisme sur route<\/a><\/strong><\/li>\n<\/ul>\n<h2 style=\"text-align: justify;\">L\u00e9a Curinier : \u00ab\u00a0Le Tour, c&rsquo;est vraiment \u00e0 part\u00a0\u00bb<\/h2>\n<h3 style=\"text-align: justify;\">Vous avez pass\u00e9 un cap en r\u00e9gularit\u00e9 cette saison. Est-ce que vous \u00eates satisfaite de cette ann\u00e9e ?<\/h3>\n<p style=\"text-align: justify;\"><strong>L\u00e9a Curinier<\/strong> : Clairement, je suis satisfaite de cette saison. D&rsquo;un point de vue personnel, je pense avoir franchi un cap. Je pense que j&rsquo;ai travaill\u00e9 dur. Il y a eu pas mal de changement, avec un nouvel entra\u00eeneur et une nouvelle \u00e9quipe. Je pense que je me sens vraiment bien au sein de l&rsquo;\u00e9quipe. Et c&rsquo;est \u00e7a qui a fait que j&rsquo;ai pass\u00e9 un bon cap cette ann\u00e9e. C&rsquo;est vrai qu&rsquo;il y avait un bon engouement et une bonne implication de toute l&rsquo;\u00e9quipe. Cela nous pousse \u00e0 la performance.<\/p>\n<h3 style=\"text-align: justify;\">Vous avez \u00e9t\u00e9 une co\u00e9quipi\u00e8re de luxe, voire la derni\u00e8re fus\u00e9e de votre leader. C&rsquo;est un r\u00f4le qui permet de grandir en tant que cycliste ?<\/h3>\n<p style=\"text-align: justify;\">Je ne sais pas si on peut dire co\u00e9quipi\u00e8re de luxe, mais j&rsquo;essaie d&rsquo;\u00eatre la meilleure possible. C&rsquo;est un passage essentiel dans une carri\u00e8re, pour peut-\u00eatre plus tard devenir leader. C&rsquo;est un r\u00f4le que j&rsquo;affectionne, celui de me donner \u00e0 100 % pour l&rsquo;\u00e9quipe et \u00eatre au c\u00f4t\u00e9 de ma leader.<\/p>\n<h3 style=\"text-align: justify;\">Il y a eu le Tour, pour la deuxi\u00e8me fois de vote carri\u00e8re. Est-ce que vous pouvez me raconter cette exp\u00e9rience ?<\/h3>\n<p style=\"text-align: justify;\">C&rsquo;est vrai que l&rsquo;ambiance est quelque chose \u00e0 part, avec \u00e9norm\u00e9ment de public. C&rsquo;est vrai que le cyclisme f\u00e9minin se d\u00e9veloppe. Mais le Tour c&rsquo;est vraiment autre chose. Les gens sont beaucoup plus int\u00e9ress\u00e9s et gr\u00e2ce au Tour, la visibilit\u00e9 est plus forte. Cela permet de nous faire connaitre. Et je trouve qu&rsquo;il y a encore eu un cap de franchi cette ann\u00e9e, apr\u00e8s la saison 2023. Pour moi, cela reste une de mes courses pr\u00e9f\u00e9r\u00e9es et il y a toujours un sentiment particulier, lors des \u00e9tapes.<\/p>\n<div id=\"attachment_538706\" style=\"width: 1076px\" class=\"wp-caption aligncenter\"><a href=\"https:\/\/dicodusport.fr\/blog\/wp-content\/uploads\/2024\/12\/WhatsApp-Image-2024-12-09-a-15.32.06_cd34de91.jpg\"><img loading=\"lazy\" decoding=\"async\" aria-describedby=\"caption-attachment-538706\" class=\"wp-image-538706 size-full\" src=\"https:\/\/dicodusport.fr\/blog\/wp-content\/uploads\/2024\/12\/WhatsApp-Image-2024-12-09-a-15.32.06_cd34de91.jpg\" alt=\"L\u00e9a Curinier\" width=\"1066\" height=\"1600\" srcset=\"https:\/\/dicodusport.fr\/blog\/wp-content\/uploads\/2024\/12\/WhatsApp-Image-2024-12-09-a-15.32.06_cd34de91.jpg 1066w, https:\/\/dicodusport.fr\/blog\/wp-content\/uploads\/2024\/12\/WhatsApp-Image-2024-12-09-a-15.32.06_cd34de91-200x300.jpg 200w, https:\/\/dicodusport.fr\/blog\/wp-content\/uploads\/2024\/12\/WhatsApp-Image-2024-12-09-a-15.32.06_cd34de91-682x1024.jpg 682w, https:\/\/dicodusport.fr\/blog\/wp-content\/uploads\/2024\/12\/WhatsApp-Image-2024-12-09-a-15.32.06_cd34de91-768x1153.jpg 768w, https:\/\/dicodusport.fr\/blog\/wp-content\/uploads\/2024\/12\/WhatsApp-Image-2024-12-09-a-15.32.06_cd34de91-1023x1536.jpg 1023w\" sizes=\"auto, (max-width: 1066px) 100vw, 1066px\" \/><\/a><p id=\"caption-attachment-538706\" class=\"wp-caption-text\">L\u00e9a Curinier &#8211; Photo FDJ-Suez<\/p><\/div>\n<h2 style=\"text-align: justify;\">L\u00e9a Curinier : \u00ab\u00a0Les Strade Bianche, c&rsquo;est ma course favorite\u00a0\u00bb<\/h2>\n<h3 style=\"text-align: justify;\">Entre 2023 et 2024, vous avez fait un bond au classement g\u00e9n\u00e9ral, dans un r\u00f4le de co\u00e9quipi\u00e8re. Ce sont des r\u00e9sultats r\u00e9ellement int\u00e9ressants.<\/h3>\n<p style=\"text-align: justify;\">C&rsquo;est s\u00fbr. Comme je suis dans un r\u00f4le de co\u00e9quipi\u00e8re, on laisse de c\u00f4t\u00e9 le personnel. Mais \u00e0 la fin du Tour, quand je vois que je termine 19e, je me dis que ce n&rsquo;est pas si mal. M\u00eame si je travaille pour mes leaders, c&rsquo;est ultra-motivant de se faire autant plaisir sur le v\u00e9lo. Quand le petit r\u00e9sultat personnel peut venir \u00e0 c\u00f4t\u00e9, c&rsquo;est un plus.<\/p>\n<h3 style=\"text-align: justify;\">Le Tour de France grandit, avec une \u00e9tape en plus en 2025 et plus de montagne. On dit que le Tour fait grandir les coureuses. Mais est-ce que les coureuses ne font pas grandir le Tour ?<\/h3>\n<p style=\"text-align: justify;\">C&rsquo;est un tout. On est de plus en plus pr\u00e9par\u00e9es \u00e0 cela. C&rsquo;est le gros objectif de l&rsquo;ann\u00e9e, car tout le monde r\u00eave d&rsquo;\u00eatre au d\u00e9part du Tour. Et une fois au d\u00e9part et s\u00e9lectionn\u00e9e par l&rsquo;\u00e9quipe, il faut que tout soit parfait, pour cette semaine-l\u00e0. Les coureuses passent un cap, les m\u00e9dias passent un cap et c&rsquo;est un ensemble global. C&rsquo;est vraiment top pour le cyclisme f\u00e9minin.<\/p>\n<h3 style=\"text-align: justify;\">C&rsquo;est la course de vos r\u00eaves, o\u00f9 d&rsquo;autres vous font vibrer ?<\/h3>\n<p style=\"text-align: justify;\">Ma course favorite ce sont les Strade Bianche. J&rsquo;avoue que c&rsquo;est vraiment une course que j&rsquo;affectionne particuli\u00e8rement. Mais le Tour, c&rsquo;est le plus beau des Grands Tours.<\/p>\n<h3 style=\"text-align: justify;\">Vous aviez particip\u00e9 au Giro par le pass\u00e9. C&rsquo;est totalement diff\u00e9rent ?<\/h3>\n<p style=\"text-align: justify;\">J&rsquo;ai fait le Giro, il y a quelques ann\u00e9es, en 2021. On \u00e9tait au d\u00e9but de l&rsquo;\u00e9volution du cyclisme f\u00e9minin. C&rsquo;est vrai que l&rsquo;organisation \u00e9tait encore diff\u00e9rente et c&rsquo;est difficile de comparer avec un Tour de France en 2024. Mais le Tour de France reste la r\u00e9f\u00e9rence dans le milieu du cyclisme. \u00c7a le devient encore plus pour le cyclisme f\u00e9minin.<\/p>\n<h2 style=\"text-align: justify;\">L\u00e9a Curinier : \u00ab\u00a0J&rsquo;aimerais lever les bras en 2025\u00a0\u00bb<\/h2>\n<h3 style=\"text-align: justify;\">Avez-vous pu discuter avec votre staff, de vos objectifs pour la saison 2025 ?<\/h3>\n<p style=\"text-align: justify;\">On a pu \u00e9changer au mois d&rsquo;octobre avec l&rsquo;\u00e9quipe. Avec les directeurs sportifs et les entra\u00eeneurs. C&rsquo;est encore un peu frais et il faut se remettre dans le bain. Mais les grands axes sont trac\u00e9s. Pour ma part, j&rsquo;aimerais bien enfin r\u00e9ussir \u00e0 lever les bras, sur n&rsquo;importe quelle course. Avoir cette victoire. Puis continuer ma progression. Cette ann\u00e9e, j&rsquo;avais un r\u00f4le de co\u00e9quipi\u00e8re et de capitaine de route. Je veux continuer de progresser dans ce r\u00f4le. Si je continue ma progression, les r\u00e9sultats viendront avec.<\/p>\n<h3 style=\"text-align: justify;\">On \u00e9voque la tr\u00eave hivernale. Quelque chose que le public connait moins, par rapport \u00e0 la comp\u00e9tition. Que fait un cycliste l&rsquo;hiver ?<\/h3>\n<p style=\"text-align: justify;\">La pr\u00e9paration d&rsquo;une saison, c&rsquo;est assez long. On voit que les courses, mais avant d&rsquo;\u00eatre sur une course, il y a un travail en amont qui est fait. Je fais des longues sorties d&rsquo;endurance l&rsquo;hiver. Je reprends petit \u00e0 petit les intensit\u00e9s. Mais on fait beaucoup de foncier. Je fais un petit peu de cyclo-cross \u00e0 c\u00f4t\u00e9, parce que j&rsquo;aime cela. Et c&rsquo;est toujours bien d&rsquo;en faire quand il fait froid. Cela permet de s&rsquo;amuser dans les bois. Il faut vraiment essayer de trouver ce qui nous convient. Une routine amusante. Car on sait qu&rsquo;\u00e0 partir de janvier, les choses s\u00e9rieuses vont reprendre. Avec des vraies intensit\u00e9s et des entra\u00eenements que sur route. L\u00e0, on se fait plaisir, on s&rsquo;entra\u00eene et on essaye de profiter du beau temps.<\/p>\n<h3 style=\"text-align: justify;\">Est-ce que, lors de longues sorties, vous arrivez \u00e0 vous \u00ab\u00a0\u00e9vader\u00a0\u00bb mentalement ?<\/h3>\n<p style=\"text-align: justify;\">Sur les sorties endurance, on a le temps de penser \u00e0 pas mal de choses. J&rsquo;aime rouler en groupe. D\u00e8s que j&rsquo;ai des longues sorties, j&rsquo;aime bien y aller avec des amis. Pour ne pas me retrouver seule avec ma musique. Cela permet de parler d&rsquo;autre chose et le temps passe plus vite. Quand on a des exercices, c&rsquo;est mieux d&rsquo;\u00eatre focus sur son entra\u00eenement. C&rsquo;est bien d&rsquo;allier l&rsquo;utile \u00e0 l&rsquo;agr\u00e9able et profiter du v\u00e9lo pour parler de tout et de rien avec les copains.<\/p>\n<h2 style=\"text-align: justify;\">L\u00e9a Curinier : \u00ab\u00a0Demi Vollering est la plus grande cycliste au monde actuellement\u00a0\u00bb<\/h2>\n<h3 style=\"text-align: justify;\">Anthony Perez nous avait confi\u00e9 qu&rsquo;il profitait des paysages, lors de certaines s\u00e9ances. C&rsquo;est votre cas aussi ?<\/h3>\n<p style=\"text-align: justify;\">Clairement oui. J&rsquo;aime bien la montagne et quand je roule en Ard\u00e8che, par chez moi, j&rsquo;ai l&rsquo;occasion de grimper et de voir les monts ard\u00e9chois. J&rsquo;aime bien voir \u00e7a et me dire que j&rsquo;ai de la chance d&rsquo;\u00eatre l\u00e0 sur mon v\u00e9lo en train d&rsquo;admirer le paysage. C&rsquo;est s\u00fbr que, quand je suis en plein effort, j&rsquo;avoue que je regarde un peu moins le paysage. Mais sur des sorties plus calmes, j&rsquo;aime bien me rendre compte de la chance que j&rsquo;ai.<\/p>\n<div class=\"vlp-link-container vlp-layout-article\"><a href=\"https:\/\/dicodusport.fr\/blog\/anthony-perez-gagner-en-solitaire-cetait-un-objectif-dans-ma-carriere\/\" class=\"vlp-link\" title=\"Anthony Perez : &quot;Gagner en solitaire, c&#039;\u00e9tait un objectif dans ma carri\u00e8re&quot;\"><\/a><div class=\"vlp-layout-zone-side\"><div class=\"vlp-block-4 vlp-link-image\"><img loading=\"lazy\" decoding=\"async\" style=\"max-width: 792px;\" width=\"792\" height=\"445\" src=\"https:\/\/dicodusport.fr\/blog\/wp-content\/uploads\/2024\/01\/Anthony-Perez-Gagner-en-solitaire-cetait-un-objectif-dans-ma-carriere.png\" class=\"attachment-800x445 size-800x445\" alt=\"Anthony Perez : &quot;Gagner en solitaire, c&#039;\u00e9tait un objectif dans ma carri\u00e8re&quot;\" srcset=\"https:\/\/dicodusport.fr\/blog\/wp-content\/uploads\/2024\/01\/Anthony-Perez-Gagner-en-solitaire-cetait-un-objectif-dans-ma-carriere.png 1200w, https:\/\/dicodusport.fr\/blog\/wp-content\/uploads\/2024\/01\/Anthony-Perez-Gagner-en-solitaire-cetait-un-objectif-dans-ma-carriere-300x169.png 300w, https:\/\/dicodusport.fr\/blog\/wp-content\/uploads\/2024\/01\/Anthony-Perez-Gagner-en-solitaire-cetait-un-objectif-dans-ma-carriere-1024x575.png 1024w, https:\/\/dicodusport.fr\/blog\/wp-content\/uploads\/2024\/01\/Anthony-Perez-Gagner-en-solitaire-cetait-un-objectif-dans-ma-carriere-768x431.png 768w\" sizes=\"auto, (max-width: 792px) 100vw, 792px\" \/><\/div><\/div><div class=\"vlp-layout-zone-main\"><div class=\"vlp-block-0 vlp-link-title\">Anthony Perez : \"Gagner en solitaire, c'\u00e9tait un objectif dans ma carri\u00e8re\"<\/div><div class=\"vlp-block-1 vlp-link-summary\">CYCLISME - Entretien avec le coureur cycliste de la Cofidis, Anthony Perez, avant son d\u00e9but de saison, entam\u00e9 le week-end dernier.<\/div><div class=\"vlp-block-2 vlp-link-button\">Lire l'article<\/div><div class=\"vlp-block-3 vlp-link-url\">dicodusport.fr<\/div><\/div><\/div>\n<h3 style=\"text-align: justify;\">La FDJ-Suez est en train de franchir un cap, avec l&rsquo;arriv\u00e9e de <strong>Demi Vollering.<\/strong> Est-ce qu&rsquo;il y a de l&rsquo;impatience de courir avec une coureuse de ce calibre ?<\/h3>\n<p style=\"text-align: justify;\">C&rsquo;est la plus grande cycliste au monde actuellement. Elle a un palmar\u00e8s incroyable. Pour \u00eatre honn\u00eate, je ne l&rsquo;ai pas encore rencontr\u00e9. On va avoir le <em>media day<\/em> et la pr\u00e9sentation de l&rsquo;\u00e9quipe la semaine prochaine (NDLR : elle est pass\u00e9e). On va enchainer avec un stage collectif, avec toutes les co\u00e9quipi\u00e8res et toutes les nouvelles. J&rsquo;ai h\u00e2te de rencontrer tout le monde. C&rsquo;est assez impressionnant, mais cela reste une athl\u00e8te et un humain. Cela reste quelqu&rsquo;un comme nous. Je pense que cela va \u00eatre une belle ann\u00e9e pour nous et pour l&rsquo;\u00e9quipe. Qui va franchir un cap la saison prochaine, avec de nouveaux objectifs.<\/p>\n<h3 style=\"text-align: justify;\">Est-ce que vous avez senti cette dynamique collective, lors de votre premi\u00e8re saison avec l&rsquo;\u00e9quipe ?<\/h3>\n<p style=\"text-align: justify;\">Tout le monde est impliqu\u00e9, que ce soit le staff comme les coureuses, dans le bien-\u00eatre et la performance. On a un but, c&rsquo;est de gagner. Cela motive sur tous les plans. C&rsquo;est vraiment un tout.<\/p>\n<h2 style=\"text-align: justify;\">L\u00e9a Curinier : \u00ab\u00a0Je suis contente d&rsquo;\u00eatre partie \u00e0 l&rsquo;\u00e9tranger\u00a0\u00bb<\/h2>\n<h3 style=\"text-align: justify;\">Tr\u00e8s jeune, vous \u00eates partie \u00e0 l&rsquo;\u00e9tranger. C&rsquo;est un sacr\u00e9 pari. Cela vous a permis d&rsquo;apprendre quoi sur vous ?<\/h3>\n<p style=\"text-align: justify;\">C&rsquo;\u00e9tait assez os\u00e9. Je suis contente de l&rsquo;avoir fait, car cela m&rsquo;a fait sortir de ma zone de confort. Quand je suis arriv\u00e9e dans l&rsquo;\u00e9quipe, je n&rsquo;avais qu&rsquo;un anglais de base, li\u00e9 \u00e0 l&rsquo;\u00e9cole. Je me suis rendu compte que je ne savais pas vraiment parler anglais (rires). Je n&rsquo;avais pas le choix, si je voulais communiquer avec mes co\u00e9quipi\u00e8res et le staff, je devais me lancer. Gr\u00e2ce \u00e0 cela, j&rsquo;ai pu \u00e9voluer et gagner en maturit\u00e9. D&rsquo;un autre c\u00f4t\u00e9, j&rsquo;ai pu d\u00e9couvrir une autre mentalit\u00e9. On dit que les N\u00e9erlandais appartiennent au pays du v\u00e9lo. C&rsquo;est une bonne exp\u00e9rience durant ces deux ann\u00e9es. J&rsquo;ai pu grandir.<\/p>\n<h3 style=\"text-align: justify;\">Il y a une \u00e9mergence de talents en France, est-ce une pression ou un plaisir ?<\/h3>\n<p style=\"text-align: justify;\">Ce n&rsquo;est pas une pression, c&rsquo;est plus un plaisir. Et une part de fiert\u00e9 de me dire que tous les entra\u00eenements faits, payent. Je suis r\u00e9ellement contente d&rsquo;en \u00eatre l\u00e0 aujourd&rsquo;hui. De donner l&rsquo;envie \u00e0 des petites filles de faire du v\u00e9lo. C&rsquo;est quelque chose qui me tient \u00e0 c\u0153ur et qui me rend heureuse. On esp\u00e8re toujours qu&rsquo;il y aura la rel\u00e8ve derri\u00e8re.<\/p>\n<h3 style=\"text-align: justify;\">Est-ce qu&rsquo;il y a une coureuse qui vous a inspir\u00e9 ?<\/h3>\n<p style=\"text-align: justify;\">Pauline Ferrand-Pr\u00e9vot. C&rsquo;est la cycliste fran\u00e7aise avec trois titres de championne du monde dans trois disciplines diff\u00e9rentes. C&rsquo;est un grand nom. Et quand j&rsquo;ai commenc\u00e9 le v\u00e9lo, c&rsquo;\u00e9tait l&rsquo;\u00e9poque PFP (Pauline Ferrand-Pr\u00e9vot) qui faisait du cyclo-cross et de la route. C&rsquo;\u00e9tait inspirant pour nous. J&rsquo;ai beaucoup regard\u00e9 Marianne Vos. Ce sont deux reines du cyclisme, qui sont des exemples pour nous et pour la jeune g\u00e9n\u00e9ration.<\/p>\n<div id=\"attachment_538707\" style=\"width: 1610px\" class=\"wp-caption aligncenter\"><a href=\"https:\/\/dicodusport.fr\/blog\/wp-content\/uploads\/2024\/12\/WhatsApp-Image-2024-12-09-a-15.33.01_3b05a014.jpg\"><img loading=\"lazy\" decoding=\"async\" aria-describedby=\"caption-attachment-538707\" class=\"wp-image-538707 size-full\" src=\"https:\/\/dicodusport.fr\/blog\/wp-content\/uploads\/2024\/12\/WhatsApp-Image-2024-12-09-a-15.33.01_3b05a014.jpg\" alt=\"L\u00e9a Curinier au sommet de l'Alpe d'Huez, lors du Tour 2024\" width=\"1600\" height=\"1066\" srcset=\"https:\/\/dicodusport.fr\/blog\/wp-content\/uploads\/2024\/12\/WhatsApp-Image-2024-12-09-a-15.33.01_3b05a014.jpg 1600w, https:\/\/dicodusport.fr\/blog\/wp-content\/uploads\/2024\/12\/WhatsApp-Image-2024-12-09-a-15.33.01_3b05a014-300x200.jpg 300w, https:\/\/dicodusport.fr\/blog\/wp-content\/uploads\/2024\/12\/WhatsApp-Image-2024-12-09-a-15.33.01_3b05a014-1024x682.jpg 1024w, https:\/\/dicodusport.fr\/blog\/wp-content\/uploads\/2024\/12\/WhatsApp-Image-2024-12-09-a-15.33.01_3b05a014-768x512.jpg 768w, https:\/\/dicodusport.fr\/blog\/wp-content\/uploads\/2024\/12\/WhatsApp-Image-2024-12-09-a-15.33.01_3b05a014-1536x1023.jpg 1536w\" sizes=\"auto, (max-width: 1600px) 100vw, 1600px\" \/><\/a><p id=\"caption-attachment-538707\" class=\"wp-caption-text\">L\u00e9a Curinier au sommet de l&rsquo;Alpe d&rsquo;Huez, lors du Tour 2024 &#8211; Photo FDJ-Suez<\/p><\/div>\n<h2 style=\"text-align: justify;\">L\u00e9a Curinier : \u00ab\u00a0Je ne pensais pas gagner un jour ma vie en faisant du v\u00e9lo\u00a0\u00bb<\/h2>\n<h3 style=\"text-align: justify;\">Vous avez pu discuter avec des ain\u00e9es, sur l&rsquo;\u00e9volution du cyclisme f\u00e9minin, sur ce qu&rsquo;elles ont v\u00e9cu en d\u00e9but de carri\u00e8re ?<\/h3>\n<p style=\"text-align: justify;\">Pas vraiment, je l&rsquo;avoue. On en parle entre nous, mais ce n&rsquo;est pas du pass\u00e9, mais plus de ce qu&rsquo;il se passe actuellement. Ce qu&rsquo;il se fait.<\/p>\n<h3 style=\"text-align: justify;\">Et quel regard avez-vous sur votre sport et son \u00e9volution ?<\/h3>\n<p style=\"text-align: justify;\">Cela \u00e9volue de mani\u00e8re favorable m\u00eame s&rsquo;il y a encore du travail. On aimerait que cela aille encore plus vite. Mais on a franchi un cap, les courses sont diffus\u00e9es \u00e0 la t\u00e9l\u00e9, ce qui est vraiment top. C&rsquo;est bien qu&rsquo;il y ait des salaires minimums dans le cyclisme f\u00e9minin. Pourquoi les hommes et pas les femmes apr\u00e8s tout. Maintenant, on peut vivre de notre passion, c&rsquo;est devenu un m\u00e9tier et on peut \u00e0 100 % se focaliser sur le sport. C&rsquo;est bien.<\/p>\n<h3 style=\"text-align: justify;\">Vous en vivez depuis votre arriv\u00e9e chez DSM ?<\/h3>\n<p style=\"text-align: justify;\">C&rsquo;est justement l&rsquo;ann\u00e9e de mon arriv\u00e9e chez DSM, que les salaires minimums ont \u00e9t\u00e9 impos\u00e9s.<\/p>\n<h3 style=\"text-align: justify;\">Cela vous a apport\u00e9, dans votre quotidien, de savoir qu&rsquo;un salaire arrive tous les mois, de fa\u00e7on certaine, notamment en termes de s\u00e9r\u00e9nit\u00e9 ?<\/h3>\n<p style=\"text-align: justify;\">Clairement, c&rsquo;est un plus au vu de ce qu&rsquo;il se passe dans la vie actuelle, avec les prix qui augmentent. C&rsquo;est quand m\u00eame plus rassurant. C&rsquo;est un vrai plus de faire ma passion et de voir que cela devient mon m\u00e9tier. Et c&rsquo;est bien pour l&rsquo;apr\u00e8s.<\/p>\n<h3 style=\"text-align: justify;\">Vous l&rsquo;aviez imagin\u00e9, quand vous avez commenc\u00e9 le v\u00e9lo ?<\/h3>\n<p style=\"text-align: justify;\">Pas vraiment. Mes parents m&rsquo;ont toujours dit de faire du sport pour m&rsquo;amuser et d&rsquo;aller \u00e0 l&rsquo;\u00e9cole \u00e0 c\u00f4t\u00e9. Je ne pensais pas pouvoir gagner un jour ma vie en faisant du v\u00e9lo.<\/p>\n<h2 style=\"text-align: justify;\">L\u00e9a Curinier : \u00ab\u00a0Je pense qu&rsquo;on est un exemple pour le public\u00a0\u00bb<\/h2>\n<h3 style=\"text-align: justify;\">Vous avez dit que vous aimeriez devenir une coureuse inspirante. C&rsquo;est quelque chose qui vous tient \u00e0 c\u0153ur ?<\/h3>\n<p style=\"text-align: justify;\">Je pense qu&rsquo;on est un exemple. On est de plus en plus regard\u00e9es par le public et on doit d&rsquo;\u00eatre \u00e0 la hauteur et de renvoyer une bonne image. Et si on peut aussi permettre au cyclisme f\u00e9minin de se d\u00e9velopper, je serais vraiment impliqu\u00e9e l\u00e0-dedans, pour la suite.<\/p>\n<h3 style=\"text-align: justify;\">Il y a des campagnes de communication sur le cyclisme f\u00e9minin et sur le c\u00f4t\u00e9 inspiration. Ce sont des campagnes indispensables pour vous ?<\/h3>\n<p style=\"text-align: justify;\">Je pense qu&rsquo;on est dans un moment de la vie o\u00f9 la place de la femme, dans la vie et dans le sport, \u00e9volue. Cela permet de renforcer cette image-l\u00e0. Et de montrer qu&rsquo;une femme est capable de faire du v\u00e9lo et de gagner des courses. C&rsquo;est un vrai plus. Il va y avoir une \u00e9tape du Tour Femmes, ce qui n&rsquo;existait pas avant. Cela va permettre \u00e0 plein de femmes de se lancer et se mettre au v\u00e9lo.<\/p>\n<p>&nbsp;<\/p>\n<p style=\"text-align: justify;\">\n","protected":false},"excerpt":{"rendered":"<p>\u00ab J&rsquo;esp\u00e8re pouvoir \u00eatre inspirante pour de jeunes filles \u00bb<\/p>\n","protected":false},"author":83,"featured_media":538705,"comment_status":"open","ping_status":"closed","sticky":false,"template":"","format":"standard","meta":{"_acf_changed":false,"_daextam_enable_autolinks":"1","footnotes":""},"categories":[46994],"tags":[16878,574,2875,28981,24],"class_list":["post-537970","post","type-post","status-publish","format-standard","has-post-thumbnail","hentry","category-cyclisme-sur-route","tag-breve","tag-cyclisme","tag-cyclisme-feminin","tag-fdj-suez","tag-sport"],"acf":[],"yoast_head":"<!-- This site is optimized with the Yoast SEO Premium plugin v26.7 (Yoast SEO v26.7) - https:\/\/yoast.com\/wordpress\/plugins\/seo\/ -->\n<title>L\u00e9a Curinier (FDJ-Suez) : \u00ab J&#039;esp\u00e8re pouvoir \u00eatre inspirante pour de jeunes filles \u00bb<\/title>\n<meta name=\"description\" content=\"CYCLISME - Entretien avec L\u00e9a Curinier, la jeune coureuse de 23 ans, qui \u00e9volue dans la formation fran\u00e7aise FDJ-Suez.\" \/>\n<meta name=\"robots\" content=\"index, follow, max-snippet:-1, max-image-preview:large, max-video-preview:-1\" \/>\n<link rel=\"canonical\" href=\"https:\/\/dicodusport.fr\/blog\/lea-curinier-fdj-suez-jespere-pouvoir-etre-inspirante-pour-de-jeunes-filles\/\" \/>\n<meta property=\"og:locale\" content=\"fr_FR\" \/>\n<meta property=\"og:type\" content=\"article\" \/>\n<meta property=\"og:title\" content=\"L\u00e9a Curinier (FDJ-Suez) : \u00ab J&#039;esp\u00e8re pouvoir \u00eatre inspirante pour de jeunes filles \u00bb\" \/>\n<meta property=\"og:description\" content=\"CYCLISME - Entretien avec L\u00e9a Curinier, la jeune coureuse de 23 ans, qui \u00e9volue dans la formation fran\u00e7aise FDJ-Suez.\" \/>\n<meta property=\"og:url\" content=\"https:\/\/dicodusport.fr\/blog\/lea-curinier-fdj-suez-jespere-pouvoir-etre-inspirante-pour-de-jeunes-filles\/\" \/>\n<meta property=\"og:site_name\" content=\"Dicodusport\" \/>\n<meta property=\"article:publisher\" content=\"https:\/\/www.facebook.com\/dicodusport\" \/>\n<meta property=\"article:published_time\" content=\"2024-12-12T10:43:01+00:00\" \/>\n<meta property=\"og:image\" content=\"https:\/\/dicodusport.fr\/blog\/wp-content\/uploads\/2024\/12\/Lea-Curinier-FDJ-SUEZ-Jespere-pouvoir-etre-inspirante-pour-de-jeunes-filles.png\" \/>\n\t<meta property=\"og:image:width\" content=\"1200\" \/>\n\t<meta property=\"og:image:height\" content=\"674\" \/>\n\t<meta property=\"og:image:type\" content=\"image\/png\" \/>\n<meta name=\"author\" content=\"Etienne Goursaud\" \/>\n<meta name=\"twitter:card\" content=\"summary_large_image\" \/>\n<meta name=\"twitter:title\" content=\"L\u00e9a Curinier (FDJ-Suez) : \u00ab J&#039;esp\u00e8re pouvoir \u00eatre inspirante pour de jeunes filles \u00bb\" \/>\n<meta name=\"twitter:creator\" content=\"@dicodusport\" \/>\n<meta name=\"twitter:site\" content=\"@dicodusport\" \/>\n<script type=\"application\/ld+json\" class=\"yoast-schema-graph\">{\"@context\":\"https:\/\/schema.org\",\"@graph\":[{\"@type\":\"NewsArticle\",\"@id\":\"https:\/\/dicodusport.fr\/blog\/lea-curinier-fdj-suez-jespere-pouvoir-etre-inspirante-pour-de-jeunes-filles\/#article\",\"isPartOf\":{\"@id\":\"https:\/\/dicodusport.fr\/blog\/lea-curinier-fdj-suez-jespere-pouvoir-etre-inspirante-pour-de-jeunes-filles\/\"},\"author\":{\"name\":\"Etienne Goursaud\",\"@id\":\"https:\/\/dicodusport.fr\/blog\/#\/schema\/person\/d603dd7da31fb2b46c82b9835a77ec13\"},\"headline\":\"L\u00e9a Curinier (FDJ-Suez) : \u00ab J&rsquo;esp\u00e8re pouvoir \u00eatre inspirante pour de jeunes filles \u00bb\",\"datePublished\":\"2024-12-12T10:43:01+00:00\",\"mainEntityOfPage\":{\"@id\":\"https:\/\/dicodusport.fr\/blog\/lea-curinier-fdj-suez-jespere-pouvoir-etre-inspirante-pour-de-jeunes-filles\/\"},\"wordCount\":2558,\"commentCount\":0,\"publisher\":{\"@id\":\"https:\/\/dicodusport.fr\/blog\/#organization\"},\"image\":{\"@id\":\"https:\/\/dicodusport.fr\/blog\/lea-curinier-fdj-suez-jespere-pouvoir-etre-inspirante-pour-de-jeunes-filles\/#primaryimage\"},\"thumbnailUrl\":\"https:\/\/dicodusport.fr\/blog\/wp-content\/uploads\/2024\/12\/Lea-Curinier-FDJ-SUEZ-Jespere-pouvoir-etre-inspirante-pour-de-jeunes-filles.png\",\"keywords\":[\"br\u00e8ve\",\"Cyclisme\",\"cyclisme f\u00e9minin\",\"FDJ-Suez\",\"sport\"],\"articleSection\":[\"Cyclisme sur route\"],\"inLanguage\":\"fr-FR\",\"potentialAction\":[{\"@type\":\"CommentAction\",\"name\":\"Comment\",\"target\":[\"https:\/\/dicodusport.fr\/blog\/lea-curinier-fdj-suez-jespere-pouvoir-etre-inspirante-pour-de-jeunes-filles\/#respond\"]}],\"copyrightYear\":\"2024\",\"copyrightHolder\":{\"@id\":\"https:\/\/dicodusport.fr\/blog\/#organization\"}},{\"@type\":\"WebPage\",\"@id\":\"https:\/\/dicodusport.fr\/blog\/lea-curinier-fdj-suez-jespere-pouvoir-etre-inspirante-pour-de-jeunes-filles\/\",\"url\":\"https:\/\/dicodusport.fr\/blog\/lea-curinier-fdj-suez-jespere-pouvoir-etre-inspirante-pour-de-jeunes-filles\/\",\"name\":\"L\u00e9a Curinier (FDJ-Suez) : \u00ab J'esp\u00e8re pouvoir \u00eatre inspirante pour de jeunes filles \u00bb\",\"isPartOf\":{\"@id\":\"https:\/\/dicodusport.fr\/blog\/#website\"},\"primaryImageOfPage\":{\"@id\":\"https:\/\/dicodusport.fr\/blog\/lea-curinier-fdj-suez-jespere-pouvoir-etre-inspirante-pour-de-jeunes-filles\/#primaryimage\"},\"image\":{\"@id\":\"https:\/\/dicodusport.fr\/blog\/lea-curinier-fdj-suez-jespere-pouvoir-etre-inspirante-pour-de-jeunes-filles\/#primaryimage\"},\"thumbnailUrl\":\"https:\/\/dicodusport.fr\/blog\/wp-content\/uploads\/2024\/12\/Lea-Curinier-FDJ-SUEZ-Jespere-pouvoir-etre-inspirante-pour-de-jeunes-filles.png\",\"datePublished\":\"2024-12-12T10:43:01+00:00\",\"description\":\"CYCLISME - Entretien avec L\u00e9a Curinier, la jeune coureuse de 23 ans, qui \u00e9volue dans la formation fran\u00e7aise FDJ-Suez.\",\"breadcrumb\":{\"@id\":\"https:\/\/dicodusport.fr\/blog\/lea-curinier-fdj-suez-jespere-pouvoir-etre-inspirante-pour-de-jeunes-filles\/#breadcrumb\"},\"inLanguage\":\"fr-FR\",\"potentialAction\":[{\"@type\":\"ReadAction\",\"target\":[\"https:\/\/dicodusport.fr\/blog\/lea-curinier-fdj-suez-jespere-pouvoir-etre-inspirante-pour-de-jeunes-filles\/\"]}]},{\"@type\":\"ImageObject\",\"inLanguage\":\"fr-FR\",\"@id\":\"https:\/\/dicodusport.fr\/blog\/lea-curinier-fdj-suez-jespere-pouvoir-etre-inspirante-pour-de-jeunes-filles\/#primaryimage\",\"url\":\"https:\/\/dicodusport.fr\/blog\/wp-content\/uploads\/2024\/12\/Lea-Curinier-FDJ-SUEZ-Jespere-pouvoir-etre-inspirante-pour-de-jeunes-filles.png\",\"contentUrl\":\"https:\/\/dicodusport.fr\/blog\/wp-content\/uploads\/2024\/12\/Lea-Curinier-FDJ-SUEZ-Jespere-pouvoir-etre-inspirante-pour-de-jeunes-filles.png\",\"width\":1200,\"height\":674,\"caption\":\"L\u00e9a Curinier (FDJ-SUEZ) : \\\"J'esp\u00e8re pouvoir \u00eatre inspirante pour de jeunes filles\\\"\"},{\"@type\":\"BreadcrumbList\",\"@id\":\"https:\/\/dicodusport.fr\/blog\/lea-curinier-fdj-suez-jespere-pouvoir-etre-inspirante-pour-de-jeunes-filles\/#breadcrumb\",\"itemListElement\":[{\"@type\":\"ListItem\",\"position\":1,\"name\":\"Accueil\",\"item\":\"https:\/\/dicodusport.fr\/blog\/\"},{\"@type\":\"ListItem\",\"position\":2,\"name\":\"L\u00e9a Curinier (FDJ-Suez) : \u00ab J&#8217;esp\u00e8re pouvoir \u00eatre inspirante pour de jeunes filles \u00bb\"}]},{\"@type\":\"WebSite\",\"@id\":\"https:\/\/dicodusport.fr\/blog\/#website\",\"url\":\"https:\/\/dicodusport.fr\/blog\/\",\"name\":\"Dicodusport\",\"description\":\"L&#039;encyclop\u00e9die de l&#039;actualit\u00e9 sportive\",\"publisher\":{\"@id\":\"https:\/\/dicodusport.fr\/blog\/#organization\"},\"potentialAction\":[{\"@type\":\"SearchAction\",\"target\":{\"@type\":\"EntryPoint\",\"urlTemplate\":\"https:\/\/dicodusport.fr\/blog\/?s={search_term_string}\"},\"query-input\":{\"@type\":\"PropertyValueSpecification\",\"valueRequired\":true,\"valueName\":\"search_term_string\"}}],\"inLanguage\":\"fr-FR\"},{\"@type\":\"NewsMediaOrganization\",\"@id\":\"https:\/\/dicodusport.fr\/blog\/#organization\",\"name\":\"Dicodusport\",\"url\":\"https:\/\/dicodusport.fr\/blog\/\",\"logo\":{\"@type\":\"ImageObject\",\"inLanguage\":\"fr-FR\",\"@id\":\"https:\/\/dicodusport.fr\/blog\/#\/schema\/logo\/image\/\",\"url\":\"https:\/\/dicodusport.fr\/blog\/wp-content\/uploads\/2020\/06\/cropped-LOGO-DICODUSPORT-2020-SANS-FOND-SANS-TEXTE.png\",\"contentUrl\":\"https:\/\/dicodusport.fr\/blog\/wp-content\/uploads\/2020\/06\/cropped-LOGO-DICODUSPORT-2020-SANS-FOND-SANS-TEXTE.png\",\"width\":512,\"height\":512,\"caption\":\"Dicodusport\"},\"image\":{\"@id\":\"https:\/\/dicodusport.fr\/blog\/#\/schema\/logo\/image\/\"},\"sameAs\":[\"https:\/\/www.facebook.com\/dicodusport\",\"https:\/\/x.com\/dicodusport\",\"https:\/\/www.instagram.com\/dicodusport\/\",\"https:\/\/www.youtube.com\/channel\/UC7V2KZ5sd3htJivAbA4ZG3w\"],\"description\":\"Dicodusport est l'encyclop\u00e9die de l'actualit\u00e9 sportive.\",\"email\":\"bonjour@dicodusport.fr\",\"legalName\":\"DICODUSPORT\",\"foundingDate\":\"2018-01-14\",\"vatID\":\"FR71834470973\",\"taxID\":\"83447097300043\",\"numberOfEmployees\":{\"@type\":\"QuantitativeValue\",\"minValue\":\"1\",\"maxValue\":\"10\"}},{\"@type\":\"Person\",\"@id\":\"https:\/\/dicodusport.fr\/blog\/#\/schema\/person\/d603dd7da31fb2b46c82b9835a77ec13\",\"name\":\"Etienne Goursaud\",\"image\":{\"@type\":\"ImageObject\",\"inLanguage\":\"fr-FR\",\"@id\":\"https:\/\/dicodusport.fr\/blog\/#\/schema\/person\/image\/\",\"url\":\"https:\/\/dicodusport.fr\/blog\/wp-content\/uploads\/2023\/12\/410122264_10231602061736049_5565839791558026645_n-150x150.jpg\",\"contentUrl\":\"https:\/\/dicodusport.fr\/blog\/wp-content\/uploads\/2023\/12\/410122264_10231602061736049_5565839791558026645_n-150x150.jpg\",\"caption\":\"Etienne Goursaud\"},\"description\":\"Journaliste et amoureux de sport. Ancien footballeur reconverti athl\u00e8te quand ses muscles le laissent tranquille. \u00c9lev\u00e9 \u00e0 la sauce des exploits de Thomas Voeckler en 2004, du dernier essai de l\u00e9gende de Eunice Barber \u00e0 la longueur lors des championnats du monde d'athl\u00e9tisme de 2003 mais aussi Zidane, Omeyer et Titou Lamaison.\",\"url\":\"https:\/\/dicodusport.fr\/blog\/author\/etienne-goursaud\/\"}]}<\/script>\n<!-- \/ Yoast SEO Premium plugin. -->","yoast_head_json":{"title":"L\u00e9a Curinier (FDJ-Suez) : \u00ab J'esp\u00e8re pouvoir \u00eatre inspirante pour de jeunes filles \u00bb","description":"CYCLISME - Entretien avec L\u00e9a Curinier, la jeune coureuse de 23 ans, qui \u00e9volue dans la formation fran\u00e7aise FDJ-Suez.","robots":{"index":"index","follow":"follow","max-snippet":"max-snippet:-1","max-image-preview":"max-image-preview:large","max-video-preview":"max-video-preview:-1"},"canonical":"https:\/\/dicodusport.fr\/blog\/lea-curinier-fdj-suez-jespere-pouvoir-etre-inspirante-pour-de-jeunes-filles\/","og_locale":"fr_FR","og_type":"article","og_title":"L\u00e9a Curinier (FDJ-Suez) : \u00ab J'esp\u00e8re pouvoir \u00eatre inspirante pour de jeunes filles \u00bb","og_description":"CYCLISME - Entretien avec L\u00e9a Curinier, la jeune coureuse de 23 ans, qui \u00e9volue dans la formation fran\u00e7aise FDJ-Suez.","og_url":"https:\/\/dicodusport.fr\/blog\/lea-curinier-fdj-suez-jespere-pouvoir-etre-inspirante-pour-de-jeunes-filles\/","og_site_name":"Dicodusport","article_publisher":"https:\/\/www.facebook.com\/dicodusport","article_published_time":"2024-12-12T10:43:01+00:00","og_image":[{"width":1200,"height":674,"url":"https:\/\/dicodusport.fr\/blog\/wp-content\/uploads\/2024\/12\/Lea-Curinier-FDJ-SUEZ-Jespere-pouvoir-etre-inspirante-pour-de-jeunes-filles.png","type":"image\/png"}],"author":"Etienne Goursaud","twitter_card":"summary_large_image","twitter_title":"L\u00e9a Curinier (FDJ-Suez) : \u00ab J'esp\u00e8re pouvoir \u00eatre inspirante pour de jeunes filles \u00bb","twitter_creator":"@dicodusport","twitter_site":"@dicodusport","schema":{"@context":"https:\/\/schema.org","@graph":[{"@type":"NewsArticle","@id":"https:\/\/dicodusport.fr\/blog\/lea-curinier-fdj-suez-jespere-pouvoir-etre-inspirante-pour-de-jeunes-filles\/#article","isPartOf":{"@id":"https:\/\/dicodusport.fr\/blog\/lea-curinier-fdj-suez-jespere-pouvoir-etre-inspirante-pour-de-jeunes-filles\/"},"author":{"name":"Etienne Goursaud","@id":"https:\/\/dicodusport.fr\/blog\/#\/schema\/person\/d603dd7da31fb2b46c82b9835a77ec13"},"headline":"L\u00e9a Curinier (FDJ-Suez) : \u00ab J&rsquo;esp\u00e8re pouvoir \u00eatre inspirante pour de jeunes filles \u00bb","datePublished":"2024-12-12T10:43:01+00:00","mainEntityOfPage":{"@id":"https:\/\/dicodusport.fr\/blog\/lea-curinier-fdj-suez-jespere-pouvoir-etre-inspirante-pour-de-jeunes-filles\/"},"wordCount":2558,"commentCount":0,"publisher":{"@id":"https:\/\/dicodusport.fr\/blog\/#organization"},"image":{"@id":"https:\/\/dicodusport.fr\/blog\/lea-curinier-fdj-suez-jespere-pouvoir-etre-inspirante-pour-de-jeunes-filles\/#primaryimage"},"thumbnailUrl":"https:\/\/dicodusport.fr\/blog\/wp-content\/uploads\/2024\/12\/Lea-Curinier-FDJ-SUEZ-Jespere-pouvoir-etre-inspirante-pour-de-jeunes-filles.png","keywords":["br\u00e8ve","Cyclisme","cyclisme f\u00e9minin","FDJ-Suez","sport"],"articleSection":["Cyclisme sur route"],"inLanguage":"fr-FR","potentialAction":[{"@type":"CommentAction","name":"Comment","target":["https:\/\/dicodusport.fr\/blog\/lea-curinier-fdj-suez-jespere-pouvoir-etre-inspirante-pour-de-jeunes-filles\/#respond"]}],"copyrightYear":"2024","copyrightHolder":{"@id":"https:\/\/dicodusport.fr\/blog\/#organization"}},{"@type":"WebPage","@id":"https:\/\/dicodusport.fr\/blog\/lea-curinier-fdj-suez-jespere-pouvoir-etre-inspirante-pour-de-jeunes-filles\/","url":"https:\/\/dicodusport.fr\/blog\/lea-curinier-fdj-suez-jespere-pouvoir-etre-inspirante-pour-de-jeunes-filles\/","name":"L\u00e9a Curinier (FDJ-Suez) : \u00ab J'esp\u00e8re pouvoir \u00eatre inspirante pour de jeunes filles \u00bb","isPartOf":{"@id":"https:\/\/dicodusport.fr\/blog\/#website"},"primaryImageOfPage":{"@id":"https:\/\/dicodusport.fr\/blog\/lea-curinier-fdj-suez-jespere-pouvoir-etre-inspirante-pour-de-jeunes-filles\/#primaryimage"},"image":{"@id":"https:\/\/dicodusport.fr\/blog\/lea-curinier-fdj-suez-jespere-pouvoir-etre-inspirante-pour-de-jeunes-filles\/#primaryimage"},"thumbnailUrl":"https:\/\/dicodusport.fr\/blog\/wp-content\/uploads\/2024\/12\/Lea-Curinier-FDJ-SUEZ-Jespere-pouvoir-etre-inspirante-pour-de-jeunes-filles.png","datePublished":"2024-12-12T10:43:01+00:00","description":"CYCLISME - Entretien avec L\u00e9a Curinier, la jeune coureuse de 23 ans, qui \u00e9volue dans la formation fran\u00e7aise FDJ-Suez.","breadcrumb":{"@id":"https:\/\/dicodusport.fr\/blog\/lea-curinier-fdj-suez-jespere-pouvoir-etre-inspirante-pour-de-jeunes-filles\/#breadcrumb"},"inLanguage":"fr-FR","potentialAction":[{"@type":"ReadAction","target":["https:\/\/dicodusport.fr\/blog\/lea-curinier-fdj-suez-jespere-pouvoir-etre-inspirante-pour-de-jeunes-filles\/"]}]},{"@type":"ImageObject","inLanguage":"fr-FR","@id":"https:\/\/dicodusport.fr\/blog\/lea-curinier-fdj-suez-jespere-pouvoir-etre-inspirante-pour-de-jeunes-filles\/#primaryimage","url":"https:\/\/dicodusport.fr\/blog\/wp-content\/uploads\/2024\/12\/Lea-Curinier-FDJ-SUEZ-Jespere-pouvoir-etre-inspirante-pour-de-jeunes-filles.png","contentUrl":"https:\/\/dicodusport.fr\/blog\/wp-content\/uploads\/2024\/12\/Lea-Curinier-FDJ-SUEZ-Jespere-pouvoir-etre-inspirante-pour-de-jeunes-filles.png","width":1200,"height":674,"caption":"L\u00e9a Curinier (FDJ-SUEZ) : \"J'esp\u00e8re pouvoir \u00eatre inspirante pour de jeunes filles\""},{"@type":"BreadcrumbList","@id":"https:\/\/dicodusport.fr\/blog\/lea-curinier-fdj-suez-jespere-pouvoir-etre-inspirante-pour-de-jeunes-filles\/#breadcrumb","itemListElement":[{"@type":"ListItem","position":1,"name":"Accueil","item":"https:\/\/dicodusport.fr\/blog\/"},{"@type":"ListItem","position":2,"name":"L\u00e9a Curinier (FDJ-Suez) : \u00ab J&#8217;esp\u00e8re pouvoir \u00eatre inspirante pour de jeunes filles \u00bb"}]},{"@type":"WebSite","@id":"https:\/\/dicodusport.fr\/blog\/#website","url":"https:\/\/dicodusport.fr\/blog\/","name":"Dicodusport","description":"L&#039;encyclop\u00e9die de l&#039;actualit\u00e9 sportive","publisher":{"@id":"https:\/\/dicodusport.fr\/blog\/#organization"},"potentialAction":[{"@type":"SearchAction","target":{"@type":"EntryPoint","urlTemplate":"https:\/\/dicodusport.fr\/blog\/?s={search_term_string}"},"query-input":{"@type":"PropertyValueSpecification","valueRequired":true,"valueName":"search_term_string"}}],"inLanguage":"fr-FR"},{"@type":"NewsMediaOrganization","@id":"https:\/\/dicodusport.fr\/blog\/#organization","name":"Dicodusport","url":"https:\/\/dicodusport.fr\/blog\/","logo":{"@type":"ImageObject","inLanguage":"fr-FR","@id":"https:\/\/dicodusport.fr\/blog\/#\/schema\/logo\/image\/","url":"https:\/\/dicodusport.fr\/blog\/wp-content\/uploads\/2020\/06\/cropped-LOGO-DICODUSPORT-2020-SANS-FOND-SANS-TEXTE.png","contentUrl":"https:\/\/dicodusport.fr\/blog\/wp-content\/uploads\/2020\/06\/cropped-LOGO-DICODUSPORT-2020-SANS-FOND-SANS-TEXTE.png","width":512,"height":512,"caption":"Dicodusport"},"image":{"@id":"https:\/\/dicodusport.fr\/blog\/#\/schema\/logo\/image\/"},"sameAs":["https:\/\/www.facebook.com\/dicodusport","https:\/\/x.com\/dicodusport","https:\/\/www.instagram.com\/dicodusport\/","https:\/\/www.youtube.com\/channel\/UC7V2KZ5sd3htJivAbA4ZG3w"],"description":"Dicodusport est l'encyclop\u00e9die de l'actualit\u00e9 sportive.","email":"bonjour@dicodusport.fr","legalName":"DICODUSPORT","foundingDate":"2018-01-14","vatID":"FR71834470973","taxID":"83447097300043","numberOfEmployees":{"@type":"QuantitativeValue","minValue":"1","maxValue":"10"}},{"@type":"Person","@id":"https:\/\/dicodusport.fr\/blog\/#\/schema\/person\/d603dd7da31fb2b46c82b9835a77ec13","name":"Etienne Goursaud","image":{"@type":"ImageObject","inLanguage":"fr-FR","@id":"https:\/\/dicodusport.fr\/blog\/#\/schema\/person\/image\/","url":"https:\/\/dicodusport.fr\/blog\/wp-content\/uploads\/2023\/12\/410122264_10231602061736049_5565839791558026645_n-150x150.jpg","contentUrl":"https:\/\/dicodusport.fr\/blog\/wp-content\/uploads\/2023\/12\/410122264_10231602061736049_5565839791558026645_n-150x150.jpg","caption":"Etienne Goursaud"},"description":"Journaliste et amoureux de sport. Ancien footballeur reconverti athl\u00e8te quand ses muscles le laissent tranquille. \u00c9lev\u00e9 \u00e0 la sauce des exploits de Thomas Voeckler en 2004, du dernier essai de l\u00e9gende de Eunice Barber \u00e0 la longueur lors des championnats du monde d'athl\u00e9tisme de 2003 mais aussi Zidane, Omeyer et Titou Lamaison.","url":"https:\/\/dicodusport.fr\/blog\/author\/etienne-goursaud\/"}]}},"_links":{"self":[{"href":"https:\/\/dicodusport.fr\/blog\/wp-json\/wp\/v2\/posts\/537970","targetHints":{"allow":["GET"]}}],"collection":[{"href":"https:\/\/dicodusport.fr\/blog\/wp-json\/wp\/v2\/posts"}],"about":[{"href":"https:\/\/dicodusport.fr\/blog\/wp-json\/wp\/v2\/types\/post"}],"author":[{"embeddable":true,"href":"https:\/\/dicodusport.fr\/blog\/wp-json\/wp\/v2\/users\/83"}],"replies":[{"embeddable":true,"href":"https:\/\/dicodusport.fr\/blog\/wp-json\/wp\/v2\/comments?post=537970"}],"version-history":[{"count":5,"href":"https:\/\/dicodusport.fr\/blog\/wp-json\/wp\/v2\/posts\/537970\/revisions"}],"predecessor-version":[{"id":539144,"href":"https:\/\/dicodusport.fr\/blog\/wp-json\/wp\/v2\/posts\/537970\/revisions\/539144"}],"wp:featuredmedia":[{"embeddable":true,"href":"https:\/\/dicodusport.fr\/blog\/wp-json\/wp\/v2\/media\/538705"}],"wp:attachment":[{"href":"https:\/\/dicodusport.fr\/blog\/wp-json\/wp\/v2\/media?parent=537970"}],"wp:term":[{"taxonomy":"category","embeddable":true,"href":"https:\/\/dicodusport.fr\/blog\/wp-json\/wp\/v2\/categories?post=537970"},{"taxonomy":"post_tag","embeddable":true,"href":"https:\/\/dicodusport.fr\/blog\/wp-json\/wp\/v2\/tags?post=537970"}],"curies":[{"name":"wp","href":"https:\/\/api.w.org\/{rel}","templated":true}]}}