{"id":538891,"date":"2024-12-10T22:54:50","date_gmt":"2024-12-10T21:54:50","guid":{"rendered":"https:\/\/dicodusport.fr\/blog\/?p=538891&#038;preview=true&#038;preview_id=538891"},"modified":"2025-09-16T08:00:18","modified_gmt":"2025-09-16T06:00:18","slug":"ligue-des-champions-j6-brest-soffre-le-psv-et-assure-definitivement-son-avenir-europeen","status":"publish","type":"post","link":"https:\/\/dicodusport.fr\/blog\/ligue-des-champions-j6-brest-soffre-le-psv-et-assure-definitivement-son-avenir-europeen\/","title":{"rendered":"Ligue des Champions (J6) : Brest s&rsquo;offre le PSV et assure d\u00e9finitivement son avenir europ\u00e9en !"},"content":{"rendered":"<h4 style=\"text-align: justify;\"><em>LIGUE DES CHAMPIONS 2024-2025 \u2013 Le r\u00eave de Brest est pass\u00e9 dans une nouvelle dimension ce mardi soir. Le club breton a d\u00e9finitivement s\u00e9curis\u00e9 sa place pour la suite de la comp\u00e9tition en d\u00e9crochant sa quatri\u00e8me victoire, face au PSV Eindhoven, 1-0. Gr\u00e2ce \u00e0 un but de Julien Le Cardinal, et les nombreux arr\u00eats d\u00e9cisifs de Marco Bizot, les hommes d&rsquo;\u00c9ric Roy ont ajout\u00e9 un succ\u00e8s de prestige \u00e0 leur invraisemblable campagne europ\u00e9enne.<\/em><\/h4>\n<ul style=\"text-align: justify;\">\n<li style=\"text-align: justify;\"><strong>\u00c0 ce sujet \u2013 <a href=\"https:\/\/dicodusport.fr\/blog\/classement-ligue-des-champions-2024-2025-psg-lille-monaco-et-brest\/\">Classement Ligue des Champions 2024-2025 (PSG, Lille, Monaco et Brest)<\/a><\/strong><\/li>\n<\/ul>\n<p style=\"text-align: justify;\">Deux semaines apr\u00e8s avoir essuy\u00e9 son premier revers sur la sc\u00e8ne europ\u00e9enne \u00e0 Barcelone, <strong>Brest<\/strong> remettait le couvert en accueillant le <strong>PSV Eindhoven<\/strong> au Roudourou. La place dans le Top 24 \u00e9tant d\u00e9j\u00e0 quasiment acquise, les Bretons pouvaient s\u00e9curiser leur bien face aux N\u00e9erlandais. Cependant, <strong>\u00c9ric Roy<\/strong> devait composer avec six absences majeures, et une situation inqui\u00e9tante en championnat.<\/p>\n<ul>\n<li style=\"text-align: justify;\"><strong>\u00c0 ce sujet &#8211; <a href=\"https:\/\/dicodusport.fr\/blog\/video-resume-brest-psv-6eme-journee-de-ligue-des-champions\/\">[Vid\u00e9o] R\u00e9sum\u00e9 Brest-PSV, 6\u00e8me journ\u00e9e de Ligue des champions<\/a>\u00a0<\/strong><\/li>\n<\/ul>\n<h2>Martyris\u00e9, Brest donne une le\u00e7on de r\u00e9alisme<\/h2>\n<p style=\"text-align: justify;\">Face \u00e0 des N\u00e9erlandais joueurs et en confiance (seulement deux d\u00e9faites sur leurs 20 derniers matchs), les Brestois s&rsquo;attendaient \u00e0 courir derri\u00e8re le ballon. Cela se concr\u00e9tise d\u00e8s l&rsquo;entame de match puisqu&rsquo;au bout de dix minutes, la possession est d\u00e9j\u00e0 nettement en faveur du PSV (60%). Le bloc d\u00e9fensif r\u00e9siste, mais voit progressivement le danger se rapprocher. Des frappes de <strong>Malik Tillman<\/strong>\u00a0et <strong>Olivier Boscagli<\/strong> contraignent <strong>Marco Bizot<\/strong> \u00e0 deux arr\u00eats d\u00e9cisifs. Avant que <strong>Johan Bakayoko<\/strong> ne frise le poteau droit. Quasi inoffensifs, les Bretons sont min\u00e9s par un gros d\u00e9chet technique sur les transitions.<\/p>\n<p style=\"text-align: justify;\">\u00c0 force d&rsquo;\u00eatre domin\u00e9s, les Brestois sont sur le reculoir. Battu dans la bataille du milieu de terrain, d\u00e9pass\u00e9 par la vitesse des ailiers hollandais, le club breton vacille. Contr\u00f4le jusque-l\u00e0, <strong>Luuk De Jong<\/strong> commence \u00e0 trouver des espaces dans la surface. Le redoutable buteur va disposer de deux occasions en or, toutes deux encore repouss\u00e9es avec brio par le dernier rempart breton. Alors que la mi-temps pointe le bout de son nez, le onze brestois est d\u00e9j\u00e0 lessiv\u00e9, rinc\u00e9 par la vitesse adverse. Mais il n&rsquo;a pas perdu sa bonne \u00e9toile. Sur un coup franc anecdotique, une remise de Bald\u00e9 trouve <strong>Julien Le Cardinal<\/strong> pour une ouverture du score totalement contre le cours du jeu (1-0, 44e) ! Un but qui r\u00e9compense les 45 minutes magistrales de l&rsquo;homme fort de la soir\u00e9e, Marco Bizot.<\/p>\n<blockquote class=\"twitter-tweet\">\n<p dir=\"ltr\" lang=\"fr\">BREST OUVRE LE SCORE \ud83e\udd29<\/p>\n<p>Julien Le Cardinal permet \u00e0 Brest de prendre provisoirement la 3e place du classement \ud83d\udd25<a href=\"https:\/\/twitter.com\/hashtag\/SB29PSV?src=hash&amp;ref_src=twsrc%5Etfw\">#SB29PSV<\/a> | <a href=\"https:\/\/twitter.com\/hashtag\/UCL?src=hash&amp;ref_src=twsrc%5Etfw\">#UCL<\/a> <a href=\"https:\/\/t.co\/pfcFx7IKt0\">pic.twitter.com\/pfcFx7IKt0<\/a><\/p>\n<p>\u2014 CANAL+ Foot (@CanalplusFoot) <a href=\"https:\/\/twitter.com\/CanalplusFoot\/status\/1866586408749510851?ref_src=twsrc%5Etfw\">December 10, 2024<\/a><\/p><\/blockquote>\n<p><script async src=\"https:\/\/platform.twitter.com\/widgets.js\" charset=\"utf-8\"><\/script><\/p>\n<h2 style=\"text-align: justify;\">Le PSV se casse les dents sur des Bretons sublim\u00e9s<\/h2>\n<p style=\"text-align: justify;\">D\u00e8s le retour des vestiaires, la deuxi\u00e8me lame est proche de s&rsquo;abattre. Magistral, <strong>Romain Del Castillo<\/strong> cr\u00e9e des diff\u00e9rences pour envoyer <strong>Mama Bald\u00e9<\/strong> dans le dos de la d\u00e9fense. L&rsquo;attaquant bissau-guin\u00e9en va disposer de deux \u00e9normes opportunit\u00e9s rapidement, mais p\u00eache dans le dernier geste. Apr\u00e8s dix minutes de latence, le PSV met \u00e0 contribution un temps mort suite \u00e0 la sortie sur blessure du buteur, Le Cardinal, pour retrouver des couleurs. <strong>Ismael Saibari<\/strong> va ainsi faire parcourir un frisson au peuple brestois en envoyant un petit bijou sur le poteau de Bizot ! Le jeu va alors se d\u00e9brider, et les Brestois connaissent un nouveau temps fort. Une frappe d\u00e9vi\u00e9e de <strong>Kamory Doumbia<\/strong>, puis un petit num\u00e9ro de <strong>Mathias Pereira Lage<\/strong> passent \u00e0 deux doigts de faire chavirer la Bretagne.<\/p>\n<p style=\"text-align: justify;\">Sentant le feu, Peter Bosz d\u00e9cide d&rsquo;envoyer l&rsquo;artillerie lourde avec les entr\u00e9es combin\u00e9es des Nord-am\u00e9ricains, <strong>Ricardo Pepi <\/strong>et <strong>Hirving Lozano<\/strong>. Malgr\u00e9 tout, les entrants brestois (Pereira Lage, Sima) emp\u00eachent le bloc adverse de sortir en tenant le ballon haut sur le terrain, grattant au passage de pr\u00e9cieuses minutes. Mais \u00e0 un quart d&rsquo;heure du coup de sifflet final, les gardiens vont de nouveau briller. Respectivement face \u00e0 Pereira Lage, puis Pepi, <strong>Walter Benitez <\/strong>et <strong>Marco Bizot<\/strong> sauvent la mise pour leur \u00e9quipe. Lib\u00e9r\u00e9s, les Brestois accumulent les occasions et tiennent en respect le 8e de finaliste de la derni\u00e8re \u00e9dition. \u00c0 bout de force, ils finissent par subir un si\u00e8ge terrible du PSV, mais il y a toujours une jambe ou un bout de semelle pour repousser les assauts n\u00e9erlandais, et ce, jusqu&rsquo;au coup de sifflet final.<\/p>\n<p style=\"text-align: justify;\">Brest l&#8217;emporte donc <strong>1-0<\/strong>, et d\u00e9croche sa <strong>4e victoire en six matchs de Ligue des Champions<\/strong> ! Avec <strong>13 points,<\/strong> le club breton remonte \u00e0 la <strong>5e place<\/strong> du classement, et a surtout assur\u00e9 d\u00e9finitivement son avenir europ\u00e9en, tout en r\u00eavant encore d&rsquo;une qualification directe en huiti\u00e8mes de finale !<\/p>\n<blockquote class=\"twitter-tweet\">\n<p dir=\"ltr\" lang=\"fr\">\u231a\ufe0f90&prime; | \ud835\udc02&rsquo;\ud835\udc04\ud835\udc12\ud835\udc13 \ud835\udc13\ud835\udc04\ud835\udc11\ud835\udc0c\ud835\udc08\ud835\udc0d\ud835\udc04\u0301 \ud835\udc0e\ud835\udc0d \ud835\udc0b&rsquo;\ud835\udc00 \ud835\udc05\ud835\udc00\ud835\udc08\ud835\udc13 ! \u2764\ufe0f\ud83e\udd0d<\/p>\n<p>Au terme d&rsquo;un match H\u00c9RO\u00cfQUE le Stade Brestois s&rsquo;impose par la plus petite des marges face au champion des Pays-Bas et entrevoit un peu plus la suite de la comp\u00e9tition !<\/p>\n<p>\ud835\udc6c\ud835\udc7f\ud835\udc6a\ud835\udc6c\ud835\udc77\ud835\udc7b\ud835\udc70\ud835\udc76\ud835\udc75\ud835\udc75\ud835\udc6c\ud835\udc73 \u26a1\ufe0f<a href=\"https:\/\/twitter.com\/hashtag\/SB29PSV?src=hash&amp;ref_src=twsrc%5Etfw\">#SB29PSV<\/a> 1\ufe0f\u20e3-0\ufe0f\u20e3 <a href=\"https:\/\/t.co\/ovYzsFEYXX\">pic.twitter.com\/ovYzsFEYXX<\/a><\/p>\n<p>\u2014 Stade Brestois 29 (@SB29) <a href=\"https:\/\/twitter.com\/SB29\/status\/1866602352373023130?ref_src=twsrc%5Etfw\">December 10, 2024<\/a><\/p><\/blockquote>\n<p><script async src=\"https:\/\/platform.twitter.com\/widgets.js\" charset=\"utf-8\"><\/script><\/p>\n","protected":false},"excerpt":{"rendered":"<p>LIGUE DES CHAMPIONS 2024-2025 \u2013 Le r\u00eave de Brest est pass\u00e9 dans une nouvelle dimension ce mardi soir. Le club breton a d\u00e9finitivement s\u00e9curis\u00e9 sa place pour la suite de la comp\u00e9tition en d\u00e9crochant sa quatri\u00e8me victoire, face au PSV Eindhoven, 1-0. Gr\u00e2ce \u00e0 un but de Julien Le Cardinal, et les nombreux arr\u00eats d\u00e9cisifs de Marco Bizot, les hommes d&rsquo;\u00c9ric Roy ont ajout\u00e9 un succ\u00e8s de prestige \u00e0 leur invraisemblable campagne europ\u00e9enne.<\/p>\n","protected":false},"author":55,"featured_media":538918,"comment_status":"open","ping_status":"closed","sticky":false,"template":"","format":"standard","meta":{"_acf_changed":false,"_daextam_enable_autolinks":"1","footnotes":""},"categories":[47250],"tags":[5460,16878,8643,75,25874,13521,24,5617],"class_list":["post-538891","post","type-post","status-publish","format-standard","has-post-thumbnail","hentry","category-ligue-des-champions-de-football","tag-brest","tag-breve","tag-c1","tag-football","tag-psv","tag-psv-eindhoven","tag-sport","tag-stade-brestois"],"acf":[],"yoast_head":"<!-- This site is optimized with the Yoast SEO Premium plugin v26.7 (Yoast SEO v26.7) - https:\/\/yoast.com\/wordpress\/plugins\/seo\/ -->\n<title>Ligue des Champions (J6) : Brest s&#039;offre le PSV et assure d\u00e9finitivement son avenir europ\u00e9en !<\/title>\n<meta name=\"description\" content=\"LIGUE DES CHAMPIONS 2024-2025 - Brest a s\u00e9curis\u00e9 d\u00e9finitivement sa place dans le Top 24 en disposant du PSV Eindhoven, 1-0.\" \/>\n<meta name=\"robots\" content=\"index, follow, max-snippet:-1, max-image-preview:large, max-video-preview:-1\" \/>\n<link rel=\"canonical\" href=\"https:\/\/dicodusport.fr\/blog\/ligue-des-champions-j6-brest-soffre-le-psv-et-assure-definitivement-son-avenir-europeen\/\" \/>\n<meta property=\"og:locale\" content=\"fr_FR\" \/>\n<meta property=\"og:type\" content=\"article\" \/>\n<meta property=\"og:title\" content=\"Ligue des Champions (J6) : Brest s&#039;offre le PSV et assure d\u00e9finitivement son avenir europ\u00e9en !\" \/>\n<meta property=\"og:description\" content=\"LIGUE DES CHAMPIONS 2024-2025 - Brest a s\u00e9curis\u00e9 d\u00e9finitivement sa place dans le Top 24 en disposant du PSV Eindhoven, 1-0.\" \/>\n<meta property=\"og:url\" content=\"https:\/\/dicodusport.fr\/blog\/ligue-des-champions-j6-brest-soffre-le-psv-et-assure-definitivement-son-avenir-europeen\/\" \/>\n<meta property=\"og:site_name\" content=\"Dicodusport\" \/>\n<meta property=\"article:publisher\" content=\"https:\/\/www.facebook.com\/dicodusport\" \/>\n<meta property=\"article:published_time\" content=\"2024-12-10T21:54:50+00:00\" \/>\n<meta property=\"article:modified_time\" content=\"2025-09-16T06:00:18+00:00\" \/>\n<meta property=\"og:image\" content=\"https:\/\/dicodusport.fr\/blog\/wp-content\/uploads\/2024\/12\/LDC.png\" \/>\n\t<meta property=\"og:image:width\" content=\"1200\" \/>\n\t<meta property=\"og:image:height\" content=\"674\" \/>\n\t<meta property=\"og:image:type\" content=\"image\/png\" \/>\n<meta name=\"author\" content=\"Maxime Cazenave\" \/>\n<meta name=\"twitter:card\" content=\"summary_large_image\" \/>\n<meta name=\"twitter:title\" content=\"Ligue des Champions (J6) : Brest s&#039;offre le PSV et assure d\u00e9finitivement son avenir europ\u00e9en !\" \/>\n<meta name=\"twitter:creator\" content=\"@https:\/\/twitter.com\/Maxime_Caze\" \/>\n<meta name=\"twitter:site\" content=\"@dicodusport\" \/>\n<script type=\"application\/ld+json\" class=\"yoast-schema-graph\">{\"@context\":\"https:\/\/schema.org\",\"@graph\":[{\"@type\":\"NewsArticle\",\"@id\":\"https:\/\/dicodusport.fr\/blog\/ligue-des-champions-j6-brest-soffre-le-psv-et-assure-definitivement-son-avenir-europeen\/#article\",\"isPartOf\":{\"@id\":\"https:\/\/dicodusport.fr\/blog\/ligue-des-champions-j6-brest-soffre-le-psv-et-assure-definitivement-son-avenir-europeen\/\"},\"author\":{\"name\":\"Maxime Cazenave\",\"@id\":\"https:\/\/dicodusport.fr\/blog\/#\/schema\/person\/37def232098a7a5cbab3974a3690abb0\"},\"headline\":\"Ligue des Champions (J6) : Brest s&rsquo;offre le PSV et assure d\u00e9finitivement son avenir europ\u00e9en !\",\"datePublished\":\"2024-12-10T21:54:50+00:00\",\"dateModified\":\"2025-09-16T06:00:18+00:00\",\"mainEntityOfPage\":{\"@id\":\"https:\/\/dicodusport.fr\/blog\/ligue-des-champions-j6-brest-soffre-le-psv-et-assure-definitivement-son-avenir-europeen\/\"},\"wordCount\":874,\"commentCount\":0,\"publisher\":{\"@id\":\"https:\/\/dicodusport.fr\/blog\/#organization\"},\"image\":{\"@id\":\"https:\/\/dicodusport.fr\/blog\/ligue-des-champions-j6-brest-soffre-le-psv-et-assure-definitivement-son-avenir-europeen\/#primaryimage\"},\"thumbnailUrl\":\"https:\/\/dicodusport.fr\/blog\/wp-content\/uploads\/2024\/12\/LDC.png\",\"keywords\":[\"Brest\",\"br\u00e8ve\",\"C1\",\"Football\",\"PSV\",\"PSV Eindhoven\",\"sport\",\"Stade Brestois\"],\"articleSection\":[\"Ligue des Champions de football\"],\"inLanguage\":\"fr-FR\",\"potentialAction\":[{\"@type\":\"CommentAction\",\"name\":\"Comment\",\"target\":[\"https:\/\/dicodusport.fr\/blog\/ligue-des-champions-j6-brest-soffre-le-psv-et-assure-definitivement-son-avenir-europeen\/#respond\"]}],\"copyrightYear\":\"2024\",\"copyrightHolder\":{\"@id\":\"https:\/\/dicodusport.fr\/blog\/#organization\"}},{\"@type\":\"WebPage\",\"@id\":\"https:\/\/dicodusport.fr\/blog\/ligue-des-champions-j6-brest-soffre-le-psv-et-assure-definitivement-son-avenir-europeen\/\",\"url\":\"https:\/\/dicodusport.fr\/blog\/ligue-des-champions-j6-brest-soffre-le-psv-et-assure-definitivement-son-avenir-europeen\/\",\"name\":\"Ligue des Champions (J6) : Brest s'offre le PSV et assure d\u00e9finitivement son avenir europ\u00e9en !\",\"isPartOf\":{\"@id\":\"https:\/\/dicodusport.fr\/blog\/#website\"},\"primaryImageOfPage\":{\"@id\":\"https:\/\/dicodusport.fr\/blog\/ligue-des-champions-j6-brest-soffre-le-psv-et-assure-definitivement-son-avenir-europeen\/#primaryimage\"},\"image\":{\"@id\":\"https:\/\/dicodusport.fr\/blog\/ligue-des-champions-j6-brest-soffre-le-psv-et-assure-definitivement-son-avenir-europeen\/#primaryimage\"},\"thumbnailUrl\":\"https:\/\/dicodusport.fr\/blog\/wp-content\/uploads\/2024\/12\/LDC.png\",\"datePublished\":\"2024-12-10T21:54:50+00:00\",\"dateModified\":\"2025-09-16T06:00:18+00:00\",\"description\":\"LIGUE DES CHAMPIONS 2024-2025 - Brest a s\u00e9curis\u00e9 d\u00e9finitivement sa place dans le Top 24 en disposant du PSV Eindhoven, 1-0.\",\"breadcrumb\":{\"@id\":\"https:\/\/dicodusport.fr\/blog\/ligue-des-champions-j6-brest-soffre-le-psv-et-assure-definitivement-son-avenir-europeen\/#breadcrumb\"},\"inLanguage\":\"fr-FR\",\"potentialAction\":[{\"@type\":\"ReadAction\",\"target\":[\"https:\/\/dicodusport.fr\/blog\/ligue-des-champions-j6-brest-soffre-le-psv-et-assure-definitivement-son-avenir-europeen\/\"]}]},{\"@type\":\"ImageObject\",\"inLanguage\":\"fr-FR\",\"@id\":\"https:\/\/dicodusport.fr\/blog\/ligue-des-champions-j6-brest-soffre-le-psv-et-assure-definitivement-son-avenir-europeen\/#primaryimage\",\"url\":\"https:\/\/dicodusport.fr\/blog\/wp-content\/uploads\/2024\/12\/LDC.png\",\"contentUrl\":\"https:\/\/dicodusport.fr\/blog\/wp-content\/uploads\/2024\/12\/LDC.png\",\"width\":1200,\"height\":674,\"caption\":\"Ligue des Champions (J6) : Brest s'offre le PSV et assure d\u00e9finitivement son avenir europ\u00e9en !\"},{\"@type\":\"BreadcrumbList\",\"@id\":\"https:\/\/dicodusport.fr\/blog\/ligue-des-champions-j6-brest-soffre-le-psv-et-assure-definitivement-son-avenir-europeen\/#breadcrumb\",\"itemListElement\":[{\"@type\":\"ListItem\",\"position\":1,\"name\":\"Accueil\",\"item\":\"https:\/\/dicodusport.fr\/blog\/\"},{\"@type\":\"ListItem\",\"position\":2,\"name\":\"Ligue des Champions (J6) : Brest s&rsquo;offre le PSV et assure d\u00e9finitivement son avenir europ\u00e9en !\"}]},{\"@type\":\"WebSite\",\"@id\":\"https:\/\/dicodusport.fr\/blog\/#website\",\"url\":\"https:\/\/dicodusport.fr\/blog\/\",\"name\":\"Dicodusport\",\"description\":\"L&#039;encyclop\u00e9die de l&#039;actualit\u00e9 sportive\",\"publisher\":{\"@id\":\"https:\/\/dicodusport.fr\/blog\/#organization\"},\"potentialAction\":[{\"@type\":\"SearchAction\",\"target\":{\"@type\":\"EntryPoint\",\"urlTemplate\":\"https:\/\/dicodusport.fr\/blog\/?s={search_term_string}\"},\"query-input\":{\"@type\":\"PropertyValueSpecification\",\"valueRequired\":true,\"valueName\":\"search_term_string\"}}],\"inLanguage\":\"fr-FR\"},{\"@type\":\"NewsMediaOrganization\",\"@id\":\"https:\/\/dicodusport.fr\/blog\/#organization\",\"name\":\"Dicodusport\",\"url\":\"https:\/\/dicodusport.fr\/blog\/\",\"logo\":{\"@type\":\"ImageObject\",\"inLanguage\":\"fr-FR\",\"@id\":\"https:\/\/dicodusport.fr\/blog\/#\/schema\/logo\/image\/\",\"url\":\"https:\/\/dicodusport.fr\/blog\/wp-content\/uploads\/2020\/06\/cropped-LOGO-DICODUSPORT-2020-SANS-FOND-SANS-TEXTE.png\",\"contentUrl\":\"https:\/\/dicodusport.fr\/blog\/wp-content\/uploads\/2020\/06\/cropped-LOGO-DICODUSPORT-2020-SANS-FOND-SANS-TEXTE.png\",\"width\":512,\"height\":512,\"caption\":\"Dicodusport\"},\"image\":{\"@id\":\"https:\/\/dicodusport.fr\/blog\/#\/schema\/logo\/image\/\"},\"sameAs\":[\"https:\/\/www.facebook.com\/dicodusport\",\"https:\/\/x.com\/dicodusport\",\"https:\/\/www.instagram.com\/dicodusport\/\",\"https:\/\/www.youtube.com\/channel\/UC7V2KZ5sd3htJivAbA4ZG3w\"],\"description\":\"Dicodusport est l'encyclop\u00e9die de l'actualit\u00e9 sportive.\",\"email\":\"bonjour@dicodusport.fr\",\"legalName\":\"DICODUSPORT\",\"foundingDate\":\"2018-01-14\",\"vatID\":\"FR71834470973\",\"taxID\":\"83447097300043\",\"numberOfEmployees\":{\"@type\":\"QuantitativeValue\",\"minValue\":\"1\",\"maxValue\":\"10\"}},{\"@type\":\"Person\",\"@id\":\"https:\/\/dicodusport.fr\/blog\/#\/schema\/person\/37def232098a7a5cbab3974a3690abb0\",\"name\":\"Maxime Cazenave\",\"image\":{\"@type\":\"ImageObject\",\"inLanguage\":\"fr-FR\",\"@id\":\"https:\/\/dicodusport.fr\/blog\/#\/schema\/person\/image\/\",\"url\":\"https:\/\/dicodusport.fr\/blog\/wp-content\/uploads\/2021\/05\/Maxime-Cazenave-150x150.jpg\",\"contentUrl\":\"https:\/\/dicodusport.fr\/blog\/wp-content\/uploads\/2021\/05\/Maxime-Cazenave-150x150.jpg\",\"caption\":\"Maxime Cazenave\"},\"description\":\"Journaliste\/R\u00e9dacteur depuis 2012 - Berc\u00e9 par l\u2019amour des Girondins de Bordeaux, les \u00e9checs de Christophe Moreau sur le Tour de France sous l'\u00e8re Lance Armstrong et le fade-away l\u00e9tal de Dirk Nowitzki, ma passion d\u00e9vorante pour le sport a toujours \u00e9t\u00e9 un pan incontournable de ma vie. Transmettre ma passion \u00e0 l\u2019\u00e9crit a \u00e9t\u00e9 une transition naturelle. Suiveur assidu de basket et de hockey sur glace, je garde toujours un peu de place pour suivre le cyclisme, le football et le maximum de performances fran\u00e7aises.\",\"sameAs\":[\"https:\/\/x.com\/https:\/\/twitter.com\/Maxime_Caze\"],\"url\":\"https:\/\/dicodusport.fr\/blog\/author\/maximec\/\"}]}<\/script>\n<!-- \/ Yoast SEO Premium plugin. -->","yoast_head_json":{"title":"Ligue des Champions (J6) : Brest s'offre le PSV et assure d\u00e9finitivement son avenir europ\u00e9en !","description":"LIGUE DES CHAMPIONS 2024-2025 - Brest a s\u00e9curis\u00e9 d\u00e9finitivement sa place dans le Top 24 en disposant du PSV Eindhoven, 1-0.","robots":{"index":"index","follow":"follow","max-snippet":"max-snippet:-1","max-image-preview":"max-image-preview:large","max-video-preview":"max-video-preview:-1"},"canonical":"https:\/\/dicodusport.fr\/blog\/ligue-des-champions-j6-brest-soffre-le-psv-et-assure-definitivement-son-avenir-europeen\/","og_locale":"fr_FR","og_type":"article","og_title":"Ligue des Champions (J6) : Brest s'offre le PSV et assure d\u00e9finitivement son avenir europ\u00e9en !","og_description":"LIGUE DES CHAMPIONS 2024-2025 - Brest a s\u00e9curis\u00e9 d\u00e9finitivement sa place dans le Top 24 en disposant du PSV Eindhoven, 1-0.","og_url":"https:\/\/dicodusport.fr\/blog\/ligue-des-champions-j6-brest-soffre-le-psv-et-assure-definitivement-son-avenir-europeen\/","og_site_name":"Dicodusport","article_publisher":"https:\/\/www.facebook.com\/dicodusport","article_published_time":"2024-12-10T21:54:50+00:00","article_modified_time":"2025-09-16T06:00:18+00:00","og_image":[{"width":1200,"height":674,"url":"https:\/\/dicodusport.fr\/blog\/wp-content\/uploads\/2024\/12\/LDC.png","type":"image\/png"}],"author":"Maxime Cazenave","twitter_card":"summary_large_image","twitter_title":"Ligue des Champions (J6) : Brest s'offre le PSV et assure d\u00e9finitivement son avenir europ\u00e9en !","twitter_creator":"@https:\/\/twitter.com\/Maxime_Caze","twitter_site":"@dicodusport","schema":{"@context":"https:\/\/schema.org","@graph":[{"@type":"NewsArticle","@id":"https:\/\/dicodusport.fr\/blog\/ligue-des-champions-j6-brest-soffre-le-psv-et-assure-definitivement-son-avenir-europeen\/#article","isPartOf":{"@id":"https:\/\/dicodusport.fr\/blog\/ligue-des-champions-j6-brest-soffre-le-psv-et-assure-definitivement-son-avenir-europeen\/"},"author":{"name":"Maxime Cazenave","@id":"https:\/\/dicodusport.fr\/blog\/#\/schema\/person\/37def232098a7a5cbab3974a3690abb0"},"headline":"Ligue des Champions (J6) : Brest s&rsquo;offre le PSV et assure d\u00e9finitivement son avenir europ\u00e9en !","datePublished":"2024-12-10T21:54:50+00:00","dateModified":"2025-09-16T06:00:18+00:00","mainEntityOfPage":{"@id":"https:\/\/dicodusport.fr\/blog\/ligue-des-champions-j6-brest-soffre-le-psv-et-assure-definitivement-son-avenir-europeen\/"},"wordCount":874,"commentCount":0,"publisher":{"@id":"https:\/\/dicodusport.fr\/blog\/#organization"},"image":{"@id":"https:\/\/dicodusport.fr\/blog\/ligue-des-champions-j6-brest-soffre-le-psv-et-assure-definitivement-son-avenir-europeen\/#primaryimage"},"thumbnailUrl":"https:\/\/dicodusport.fr\/blog\/wp-content\/uploads\/2024\/12\/LDC.png","keywords":["Brest","br\u00e8ve","C1","Football","PSV","PSV Eindhoven","sport","Stade Brestois"],"articleSection":["Ligue des Champions de football"],"inLanguage":"fr-FR","potentialAction":[{"@type":"CommentAction","name":"Comment","target":["https:\/\/dicodusport.fr\/blog\/ligue-des-champions-j6-brest-soffre-le-psv-et-assure-definitivement-son-avenir-europeen\/#respond"]}],"copyrightYear":"2024","copyrightHolder":{"@id":"https:\/\/dicodusport.fr\/blog\/#organization"}},{"@type":"WebPage","@id":"https:\/\/dicodusport.fr\/blog\/ligue-des-champions-j6-brest-soffre-le-psv-et-assure-definitivement-son-avenir-europeen\/","url":"https:\/\/dicodusport.fr\/blog\/ligue-des-champions-j6-brest-soffre-le-psv-et-assure-definitivement-son-avenir-europeen\/","name":"Ligue des Champions (J6) : Brest s'offre le PSV et assure d\u00e9finitivement son avenir europ\u00e9en !","isPartOf":{"@id":"https:\/\/dicodusport.fr\/blog\/#website"},"primaryImageOfPage":{"@id":"https:\/\/dicodusport.fr\/blog\/ligue-des-champions-j6-brest-soffre-le-psv-et-assure-definitivement-son-avenir-europeen\/#primaryimage"},"image":{"@id":"https:\/\/dicodusport.fr\/blog\/ligue-des-champions-j6-brest-soffre-le-psv-et-assure-definitivement-son-avenir-europeen\/#primaryimage"},"thumbnailUrl":"https:\/\/dicodusport.fr\/blog\/wp-content\/uploads\/2024\/12\/LDC.png","datePublished":"2024-12-10T21:54:50+00:00","dateModified":"2025-09-16T06:00:18+00:00","description":"LIGUE DES CHAMPIONS 2024-2025 - Brest a s\u00e9curis\u00e9 d\u00e9finitivement sa place dans le Top 24 en disposant du PSV Eindhoven, 1-0.","breadcrumb":{"@id":"https:\/\/dicodusport.fr\/blog\/ligue-des-champions-j6-brest-soffre-le-psv-et-assure-definitivement-son-avenir-europeen\/#breadcrumb"},"inLanguage":"fr-FR","potentialAction":[{"@type":"ReadAction","target":["https:\/\/dicodusport.fr\/blog\/ligue-des-champions-j6-brest-soffre-le-psv-et-assure-definitivement-son-avenir-europeen\/"]}]},{"@type":"ImageObject","inLanguage":"fr-FR","@id":"https:\/\/dicodusport.fr\/blog\/ligue-des-champions-j6-brest-soffre-le-psv-et-assure-definitivement-son-avenir-europeen\/#primaryimage","url":"https:\/\/dicodusport.fr\/blog\/wp-content\/uploads\/2024\/12\/LDC.png","contentUrl":"https:\/\/dicodusport.fr\/blog\/wp-content\/uploads\/2024\/12\/LDC.png","width":1200,"height":674,"caption":"Ligue des Champions (J6) : Brest s'offre le PSV et assure d\u00e9finitivement son avenir europ\u00e9en !"},{"@type":"BreadcrumbList","@id":"https:\/\/dicodusport.fr\/blog\/ligue-des-champions-j6-brest-soffre-le-psv-et-assure-definitivement-son-avenir-europeen\/#breadcrumb","itemListElement":[{"@type":"ListItem","position":1,"name":"Accueil","item":"https:\/\/dicodusport.fr\/blog\/"},{"@type":"ListItem","position":2,"name":"Ligue des Champions (J6) : Brest s&rsquo;offre le PSV et assure d\u00e9finitivement son avenir europ\u00e9en !"}]},{"@type":"WebSite","@id":"https:\/\/dicodusport.fr\/blog\/#website","url":"https:\/\/dicodusport.fr\/blog\/","name":"Dicodusport","description":"L&#039;encyclop\u00e9die de l&#039;actualit\u00e9 sportive","publisher":{"@id":"https:\/\/dicodusport.fr\/blog\/#organization"},"potentialAction":[{"@type":"SearchAction","target":{"@type":"EntryPoint","urlTemplate":"https:\/\/dicodusport.fr\/blog\/?s={search_term_string}"},"query-input":{"@type":"PropertyValueSpecification","valueRequired":true,"valueName":"search_term_string"}}],"inLanguage":"fr-FR"},{"@type":"NewsMediaOrganization","@id":"https:\/\/dicodusport.fr\/blog\/#organization","name":"Dicodusport","url":"https:\/\/dicodusport.fr\/blog\/","logo":{"@type":"ImageObject","inLanguage":"fr-FR","@id":"https:\/\/dicodusport.fr\/blog\/#\/schema\/logo\/image\/","url":"https:\/\/dicodusport.fr\/blog\/wp-content\/uploads\/2020\/06\/cropped-LOGO-DICODUSPORT-2020-SANS-FOND-SANS-TEXTE.png","contentUrl":"https:\/\/dicodusport.fr\/blog\/wp-content\/uploads\/2020\/06\/cropped-LOGO-DICODUSPORT-2020-SANS-FOND-SANS-TEXTE.png","width":512,"height":512,"caption":"Dicodusport"},"image":{"@id":"https:\/\/dicodusport.fr\/blog\/#\/schema\/logo\/image\/"},"sameAs":["https:\/\/www.facebook.com\/dicodusport","https:\/\/x.com\/dicodusport","https:\/\/www.instagram.com\/dicodusport\/","https:\/\/www.youtube.com\/channel\/UC7V2KZ5sd3htJivAbA4ZG3w"],"description":"Dicodusport est l'encyclop\u00e9die de l'actualit\u00e9 sportive.","email":"bonjour@dicodusport.fr","legalName":"DICODUSPORT","foundingDate":"2018-01-14","vatID":"FR71834470973","taxID":"83447097300043","numberOfEmployees":{"@type":"QuantitativeValue","minValue":"1","maxValue":"10"}},{"@type":"Person","@id":"https:\/\/dicodusport.fr\/blog\/#\/schema\/person\/37def232098a7a5cbab3974a3690abb0","name":"Maxime Cazenave","image":{"@type":"ImageObject","inLanguage":"fr-FR","@id":"https:\/\/dicodusport.fr\/blog\/#\/schema\/person\/image\/","url":"https:\/\/dicodusport.fr\/blog\/wp-content\/uploads\/2021\/05\/Maxime-Cazenave-150x150.jpg","contentUrl":"https:\/\/dicodusport.fr\/blog\/wp-content\/uploads\/2021\/05\/Maxime-Cazenave-150x150.jpg","caption":"Maxime Cazenave"},"description":"Journaliste\/R\u00e9dacteur depuis 2012 - Berc\u00e9 par l\u2019amour des Girondins de Bordeaux, les \u00e9checs de Christophe Moreau sur le Tour de France sous l'\u00e8re Lance Armstrong et le fade-away l\u00e9tal de Dirk Nowitzki, ma passion d\u00e9vorante pour le sport a toujours \u00e9t\u00e9 un pan incontournable de ma vie. Transmettre ma passion \u00e0 l\u2019\u00e9crit a \u00e9t\u00e9 une transition naturelle. Suiveur assidu de basket et de hockey sur glace, je garde toujours un peu de place pour suivre le cyclisme, le football et le maximum de performances fran\u00e7aises.","sameAs":["https:\/\/x.com\/https:\/\/twitter.com\/Maxime_Caze"],"url":"https:\/\/dicodusport.fr\/blog\/author\/maximec\/"}]}},"_links":{"self":[{"href":"https:\/\/dicodusport.fr\/blog\/wp-json\/wp\/v2\/posts\/538891","targetHints":{"allow":["GET"]}}],"collection":[{"href":"https:\/\/dicodusport.fr\/blog\/wp-json\/wp\/v2\/posts"}],"about":[{"href":"https:\/\/dicodusport.fr\/blog\/wp-json\/wp\/v2\/types\/post"}],"author":[{"embeddable":true,"href":"https:\/\/dicodusport.fr\/blog\/wp-json\/wp\/v2\/users\/55"}],"replies":[{"embeddable":true,"href":"https:\/\/dicodusport.fr\/blog\/wp-json\/wp\/v2\/comments?post=538891"}],"version-history":[{"count":5,"href":"https:\/\/dicodusport.fr\/blog\/wp-json\/wp\/v2\/posts\/538891\/revisions"}],"predecessor-version":[{"id":538933,"href":"https:\/\/dicodusport.fr\/blog\/wp-json\/wp\/v2\/posts\/538891\/revisions\/538933"}],"wp:featuredmedia":[{"embeddable":true,"href":"https:\/\/dicodusport.fr\/blog\/wp-json\/wp\/v2\/media\/538918"}],"wp:attachment":[{"href":"https:\/\/dicodusport.fr\/blog\/wp-json\/wp\/v2\/media?parent=538891"}],"wp:term":[{"taxonomy":"category","embeddable":true,"href":"https:\/\/dicodusport.fr\/blog\/wp-json\/wp\/v2\/categories?post=538891"},{"taxonomy":"post_tag","embeddable":true,"href":"https:\/\/dicodusport.fr\/blog\/wp-json\/wp\/v2\/tags?post=538891"}],"curies":[{"name":"wp","href":"https:\/\/api.w.org\/{rel}","templated":true}]}}