{"id":539153,"date":"2024-12-12T13:19:43","date_gmt":"2024-12-12T12:19:43","guid":{"rendered":"https:\/\/dicodusport.fr\/blog\/?p=539153&#038;preview=true&#038;preview_id=539153"},"modified":"2024-12-14T02:20:32","modified_gmt":"2024-12-14T01:20:32","slug":"xv-de-france-hugo-auradou-et-oscar-jegou-selectionnables","status":"publish","type":"post","link":"https:\/\/dicodusport.fr\/blog\/xv-de-france-hugo-auradou-et-oscar-jegou-selectionnables\/","title":{"rendered":"XV de France : Hugo Auradou et Oscar Jegou s\u00e9lectionnables"},"content":{"rendered":"<h4 style=\"text-align: justify;\"><em>XV DE FRANCE &#8211; Florian Grill a annonc\u00e9 qu&rsquo;Oscar Jegou et Hugo Auradou \u00e9taient de nouveau s\u00e9lectionnables en bleu. Les deux joueurs, ont b\u00e9n\u00e9fici\u00e9 d&rsquo;un non-lieu, dans l&rsquo;affaire du pr\u00e9sum\u00e9 viol aggrav\u00e9 en Argentine, dans laquelle ils \u00e9taient impliqu\u00e9s depuis le mois de juillet dernier. Une d\u00e9cision qui risque bien de faire parler.<\/em><\/h4>\n<p style=\"text-align: justify;\"><strong>Oscar Jegou<\/strong> et <strong>Hugo Auradou<\/strong> \u00e0 nouveau sous le maillot du <a href=\"https:\/\/dicodusport.fr\/blog\/actualites\/rugby\/rugby-a-xv\/xv-de-france\/\"><strong>XV de France<\/strong><\/a> ? Ce sera une possibilit\u00e9 d\u00e9sormais. Les deux rugbymen, mis en cause dans une affaire du pr\u00e9sum\u00e9 viol aggrav\u00e9 l&rsquo;\u00e9t\u00e9 dernier en Argentine, lors de la tourn\u00e9e estivale des Bleus, sont s\u00e9lectionnables. C&rsquo;est ce que vient de d\u00e9clarer le pr\u00e9sident de la FFR, <strong>Florian Grill<\/strong>, chez nos confr\u00e8res de <a href=\"https:\/\/rmcsport.bfmtv.com\/rugby\/xv-de-france\/affaire-jegou-auradou-les-deux-joueurs-sont-selectionnables-avec-le-xv-de-france-confirme-le-president-de-la-federation_AV-202412120487.html\"><em>RMC Sport<\/em><\/a>. Pour rappel, les deux jeunes joueurs viennent de b\u00e9n\u00e9ficier d&rsquo;un non-lieu, apr\u00e8s des semaines de proc\u00e9dure. Alors que la question se posait sur un \u00e9ventuel retour du Rochelais et du Palois, le pr\u00e9sident de la FFR a tranch\u00e9 en faveur des deux joueurs. Qui vont pouvoir regagner leur place, s&rsquo;ils montrent leur niveau sur le terrain.<\/p>\n<p style=\"text-align: justify;\">C&rsquo;est un choix qui risque de diviser encore une fois un monde du rugby qui fait face \u00e0 des affaires de violence. Un choix qui peut interpeller dans la mesure o\u00f9 le non-lieu, contrairement \u00e0 l&rsquo;acquittement, ne garantit pas la totale innocence des mis en cause. Le viol n&rsquo;a pas pu \u00eatre prouv\u00e9 par la plaignante et les juges ont estim\u00e9 que l&rsquo;accusation \u00e9tait trop faible pour condamner les deux joueurs. En cas de nouveaux \u00e9l\u00e9ments, le dossier pourra \u00eatre rouvert. Le <strong>XV de France<\/strong>, qui s&rsquo;est refait une belle image, tant sportive que populaire, apr\u00e8s la belle tourn\u00e9e d&rsquo;automne, n&rsquo;avait peut-\u00eatre pas besoin de cela.<\/p>\n<blockquote class=\"twitter-tweet\">\n<p dir=\"ltr\" lang=\"fr\">\ud83d\udd34\ud83c\uddeb\ud83c\uddf7 EXCLU RMC SPORT : Oscar Jegou et Hugo Auradou sont \u00ab\u00a0s\u00e9lectionnables\u00a0\u00bb avec le XV de France, confirme le pr\u00e9sident de la F\u00e9d\u00e9ration, Florian Grill.<a href=\"https:\/\/t.co\/4gKcbjCwrS\">https:\/\/t.co\/4gKcbjCwrS<\/a> <a href=\"https:\/\/t.co\/lUqNDbDDky\">pic.twitter.com\/lUqNDbDDky<\/a><\/p>\n<p>\u2014 RMC Sport (@RMCsport) <a href=\"https:\/\/twitter.com\/RMCsport\/status\/1867170913197625611?ref_src=twsrc%5Etfw\">December 12, 2024<\/a><\/p><\/blockquote>\n<p><script async src=\"https:\/\/platform.twitter.com\/widgets.js\" charset=\"utf-8\"><\/script><\/p>\n","protected":false},"excerpt":{"rendered":"<p>Hugo Auradou et Oscar Jegou s\u00e9lectionnables<\/p>\n","protected":false},"author":83,"featured_media":539158,"comment_status":"open","ping_status":"closed","sticky":false,"template":"","format":"standard","meta":{"_acf_changed":false,"_daextam_enable_autolinks":"1","footnotes":""},"categories":[9129,19951],"tags":[32415,16878,9937,110,1638],"class_list":["post-539153","post","type-post","status-publish","format-standard","has-post-thumbnail","hentry","category-rugby-a-xv","category-xv-de-france","tag-actu","tag-breve","tag-florian-grill","tag-rugby-a-xv","tag-xv-de-france"],"acf":[],"yoast_head":"<!-- This site is optimized with the Yoast SEO Premium plugin v26.7 (Yoast SEO v26.7) - https:\/\/yoast.com\/wordpress\/plugins\/seo\/ -->\n<title>XV de France : Hugo Auradou et Oscar Jegou s\u00e9lectionnables<\/title>\n<meta name=\"description\" content=\"XV DE FRANCE - Florian Grill a annonc\u00e9 qu&#039;Oscar Jegou et Hugo Auradou \u00e9taient de nouveau s\u00e9lectionnables en bleu.\" \/>\n<meta name=\"robots\" content=\"index, follow, max-snippet:-1, max-image-preview:large, max-video-preview:-1\" \/>\n<link rel=\"canonical\" href=\"https:\/\/dicodusport.fr\/blog\/xv-de-france-hugo-auradou-et-oscar-jegou-selectionnables\/\" \/>\n<meta property=\"og:locale\" content=\"fr_FR\" \/>\n<meta property=\"og:type\" content=\"article\" \/>\n<meta property=\"og:title\" content=\"XV de France : Hugo Auradou et Oscar Jegou s\u00e9lectionnables\" \/>\n<meta property=\"og:description\" content=\"XV DE FRANCE - Florian Grill a annonc\u00e9 qu&#039;Oscar Jegou et Hugo Auradou \u00e9taient de nouveau s\u00e9lectionnables en bleu.\" \/>\n<meta property=\"og:url\" content=\"https:\/\/dicodusport.fr\/blog\/xv-de-france-hugo-auradou-et-oscar-jegou-selectionnables\/\" \/>\n<meta property=\"og:site_name\" content=\"Dicodusport\" \/>\n<meta property=\"article:publisher\" content=\"https:\/\/www.facebook.com\/dicodusport\" \/>\n<meta property=\"article:published_time\" content=\"2024-12-12T12:19:43+00:00\" \/>\n<meta property=\"article:modified_time\" content=\"2024-12-14T01:20:32+00:00\" \/>\n<meta property=\"og:image\" content=\"https:\/\/dicodusport.fr\/blog\/wp-content\/uploads\/2024\/12\/XV-de-France-Hugo-Auradou-et-Oscar-Jegou-selectionnables.png\" \/>\n\t<meta property=\"og:image:width\" content=\"1200\" \/>\n\t<meta property=\"og:image:height\" content=\"674\" \/>\n\t<meta property=\"og:image:type\" content=\"image\/png\" \/>\n<meta name=\"author\" content=\"Etienne Goursaud\" \/>\n<meta name=\"twitter:card\" content=\"summary_large_image\" \/>\n<meta name=\"twitter:title\" content=\"XV de France : Hugo Auradou et Oscar Jegou s\u00e9lectionnables\" \/>\n<meta name=\"twitter:creator\" content=\"@dicodusport\" \/>\n<meta name=\"twitter:site\" content=\"@dicodusport\" \/>\n<script type=\"application\/ld+json\" class=\"yoast-schema-graph\">{\"@context\":\"https:\/\/schema.org\",\"@graph\":[{\"@type\":\"NewsArticle\",\"@id\":\"https:\/\/dicodusport.fr\/blog\/xv-de-france-hugo-auradou-et-oscar-jegou-selectionnables\/#article\",\"isPartOf\":{\"@id\":\"https:\/\/dicodusport.fr\/blog\/xv-de-france-hugo-auradou-et-oscar-jegou-selectionnables\/\"},\"author\":{\"name\":\"Etienne Goursaud\",\"@id\":\"https:\/\/dicodusport.fr\/blog\/#\/schema\/person\/d603dd7da31fb2b46c82b9835a77ec13\"},\"headline\":\"XV de France : Hugo Auradou et Oscar Jegou s\u00e9lectionnables\",\"datePublished\":\"2024-12-12T12:19:43+00:00\",\"dateModified\":\"2024-12-14T01:20:32+00:00\",\"mainEntityOfPage\":{\"@id\":\"https:\/\/dicodusport.fr\/blog\/xv-de-france-hugo-auradou-et-oscar-jegou-selectionnables\/\"},\"wordCount\":361,\"commentCount\":0,\"publisher\":{\"@id\":\"https:\/\/dicodusport.fr\/blog\/#organization\"},\"image\":{\"@id\":\"https:\/\/dicodusport.fr\/blog\/xv-de-france-hugo-auradou-et-oscar-jegou-selectionnables\/#primaryimage\"},\"thumbnailUrl\":\"https:\/\/dicodusport.fr\/blog\/wp-content\/uploads\/2024\/12\/XV-de-France-Hugo-Auradou-et-Oscar-Jegou-selectionnables.png\",\"keywords\":[\"actu\",\"br\u00e8ve\",\"Florian Grill\",\"Rugby \u00e0 XV\",\"XV de France\"],\"articleSection\":[\"Rugby \u00e0 XV\",\"XV de France\"],\"inLanguage\":\"fr-FR\",\"potentialAction\":[{\"@type\":\"CommentAction\",\"name\":\"Comment\",\"target\":[\"https:\/\/dicodusport.fr\/blog\/xv-de-france-hugo-auradou-et-oscar-jegou-selectionnables\/#respond\"]}],\"copyrightYear\":\"2024\",\"copyrightHolder\":{\"@id\":\"https:\/\/dicodusport.fr\/blog\/#organization\"}},{\"@type\":\"WebPage\",\"@id\":\"https:\/\/dicodusport.fr\/blog\/xv-de-france-hugo-auradou-et-oscar-jegou-selectionnables\/\",\"url\":\"https:\/\/dicodusport.fr\/blog\/xv-de-france-hugo-auradou-et-oscar-jegou-selectionnables\/\",\"name\":\"XV de France : Hugo Auradou et Oscar Jegou s\u00e9lectionnables\",\"isPartOf\":{\"@id\":\"https:\/\/dicodusport.fr\/blog\/#website\"},\"primaryImageOfPage\":{\"@id\":\"https:\/\/dicodusport.fr\/blog\/xv-de-france-hugo-auradou-et-oscar-jegou-selectionnables\/#primaryimage\"},\"image\":{\"@id\":\"https:\/\/dicodusport.fr\/blog\/xv-de-france-hugo-auradou-et-oscar-jegou-selectionnables\/#primaryimage\"},\"thumbnailUrl\":\"https:\/\/dicodusport.fr\/blog\/wp-content\/uploads\/2024\/12\/XV-de-France-Hugo-Auradou-et-Oscar-Jegou-selectionnables.png\",\"datePublished\":\"2024-12-12T12:19:43+00:00\",\"dateModified\":\"2024-12-14T01:20:32+00:00\",\"description\":\"XV DE FRANCE - Florian Grill a annonc\u00e9 qu'Oscar Jegou et Hugo Auradou \u00e9taient de nouveau s\u00e9lectionnables en bleu.\",\"breadcrumb\":{\"@id\":\"https:\/\/dicodusport.fr\/blog\/xv-de-france-hugo-auradou-et-oscar-jegou-selectionnables\/#breadcrumb\"},\"inLanguage\":\"fr-FR\",\"potentialAction\":[{\"@type\":\"ReadAction\",\"target\":[\"https:\/\/dicodusport.fr\/blog\/xv-de-france-hugo-auradou-et-oscar-jegou-selectionnables\/\"]}]},{\"@type\":\"ImageObject\",\"inLanguage\":\"fr-FR\",\"@id\":\"https:\/\/dicodusport.fr\/blog\/xv-de-france-hugo-auradou-et-oscar-jegou-selectionnables\/#primaryimage\",\"url\":\"https:\/\/dicodusport.fr\/blog\/wp-content\/uploads\/2024\/12\/XV-de-France-Hugo-Auradou-et-Oscar-Jegou-selectionnables.png\",\"contentUrl\":\"https:\/\/dicodusport.fr\/blog\/wp-content\/uploads\/2024\/12\/XV-de-France-Hugo-Auradou-et-Oscar-Jegou-selectionnables.png\",\"width\":1200,\"height\":674,\"caption\":\"XV de France Hugo Auradou et Oscar Jegou s\u00e9lectionnables\"},{\"@type\":\"BreadcrumbList\",\"@id\":\"https:\/\/dicodusport.fr\/blog\/xv-de-france-hugo-auradou-et-oscar-jegou-selectionnables\/#breadcrumb\",\"itemListElement\":[{\"@type\":\"ListItem\",\"position\":1,\"name\":\"Accueil\",\"item\":\"https:\/\/dicodusport.fr\/blog\/\"},{\"@type\":\"ListItem\",\"position\":2,\"name\":\"XV de France : Hugo Auradou et Oscar Jegou s\u00e9lectionnables\"}]},{\"@type\":\"WebSite\",\"@id\":\"https:\/\/dicodusport.fr\/blog\/#website\",\"url\":\"https:\/\/dicodusport.fr\/blog\/\",\"name\":\"Dicodusport\",\"description\":\"L&#039;encyclop\u00e9die de l&#039;actualit\u00e9 sportive\",\"publisher\":{\"@id\":\"https:\/\/dicodusport.fr\/blog\/#organization\"},\"potentialAction\":[{\"@type\":\"SearchAction\",\"target\":{\"@type\":\"EntryPoint\",\"urlTemplate\":\"https:\/\/dicodusport.fr\/blog\/?s={search_term_string}\"},\"query-input\":{\"@type\":\"PropertyValueSpecification\",\"valueRequired\":true,\"valueName\":\"search_term_string\"}}],\"inLanguage\":\"fr-FR\"},{\"@type\":\"NewsMediaOrganization\",\"@id\":\"https:\/\/dicodusport.fr\/blog\/#organization\",\"name\":\"Dicodusport\",\"url\":\"https:\/\/dicodusport.fr\/blog\/\",\"logo\":{\"@type\":\"ImageObject\",\"inLanguage\":\"fr-FR\",\"@id\":\"https:\/\/dicodusport.fr\/blog\/#\/schema\/logo\/image\/\",\"url\":\"https:\/\/dicodusport.fr\/blog\/wp-content\/uploads\/2020\/06\/cropped-LOGO-DICODUSPORT-2020-SANS-FOND-SANS-TEXTE.png\",\"contentUrl\":\"https:\/\/dicodusport.fr\/blog\/wp-content\/uploads\/2020\/06\/cropped-LOGO-DICODUSPORT-2020-SANS-FOND-SANS-TEXTE.png\",\"width\":512,\"height\":512,\"caption\":\"Dicodusport\"},\"image\":{\"@id\":\"https:\/\/dicodusport.fr\/blog\/#\/schema\/logo\/image\/\"},\"sameAs\":[\"https:\/\/www.facebook.com\/dicodusport\",\"https:\/\/x.com\/dicodusport\",\"https:\/\/www.instagram.com\/dicodusport\/\",\"https:\/\/www.youtube.com\/channel\/UC7V2KZ5sd3htJivAbA4ZG3w\"],\"description\":\"Dicodusport est l'encyclop\u00e9die de l'actualit\u00e9 sportive.\",\"email\":\"bonjour@dicodusport.fr\",\"legalName\":\"DICODUSPORT\",\"foundingDate\":\"2018-01-14\",\"vatID\":\"FR71834470973\",\"taxID\":\"83447097300043\",\"numberOfEmployees\":{\"@type\":\"QuantitativeValue\",\"minValue\":\"1\",\"maxValue\":\"10\"}},{\"@type\":\"Person\",\"@id\":\"https:\/\/dicodusport.fr\/blog\/#\/schema\/person\/d603dd7da31fb2b46c82b9835a77ec13\",\"name\":\"Etienne Goursaud\",\"image\":{\"@type\":\"ImageObject\",\"inLanguage\":\"fr-FR\",\"@id\":\"https:\/\/dicodusport.fr\/blog\/#\/schema\/person\/image\/\",\"url\":\"https:\/\/dicodusport.fr\/blog\/wp-content\/uploads\/2023\/12\/410122264_10231602061736049_5565839791558026645_n-150x150.jpg\",\"contentUrl\":\"https:\/\/dicodusport.fr\/blog\/wp-content\/uploads\/2023\/12\/410122264_10231602061736049_5565839791558026645_n-150x150.jpg\",\"caption\":\"Etienne Goursaud\"},\"description\":\"Journaliste et amoureux de sport. Ancien footballeur reconverti athl\u00e8te quand ses muscles le laissent tranquille. \u00c9lev\u00e9 \u00e0 la sauce des exploits de Thomas Voeckler en 2004, du dernier essai de l\u00e9gende de Eunice Barber \u00e0 la longueur lors des championnats du monde d'athl\u00e9tisme de 2003 mais aussi Zidane, Omeyer et Titou Lamaison.\",\"url\":\"https:\/\/dicodusport.fr\/blog\/author\/etienne-goursaud\/\"}]}<\/script>\n<!-- \/ Yoast SEO Premium plugin. -->","yoast_head_json":{"title":"XV de France : Hugo Auradou et Oscar Jegou s\u00e9lectionnables","description":"XV DE FRANCE - Florian Grill a annonc\u00e9 qu'Oscar Jegou et Hugo Auradou \u00e9taient de nouveau s\u00e9lectionnables en bleu.","robots":{"index":"index","follow":"follow","max-snippet":"max-snippet:-1","max-image-preview":"max-image-preview:large","max-video-preview":"max-video-preview:-1"},"canonical":"https:\/\/dicodusport.fr\/blog\/xv-de-france-hugo-auradou-et-oscar-jegou-selectionnables\/","og_locale":"fr_FR","og_type":"article","og_title":"XV de France : Hugo Auradou et Oscar Jegou s\u00e9lectionnables","og_description":"XV DE FRANCE - Florian Grill a annonc\u00e9 qu'Oscar Jegou et Hugo Auradou \u00e9taient de nouveau s\u00e9lectionnables en bleu.","og_url":"https:\/\/dicodusport.fr\/blog\/xv-de-france-hugo-auradou-et-oscar-jegou-selectionnables\/","og_site_name":"Dicodusport","article_publisher":"https:\/\/www.facebook.com\/dicodusport","article_published_time":"2024-12-12T12:19:43+00:00","article_modified_time":"2024-12-14T01:20:32+00:00","og_image":[{"width":1200,"height":674,"url":"https:\/\/dicodusport.fr\/blog\/wp-content\/uploads\/2024\/12\/XV-de-France-Hugo-Auradou-et-Oscar-Jegou-selectionnables.png","type":"image\/png"}],"author":"Etienne Goursaud","twitter_card":"summary_large_image","twitter_title":"XV de France : Hugo Auradou et Oscar Jegou s\u00e9lectionnables","twitter_creator":"@dicodusport","twitter_site":"@dicodusport","schema":{"@context":"https:\/\/schema.org","@graph":[{"@type":"NewsArticle","@id":"https:\/\/dicodusport.fr\/blog\/xv-de-france-hugo-auradou-et-oscar-jegou-selectionnables\/#article","isPartOf":{"@id":"https:\/\/dicodusport.fr\/blog\/xv-de-france-hugo-auradou-et-oscar-jegou-selectionnables\/"},"author":{"name":"Etienne Goursaud","@id":"https:\/\/dicodusport.fr\/blog\/#\/schema\/person\/d603dd7da31fb2b46c82b9835a77ec13"},"headline":"XV de France : Hugo Auradou et Oscar Jegou s\u00e9lectionnables","datePublished":"2024-12-12T12:19:43+00:00","dateModified":"2024-12-14T01:20:32+00:00","mainEntityOfPage":{"@id":"https:\/\/dicodusport.fr\/blog\/xv-de-france-hugo-auradou-et-oscar-jegou-selectionnables\/"},"wordCount":361,"commentCount":0,"publisher":{"@id":"https:\/\/dicodusport.fr\/blog\/#organization"},"image":{"@id":"https:\/\/dicodusport.fr\/blog\/xv-de-france-hugo-auradou-et-oscar-jegou-selectionnables\/#primaryimage"},"thumbnailUrl":"https:\/\/dicodusport.fr\/blog\/wp-content\/uploads\/2024\/12\/XV-de-France-Hugo-Auradou-et-Oscar-Jegou-selectionnables.png","keywords":["actu","br\u00e8ve","Florian Grill","Rugby \u00e0 XV","XV de France"],"articleSection":["Rugby \u00e0 XV","XV de France"],"inLanguage":"fr-FR","potentialAction":[{"@type":"CommentAction","name":"Comment","target":["https:\/\/dicodusport.fr\/blog\/xv-de-france-hugo-auradou-et-oscar-jegou-selectionnables\/#respond"]}],"copyrightYear":"2024","copyrightHolder":{"@id":"https:\/\/dicodusport.fr\/blog\/#organization"}},{"@type":"WebPage","@id":"https:\/\/dicodusport.fr\/blog\/xv-de-france-hugo-auradou-et-oscar-jegou-selectionnables\/","url":"https:\/\/dicodusport.fr\/blog\/xv-de-france-hugo-auradou-et-oscar-jegou-selectionnables\/","name":"XV de France : Hugo Auradou et Oscar Jegou s\u00e9lectionnables","isPartOf":{"@id":"https:\/\/dicodusport.fr\/blog\/#website"},"primaryImageOfPage":{"@id":"https:\/\/dicodusport.fr\/blog\/xv-de-france-hugo-auradou-et-oscar-jegou-selectionnables\/#primaryimage"},"image":{"@id":"https:\/\/dicodusport.fr\/blog\/xv-de-france-hugo-auradou-et-oscar-jegou-selectionnables\/#primaryimage"},"thumbnailUrl":"https:\/\/dicodusport.fr\/blog\/wp-content\/uploads\/2024\/12\/XV-de-France-Hugo-Auradou-et-Oscar-Jegou-selectionnables.png","datePublished":"2024-12-12T12:19:43+00:00","dateModified":"2024-12-14T01:20:32+00:00","description":"XV DE FRANCE - Florian Grill a annonc\u00e9 qu'Oscar Jegou et Hugo Auradou \u00e9taient de nouveau s\u00e9lectionnables en bleu.","breadcrumb":{"@id":"https:\/\/dicodusport.fr\/blog\/xv-de-france-hugo-auradou-et-oscar-jegou-selectionnables\/#breadcrumb"},"inLanguage":"fr-FR","potentialAction":[{"@type":"ReadAction","target":["https:\/\/dicodusport.fr\/blog\/xv-de-france-hugo-auradou-et-oscar-jegou-selectionnables\/"]}]},{"@type":"ImageObject","inLanguage":"fr-FR","@id":"https:\/\/dicodusport.fr\/blog\/xv-de-france-hugo-auradou-et-oscar-jegou-selectionnables\/#primaryimage","url":"https:\/\/dicodusport.fr\/blog\/wp-content\/uploads\/2024\/12\/XV-de-France-Hugo-Auradou-et-Oscar-Jegou-selectionnables.png","contentUrl":"https:\/\/dicodusport.fr\/blog\/wp-content\/uploads\/2024\/12\/XV-de-France-Hugo-Auradou-et-Oscar-Jegou-selectionnables.png","width":1200,"height":674,"caption":"XV de France Hugo Auradou et Oscar Jegou s\u00e9lectionnables"},{"@type":"BreadcrumbList","@id":"https:\/\/dicodusport.fr\/blog\/xv-de-france-hugo-auradou-et-oscar-jegou-selectionnables\/#breadcrumb","itemListElement":[{"@type":"ListItem","position":1,"name":"Accueil","item":"https:\/\/dicodusport.fr\/blog\/"},{"@type":"ListItem","position":2,"name":"XV de France : Hugo Auradou et Oscar Jegou s\u00e9lectionnables"}]},{"@type":"WebSite","@id":"https:\/\/dicodusport.fr\/blog\/#website","url":"https:\/\/dicodusport.fr\/blog\/","name":"Dicodusport","description":"L&#039;encyclop\u00e9die de l&#039;actualit\u00e9 sportive","publisher":{"@id":"https:\/\/dicodusport.fr\/blog\/#organization"},"potentialAction":[{"@type":"SearchAction","target":{"@type":"EntryPoint","urlTemplate":"https:\/\/dicodusport.fr\/blog\/?s={search_term_string}"},"query-input":{"@type":"PropertyValueSpecification","valueRequired":true,"valueName":"search_term_string"}}],"inLanguage":"fr-FR"},{"@type":"NewsMediaOrganization","@id":"https:\/\/dicodusport.fr\/blog\/#organization","name":"Dicodusport","url":"https:\/\/dicodusport.fr\/blog\/","logo":{"@type":"ImageObject","inLanguage":"fr-FR","@id":"https:\/\/dicodusport.fr\/blog\/#\/schema\/logo\/image\/","url":"https:\/\/dicodusport.fr\/blog\/wp-content\/uploads\/2020\/06\/cropped-LOGO-DICODUSPORT-2020-SANS-FOND-SANS-TEXTE.png","contentUrl":"https:\/\/dicodusport.fr\/blog\/wp-content\/uploads\/2020\/06\/cropped-LOGO-DICODUSPORT-2020-SANS-FOND-SANS-TEXTE.png","width":512,"height":512,"caption":"Dicodusport"},"image":{"@id":"https:\/\/dicodusport.fr\/blog\/#\/schema\/logo\/image\/"},"sameAs":["https:\/\/www.facebook.com\/dicodusport","https:\/\/x.com\/dicodusport","https:\/\/www.instagram.com\/dicodusport\/","https:\/\/www.youtube.com\/channel\/UC7V2KZ5sd3htJivAbA4ZG3w"],"description":"Dicodusport est l'encyclop\u00e9die de l'actualit\u00e9 sportive.","email":"bonjour@dicodusport.fr","legalName":"DICODUSPORT","foundingDate":"2018-01-14","vatID":"FR71834470973","taxID":"83447097300043","numberOfEmployees":{"@type":"QuantitativeValue","minValue":"1","maxValue":"10"}},{"@type":"Person","@id":"https:\/\/dicodusport.fr\/blog\/#\/schema\/person\/d603dd7da31fb2b46c82b9835a77ec13","name":"Etienne Goursaud","image":{"@type":"ImageObject","inLanguage":"fr-FR","@id":"https:\/\/dicodusport.fr\/blog\/#\/schema\/person\/image\/","url":"https:\/\/dicodusport.fr\/blog\/wp-content\/uploads\/2023\/12\/410122264_10231602061736049_5565839791558026645_n-150x150.jpg","contentUrl":"https:\/\/dicodusport.fr\/blog\/wp-content\/uploads\/2023\/12\/410122264_10231602061736049_5565839791558026645_n-150x150.jpg","caption":"Etienne Goursaud"},"description":"Journaliste et amoureux de sport. Ancien footballeur reconverti athl\u00e8te quand ses muscles le laissent tranquille. \u00c9lev\u00e9 \u00e0 la sauce des exploits de Thomas Voeckler en 2004, du dernier essai de l\u00e9gende de Eunice Barber \u00e0 la longueur lors des championnats du monde d'athl\u00e9tisme de 2003 mais aussi Zidane, Omeyer et Titou Lamaison.","url":"https:\/\/dicodusport.fr\/blog\/author\/etienne-goursaud\/"}]}},"_links":{"self":[{"href":"https:\/\/dicodusport.fr\/blog\/wp-json\/wp\/v2\/posts\/539153","targetHints":{"allow":["GET"]}}],"collection":[{"href":"https:\/\/dicodusport.fr\/blog\/wp-json\/wp\/v2\/posts"}],"about":[{"href":"https:\/\/dicodusport.fr\/blog\/wp-json\/wp\/v2\/types\/post"}],"author":[{"embeddable":true,"href":"https:\/\/dicodusport.fr\/blog\/wp-json\/wp\/v2\/users\/83"}],"replies":[{"embeddable":true,"href":"https:\/\/dicodusport.fr\/blog\/wp-json\/wp\/v2\/comments?post=539153"}],"version-history":[{"count":4,"href":"https:\/\/dicodusport.fr\/blog\/wp-json\/wp\/v2\/posts\/539153\/revisions"}],"predecessor-version":[{"id":539632,"href":"https:\/\/dicodusport.fr\/blog\/wp-json\/wp\/v2\/posts\/539153\/revisions\/539632"}],"wp:featuredmedia":[{"embeddable":true,"href":"https:\/\/dicodusport.fr\/blog\/wp-json\/wp\/v2\/media\/539158"}],"wp:attachment":[{"href":"https:\/\/dicodusport.fr\/blog\/wp-json\/wp\/v2\/media?parent=539153"}],"wp:term":[{"taxonomy":"category","embeddable":true,"href":"https:\/\/dicodusport.fr\/blog\/wp-json\/wp\/v2\/categories?post=539153"},{"taxonomy":"post_tag","embeddable":true,"href":"https:\/\/dicodusport.fr\/blog\/wp-json\/wp\/v2\/tags?post=539153"}],"curies":[{"name":"wp","href":"https:\/\/api.w.org\/{rel}","templated":true}]}}